{"id":342786,"date":"2023-07-04T18:06:22","date_gmt":"2023-07-04T16:06:22","guid":{"rendered":"https:\/\/www.radiopiu.net\/wordpress\/?p=342786"},"modified":"2023-07-04T18:06:22","modified_gmt":"2023-07-04T16:06:22","slug":"soccorso-escursionista-in-difficolta-6","status":"publish","type":"post","link":"https:\/\/www.radiopiu.net\/wordpress\/soccorso-escursionista-in-difficolta-6\/","title":{"rendered":"SOCCORSO ESCURSIONISTA IN DIFFICOLT\u00c0\u00a0"},"content":{"rendered":"<p><strong>VALLADA<\/strong> Attorno alle 13 una squadra del Soccorso alpino della Val Biois \u00e8 stata inviata incontro a un escursionista in difficolt\u00e0 al rientro da Baita Pianezze. Il 79enne di Preganziol (TV) aveva gi\u00e0 contattato il 118 ieri, poich\u00e9 aveva problemi a una caviglia, salvo poi richiamare dicendo che avrebbe passato la notte nella Baita, come il giorno precedente. Oggi l&#8217;uomo \u00e8 stato raggiunto dalla figlia che gli ha portato un tutore e ha iniziato la discesa in autonomia, ma poi si \u00e8 dovuto fermare per il dolore. I soccorritori lo hanno quindi incrociato in jeep su una strada forestale e lo hanno accompagnato al parcheggio, da dove si \u00e8 allontanato con la propria macchina.<\/p>\n<p>&nbsp;<\/p>\n<p>&nbsp;<\/p>\n<hr \/>\n<p>&nbsp;<\/p>\n","protected":false},"excerpt":{"rendered":"<p>VALLADA Attorno alle 13 una squadra del Soccorso alpino della Val Biois \u00e8 stata inviata incontro a un escursionista in difficolt\u00e0 al rientro da Baita Pianezze. Il 79enne di Preganziol (TV) aveva gi\u00e0 contattato il 118 ieri, poich\u00e9 aveva problemi a una caviglia, salvo poi richiamare dicendo che avrebbe passato la notte nella Baita, come&hellip;<\/p>\n","protected":false},"author":4,"featured_media":292928,"comment_status":"closed","ping_status":"closed","sticky":false,"template":"","format":"standard","meta":{"_monsterinsights_skip_tracking":false,"_monsterinsights_sitenote_active":false,"_monsterinsights_sitenote_note":"","_monsterinsights_sitenote_category":0,"footnotes":""},"categories":[51,49],"tags":[],"class_list":["post-342786","post","type-post","status-publish","format-standard","has-post-thumbnail","hentry","category-evidenza-top","category-news-18","category-51","category-49","description-off"],"img_url":"https:\/\/www.radiopiu.net\/wordpress\/wp-content\/uploads\/2022\/08\/salt_20220815_165013_303.jpg","_links":{"self":[{"href":"https:\/\/www.radiopiu.net\/wordpress\/wp-json\/wp\/v2\/posts\/342786","targetHints":{"allow":["GET"]}}],"collection":[{"href":"https:\/\/www.radiopiu.net\/wordpress\/wp-json\/wp\/v2\/posts"}],"about":[{"href":"https:\/\/www.radiopiu.net\/wordpress\/wp-json\/wp\/v2\/types\/post"}],"author":[{"embeddable":true,"href":"https:\/\/www.radiopiu.net\/wordpress\/wp-json\/wp\/v2\/users\/4"}],"replies":[{"embeddable":true,"href":"https:\/\/www.radiopiu.net\/wordpress\/wp-json\/wp\/v2\/comments?post=342786"}],"version-history":[{"count":0,"href":"https:\/\/www.radiopiu.net\/wordpress\/wp-json\/wp\/v2\/posts\/342786\/revisions"}],"wp:featuredmedia":[{"embeddable":true,"href":"https:\/\/www.radiopiu.net\/wordpress\/wp-json\/wp\/v2\/media\/292928"}],"wp:attachment":[{"href":"https:\/\/www.radiopiu.net\/wordpress\/wp-json\/wp\/v2\/media?parent=342786"}],"wp:term":[{"taxonomy":"category","embeddable":true,"href":"https:\/\/www.radiopiu.net\/wordpress\/wp-json\/wp\/v2\/categories?post=342786"},{"taxonomy":"post_tag","embeddable":true,"href":"https:\/\/www.radiopiu.net\/wordpress\/wp-json\/wp\/v2\/tags?post=342786"}],"curies":[{"name":"wp","href":"https:\/\/api.w.org\/{rel}","templated":true}]}}