{"id":342838,"date":"2023-07-06T05:34:45","date_gmt":"2023-07-06T03:34:45","guid":{"rendered":"https:\/\/www.radiopiu.net\/wordpress\/?p=342838"},"modified":"2023-07-06T05:34:55","modified_gmt":"2023-07-06T03:34:55","slug":"giornale-radiopiu-06-luglio-2023-direttore-mirko-mezzacasaverso-i-40-anni-25-giugno-1983-25-giugno-2023","status":"publish","type":"post","link":"https:\/\/www.radiopiu.net\/wordpress\/giornale-radiopiu-06-luglio-2023-direttore-mirko-mezzacasaverso-i-40-anni-25-giugno-1983-25-giugno-2023\/","title":{"rendered":"GIORNALE RADIOPIU 06 LUGLIO 2023 DIRETTORE MIRKO MEZZACASA\u2026VERSO I 40 ANNI 25 GIUGNO 1983-25 GIUGNO 2023"},"content":{"rendered":"<h2 style=\"text-align: left;\"><span style=\"color: #ff0000;\"><span style=\"vertical-align: inherit;\"><a class=\"dt-pswp-item\" href=\"https:\/\/www.radiopiu.net\/wordpress\/wp-content\/uploads\/2023\/04\/e0aad41d-951e-47b9-9fae-1a879a9bcb7e-1.jpg\" data-dt-img-description=\"\" data-large_image_width=\"1200\" data-large_image_height=\"1200\"><img loading=\"lazy\" decoding=\"async\" class=\"wp-image-333205 alignleft\" src=\"https:\/\/www.radiopiu.net\/wordpress\/wp-content\/uploads\/2023\/04\/e0aad41d-951e-47b9-9fae-1a879a9bcb7e-1-300x300.jpg\" alt=\"\" width=\"110\" height=\"110\" srcset=\"https:\/\/www.radiopiu.net\/wordpress\/wp-content\/uploads\/2023\/04\/e0aad41d-951e-47b9-9fae-1a879a9bcb7e-1-300x300.jpg 300w, https:\/\/www.radiopiu.net\/wordpress\/wp-content\/uploads\/2023\/04\/e0aad41d-951e-47b9-9fae-1a879a9bcb7e-1-1024x1024.jpg 1024w, https:\/\/www.radiopiu.net\/wordpress\/wp-content\/uploads\/2023\/04\/e0aad41d-951e-47b9-9fae-1a879a9bcb7e-1-150x150.jpg 150w, https:\/\/www.radiopiu.net\/wordpress\/wp-content\/uploads\/2023\/04\/e0aad41d-951e-47b9-9fae-1a879a9bcb7e-1-768x768.jpg 768w, https:\/\/www.radiopiu.net\/wordpress\/wp-content\/uploads\/2023\/04\/e0aad41d-951e-47b9-9fae-1a879a9bcb7e-1.jpg 1200w\" sizes=\"auto, (max-width: 110px) 100vw, 110px\" \/><\/a><\/span><\/span><\/h2>\n<h1 class=\"entry-title\">40esimo di RADIOPIU\u2026. LA VOCE DELL\u2019EMOZIONE<\/h1>\n<h2><span style=\"color: #ff0000;\">ISCRIVITI AL NOSTRO CANALE\u00a0\u00a0YOUTUBE PER SEGUIRE IN DIRETTA I PRINCIPALI PROGRAMMI DI RADIO PIU\u2019 E LE FUTURE DIRETTE IN ESTERNA. PER ISCRIVERTI\u00a0<a style=\"color: #ff0000;\" href=\"https:\/\/youtube.com\/@radiopiu1527\">CLICCA QUI\u00a0<\/a>E PREMI\u00a0 \u201cIscriviti\u201d\u00a0<\/span><\/h2>\n<p><strong>TEMPORALE A TAIBON, di Luisa Bulf\u00a0<\/strong><br \/>\n<a class=\"dt-pswp-item\" href=\"https:\/\/www.radiopiu.net\/wordpress\/wp-content\/uploads\/2023\/07\/LUISA-TAIBON.png\" data-dt-img-description=\"\" data-large_image_width=\"424\" data-large_image_height=\"360\"><img loading=\"lazy\" decoding=\"async\" class=\"alignnone size-medium wp-image-342948\" src=\"https:\/\/www.radiopiu.net\/wordpress\/wp-content\/uploads\/2023\/07\/LUISA-TAIBON-300x255.png\" alt=\"\" width=\"300\" height=\"255\" srcset=\"https:\/\/www.radiopiu.net\/wordpress\/wp-content\/uploads\/2023\/07\/LUISA-TAIBON-300x255.png 300w, https:\/\/www.radiopiu.net\/wordpress\/wp-content\/uploads\/2023\/07\/LUISA-TAIBON.png 424w\" sizes=\"auto, (max-width: 300px) 100vw, 300px\" \/><\/a><\/p>\n<p>&nbsp;<\/p>\n<hr \/>\n<blockquote><p><strong><em>\u00a0<\/em><\/strong><\/p>\n<p><strong><em><a class=\"dt-pswp-item\" href=\"https:\/\/www.radiopiu.net\/wordpress\/wp-content\/uploads\/2023\/07\/th-4.jpg\" data-dt-img-description=\"\" data-large_image_width=\"180\" data-large_image_height=\"180\"><img loading=\"lazy\" decoding=\"async\" class=\" wp-image-342955 alignleft\" src=\"https:\/\/www.radiopiu.net\/wordpress\/wp-content\/uploads\/2023\/07\/th-4.jpg\" alt=\"\" width=\"91\" height=\"91\" srcset=\"https:\/\/www.radiopiu.net\/wordpress\/wp-content\/uploads\/2023\/07\/th-4.jpg 180w, https:\/\/www.radiopiu.net\/wordpress\/wp-content\/uploads\/2023\/07\/th-4-150x150.jpg 150w\" sizes=\"auto, (max-width: 91px) 100vw, 91px\" \/><\/a>DA OGGI ALLA RADIO&#8230;ALLE 10,30 E ALLE 19\u00a0 IL NUOVO PROGRAMMA CON IL CONSORZIO PROLOCO DELL&#8217;AGORDINO, PER TUTTA L&#8217;ESTATE EVENTI E PROTAGONISTI DEL VOLONTARIATO LOCALE. PRIMA PUNTATA CON PATRIZIO DE VENTURA\u00a0<\/em><\/strong><\/p><\/blockquote>\n<p><strong>LA SIGLA<\/strong><\/p>\n<audio class=\"wp-audio-shortcode\" id=\"audio-342838-1\" preload=\"none\" style=\"width: 100%;\" controls=\"controls\"><source type=\"audio\/mpeg\" src=\"https:\/\/www.radiopiu.net\/wordpress\/wp-content\/uploads\/2023\/07\/unpli-musica.mp3?_=1\" \/><a href=\"https:\/\/www.radiopiu.net\/wordpress\/wp-content\/uploads\/2023\/07\/unpli-musica.mp3\">https:\/\/www.radiopiu.net\/wordpress\/wp-content\/uploads\/2023\/07\/unpli-musica.mp3<\/a><\/audio>\n<p>&nbsp;<\/p>\n<p>&nbsp;<\/p>\n<p>&nbsp;<\/p>\n<hr \/>\n<p>&nbsp;<\/p>\n<blockquote>\n<h2>STRADA PER IL DURAN, DEVIAZIONI IN LOCO<\/h2>\n<\/blockquote>\n<p><strong>SP347 DEL DURAN E CEREDA:<\/strong> localit\u00e0 Lantrago La Valle. <span style=\"color: #ff0000;\">Fino\u00a0al 13 luglio<\/span> chiusura totale al traffico della strada per il Passo Duran per lavori di allargamento del Ponte Lantrago e sistemazione della carreggiata. percorso alternativo consigliato: CROSTOLIN-GAIDON\u00a0 strada comunale interdetta al transito dei veicoli con larghezza superiore ai 2 metri e 40 centimetri.<\/p>\n<p>&nbsp;<\/p>\n<p>&nbsp;<\/p>\n<hr \/>\n<p>&nbsp;<\/p>\n<blockquote>\n<h3>SAVINER-DIGONERA<\/h3>\n<\/blockquote>\n<p><strong>ROCCA PIETORE<\/strong> Fino al 28 luglio la strada di Digonera sar\u00e0 di nuovo interdetta al traffico dalle 8 del luned\u00ec alle 18 di venerd\u00ec e nel fine settimana istituzione di un senso unico alternato regolato da semaforo e limite di velocit\u00e0 a 30 km\/h.<\/p>\n<p>&nbsp;<\/p>\n<hr \/>\n<p>&nbsp;<\/p>\n<blockquote>\n<h3>FINO AL 18 AGOSTO APRE LA BRETELLA AL CAVALCAVIA DI PONT<\/h3>\n<\/blockquote>\n<div id=\"articleContent\" class=\"mercuryWrapper\">\n<div class=\"mercuryScroller\">\n<div class=\"mercuryElement\">\n<div class=\"mercuryBox\">\n<div id=\"articlePlain\">\n<div class=\"articlePlainSubHead\"><strong>FELTRE<\/strong> Chi viaggia da Feltre in direzione Busche \u2013 Belluno trova il cavalcavia aperto a senso unico, chi procede in senso contrario trova aperta la bretella appositamente realizzata e ricavata sfruttando il vecchio tracciato della strada. Non ci sono limitazioni per i tipi di autoveicoli.\u00a0 Per Santa Giustina non esiste ancora una data certa di inizio lavori, e dunque di deviazioni al traffico, che sar\u00e0 dirottato sulla viabilit\u00e0 interna<\/div>\n<div><\/div>\n<\/div>\n<\/div>\n<\/div>\n<\/div>\n<\/div>\n<hr \/>\n<p>&nbsp;<\/p>\n<blockquote>\n<h3>METEO. TEMPO INSTABILE CON ROVESCI E TEMPORALI SPARSI SULLE DOLOMITI<\/h3>\n<\/blockquote>\n<p><strong><em><img loading=\"lazy\" decoding=\"async\" class=\"alignleft\" src=\"https:\/\/www.radiopiu.net\/wordpress\/wp-content\/uploads\/2018\/08\/instabilita.jpg\" width=\"207\" height=\"124\" \/>VENEZIA\u00a0<\/em><\/strong>Il Centro Funzionale Decentrato della Protezione Civile della Regione del Veneto ha emesso un avviso in cui dichiara condizioni di instabilit\u00e0. Sono previste delle fasi con rovesci e temporali sparsi, sia sulle zone montane che in pianura; saranno possibili locali fenomeni intensi (forti rovesci, forti raffiche di vento, locali grandinate).Si prevede criticit\u00e0 idrogeologica, stabilendo lo stato di Attenzione (Allerta Gialla) fino alla mezzanotte di venerd\u00ec 7 luglio<\/p>\n<p>&nbsp;<\/p>\n<hr \/>\n<p>&nbsp;<\/p>\n<p>&nbsp;<\/p>\n<div class=\"page-title-head hgroup\">\n<blockquote>\n<h3 class=\"entry-title\">MUORE COLTO DA MALORE TRA IL RIFUGIO CARESTIATO E FORCELLA CAMP<\/h3>\n<p><em><img loading=\"lazy\" decoding=\"async\" class=\"alignleft\" src=\"https:\/\/www.radiopiu.net\/wordpress\/wp-content\/uploads\/2019\/08\/SOCCORSO-ALPINO-2019.jpg\" width=\"193\" height=\"145\" \/>Muore un escursionista trevigiano di Paese. Luigi Sanvido, 77 anni,<\/em><\/p><\/blockquote>\n<\/div>\n<p><strong>AGORDO <\/strong>Pochi minuti prima delle 16 la Centrale del 118 \u00e8 stata attivata per un escursionista colto da malore lungo il sentiero sottostante a quello dell&#8217;Alta Via numero 1, circa a met\u00e0 strada tra il Rifugio Carestiato e Forcella Camp, che stava percorrendo con amici e parenti. In direzione del luogo, \u00e8 stato inviato l&#8217;elicottero del Suem di Pieve di Cadore, mentre i compagni iniziavano a praticare le manovre di rianimazione a Luigi Sanvido, 77 anni, di Paese (TV). Individuato il punto in cui si trovava l&#8217;uomo e sbarcati nelle vicinanze con un verricello, equipe medica e tecnico di elisoccorso sono subentrati ai presenti, continuando nel tentativo di rianimarlo. Purtroppo per\u00f2 non hanno potuto far altro che constatarne il decesso. La salma \u00e8 stata recuperata e trasportata in piazzola ad Agordo, dove attendevano personale del Soccorso alpino, Carabinieri e il carro funebre. Una squadra \u00e8 andata in fuoristrada incontro ai compagni in rientro.<\/p>\n<p>&nbsp;<\/p>\n<p>&nbsp;<\/p>\n<hr \/>\n<p>&nbsp;<\/p>\n<blockquote>\n<h3 class=\"entry-title\">SENZA REVISIONE E CON LA PATENTE SCADUTA<\/h3>\n<\/blockquote>\n<p><strong class=\"photoswipe-wrapper\"><a class=\"dt-pswp-item pspw-wrap-ready\" href=\"https:\/\/www.radiopiu.net\/wordpress\/wp-content\/uploads\/2022\/12\/polizia-locale-belluno.jpg\" data-dt-img-description=\"\" data-large_image_width=\"733\" data-large_image_height=\"436\"><img loading=\"lazy\" decoding=\"async\" class=\" wp-image-311737 alignleft\" src=\"https:\/\/www.radiopiu.net\/wordpress\/wp-content\/uploads\/2022\/12\/polizia-locale-belluno-300x178.jpg\" sizes=\"auto, (max-width: 194px) 100vw, 194px\" srcset=\"https:\/\/www.radiopiu.net\/wordpress\/wp-content\/uploads\/2022\/12\/polizia-locale-belluno-300x178.jpg 300w, https:\/\/www.radiopiu.net\/wordpress\/wp-content\/uploads\/2022\/12\/polizia-locale-belluno.jpg 733w\" alt=\"\" width=\"194\" height=\"115\" \/><\/a>BELLUNO\u00a0<\/strong>Circolava violando tre articoli del Codice della strada: multa, fermo amministrativo del mezzo e ritiro della carta di circolazione per un automobilista fermato nei giorni scorsi dagli agenti della polizia locale di Belluno. La scoperta \u00e8 avvenuta nell\u2019ambito di uno dei consueti controlli stradali; il veicolo \u00e8 risultato essere privo della prescritta revisione e dopo un ulteriore accertamento \u00e8 emerso che il soggetto alla guida stava circolando con il mezzo sospeso dalla circolazione in quanto gi\u00e0 sanzionato nei giorni precedenti da un altro comando di polizia locale. Al conducente era stato concesso l\u2019obbligo di circolare solo per recarsi al rinnovo della revisione, come previsto dall\u2019articolo 80 del Codice della strada. Gli agenti della polizia locale di Belluno hanno quindi sanzionato il trasgressore, ritirato la carta di circolazione e provveduto al fermo amministrativo del veicolo per 90 giorni. L\u2019automobilista \u00e8 risultato non avere con s\u00e9 nemmeno la patente di guida, al momento dell\u2019accertamento, e da successive verifiche tramite la banca dati, il documento \u00e8 risultato essere scaduto. Gli agenti hanno quindi proceduto a contestare le infrazioni con due distinti verbali: uno per la guida senza documenti e l\u2019altro per la guida con patente scaduta.<\/p>\n<p>&nbsp;<\/p>\n<hr \/>\n<p>&nbsp;<\/p>\n<blockquote>\n<h3><a class=\"dt-pswp-item\" href=\"https:\/\/www.radiopiu.net\/wordpress\/wp-content\/uploads\/2023\/07\/Senza-nome-5.png\" data-dt-img-description=\"\" data-large_image_width=\"318\" data-large_image_height=\"213\"><img loading=\"lazy\" decoding=\"async\" class=\"wp-image-342950 alignleft\" src=\"https:\/\/www.radiopiu.net\/wordpress\/wp-content\/uploads\/2023\/07\/Senza-nome-5-300x201.png\" alt=\"\" width=\"178\" height=\"119\" srcset=\"https:\/\/www.radiopiu.net\/wordpress\/wp-content\/uploads\/2023\/07\/Senza-nome-5-300x201.png 300w, https:\/\/www.radiopiu.net\/wordpress\/wp-content\/uploads\/2023\/07\/Senza-nome-5.png 318w\" sizes=\"auto, (max-width: 178px) 100vw, 178px\" \/><\/a>AUTOVELOX IRREGOLARE, SANZIONE ANNULLATA<\/h3>\n<\/blockquote>\n<p><strong>BELLUNO<\/strong> Annullata la multa per 4,2 chilometri orari. Il giudice di pace di Treviso ha accolto il ricorso di Altvelox, annullando la sanzione emessa dal Comune di Riese Pio X ad una societ\u00e0 bellunese, che con un mezzo aziendale, aveva ricevuto la multa di 42 euro. L&#8217;autovelox era stato gi\u00e0 dichiarato privo di omologazione\u00a0 <span style=\"color: #0000ff;\"><strong><a style=\"color: #0000ff;\" href=\"https:\/\/www.altvelox.it\/post\/belluno-quando-gli-autovelox-si-ricordano-per-chiedere-consenso-e-quanto-si-dimenticano-in-fretta\">clicca qui<\/a><\/strong><\/span><\/p>\n<p>&nbsp;<\/p>\n<hr \/>\n<p>&nbsp;<\/p>\n<blockquote>\n<h3>PULLMAN IN DIFFICOLTA&#8217;, INTERVENGONO I POMPIERI VOLONTARI DI CAPRILE<\/h3>\n<\/blockquote>\n<p><strong><a class=\"dt-pswp-item\" href=\"https:\/\/www.radiopiu.net\/wordpress\/wp-content\/uploads\/2023\/07\/pocap.jpg\" data-dt-img-description=\"\" data-large_image_width=\"518\" data-large_image_height=\"308\"><img loading=\"lazy\" decoding=\"async\" class=\" wp-image-342865 alignleft\" src=\"https:\/\/www.radiopiu.net\/wordpress\/wp-content\/uploads\/2023\/07\/pocap-300x178.jpg\" alt=\"\" width=\"184\" height=\"109\" srcset=\"https:\/\/www.radiopiu.net\/wordpress\/wp-content\/uploads\/2023\/07\/pocap-300x178.jpg 300w, https:\/\/www.radiopiu.net\/wordpress\/wp-content\/uploads\/2023\/07\/pocap.jpg 518w\" sizes=\"auto, (max-width: 184px) 100vw, 184px\" \/><\/a> <\/strong><\/p>\n<p><strong>\u00a0<\/strong><\/p>\n<p><strong>ALLEGHE<\/strong> I Vigili del Fuoco volontari di Caprile sono stati attivati dalla sala operativa per un pullman in difficolt\u00e0 nella serata di marted\u00ec. I pompieri sono intervenuti a Caprile per il recupero del mezzo.<\/p>\n<p>&nbsp;<\/p>\n<p>&nbsp;<\/p>\n<hr \/>\n<p>&nbsp;<\/p>\n<blockquote>\n<h3><a class=\"dt-pswp-item\" href=\"https:\/\/www.radiopiu.net\/wordpress\/wp-content\/uploads\/2023\/07\/Senza-nome-4.png\" data-dt-img-description=\"\" data-large_image_width=\"376\" data-large_image_height=\"237\"><img loading=\"lazy\" decoding=\"async\" class=\"size-medium wp-image-342949 alignleft\" src=\"https:\/\/www.radiopiu.net\/wordpress\/wp-content\/uploads\/2023\/07\/Senza-nome-4-300x189.png\" alt=\"\" width=\"300\" height=\"189\" srcset=\"https:\/\/www.radiopiu.net\/wordpress\/wp-content\/uploads\/2023\/07\/Senza-nome-4-300x189.png 300w, https:\/\/www.radiopiu.net\/wordpress\/wp-content\/uploads\/2023\/07\/Senza-nome-4.png 376w\" sizes=\"auto, (max-width: 300px) 100vw, 300px\" \/><\/a>AUTO NEL FOSSO DOPO IL TAMPONAMENTO<\/h3>\n<\/blockquote>\n<p><strong>BELLUNO<\/strong> Ieri pomeriggio in via Tiziano Vecellio,\u00a0 un mezzo pesante ha urtato una Renault Clio,\u00a0 finita nella cunetta all&#8217;incrocio con via Del Vesco. Le due donne a bordo dell&#8217;auto sono rimaste ferite:\u00a0 una 58 enne di Tambre era alla guida ed \u00e8 stata soccorsa in codice 3 per aver riportato alcune fratture, ma non \u00e8 in pericolo di vita; la passeggera,\u00a0 81 anni, di Alpago, se l&#8217;\u00e8 cavata con traumi di media gravit\u00e0. Disagi inevitabili al traffico<\/p>\n<p>foto Corriere Alpi<br \/>\n&nbsp;<\/p>\n<hr \/>\n<p>&nbsp;<\/p>\n<blockquote>\n<h3>CADE LUNGO LA CICLABILE IN UN TRATTO PRIVO DI PROTEZIONI<\/h3>\n<\/blockquote>\n<p><strong>FELTRE\u00a0<\/strong> Protagonista un bimbo\u00a0 sulla pista ciclopedonale che costeggia il torrente Colmeda. Il piccolo \u00e8 ruzzolato gi\u00f9 per la scarpata verso l&#8217;area del supermercato Kanguro in una zona non protetta dalla staccionata di legno. Il piccolo fortunatamente si \u00e8 fermato prima di andare a sbattere contro il muretto. La mancanza di un parapetto \u00e8 stato oggetto della segnalazione presentata alla polizia locale di Feltre dal comitato di cittadini<\/p>\n<h3><\/h3>\n<p>&nbsp;<\/p>\n<hr \/>\n<p>&nbsp;<\/p>\n<blockquote>\n<h3><a class=\"dt-pswp-item\" href=\"https:\/\/www.radiopiu.net\/wordpress\/wp-content\/uploads\/2023\/01\/SAFILO.png\" data-dt-img-description=\"\" data-large_image_width=\"766\" data-large_image_height=\"492\"><img loading=\"lazy\" decoding=\"async\" class=\"wp-image-318963 alignleft\" src=\"https:\/\/www.radiopiu.net\/wordpress\/wp-content\/uploads\/2023\/01\/SAFILO-300x193.png\" alt=\"\" width=\"165\" height=\"106\" srcset=\"https:\/\/www.radiopiu.net\/wordpress\/wp-content\/uploads\/2023\/01\/SAFILO-300x193.png 300w, https:\/\/www.radiopiu.net\/wordpress\/wp-content\/uploads\/2023\/01\/SAFILO.png 766w\" sizes=\"auto, (max-width: 165px) 100vw, 165px\" \/><\/a>FULCHIR A LONGARONE, ASSORBIRA&#8217; I DIPENDENTI DI SAFILO<\/h3>\n<\/blockquote>\n<p><strong>LONGARONE\u00a0<\/strong> Safilo ha comunicato che sulla cessione dello stabilimento ci sarebbe, oltre a quella con Thelios, una trattativa avanzata con l&#8217;imprenditore Carlo Fulchir con I-Vision Tech. Questo intervento, con la potenziale operazione di Thelios Spa gi\u00e0 comunicata, scrive l&#8217;azienda, \u00abconsentirebbe la conservazione del know how del sito e la totale ricollocazione degli attuali 458 lavoratori\u00bb.<\/p>\n<p>&nbsp;<\/p>\n<hr \/>\n<p>&nbsp;<\/p>\n<blockquote>\n<h3>NUOVA SEGGIOVIA \u201cMONTI DI ORNELLA-PADON\u201d IN SOSTITUZIONE DELLA VECCHIA<\/h3>\n<\/blockquote>\n<p><strong><a class=\"dt-pswp-item\" href=\"https:\/\/www.radiopiu.net\/wordpress\/wp-content\/uploads\/2019\/10\/padon3.jpg\" data-dt-img-description=\"\" data-large_image_width=\"2000\" data-large_image_height=\"1333\"><img loading=\"lazy\" decoding=\"async\" class=\" wp-image-101904 alignleft\" src=\"https:\/\/www.radiopiu.net\/wordpress\/wp-content\/uploads\/2019\/10\/padon3-300x200.jpg\" alt=\"\" width=\"182\" height=\"121\" srcset=\"https:\/\/www.radiopiu.net\/wordpress\/wp-content\/uploads\/2019\/10\/padon3-300x200.jpg 300w, https:\/\/www.radiopiu.net\/wordpress\/wp-content\/uploads\/2019\/10\/padon3-768x512.jpg 768w, https:\/\/www.radiopiu.net\/wordpress\/wp-content\/uploads\/2019\/10\/padon3-1024x682.jpg 1024w, https:\/\/www.radiopiu.net\/wordpress\/wp-content\/uploads\/2019\/10\/padon3.jpg 2000w\" sizes=\"auto, (max-width: 182px) 100vw, 182px\" \/><\/a>BELLUNO <\/strong>Pareri favorevoli al progetto della nuova seggiovia \u201cMonti di Ornella-Passo Padon\u201d. Dalla conferenza di servizi svoltasi negli uffici della Provincia \u00e8 arrivato il via libera con alcune prescrizioni. Per l\u2019approvazione finale del progetto \u00e8 ora necessaria la convocazione di una conferenza di servizi conclusiva a seguito del deposito delle integrazioni ed \u00e8 necessario il nulla osta alla realizzazione dell\u2019impianto rilasciato dal Ministero delle infrastrutture e della mobilit\u00e0 sostenibili. Il nuovo progetto \u00e8 stato sottoposto a procedura di verifica di assoggettabilit\u00e0 alla valutazione di impatto ambientale e ha ottenuto il parere di non assoggettamento alla Via. Il progetto \u00e8 stato presentato dalla societ\u00e0 Antercrep srl e di fatto prevede la realizzazione di una nuova seggiovia in sostituzione dell\u2019impianto \u201cPiani alti di Ornella-Passo Padon\u201d, nell\u2019ottica di miglioramento dell\u2019area sciistica Araba-Portavescovo. L\u2019attuale linea funiviaria \u00e8 costituita da una seggiovia biposto ad ammorsamento fisso con una portata oraria di 1.192 passeggeri. Il progetto prevede una seggiovia moderna a sei posti ad ammorsamento automatico con portata oraria di 1.800 persone.<\/p>\n<p>&nbsp;<\/p>\n<p>&nbsp;<\/p>\n<hr \/>\n<p>&nbsp;<\/p>\n<blockquote>\n<h3>DOMANI SCIOPERO DEI METALMECCANICI<\/h3>\n<\/blockquote>\n<p><strong><a class=\"dt-pswp-item\" href=\"https:\/\/www.radiopiu.net\/wordpress\/wp-content\/uploads\/2018\/05\/lavoro.jpg\" data-dt-img-description=\"\" data-large_image_width=\"1280\" data-large_image_height=\"720\"><img loading=\"lazy\" decoding=\"async\" class=\" wp-image-49672 alignleft\" src=\"https:\/\/www.radiopiu.net\/wordpress\/wp-content\/uploads\/2018\/05\/lavoro-300x169.jpg\" alt=\"\" width=\"167\" height=\"94\" srcset=\"https:\/\/www.radiopiu.net\/wordpress\/wp-content\/uploads\/2018\/05\/lavoro-300x169.jpg 300w, https:\/\/www.radiopiu.net\/wordpress\/wp-content\/uploads\/2018\/05\/lavoro-768x432.jpg 768w, https:\/\/www.radiopiu.net\/wordpress\/wp-content\/uploads\/2018\/05\/lavoro-1024x576.jpg 1024w, https:\/\/www.radiopiu.net\/wordpress\/wp-content\/uploads\/2018\/05\/lavoro.jpg 1280w\" sizes=\"auto, (max-width: 167px) 100vw, 167px\" \/><\/a>BELLUNO\u00a0 <\/strong>Quattro ore di sciopero a fine turno per la giornata del 7 luglio e, a partire dalle 15, presidio davanti alla Prefettura di Belluno. Alla proclamazione della mobilitazione dei lavoratori e delle lavoratrici annunciata dalle sigle nazionali dei metalmeccanici hanno aderito FIOM CGIL, FIM CISL e UIL UILM di Belluno. Rilancio industriale e dell\u2019occupazione, investimenti e transizione sostenibile, risoluzione delle grandi crisi aziendali del Paese. Queste le questioni sul piatto e le richieste avanzate al Governo dai Sindacati. Il comparto, a livello provinciale, conta circa settemila addetti.<\/p>\n<p><strong>MATTEO CAREGNATO, FIM CISL<\/strong><\/p>\n<audio class=\"wp-audio-shortcode\" id=\"audio-342838-2\" preload=\"none\" style=\"width: 100%;\" controls=\"controls\"><source type=\"audio\/mpeg\" src=\"https:\/\/www.radiopiu.net\/wordpress\/wp-content\/uploads\/2023\/07\/CAREGNATO.mp3?_=2\" \/><a href=\"https:\/\/www.radiopiu.net\/wordpress\/wp-content\/uploads\/2023\/07\/CAREGNATO.mp3\">https:\/\/www.radiopiu.net\/wordpress\/wp-content\/uploads\/2023\/07\/CAREGNATO.mp3<\/a><\/audio>\n<p>&nbsp;<\/p>\n<hr \/>\n<p>&nbsp;<\/p>\n<blockquote>\n<h3>DOPO OTTO ANNI IL 22 LUGLIO,\u00a0 RITORNA IL GIORNO DEI FAMILY DAY LUXOTTICA<\/h3>\n<\/blockquote>\n<p><strong><a class=\"dt-pswp-item\" href=\"https:\/\/www.radiopiu.net\/wordpress\/wp-content\/uploads\/2023\/07\/foto-2011.jpg\" data-dt-img-description=\"\" data-large_image_width=\"800\" data-large_image_height=\"600\"><img loading=\"lazy\" decoding=\"async\" class=\"size-medium wp-image-342886 alignleft\" src=\"https:\/\/www.radiopiu.net\/wordpress\/wp-content\/uploads\/2023\/07\/foto-2011-300x225.jpg\" alt=\"\" width=\"300\" height=\"225\" srcset=\"https:\/\/www.radiopiu.net\/wordpress\/wp-content\/uploads\/2023\/07\/foto-2011-300x225.jpg 300w, https:\/\/www.radiopiu.net\/wordpress\/wp-content\/uploads\/2023\/07\/foto-2011-768x576.jpg 768w, https:\/\/www.radiopiu.net\/wordpress\/wp-content\/uploads\/2023\/07\/foto-2011.jpg 800w\" sizes=\"auto, (max-width: 300px) 100vw, 300px\" \/><\/a>AGORDO<\/strong> L&#8217;ultimo fu quello del 2015, poi la valanga covid 19, lo scorso anno la terribile notizia della scomparsa del Cavalier Leonardo Del Vecchio che ha fatto cancellare tutti gli appuntamenti con la parte ludico-istruttiva del colosso dell&#8217;occhiale. Nel 2015, il Cavaliere con\u00a0 al fianco il Presidente Onorario Luigi Francavilla,\u00a0 aveva\u00a0 fatto visita alle maestranze con le loro famiglie tra gli applausi. Dopo otto anni, dunque, ritornano\u00a0 i family day, sotto la guida di Francesco Milleri,\u00a0 con la possibilit\u00e0 per i dipendenti del gruppo, loro famigliari ed amici, di visitare lo stabilimento in localit\u00e0 Valcozzena la &#8220;fabbrica&#8221; tanto cara a Leonardo nella sua Agordo e il villaggio che sar\u00e0 allestito per l&#8217;occasione sulla piana dei Mogn, in prossimit\u00e0 e nel Palaluxottica. Dell&#8217;evento del 22 luglio ad Agordo (mattina e pomeriggio fino a sera),\u00a0 se ne parla ormai da settimane, e la curiosit\u00e0 aumenta di ora in ora.\u00a0 L&#8217;azienda non si sbottona circa gli eventi collaterali, ma da voci di corridoio e raccolte sul piazzale Luxottica al cambio turno sono svariate e originali &#8211; pure credibili &#8211; le varie ipotesi anche in considerazione dell\u2019immagine con cui l\u2019azienda ha colorato nelle scorse settimane l\u2019invito a partecipare per i dipendenti. Una mongolfiera, una ruota panoramica, gonfiabili e giostre, un tendone da circo: questi\u00a0 gli ingredienti per una\u00a0 giornata speciale, la prima di tante altre che abbracceranno altri stabilimenti in Italia e nel mondo nei prossimi mesi o nel 2024.\u00a0 Rispetto a otto anni fa l&#8217;organizzazione Luxottica raddoppia l&#8217;offerta,\u00a0 la \u201cfabbrica\u201d di Agordo oggi \u00e8 molto pi\u00f9 grande e digitale oltre che profondamente rinnovata in diverse aree,\u00a0 e poi\u00a0 l\u2019evento abbraccer\u00e0 per la prima volta entrambi i lati del Cordevole: per met\u00e0 al PalaLuxottica.<\/p>\n<p>&nbsp;<\/p>\n<hr \/>\n<p>&nbsp;<\/p>\n<blockquote>\n<h3>I BIRRIFICI DELLE DOLOMITI<\/h3>\n<\/blockquote>\n<p><strong>DI LUISA MANFROI<\/strong><\/p>\n<p>AUDIO<\/p>\n<audio class=\"wp-audio-shortcode\" id=\"audio-342838-3\" preload=\"none\" style=\"width: 100%;\" controls=\"controls\"><source type=\"audio\/mpeg\" src=\"https:\/\/www.radiopiu.net\/wordpress\/wp-content\/uploads\/2023\/07\/LUISA-BIRRA.mp3?_=3\" \/><a href=\"https:\/\/www.radiopiu.net\/wordpress\/wp-content\/uploads\/2023\/07\/LUISA-BIRRA.mp3\">https:\/\/www.radiopiu.net\/wordpress\/wp-content\/uploads\/2023\/07\/LUISA-BIRRA.mp3<\/a><\/audio>\n<p>&nbsp;<\/p>\n\n\t\t\t<style type='text\/css'>\n\t\t\t\t#gallery-1 {\n\t\t\t\t\tmargin: auto;\n\t\t\t\t}\n\t\t\t\t#gallery-1 .gallery-item {\n\t\t\t\t\tfloat: left;\n\t\t\t\t\tmargin-top: 10px;\n\t\t\t\t\ttext-align: center;\n\t\t\t\t\twidth: 50%;\n\t\t\t\t}\n\t\t\t\t#gallery-1 img {\n\t\t\t\t\tborder: 2px solid #cfcfcf;\n\t\t\t\t}\n\t\t\t\t#gallery-1 .gallery-caption {\n\t\t\t\t\tmargin-left: 0;\n\t\t\t\t}\n\t\t\t\t\/* see gallery_shortcode() in wp-includes\/media.php *\/\n\t\t\t<\/style>\n\t\t<div id='gallery-1' class='dt-gallery-container gallery galleryid-342838 gallery-columns-2 gallery-size-medium'><dl class='gallery-item'>\n\t\t\t\t<dt class='gallery-icon landscape'>\n\t\t\t\t\t<a class=\"rollover rollover-zoom dt-pswp-item\" title=\"PREMIO ALLEGHE\" data-dt-img-description=\"\" data-large_image_width=\"558\" data-large_image_height=\"360\"href='https:\/\/www.radiopiu.net\/wordpress\/wp-content\/uploads\/2023\/07\/PREMIO-ALLEGHE.png'><img loading=\"lazy\" decoding=\"async\" width=\"300\" height=\"194\" src=\"https:\/\/www.radiopiu.net\/wordpress\/wp-content\/uploads\/2023\/07\/PREMIO-ALLEGHE-300x194.png\" class=\"attachment-medium size-medium\" alt=\"\" srcset=\"https:\/\/www.radiopiu.net\/wordpress\/wp-content\/uploads\/2023\/07\/PREMIO-ALLEGHE-300x194.png 300w, https:\/\/www.radiopiu.net\/wordpress\/wp-content\/uploads\/2023\/07\/PREMIO-ALLEGHE.png 558w\" sizes=\"auto, (max-width: 300px) 100vw, 300px\" \/><\/a>\n\t\t\t\t<\/dt><\/dl><dl class='gallery-item'>\n\t\t\t\t<dt class='gallery-icon landscape'>\n\t\t\t\t\t<a class=\"rollover rollover-zoom dt-pswp-item\" title=\"PREMIO LONGARONE\" data-dt-img-description=\"\" data-large_image_width=\"579\" data-large_image_height=\"252\"href='https:\/\/www.radiopiu.net\/wordpress\/wp-content\/uploads\/2023\/07\/PREMIO-LONGARONE.jpg'><img loading=\"lazy\" decoding=\"async\" width=\"300\" height=\"131\" src=\"https:\/\/www.radiopiu.net\/wordpress\/wp-content\/uploads\/2023\/07\/PREMIO-LONGARONE-300x131.jpg\" class=\"attachment-medium size-medium\" alt=\"\" srcset=\"https:\/\/www.radiopiu.net\/wordpress\/wp-content\/uploads\/2023\/07\/PREMIO-LONGARONE-300x131.jpg 300w, https:\/\/www.radiopiu.net\/wordpress\/wp-content\/uploads\/2023\/07\/PREMIO-LONGARONE.jpg 579w\" sizes=\"auto, (max-width: 300px) 100vw, 300px\" \/><\/a>\n\t\t\t\t<\/dt><\/dl><br style=\"clear: both\" \/>\n\t\t\t<\/div>\n\n<p>&nbsp;<\/p>\n<hr \/>\n<p>&nbsp;<\/p>\n<p>&nbsp;<\/p>\n<hr \/>\n<p>&nbsp;<\/p>\n<blockquote>\n<h3>UN INCONTRO A PONTE NELLE ALPI IN OCCASIONE DEL PRIDE BELLUNO<\/h3>\n<\/blockquote>\n<p><strong class=\"photoswipe-wrapper\"><a class=\"dt-pswp-item pspw-wrap-ready\" href=\"https:\/\/www.radiopiu.net\/wordpress\/wp-content\/uploads\/2023\/07\/SCR-20230701-khqd.png\" data-dt-img-description=\"\" data-large_image_width=\"1040\" data-large_image_height=\"414\"><img loading=\"lazy\" decoding=\"async\" class=\" wp-image-342413 alignleft\" src=\"https:\/\/www.radiopiu.net\/wordpress\/wp-content\/uploads\/2023\/07\/SCR-20230701-khqd-300x119.png\" sizes=\"auto, (max-width: 197px) 100vw, 197px\" srcset=\"https:\/\/www.radiopiu.net\/wordpress\/wp-content\/uploads\/2023\/07\/SCR-20230701-khqd-300x119.png 300w, https:\/\/www.radiopiu.net\/wordpress\/wp-content\/uploads\/2023\/07\/SCR-20230701-khqd-1024x408.png 1024w, https:\/\/www.radiopiu.net\/wordpress\/wp-content\/uploads\/2023\/07\/SCR-20230701-khqd-768x306.png 768w, https:\/\/www.radiopiu.net\/wordpress\/wp-content\/uploads\/2023\/07\/SCR-20230701-khqd.png 1040w\" alt=\"\" width=\"197\" height=\"78\" \/><\/a>PONTE NELLA ALPI<\/strong> La Commissione Diritti civili e Politiche di genere di Ponte nelle Alpi aderisce al Pride. \u00c8 insito nel nome stesso della Commissione, nell\u2019ambito delle pari opportunit\u00e0, ma lo prevede pure lo Statuto. Sensibilizzare e informare la cittadinanza sulle diverse tematiche \u00e8 da sempre l\u2019impegno della Commissione, che anche in questa circostanza ha organizzato un evento di approfondimento con relatori qualificati e competenti, in collaborazione con l\u2019associazione A.G.e.D.O. di Treviso (Associazione Genitori, parenti e amici di persone LGBT+) e il patrocinio della Consigliera provinciale di Parit\u00e0: \u201cI diritti civili della comunit\u00e0 LGBT+ in Italia\u201d. L\u2019appuntamento \u00e8 fissato per oggi alle 18:30, in sala \u201cDavid Sassoli\u201d, nello spazio Parco Ex Casa Rossa.<\/p>\n<p>&nbsp;<\/p>\n<p>&nbsp;<\/p>\n<hr \/>\n<p>&nbsp;<\/p>\n<h2><span style=\"color: #ff6600;\">IERI ALLA RADIO<\/span><\/h2>\n<h2><span style=\"color: #008000;\">CISL E FEMCA CISL LA VOCE PER I LAVORATORI<\/span><\/h2>\n<p><a class=\"dt-pswp-item\" href=\"https:\/\/www.radiopiu.net\/wordpress\/wp-content\/uploads\/2018\/12\/CISL.png\" data-dt-img-description=\"\" data-large_image_width=\"292\" data-large_image_height=\"116\"><img loading=\"lazy\" decoding=\"async\" class=\" wp-image-70350 alignleft\" src=\"https:\/\/www.radiopiu.net\/wordpress\/wp-content\/uploads\/2018\/12\/CISL.png\" alt=\"\" width=\"166\" height=\"66\" \/><\/a>05 luglio 2023<\/p>\n<p><strong>PUNTATA 27, ALESSIO PICCOLI<\/strong><\/p>\n<audio class=\"wp-audio-shortcode\" id=\"audio-342838-4\" preload=\"none\" style=\"width: 100%;\" controls=\"controls\"><source type=\"audio\/mpeg\" src=\"https:\/\/www.radiopiu.net\/wordpress\/wp-content\/uploads\/2023\/07\/FEMCA-CISL.mp3?_=4\" \/><a href=\"https:\/\/www.radiopiu.net\/wordpress\/wp-content\/uploads\/2023\/07\/FEMCA-CISL.mp3\">https:\/\/www.radiopiu.net\/wordpress\/wp-content\/uploads\/2023\/07\/FEMCA-CISL.mp3<\/a><\/audio>\n<p>&nbsp;<\/p>\n<p><strong>LA RACCOLTA COMPLETA<\/strong><\/p>\n<blockquote class=\"wp-embedded-content\" data-secret=\"tWglbxwE21\"><p><a href=\"https:\/\/www.radiopiu.net\/wordpress\/cisl-e-femca-cisl-la-vocef\/\">CISL E FEMCA CISL  LA VOCE PER I LAVORATORI<\/a><\/p><\/blockquote>\n<p><iframe loading=\"lazy\" class=\"wp-embedded-content\" sandbox=\"allow-scripts\" security=\"restricted\" style=\"position: absolute; clip: rect(1px, 1px, 1px, 1px);\" title=\"&#8220;CISL E FEMCA CISL  LA VOCE PER I LAVORATORI&#8221; &#8212; Radio Pi\u00f9\" src=\"https:\/\/www.radiopiu.net\/wordpress\/cisl-e-femca-cisl-la-vocef\/embed\/#?secret=45sWS4FzlN#?secret=tWglbxwE21\" data-secret=\"tWglbxwE21\" width=\"600\" height=\"338\" frameborder=\"0\" marginwidth=\"0\" marginheight=\"0\" scrolling=\"no\"><\/iframe><\/p>\n<p>&nbsp;<\/p>\n<hr \/>\n<p>&nbsp;<\/p>\n<blockquote>\n<h3>SANI&#8230; E ROBUSTI. LA CAMPAGNA MELANOMA &#8220;SANA&#8221;<\/h3>\n<\/blockquote>\n<p><strong>BELLUNO\u00a0<\/strong> Iniziative nelle scuole, sensibilizzazione nei rifugi di montagna e ora anche un video diffuso sui social: al via la campagna di prevenzione contro il melanoma promossa dall&#8217;Ulss 1 Dolomiti per l&#8217;estate 2023.<a class=\"dt-pswp-item\" href=\"https:\/\/www.radiopiu.net\/wordpress\/wp-content\/uploads\/2023\/07\/9bb2ba08-6dbd-4010-b457-5cc9cfc8a3d2.jpg\" data-dt-img-description=\"\" data-large_image_width=\"1024\" data-large_image_height=\"768\"><img loading=\"lazy\" decoding=\"async\" class=\" wp-image-342883 alignleft\" src=\"https:\/\/www.radiopiu.net\/wordpress\/wp-content\/uploads\/2023\/07\/9bb2ba08-6dbd-4010-b457-5cc9cfc8a3d2-300x225.jpg\" alt=\"\" width=\"189\" height=\"142\" srcset=\"https:\/\/www.radiopiu.net\/wordpress\/wp-content\/uploads\/2023\/07\/9bb2ba08-6dbd-4010-b457-5cc9cfc8a3d2-300x225.jpg 300w, https:\/\/www.radiopiu.net\/wordpress\/wp-content\/uploads\/2023\/07\/9bb2ba08-6dbd-4010-b457-5cc9cfc8a3d2-768x576.jpg 768w, https:\/\/www.radiopiu.net\/wordpress\/wp-content\/uploads\/2023\/07\/9bb2ba08-6dbd-4010-b457-5cc9cfc8a3d2.jpg 1024w\" sizes=\"auto, (max-width: 189px) 100vw, 189px\" \/><\/a><\/p>\n<p>&nbsp;<\/p>\n<p>&nbsp;<\/p>\n<p>&nbsp;<\/p>\n<p><strong>DI DANIELE DALVIT<\/strong><\/p>\n<audio class=\"wp-audio-shortcode\" id=\"audio-342838-5\" preload=\"none\" style=\"width: 100%;\" controls=\"controls\"><source type=\"audio\/mpeg\" src=\"https:\/\/www.radiopiu.net\/wordpress\/wp-content\/uploads\/2023\/07\/Radio-Piu-Servizio-Ulss-Melanoma.mp3?_=5\" \/><a href=\"https:\/\/www.radiopiu.net\/wordpress\/wp-content\/uploads\/2023\/07\/Radio-Piu-Servizio-Ulss-Melanoma.mp3\">https:\/\/www.radiopiu.net\/wordpress\/wp-content\/uploads\/2023\/07\/Radio-Piu-Servizio-Ulss-Melanoma.mp3<\/a><\/audio>\n<p>&nbsp;<\/p>\n<p><iframe loading=\"lazy\" title=\"Sana! Campagna melanoma\" width=\"1200\" height=\"675\" src=\"https:\/\/www.youtube.com\/embed\/3u-hF6bdUws?feature=oembed\" frameborder=\"0\" allow=\"accelerometer; autoplay; clipboard-write; encrypted-media; gyroscope; picture-in-picture; web-share\" allowfullscreen><\/iframe><\/p>\n<p>&nbsp;<\/p>\n<p>&nbsp;<\/p>\n<hr \/>\n<h2><strong><a class=\"dt-pswp-item\" href=\"https:\/\/www.radiopiu.net\/wordpress\/wp-content\/uploads\/2019\/09\/COSMO-FORCELLA.jpeg\" data-dt-img-description=\"\" data-large_image_width=\"1200\" data-large_image_height=\"1600\"><img loading=\"lazy\" decoding=\"async\" class=\" wp-image-98244 alignleft\" src=\"https:\/\/www.radiopiu.net\/wordpress\/wp-content\/uploads\/2019\/09\/COSMO-FORCELLA-225x300.jpeg\" alt=\"\" width=\"126\" height=\"168\" srcset=\"https:\/\/www.radiopiu.net\/wordpress\/wp-content\/uploads\/2019\/09\/COSMO-FORCELLA-225x300.jpeg 225w, https:\/\/www.radiopiu.net\/wordpress\/wp-content\/uploads\/2019\/09\/COSMO-FORCELLA-768x1024.jpeg 768w, https:\/\/www.radiopiu.net\/wordpress\/wp-content\/uploads\/2019\/09\/COSMO-FORCELLA.jpeg 1200w\" sizes=\"auto, (max-width: 126px) 100vw, 126px\" \/><\/a><\/strong><span style=\"color: #3366ff;\">AGORDINA SENZA COSMO FORCELLA, DOPO 50 ANNI DI IMPEGNO<\/span><\/h2>\n<p><strong>di Mirko Mezzacasa<\/strong><\/p>\n<p>OSPITE: Cosmo Forcella<\/p>\n<audio class=\"wp-audio-shortcode\" id=\"audio-342838-6\" preload=\"none\" style=\"width: 100%;\" controls=\"controls\"><source type=\"audio\/mpeg\" src=\"https:\/\/www.radiopiu.net\/wordpress\/wp-content\/uploads\/2023\/07\/COSMO-UFFICIALE.mp3?_=6\" \/><a href=\"https:\/\/www.radiopiu.net\/wordpress\/wp-content\/uploads\/2023\/07\/COSMO-UFFICIALE.mp3\">https:\/\/www.radiopiu.net\/wordpress\/wp-content\/uploads\/2023\/07\/COSMO-UFFICIALE.mp3<\/a><\/audio>\n<p>&nbsp;<\/p>\n<p>&nbsp;<\/p>\n<h2><strong><a class=\"dt-pswp-item\" href=\"https:\/\/www.radiopiu.net\/wordpress\/wp-content\/uploads\/2023\/07\/MUSICA-AGORDINO.png\" data-dt-img-description=\"\" data-large_image_width=\"944\" data-large_image_height=\"556\"><img loading=\"lazy\" decoding=\"async\" class=\" wp-image-342851 alignleft\" src=\"https:\/\/www.radiopiu.net\/wordpress\/wp-content\/uploads\/2023\/07\/MUSICA-AGORDINO-300x177.png\" alt=\"\" width=\"198\" height=\"117\" srcset=\"https:\/\/www.radiopiu.net\/wordpress\/wp-content\/uploads\/2023\/07\/MUSICA-AGORDINO-300x177.png 300w, https:\/\/www.radiopiu.net\/wordpress\/wp-content\/uploads\/2023\/07\/MUSICA-AGORDINO-768x452.png 768w, https:\/\/www.radiopiu.net\/wordpress\/wp-content\/uploads\/2023\/07\/MUSICA-AGORDINO.png 944w\" sizes=\"auto, (max-width: 198px) 100vw, 198px\" \/><\/a><\/strong><span style=\"color: #008080;\">CON AGORDO MUSICA IN VALLE DI SAN LUCANO E AL CASTELLO DI ANDRAZ<\/span><\/h2>\n<p><strong>DI ANDREA BERNARDI<\/strong><\/p>\n<audio class=\"wp-audio-shortcode\" id=\"audio-342838-7\" preload=\"none\" style=\"width: 100%;\" controls=\"controls\"><source type=\"audio\/mpeg\" src=\"https:\/\/www.radiopiu.net\/wordpress\/wp-content\/uploads\/2023\/07\/Intervista-432-Hearts-dal-Trio-Lescano-ai-Queen-Taibon-2023.mp3?_=7\" \/><a href=\"https:\/\/www.radiopiu.net\/wordpress\/wp-content\/uploads\/2023\/07\/Intervista-432-Hearts-dal-Trio-Lescano-ai-Queen-Taibon-2023.mp3\">https:\/\/www.radiopiu.net\/wordpress\/wp-content\/uploads\/2023\/07\/Intervista-432-Hearts-dal-Trio-Lescano-ai-Queen-Taibon-2023.mp3<\/a><\/audio>\n<p>&nbsp;<\/p>\n<h2><span style=\"color: #ff0000;\"><strong><a class=\"dt-pswp-item\" href=\"https:\/\/www.radiopiu.net\/wordpress\/wp-content\/uploads\/2023\/06\/LUCA-REFA.png\" data-dt-img-description=\"\" data-large_image_width=\"528\" data-large_image_height=\"345\"><img loading=\"lazy\" decoding=\"async\" class=\" wp-image-342852 alignleft\" src=\"https:\/\/www.radiopiu.net\/wordpress\/wp-content\/uploads\/2023\/06\/LUCA-REFA-300x196.png\" alt=\"\" width=\"236\" height=\"154\" srcset=\"https:\/\/www.radiopiu.net\/wordpress\/wp-content\/uploads\/2023\/06\/LUCA-REFA-300x196.png 300w, https:\/\/www.radiopiu.net\/wordpress\/wp-content\/uploads\/2023\/06\/LUCA-REFA.png 528w\" sizes=\"auto, (max-width: 236px) 100vw, 236px\" \/><\/a><\/strong><span style=\"color: #99cc00;\">LA REFA &#8211; IL PROGRAMMA ALLA RADIO. ESCURSIONI IN MONTAGNA ED ALTRO CON LUCA GANZ<\/span><\/span><\/h2>\n<p><span style=\"color: #ff0000;\"><strong>PUNTATA 03 05 LUGLIO<\/strong><\/span><\/p>\n<audio class=\"wp-audio-shortcode\" id=\"audio-342838-8\" preload=\"none\" style=\"width: 100%;\" controls=\"controls\"><source type=\"audio\/mpeg\" src=\"https:\/\/www.radiopiu.net\/wordpress\/wp-content\/uploads\/2023\/07\/LUCA-REFA3-1.mp3?_=8\" \/><a href=\"https:\/\/www.radiopiu.net\/wordpress\/wp-content\/uploads\/2023\/07\/LUCA-REFA3-1.mp3\">https:\/\/www.radiopiu.net\/wordpress\/wp-content\/uploads\/2023\/07\/LUCA-REFA3-1.mp3<\/a><\/audio>\n<p>&nbsp;<\/p>\n<p><strong>LA RACCOLTA COMPLETA<\/strong><\/p>\n<blockquote class=\"wp-embedded-content\" data-secret=\"ISgxrqG51H\"><p><a href=\"https:\/\/www.radiopiu.net\/wordpress\/punt-ta-ta-03\/\">LA REFA &#8211; IL PROGRAMMA ALLA RADIO. ESCURSIONI IN MONTAGNA ED ALTRO CON LUCA GANZ<\/a><\/p><\/blockquote>\n<p><iframe loading=\"lazy\" class=\"wp-embedded-content\" sandbox=\"allow-scripts\" security=\"restricted\" style=\"position: absolute; clip: rect(1px, 1px, 1px, 1px);\" title=\"&#8220;LA REFA &#8211; IL PROGRAMMA ALLA RADIO. ESCURSIONI IN MONTAGNA ED ALTRO CON LUCA GANZ&#8221; &#8212; Radio Pi\u00f9\" src=\"https:\/\/www.radiopiu.net\/wordpress\/punt-ta-ta-03\/embed\/#?secret=dukBXrKQpU#?secret=ISgxrqG51H\" data-secret=\"ISgxrqG51H\" width=\"600\" height=\"338\" frameborder=\"0\" marginwidth=\"0\" marginheight=\"0\" scrolling=\"no\"><\/iframe><\/p>\n<p>&nbsp;<\/p>\n<blockquote class=\"wp-embedded-content\" data-secret=\"T9uHb3bGdO\"><p><a href=\"https:\/\/www.radiopiu.net\/wordpress\/rimasti-piu-avanti-p6\/\">&#8220;RIMASTI PIU&#8217; AVANTI&#8221;, ALLA SCOPERTA DELLA MUSICA BELLUNESE CON MARCO V. DAL FARRA<\/a><\/p><\/blockquote>\n<p><iframe loading=\"lazy\" class=\"wp-embedded-content\" sandbox=\"allow-scripts\" security=\"restricted\" style=\"position: absolute; clip: rect(1px, 1px, 1px, 1px);\" title=\"&#8220;&#8220;RIMASTI PIU&#8217; AVANTI&#8221;, ALLA SCOPERTA DELLA MUSICA BELLUNESE CON MARCO V. DAL FARRA&#8221; &#8212; Radio Pi\u00f9\" src=\"https:\/\/www.radiopiu.net\/wordpress\/rimasti-piu-avanti-p6\/embed\/#?secret=cnf0cvoSYR#?secret=T9uHb3bGdO\" data-secret=\"T9uHb3bGdO\" width=\"600\" height=\"338\" frameborder=\"0\" marginwidth=\"0\" marginheight=\"0\" scrolling=\"no\"><\/iframe><\/p>\n<p>&nbsp;<\/p>\n<hr \/>\n<p>&nbsp;<\/p>\n<blockquote>\n<h3><strong>L&#8217;OPINIONE<\/strong><\/h3>\n<p>Addizionale Irpef Veneto<\/p><\/blockquote>\n<p>Di Franco Piacentini<\/p>\n<div dir=\"auto\">Nel recente incontro del Governatore regionale con la Corte dei Conti del Veneto, per l&#8217;ennesima volta ha ribadito che il Veneto \u00e8 l&#8217;unica regione, in\u00a0 Italia, senza addizionale IRPEF. Per\u00f2, per obiettivit\u00e0 politica e sincerit\u00e0 amministrativa, il Presidente della Giunta Regionale,\u00a0 dovrebbe evidenziare che per effetto (anche) di quelle mancate entrate (precisando che pi\u00f9 volte il sindacato\u00a0 ha chiarito che l&#8217;addizionale va considerata come una tassa di scopo da applicare sui redditi oltre i 60 mila euro annui) migliaia di famiglie sono costrette\u00a0 a\u00a0 pesanti compartecipazioni economiche (mediante oltre i 1.200 euro mensili) per le ospitalit\u00e0 nella RSA (case di riposo) di congiunti non autosufficienti e miglia di persone malate devono pagarsi alcune cure sanitarie. Quindi, evitando la propaganda elettorale, la Giunta regionale dovrebbe convocare le parti sociali, per concordare le modalit\u00e0 di equa applicazione della addizionale IRPEF regionale, finalizzata a ridurre i costi delle compartecipazioni.<\/div>\n<div dir=\"auto\">Franco Piacentini<\/div>\n<div dir=\"auto\"><\/div>\n<p>&nbsp;<\/p>\n<hr \/>\n<p>&nbsp;<\/p>\n<blockquote>\n<h2>L\u2019UE apre alle TEA. Dorfmann: \u201cUna svolta per la sostenibilit\u00e0 in agricoltura\u201d<\/h2>\n<\/blockquote>\n<p><strong><a class=\"dt-pswp-item\" href=\"https:\/\/www.radiopiu.net\/wordpress\/wp-content\/uploads\/2020\/02\/Herbert-Dorfmann-2-1.jpg\" data-dt-img-description=\"\" data-large_image_width=\"2000\" data-large_image_height=\"1333\"><img loading=\"lazy\" decoding=\"async\" class=\"wp-image-118435 alignleft\" src=\"https:\/\/www.radiopiu.net\/wordpress\/wp-content\/uploads\/2020\/02\/Herbert-Dorfmann-2-1-300x200.jpg\" alt=\"\" width=\"181\" height=\"120\" srcset=\"https:\/\/www.radiopiu.net\/wordpress\/wp-content\/uploads\/2020\/02\/Herbert-Dorfmann-2-1-300x200.jpg 300w, https:\/\/www.radiopiu.net\/wordpress\/wp-content\/uploads\/2020\/02\/Herbert-Dorfmann-2-1-1024x682.jpg 1024w, https:\/\/www.radiopiu.net\/wordpress\/wp-content\/uploads\/2020\/02\/Herbert-Dorfmann-2-1-768x512.jpg 768w, https:\/\/www.radiopiu.net\/wordpress\/wp-content\/uploads\/2020\/02\/Herbert-Dorfmann-2-1-1536x1024.jpg 1536w, https:\/\/www.radiopiu.net\/wordpress\/wp-content\/uploads\/2020\/02\/Herbert-Dorfmann-2-1.jpg 2000w\" sizes=\"auto, (max-width: 181px) 100vw, 181px\" \/><\/a>BRUXELLES<\/strong> La Commissione europea ha finalmente presentato una nuova proposta di regolamento relativa al miglioramento genetico delle piante. Il nuovo regolamento ha il potenziale di aprire la strada alle tecniche di evoluzione assistita (TEA), che rappresentano l\u2019insieme delle tecniche d\u2019innovazione genetica impiegate per rendere le piante pi\u00f9 resistenti, senza ricorrere a metodi che portino a organismi geneticamente modificati. \u201cPer affrontare la sfida climatica, abbiamo bisogno di piante pi\u00f9 resistenti, che richiedano meno acqua e meno pesticidi-\u00a0 sostiene l&#8217;eurodeputato Herbert\u00a0 Dorfmann, che \u00e8 anche il coordinatore del Partito Popolare Europeo in commissione agricoltura &#8211; l\u2019Italia ha fatto da apripista.\u00a0 Ora viviamo un momento decisivo. La ricerca in questo campo pu\u00f2 permettere al nostro sistema agricolo di fare passi importanti, conciliando sostenibilit\u00e0 economica e ambientale\u201d.<\/p>\n<p><em>\u201cNon posso che accogliere con grande soddisfazione e un pizzico di orgoglio l\u2019apertura arrivata dalla Commissione europea sulle TEA. Finalmente l\u2019Italia si fa valere in Europa, con provvedimenti che diventano pilota ed esempio a livello continentale; per questo, oggi la soddisfazione di vedere un provvedimento nato su mia proposta\u00a0 diventare base per il futuro delle politiche agricole europee mi rende fiero del lavoro fatto&#8221;<\/em> cos\u00ec il senatore Luca De Carlo.<\/p>\n<p>&nbsp;<\/p>\n<hr \/>\n<p>&nbsp;<\/p>\n<p><a class=\"dt-pswp-item\" href=\"https:\/\/www.radiopiu.net\/wordpress\/wp-content\/uploads\/2023\/07\/8e1af88a-f01a-4b67-8d82-00f75e41fc7a.jpg\" data-dt-img-description=\"\" data-large_image_width=\"730\" data-large_image_height=\"1024\"><img loading=\"lazy\" decoding=\"async\" class=\"size-medium wp-image-342798 alignleft\" src=\"https:\/\/www.radiopiu.net\/wordpress\/wp-content\/uploads\/2023\/07\/8e1af88a-f01a-4b67-8d82-00f75e41fc7a-214x300.jpg\" alt=\"\" width=\"214\" height=\"300\" srcset=\"https:\/\/www.radiopiu.net\/wordpress\/wp-content\/uploads\/2023\/07\/8e1af88a-f01a-4b67-8d82-00f75e41fc7a-214x300.jpg 214w, https:\/\/www.radiopiu.net\/wordpress\/wp-content\/uploads\/2023\/07\/8e1af88a-f01a-4b67-8d82-00f75e41fc7a.jpg 730w\" sizes=\"auto, (max-width: 214px) 100vw, 214px\" \/><\/a><\/p>\n<p><span style=\"color: #ff0000;\"><strong>FALCADE ALLA RADIO\u00a0<\/strong><\/span><\/p>\n<p><strong>ESTATE A FALCADE CON IL VENEZIA CALCIO, IL GRANDE BASKET TARGATO REYER VENEZIA&#8230; E A FINE MESE ANCHE LE SELEZIONI DI MISS ITALIA&#8230;TURISMO A FALCADE E CAVIOLA, TURISMO IN VALLE DEL BIOIS E NELL&#8217;AGORDINO&#8230; PARLIAMONE MERCOLEDI 12 LUGLIO DALLE 20.30 CON IL SINDACO MAURO SALVATERRA, L&#8217;ASSESSORE FLAVIO MURER E IL CONSIGLIERE FULVIO VALT\u00a0<\/strong><\/p>\n<p>&nbsp;<\/p>\n<p>&nbsp;<\/p>\n<p>&nbsp;<\/p>\n<p>&nbsp;<\/p>\n<p>&nbsp;<\/p>\n<p>&nbsp;<\/p>\n<hr \/>\n<p>&nbsp;<\/p>\n<div class=\"articlePlainSubHead\"><\/div>\n<blockquote>\n<h2 class=\"articlePlainTitle\"><a class=\"dt-pswp-item\" href=\"https:\/\/www.radiopiu.net\/wordpress\/wp-content\/uploads\/2023\/07\/th-2.jpg\" data-dt-img-description=\"\" data-large_image_width=\"330\" data-large_image_height=\"180\"><img loading=\"lazy\" decoding=\"async\" class=\" wp-image-342807 alignleft\" src=\"https:\/\/www.radiopiu.net\/wordpress\/wp-content\/uploads\/2023\/07\/th-2-300x164.jpg\" alt=\"\" width=\"230\" height=\"126\" srcset=\"https:\/\/www.radiopiu.net\/wordpress\/wp-content\/uploads\/2023\/07\/th-2-300x164.jpg 300w, https:\/\/www.radiopiu.net\/wordpress\/wp-content\/uploads\/2023\/07\/th-2.jpg 330w\" sizes=\"auto, (max-width: 230px) 100vw, 230px\" \/><\/a>Dolomiti in miniatura: scultori al lavoro<\/h2>\n<\/blockquote>\n<div class=\"articlePlainText\"><\/div>\n<p class=\"articlePlainText\"><strong>SAN TOMASO <\/strong>Durer\u00e0 fino a domenica la settimana di &#8220;Dolomites Rock Miniatures&#8221;, l&#8217;evento durante il quale verranno realizzate le ultime tre opere de &#8220;Il sentiero delle Dolomiti in miniatura&#8221; a San Tomaso. Alle sedici opere realizzate a partire dal 2017 verranno aggiunte le miniature delle Tre Cime di Lavaredo, del Focob\u00f3n, del Monte Cristallo e del Sass Maor. A trasformare nelle pi\u00f9 importanti cime tre sassi di dolomia, provenienti dalla cava di San Tomaso, saranno Paolo Vivian, il britannico Rob Good e Milton Ramon Estrella Gavidia, proveniente dall&#8217;Equador. L&#8217;evento fa parte delle iniziative legate alla 25\u00aa edizione del premio Pelmo d&#8217;Oro che si svolger\u00e0 all&#8217;Arena 1082, sempre a San Tomaso, il 29 luglio.<\/p>\n<p>&nbsp;<\/p>\n<p>&nbsp;<\/p>\n<hr \/>\n<p>&nbsp;<\/p>\n<blockquote>\n<h3>ISTA&#8217; DE LIBER, AD AGORDO DUE SERATE DEDICATE ALLA LETTURA<\/h3>\n<\/blockquote>\n<p><strong><a class=\"dt-pswp-item\" href=\"https:\/\/www.radiopiu.net\/wordpress\/wp-content\/uploads\/2023\/07\/ISTA-DE-LIBER.png\" data-dt-img-description=\"\" data-large_image_width=\"985\" data-large_image_height=\"708\"><img loading=\"lazy\" decoding=\"async\" class=\" wp-image-342858 alignleft\" src=\"https:\/\/www.radiopiu.net\/wordpress\/wp-content\/uploads\/2023\/07\/ISTA-DE-LIBER-300x216.png\" alt=\"\" width=\"172\" height=\"124\" srcset=\"https:\/\/www.radiopiu.net\/wordpress\/wp-content\/uploads\/2023\/07\/ISTA-DE-LIBER-300x216.png 300w, https:\/\/www.radiopiu.net\/wordpress\/wp-content\/uploads\/2023\/07\/ISTA-DE-LIBER-768x552.png 768w, https:\/\/www.radiopiu.net\/wordpress\/wp-content\/uploads\/2023\/07\/ISTA-DE-LIBER.png 985w\" sizes=\"auto, (max-width: 172px) 100vw, 172px\" \/><\/a>AGORDO <\/strong>Tra gli eventi turistico-culturali agordini di quest&#8217;estate, il Comune di Agordo promuove due presentazioni di libri nell&#8217;ambito della manifestazione &#8220;Ist\u00e0 de liber&#8221; ovvero &#8220;Estate di libri, la montagna raccontata dai libri e dai suoi autori&#8221;. Le due serate sono organizzate in collaborazione con il GAMP (Gruppo Agordino Mineralogico Paleontologico) ed il Circolo Culturale Agordino. Il primo appuntamento sar\u00e0 la presentazione dell&#8217;ultimo libro di Maurizio Alfieri dal titolo &#8220;Torquato Taramelli. Storie e ricerche nel Bellunese&#8221;. Tutto ci\u00f2, venerd\u00ec 7 luglio alle ore 18 in Sala Don Tamis di Agordo in cui l&#8217;autore ci racconter\u00e0 il personaggio che fu Taramelli, geologo, montanaro, artista, e della suo grande contributo per la conoscenza della geologia nazionale e in particolare bellunese. Durante il secondo appuntamento, mercoled\u00ec 12 luglio alle 18 in Sala Don Tamis, lo scrittore Matteo Righetto parler\u00e0 del suo ultimo libro &#8220;La stanza delle mele&#8221;. L&#8217;incontro sar\u00e0 diretto da Gianni Santomaso che insieme con Righetto presenteranno questo ultimo romanzo che ambientato nella frazione livinallese di Agai-Dagh\u00e8 durante il secondo dopoguerra, contribuisce a far conoscere alcuni aspetti della vita e della cultura dolomitica non solo ai lettori nazionali, ma forse anche a noi valligiani. Il titolo delle serate &#8220;Ist\u00e0 de liber&#8221; \u00e8 stato scelto appositamente affinch\u00e9 possa essere liberamente utilizzato anche i prossimi anni da chiunque volesse proporre eventi di presentazioni di libri.Per quest&#8217;anno, appuntamento quindi venerd\u00ec 7 e mercoled\u00ec 12 luglio ore 18 in Sala Don Tamis, Via 27 Aprile, Agordo, con l&#8217;ultimo libro di Maurizio Alfieri e Matteo Righetto.<\/p>\n<p>&nbsp;<\/p>\n<p>&nbsp;<\/p>\n<hr \/>\n<p>&nbsp;<\/p>\n<blockquote>\n<h3>LA PRESENTAZIONE DEL LIBRO &#8220;LE PASCOLINE&#8221;<\/h3>\n<\/blockquote>\n<p><strong>SOSPIROLO<\/strong><\/p>\n<p>di Roberto Bona<\/p>\n<audio class=\"wp-audio-shortcode\" id=\"audio-342838-9\" preload=\"none\" style=\"width: 100%;\" controls=\"controls\"><source type=\"audio\/mpeg\" src=\"https:\/\/www.radiopiu.net\/wordpress\/wp-content\/uploads\/2023\/06\/BONA-PRESENTAZIONE-LIBRO-LE-PASCOLINE-7-LUGLIO.mp3?_=9\" \/><a href=\"https:\/\/www.radiopiu.net\/wordpress\/wp-content\/uploads\/2023\/06\/BONA-PRESENTAZIONE-LIBRO-LE-PASCOLINE-7-LUGLIO.mp3\">https:\/\/www.radiopiu.net\/wordpress\/wp-content\/uploads\/2023\/06\/BONA-PRESENTAZIONE-LIBRO-LE-PASCOLINE-7-LUGLIO.mp3<\/a><\/audio>\n<p>&nbsp;<\/p>\n<hr \/>\n<p>&nbsp;<\/p>\n<p>&nbsp;<\/p>\n<p><a class=\"dt-pswp-item\" href=\"https:\/\/www.radiopiu.net\/wordpress\/wp-content\/uploads\/2023\/07\/Senza-nome-6.png\" data-dt-img-description=\"\" data-large_image_width=\"510\" data-large_image_height=\"335\"><img loading=\"lazy\" decoding=\"async\" class=\" wp-image-342953 alignleft\" src=\"https:\/\/www.radiopiu.net\/wordpress\/wp-content\/uploads\/2023\/07\/Senza-nome-6-300x197.png\" alt=\"\" width=\"235\" height=\"154\" srcset=\"https:\/\/www.radiopiu.net\/wordpress\/wp-content\/uploads\/2023\/07\/Senza-nome-6-300x197.png 300w, https:\/\/www.radiopiu.net\/wordpress\/wp-content\/uploads\/2023\/07\/Senza-nome-6.png 510w\" sizes=\"auto, (max-width: 235px) 100vw, 235px\" \/><\/a><strong>11 METRI DI SQUALO\u00a0<\/strong><\/p>\n<div id=\"articleContent\" class=\"mercuryWrapper\">\n<div class=\"mercuryScroller\">\n<div class=\"mercuryElement\">\n<div class=\"mercuryBox\">\n<div id=\"articlePlain\">\n<div class=\"articlePlainText\"><strong>SELVA DI CADORE<\/strong> La riproduzione lunga 11 metri e installata nella terrazza di uno squalo megalodonte, che milioni di anni fa nuotava nei mari delle attuali Dolomiti \u00e8 il pezzo forte della mostra Evolution al via sabato a Selva di Cadore. La rassegna ripercorrer\u00e0 l&#8217;evoluzione dei vertebrati.<\/div>\n<\/div>\n<\/div>\n<\/div>\n<\/div>\n<\/div>\n<p>&nbsp;<\/p>\n<p>&nbsp;<\/p>\n<hr \/>\n<p>&nbsp;<\/p>\n<h2><span style=\"color: #ff0000;\">GLI APPUNTAMENTI DELLA SETTIMANA\u00a0<\/span><\/h2>\n<blockquote>\n<h3>APPUNTAMENTI A CANALE D&#8217;AGORDO NEI LUOGHI DEL BEATO PAPA LUCIANI<\/h3>\n<\/blockquote>\n<p><strong>CANALE D&#8217;AGORDO<\/strong> Nel fine settimana saranno due gli appuntamenti che aprono il 45\u00b0 calendario di eventi culturali nei luogi del Beato Papa Giovanni Paolo I. Venerd\u00ec alle 17:30 alla casa delle regole di Canale D&#8217;Agordo l&#8217;inaugurazione della mostra &#8220;Finestre in Val Biois&#8221;. Domenica alle 21 nella sala parrocchiale di Canale D&#8217;Agordo l&#8217;incontro con Diego Di Franco autore del libro &#8220;Il Meraviglioso Mondo dei Pap\u00e0&#8221;.<\/p>\n<p>&nbsp;<\/p>\n<blockquote>\n<h3>LA MOSTRA ITINERANTE DI GEMMELLAGGI E PATTI D&#8217;AMICIZIA<\/h3>\n<\/blockquote>\n<p><strong>BELLUNO<\/strong> Venticinque metri di lunghezza, venticinque Comuni coinvolti, ottantasei citt\u00e0 presenti. Sono i numeri della \u201cMostra itinerante Gemellaggi e Patti di amicizia in provincia di Belluno\u201d realizzata dall\u2019Associazione Bellunesi nel Mondo, con il contributo del Consorzio Bim Piave, e che sar\u00e0 inaugurata venerd\u00ec 7 luglio, alle ore 17.30, nella sala del Fondaco delle Biade a Feltre. Una mostra che coinvolge l\u2019intero territorio Bellunese e suddivisa per aree: Feltrino, Valbelluna, Alpago, Zoldo, Agordino e Cadore. La mostra rimarr\u00e0 aperta fino al 6 agosto, nei fine settimana, con i seguenti orari: venerd\u00ec dalle 15.00 alle 18.00; sabato e domenica dalle 10.00 alle 12.00 e dalle 15.00 alle 18.00.<\/p>\n<p>&nbsp;<\/p>\n<blockquote>\n<h3>IO MI RACCONTO FA TAPPA A SAN VITO DI CADORE<\/h3>\n<\/blockquote>\n<p><strong>SAN VITO DI CADORE<\/strong> Venerd\u00ec alle 20:45 all&#8217;asilo vecio di San Vito di Cadore, il laboratorio di scrittura Cadore reciter\u00e0 &#8220;Io Mi Racconto&#8221;, poesie e prose in lingua italiana e ladina del Cadore, Comelico e Fodom. Ingresso a offerta libera<\/p>\n<p>&nbsp;<\/p>\n<blockquote>\n<h3>IL QUARTETTO VENETO A FELTRE<\/h3>\n<\/blockquote>\n<p><strong>FELTRE<\/strong> Sabato 8 luglio, la straordinaria cornice di Piazza Maggiore ospiter\u00e0 l\u2019atteso concerto del Quartetto Veneto (Violini Marco Toso e Alessandra Vianello, Viola Marta Traversi, Violoncello Alvise Stiffoni). Ingresso libero, inizio alle 21<\/p>\n<p>&nbsp;<\/p>\n<blockquote>\n<h3>SUL SENTIERO NATURALISTICO MINUSSI CON IL CAI DI AGORDO<\/h3>\n<\/blockquote>\n<p><strong>AGORDO\u00a0<\/strong>Escursione con il Cai di Agordo domenica al sentiero naturalistico Minussi tra le Pale di San Martino e l&#8217;Agner. Ritrovo alle 7:30 alla sede del Cai del municipio di Agordo. Per informazioni 3806983040<\/p>\n<p>&nbsp;<\/p>\n<blockquote>\n<h3>LA FESTA DI SAN FELICE CON GLI ALPINI DI SAN GREGORIO<\/h3>\n<\/blockquote>\n<p><strong>SAN GREGORIO NELLE ALPI <\/strong>Domenica 9 luglio 2023 il Gruppo Alpini Gen. Nasci di San Gregorio nelle Alpi organizza la 41^ Festa di San Felice nei pressi dell\u2019omonima chiesetta. Il programma prevede alle ore 9 l\u2019apertura della frasca, alle 11 la cerimonia dell\u2019alzabandiera cui seguir\u00e0 la\u00a0 S. Messa e\u00a0 alle 12 si potr\u00e0 pranzare con specialit\u00e0 gastronomiche locali. Nel pomeriggio giochi e divertimento.<\/p>\n<p>&nbsp;<\/p>\n<div dir=\"auto\"><strong>CI SIAMO!<\/strong><\/div>\n<div dir=\"auto\">SVELATA ANCHE LA DATA: SABATO 8 LUGLIO DALLE 20.30 ALLA <a class=\"x1i10hfl xjbqb8w x6umtig x1b1mbwd xaqea5y xav7gou x9f619 x1ypdohk xt0psk2 xe8uvvx xdj266r x11i5rnm xat24cr x1mh8g0r xexx8yu x4uap5 x18d9i69 xkhd6sd x16tdsg8 x1hl2dhg xggy1nq x1a2a7pz xt0b8zv x1qq9wsj xo1l8bm\" tabindex=\"0\" role=\"link\" href=\"https:\/\/www.facebook.com\/groups\/61488111720\/user\/100063475603785\/?__cft__[0]=AZXc1oGSx3sUTVCpEEDZEHjHooBpcb_Un_kTJ-aUYMycV1Ozu3ukeu4pOoBw4GhMwcrDCvmZYlpqfKTs1DzXZKGWyWAMK_m21FahzozeZehGbnivofGkFRV46YrFA1OElVVwPjjgkDjcGVW_LSEIMyD5&amp;__tn__=-]K-R\"><span class=\"xt0psk2\">Fabbrica in Pedavena Valle Agordina<\/span><\/a><\/div>\n<p>&nbsp;<\/p>\n<p><a class=\"dt-pswp-item\" href=\"https:\/\/www.radiopiu.net\/wordpress\/wp-content\/uploads\/2023\/07\/358018800_10231459228450719_88951740720019640_n.jpg\" data-dt-img-description=\"\" data-large_image_width=\"251\" data-large_image_height=\"252\"><img loading=\"lazy\" decoding=\"async\" class=\"size-full wp-image-342617 aligncenter\" src=\"https:\/\/www.radiopiu.net\/wordpress\/wp-content\/uploads\/2023\/07\/358018800_10231459228450719_88951740720019640_n.jpg\" alt=\"\" width=\"251\" height=\"252\" srcset=\"https:\/\/www.radiopiu.net\/wordpress\/wp-content\/uploads\/2023\/07\/358018800_10231459228450719_88951740720019640_n.jpg 251w, https:\/\/www.radiopiu.net\/wordpress\/wp-content\/uploads\/2023\/07\/358018800_10231459228450719_88951740720019640_n-150x150.jpg 150w\" sizes=\"auto, (max-width: 251px) 100vw, 251px\" \/><\/a><\/p>\n<p>&nbsp;<\/p>\n<p>&nbsp;<\/p>\n<blockquote class=\"wp-embedded-content\" data-secret=\"PK8v7ONI89\"><p><a href=\"https:\/\/www.radiopiu.net\/wordpress\/40-anni-sui-piu-importanti-giornali-della-provincia-corriere-delle-alpi-amico-del-popolo-la-usc-di-ladins\/\">40 ANNI SUI PIU&#8217; IMPORTANTI GIORNALI DELLA PROVINCIA, CORRIERE DELLE ALPI, AMICO DEL POPOLO, LA USC DI LADINS<\/a><\/p><\/blockquote>\n<p><iframe loading=\"lazy\" class=\"wp-embedded-content\" sandbox=\"allow-scripts\" security=\"restricted\" style=\"position: absolute; clip: rect(1px, 1px, 1px, 1px);\" title=\"&#8220;40 ANNI SUI PIU&#8217; IMPORTANTI GIORNALI DELLA PROVINCIA, CORRIERE DELLE ALPI, AMICO DEL POPOLO, LA USC DI LADINS&#8221; &#8212; Radio Pi\u00f9\" src=\"https:\/\/www.radiopiu.net\/wordpress\/40-anni-sui-piu-importanti-giornali-della-provincia-corriere-delle-alpi-amico-del-popolo-la-usc-di-ladins\/embed\/#?secret=IYO2tgWXVL#?secret=PK8v7ONI89\" data-secret=\"PK8v7ONI89\" width=\"600\" height=\"338\" frameborder=\"0\" marginwidth=\"0\" marginheight=\"0\" scrolling=\"no\"><\/iframe><\/p>\n<p>&nbsp;<\/p>\n<p>&nbsp;<\/p>\n<h2><span style=\"color: #ff0000;\">PROSSIMAMENTE&#8230;\u00a0<\/span><\/h2>\n<blockquote>\n<h3>L&#8217;ULTIMO DIPINTO DI DUNIO PICCOLIN<\/h3>\n<\/blockquote>\n<p><strong>CANALE D&#8217;AGORDO<\/strong> Lunedi alle 17.30 a casa Salton-Zanoner\u00a0 sar\u00e0 inaugurato il dipinto murale &#8220;il paese che fu&#8221; di Dunio Piccolin. Verr\u00e0 scoperto anche il dipinto murale dei bimbi della casa<\/p>\n<p>&nbsp;<\/p>\n\n\t\t\t<style type='text\/css'>\n\t\t\t\t#gallery-2 {\n\t\t\t\t\tmargin: auto;\n\t\t\t\t}\n\t\t\t\t#gallery-2 .gallery-item {\n\t\t\t\t\tfloat: left;\n\t\t\t\t\tmargin-top: 10px;\n\t\t\t\t\ttext-align: center;\n\t\t\t\t\twidth: 50%;\n\t\t\t\t}\n\t\t\t\t#gallery-2 img {\n\t\t\t\t\tborder: 2px solid #cfcfcf;\n\t\t\t\t}\n\t\t\t\t#gallery-2 .gallery-caption {\n\t\t\t\t\tmargin-left: 0;\n\t\t\t\t}\n\t\t\t\t\/* see gallery_shortcode() in wp-includes\/media.php *\/\n\t\t\t<\/style>\n\t\t<div id='gallery-2' class='dt-gallery-container gallery galleryid-342838 gallery-columns-2 gallery-size-medium'><dl class='gallery-item'>\n\t\t\t\t<dt class='gallery-icon portrait'>\n\t\t\t\t\t<a class=\"rollover rollover-zoom dt-pswp-item\" title=\"DUNIO2\" data-dt-img-description=\"\" data-large_image_width=\"256\" data-large_image_height=\"274\"href='https:\/\/www.radiopiu.net\/wordpress\/wp-content\/uploads\/2023\/07\/DUNIO2.png'><img loading=\"lazy\" decoding=\"async\" width=\"256\" height=\"274\" src=\"https:\/\/www.radiopiu.net\/wordpress\/wp-content\/uploads\/2023\/07\/DUNIO2.png\" class=\"attachment-medium size-medium\" alt=\"\" \/><\/a>\n\t\t\t\t<\/dt><\/dl><dl class='gallery-item'>\n\t\t\t\t<dt class='gallery-icon landscape'>\n\t\t\t\t\t<a class=\"rollover rollover-zoom dt-pswp-item\" title=\"DUNIO1\" data-dt-img-description=\"\" data-large_image_width=\"294\" data-large_image_height=\"271\"href='https:\/\/www.radiopiu.net\/wordpress\/wp-content\/uploads\/2023\/07\/DUNIO1.png'><img loading=\"lazy\" decoding=\"async\" width=\"294\" height=\"271\" src=\"https:\/\/www.radiopiu.net\/wordpress\/wp-content\/uploads\/2023\/07\/DUNIO1.png\" class=\"attachment-medium size-medium\" alt=\"\" \/><\/a>\n\t\t\t\t<\/dt><\/dl><br style=\"clear: both\" \/>\n\t\t\t<\/div>\n\n<p>&nbsp;<\/p>\n<blockquote>\n<h3>SI PARLA DEL LUPO IN SALA DON TAMIS<\/h3>\n<\/blockquote>\n<p><strong>AGORDO <\/strong>Prosegue la serie di incontri informativi per la popolazione dedicati al tema del ritorno del lupo e alla sua convivenza con le attivit\u00e0 umane. Dopo Forno di Zoldo, Lamon, Cesiomaggiore e Sedico \u00e8 ora la volta di Agordo. Marted\u00ec 11 luglio, alle ore 20.00, la sala don Tamis di Agordo ospita una nuova serata informativa sul lupo, rivolta a tutta la popolazione. La serata \u00e8 organizzata grazie alla collaborazione tra il Parco Nazionale Dolomiti Bellunesi e l\u2019Unione Montana Agordina.<\/p>\n<p>&nbsp;<\/p>\n<blockquote>\n<h3>ESTATE A FORCELLA AURINE. LEZIONE DI YOGA<\/h3>\n<\/blockquote>\n<p><strong>GOSALDO<\/strong> Continuano gli appuntamenti di Estate a Forcella Aurine. Sabato 15 luglio una mattinata di Yoga e Pilates con Serena De March ed Elisa Scariot. Domenica 16 torna la musica live con Chiara e Fausto.<\/p>\n<p>&nbsp;<\/p>\n<blockquote>\n<h3>LA MOSTRA DI RENZO MIOLA<\/h3>\n<\/blockquote>\n<p><strong>AGORDO<\/strong> Dal 15 al 30 luglio alla Sala Don Tamis di Agordo verranno esposti i lavori di Renzo Miola. La mostra sar\u00e0 visitabile tutti i giorni dalle 17 alle 19:30, Mercoled\u00ec, sabato e domenica anche al mattino dalle 10 alle 12.<\/p>\n<p>&nbsp;<\/p>\n<blockquote>\n<h3>UNA SERATA CON ANSELMO CAGNATI<\/h3>\n<\/blockquote>\n<p><strong>FALCADE<\/strong> Gioved\u00ec 20 luglio alle 21 alla Casa della Giovent\u00f9 di Caviola una serata con Anselmo Cagnati dal titolo &#8220;Tjikko, con i cani da slitta del grande nord&#8221;<\/p>\n<p>&nbsp;<\/p>\n<blockquote>\n<h3>LA SANTA MESSA AL COL DE SAN LUGAN<\/h3>\n<\/blockquote>\n<p><strong>TAIBON<\/strong> Sabato 22 luglio alle 10:30 al Col De San Lugan in Valle di San Lucano verr\u00e0 celebrata la Santa Messa. Pranzo al sacco.<\/p>\n<p>&nbsp;<\/p>\n<blockquote>\n<h3>LA STUA, DOVE RINASCE LO STUDIO BALLIS<\/h3>\n<\/blockquote>\n<p><strong>ALLEGHE<\/strong> Sabato 22 luglio alle 18 in Corso Venezia a Masare&#8217;, Laura Ballis con Vico Calabro&#8217; e Giovanni Sogne inaugura il nuovo studio d&#8217;arte &#8220;La Stua&#8221;, rinato dopo la tempesta Vaia dell&#8217;autunno 2018.<\/p>\n\n\t\t\t<style type='text\/css'>\n\t\t\t\t#gallery-3 {\n\t\t\t\t\tmargin: auto;\n\t\t\t\t}\n\t\t\t\t#gallery-3 .gallery-item {\n\t\t\t\t\tfloat: left;\n\t\t\t\t\tmargin-top: 10px;\n\t\t\t\t\ttext-align: center;\n\t\t\t\t\twidth: 50%;\n\t\t\t\t}\n\t\t\t\t#gallery-3 img {\n\t\t\t\t\tborder: 2px solid #cfcfcf;\n\t\t\t\t}\n\t\t\t\t#gallery-3 .gallery-caption {\n\t\t\t\t\tmargin-left: 0;\n\t\t\t\t}\n\t\t\t\t\/* see gallery_shortcode() in wp-includes\/media.php *\/\n\t\t\t<\/style>\n\t\t<div id='gallery-3' class='dt-gallery-container gallery galleryid-342838 gallery-columns-2 gallery-size-medium'><dl class='gallery-item'>\n\t\t\t\t<dt class='gallery-icon landscape'>\n\t\t\t\t\t<a class=\"rollover rollover-zoom dt-pswp-item\" title=\"prima\" data-dt-img-description=\"\" data-large_image_width=\"266\" data-large_image_height=\"162\"href='https:\/\/www.radiopiu.net\/wordpress\/wp-content\/uploads\/2023\/07\/prima.png'><img loading=\"lazy\" decoding=\"async\" width=\"266\" height=\"162\" src=\"https:\/\/www.radiopiu.net\/wordpress\/wp-content\/uploads\/2023\/07\/prima.png\" class=\"attachment-medium size-medium\" alt=\"\" aria-describedby=\"gallery-3-342762\" \/><\/a>\n\t\t\t\t<\/dt>\n\t\t\t\t\t<dd class='wp-caption-text gallery-caption' id='gallery-3-342762'>\n\t\t\t\t\tPOST VAIA\n\t\t\t\t\t<\/dd><\/dl><dl class='gallery-item'>\n\t\t\t\t<dt class='gallery-icon landscape'>\n\t\t\t\t\t<a class=\"rollover rollover-zoom dt-pswp-item\" title=\"oggi\" data-dt-img-description=\"\" data-large_image_width=\"273\" data-large_image_height=\"196\"href='https:\/\/www.radiopiu.net\/wordpress\/wp-content\/uploads\/2023\/07\/oggi.png'><img loading=\"lazy\" decoding=\"async\" width=\"273\" height=\"196\" src=\"https:\/\/www.radiopiu.net\/wordpress\/wp-content\/uploads\/2023\/07\/oggi.png\" class=\"attachment-medium size-medium\" alt=\"\" aria-describedby=\"gallery-3-342761\" \/><\/a>\n\t\t\t\t<\/dt>\n\t\t\t\t\t<dd class='wp-caption-text gallery-caption' id='gallery-3-342761'>\n\t\t\t\t\tOGGI\n\t\t\t\t\t<\/dd><\/dl><br style=\"clear: both\" \/>\n\t\t\t<\/div>\n\n<blockquote>\n<h3><\/h3>\n<h3>L&#8217;ESTATE DEI MERCATINI AD AGORDO<\/h3>\n<\/blockquote>\n<p><strong>AGORDO<\/strong> Tornano i mercatini d&#8217;estate ad Agordo. Il primo appuntamento domenica 23 luglio dalle 6 alle 19 sul Broi di Agordo con il mercatino dell&#8217;antiquariato. Per informazioni 349 3984682<\/p>\n<p>&nbsp;<\/p>\n<blockquote class=\"wp-embedded-content\" data-secret=\"PvYxgEEDxD\"><p><a href=\"https:\/\/www.radiopiu.net\/wordpress\/il-programma-degli-eventi-estivi-dedicati-al-beato-papa-giovanni-paolo-i\/\">IL PROGRAMMA DEGLI EVENTI ESTIVI DEDICATI AL BEATO PAPA GIOVANNI PAOLO I<\/a><\/p><\/blockquote>\n<p><iframe loading=\"lazy\" class=\"wp-embedded-content\" sandbox=\"allow-scripts\" security=\"restricted\" style=\"position: absolute; clip: rect(1px, 1px, 1px, 1px);\" title=\"&#8220;IL PROGRAMMA DEGLI EVENTI ESTIVI DEDICATI AL BEATO PAPA GIOVANNI PAOLO I&#8221; &#8212; Radio Pi\u00f9\" src=\"https:\/\/www.radiopiu.net\/wordpress\/il-programma-degli-eventi-estivi-dedicati-al-beato-papa-giovanni-paolo-i\/embed\/#?secret=zoYBbeodzw#?secret=PvYxgEEDxD\" data-secret=\"PvYxgEEDxD\" width=\"600\" height=\"338\" frameborder=\"0\" marginwidth=\"0\" marginheight=\"0\" scrolling=\"no\"><\/iframe><\/p>\n<p>&nbsp;<\/p>\n<hr \/>\n<p>&nbsp;<\/p>\n<blockquote class=\"wp-embedded-content\" data-secret=\"f1B3fBhPOb\"><p><a href=\"https:\/\/www.radiopiu.net\/wordpress\/il-viaggio-in-terra-irlandese-con-claudia-magic-teacher-day-3\/\">IL VIAGGIO IN TERRA IRLANDESE CON CLAUDIA MAGIC TEACHER E IL CAMPE &#8211; in aggiornamento<\/a><\/p><\/blockquote>\n<p><iframe loading=\"lazy\" class=\"wp-embedded-content\" sandbox=\"allow-scripts\" security=\"restricted\" style=\"position: absolute; clip: rect(1px, 1px, 1px, 1px);\" title=\"&#8220;IL VIAGGIO IN TERRA IRLANDESE CON CLAUDIA MAGIC TEACHER E IL CAMPE &#8211; in aggiornamento&#8221; &#8212; Radio Pi\u00f9\" src=\"https:\/\/www.radiopiu.net\/wordpress\/il-viaggio-in-terra-irlandese-con-claudia-magic-teacher-day-3\/embed\/#?secret=BwtHKnzAvp#?secret=f1B3fBhPOb\" data-secret=\"f1B3fBhPOb\" width=\"600\" height=\"338\" frameborder=\"0\" marginwidth=\"0\" marginheight=\"0\" scrolling=\"no\"><\/iframe><\/p>\n<p>&nbsp;<\/p>\n<hr \/>\n<p>&nbsp;<\/p>\n<blockquote>\n<h3>APERITIVO ? MA MAI SENZA MUSICA<\/h3>\n<\/blockquote>\n<p><a class=\"dt-pswp-item\" href=\"https:\/\/www.radiopiu.net\/wordpress\/wp-content\/uploads\/2023\/07\/d86dbc06-7161-49d4-b544-90770e85269f.jpg\" data-dt-img-description=\"\" data-large_image_width=\"1448\" data-large_image_height=\"2048\"><img loading=\"lazy\" decoding=\"async\" class=\" wp-image-342766 alignleft\" src=\"https:\/\/www.radiopiu.net\/wordpress\/wp-content\/uploads\/2023\/07\/d86dbc06-7161-49d4-b544-90770e85269f-212x300.jpg\" alt=\"\" width=\"133\" height=\"189\" srcset=\"https:\/\/www.radiopiu.net\/wordpress\/wp-content\/uploads\/2023\/07\/d86dbc06-7161-49d4-b544-90770e85269f-212x300.jpg 212w, https:\/\/www.radiopiu.net\/wordpress\/wp-content\/uploads\/2023\/07\/d86dbc06-7161-49d4-b544-90770e85269f-724x1024.jpg 724w, https:\/\/www.radiopiu.net\/wordpress\/wp-content\/uploads\/2023\/07\/d86dbc06-7161-49d4-b544-90770e85269f-768x1086.jpg 768w, https:\/\/www.radiopiu.net\/wordpress\/wp-content\/uploads\/2023\/07\/d86dbc06-7161-49d4-b544-90770e85269f-1086x1536.jpg 1086w, https:\/\/www.radiopiu.net\/wordpress\/wp-content\/uploads\/2023\/07\/d86dbc06-7161-49d4-b544-90770e85269f.jpg 1448w\" sizes=\"auto, (max-width: 133px) 100vw, 133px\" \/><\/a>Dimentica la routine, concediti un momento di relax e divertimento con amici e familiari. L&#8217;aperitivo in musica all&#8217;Hotel Stella Alpina in piazza a Falcade \u00e8 l&#8217;occasione perfetta per socializzare e creare ricordi preziosi.Ogni venerd\u00ec di luglio ed agosto, l&#8217;Hotel Stella Alpina vi accoglie per una serata di puro divertimento, dalle 18 alle 21. I\u00a0venerdi di luglio ed agosto allo Stella alpina, appuntamento con la buona musica e le specialit\u00e0 che sapranno deliziarvi il palato. INFO 0437 599046. <a class=\"moz-txt-link-abbreviated\" href=\"http:\/\/WWW.HOTEL\">WWW.HOTEL<\/a> STELLA ALPINA . COM<br \/>\n<strong>VENERDI 7 LUGLIO<\/strong> FIESTA SOUND CON FERRUCCIO E ANDREA, sul piatto I MITICI PANINI DEL NARCI<br \/>\n<strong>VENERDI 14 LUGLIO\u00a0<\/strong> RE-UNION IN CONCERTO, dalla cucina: SERATA ROMANA CON AMATRICIANA, CACIO E PEPE.<br \/>\n<strong>VENERDI 21 LUGLIO<\/strong> IL RITORNO DEI JPM, saranno serviti PANINI CON PORCHETTA E SALSA COLESLAW<\/p>\n<p>&nbsp;<\/p>\n<hr \/>\n<p>&nbsp;<\/p>\n<div dir=\"auto\">\n<div class=\"message spoilers-container\" dir=\"auto\">\n<div>\n<div class=\"b654a4as d2edcug0\">\n<div class=\"rq0escxv hkbzh7o3 jwdofwj8 n8tt0mok r8blr3vg hyh9befq\">\n<p><a class=\"dt-pswp-item\" href=\"https:\/\/www.radiopiu.net\/wordpress\/wp-content\/uploads\/2020\/10\/pp.jpg\" data-dt-img-description=\"\" data-large_image_width=\"640\" data-large_image_height=\"640\"><img loading=\"lazy\" decoding=\"async\" class=\"wp-image-163678 alignleft\" src=\"https:\/\/www.radiopiu.net\/wordpress\/wp-content\/uploads\/2020\/10\/pp-300x300.jpg\" alt=\"\" width=\"106\" height=\"106\" srcset=\"https:\/\/www.radiopiu.net\/wordpress\/wp-content\/uploads\/2020\/10\/pp-300x300.jpg 300w, https:\/\/www.radiopiu.net\/wordpress\/wp-content\/uploads\/2020\/10\/pp-150x150.jpg 150w, https:\/\/www.radiopiu.net\/wordpress\/wp-content\/uploads\/2020\/10\/pp-125x125.jpg 125w, https:\/\/www.radiopiu.net\/wordpress\/wp-content\/uploads\/2020\/10\/pp-200x200.jpg 200w, https:\/\/www.radiopiu.net\/wordpress\/wp-content\/uploads\/2020\/10\/pp-80x80.jpg 80w, https:\/\/www.radiopiu.net\/wordpress\/wp-content\/uploads\/2020\/10\/pp-480x480.jpg 480w, https:\/\/www.radiopiu.net\/wordpress\/wp-content\/uploads\/2020\/10\/pp.jpg 640w\" sizes=\"auto, (max-width: 106px) 100vw, 106px\" \/><\/a><\/p>\n<\/div>\n<\/div>\n<\/div>\n<\/div>\n<div class=\"message spoilers-container\" dir=\"auto\">\n<div class=\"page-title-head hgroup\">\n<div class=\"page-title-head hgroup\">\n<div class=\"b654a4as d2edcug0\">\n<div class=\"j83agx80 btwxx1t3 lhclo0ds hop8lmos nkwizq5d scwd0bx6 roh60bw9\">\n<div class=\"rq0escxv hkbzh7o3 jwdofwj8 n8tt0mok r8blr3vg hyh9befq\">\n<div class=\"do00u71z l9j0dhe7 k4urcfbm\" style=\"text-align: left;\">\n<h2><span style=\"color: #000080;\">DON CESARE, IL PENSIERO DEL GIORNO. ALLA RADIO ALLE 7 DEL MATTINO E ALLE 19.30 DELLA SERA<\/span><\/h2>\n<\/div>\n<\/div>\n<\/div>\n<\/div>\n<\/div>\n<\/div>\n<\/div>\n<\/div>\n<div class=\"message spoilers-container\" dir=\"auto\">\n<div class=\"column\">\n<div class=\"message spoilers-container\" dir=\"auto\">\n<div class=\"column\">\n<audio class=\"wp-audio-shortcode\" id=\"audio-342838-10\" preload=\"none\" style=\"width: 100%;\" controls=\"controls\"><source type=\"audio\/mpeg\" src=\"https:\/\/www.radiopiu.net\/wordpress\/wp-content\/uploads\/2023\/07\/CESARE-4.mp3?_=10\" \/><a href=\"https:\/\/www.radiopiu.net\/wordpress\/wp-content\/uploads\/2023\/07\/CESARE-4.mp3\">https:\/\/www.radiopiu.net\/wordpress\/wp-content\/uploads\/2023\/07\/CESARE-4.mp3<\/a><\/audio>\n<p>&nbsp;<\/p>\n<p>&nbsp;<\/p>\n<p>&nbsp;<\/p>\n<hr \/>\n<p>&nbsp;<\/p>\n<h2><strong><a class=\"dt-pswp-item\" href=\"https:\/\/www.radiopiu.net\/wordpress\/wp-content\/uploads\/2023\/01\/leandro-grones.png\" data-dt-img-description=\"\" data-large_image_width=\"854\" data-large_image_height=\"496\"><img loading=\"lazy\" decoding=\"async\" class=\" wp-image-315560 alignleft\" src=\"https:\/\/www.radiopiu.net\/wordpress\/wp-content\/uploads\/2023\/01\/leandro-grones-300x174.png\" alt=\"\" width=\"226\" height=\"131\" \/><\/a><\/strong><span style=\"color: #33cccc;\">LA RASSEGNA STAMPA DA L&#8217;AMICO DEL POPOLO<\/span><\/h2>\n<p><strong>DI GIANNI SANTOMASO<\/strong><\/p>\n<p>Ospite: Leandro Grones, sindaco di Livinallongo del Col di Lana<\/p>\n<audio class=\"wp-audio-shortcode\" id=\"audio-342838-11\" preload=\"none\" style=\"width: 100%;\" controls=\"controls\"><source type=\"audio\/mpeg\" src=\"https:\/\/www.radiopiu.net\/wordpress\/wp-content\/uploads\/2023\/07\/RASSEGNA-GIANNI.mp3?_=11\" \/><a href=\"https:\/\/www.radiopiu.net\/wordpress\/wp-content\/uploads\/2023\/07\/RASSEGNA-GIANNI.mp3\">https:\/\/www.radiopiu.net\/wordpress\/wp-content\/uploads\/2023\/07\/RASSEGNA-GIANNI.mp3<\/a><\/audio>\n<p>&nbsp;<\/p>\n<p>&nbsp;<\/p>\n<hr \/>\n<p>&nbsp;<\/p>\n<p><img loading=\"lazy\" decoding=\"async\" class=\"aligncenter wp-image-61954 size-full\" src=\"https:\/\/www.radiopiu.net\/wordpress\/wp-content\/uploads\/2018\/09\/viabilita.jpeg\" sizes=\"auto, (max-width: 800px) 100vw, 800px\" srcset=\"https:\/\/www.radiopiu.net\/wordpress\/wp-content\/uploads\/2018\/09\/viabilita.jpeg 800w, https:\/\/www.radiopiu.net\/wordpress\/wp-content\/uploads\/2018\/09\/viabilita-300x38.jpeg 300w, https:\/\/www.radiopiu.net\/wordpress\/wp-content\/uploads\/2018\/09\/viabilita-768x96.jpeg 768w\" alt=\"\" width=\"800\" height=\"100\" \/><\/p>\n<\/div>\n<\/div>\n<div class=\"message spoilers-container\" dir=\"auto\">\n<div class=\"column\">\n<p>&nbsp;<\/p>\n<\/div>\n<\/div>\n<\/div>\n<\/div>\n<blockquote class=\"wp-embedded-content\" data-secret=\"dskwxtH46u\"><p><a href=\"https:\/\/www.radiopiu.net\/wordpress\/viabilita\/\">viabilita<\/a><\/p><\/blockquote>\n<p><iframe loading=\"lazy\" class=\"wp-embedded-content\" sandbox=\"allow-scripts\" security=\"restricted\" style=\"position: absolute; clip: rect(1px, 1px, 1px, 1px);\" title=\"&#8220;viabilita&#8221; &#8212; Radio Pi\u00f9\" src=\"https:\/\/www.radiopiu.net\/wordpress\/viabilita\/embed\/#?secret=7XtjLQJcZL#?secret=dskwxtH46u\" data-secret=\"dskwxtH46u\" width=\"600\" height=\"338\" frameborder=\"0\" marginwidth=\"0\" marginheight=\"0\" scrolling=\"no\"><\/iframe><\/p>\n<div class=\"message spoilers-container\" dir=\"auto\">\n<div class=\"column\">\n<div class=\"message spoilers-container\" dir=\"auto\">\n<div class=\"column\">\n<div>\n<div dir=\"ltr\">\n<div class=\"gmail_quote\">\n<div dir=\"ltr\">\n<div><\/div>\n<div>\n<hr \/>\n<\/div>\n<div><a class=\"dt-pswp-item\" href=\"https:\/\/www.radiopiu.net\/wordpress\/wp-content\/uploads\/2023\/06\/07493af4-f8e1-4ce3-bb99-e0a40362939f.jpg\" data-dt-img-description=\"\" data-large_image_width=\"1417\" data-large_image_height=\"1481\"><img loading=\"lazy\" decoding=\"async\" class=\"wp-image-339869 aligncenter\" src=\"https:\/\/www.radiopiu.net\/wordpress\/wp-content\/uploads\/2023\/06\/07493af4-f8e1-4ce3-bb99-e0a40362939f-980x1024.jpg\" alt=\"\" width=\"382\" height=\"399\" srcset=\"https:\/\/www.radiopiu.net\/wordpress\/wp-content\/uploads\/2023\/06\/07493af4-f8e1-4ce3-bb99-e0a40362939f-980x1024.jpg 980w, https:\/\/www.radiopiu.net\/wordpress\/wp-content\/uploads\/2023\/06\/07493af4-f8e1-4ce3-bb99-e0a40362939f-287x300.jpg 287w, https:\/\/www.radiopiu.net\/wordpress\/wp-content\/uploads\/2023\/06\/07493af4-f8e1-4ce3-bb99-e0a40362939f-768x803.jpg 768w, https:\/\/www.radiopiu.net\/wordpress\/wp-content\/uploads\/2023\/06\/07493af4-f8e1-4ce3-bb99-e0a40362939f.jpg 1417w\" sizes=\"auto, (max-width: 382px) 100vw, 382px\" \/><\/a><\/div>\n<div><\/div>\n<\/div>\n<\/div>\n<\/div>\n<\/div>\n<hr \/>\n<p>&nbsp;<\/p>\n<p><a class=\"dt-pswp-item\" href=\"https:\/\/www.radiopiu.net\/wordpress\/wp-content\/uploads\/2018\/09\/WhatsApp-Image-2018-09-20-at-16.04.06.jpeg\" data-dt-img-description=\"\" data-large_image_width=\"800\" data-large_image_height=\"100\"><img loading=\"lazy\" decoding=\"async\" class=\"wp-image-61378 size-full aligncenter\" src=\"https:\/\/www.radiopiu.net\/wordpress\/wp-content\/uploads\/2018\/09\/WhatsApp-Image-2018-09-20-at-16.04.06.jpeg\" alt=\"\" width=\"800\" height=\"100\" srcset=\"https:\/\/www.radiopiu.net\/wordpress\/wp-content\/uploads\/2018\/09\/WhatsApp-Image-2018-09-20-at-16.04.06.jpeg 800w, https:\/\/www.radiopiu.net\/wordpress\/wp-content\/uploads\/2018\/09\/WhatsApp-Image-2018-09-20-at-16.04.06-300x38.jpeg 300w, https:\/\/www.radiopiu.net\/wordpress\/wp-content\/uploads\/2018\/09\/WhatsApp-Image-2018-09-20-at-16.04.06-768x96.jpeg 768w\" sizes=\"auto, (max-width: 800px) 100vw, 800px\" \/><\/a><\/p>\n<\/div>\n<\/div>\n<div class=\"message spoilers-container\" dir=\"auto\">\n<p>&nbsp;<\/p>\n<p style=\"text-align: center;\"><strong>OGGI<\/strong><\/p>\n<p>Cielo irregolarmente nuvoloso con addensamenti a tratti consistenti alternati a parziali schiarite pi\u00f9 significative dalla sera\/notte.<br \/>\n<strong>Precipitazioni.<\/strong> Nel corso della giornata probabilit\u00e0 medio-alta (50-75%) di precipitazioni intermittenti da sparse a diffuse anche con rovesci e temporali, specie nelle ore centrali non del tutto esclusi locali fenomeni intensi. Attenuazione dei fenomeni in serata.<br \/>\n<strong>Temperature.<\/strong> In lieve o contenuta diminuzione specie le massime, con valori minimi prossimi alla norma e misurati a fine giornata e quelli massimi inferiori alle medie stagionali; escursione termica giornaliera pi\u00f9 contenuta rispetto ai giorni precedenti.<\/p>\n<p style=\"text-align: center;\"><strong>DOMANI<\/strong><\/p>\n<p>Tempo pi\u00f9 stabile e pi\u00f9 soleggiato rispetto ai giorni precedenti con cielo sereno o poco nuvoloso soprattutto sulle zone prealpine, mentre sulle Dolomiti specie nelle ore calde saranno possibili addensamenti a sviluppo cumuliforme associati a qualche fenomeno.<br \/>\n<strong>Precipitazioni.<\/strong>\u00a0Sulle Prealpi assenti (0%); sulle Dolomiti assenti (0%) al mattino, non del tutto esclusi locali fenomeni (10-20%) nel pomeriggio.<br \/>\n<strong>Temperature.<\/strong> Minime in lieve o contenuto calo, massime in aumento anche sensibile, su valori prossimi alla norma; significativa escursione termica giornaliera<\/p>\n<p style=\"text-align: center;\"><strong>SABATO<\/strong><\/p>\n<p>Al mattino cielo sereno o poco nuvoloso, con probabili addensamenti nelle ore diurne associati a qualche possibile e locale fenomeno anche a carattere di rovescio o di temporale specie sulle Dolomiti. Temperature in aumento con valori termici prossimi alla norma o di qualche grado pi\u00f9 alti; clima estivo.<\/p>\n<p style=\"text-align: center;\"><strong>DOMENICA<\/strong><\/p>\n<p>Tempo in prevalenza stabile e ben soleggiato specie al mattino. Nelle ore calde possibili annuvolamenti cumuliformi soprattutto sulle Dolomiti, associati ad eventuali, sporadici e brevi fenomeni di calore. Temperature in ulteriore lieve aumento su valori superiori alla norma<\/p>\n<\/div>\n<p>&nbsp;<\/p>\n<div class=\"message spoilers-container\" dir=\"auto\">\n<hr \/>\n<p>&nbsp;<\/p>\n<p><a class=\"dt-pswp-item\" href=\"https:\/\/www.radiopiu.net\/wordpress\/wp-content\/uploads\/2018\/09\/sport.jpg\" data-dt-img-description=\"\" data-large_image_width=\"800\" data-large_image_height=\"100\"><img loading=\"lazy\" decoding=\"async\" class=\"aligncenter wp-image-60761 size-full\" src=\"https:\/\/www.radiopiu.net\/wordpress\/wp-content\/uploads\/2018\/09\/sport.jpg\" alt=\"\" width=\"800\" height=\"100\" srcset=\"https:\/\/www.radiopiu.net\/wordpress\/wp-content\/uploads\/2018\/09\/sport.jpg 800w, https:\/\/www.radiopiu.net\/wordpress\/wp-content\/uploads\/2018\/09\/sport-300x38.jpg 300w, https:\/\/www.radiopiu.net\/wordpress\/wp-content\/uploads\/2018\/09\/sport-768x96.jpg 768w\" sizes=\"auto, (max-width: 800px) 100vw, 800px\" \/><\/a><\/p>\n<\/div>\n<div class=\"message spoilers-container\" dir=\"auto\">\n<p>&nbsp;<\/p>\n<p><span style=\"color: #0000ff;\"><strong>NUOTO<\/strong><\/span><\/p>\n<blockquote>\n<h3>NUOTO PARALIMPICO, MEDAGLIE TRICOLORI AI CAMPIONATI ITALIANI ASSOLUTI<\/h3>\n<\/blockquote>\n<p><span id=\"page2R_mcid5\" class=\"markedContent\"><a class=\"dt-pswp-item\" href=\"https:\/\/www.radiopiu.net\/wordpress\/wp-content\/uploads\/2023\/07\/Silvia_Casagrande_con_Belletti_e_Dal_Paos.jpg\" data-dt-img-description=\"\" data-large_image_width=\"2048\" data-large_image_height=\"1537\"><img loading=\"lazy\" decoding=\"async\" class=\" wp-image-342905 alignleft\" src=\"https:\/\/www.radiopiu.net\/wordpress\/wp-content\/uploads\/2023\/07\/Silvia_Casagrande_con_Belletti_e_Dal_Paos-300x225.jpg\" alt=\"\" width=\"203\" height=\"152\" srcset=\"https:\/\/www.radiopiu.net\/wordpress\/wp-content\/uploads\/2023\/07\/Silvia_Casagrande_con_Belletti_e_Dal_Paos-300x225.jpg 300w, https:\/\/www.radiopiu.net\/wordpress\/wp-content\/uploads\/2023\/07\/Silvia_Casagrande_con_Belletti_e_Dal_Paos-1024x769.jpg 1024w, https:\/\/www.radiopiu.net\/wordpress\/wp-content\/uploads\/2023\/07\/Silvia_Casagrande_con_Belletti_e_Dal_Paos-768x576.jpg 768w, https:\/\/www.radiopiu.net\/wordpress\/wp-content\/uploads\/2023\/07\/Silvia_Casagrande_con_Belletti_e_Dal_Paos-1536x1153.jpg 1536w, https:\/\/www.radiopiu.net\/wordpress\/wp-content\/uploads\/2023\/07\/Silvia_Casagrande_con_Belletti_e_Dal_Paos.jpg 2048w\" sizes=\"auto, (max-width: 203px) 100vw, 203px\" \/><\/a><strong>BELLUNO\u00a0<\/strong><span dir=\"ltr\" role=\"presentation\">Soddisfazioni tricolori, per la Sportivamente Belluno, ai Campionati italiani assoluti estivi <\/span><span dir=\"ltr\" role=\"presentation\">\u00a0a Brescia, nella piscina Lamarmora. <\/span><\/span><span id=\"page2R_mcid6\" class=\"markedContent\"><span dir=\"ltr\" role=\"presentation\">Guidati dal tecnico Silvia Casagrande, erano tre gli atleti dolomitici ai blocchi di partenza: Daniela <\/span><span dir=\"ltr\" role=\"presentation\">Belletti, Eleonora Dal<\/span> <span dir=\"ltr\" role=\"presentation\">Paos<\/span><span dir=\"ltr\" role=\"presentation\"> e <\/span><span dir=\"ltr\" role=\"presentation\">Nicol\u00f2<\/span> <span dir=\"ltr\" role=\"presentation\">Guido Pierni<\/span><span dir=\"ltr\" role=\"presentation\">. <\/span><\/span><span id=\"page2R_mcid7\" class=\"markedContent\"><span dir=\"ltr\" role=\"presentation\">Ottimi, in particolare, i risultati nella classifica divisa per classi:<\/span> <span dir=\"ltr\" role=\"presentation\">da evidenziare l\u2019argento nei 50 stile <\/span><span dir=\"ltr\" role=\"presentation\">e il bronzo nei 50 dorso per Daniela Belletti, mentre Eleonora Dal Paos, dopo un argento nei 50 <\/span><span dir=\"ltr\" role=\"presentation\">stile e un podio sfuggito di poco nei 100 stile, ha conquistato una splendida medaglia d\u2019oro nei 50 <\/span><span dir=\"ltr\" role=\"presentation\">dorso, lasciandosi la seconda a 18 secondi. Pierni, infine, \u00e8 in top ten sia nei 50 stile (ottavo), sia <\/span><span dir=\"ltr\" role=\"presentation\">nei 100 (sesto). <\/span><\/span><span id=\"page2R_mcid8\" class=\"markedContent\"><span dir=\"ltr\" role=\"presentation\">Ora per Daniele ed Eleonora \u00e8 il tempo della meritata pausa, mentre si spostano in acque libere le <\/span><span dir=\"ltr\" role=\"presentation\">nuove sfide di Pierni. Il quale sar\u00e0 impegnato insieme a Enrico Giacomin, a Caorle, sabato 8 e <\/span><span dir=\"ltr\" role=\"presentation\">domenica i due si cimenteranno nell\u2019appuntamento con \u201cNuotiamo Insieme\u201d, sulle distanze <\/span><span dir=\"ltr\" role=\"presentation\">dei 3 e 5 chilometri.\u00a0<\/span><\/span><\/p>\n<p>&nbsp;<\/p>\n<p><span style=\"color: #0000ff;\"><strong>MOTORI<\/strong><\/span><\/p>\n<p>&nbsp;<\/p>\n<\/div>\n<blockquote>\n<h3>DENIS MEZZACASA IN SLOVENIA PER LA SEAT IBIZA CUP<\/h3>\n<\/blockquote>\n<p><strong><img loading=\"lazy\" decoding=\"async\" class=\"alignleft\" src=\"https:\/\/www.radiopiu.net\/wordpress\/wp-content\/uploads\/2023\/07\/402109dc-6884-4e93-b013-2aefbb74ef39.jpg\" width=\"306\" height=\"204\" \/>DI ROBERTO BONA<\/strong><\/p>\n<p>&nbsp;<\/p>\n<p>FOTO GIUSEPPE RANIERI<\/p>\n<p>&nbsp;<\/p>\n<audio class=\"wp-audio-shortcode\" id=\"audio-342838-12\" preload=\"none\" style=\"width: 100%;\" controls=\"controls\"><source type=\"audio\/mpeg\" src=\"https:\/\/www.radiopiu.net\/wordpress\/wp-content\/uploads\/2023\/07\/PodnanosDenis.mp3?_=12\" \/><a href=\"https:\/\/www.radiopiu.net\/wordpress\/wp-content\/uploads\/2023\/07\/PodnanosDenis.mp3\">https:\/\/www.radiopiu.net\/wordpress\/wp-content\/uploads\/2023\/07\/PodnanosDenis.mp3<\/a><\/audio>\n<p>&nbsp;<\/p>\n<p>&nbsp;<\/p>\n<\/div>\n<\/div>\n","protected":false},"excerpt":{"rendered":"<p>40esimo di RADIOPIU\u2026. LA VOCE DELL\u2019EMOZIONE ISCRIVITI AL NOSTRO CANALE\u00a0\u00a0YOUTUBE PER SEGUIRE IN DIRETTA I PRINCIPALI PROGRAMMI DI RADIO PIU\u2019 E LE FUTURE DIRETTE IN ESTERNA. PER ISCRIVERTI\u00a0CLICCA QUI\u00a0E PREMI\u00a0 \u201cIscriviti\u201d\u00a0 TEMPORALE A TAIBON, di Luisa Bulf\u00a0 &nbsp; \u00a0 DA OGGI ALLA RADIO&#8230;ALLE 10,30 E ALLE 19\u00a0 IL NUOVO PROGRAMMA CON IL CONSORZIO PROLOCO DELL&#8217;AGORDINO,&hellip;<\/p>\n","protected":false},"author":4,"featured_media":342949,"comment_status":"closed","ping_status":"closed","sticky":false,"template":"","format":"standard","meta":{"_monsterinsights_skip_tracking":false,"_monsterinsights_sitenote_active":false,"_monsterinsights_sitenote_note":"","_monsterinsights_sitenote_category":0,"footnotes":""},"categories":[51,86,49],"tags":[],"class_list":["post-342838","post","type-post","status-publish","format-standard","has-post-thumbnail","hentry","category-evidenza-top","category-gr","category-news-18","category-51","category-86","category-49","description-off"],"img_url":"https:\/\/www.radiopiu.net\/wordpress\/wp-content\/uploads\/2023\/07\/Senza-nome-4.png","_links":{"self":[{"href":"https:\/\/www.radiopiu.net\/wordpress\/wp-json\/wp\/v2\/posts\/342838","targetHints":{"allow":["GET"]}}],"collection":[{"href":"https:\/\/www.radiopiu.net\/wordpress\/wp-json\/wp\/v2\/posts"}],"about":[{"href":"https:\/\/www.radiopiu.net\/wordpress\/wp-json\/wp\/v2\/types\/post"}],"author":[{"embeddable":true,"href":"https:\/\/www.radiopiu.net\/wordpress\/wp-json\/wp\/v2\/users\/4"}],"replies":[{"embeddable":true,"href":"https:\/\/www.radiopiu.net\/wordpress\/wp-json\/wp\/v2\/comments?post=342838"}],"version-history":[{"count":0,"href":"https:\/\/www.radiopiu.net\/wordpress\/wp-json\/wp\/v2\/posts\/342838\/revisions"}],"wp:featuredmedia":[{"embeddable":true,"href":"https:\/\/www.radiopiu.net\/wordpress\/wp-json\/wp\/v2\/media\/342949"}],"wp:attachment":[{"href":"https:\/\/www.radiopiu.net\/wordpress\/wp-json\/wp\/v2\/media?parent=342838"}],"wp:term":[{"taxonomy":"category","embeddable":true,"href":"https:\/\/www.radiopiu.net\/wordpress\/wp-json\/wp\/v2\/categories?post=342838"},{"taxonomy":"post_tag","embeddable":true,"href":"https:\/\/www.radiopiu.net\/wordpress\/wp-json\/wp\/v2\/tags?post=342838"}],"curies":[{"name":"wp","href":"https:\/\/api.w.org\/{rel}","templated":true}]}}