{"id":342885,"date":"2023-07-21T13:04:29","date_gmt":"2023-07-21T11:04:29","guid":{"rendered":"https:\/\/www.radiopiu.net\/wordpress\/?p=342885"},"modified":"2023-07-22T06:00:35","modified_gmt":"2023-07-22T04:00:35","slug":"domani-il-family-day-fabbrica-e-area-palaluxottica-allestiti-a-festa","status":"publish","type":"post","link":"https:\/\/www.radiopiu.net\/wordpress\/domani-il-family-day-fabbrica-e-area-palaluxottica-allestiti-a-festa\/","title":{"rendered":"OGGI IL FAMILY DAY, FABBRICA E AREA PALALUXOTTICA ALLESTITI A FESTA"},"content":{"rendered":"<blockquote><p><em>Con la nuova Essilux, una\u00a0 \u201cfabbrica in festa\u201d. Palaluxottica sede del &#8220;Paese del Balocchi&#8230;ali&#8221;<\/em><\/p><\/blockquote>\n<p><strong><a class=\"dt-pswp-item\" href=\"https:\/\/www.radiopiu.net\/wordpress\/wp-content\/uploads\/2023\/07\/foto-2011.jpg\" data-dt-img-description=\"\" data-large_image_width=\"800\" data-large_image_height=\"600\"><img loading=\"lazy\" decoding=\"async\" class=\"size-medium wp-image-342886 alignleft\" src=\"https:\/\/www.radiopiu.net\/wordpress\/wp-content\/uploads\/2023\/07\/foto-2011-300x225.jpg\" alt=\"\" width=\"300\" height=\"225\" srcset=\"https:\/\/www.radiopiu.net\/wordpress\/wp-content\/uploads\/2023\/07\/foto-2011-300x225.jpg 300w, https:\/\/www.radiopiu.net\/wordpress\/wp-content\/uploads\/2023\/07\/foto-2011-768x576.jpg 768w, https:\/\/www.radiopiu.net\/wordpress\/wp-content\/uploads\/2023\/07\/foto-2011.jpg 800w\" sizes=\"auto, (max-width: 300px) 100vw, 300px\" \/><\/a>AGORDO<\/strong> L&#8217;ultimo fu quello del 2015, poi la valanga covid 19, lo scorso anno la terribile notizia della scomparsa del Cavalier Leonardo Del Vecchio che ha fatto cancellare tutti gli appuntamenti con la parte ludico-istruttiva del colosso dell&#8217;occhiale. Nel 2015, il Cavaliere con\u00a0 al fianco il Presidente Onorario Luigi Francavilla,\u00a0 aveva\u00a0 fatto visita alle maestranze con le loro famiglie tra gli applausi.<\/p>\n<p>Dopo otto anni, dunque, ritornano\u00a0 i family day, sotto la guida di Francesco Milleri,\u00a0 con la possibilit\u00e0 per i dipendenti del gruppo, loro famigliari ed amici, di visitare lo stabilimento in localit\u00e0 Valcozzena la &#8220;fabbrica&#8221; tanto cara a Leonardo nella sua Agordo e il villaggio\u00a0 allestito per l&#8217;occasione sulla piana dei Mogn, in prossimit\u00e0 e nel Palaluxottica con tanto di tendone da circo, giostre e balocchi per i pi\u00f9 piccoli<\/p>\n<blockquote><p><em>Lo sforzo \u00e8 imponente, le sorprese dietro l\u2019angolo. E chiss\u00e0 se quel giorno qualcuno avr\u00e0 un motivo in pi\u00f9 per pensare, tra tanti bimbi e colori\u2026: \u201cla fabbrica, \u00e8 cos\u00ec bella adesso\u201d!<\/em><\/p>\n<p>&nbsp;<\/p>\n<p><strong>ARCHIVIO RADIOPIU, FAMILY DAY 2015<\/strong><\/p><\/blockquote>\n\n\t\t\t<style type='text\/css'>\n\t\t\t\t#gallery-1 {\n\t\t\t\t\tmargin: auto;\n\t\t\t\t}\n\t\t\t\t#gallery-1 .gallery-item {\n\t\t\t\t\tfloat: left;\n\t\t\t\t\tmargin-top: 10px;\n\t\t\t\t\ttext-align: center;\n\t\t\t\t\twidth: 20%;\n\t\t\t\t}\n\t\t\t\t#gallery-1 img {\n\t\t\t\t\tborder: 2px solid #cfcfcf;\n\t\t\t\t}\n\t\t\t\t#gallery-1 .gallery-caption {\n\t\t\t\t\tmargin-left: 0;\n\t\t\t\t}\n\t\t\t\t\/* see gallery_shortcode() in wp-includes\/media.php *\/\n\t\t\t<\/style>\n\t\t<div id='gallery-1' class='dt-gallery-container gallery galleryid-342885 gallery-columns-5 gallery-size-thumbnail'><dl class='gallery-item'>\n\t\t\t\t<dt class='gallery-icon landscape'>\n\t\t\t\t\t<a class=\"rollover rollover-zoom dt-pswp-item\" title=\"Leonardo Del Vecchio con Massimo Vian\" data-dt-img-description=\"\" data-large_image_width=\"2560\" data-large_image_height=\"1707\"href='https:\/\/www.radiopiu.net\/wordpress\/wp-content\/uploads\/2023\/07\/Leonardo-Del-Vecchio-con-Massimo-Vian-scaled.jpg'><img loading=\"lazy\" decoding=\"async\" width=\"150\" height=\"150\" src=\"https:\/\/www.radiopiu.net\/wordpress\/wp-content\/uploads\/2023\/07\/Leonardo-Del-Vecchio-con-Massimo-Vian-150x150.jpg\" class=\"attachment-thumbnail size-thumbnail\" alt=\"\" \/><\/a>\n\t\t\t\t<\/dt><\/dl><dl class='gallery-item'>\n\t\t\t\t<dt class='gallery-icon portrait'>\n\t\t\t\t\t<a class=\"rollover rollover-zoom dt-pswp-item\" title=\"Leonardo Del Vecchio con Massimo Vian 2\" data-dt-img-description=\"\" data-large_image_width=\"1707\" data-large_image_height=\"2560\"href='https:\/\/www.radiopiu.net\/wordpress\/wp-content\/uploads\/2023\/07\/Leonardo-Del-Vecchio-con-Massimo-Vian-2-scaled.jpg'><img loading=\"lazy\" decoding=\"async\" width=\"150\" height=\"150\" src=\"https:\/\/www.radiopiu.net\/wordpress\/wp-content\/uploads\/2023\/07\/Leonardo-Del-Vecchio-con-Massimo-Vian-2-150x150.jpg\" class=\"attachment-thumbnail size-thumbnail\" alt=\"\" \/><\/a>\n\t\t\t\t<\/dt><\/dl><dl class='gallery-item'>\n\t\t\t\t<dt class='gallery-icon landscape'>\n\t\t\t\t\t<a class=\"rollover rollover-zoom dt-pswp-item\" title=\"Leonardo Del Vecchio con Cav. Luigi Francavilla\" data-dt-img-description=\"\" data-large_image_width=\"2560\" data-large_image_height=\"1707\"href='https:\/\/www.radiopiu.net\/wordpress\/wp-content\/uploads\/2023\/07\/Leonardo-Del-Vecchio-con-Cav.-Luigi-Francavilla-scaled.jpg'><img loading=\"lazy\" decoding=\"async\" width=\"150\" height=\"150\" src=\"https:\/\/www.radiopiu.net\/wordpress\/wp-content\/uploads\/2023\/07\/Leonardo-Del-Vecchio-con-Cav.-Luigi-Francavilla-150x150.jpg\" class=\"attachment-thumbnail size-thumbnail\" alt=\"\" \/><\/a>\n\t\t\t\t<\/dt><\/dl><dl class='gallery-item'>\n\t\t\t\t<dt class='gallery-icon landscape'>\n\t\t\t\t\t<a class=\"rollover rollover-zoom dt-pswp-item\" title=\"Del Vecchio Francavilla salutano dipendenti e ex dipendenti\" data-dt-img-description=\"\" data-large_image_width=\"2560\" data-large_image_height=\"1707\"href='https:\/\/www.radiopiu.net\/wordpress\/wp-content\/uploads\/2023\/07\/Del-Vecchio-Francavilla-salutano-dipendenti-e-ex-dipendenti-scaled.jpg'><img loading=\"lazy\" decoding=\"async\" width=\"150\" height=\"150\" src=\"https:\/\/www.radiopiu.net\/wordpress\/wp-content\/uploads\/2023\/07\/Del-Vecchio-Francavilla-salutano-dipendenti-e-ex-dipendenti-150x150.jpg\" class=\"attachment-thumbnail size-thumbnail\" alt=\"\" \/><\/a>\n\t\t\t\t<\/dt><\/dl><dl class='gallery-item'>\n\t\t\t\t<dt class='gallery-icon landscape'>\n\t\t\t\t\t<a class=\"rollover rollover-zoom dt-pswp-item\" title=\"Visitatori\" data-dt-img-description=\"\" data-large_image_width=\"2560\" data-large_image_height=\"1707\"href='https:\/\/www.radiopiu.net\/wordpress\/wp-content\/uploads\/2023\/07\/Visitatori-scaled.jpg'><img loading=\"lazy\" decoding=\"async\" width=\"150\" height=\"150\" src=\"https:\/\/www.radiopiu.net\/wordpress\/wp-content\/uploads\/2023\/07\/Visitatori-150x150.jpg\" class=\"attachment-thumbnail size-thumbnail\" alt=\"\" \/><\/a>\n\t\t\t\t<\/dt><\/dl><br style=\"clear: both\" \/><dl class='gallery-item'>\n\t\t\t\t<dt class='gallery-icon landscape'>\n\t\t\t\t\t<a class=\"rollover rollover-zoom dt-pswp-item\" title=\"Ingresso\" data-dt-img-description=\"\" data-large_image_width=\"2560\" data-large_image_height=\"1707\"href='https:\/\/www.radiopiu.net\/wordpress\/wp-content\/uploads\/2023\/07\/Ingresso-scaled.jpg'><img loading=\"lazy\" decoding=\"async\" width=\"150\" height=\"150\" src=\"https:\/\/www.radiopiu.net\/wordpress\/wp-content\/uploads\/2023\/07\/Ingresso-150x150.jpg\" class=\"attachment-thumbnail size-thumbnail\" alt=\"\" \/><\/a>\n\t\t\t\t<\/dt><\/dl><dl class='gallery-item'>\n\t\t\t\t<dt class='gallery-icon landscape'>\n\t\t\t\t\t<a class=\"rollover rollover-zoom dt-pswp-item\" title=\"Percorso in fabbrica\" data-dt-img-description=\"\" data-large_image_width=\"2560\" data-large_image_height=\"1707\"href='https:\/\/www.radiopiu.net\/wordpress\/wp-content\/uploads\/2023\/07\/Percorso-in-fabbrica-scaled.jpg'><img loading=\"lazy\" decoding=\"async\" width=\"150\" height=\"150\" src=\"https:\/\/www.radiopiu.net\/wordpress\/wp-content\/uploads\/2023\/07\/Percorso-in-fabbrica-150x150.jpg\" class=\"attachment-thumbnail size-thumbnail\" alt=\"\" \/><\/a>\n\t\t\t\t<\/dt><\/dl><dl class='gallery-item'>\n\t\t\t\t<dt class='gallery-icon landscape'>\n\t\t\t\t\t<a class=\"rollover rollover-zoom dt-pswp-item\" title=\"Ingresso 2\" data-dt-img-description=\"\" data-large_image_width=\"2560\" data-large_image_height=\"1707\"href='https:\/\/www.radiopiu.net\/wordpress\/wp-content\/uploads\/2023\/07\/Ingresso-2-scaled.jpg'><img loading=\"lazy\" decoding=\"async\" width=\"150\" height=\"150\" src=\"https:\/\/www.radiopiu.net\/wordpress\/wp-content\/uploads\/2023\/07\/Ingresso-2-150x150.jpg\" class=\"attachment-thumbnail size-thumbnail\" alt=\"\" \/><\/a>\n\t\t\t\t<\/dt><\/dl><dl class='gallery-item'>\n\t\t\t\t<dt class='gallery-icon landscape'>\n\t\t\t\t\t<a class=\"rollover rollover-zoom dt-pswp-item\" title=\"Piazzale\" data-dt-img-description=\"\" data-large_image_width=\"2560\" data-large_image_height=\"1707\"href='https:\/\/www.radiopiu.net\/wordpress\/wp-content\/uploads\/2023\/07\/Piazzale-scaled.jpg'><img loading=\"lazy\" decoding=\"async\" width=\"150\" height=\"150\" src=\"https:\/\/www.radiopiu.net\/wordpress\/wp-content\/uploads\/2023\/07\/Piazzale-150x150.jpg\" class=\"attachment-thumbnail size-thumbnail\" alt=\"\" \/><\/a>\n\t\t\t\t<\/dt><\/dl><dl class='gallery-item'>\n\t\t\t\t<dt class='gallery-icon landscape'>\n\t\t\t\t\t<a class=\"rollover rollover-zoom dt-pswp-item\" title=\"Giocoliere2\" data-dt-img-description=\"\" data-large_image_width=\"2560\" data-large_image_height=\"1707\"href='https:\/\/www.radiopiu.net\/wordpress\/wp-content\/uploads\/2023\/07\/Giocoliere2-scaled.jpg'><img loading=\"lazy\" decoding=\"async\" width=\"150\" height=\"150\" src=\"https:\/\/www.radiopiu.net\/wordpress\/wp-content\/uploads\/2023\/07\/Giocoliere2-150x150.jpg\" class=\"attachment-thumbnail size-thumbnail\" alt=\"\" \/><\/a>\n\t\t\t\t<\/dt><\/dl><br style=\"clear: both\" \/><dl class='gallery-item'>\n\t\t\t\t<dt class='gallery-icon landscape'>\n\t\t\t\t\t<a class=\"rollover rollover-zoom dt-pswp-item\" title=\"Giocoliere1\" data-dt-img-description=\"\" data-large_image_width=\"2560\" data-large_image_height=\"1707\"href='https:\/\/www.radiopiu.net\/wordpress\/wp-content\/uploads\/2023\/07\/Giocoliere1-scaled.jpg'><img loading=\"lazy\" decoding=\"async\" width=\"150\" height=\"150\" src=\"https:\/\/www.radiopiu.net\/wordpress\/wp-content\/uploads\/2023\/07\/Giocoliere1-150x150.jpg\" class=\"attachment-thumbnail size-thumbnail\" alt=\"\" \/><\/a>\n\t\t\t\t<\/dt><\/dl><dl class='gallery-item'>\n\t\t\t\t<dt class='gallery-icon landscape'>\n\t\t\t\t\t<a class=\"rollover rollover-zoom dt-pswp-item\" title=\"Badge\" data-dt-img-description=\"\" data-large_image_width=\"2560\" data-large_image_height=\"1707\"href='https:\/\/www.radiopiu.net\/wordpress\/wp-content\/uploads\/2023\/07\/Badge-scaled.jpg'><img loading=\"lazy\" decoding=\"async\" width=\"150\" height=\"150\" src=\"https:\/\/www.radiopiu.net\/wordpress\/wp-content\/uploads\/2023\/07\/Badge-150x150.jpg\" class=\"attachment-thumbnail size-thumbnail\" alt=\"\" \/><\/a>\n\t\t\t\t<\/dt><\/dl><dl class='gallery-item'>\n\t\t\t\t<dt class='gallery-icon landscape'>\n\t\t\t\t\t<a class=\"rollover rollover-zoom dt-pswp-item\" title=\"Bimbi\" data-dt-img-description=\"\" data-large_image_width=\"2560\" data-large_image_height=\"1707\"href='https:\/\/www.radiopiu.net\/wordpress\/wp-content\/uploads\/2023\/07\/Bimbi-scaled.jpg'><img loading=\"lazy\" decoding=\"async\" width=\"150\" height=\"150\" src=\"https:\/\/www.radiopiu.net\/wordpress\/wp-content\/uploads\/2023\/07\/Bimbi-150x150.jpg\" class=\"attachment-thumbnail size-thumbnail\" alt=\"\" \/><\/a>\n\t\t\t\t<\/dt><\/dl><dl class='gallery-item'>\n\t\t\t\t<dt class='gallery-icon landscape'>\n\t\t\t\t\t<a class=\"rollover rollover-zoom dt-pswp-item\" title=\"Elicottero - atterraggio\" data-dt-img-description=\"\" data-large_image_width=\"2560\" data-large_image_height=\"1707\"href='https:\/\/www.radiopiu.net\/wordpress\/wp-content\/uploads\/2023\/07\/Elicottero-atterraggio-scaled.jpg'><img loading=\"lazy\" decoding=\"async\" width=\"150\" height=\"150\" src=\"https:\/\/www.radiopiu.net\/wordpress\/wp-content\/uploads\/2023\/07\/Elicottero-atterraggio-150x150.jpg\" class=\"attachment-thumbnail size-thumbnail\" alt=\"\" \/><\/a>\n\t\t\t\t<\/dt><\/dl><dl class='gallery-item'>\n\t\t\t\t<dt class='gallery-icon landscape'>\n\t\t\t\t\t<a class=\"rollover rollover-zoom dt-pswp-item\" title=\"Esterno\" data-dt-img-description=\"\" data-large_image_width=\"2560\" data-large_image_height=\"1707\"href='https:\/\/www.radiopiu.net\/wordpress\/wp-content\/uploads\/2023\/07\/Esterno-scaled.jpg'><img loading=\"lazy\" decoding=\"async\" width=\"150\" height=\"150\" src=\"https:\/\/www.radiopiu.net\/wordpress\/wp-content\/uploads\/2023\/07\/Esterno-150x150.jpg\" class=\"attachment-thumbnail size-thumbnail\" alt=\"\" \/><\/a>\n\t\t\t\t<\/dt><\/dl><br style=\"clear: both\" \/>\n\t\t\t<\/div>\n\n<p>&nbsp;<\/p>\n<p>&nbsp;<\/p>\n<p>&#8211;<\/p>\n<p>&nbsp;<\/p>\n","protected":false},"excerpt":{"rendered":"<p>Con la nuova Essilux, una\u00a0 \u201cfabbrica in festa\u201d. Palaluxottica sede del &#8220;Paese del Balocchi&#8230;ali&#8221; AGORDO L&#8217;ultimo fu quello del 2015, poi la valanga covid 19, lo scorso anno la terribile notizia della scomparsa del Cavalier Leonardo Del Vecchio che ha fatto cancellare tutti gli appuntamenti con la parte ludico-istruttiva del colosso dell&#8217;occhiale. Nel 2015, il&hellip;<\/p>\n","protected":false},"author":4,"featured_media":342886,"comment_status":"closed","ping_status":"closed","sticky":false,"template":"","format":"standard","meta":{"_monsterinsights_skip_tracking":false,"_monsterinsights_sitenote_active":false,"_monsterinsights_sitenote_note":"","_monsterinsights_sitenote_category":0,"footnotes":""},"categories":[104,49],"tags":[],"class_list":["post-342885","post","type-post","status-publish","format-standard","has-post-thumbnail","hentry","category-evidenza_3","category-news-18","category-104","category-49","description-off"],"img_url":"https:\/\/www.radiopiu.net\/wordpress\/wp-content\/uploads\/2023\/07\/foto-2011.jpg","_links":{"self":[{"href":"https:\/\/www.radiopiu.net\/wordpress\/wp-json\/wp\/v2\/posts\/342885","targetHints":{"allow":["GET"]}}],"collection":[{"href":"https:\/\/www.radiopiu.net\/wordpress\/wp-json\/wp\/v2\/posts"}],"about":[{"href":"https:\/\/www.radiopiu.net\/wordpress\/wp-json\/wp\/v2\/types\/post"}],"author":[{"embeddable":true,"href":"https:\/\/www.radiopiu.net\/wordpress\/wp-json\/wp\/v2\/users\/4"}],"replies":[{"embeddable":true,"href":"https:\/\/www.radiopiu.net\/wordpress\/wp-json\/wp\/v2\/comments?post=342885"}],"version-history":[{"count":0,"href":"https:\/\/www.radiopiu.net\/wordpress\/wp-json\/wp\/v2\/posts\/342885\/revisions"}],"wp:featuredmedia":[{"embeddable":true,"href":"https:\/\/www.radiopiu.net\/wordpress\/wp-json\/wp\/v2\/media\/342886"}],"wp:attachment":[{"href":"https:\/\/www.radiopiu.net\/wordpress\/wp-json\/wp\/v2\/media?parent=342885"}],"wp:term":[{"taxonomy":"category","embeddable":true,"href":"https:\/\/www.radiopiu.net\/wordpress\/wp-json\/wp\/v2\/categories?post=342885"},{"taxonomy":"post_tag","embeddable":true,"href":"https:\/\/www.radiopiu.net\/wordpress\/wp-json\/wp\/v2\/tags?post=342885"}],"curies":[{"name":"wp","href":"https:\/\/api.w.org\/{rel}","templated":true}]}}