{"id":342963,"date":"2023-07-06T07:55:59","date_gmt":"2023-07-06T05:55:59","guid":{"rendered":"https:\/\/www.radiopiu.net\/wordpress\/?p=342963"},"modified":"2023-07-06T08:38:06","modified_gmt":"2023-07-06T06:38:06","slug":"la-rassegna-stampa-locale-dal-1983-di-mirko-mezzacasa-14","status":"publish","type":"post","link":"https:\/\/www.radiopiu.net\/wordpress\/la-rassegna-stampa-locale-dal-1983-di-mirko-mezzacasa-14\/","title":{"rendered":"LA RASSEGNA STAMPA LOCALE, DAL 1983 di MIRKO MEZZACASA"},"content":{"rendered":"<p>&nbsp;<\/p>\n<blockquote>\n<h3>DA OGGI ALLA RADIO\u2026ALLE 10,30 E ALLE 19 IL NUOVO PROGRAMMA CON IL CONSORZIO PROLOCO DELL\u2019AGORDINO, PER TUTTA L\u2019ESTATE EVENTI E PROTAGONISTI DEL VOLONTARIATO LOCALE. PRIMA PUNTATA CON PATRIZIO DE VENTURA<\/h3>\n<\/blockquote>\n<p>&nbsp;<\/p>\n<p><iframe loading=\"lazy\" title=\"RASSEGNA STAMPA LOCALE\" width=\"1200\" height=\"675\" src=\"https:\/\/www.youtube.com\/embed\/BBe8Bfjrq2o?feature=oembed\" frameborder=\"0\" allow=\"accelerometer; autoplay; clipboard-write; encrypted-media; gyroscope; picture-in-picture; web-share\" allowfullscreen><\/iframe><\/p>\n<p>&nbsp;<\/p>\n<p>&nbsp;<\/p>\n<p>&nbsp;<\/p>\n<p><strong>AGORDO<\/strong> MUORE COLTO DA MALORE TRA IL RIFUGIO CARESTIATO E FORCELLA CAMP Ieri pomeriggio il dramma, la vittima: un escursionista trevigiano di Paese, Luigi Sanvido di 77 anni.<br \/>\n<strong>BELLUNO<\/strong> Ieri pomeriggio in via Tiziano Vecellio, un mezzo pesante ha urtato una Renault Clio, finita nella cunetta all\u2019incrocio con via Del Vesco. Le due donne a bordo dell\u2019auto sono rimaste ferite:<br \/>\n<strong>CORTINA<\/strong> Non esita ad attraversare la strada per inseguire la cagnetta, lascia per\u00f2 incustodita la borsetta del valore di svariate migliaia d&#8217;euro. Il furto davanti all&#8217;Eurospin.<br \/>\n<strong>BELLUNO<\/strong> Circolava violando tre articoli del Codice della strada. Stangata per un\u2019automobilista bellunese, fermato nei giorni scorsi dagli agenti della polizia locale.Senza revisione con il mezzo gi\u00e0 sospeso in precedenza, l\u2019automobilista non aveva con s\u00e9 neppure la patente poi risultata scaduta.<br \/>\n<strong>BELLUNO<\/strong> Il Giudice di pace di Treviso ha accolto il ricorso contro la sanzione emessa dal Comune di Riese Pio X per un mezzo aziendale che aveva superato il limite di velocit\u00e0 di 4,20 chilometri all\u2019ora, ricevendo una multa di 42 euro. Riconosciute le ragioni di chi era alla guida del mezzo di un&#8217;associazione bellunese.<br \/>\n<strong>VENEZIA<\/strong> Appello del Presidente Luca Zaia al Governo: &#8220;Le associazioni d&#8217;arma entrino nel terzo settore&#8221;, per i presidenti degli alpini un importante riconoscimento.<br \/>\n<strong>FELTRE<\/strong> Apre la bretella sulla statale 50, intervento sul cavalcavia.<br \/>\n<strong>FELTRE<\/strong> Ieri sera l&#8217;abbraccio della diocesi a Don Enrico Zasio e Monsignor Lino Mottes gi\u00e0 Arcidiacono ad Agordo, hanno festeggiato i 70 anni di sacerdozio, la messa con il vescovo Renato Marangoni.<br \/>\n<strong>LIVINALLONGO<\/strong> Nuova seggiovia al Padon, il primo okey al progetto. Pi\u00f9 sicurezza e la portata passa da 1200 a 1800 sciatori all&#8217;ora.<br \/>\n<strong>BELLUNO<\/strong> Altro flop, gli impianti sul Nevegal non aprono, la seggiovia non sar\u00e0 messa in funzione e diventa un fatto politico, PD in attacco, critico con l&#8217;assessore Franco Roccon<br \/>\n<strong>LONGARONE<\/strong> Safilo ha comunicato che sulla cessione dello stabilimento ci sarebbe, oltre a quella con Thelios, una trattativa avanzata con l\u2019imprenditore Carlo Fulchir con I-Vision Tech. Questo intervento, con la potenziale operazione di Thelios Spa gi\u00e0 comunicata, scrive l\u2019azienda, \u00abconsentirebbe la conservazione del know how del sito e la totale ricollocazione degli attuali 458 lavoratori\u00bb.<br \/>\n<strong>BELLUNO<\/strong> Quattro ore di sciopero a fine turno per la giornata del 7 luglio e, a partire dalle 15, presidio davanti alla Prefettura di Belluno. Proclamazione della mobilitazione dei lavoratori e delle lavoratrici annunciata dalle sigle nazionali dei metalmeccanici<br \/>\n<strong>AGORDO<\/strong>: DOPO OTTO ANNI IL 22 LUGLIO, RITORNA IL GIORNO DEI FAMILY DAY LUXOTTICA<br \/>\n<strong>BELLUNO<\/strong> Iniziative nelle scuole, sensibilizzazione nei rifugi di montagna e ora anche un video diffuso sui social: al via la campagna di prevenzione contro il melanoma promossa dall\u2019Ulss 1 Dolomiti per l\u2019estate 2023.<br \/>\n<strong>BRUXELLES<\/strong> La Commissione europea ha finalmente presentato una nuova proposta di regolamento relativa al miglioramento genetico delle piante. Il nuovo regolamento ha il potenziale di aprire la strada alle tecniche di evoluzione assistita (TEA)<br \/>\n<strong>SAN TOMASO<\/strong> Durer\u00e0 fino a domenica la settimana di \u201cDolomites Rock Miniatures\u201d, l\u2019evento durante il quale verranno realizzate le ultime tre opere de \u201cIl sentiero delle Dolomiti in miniatura\u201d<span style=\"color: #ff0000;\"> OGGI ALLE 17 DIRETTA DA SAN TOMASO SUI CANALI FACEBOOK.<\/span><br \/>\n<strong>SAN GREGORIO NELLE ALP<\/strong>I Domenica 9 luglio 2023 il Gruppo Alpini Gen. Nasci di San Gregorio nelle Alpi organizza la 41^ Festa di San Felice nei pressi dell\u2019omonima chiesetta. Il programma prevede alle ore 9 l\u2019apertura della frasca, alle 11 la cerimonia dell\u2019alzabandiera cui seguir\u00e0 la S. Messa e alle 12 si potr\u00e0 pranzare con specialit\u00e0 gastronomiche locali. Nel pomeriggio giochi e divertimento.<br \/>\n<strong>TAIBON<\/strong> Sabato 22 luglio alle 10:30 al Col De San Lugan in Valle di San Lucano verr\u00e0 celebrata la Santa Messa. Pranzo al sacco.<br \/>\n<strong>ALLEGHE<\/strong> Sabato 22 luglio alle 18 in Corso Venezia a Masare\u2019, Laura Ballis con Vico Calabro\u2019 e Giovanni Sogne inaugura il nuovo studio d\u2019arte \u201cLa Stua\u201d, rinato dopo la tempesta Vaia dell\u2019autunno 2018.<br \/>\n<strong>NUOTO<\/strong> NUOTO PARALIMPICO, MEDAGLIE TRICOLORI AI CAMPIONATI ITALIANI ASSOLUTI<br \/>\n<strong>MOTORI<\/strong> DENIS MEZZACASA IN SLOVENIA PER LA SEAT IBIZA CUP<\/p>\n<p>&nbsp;<\/p>\n","protected":false},"excerpt":{"rendered":"<p>&nbsp; DA OGGI ALLA RADIO\u2026ALLE 10,30 E ALLE 19 IL NUOVO PROGRAMMA CON IL CONSORZIO PROLOCO DELL\u2019AGORDINO, PER TUTTA L\u2019ESTATE EVENTI E PROTAGONISTI DEL VOLONTARIATO LOCALE. PRIMA PUNTATA CON PATRIZIO DE VENTURA &nbsp; &nbsp; &nbsp; &nbsp; AGORDO MUORE COLTO DA MALORE TRA IL RIFUGIO CARESTIATO E FORCELLA CAMP Ieri pomeriggio il dramma, la vittima: un&hellip;<\/p>\n","protected":false},"author":4,"featured_media":342965,"comment_status":"closed","ping_status":"closed","sticky":false,"template":"","format":"standard","meta":{"_monsterinsights_skip_tracking":false,"_monsterinsights_sitenote_active":false,"_monsterinsights_sitenote_note":"","_monsterinsights_sitenote_category":0,"footnotes":""},"categories":[104,49,142],"tags":[],"class_list":["post-342963","post","type-post","status-publish","format-standard","has-post-thumbnail","hentry","category-evidenza_3","category-news-18","category-rassegna-stampa","category-104","category-49","category-142","description-off"],"img_url":"https:\/\/www.radiopiu.net\/wordpress\/wp-content\/uploads\/2023\/07\/Senza-nome-7.png","_links":{"self":[{"href":"https:\/\/www.radiopiu.net\/wordpress\/wp-json\/wp\/v2\/posts\/342963","targetHints":{"allow":["GET"]}}],"collection":[{"href":"https:\/\/www.radiopiu.net\/wordpress\/wp-json\/wp\/v2\/posts"}],"about":[{"href":"https:\/\/www.radiopiu.net\/wordpress\/wp-json\/wp\/v2\/types\/post"}],"author":[{"embeddable":true,"href":"https:\/\/www.radiopiu.net\/wordpress\/wp-json\/wp\/v2\/users\/4"}],"replies":[{"embeddable":true,"href":"https:\/\/www.radiopiu.net\/wordpress\/wp-json\/wp\/v2\/comments?post=342963"}],"version-history":[{"count":0,"href":"https:\/\/www.radiopiu.net\/wordpress\/wp-json\/wp\/v2\/posts\/342963\/revisions"}],"wp:featuredmedia":[{"embeddable":true,"href":"https:\/\/www.radiopiu.net\/wordpress\/wp-json\/wp\/v2\/media\/342965"}],"wp:attachment":[{"href":"https:\/\/www.radiopiu.net\/wordpress\/wp-json\/wp\/v2\/media?parent=342963"}],"wp:term":[{"taxonomy":"category","embeddable":true,"href":"https:\/\/www.radiopiu.net\/wordpress\/wp-json\/wp\/v2\/categories?post=342963"},{"taxonomy":"post_tag","embeddable":true,"href":"https:\/\/www.radiopiu.net\/wordpress\/wp-json\/wp\/v2\/tags?post=342963"}],"curies":[{"name":"wp","href":"https:\/\/api.w.org\/{rel}","templated":true}]}}