{"id":342973,"date":"2023-07-07T05:14:23","date_gmt":"2023-07-07T03:14:23","guid":{"rendered":"https:\/\/www.radiopiu.net\/wordpress\/?p=342973"},"modified":"2023-07-07T10:15:49","modified_gmt":"2023-07-07T08:15:49","slug":"giornale-radiopiu-07-luglio-2023-direttore-mirko-mezzacasaverso-i-40-anni-25-giugno-1983-25-giugno-2023","status":"publish","type":"post","link":"https:\/\/www.radiopiu.net\/wordpress\/giornale-radiopiu-07-luglio-2023-direttore-mirko-mezzacasaverso-i-40-anni-25-giugno-1983-25-giugno-2023\/","title":{"rendered":"GIORNALE RADIOPIU 07 LUGLIO 2023 DIRETTORE MIRKO MEZZACASA\u2026VERSO I 40 ANNI 25 GIUGNO 1983-25 GIUGNO 2023"},"content":{"rendered":"<h2 style=\"text-align: left;\"><\/h2>\n<h2 style=\"text-align: left;\"><span style=\"color: #ff0000;\"><span style=\"vertical-align: inherit;\"><a class=\"dt-pswp-item\" href=\"https:\/\/www.radiopiu.net\/wordpress\/wp-content\/uploads\/2023\/04\/e0aad41d-951e-47b9-9fae-1a879a9bcb7e-1.jpg\" data-dt-img-description=\"\" data-large_image_width=\"1200\" data-large_image_height=\"1200\"><img loading=\"lazy\" decoding=\"async\" class=\"wp-image-333205 alignleft\" src=\"https:\/\/www.radiopiu.net\/wordpress\/wp-content\/uploads\/2023\/04\/e0aad41d-951e-47b9-9fae-1a879a9bcb7e-1-300x300.jpg\" alt=\"\" width=\"110\" height=\"110\" srcset=\"https:\/\/www.radiopiu.net\/wordpress\/wp-content\/uploads\/2023\/04\/e0aad41d-951e-47b9-9fae-1a879a9bcb7e-1-300x300.jpg 300w, https:\/\/www.radiopiu.net\/wordpress\/wp-content\/uploads\/2023\/04\/e0aad41d-951e-47b9-9fae-1a879a9bcb7e-1-1024x1024.jpg 1024w, https:\/\/www.radiopiu.net\/wordpress\/wp-content\/uploads\/2023\/04\/e0aad41d-951e-47b9-9fae-1a879a9bcb7e-1-150x150.jpg 150w, https:\/\/www.radiopiu.net\/wordpress\/wp-content\/uploads\/2023\/04\/e0aad41d-951e-47b9-9fae-1a879a9bcb7e-1-768x768.jpg 768w, https:\/\/www.radiopiu.net\/wordpress\/wp-content\/uploads\/2023\/04\/e0aad41d-951e-47b9-9fae-1a879a9bcb7e-1.jpg 1200w\" sizes=\"auto, (max-width: 110px) 100vw, 110px\" \/><\/a><\/span><\/span><\/h2>\n<h1 class=\"entry-title\">40esimo di RADIOPIU\u2026. LA VOCE DELL\u2019EMOZIONE<\/h1>\n<h2><span style=\"color: #ff0000;\">ISCRIVITI AL NOSTRO CANALE\u00a0\u00a0YOUTUBE PER SEGUIRE IN DIRETTA I PRINCIPALI PROGRAMMI DI RADIO PIU\u2019 E LE FUTURE DIRETTE IN ESTERNA. PER ISCRIVERTI\u00a0<a style=\"color: #ff0000;\" href=\"https:\/\/youtube.com\/@radiopiu1527\">CLICCA QUI\u00a0<\/a>E PREMI\u00a0 \u201cIscriviti\u201d\u00a0<\/span><\/h2>\n<p>&nbsp;<\/p>\n<p>&nbsp;<\/p>\n<hr \/>\n<p>&nbsp;<\/p>\n<blockquote>\n<h3>TRE MORTI IN CADORE, E&#8217; MORTO IL PAPA&#8217; LA NONNA E IL BAMBINO<\/h3>\n<p>&nbsp;<\/p><\/blockquote>\n<p><a class=\"dt-pswp-item\" href=\"https:\/\/www.radiopiu.net\/wordpress\/wp-content\/uploads\/2023\/07\/6f6c4394-bbea-4525-9a19-6b860d41de27.jpg\" data-dt-img-description=\"\" data-large_image_width=\"1228\" data-large_image_height=\"776\"><img loading=\"lazy\" decoding=\"async\" class=\"size-medium wp-image-343026 alignleft\" src=\"https:\/\/www.radiopiu.net\/wordpress\/wp-content\/uploads\/2023\/07\/6f6c4394-bbea-4525-9a19-6b860d41de27-300x190.jpg\" alt=\"\" width=\"300\" height=\"190\" srcset=\"https:\/\/www.radiopiu.net\/wordpress\/wp-content\/uploads\/2023\/07\/6f6c4394-bbea-4525-9a19-6b860d41de27-300x190.jpg 300w, https:\/\/www.radiopiu.net\/wordpress\/wp-content\/uploads\/2023\/07\/6f6c4394-bbea-4525-9a19-6b860d41de27-1024x647.jpg 1024w, https:\/\/www.radiopiu.net\/wordpress\/wp-content\/uploads\/2023\/07\/6f6c4394-bbea-4525-9a19-6b860d41de27-768x485.jpg 768w, https:\/\/www.radiopiu.net\/wordpress\/wp-content\/uploads\/2023\/07\/6f6c4394-bbea-4525-9a19-6b860d41de27.jpg 1228w\" sizes=\"auto, (max-width: 300px) 100vw, 300px\" \/><\/a><\/p>\n<p><strong>PIEVE DI CADORE\u00a0<\/strong><\/p>\n<p>&nbsp;<\/p>\n<h5 class=\"chapter-title\">Le vittime dell&#8217;incidente: il pap\u00e0\u00a0<b>Marco Antoniello<\/b>,\u00a0 la nonna, <b>Maria Grazia Zuin<\/b>, il piccolo <b>Mattia Antoniello<\/b>\u00a0di due anni \u00e8 deceduto dopo il trasporto in elicottero all&#8217;ospedale di Belluno<\/h5>\n<p><strong>DI BARBARA PAOLAZZI<\/strong><\/p>\n<audio class=\"wp-audio-shortcode\" id=\"audio-342973-1\" preload=\"none\" style=\"width: 100%;\" controls=\"controls\"><source type=\"audio\/mpeg\" src=\"https:\/\/www.radiopiu.net\/wordpress\/wp-content\/uploads\/2023\/07\/BARBARA.mp3?_=1\" \/><a href=\"https:\/\/www.radiopiu.net\/wordpress\/wp-content\/uploads\/2023\/07\/BARBARA.mp3\">https:\/\/www.radiopiu.net\/wordpress\/wp-content\/uploads\/2023\/07\/BARBARA.mp3<\/a><\/audio>\n<p>&nbsp;<\/p>\n<p><strong>Arrestata A.H., la 32enne alla guida dell&#8217;Audi A3 nera che ieri pomeriggio \u00e8 piombata sulla famiglia di persone a Santo Stefano, uccidendone tre. La donna ieri sera dopo le cure mediche \u00e8 stata sentita dai carabinieri e trattenuta in caserma. L&#8217;arresto \u00e8 scattato intorno alle 22.30: quando, terminate le formalit\u00e0, \u00e8 stata trasferita in carcere su disposizione della procura (il fascicolo sul tavolo di procuratore Luca e pm Marcon).<\/strong><\/p>\n<blockquote><p>&nbsp;<\/p><\/blockquote>\n<p><a class=\"dt-pswp-item\" href=\"https:\/\/www.radiopiu.net\/wordpress\/wp-content\/uploads\/2023\/07\/39c329e1-6bc6-4842-aa40-eb61ae6b488d.jpg\" data-dt-img-description=\"\" data-large_image_width=\"1280\" data-large_image_height=\"884\"><img loading=\"lazy\" decoding=\"async\" class=\"size-medium wp-image-343027 alignleft\" src=\"https:\/\/www.radiopiu.net\/wordpress\/wp-content\/uploads\/2023\/07\/39c329e1-6bc6-4842-aa40-eb61ae6b488d-300x207.jpg\" alt=\"\" width=\"300\" height=\"207\" srcset=\"https:\/\/www.radiopiu.net\/wordpress\/wp-content\/uploads\/2023\/07\/39c329e1-6bc6-4842-aa40-eb61ae6b488d-300x207.jpg 300w, https:\/\/www.radiopiu.net\/wordpress\/wp-content\/uploads\/2023\/07\/39c329e1-6bc6-4842-aa40-eb61ae6b488d-1024x707.jpg 1024w, https:\/\/www.radiopiu.net\/wordpress\/wp-content\/uploads\/2023\/07\/39c329e1-6bc6-4842-aa40-eb61ae6b488d-768x530.jpg 768w, https:\/\/www.radiopiu.net\/wordpress\/wp-content\/uploads\/2023\/07\/39c329e1-6bc6-4842-aa40-eb61ae6b488d.jpg 1280w\" sizes=\"auto, (max-width: 300px) 100vw, 300px\" \/><\/a><strong>SANTO STEFANO<\/strong> Via Udine, lungo la SR 355 \u00e8 stata teatro di un tragico incidente stradale che ha lasciato una comunit\u00e0 intera in lutto. Intorno alle 15:30 di oggi, gioved\u00ec 6 luglio, una famiglia di turisti veneziani\u00a0 (quattro persone) \u00e8 stata travolta da un&#8217;auto &#8211; con targa tedesca condotta da una donna &#8211; mentre si trovava in passeggiata lungo via Udine, la strada che porta verso Sappada. Il bilancio dell&#8217;incidente \u00e8 terribile: tre persone hanno perso la vita.<\/p>\n<p>La famiglia (originaria di Mestre con seconda casa in Cadore) era composta dalla nonna, dai genitori e da due bambini. Mentre stavano godendo di una tranquilla passeggiata nel centro del <a class=\"dt-pswp-item\" href=\"https:\/\/www.radiopiu.net\/wordpress\/wp-content\/uploads\/2023\/07\/6f6c4394-bbea-4525-9a19-6b860d41de27.jpg\" data-dt-img-description=\"\" data-large_image_width=\"1228\" data-large_image_height=\"776\"><img loading=\"lazy\" decoding=\"async\" class=\"size-medium wp-image-343026 alignright\" src=\"https:\/\/www.radiopiu.net\/wordpress\/wp-content\/uploads\/2023\/07\/6f6c4394-bbea-4525-9a19-6b860d41de27-300x190.jpg\" alt=\"\" width=\"300\" height=\"190\" srcset=\"https:\/\/www.radiopiu.net\/wordpress\/wp-content\/uploads\/2023\/07\/6f6c4394-bbea-4525-9a19-6b860d41de27-300x190.jpg 300w, https:\/\/www.radiopiu.net\/wordpress\/wp-content\/uploads\/2023\/07\/6f6c4394-bbea-4525-9a19-6b860d41de27-1024x647.jpg 1024w, https:\/\/www.radiopiu.net\/wordpress\/wp-content\/uploads\/2023\/07\/6f6c4394-bbea-4525-9a19-6b860d41de27-768x485.jpg 768w, https:\/\/www.radiopiu.net\/wordpress\/wp-content\/uploads\/2023\/07\/6f6c4394-bbea-4525-9a19-6b860d41de27.jpg 1228w\" sizes=\"auto, (max-width: 300px) 100vw, 300px\" \/><\/a>paese, sono stati colpiti da un&#8217;auto che li ha travolti improvvisamente. Le vittime: il piccolo di soli 2 anni nel passeggino (il fratellino era in bicicletta), il\u00a0 pap\u00e0 48 anni e la\u00a0 nonna 65 anni,\u00a0 ferita la mamma,\u00a0 il nonno che \u00e8 arrivato sul luogo dell&#8217;incidente poco dopo, \u00e8 stato colto\u00a0 da malore. Ferita in modo lieve\u00a0 anche l\u2019automobilista, trentenne, di nazionalit\u00e0 straniera.<\/p>\n<p>Le autorit\u00e0 locali sono intervenute prontamente sulla scena, richiedendo l&#8217;assistenza medica urgente per i feriti.\u00a0 Il bambino, invece, \u00e8 stato sottoposto a un&#8217;operazione d&#8217;urgenza e le sue condizioni erano gi\u00e0 molto critiche, \u00e8 spirato qualche ora dopo. I vigili del fuoco arrivati dal locale distaccamento, hanno messo in sicurezza il teatro dell\u2019evento e collaborato con il personale sanitario nei soccorsi ai feriti.<\/p>\n<p>&nbsp;<\/p>\n<p><strong>DI ROBERTO BONA<\/strong><\/p>\n<p>Lucio Potente, il nonno del piccolo Mattia, \u00e8 stato portiere del Belluno nel campionato di Serie D 1976-77. Ha giocato anche con Mestrina, Rovigo, Chioggia e Martellago ed \u00e8 stato allenatore. A Belluno gioc\u00f2 poco, ma contribu\u00ec alla salvezza della squadra reduce dai fasti della serie C e dal fallimento della societ\u00e0. In quel periodo in rosa c\u2019era anche Tano Manfroi.<\/p>\n<p>&nbsp;<\/p>\n<blockquote>\n<h3><strong>\u00a0CORDOGLIO DEL PRESIDENTE ZAIA <\/strong><\/h3>\n<\/blockquote>\n<p><strong>VENEZIA<\/strong>\u00a0 \u201cE\u2019 una di quelle notizie che non vorresti mai leggere e che lascia completamente senza parole. Una tragedia che colpisce una famiglia, ma anche un\u2019intera comunit\u00e0. Mi stringo al dolore dei familiari ai quali porgo le pi\u00f9 sentite condoglianze personali e istituzionali\u201d. Lo dice il Presidente della Regione del Veneto, Luca Zaia.<\/p>\n<p>&nbsp;<\/p>\n<hr \/>\n<p>&nbsp;<\/p>\n<blockquote>\n<h2>STRADA PER IL DURAN, DEVIAZIONI IN LOCO<\/h2>\n<\/blockquote>\n<p><strong>SP347 DEL DURAN E CEREDA:<\/strong> localit\u00e0 Lantrago La Valle. <span style=\"color: #ff0000;\">Fino\u00a0al 13 luglio<\/span> chiusura totale al traffico della strada per il Passo Duran per lavori di allargamento del Ponte Lantrago e sistemazione della carreggiata. percorso alternativo consigliato: CROSTOLIN-GAIDON\u00a0 strada comunale interdetta al transito dei veicoli con larghezza superiore ai 2 metri e 40 centimetri.<\/p>\n<p>&nbsp;<\/p>\n<p>&nbsp;<\/p>\n<hr \/>\n<p>&nbsp;<\/p>\n<blockquote>\n<h3>SAVINER-DIGONERA<\/h3>\n<\/blockquote>\n<p><strong>ROCCA PIETORE<\/strong> Fino al 28 luglio la strada di Digonera sar\u00e0 di nuovo interdetta al traffico dalle 8 del luned\u00ec alle 18 di venerd\u00ec e nel fine settimana istituzione di un senso unico alternato regolato da semaforo e limite di velocit\u00e0 a 30 km\/h.<\/p>\n<p>&nbsp;<\/p>\n<hr \/>\n<p>&nbsp;<\/p>\n<blockquote>\n<h3>FINO AL 18 AGOSTO APRE LA BRETELLA AL CAVALCAVIA DI PONT<\/h3>\n<\/blockquote>\n<p><strong>FELTRE<\/strong> Chi viaggia da Feltre in direzione Busche \u2013 Belluno trova il cavalcavia aperto a senso unico, chi procede in senso contrario trova aperta la bretella appositamente realizzata e ricavata sfruttando il vecchio tracciato della strada. Non ci sono limitazioni per i tipi di autoveicoli.\u00a0 Per Santa Giustina non esiste ancora una data certa di inizio lavori, e dunque di deviazioni al traffico, che sar\u00e0 dirottato sulla viabilit\u00e0 interna<\/p>\n<p>&nbsp;<\/p>\n<hr \/>\n<p>&nbsp;<\/p>\n<blockquote>\n<h3>203 AGORDINA, SEMAFORO SUL PONTE DI AVOSCAN<\/h3>\n<\/blockquote>\n<div class=\"articlePlainText\">\n<p><strong>Sala &#8211; Forchiade, nel tratto di 200 metri interessato dai lavori verr\u00e0 istituito un senso unico alternato regolato da semaforo. Il semaforo entrer\u00e0 in funzione alle 7 di luned\u00ec mattina e il senso alternato rimarr\u00e0 attivo fino alle 18 di venerd\u00ec 21 luglio. Sabato 15 e domenica 16 luglio, invece, si transiter\u00e0 normalmente.\u00a0<\/strong><\/p>\n<\/div>\n<p>&nbsp;<\/p>\n<hr \/>\n<p>&nbsp;<\/p>\n<blockquote>\n<h3>LA STORIA SI RIPETE, ACQUA INQUINATA SEMPRE NELLE STESSE FRAZIONI<\/h3>\n<\/blockquote>\n<div class=\"moz-text-html\" lang=\"x-unicode\"><img loading=\"lazy\" decoding=\"async\" class=\"alignleft\" src=\"https:\/\/www.radiopiu.net\/wordpress\/wp-content\/uploads\/2018\/08\/ACQUA.jpeg\" width=\"247\" height=\"148\" \/>Gestione Servizi Pubblici informa che a TAIBON AGORDINO nelle localit\u00e0 SOCCOL, CAMPEDEL, COSTE, SERACH, RONCH DE BUOS e NOGAROLA l&#8217;acqua erogata dall&#8217;acquedotto non \u00e8 potabile e pu\u00f2 essere usata per scopi alimentari SOLO PREVIA bollitura.<\/div>\n<div lang=\"x-unicode\"><\/div>\n<div lang=\"x-unicode\"><\/div>\n<div lang=\"x-unicode\"><\/div>\n<div lang=\"x-unicode\"><\/div>\n<p>&nbsp;<\/p>\n<hr \/>\n<blockquote>\n<h3>IERI ANCORA SASSI TRA CAPRILE E COLLE SANTA LUCIA<\/h3>\n<\/blockquote>\n<blockquote>\n<h3><em>L&#8217;azione rapida dei pompieri evita incidenti e ripristina la sicurezza stradale<\/em><\/h3>\n<\/blockquote>\n<p><strong>REDAZIONE<\/strong>\u00a0 La notte scorsa\u00a0 i Vigili del Fuoco di Caprile sono intervenuti tempestivamente in seguito alla caduta di alcuni massi lungo la strada regionale che collega Caprile e Colle Santa Lucia. L&#8217;incidente ha richiesto una risposta rapida e coordinata per garantire la sicurezza stradale e prevenire ulteriori danni o incidenti.\u00a0 Non si segnalano feriti o danni a veicoli.<\/p>\n<p><a class=\"dt-pswp-item\" href=\"https:\/\/www.radiopiu.net\/wordpress\/wp-content\/uploads\/2023\/07\/358070689_660820539421266_3316250677883529981_n.jpg\" data-dt-img-description=\"\" data-large_image_width=\"526\" data-large_image_height=\"701\"><img loading=\"lazy\" decoding=\"async\" class=\"alignnone size-medium wp-image-342997\" src=\"https:\/\/www.radiopiu.net\/wordpress\/wp-content\/uploads\/2023\/07\/358070689_660820539421266_3316250677883529981_n-225x300.jpg\" alt=\"\" width=\"225\" height=\"300\" srcset=\"https:\/\/www.radiopiu.net\/wordpress\/wp-content\/uploads\/2023\/07\/358070689_660820539421266_3316250677883529981_n-225x300.jpg 225w, https:\/\/www.radiopiu.net\/wordpress\/wp-content\/uploads\/2023\/07\/358070689_660820539421266_3316250677883529981_n.jpg 526w\" sizes=\"auto, (max-width: 225px) 100vw, 225px\" \/><\/a><\/p>\n<p>&nbsp;<\/p>\n<p>&nbsp;<\/p>\n<hr \/>\n<p><a class=\"dt-pswp-item\" href=\"https:\/\/www.radiopiu.net\/wordpress\/wp-content\/uploads\/2023\/07\/347406438_10227895343122761_5013031691840515726_n.jpg\" data-dt-img-description=\"\" data-large_image_width=\"526\" data-large_image_height=\"1082\"><img loading=\"lazy\" decoding=\"async\" class=\"size-medium wp-image-343079 alignleft\" src=\"https:\/\/www.radiopiu.net\/wordpress\/wp-content\/uploads\/2023\/07\/347406438_10227895343122761_5013031691840515726_n-146x300.jpg\" alt=\"\" width=\"146\" height=\"300\" srcset=\"https:\/\/www.radiopiu.net\/wordpress\/wp-content\/uploads\/2023\/07\/347406438_10227895343122761_5013031691840515726_n-146x300.jpg 146w, https:\/\/www.radiopiu.net\/wordpress\/wp-content\/uploads\/2023\/07\/347406438_10227895343122761_5013031691840515726_n-498x1024.jpg 498w, https:\/\/www.radiopiu.net\/wordpress\/wp-content\/uploads\/2023\/07\/347406438_10227895343122761_5013031691840515726_n.jpg 526w\" sizes=\"auto, (max-width: 146px) 100vw, 146px\" \/><\/a><\/p>\n<blockquote>\n<h2>UN&#8217;ALTRA FRANA SUL CIVETTA, NESSUNA CONSEGUENZA<\/h2>\n<\/blockquote>\n<p><strong>ALLEGHE<\/strong> Nel pomeriggio un altro pezzo di Civetta si \u00e8 frantumato, alla destra del Cristallo. Fortunatamente nessun coinvolto, la frana ha interessato i sottostanti ghiaioni non ha invaso il sentiero sottostante.<\/p>\n<p>foto <a class=\"x1i10hfl xjbqb8w x6umtig x1b1mbwd xaqea5y xav7gou x9f619 x1ypdohk xt0psk2 xe8uvvx xdj266r x11i5rnm xat24cr x1mh8g0r xexx8yu x4uap5 x18d9i69 xkhd6sd x16tdsg8 x1hl2dhg xggy1nq x1a2a7pz xt0b8zv xzsf02u x1s688f\" tabindex=\"0\" role=\"link\" href=\"https:\/\/www.facebook.com\/groups\/652012408195427\/user\/1646732980\/?__cft__[0]=AZXSm7nc4-pIknSYZxu43JZrWtZ1YY3WOtXxDoFmssa3B1Jtxc--PReSC9sm-kpdhhppF4Dtkccf0ELzNZ3LClxetzgYJfkXQT9-2zbIuZstsZN7MP7TGuqM0E5viFQeOJbMR2S0ztQmTy3rxF0ulJEyNir9JlKFRlpsPF-_UgQtwMdA5cEknvmDTM9MXEkRzyU&amp;__tn__=-UC%2CP-R\"><strong>Renzo Gaiardi<\/strong><\/a> pagina facebook TES DA ALIE SE&#8230;<\/p>\n<p>&nbsp;<\/p>\n<p>&nbsp;<\/p>\n<p>&nbsp;<\/p>\n<p>&nbsp;<\/p>\n<p>VIDEO IN RETE<\/p>\n<div style=\"width: 848px;\" class=\"wp-video\"><video class=\"wp-video-shortcode\" id=\"video-342973-1\" width=\"848\" height=\"480\" preload=\"metadata\" controls=\"controls\"><source type=\"video\/mp4\" src=\"https:\/\/www.radiopiu.net\/wordpress\/wp-content\/uploads\/2023\/07\/WhatsApp-Video-2023-07-06-at-20.15.59-1.mp4?_=1\" \/><a href=\"https:\/\/www.radiopiu.net\/wordpress\/wp-content\/uploads\/2023\/07\/WhatsApp-Video-2023-07-06-at-20.15.59-1.mp4\">https:\/\/www.radiopiu.net\/wordpress\/wp-content\/uploads\/2023\/07\/WhatsApp-Video-2023-07-06-at-20.15.59-1.mp4<\/a><\/video><\/div>\n<p>&nbsp;<\/p>\n<hr \/>\n<p>&nbsp;<\/p>\n<blockquote>\n<h3>OGGI SCIOPERO DEI METALMECCANICI<\/h3>\n<\/blockquote>\n<p><strong><a class=\"dt-pswp-item\" href=\"https:\/\/www.radiopiu.net\/wordpress\/wp-content\/uploads\/2018\/05\/lavoro.jpg\" data-dt-img-description=\"\" data-large_image_width=\"1280\" data-large_image_height=\"720\"><img loading=\"lazy\" decoding=\"async\" class=\" wp-image-49672 alignleft\" src=\"https:\/\/www.radiopiu.net\/wordpress\/wp-content\/uploads\/2018\/05\/lavoro-300x169.jpg\" alt=\"\" width=\"167\" height=\"94\" srcset=\"https:\/\/www.radiopiu.net\/wordpress\/wp-content\/uploads\/2018\/05\/lavoro-300x169.jpg 300w, https:\/\/www.radiopiu.net\/wordpress\/wp-content\/uploads\/2018\/05\/lavoro-768x432.jpg 768w, https:\/\/www.radiopiu.net\/wordpress\/wp-content\/uploads\/2018\/05\/lavoro-1024x576.jpg 1024w, https:\/\/www.radiopiu.net\/wordpress\/wp-content\/uploads\/2018\/05\/lavoro.jpg 1280w\" sizes=\"auto, (max-width: 167px) 100vw, 167px\" \/><\/a>BELLUNO\u00a0 <\/strong>Quattro ore di sciopero a fine turno per la giornata oggi e, a partire dalle 15, presidio davanti alla Prefettura di Belluno. Alla proclamazione della mobilitazione dei lavoratori e delle lavoratrici annunciata dalle sigle nazionali dei metalmeccanici hanno aderito FIOM CGIL, FIM CISL e UIL UILM di Belluno. Rilancio industriale e dell\u2019occupazione, investimenti e transizione sostenibile, risoluzione delle grandi crisi aziendali del Paese. Queste le questioni sul piatto e le richieste avanzate al Governo dai Sindacati. Il comparto, a livello provinciale, conta circa settemila addetti.<\/p>\n<p>&nbsp;<\/p>\n<hr \/>\n<p>&nbsp;<\/p>\n<blockquote>\n<h3 align=\"CENTER\"><strong><span style=\"color: #000000;\">RIATTIVIAMO RISORSE PER LA COMUNITA\u2019 \u2013 LPU 2022\u201d<\/span><\/strong><\/h3>\n<\/blockquote>\n<p align=\"JUSTIFY\"><strong>BELLUNO<\/strong> Pubblicato l\u2019avviso \u201cRiattiviamo risor<a class=\"dt-pswp-item\" href=\"https:\/\/www.radiopiu.net\/wordpress\/wp-content\/uploads\/2023\/07\/th-5.jpg\" data-dt-img-description=\"\" data-large_image_width=\"393\" data-large_image_height=\"180\"><img loading=\"lazy\" decoding=\"async\" class=\"size-medium wp-image-343001 alignleft\" src=\"https:\/\/www.radiopiu.net\/wordpress\/wp-content\/uploads\/2023\/07\/th-5-300x137.jpg\" alt=\"\" width=\"300\" height=\"137\" srcset=\"https:\/\/www.radiopiu.net\/wordpress\/wp-content\/uploads\/2023\/07\/th-5-300x137.jpg 300w, https:\/\/www.radiopiu.net\/wordpress\/wp-content\/uploads\/2023\/07\/th-5.jpg 393w\" sizes=\"auto, (max-width: 300px) 100vw, 300px\" \/><\/a>se per la comunit\u00e0\u201d: il Comune cerca 12 partecipanti. Il progetto prevede il coinvolgimento di cittadini disoccupati in lavori di pubblica utilit\u00e0 all\u2019interno del Comune, tra uffici, biblioteca, museo, archivio e manutenzione del verde. In continuit\u00e0 con gli scorsi anni, l\u2019obiettivo \u00e8 quello di sostenere persone in difficolt\u00e0 e a rischio povert\u00e0<\/p>\n<p><b>DI DANIELE DALVIT<\/b><\/p>\n<audio class=\"wp-audio-shortcode\" id=\"audio-342973-2\" preload=\"none\" style=\"width: 100%;\" controls=\"controls\"><source type=\"audio\/mpeg\" src=\"https:\/\/www.radiopiu.net\/wordpress\/wp-content\/uploads\/2023\/07\/Radio-Piu-Servizio-Lavori-Pubblica-Utilita-Belluno.mp3?_=2\" \/><a href=\"https:\/\/www.radiopiu.net\/wordpress\/wp-content\/uploads\/2023\/07\/Radio-Piu-Servizio-Lavori-Pubblica-Utilita-Belluno.mp3\">https:\/\/www.radiopiu.net\/wordpress\/wp-content\/uploads\/2023\/07\/Radio-Piu-Servizio-Lavori-Pubblica-Utilita-Belluno.mp3<\/a><\/audio>\n<p>&nbsp;<\/p>\n<p>&nbsp;<\/p>\n<hr \/>\n<blockquote>\n<h3 align=\"JUSTIFY\">Riapre il Centro diurno della Fondazione Casa del Sole, ripresa graduale<\/h3>\n<\/blockquote>\n<p align=\"JUSTIFY\"><a class=\"dt-pswp-item\" href=\"https:\/\/www.radiopiu.net\/wordpress\/wp-content\/uploads\/2023\/07\/Casa_di_riposo.jpg\" data-dt-img-description=\"\" data-large_image_width=\"1024\" data-large_image_height=\"577\"><img loading=\"lazy\" decoding=\"async\" class=\"size-medium wp-image-343003 alignleft\" src=\"https:\/\/www.radiopiu.net\/wordpress\/wp-content\/uploads\/2023\/07\/Casa_di_riposo-300x169.jpg\" alt=\"\" width=\"300\" height=\"169\" srcset=\"https:\/\/www.radiopiu.net\/wordpress\/wp-content\/uploads\/2023\/07\/Casa_di_riposo-300x169.jpg 300w, https:\/\/www.radiopiu.net\/wordpress\/wp-content\/uploads\/2023\/07\/Casa_di_riposo-768x433.jpg 768w, https:\/\/www.radiopiu.net\/wordpress\/wp-content\/uploads\/2023\/07\/Casa_di_riposo.jpg 1024w\" sizes=\"auto, (max-width: 300px) 100vw, 300px\" \/><\/a><strong>PONTE NELLE ALPI<\/strong> La Giunta comunale ha approvato la delibera di sostegno alle attivit\u00e0 del Centro diurno, con un intervento quotidiano per ospite di 10,20 euro come contributo alla tariffa. E cos\u00ec il consiglio di amministrazione della Fondazione Casa del Sole ha potuto dare il via alla riapertura del servizio diurno per anziani non autosufficienti.\u00a0 La novit\u00e0 \u00e8 che l\u2019apertura \u00e8 garantita 7 giorni su 7, sabati e domeniche compresi,\u00a0 dalle 7.30 alle 16. L\u2019equipe multidisciplinare del Centro diurno \u00e8 formata da operatori socio-sanitari, infermieri, fisioterapisti, educatori, psicologo, assistente sociale. E agli ospiti \u00e8 garantita una completa assistenza individuale. <em>\u00abRinasce per volont\u00e0 e impegno unanimi un servizio importante per la nostra comunit\u00e0&#8221; <\/em>\u00a0hanno sottolineato il sindaco Paolo Vendramini, l\u2019assessora al Sociale Lucia Da Rold e l\u2019assessore al Bilancio Andrea Pontello. Il presidente Daniele Galantin:<em> \u00abCi sono difficolt\u00e0 per le normative limitanti e soprattutto per la scarsit\u00e0 di personale. Ecco perch\u00e9 la ripresa del servizio sar\u00e0 graduale&#8221;<\/em><\/p>\n<p>&nbsp;<\/p>\n<hr \/>\n<p>&nbsp;<\/p>\n<div>\n<blockquote>\n<h3><b>Riqualificazione e potenziamento del centro ittiogenico di Tomo<\/b><\/h3>\n<\/blockquote>\n<\/div>\n<p><strong>FELTRE<\/strong>\u00a0 Nuova vita del centro ittiogenico di Tomo, specializzato nella selezione e produzione di trote marmorate \u201cceppo Piave\u201d. La Provincia di Belluno ha investito 200mila euro per restaurare l\u2019edificio che contiene l\u2019incubatoio. <em>\u00abQuesto impianto ittiogenico &#8211; ha detto Roberto Padrina, Presidente della Provincia &#8211;\u00a0 come quello di Bolzano Bellunese, \u00e8 fondamentale per la tutela e la valorizzazione dei nostri corpi idrici, perch\u00e9 consente la selezione e la riproduzione della trota autoctona dei nostri fiumi e torrenti. Grazie a una convenzione con Veneto Acque verr\u00e0 incrementata la produzione di pesce per ripopolare i corsi d\u2019acqua che hanno subito maggiori danni dalla tempesta Vaia.&#8221;.\u00a0<\/em> Il secondo lotto, di prossima partenza, ha un valore di circa 600mila euro e prevede il miglioramento delle captazioni dal torrente Aurich, per aumentare il livello di purezza dell\u2019acqua che alimenta l\u2019impianto. Sar\u00e0 realizzato anche un laghetto a scopo didattico. &#8220;Quindi <em>non \u00e8 finita qui &#8211; insiste Dario Bond presidente del Comitato Paritetico Fondi di Confine &#8211; intendiamo investire ancora, trovando collaborazione con il Primiero e le sue strutture di produzione ittica, per moltiplicare le risorse a disposizione ed estendere gli effetti positivi sui territori\u00bb.<span class=\"gmail-Apple-converted-space\">\u00a0<\/span><\/em><span class=\"gmail-Apple-converted-space\">\u00a0 \u00a0<\/span><\/p>\n<p>&nbsp;<\/p>\n<div>\n\n\t\t\t<style type='text\/css'>\n\t\t\t\t#gallery-1 {\n\t\t\t\t\tmargin: auto;\n\t\t\t\t}\n\t\t\t\t#gallery-1 .gallery-item {\n\t\t\t\t\tfloat: left;\n\t\t\t\t\tmargin-top: 10px;\n\t\t\t\t\ttext-align: center;\n\t\t\t\t\twidth: 50%;\n\t\t\t\t}\n\t\t\t\t#gallery-1 img {\n\t\t\t\t\tborder: 2px solid #cfcfcf;\n\t\t\t\t}\n\t\t\t\t#gallery-1 .gallery-caption {\n\t\t\t\t\tmargin-left: 0;\n\t\t\t\t}\n\t\t\t\t\/* see gallery_shortcode() in wp-includes\/media.php *\/\n\t\t\t<\/style>\n\t\t<div id='gallery-1' class='dt-gallery-container gallery galleryid-342973 gallery-columns-2 gallery-size-medium'><dl class='gallery-item'>\n\t\t\t\t<dt class='gallery-icon landscape'>\n\t\t\t\t\t<a class=\"rollover rollover-zoom dt-pswp-item\" title=\"Tomo_1\" data-dt-img-description=\"\" data-large_image_width=\"2560\" data-large_image_height=\"1920\"href='https:\/\/www.radiopiu.net\/wordpress\/wp-content\/uploads\/2023\/07\/Tomo_1-scaled.jpg'><img loading=\"lazy\" decoding=\"async\" width=\"300\" height=\"225\" src=\"https:\/\/www.radiopiu.net\/wordpress\/wp-content\/uploads\/2023\/07\/Tomo_1-300x225.jpg\" class=\"attachment-medium size-medium\" alt=\"\" srcset=\"https:\/\/www.radiopiu.net\/wordpress\/wp-content\/uploads\/2023\/07\/Tomo_1-300x225.jpg 300w, https:\/\/www.radiopiu.net\/wordpress\/wp-content\/uploads\/2023\/07\/Tomo_1-1024x768.jpg 1024w, https:\/\/www.radiopiu.net\/wordpress\/wp-content\/uploads\/2023\/07\/Tomo_1-768x576.jpg 768w, https:\/\/www.radiopiu.net\/wordpress\/wp-content\/uploads\/2023\/07\/Tomo_1-1536x1152.jpg 1536w, https:\/\/www.radiopiu.net\/wordpress\/wp-content\/uploads\/2023\/07\/Tomo_1-2048x1536.jpg 2048w\" sizes=\"auto, (max-width: 300px) 100vw, 300px\" \/><\/a>\n\t\t\t\t<\/dt><\/dl><dl class='gallery-item'>\n\t\t\t\t<dt class='gallery-icon landscape'>\n\t\t\t\t\t<a class=\"rollover rollover-zoom dt-pswp-item\" title=\"Tomo\" data-dt-img-description=\"\" data-large_image_width=\"2560\" data-large_image_height=\"1920\"href='https:\/\/www.radiopiu.net\/wordpress\/wp-content\/uploads\/2023\/07\/Tomo-scaled.jpg'><img loading=\"lazy\" decoding=\"async\" width=\"300\" height=\"225\" src=\"https:\/\/www.radiopiu.net\/wordpress\/wp-content\/uploads\/2023\/07\/Tomo-300x225.jpg\" class=\"attachment-medium size-medium\" alt=\"\" srcset=\"https:\/\/www.radiopiu.net\/wordpress\/wp-content\/uploads\/2023\/07\/Tomo-300x225.jpg 300w, https:\/\/www.radiopiu.net\/wordpress\/wp-content\/uploads\/2023\/07\/Tomo-1024x768.jpg 1024w, https:\/\/www.radiopiu.net\/wordpress\/wp-content\/uploads\/2023\/07\/Tomo-768x576.jpg 768w, https:\/\/www.radiopiu.net\/wordpress\/wp-content\/uploads\/2023\/07\/Tomo-1536x1152.jpg 1536w, https:\/\/www.radiopiu.net\/wordpress\/wp-content\/uploads\/2023\/07\/Tomo-2048x1536.jpg 2048w\" sizes=\"auto, (max-width: 300px) 100vw, 300px\" \/><\/a>\n\t\t\t\t<\/dt><\/dl><br style=\"clear: both\" \/>\n\t\t\t<\/div>\n\n<\/div>\n<div><\/div>\n<div><\/div>\n<div>\n<hr \/>\n<\/div>\n<div><\/div>\n<div>\n<p><strong>IERI, TG DI ANTENNA 3, DI TIZIANA BOLOGNANI ogni sera alle 19.10 alla radio le anticipazione del TG in onda ogni sera alle 19.30 sul canale 10 del digitale terrestre: IL TELEGIORNALE DEL BELLUNESE <\/strong><\/p>\n<blockquote>\n<h3 class=\"_title post-title entry-title\">LONGARONE | SAFILO, BOATO FEMCA CISL: \u00abA FULCHIR CHIEDIAMO CHIAREZZA E SERIETA\u2019\u00bb<\/h3>\n<\/blockquote>\n<\/div>\n<div>\n<blockquote class=\"wp-embedded-content\" data-secret=\"VdOsknG5bX\"><p><a href=\"https:\/\/antennatre.medianordest.it\/77758\/longarone-safilo-boato-femca-cisl-a-fulchir-chiediamo-chiarezza-e-serieta\/\">LONGARONE | SAFILO, BOATO FEMCA CISL: \u00abA FULCHIR CHIEDIAMO CHIAREZZA E SERIETA&#8217;\u00bb<\/a><\/p><\/blockquote>\n<p><iframe loading=\"lazy\" class=\"wp-embedded-content\" sandbox=\"allow-scripts\" security=\"restricted\" style=\"position: absolute; clip: rect(1px, 1px, 1px, 1px);\" title=\"&#8220;LONGARONE | SAFILO, BOATO FEMCA CISL: \u00abA FULCHIR CHIEDIAMO CHIAREZZA E SERIETA&#8217;\u00bb&#8221; &#8212; ANTENNA TRE | Medianordest\" src=\"https:\/\/antennatre.medianordest.it\/77758\/longarone-safilo-boato-femca-cisl-a-fulchir-chiediamo-chiarezza-e-serieta\/embed\/#?secret=yjHnMJiLzm#?secret=VdOsknG5bX\" data-secret=\"VdOsknG5bX\" width=\"600\" height=\"338\" frameborder=\"0\" marginwidth=\"0\" marginheight=\"0\" scrolling=\"no\"><\/iframe><\/p>\n<\/div>\n<div><\/div>\n<div><\/div>\n<div>\n<hr \/>\n<\/div>\n<div><\/div>\n<div>\n<p>&nbsp;<\/p>\n<blockquote>\n<h3><strong><a class=\"dt-pswp-item\" href=\"https:\/\/www.radiopiu.net\/wordpress\/wp-content\/uploads\/2023\/07\/ASSI-ONLUS.jpg\" data-dt-img-description=\"\" data-large_image_width=\"225\" data-large_image_height=\"224\"><img loading=\"lazy\" decoding=\"async\" class=\" wp-image-342992 alignleft\" src=\"https:\/\/www.radiopiu.net\/wordpress\/wp-content\/uploads\/2023\/07\/ASSI-ONLUS.jpg\" alt=\"\" width=\"144\" height=\"143\" srcset=\"https:\/\/www.radiopiu.net\/wordpress\/wp-content\/uploads\/2023\/07\/ASSI-ONLUS.jpg 225w, https:\/\/www.radiopiu.net\/wordpress\/wp-content\/uploads\/2023\/07\/ASSI-ONLUS-150x150.jpg 150w\" sizes=\"auto, (max-width: 144px) 100vw, 144px\" \/><\/a><\/strong>IL PROGETTO ALTA VIA ACCESSIBILE DIVENTA REALTA&#8217;<\/h3>\n<p>&nbsp;<\/p><\/blockquote>\n<p><strong>DI GIANNI SANTOMASO<\/strong><\/p>\n<audio class=\"wp-audio-shortcode\" id=\"audio-342973-3\" preload=\"none\" style=\"width: 100%;\" controls=\"controls\"><source type=\"audio\/mpeg\" src=\"https:\/\/www.radiopiu.net\/wordpress\/wp-content\/uploads\/2023\/07\/AVVENTURA-IN-MONTAGNA-SENZA-BARRIERE-DI-GIANNI-SANTOMASO.mp3?_=3\" \/><a href=\"https:\/\/www.radiopiu.net\/wordpress\/wp-content\/uploads\/2023\/07\/AVVENTURA-IN-MONTAGNA-SENZA-BARRIERE-DI-GIANNI-SANTOMASO.mp3\">https:\/\/www.radiopiu.net\/wordpress\/wp-content\/uploads\/2023\/07\/AVVENTURA-IN-MONTAGNA-SENZA-BARRIERE-DI-GIANNI-SANTOMASO.mp3<\/a><\/audio>\n<p>&nbsp;<\/p>\n<\/div>\n<p>&nbsp;<\/p>\n<hr \/>\n<p>&nbsp;<\/p>\n<p>&nbsp;<\/p>\n<div class=\"articlePlainSubHead\"><\/div>\n<blockquote>\n<h2 class=\"articlePlainTitle\"><a class=\"dt-pswp-item\" href=\"https:\/\/www.radiopiu.net\/wordpress\/wp-content\/uploads\/2023\/07\/th-2.jpg\" data-dt-img-description=\"\" data-large_image_width=\"330\" data-large_image_height=\"180\"><img loading=\"lazy\" decoding=\"async\" class=\" wp-image-342807 alignleft\" src=\"https:\/\/www.radiopiu.net\/wordpress\/wp-content\/uploads\/2023\/07\/th-2-300x164.jpg\" alt=\"\" width=\"230\" height=\"126\" srcset=\"https:\/\/www.radiopiu.net\/wordpress\/wp-content\/uploads\/2023\/07\/th-2-300x164.jpg 300w, https:\/\/www.radiopiu.net\/wordpress\/wp-content\/uploads\/2023\/07\/th-2.jpg 330w\" sizes=\"auto, (max-width: 230px) 100vw, 230px\" \/><\/a>Dolomiti in miniatura: scultori al lavoro<\/h2>\n<\/blockquote>\n<p class=\"articlePlainText\"><strong>SAN TOMASO <\/strong>Durer\u00e0 fino a domenica la settimana di &#8220;Dolomites Rock Miniatures&#8221;, l&#8217;evento durante il quale verranno realizzate le ultime tre opere de &#8220;Il sentiero delle Dolomiti in miniatura&#8221; a San Tomaso. Alle sedici opere realizzate a partire dal 2017 verranno aggiunte le miniature delle Tre Cime di Lavaredo, del Focob\u00f3n, del Monte Cristallo e del Sass Maor. A trasformare nelle pi\u00f9 importanti cime tre sassi di dolomia, provenienti dalla cava di San Tomaso, saranno Paolo Vivian, il britannico Rob Good e Milton Ramon Estrella Gavidia, proveniente dall&#8217;Equador. L&#8217;evento fa parte delle iniziative legate alla 25\u00aa edizione del premio Pelmo d&#8217;Oro che si svolger\u00e0 all&#8217;Arena 1082, sempre a San Tomaso, il 29 luglio.<\/p>\n<p>&nbsp;<\/p>\n<p><strong>IERI LA DIRETTA DA SAN TOMASO CONOSCIAMO GLI ARTISTI<\/strong><\/p>\n<p>https:\/\/www.facebook.com\/marco.baghy.1\/videos\/1635963886885933<\/p>\n<p>&nbsp;<\/p>\n<p>&nbsp;<\/p>\n<hr \/>\n<p>&nbsp;<\/p>\n<blockquote>\n<h3>FINESTRE IN VAL DEL BIOIS, NEI DOCUMENTI IL LEGAME TRA IL TERRITORIO E LO SCRITTORE DEMATTE&#8217;<\/h3>\n<\/blockquote>\n<blockquote>\n<div class=\"articlePlainSubHead\">Oggi l&#8217;inaugurazione nella Casa delle Regole di Canale d&#8217;Agordo Francesca e Donata raccontano il fratello cittadino onorario di Falcade<\/div>\n<\/blockquote>\n<p><strong>\u00a0CANALE D&#8217;AGORDO<\/strong> Sar\u00e0 un omaggio sincero, sentito e doveroso a Enzo Dematt\u00e8 (1927-2014, trentino di origine, trevisano e agordino di elezione), uno dei pi\u00f9 attenti intellettuali del secolo scorso che seppe intercettare e fare sua la secolare cultura delle Dolomiti Bellunesi. \u00c8 la mostra &#8220;Finestre in Val del Bi\u00f3is. Enzo Dematt\u00e8. Note, racconti, poesia&#8221;, a cura di Francesca e Donata Dematt\u00e8, che verr\u00e0 presentata oggi alle 17.30, nella Casa delle Regole di Canale d&#8217;Agordo, e che rester\u00e0 aperta fino al 10 settembre.<\/p>\n<p>&nbsp;<\/p>\n<p>&nbsp;<\/p>\n<hr \/>\n<p>&nbsp;<\/p>\n<blockquote>\n<h3><strong>LE REGIONI DELL\u2019ARCO ALPINO INSIEME PER LA GESTIONE DEI GRANDI CARNIVORI. <\/strong><\/h3>\n<\/blockquote>\n<p><strong><a class=\"dt-pswp-item\" href=\"https:\/\/www.radiopiu.net\/wordpress\/wp-content\/uploads\/2023\/04\/CUCCIOLI-LUPO.jpeg\" data-dt-img-description=\"\" data-large_image_width=\"916\" data-large_image_height=\"714\"><img loading=\"lazy\" decoding=\"async\" class=\" wp-image-333449 alignleft\" src=\"https:\/\/www.radiopiu.net\/wordpress\/wp-content\/uploads\/2023\/04\/CUCCIOLI-LUPO-300x234.jpeg\" alt=\"\" width=\"247\" height=\"193\" srcset=\"https:\/\/www.radiopiu.net\/wordpress\/wp-content\/uploads\/2023\/04\/CUCCIOLI-LUPO-300x234.jpeg 300w, https:\/\/www.radiopiu.net\/wordpress\/wp-content\/uploads\/2023\/04\/CUCCIOLI-LUPO-768x599.jpeg 768w, https:\/\/www.radiopiu.net\/wordpress\/wp-content\/uploads\/2023\/04\/CUCCIOLI-LUPO.jpeg 916w\" sizes=\"auto, (max-width: 247px) 100vw, 247px\" \/><\/a>VENEZIA<\/strong> \u201cPredazioni, incontri e avvistamenti di lupi e orsi sono ormai all\u2019ordine del giorno anche nelle nostre montagne. \u00c8 necessario intervenire, e muoversi assieme con le altre Regioni e Province autonome dell\u2019arco alpino per trovare una soluzione attesa da tempo, confidando di poterla raggiungere insieme. Bisogna agire in fretta per scongiurare nuovi incidenti e per salvare le attivit\u00e0 e il turismo delle zone coinvolte\u201d. Cos\u00ec interviene l\u2019assessore regionale alla Caccia Cristiano Corazzari che qualche giorno fa ha incontrato, su iniziativa della Provincia Autonoma di Bolzano, le Regioni e province autonome dell\u2019arco alpino con l\u2019obiettivo di discutere un approccio comune alla gestione dei grandi carnivori.\u00a0 L\u2019assessore Corazzari annuncia che le Regioni presenteranno in sede di Conferenza Stato Regioni le rispettive proposte in occasione dell\u2019esame del Piano di gestione del lupo. Oggi, in sede di Commissione Politiche Agricole, gli Assessori hanno sospeso la valutazione del Piano per approfondire alcune questioni con il Ministero dell\u2019Ambiente e il sottosegretario Claudio Barbaro relative alla necessit\u00e0 di concordare Protocolli locali che contengano tutte le misure fino alla rimozione, individuare indicazioni efficaci per la gestione dei \u201clupi ibridi\u201d e la definizione di \u201clupo dannoso\u201d ma soprattutto per individuare le risorse finanziarie necessarie<\/p>\n<p>&nbsp;<\/p>\n<p>&nbsp;<\/p>\n<hr \/>\n<p>&nbsp;<\/p>\n<p><strong>Primo Gioved\u00ec in piazza a Belluno con contestuale\u00a0 gazebo della legalit\u00e0 dell&#8217;Assessorato Comunale alla Sicurezza\u00a0<\/strong><\/p>\n<p><a class=\"dt-pswp-item\" href=\"https:\/\/www.radiopiu.net\/wordpress\/wp-content\/uploads\/2023\/07\/a14413f4-b382-48d3-95ff-3f1bc2d7ffd9.jpg\" data-dt-img-description=\"\" data-large_image_width=\"1600\" data-large_image_height=\"1066\"><img loading=\"lazy\" decoding=\"async\" class=\"size-medium wp-image-343100 aligncenter\" src=\"https:\/\/www.radiopiu.net\/wordpress\/wp-content\/uploads\/2023\/07\/a14413f4-b382-48d3-95ff-3f1bc2d7ffd9-300x200.jpg\" alt=\"\" width=\"300\" height=\"200\" srcset=\"https:\/\/www.radiopiu.net\/wordpress\/wp-content\/uploads\/2023\/07\/a14413f4-b382-48d3-95ff-3f1bc2d7ffd9-300x200.jpg 300w, https:\/\/www.radiopiu.net\/wordpress\/wp-content\/uploads\/2023\/07\/a14413f4-b382-48d3-95ff-3f1bc2d7ffd9-1024x682.jpg 1024w, https:\/\/www.radiopiu.net\/wordpress\/wp-content\/uploads\/2023\/07\/a14413f4-b382-48d3-95ff-3f1bc2d7ffd9-768x512.jpg 768w, https:\/\/www.radiopiu.net\/wordpress\/wp-content\/uploads\/2023\/07\/a14413f4-b382-48d3-95ff-3f1bc2d7ffd9-1536x1023.jpg 1536w, https:\/\/www.radiopiu.net\/wordpress\/wp-content\/uploads\/2023\/07\/a14413f4-b382-48d3-95ff-3f1bc2d7ffd9.jpg 1600w\" sizes=\"auto, (max-width: 300px) 100vw, 300px\" \/><\/a><\/p>\n<p>&nbsp;<\/p>\n<hr \/>\n<p>&nbsp;<\/p>\n<blockquote>\n<h3>DOLOMITI SUMMER SCHOOL, APERTE LE ISCRIZIONI<\/h3>\n<\/blockquote>\n<p><strong><a class=\"dt-pswp-item\" href=\"https:\/\/www.radiopiu.net\/wordpress\/wp-content\/uploads\/2021\/05\/CONFINDUSTRIA.png\" data-dt-img-description=\"\" data-large_image_width=\"575\" data-large_image_height=\"575\"><img loading=\"lazy\" decoding=\"async\" class=\" wp-image-211858 alignleft\" src=\"https:\/\/www.radiopiu.net\/wordpress\/wp-content\/uploads\/2021\/05\/CONFINDUSTRIA-300x300.png\" alt=\"\" width=\"107\" height=\"107\" srcset=\"https:\/\/www.radiopiu.net\/wordpress\/wp-content\/uploads\/2021\/05\/CONFINDUSTRIA-300x300.png 300w, https:\/\/www.radiopiu.net\/wordpress\/wp-content\/uploads\/2021\/05\/CONFINDUSTRIA-150x150.png 150w, https:\/\/www.radiopiu.net\/wordpress\/wp-content\/uploads\/2021\/05\/CONFINDUSTRIA.png 575w\" sizes=\"auto, (max-width: 107px) 100vw, 107px\" \/><\/a>BELLUNO <\/strong>Lettere, Lingue, Economia, Marketing, Management, Giurisprudenza, Medicina, Odontoiatria, Biotecnologie, Scienze Motorie, Informatica, Ingegneria Civile, Ambientale e Meccanica e Ingegneria Industriale: sono queste le lezioni a cui potranno accedere i partecipanti alla seconda edizione della Dolomiti Summer School, la grande iniziativa di orientamento universitario che si terr\u00e0 a Belluno \u2013 nella prestigiosa sede di Palazzo Bembo \u2013 tra il 28 agosto e il 1\u00b0 settembre. Le iscrizioni rimarranno aperte per tutto il mese di luglio. \u201c\u00c8 tempo di scelte e noi diamo la possibilit\u00e0 ai giovani \u2013 bellunesi e non \u2013 di scegliere la loro facolt\u00e0 direttamente a Belluno con una esperienza unica\u201d, afferma Lorraine Berton, presidente di Confindustria Belluno Dolomiti.<\/p>\n<p>&nbsp;<\/p>\n<hr \/>\n<p>&nbsp;<\/p>\n<blockquote>\n<h3>TURISMO: OSPITALITA&#8217; DIFFUSA E CONCA AGORDINA DA E-BIKE<\/h3>\n<\/blockquote>\n<blockquote><p><em>In questi giorni sui nuovi tracciati verranno collocate le nuova tabelle con le indicazioni, sar\u00e0 un estate di &#8220;lavori in corso&#8221;<\/em><\/p><\/blockquote>\n<p><strong>REDAZIONE<\/strong> Gabriele Trento al tempo\u00a0 assessore ad Agordo aveva scommesso sulla Ospitalit\u00e0 Diffusa, ha continuato a parlarne anche dopo le prime riunioni che avevano messo attorno ad un tavolo nove neo imprenditori turistici.\u00a0 Al suo fianco il sindaco di Taibon Silvia Tormen che ha poi continuato sulla via tracciata dando credibilit\u00e0 al progetto che ha preso quota nel tempo <em>&#8220;Siamo partiti nel 2014 &#8211; dice il sindaco &#8211;\u00a0 dopo le elezioni. Io avevo nel programma elettorale l\u2019albergo diffuso e Agordo pure ci incontrammo e decidemmo di fare la strada assieme mirando ad un progetto di conca&#8221;<\/em> Presto saranno 40 gli interessati a questa idea che rilancia turisticamente la Conca Agordina, amorfa per troppi anni,\u00a0 cullata nel benessere dell&#8217;occhiale. \u00a0Ma c&#8217;\u00e8 chi non smette di crederci, ricordando anche i trascorsi dei Comuni di fondovalle quando tante famiglie mettevano a disposizioni i loro secondi appartamenti o seconde camere per un turismo comunque diverso da quello attuale. Claudio Da Roit, pi\u00f9 noto come Doctor Bike \u00e8 invece quel giovane di allora che scoprendo la e-bike, es \u00e8 stato uno tra i primi in provincia, ha immediatamente capito l&#8217;utilit\u00e0 del mezzo e soprattutto la bellezza del territorio. Sono quindi nati i primi tracciati per biciclette dentro e fuori la Valle di San Lucano. Le menti di Ospitalit\u00e0 Diffusa, unitamente alla professionalit\u00e0 di Claudio Da Roit,\u00a0 hanno ora dato vita al progetto <em>Conca Agordina Tour Bike e Hike<\/em>. Pedalando oppure a piedi, lungo anelli incastonati tra verde e montagna, 20-60-80 chilometri, a seconda della voglia di pedalare o camminare,\u00a0 scegliendo percorsi ben segnalati da apposite tabelle, nuove, belle e resistenti, oppure lungo la varianti. Escursionisti e turisti saranno agevolati nei loro tour dalla cartina con indicati percorsi e loro peculiarit\u00e0. Saranno anche predisposte idonee tabelloni per invitare il turista a scoprire il territorio.<\/p>\n\n\t\t\t<style type='text\/css'>\n\t\t\t\t#gallery-2 {\n\t\t\t\t\tmargin: auto;\n\t\t\t\t}\n\t\t\t\t#gallery-2 .gallery-item {\n\t\t\t\t\tfloat: left;\n\t\t\t\t\tmargin-top: 10px;\n\t\t\t\t\ttext-align: center;\n\t\t\t\t\twidth: 33%;\n\t\t\t\t}\n\t\t\t\t#gallery-2 img {\n\t\t\t\t\tborder: 2px solid #cfcfcf;\n\t\t\t\t}\n\t\t\t\t#gallery-2 .gallery-caption {\n\t\t\t\t\tmargin-left: 0;\n\t\t\t\t}\n\t\t\t\t\/* see gallery_shortcode() in wp-includes\/media.php *\/\n\t\t\t<\/style>\n\t\t<div id='gallery-2' class='dt-gallery-container gallery galleryid-342973 gallery-columns-3 gallery-size-thumbnail'><dl class='gallery-item'>\n\t\t\t\t<dt class='gallery-icon landscape'>\n\t\t\t\t\t<a class=\"rollover\" href='https:\/\/www.radiopiu.net\/wordpress\/giornale-radiopiu-07-luglio-2023-direttore-mirko-mezzacasaverso-i-40-anni-25-giugno-1983-25-giugno-2023\/a806b3b5-08a6-45bc-aefe-25608f8abd39\/'><img loading=\"lazy\" decoding=\"async\" width=\"150\" height=\"150\" src=\"https:\/\/www.radiopiu.net\/wordpress\/wp-content\/uploads\/2023\/07\/a806b3b5-08a6-45bc-aefe-25608f8abd39-150x150.jpg\" class=\"attachment-thumbnail size-thumbnail\" alt=\"\" \/><\/a>\n\t\t\t\t<\/dt><\/dl><dl class='gallery-item'>\n\t\t\t\t<dt class='gallery-icon landscape'>\n\t\t\t\t\t<a class=\"rollover\" href='https:\/\/www.radiopiu.net\/wordpress\/turismo-ospitalita-diffusa-e-conca-agordina-da-e-bike\/9335c4e4-97c9-4007-890b-ddb217321962\/'><img loading=\"lazy\" decoding=\"async\" width=\"150\" height=\"150\" src=\"https:\/\/www.radiopiu.net\/wordpress\/wp-content\/uploads\/2023\/07\/9335c4e4-97c9-4007-890b-ddb217321962-150x150.jpg\" class=\"attachment-thumbnail size-thumbnail\" alt=\"\" \/><\/a>\n\t\t\t\t<\/dt><\/dl><dl class='gallery-item'>\n\t\t\t\t<dt class='gallery-icon portrait'>\n\t\t\t\t\t<a class=\"rollover\" href='https:\/\/www.radiopiu.net\/wordpress\/giornale-radiopiu-07-luglio-2023-direttore-mirko-mezzacasaverso-i-40-anni-25-giugno-1983-25-giugno-2023\/5091a570-e775-4235-a604-0d3edf119d92\/'><img loading=\"lazy\" decoding=\"async\" width=\"150\" height=\"150\" src=\"https:\/\/www.radiopiu.net\/wordpress\/wp-content\/uploads\/2023\/07\/5091a570-e775-4235-a604-0d3edf119d92-150x150.jpg\" class=\"attachment-thumbnail size-thumbnail\" alt=\"\" \/><\/a>\n\t\t\t\t<\/dt><\/dl><br style=\"clear: both\" \/><dl class='gallery-item'>\n\t\t\t\t<dt class='gallery-icon portrait'>\n\t\t\t\t\t<a class=\"rollover\" href='https:\/\/www.radiopiu.net\/wordpress\/giornale-radiopiu-07-luglio-2023-direttore-mirko-mezzacasaverso-i-40-anni-25-giugno-1983-25-giugno-2023\/b2e7f2cb-9f71-42ec-b772-2b31e72d56c0\/'><img loading=\"lazy\" decoding=\"async\" width=\"150\" height=\"150\" src=\"https:\/\/www.radiopiu.net\/wordpress\/wp-content\/uploads\/2023\/07\/b2e7f2cb-9f71-42ec-b772-2b31e72d56c0-150x150.jpg\" class=\"attachment-thumbnail size-thumbnail\" alt=\"\" \/><\/a>\n\t\t\t\t<\/dt><\/dl><dl class='gallery-item'>\n\t\t\t\t<dt class='gallery-icon portrait'>\n\t\t\t\t\t<a class=\"rollover\" href='https:\/\/www.radiopiu.net\/wordpress\/giornale-radiopiu-07-luglio-2023-direttore-mirko-mezzacasaverso-i-40-anni-25-giugno-1983-25-giugno-2023\/a4e0cd99-23fe-413b-b093-fbba593e7c5f\/'><img loading=\"lazy\" decoding=\"async\" width=\"150\" height=\"150\" src=\"https:\/\/www.radiopiu.net\/wordpress\/wp-content\/uploads\/2023\/07\/a4e0cd99-23fe-413b-b093-fbba593e7c5f-150x150.jpg\" class=\"attachment-thumbnail size-thumbnail\" alt=\"\" \/><\/a>\n\t\t\t\t<\/dt><\/dl>\n\t\t\t\t<br style='clear: both' \/>\n\t\t\t<\/div>\n\n<p>&nbsp;<\/p>\n<hr \/>\n<p>&nbsp;<\/p>\n<blockquote>\n<h3>UN MUSEO ANCHE A FREGONA DI CANALE D&#8217;AGORDO<\/h3>\n<\/blockquote>\n<p>FREGONA DI CANALE D&#8217;AGORDO<\/p>\n<p>&nbsp;<\/p>\n<p>DI GIANNI SANTOMASO<\/p>\n<audio class=\"wp-audio-shortcode\" id=\"audio-342973-4\" preload=\"none\" style=\"width: 100%;\" controls=\"controls\"><source type=\"audio\/mpeg\" src=\"https:\/\/www.radiopiu.net\/wordpress\/wp-content\/uploads\/2023\/07\/CHI-DA-FRETGONA-GIANNI.mp3?_=4\" \/><a href=\"https:\/\/www.radiopiu.net\/wordpress\/wp-content\/uploads\/2023\/07\/CHI-DA-FRETGONA-GIANNI.mp3\">https:\/\/www.radiopiu.net\/wordpress\/wp-content\/uploads\/2023\/07\/CHI-DA-FRETGONA-GIANNI.mp3<\/a><\/audio>\n<p>&nbsp;<\/p>\n\n\t\t\t<style type='text\/css'>\n\t\t\t\t#gallery-3 {\n\t\t\t\t\tmargin: auto;\n\t\t\t\t}\n\t\t\t\t#gallery-3 .gallery-item {\n\t\t\t\t\tfloat: left;\n\t\t\t\t\tmargin-top: 10px;\n\t\t\t\t\ttext-align: center;\n\t\t\t\t\twidth: 33%;\n\t\t\t\t}\n\t\t\t\t#gallery-3 img {\n\t\t\t\t\tborder: 2px solid #cfcfcf;\n\t\t\t\t}\n\t\t\t\t#gallery-3 .gallery-caption {\n\t\t\t\t\tmargin-left: 0;\n\t\t\t\t}\n\t\t\t\t\/* see gallery_shortcode() in wp-includes\/media.php *\/\n\t\t\t<\/style>\n\t\t<div id='gallery-3' class='dt-gallery-container gallery galleryid-342973 gallery-columns-3 gallery-size-thumbnail'><dl class='gallery-item'>\n\t\t\t\t<dt class='gallery-icon portrait'>\n\t\t\t\t\t<a class=\"rollover rollover-zoom dt-pswp-item\" title=\"10cf7c2e-8e3e-456c-a4f7-59699e2b3728\" data-dt-img-description=\"\" data-large_image_width=\"1200\" data-large_image_height=\"1600\"href='https:\/\/www.radiopiu.net\/wordpress\/wp-content\/uploads\/2023\/07\/10cf7c2e-8e3e-456c-a4f7-59699e2b3728.jpg'><img loading=\"lazy\" decoding=\"async\" width=\"150\" height=\"150\" src=\"https:\/\/www.radiopiu.net\/wordpress\/wp-content\/uploads\/2023\/07\/10cf7c2e-8e3e-456c-a4f7-59699e2b3728-150x150.jpg\" class=\"attachment-thumbnail size-thumbnail\" alt=\"\" \/><\/a>\n\t\t\t\t<\/dt><\/dl><dl class='gallery-item'>\n\t\t\t\t<dt class='gallery-icon landscape'>\n\t\t\t\t\t<a class=\"rollover rollover-zoom dt-pswp-item\" title=\"1e7938aa-8e23-42f8-a128-902b6a5135a8\" data-dt-img-description=\"\" data-large_image_width=\"1024\" data-large_image_height=\"768\"href='https:\/\/www.radiopiu.net\/wordpress\/wp-content\/uploads\/2023\/07\/1e7938aa-8e23-42f8-a128-902b6a5135a8.jpg'><img loading=\"lazy\" decoding=\"async\" width=\"150\" height=\"150\" src=\"https:\/\/www.radiopiu.net\/wordpress\/wp-content\/uploads\/2023\/07\/1e7938aa-8e23-42f8-a128-902b6a5135a8-150x150.jpg\" class=\"attachment-thumbnail size-thumbnail\" alt=\"\" \/><\/a>\n\t\t\t\t<\/dt><\/dl><dl class='gallery-item'>\n\t\t\t\t<dt class='gallery-icon landscape'>\n\t\t\t\t\t<a class=\"rollover rollover-zoom dt-pswp-item\" title=\"d6972ee4-371f-453d-9bbc-d76113fdda8e\" data-dt-img-description=\"\" data-large_image_width=\"1024\" data-large_image_height=\"768\"href='https:\/\/www.radiopiu.net\/wordpress\/wp-content\/uploads\/2023\/07\/d6972ee4-371f-453d-9bbc-d76113fdda8e.jpg'><img loading=\"lazy\" decoding=\"async\" width=\"150\" height=\"150\" src=\"https:\/\/www.radiopiu.net\/wordpress\/wp-content\/uploads\/2023\/07\/d6972ee4-371f-453d-9bbc-d76113fdda8e-150x150.jpg\" class=\"attachment-thumbnail size-thumbnail\" alt=\"\" \/><\/a>\n\t\t\t\t<\/dt><\/dl><br style=\"clear: both\" \/><dl class='gallery-item'>\n\t\t\t\t<dt class='gallery-icon landscape'>\n\t\t\t\t\t<a class=\"rollover rollover-zoom dt-pswp-item\" title=\"5558ffce-4c39-4752-8c36-296e0946c9aa\" data-dt-img-description=\"\" data-large_image_width=\"1024\" data-large_image_height=\"768\"href='https:\/\/www.radiopiu.net\/wordpress\/wp-content\/uploads\/2023\/07\/5558ffce-4c39-4752-8c36-296e0946c9aa.jpg'><img loading=\"lazy\" decoding=\"async\" width=\"150\" height=\"150\" src=\"https:\/\/www.radiopiu.net\/wordpress\/wp-content\/uploads\/2023\/07\/5558ffce-4c39-4752-8c36-296e0946c9aa-150x150.jpg\" class=\"attachment-thumbnail size-thumbnail\" alt=\"\" \/><\/a>\n\t\t\t\t<\/dt><\/dl><dl class='gallery-item'>\n\t\t\t\t<dt class='gallery-icon landscape'>\n\t\t\t\t\t<a class=\"rollover rollover-zoom dt-pswp-item\" title=\"62071d43-2f0f-4b3a-8d8d-5d1c1e46468d\" data-dt-img-description=\"\" data-large_image_width=\"1024\" data-large_image_height=\"768\"href='https:\/\/www.radiopiu.net\/wordpress\/wp-content\/uploads\/2023\/07\/62071d43-2f0f-4b3a-8d8d-5d1c1e46468d.jpg'><img loading=\"lazy\" decoding=\"async\" width=\"150\" height=\"150\" src=\"https:\/\/www.radiopiu.net\/wordpress\/wp-content\/uploads\/2023\/07\/62071d43-2f0f-4b3a-8d8d-5d1c1e46468d-150x150.jpg\" class=\"attachment-thumbnail size-thumbnail\" alt=\"\" \/><\/a>\n\t\t\t\t<\/dt><\/dl>\n\t\t\t\t<br style='clear: both' \/>\n\t\t\t<\/div>\n\n<p>&nbsp;<\/p>\n<p>&nbsp;<\/p>\n<p>&nbsp;<\/p>\n<hr \/>\n<p>&nbsp;<\/p>\n<blockquote>\n<h3>I GIOVEDI A COLLE SANTA LUCIA, CULTURA E TRADIZIONI<\/h3>\n<\/blockquote>\n<p><a class=\"dt-pswp-item\" href=\"https:\/\/www.radiopiu.net\/wordpress\/wp-content\/uploads\/2021\/06\/0a98cd5e-a5e0-422e-b822-1099adf4c8a7.jpg\" data-dt-img-description=\"\" data-large_image_width=\"768\" data-large_image_height=\"1024\"><img loading=\"lazy\" decoding=\"async\" class=\"wp-image-215093 alignleft\" src=\"https:\/\/www.radiopiu.net\/wordpress\/wp-content\/uploads\/2021\/06\/0a98cd5e-a5e0-422e-b822-1099adf4c8a7-225x300.jpg\" alt=\"\" width=\"127\" height=\"169\" srcset=\"https:\/\/www.radiopiu.net\/wordpress\/wp-content\/uploads\/2021\/06\/0a98cd5e-a5e0-422e-b822-1099adf4c8a7-225x300.jpg 225w, https:\/\/www.radiopiu.net\/wordpress\/wp-content\/uploads\/2021\/06\/0a98cd5e-a5e0-422e-b822-1099adf4c8a7.jpg 768w\" sizes=\"auto, (max-width: 127px) 100vw, 127px\" \/><\/a>Colle Santa Lucia, l&#8217;associazione turistica che ti offre un&#8217;esperienza unica, all&#8217;insegna della cultura, della storia e delle tradizioni, ogni gioved\u00ec appuntamenti straordinari.\u00a0 Preparati a viaggiare nel tempo e a rivivere epoche passate, con sfide e avventure che ti lasceranno senza fiato. Il primo appuntamento \u00e8 il 13 luglio alle 18:30, con un protagonista d&#8217;eccezione: Michil Costa, esperto conoscitore di queste terre e appassionato narratore, ti guider\u00e0 attraverso un viaggio affascinante alla scoperta della storia e dei segreti delle terre ladine.\u00a0 Non perdere l&#8217;occasione di vivere un&#8217;estate indimenticabile. L&#8217;associazione turistica Colle Santa Lucia ti aspetta ogni gioved\u00ec per farti innamorare della sua cultura, della sua storia e delle sue tradizioni.<\/p>\n<p>&nbsp;<\/p>\n<hr \/>\n<p>&nbsp;<\/p>\n<h2><span style=\"color: #ff6600;\">IERI ALLA RADIO<\/span><\/h2>\n<h2><span style=\"color: #008080;\"><a class=\"dt-pswp-item\" href=\"https:\/\/www.radiopiu.net\/wordpress\/wp-content\/uploads\/2023\/07\/th-4.jpg\" data-dt-img-description=\"\" data-large_image_width=\"180\" data-large_image_height=\"180\"><img loading=\"lazy\" decoding=\"async\" class=\" wp-image-342955 alignleft\" src=\"https:\/\/www.radiopiu.net\/wordpress\/wp-content\/uploads\/2023\/07\/th-4.jpg\" alt=\"\" width=\"112\" height=\"112\" srcset=\"https:\/\/www.radiopiu.net\/wordpress\/wp-content\/uploads\/2023\/07\/th-4.jpg 180w, https:\/\/www.radiopiu.net\/wordpress\/wp-content\/uploads\/2023\/07\/th-4-150x150.jpg 150w\" sizes=\"auto, (max-width: 112px) 100vw, 112px\" \/><\/a>IL CONSORZIO PRO LOCO DELL&#8217;AGORDINO. GLI APPUNTAMENTI ESTIVI ALLA RADIO<\/span><\/h2>\n<p><strong>di Mirko Mezzacasa<\/strong><\/p>\n<p>OSPITE: Patrizio De Ventura, presidente della Pro Loco di Caviola<\/p>\n<audio class=\"wp-audio-shortcode\" id=\"audio-342973-5\" preload=\"none\" style=\"width: 100%;\" controls=\"controls\"><source type=\"audio\/mpeg\" src=\"https:\/\/www.radiopiu.net\/wordpress\/wp-content\/uploads\/2023\/07\/UNPLI-PATRIZIO-DE-VENTURA.mp3?_=5\" \/><a href=\"https:\/\/www.radiopiu.net\/wordpress\/wp-content\/uploads\/2023\/07\/UNPLI-PATRIZIO-DE-VENTURA.mp3\">https:\/\/www.radiopiu.net\/wordpress\/wp-content\/uploads\/2023\/07\/UNPLI-PATRIZIO-DE-VENTURA.mp3<\/a><\/audio>\n<p>&nbsp;<\/p>\n<p>&nbsp;<\/p>\n<h2><span style=\"color: #ff00ff;\">I RACCONTI DI SKY CIELO BLU, CON GIULIANA DA RONCH E MORENA<\/span><\/h2>\n<p><strong><a class=\"dt-pswp-item\" href=\"https:\/\/www.radiopiu.net\/wordpress\/wp-content\/uploads\/2023\/07\/b9292615-bb80-485b-b573-c664e61db352.jpg\" data-dt-img-description=\"\" data-large_image_width=\"1600\" data-large_image_height=\"1151\"><img loading=\"lazy\" decoding=\"async\" class=\" wp-image-342964 alignleft\" src=\"https:\/\/www.radiopiu.net\/wordpress\/wp-content\/uploads\/2023\/07\/b9292615-bb80-485b-b573-c664e61db352-300x216.jpg\" alt=\"\" width=\"143\" height=\"103\" srcset=\"https:\/\/www.radiopiu.net\/wordpress\/wp-content\/uploads\/2023\/07\/b9292615-bb80-485b-b573-c664e61db352-300x216.jpg 300w, https:\/\/www.radiopiu.net\/wordpress\/wp-content\/uploads\/2023\/07\/b9292615-bb80-485b-b573-c664e61db352-1024x737.jpg 1024w, https:\/\/www.radiopiu.net\/wordpress\/wp-content\/uploads\/2023\/07\/b9292615-bb80-485b-b573-c664e61db352-768x552.jpg 768w, https:\/\/www.radiopiu.net\/wordpress\/wp-content\/uploads\/2023\/07\/b9292615-bb80-485b-b573-c664e61db352-1536x1105.jpg 1536w, https:\/\/www.radiopiu.net\/wordpress\/wp-content\/uploads\/2023\/07\/b9292615-bb80-485b-b573-c664e61db352.jpg 1600w\" sizes=\"auto, (max-width: 143px) 100vw, 143px\" \/><\/a>Puntata 05 &#8211; PER DONARE<\/strong><\/p>\n<audio class=\"wp-audio-shortcode\" id=\"audio-342973-6\" preload=\"none\" style=\"width: 100%;\" controls=\"controls\"><source type=\"audio\/mpeg\" src=\"https:\/\/www.radiopiu.net\/wordpress\/wp-content\/uploads\/2023\/07\/PER-DONARE-GIULIANA.mp3?_=6\" \/><a href=\"https:\/\/www.radiopiu.net\/wordpress\/wp-content\/uploads\/2023\/07\/PER-DONARE-GIULIANA.mp3\">https:\/\/www.radiopiu.net\/wordpress\/wp-content\/uploads\/2023\/07\/PER-DONARE-GIULIANA.mp3<\/a><\/audio>\n<p>&nbsp;<\/p>\n<p><strong>LA RACCOLTA COMPLETA<\/strong><\/p>\n<blockquote class=\"wp-embedded-content\" data-secret=\"XbFiKgQypN\"><p><a href=\"https:\/\/www.radiopiu.net\/wordpress\/i-racconti-di-sky-cielo-blu-con-giuliana-da-ronch-e-morena-pagina-in-aggiornamento\/\">I RACCONTI DI SKY CIELO BLU, CON GIULIANA DA RONCH E MORENA, pagina in aggiornamento<\/a><\/p><\/blockquote>\n<p><iframe loading=\"lazy\" class=\"wp-embedded-content\" sandbox=\"allow-scripts\" security=\"restricted\" style=\"position: absolute; clip: rect(1px, 1px, 1px, 1px);\" title=\"&#8220;I RACCONTI DI SKY CIELO BLU, CON GIULIANA DA RONCH E MORENA, pagina in aggiornamento&#8221; &#8212; Radio Pi\u00f9\" src=\"https:\/\/www.radiopiu.net\/wordpress\/i-racconti-di-sky-cielo-blu-con-giuliana-da-ronch-e-morena-pagina-in-aggiornamento\/embed\/#?secret=hn7XBu7RrO#?secret=XbFiKgQypN\" data-secret=\"XbFiKgQypN\" width=\"600\" height=\"338\" frameborder=\"0\" marginwidth=\"0\" marginheight=\"0\" scrolling=\"no\"><\/iframe><\/p>\n<p>&nbsp;<\/p>\n<p>&nbsp;<\/p>\n<hr \/>\n<p>&nbsp;<\/p>\n<p><a class=\"dt-pswp-item\" href=\"https:\/\/www.radiopiu.net\/wordpress\/wp-content\/uploads\/2023\/07\/8e1af88a-f01a-4b67-8d82-00f75e41fc7a.jpg\" data-dt-img-description=\"\" data-large_image_width=\"730\" data-large_image_height=\"1024\"><img loading=\"lazy\" decoding=\"async\" class=\"size-medium wp-image-342798 alignleft\" src=\"https:\/\/www.radiopiu.net\/wordpress\/wp-content\/uploads\/2023\/07\/8e1af88a-f01a-4b67-8d82-00f75e41fc7a-214x300.jpg\" alt=\"\" width=\"214\" height=\"300\" srcset=\"https:\/\/www.radiopiu.net\/wordpress\/wp-content\/uploads\/2023\/07\/8e1af88a-f01a-4b67-8d82-00f75e41fc7a-214x300.jpg 214w, https:\/\/www.radiopiu.net\/wordpress\/wp-content\/uploads\/2023\/07\/8e1af88a-f01a-4b67-8d82-00f75e41fc7a.jpg 730w\" sizes=\"auto, (max-width: 214px) 100vw, 214px\" \/><\/a><\/p>\n<p><span style=\"color: #ff0000;\"><strong>FALCADE ALLA RADIO\u00a0<\/strong><\/span><\/p>\n<p><strong>ESTATE A FALCADE CON IL VENEZIA CALCIO, IL GRANDE BASKET TARGATO REYER VENEZIA&#8230; E A FINE MESE ANCHE LE SELEZIONI DI MISS ITALIA&#8230;TURISMO A FALCADE E CAVIOLA, TURISMO IN VALLE DEL BIOIS E NELL&#8217;AGORDINO&#8230; PARLIAMONE MERCOLEDI 12 LUGLIO DALLE 20.30 CON IL SINDACO MAURO SALVATERRA, L&#8217;ASSESSORE FLAVIO MURER E IL CONSIGLIERE FULVIO VALT\u00a0<\/strong><\/p>\n<p>&nbsp;<\/p>\n<p>&nbsp;<\/p>\n<p>&nbsp;<\/p>\n<p>&nbsp;<\/p>\n<p>&nbsp;<\/p>\n<hr \/>\n<p>&nbsp;<\/p>\n<blockquote>\n<h3>\u00a0MUSE E DOLOMITI, INIZIA LA NUOVA STAGIONE, LA 11^ DA DOMENICA IN VAL DI FIEMME<\/h3>\n<\/blockquote>\n<p class=\"x1heor9g x1qlqyl8 x1pd3egz x1a2a7pz\"><strong>Oda Zoe Hochscheid<\/strong><\/p>\n<p>&nbsp;<\/p>\n<audio class=\"wp-audio-shortcode\" id=\"audio-342973-7\" preload=\"none\" style=\"width: 100%;\" controls=\"controls\"><source type=\"audio\/mpeg\" src=\"https:\/\/www.radiopiu.net\/wordpress\/wp-content\/uploads\/2023\/07\/ODA.mp3?_=7\" \/><a href=\"https:\/\/www.radiopiu.net\/wordpress\/wp-content\/uploads\/2023\/07\/ODA.mp3\">https:\/\/www.radiopiu.net\/wordpress\/wp-content\/uploads\/2023\/07\/ODA.mp3<\/a><\/audio>\n<p>&nbsp;<\/p>\n<p>&nbsp;<\/p>\n<hr \/>\n<blockquote>\n<h3>RATE DEDICATE ALLA LETTURA<\/h3>\n<\/blockquote>\n<p><strong><a class=\"dt-pswp-item\" href=\"https:\/\/www.radiopiu.net\/wordpress\/wp-content\/uploads\/2023\/07\/ISTA-DE-LIBER.png\" data-dt-img-description=\"\" data-large_image_width=\"985\" data-large_image_height=\"708\"><img loading=\"lazy\" decoding=\"async\" class=\" wp-image-342858 alignleft\" src=\"https:\/\/www.radiopiu.net\/wordpress\/wp-content\/uploads\/2023\/07\/ISTA-DE-LIBER-300x216.png\" alt=\"\" width=\"172\" height=\"124\" srcset=\"https:\/\/www.radiopiu.net\/wordpress\/wp-content\/uploads\/2023\/07\/ISTA-DE-LIBER-300x216.png 300w, https:\/\/www.radiopiu.net\/wordpress\/wp-content\/uploads\/2023\/07\/ISTA-DE-LIBER-768x552.png 768w, https:\/\/www.radiopiu.net\/wordpress\/wp-content\/uploads\/2023\/07\/ISTA-DE-LIBER.png 985w\" sizes=\"auto, (max-width: 172px) 100vw, 172px\" \/><\/a>AGORDO <\/strong>Tra gli eventi turistico-culturali agordini di quest&#8217;estate, il Comune di Agordo promuove due presentazioni di libri nell&#8217;ambito della manifestazione &#8220;Ist\u00e0 de liber&#8221; ovvero &#8220;Estate di libri, la montagna raccontata dai libri e dai suoi autori&#8221;. Le due serate sono organizzate in collaborazione con il GAMP (Gruppo Agordino Mineralogico Paleontologico) ed il Circolo Culturale Agordino. Il primo appuntamento sar\u00e0 la presentazione dell&#8217;ultimo libro di Maurizio Alfieri dal titolo &#8220;Torquato Taramelli. Storie e ricerche nel Bellunese&#8221;. Tutto ci\u00f2, venerd\u00ec 7 luglio alle ore 18 in Sala Don Tamis di Agordo in cui l&#8217;autore ci racconter\u00e0 il personaggio che fu Taramelli, geologo, montanaro, artista, e della suo grande contributo per la conoscenza della geologia nazionale e in particolare bellunese. Durante il secondo appuntamento, mercoled\u00ec 12 luglio alle 18 in Sala Don Tamis, lo scrittore Matteo Righetto parler\u00e0 del suo ultimo libro &#8220;La stanza delle mele&#8221;. L&#8217;incontro sar\u00e0 diretto da Gianni Santomaso che insieme con Righetto presenteranno questo ultimo romanzo che ambientato nella frazione livinallese di Agai-Dagh\u00e8 durante il secondo dopoguerra, contribuisce a far conoscere alcuni aspetti della vita e della cultura dolomitica non solo ai lettori nazionali, ma forse anche a noi valligiani. Il titolo delle serate &#8220;Ist\u00e0 de liber&#8221; \u00e8 stato scelto appositamente affinch\u00e9 possa essere liberamente utilizzato anche i prossimi anni da chiunque volesse proporre eventi di presentazioni di libri.Per quest&#8217;anno, appuntamento quindi venerd\u00ec 7 e mercoled\u00ec 12 luglio ore 18 in Sala Don Tamis, Via 27 Aprile, Agordo, con l&#8217;ultimo libro di Maurizio Alfieri e Matteo Righetto.<\/p>\n<p>&nbsp;<\/p>\n<p>&nbsp;<\/p>\n<hr \/>\n<p>&nbsp;<\/p>\n<blockquote>\n<h3>LA PRESENTAZIONE DEL LIBRO &#8220;LE PASCOLINE&#8221;<\/h3>\n<\/blockquote>\n<p><strong>SOSPIROLO<\/strong><\/p>\n<p>di Roberto Bona<\/p>\n<audio class=\"wp-audio-shortcode\" id=\"audio-342973-8\" preload=\"none\" style=\"width: 100%;\" controls=\"controls\"><source type=\"audio\/mpeg\" src=\"https:\/\/www.radiopiu.net\/wordpress\/wp-content\/uploads\/2023\/06\/BONA-PRESENTAZIONE-LIBRO-LE-PASCOLINE-7-LUGLIO.mp3?_=8\" \/><a href=\"https:\/\/www.radiopiu.net\/wordpress\/wp-content\/uploads\/2023\/06\/BONA-PRESENTAZIONE-LIBRO-LE-PASCOLINE-7-LUGLIO.mp3\">https:\/\/www.radiopiu.net\/wordpress\/wp-content\/uploads\/2023\/06\/BONA-PRESENTAZIONE-LIBRO-LE-PASCOLINE-7-LUGLIO.mp3<\/a><\/audio>\n<p>&nbsp;<\/p>\n<div id=\"articleContent\" class=\"mercuryWrapper\">\n<div class=\"mercuryScroller\">\n<div class=\"mercuryElement\">\n<div class=\"mercuryBox\">\n<div id=\"articlePlain\">\n<div class=\"articlePlainText\">\n<hr \/>\n<\/div>\n<blockquote>\n<h3>\u00a0UN MUSEO PER IL PALIO<\/h3>\n<\/blockquote>\n<div><strong>FELTRE<\/strong>\u00a0 Con il patrocinio e il supporto del Ministero della Cultura nasce il museo digitale del Palio di Feltre.\u00a0 Con il ricorso alla digitalizzazione del materiale, tutta la documentazione raccolta dal 1979, \u00e8 stata catalogata, grazie all\u2019attivit\u00e0 del giovane storico Alessandro Cecchin.<\/div>\n<div>\n<p>Si tratta di un prezioso archivio collettivo al cui sviluppo potr\u00e0 contribuire tutta la comunit\u00e0 del Palio e che, con il tempo, trover\u00e0 sempre nuovi sviluppi che andranno ad aumentare la preziosit\u00e0 del materiale fin qui raccolto. Importante sar\u00e0 l\u2019apporto di chi vorr\u00e0 contribuire con la raccolta di documenti, foto, video e testimonianze che potranno essere inviati anche per email all\u2019indirizzo <a href=\"mailto:museo.paliodifeltre@gmail.com\">museo.paliodifeltre@gmail.com<\/a><\/p>\n<\/div>\n<div>\n\n\t\t\t<style type='text\/css'>\n\t\t\t\t#gallery-4 {\n\t\t\t\t\tmargin: auto;\n\t\t\t\t}\n\t\t\t\t#gallery-4 .gallery-item {\n\t\t\t\t\tfloat: left;\n\t\t\t\t\tmargin-top: 10px;\n\t\t\t\t\ttext-align: center;\n\t\t\t\t\twidth: 50%;\n\t\t\t\t}\n\t\t\t\t#gallery-4 img {\n\t\t\t\t\tborder: 2px solid #cfcfcf;\n\t\t\t\t}\n\t\t\t\t#gallery-4 .gallery-caption {\n\t\t\t\t\tmargin-left: 0;\n\t\t\t\t}\n\t\t\t\t\/* see gallery_shortcode() in wp-includes\/media.php *\/\n\t\t\t<\/style>\n\t\t<div id='gallery-4' class='dt-gallery-container gallery galleryid-342973 gallery-columns-2 gallery-size-medium'><dl class='gallery-item'>\n\t\t\t\t<dt class='gallery-icon landscape'>\n\t\t\t\t\t<a class=\"rollover rollover-zoom dt-pswp-item\" title=\"logo museo Palio\" data-dt-img-description=\"\" data-large_image_width=\"1692\" data-large_image_height=\"985\"href='https:\/\/www.radiopiu.net\/wordpress\/wp-content\/uploads\/2023\/07\/logo-museo-Palio.jpg'><img loading=\"lazy\" decoding=\"async\" width=\"300\" height=\"175\" src=\"https:\/\/www.radiopiu.net\/wordpress\/wp-content\/uploads\/2023\/07\/logo-museo-Palio-300x175.jpg\" class=\"attachment-medium size-medium\" alt=\"\" srcset=\"https:\/\/www.radiopiu.net\/wordpress\/wp-content\/uploads\/2023\/07\/logo-museo-Palio-300x175.jpg 300w, https:\/\/www.radiopiu.net\/wordpress\/wp-content\/uploads\/2023\/07\/logo-museo-Palio-1024x596.jpg 1024w, https:\/\/www.radiopiu.net\/wordpress\/wp-content\/uploads\/2023\/07\/logo-museo-Palio-768x447.jpg 768w, https:\/\/www.radiopiu.net\/wordpress\/wp-content\/uploads\/2023\/07\/logo-museo-Palio-1536x894.jpg 1536w, https:\/\/www.radiopiu.net\/wordpress\/wp-content\/uploads\/2023\/07\/logo-museo-Palio.jpg 1692w\" sizes=\"auto, (max-width: 300px) 100vw, 300px\" \/><\/a>\n\t\t\t\t<\/dt><\/dl><dl class='gallery-item'>\n\t\t\t\t<dt class='gallery-icon landscape'>\n\t\t\t\t\t<a class=\"rollover rollover-zoom dt-pswp-item\" title=\"1994.08.FO_.00002-1024x665\" data-dt-img-description=\"\" data-large_image_width=\"1024\" data-large_image_height=\"665\"href='https:\/\/www.radiopiu.net\/wordpress\/wp-content\/uploads\/2023\/07\/1994.08.FO_.00002-1024x665-1.jpeg'><img loading=\"lazy\" decoding=\"async\" width=\"300\" height=\"195\" src=\"https:\/\/www.radiopiu.net\/wordpress\/wp-content\/uploads\/2023\/07\/1994.08.FO_.00002-1024x665-1-300x195.jpeg\" class=\"attachment-medium size-medium\" alt=\"\" srcset=\"https:\/\/www.radiopiu.net\/wordpress\/wp-content\/uploads\/2023\/07\/1994.08.FO_.00002-1024x665-1-300x195.jpeg 300w, https:\/\/www.radiopiu.net\/wordpress\/wp-content\/uploads\/2023\/07\/1994.08.FO_.00002-1024x665-1-768x499.jpeg 768w, https:\/\/www.radiopiu.net\/wordpress\/wp-content\/uploads\/2023\/07\/1994.08.FO_.00002-1024x665-1.jpeg 1024w\" sizes=\"auto, (max-width: 300px) 100vw, 300px\" \/><\/a>\n\t\t\t\t<\/dt><\/dl><br style=\"clear: both\" \/>\n\t\t\t<\/div>\n\n<\/div>\n<div><\/div>\n<\/div>\n<\/div>\n<\/div>\n<\/div>\n<\/div>\n<hr \/>\n<p>&nbsp;<\/p>\n<h2><span style=\"color: #ff0000;\">GLI APPUNTAMENTI DELLA SETTIMANA\u00a0<\/span><\/h2>\n<blockquote>\n<h3>APPUNTAMENTI A CANALE D&#8217;AGORDO NEI LUOGHI DEL BEATO PAPA LUCIANI<\/h3>\n<\/blockquote>\n<p><strong>CANALE D&#8217;AGORDO<\/strong> Nel fine settimana saranno due gli appuntamenti che aprono il 45\u00b0 calendario di eventi culturali nei luogi del Beato Papa Giovanni Paolo I. Oggi alle 17:30 alla casa delle regole di Canale D&#8217;Agordo l&#8217;inaugurazione della mostra &#8220;Finestre in Val Biois&#8221;, rester\u00e0 aperta dall&#8217;8 luglio fino al 10 settembre (tutti i giorni 10.30 \u2013 12.30 e 16.30 \u2013 18.30). Domenica alle 21 nella sala parrocchiale di Canale D&#8217;Agordo l&#8217;incontro con Diego Di Franco autore del libro &#8220;Il Meraviglioso Mondo dei Pap\u00e0&#8221;.<\/p>\n<p>&nbsp;<\/p>\n<blockquote>\n<h3>LA MOSTRA ITINERANTE DI GEMMELLAGGI E PATTI D&#8217;AMICIZIA<\/h3>\n<\/blockquote>\n<p><strong>BELLUNO<\/strong> Venticinque metri di lunghezza, venticinque Comuni coinvolti, ottantasei citt\u00e0 presenti. Sono i numeri della \u201cMostra itinerante Gemellaggi e Patti di amicizia in provincia di Belluno\u201d realizzata dall\u2019Associazione Bellunesi nel Mondo, con il contributo del Consorzio Bim Piave, e che sar\u00e0 inaugurata oggi, alle ore 17.30, nella sala del Fondaco delle Biade a Feltre. Una mostra che coinvolge l\u2019intero territorio Bellunese e suddivisa per aree: Feltrino, Valbelluna, Alpago, Zoldo, Agordino e Cadore. La mostra rimarr\u00e0 aperta fino al 6 agosto, nei fine settimana, con i seguenti orari: venerd\u00ec dalle 15.00 alle 18.00; sabato e domenica dalle 10.00 alle 12.00 e dalle 15.00 alle 18.00.<\/p>\n<p>&nbsp;<\/p>\n<blockquote>\n<h3>IO MI RACCONTO FA TAPPA A SAN VITO DI CADORE<\/h3>\n<\/blockquote>\n<p><strong>SAN VITO DI CADORE <\/strong>Oggi\u00a0alle 20:45 all&#8217;asilo vecio di San Vito di Cadore, il laboratorio di scrittura Cadore reciter\u00e0 &#8220;Io Mi Racconto&#8221;, poesie e prose in lingua italiana e ladina del Cadore, Comelico e Fodom. Ingresso a offerta libera<\/p>\n<p>&nbsp;<\/p>\n<blockquote>\n<h3>IL QUARTETTO VENETO A FELTRE<\/h3>\n<\/blockquote>\n<p><strong>FELTRE<\/strong> Domani, la straordinaria cornice di Piazza Maggiore ospiter\u00e0 l\u2019atteso concerto del Quartetto Veneto (Violini Marco Toso e Alessandra Vianello, Viola Marta Traversi, Violoncello Alvise Stiffoni). Ingresso libero, inizio alle 21<\/p>\n<p>&nbsp;<\/p>\n<blockquote>\n<h3>SUL SENTIERO NATURALISTICO MINUSSI CON IL CAI DI AGORDO<\/h3>\n<\/blockquote>\n<p><strong>AGORDO\u00a0<\/strong>Escursione con il Cai di Agordo domenica al sentiero naturalistico Minussi tra le Pale di San Martino e l&#8217;Agner. Ritrovo alle 7:30 alla sede del Cai del municipio di Agordo. Per informazioni 3806983040<\/p>\n<p>&nbsp;<\/p>\n<blockquote>\n<h3>LA FESTA DI SAN FELICE CON GLI ALPINI DI SAN GREGORIO<\/h3>\n<\/blockquote>\n<p><strong>SAN GREGORIO NELLE ALPI <\/strong>Domenica 9 luglio 2023 il Gruppo Alpini Gen. Nasci di San Gregorio nelle Alpi organizza la 41^ Festa di San Felice nei pressi dell\u2019omonima chiesetta. Il programma prevede alle ore 9 l\u2019apertura della frasca, alle 11 la cerimonia dell\u2019alzabandiera cui seguir\u00e0 la\u00a0 S. Messa e\u00a0 alle 12 si potr\u00e0 pranzare con specialit\u00e0 gastronomiche locali. Nel pomeriggio giochi e divertimento.<\/p>\n<p>&nbsp;<\/p>\n<blockquote>\n<h3>LA SANTA MESSA IN SUFFRAGIO DEI CADUTI IN MONTAGNA<\/h3>\n<\/blockquote>\n<p><strong>AURONZO<\/strong> Il Cai di Auronzo segnala che domenica come tradizione, alla chiesetta Madonna della Croda, nei pressi del rifugio Auronzo, sotto le Tre Cime di Lavaredo, verr\u00e0 celebrata una Santa Messa in suffragio dei caduti della montagna. La celebrazione avr\u00e0 inizio alle 10.30<\/p>\n<p>&nbsp;<\/p>\n<blockquote>\n<h3>PASSEGGIATA DA VEDANA A SAN GOTTARDO<\/h3>\n<\/blockquote>\n<p><strong>SOSPIROLO<\/strong> La Pro Loco Monti Del Sole organizza domenica alle 16 una passeggiata da Vedana a San Gottardo tra Spiritualit\u00e0 e Natura con Valentina Pilotti, guida turistica, per la Giornata Nazionale delle Pro Loco<\/p>\n<p>&nbsp;<\/p>\n<div dir=\"auto\"><strong>CI SIAMO!<\/strong><\/div>\n<div dir=\"auto\">SVELATA ANCHE LA DATA: DOMANI DALLE 20.30 ALLA <a class=\"x1i10hfl xjbqb8w x6umtig x1b1mbwd xaqea5y xav7gou x9f619 x1ypdohk xt0psk2 xe8uvvx xdj266r x11i5rnm xat24cr x1mh8g0r xexx8yu x4uap5 x18d9i69 xkhd6sd x16tdsg8 x1hl2dhg xggy1nq x1a2a7pz xt0b8zv x1qq9wsj xo1l8bm\" tabindex=\"0\" role=\"link\" href=\"https:\/\/www.facebook.com\/groups\/61488111720\/user\/100063475603785\/?__cft__[0]=AZXc1oGSx3sUTVCpEEDZEHjHooBpcb_Un_kTJ-aUYMycV1Ozu3ukeu4pOoBw4GhMwcrDCvmZYlpqfKTs1DzXZKGWyWAMK_m21FahzozeZehGbnivofGkFRV46YrFA1OElVVwPjjgkDjcGVW_LSEIMyD5&amp;__tn__=-]K-R\"><span class=\"xt0psk2\">Fabbrica in Pedavena Valle Agordina<\/span><\/a><\/div>\n<p>&nbsp;<\/p>\n<p><a class=\"dt-pswp-item\" href=\"https:\/\/www.radiopiu.net\/wordpress\/wp-content\/uploads\/2023\/07\/358018800_10231459228450719_88951740720019640_n.jpg\" data-dt-img-description=\"\" data-large_image_width=\"251\" data-large_image_height=\"252\"><img loading=\"lazy\" decoding=\"async\" class=\"size-full wp-image-342617 aligncenter\" src=\"https:\/\/www.radiopiu.net\/wordpress\/wp-content\/uploads\/2023\/07\/358018800_10231459228450719_88951740720019640_n.jpg\" alt=\"\" width=\"251\" height=\"252\" srcset=\"https:\/\/www.radiopiu.net\/wordpress\/wp-content\/uploads\/2023\/07\/358018800_10231459228450719_88951740720019640_n.jpg 251w, https:\/\/www.radiopiu.net\/wordpress\/wp-content\/uploads\/2023\/07\/358018800_10231459228450719_88951740720019640_n-150x150.jpg 150w\" sizes=\"auto, (max-width: 251px) 100vw, 251px\" \/><\/a><\/p>\n<p>&nbsp;<\/p>\n<p>&nbsp;<\/p>\n<blockquote class=\"wp-embedded-content\" data-secret=\"uFyB93Ykzf\"><p><a href=\"https:\/\/www.radiopiu.net\/wordpress\/40-anni-sui-piu-importanti-giornali-della-provincia-corriere-delle-alpi-amico-del-popolo-la-usc-di-ladins\/\">40 ANNI SUI PIU&#8217; IMPORTANTI GIORNALI DELLA PROVINCIA, CORRIERE DELLE ALPI, AMICO DEL POPOLO, LA USC DI LADINS<\/a><\/p><\/blockquote>\n<p><iframe loading=\"lazy\" class=\"wp-embedded-content\" sandbox=\"allow-scripts\" security=\"restricted\" style=\"position: absolute; clip: rect(1px, 1px, 1px, 1px);\" title=\"&#8220;40 ANNI SUI PIU&#8217; IMPORTANTI GIORNALI DELLA PROVINCIA, CORRIERE DELLE ALPI, AMICO DEL POPOLO, LA USC DI LADINS&#8221; &#8212; Radio Pi\u00f9\" src=\"https:\/\/www.radiopiu.net\/wordpress\/40-anni-sui-piu-importanti-giornali-della-provincia-corriere-delle-alpi-amico-del-popolo-la-usc-di-ladins\/embed\/#?secret=SZvInrqXZD#?secret=uFyB93Ykzf\" data-secret=\"uFyB93Ykzf\" width=\"600\" height=\"338\" frameborder=\"0\" marginwidth=\"0\" marginheight=\"0\" scrolling=\"no\"><\/iframe><\/p>\n<p>&nbsp;<\/p>\n<blockquote class=\"wp-embedded-content\" data-secret=\"KNyM5sYkJE\"><p><a href=\"https:\/\/www.radiopiu.net\/wordpress\/il-viaggio-in-terra-irlandese-con-claudia-magic-teacher-day-3\/\">IL VIAGGIO IN TERRA IRLANDESE CON CLAUDIA MAGIC TEACHER E IL CAMPE &#8211; in aggiornamento<\/a><\/p><\/blockquote>\n<p><iframe loading=\"lazy\" class=\"wp-embedded-content\" sandbox=\"allow-scripts\" security=\"restricted\" style=\"position: absolute; clip: rect(1px, 1px, 1px, 1px);\" title=\"&#8220;IL VIAGGIO IN TERRA IRLANDESE CON CLAUDIA MAGIC TEACHER E IL CAMPE &#8211; in aggiornamento&#8221; &#8212; Radio Pi\u00f9\" src=\"https:\/\/www.radiopiu.net\/wordpress\/il-viaggio-in-terra-irlandese-con-claudia-magic-teacher-day-3\/embed\/#?secret=AVJe0LN8sN#?secret=KNyM5sYkJE\" data-secret=\"KNyM5sYkJE\" width=\"600\" height=\"338\" frameborder=\"0\" marginwidth=\"0\" marginheight=\"0\" scrolling=\"no\"><\/iframe><\/p>\n<h2><span style=\"color: #ff0000;\">\u00a0<\/span><\/h2>\n<h2><span style=\"color: #ff0000;\">PROSSIMAMENTE&#8230;\u00a0<\/span><\/h2>\n<blockquote>\n<h3>L&#8217;ULTIMO DIPINTO DI DUNIO PICCOLIN<\/h3>\n<\/blockquote>\n<p><strong>CANALE D&#8217;AGORDO<\/strong> Lunedi alle 17.30 a casa Salton-Zanoner\u00a0 sar\u00e0 inaugurato il dipinto murale &#8220;il paese che fu&#8221; di Dunio Piccolin. Verr\u00e0 scoperto anche il dipinto murale dei bimbi della casa<\/p>\n<p>&nbsp;<\/p>\n\n\t\t\t<style type='text\/css'>\n\t\t\t\t#gallery-5 {\n\t\t\t\t\tmargin: auto;\n\t\t\t\t}\n\t\t\t\t#gallery-5 .gallery-item {\n\t\t\t\t\tfloat: left;\n\t\t\t\t\tmargin-top: 10px;\n\t\t\t\t\ttext-align: center;\n\t\t\t\t\twidth: 50%;\n\t\t\t\t}\n\t\t\t\t#gallery-5 img {\n\t\t\t\t\tborder: 2px solid #cfcfcf;\n\t\t\t\t}\n\t\t\t\t#gallery-5 .gallery-caption {\n\t\t\t\t\tmargin-left: 0;\n\t\t\t\t}\n\t\t\t\t\/* see gallery_shortcode() in wp-includes\/media.php *\/\n\t\t\t<\/style>\n\t\t<div id='gallery-5' class='dt-gallery-container gallery galleryid-342973 gallery-columns-2 gallery-size-medium'><dl class='gallery-item'>\n\t\t\t\t<dt class='gallery-icon portrait'>\n\t\t\t\t\t<a class=\"rollover rollover-zoom dt-pswp-item\" title=\"DUNIO2\" data-dt-img-description=\"\" data-large_image_width=\"256\" data-large_image_height=\"274\"href='https:\/\/www.radiopiu.net\/wordpress\/wp-content\/uploads\/2023\/07\/DUNIO2.png'><img loading=\"lazy\" decoding=\"async\" width=\"256\" height=\"274\" src=\"https:\/\/www.radiopiu.net\/wordpress\/wp-content\/uploads\/2023\/07\/DUNIO2.png\" class=\"attachment-medium size-medium\" alt=\"\" \/><\/a>\n\t\t\t\t<\/dt><\/dl><dl class='gallery-item'>\n\t\t\t\t<dt class='gallery-icon landscape'>\n\t\t\t\t\t<a class=\"rollover rollover-zoom dt-pswp-item\" title=\"DUNIO1\" data-dt-img-description=\"\" data-large_image_width=\"294\" data-large_image_height=\"271\"href='https:\/\/www.radiopiu.net\/wordpress\/wp-content\/uploads\/2023\/07\/DUNIO1.png'><img loading=\"lazy\" decoding=\"async\" width=\"294\" height=\"271\" src=\"https:\/\/www.radiopiu.net\/wordpress\/wp-content\/uploads\/2023\/07\/DUNIO1.png\" class=\"attachment-medium size-medium\" alt=\"\" \/><\/a>\n\t\t\t\t<\/dt><\/dl><br style=\"clear: both\" \/>\n\t\t\t<\/div>\n\n<p>&nbsp;<\/p>\n<blockquote>\n<h3>SI PARLA DEL LUPO IN SALA DON TAMIS<\/h3>\n<\/blockquote>\n<p><strong>AGORDO <\/strong>Prosegue la serie di incontri informativi per la popolazione dedicati al tema del ritorno del lupo e alla sua convivenza con le attivit\u00e0 umane. Dopo Forno di Zoldo, Lamon, Cesiomaggiore e Sedico \u00e8 ora la volta di Agordo. Marted\u00ec 11 luglio, alle ore 20.00, la sala don Tamis di Agordo ospita una nuova serata informativa sul lupo, rivolta a tutta la popolazione. La serata \u00e8 organizzata grazie alla collaborazione tra il Parco Nazionale Dolomiti Bellunesi e l\u2019Unione Montana Agordina.<\/p>\n<p>&nbsp;<\/p>\n<blockquote>\n<h3>MUSICA NEI CORTIVI<\/h3>\n<\/blockquote>\n<p><strong>SOSPIROLO<\/strong> Venerd\u00ec 14 luglio 2023 alle 20.30 in localit\u00e0 Pascoli-ai Tonet di Sospirolo concerto \u201cNena Trentin musica live\u201d per la rassegna Musica nei Cortivi. Organizza la Pro loco Monti Del Sole<\/p>\n<p>&nbsp;<\/p>\n<blockquote>\n<h3>ESTATE A FORCELLA AURINE. LEZIONE DI YOGA<\/h3>\n<\/blockquote>\n<p><strong>GOSALDO<\/strong> Continuano gli appuntamenti di Estate a Forcella Aurine. Sabato 15 luglio una mattinata di Yoga e Pilates con Serena De March ed Elisa Scariot. Domenica 16 torna la musica live con Chiara e Fausto.<\/p>\n<p>&nbsp;<\/p>\n<blockquote>\n<h3>LA MOSTRA DI RENZO MIOLA<\/h3>\n<\/blockquote>\n<p><strong>AGORDO<\/strong> Dal 15 al 30 luglio alla Sala Don Tamis di Agordo verranno esposti i lavori di Renzo Miola. La mostra sar\u00e0 visitabile tutti i giorni dalle 17 alle 19:30, Mercoled\u00ec, sabato e domenica anche al mattino dalle 10 alle 12.<\/p>\n<p>&nbsp;<\/p>\n<blockquote>\n<h3>UNA SERATA CON ANSELMO CAGNATI<\/h3>\n<\/blockquote>\n<p><strong>FALCADE<\/strong> Gioved\u00ec 20 luglio alle 21 alla Casa della Giovent\u00f9 di Caviola una serata con Anselmo Cagnati dal titolo &#8220;Tjikko, con i cani da slitta del grande nord&#8221;<\/p>\n<p>&nbsp;<\/p>\n<blockquote>\n<h3>LA SANTA MESSA AL COL DE SAN LUGAN<\/h3>\n<\/blockquote>\n<p><strong>TAIBON<\/strong> Sabato 22 luglio alle 10:30 al Col De San Lugan in Valle di San Lucano verr\u00e0 celebrata la Santa Messa. Pranzo al sacco.<\/p>\n<p>&nbsp;<\/p>\n<blockquote>\n<h3>LA STUA, DOVE RINASCE LO STUDIO BALLIS<\/h3>\n<\/blockquote>\n<p><strong>ALLEGHE<\/strong> Sabato 22 luglio alle 18 in Corso Venezia a Masare&#8217;, Laura Ballis con Vico Calabro&#8217; e Giovanni Sogne inaugura il nuovo studio d&#8217;arte &#8220;La Stua&#8221;, rinato dopo la tempesta Vaia dell&#8217;autunno 2018.<\/p>\n\n\t\t\t<style type='text\/css'>\n\t\t\t\t#gallery-6 {\n\t\t\t\t\tmargin: auto;\n\t\t\t\t}\n\t\t\t\t#gallery-6 .gallery-item {\n\t\t\t\t\tfloat: left;\n\t\t\t\t\tmargin-top: 10px;\n\t\t\t\t\ttext-align: center;\n\t\t\t\t\twidth: 50%;\n\t\t\t\t}\n\t\t\t\t#gallery-6 img {\n\t\t\t\t\tborder: 2px solid #cfcfcf;\n\t\t\t\t}\n\t\t\t\t#gallery-6 .gallery-caption {\n\t\t\t\t\tmargin-left: 0;\n\t\t\t\t}\n\t\t\t\t\/* see gallery_shortcode() in wp-includes\/media.php *\/\n\t\t\t<\/style>\n\t\t<div id='gallery-6' class='dt-gallery-container gallery galleryid-342973 gallery-columns-2 gallery-size-medium'><dl class='gallery-item'>\n\t\t\t\t<dt class='gallery-icon landscape'>\n\t\t\t\t\t<a class=\"rollover rollover-zoom dt-pswp-item\" title=\"prima\" data-dt-img-description=\"\" data-large_image_width=\"266\" data-large_image_height=\"162\"href='https:\/\/www.radiopiu.net\/wordpress\/wp-content\/uploads\/2023\/07\/prima.png'><img loading=\"lazy\" decoding=\"async\" width=\"266\" height=\"162\" src=\"https:\/\/www.radiopiu.net\/wordpress\/wp-content\/uploads\/2023\/07\/prima.png\" class=\"attachment-medium size-medium\" alt=\"\" aria-describedby=\"gallery-6-342762\" \/><\/a>\n\t\t\t\t<\/dt>\n\t\t\t\t\t<dd class='wp-caption-text gallery-caption' id='gallery-6-342762'>\n\t\t\t\t\tPOST VAIA\n\t\t\t\t\t<\/dd><\/dl><dl class='gallery-item'>\n\t\t\t\t<dt class='gallery-icon landscape'>\n\t\t\t\t\t<a class=\"rollover rollover-zoom dt-pswp-item\" title=\"oggi\" data-dt-img-description=\"\" data-large_image_width=\"273\" data-large_image_height=\"196\"href='https:\/\/www.radiopiu.net\/wordpress\/wp-content\/uploads\/2023\/07\/oggi.png'><img loading=\"lazy\" decoding=\"async\" width=\"273\" height=\"196\" src=\"https:\/\/www.radiopiu.net\/wordpress\/wp-content\/uploads\/2023\/07\/oggi.png\" class=\"attachment-medium size-medium\" alt=\"\" aria-describedby=\"gallery-6-342761\" \/><\/a>\n\t\t\t\t<\/dt>\n\t\t\t\t\t<dd class='wp-caption-text gallery-caption' id='gallery-6-342761'>\n\t\t\t\t\tOGGI\n\t\t\t\t\t<\/dd><\/dl><br style=\"clear: both\" \/>\n\t\t\t<\/div>\n\n<blockquote>\n<h3><\/h3>\n<h3>L&#8217;ESTATE DEI MERCATINI AD AGORDO<\/h3>\n<\/blockquote>\n<p><strong>AGORDO<\/strong> Tornano i mercatini d&#8217;estate ad Agordo. Il primo appuntamento domenica 23 luglio dalle 6 alle 19 sul Broi di Agordo con il mercatino dell&#8217;antiquariato. Per informazioni 349 3984682<\/p>\n<p>&nbsp;<\/p>\n<blockquote class=\"wp-embedded-content\" data-secret=\"Ep3GXPWZJ8\"><p><a href=\"https:\/\/www.radiopiu.net\/wordpress\/il-programma-degli-eventi-estivi-dedicati-al-beato-papa-giovanni-paolo-i\/\">IL PROGRAMMA DEGLI EVENTI ESTIVI DEDICATI AL BEATO PAPA GIOVANNI PAOLO I<\/a><\/p><\/blockquote>\n<p><iframe loading=\"lazy\" class=\"wp-embedded-content\" sandbox=\"allow-scripts\" security=\"restricted\" style=\"position: absolute; clip: rect(1px, 1px, 1px, 1px);\" title=\"&#8220;IL PROGRAMMA DEGLI EVENTI ESTIVI DEDICATI AL BEATO PAPA GIOVANNI PAOLO I&#8221; &#8212; Radio Pi\u00f9\" src=\"https:\/\/www.radiopiu.net\/wordpress\/il-programma-degli-eventi-estivi-dedicati-al-beato-papa-giovanni-paolo-i\/embed\/#?secret=acptacybqz#?secret=Ep3GXPWZJ8\" data-secret=\"Ep3GXPWZJ8\" width=\"600\" height=\"338\" frameborder=\"0\" marginwidth=\"0\" marginheight=\"0\" scrolling=\"no\"><\/iframe><\/p>\n<p>&nbsp;<\/p>\n<hr \/>\n<p>&nbsp;<\/p>\n<blockquote class=\"wp-embedded-content\" data-secret=\"KNyM5sYkJE\"><p><a href=\"https:\/\/www.radiopiu.net\/wordpress\/il-viaggio-in-terra-irlandese-con-claudia-magic-teacher-day-3\/\">IL VIAGGIO IN TERRA IRLANDESE CON CLAUDIA MAGIC TEACHER E IL CAMPE &#8211; in aggiornamento<\/a><\/p><\/blockquote>\n<p><iframe loading=\"lazy\" class=\"wp-embedded-content\" sandbox=\"allow-scripts\" security=\"restricted\" style=\"position: absolute; clip: rect(1px, 1px, 1px, 1px);\" title=\"&#8220;IL VIAGGIO IN TERRA IRLANDESE CON CLAUDIA MAGIC TEACHER E IL CAMPE &#8211; in aggiornamento&#8221; &#8212; Radio Pi\u00f9\" src=\"https:\/\/www.radiopiu.net\/wordpress\/il-viaggio-in-terra-irlandese-con-claudia-magic-teacher-day-3\/embed\/#?secret=AVJe0LN8sN#?secret=KNyM5sYkJE\" data-secret=\"KNyM5sYkJE\" width=\"600\" height=\"338\" frameborder=\"0\" marginwidth=\"0\" marginheight=\"0\" scrolling=\"no\"><\/iframe><\/p>\n<p>&nbsp;<\/p>\n<hr \/>\n<p>&nbsp;<\/p>\n<blockquote>\n<h3>APERITIVO ? MA MAI SENZA MUSICA<\/h3>\n<\/blockquote>\n<p><a class=\"dt-pswp-item\" href=\"https:\/\/www.radiopiu.net\/wordpress\/wp-content\/uploads\/2023\/07\/d86dbc06-7161-49d4-b544-90770e85269f.jpg\" data-dt-img-description=\"\" data-large_image_width=\"1448\" data-large_image_height=\"2048\"><img loading=\"lazy\" decoding=\"async\" class=\" wp-image-342766 alignleft\" src=\"https:\/\/www.radiopiu.net\/wordpress\/wp-content\/uploads\/2023\/07\/d86dbc06-7161-49d4-b544-90770e85269f-212x300.jpg\" alt=\"\" width=\"133\" height=\"189\" srcset=\"https:\/\/www.radiopiu.net\/wordpress\/wp-content\/uploads\/2023\/07\/d86dbc06-7161-49d4-b544-90770e85269f-212x300.jpg 212w, https:\/\/www.radiopiu.net\/wordpress\/wp-content\/uploads\/2023\/07\/d86dbc06-7161-49d4-b544-90770e85269f-724x1024.jpg 724w, https:\/\/www.radiopiu.net\/wordpress\/wp-content\/uploads\/2023\/07\/d86dbc06-7161-49d4-b544-90770e85269f-768x1086.jpg 768w, https:\/\/www.radiopiu.net\/wordpress\/wp-content\/uploads\/2023\/07\/d86dbc06-7161-49d4-b544-90770e85269f-1086x1536.jpg 1086w, https:\/\/www.radiopiu.net\/wordpress\/wp-content\/uploads\/2023\/07\/d86dbc06-7161-49d4-b544-90770e85269f.jpg 1448w\" sizes=\"auto, (max-width: 133px) 100vw, 133px\" \/><\/a>Dimentica la routine, concediti un momento di relax e divertimento con amici e familiari. L&#8217;aperitivo in musica all&#8217;Hotel Stella Alpina in piazza a Falcade \u00e8 l&#8217;occasione perfetta per socializzare e creare ricordi preziosi.Ogni venerd\u00ec di luglio ed agosto, l&#8217;Hotel Stella Alpina vi accoglie per una serata di puro divertimento, dalle 18 alle 21. I\u00a0venerdi di luglio ed agosto allo Stella alpina, appuntamento con la buona musica e le specialit\u00e0 che sapranno deliziarvi il palato. INFO 0437 599046. <a class=\"moz-txt-link-abbreviated\" href=\"http:\/\/WWW.HOTEL\">WWW.HOTEL<\/a> STELLA ALPINA . COM<br \/>\n<strong>OGGI<\/strong> FIESTA SOUND CON FERRUCCIO E ANDREA, sul piatto I MITICI PANINI DEL NARCI<br \/>\n<strong>VENERDI 14 LUGLIO\u00a0<\/strong> RE-UNION IN CONCERTO, dalla cucina: SERATA ROMANA CON AMATRICIANA, CACIO E PEPE.<br \/>\n<strong>VENERDI 21 LUGLIO<\/strong> IL RITORNO DEI JPM, saranno serviti PANINI CON PORCHETTA E SALSA COLESLAW<\/p>\n<p>&nbsp;<\/p>\n<hr \/>\n<p>&nbsp;<\/p>\n<div dir=\"auto\">\n<div class=\"message spoilers-container\" dir=\"auto\">\n<div>\n<div class=\"b654a4as d2edcug0\">\n<div class=\"rq0escxv hkbzh7o3 jwdofwj8 n8tt0mok r8blr3vg hyh9befq\">\n<p><a class=\"dt-pswp-item\" href=\"https:\/\/www.radiopiu.net\/wordpress\/wp-content\/uploads\/2020\/10\/pp.jpg\" data-dt-img-description=\"\" data-large_image_width=\"640\" data-large_image_height=\"640\"><img loading=\"lazy\" decoding=\"async\" class=\"wp-image-163678 alignleft\" src=\"https:\/\/www.radiopiu.net\/wordpress\/wp-content\/uploads\/2020\/10\/pp-300x300.jpg\" alt=\"\" width=\"106\" height=\"106\" srcset=\"https:\/\/www.radiopiu.net\/wordpress\/wp-content\/uploads\/2020\/10\/pp-300x300.jpg 300w, https:\/\/www.radiopiu.net\/wordpress\/wp-content\/uploads\/2020\/10\/pp-150x150.jpg 150w, https:\/\/www.radiopiu.net\/wordpress\/wp-content\/uploads\/2020\/10\/pp-125x125.jpg 125w, https:\/\/www.radiopiu.net\/wordpress\/wp-content\/uploads\/2020\/10\/pp-200x200.jpg 200w, https:\/\/www.radiopiu.net\/wordpress\/wp-content\/uploads\/2020\/10\/pp-80x80.jpg 80w, https:\/\/www.radiopiu.net\/wordpress\/wp-content\/uploads\/2020\/10\/pp-480x480.jpg 480w, https:\/\/www.radiopiu.net\/wordpress\/wp-content\/uploads\/2020\/10\/pp.jpg 640w\" sizes=\"auto, (max-width: 106px) 100vw, 106px\" \/><\/a><\/p>\n<\/div>\n<\/div>\n<\/div>\n<\/div>\n<div class=\"message spoilers-container\" dir=\"auto\">\n<div class=\"page-title-head hgroup\">\n<div class=\"page-title-head hgroup\">\n<div class=\"b654a4as d2edcug0\">\n<div class=\"j83agx80 btwxx1t3 lhclo0ds hop8lmos nkwizq5d scwd0bx6 roh60bw9\">\n<div class=\"rq0escxv hkbzh7o3 jwdofwj8 n8tt0mok r8blr3vg hyh9befq\">\n<div class=\"do00u71z l9j0dhe7 k4urcfbm\" style=\"text-align: left;\">\n<h2><span style=\"color: #000080;\">DON CESARE, IL PENSIERO DEL GIORNO. ALLA RADIO ALLE 7 DEL MATTINO E ALLE 19.30 DELLA SERA<\/span><\/h2>\n<\/div>\n<\/div>\n<\/div>\n<\/div>\n<\/div>\n<\/div>\n<\/div>\n<\/div>\n<div class=\"message spoilers-container\" dir=\"auto\">\n<div class=\"column\">\n<div class=\"message spoilers-container\" dir=\"auto\">\n<div class=\"column\">\n<p>&nbsp;<\/p>\n<p>&nbsp;<\/p>\n<p>&nbsp;<\/p>\n<p>&nbsp;<\/p>\n<hr \/>\n<p>&nbsp;<\/p>\n<h2><strong><a class=\"dt-pswp-item\" href=\"https:\/\/www.radiopiu.net\/wordpress\/wp-content\/uploads\/2023\/01\/leandro-grones.png\" data-dt-img-description=\"\" data-large_image_width=\"854\" data-large_image_height=\"496\"><img loading=\"lazy\" decoding=\"async\" class=\" wp-image-315560 alignleft\" src=\"https:\/\/www.radiopiu.net\/wordpress\/wp-content\/uploads\/2023\/01\/leandro-grones-300x174.png\" alt=\"\" width=\"226\" height=\"131\" \/><\/a><\/strong><span style=\"color: #33cccc;\">LA RASSEGNA STAMPA DA L&#8217;AMICO DEL POPOLO<\/span><\/h2>\n<p><strong>DI GIANNI SANTOMASO<\/strong><\/p>\n<p>Ospite: Leandro Grones, sindaco di Livinallongo del Col di Lana<\/p>\n<audio class=\"wp-audio-shortcode\" id=\"audio-342973-9\" preload=\"none\" style=\"width: 100%;\" controls=\"controls\"><source type=\"audio\/mpeg\" src=\"https:\/\/www.radiopiu.net\/wordpress\/wp-content\/uploads\/2023\/07\/RASSEGNA-GIANNI.mp3?_=9\" \/><a href=\"https:\/\/www.radiopiu.net\/wordpress\/wp-content\/uploads\/2023\/07\/RASSEGNA-GIANNI.mp3\">https:\/\/www.radiopiu.net\/wordpress\/wp-content\/uploads\/2023\/07\/RASSEGNA-GIANNI.mp3<\/a><\/audio>\n<p>&nbsp;<\/p>\n<p>&nbsp;<\/p>\n<hr \/>\n<p>&nbsp;<\/p>\n<p><img loading=\"lazy\" decoding=\"async\" class=\"aligncenter wp-image-61954 size-full\" src=\"https:\/\/www.radiopiu.net\/wordpress\/wp-content\/uploads\/2018\/09\/viabilita.jpeg\" sizes=\"auto, (max-width: 800px) 100vw, 800px\" srcset=\"https:\/\/www.radiopiu.net\/wordpress\/wp-content\/uploads\/2018\/09\/viabilita.jpeg 800w, https:\/\/www.radiopiu.net\/wordpress\/wp-content\/uploads\/2018\/09\/viabilita-300x38.jpeg 300w, https:\/\/www.radiopiu.net\/wordpress\/wp-content\/uploads\/2018\/09\/viabilita-768x96.jpeg 768w\" alt=\"\" width=\"800\" height=\"100\" \/><\/p>\n<\/div>\n<\/div>\n<div class=\"message spoilers-container\" dir=\"auto\">\n<div class=\"column\">\n<p>&nbsp;<\/p>\n<\/div>\n<\/div>\n<\/div>\n<\/div>\n<blockquote class=\"wp-embedded-content\" data-secret=\"lT8CEBhnEE\"><p><a href=\"https:\/\/www.radiopiu.net\/wordpress\/viabilita\/\">viabilita<\/a><\/p><\/blockquote>\n<p><iframe loading=\"lazy\" class=\"wp-embedded-content\" sandbox=\"allow-scripts\" security=\"restricted\" style=\"position: absolute; clip: rect(1px, 1px, 1px, 1px);\" title=\"&#8220;viabilita&#8221; &#8212; Radio Pi\u00f9\" src=\"https:\/\/www.radiopiu.net\/wordpress\/viabilita\/embed\/#?secret=QeDywjKdrq#?secret=lT8CEBhnEE\" data-secret=\"lT8CEBhnEE\" width=\"600\" height=\"338\" frameborder=\"0\" marginwidth=\"0\" marginheight=\"0\" scrolling=\"no\"><\/iframe><\/p>\n<div class=\"message spoilers-container\" dir=\"auto\">\n<div class=\"column\">\n<div class=\"message spoilers-container\" dir=\"auto\">\n<div class=\"column\">\n<div>\n<div dir=\"ltr\">\n<div class=\"gmail_quote\">\n<div dir=\"ltr\">\n<div><\/div>\n<div>\n<hr \/>\n<\/div>\n<div><a class=\"dt-pswp-item\" href=\"https:\/\/www.radiopiu.net\/wordpress\/wp-content\/uploads\/2023\/06\/07493af4-f8e1-4ce3-bb99-e0a40362939f.jpg\" data-dt-img-description=\"\" data-large_image_width=\"1417\" data-large_image_height=\"1481\"><img loading=\"lazy\" decoding=\"async\" class=\"wp-image-339869 aligncenter\" src=\"https:\/\/www.radiopiu.net\/wordpress\/wp-content\/uploads\/2023\/06\/07493af4-f8e1-4ce3-bb99-e0a40362939f-980x1024.jpg\" alt=\"\" width=\"382\" height=\"399\" srcset=\"https:\/\/www.radiopiu.net\/wordpress\/wp-content\/uploads\/2023\/06\/07493af4-f8e1-4ce3-bb99-e0a40362939f-980x1024.jpg 980w, https:\/\/www.radiopiu.net\/wordpress\/wp-content\/uploads\/2023\/06\/07493af4-f8e1-4ce3-bb99-e0a40362939f-287x300.jpg 287w, https:\/\/www.radiopiu.net\/wordpress\/wp-content\/uploads\/2023\/06\/07493af4-f8e1-4ce3-bb99-e0a40362939f-768x803.jpg 768w, https:\/\/www.radiopiu.net\/wordpress\/wp-content\/uploads\/2023\/06\/07493af4-f8e1-4ce3-bb99-e0a40362939f.jpg 1417w\" sizes=\"auto, (max-width: 382px) 100vw, 382px\" \/><\/a><\/div>\n<div><\/div>\n<\/div>\n<\/div>\n<\/div>\n<\/div>\n<hr \/>\n<p>&nbsp;<\/p>\n<p><a class=\"dt-pswp-item\" href=\"https:\/\/www.radiopiu.net\/wordpress\/wp-content\/uploads\/2018\/09\/WhatsApp-Image-2018-09-20-at-16.04.06.jpeg\" data-dt-img-description=\"\" data-large_image_width=\"800\" data-large_image_height=\"100\"><img loading=\"lazy\" decoding=\"async\" class=\"wp-image-61378 size-full aligncenter\" src=\"https:\/\/www.radiopiu.net\/wordpress\/wp-content\/uploads\/2018\/09\/WhatsApp-Image-2018-09-20-at-16.04.06.jpeg\" alt=\"\" width=\"800\" height=\"100\" srcset=\"https:\/\/www.radiopiu.net\/wordpress\/wp-content\/uploads\/2018\/09\/WhatsApp-Image-2018-09-20-at-16.04.06.jpeg 800w, https:\/\/www.radiopiu.net\/wordpress\/wp-content\/uploads\/2018\/09\/WhatsApp-Image-2018-09-20-at-16.04.06-300x38.jpeg 300w, https:\/\/www.radiopiu.net\/wordpress\/wp-content\/uploads\/2018\/09\/WhatsApp-Image-2018-09-20-at-16.04.06-768x96.jpeg 768w\" sizes=\"auto, (max-width: 800px) 100vw, 800px\" \/><\/a><\/p>\n<\/div>\n<\/div>\n<div class=\"message spoilers-container\" dir=\"auto\">\n<p>&nbsp;<\/p>\n<p style=\"text-align: center;\"><strong>OGGI<\/strong><\/p>\n<p>Tempo pi\u00f9 stabile e pi\u00f9 soleggiato rispetto ai giorni precedenti; al mattino cielo sereno o al pi\u00f9 poco nuvoloso per qualche temporanea nube bassa in rapido dissolvimento dopo l&#8217;alba. Nel corso della giornata moderata attivit\u00e0 cumuliforme con formazioni di addensamenti nuvolosi a cominciare nelle zone prossime alle cime specie sulle Dolomiti, localmente significative, soprattutto nelle ore calde, associati eventualmente a qualche breve e locale fenomeno.<br \/>\n<strong>Precipitazioni.<\/strong>\u00a0Al mattino assenti (0%); nel pomeriggio non si esclude qualche precipitazione occasionale (10-20%).<br \/>\n<strong>Temperature.<\/strong> Minime in lieve calo, massime in aumento anche sensibile, su valori prossimi alla norma; significativa escursione termica giornaliera.<\/p>\n<p style=\"text-align: center;\"><strong>DOMANI<\/strong><\/p>\n<p>Al mattino cielo sereno o poco nuvoloso; probabili addensamenti nuvolosi nelle ore diurne a partire dalle cime dolomitiche, associati a qualche possibile e locale fenomeno pomeridiano specie sulle Dolomiti. Schiarite nel tardo pomeriggio\/sera.<br \/>\n<strong>Precipitazioni.<\/strong>\u00a0Al mattino assenti (0%); nel pomeriggio possibile sulle Dolomiti (20-40%), ma non del tutto esclusa sulle Prealpi (10-20%) qualche occasionale precipitazione, anche a carattere di rovescio o di temporale.<br \/>\n<strong>Temperature.<\/strong> In aumento, con elevata escursione termica giornaliera e valori termici prossimi alla norma o di qualche grado pi\u00f9 alti; clima estivo.<\/p>\n<p style=\"text-align: center;\"><strong>DOMENICA<\/strong><\/p>\n<p>Tempo in prevalenza stabile e ben soleggiato specie al mattino. Nelle ore calde possibili annuvolamenti cumuliformi soprattutto sulle Dolomiti, associati ad eventuali, sporadici e brevi fenomeni di calore. Temperature in ulteriore lieve aumento su valori superiori alla norma<\/p>\n<p style=\"text-align: center;\"><strong>LUNEDI<\/strong><\/p>\n<p>Al mattino ben soleggiato con cielo sereno o poco nuvoloso. Nel corso della giornata graduale aumento della nuvolosit\u00e0 a partire dalle cime dolomitiche, con eventuali e sporadici brevi fenomeni nelle ore calde, specie sulle Dolomiti. Temperature in ulteriore lieve aumento e superiori alla norma di 4-6\u00b0C.<\/p>\n<\/div>\n<p>&nbsp;<\/p>\n<div class=\"message spoilers-container\" dir=\"auto\">\n<hr \/>\n<p>&nbsp;<\/p>\n<p><a class=\"dt-pswp-item\" href=\"https:\/\/www.radiopiu.net\/wordpress\/wp-content\/uploads\/2018\/09\/sport.jpg\" data-dt-img-description=\"\" data-large_image_width=\"800\" data-large_image_height=\"100\"><img loading=\"lazy\" decoding=\"async\" class=\"aligncenter wp-image-60761 size-full\" src=\"https:\/\/www.radiopiu.net\/wordpress\/wp-content\/uploads\/2018\/09\/sport.jpg\" alt=\"\" width=\"800\" height=\"100\" srcset=\"https:\/\/www.radiopiu.net\/wordpress\/wp-content\/uploads\/2018\/09\/sport.jpg 800w, https:\/\/www.radiopiu.net\/wordpress\/wp-content\/uploads\/2018\/09\/sport-300x38.jpg 300w, https:\/\/www.radiopiu.net\/wordpress\/wp-content\/uploads\/2018\/09\/sport-768x96.jpg 768w\" sizes=\"auto, (max-width: 800px) 100vw, 800px\" \/><\/a><\/p>\n<\/div>\n<div class=\"message spoilers-container\" dir=\"auto\">\n<p>&nbsp;<\/p>\n<p><span style=\"color: #0000ff;\"><strong>CALCIO<\/strong><\/span><\/p>\n<blockquote>\n<h3>CANALE E LA VALLE VINCONO I RECUPERI DEL CAMPIONATO GIOVANILE AGORDINO<\/h3>\n<\/blockquote>\n<p><strong><a class=\"dt-pswp-item\" href=\"https:\/\/www.radiopiu.net\/wordpress\/wp-content\/uploads\/2021\/11\/CALCIO-2021.jpg\" data-dt-img-description=\"\" data-large_image_width=\"2560\" data-large_image_height=\"1707\"><img loading=\"lazy\" decoding=\"async\" class=\" wp-image-242798 alignleft\" src=\"https:\/\/www.radiopiu.net\/wordpress\/wp-content\/uploads\/2021\/11\/CALCIO-2021-300x200.jpg\" alt=\"\" width=\"164\" height=\"109\" srcset=\"https:\/\/www.radiopiu.net\/wordpress\/wp-content\/uploads\/2021\/11\/CALCIO-2021-300x200.jpg 300w, https:\/\/www.radiopiu.net\/wordpress\/wp-content\/uploads\/2021\/11\/CALCIO-2021-1024x683.jpg 1024w, https:\/\/www.radiopiu.net\/wordpress\/wp-content\/uploads\/2021\/11\/CALCIO-2021-768x512.jpg 768w, https:\/\/www.radiopiu.net\/wordpress\/wp-content\/uploads\/2021\/11\/CALCIO-2021-1536x1024.jpg 1536w, https:\/\/www.radiopiu.net\/wordpress\/wp-content\/uploads\/2021\/11\/CALCIO-2021-2048x1366.jpg 2048w\" sizes=\"auto, (max-width: 164px) 100vw, 164px\" \/><\/a>di Marco Gaz<\/strong><\/p>\n<p><strong>REDAZIONE<\/strong> Nella serata di mercoled\u00ec si sono recuperate due delle tre partite che non si erano giocate nelle scorse settimane per il Campionato Agordino under 14. Il La Valle ha sotterrato il Caprile rifilando sette gol alla squadra della Val Cordevole. Tripletta di De Toffol, doppietta di Favero e un gol a testa per Bortot e De Lazzer. Il Caprile trova la rete della bandiera con No\u00e8 Fontanive. Nel dery della Valle del Biois tra Canale e Vallada i canalini fanno cappotto. Ancora una sconfitta per i valladini che non riescono a segnare. Il Canale incamera i 3 punti grazie alle doppiette di Efrem Valt, Alessandro Valt e Scola, un gol per Polato Martin e Shabi.<\/p>\n<p><strong>LA CLASSIFICA:\u00a0<\/strong>La Valle 13, Canale 12, Taibon 10, Caprile* 9, Le Ville* 6, Cencenighe e Fodom 3, Vallada 0 (*una partita in meno)<\/p>\n<p>&nbsp;<\/p>\n<p><strong><span style=\"color: #0000ff;\">PALLAVOLO<\/span><\/strong><\/p>\n<blockquote>\n<h3>LORENZO BIANCHET RIMANE NELLA FAMIGLIA BELLUNO VOLLEY<\/h3>\n<\/blockquote>\n<p><strong><a class=\"dt-pswp-item\" href=\"https:\/\/www.radiopiu.net\/wordpress\/wp-content\/uploads\/2023\/07\/Lorenzo_Bianchet_la_carta_jolly.jpg\" data-dt-img-description=\"\" data-large_image_width=\"979\" data-large_image_height=\"814\"><img loading=\"lazy\" decoding=\"async\" class=\" wp-image-342976 alignleft\" src=\"https:\/\/www.radiopiu.net\/wordpress\/wp-content\/uploads\/2023\/07\/Lorenzo_Bianchet_la_carta_jolly-300x249.jpg\" alt=\"\" width=\"129\" height=\"107\" srcset=\"https:\/\/www.radiopiu.net\/wordpress\/wp-content\/uploads\/2023\/07\/Lorenzo_Bianchet_la_carta_jolly-300x249.jpg 300w, https:\/\/www.radiopiu.net\/wordpress\/wp-content\/uploads\/2023\/07\/Lorenzo_Bianchet_la_carta_jolly-768x639.jpg 768w, https:\/\/www.radiopiu.net\/wordpress\/wp-content\/uploads\/2023\/07\/Lorenzo_Bianchet_la_carta_jolly.jpg 979w\" sizes=\"auto, (max-width: 129px) 100vw, 129px\" \/><\/a>BELLUNO <\/strong>In campo vanno loro, i giocatori. Ma dietro agisce una squadra ombra, la cui importanza non \u00e8 affatto secondaria rispetto al gruppo che, la domenica, scende regolarmente sul parquet. Perch\u00e9 questo team, lontano dalla luce dei riflettori, si occupa di ogni sfera della logistica: in partita e in allenamento. Un impegno costante che si intreccia con una passione sconfinata: per la pallavolo. E, soprattutto, per il Belluno Volley. Ebbene, uno dei pilastri di questa squadra ombra \u00e8 senza dubbio Lorenzo Bianchet: \u201cLollo\u201d \u00e8 un rinoceronte vero. E continuer\u00e0 a far parte della societ\u00e0. O meglio, della \u201cfamiglia\u201d: \u00abS\u00ec, questa per me \u00e8 una seconda famiglia &#8211; afferma il diretto interessato -. Ne faccio parte da sempre ed \u00e8 un piacere aiutare i ragazzi\u00bb.<span class=\"gmail-Apple-converted-space\">\u00a0<\/span><\/p>\n<p>&nbsp;<\/p>\n<p><span style=\"color: #0000ff;\"><strong>CORSA IN MONTAGNA<\/strong><\/span><\/p>\n<blockquote>\n<h3>LA TRANSPELMO 2023 E&#8217; SOLD OUT<\/h3>\n<\/blockquote>\n<p><strong><a class=\"dt-pswp-item\" href=\"https:\/\/www.radiopiu.net\/wordpress\/wp-content\/uploads\/2021\/08\/transpelmo-2019.jpeg\" data-dt-img-description=\"\" data-large_image_width=\"1600\" data-large_image_height=\"1066\"><img loading=\"lazy\" decoding=\"async\" class=\" wp-image-226217 alignleft\" src=\"https:\/\/www.radiopiu.net\/wordpress\/wp-content\/uploads\/2021\/08\/transpelmo-2019-300x200.jpeg\" alt=\"\" width=\"200\" height=\"133\" srcset=\"https:\/\/www.radiopiu.net\/wordpress\/wp-content\/uploads\/2021\/08\/transpelmo-2019-300x200.jpeg 300w, https:\/\/www.radiopiu.net\/wordpress\/wp-content\/uploads\/2021\/08\/transpelmo-2019-1024x682.jpeg 1024w, https:\/\/www.radiopiu.net\/wordpress\/wp-content\/uploads\/2021\/08\/transpelmo-2019-768x512.jpeg 768w, https:\/\/www.radiopiu.net\/wordpress\/wp-content\/uploads\/2021\/08\/transpelmo-2019-1536x1023.jpeg 1536w, https:\/\/www.radiopiu.net\/wordpress\/wp-content\/uploads\/2021\/08\/transpelmo-2019.jpeg 1600w\" sizes=\"auto, (max-width: 200px) 100vw, 200px\" \/><\/a>VAL DI ZOLDO <\/strong>Tutto esaurito per l\u2019edizione 2023 di Transpelmo, la skyrace che permette di vivere un\u2019esperienza unica nell\u2019ambiente unico della core zone numero 1 delle Dolomiti patrimonio mondiale Unesco, attraversando l\u2019imponente e spettacolare massiccio del Monte Pelmo (3.168 metri di altitudine). La manifestazione, che si svolger\u00e0 domenica 3 settembre in Val di Zoldo (Belluno), metteva a disposizione 900 pettorali. Nei giorni scorsi si \u00e8 raggiunto il limite massimo fissato dall\u2019organizzazione, con largo anticipo sulla chiusura delle iscrizioni, prevista per il 31 agosto. Nella stessa giornata si svolger\u00e0 la quarta edizione di Transpelmo Junior Run, l\u2019evento dedicato ai pi\u00f9 piccoli. La manifestazione \u00e8 rivolta agli under 12 e si snoder\u00e0 su un tracciato che va dagli 800 metri (per i bambini da 0 a 6 anni) ai 1.600 metri (per la fascia 7-9 anni e 10-12 anni).<\/p>\n<\/div>\n<\/div>\n<\/div>\n","protected":false},"excerpt":{"rendered":"<p>40esimo di RADIOPIU\u2026. LA VOCE DELL\u2019EMOZIONE ISCRIVITI AL NOSTRO CANALE\u00a0\u00a0YOUTUBE PER SEGUIRE IN DIRETTA I PRINCIPALI PROGRAMMI DI RADIO PIU\u2019 E LE FUTURE DIRETTE IN ESTERNA. PER ISCRIVERTI\u00a0CLICCA QUI\u00a0E PREMI\u00a0 \u201cIscriviti\u201d\u00a0 &nbsp; &nbsp; &nbsp; TRE MORTI IN CADORE, E&#8217; MORTO IL PAPA&#8217; LA NONNA E IL BAMBINO &nbsp; PIEVE DI CADORE\u00a0 &nbsp; Le vittime dell&#8217;incidente:&hellip;<\/p>\n","protected":false},"author":4,"featured_media":343027,"comment_status":"closed","ping_status":"closed","sticky":false,"template":"","format":"standard","meta":{"_monsterinsights_skip_tracking":false,"_monsterinsights_sitenote_active":false,"_monsterinsights_sitenote_note":"","_monsterinsights_sitenote_category":0,"footnotes":""},"categories":[51,86,49],"tags":[],"class_list":["post-342973","post","type-post","status-publish","format-standard","has-post-thumbnail","hentry","category-evidenza-top","category-gr","category-news-18","category-51","category-86","category-49","description-off"],"img_url":"https:\/\/www.radiopiu.net\/wordpress\/wp-content\/uploads\/2023\/07\/39c329e1-6bc6-4842-aa40-eb61ae6b488d.jpg","_links":{"self":[{"href":"https:\/\/www.radiopiu.net\/wordpress\/wp-json\/wp\/v2\/posts\/342973","targetHints":{"allow":["GET"]}}],"collection":[{"href":"https:\/\/www.radiopiu.net\/wordpress\/wp-json\/wp\/v2\/posts"}],"about":[{"href":"https:\/\/www.radiopiu.net\/wordpress\/wp-json\/wp\/v2\/types\/post"}],"author":[{"embeddable":true,"href":"https:\/\/www.radiopiu.net\/wordpress\/wp-json\/wp\/v2\/users\/4"}],"replies":[{"embeddable":true,"href":"https:\/\/www.radiopiu.net\/wordpress\/wp-json\/wp\/v2\/comments?post=342973"}],"version-history":[{"count":0,"href":"https:\/\/www.radiopiu.net\/wordpress\/wp-json\/wp\/v2\/posts\/342973\/revisions"}],"wp:featuredmedia":[{"embeddable":true,"href":"https:\/\/www.radiopiu.net\/wordpress\/wp-json\/wp\/v2\/media\/343027"}],"wp:attachment":[{"href":"https:\/\/www.radiopiu.net\/wordpress\/wp-json\/wp\/v2\/media?parent=342973"}],"wp:term":[{"taxonomy":"category","embeddable":true,"href":"https:\/\/www.radiopiu.net\/wordpress\/wp-json\/wp\/v2\/categories?post=342973"},{"taxonomy":"post_tag","embeddable":true,"href":"https:\/\/www.radiopiu.net\/wordpress\/wp-json\/wp\/v2\/tags?post=342973"}],"curies":[{"name":"wp","href":"https:\/\/api.w.org\/{rel}","templated":true}]}}