{"id":343005,"date":"2023-07-06T15:14:04","date_gmt":"2023-07-06T13:14:04","guid":{"rendered":"https:\/\/www.radiopiu.net\/wordpress\/?p=343005"},"modified":"2023-07-06T20:24:10","modified_gmt":"2023-07-06T18:24:10","slug":"turismo-ospitalita-diffusa-e-conca-agordina-da-e-bike","status":"publish","type":"post","link":"https:\/\/www.radiopiu.net\/wordpress\/turismo-ospitalita-diffusa-e-conca-agordina-da-e-bike\/","title":{"rendered":"TURISMO: OSPITALITA&#8217; DIFFUSA E CONCA AGORDINA DA E-BIKE"},"content":{"rendered":"<blockquote><p><em>In questi giorni sui nuovi tracciati verranno collocate le nuove tabelle con le indicazioni, sar\u00e0 un estate di &#8220;lavori in corso&#8221;<\/em><\/p><\/blockquote>\n<p><strong>REDAZIONE<\/strong> Gabriele Trento al tempo\u00a0 assessore ad Agordo aveva scommesso sulla Ospitalit\u00e0 Diffusa, ha continuato a parlarne anche dopo le prime riunioni che avevano messo attorno ad un tavolo nove neo imprenditori turistici.\u00a0 Al suo fianco il sindaco di Taibon Silvia Tormen che ha poi continuato sulla via tracciata dando credibilit\u00e0 al progetto che ha preso quota nel tempo <em>&#8220;Siamo partiti nel 2014 &#8211; dice il sindaco &#8211;\u00a0 dopo le elezioni. Io avevo nel programma elettorale l\u2019albergo diffuso e Agordo pure ci incontrammo e decidemmo di fare la strada assieme mirando ad un progetto di conca&#8221;<\/em> Presto saranno 40 gli interessati a questa idea che rilancia turisticamente la Conca Agordina, amorfa per troppi anni,\u00a0 cullata nel benessere dell&#8217;occhiale. \u00a0Ma c&#8217;\u00e8 chi non smette di crederci, ricordando anche i trascorsi dei Comuni di fondovalle quando tante famiglie mettevano a disposizioni i loro secondi appartamenti o seconde camere per un turismo comunque diverso da quello attuale. Claudio Da Roit, pi\u00f9 noto come Doctor Bike \u00e8 invece quel giovane di allora che scoprendo la e-bike, es \u00e8 stato uno tra i primi in provincia, ha immediatamente capito l&#8217;utilit\u00e0 del mezzo e soprattutto la bellezza del territorio. Sono quindi nati i primi tracciati per biciclette dentro e fuori la Valle di San Lucano. Le menti di Ospitalit\u00e0 Diffusa, unitamente alla professionalit\u00e0 di Claudio Da Roit,\u00a0 hanno ora dato vita al progetto <em>Conca Agordina Tour Bike e Hike<\/em>. Pedalando oppure a piedi, lungo anelli incastonati tra verde e montagna, 20-60-80 chilometri, a seconda della voglia di pedalare o camminare,\u00a0 scegliendo percorsi ben segnalati da apposite tabelle, nuove, belle e resistenti, oppure lungo la varianti. Escursionisti e turisti saranno agevolati nei loro tour dalla cartina con indicati percorsi e loro peculiarit\u00e0. Saranno anche predisposte idonee tabelloni per invitare il turista a scoprire il territorio.<\/p>\n\n\t\t\t<style type='text\/css'>\n\t\t\t\t#gallery-1 {\n\t\t\t\t\tmargin: auto;\n\t\t\t\t}\n\t\t\t\t#gallery-1 .gallery-item {\n\t\t\t\t\tfloat: left;\n\t\t\t\t\tmargin-top: 10px;\n\t\t\t\t\ttext-align: center;\n\t\t\t\t\twidth: 33%;\n\t\t\t\t}\n\t\t\t\t#gallery-1 img {\n\t\t\t\t\tborder: 2px solid #cfcfcf;\n\t\t\t\t}\n\t\t\t\t#gallery-1 .gallery-caption {\n\t\t\t\t\tmargin-left: 0;\n\t\t\t\t}\n\t\t\t\t\/* see gallery_shortcode() in wp-includes\/media.php *\/\n\t\t\t<\/style>\n\t\t<div id='gallery-1' class='dt-gallery-container gallery galleryid-343005 gallery-columns-3 gallery-size-thumbnail'><dl class='gallery-item'>\n\t\t\t\t<dt class='gallery-icon landscape'>\n\t\t\t\t\t<a class=\"rollover rollover-zoom dt-pswp-item\" title=\"a806b3b5-08a6-45bc-aefe-25608f8abd39\" data-dt-img-description=\"\" data-large_image_width=\"2048\" data-large_image_height=\"1152\"href='https:\/\/www.radiopiu.net\/wordpress\/wp-content\/uploads\/2023\/07\/a806b3b5-08a6-45bc-aefe-25608f8abd39.jpg'><img loading=\"lazy\" decoding=\"async\" width=\"150\" height=\"150\" src=\"https:\/\/www.radiopiu.net\/wordpress\/wp-content\/uploads\/2023\/07\/a806b3b5-08a6-45bc-aefe-25608f8abd39-150x150.jpg\" class=\"attachment-thumbnail size-thumbnail\" alt=\"\" \/><\/a>\n\t\t\t\t<\/dt><\/dl><dl class='gallery-item'>\n\t\t\t\t<dt class='gallery-icon landscape'>\n\t\t\t\t\t<a class=\"rollover rollover-zoom dt-pswp-item\" title=\"9335c4e4-97c9-4007-890b-ddb217321962\" data-dt-img-description=\"\" data-large_image_width=\"2048\" data-large_image_height=\"1152\"href='https:\/\/www.radiopiu.net\/wordpress\/wp-content\/uploads\/2023\/07\/9335c4e4-97c9-4007-890b-ddb217321962.jpg'><img loading=\"lazy\" decoding=\"async\" width=\"150\" height=\"150\" src=\"https:\/\/www.radiopiu.net\/wordpress\/wp-content\/uploads\/2023\/07\/9335c4e4-97c9-4007-890b-ddb217321962-150x150.jpg\" class=\"attachment-thumbnail size-thumbnail\" alt=\"\" \/><\/a>\n\t\t\t\t<\/dt><\/dl><dl class='gallery-item'>\n\t\t\t\t<dt class='gallery-icon portrait'>\n\t\t\t\t\t<a class=\"rollover rollover-zoom dt-pswp-item\" title=\"5091a570-e775-4235-a604-0d3edf119d92\" data-dt-img-description=\"\" data-large_image_width=\"1152\" data-large_image_height=\"2048\"href='https:\/\/www.radiopiu.net\/wordpress\/wp-content\/uploads\/2023\/07\/5091a570-e775-4235-a604-0d3edf119d92.jpg'><img loading=\"lazy\" decoding=\"async\" width=\"150\" height=\"150\" src=\"https:\/\/www.radiopiu.net\/wordpress\/wp-content\/uploads\/2023\/07\/5091a570-e775-4235-a604-0d3edf119d92-150x150.jpg\" class=\"attachment-thumbnail size-thumbnail\" alt=\"\" \/><\/a>\n\t\t\t\t<\/dt><\/dl><br style=\"clear: both\" \/><dl class='gallery-item'>\n\t\t\t\t<dt class='gallery-icon portrait'>\n\t\t\t\t\t<a class=\"rollover rollover-zoom dt-pswp-item\" title=\"b2e7f2cb-9f71-42ec-b772-2b31e72d56c0\" data-dt-img-description=\"\" data-large_image_width=\"1152\" data-large_image_height=\"2048\"href='https:\/\/www.radiopiu.net\/wordpress\/wp-content\/uploads\/2023\/07\/b2e7f2cb-9f71-42ec-b772-2b31e72d56c0.jpg'><img loading=\"lazy\" decoding=\"async\" width=\"150\" height=\"150\" src=\"https:\/\/www.radiopiu.net\/wordpress\/wp-content\/uploads\/2023\/07\/b2e7f2cb-9f71-42ec-b772-2b31e72d56c0-150x150.jpg\" class=\"attachment-thumbnail size-thumbnail\" alt=\"\" \/><\/a>\n\t\t\t\t<\/dt><\/dl><dl class='gallery-item'>\n\t\t\t\t<dt class='gallery-icon portrait'>\n\t\t\t\t\t<a class=\"rollover rollover-zoom dt-pswp-item\" title=\"a4e0cd99-23fe-413b-b093-fbba593e7c5f\" data-dt-img-description=\"\" data-large_image_width=\"1152\" data-large_image_height=\"2048\"href='https:\/\/www.radiopiu.net\/wordpress\/wp-content\/uploads\/2023\/07\/a4e0cd99-23fe-413b-b093-fbba593e7c5f.jpg'><img loading=\"lazy\" decoding=\"async\" width=\"150\" height=\"150\" src=\"https:\/\/www.radiopiu.net\/wordpress\/wp-content\/uploads\/2023\/07\/a4e0cd99-23fe-413b-b093-fbba593e7c5f-150x150.jpg\" class=\"attachment-thumbnail size-thumbnail\" alt=\"\" \/><\/a>\n\t\t\t\t<\/dt><\/dl>\n\t\t\t\t<br style='clear: both' \/>\n\t\t\t<\/div>\n\n<p>&nbsp;<\/p>\n","protected":false},"excerpt":{"rendered":"<p>In questi giorni sui nuovi tracciati verranno collocate le nuove tabelle con le indicazioni, sar\u00e0 un estate di &#8220;lavori in corso&#8221; REDAZIONE Gabriele Trento al tempo\u00a0 assessore ad Agordo aveva scommesso sulla Ospitalit\u00e0 Diffusa, ha continuato a parlarne anche dopo le prime riunioni che avevano messo attorno ad un tavolo nove neo imprenditori turistici.\u00a0 Al&hellip;<\/p>\n","protected":false},"author":4,"featured_media":343009,"comment_status":"closed","ping_status":"closed","sticky":false,"template":"","format":"standard","meta":{"_monsterinsights_skip_tracking":false,"_monsterinsights_sitenote_active":false,"_monsterinsights_sitenote_note":"","_monsterinsights_sitenote_category":0,"footnotes":""},"categories":[51,49],"tags":[],"class_list":["post-343005","post","type-post","status-publish","format-standard","has-post-thumbnail","hentry","category-evidenza-top","category-news-18","category-51","category-49","description-off"],"img_url":"https:\/\/www.radiopiu.net\/wordpress\/wp-content\/uploads\/2023\/07\/a806b3b5-08a6-45bc-aefe-25608f8abd39.jpg","_links":{"self":[{"href":"https:\/\/www.radiopiu.net\/wordpress\/wp-json\/wp\/v2\/posts\/343005","targetHints":{"allow":["GET"]}}],"collection":[{"href":"https:\/\/www.radiopiu.net\/wordpress\/wp-json\/wp\/v2\/posts"}],"about":[{"href":"https:\/\/www.radiopiu.net\/wordpress\/wp-json\/wp\/v2\/types\/post"}],"author":[{"embeddable":true,"href":"https:\/\/www.radiopiu.net\/wordpress\/wp-json\/wp\/v2\/users\/4"}],"replies":[{"embeddable":true,"href":"https:\/\/www.radiopiu.net\/wordpress\/wp-json\/wp\/v2\/comments?post=343005"}],"version-history":[{"count":0,"href":"https:\/\/www.radiopiu.net\/wordpress\/wp-json\/wp\/v2\/posts\/343005\/revisions"}],"wp:featuredmedia":[{"embeddable":true,"href":"https:\/\/www.radiopiu.net\/wordpress\/wp-json\/wp\/v2\/media\/343009"}],"wp:attachment":[{"href":"https:\/\/www.radiopiu.net\/wordpress\/wp-json\/wp\/v2\/media?parent=343005"}],"wp:term":[{"taxonomy":"category","embeddable":true,"href":"https:\/\/www.radiopiu.net\/wordpress\/wp-json\/wp\/v2\/categories?post=343005"},{"taxonomy":"post_tag","embeddable":true,"href":"https:\/\/www.radiopiu.net\/wordpress\/wp-json\/wp\/v2\/tags?post=343005"}],"curies":[{"name":"wp","href":"https:\/\/api.w.org\/{rel}","templated":true}]}}