{"id":343024,"date":"2023-07-01T20:20:53","date_gmt":"2023-07-01T18:20:53","guid":{"rendered":"https:\/\/www.radiopiu.net\/wordpress\/?p=343024"},"modified":"2023-07-07T05:16:20","modified_gmt":"2023-07-07T03:16:20","slug":"tragico-incidente-stradale-a","status":"publish","type":"post","link":"https:\/\/www.radiopiu.net\/wordpress\/tragico-incidente-stradale-a\/","title":{"rendered":"TRE MORTI IN CADORE, E&#8217; MORTO IL PAPA&#8217; LA NONNA E IL BAMBINO"},"content":{"rendered":"<p><a class=\"dt-pswp-item\" href=\"https:\/\/www.radiopiu.net\/wordpress\/wp-content\/uploads\/2023\/07\/39c329e1-6bc6-4842-aa40-eb61ae6b488d.jpg\" data-dt-img-description=\"\" data-large_image_width=\"1280\" data-large_image_height=\"884\"><img loading=\"lazy\" decoding=\"async\" class=\"size-medium wp-image-343027 alignleft\" src=\"https:\/\/www.radiopiu.net\/wordpress\/wp-content\/uploads\/2023\/07\/39c329e1-6bc6-4842-aa40-eb61ae6b488d-300x207.jpg\" alt=\"\" width=\"300\" height=\"207\" srcset=\"https:\/\/www.radiopiu.net\/wordpress\/wp-content\/uploads\/2023\/07\/39c329e1-6bc6-4842-aa40-eb61ae6b488d-300x207.jpg 300w, https:\/\/www.radiopiu.net\/wordpress\/wp-content\/uploads\/2023\/07\/39c329e1-6bc6-4842-aa40-eb61ae6b488d-1024x707.jpg 1024w, https:\/\/www.radiopiu.net\/wordpress\/wp-content\/uploads\/2023\/07\/39c329e1-6bc6-4842-aa40-eb61ae6b488d-768x530.jpg 768w, https:\/\/www.radiopiu.net\/wordpress\/wp-content\/uploads\/2023\/07\/39c329e1-6bc6-4842-aa40-eb61ae6b488d.jpg 1280w\" sizes=\"auto, (max-width: 300px) 100vw, 300px\" \/><\/a><strong>SANTO STEFANO<\/strong> Via Udine, lungo la SR 355 \u00e8 stata teatro di un tragico incidente stradale che ha lasciato una comunit\u00e0 intera in lutto. Intorno alle 15:30 di oggi, gioved\u00ec 6 luglio, una famiglia di turisti veneziani\u00a0 (quattro persone) \u00e8 stata travolta da un&#8217;auto &#8211; con targa tedesca condotta da una donna &#8211; mentre si trovava in passeggiata lungo via Udine, la strada che porta verso Sappada. Il bilancio dell&#8217;incidente \u00e8 terribile: tre persone hanno perso la vita.<\/p>\n<p>La famiglia (originaria di Mestre con seconda casa in Cadore) era composta dalla nonna, dai genitori e da due bambini. Mentre stavano godendo di una tranquilla passeggiata nel centro del <a class=\"dt-pswp-item\" href=\"https:\/\/www.radiopiu.net\/wordpress\/wp-content\/uploads\/2023\/07\/6f6c4394-bbea-4525-9a19-6b860d41de27.jpg\" data-dt-img-description=\"\" data-large_image_width=\"1228\" data-large_image_height=\"776\"><img loading=\"lazy\" decoding=\"async\" class=\"size-medium wp-image-343026 alignright\" src=\"https:\/\/www.radiopiu.net\/wordpress\/wp-content\/uploads\/2023\/07\/6f6c4394-bbea-4525-9a19-6b860d41de27-300x190.jpg\" alt=\"\" width=\"300\" height=\"190\" srcset=\"https:\/\/www.radiopiu.net\/wordpress\/wp-content\/uploads\/2023\/07\/6f6c4394-bbea-4525-9a19-6b860d41de27-300x190.jpg 300w, https:\/\/www.radiopiu.net\/wordpress\/wp-content\/uploads\/2023\/07\/6f6c4394-bbea-4525-9a19-6b860d41de27-1024x647.jpg 1024w, https:\/\/www.radiopiu.net\/wordpress\/wp-content\/uploads\/2023\/07\/6f6c4394-bbea-4525-9a19-6b860d41de27-768x485.jpg 768w, https:\/\/www.radiopiu.net\/wordpress\/wp-content\/uploads\/2023\/07\/6f6c4394-bbea-4525-9a19-6b860d41de27.jpg 1228w\" sizes=\"auto, (max-width: 300px) 100vw, 300px\" \/><\/a>paese, sono stati colpiti da un&#8217;auto che li ha travolti improvvisamente. Le vittime: il piccolo di soli 2 anni nel passeggino (il fratellino era in bicicletta), il\u00a0 pap\u00e0 48 anni e la\u00a0 nonna 65 anni,\u00a0 ferita la mamma,\u00a0 il nonno che \u00e8 arrivato sul luogo dell&#8217;incidente poco dopo, \u00e8 stato colto\u00a0 da malore. Ferita in modo lieve\u00a0 anche l\u2019automobilista, trentenne, di nazionalit\u00e0 straniera.<\/p>\n<p>Le autorit\u00e0 locali sono intervenute prontamente sulla scena, richiedendo l&#8217;assistenza medica urgente per i feriti.\u00a0 Il bambino, invece, \u00e8 stato sottoposto a un&#8217;operazione d&#8217;urgenza e le sue condizioni erano gi\u00e0 molto critiche, \u00e8 spirato qualche ora dopo. I vigili del fuoco arrivati dal locale distaccamento, hanno messo in sicurezza il teatro dell\u2019evento e collaborato con il personale sanitario nei soccorsi ai feriti.<\/p>\n<blockquote><p><strong>Arrestata A.H., la 32enne alla guida dell&#8217;Audi A3 nera che ieri pomeriggio \u00e8 piombata sulla famiglia di persone a Santo Stefano, uccidendone tre. La donna ieri sera dopo le cure mediche \u00e8 stata sentita dai carabinieri e trattenuta in caserma. L&#8217;arresto \u00e8 scattato intorno alle 22.30: quando, terminate le formalit\u00e0, \u00e8 stata trasferita in carcere su disposizione della procura (il fascicolo sul tavolo di procuratore Luca e pm Marcon).<\/strong><\/p>\n<p><em><a class=\"dt-pswp-item\" href=\"https:\/\/www.radiopiu.net\/wordpress\/wp-content\/uploads\/2019\/12\/5g-antenna.jpg\" data-dt-img-description=\"\" data-large_image_width=\"1156\" data-large_image_height=\"650\"><img loading=\"lazy\" decoding=\"async\" class=\"wp-image-110176 alignleft\" src=\"https:\/\/www.radiopiu.net\/wordpress\/wp-content\/uploads\/2019\/12\/5g-antenna-300x169.jpg\" alt=\"\" width=\"178\" height=\"100\" srcset=\"https:\/\/www.radiopiu.net\/wordpress\/wp-content\/uploads\/2019\/12\/5g-antenna-300x169.jpg 300w, https:\/\/www.radiopiu.net\/wordpress\/wp-content\/uploads\/2019\/12\/5g-antenna-1024x576.jpg 1024w, https:\/\/www.radiopiu.net\/wordpress\/wp-content\/uploads\/2019\/12\/5g-antenna-768x432.jpg 768w, https:\/\/www.radiopiu.net\/wordpress\/wp-content\/uploads\/2019\/12\/5g-antenna.jpg 1156w\" sizes=\"auto, (max-width: 178px) 100vw, 178px\" \/><\/a>LA ANTICIPAZIONI DAL TG DI ANTENNA 3, IN ONDA ALLE 19.30 SUL CANALE 10 DEL DIGITALE TERRESTRE.<\/em><br \/>\n<em>DI TIZIANA BOLOGNANI<\/em><\/p><\/blockquote>\n<audio class=\"wp-audio-shortcode\" id=\"audio-343024-1\" preload=\"none\" style=\"width: 100%;\" controls=\"controls\"><source type=\"audio\/mpeg\" src=\"https:\/\/www.radiopiu.net\/wordpress\/wp-content\/uploads\/2023\/07\/tiziana-servizio.mp3?_=1\" \/><a href=\"https:\/\/www.radiopiu.net\/wordpress\/wp-content\/uploads\/2023\/07\/tiziana-servizio.mp3\">https:\/\/www.radiopiu.net\/wordpress\/wp-content\/uploads\/2023\/07\/tiziana-servizio.mp3<\/a><\/audio>\n<p>&nbsp;<\/p>\n<p><strong>ore 18.30 dalla Ulss1 Dolomiti\u00a0<\/strong> <span style=\"color: #000000;\">Nel pomeriggio di oggi, a Santo Stefano di Cadore, un\u2019auto guidata da una donna di nazionalit\u00e0 tedesca ha investito una famiglia di turisti della provincia di Venezia. <\/span><span style=\"color: #000000;\">Purtroppo sono deceduti un bambino, il pap\u00e0 e la nonna. La mamma del bambino e il nonno sono attualmente all\u2019ospedale di Pieve di Cadore per valutazioni. <\/span><span style=\"color: #000000;\">Anche la donna che si trovava alla guida dell\u2019auto \u00e8 al Pronto Soccorso di Pieve di Cadore per accertamenti.<\/span><\/p>\n<p>&nbsp;<\/p>\n<blockquote>\n<h2><strong>INCIDENTE NEL BELLUNESE. CORDOGLIO DEL PRESIDENTE ZAIA <\/strong><\/h2>\n<\/blockquote>\n<p><strong>VENEZIA<\/strong>\u00a0 \u201cE\u2019 una di quelle notizie che non vorresti mai leggere e che lascia completamente senza parole. Una tragedia che colpisce una famiglia, ma anche un\u2019intera comunit\u00e0. Mi stringo al dolore dei familiari ai quali porgo le pi\u00f9 sentite condoglianze personali e istituzionali\u201d. Lo dice il Presidente della Regione del Veneto, Luca Zaia, apprendendo gli ultimi aggiornamenti che riguardano la notizia del grave incidente stradale avvenuto questo pomeriggio a Santo Stefano di Cadore (Belluno).<\/p>\n<p>&nbsp;<\/p>\n<p>&nbsp;<\/p>\n<p>__<\/p>\n<p>&nbsp;<\/p>\n<p>&nbsp;<\/p>\n<p>&nbsp;<\/p>\n","protected":false},"excerpt":{"rendered":"<p>SANTO STEFANO Via Udine, lungo la SR 355 \u00e8 stata teatro di un tragico incidente stradale che ha lasciato una comunit\u00e0 intera in lutto. Intorno alle 15:30 di oggi, gioved\u00ec 6 luglio, una famiglia di turisti veneziani\u00a0 (quattro persone) \u00e8 stata travolta da un&#8217;auto &#8211; con targa tedesca condotta da una donna &#8211; mentre si&hellip;<\/p>\n","protected":false},"author":4,"featured_media":343027,"comment_status":"closed","ping_status":"closed","sticky":false,"template":"","format":"standard","meta":{"_monsterinsights_skip_tracking":false,"_monsterinsights_sitenote_active":false,"_monsterinsights_sitenote_note":"","_monsterinsights_sitenote_category":0,"footnotes":""},"categories":[51,49],"tags":[],"class_list":["post-343024","post","type-post","status-publish","format-standard","has-post-thumbnail","hentry","category-evidenza-top","category-news-18","category-51","category-49","description-off"],"img_url":"https:\/\/www.radiopiu.net\/wordpress\/wp-content\/uploads\/2023\/07\/39c329e1-6bc6-4842-aa40-eb61ae6b488d.jpg","_links":{"self":[{"href":"https:\/\/www.radiopiu.net\/wordpress\/wp-json\/wp\/v2\/posts\/343024","targetHints":{"allow":["GET"]}}],"collection":[{"href":"https:\/\/www.radiopiu.net\/wordpress\/wp-json\/wp\/v2\/posts"}],"about":[{"href":"https:\/\/www.radiopiu.net\/wordpress\/wp-json\/wp\/v2\/types\/post"}],"author":[{"embeddable":true,"href":"https:\/\/www.radiopiu.net\/wordpress\/wp-json\/wp\/v2\/users\/4"}],"replies":[{"embeddable":true,"href":"https:\/\/www.radiopiu.net\/wordpress\/wp-json\/wp\/v2\/comments?post=343024"}],"version-history":[{"count":0,"href":"https:\/\/www.radiopiu.net\/wordpress\/wp-json\/wp\/v2\/posts\/343024\/revisions"}],"wp:featuredmedia":[{"embeddable":true,"href":"https:\/\/www.radiopiu.net\/wordpress\/wp-json\/wp\/v2\/media\/343027"}],"wp:attachment":[{"href":"https:\/\/www.radiopiu.net\/wordpress\/wp-json\/wp\/v2\/media?parent=343024"}],"wp:term":[{"taxonomy":"category","embeddable":true,"href":"https:\/\/www.radiopiu.net\/wordpress\/wp-json\/wp\/v2\/categories?post=343024"},{"taxonomy":"post_tag","embeddable":true,"href":"https:\/\/www.radiopiu.net\/wordpress\/wp-json\/wp\/v2\/tags?post=343024"}],"curies":[{"name":"wp","href":"https:\/\/api.w.org\/{rel}","templated":true}]}}