{"id":343231,"date":"2023-07-10T05:05:06","date_gmt":"2023-07-10T03:05:06","guid":{"rendered":"https:\/\/www.radiopiu.net\/wordpress\/?p=343231"},"modified":"2023-07-10T06:46:05","modified_gmt":"2023-07-10T04:46:05","slug":"giornale-radiopiu-10-luglio-2023-direttore-mirko-mezzacasada-40-anni-25-giugno-1983-25-giugno-2023","status":"publish","type":"post","link":"https:\/\/www.radiopiu.net\/wordpress\/giornale-radiopiu-10-luglio-2023-direttore-mirko-mezzacasada-40-anni-25-giugno-1983-25-giugno-2023\/","title":{"rendered":"GIORNALE RADIOPIU 10 LUGLIO 2023 DIRETTORE MIRKO MEZZACASA\u2026DA 40 ANNI 25 GIUGNO 1983-25 GIUGNO 2023"},"content":{"rendered":"<h2 style=\"text-align: left;\"><span style=\"color: #ff0000;\"><span style=\"vertical-align: inherit;\"><a class=\"dt-pswp-item\" href=\"https:\/\/www.radiopiu.net\/wordpress\/wp-content\/uploads\/2023\/04\/e0aad41d-951e-47b9-9fae-1a879a9bcb7e-1.jpg\" data-dt-img-description=\"\" data-large_image_width=\"1200\" data-large_image_height=\"1200\"><img loading=\"lazy\" decoding=\"async\" class=\"wp-image-333205 alignleft\" src=\"https:\/\/www.radiopiu.net\/wordpress\/wp-content\/uploads\/2023\/04\/e0aad41d-951e-47b9-9fae-1a879a9bcb7e-1-300x300.jpg\" alt=\"\" width=\"110\" height=\"110\" srcset=\"https:\/\/www.radiopiu.net\/wordpress\/wp-content\/uploads\/2023\/04\/e0aad41d-951e-47b9-9fae-1a879a9bcb7e-1-300x300.jpg 300w, https:\/\/www.radiopiu.net\/wordpress\/wp-content\/uploads\/2023\/04\/e0aad41d-951e-47b9-9fae-1a879a9bcb7e-1-1024x1024.jpg 1024w, https:\/\/www.radiopiu.net\/wordpress\/wp-content\/uploads\/2023\/04\/e0aad41d-951e-47b9-9fae-1a879a9bcb7e-1-150x150.jpg 150w, https:\/\/www.radiopiu.net\/wordpress\/wp-content\/uploads\/2023\/04\/e0aad41d-951e-47b9-9fae-1a879a9bcb7e-1-768x768.jpg 768w, https:\/\/www.radiopiu.net\/wordpress\/wp-content\/uploads\/2023\/04\/e0aad41d-951e-47b9-9fae-1a879a9bcb7e-1.jpg 1200w\" sizes=\"auto, (max-width: 110px) 100vw, 110px\" \/><\/a><\/span><\/span><\/h2>\n<h1 class=\"entry-title\">40esimo di RADIOPIU\u2026. LA VOCE DELL\u2019EMOZIONE<\/h1>\n<h2><span style=\"color: #ff0000;\">ISCRIVITI AL NOSTRO CANALE\u00a0\u00a0YOUTUBE PER SEGUIRE IN DIRETTA I PRINCIPALI PROGRAMMI DI RADIO PIU\u2019 E LE FUTURE DIRETTE IN ESTERNA. PER ISCRIVERTI\u00a0<a style=\"color: #ff0000;\" href=\"https:\/\/youtube.com\/@radiopiu1527\">CLICCA QUI\u00a0<\/a>E PREMI\u00a0 \u201cIscriviti\u201d\u00a0<\/span><\/h2>\n<p>&nbsp;<\/p>\n<p>&nbsp;<\/p>\n<hr \/>\n<p>&nbsp;<\/p>\n<blockquote>\n<h2>STRADA PER IL DURAN, DEVIAZIONI IN LOCO<\/h2>\n<\/blockquote>\n<p><strong>SP347 DEL DURAN E CEREDA:<\/strong> localit\u00e0 Lantrago La Valle. <span style=\"color: #ff0000;\">Fino al 11 luglio<\/span> chiusura totale al traffico della strada per il Passo Duran per lavori di allargamento del Ponte Lantrago e sistemazione della carreggiata. percorso alternativo consigliato: CROSTOLIN-GAIDON\u00a0 strada comunale interdetta al transito dei veicoli con larghezza superiore ai 2 metri e 40 centimetri.<\/p>\n<p>&nbsp;<\/p>\n<p>&nbsp;<\/p>\n<hr \/>\n<p>&nbsp;<\/p>\n<blockquote>\n<h3>SAVINER-DIGONERA<\/h3>\n<\/blockquote>\n<p><strong>ROCCA PIETORE<\/strong> Fino al 28 luglio la strada di Digonera sar\u00e0 di nuovo interdetta al traffico dalle 8 del luned\u00ec alle 18 di venerd\u00ec e nel fine settimana istituzione di un senso unico alternato regolato da semaforo e limite di velocit\u00e0 a 30 km\/h.<\/p>\n<p>&nbsp;<\/p>\n<p>&nbsp;<\/p>\n<hr \/>\n<p>&nbsp;<\/p>\n<blockquote>\n<h3>LAVORI PROGRAMMATI BIM GSP<\/h3>\n<\/blockquote>\n<p><strong>SAN TOMASO<\/strong> Gestione Servizi Pubblici informa che, per lavori alla rete idrica comunale, marted\u00ec dalle 10:00 a FINE LAVORI verr\u00e0 sospesa l\u2019erogazione dell\u2019acqua a S.TOMASO AGORDINO in LOCALITA&#8217; CANACEDE . Il personale addetto operer\u00e0 per limitare il pi\u00f9 possibile i disagi alla popolazione.<\/p>\n<p>&nbsp;<\/p>\n<p>&nbsp;<\/p>\n<hr \/>\n<p>&nbsp;<\/p>\n<blockquote>\n<h3>LA STORIA SI RIPETE, ACQUA INQUINATA SEMPRE NELLE STESSE FRAZIONI<\/h3>\n<\/blockquote>\n<p><img loading=\"lazy\" decoding=\"async\" class=\"alignleft\" src=\"https:\/\/www.radiopiu.net\/wordpress\/wp-content\/uploads\/2018\/08\/ACQUA.jpeg\" width=\"129\" height=\"77\" \/>Gestione Servizi Pubblici informa che a TAIBON AGORDINO nelle localit\u00e0 SOCCOL, CAMPEDEL, COSTE, SERACH, RONCH DE BUOS e NOGAROLA l&#8217;acqua erogata dall&#8217;acquedotto non \u00e8 potabile e pu\u00f2 essere usata per scopi alimentari SOLO PREVIA bollitura.<\/p>\n<p>&nbsp;<\/p>\n<p>&nbsp;<\/p>\n<hr \/>\n<p>&nbsp;<\/p>\n<blockquote>\n<h3>IL PONTE DI LANTRAGO RIAPRE MERCOLEDI&#8217;<\/h3>\n<\/blockquote>\n<p><strong>LA VALLE AGORDINA<\/strong><\/p>\n<p>di Gianni Santomaso<\/p>\n<audio class=\"wp-audio-shortcode\" id=\"audio-343231-1\" preload=\"none\" style=\"width: 100%;\" controls=\"controls\"><source type=\"audio\/mpeg\" src=\"https:\/\/www.radiopiu.net\/wordpress\/wp-content\/uploads\/2023\/07\/GIANNI-IL-PONTE-DI-LANTRAGO-RIAPRE-MERCOLEDI.mp3?_=1\" \/><a href=\"https:\/\/www.radiopiu.net\/wordpress\/wp-content\/uploads\/2023\/07\/GIANNI-IL-PONTE-DI-LANTRAGO-RIAPRE-MERCOLEDI.mp3\">https:\/\/www.radiopiu.net\/wordpress\/wp-content\/uploads\/2023\/07\/GIANNI-IL-PONTE-DI-LANTRAGO-RIAPRE-MERCOLEDI.mp3<\/a><\/audio>\n\n\t\t\t<style type='text\/css'>\n\t\t\t\t#gallery-1 {\n\t\t\t\t\tmargin: auto;\n\t\t\t\t}\n\t\t\t\t#gallery-1 .gallery-item {\n\t\t\t\t\tfloat: left;\n\t\t\t\t\tmargin-top: 10px;\n\t\t\t\t\ttext-align: center;\n\t\t\t\t\twidth: 50%;\n\t\t\t\t}\n\t\t\t\t#gallery-1 img {\n\t\t\t\t\tborder: 2px solid #cfcfcf;\n\t\t\t\t}\n\t\t\t\t#gallery-1 .gallery-caption {\n\t\t\t\t\tmargin-left: 0;\n\t\t\t\t}\n\t\t\t\t\/* see gallery_shortcode() in wp-includes\/media.php *\/\n\t\t\t<\/style>\n\t\t<div id='gallery-1' class='dt-gallery-container gallery galleryid-343231 gallery-columns-2 gallery-size-medium'><dl class='gallery-item'>\n\t\t\t\t<dt class='gallery-icon landscape'>\n\t\t\t\t\t<a class=\"rollover rollover-zoom dt-pswp-item\" title=\"LANTRAGO 1\" data-dt-img-description=\"\" data-large_image_width=\"2048\" data-large_image_height=\"1536\"href='https:\/\/www.radiopiu.net\/wordpress\/wp-content\/uploads\/2023\/07\/LANTRAGO-1.jpg'><img loading=\"lazy\" decoding=\"async\" width=\"300\" height=\"225\" src=\"https:\/\/www.radiopiu.net\/wordpress\/wp-content\/uploads\/2023\/07\/LANTRAGO-1-300x225.jpg\" class=\"attachment-medium size-medium\" alt=\"\" srcset=\"https:\/\/www.radiopiu.net\/wordpress\/wp-content\/uploads\/2023\/07\/LANTRAGO-1-300x225.jpg 300w, https:\/\/www.radiopiu.net\/wordpress\/wp-content\/uploads\/2023\/07\/LANTRAGO-1-1024x768.jpg 1024w, https:\/\/www.radiopiu.net\/wordpress\/wp-content\/uploads\/2023\/07\/LANTRAGO-1-768x576.jpg 768w, https:\/\/www.radiopiu.net\/wordpress\/wp-content\/uploads\/2023\/07\/LANTRAGO-1-1536x1152.jpg 1536w, https:\/\/www.radiopiu.net\/wordpress\/wp-content\/uploads\/2023\/07\/LANTRAGO-1.jpg 2048w\" sizes=\"auto, (max-width: 300px) 100vw, 300px\" \/><\/a>\n\t\t\t\t<\/dt><\/dl><dl class='gallery-item'>\n\t\t\t\t<dt class='gallery-icon landscape'>\n\t\t\t\t\t<a class=\"rollover rollover-zoom dt-pswp-item\" title=\"LANTRAGO 2\" data-dt-img-description=\"\" data-large_image_width=\"2016\" data-large_image_height=\"1512\"href='https:\/\/www.radiopiu.net\/wordpress\/wp-content\/uploads\/2023\/07\/LANTRAGO-2.jpg'><img loading=\"lazy\" decoding=\"async\" width=\"300\" height=\"225\" src=\"https:\/\/www.radiopiu.net\/wordpress\/wp-content\/uploads\/2023\/07\/LANTRAGO-2-300x225.jpg\" class=\"attachment-medium size-medium\" alt=\"\" srcset=\"https:\/\/www.radiopiu.net\/wordpress\/wp-content\/uploads\/2023\/07\/LANTRAGO-2-300x225.jpg 300w, https:\/\/www.radiopiu.net\/wordpress\/wp-content\/uploads\/2023\/07\/LANTRAGO-2-1024x768.jpg 1024w, https:\/\/www.radiopiu.net\/wordpress\/wp-content\/uploads\/2023\/07\/LANTRAGO-2-768x576.jpg 768w, https:\/\/www.radiopiu.net\/wordpress\/wp-content\/uploads\/2023\/07\/LANTRAGO-2-1536x1152.jpg 1536w, https:\/\/www.radiopiu.net\/wordpress\/wp-content\/uploads\/2023\/07\/LANTRAGO-2.jpg 2016w\" sizes=\"auto, (max-width: 300px) 100vw, 300px\" \/><\/a>\n\t\t\t\t<\/dt><\/dl><br style=\"clear: both\" \/>\n\t\t\t<\/div>\n\n<p>&nbsp;<\/p>\n<hr \/>\n<p>&nbsp;<\/p>\n<blockquote>\n<h3>OGGI ANGELIKA HUTTER DAVANTI AL GIUDICE PER LE INDAGINI PRELIMINARI<\/h3>\n<\/blockquote>\n<p><strong>BELLUNO\u00a0<\/strong> Dopo le prime quattro notti in carcere alla Giudecca di Venezia, \u00a0Angelika Hutter,\u00a0 la 31enne tedesca indagata per omicidio stradale plurimo alle 9.30\u00a0 comparir\u00e0 per\u00a0 l&#8217;udienza di convalida dell&#8217;arresto, che \u00e8 stata fissata nella casa circondariale bellunese di Baldenich, davanti al gip Elisabetta Scolozzi e al pubblico ministero titolare dell&#8217;inchiesta Simone Marcon. che hieder\u00e0 per lei la conferma della custodia cautelare in carcere, anche per il pericolo concreto di fuga.\u00a0 Oggi si sapr\u00e0 se la Procura di Belluno metter\u00e0 a disposizione della famiglia le tre salme o se disporr\u00e0 l&#8217;autopsia. Comunque vada il rito funebre si svolger\u00e0 nel fine settimana. A Santo Stefano, oggi lutto cittadino Uffici chiusi, spostato il mercato<\/p>\n<p><strong>LE VITTIME: Marco Antoniello, Mattia, Maria Grazia Zuin.<\/strong><\/p>\n<p><a class=\"dt-pswp-item\" href=\"https:\/\/www.radiopiu.net\/wordpress\/wp-content\/uploads\/2023\/07\/Senza-nome-9.png\" data-dt-img-description=\"\" data-large_image_width=\"746\" data-large_image_height=\"336\"><img loading=\"lazy\" decoding=\"async\" class=\"alignnone size-medium wp-image-343399\" src=\"https:\/\/www.radiopiu.net\/wordpress\/wp-content\/uploads\/2023\/07\/Senza-nome-9-300x135.png\" alt=\"\" width=\"300\" height=\"135\" srcset=\"https:\/\/www.radiopiu.net\/wordpress\/wp-content\/uploads\/2023\/07\/Senza-nome-9-300x135.png 300w, https:\/\/www.radiopiu.net\/wordpress\/wp-content\/uploads\/2023\/07\/Senza-nome-9.png 746w\" sizes=\"auto, (max-width: 300px) 100vw, 300px\" \/><\/a><\/p>\n<p>&nbsp;<\/p>\n<p>&nbsp;<\/p>\n<hr \/>\n<p>&nbsp;<\/p>\n<blockquote>\n<h3 class=\"entry-title\"><\/h3>\n<\/blockquote>\n<p>&nbsp;<\/p>\n<p>&nbsp;<\/p>\n<hr \/>\n<p>&nbsp;<\/p>\n<blockquote>\n<h3>CIAO BUBA&#8230;SE N&#8217;E&#8217; ANDATO URBANO ALFIERI<\/h3>\n<\/blockquote>\n<p><strong><a class=\"dt-pswp-item\" href=\"https:\/\/www.radiopiu.net\/wordpress\/wp-content\/uploads\/2023\/07\/SCR-20230709-mgrs.png\" data-dt-img-description=\"\" data-large_image_width=\"398\" data-large_image_height=\"260\"><img loading=\"lazy\" decoding=\"async\" class=\" wp-image-343343 alignleft\" src=\"https:\/\/www.radiopiu.net\/wordpress\/wp-content\/uploads\/2023\/07\/SCR-20230709-mgrs-300x196.png\" alt=\"\" width=\"145\" height=\"95\" srcset=\"https:\/\/www.radiopiu.net\/wordpress\/wp-content\/uploads\/2023\/07\/SCR-20230709-mgrs-300x196.png 300w, https:\/\/www.radiopiu.net\/wordpress\/wp-content\/uploads\/2023\/07\/SCR-20230709-mgrs.png 398w\" sizes=\"auto, (max-width: 145px) 100vw, 145px\" \/><\/a>AGORDO<\/strong> Lutto ad Agordo per la scomparsa di Urbano Alfieri, da tutti conosciuto come Buba. Urbano erano molto conosciuto in paese. Aveva 59 anni, lavorava in Luxottica e tra le sue passioni c&#8217;era il tennis. \u00c8 morto all&#8217;ospedale San Martino di Belluno. Lascia la mamma Vittoria, i fratelli, la cognata, i cognati, i nipoti, il pronipote con amici e parenti tutti. La cerimonia funebre si svolger\u00e0 oggi nella chiesa Arcidiaconale di Agordo alle 14:30. La famiglia chiede di non fare omaggi floreali ma eventuali offerte all&#8217;AIRC.<\/p>\n<p>&nbsp;<\/p>\n<p>&nbsp;<\/p>\n<hr \/>\n<p>&nbsp;<\/p>\n<blockquote>\n<h3>MUORE A 51 ANNI MICHELE DE LORENZO, CONOSCIUTO COME DJ ENERGY<\/h3>\n<\/blockquote>\n<p><strong><a class=\"dt-pswp-item\" href=\"https:\/\/www.radiopiu.net\/wordpress\/wp-content\/uploads\/2023\/07\/SCR-20230709-mcbc.png\" data-dt-img-description=\"\" data-large_image_width=\"738\" data-large_image_height=\"492\"><img loading=\"lazy\" decoding=\"async\" class=\" wp-image-343338 alignleft\" src=\"https:\/\/www.radiopiu.net\/wordpress\/wp-content\/uploads\/2023\/07\/SCR-20230709-mcbc-300x200.png\" alt=\"\" width=\"158\" height=\"105\" srcset=\"https:\/\/www.radiopiu.net\/wordpress\/wp-content\/uploads\/2023\/07\/SCR-20230709-mcbc-300x200.png 300w, https:\/\/www.radiopiu.net\/wordpress\/wp-content\/uploads\/2023\/07\/SCR-20230709-mcbc.png 738w\" sizes=\"auto, (max-width: 158px) 100vw, 158px\" \/><\/a>REDAZIONE<\/strong> Michele De Lorenzo, noto come dj Energy, \u00e8 deceduto nel reparto di\u00a0 Oncologia dell&#8217;ospedale San Martino di Belluno, due anni dopo la morte del figlio. Il 51enne di Gron di Sospirolo aveva perso il figlio Luciano durante un&#8217;uscita in bicicletta.\u00a0 Lascia una figlia e la madre. I funerali si terranno domani alle 10:30 nella chiesa parrocchiale di Gron.<\/p>\n<p>&nbsp;<\/p>\n<p>&nbsp;<\/p>\n<hr \/>\n<p>&nbsp;<\/p>\n<blockquote>\n<h3>COMELICO SUPERIORE: FUGA DI GAS, ESPLODE IL VANO CUCINA<\/h3>\n<\/blockquote>\n<p><strong><a class=\"dt-pswp-item\" href=\"https:\/\/www.radiopiu.net\/wordpress\/wp-content\/uploads\/2023\/07\/40927ad0-69a9-49c5-9831-d18087943df7.jpg\" data-dt-img-description=\"\" data-large_image_width=\"961\" data-large_image_height=\"1233\"><img loading=\"lazy\" decoding=\"async\" class=\" wp-image-343263 alignleft\" src=\"https:\/\/www.radiopiu.net\/wordpress\/wp-content\/uploads\/2023\/07\/40927ad0-69a9-49c5-9831-d18087943df7-234x300.jpg\" alt=\"\" width=\"128\" height=\"164\" srcset=\"https:\/\/www.radiopiu.net\/wordpress\/wp-content\/uploads\/2023\/07\/40927ad0-69a9-49c5-9831-d18087943df7-234x300.jpg 234w, https:\/\/www.radiopiu.net\/wordpress\/wp-content\/uploads\/2023\/07\/40927ad0-69a9-49c5-9831-d18087943df7-798x1024.jpg 798w, https:\/\/www.radiopiu.net\/wordpress\/wp-content\/uploads\/2023\/07\/40927ad0-69a9-49c5-9831-d18087943df7-768x985.jpg 768w, https:\/\/www.radiopiu.net\/wordpress\/wp-content\/uploads\/2023\/07\/40927ad0-69a9-49c5-9831-d18087943df7.jpg 961w\" sizes=\"auto, (max-width: 128px) 100vw, 128px\" \/><\/a> <\/strong><\/p>\n<p><strong>\u00a0<\/strong><\/p>\n<p><strong>COMELICO SUPERIORE<\/strong> Poco prima delle 8 di sabato, i Vigili del Fuoco sono intervenuti in Via Tortoi a Comelico Superiore per un\u2019esplosione avvenuta all\u2019interno di un vano cucina per una perdita di gas GPL: nessuna persona \u00e8 rimasta ferita. I pompieri arrivati dal distaccamento di Santo Stefano con tre automezzi, hanno effettuato un sopralluogo dell\u2019abitazione disposta su pi\u00f9 livelli per valutare i danni e la sicurezza della struttura. Sul posto anche i carabinieri e un\u2019ambulanza a scopo cautelativo.<\/p>\n<p>&nbsp;<\/p>\n<p>&nbsp;<\/p>\n<hr \/>\n<p>&nbsp;<\/p>\n<blockquote>\n<h3>RUZZOLA LUNGO UN PENDIO SUL MONTE GRAPPA<\/h3>\n<\/blockquote>\n<p><strong><a class=\"dt-pswp-item\" href=\"https:\/\/www.radiopiu.net\/wordpress\/wp-content\/uploads\/2023\/07\/Watermark_20230708_121700_102.jpg\" data-dt-img-description=\"\" data-large_image_width=\"1773\" data-large_image_height=\"2364\"><img loading=\"lazy\" decoding=\"async\" class=\" wp-image-343247 alignleft\" src=\"https:\/\/www.radiopiu.net\/wordpress\/wp-content\/uploads\/2023\/07\/Watermark_20230708_121700_102-225x300.jpg\" alt=\"\" width=\"126\" height=\"168\" srcset=\"https:\/\/www.radiopiu.net\/wordpress\/wp-content\/uploads\/2023\/07\/Watermark_20230708_121700_102-225x300.jpg 225w, https:\/\/www.radiopiu.net\/wordpress\/wp-content\/uploads\/2023\/07\/Watermark_20230708_121700_102-768x1024.jpg 768w, https:\/\/www.radiopiu.net\/wordpress\/wp-content\/uploads\/2023\/07\/Watermark_20230708_121700_102-1152x1536.jpg 1152w, https:\/\/www.radiopiu.net\/wordpress\/wp-content\/uploads\/2023\/07\/Watermark_20230708_121700_102-1536x2048.jpg 1536w, https:\/\/www.radiopiu.net\/wordpress\/wp-content\/uploads\/2023\/07\/Watermark_20230708_121700_102.jpg 1773w\" sizes=\"auto, (max-width: 126px) 100vw, 126px\" \/><\/a>QUERO VAS <\/strong>Sabato mattina verso le 6.15 il Soccorso alpino di Feltre \u00e8 stato allertato dalla Centrale del Suem per un uomo ruzzolato lungo un pendio nel bosco, non distante da Malga Sassum\u00e0, sul Monte Grappa. Il 73enne di Quero &#8211; Vas (BL) stava osservando animali con un binocolo assieme a un amico, quando \u00e8 scivolato dal pulpito dove si trovavano fermandosi addosso alle piante una trentina di metri pi\u00f9 in basso. L&#8217;elicottero di Trento emergenza ha imbarcato 3 soccorritori in piazzola a Feltre, per poi dirigersi sul luogo dell&#8217;incidente. Sbarcati nelle vicinanze con tecnico di elisoccorso ed equipe medica, la squadra ha raggiunto l&#8217;infortunato che era cosciente, ma aveva riportato un probabile politrauma. Prestate le prime cure, l&#8217;uomo \u00e8 stato imbarellato e sollevato verso l&#8217;alto per contrappeso. Recuperato con un verricello, \u00e8 stato poi trasportato all&#8217;ospedale di Trento.<\/p>\n<p>&nbsp;<\/p>\n<p>&nbsp;<\/p>\n<hr \/>\n<p>&nbsp;<\/p>\n<blockquote>\n<h3>CRISI DI PANICO SULL&#8217;AGNER, RECUPERATI DUE ALPINISTI<\/h3>\n<\/blockquote>\n<p><strong>TAIBON<\/strong> Attorno alle 14 di sabato l&#8217;elicottero del Suem di Pieve di Cadore \u00e8 volato ad Agordo, dove ha imbarcato un tecnico del Soccorso alpino in supporto all&#8217;equipaggio diretto sull&#8217;Agner, dove un alpinista era bloccato da una crisi di panico. Il 35enne austriaco si trovava fermo in sosta assieme a un connazionale coetaneo sul 13\u00b0 tiro dello Spigolo nord e non era pi\u00f9 in grado di muoversi. Individuati durante il sorvolo, entrambi i rocciatori sono stati recuperati uno alla volta dal tecnico di elisoccorso, calato con un verricello di una quarantina di metri. Trasportato in piazzola, dopo che le sue condizioni di salute sono state valutate dal medico di bordo, l&#8217;alpinista \u00e8 stato affidato al personale del Soccorso alpino di Agordo.<\/p>\n<div style=\"width: 848px;\" class=\"wp-video\"><video class=\"wp-video-shortcode\" id=\"video-343231-1\" width=\"848\" height=\"480\" preload=\"metadata\" controls=\"controls\"><source type=\"video\/mp4\" src=\"https:\/\/www.radiopiu.net\/wordpress\/wp-content\/uploads\/2023\/07\/WhatsApp-Video-2023-07-08-at-16.13.33.mp4?_=1\" \/><a href=\"https:\/\/www.radiopiu.net\/wordpress\/wp-content\/uploads\/2023\/07\/WhatsApp-Video-2023-07-08-at-16.13.33.mp4\">https:\/\/www.radiopiu.net\/wordpress\/wp-content\/uploads\/2023\/07\/WhatsApp-Video-2023-07-08-at-16.13.33.mp4<\/a><\/video><\/div>\n<p>&nbsp;<\/p>\n<hr \/>\n<p>&nbsp;<\/p>\n<blockquote>\n<h3>RECUPERATE ESCURSIONISTE IN DIFFICOLTA&#8217;<\/h3>\n<\/blockquote>\n<p><strong>CANALE D&#8217;AGORDO<\/strong> Due escursioniste di 26 anni, una inglese e un&#8217;irlandese, hanno richiesto aiuto sulle Pale di San Martino. Dopo un sopralluogo aereo, l&#8217;elicottero del Suem di Pieve di Cadore ha individuato le ragazze. Un tecnico di elisoccorso \u00e8 stato sbarcato per assistere le escursioniste, mentre un altro tecnico \u00e8 stato prelevato a valle. Le ragazze sono state spostate in un punto pi\u00f9 accessibile per l&#8217;imbarco e poi caricate sull&#8217;elicottero, che le ha riportate in sicurezza a valle.<\/p>\n<p>&nbsp;<\/p>\n<p>&nbsp;<\/p>\n<hr \/>\n<p>&nbsp;<\/p>\n<blockquote>\n<h3>UNA DOMENICA IMPEGNATIVA PER IL SOCCORSO ALPINO<\/h3>\n<\/blockquote>\n<p><strong>LOZZO DI CADORE <\/strong>Ieri verso le 11 una squadra del Soccorso alpino del Centro Cadore \u00e8 salita in fuoristrada al parcheggio di Pian dei Buoi, a Lozzo di Cadore, dove un 87enne di Farra di Soligo (TV) era caduto sbattendo la testa. L&#8217;anziano \u00e8 stato accompagnato all&#8217;ospedale di Pieve di Cadore.<\/p>\n<p><strong>CORTINA <\/strong>Una squadra del Soccorso alpino di Auronzo e della Guardia di finanza \u00e8 intervenuta sulla strada tra il Rifugio Auronzo e il Lavaredo, poich\u00e9 una 50enne di Mirandola (MO) si era fatta male a una gamba e a un polso. La donna \u00e8 stata trasportata a Misurina e affidata all&#8217;ambulanza della Croce Bianca di Cortina.<\/p>\n<p><strong>CORTINA<\/strong>L&#8217;elicottero del Suem di Pieve di Cadore \u00e8 stato inviato sul Cristallo dove un escursionista era ruzzolato una quindicina di metri lungo il canale Staunies, la chiamata fatta dal figlio che era con lui. Valutate le sue condizioni a seguito delle botte riportate nella caduta, il 60enne di Schio (VI) e stato issato a bordo con il verricello per essere accompagnato al Codivilla. Il figlio \u00e8 rientrato in autonomia.<\/p>\n<p><strong>ROCCA PIETORE <\/strong>Leliambulanza \u00e8 volata a Forcella Ombretta, Rocca Pietore, per un&#8217;escursionista che non riusciva pi\u00f9 a muovere le gambe per forti dolori dovuti ai crampi. Sbarcato in hovering, il tecnico di elisoccorso ha aiutato la 58enne di Colle Santa Lucia (BL) a spostarsi in un punto pi\u00f9 agevole per il recupero e ha fatto salire lei e il marito. La coppia \u00e8 stata lasciata a Malga Ciapela.<\/p>\n<p><strong><a class=\"dt-pswp-item\" href=\"https:\/\/www.radiopiu.net\/wordpress\/wp-content\/uploads\/2023\/07\/Watermark_20230709_194225_218.jpg\" data-dt-img-description=\"\" data-large_image_width=\"2364\" data-large_image_height=\"1773\"><img loading=\"lazy\" decoding=\"async\" class=\" wp-image-343378 alignleft\" src=\"https:\/\/www.radiopiu.net\/wordpress\/wp-content\/uploads\/2023\/07\/Watermark_20230709_194225_218-300x225.jpg\" alt=\"\" width=\"187\" height=\"140\" srcset=\"https:\/\/www.radiopiu.net\/wordpress\/wp-content\/uploads\/2023\/07\/Watermark_20230709_194225_218-300x225.jpg 300w, https:\/\/www.radiopiu.net\/wordpress\/wp-content\/uploads\/2023\/07\/Watermark_20230709_194225_218-1024x768.jpg 1024w, https:\/\/www.radiopiu.net\/wordpress\/wp-content\/uploads\/2023\/07\/Watermark_20230709_194225_218-768x576.jpg 768w, https:\/\/www.radiopiu.net\/wordpress\/wp-content\/uploads\/2023\/07\/Watermark_20230709_194225_218-1536x1152.jpg 1536w, https:\/\/www.radiopiu.net\/wordpress\/wp-content\/uploads\/2023\/07\/Watermark_20230709_194225_218-2048x1536.jpg 2048w\" sizes=\"auto, (max-width: 187px) 100vw, 187px\" \/><\/a>CHIES D&#8217;ALPAGO <\/strong>Alle 15.30 circa l&#8217;elicottero del Suem di Pieve di Cadore \u00e8 intervenuto sul Monte Venal, a Chies d&#8217;Alpago, per un parapendio precipitato. Una volta individuato dell&#8217;equipaggio, il pilota, un 44enne di Gatteo a Mare (FC), fermo sul pendio erboso con un probabile trauma al ginocchio, \u00e8 stato recuperato dal tecnico di elisoccorso con un verricello di 20 metri e trasportato a Belluno.<\/p>\n<p><strong>CORTINA <\/strong>Di seguito l&#8217;eliambulanza \u00e8 volata in Tofana a Cortina, dove un alpinista di 48 anni di Cavarzere (VE) era bloccato sul 12\u00b0 tiro della via E\u00f6tv\u00f6s &#8211; Dimai. L&#8217;alpinista \u00e8 stato recuperato con un verricello di 60 metri.<\/p>\n<p><strong>COMELICO SUPERIORE <\/strong>Il Soccorso alpino della Val Comelico \u00e8 invece andata in aiuto di un escursionista che si sentiva poco bene. Il 25enne di Dolo (VE), che stava percorrendo con un&#8217;altra persona un sentiero sotto il Rifugio Lunelli, Comelico Superiore, \u00e8 stato raggiunto dai soccorritori e accompagnato alla sua macchina.<\/p>\n<p>&nbsp;<\/p>\n<p>&nbsp;<\/p>\n<hr \/>\n<p>&nbsp;<\/p>\n<blockquote>\n<h3>PULLMAN IN FIAMME SULLA A 27<\/h3>\n<\/blockquote>\n<p><strong>REDAZIONE<\/strong> Pullman in fiamme sulla A27 tra Fadalto e Vittorio Veneto Nord sulla corsia che scende verso Venezia. Ieri sera alle 22, fortunatamente nessun ferito. Il pullman aveva a bordo solo l&#8217;autista che \u00e8 uscito prima che il mezzo venisse avvolto dalla fiamme.\u00a0 Si \u00e8 formata una lunga coda nelle ore del rientro in direzione di Venezia, tra i caselli di\u00a0Fadalto\u00a0e\u00a0Vittorio Veneto Nord e quindi in territorio vittoriese. L\u2019autista si era accorto che qualcosa non andava quando ha visto del\u00a0fumo\u00a0uscire\u00a0dal motore\u00a0del mezzo. Sul posto sono immediatamente intervenuti i\u00a0Vigili del fuoco, che hanno messo in sicurezza il luogo dell\u2019incendio. Durante tutte le operazioni si sono create\u00a0lunghe code. Poco dopo le 23, il gestore Autostrade per l\u2019Italia segnalava\u00a03 chilometri\u00a0di incolonnamenti tra Fadalto e Vittorio Veneto Nord \u201cper veicolo in fiamme\u201d. Poco dopo la mezzanotte, la coda in direzione sud si era ridotta a circa\u00a0un chilometro.<\/p>\n<p>&nbsp;<\/p>\n<div style=\"width: 848px;\" class=\"wp-video\"><video class=\"wp-video-shortcode\" id=\"video-343231-2\" width=\"848\" height=\"480\" preload=\"metadata\" controls=\"controls\"><source type=\"video\/mp4\" src=\"https:\/\/www.radiopiu.net\/wordpress\/wp-content\/uploads\/2023\/07\/WhatsApp-Video-2023-07-09-at-22.32.51.mp4?_=2\" \/><a href=\"https:\/\/www.radiopiu.net\/wordpress\/wp-content\/uploads\/2023\/07\/WhatsApp-Video-2023-07-09-at-22.32.51.mp4\">https:\/\/www.radiopiu.net\/wordpress\/wp-content\/uploads\/2023\/07\/WhatsApp-Video-2023-07-09-at-22.32.51.mp4<\/a><\/video><\/div>\n<p>&nbsp;<\/p>\n<p>&nbsp;<\/p>\n<hr \/>\n<p>&nbsp;<\/p>\n<blockquote>\n<h3>DICHIARATO STATO DI ALLARME CLIMATICO PER DISAGIO FISICO OGGI E DOMANI IN TUTTO IL VENETO<\/h3>\n<\/blockquote>\n<p><strong><a class=\"dt-pswp-item\" href=\"https:\/\/www.radiopiu.net\/wordpress\/wp-content\/uploads\/2022\/07\/CALDO.png\" data-dt-img-description=\"\" data-large_image_width=\"1618\" data-large_image_height=\"1020\"><img loading=\"lazy\" decoding=\"async\" class=\" wp-image-284864 alignleft\" src=\"https:\/\/www.radiopiu.net\/wordpress\/wp-content\/uploads\/2022\/07\/CALDO-300x189.png\" alt=\"\" width=\"179\" height=\"113\" srcset=\"https:\/\/www.radiopiu.net\/wordpress\/wp-content\/uploads\/2022\/07\/CALDO-300x189.png 300w, https:\/\/www.radiopiu.net\/wordpress\/wp-content\/uploads\/2022\/07\/CALDO-1024x646.png 1024w, https:\/\/www.radiopiu.net\/wordpress\/wp-content\/uploads\/2022\/07\/CALDO-768x484.png 768w, https:\/\/www.radiopiu.net\/wordpress\/wp-content\/uploads\/2022\/07\/CALDO-1536x968.png 1536w, https:\/\/www.radiopiu.net\/wordpress\/wp-content\/uploads\/2022\/07\/CALDO.png 1618w\" sizes=\"auto, (max-width: 179px) 100vw, 179px\" \/><\/a>VENEZIA <\/strong>La Protezione Civile del Veneto, preso atto delle previsioni contenute nel Bollettino del Disagio Fisico e della Qualit\u00e0 dell\u2019Aria per la Regione del Veneto emesso da ARPAV &#8211; Dipartimento Regionale Sicurezza del Territorio \u2013 U.O. Meteorologia e Climatologia, sulla base delle condizioni meteo, ha dichiarato lo stato di allarme climatico per disagio fisico per le zone Costiera, Pianeggiante Continentale, Pedemontana e Montana del Veneto oggi e domani. Si ricorda che per segnalazioni e informazioni di ambito socio-sanitario \u00e8 attivo il seguente numero verde 800 535 535 realizzato con la collaborazione del Servizio Telesoccorso e Telecontrollo. Per segnalazioni di eventuali emergenze di Protezione Civile \u00e8 attivo il numero verde 800 990 009.<\/p>\n<p>&nbsp;<\/p>\n<p>&nbsp;<\/p>\n<hr \/>\n<p>&nbsp;<\/p>\n<blockquote>\n<h3>I VIGILI DEL FUOCO DI BELLUNO SALVANO UNA FAMIGLIA DI SEI ANATROCCOLI<\/h3>\n<\/blockquote>\n<p><strong>BELLUNO<\/strong> Una famiglia di sei anatroccoli finiti in un pozzetto sono stati salvati dai Vigili del Fuoco e liberati in un torrente. \u00c8 accaduto sabato sera vicino al palasport di Belluno poco prima delle 20, dopo la richiesta arrivata da parte dei Carabinieri a loro volta allertati da alcuni cittadini. Gli anatroccoli finiti nel pozzetto sono stati recuperati dai componenti della squadra, i quali constatato il loro buono stato, sentito il veterinario, hanno liberato i pulcini in un tratto d&#8217;acqua tranquillo del vicino torrente Ardo. La mamma degli anatroccoli \u00e8 volata pi\u00f9 volta sopra i soccorritori.<\/p>\n\n\t\t\t<style type='text\/css'>\n\t\t\t\t#gallery-2 {\n\t\t\t\t\tmargin: auto;\n\t\t\t\t}\n\t\t\t\t#gallery-2 .gallery-item {\n\t\t\t\t\tfloat: left;\n\t\t\t\t\tmargin-top: 10px;\n\t\t\t\t\ttext-align: center;\n\t\t\t\t\twidth: 33%;\n\t\t\t\t}\n\t\t\t\t#gallery-2 img {\n\t\t\t\t\tborder: 2px solid #cfcfcf;\n\t\t\t\t}\n\t\t\t\t#gallery-2 .gallery-caption {\n\t\t\t\t\tmargin-left: 0;\n\t\t\t\t}\n\t\t\t\t\/* see gallery_shortcode() in wp-includes\/media.php *\/\n\t\t\t<\/style>\n\t\t<div id='gallery-2' class='dt-gallery-container gallery galleryid-343231 gallery-columns-3 gallery-size-medium'><dl class='gallery-item'>\n\t\t\t\t<dt class='gallery-icon landscape'>\n\t\t\t\t\t<a class=\"rollover rollover-zoom dt-pswp-item\" title=\"6886c4fe-1117-44ae-af83-a4c6da6dfa59\" data-dt-img-description=\"\" data-large_image_width=\"1059\" data-large_image_height=\"700\"href='https:\/\/www.radiopiu.net\/wordpress\/wp-content\/uploads\/2023\/07\/6886c4fe-1117-44ae-af83-a4c6da6dfa59.jpg'><img loading=\"lazy\" decoding=\"async\" width=\"300\" height=\"198\" src=\"https:\/\/www.radiopiu.net\/wordpress\/wp-content\/uploads\/2023\/07\/6886c4fe-1117-44ae-af83-a4c6da6dfa59-300x198.jpg\" class=\"attachment-medium size-medium\" alt=\"\" srcset=\"https:\/\/www.radiopiu.net\/wordpress\/wp-content\/uploads\/2023\/07\/6886c4fe-1117-44ae-af83-a4c6da6dfa59-300x198.jpg 300w, https:\/\/www.radiopiu.net\/wordpress\/wp-content\/uploads\/2023\/07\/6886c4fe-1117-44ae-af83-a4c6da6dfa59-1024x677.jpg 1024w, https:\/\/www.radiopiu.net\/wordpress\/wp-content\/uploads\/2023\/07\/6886c4fe-1117-44ae-af83-a4c6da6dfa59-768x508.jpg 768w, https:\/\/www.radiopiu.net\/wordpress\/wp-content\/uploads\/2023\/07\/6886c4fe-1117-44ae-af83-a4c6da6dfa59.jpg 1059w\" sizes=\"auto, (max-width: 300px) 100vw, 300px\" \/><\/a>\n\t\t\t\t<\/dt><\/dl><dl class='gallery-item'>\n\t\t\t\t<dt class='gallery-icon landscape'>\n\t\t\t\t\t<a class=\"rollover rollover-zoom dt-pswp-item\" title=\"5b3caba3-ae28-4626-a691-d34e0c5ba7fd-1\" data-dt-img-description=\"\" data-large_image_width=\"1600\" data-large_image_height=\"1040\"href='https:\/\/www.radiopiu.net\/wordpress\/wp-content\/uploads\/2023\/07\/5b3caba3-ae28-4626-a691-d34e0c5ba7fd-1.jpg'><img loading=\"lazy\" decoding=\"async\" width=\"300\" height=\"195\" src=\"https:\/\/www.radiopiu.net\/wordpress\/wp-content\/uploads\/2023\/07\/5b3caba3-ae28-4626-a691-d34e0c5ba7fd-1-300x195.jpg\" class=\"attachment-medium size-medium\" alt=\"\" srcset=\"https:\/\/www.radiopiu.net\/wordpress\/wp-content\/uploads\/2023\/07\/5b3caba3-ae28-4626-a691-d34e0c5ba7fd-1-300x195.jpg 300w, https:\/\/www.radiopiu.net\/wordpress\/wp-content\/uploads\/2023\/07\/5b3caba3-ae28-4626-a691-d34e0c5ba7fd-1-1024x666.jpg 1024w, https:\/\/www.radiopiu.net\/wordpress\/wp-content\/uploads\/2023\/07\/5b3caba3-ae28-4626-a691-d34e0c5ba7fd-1-768x499.jpg 768w, https:\/\/www.radiopiu.net\/wordpress\/wp-content\/uploads\/2023\/07\/5b3caba3-ae28-4626-a691-d34e0c5ba7fd-1-1536x998.jpg 1536w, https:\/\/www.radiopiu.net\/wordpress\/wp-content\/uploads\/2023\/07\/5b3caba3-ae28-4626-a691-d34e0c5ba7fd-1.jpg 1600w\" sizes=\"auto, (max-width: 300px) 100vw, 300px\" \/><\/a>\n\t\t\t\t<\/dt><\/dl><dl class='gallery-item'>\n\t\t\t\t<dt class='gallery-icon landscape'>\n\t\t\t\t\t<a class=\"rollover rollover-zoom dt-pswp-item\" title=\"33420942-d43a-49ae-a829-f9f9e2c4d668\" data-dt-img-description=\"\" data-large_image_width=\"789\" data-large_image_height=\"480\"href='https:\/\/www.radiopiu.net\/wordpress\/wp-content\/uploads\/2023\/07\/33420942-d43a-49ae-a829-f9f9e2c4d668.jpg'><img loading=\"lazy\" decoding=\"async\" width=\"300\" height=\"183\" src=\"https:\/\/www.radiopiu.net\/wordpress\/wp-content\/uploads\/2023\/07\/33420942-d43a-49ae-a829-f9f9e2c4d668-300x183.jpg\" class=\"attachment-medium size-medium\" alt=\"\" srcset=\"https:\/\/www.radiopiu.net\/wordpress\/wp-content\/uploads\/2023\/07\/33420942-d43a-49ae-a829-f9f9e2c4d668-300x183.jpg 300w, https:\/\/www.radiopiu.net\/wordpress\/wp-content\/uploads\/2023\/07\/33420942-d43a-49ae-a829-f9f9e2c4d668-768x467.jpg 768w, https:\/\/www.radiopiu.net\/wordpress\/wp-content\/uploads\/2023\/07\/33420942-d43a-49ae-a829-f9f9e2c4d668.jpg 789w\" sizes=\"auto, (max-width: 300px) 100vw, 300px\" \/><\/a>\n\t\t\t\t<\/dt><\/dl><br style=\"clear: both\" \/>\n\t\t\t<\/div>\n\n<p>&nbsp;<\/p>\n<div style=\"width: 848px;\" class=\"wp-video\"><video class=\"wp-video-shortcode\" id=\"video-343231-3\" width=\"848\" height=\"480\" preload=\"metadata\" controls=\"controls\"><source type=\"video\/mp4\" src=\"https:\/\/www.radiopiu.net\/wordpress\/wp-content\/uploads\/2023\/07\/WhatsApp-Video-2023-07-09-at-10.30.33.mp4?_=3\" \/><a href=\"https:\/\/www.radiopiu.net\/wordpress\/wp-content\/uploads\/2023\/07\/WhatsApp-Video-2023-07-09-at-10.30.33.mp4\">https:\/\/www.radiopiu.net\/wordpress\/wp-content\/uploads\/2023\/07\/WhatsApp-Video-2023-07-09-at-10.30.33.mp4<\/a><\/video><\/div>\n<p>&nbsp;<\/p>\n<hr \/>\n<p>&nbsp;<\/p>\n<blockquote>\n<h3>NASCE IL GRUPPO DI ACQUISTO SOLIDALE TAMES<\/h3>\n<\/blockquote>\n<p><strong><a class=\"dt-pswp-item\" href=\"https:\/\/www.radiopiu.net\/wordpress\/wp-content\/uploads\/2023\/07\/GAS-AGORDINO.jpg\" data-dt-img-description=\"\" data-large_image_width=\"1600\" data-large_image_height=\"1200\"><img loading=\"lazy\" decoding=\"async\" class=\" wp-image-343284 alignleft\" src=\"https:\/\/www.radiopiu.net\/wordpress\/wp-content\/uploads\/2023\/07\/GAS-AGORDINO-300x225.jpg\" alt=\"\" width=\"165\" height=\"124\" srcset=\"https:\/\/www.radiopiu.net\/wordpress\/wp-content\/uploads\/2023\/07\/GAS-AGORDINO-300x225.jpg 300w, https:\/\/www.radiopiu.net\/wordpress\/wp-content\/uploads\/2023\/07\/GAS-AGORDINO-1024x768.jpg 1024w, https:\/\/www.radiopiu.net\/wordpress\/wp-content\/uploads\/2023\/07\/GAS-AGORDINO-768x576.jpg 768w, https:\/\/www.radiopiu.net\/wordpress\/wp-content\/uploads\/2023\/07\/GAS-AGORDINO-1536x1152.jpg 1536w, https:\/\/www.radiopiu.net\/wordpress\/wp-content\/uploads\/2023\/07\/GAS-AGORDINO.jpg 1600w\" sizes=\"auto, (max-width: 165px) 100vw, 165px\" \/><\/a>AGORDO<\/strong><\/p>\n<p>di Gianni Santomaso<\/p>\n<audio class=\"wp-audio-shortcode\" id=\"audio-343231-2\" preload=\"none\" style=\"width: 100%;\" controls=\"controls\"><source type=\"audio\/mpeg\" src=\"https:\/\/www.radiopiu.net\/wordpress\/wp-content\/uploads\/2023\/07\/GIANNI-NASCE-IL-GRUPPO-DI-ACQUISTO-SOLIDALE-TAMES.mp3?_=2\" \/><a href=\"https:\/\/www.radiopiu.net\/wordpress\/wp-content\/uploads\/2023\/07\/GIANNI-NASCE-IL-GRUPPO-DI-ACQUISTO-SOLIDALE-TAMES.mp3\">https:\/\/www.radiopiu.net\/wordpress\/wp-content\/uploads\/2023\/07\/GIANNI-NASCE-IL-GRUPPO-DI-ACQUISTO-SOLIDALE-TAMES.mp3<\/a><\/audio>\n<p>&nbsp;<\/p>\n<hr \/>\n<p>&nbsp;<\/p>\n<blockquote>\n<h3 class=\"entry-title\">DILLO A RADIO PIU\u2019\u2026IL POCO RISPETTO PER I PEDONI<\/h3>\n<\/blockquote>\n<p><strong>REDAZIONE\u00a0<\/strong>Riceviamo e pubblichiamo alcune considerazioni di una nostra ascoltatrice.<\/p>\n<p>Sono fortissime l\u2019emozione e la commozione per quanto accaduto appena qualche giorno fa a S. Stefano di Cadore, quando bimbo, padre e nonna sono stati investiti ed uccisi mentre camminavano sul marciapiede. Eppure\u2026Falcade. Sabato pomeriggio. C\u2019\u00e8 tanta gente in giro, il traffico \u00e8 intenso e lento. Sono in colonna con molti altri, quando, incredula, vedo una moto con passeggero che, per evitare la coda, sale sul marciapiede e ci supera a destra. Cosa si pu\u00f2 dire di fronte a tali criminali comportamenti? Nulla. E, comunque, a che servirebbe?<\/p>\n<p>Susy Dan &#8211; Falcade<\/p>\n<p>&nbsp;<\/p>\n<hr \/>\n<p>&nbsp;<\/p>\n<blockquote>\n<h3>DILLO A RADIO PIU&#8217;&#8230;LA MANCATA PRECEDENZA AI PEDONI<\/h3>\n<\/blockquote>\n<p><strong><a class=\"dt-pswp-item\" href=\"https:\/\/www.radiopiu.net\/wordpress\/wp-content\/uploads\/2021\/10\/CENCENIGHE-4.jpg\" data-dt-img-description=\"\" data-large_image_width=\"1920\" data-large_image_height=\"1080\"><img loading=\"lazy\" decoding=\"async\" class=\" wp-image-237925 alignleft\" src=\"https:\/\/www.radiopiu.net\/wordpress\/wp-content\/uploads\/2021\/10\/CENCENIGHE-4-300x169.jpg\" alt=\"\" width=\"188\" height=\"106\" srcset=\"https:\/\/www.radiopiu.net\/wordpress\/wp-content\/uploads\/2021\/10\/CENCENIGHE-4-300x169.jpg 300w, https:\/\/www.radiopiu.net\/wordpress\/wp-content\/uploads\/2021\/10\/CENCENIGHE-4-1024x576.jpg 1024w, https:\/\/www.radiopiu.net\/wordpress\/wp-content\/uploads\/2021\/10\/CENCENIGHE-4-768x432.jpg 768w, https:\/\/www.radiopiu.net\/wordpress\/wp-content\/uploads\/2021\/10\/CENCENIGHE-4-1536x864.jpg 1536w, https:\/\/www.radiopiu.net\/wordpress\/wp-content\/uploads\/2021\/10\/CENCENIGHE-4.jpg 1920w\" sizes=\"auto, (max-width: 188px) 100vw, 188px\" \/><\/a>REDAZIONE<\/strong> Riceviamo e pubblichiamo una lettera arrivata in redazione riguardo alle mancate precedenze ai pedoni sulle strisce pedonali e l&#8217;alta velocit\u00e0 delle auto che transitano in centro a Cencenighe sulla 203 Agordina.<\/p>\n<blockquote><p>Ieri in via Roma eravamo io e altri tre familiari messi davanti alle strisce aspettando ovviamente la precedenza non data da minimo 10 auto la macchina alla mia destra si ferm\u00f2 mentre la macchina di sinistra sfrecciando delinquentemente si accorse di noi solo all&#8217;ultimo secondo arrivando a 5 cm da noi prima di fermarsi e solo sentendoci urlare ha frenato. Se noi pedoni non ci accorgevamo forse \u00e8 dico forse\u00a0 noi 3 ragazzi eravamo salvi o avevamo la meno peggio perch\u00e9 con i riflessi pronti forse qualcosa potevamo fare ma la nonna 80enne se le vista proprio brutta. \u00c8 una cosa intollerabile che in un centro abitato si sfrecci a certe velocit\u00e0. E sta mania di non dare precedenza ai pedoni&#8230;.<\/p><\/blockquote>\n<p>&nbsp;<\/p>\n<p>&nbsp;<\/p>\n<hr \/>\n<p>&nbsp;<\/p>\n<blockquote>\n<h3>DILLO A RADIO PIU&#8217;&#8230;.L&#8217;ALTA VELOCITA&#8217; A CENCENIGHE<\/h3>\n<\/blockquote>\n<p><strong><a class=\"dt-pswp-item\" href=\"https:\/\/www.radiopiu.net\/wordpress\/wp-content\/uploads\/2021\/10\/CENCENIGHE-3.jpg\" data-dt-img-description=\"\" data-large_image_width=\"1920\" data-large_image_height=\"1080\"><img loading=\"lazy\" decoding=\"async\" class=\" wp-image-237924 alignleft\" src=\"https:\/\/www.radiopiu.net\/wordpress\/wp-content\/uploads\/2021\/10\/CENCENIGHE-3-300x169.jpg\" alt=\"\" width=\"185\" height=\"104\" srcset=\"https:\/\/www.radiopiu.net\/wordpress\/wp-content\/uploads\/2021\/10\/CENCENIGHE-3-300x169.jpg 300w, https:\/\/www.radiopiu.net\/wordpress\/wp-content\/uploads\/2021\/10\/CENCENIGHE-3-1024x576.jpg 1024w, https:\/\/www.radiopiu.net\/wordpress\/wp-content\/uploads\/2021\/10\/CENCENIGHE-3-768x432.jpg 768w, https:\/\/www.radiopiu.net\/wordpress\/wp-content\/uploads\/2021\/10\/CENCENIGHE-3-1536x864.jpg 1536w, https:\/\/www.radiopiu.net\/wordpress\/wp-content\/uploads\/2021\/10\/CENCENIGHE-3.jpg 1920w\" sizes=\"auto, (max-width: 185px) 100vw, 185px\" \/><\/a>REDAZIONE\u00a0<\/strong>Riceviamo e pubblichiamo una lettera di un nostro ascoltatore dopo le segnalazioni delle alte velocit\u00e0 a Cencenighe<\/p>\n<blockquote><p>Sto seguendo con estremo interesse la serie di lettere, giunteVi da persone come me, indignate e preoccupate per il modo in cui una larga parte di autoveicoli transitano per la SR 203 a Cencenighe Ag. Giustissimo prendersela con la maleducazione dei conducenti, ma altres\u00ec doveroso richiamare l\u2019attenzione di coloro che le norme del CdS dovrebbero farle rispettare, intervenendo inoltre con una serie di provvedimenti tali da garantire miglior vivibilit\u00e0 e sicurezza a tutti noi residenti. Non si comprende come mai, lungo via Roma, data la ristrettezza della sede stradale, oltre alla mancanza di marciapiede, non ci sia un sacrosanto limite di velocit\u00e0 30 Km\/h. Limite di velocit\u00e0 che non sarebbe male estenderlo in via XX Settembre fino all\u2019area di servizio Bully. Si prenda esempio dal vicino Comune di Agordo, dove tale limite \u00e8 stato posto lungo la SR 203. E questo nonostante lo stesso centro, sia stato reso meno trafficato, grazie alla tangenziale. Le colonnine Autovelox vanno inoltre poste in funzione, e la si smetta di dire che servono unicamente a fare cassa per i Comuni. Mi chiedo con che frequenza siano operative le tre poste nel territorio comunale, presumo nemmeno una sola volta al mese. Mi riesce altrimenti difficile concepire il motivo, per il quale molti veicoli transitino con velocit\u00e0 assurde, superiori di qualche decina di Km orari, oltre il limite previsto. Lo stesso dicasi per disinvolti pericolosissimi sorpassi. Comprendo che per un piccolo Comune, con un solo addetto di Polizia Locale, sia una cosa difficile e problematica. Si intervenga allora rivolgendosi ad operatori esterni. Lo stesso dicasi per i controlli da parte di CC e forze di Polizia, che riscontro sempre meno presenti lungo le nostre strade. Anche su questo aspetto, si prenda esempio dal confinante Comune di San Tomaso, con le sacrosante sanzioni inflitte, grazie all\u2019Autovelox di Avoscan. Espediente servito per disciplinare maggiormente il transito in tale localit\u00e0, da parte di tanti trasgressori. Se poi ancora non bastasse, doveroso pensare a provvedimenti ancora pi\u00f9 restrittivi come il posizionamento di cordoli e dossi stradali, il cui effetto \u00e8 certamente quello di limitare la velocit\u00e0 ai tanti (TROPPI) conducenti indisciplinati. Interveniamo presto, prima che anche il nostro paese possa balzare agli onori della cronaca come Casal Palocco e Santo Stefano di C. Solo per citare gli ultimissimi tragici eventi.<\/p>\n<p>Claudio<\/p><\/blockquote>\n<p>&nbsp;<\/p>\n<p>&nbsp;<\/p>\n<hr \/>\n<p>&nbsp;<\/p>\n<blockquote>\n<h3>ADDIO A MARIO PALLA &#8220;BIRT&#8221;, A LIVINALLONGO UNA MESSA IN RICORDO<\/h3>\n<\/blockquote>\n<h3>LIVINALLONGO<\/h3>\n<p>DI LORENZO SORATROI<\/p>\n<audio class=\"wp-audio-shortcode\" id=\"audio-343231-3\" preload=\"none\" style=\"width: 100%;\" controls=\"controls\"><source type=\"audio\/mpeg\" src=\"https:\/\/www.radiopiu.net\/wordpress\/wp-content\/uploads\/2023\/07\/ADDIO-MARIO-PALLA.mp3?_=3\" \/><a href=\"https:\/\/www.radiopiu.net\/wordpress\/wp-content\/uploads\/2023\/07\/ADDIO-MARIO-PALLA.mp3\">https:\/\/www.radiopiu.net\/wordpress\/wp-content\/uploads\/2023\/07\/ADDIO-MARIO-PALLA.mp3<\/a><\/audio>\n<p>&nbsp;<\/p>\n\n\t\t\t<style type='text\/css'>\n\t\t\t\t#gallery-3 {\n\t\t\t\t\tmargin: auto;\n\t\t\t\t}\n\t\t\t\t#gallery-3 .gallery-item {\n\t\t\t\t\tfloat: left;\n\t\t\t\t\tmargin-top: 10px;\n\t\t\t\t\ttext-align: center;\n\t\t\t\t\twidth: 50%;\n\t\t\t\t}\n\t\t\t\t#gallery-3 img {\n\t\t\t\t\tborder: 2px solid #cfcfcf;\n\t\t\t\t}\n\t\t\t\t#gallery-3 .gallery-caption {\n\t\t\t\t\tmargin-left: 0;\n\t\t\t\t}\n\t\t\t\t\/* see gallery_shortcode() in wp-includes\/media.php *\/\n\t\t\t<\/style>\n\t\t<div id='gallery-3' class='dt-gallery-container gallery galleryid-343231 gallery-columns-2 gallery-size-medium'><dl class='gallery-item'>\n\t\t\t\t<dt class='gallery-icon landscape'>\n\t\t\t\t\t<a class=\"rollover rollover-zoom dt-pswp-item\" title=\"mario birt\" data-dt-img-description=\"\" data-large_image_width=\"1024\" data-large_image_height=\"768\"href='https:\/\/www.radiopiu.net\/wordpress\/wp-content\/uploads\/2023\/07\/mario-birt.jpg'><img loading=\"lazy\" decoding=\"async\" width=\"300\" height=\"225\" src=\"https:\/\/www.radiopiu.net\/wordpress\/wp-content\/uploads\/2023\/07\/mario-birt-300x225.jpg\" class=\"attachment-medium size-medium\" alt=\"\" srcset=\"https:\/\/www.radiopiu.net\/wordpress\/wp-content\/uploads\/2023\/07\/mario-birt-300x225.jpg 300w, https:\/\/www.radiopiu.net\/wordpress\/wp-content\/uploads\/2023\/07\/mario-birt-768x576.jpg 768w, https:\/\/www.radiopiu.net\/wordpress\/wp-content\/uploads\/2023\/07\/mario-birt.jpg 1024w\" sizes=\"auto, (max-width: 300px) 100vw, 300px\" \/><\/a>\n\t\t\t\t<\/dt><\/dl><dl class='gallery-item'>\n\t\t\t\t<dt class='gallery-icon landscape'>\n\t\t\t\t\t<a class=\"rollover rollover-zoom dt-pswp-item\" title=\"Mario Birt_6\" data-dt-img-description=\"\" data-large_image_width=\"772\" data-large_image_height=\"512\"href='https:\/\/www.radiopiu.net\/wordpress\/wp-content\/uploads\/2023\/07\/Mario-Birt_6.jpg'><img loading=\"lazy\" decoding=\"async\" width=\"300\" height=\"199\" src=\"https:\/\/www.radiopiu.net\/wordpress\/wp-content\/uploads\/2023\/07\/Mario-Birt_6-300x199.jpg\" class=\"attachment-medium size-medium\" alt=\"\" srcset=\"https:\/\/www.radiopiu.net\/wordpress\/wp-content\/uploads\/2023\/07\/Mario-Birt_6-300x199.jpg 300w, https:\/\/www.radiopiu.net\/wordpress\/wp-content\/uploads\/2023\/07\/Mario-Birt_6-768x509.jpg 768w, https:\/\/www.radiopiu.net\/wordpress\/wp-content\/uploads\/2023\/07\/Mario-Birt_6.jpg 772w\" sizes=\"auto, (max-width: 300px) 100vw, 300px\" \/><\/a>\n\t\t\t\t<\/dt><\/dl><br style=\"clear: both\" \/>\n\t\t\t<\/div>\n\n<p>&nbsp;<\/p>\n<hr \/>\n<p>&nbsp;<\/p>\n<blockquote>\n<h3>DA OGGI IL DOTTOR BOARETTO NON E&#8217; PI\u00f9 IL DIRETTORE DELLA MEDICINA A BELLUNO<\/h3>\n<\/blockquote>\n<p><strong>BELLUNO<\/strong> Il dr. Massimo Boaretto, Direttore della UOC di Medicina dell&#8217;Ospedale di Belluno, ha rassegnato le dimissioni dal suo incarico, che ha ricoperto dal 2012. L&#8217;Ordine dei Medici e degli Odontoiatri della Provincia di Belluno esprime preoccupazione per la difficolt\u00e0 di sostituire un clinico di tale valore e sottolinea i valori etici, la cultura scientifica e l&#8217;impegno professionale con cui ha contribuito alla crescita della sanit\u00e0 pubblica locale. La sua partenza volontaria solleva riflessioni sulle condizioni in cui operano i medici dipendenti e convenzionati con il SSN, spesso inascoltati nelle loro richieste per un servizio equo e gravati da una burocrazia oppressiva. Si esprime gratitudine al dr. Massimo Boaretto e gli augura successo in nuovi scenari professionali.<\/p>\n<p><strong>IL COMUNICATO<\/strong><\/p>\n<a href=\"https:\/\/www.radiopiu.net\/wordpress\/wp-content\/uploads\/2023\/07\/comunicato_stampa_OMCeO_Bl_dr.Boaretto_090723.pdf\" class=\"pdfemb-viewer\" style=\"\" data-width=\"max\" data-height=\"max\" data-toolbar=\"top\" data-toolbar-fixed=\"on\">comunicato_stampa_OMCeO_Bl_dr.Boaretto_090723<\/a>\n<p>&nbsp;<\/p>\n<hr \/>\n<p>&nbsp;<\/p>\n<blockquote>\n<h3>L&#8217;OPPOSIZIONE DEL COMUNE DI FELTRE CHIEDE LE DIMISSIONI DI VELEDA BRONZATO, COMITATO PARI OPPORTUNITA&#8217;<\/h3>\n<\/blockquote>\n<p><strong><a class=\"dt-pswp-item\" href=\"https:\/\/www.radiopiu.net\/wordpress\/wp-content\/uploads\/2022\/04\/FELTRE.jpg\" data-dt-img-description=\"\" data-large_image_width=\"1920\" data-large_image_height=\"1080\"><img loading=\"lazy\" decoding=\"async\" class=\"size-medium wp-image-269866 alignleft\" src=\"https:\/\/www.radiopiu.net\/wordpress\/wp-content\/uploads\/2022\/04\/FELTRE-300x169.jpg\" alt=\"\" width=\"300\" height=\"169\" srcset=\"https:\/\/www.radiopiu.net\/wordpress\/wp-content\/uploads\/2022\/04\/FELTRE-300x169.jpg 300w, https:\/\/www.radiopiu.net\/wordpress\/wp-content\/uploads\/2022\/04\/FELTRE-1024x576.jpg 1024w, https:\/\/www.radiopiu.net\/wordpress\/wp-content\/uploads\/2022\/04\/FELTRE-768x432.jpg 768w, https:\/\/www.radiopiu.net\/wordpress\/wp-content\/uploads\/2022\/04\/FELTRE-1536x864.jpg 1536w, https:\/\/www.radiopiu.net\/wordpress\/wp-content\/uploads\/2022\/04\/FELTRE.jpg 1920w\" sizes=\"auto, (max-width: 300px) 100vw, 300px\" \/><\/a>FELTRE<\/strong> Il 3 luglio 2023, l&#8217;Amministrazione comunale di Feltre ha deciso di recedere dalla Rete RE.A.DY, suscitando sconcerto e sorpresa. La motivazione riportata, ovvero il desiderio di non assoggettare l&#8217;operato del Comune a vincoli esterni riguardo ai diritti civili e personali, sembra priva di fondamenta e sembra nascondere una scelta ideologica. La Rete RE.A.DY \u00e8 stata creata nel 2017 per promuovere la diversit\u00e0, contrastare le discriminazioni basate sull&#8217;orientamento sessuale e sull&#8217;identit\u00e0 di genere, e favorire lo scambio di esperienze e buone pratiche tra le amministrazioni pubbliche in tutta Italia. L&#8217;adesione a questa rete implicava l&#8217;impegno del Comune di Feltre a dialogare con le associazioni LGBTQ+ locali e a considerarle nella pianificazione strategica delle azioni di inclusivit\u00e0. La decisione del comune mette in dubbio il ruolo della Commissione Pari Opportunit\u00e0 del Comune di Feltre e per questo l&#8217;opposizione chiede le dimissioni di Veleda Bronzato dal Comitato Pari opportunit\u00e0. Comune di Feltre che non ha esitato a rispondere: \u201cCi sono due modi moto diversi tra loro di affrontare le cose: uno con atti concreti e scelte quotidiane; l\u2019altro basato su slogan, magari urlati ai quattro venti, per fare rumore. Noi scegliamo molto serenamente la prima strada\u201d. Cos\u00ec il sindaco di Feltre Viviana Fusaro, titolare anche del referato alle Politiche della Famiglia e della Pari Opportunit\u00e0, in risposta alla nota delle forze di opposizione in consiglio comunale che accusano l\u2019Amministrazione per la decisone di uscire dalla rete RE.A.DY e la Commissione Pari Opportunit\u00e0 di non aver dato la propria adesione al manifesto del gruppo C.I.A.O. in vista del Pride a Belluno.<\/p>\n<p>&nbsp;<\/p>\n<p>&nbsp;<\/p>\n<hr \/>\n<p>&nbsp;<\/p>\n<blockquote>\n<h3>BELLUNO CITTA&#8217; DELLO SPORT<\/h3>\n<\/blockquote>\n<p><strong><a class=\"dt-pswp-item\" href=\"https:\/\/www.radiopiu.net\/wordpress\/wp-content\/uploads\/2021\/10\/PIAZZA-MARTIRI-BELLUNO.jpg\" data-dt-img-description=\"\" data-large_image_width=\"1364\" data-large_image_height=\"908\"><img loading=\"lazy\" decoding=\"async\" class=\" wp-image-235813 alignleft\" src=\"https:\/\/www.radiopiu.net\/wordpress\/wp-content\/uploads\/2021\/10\/PIAZZA-MARTIRI-BELLUNO-300x200.jpg\" alt=\"\" width=\"141\" height=\"94\" srcset=\"https:\/\/www.radiopiu.net\/wordpress\/wp-content\/uploads\/2021\/10\/PIAZZA-MARTIRI-BELLUNO-300x200.jpg 300w, https:\/\/www.radiopiu.net\/wordpress\/wp-content\/uploads\/2021\/10\/PIAZZA-MARTIRI-BELLUNO-1024x682.jpg 1024w, https:\/\/www.radiopiu.net\/wordpress\/wp-content\/uploads\/2021\/10\/PIAZZA-MARTIRI-BELLUNO-768x511.jpg 768w, https:\/\/www.radiopiu.net\/wordpress\/wp-content\/uploads\/2021\/10\/PIAZZA-MARTIRI-BELLUNO.jpg 1364w\" sizes=\"auto, (max-width: 141px) 100vw, 141px\" \/><\/a>BELLUNO <\/strong>Belluno citt\u00e0 dello sport. Successo per le iniziative estive: tra maggio e giugno, quasi 300 persone coinvolte nelle manifestazioni gratuite organizzate all\u2019aperto per promuovere l\u2019attivit\u00e0 fisica e combattere la sedentariet\u00e0. Da Yoga al Parco, alla Walk Zone fino alla lezione di auto difesa, tutte le attivit\u00e0 hanno visto un numero molto alto di partecipanti, dimostrando la voglia di sport e di stare in compagnia dei bellunesi. \u201cL\u2019obiettivo di tutte le manifestazioni, incluse quelle che si sono svolte in autunno e nel corso dello scorso inverno, \u00e8 sempre quello di promuovere l&#8217;attivit\u00e0 fisica in tutte le sue forme e per tutti, giovani, adulti e anziani \u2013 spiega Mazzoccoli -, perch\u00e8 lo sport \u00e8 fonte di benessere fisico e mentale \u00a0oltre che un efficace strumento di prevenzione di molte patologie&#8221;.<\/p>\n<p>&nbsp;<\/p>\n<p>&nbsp;<\/p>\n<hr \/>\n<p>&nbsp;<\/p>\n<blockquote>\n<h3>I VOLONTARI DI VALLADA FANNO PULIZIA IN PAESE<\/h3>\n<\/blockquote>\n<p><strong><a class=\"dt-pswp-item\" href=\"https:\/\/www.radiopiu.net\/wordpress\/wp-content\/uploads\/2023\/07\/VOLONTARI-VALLADA.jpg\" data-dt-img-description=\"\" data-large_image_width=\"1600\" data-large_image_height=\"738\"><img loading=\"lazy\" decoding=\"async\" class=\" wp-image-343294 alignleft\" src=\"https:\/\/www.radiopiu.net\/wordpress\/wp-content\/uploads\/2023\/07\/VOLONTARI-VALLADA-300x138.jpg\" alt=\"\" width=\"239\" height=\"110\" srcset=\"https:\/\/www.radiopiu.net\/wordpress\/wp-content\/uploads\/2023\/07\/VOLONTARI-VALLADA-300x138.jpg 300w, https:\/\/www.radiopiu.net\/wordpress\/wp-content\/uploads\/2023\/07\/VOLONTARI-VALLADA-1024x472.jpg 1024w, https:\/\/www.radiopiu.net\/wordpress\/wp-content\/uploads\/2023\/07\/VOLONTARI-VALLADA-768x354.jpg 768w, https:\/\/www.radiopiu.net\/wordpress\/wp-content\/uploads\/2023\/07\/VOLONTARI-VALLADA-1536x708.jpg 1536w, https:\/\/www.radiopiu.net\/wordpress\/wp-content\/uploads\/2023\/07\/VOLONTARI-VALLADA.jpg 1600w\" sizes=\"auto, (max-width: 239px) 100vw, 239px\" \/><\/a>VALLADA<\/strong><\/p>\n<p>di Gianni Santomaso<\/p>\n<audio class=\"wp-audio-shortcode\" id=\"audio-343231-4\" preload=\"none\" style=\"width: 100%;\" controls=\"controls\"><source type=\"audio\/mpeg\" src=\"https:\/\/www.radiopiu.net\/wordpress\/wp-content\/uploads\/2023\/07\/GIANNI-I-VOLONTARI-DI-VALLADA-FANNO-PULIZIA-IN-PAESE.mp3?_=4\" \/><a href=\"https:\/\/www.radiopiu.net\/wordpress\/wp-content\/uploads\/2023\/07\/GIANNI-I-VOLONTARI-DI-VALLADA-FANNO-PULIZIA-IN-PAESE.mp3\">https:\/\/www.radiopiu.net\/wordpress\/wp-content\/uploads\/2023\/07\/GIANNI-I-VOLONTARI-DI-VALLADA-FANNO-PULIZIA-IN-PAESE.mp3<\/a><\/audio>\n<p>&nbsp;<\/p>\n<hr \/>\n<p>&nbsp;<\/p>\n<blockquote>\n<h3><a class=\"dt-pswp-item\" href=\"https:\/\/www.radiopiu.net\/wordpress\/wp-content\/uploads\/2023\/07\/20230708_104440.jpg\" data-dt-img-description=\"\" data-large_image_width=\"1667\" data-large_image_height=\"1742\"><img loading=\"lazy\" decoding=\"async\" class=\" wp-image-343253 alignleft\" src=\"https:\/\/www.radiopiu.net\/wordpress\/wp-content\/uploads\/2023\/07\/20230708_104440-287x300.jpg\" alt=\"\" width=\"156\" height=\"163\" srcset=\"https:\/\/www.radiopiu.net\/wordpress\/wp-content\/uploads\/2023\/07\/20230708_104440-287x300.jpg 287w, https:\/\/www.radiopiu.net\/wordpress\/wp-content\/uploads\/2023\/07\/20230708_104440-980x1024.jpg 980w, https:\/\/www.radiopiu.net\/wordpress\/wp-content\/uploads\/2023\/07\/20230708_104440-768x803.jpg 768w, https:\/\/www.radiopiu.net\/wordpress\/wp-content\/uploads\/2023\/07\/20230708_104440-1470x1536.jpg 1470w, https:\/\/www.radiopiu.net\/wordpress\/wp-content\/uploads\/2023\/07\/20230708_104440.jpg 1667w\" sizes=\"auto, (max-width: 156px) 100vw, 156px\" \/><\/a>DONATA UNA POLTRONA AL CENTRO PRELIEVI DEL CADORE<\/h3>\n<\/blockquote>\n<p><strong>BELLUNO<\/strong> Grazie all&#8217; Andos Cadore che ha donato una poltrona per i Centri Prelievi del Cadore. L&#8217;associazione, molto attiva nel territorio con diverse iniziative per la promozione della salute, ha deciso di devolvere il ricavato di una manifestazione sportiva per l&#8217;acquisto di una nuova poltrona per prelievi. Sabato mattina all&#8217;ospedale di Pieve di Cadore, il Commissario Dal Ben ha incontrato la Presidente e la vice Presidente dell&#8217;Associazione per ringraziare della donazione che ancora una volta testimonia il forte legame tra l&#8217;ospedale e la comunit\u00e0.<\/p>\n<p>&nbsp;<\/p>\n<p>&nbsp;<\/p>\n<hr \/>\n<p>&nbsp;<\/p>\n<blockquote>\n<h3><a class=\"dt-pswp-item\" href=\"https:\/\/www.radiopiu.net\/wordpress\/wp-content\/uploads\/2020\/11\/logoUNCEM_no_scritta-wdtr.jpg\" data-dt-img-description=\"\" data-large_image_width=\"640\" data-large_image_height=\"640\"><img loading=\"lazy\" decoding=\"async\" class=\" wp-image-170846 alignleft\" src=\"https:\/\/www.radiopiu.net\/wordpress\/wp-content\/uploads\/2020\/11\/logoUNCEM_no_scritta-wdtr-300x300.jpg\" alt=\"\" width=\"141\" height=\"141\" srcset=\"https:\/\/www.radiopiu.net\/wordpress\/wp-content\/uploads\/2020\/11\/logoUNCEM_no_scritta-wdtr-300x300.jpg 300w, https:\/\/www.radiopiu.net\/wordpress\/wp-content\/uploads\/2020\/11\/logoUNCEM_no_scritta-wdtr-150x150.jpg 150w, https:\/\/www.radiopiu.net\/wordpress\/wp-content\/uploads\/2020\/11\/logoUNCEM_no_scritta-wdtr.jpg 640w\" sizes=\"auto, (max-width: 141px) 100vw, 141px\" \/><\/a>PEDAGGI AUTOSTRADE, DA RIDURRE DOVE CI SONO CANTIERI. UNCEM: SERVE UNA AZIONE FORTE<\/h3>\n<\/blockquote>\n<p><strong>ROMA<\/strong> Dove ci sono lavori, che rallentano viaggi e transiti, almeno a luglio e agosto, le autostrade &#8211; con il Ministero delle Infrastrutture e dei Trasporti &#8211; devono ridurre il costo dei pedaggi. \u00c8 un&#8217;azione forte, ma va incontro agli italiani. A chi lavora e a chi si sposta per le vacane. Uncem, con il Presidente Marco Bussone, lo chiede unendosi alle associazioni dei consumatori, confidando in un&#8217;azione politica che possa ridefinire modalit\u00e0 di accesso alle arterie a pagamento di tutto il Paese, in particolare nelle zone appenniniche e alpine.<\/p>\n<p>&nbsp;<\/p>\n<p>&nbsp;<\/p>\n<hr \/>\n<p>&nbsp;<\/p>\n<blockquote>\n<h3 class=\"entry-title\">COL SALARIO MINIMO PER LEGGE RISCHIAMO PIU\u2019 LAVORO NERO<\/h3>\n<\/blockquote>\n<p class=\"p1 photoswipe-wrapper\"><a class=\"dt-pswp-item pspw-wrap-ready\" href=\"https:\/\/www.radiopiu.net\/wordpress\/wp-content\/uploads\/2023\/07\/Schermata-2023-07-08-alle-09.29.33.png\" data-dt-img-description=\"\" data-large_image_width=\"910\" data-large_image_height=\"1480\"><img loading=\"lazy\" decoding=\"async\" class=\"size-medium wp-image-343241 alignleft\" src=\"https:\/\/www.radiopiu.net\/wordpress\/wp-content\/uploads\/2023\/07\/Schermata-2023-07-08-alle-09.29.33-184x300.png\" sizes=\"auto, (max-width: 184px) 100vw, 184px\" srcset=\"https:\/\/www.radiopiu.net\/wordpress\/wp-content\/uploads\/2023\/07\/Schermata-2023-07-08-alle-09.29.33-184x300.png 184w, https:\/\/www.radiopiu.net\/wordpress\/wp-content\/uploads\/2023\/07\/Schermata-2023-07-08-alle-09.29.33-630x1024.png 630w, https:\/\/www.radiopiu.net\/wordpress\/wp-content\/uploads\/2023\/07\/Schermata-2023-07-08-alle-09.29.33-768x1249.png 768w, https:\/\/www.radiopiu.net\/wordpress\/wp-content\/uploads\/2023\/07\/Schermata-2023-07-08-alle-09.29.33.png 910w\" alt=\"\" width=\"184\" height=\"300\" \/><\/a>S\u00ec della CGIA al minimo salariale per legge, purch\u00e9 sia misurato dal TEC<\/p>\n<p>Nel caso fosse introdotto per legge il salario minimo a 9 euro lordi all\u2019ora, secondo la CGIA potrebbe esserci il serio pericolo di veder aumentare nel Paese il lavoro irregolare, in particolare nei settori dove attualmente i minimi tabellari sono molto inferiori alla soglia proposta dal disegno di legge presentato nei giorni scorsi alla Camera; si tratta, spesso, di comparti \u201cfiaccati\u201d da una concorrenza sleale molto aggressiva praticata dalle realt\u00e0 che da sempre lavorano completamente il \u201cnero\u201d. Stiamo parlando dell\u2019agricoltura, del lavoro domestico e di alcuni comparti presenti nei servizi. In altre parole, non \u00e8 da escludere che molti imprenditori, costretti ad aggiustare all\u2019ins\u00f9 i minimi salariali, potrebbero essere tentati a licenziare o a ridurre l\u2019orario ad alcuni dei propri dipendenti, \u201ccostringendoli\u201d comunque a lavorare lo stesso, ma in \u201cnero\u201d. L\u2019adozione di questa \u201ccontromisura\u201d consentirebbe a molte attivit\u00e0 di contenere i costi e di non scivolare fuori mercato.<\/p>\n<p><strong>In Veneto gli irregolari potrebbero aumentare di 10 mila unit\u00e0<\/strong><br \/>\nSecondo una nostra elaborazione su dati Istat, gli ultimi dati disponibili ci dicono che in Veneto ci sono quasi 192 mila occupati in \u201cnero\u201d e registriamo un tasso di irregolarit\u00e0 dell\u20198,5 per cento. In Italia solo la Provincia autonoma di Bolzano ha un tasso inferiore al nostro (8,4 per cento) (vedi Tab. 1). Stimiamo, in particolar modo tra le badanti e i braccianti, che nella nostra regione il numero degli irregolari potrebbe aumentare di almeno 10 mila unit\u00e0. Il pericolo maggiore, comunque, potrebbe interessare in particolar modo il Mezzogiorno che, gi\u00e0 oggi, conta una economia sommersa molto diffusa, con una incidenza che sfiora il 38 per cento del totale degli occupati non regolari presenti in Italia (in termini assoluti 1,1 milioni di persone su un totale di 2,9).<\/p>\n<p><strong>S\u00ec al salario minimo a 9 euro, ma se misurato con il TEC<\/strong><br \/>\nNonostante questa criticit\u00e0, la CGIA \u00e8 comunque favorevole all\u2019introduzione di un salario minimo orario di 9 euro lordi all\u2019ora, purch\u00e9 al trattamento economico minimo (TEM), ovvero i minimi tabellari previsti dai singoli CCNL, si aggiungano le voci che compongono la retribuzione differita. Elementi questi ultimi presenti nel contratto collettivo nazionale che costituiscono il cosiddetto trattamento economico complessivo (TEC). I ratei delle principali voci da sommare al TEM per ottenere il salario minimo orario lordo sarebbero:<\/p>\n<p>\u2013 bilateralit\u00e0;<br \/>\n\u2013 fringe benefit (buoni pasto, auto aziendale, cellulare aziendale,<br \/>\nvoucher, borse di studio, etc.)<br \/>\n\u2013 indennit\u00e0 (trasferta, lavoro notturno, lavoro festivo, etc.);<br \/>\n\u2013 premi;<br \/>\n\u2013 scatti di anzianit\u00e0;<br \/>\n\u2013 tredicesima;<br \/>\n\u2013 quattordicesima;<br \/>\n\u2013 trattamento di fine rapporto;<br \/>\n\u2013 welfare aziendale.<\/p>\n<p><strong>Gli apprendisti vanno esclusi<\/strong><br \/>\nGli ultimi dati disponibili resi noti dall\u2019Inps, segnalano che in Veneto ci sono poco meno di 75 mila apprendisti;\u00a0vale a dire giovani assunti con un contratto di lavoro subordinato a tempo indeterminato finalizzato alla formazione e all\u2019occupazione giovanile. La durata del contratto varia in ragione della tipologia dello stesso: mediamente oscilla tra i 3 e i 5 anni. In linea generale, inoltre, la retribuzione mensile di un apprendista si aggira attorno agli 800 euro netti. L\u2019importo \u00e8 basso perch\u00e9 risponde alla filosofia di questo istituto che, introdotto nel 1955, \u00e8 rivolto a under 30 che entrano nel mercato di lavoro senza alcuna esperienza lavorativa e al termine di questo percorso, grazie all\u2019attivit\u00e0 di tutoraggio realizzata dall\u2019azienda che li ospita, acquisiscono una professione. Per contro, l\u2019investimento realizzato dall\u2019imprenditore viene \u201cpremiato\u201d con la possibilit\u00e0 di beneficiare di un forte abbattimento del costo del lavoro. Ora, stando ai dati riportati dall\u2019Istat, circa il 30 per cento del totale degli apprendisti veneti (in termini assoluti corrispondono a quasi 22.500 giovani) ha una retribuzione mediana oraria pari a poco meno di 7 euro. Sono dipendenti che nella stragrande maggioranza dei casi sono stati assunti da poco; infatti, questi apprendisti con retribuzione oraria sotto soglia presentano un numero medio di ore lavorate inferiore a circa il 20 per cento degli apprendisti pi\u00f9 \u201canziani\u201d che, invece, presentano una retribuzione oraria mediana pari a poco pi\u00f9 di 9,5 euro. E\u2019 evidente che se agli apprendisti neoassunti la retribuzione minima oraria fosse innalzata a 9 euro lordi, nel giro di qualche anno registreremo un crollo dell\u2019utilizzo di questo contratto. Per le imprese, infatti, assumere un giovane alle prime armi senza alcuna esperienza alle spalle con un contratto di apprendistato non sarebbe pi\u00f9 conveniente. Altres\u00ec, va ricordato che con questo contratto sono tantissime le generazioni di lavoratori che, soprattutto in Veneto, sono diventati dapprima degli ottimi operai specializzati e poi anche degli imprenditori di successo. Anche per queste ragioni storiche e culturali, l\u2019istituto dell\u2019apprendistato va salvaguardato e, pertanto, \u201cesonerato\u201d dall\u2019applicazione dell\u2019eventuale salario minimo legale a 9 euro all\u2019ora.<\/p>\n<p><strong>Pro e contro<\/strong><br \/>\nAl netto del rischio lavoro nero e degli effetti sull\u2019istituto dell\u2019apprendistato, \u00e8 indubbio che abbiamo la necessit\u00e0 di elevare le retribuzioni per garantire un tenore di vita pi\u00f9 dignitoso, in particolar modo ai lavoratori pi\u00f9 deboli. Da un punto di vista macro economico, ad esempio, con pi\u00f9 soldi in tasca \u00e8 verosimile ritenere che i consumi delle famiglie sarebbero destinati ad aumentare, dando cos\u00ec un impulso importante all\u2019economia dell\u2019intero Paese. Le casse dello Stato, inoltre, potrebbero contare anche su un maggiore gettito fiscale e contributivo. Non solo. La letteratura specializzata ci segnala che i bassi salari portano a una diminuzione dell\u2019impegno e quindi dell\u2019efficienza delle maestranze nei luoghi di lavoro. Per contro, l\u2019adozione di un salario minimo per legge provocherebbe un aumento certo dei costi in capo alle aziende che, molto probabilmente, verrebbero ammortizzati attraverso un conseguente incremento dei prezzi dei prodotti finali. Cos\u00ec facendo, a pagare il conto sarebbero i consumatori finali. A livello micro, invece, bisogna tener conto anche dell\u2019effetto trascinamento che l\u2019introduzione del salario minimo per legge avrebbe nei confronti dei livelli retributivi che oggi si trovano sopra i 9 euro lordi. Appare evidente che, se si dovesse toccare all\u2019ins\u00f9 la retribuzione per i livelli pi\u00f9 bassi, la medesima operazione dovrebbe essere effettuata anche per gli inquadramenti immediatamente superiori. Diversamente, molti lavoratori si vedrebbero ridurre o addirittura azzerare il differenziale salariale con i colleghi assunti con livelli inferiori, pur essendo chiamati a svolgere mansioni superiori a questi ultimi.<\/p>\n<p><strong>Bisogna tagliare le tasse e favorire la contrattazione decentrata<\/strong><br \/>\nL\u2019introduzione di un salario minimo per legge non rappresenta l\u2019unica soluzione per rendere pi\u00f9 pesanti le buste paga, principalmente quelle pi\u00f9 basse. Sarebbe opportuno, come in parte ha fatto sia il Governo Draghi sia quello Meloni, ridurre il cuneo, in particolar modo la componente fiscale in capo ai lavoratori dipendenti e bisognerebbe rinnovare i contratti. Altres\u00ec, andrebbe incentivata la contrattazione decentrata (ovvero quella territoriale o aziendale), in modo tale da legare gli aumenti salariali aggiuntivi a quelli previsti dal CCNL alla produttivit\u00e0. Ricordiamo che, purtroppo, oggi solo un terzo dei lavoratori dipendenti del settore privato pu\u00f2 beneficiare degli effetti della contrattazione di secondo livello.<\/p>\n<p>&nbsp;<\/p>\n<p>&nbsp;<\/p>\n<hr \/>\n<p>&nbsp;<\/p>\n<blockquote>\n<h3>I GIOVEDI A COLLE SANTA LUCIA, CULTURA E TRADIZIONI<\/h3>\n<\/blockquote>\n<p><a class=\"dt-pswp-item\" href=\"https:\/\/www.radiopiu.net\/wordpress\/wp-content\/uploads\/2023\/07\/serata-Michil-13_07.png\" data-dt-img-description=\"\" data-large_image_width=\"1414\" data-large_image_height=\"2000\"><img loading=\"lazy\" decoding=\"async\" class=\" wp-image-343185 alignleft\" src=\"https:\/\/www.radiopiu.net\/wordpress\/wp-content\/uploads\/2023\/07\/serata-Michil-13_07-212x300.png\" alt=\"\" width=\"112\" height=\"158\" srcset=\"https:\/\/www.radiopiu.net\/wordpress\/wp-content\/uploads\/2023\/07\/serata-Michil-13_07-212x300.png 212w, https:\/\/www.radiopiu.net\/wordpress\/wp-content\/uploads\/2023\/07\/serata-Michil-13_07-724x1024.png 724w, https:\/\/www.radiopiu.net\/wordpress\/wp-content\/uploads\/2023\/07\/serata-Michil-13_07-768x1086.png 768w, https:\/\/www.radiopiu.net\/wordpress\/wp-content\/uploads\/2023\/07\/serata-Michil-13_07-1086x1536.png 1086w, https:\/\/www.radiopiu.net\/wordpress\/wp-content\/uploads\/2023\/07\/serata-Michil-13_07.png 1414w\" sizes=\"auto, (max-width: 112px) 100vw, 112px\" \/><\/a>Colle Santa Lucia, l&#8217;associazione turistica che ti offre un&#8217;esperienza unica, all&#8217;insegna della cultura, della storia e delle tradizioni, ogni gioved\u00ec appuntamenti straordinari.\u00a0 Preparati a viaggiare nel tempo e a rivivere epoche passate, con sfide e avventure che ti lasceranno senza fiato. Il primo appuntamento \u00e8 il 13 luglio alle 18:30, con un protagonista d&#8217;eccezione: Michil Costa, esperto conoscitore di queste terre e appassionato narratore, ti guider\u00e0 attraverso un viaggio affascinante alla scoperta della storia e dei segreti delle terre ladine.\u00a0 Non perdere l&#8217;occasione di vivere un&#8217;estate indimenticabile. L&#8217;associazione turistica Colle Santa Lucia ti aspetta ogni gioved\u00ec per farti innamorare della sua cultura, della sua storia e delle sue tradizioni.<\/p>\n<p>&nbsp;<\/p>\n<p>&nbsp;<\/p>\n<hr \/>\n<p>&nbsp;<\/p>\n<p><a class=\"dt-pswp-item\" href=\"https:\/\/www.radiopiu.net\/wordpress\/wp-content\/uploads\/2023\/07\/8e1af88a-f01a-4b67-8d82-00f75e41fc7a.jpg\" data-dt-img-description=\"\" data-large_image_width=\"730\" data-large_image_height=\"1024\"><img loading=\"lazy\" decoding=\"async\" class=\" wp-image-342798 alignleft\" src=\"https:\/\/www.radiopiu.net\/wordpress\/wp-content\/uploads\/2023\/07\/8e1af88a-f01a-4b67-8d82-00f75e41fc7a-214x300.jpg\" alt=\"\" width=\"122\" height=\"171\" srcset=\"https:\/\/www.radiopiu.net\/wordpress\/wp-content\/uploads\/2023\/07\/8e1af88a-f01a-4b67-8d82-00f75e41fc7a-214x300.jpg 214w, https:\/\/www.radiopiu.net\/wordpress\/wp-content\/uploads\/2023\/07\/8e1af88a-f01a-4b67-8d82-00f75e41fc7a.jpg 730w\" sizes=\"auto, (max-width: 122px) 100vw, 122px\" \/><\/a><\/p>\n<p><span style=\"color: #ff0000;\"><strong>FALCADE ALLA RADIO\u00a0<\/strong><\/span><\/p>\n<p><strong>ESTATE A FALCADE CON IL VENEZIA CALCIO, IL GRANDE BASKET TARGATO REYER VENEZIA&#8230; E A FINE MESE ANCHE LE SELEZIONI DI MISS ITALIA&#8230;TURISMO A FALCADE E CAVIOLA, TURISMO IN VALLE DEL BIOIS E NELL&#8217;AGORDINO&#8230; PARLIAMONE MERCOLEDI 12 LUGLIO DALLE 20.30 CON IL SINDACO MAURO SALVATERRA, L&#8217;ASSESSORE FLAVIO MURER E IL CONSIGLIERE FULVIO VALT\u00a0<\/strong><\/p>\n<p>&nbsp;<\/p>\n<p>&nbsp;<\/p>\n<p>&nbsp;<\/p>\n<hr \/>\n<p>&nbsp;<\/p>\n<blockquote>\n<h3>SERATE DEDICATE ALLA LETTURA<\/h3>\n<\/blockquote>\n<p><strong><a class=\"dt-pswp-item\" href=\"https:\/\/www.radiopiu.net\/wordpress\/wp-content\/uploads\/2023\/07\/ISTA-DE-LIBER.png\" data-dt-img-description=\"\" data-large_image_width=\"985\" data-large_image_height=\"708\"><img loading=\"lazy\" decoding=\"async\" class=\" wp-image-342858 alignleft\" src=\"https:\/\/www.radiopiu.net\/wordpress\/wp-content\/uploads\/2023\/07\/ISTA-DE-LIBER-300x216.png\" alt=\"\" width=\"172\" height=\"124\" srcset=\"https:\/\/www.radiopiu.net\/wordpress\/wp-content\/uploads\/2023\/07\/ISTA-DE-LIBER-300x216.png 300w, https:\/\/www.radiopiu.net\/wordpress\/wp-content\/uploads\/2023\/07\/ISTA-DE-LIBER-768x552.png 768w, https:\/\/www.radiopiu.net\/wordpress\/wp-content\/uploads\/2023\/07\/ISTA-DE-LIBER.png 985w\" sizes=\"auto, (max-width: 172px) 100vw, 172px\" \/><\/a>AGORDO <\/strong>Tra gli eventi turistico-culturali agordini di quest&#8217;estate, il Comune di Agordo promuove due presentazioni di libri nell&#8217;ambito della manifestazione &#8220;Ist\u00e0 de liber&#8221; ovvero &#8220;Estate di libri, la montagna raccontata dai libri e dai suoi autori&#8221;. Le serate sono organizzate in collaborazione con il GAMP (Gruppo Agordino Mineralogico Paleontologico) ed il Circolo Culturale Agordino. Ultimo appuntamento Mercoled\u00ec 12 luglio alle 18 in Sala Don Tamis, lo scrittore Matteo Righetto parler\u00e0 del suo ultimo libro &#8220;La stanza delle mele&#8221;.<\/p>\n<p>&nbsp;<\/p>\n<p>&nbsp;<\/p>\n<hr \/>\n<p>&nbsp;<\/p>\n<h2><span style=\"color: #ff0000;\">GLI APPUNTAMENTI DELLA SETTIMANA\u00a0<\/span><\/h2>\n<blockquote>\n<h3>L&#8217;ULTIMO DIPINTO DI DUNIO PICCOLIN<\/h3>\n<\/blockquote>\n<p><strong>CANALE D&#8217;AGORDO<\/strong> Oggi alle 17.30 a casa Salton-Zanoner\u00a0 sar\u00e0 inaugurato il dipinto murale &#8220;il paese che fu&#8221; di Dunio Piccolin. Verr\u00e0 scoperto anche il dipinto murale dei bimbi della casa<\/p>\n<p>&nbsp;<\/p>\n\n\t\t\t<style type='text\/css'>\n\t\t\t\t#gallery-4 {\n\t\t\t\t\tmargin: auto;\n\t\t\t\t}\n\t\t\t\t#gallery-4 .gallery-item {\n\t\t\t\t\tfloat: left;\n\t\t\t\t\tmargin-top: 10px;\n\t\t\t\t\ttext-align: center;\n\t\t\t\t\twidth: 50%;\n\t\t\t\t}\n\t\t\t\t#gallery-4 img {\n\t\t\t\t\tborder: 2px solid #cfcfcf;\n\t\t\t\t}\n\t\t\t\t#gallery-4 .gallery-caption {\n\t\t\t\t\tmargin-left: 0;\n\t\t\t\t}\n\t\t\t\t\/* see gallery_shortcode() in wp-includes\/media.php *\/\n\t\t\t<\/style>\n\t\t<div id='gallery-4' class='dt-gallery-container gallery galleryid-343231 gallery-columns-2 gallery-size-medium'><dl class='gallery-item'>\n\t\t\t\t<dt class='gallery-icon portrait'>\n\t\t\t\t\t<a class=\"rollover rollover-zoom dt-pswp-item\" title=\"DUNIO2\" data-dt-img-description=\"\" data-large_image_width=\"256\" data-large_image_height=\"274\"href='https:\/\/www.radiopiu.net\/wordpress\/wp-content\/uploads\/2023\/07\/DUNIO2.png'><img loading=\"lazy\" decoding=\"async\" width=\"256\" height=\"274\" src=\"https:\/\/www.radiopiu.net\/wordpress\/wp-content\/uploads\/2023\/07\/DUNIO2.png\" class=\"attachment-medium size-medium\" alt=\"\" \/><\/a>\n\t\t\t\t<\/dt><\/dl><dl class='gallery-item'>\n\t\t\t\t<dt class='gallery-icon landscape'>\n\t\t\t\t\t<a class=\"rollover rollover-zoom dt-pswp-item\" title=\"DUNIO1\" data-dt-img-description=\"\" data-large_image_width=\"294\" data-large_image_height=\"271\"href='https:\/\/www.radiopiu.net\/wordpress\/wp-content\/uploads\/2023\/07\/DUNIO1.png'><img loading=\"lazy\" decoding=\"async\" width=\"294\" height=\"271\" src=\"https:\/\/www.radiopiu.net\/wordpress\/wp-content\/uploads\/2023\/07\/DUNIO1.png\" class=\"attachment-medium size-medium\" alt=\"\" \/><\/a>\n\t\t\t\t<\/dt><\/dl><br style=\"clear: both\" \/>\n\t\t\t<\/div>\n\n<p>&nbsp;<\/p>\n<blockquote>\n<h3>SI PARLA DEL LUPO IN SALA DON TAMIS<\/h3>\n<\/blockquote>\n<p><strong>AGORDO <\/strong>Prosegue la serie di incontri informativi per la popolazione dedicati al tema del ritorno del lupo e alla sua convivenza con le attivit\u00e0 umane. Dopo Forno di Zoldo, Lamon, Cesiomaggiore e Sedico \u00e8 ora la volta di Agordo. Domani, alle ore 20.00, la sala don Tamis di Agordo ospita una nuova serata informativa sul lupo, rivolta a tutta la popolazione. La serata \u00e8 organizzata grazie alla collaborazione tra il Parco Nazionale Dolomiti Bellunesi e l\u2019Unione Montana Agordina.<\/p>\n<p>&nbsp;<\/p>\n<blockquote>\n<h3>MULTIVISIONI SOTTO LE STELLE<\/h3>\n<\/blockquote>\n<p><strong>BORGO VALBELLUNA <\/strong>Immagini che prendono vita seguendo lo scorrere della musica, per creare uno spettacolo che ha il potere di affascinare e coinvolgere lo spettatore. Questo lo spettacolo che verr\u00e0 proposto a Mel per due marted\u00ec consecutivi, l\u201911 e il 18\u00a0luglio\u00a0nel cortile del Palazzo delle Contesse di Mel.<\/p>\n<p>&nbsp;<\/p>\n<blockquote>\n<h3>MUSICA NEI CORTIVI<\/h3>\n<\/blockquote>\n<p><strong>SOSPIROLO<\/strong> Venerd\u00ec\u00a0 alle 20.30 in localit\u00e0 Pascoli-ai Tonet di Sospirolo concerto \u201cNena Trentin musica live\u201d per la rassegna Musica nei Cortivi. Organizza la Pro loco Monti Del Sole<\/p>\n<p>&nbsp;<\/p>\n<blockquote>\n<h3>ESTATE A FORCELLA AURINE. LEZIONE DI YOGA<\/h3>\n<\/blockquote>\n<p><strong>GOSALDO<\/strong> Continuano gli appuntamenti di Estate a Forcella Aurine. Sabato una mattinata di Yoga e Pilates con Serena De March ed Elisa Scariot. Domenica 16 torna la musica live con Chiara e Fausto.<\/p>\n<p>&nbsp;<\/p>\n<blockquote>\n<h3>LA MOSTRA DI RENZO MIOLA<\/h3>\n<\/blockquote>\n<p><strong>AGORDO<\/strong> Dal 15 al 30 luglio alla Sala Don Tamis di Agordo verranno esposti i lavori di Renzo Miola. La mostra sar\u00e0 visitabile tutti i giorni dalle 17 alle 19:30, Mercoled\u00ec, sabato e domenica anche al mattino dalle 10 alle 12.<\/p>\n<p>&nbsp;<\/p>\n<p>&nbsp;<\/p>\n<blockquote class=\"wp-embedded-content\" data-secret=\"2W365is86N\"><p><a href=\"https:\/\/www.radiopiu.net\/wordpress\/40-anni-sui-piu-importanti-giornali-della-provincia-corriere-delle-alpi-amico-del-popolo-la-usc-di-ladins\/\">40 ANNI SUI PIU&#8217; IMPORTANTI GIORNALI DELLA PROVINCIA, CORRIERE DELLE ALPI, AMICO DEL POPOLO, LA USC DI LADINS<\/a><\/p><\/blockquote>\n<p><iframe loading=\"lazy\" class=\"wp-embedded-content\" sandbox=\"allow-scripts\" security=\"restricted\" style=\"position: absolute; clip: rect(1px, 1px, 1px, 1px);\" title=\"&#8220;40 ANNI SUI PIU&#8217; IMPORTANTI GIORNALI DELLA PROVINCIA, CORRIERE DELLE ALPI, AMICO DEL POPOLO, LA USC DI LADINS&#8221; &#8212; Radio Pi\u00f9\" src=\"https:\/\/www.radiopiu.net\/wordpress\/40-anni-sui-piu-importanti-giornali-della-provincia-corriere-delle-alpi-amico-del-popolo-la-usc-di-ladins\/embed\/#?secret=TbenxuK4dl#?secret=2W365is86N\" data-secret=\"2W365is86N\" width=\"600\" height=\"338\" frameborder=\"0\" marginwidth=\"0\" marginheight=\"0\" scrolling=\"no\"><\/iframe><\/p>\n<blockquote class=\"wp-embedded-content\" data-secret=\"TLRJKdLeTy\"><p><a href=\"https:\/\/www.radiopiu.net\/wordpress\/il-viaggio-in-terra-irlandese-con-claudia-magic-teacher-day-8-9\/\">IL VIAGGIO IN TERRA IRLANDESE CON CLAUDIA MAGIC TEACHER E IL CAMPE &#8211; in aggiornamento<\/a><\/p><\/blockquote>\n<p><iframe loading=\"lazy\" class=\"wp-embedded-content\" sandbox=\"allow-scripts\" security=\"restricted\" style=\"position: absolute; clip: rect(1px, 1px, 1px, 1px);\" title=\"&#8220;IL VIAGGIO IN TERRA IRLANDESE CON CLAUDIA MAGIC TEACHER E IL CAMPE &#8211; in aggiornamento&#8221; &#8212; Radio Pi\u00f9\" src=\"https:\/\/www.radiopiu.net\/wordpress\/il-viaggio-in-terra-irlandese-con-claudia-magic-teacher-day-8-9\/embed\/#?secret=sZpLmmoRR3#?secret=TLRJKdLeTy\" data-secret=\"TLRJKdLeTy\" width=\"600\" height=\"338\" frameborder=\"0\" marginwidth=\"0\" marginheight=\"0\" scrolling=\"no\"><\/iframe><\/p>\n<p>&nbsp;<\/p>\n<h2><span style=\"color: #ff0000;\">PROSSIMAMENTE&#8230;\u00a0<\/span><\/h2>\n<blockquote>\n<h3>UNA SERATA CON ANSELMO CAGNATI<\/h3>\n<\/blockquote>\n<p><strong>FALCADE<\/strong> Gioved\u00ec 20 luglio alle 21 alla Casa della Giovent\u00f9 di Caviola una serata con Anselmo Cagnati dal titolo &#8220;Tjikko, con i cani da slitta del grande nord&#8221;<\/p>\n<p>&nbsp;<\/p>\n<blockquote>\n<h3>LA SANTA MESSA AL COL DE SAN LUGAN<\/h3>\n<\/blockquote>\n<p><strong>TAIBON<\/strong> Sabato 22 luglio alle 10:30 al Col De San Lugan in Valle di San Lucano verr\u00e0 celebrata la Santa Messa. Pranzo al sacco.<\/p>\n<p>&nbsp;<\/p>\n<blockquote>\n<h3>LA STUA, DOVE RINASCE LO STUDIO BALLIS<\/h3>\n<\/blockquote>\n<p><strong>ALLEGHE<\/strong> Sabato 22 luglio alle 18 in Corso Venezia a Masare&#8217;, Laura Ballis con Vico Calabro&#8217; e Giovanni Sogne inaugura il nuovo studio d&#8217;arte &#8220;La Stua&#8221;, rinato dopo la tempesta Vaia dell&#8217;autunno 2018.<\/p>\n\n\t\t\t<style type='text\/css'>\n\t\t\t\t#gallery-5 {\n\t\t\t\t\tmargin: auto;\n\t\t\t\t}\n\t\t\t\t#gallery-5 .gallery-item {\n\t\t\t\t\tfloat: left;\n\t\t\t\t\tmargin-top: 10px;\n\t\t\t\t\ttext-align: center;\n\t\t\t\t\twidth: 50%;\n\t\t\t\t}\n\t\t\t\t#gallery-5 img {\n\t\t\t\t\tborder: 2px solid #cfcfcf;\n\t\t\t\t}\n\t\t\t\t#gallery-5 .gallery-caption {\n\t\t\t\t\tmargin-left: 0;\n\t\t\t\t}\n\t\t\t\t\/* see gallery_shortcode() in wp-includes\/media.php *\/\n\t\t\t<\/style>\n\t\t<div id='gallery-5' class='dt-gallery-container gallery galleryid-343231 gallery-columns-2 gallery-size-medium'><dl class='gallery-item'>\n\t\t\t\t<dt class='gallery-icon landscape'>\n\t\t\t\t\t<a class=\"rollover rollover-zoom dt-pswp-item\" title=\"prima\" data-dt-img-description=\"\" data-large_image_width=\"266\" data-large_image_height=\"162\"href='https:\/\/www.radiopiu.net\/wordpress\/wp-content\/uploads\/2023\/07\/prima.png'><img loading=\"lazy\" decoding=\"async\" width=\"266\" height=\"162\" src=\"https:\/\/www.radiopiu.net\/wordpress\/wp-content\/uploads\/2023\/07\/prima.png\" class=\"attachment-medium size-medium\" alt=\"\" aria-describedby=\"gallery-5-342762\" \/><\/a>\n\t\t\t\t<\/dt>\n\t\t\t\t\t<dd class='wp-caption-text gallery-caption' id='gallery-5-342762'>\n\t\t\t\t\tPOST VAIA\n\t\t\t\t\t<\/dd><\/dl><dl class='gallery-item'>\n\t\t\t\t<dt class='gallery-icon landscape'>\n\t\t\t\t\t<a class=\"rollover rollover-zoom dt-pswp-item\" title=\"oggi\" data-dt-img-description=\"\" data-large_image_width=\"273\" data-large_image_height=\"196\"href='https:\/\/www.radiopiu.net\/wordpress\/wp-content\/uploads\/2023\/07\/oggi.png'><img loading=\"lazy\" decoding=\"async\" width=\"273\" height=\"196\" src=\"https:\/\/www.radiopiu.net\/wordpress\/wp-content\/uploads\/2023\/07\/oggi.png\" class=\"attachment-medium size-medium\" alt=\"\" aria-describedby=\"gallery-5-342761\" \/><\/a>\n\t\t\t\t<\/dt>\n\t\t\t\t\t<dd class='wp-caption-text gallery-caption' id='gallery-5-342761'>\n\t\t\t\t\tOGGI\n\t\t\t\t\t<\/dd><\/dl><br style=\"clear: both\" \/>\n\t\t\t<\/div>\n\n<blockquote>\n<h3><\/h3>\n<h3>L&#8217;ESTATE DEI MERCATINI AD AGORDO<\/h3>\n<\/blockquote>\n<p><strong>AGORDO<\/strong> Tornano i mercatini d&#8217;estate ad Agordo. Il primo appuntamento domenica 23 luglio dalle 6 alle 19 sul Broi di Agordo con il mercatino dell&#8217;antiquariato. Per informazioni 349 3984682<\/p>\n<p>&nbsp;<\/p>\n<blockquote class=\"wp-embedded-content\" data-secret=\"5rwSUamOVp\"><p><a href=\"https:\/\/www.radiopiu.net\/wordpress\/il-programma-degli-eventi-estivi-dedicati-al-beato-papa-giovanni-paolo-i\/\">IL PROGRAMMA DEGLI EVENTI ESTIVI DEDICATI AL BEATO PAPA GIOVANNI PAOLO I<\/a><\/p><\/blockquote>\n<p><iframe loading=\"lazy\" class=\"wp-embedded-content\" sandbox=\"allow-scripts\" security=\"restricted\" style=\"position: absolute; clip: rect(1px, 1px, 1px, 1px);\" title=\"&#8220;IL PROGRAMMA DEGLI EVENTI ESTIVI DEDICATI AL BEATO PAPA GIOVANNI PAOLO I&#8221; &#8212; Radio Pi\u00f9\" src=\"https:\/\/www.radiopiu.net\/wordpress\/il-programma-degli-eventi-estivi-dedicati-al-beato-papa-giovanni-paolo-i\/embed\/#?secret=MZyoTa6atK#?secret=5rwSUamOVp\" data-secret=\"5rwSUamOVp\" width=\"600\" height=\"338\" frameborder=\"0\" marginwidth=\"0\" marginheight=\"0\" scrolling=\"no\"><\/iframe><\/p>\n<p>&nbsp;<\/p>\n<hr \/>\n<p>&nbsp;<\/p>\n<blockquote>\n<h3>APERITIVO ? MA MAI SENZA MUSICA<\/h3>\n<\/blockquote>\n<p><a class=\"dt-pswp-item\" href=\"https:\/\/www.radiopiu.net\/wordpress\/wp-content\/uploads\/2023\/07\/d86dbc06-7161-49d4-b544-90770e85269f.jpg\" data-dt-img-description=\"\" data-large_image_width=\"1448\" data-large_image_height=\"2048\"><img loading=\"lazy\" decoding=\"async\" class=\" wp-image-342766 alignleft\" src=\"https:\/\/www.radiopiu.net\/wordpress\/wp-content\/uploads\/2023\/07\/d86dbc06-7161-49d4-b544-90770e85269f-212x300.jpg\" alt=\"\" width=\"133\" height=\"189\" srcset=\"https:\/\/www.radiopiu.net\/wordpress\/wp-content\/uploads\/2023\/07\/d86dbc06-7161-49d4-b544-90770e85269f-212x300.jpg 212w, https:\/\/www.radiopiu.net\/wordpress\/wp-content\/uploads\/2023\/07\/d86dbc06-7161-49d4-b544-90770e85269f-724x1024.jpg 724w, https:\/\/www.radiopiu.net\/wordpress\/wp-content\/uploads\/2023\/07\/d86dbc06-7161-49d4-b544-90770e85269f-768x1086.jpg 768w, https:\/\/www.radiopiu.net\/wordpress\/wp-content\/uploads\/2023\/07\/d86dbc06-7161-49d4-b544-90770e85269f-1086x1536.jpg 1086w, https:\/\/www.radiopiu.net\/wordpress\/wp-content\/uploads\/2023\/07\/d86dbc06-7161-49d4-b544-90770e85269f.jpg 1448w\" sizes=\"auto, (max-width: 133px) 100vw, 133px\" \/><\/a>Dimentica la routine, concediti un momento di relax e divertimento con amici e familiari. L&#8217;aperitivo in musica all&#8217;Hotel Stella Alpina in piazza a Falcade \u00e8 l&#8217;occasione perfetta per socializzare e creare ricordi preziosi.Ogni venerd\u00ec di luglio ed agosto, l&#8217;Hotel Stella Alpina vi accoglie per una serata di puro divertimento, dalle 18 alle 21. I\u00a0venerdi di luglio ed agosto allo Stella alpina, appuntamento con la buona musica e le specialit\u00e0 che sapranno deliziarvi il palato. INFO 0437 599046. <a class=\"moz-txt-link-abbreviated\" href=\"http:\/\/WWW.HOTEL\">WWW.HOTEL<\/a> STELLA ALPINA . COM<br \/>\n<strong>VENERDI 14 LUGLIO\u00a0<\/strong> RE-UNION IN CONCERTO, dalla cucina: SERATA ROMANA CON AMATRICIANA, CACIO E PEPE.<br \/>\n<strong>VENERDI 21 LUGLIO<\/strong> IL RITORNO DEI JPM, saranno serviti PANINI CON PORCHETTA E SALSA COLESLAW<\/p>\n<p>&nbsp;<\/p>\n<p>&nbsp;<\/p>\n<hr \/>\n<p>&nbsp;<\/p>\n<blockquote>\n<h3>BEN \u201cSESSANT\u2019ANNI DI CALCIO AL MAS\u201d CON LA STORIA SCRITTA DAL FIORI BARP<\/h3>\n<\/blockquote>\n<p><strong>di Renato Bona<\/strong><\/p>\n<p>Grande appassionato di sport, non poteva che essere Roberto Bona, determinato, preciso e puntuale (tra l\u2019altro mio fratello) ad occuparsi della meticolosa ricerca che ha portato, per \u201cSessant\u2019anni di calcio al Mas\u201d, alla realizzazione del volume che porta questo titolo, e propone pagine di storia calcistica scritta dal Fiori Barp, il sodalizio che nel nome richiama \u201cun suo giovane e sfortunato figlio prematuramente scomparso\u201d. Sollecitate ed ispirate &#8211; come scrive l\u2019autore &#8211; da Arone Roni, per tantissimi anni trascinatore autentico, propositivo ed instancabile dell\u2019attivit\u00e0 del club, le oltre 130 pagine intendono \u201crendere omaggio a tutti gli attori, piccoli o grandi non fa differenza, che con le loro gesta, il loro impegno, la loro passione e il loro contributo costante e puntuale hanno permesso al sodalizio di realizzare una fantastica storia sportiva che, trascorsi pi\u00f9 di sessant\u2019anni, ha ancora tanti capitoli da vivere al meglio delle proprie possibilit\u00e0 e capacit\u00e0\u201d. In apertura, Roberto doverosamente ricorda che Fioravante \u201cFiori\u201d Barp, nato il 28 agosto 1942 ad Airolo in Svizzera dove la famiglia era emigrata per lavoro, rimase vittima di un mortale incidente nella zona di Vignole, quando non aveva ancora 19 anni; un evento tragico che colp\u00ec duramente i familiari e quindi tutta la comunit\u00e0 di Mas che veniva a perdere tragicamente \u201cun giovane talento delle due ruote che aveva saputo in soli due anni di attivit\u00e0 agonistica bruciare le tappe di una carriera sportiva che si prospettava luminosa\u201d. Capitolo dopo capitolo (in tutto 23) si fa riferimento a 62 anni di sport, e 60 di calcio, che a detta di Bona \u201crappresentano un traguardo davvero significativo e importante\u201d tagliato da \u201cquello che pur sempre rimane un piccolo sodalizio sportivo, espressione di un altrettanto piccolo centro della territorialmente vasta, ma scarsamente popolata provincia di Belluno\u201d. Quindi si possono avere notizie su \u201cFiori Barp\u201d che aveva \u201cDue ruote nel cuore\u201d e, col capitolo \u201cPolisportive\u201d, che dal 1961 ciclismo, calcio, bocce, atletica leggera, tennis, pallavolo, calcio a 5 sono le discipline che in pi\u00f9 di 60 anni si sono praticate e si praticano ancora sotto le insegne, o per meglio dire i colori, del Gruppo sportivo Fiori Barp. Apprendere poi che \u201c1963-1973\u201d sono anni magici: dal debutto alla Seconda categoria; e che \u201cIl \u2018Trofeo Bonazzola 1963\u2019, il primo titolo non si scorda mai\u201d. Non manca il richiamo alle \u201cGrandi sfide internazionali\u201d; quindi tocca a: \u201c1973-1983\u201d; \u201cUn titolo per 400 punti\u201d (in 19 campionati di terza categoria); \u201c1983-1993\u201d. \u201cLe 29 volte\u201d, \u201cVeterani\u201d, \u201c1993-2003\u201d, \u201cDario Capraro\u201d, \u201cL\u2019impresa\u201d; \u201c2003-2013\u201d; \u201cSolo chi cade pu\u00f2 risorgere\u201d; \u201cI playoff 2018\u201d; \u201c2013-2023\u201d; \u201cAlbo d\u2019oro\u201d; \u201cHall of fame\u201d (sull\u2019iniziativa, realizzata su proposta dello stesso Roberto Bona, dal direttivo della societ\u00e0 bluarancio nel dicembre 2018 allo scopo di valorizzare patrimonio, storia, cultura e valori del sodalizio fondato nell\u2019estate 1961); \u201cMomo Ibrahim\u201d dedicato al \u201cprincipe dei bomber bluarancio\u201d), per concludere con quello intitolato: \u201cIl club dei fedelissimi\u201d (rammenta che Piero Roccon \u201ccapitano di lungo corso e regista della retroguardia bluarancio\u201d, \u00e8 il giocatore che vanta il maggior numero di presenze, 278, con il Fiori Barp, distribuite in oltre dieci stagioni di militanza\u201d). Nell\u2019ultima di copertina sviene sottolineato che le vicende della \u201cPolisportiva sono indissolubilmente legate al paese di Mas ed hanno trovato nella sezione calcio una delle espressioni pi\u00f9 brillanti e longeve\u201d. Per averne conferma, lo diciamo con convinzione sincera, basta procurarsi e leggere l\u2019ottimo libro di \u201cstoria\u201d (hanno collaborato a vario titolo: Alessandro Bellencin, Devis Da Riz, Valter De Dea, Victor Fant, Arone Roni, Angelo Santel, Doriano Sponga, William Viezzer, Alessio Tomaselli di Castaldi, Cassa rurale Dolomiti, Impresa Olivotto, Ise impianto smaltimento estrazione; Areatecnica) dove si troveranno nomi, situazioni, eventi che in questa sede, per evidenti ragioni di spazio \u00e8 stato impossibile richiamare.<\/p>\n\n\t\t\t<style type='text\/css'>\n\t\t\t\t#gallery-6 {\n\t\t\t\t\tmargin: auto;\n\t\t\t\t}\n\t\t\t\t#gallery-6 .gallery-item {\n\t\t\t\t\tfloat: left;\n\t\t\t\t\tmargin-top: 10px;\n\t\t\t\t\ttext-align: center;\n\t\t\t\t\twidth: 16%;\n\t\t\t\t}\n\t\t\t\t#gallery-6 img {\n\t\t\t\t\tborder: 2px solid #cfcfcf;\n\t\t\t\t}\n\t\t\t\t#gallery-6 .gallery-caption {\n\t\t\t\t\tmargin-left: 0;\n\t\t\t\t}\n\t\t\t\t\/* see gallery_shortcode() in wp-includes\/media.php *\/\n\t\t\t<\/style>\n\t\t<div id='gallery-6' class='dt-gallery-container gallery galleryid-343231 gallery-columns-6 gallery-size-thumbnail'><dl class='gallery-item'>\n\t\t\t\t<dt class='gallery-icon portrait'>\n\t\t\t\t\t<a class=\"rollover rollover-zoom dt-pswp-item\" title=\"358524143_1182153626385913_3166320412203942282_n\" data-dt-img-description=\"\" data-large_image_width=\"320\" data-large_image_height=\"453\"href='https:\/\/www.radiopiu.net\/wordpress\/wp-content\/uploads\/2023\/07\/358524143_1182153626385913_3166320412203942282_n.jpg'><img loading=\"lazy\" decoding=\"async\" width=\"150\" height=\"150\" src=\"https:\/\/www.radiopiu.net\/wordpress\/wp-content\/uploads\/2023\/07\/358524143_1182153626385913_3166320412203942282_n-150x150.jpg\" class=\"attachment-thumbnail size-thumbnail\" alt=\"\" \/><\/a>\n\t\t\t\t<\/dt><\/dl><dl class='gallery-item'>\n\t\t\t\t<dt class='gallery-icon portrait'>\n\t\t\t\t\t<a class=\"rollover rollover-zoom dt-pswp-item\" title=\"355830852_3406727169592415_7301171997731719111_n\" data-dt-img-description=\"\" data-large_image_width=\"328\" data-large_image_height=\"403\"href='https:\/\/www.radiopiu.net\/wordpress\/wp-content\/uploads\/2023\/07\/355830852_3406727169592415_7301171997731719111_n.jpg'><img loading=\"lazy\" decoding=\"async\" width=\"150\" height=\"150\" src=\"https:\/\/www.radiopiu.net\/wordpress\/wp-content\/uploads\/2023\/07\/355830852_3406727169592415_7301171997731719111_n-150x150.jpg\" class=\"attachment-thumbnail size-thumbnail\" alt=\"\" \/><\/a>\n\t\t\t\t<\/dt><\/dl><dl class='gallery-item'>\n\t\t\t\t<dt class='gallery-icon portrait'>\n\t\t\t\t\t<a class=\"rollover rollover-zoom dt-pswp-item\" title=\"355948365_1650716545352931_4300473561591780299_n\" data-dt-img-description=\"\" data-large_image_width=\"320\" data-large_image_height=\"536\"href='https:\/\/www.radiopiu.net\/wordpress\/wp-content\/uploads\/2023\/07\/355948365_1650716545352931_4300473561591780299_n.jpg'><img loading=\"lazy\" decoding=\"async\" width=\"150\" height=\"150\" src=\"https:\/\/www.radiopiu.net\/wordpress\/wp-content\/uploads\/2023\/07\/355948365_1650716545352931_4300473561591780299_n-150x150.jpg\" class=\"attachment-thumbnail size-thumbnail\" alt=\"\" \/><\/a>\n\t\t\t\t<\/dt><\/dl><dl class='gallery-item'>\n\t\t\t\t<dt class='gallery-icon landscape'>\n\t\t\t\t\t<a class=\"rollover rollover-zoom dt-pswp-item\" title=\"355963705_976592893491167_8858248021007460229_n\" data-dt-img-description=\"\" data-large_image_width=\"620\" data-large_image_height=\"403\"href='https:\/\/www.radiopiu.net\/wordpress\/wp-content\/uploads\/2023\/07\/355963705_976592893491167_8858248021007460229_n.jpg'><img loading=\"lazy\" decoding=\"async\" width=\"150\" height=\"150\" src=\"https:\/\/www.radiopiu.net\/wordpress\/wp-content\/uploads\/2023\/07\/355963705_976592893491167_8858248021007460229_n-150x150.jpg\" class=\"attachment-thumbnail size-thumbnail\" alt=\"\" \/><\/a>\n\t\t\t\t<\/dt><\/dl><dl class='gallery-item'>\n\t\t\t\t<dt class='gallery-icon landscape'>\n\t\t\t\t\t<a class=\"rollover rollover-zoom dt-pswp-item\" title=\"358646788_208806148810208_4355902568950988188_n\" data-dt-img-description=\"\" data-large_image_width=\"576\" data-large_image_height=\"403\"href='https:\/\/www.radiopiu.net\/wordpress\/wp-content\/uploads\/2023\/07\/358646788_208806148810208_4355902568950988188_n.jpg'><img loading=\"lazy\" decoding=\"async\" width=\"150\" height=\"150\" src=\"https:\/\/www.radiopiu.net\/wordpress\/wp-content\/uploads\/2023\/07\/358646788_208806148810208_4355902568950988188_n-150x150.jpg\" class=\"attachment-thumbnail size-thumbnail\" alt=\"\" \/><\/a>\n\t\t\t\t<\/dt><\/dl><dl class='gallery-item'>\n\t\t\t\t<dt class='gallery-icon landscape'>\n\t\t\t\t\t<a class=\"rollover rollover-zoom dt-pswp-item\" title=\"355954088_271738198896941_7744967144007875353_n\" data-dt-img-description=\"\" data-large_image_width=\"670\" data-large_image_height=\"403\"href='https:\/\/www.radiopiu.net\/wordpress\/wp-content\/uploads\/2023\/07\/355954088_271738198896941_7744967144007875353_n.jpg'><img loading=\"lazy\" decoding=\"async\" width=\"150\" height=\"150\" src=\"https:\/\/www.radiopiu.net\/wordpress\/wp-content\/uploads\/2023\/07\/355954088_271738198896941_7744967144007875353_n-150x150.jpg\" class=\"attachment-thumbnail size-thumbnail\" alt=\"\" \/><\/a>\n\t\t\t\t<\/dt><\/dl><br style=\"clear: both\" \/><dl class='gallery-item'>\n\t\t\t\t<dt class='gallery-icon landscape'>\n\t\t\t\t\t<a class=\"rollover rollover-zoom dt-pswp-item\" title=\"359695704_634077495328019_3379310219281949885_n\" data-dt-img-description=\"\" data-large_image_width=\"487\" data-large_image_height=\"403\"href='https:\/\/www.radiopiu.net\/wordpress\/wp-content\/uploads\/2023\/07\/359695704_634077495328019_3379310219281949885_n.jpg'><img loading=\"lazy\" decoding=\"async\" width=\"150\" height=\"150\" src=\"https:\/\/www.radiopiu.net\/wordpress\/wp-content\/uploads\/2023\/07\/359695704_634077495328019_3379310219281949885_n-150x150.jpg\" class=\"attachment-thumbnail size-thumbnail\" alt=\"\" \/><\/a>\n\t\t\t\t<\/dt><\/dl><dl class='gallery-item'>\n\t\t\t\t<dt class='gallery-icon landscape'>\n\t\t\t\t\t<a class=\"rollover rollover-zoom dt-pswp-item\" title=\"355837448_238136635679540_2467476054072694298_n\" data-dt-img-description=\"\" data-large_image_width=\"829\" data-large_image_height=\"403\"href='https:\/\/www.radiopiu.net\/wordpress\/wp-content\/uploads\/2023\/07\/355837448_238136635679540_2467476054072694298_n.jpg'><img loading=\"lazy\" decoding=\"async\" width=\"150\" height=\"150\" src=\"https:\/\/www.radiopiu.net\/wordpress\/wp-content\/uploads\/2023\/07\/355837448_238136635679540_2467476054072694298_n-150x150.jpg\" class=\"attachment-thumbnail size-thumbnail\" alt=\"\" \/><\/a>\n\t\t\t\t<\/dt><\/dl><dl class='gallery-item'>\n\t\t\t\t<dt class='gallery-icon landscape'>\n\t\t\t\t\t<a class=\"rollover rollover-zoom dt-pswp-item\" title=\"359686979_943116386746299_8734927100276097115_n\" data-dt-img-description=\"\" data-large_image_width=\"594\" data-large_image_height=\"403\"href='https:\/\/www.radiopiu.net\/wordpress\/wp-content\/uploads\/2023\/07\/359686979_943116386746299_8734927100276097115_n.jpg'><img loading=\"lazy\" decoding=\"async\" width=\"150\" height=\"150\" src=\"https:\/\/www.radiopiu.net\/wordpress\/wp-content\/uploads\/2023\/07\/359686979_943116386746299_8734927100276097115_n-150x150.jpg\" class=\"attachment-thumbnail size-thumbnail\" alt=\"\" \/><\/a>\n\t\t\t\t<\/dt><\/dl><dl class='gallery-item'>\n\t\t\t\t<dt class='gallery-icon landscape'>\n\t\t\t\t\t<a class=\"rollover rollover-zoom dt-pswp-item\" title=\"358495133_260805999887579_8293199723347819761_n\" data-dt-img-description=\"\" data-large_image_width=\"633\" data-large_image_height=\"403\"href='https:\/\/www.radiopiu.net\/wordpress\/wp-content\/uploads\/2023\/07\/358495133_260805999887579_8293199723347819761_n.jpg'><img loading=\"lazy\" decoding=\"async\" width=\"150\" height=\"150\" src=\"https:\/\/www.radiopiu.net\/wordpress\/wp-content\/uploads\/2023\/07\/358495133_260805999887579_8293199723347819761_n-150x150.jpg\" class=\"attachment-thumbnail size-thumbnail\" alt=\"\" \/><\/a>\n\t\t\t\t<\/dt><\/dl><dl class='gallery-item'>\n\t\t\t\t<dt class='gallery-icon portrait'>\n\t\t\t\t\t<a class=\"rollover rollover-zoom dt-pswp-item\" title=\"359642919_3726168444371669_3668807419946575768_n\" data-dt-img-description=\"\" data-large_image_width=\"320\" data-large_image_height=\"472\"href='https:\/\/www.radiopiu.net\/wordpress\/wp-content\/uploads\/2023\/07\/359642919_3726168444371669_3668807419946575768_n.jpg'><img loading=\"lazy\" decoding=\"async\" width=\"150\" height=\"150\" src=\"https:\/\/www.radiopiu.net\/wordpress\/wp-content\/uploads\/2023\/07\/359642919_3726168444371669_3668807419946575768_n-150x150.jpg\" class=\"attachment-thumbnail size-thumbnail\" alt=\"\" \/><\/a>\n\t\t\t\t<\/dt><\/dl><dl class='gallery-item'>\n\t\t\t\t<dt class='gallery-icon portrait'>\n\t\t\t\t\t<a class=\"rollover rollover-zoom dt-pswp-item\" title=\"359677355_1675182279661820_7231763286431531524_n\" data-dt-img-description=\"\" data-large_image_width=\"320\" data-large_image_height=\"583\"href='https:\/\/www.radiopiu.net\/wordpress\/wp-content\/uploads\/2023\/07\/359677355_1675182279661820_7231763286431531524_n.jpg'><img loading=\"lazy\" decoding=\"async\" width=\"150\" height=\"150\" src=\"https:\/\/www.radiopiu.net\/wordpress\/wp-content\/uploads\/2023\/07\/359677355_1675182279661820_7231763286431531524_n-150x150.jpg\" class=\"attachment-thumbnail size-thumbnail\" alt=\"\" \/><\/a>\n\t\t\t\t<\/dt><\/dl><br style=\"clear: both\" \/>\n\t\t\t<\/div>\n\n<p>&nbsp;<\/p>\n<p>NELLE FOTO (riproduzioni dal libro \u201cSessant\u2019anni di calcio al Mas\u201d): la copertina del volume; il sorriso di Fioravante \u201cFiori\u201d Barp (al centro); l\u2019autore Roberto Bona; una formazione del Fiori Barp del 1964; festa per il terzo posto nel \u201cBonazzola\u201d 1963; amichevole il 10 settembre 1966 con gli elvetici del Bad Ragaz; formazione del Fiori Barp del \u201cprimo ciclo d\u2019oro\u201d (1973-1983): \u201ccena di gala\u201d ai Casoni e foto-ricordo della dirigenza; la Veterani Fiori Barp prima dell\u2019amichevole del 30 settembre 2017; Dario Capraro e il presidente Arone Roni nel giorno della promozione in Prima categoria; il bomber Momo Ibrahim; il capitano delle 278 presenze, Piero Roccon.<\/p>\n<p>&nbsp;<\/p>\n<p>&nbsp;<\/p>\n<hr \/>\n<p>&nbsp;<\/p>\n<h2><strong><a class=\"dt-pswp-item\" href=\"https:\/\/www.radiopiu.net\/wordpress\/wp-content\/uploads\/2020\/12\/DON-GIORGIO-LISE.jpg\" data-dt-img-description=\"\" data-large_image_width=\"1600\" data-large_image_height=\"901\"><img loading=\"lazy\" decoding=\"async\" class=\" wp-image-177420 alignleft\" src=\"https:\/\/www.radiopiu.net\/wordpress\/wp-content\/uploads\/2020\/12\/DON-GIORGIO-LISE-300x169.jpg\" alt=\"\" width=\"195\" height=\"110\" srcset=\"https:\/\/www.radiopiu.net\/wordpress\/wp-content\/uploads\/2020\/12\/DON-GIORGIO-LISE-300x169.jpg 300w, https:\/\/www.radiopiu.net\/wordpress\/wp-content\/uploads\/2020\/12\/DON-GIORGIO-LISE-1024x577.jpg 1024w, https:\/\/www.radiopiu.net\/wordpress\/wp-content\/uploads\/2020\/12\/DON-GIORGIO-LISE-768x432.jpg 768w, https:\/\/www.radiopiu.net\/wordpress\/wp-content\/uploads\/2020\/12\/DON-GIORGIO-LISE-1536x865.jpg 1536w, https:\/\/www.radiopiu.net\/wordpress\/wp-content\/uploads\/2020\/12\/DON-GIORGIO-LISE.jpg 1600w\" sizes=\"auto, (max-width: 195px) 100vw, 195px\" \/><\/a><\/strong><span style=\"color: #ff6600;\">DUE MINUTI PER TE<\/span><\/h2>\n<p><strong>APPUNTAMENTO DELLA DOMENICA CON IL PENSIERO DI MONSIGNOR GIORGIO LISE<\/strong><\/p>\n<audio class=\"wp-audio-shortcode\" id=\"audio-343231-5\" preload=\"none\" style=\"width: 100%;\" controls=\"controls\"><source type=\"audio\/mpeg\" src=\"https:\/\/www.radiopiu.net\/wordpress\/wp-content\/uploads\/2023\/07\/DON-GIORGIO.mp3?_=5\" \/><a href=\"https:\/\/www.radiopiu.net\/wordpress\/wp-content\/uploads\/2023\/07\/DON-GIORGIO.mp3\">https:\/\/www.radiopiu.net\/wordpress\/wp-content\/uploads\/2023\/07\/DON-GIORGIO.mp3<\/a><\/audio>\n<p>&nbsp;<\/p>\n<hr \/>\n<p>&nbsp;<\/p>\n<div dir=\"auto\">\n<div class=\"message spoilers-container\" dir=\"auto\">\n<div>\n<div class=\"b654a4as d2edcug0\">\n<div class=\"rq0escxv hkbzh7o3 jwdofwj8 n8tt0mok r8blr3vg hyh9befq\">\n<p><a class=\"dt-pswp-item\" href=\"https:\/\/www.radiopiu.net\/wordpress\/wp-content\/uploads\/2020\/10\/pp.jpg\" data-dt-img-description=\"\" data-large_image_width=\"640\" data-large_image_height=\"640\"><img loading=\"lazy\" decoding=\"async\" class=\"wp-image-163678 alignleft\" src=\"https:\/\/www.radiopiu.net\/wordpress\/wp-content\/uploads\/2020\/10\/pp-300x300.jpg\" alt=\"\" width=\"106\" height=\"106\" srcset=\"https:\/\/www.radiopiu.net\/wordpress\/wp-content\/uploads\/2020\/10\/pp-300x300.jpg 300w, https:\/\/www.radiopiu.net\/wordpress\/wp-content\/uploads\/2020\/10\/pp-150x150.jpg 150w, https:\/\/www.radiopiu.net\/wordpress\/wp-content\/uploads\/2020\/10\/pp-125x125.jpg 125w, https:\/\/www.radiopiu.net\/wordpress\/wp-content\/uploads\/2020\/10\/pp-200x200.jpg 200w, https:\/\/www.radiopiu.net\/wordpress\/wp-content\/uploads\/2020\/10\/pp-80x80.jpg 80w, https:\/\/www.radiopiu.net\/wordpress\/wp-content\/uploads\/2020\/10\/pp-480x480.jpg 480w, https:\/\/www.radiopiu.net\/wordpress\/wp-content\/uploads\/2020\/10\/pp.jpg 640w\" sizes=\"auto, (max-width: 106px) 100vw, 106px\" \/><\/a><\/p>\n<\/div>\n<\/div>\n<\/div>\n<\/div>\n<div class=\"message spoilers-container\" dir=\"auto\">\n<div class=\"page-title-head hgroup\">\n<div class=\"page-title-head hgroup\">\n<div class=\"b654a4as d2edcug0\">\n<div class=\"j83agx80 btwxx1t3 lhclo0ds hop8lmos nkwizq5d scwd0bx6 roh60bw9\">\n<div class=\"rq0escxv hkbzh7o3 jwdofwj8 n8tt0mok r8blr3vg hyh9befq\">\n<div class=\"do00u71z l9j0dhe7 k4urcfbm\" style=\"text-align: left;\">\n<h2><span style=\"color: #000080;\">DON CESARE, IL PENSIERO DEL GIORNO. ALLA RADIO ALLE 7 DEL MATTINO E ALLE 19.30 DELLA SERA<\/span><\/h2>\n<\/div>\n<\/div>\n<\/div>\n<\/div>\n<\/div>\n<\/div>\n<\/div>\n<\/div>\n<div class=\"message spoilers-container\" dir=\"auto\">\n<div class=\"column\">\n<div class=\"message spoilers-container\" dir=\"auto\">\n<div class=\"column\">\n<audio class=\"wp-audio-shortcode\" id=\"audio-343231-6\" preload=\"none\" style=\"width: 100%;\" controls=\"controls\"><source type=\"audio\/mpeg\" src=\"https:\/\/www.radiopiu.net\/wordpress\/wp-content\/uploads\/2023\/07\/CESARE-6.mp3?_=6\" \/><a href=\"https:\/\/www.radiopiu.net\/wordpress\/wp-content\/uploads\/2023\/07\/CESARE-6.mp3\">https:\/\/www.radiopiu.net\/wordpress\/wp-content\/uploads\/2023\/07\/CESARE-6.mp3<\/a><\/audio>\n<p>&nbsp;<\/p>\n<hr \/>\n<p>&nbsp;<\/p>\n<h2><strong><a class=\"dt-pswp-item\" href=\"https:\/\/www.radiopiu.net\/wordpress\/wp-content\/uploads\/2020\/09\/FALCADE-1.jpg\" data-dt-img-description=\"\" data-large_image_width=\"960\" data-large_image_height=\"720\"><img loading=\"lazy\" decoding=\"async\" class=\" wp-image-163186 alignleft\" src=\"https:\/\/www.radiopiu.net\/wordpress\/wp-content\/uploads\/2020\/09\/FALCADE-1-300x225.jpg\" alt=\"\" width=\"151\" height=\"113\" srcset=\"https:\/\/www.radiopiu.net\/wordpress\/wp-content\/uploads\/2020\/09\/FALCADE-1-300x225.jpg 300w, https:\/\/www.radiopiu.net\/wordpress\/wp-content\/uploads\/2020\/09\/FALCADE-1-768x576.jpg 768w, https:\/\/www.radiopiu.net\/wordpress\/wp-content\/uploads\/2020\/09\/FALCADE-1-640x480.jpg 640w, https:\/\/www.radiopiu.net\/wordpress\/wp-content\/uploads\/2020\/09\/FALCADE-1.jpg 960w\" sizes=\"auto, (max-width: 151px) 100vw, 151px\" \/><\/a><\/strong><span style=\"color: #800080;\">LA RASSEGNA STAMPA DA L&#8217;AMICO DEL POPOLO<\/span><\/h2>\n<p><strong>di Gianni Santomaso<\/strong><\/p>\n<p>OSPITE: Flavio Murer<\/p>\n<audio class=\"wp-audio-shortcode\" id=\"audio-343231-7\" preload=\"none\" style=\"width: 100%;\" controls=\"controls\"><source type=\"audio\/mpeg\" src=\"https:\/\/www.radiopiu.net\/wordpress\/wp-content\/uploads\/2023\/07\/RASSEGNA-GIANNI-1.mp3?_=7\" \/><a href=\"https:\/\/www.radiopiu.net\/wordpress\/wp-content\/uploads\/2023\/07\/RASSEGNA-GIANNI-1.mp3\">https:\/\/www.radiopiu.net\/wordpress\/wp-content\/uploads\/2023\/07\/RASSEGNA-GIANNI-1.mp3<\/a><\/audio>\n<p>&nbsp;<\/p>\n<hr \/>\n<p>&nbsp;<\/p>\n<p><img loading=\"lazy\" decoding=\"async\" class=\"aligncenter wp-image-61954 size-full\" src=\"https:\/\/www.radiopiu.net\/wordpress\/wp-content\/uploads\/2018\/09\/viabilita.jpeg\" sizes=\"auto, (max-width: 800px) 100vw, 800px\" srcset=\"https:\/\/www.radiopiu.net\/wordpress\/wp-content\/uploads\/2018\/09\/viabilita.jpeg 800w, https:\/\/www.radiopiu.net\/wordpress\/wp-content\/uploads\/2018\/09\/viabilita-300x38.jpeg 300w, https:\/\/www.radiopiu.net\/wordpress\/wp-content\/uploads\/2018\/09\/viabilita-768x96.jpeg 768w\" alt=\"\" width=\"800\" height=\"100\" \/><\/p>\n<\/div>\n<\/div>\n<div class=\"message spoilers-container\" dir=\"auto\">\n<div class=\"column\">\n<p>&nbsp;<\/p>\n<\/div>\n<\/div>\n<\/div>\n<\/div>\n<blockquote class=\"wp-embedded-content\" data-secret=\"MnngzNUuPg\"><p><a href=\"https:\/\/www.radiopiu.net\/wordpress\/viabilita\/\">viabilita<\/a><\/p><\/blockquote>\n<p><iframe loading=\"lazy\" class=\"wp-embedded-content\" sandbox=\"allow-scripts\" security=\"restricted\" style=\"position: absolute; clip: rect(1px, 1px, 1px, 1px);\" title=\"&#8220;viabilita&#8221; &#8212; Radio Pi\u00f9\" src=\"https:\/\/www.radiopiu.net\/wordpress\/viabilita\/embed\/#?secret=ILfBk812Bq#?secret=MnngzNUuPg\" data-secret=\"MnngzNUuPg\" width=\"600\" height=\"338\" frameborder=\"0\" marginwidth=\"0\" marginheight=\"0\" scrolling=\"no\"><\/iframe><\/p>\n<div class=\"message spoilers-container\" dir=\"auto\">\n<div class=\"column\">\n<div class=\"message spoilers-container\" dir=\"auto\">\n<div class=\"column\">\n<div>\n<div dir=\"ltr\">\n<div class=\"gmail_quote\">\n<div dir=\"ltr\">\n<div><\/div>\n<div>\n<hr \/>\n<\/div>\n<div><a class=\"dt-pswp-item\" href=\"https:\/\/www.radiopiu.net\/wordpress\/wp-content\/uploads\/2023\/06\/07493af4-f8e1-4ce3-bb99-e0a40362939f.jpg\" data-dt-img-description=\"\" data-large_image_width=\"1417\" data-large_image_height=\"1481\"><img loading=\"lazy\" decoding=\"async\" class=\"wp-image-339869 aligncenter\" src=\"https:\/\/www.radiopiu.net\/wordpress\/wp-content\/uploads\/2023\/06\/07493af4-f8e1-4ce3-bb99-e0a40362939f-980x1024.jpg\" alt=\"\" width=\"382\" height=\"399\" srcset=\"https:\/\/www.radiopiu.net\/wordpress\/wp-content\/uploads\/2023\/06\/07493af4-f8e1-4ce3-bb99-e0a40362939f-980x1024.jpg 980w, https:\/\/www.radiopiu.net\/wordpress\/wp-content\/uploads\/2023\/06\/07493af4-f8e1-4ce3-bb99-e0a40362939f-287x300.jpg 287w, https:\/\/www.radiopiu.net\/wordpress\/wp-content\/uploads\/2023\/06\/07493af4-f8e1-4ce3-bb99-e0a40362939f-768x803.jpg 768w, https:\/\/www.radiopiu.net\/wordpress\/wp-content\/uploads\/2023\/06\/07493af4-f8e1-4ce3-bb99-e0a40362939f.jpg 1417w\" sizes=\"auto, (max-width: 382px) 100vw, 382px\" \/><\/a><\/div>\n<div><\/div>\n<\/div>\n<\/div>\n<\/div>\n<\/div>\n<hr \/>\n<p>&nbsp;<\/p>\n<p><a class=\"dt-pswp-item\" href=\"https:\/\/www.radiopiu.net\/wordpress\/wp-content\/uploads\/2018\/09\/WhatsApp-Image-2018-09-20-at-16.04.06.jpeg\" data-dt-img-description=\"\" data-large_image_width=\"800\" data-large_image_height=\"100\"><img loading=\"lazy\" decoding=\"async\" class=\"wp-image-61378 size-full aligncenter\" src=\"https:\/\/www.radiopiu.net\/wordpress\/wp-content\/uploads\/2018\/09\/WhatsApp-Image-2018-09-20-at-16.04.06.jpeg\" alt=\"\" width=\"800\" height=\"100\" srcset=\"https:\/\/www.radiopiu.net\/wordpress\/wp-content\/uploads\/2018\/09\/WhatsApp-Image-2018-09-20-at-16.04.06.jpeg 800w, https:\/\/www.radiopiu.net\/wordpress\/wp-content\/uploads\/2018\/09\/WhatsApp-Image-2018-09-20-at-16.04.06-300x38.jpeg 300w, https:\/\/www.radiopiu.net\/wordpress\/wp-content\/uploads\/2018\/09\/WhatsApp-Image-2018-09-20-at-16.04.06-768x96.jpeg 768w\" sizes=\"auto, (max-width: 800px) 100vw, 800px\" \/><\/a><\/p>\n<\/div>\n<\/div>\n<div class=\"message spoilers-container\" dir=\"auto\">\n<p>&nbsp;<\/p>\n<p><center><b>OGGI<\/b><\/center><b>Tempo atteso: <\/b>Al mattino ben soleggiato con cielo sereno o poco nuvoloso. Nel corso della giornata graduale e modesto aumento della nuvolosit\u00e0 a partire dalle cime dolomitiche, con eventuali fenomeni pomeridiani che saranno, tuttavia, molto scarsi o assenti.<br \/>\n<b>Precipitazioni: <\/b>Assenti (0%) al mattino, non del tutto esclusi (0-10%) nel pomeriggio sulle Dolomiti per fenomeni brevi e isolati o del tutto assenti.<br \/>\n<b>Temperature: <\/b>In ulteriore lieve aumento e superiori alla norma di 4-6\u00b0C. Clima estivo e moderatamente pi\u00f9 caldo per il periodo<\/p>\n<hr \/>\n<p><center><b>DOMANI<\/b><\/center><b>Tempo atteso: <\/b>Al mattino nelle prime ore cielo ancora sereno o poco nuvoloso; in seguito, graduale aumento della nuvolosit\u00e0 a sviluppo cumuliforme, con fenomeni pressoch\u00e8 assenti o eventualmente qualche isolato fenomeno pomeridiano.<br \/>\n<b>Precipitazioni: <\/b>Al mattino assenti (0%). Nel pomeriggio generalmente assenti, salvo qualche isolata e breve precipitazione sulle Dolomiti (0-10%).<br \/>\n<b>Temperature: <\/b>Minime stazionarie o in ulteriore lieve aumento specie in quota, massime pressoch\u00e8 stazionarie, ad eccezione di qualche lieve calo nelle valli, su valori ancora superiori alla norma. Clima estivo.<\/p>\n<hr \/>\n<p><center><b>MERCOLEDI<\/b><\/center>Giornata pi\u00f9 variabile rispetto alle precedenti, a tratti anche instabile nel corso del pomeriggio e della sera con fenomeni da locali a sparsi, anche a carattere di rovescio o di temporale. Temperature minime senza variazioni di rilievo nelle valli in lieve aumento in alta montagna, massime in diminuzione, con clima diurno pi\u00f9 fresco rispetto ai giorni precedenti.<\/p>\n<hr \/>\n<p><center><b>GIOVEDI<\/b><\/center>Giornata ancora variabile a tratti anche instabile con fenomeni da sparsi a diffusi anche a carattere di rovescio o di temporale. Temperature in diminuzione. Clima diurno pi\u00f9 fresco rispetto mercoled\u00ec con temperature pi\u00f9 consone al periodo.<\/p>\n<\/div>\n<p>&nbsp;<\/p>\n<div class=\"message spoilers-container\" dir=\"auto\">\n<hr \/>\n<p>&nbsp;<\/p>\n<p><a class=\"dt-pswp-item\" href=\"https:\/\/www.radiopiu.net\/wordpress\/wp-content\/uploads\/2018\/09\/sport.jpg\" data-dt-img-description=\"\" data-large_image_width=\"800\" data-large_image_height=\"100\"><img loading=\"lazy\" decoding=\"async\" class=\"aligncenter wp-image-60761 size-full\" src=\"https:\/\/www.radiopiu.net\/wordpress\/wp-content\/uploads\/2018\/09\/sport.jpg\" alt=\"\" width=\"800\" height=\"100\" srcset=\"https:\/\/www.radiopiu.net\/wordpress\/wp-content\/uploads\/2018\/09\/sport.jpg 800w, https:\/\/www.radiopiu.net\/wordpress\/wp-content\/uploads\/2018\/09\/sport-300x38.jpg 300w, https:\/\/www.radiopiu.net\/wordpress\/wp-content\/uploads\/2018\/09\/sport-768x96.jpg 768w\" sizes=\"auto, (max-width: 800px) 100vw, 800px\" \/><\/a><\/p>\n<\/div>\n<div class=\"message spoilers-container\" dir=\"auto\">\n<p>&nbsp;<\/p>\n<p><span style=\"color: #0000ff;\"><strong>CALCIO<\/strong><\/span><\/p>\n<blockquote>\n<h3>GOSALDO, CANALE, FODOM E VALLADA STRAPPANO IL PASS PER I QUARTI DI FINALE DEL MEMORIAL ATTILIO MORETTI<\/h3>\n<\/blockquote>\n<p><strong><a class=\"dt-pswp-item\" href=\"https:\/\/www.radiopiu.net\/wordpress\/wp-content\/uploads\/2022\/03\/CALCIO-2022.jpg\" data-dt-img-description=\"\" data-large_image_width=\"1920\" data-large_image_height=\"1281\"><img loading=\"lazy\" decoding=\"async\" class=\" wp-image-265514 alignleft\" src=\"https:\/\/www.radiopiu.net\/wordpress\/wp-content\/uploads\/2022\/03\/CALCIO-2022-300x200.jpg\" alt=\"\" width=\"219\" height=\"146\" srcset=\"https:\/\/www.radiopiu.net\/wordpress\/wp-content\/uploads\/2022\/03\/CALCIO-2022-300x200.jpg 300w, https:\/\/www.radiopiu.net\/wordpress\/wp-content\/uploads\/2022\/03\/CALCIO-2022-1024x683.jpg 1024w, https:\/\/www.radiopiu.net\/wordpress\/wp-content\/uploads\/2022\/03\/CALCIO-2022-768x512.jpg 768w, https:\/\/www.radiopiu.net\/wordpress\/wp-content\/uploads\/2022\/03\/CALCIO-2022-1536x1025.jpg 1536w, https:\/\/www.radiopiu.net\/wordpress\/wp-content\/uploads\/2022\/03\/CALCIO-2022.jpg 1920w\" sizes=\"auto, (max-width: 219px) 100vw, 219px\" \/><\/a>Di Marco Gaz<\/strong><\/p>\n<p><strong>REDAZIONE <\/strong>Gosaldo, Canale, Fodom e Vallada sono le quattro squadre che accedono ai quarti di finale del Memorial Attilio Moretti. Domenica prossima il terzultimo fine settimana del Campionato Agordino sui campi di Gosaldo e Voltago. Nella prima partita di Taibon il Gosaldo si aggiudica il derby del Poi contro il Rivamonte e accede ai quarti dove trover\u00e0 il Taibon. Sorpresa a Vallada dove il Caprile viene superato di misura da un Canale sornione che ha sbloccato la partita con un calcio di rigore per poi chiudersi in difesa. Il Fodom fa un sol boccone dell\u2019Alleghe, massimo risultato con il minimo sforzo per gli orsetti. Il Vallada domina con il Cencenighe e strappa il pass per i quarti di finale.<\/p>\n<p><strong>I RISULTATI DEI MINIOTTAVI DI FINALE: <\/strong>Rivamonte \u2013 Gosaldo 0-2, Caprile \u2013 Canale 0-1, Fodom \u2013 Alleghe 5-0, Vallada \u2013 Cencenighe 4-1.<\/p>\n<p><strong>PROSSIMO TURNO QUARTI DI FINALE <\/strong>A Voltago: alle 15 Le Ville \u2013 Fodom, alle 17:30 Voltago \u2013 Canale. A Gosaldo: alle 15 La Valle \u2013 Vallada, alle 17:30 Taibon \u2013 Gosaldo<\/p>\n<p>&nbsp;<\/p>\n<blockquote>\n<h3>CAMPIONATO AGORDINO UNDER 14: IL LA VALLE E&#8217; GIA&#8217; IN SEMIFINALE<\/h3>\n<\/blockquote>\n<p><strong><a class=\"dt-pswp-item\" href=\"https:\/\/www.radiopiu.net\/wordpress\/wp-content\/uploads\/2023\/04\/calcio-dangolo-2023.jpg\" data-dt-img-description=\"\" data-large_image_width=\"1920\" data-large_image_height=\"1270\"><img loading=\"lazy\" decoding=\"async\" class=\" wp-image-330971 alignleft\" src=\"https:\/\/www.radiopiu.net\/wordpress\/wp-content\/uploads\/2023\/04\/calcio-dangolo-2023-300x198.jpg\" alt=\"\" width=\"183\" height=\"121\" srcset=\"https:\/\/www.radiopiu.net\/wordpress\/wp-content\/uploads\/2023\/04\/calcio-dangolo-2023-300x198.jpg 300w, https:\/\/www.radiopiu.net\/wordpress\/wp-content\/uploads\/2023\/04\/calcio-dangolo-2023-1024x677.jpg 1024w, https:\/\/www.radiopiu.net\/wordpress\/wp-content\/uploads\/2023\/04\/calcio-dangolo-2023-768x508.jpg 768w, https:\/\/www.radiopiu.net\/wordpress\/wp-content\/uploads\/2023\/04\/calcio-dangolo-2023-1536x1016.jpg 1536w, https:\/\/www.radiopiu.net\/wordpress\/wp-content\/uploads\/2023\/04\/calcio-dangolo-2023.jpg 1920w\" sizes=\"auto, (max-width: 183px) 100vw, 183px\" \/><\/a>di Marco Gaz<\/strong><\/p>\n<p><strong>AGORDO<\/strong> Continua anche il torneo Agordino dedicato ai giovani Under 14. Nel fine settimana si sono giocate le partite valide per il sesto turno di campionato e a due turni dal termine della stagione regolare il La Valle \u00e8 l\u2019unica squadra che si \u00e8 aggiudicata matematicamente le semifinali in programma a Cernadoi il 22 Luglio. Canale e Taibon seguono in classifica e alle due formazioni finaliste della scorsa edizione basta una vittoria per strappare il pass alla fase finale. Cencenighe e Vallada sono le due formazioni che con due giornate di anticipo perdono le speranze per accedere alle semifinali. Il La Valle sotterra di gol il Vallada. Ben 11 reti realizzate dai lavallesi nello scontro andato in scena a La Valle. Match combattuto a Canale dove i padroni di casa vincono di misura contro il Cencenighe. Il Fodom rimane in corsa per una qualificazione diretta alla fase finale dopo la vittoria racimolata a Voltago nello scontro diretto con il Le Ville. A Boscoverde di Rocca Pietore il Taibon supera il Caprile con un punteggio tennistico. Intanto stasera verr\u00e0 recuperata l\u2019ultima sfida che non si era giocata nelle scorse settimane, quella tra Caprile e Le Ville<\/p>\n<p><strong>I RISULTATI DELLA SESTA GIORNATA:<\/strong> La Valle \u2013 Vallada 11-0, Canale \u2013 Cencenighe 1-0, Le Ville \u2013 Fodom 2-4, Caprile \u2013 Taibon 0-6<\/p>\n<p><strong>LA CLASSIFICA:<\/strong><strong>\u00a0<\/strong>La Valle 16, Canale 15, Taibon 13, Caprile* 9, Le Ville* e Fodom 6, Cencenighe 3, Vallada 0 (*una partita in meno)<\/p>\n<p>&nbsp;<\/p>\n<p><span style=\"color: #0000ff;\"><strong>PALLAVOLO<\/strong><\/span><\/p>\n<blockquote>\n<h3>SARTORI PREPARATORE ATLETICO DEL BELLUNO VOLLEY TEAM<\/h3>\n<\/blockquote>\n<p><strong><a class=\"dt-pswp-item\" href=\"https:\/\/www.radiopiu.net\/wordpress\/wp-content\/uploads\/2023\/07\/Sartori_confermato_nello_staff.jpg\" data-dt-img-description=\"\" data-large_image_width=\"1225\" data-large_image_height=\"816\"><img loading=\"lazy\" decoding=\"async\" class=\" wp-image-343238 alignleft\" src=\"https:\/\/www.radiopiu.net\/wordpress\/wp-content\/uploads\/2023\/07\/Sartori_confermato_nello_staff-300x200.jpg\" alt=\"\" width=\"140\" height=\"93\" srcset=\"https:\/\/www.radiopiu.net\/wordpress\/wp-content\/uploads\/2023\/07\/Sartori_confermato_nello_staff-300x200.jpg 300w, https:\/\/www.radiopiu.net\/wordpress\/wp-content\/uploads\/2023\/07\/Sartori_confermato_nello_staff-1024x682.jpg 1024w, https:\/\/www.radiopiu.net\/wordpress\/wp-content\/uploads\/2023\/07\/Sartori_confermato_nello_staff-768x512.jpg 768w, https:\/\/www.radiopiu.net\/wordpress\/wp-content\/uploads\/2023\/07\/Sartori_confermato_nello_staff.jpg 1225w\" sizes=\"auto, (max-width: 140px) 100vw, 140px\" \/><\/a>BELLUNO <\/strong>C\u2019\u00e8 l\u2019allenatore, Gian Luca Colussi. Cos\u00ec come il vice, Matteo De Cecco. E, di recente, \u00e8 arrivata la conferma del fisioterapista: Luca Gallina. Ma lo staff di una grande squadra non pu\u00f2 prescindere da un\u2019altra figura centrale: un <b>preparatore atletico<\/b> di spessore, con professionalit\u00e0, un ampio bagaglio di conoscenze e anche la capacit\u00e0 di entrare in empatia con il gruppo.<span class=\"gmail-Apple-converted-space\"> \u00a0<\/span>Il profilo \u00e8 troppo pretenzioso? No, perch\u00e9 un identikit di questo tipo il Belluno Volley lo ha trovato da tempo: \u00e8 quello di <b>Sergio Sartori<\/b>. Il quale continuer\u00e0 a curare la parte fisica e atletica del collettivo bellunese. E a garantire il carburante necessario ai rinoceronti.<span class=\"gmail-Apple-converted-space\">\u00a0<\/span><\/p>\n<p>&nbsp;<\/p>\n<p><span style=\"color: #0000ff;\"><strong>MOTORI<\/strong><\/span><\/p>\n<blockquote>\n<h3>FINALMENTE UN SORRISO PER ANDREA FONTANA<\/h3>\n<\/blockquote>\n<p><strong><a class=\"dt-pswp-item\" href=\"https:\/\/www.radiopiu.net\/wordpress\/wp-content\/uploads\/2023\/07\/aeec3b65-d470-4631-9e63-b2e2635e7c3e.jpg\" data-dt-img-description=\"\" data-large_image_width=\"1600\" data-large_image_height=\"1066\"><img loading=\"lazy\" decoding=\"async\" class=\" wp-image-343383 alignleft\" src=\"https:\/\/www.radiopiu.net\/wordpress\/wp-content\/uploads\/2023\/07\/aeec3b65-d470-4631-9e63-b2e2635e7c3e-300x200.jpg\" alt=\"\" width=\"188\" height=\"125\" srcset=\"https:\/\/www.radiopiu.net\/wordpress\/wp-content\/uploads\/2023\/07\/aeec3b65-d470-4631-9e63-b2e2635e7c3e-300x200.jpg 300w, https:\/\/www.radiopiu.net\/wordpress\/wp-content\/uploads\/2023\/07\/aeec3b65-d470-4631-9e63-b2e2635e7c3e-1024x682.jpg 1024w, https:\/\/www.radiopiu.net\/wordpress\/wp-content\/uploads\/2023\/07\/aeec3b65-d470-4631-9e63-b2e2635e7c3e-768x512.jpg 768w, https:\/\/www.radiopiu.net\/wordpress\/wp-content\/uploads\/2023\/07\/aeec3b65-d470-4631-9e63-b2e2635e7c3e-1536x1023.jpg 1536w, https:\/\/www.radiopiu.net\/wordpress\/wp-content\/uploads\/2023\/07\/aeec3b65-d470-4631-9e63-b2e2635e7c3e.jpg 1600w\" sizes=\"auto, (max-width: 188px) 100vw, 188px\" \/><\/a>MUGELLO<\/strong><\/p>\n<p>di Roberto Bona<\/p>\n<audio class=\"wp-audio-shortcode\" id=\"audio-343231-8\" preload=\"none\" style=\"width: 100%;\" controls=\"controls\"><source type=\"audio\/mpeg\" src=\"https:\/\/www.radiopiu.net\/wordpress\/wp-content\/uploads\/2023\/07\/gr-10-sport-andrea-fontana-bona.mp3?_=8\" \/><a href=\"https:\/\/www.radiopiu.net\/wordpress\/wp-content\/uploads\/2023\/07\/gr-10-sport-andrea-fontana-bona.mp3\">https:\/\/www.radiopiu.net\/wordpress\/wp-content\/uploads\/2023\/07\/gr-10-sport-andrea-fontana-bona.mp3<\/a><\/audio>\n<p>&nbsp;<\/p>\n<blockquote>\n<h3>PER FILIPPO FANT UN FINE SETTIMANA AGRODOLCE AL MUGELLO<\/h3>\n<\/blockquote>\n<p><strong><a class=\"dt-pswp-item\" href=\"https:\/\/www.radiopiu.net\/wordpress\/wp-content\/uploads\/2023\/07\/99f02d27-49c7-44b5-946f-522a36bd3ef7.jpg\" data-dt-img-description=\"\" data-large_image_width=\"1200\" data-large_image_height=\"800\"><img loading=\"lazy\" decoding=\"async\" class=\" wp-image-343385 alignleft\" src=\"https:\/\/www.radiopiu.net\/wordpress\/wp-content\/uploads\/2023\/07\/99f02d27-49c7-44b5-946f-522a36bd3ef7-300x200.jpg\" alt=\"\" width=\"180\" height=\"120\" srcset=\"https:\/\/www.radiopiu.net\/wordpress\/wp-content\/uploads\/2023\/07\/99f02d27-49c7-44b5-946f-522a36bd3ef7-300x200.jpg 300w, https:\/\/www.radiopiu.net\/wordpress\/wp-content\/uploads\/2023\/07\/99f02d27-49c7-44b5-946f-522a36bd3ef7-1024x683.jpg 1024w, https:\/\/www.radiopiu.net\/wordpress\/wp-content\/uploads\/2023\/07\/99f02d27-49c7-44b5-946f-522a36bd3ef7-768x512.jpg 768w, https:\/\/www.radiopiu.net\/wordpress\/wp-content\/uploads\/2023\/07\/99f02d27-49c7-44b5-946f-522a36bd3ef7.jpg 1200w\" sizes=\"auto, (max-width: 180px) 100vw, 180px\" \/><\/a>MUGELLO<\/strong><\/p>\n<p>di Roberto Bona<\/p>\n<p>(foto: BMW Italia)<\/p>\n<audio class=\"wp-audio-shortcode\" id=\"audio-343231-9\" preload=\"none\" style=\"width: 100%;\" controls=\"controls\"><source type=\"audio\/mpeg\" src=\"https:\/\/www.radiopiu.net\/wordpress\/wp-content\/uploads\/2023\/07\/gr-10-sport-fant-mugello-bona.mp3?_=9\" \/><a href=\"https:\/\/www.radiopiu.net\/wordpress\/wp-content\/uploads\/2023\/07\/gr-10-sport-fant-mugello-bona.mp3\">https:\/\/www.radiopiu.net\/wordpress\/wp-content\/uploads\/2023\/07\/gr-10-sport-fant-mugello-bona.mp3<\/a><\/audio>\n<p>&nbsp;<\/p>\n<p><span style=\"color: #0000ff;\"><strong>MOUNTAIN BIKE<\/strong><\/span><\/p>\n<blockquote>\n<h3>DOWNHILL MTB: MARCO CADORIN FA BOTTINO PIENO SUL PASSO DEL TONALE<\/h3>\n<\/blockquote>\n<p><strong>di Marco Gaz<\/strong><\/p>\n<p>Nella gara di downhill del circuito ION CUP tenutasi sabato a Passo Tonale, il vincitore assoluto \u00e8 stato Marco Cadorin di Listolade del team Massive Racing Revolution, allenato da Daniele Frani di Canale d&#8217;Agordo. Cadorin ha conquistato sia la categoria di appartenenza che il primo posto assoluto. Degni di nota sono anche i risultati di categoria, con il 5\u00b0 posto di Alessandro Ganz di Falcade, l&#8217;8\u00b0 posto di Steve Voltolini di Agordo, il 10\u00b0 posto di Erik De Nardin, il 14\u00b0 posto di Logan De Nardin e il 20\u00b0 posto di Mattia Sanapo.<\/p>\n\n\t\t\t<style type='text\/css'>\n\t\t\t\t#gallery-7 {\n\t\t\t\t\tmargin: auto;\n\t\t\t\t}\n\t\t\t\t#gallery-7 .gallery-item {\n\t\t\t\t\tfloat: left;\n\t\t\t\t\tmargin-top: 10px;\n\t\t\t\t\ttext-align: center;\n\t\t\t\t\twidth: 20%;\n\t\t\t\t}\n\t\t\t\t#gallery-7 img {\n\t\t\t\t\tborder: 2px solid #cfcfcf;\n\t\t\t\t}\n\t\t\t\t#gallery-7 .gallery-caption {\n\t\t\t\t\tmargin-left: 0;\n\t\t\t\t}\n\t\t\t\t\/* see gallery_shortcode() in wp-includes\/media.php *\/\n\t\t\t<\/style>\n\t\t<div id='gallery-7' class='dt-gallery-container gallery galleryid-343231 gallery-columns-5 gallery-size-thumbnail'><dl class='gallery-item'>\n\t\t\t\t<dt class='gallery-icon portrait'>\n\t\t\t\t\t<a class=\"rollover rollover-zoom dt-pswp-item\" title=\"d928d1ce-384d-4fdc-9d70-948099f2eb9c\" data-dt-img-description=\"\" data-large_image_width=\"1200\" data-large_image_height=\"1600\"href='https:\/\/www.radiopiu.net\/wordpress\/wp-content\/uploads\/2023\/07\/d928d1ce-384d-4fdc-9d70-948099f2eb9c.jpg'><img loading=\"lazy\" decoding=\"async\" width=\"150\" height=\"150\" src=\"https:\/\/www.radiopiu.net\/wordpress\/wp-content\/uploads\/2023\/07\/d928d1ce-384d-4fdc-9d70-948099f2eb9c-150x150.jpg\" class=\"attachment-thumbnail size-thumbnail\" alt=\"\" \/><\/a>\n\t\t\t\t<\/dt><\/dl><dl class='gallery-item'>\n\t\t\t\t<dt class='gallery-icon portrait'>\n\t\t\t\t\t<a class=\"rollover rollover-zoom dt-pswp-item\" title=\"e59ecc8f-6e89-43f1-9e38-043d4b2371c4\" data-dt-img-description=\"\" data-large_image_width=\"1200\" data-large_image_height=\"1600\"href='https:\/\/www.radiopiu.net\/wordpress\/wp-content\/uploads\/2023\/07\/e59ecc8f-6e89-43f1-9e38-043d4b2371c4.jpg'><img loading=\"lazy\" decoding=\"async\" width=\"150\" height=\"150\" src=\"https:\/\/www.radiopiu.net\/wordpress\/wp-content\/uploads\/2023\/07\/e59ecc8f-6e89-43f1-9e38-043d4b2371c4-150x150.jpg\" class=\"attachment-thumbnail size-thumbnail\" alt=\"\" \/><\/a>\n\t\t\t\t<\/dt><\/dl><dl class='gallery-item'>\n\t\t\t\t<dt class='gallery-icon portrait'>\n\t\t\t\t\t<a class=\"rollover rollover-zoom dt-pswp-item\" title=\"907d6a8c-68a0-4316-b901-09eed9b129fc\" data-dt-img-description=\"\" data-large_image_width=\"1200\" data-large_image_height=\"1600\"href='https:\/\/www.radiopiu.net\/wordpress\/wp-content\/uploads\/2023\/07\/907d6a8c-68a0-4316-b901-09eed9b129fc.jpg'><img loading=\"lazy\" decoding=\"async\" width=\"150\" height=\"150\" src=\"https:\/\/www.radiopiu.net\/wordpress\/wp-content\/uploads\/2023\/07\/907d6a8c-68a0-4316-b901-09eed9b129fc-150x150.jpg\" class=\"attachment-thumbnail size-thumbnail\" alt=\"\" \/><\/a>\n\t\t\t\t<\/dt><\/dl><dl class='gallery-item'>\n\t\t\t\t<dt class='gallery-icon portrait'>\n\t\t\t\t\t<a class=\"rollover rollover-zoom dt-pswp-item\" title=\"4d9d667a-8915-40a1-aadd-20efb21b1a72\" data-dt-img-description=\"\" data-large_image_width=\"1078\" data-large_image_height=\"1440\"href='https:\/\/www.radiopiu.net\/wordpress\/wp-content\/uploads\/2023\/07\/4d9d667a-8915-40a1-aadd-20efb21b1a72.jpg'><img loading=\"lazy\" decoding=\"async\" width=\"150\" height=\"150\" src=\"https:\/\/www.radiopiu.net\/wordpress\/wp-content\/uploads\/2023\/07\/4d9d667a-8915-40a1-aadd-20efb21b1a72-150x150.jpg\" class=\"attachment-thumbnail size-thumbnail\" alt=\"\" \/><\/a>\n\t\t\t\t<\/dt><\/dl><dl class='gallery-item'>\n\t\t\t\t<dt class='gallery-icon portrait'>\n\t\t\t\t\t<a class=\"rollover rollover-zoom dt-pswp-item\" title=\"cc257aa5-4966-4729-9b1d-70595435eaea\" data-dt-img-description=\"\" data-large_image_width=\"1078\" data-large_image_height=\"1440\"href='https:\/\/www.radiopiu.net\/wordpress\/wp-content\/uploads\/2023\/07\/cc257aa5-4966-4729-9b1d-70595435eaea.jpg'><img loading=\"lazy\" decoding=\"async\" width=\"150\" height=\"150\" src=\"https:\/\/www.radiopiu.net\/wordpress\/wp-content\/uploads\/2023\/07\/cc257aa5-4966-4729-9b1d-70595435eaea-150x150.jpg\" class=\"attachment-thumbnail size-thumbnail\" alt=\"\" \/><\/a>\n\t\t\t\t<\/dt><\/dl><br style=\"clear: both\" \/>\n\t\t\t<\/div>\n\n<p>&nbsp;<\/p>\n<blockquote>\n<h3>SI CHIUDE ALLA GRANDE L&#8217;ALPAGO BIKE FUNTASTIC<\/h3>\n<\/blockquote>\n<p><strong><a class=\"dt-pswp-item\" href=\"https:\/\/www.radiopiu.net\/wordpress\/wp-content\/uploads\/2021\/06\/travel-cycling-mountain-vacation-lifestyle_1150-1017.jpeg\" data-dt-img-description=\"\" data-large_image_width=\"626\" data-large_image_height=\"417\"><img loading=\"lazy\" decoding=\"async\" class=\" wp-image-214682 alignleft\" src=\"https:\/\/www.radiopiu.net\/wordpress\/wp-content\/uploads\/2021\/06\/travel-cycling-mountain-vacation-lifestyle_1150-1017-300x200.jpeg\" alt=\"\" width=\"165\" height=\"110\" srcset=\"https:\/\/www.radiopiu.net\/wordpress\/wp-content\/uploads\/2021\/06\/travel-cycling-mountain-vacation-lifestyle_1150-1017-300x200.jpeg 300w, https:\/\/www.radiopiu.net\/wordpress\/wp-content\/uploads\/2021\/06\/travel-cycling-mountain-vacation-lifestyle_1150-1017.jpeg 626w\" sizes=\"auto, (max-width: 165px) 100vw, 165px\" \/><\/a>ALPAGO <\/strong>Lo spettacolo della mountain bike giovanile ha chiuso l\u2019edizione 2023 di Alpago Bike Funtastic, la tre giorni (7-9 luglio) dedicata alla mountain bike e proposta dalla Societ\u00e0 ciclistica Chies a Lamosano di Chies d\u2019Alpago (Belluno). Dopo il venerd\u00ec dedicato al campionato italiano di short track e il sabato alla finale delle Internazionali d\u2019Italia Series, la domenica ha visto protagonisti i ragazzi delle categorie Esordienti e Allievi, impegnati nelle gare nazionali. Sono stati quasi trecento gli under 14 e gli under 16 che si sono sfidati sui sentieri di Lamosano, alcuni provenienti anche dall\u2019estero. Questi i\u00a0vincitori delle diverse categorie.\u00a0Esordienti I anno: Nicole Trampus (Caprivesi) e Davide Grigi (Team Alba Orobia bike). Esordienti II anno: Sophie Messmer (For Fun) e Dejak Lenart (Mtb Trail Center Kocevje, Slovenia).\u00a0Allievi I anno: Nicole Azzetti (Four Es) e Jacopo Putaggio (Ucla 1991).\u00a0Allievi II anno: Sabrina Rizzi (Jams\u2019 bike team Buja) ed Ettore Fabbro (Jams\u2019 bike team Buja).<\/p>\n<p>&nbsp;<\/p>\n<p>&nbsp;<\/p>\n<p>&nbsp;<\/p>\n<\/div>\n<\/div>\n<\/div>\n","protected":false},"excerpt":{"rendered":"<p>40esimo di RADIOPIU\u2026. LA VOCE DELL\u2019EMOZIONE ISCRIVITI AL NOSTRO CANALE\u00a0\u00a0YOUTUBE PER SEGUIRE IN DIRETTA I PRINCIPALI PROGRAMMI DI RADIO PIU\u2019 E LE FUTURE DIRETTE IN ESTERNA. PER ISCRIVERTI\u00a0CLICCA QUI\u00a0E PREMI\u00a0 \u201cIscriviti\u201d\u00a0 &nbsp; &nbsp; &nbsp; STRADA PER IL DURAN, DEVIAZIONI IN LOCO SP347 DEL DURAN E CEREDA: localit\u00e0 Lantrago La Valle. Fino al 11 luglio chiusura&hellip;<\/p>\n","protected":false},"author":4,"featured_media":343399,"comment_status":"closed","ping_status":"closed","sticky":false,"template":"","format":"standard","meta":{"_monsterinsights_skip_tracking":false,"_monsterinsights_sitenote_active":false,"_monsterinsights_sitenote_note":"","_monsterinsights_sitenote_category":0,"footnotes":""},"categories":[51,86,49],"tags":[],"class_list":["post-343231","post","type-post","status-publish","format-standard","has-post-thumbnail","hentry","category-evidenza-top","category-gr","category-news-18","category-51","category-86","category-49","description-off"],"img_url":"https:\/\/www.radiopiu.net\/wordpress\/wp-content\/uploads\/2023\/07\/Senza-nome-9.png","_links":{"self":[{"href":"https:\/\/www.radiopiu.net\/wordpress\/wp-json\/wp\/v2\/posts\/343231","targetHints":{"allow":["GET"]}}],"collection":[{"href":"https:\/\/www.radiopiu.net\/wordpress\/wp-json\/wp\/v2\/posts"}],"about":[{"href":"https:\/\/www.radiopiu.net\/wordpress\/wp-json\/wp\/v2\/types\/post"}],"author":[{"embeddable":true,"href":"https:\/\/www.radiopiu.net\/wordpress\/wp-json\/wp\/v2\/users\/4"}],"replies":[{"embeddable":true,"href":"https:\/\/www.radiopiu.net\/wordpress\/wp-json\/wp\/v2\/comments?post=343231"}],"version-history":[{"count":0,"href":"https:\/\/www.radiopiu.net\/wordpress\/wp-json\/wp\/v2\/posts\/343231\/revisions"}],"wp:featuredmedia":[{"embeddable":true,"href":"https:\/\/www.radiopiu.net\/wordpress\/wp-json\/wp\/v2\/media\/343399"}],"wp:attachment":[{"href":"https:\/\/www.radiopiu.net\/wordpress\/wp-json\/wp\/v2\/media?parent=343231"}],"wp:term":[{"taxonomy":"category","embeddable":true,"href":"https:\/\/www.radiopiu.net\/wordpress\/wp-json\/wp\/v2\/categories?post=343231"},{"taxonomy":"post_tag","embeddable":true,"href":"https:\/\/www.radiopiu.net\/wordpress\/wp-json\/wp\/v2\/tags?post=343231"}],"curies":[{"name":"wp","href":"https:\/\/api.w.org\/{rel}","templated":true}]}}