{"id":343307,"date":"2023-07-09T10:25:44","date_gmt":"2023-07-09T08:25:44","guid":{"rendered":"https:\/\/www.radiopiu.net\/wordpress\/?p=343307"},"modified":"2023-07-09T12:54:04","modified_gmt":"2023-07-09T10:54:04","slug":"dillo-a-radio-piu-la-mancata-precedenza-ai-pedoni","status":"publish","type":"post","link":"https:\/\/www.radiopiu.net\/wordpress\/dillo-a-radio-piu-la-mancata-precedenza-ai-pedoni\/","title":{"rendered":"DILLO A RADIO PIU&#8217;&#8230;LA MANCATA PRECEDENZA AI PEDONI"},"content":{"rendered":"<p><strong><a class=\"dt-pswp-item\" href=\"https:\/\/www.radiopiu.net\/wordpress\/wp-content\/uploads\/2021\/10\/CENCENIGHE-4.jpg\" data-dt-img-description=\"\" data-large_image_width=\"1920\" data-large_image_height=\"1080\"><img loading=\"lazy\" decoding=\"async\" class=\" wp-image-237925 alignleft\" src=\"https:\/\/www.radiopiu.net\/wordpress\/wp-content\/uploads\/2021\/10\/CENCENIGHE-4-300x169.jpg\" alt=\"\" width=\"188\" height=\"106\" srcset=\"https:\/\/www.radiopiu.net\/wordpress\/wp-content\/uploads\/2021\/10\/CENCENIGHE-4-300x169.jpg 300w, https:\/\/www.radiopiu.net\/wordpress\/wp-content\/uploads\/2021\/10\/CENCENIGHE-4-1024x576.jpg 1024w, https:\/\/www.radiopiu.net\/wordpress\/wp-content\/uploads\/2021\/10\/CENCENIGHE-4-768x432.jpg 768w, https:\/\/www.radiopiu.net\/wordpress\/wp-content\/uploads\/2021\/10\/CENCENIGHE-4-1536x864.jpg 1536w, https:\/\/www.radiopiu.net\/wordpress\/wp-content\/uploads\/2021\/10\/CENCENIGHE-4.jpg 1920w\" sizes=\"auto, (max-width: 188px) 100vw, 188px\" \/><\/a>REDAZIONE<\/strong> Riceviamo e pubblichiamo una lettera arrivata in redazione riguardo alle mancate precedenze ai pedoni sulle strisce pedonali e l&#8217;alta velocit\u00e0 delle auto che transitano in centro a Cencenighe sulla 203 Agordina.<\/p>\n<blockquote><p>Ieri in via Roma eravamo io e altri tre familiari messi davanti alle strisce aspettando ovviamente la precedenza non data da minimo 10 auto la macchina alla mia destra si ferm\u00f2 mentre la macchina di sinistra sfrecciando delinquentemente si accorse di noi solo all&#8217;ultimo secondo arrivando a 5 cm da noi prima di fermarsi e solo sentendoci urlare ha frenato. Se noi pedoni non ci accorgevamo forse \u00e8 dico forse\u00a0 noi 3 ragazzi eravamo salvi o avevamo la meno peggio perch\u00e9 con i riflessi pronti forse qualcosa potevamo fare ma la nonna 80enne se le vista proprio brutta. \u00c8 una cosa intollerabile che in un centro abitato si sfrecci a certe velocit\u00e0. E sta mania di non dare precedenza ai pedoni&#8230;.<\/p><\/blockquote>\n<p>&nbsp;<\/p>\n<p>&nbsp;<\/p>\n<p>******<\/p>\n","protected":false},"excerpt":{"rendered":"<p>REDAZIONE Riceviamo e pubblichiamo una lettera arrivata in redazione riguardo alle mancate precedenze ai pedoni sulle strisce pedonali e l&#8217;alta velocit\u00e0 delle auto che transitano in centro a Cencenighe sulla 203 Agordina. Ieri in via Roma eravamo io e altri tre familiari messi davanti alle strisce aspettando ovviamente la precedenza non data da minimo 10&hellip;<\/p>\n","protected":false},"author":4,"featured_media":237925,"comment_status":"closed","ping_status":"closed","sticky":false,"template":"","format":"standard","meta":{"_monsterinsights_skip_tracking":false,"_monsterinsights_sitenote_active":false,"_monsterinsights_sitenote_note":"","_monsterinsights_sitenote_category":0,"footnotes":""},"categories":[49],"tags":[],"class_list":["post-343307","post","type-post","status-publish","format-standard","has-post-thumbnail","hentry","category-news-18","category-49","description-off"],"img_url":"https:\/\/www.radiopiu.net\/wordpress\/wp-content\/uploads\/2021\/10\/CENCENIGHE-4.jpg","_links":{"self":[{"href":"https:\/\/www.radiopiu.net\/wordpress\/wp-json\/wp\/v2\/posts\/343307","targetHints":{"allow":["GET"]}}],"collection":[{"href":"https:\/\/www.radiopiu.net\/wordpress\/wp-json\/wp\/v2\/posts"}],"about":[{"href":"https:\/\/www.radiopiu.net\/wordpress\/wp-json\/wp\/v2\/types\/post"}],"author":[{"embeddable":true,"href":"https:\/\/www.radiopiu.net\/wordpress\/wp-json\/wp\/v2\/users\/4"}],"replies":[{"embeddable":true,"href":"https:\/\/www.radiopiu.net\/wordpress\/wp-json\/wp\/v2\/comments?post=343307"}],"version-history":[{"count":0,"href":"https:\/\/www.radiopiu.net\/wordpress\/wp-json\/wp\/v2\/posts\/343307\/revisions"}],"wp:featuredmedia":[{"embeddable":true,"href":"https:\/\/www.radiopiu.net\/wordpress\/wp-json\/wp\/v2\/media\/237925"}],"wp:attachment":[{"href":"https:\/\/www.radiopiu.net\/wordpress\/wp-json\/wp\/v2\/media?parent=343307"}],"wp:term":[{"taxonomy":"category","embeddable":true,"href":"https:\/\/www.radiopiu.net\/wordpress\/wp-json\/wp\/v2\/categories?post=343307"},{"taxonomy":"post_tag","embeddable":true,"href":"https:\/\/www.radiopiu.net\/wordpress\/wp-json\/wp\/v2\/tags?post=343307"}],"curies":[{"name":"wp","href":"https:\/\/api.w.org\/{rel}","templated":true}]}}