{"id":343349,"date":"2023-07-09T20:27:17","date_gmt":"2023-07-09T18:27:17","guid":{"rendered":"https:\/\/www.radiopiu.net\/wordpress\/?p=343349"},"modified":"2023-07-09T20:27:17","modified_gmt":"2023-07-09T18:27:17","slug":"la-giornata-del-soccorso-alpino-si-chiude-con-altri-tre-interventi","status":"publish","type":"post","link":"https:\/\/www.radiopiu.net\/wordpress\/la-giornata-del-soccorso-alpino-si-chiude-con-altri-tre-interventi\/","title":{"rendered":"LA GIORNATA DEL SOCCORSO ALPINO SI CHIUDE CON ALTRI TRE INTERVENTI"},"content":{"rendered":"<p><strong><a class=\"dt-pswp-item\" href=\"https:\/\/www.radiopiu.net\/wordpress\/wp-content\/uploads\/2023\/07\/Watermark_20230709_194225_218.jpg\" data-dt-img-description=\"\" data-large_image_width=\"2364\" data-large_image_height=\"1773\"><img loading=\"lazy\" decoding=\"async\" class=\" wp-image-343378 alignleft\" src=\"https:\/\/www.radiopiu.net\/wordpress\/wp-content\/uploads\/2023\/07\/Watermark_20230709_194225_218-300x225.jpg\" alt=\"\" width=\"187\" height=\"140\" srcset=\"https:\/\/www.radiopiu.net\/wordpress\/wp-content\/uploads\/2023\/07\/Watermark_20230709_194225_218-300x225.jpg 300w, https:\/\/www.radiopiu.net\/wordpress\/wp-content\/uploads\/2023\/07\/Watermark_20230709_194225_218-1024x768.jpg 1024w, https:\/\/www.radiopiu.net\/wordpress\/wp-content\/uploads\/2023\/07\/Watermark_20230709_194225_218-768x576.jpg 768w, https:\/\/www.radiopiu.net\/wordpress\/wp-content\/uploads\/2023\/07\/Watermark_20230709_194225_218-1536x1152.jpg 1536w, https:\/\/www.radiopiu.net\/wordpress\/wp-content\/uploads\/2023\/07\/Watermark_20230709_194225_218-2048x1536.jpg 2048w\" sizes=\"auto, (max-width: 187px) 100vw, 187px\" \/><\/a>CHIES D&#8217;ALPAGO <\/strong>Alle 15.30 circa l&#8217;elicottero del Suem di Pieve di Cadore \u00e8 intervenuto sul Monte Venal, a Chies d&#8217;Alpago, per un parapendio precipitato. Una volta individuato dell&#8217;equipaggio, il pilota, un 44enne di Gatteo a Mare (FC), fermo sul pendio erboso con un probabile trauma al ginocchio, \u00e8 stato recuperato dal tecnico di elisoccorso con un verricello di 20 metri e trasportato a Belluno.<\/p>\n<p><strong>CORTINA <\/strong>Di seguito l&#8217;eliambulanza \u00e8 volata in Tofana a Cortina, dove un alpinista di 48 anni di Cavarzere (VE) era bloccato sul 12\u00b0 tiro della via E\u00f6tv\u00f6s &#8211; Dimai. L&#8217;alpinista \u00e8 stato recuperato con un verricello di 60 metri.<\/p>\n<p><strong>COMELICO SUPERIORE <\/strong>Il Soccorso alpino della Val Comelico \u00e8 invece andata in aiuto di un escursionista che si sentiva poco bene. Il 25enne di Dolo (VE), che stava percorrendo con un&#8217;altra persona un sentiero sotto il Rifugio Lunelli, Comelico Superiore, \u00e8 stato raggiunto dai soccorritori e accompagnato alla sua macchina.<\/p>\n<p>&nbsp;<\/p>\n<p>&nbsp;<\/p>\n<p>******<\/p>\n","protected":false},"excerpt":{"rendered":"<p>CHIES D&#8217;ALPAGO Alle 15.30 circa l&#8217;elicottero del Suem di Pieve di Cadore \u00e8 intervenuto sul Monte Venal, a Chies d&#8217;Alpago, per un parapendio precipitato. Una volta individuato dell&#8217;equipaggio, il pilota, un 44enne di Gatteo a Mare (FC), fermo sul pendio erboso con un probabile trauma al ginocchio, \u00e8 stato recuperato dal tecnico di elisoccorso con&hellip;<\/p>\n","protected":false},"author":4,"featured_media":343378,"comment_status":"closed","ping_status":"closed","sticky":false,"template":"","format":"standard","meta":{"_monsterinsights_skip_tracking":false,"_monsterinsights_sitenote_active":false,"_monsterinsights_sitenote_note":"","_monsterinsights_sitenote_category":0,"footnotes":""},"categories":[51,49],"tags":[],"class_list":["post-343349","post","type-post","status-publish","format-standard","has-post-thumbnail","hentry","category-evidenza-top","category-news-18","category-51","category-49","description-off"],"img_url":"https:\/\/www.radiopiu.net\/wordpress\/wp-content\/uploads\/2023\/07\/Watermark_20230709_194225_218.jpg","_links":{"self":[{"href":"https:\/\/www.radiopiu.net\/wordpress\/wp-json\/wp\/v2\/posts\/343349","targetHints":{"allow":["GET"]}}],"collection":[{"href":"https:\/\/www.radiopiu.net\/wordpress\/wp-json\/wp\/v2\/posts"}],"about":[{"href":"https:\/\/www.radiopiu.net\/wordpress\/wp-json\/wp\/v2\/types\/post"}],"author":[{"embeddable":true,"href":"https:\/\/www.radiopiu.net\/wordpress\/wp-json\/wp\/v2\/users\/4"}],"replies":[{"embeddable":true,"href":"https:\/\/www.radiopiu.net\/wordpress\/wp-json\/wp\/v2\/comments?post=343349"}],"version-history":[{"count":0,"href":"https:\/\/www.radiopiu.net\/wordpress\/wp-json\/wp\/v2\/posts\/343349\/revisions"}],"wp:featuredmedia":[{"embeddable":true,"href":"https:\/\/www.radiopiu.net\/wordpress\/wp-json\/wp\/v2\/media\/343378"}],"wp:attachment":[{"href":"https:\/\/www.radiopiu.net\/wordpress\/wp-json\/wp\/v2\/media?parent=343349"}],"wp:term":[{"taxonomy":"category","embeddable":true,"href":"https:\/\/www.radiopiu.net\/wordpress\/wp-json\/wp\/v2\/categories?post=343349"},{"taxonomy":"post_tag","embeddable":true,"href":"https:\/\/www.radiopiu.net\/wordpress\/wp-json\/wp\/v2\/tags?post=343349"}],"curies":[{"name":"wp","href":"https:\/\/api.w.org\/{rel}","templated":true}]}}