{"id":343353,"date":"2023-07-09T15:23:36","date_gmt":"2023-07-09T13:23:36","guid":{"rendered":"https:\/\/www.radiopiu.net\/wordpress\/?p=343353"},"modified":"2023-07-09T15:23:36","modified_gmt":"2023-07-09T13:23:36","slug":"dillo-a-radio-piu-lalta-velocita-a-cencenighe","status":"publish","type":"post","link":"https:\/\/www.radiopiu.net\/wordpress\/dillo-a-radio-piu-lalta-velocita-a-cencenighe\/","title":{"rendered":"DILLO A RADIO PIU&#8217;&#8230;.L&#8217;ALTA VELOCITA&#8217; A CENCENIGHE"},"content":{"rendered":"<p><strong><a class=\"dt-pswp-item\" href=\"https:\/\/www.radiopiu.net\/wordpress\/wp-content\/uploads\/2021\/10\/CENCENIGHE-3.jpg\" data-dt-img-description=\"\" data-large_image_width=\"1920\" data-large_image_height=\"1080\"><img loading=\"lazy\" decoding=\"async\" class=\" wp-image-237924 alignleft\" src=\"https:\/\/www.radiopiu.net\/wordpress\/wp-content\/uploads\/2021\/10\/CENCENIGHE-3-300x169.jpg\" alt=\"\" width=\"185\" height=\"104\" srcset=\"https:\/\/www.radiopiu.net\/wordpress\/wp-content\/uploads\/2021\/10\/CENCENIGHE-3-300x169.jpg 300w, https:\/\/www.radiopiu.net\/wordpress\/wp-content\/uploads\/2021\/10\/CENCENIGHE-3-1024x576.jpg 1024w, https:\/\/www.radiopiu.net\/wordpress\/wp-content\/uploads\/2021\/10\/CENCENIGHE-3-768x432.jpg 768w, https:\/\/www.radiopiu.net\/wordpress\/wp-content\/uploads\/2021\/10\/CENCENIGHE-3-1536x864.jpg 1536w, https:\/\/www.radiopiu.net\/wordpress\/wp-content\/uploads\/2021\/10\/CENCENIGHE-3.jpg 1920w\" sizes=\"auto, (max-width: 185px) 100vw, 185px\" \/><\/a>REDAZIONE\u00a0<\/strong>Riceviamo e pubblichiamo una lettera di un nostro ascoltatore dopo le segnalazioni delle alte velocit\u00e0 a Cencenighe<\/p>\n<blockquote><p>Sto seguendo con estremo interesse la serie di lettere, giunteVi da persone come me, indignate e preoccupate per il modo in cui una larga parte di autoveicoli transitano per la SR 203 a Cencenighe Ag. Giustissimo prendersela con la maleducazione dei conducenti, ma altres\u00ec doveroso richiamare l\u2019attenzione di coloro che le norme del CdS dovrebbero farle rispettare, intervenendo inoltre con una serie di provvedimenti tali da garantire miglior vivibilit\u00e0 e sicurezza a tutti noi residenti. Non si comprende come mai, lungo via Roma, data la ristrettezza della sede stradale, oltre alla mancanza di marciapiede, non ci sia un sacrosanto limite di velocit\u00e0 30 Km\/h. Limite di velocit\u00e0 che non sarebbe male estenderlo in via XX Settembre fino all\u2019area di servizio Bully. Si prenda esempio dal vicino Comune di Agordo, dove tale limite \u00e8 stato posto lungo la SR 203. E questo nonostante lo stesso centro, sia stato reso meno trafficato, grazie alla tangenziale. Le colonnine Autovelox vanno inoltre poste in funzione, e la si smetta di dire che servono unicamente a fare cassa per i Comuni. Mi chiedo con che frequenza siano operative le tre poste nel territorio comunale, presumo nemmeno una sola volta al mese. Mi riesce altrimenti difficile concepire il motivo, per il quale molti veicoli transitino con velocit\u00e0 assurde, superiori di qualche decina di Km orari, oltre il limite previsto. Lo stesso dicasi per disinvolti pericolosissimi sorpassi. Comprendo che per un piccolo Comune, con un solo addetto di Polizia Locale, sia una cosa difficile e problematica. Si intervenga allora rivolgendosi ad operatori esterni. Lo stesso dicasi per i controlli da parte di CC e forze di Polizia, che riscontro sempre meno presenti lungo le nostre strade. Anche su questo aspetto, si prenda esempio dal confinante Comune di San Tomaso, con le sacrosante sanzioni inflitte, grazie all\u2019Autovelox di Avoscan. Espediente servito per disciplinare maggiormente il transito in tale localit\u00e0, da parte di tanti trasgressori. Se poi ancora non bastasse, doveroso pensare a provvedimenti ancora pi\u00f9 restrittivi come il posizionamento di cordoli e dossi stradali, il cui effetto \u00e8 certamente quello di limitare la velocit\u00e0 ai tanti (TROPPI) conducenti indisciplinati. Interveniamo presto, prima che anche il nostro paese possa balzare agli onori della cronaca come Casal Palocco e Santo Stefano di C. Solo per citare gli ultimissimi tragici eventi.<\/p>\n<p>Claudio<\/p><\/blockquote>\n<p>&nbsp;<\/p>\n<p>&nbsp;<\/p>\n<p>*******<\/p>\n","protected":false},"excerpt":{"rendered":"<p>REDAZIONE\u00a0Riceviamo e pubblichiamo una lettera di un nostro ascoltatore dopo le segnalazioni delle alte velocit\u00e0 a Cencenighe Sto seguendo con estremo interesse la serie di lettere, giunteVi da persone come me, indignate e preoccupate per il modo in cui una larga parte di autoveicoli transitano per la SR 203 a Cencenighe Ag. Giustissimo prendersela con&hellip;<\/p>\n","protected":false},"author":4,"featured_media":237924,"comment_status":"closed","ping_status":"closed","sticky":false,"template":"","format":"standard","meta":{"_monsterinsights_skip_tracking":false,"_monsterinsights_sitenote_active":false,"_monsterinsights_sitenote_note":"","_monsterinsights_sitenote_category":0,"footnotes":""},"categories":[49],"tags":[],"class_list":["post-343353","post","type-post","status-publish","format-standard","has-post-thumbnail","hentry","category-news-18","category-49","description-off"],"img_url":"https:\/\/www.radiopiu.net\/wordpress\/wp-content\/uploads\/2021\/10\/CENCENIGHE-3.jpg","_links":{"self":[{"href":"https:\/\/www.radiopiu.net\/wordpress\/wp-json\/wp\/v2\/posts\/343353","targetHints":{"allow":["GET"]}}],"collection":[{"href":"https:\/\/www.radiopiu.net\/wordpress\/wp-json\/wp\/v2\/posts"}],"about":[{"href":"https:\/\/www.radiopiu.net\/wordpress\/wp-json\/wp\/v2\/types\/post"}],"author":[{"embeddable":true,"href":"https:\/\/www.radiopiu.net\/wordpress\/wp-json\/wp\/v2\/users\/4"}],"replies":[{"embeddable":true,"href":"https:\/\/www.radiopiu.net\/wordpress\/wp-json\/wp\/v2\/comments?post=343353"}],"version-history":[{"count":0,"href":"https:\/\/www.radiopiu.net\/wordpress\/wp-json\/wp\/v2\/posts\/343353\/revisions"}],"wp:featuredmedia":[{"embeddable":true,"href":"https:\/\/www.radiopiu.net\/wordpress\/wp-json\/wp\/v2\/media\/237924"}],"wp:attachment":[{"href":"https:\/\/www.radiopiu.net\/wordpress\/wp-json\/wp\/v2\/media?parent=343353"}],"wp:term":[{"taxonomy":"category","embeddable":true,"href":"https:\/\/www.radiopiu.net\/wordpress\/wp-json\/wp\/v2\/categories?post=343353"},{"taxonomy":"post_tag","embeddable":true,"href":"https:\/\/www.radiopiu.net\/wordpress\/wp-json\/wp\/v2\/tags?post=343353"}],"curies":[{"name":"wp","href":"https:\/\/api.w.org\/{rel}","templated":true}]}}