{"id":343381,"date":"2023-07-11T05:27:17","date_gmt":"2023-07-11T03:27:17","guid":{"rendered":"https:\/\/www.radiopiu.net\/wordpress\/?p=343381"},"modified":"2023-07-11T06:01:14","modified_gmt":"2023-07-11T04:01:14","slug":"giornale-radiopiu-11-luglio-2023-direttore-mirko-mezzacasada-40-anni-25-giugno-1983-25-giugno-2023","status":"publish","type":"post","link":"https:\/\/www.radiopiu.net\/wordpress\/giornale-radiopiu-11-luglio-2023-direttore-mirko-mezzacasada-40-anni-25-giugno-1983-25-giugno-2023\/","title":{"rendered":"GIORNALE RADIOPIU 11 LUGLIO 2023 DIRETTORE MIRKO MEZZACASA\u2026DA 40 ANNI 25 GIUGNO 1983-25 GIUGNO 2023"},"content":{"rendered":"<h2 style=\"text-align: left;\"><span style=\"color: #ff0000;\"><span style=\"vertical-align: inherit;\"><a class=\"dt-pswp-item\" href=\"https:\/\/www.radiopiu.net\/wordpress\/wp-content\/uploads\/2023\/04\/e0aad41d-951e-47b9-9fae-1a879a9bcb7e-1.jpg\" data-dt-img-description=\"\" data-large_image_width=\"1200\" data-large_image_height=\"1200\"><img loading=\"lazy\" decoding=\"async\" class=\"wp-image-333205 alignleft\" src=\"https:\/\/www.radiopiu.net\/wordpress\/wp-content\/uploads\/2023\/04\/e0aad41d-951e-47b9-9fae-1a879a9bcb7e-1-300x300.jpg\" alt=\"\" width=\"110\" height=\"110\" srcset=\"https:\/\/www.radiopiu.net\/wordpress\/wp-content\/uploads\/2023\/04\/e0aad41d-951e-47b9-9fae-1a879a9bcb7e-1-300x300.jpg 300w, https:\/\/www.radiopiu.net\/wordpress\/wp-content\/uploads\/2023\/04\/e0aad41d-951e-47b9-9fae-1a879a9bcb7e-1-1024x1024.jpg 1024w, https:\/\/www.radiopiu.net\/wordpress\/wp-content\/uploads\/2023\/04\/e0aad41d-951e-47b9-9fae-1a879a9bcb7e-1-150x150.jpg 150w, https:\/\/www.radiopiu.net\/wordpress\/wp-content\/uploads\/2023\/04\/e0aad41d-951e-47b9-9fae-1a879a9bcb7e-1-768x768.jpg 768w, https:\/\/www.radiopiu.net\/wordpress\/wp-content\/uploads\/2023\/04\/e0aad41d-951e-47b9-9fae-1a879a9bcb7e-1.jpg 1200w\" sizes=\"auto, (max-width: 110px) 100vw, 110px\" \/><\/a><\/span><\/span><\/h2>\n<h1 class=\"entry-title\">40esimo di RADIOPIU\u2026. LA VOCE DELL\u2019EMOZIONE<\/h1>\n<h2><span style=\"color: #ff0000;\">ISCRIVITI AL NOSTRO CANALE\u00a0\u00a0YOUTUBE PER SEGUIRE IN DIRETTA I PRINCIPALI PROGRAMMI DI RADIO PIU\u2019 E LE FUTURE DIRETTE IN ESTERNA. PER ISCRIVERTI\u00a0<a style=\"color: #ff0000;\" href=\"https:\/\/youtube.com\/@radiopiu1527\">CLICCA QUI\u00a0<\/a>E PREMI\u00a0 \u201cIscriviti\u201d\u00a0<\/span><\/h2>\n<p>&nbsp;<\/p>\n<p>Oggi si terranno delle prove sismiche nel centro di Belluno, mediante fucile sismico. Saranno udibili dei botti o colpi lungo l&#8217; arco dell&#8217; intera giornata. Chiusure e limitazioni al traffico veicolare e pedonale reperibili al seguente link: <span style=\"color: #0000ff;\"><strong><a style=\"color: #0000ff;\" href=\"https:\/\/www.comune.belluno.it\/amministrazione-info\/divieto-di-sosta-e-circolazione-nelle-vie-psaro-30-aprile-porta-dante-e-piazza-dei-martiri?fbclid=IwAR3YQpZLkYHMggLxahbxDbz-MivAlvA8YWqHnGN3lNrOCfSX_jbV9znO8wo\">CLICCA QUI<\/a><\/strong><\/span><\/p>\n<p>&nbsp;<\/p>\n<hr \/>\n<p>&nbsp;<\/p>\n<blockquote>\n<h2>STRADA PER IL DURAN, DEVIAZIONI IN LOCO<\/h2>\n<\/blockquote>\n<p><strong>SP347 DEL DURAN E CEREDA:<\/strong> localit\u00e0 Lantrago La Valle. <span style=\"color: #ff0000;\">Fino al 11 luglio<\/span> chiusura totale al traffico della strada per il Passo Duran per lavori di allargamento del Ponte Lantrago e sistemazione della carreggiata. percorso alternativo consigliato: CROSTOLIN-GAIDON\u00a0 strada comunale interdetta al transito dei veicoli con larghezza superiore ai 2 metri e 40 centimetri.<\/p>\n<p>&nbsp;<\/p>\n<p>&nbsp;<\/p>\n<hr \/>\n<p>&nbsp;<\/p>\n<blockquote>\n<h3>SAVINER-DIGONERA<\/h3>\n<\/blockquote>\n<p><strong>ROCCA PIETORE<\/strong> Fino al 28 luglio la strada di Digonera sar\u00e0 di nuovo interdetta al traffico dalle 8 del luned\u00ec alle 18 di venerd\u00ec e nel fine settimana istituzione di un senso unico alternato regolato da semaforo e limite di velocit\u00e0 a 30 km\/h.<\/p>\n<p>&nbsp;<\/p>\n<hr \/>\n<p>&nbsp;<\/p>\n<blockquote>\n<h3>FINO AL 18 AGOSTO APRE LA BRETELLA AL CAVALCAVIA DI PONT<\/h3>\n<\/blockquote>\n<p><strong>FELTRE<\/strong> Chi viaggia da Feltre in direzione Busche \u2013 Belluno trova il cavalcavia aperto a senso unico, chi procede in senso contrario trova aperta la bretella appositamente realizzata e ricavata sfruttando il vecchio tracciato della strada. Non ci sono limitazioni per i tipi di autoveicoli.\u00a0 Per Santa Giustina non esiste ancora una data certa di inizio lavori, e dunque di deviazioni al traffico, che sar\u00e0 dirottato sulla viabilit\u00e0 interna<\/p>\n<p>&nbsp;<\/p>\n<hr \/>\n<p>&nbsp;<\/p>\n<blockquote>\n<h3>203 AGORDINA, SEMAFORO SUL PONTE DI AVOSCAN<\/h3>\n<\/blockquote>\n<div class=\"articlePlainText\">\n<p><strong>Sala &#8211; Forchiade, nel tratto di 200 metri interessato dai lavori verr\u00e0 istituito un senso unico alternato regolato da semaforo. Il semaforo entrer\u00e0 in funzione alle 7 di luned\u00ec mattina e il senso alternato rimarr\u00e0 attivo fino alle 18 di venerd\u00ec 21 luglio. Sabato 15 e domenica 16 luglio, invece, si transiter\u00e0 normalmente.\u00a0<\/strong><\/p>\n<\/div>\n<p>&nbsp;<\/p>\n<hr \/>\n<p>&nbsp;<\/p>\n<blockquote>\n<h3>LAVORI PROGRAMMATI BIM GSP<\/h3>\n<\/blockquote>\n<p><strong>SAN TOMASO<\/strong> Gestione Servizi Pubblici informa che, per lavori alla rete idrica comunale, oggi dalle 10:00 a FINE LAVORI verr\u00e0 sospesa l\u2019erogazione dell\u2019acqua a S.TOMASO AGORDINO in LOCALITA&#8217; CANACEDE . Il personale addetto operer\u00e0 per limitare il pi\u00f9 possibile i disagi alla popolazione.<\/p>\n<p>&nbsp;<\/p>\n<p>&nbsp;<\/p>\n<hr \/>\n<p>&nbsp;<\/p>\n<blockquote>\n<h3>ACQUA INQUINATA<\/h3>\n<\/blockquote>\n<p><img loading=\"lazy\" decoding=\"async\" class=\"alignleft\" src=\"https:\/\/www.radiopiu.net\/wordpress\/wp-content\/uploads\/2018\/08\/ACQUA.jpeg\" width=\"129\" height=\"77\" \/>Gestione Servizi Pubblici informa che a TAIBON AGORDINO nelle localit\u00e0 SOCCOL, CAMPEDEL, COSTE, SERACH, RONCH DE BUOS e NOGAROLA l&#8217;acqua erogata dall&#8217;acquedotto non \u00e8 potabile e pu\u00f2 essere usata per scopi alimentari SOLO PREVIA bollitura.<\/p>\n<p>&nbsp;<\/p>\n<hr \/>\n<p>&nbsp;<\/p>\n<blockquote>\n<h2 class=\"entry-title\">LUTTO IN VALLE DEL BIOIS. MUORE A 63 ANNI FABIO DE VENTURA<\/h2>\n<\/blockquote>\n<p><strong>CANALE D\u2019AGORDO\u00a0<\/strong>Un paese in lutto per la scomparsa di Fabio De Ventura. L\u2019uomo della Valle del Biois \u00e8 morto ieri pomeriggio a Carfon di Canale D\u2019Agordo dopo un arresto cardiocircolatorio. Aveva 63 anni ed era sposato con Cristina, lascia tre figlie. Era in pensione dopo aver trascorso una vita sugli impianti di risalita del comprensorio di Falcade come vice capo servizio. Una mattinata come le altre quella di ieri, Fabio era stato bel bosco a fare legna, poi il rientro a casa con il trattore. Improvviso il malore, immediati gli interventi di soccorso e i tentativi di rianimazione. Un messaggio di solidariet\u00e0 alla famiglia \u00e8 arrivato anche dall&#8217;amministrazione comunale del sindaco Massimo Murer che lo ha ricordato come amministratore con l&#8217;allora sindaco Enzo Salton.<\/p>\n<p>&nbsp;<\/p>\n<p>&nbsp;<\/p>\n<hr \/>\n<p>&nbsp;<\/p>\n<blockquote>\n<h3>ANGELIKA HUTTER RIMANE IN CARCERE, UN AIUTO CONCRETO PER ELENA<\/h3>\n<p><span style=\"color: #ff0000;\"><strong>OGGI ALLE 13.00 CONFERENZA STAMPA IN DIRETTA SU ANTENNA 3, CANALE 10 DEL DIGITALE TERRESTRE, IN AUDIO SUI CANALI DI RADIOPIU<\/strong><\/span><\/p><\/blockquote>\n<p><img loading=\"lazy\" decoding=\"async\" class=\"alignleft\" src=\"https:\/\/www.radiopiu.net\/wordpress\/wp-content\/uploads\/2023\/07\/Senza-nome-13.png\" width=\"217\" height=\"161\" \/><strong>BELLUNO<\/strong>\u00a0 Convalidato l\u2019arresto di Angelika Hutter, ora ricoverata in Psichiatria, per questo\u00a0 non \u00e8 stata interrogata. La donna, accusata di omicidio stradale plurimo ha uno stato di salute non ritenuto compatibile con l\u2019interrogatorio, il giudice ha stabilito\u00a0 la custodia cautelare in carcere.<\/p>\n<p>&nbsp;<\/p>\n<p><strong>Lutto a Santo Stefano di Cadore: avviata una raccolta fondi per aiutare Elena Potente che nell\u2019incidente ha perso figlio, marito e madre<\/strong><\/p>\n<div class=\"x1iyjqo2\">\n<div class=\"x78zum5 xdt5ytf xz62fqu x16ldp7u\">\n<div class=\"xu06os2 x1ok221b\">\n<h2 id=\":Rlal5bb9l5qq75b5klba:\" class=\"x1heor9g x1qlqyl8 x1pd3egz x1a2a7pz x1gslohp x1yc453h\"><span class=\"xt0psk2\"><a class=\"x1i10hfl xjbqb8w x6umtig x1b1mbwd xaqea5y xav7gou x9f619 x1ypdohk xt0psk2 xe8uvvx xdj266r x11i5rnm xat24cr x1mh8g0r xexx8yu x4uap5 x18d9i69 xkhd6sd x16tdsg8 x1hl2dhg xggy1nq x1a2a7pz xt0b8zv xzsf02u x1s688f\" tabindex=\"0\" role=\"link\" href=\"https:\/\/www.facebook.com\/matteo.scarpellino?__cft__[0]=AZWho1QxdojKOt-WnepxDtmfo46LVZ8XFJv34iZvuU-S599keieETz7uXfPOj_UtRsUBR44fZ9ON5ykmS4ENckYvqbe_qHhj_M7AAME3vVa_z3d_wboIenQp0AUSG0T6tNU&amp;__tn__=-UC%2CP-R\"><strong>Matteo Scarpellino<\/strong><\/a><\/span><\/h2>\n<\/div>\n<\/div>\n<\/div>\n<p><img loading=\"lazy\" decoding=\"async\" class=\"alignleft\" src=\"https:\/\/www.radiopiu.net\/wordpress\/wp-content\/uploads\/2023\/07\/Senza-nome-14.png\" width=\"317\" height=\"141\" \/><strong>Donazione in supporto di Elena PotenteCari amici di Elena<\/strong><\/p>\n<p>Siamo assolutamente sconvolti dalla tragedia che ha distrutto la famiglia della nostra cara amica. Nell\u2019incidente di Gioved\u00ed 6 Luglio, un\u2019auto \u00e9 piombata su di loro mentre passeggiavano a Santo Stefano di Cadore provocando la morte del compagno di Elena, Marco Antoniello, del loro figlio, Mattia, della mamma di Elena, Mariagrazia Zuin, e ferendo la stessa Elena. Non ci sono parole per descrivere il dolore causato da questo dramma.La Elena \u00e9 mia amica da una vita, siamo stati nella stessa classe all\u2019asilo, alle scuole elementari alla S.M. Goretti, e alle medie alla Spallanzani. Non riesco a esprimere il senso di ingiustizia e insensatezza che questa tragedia lascia in me. Non lasceremo la Elena sola, e la sosterremo come possiamo. Per questo mi sembra giusto promuovere una raccolta di fondi in favore di Elena, come forma di partecipazione. Per chi volesse contribuire, queste sono le coordinate bancarie per eventuali bonifici. Carmine Scarpellino BPER BANCA S.P.A. Mestre Agenzia 1 IBAN: IT 91 A 0538702002000047642344 Causale bonifico: Per Elena da -*vostro nome e cognome Il conto corrente \u00e9 intestato a mio padre dato che io vivo in Norvegia. Sar\u00e1 mia cura informarvi del totale raggiunto e dell\u2019avvenuta consegna dei fondi alla Elena con i vostri nomi. Facciamo sentire a Elena la nostra vicinanza.<\/p>\n<p>&nbsp;<\/p>\n<div dir=\"auto\">\n<blockquote>\n<h3 class=\"_title post-title entry-title\">BELLUNO | STRAGE DI SANTO STEFANO, LA GIP CONFERMA IL CARCERE PER ANGELIKA HUTTER<\/h3>\n<\/blockquote>\n<\/div>\n<div dir=\"auto\"><span style=\"color: #ff0000;\"><strong>DI TIZIANA BOLOGNANI DAL TG DI ANTENNA 3, CANALE 10 DIGITALE TERRESTRE. OGNI GIORNO ALLE 19.05 LE ANTICIPAZIONI ALLA RADIO NEL GIORNALE RADIO SERA\u00a0<\/strong><\/span><\/div>\n<div dir=\"auto\"><\/div>\n<div dir=\"auto\">\n<p><iframe loading=\"lazy\" title=\"STRAGE DI SANTO STEFANO, LA GIP CONFERMA IL CARCERE PER ANGELIKA HUTTER | 10\/07\/2023\" width=\"1200\" height=\"675\" src=\"https:\/\/www.youtube.com\/embed\/qLn06ohH9ok?start=1&#038;feature=oembed\" frameborder=\"0\" allow=\"accelerometer; autoplay; clipboard-write; encrypted-media; gyroscope; picture-in-picture; web-share\" allowfullscreen><\/iframe><\/p>\n<p>&nbsp;<\/p>\n<p>&nbsp;<\/p>\n<\/div>\n<div dir=\"auto\">___<\/div>\n<hr \/>\n<p>&nbsp;<\/p>\n<blockquote>\n<h3>PESTAGGIO DI GRUPPO A LAMBIOI, TRE DASPO WILLY, SABATO ULTERIORE GRAVE PROVVEDIMENTO A LAMBIOI BEACH<\/h3>\n<\/blockquote>\n<blockquote><p><i><img loading=\"lazy\" decoding=\"async\" class=\"alignleft\" src=\"https:\/\/www.radiopiu.net\/wordpress\/wp-content\/uploads\/2022\/05\/POLIZIA-1.jpg\" width=\"259\" height=\"146\" \/>Due di loro non potranno accedere per 24 mesi ai locali pubblici di tutta la provincia di Belluno. Il nuovo Questore, Francesco Zerilli, ha adottato questa misura come avvertimento per coloro che, approfittando del gruppo, commettono reati durante eventi e momenti di aggregazione, soprattutto ai danni di persone pi\u00f9 deboli.<\/i><\/p><\/blockquote>\n<p><strong>BELLUNO<\/strong> Dopo il violento pestaggio subito da tre ragazzi durante la festa del Lambioi Beach il sabato 17 giugno, ad opera di una banda di giovani tra i 21 e i 33 anni, la polizia di Belluno ha condotto un&#8217;attenta indagine per ricostruire l&#8217;accaduto, culminando <a class=\"dt-pswp-item\" href=\"https:\/\/www.radiopiu.net\/wordpress\/wp-content\/uploads\/2023\/07\/0c755f9b-8e02-4fb0-8e29-43b5e2febf2f.jpg\" data-dt-img-description=\"\" data-large_image_width=\"1066\" data-large_image_height=\"1600\"><img loading=\"lazy\" decoding=\"async\" class=\"size-medium wp-image-343149 alignright\" src=\"https:\/\/www.radiopiu.net\/wordpress\/wp-content\/uploads\/2023\/07\/0c755f9b-8e02-4fb0-8e29-43b5e2febf2f-200x300.jpg\" alt=\"\" width=\"200\" height=\"300\" srcset=\"https:\/\/www.radiopiu.net\/wordpress\/wp-content\/uploads\/2023\/07\/0c755f9b-8e02-4fb0-8e29-43b5e2febf2f-200x300.jpg 200w, https:\/\/www.radiopiu.net\/wordpress\/wp-content\/uploads\/2023\/07\/0c755f9b-8e02-4fb0-8e29-43b5e2febf2f-682x1024.jpg 682w, https:\/\/www.radiopiu.net\/wordpress\/wp-content\/uploads\/2023\/07\/0c755f9b-8e02-4fb0-8e29-43b5e2febf2f-768x1153.jpg 768w, https:\/\/www.radiopiu.net\/wordpress\/wp-content\/uploads\/2023\/07\/0c755f9b-8e02-4fb0-8e29-43b5e2febf2f-1023x1536.jpg 1023w, https:\/\/www.radiopiu.net\/wordpress\/wp-content\/uploads\/2023\/07\/0c755f9b-8e02-4fb0-8e29-43b5e2febf2f.jpg 1066w\" sizes=\"auto, (max-width: 200px) 100vw, 200px\" \/><\/a>nell&#8217;identificazione di tutti i responsabili dell&#8217;aggressione. Gli autori, gi\u00e0 noti alle autorit\u00e0, sono stati deferiti all&#8217;autorit\u00e0 giudiziaria per il reato di lesioni pluriaggravate e sono stati sottoposti alla cosiddetta misura di sicurezza &#8220;Daspo Willy&#8221;. Le misure adottate dalla Divisione Anticrimine locale e notificate dalla polizia il sabato 8 luglio prevedono che due dei tre principali aggressori abbiano il divieto di accedere a locali di intrattenimento pubblico in tutta la provincia (come bar, discoteche, locali notturni e simili) e il divieto di avvicinarsi a tali luoghi per 24 mesi. Per il terzo aggressore, il divieto si limita a specifici locali della citt\u00e0 di Belluno.<\/p>\n<p><em><strong>SABATO A LAMBIOI<\/strong><\/em><\/p>\n<blockquote><p>Sabato sul luogo dell&#8217;aggressione al\u00a0 Summer Sound Waves il Questore (foto a destra)\u00a0 ha previsto un servizio mirato di ordine pubblica e gli agenti tra i festanti ha riconosciuto \u00a0e identificato uno dei giovani autori dell&#8217;aggressione, nonostante fosse soggetto al &#8220;Daspo&#8221;, e lo ha deferito all&#8217;autorit\u00e0 giudiziaria per tale motivo. La violazione del &#8220;Daspo&#8221; costituisce un reato autonomo punito con una pena detentiva da 6 mesi a 2 anni e una multa fino a 20.000 euro.<\/p><\/blockquote>\n<p>&nbsp;<\/p>\n<p>&nbsp;<\/p>\n<hr \/>\n<div>\n<p><b>\u00a0 \u00a0<\/b><\/p>\n<blockquote>\n<h3>GRAVE UN ESCURSIONISTA CADUTO SUL MONTE PELMO. INTERVENTI ANCHE A SANTO STEFANO E CORTINA<\/h3>\n<\/blockquote>\n<p><strong><a class=\"dt-pswp-item\" href=\"https:\/\/www.radiopiu.net\/wordpress\/wp-content\/uploads\/2022\/09\/309142707_771246390814523_5693451179006834112_n.jpg\" data-dt-img-description=\"\" data-large_image_width=\"2048\" data-large_image_height=\"1212\"><img loading=\"lazy\" decoding=\"async\" class=\" wp-image-298850 alignleft\" src=\"https:\/\/www.radiopiu.net\/wordpress\/wp-content\/uploads\/2022\/09\/309142707_771246390814523_5693451179006834112_n-300x178.jpg\" alt=\"\" width=\"184\" height=\"109\" srcset=\"https:\/\/www.radiopiu.net\/wordpress\/wp-content\/uploads\/2022\/09\/309142707_771246390814523_5693451179006834112_n-300x178.jpg 300w, https:\/\/www.radiopiu.net\/wordpress\/wp-content\/uploads\/2022\/09\/309142707_771246390814523_5693451179006834112_n-1024x606.jpg 1024w, https:\/\/www.radiopiu.net\/wordpress\/wp-content\/uploads\/2022\/09\/309142707_771246390814523_5693451179006834112_n-768x455.jpg 768w, https:\/\/www.radiopiu.net\/wordpress\/wp-content\/uploads\/2022\/09\/309142707_771246390814523_5693451179006834112_n-1536x909.jpg 1536w, https:\/\/www.radiopiu.net\/wordpress\/wp-content\/uploads\/2022\/09\/309142707_771246390814523_5693451179006834112_n.jpg 2048w\" sizes=\"auto, (max-width: 184px) 100vw, 184px\" \/><\/a>PIEVE DI CADORE <\/strong>Sono gravi le condizioni di un turista tedesco caduto sul Monte Pelmo. Attorno alle 15 di ieri l&#8217;elicottero del Suem di Pieve di Cadore \u00e8 stato inviato lungo la normale del Monte Pelmo, da dove stavano scendendo alcuni escursionisti tedeschi, uno dei quali ha perso l&#8217;equilibrio ruzzolando una ventina di metri tra le rocce e riportando un sospetto politrauma. Individuato a circa 2.700 metri di altitudine, il 51enne \u00e8 stato imbarellato, caricato a bordo e trasportato all&#8217;ospedale di Belluno.<\/p>\n<p><strong>SANTO STEFANO <\/strong>Il Pelikan 2 di Bressanone \u00e8 invece intervenuto in Val Visdende, al confine tra i comuni di Santo Stefano e San Pietro di Cadore, per una bimba di 9 anni che, scivolata, aveva sbattuto la testa, mentre con i genitori e due fratelli stava percorrendo la traversata carnica. La bambina di Carbonera (TV), che si trovava sulla strada tra Malga Cecido e Malga Manzon, \u00e8 stata portata per i dovuti accertamenti all&#8217;ospedale di Pieve di Cadore. Allertati il Soccorso alpino della Val Comelico e della Guardia di finanza di Auronzo, che ha raggiunto i parenti in fuoristrada per accompagnarli all&#8217;ospedale.<\/p>\n<p><strong>CORTINA <\/strong>L&#8217;elicottero Pelikan 1 di Bolzano \u00e8 infine volato sul Piccolo Lagazuoi, lungo la via del Trapezio e ha recuperato un alpinista polacco di 35 anni, che si era fatto male a una gamba. Il rocciatore \u00e8 stato affidato all&#8217;ambulanza in attesa in localit\u00e0 Armentarola e diretta all&#8217;ospedale di Cortina.<\/p>\n<p>&nbsp;<\/p>\n<p>&nbsp;<\/p>\n<hr \/>\n<p>&nbsp;<\/p>\n<blockquote>\n<h3>VIGILI DEL FUOCO AL LAVORO AD AGORDO E TAIBON<\/h3>\n<\/blockquote>\n<p><strong>AGORDO<\/strong> Sono due gli interventi dei Vigili del Fuoco di Agordo nella giornata di ieri. Attorno alle 12:30 i pompieri sono stati chiamati per una perdita di gasolio che ha interessato via 5 Maggio, via Aldo Moro, via 21 Ottobre, piazza Santa Maria, via 27 Aprile e via Insurrezione. Le squadre hanno provveduto alla messa in sicurezza della strada. Le operazioni sono durate circa un&#8217;ora. Alle 18 i Vigili del Fiuoco sono intervenuti a Taibon in Via Agordina per soccorrere una persona. Sul posto anche l&#8217;ambulanza del SUEM di Agordo.<\/p>\n<p>&nbsp;<\/p>\n<hr \/>\n<p>&nbsp;<\/p>\n<blockquote>\n<h3>INCENDIO NEL NEGOZIO DI ORFEO<\/h3>\n<\/blockquote>\n<p><strong>FELTRE<\/strong> Un incendio si \u00e8 sviluppato ieri nel negozio Orfeo Eletrodomestici a causa di un pacchetto difettoso di batterie per aspirapolvere. Fortunatamente, l&#8217;incendio si \u00e8 estinto a causa della mancanza di ossigeno. I vigili del fuoco sono intervenuti per verificare la sicurezza dei locali.\u00a0 Nonostante il bisogno di una pulizia approfondita, il negozio continuer\u00e0 a offrire servizi di riparazione.<\/p>\n<p>&nbsp;<\/p>\n<p>&nbsp;<\/p>\n<hr \/>\n<p>&nbsp;<\/p>\n<blockquote>\n<h2>RAPINA E RICATTO, L&#8217;AMANTE DENUNCIA LA SPARIZIONE DI 20MILA EURO<\/h2>\n<\/blockquote>\n<p><strong>OGGI SUL CORRIERE DELLE ALPI<\/strong><br \/>\n<strong>DI GIGI SOSSO <\/strong><\/p>\n<p><img loading=\"lazy\" decoding=\"async\" class=\"alignleft\" src=\"https:\/\/www.radiopiu.net\/wordpress\/wp-content\/uploads\/2021\/08\/74b61038-035c-4206-92bf-4703985ced39.jpg\" width=\"280\" height=\"126\" \/>S.K. \u00e8 stato arrestato sabato scorso per una rapina da 20 euro ed estorsione di 20.000 euro al suo ragazzo. L&#8217;arresto \u00e8 stato effettuato dai Carabinieri del Nucleo Radiomobile di Feltre. Attualmente, S.K. \u00e8 detenuto nel carcere di Baldenich in attesa dell&#8217;udienza di convalida, fissata per\u00a0 domani. \u00c8 difeso dagli avvocati Sonia Sommacal e Paolo Zornitta. La pubblica accusa, la procuratrice Roberta Gallego, dovrebbe chiedere la conferma della custodia cautelare dopo una perquisizione domiciliare positiva. I due uomini avevano una relazione clandestina e l&#8217;ultimo episodio sarebbe avvenuto nel fine settimana. S.K. si sarebbe avvicinato al suo amante con un atteggiamento intimidatorio e avrebbe richiesto denaro. Inoltre, gli avrebbe infilato una mano nella tasca dei pantaloni, cercando denaro e recuperando alcuni spiccioli, una banconota da 20 euro e un mazzo di chiavi. La vittima ha cercato di impedire la rapina con le parole, ma senza successo. Inoltre, l&#8217;indagato avrebbe minacciato la vittima<\/p>\n<p>&nbsp;<\/p>\n<p>&nbsp;<\/p>\n<p>&nbsp;<\/p>\n<hr \/>\n<p>&nbsp;<\/p>\n<blockquote>\n<h3><a class=\"dt-pswp-item\" href=\"https:\/\/www.radiopiu.net\/wordpress\/wp-content\/uploads\/2023\/07\/Fotonotizia-questore-Zerilli.jpeg\" data-dt-img-description=\"\" data-large_image_width=\"1024\" data-large_image_height=\"768\"><img loading=\"lazy\" decoding=\"async\" class=\" wp-image-343482 alignleft\" src=\"https:\/\/www.radiopiu.net\/wordpress\/wp-content\/uploads\/2023\/07\/Fotonotizia-questore-Zerilli-300x225.jpeg\" alt=\"\" width=\"175\" height=\"131\" srcset=\"https:\/\/www.radiopiu.net\/wordpress\/wp-content\/uploads\/2023\/07\/Fotonotizia-questore-Zerilli-300x225.jpeg 300w, https:\/\/www.radiopiu.net\/wordpress\/wp-content\/uploads\/2023\/07\/Fotonotizia-questore-Zerilli-768x576.jpeg 768w, https:\/\/www.radiopiu.net\/wordpress\/wp-content\/uploads\/2023\/07\/Fotonotizia-questore-Zerilli.jpeg 1024w\" sizes=\"auto, (max-width: 175px) 100vw, 175px\" \/><\/a>IL QUESTORE FRANCESCO ZERILLI FA VISITA AL SINDACO DI BELLUNO<\/h3>\n<\/blockquote>\n<p><strong>BELLUNO <\/strong>Incontro tra il sindaco di Belluno, Oscar De Pellegrin, e il nuovo questore Francesco Zerilli, a Palazzo Rosso. \u201cCon il questore Zerilli abbiamo subito instaurato un dialogo costruttivo \u2013 dichiara De Pellegrin -, lavoreremo insieme fin da ora in vista delle Olimpiadi invernali del 2026. Belluno non presenta grandi problemi di criminalit\u00e0, ma fin dal nostro insediamento abbiamo posto la massima attenzione ai temi della sicurezza e della prevenzione, lavorando in sinergia con tutte le forze di polizia. Continueremo a farlo collaborando con il questore Zerilli con il quale c\u2019\u00e8 stata subito intesa\u201d.<\/p>\n<p>&nbsp;<\/p>\n<p>&nbsp;<\/p>\n<hr \/>\n<p>&nbsp;<\/p>\n<blockquote>\n<h3>ANCHE IL COMUNE DI PONTE NELLE ALPI ANNUNCIA IL SUO IMPEGNO PER L&#8217;ARCHIVIO DIFFUSO DEL VAJONT<\/h3>\n<\/blockquote>\n<\/div>\n<p><strong><a class=\"dt-pswp-item\" href=\"https:\/\/www.radiopiu.net\/wordpress\/wp-content\/uploads\/2023\/07\/Diga_del_Vajont.jpg\" data-dt-img-description=\"\" data-large_image_width=\"833\" data-large_image_height=\"488\"><img loading=\"lazy\" decoding=\"async\" class=\" wp-image-343438 alignleft\" src=\"https:\/\/www.radiopiu.net\/wordpress\/wp-content\/uploads\/2023\/07\/Diga_del_Vajont-300x176.jpg\" alt=\"\" width=\"177\" height=\"104\" srcset=\"https:\/\/www.radiopiu.net\/wordpress\/wp-content\/uploads\/2023\/07\/Diga_del_Vajont-300x176.jpg 300w, https:\/\/www.radiopiu.net\/wordpress\/wp-content\/uploads\/2023\/07\/Diga_del_Vajont-768x450.jpg 768w, https:\/\/www.radiopiu.net\/wordpress\/wp-content\/uploads\/2023\/07\/Diga_del_Vajont.jpg 833w\" sizes=\"auto, (max-width: 177px) 100vw, 177px\" \/><\/a>PONTE NELLE ALPI<\/strong> Continuano le adesioni al progetto di \u201carchivio diffuso del Vajont\u201d, idea nata una ventina di anni fa. Il Comune di Ponte nelle Alpi annuncia il suo impegno a mettere a disposizione della comunit\u00e0 i propri archivi per rinforzare la memoria della tragedia.<\/p>\n<p><strong>di Daniele Dalvit<\/strong><\/p>\n<audio class=\"wp-audio-shortcode\" id=\"audio-343381-1\" preload=\"none\" style=\"width: 100%;\" controls=\"controls\"><source type=\"audio\/mpeg\" src=\"https:\/\/www.radiopiu.net\/wordpress\/wp-content\/uploads\/2023\/07\/Radio-Piu-Servizio-Archivio-diffuso-Vajont-Ponte-nelle-Alpi.mp3?_=1\" \/><a href=\"https:\/\/www.radiopiu.net\/wordpress\/wp-content\/uploads\/2023\/07\/Radio-Piu-Servizio-Archivio-diffuso-Vajont-Ponte-nelle-Alpi.mp3\">https:\/\/www.radiopiu.net\/wordpress\/wp-content\/uploads\/2023\/07\/Radio-Piu-Servizio-Archivio-diffuso-Vajont-Ponte-nelle-Alpi.mp3<\/a><\/audio>\n<p>&nbsp;<\/p>\n<p>&nbsp;<\/p>\n<hr \/>\n<p>&nbsp;<\/p>\n<blockquote>\n<h3>UN INCONTRO PER VALUTARE L&#8217;ANDAMENTO DEI LAVORI AI SERRAI DI SOTTOGUDA<\/h3>\n<\/blockquote>\n<p><strong><a class=\"dt-pswp-item\" href=\"https:\/\/www.radiopiu.net\/wordpress\/wp-content\/uploads\/2021\/06\/Cantiere-Serrai-23.06.21_2.jpeg\" data-dt-img-description=\"\" data-large_image_width=\"1024\" data-large_image_height=\"768\"><img loading=\"lazy\" decoding=\"async\" class=\" wp-image-217833 alignleft\" src=\"https:\/\/www.radiopiu.net\/wordpress\/wp-content\/uploads\/2021\/06\/Cantiere-Serrai-23.06.21_2-300x225.jpeg\" alt=\"\" width=\"171\" height=\"128\" srcset=\"https:\/\/www.radiopiu.net\/wordpress\/wp-content\/uploads\/2021\/06\/Cantiere-Serrai-23.06.21_2-300x225.jpeg 300w, https:\/\/www.radiopiu.net\/wordpress\/wp-content\/uploads\/2021\/06\/Cantiere-Serrai-23.06.21_2-768x576.jpeg 768w, https:\/\/www.radiopiu.net\/wordpress\/wp-content\/uploads\/2021\/06\/Cantiere-Serrai-23.06.21_2.jpeg 1024w\" sizes=\"auto, (max-width: 171px) 100vw, 171px\" \/><\/a>ROCCA PIETORE<\/strong><\/p>\n<p>di Gianni Santomaso<\/p>\n<p>(foto archivio)<\/p>\n<audio class=\"wp-audio-shortcode\" id=\"audio-343381-2\" preload=\"none\" style=\"width: 100%;\" controls=\"controls\"><source type=\"audio\/mpeg\" src=\"https:\/\/www.radiopiu.net\/wordpress\/wp-content\/uploads\/2023\/07\/GIANNI-UN-INCONTRO-PER-VALUTARE-LANDAMENTO-DEI-LAVORI-AI-SERRAI-DI-SOTTOGUDA.mp3?_=2\" \/><a href=\"https:\/\/www.radiopiu.net\/wordpress\/wp-content\/uploads\/2023\/07\/GIANNI-UN-INCONTRO-PER-VALUTARE-LANDAMENTO-DEI-LAVORI-AI-SERRAI-DI-SOTTOGUDA.mp3\">https:\/\/www.radiopiu.net\/wordpress\/wp-content\/uploads\/2023\/07\/GIANNI-UN-INCONTRO-PER-VALUTARE-LANDAMENTO-DEI-LAVORI-AI-SERRAI-DI-SOTTOGUDA.mp3<\/a><\/audio>\n<p>&nbsp;<\/p>\n<hr \/>\n<p>&nbsp;<\/p>\n<blockquote>\n<h3>NUOVO CODICE DI PROTEZIONE CIVILE: CHIESTE ALCUNE MODIFICHE<\/h3>\n<\/blockquote>\n<p><strong><a class=\"dt-pswp-item\" href=\"https:\/\/www.radiopiu.net\/wordpress\/wp-content\/uploads\/2020\/12\/BOTTACIN-1.png\" data-dt-img-description=\"\" data-large_image_width=\"1042\" data-large_image_height=\"690\"><img loading=\"lazy\" decoding=\"async\" class=\" wp-image-182306 alignleft\" src=\"https:\/\/www.radiopiu.net\/wordpress\/wp-content\/uploads\/2020\/12\/BOTTACIN-1-300x199.png\" alt=\"\" width=\"155\" height=\"103\" srcset=\"https:\/\/www.radiopiu.net\/wordpress\/wp-content\/uploads\/2020\/12\/BOTTACIN-1-300x199.png 300w, https:\/\/www.radiopiu.net\/wordpress\/wp-content\/uploads\/2020\/12\/BOTTACIN-1-1024x678.png 1024w, https:\/\/www.radiopiu.net\/wordpress\/wp-content\/uploads\/2020\/12\/BOTTACIN-1-768x509.png 768w, https:\/\/www.radiopiu.net\/wordpress\/wp-content\/uploads\/2020\/12\/BOTTACIN-1.png 1042w\" sizes=\"auto, (max-width: 155px) 100vw, 155px\" \/><\/a>VENEZIA <\/strong>\u201cin commissione protezione civile della conferenza delle regioni, a seguito della volont\u00e0 manifestata dal Ministro Musumeci di voler aggiornare il decreto legislativo 1\/2018, il cosiddetto codice della protezione civile, ci siamo confrontati in spirito di massima collaborazione e, in questo spirito, abbiamo proposto alcune modifiche.\u201d Lo dichiara l\u2019Assessore alla Protezione Civile della Regione Veneto, Gianpaolo Bottacin, rispetto all\u2019incontro avuto rispetto all\u2019aggiornamento del codice della Protezione civile. \u201cMantenendo fermo il ruolo centrale delle regioni nell\u2019architettura del sistema della protezione civile nazionale\u00a0 &#8211; aggiunge Bottacin &#8211; abbiamo avanzato alcune proposte come la necessit\u00e0 di definire con maggiore certezza gli ambiti di intervento della Protezione Civile, di garantire ai Presidenti di Regione, in qualit\u00e0 di autorit\u00e0 di PC, la possibilit\u00e0 di derogare a norme nazionali, di chiarire meglio i rapporti tra Regioni e Prefetture, di definire in maniera chiara gli ambiti di responsabilit\u00e0 di chi opera nell\u2019ambito della pc, soprattutto relativamente agli ambiti di allertamento\u201d.<\/p>\n<p>&nbsp;<\/p>\n<p>&nbsp;<\/p>\n<hr \/>\n<p>&nbsp;<\/p>\n<blockquote>\n<h3>PER LA SECONDA VOLTA IL BANDO DI VALLE IMPERINA VA DESERTO<\/h3>\n<\/blockquote>\n<p><strong><a class=\"dt-pswp-item\" href=\"https:\/\/www.radiopiu.net\/wordpress\/wp-content\/uploads\/2022\/02\/valle-imperina.jpg\" data-dt-img-description=\"\" data-large_image_width=\"1164\" data-large_image_height=\"779\"><img loading=\"lazy\" decoding=\"async\" class=\" wp-image-261097 alignleft\" src=\"https:\/\/www.radiopiu.net\/wordpress\/wp-content\/uploads\/2022\/02\/valle-imperina-300x201.jpg\" alt=\"\" width=\"199\" height=\"133\" srcset=\"https:\/\/www.radiopiu.net\/wordpress\/wp-content\/uploads\/2022\/02\/valle-imperina-300x201.jpg 300w, https:\/\/www.radiopiu.net\/wordpress\/wp-content\/uploads\/2022\/02\/valle-imperina-1024x685.jpg 1024w, https:\/\/www.radiopiu.net\/wordpress\/wp-content\/uploads\/2022\/02\/valle-imperina-768x514.jpg 768w, https:\/\/www.radiopiu.net\/wordpress\/wp-content\/uploads\/2022\/02\/valle-imperina.jpg 1164w\" sizes=\"auto, (max-width: 199px) 100vw, 199px\" \/><\/a>RIVAMONTE<\/strong><\/p>\n<p>di Gianni Santomaso<\/p>\n<audio class=\"wp-audio-shortcode\" id=\"audio-343381-3\" preload=\"none\" style=\"width: 100%;\" controls=\"controls\"><source type=\"audio\/mpeg\" src=\"https:\/\/www.radiopiu.net\/wordpress\/wp-content\/uploads\/2023\/07\/GIANNI-PER-LA-SECONDA-VOLTA-IL-BANDO-DI-VALLE-IMPERINA-VA-DESERTO.mp3?_=3\" \/><a href=\"https:\/\/www.radiopiu.net\/wordpress\/wp-content\/uploads\/2023\/07\/GIANNI-PER-LA-SECONDA-VOLTA-IL-BANDO-DI-VALLE-IMPERINA-VA-DESERTO.mp3\">https:\/\/www.radiopiu.net\/wordpress\/wp-content\/uploads\/2023\/07\/GIANNI-PER-LA-SECONDA-VOLTA-IL-BANDO-DI-VALLE-IMPERINA-VA-DESERTO.mp3<\/a><\/audio>\n<p>&nbsp;<\/p>\n<hr \/>\n<p>&nbsp;<\/p>\n<blockquote>\n<h3>VIABILITA&#8217; A CENCENIGHE: SICUREZZA PRIMA DI TUTTO<\/h3>\n<\/blockquote>\n<p align=\"JUSTIFY\"><strong>DI LUISA MANFROI<\/strong><\/p>\n<p align=\"JUSTIFY\"><span style=\"color: #00000a;\"><span style=\"font-family: Arial, serif;\"><span style=\"font-size: medium;\"><strong><a class=\"dt-pswp-item\" href=\"https:\/\/www.radiopiu.net\/wordpress\/wp-content\/uploads\/2022\/05\/1150b786-2982-4c5e-9937-7be7a83b9de6.jpg\" data-dt-img-description=\"CENCENIGHE\" data-large_image_width=\"1920\" data-large_image_height=\"1080\"><img loading=\"lazy\" decoding=\"async\" class=\"size-medium wp-image-278207 alignleft\" src=\"https:\/\/www.radiopiu.net\/wordpress\/wp-content\/uploads\/2022\/05\/1150b786-2982-4c5e-9937-7be7a83b9de6-300x169.jpg\" alt=\"\" width=\"300\" height=\"169\" srcset=\"https:\/\/www.radiopiu.net\/wordpress\/wp-content\/uploads\/2022\/05\/1150b786-2982-4c5e-9937-7be7a83b9de6-300x169.jpg 300w, https:\/\/www.radiopiu.net\/wordpress\/wp-content\/uploads\/2022\/05\/1150b786-2982-4c5e-9937-7be7a83b9de6-1024x576.jpg 1024w, https:\/\/www.radiopiu.net\/wordpress\/wp-content\/uploads\/2022\/05\/1150b786-2982-4c5e-9937-7be7a83b9de6-768x432.jpg 768w, https:\/\/www.radiopiu.net\/wordpress\/wp-content\/uploads\/2022\/05\/1150b786-2982-4c5e-9937-7be7a83b9de6-1536x864.jpg 1536w, https:\/\/www.radiopiu.net\/wordpress\/wp-content\/uploads\/2022\/05\/1150b786-2982-4c5e-9937-7be7a83b9de6.jpg 1920w\" sizes=\"auto, (max-width: 300px) 100vw, 300px\" \/><\/a><\/strong><\/span><\/span><\/span><\/p>\n<p align=\"JUSTIFY\"><strong>CENCENIGHE<\/strong> La viabilit\u00e0 a Cencenighe. Sono sempre di pi\u00f9 le voci che si fanno sentire per mettere in evidenza quello che \u00e8 a tutti gli effetti un problema: la pericolosit\u00e0 di via Roma e di via XX settembre e non solo, che coincidono con la SR 203 Agordina e con il capoluogo, a causa di automobilisti poco inclini al rispetto del codice della strada, soprattutto relativamente all\u2019osservanza dei limiti di velocit\u00e0, dei sorpassi in centro abitato o che non si fermano per dare la precedenza ai pedoni sulle strisce pedonali considerando che sia in via Roma che in via XX settembre il marciapiede non \u00e8 continuo. Lungo queste vie ci sono abitazioni ed esercizi commerciali con persone che hanno il sacrosanto diritto di potersi muovere liberamente e in sicurezza senza dover temere il peggio. C\u2019 \u00e8 un dato soggettivo costituito dalla disciplina dei singoli automobilisti, dall\u2019altro lato c\u2019\u00e8 ne uno oggettivo: i veicoli sempre pi\u00f9 veloci da una parte e moto sempre pi\u00f9 numerose e rumorose, senza contare i camion. Queste vie sono ancora in grado di reggere un transito di un numero cos\u00ec elevato di veicoli garantendo nel contempo l\u2019incolumit\u00e0 di chi \u00e8 a piedi? Da anni ho scritto e scrivo su questo argomento e mi fa piacere che finalmente altre voci si facciano sentire per cercare di sollevare la questione che non \u00e8 solo limitata ai periodi estivi di luglio o agosto, dei fine settimana o d\u2019inverno, quando si va a sciare. In generale rispetto agli anni scorsi \u00e8 aumentato il transito veicolare come del resto quello dei camion, di diverse dimensioni o autoarticolati, da e per la Val del Biois e dalla Val Cordevole. Cencenighe, per sua conformazione \u00e8 uno snodo viario. Andando indietro era stata proposta la tangenziale per risolvere il problema del traffico che probabilmente non avrebbe aiutato i titolari degli esercizi commerciali del centro visto che Cencenighe \u00e8 notoriamente un comune con vocazione commerciale. Anche la rotatoria in piazza ha i suoi perch\u00e9. Considerando che obiettivamente le strade di fatto sono quelle che sono e in attesa di alternative, al momento si potrebbe lavorare sugli aspetti soggettivi e su soluzioni fattibili relativamente a breve: intervenire per rafforzare l&#8217;applicazione delle leggi sulla circolazione stradale con controlli lungo queste vie. Anche i dissuasori di velocit\u00e0, quelli con display che registrano o visualizzano la velocit\u00e0, sarebbero al momento una soluzione. La tecnologia viene in aiuto in questo senso, sarebbe da utilizzarla. Costi quel che costi, spazio o non spazio. La sicurezza viene prima di tutto e questo \u00e8 un dato di fatto.<\/p>\n<p align=\"JUSTIFY\">\n<hr \/>\n<p align=\"JUSTIFY\">\n<p align=\"JUSTIFY\"><a class=\"dt-pswp-item\" href=\"https:\/\/www.radiopiu.net\/wordpress\/wp-content\/uploads\/2023\/07\/34f4cfc6-e863-46e9-9695-8df44be63421-1.jpg\" data-dt-img-description=\"\" data-large_image_width=\"1200\" data-large_image_height=\"1200\"><img loading=\"lazy\" decoding=\"async\" class=\"wp-image-343571 aligncenter\" src=\"https:\/\/www.radiopiu.net\/wordpress\/wp-content\/uploads\/2023\/07\/34f4cfc6-e863-46e9-9695-8df44be63421-1-300x300.jpg\" alt=\"\" width=\"192\" height=\"192\" srcset=\"https:\/\/www.radiopiu.net\/wordpress\/wp-content\/uploads\/2023\/07\/34f4cfc6-e863-46e9-9695-8df44be63421-1-300x300.jpg 300w, https:\/\/www.radiopiu.net\/wordpress\/wp-content\/uploads\/2023\/07\/34f4cfc6-e863-46e9-9695-8df44be63421-1-1024x1024.jpg 1024w, https:\/\/www.radiopiu.net\/wordpress\/wp-content\/uploads\/2023\/07\/34f4cfc6-e863-46e9-9695-8df44be63421-1-150x150.jpg 150w, https:\/\/www.radiopiu.net\/wordpress\/wp-content\/uploads\/2023\/07\/34f4cfc6-e863-46e9-9695-8df44be63421-1-768x768.jpg 768w, https:\/\/www.radiopiu.net\/wordpress\/wp-content\/uploads\/2023\/07\/34f4cfc6-e863-46e9-9695-8df44be63421-1.jpg 1200w\" sizes=\"auto, (max-width: 192px) 100vw, 192px\" \/><\/a><\/p>\n<hr \/>\n<h3>VARIAZIONI E VARIANTI<\/h3>\n<p><strong>CENCENIGHE<\/strong> Questa sera alle 20.30 consiglieri in Municipio, all&#8217;ordine del giorno della seduta indetta dal sindaco Mauro Soppelsa, la seconda variazione al bilancio e la variante per la costruzione accessoria ad uso magazzino in localit\u00e0 Morbiach.<\/p>\n<p>&nbsp;<\/p>\n<hr \/>\n<p>&nbsp;<\/p>\n<blockquote>\n<h3>SIMONE MASOCH, ANCHE DOTTORE DI RICERCA IN GEOSCIENZE<\/h3>\n<\/blockquote>\n<p><strong>REDAZIONE<\/strong> Nel settembre\u00a0 di tre anni fa abbiamo pubblicato la notizia dell\u2019agordino Simone Masoch,\u00a0 studente del corso di dottorato in Geoscienze all\u2019universit\u00e0 di Padova:\u00a0 era risultato il vincitore del premio \u201cStudent author of the year\u201d assegnato della rivista Journal of structural geology. Oggi rinnoviamo i nostri complimenti a Simone per il conseguimento del titolo di dottore di ricerca in Geoscienze Dopo il conseguimento della laurea magistrale, Simone ha proseguito la sua specializzazione nell\u2019ambito della geologia strutturale applicata alla meccanica dei terremoti attraverso un dottorato di ricerca, svolgendo ricerca in Cile, dove le faglie del Sistema di Faglia dell\u2019Atacama sono eccezionalmente esposte in superfice e permettono ai geologi di studiare come sono fatte le faglie e come si comportano nella crosta terreste a circa 10 km di profondit\u00e0, dove la maggioranza dei terremoti crostali avviene. Simone \u00e8 stato in Cile dal gennaio a fine marzo 2020 quando \u00e8 stato rimpatriato dal Ministero degli Esteri causa l\u2019epidemia Covid. Superata l\u2019emergenza \u00e8 tornato in Cile dove \u00e8 rimasto dal novembre 2021 ad aprile 2022. Le sue ricerche si sono svolte nel deserto di Atacama, la zona pi\u00f9 arida del mondo, dove ha studiato la faglia Bolfin, studiandone l\u2019architettura per pi\u00f9 di 40 km (cio\u00e8 come \u00e8 fatta la faglia) e in che condizioni sono avvenuti i suoi terremoti avvenuti tra 125 e 118 milioni di anni fa. I suoi studi sono poi riassunti nella sua tesi del dottorato dal titolo \u201cStructure, evolution and deformation mechanism of crustal-scale seismogenic faults (Boltin fault Zone, Nortern Chile) con supervisori il prof. Giulio Di Toro (Universit\u00e0 degli Studi di Padova) , prof Jos\u00e8 Cembrano (Pontificia Universit\u00e0 Cattolica de Chile &#8211; Santiago) e prof. Giorgio Pennacchioni (Universit\u00e0 degli Studi di Padova) , Il 28 Giugno 2023 Simone ha discusso brillantemente la tesi coronando cos\u00ec il suo percorso di studio. A Simone, al pap\u00e0 Sandro e a mamma Angela e alle sue tre sorelle le nostre congratulazioni!<\/p>\n<p><strong>FOTO\u00a0<\/strong><\/p>\n\n\t\t\t<style type='text\/css'>\n\t\t\t\t#gallery-1 {\n\t\t\t\t\tmargin: auto;\n\t\t\t\t}\n\t\t\t\t#gallery-1 .gallery-item {\n\t\t\t\t\tfloat: left;\n\t\t\t\t\tmargin-top: 10px;\n\t\t\t\t\ttext-align: center;\n\t\t\t\t\twidth: 20%;\n\t\t\t\t}\n\t\t\t\t#gallery-1 img {\n\t\t\t\t\tborder: 2px solid #cfcfcf;\n\t\t\t\t}\n\t\t\t\t#gallery-1 .gallery-caption {\n\t\t\t\t\tmargin-left: 0;\n\t\t\t\t}\n\t\t\t\t\/* see gallery_shortcode() in wp-includes\/media.php *\/\n\t\t\t<\/style>\n\t\t<div id='gallery-1' class='dt-gallery-container gallery galleryid-343381 gallery-columns-5 gallery-size-thumbnail'><dl class='gallery-item'>\n\t\t\t\t<dt class='gallery-icon landscape'>\n\t\t\t\t\t<a class=\"rollover rollover-zoom dt-pswp-item\" title=\"Discussione Tesi\" data-dt-img-description=\"\" data-large_image_width=\"965\" data-large_image_height=\"516\"href='https:\/\/www.radiopiu.net\/wordpress\/wp-content\/uploads\/2023\/07\/Discussione-Tesi.jpg'><img loading=\"lazy\" decoding=\"async\" width=\"150\" height=\"150\" src=\"https:\/\/www.radiopiu.net\/wordpress\/wp-content\/uploads\/2023\/07\/Discussione-Tesi-150x150.jpg\" class=\"attachment-thumbnail size-thumbnail\" alt=\"\" aria-describedby=\"gallery-1-343445\" \/><\/a>\n\t\t\t\t<\/dt>\n\t\t\t\t\t<dd class='wp-caption-text gallery-caption' id='gallery-1-343445'>\n\t\t\t\t\tDiscussione Tesi\n\t\t\t\t\t<\/dd><\/dl><dl class='gallery-item'>\n\t\t\t\t<dt class='gallery-icon portrait'>\n\t\t\t\t\t<a class=\"rollover rollover-zoom dt-pswp-item\" title=\"Simone col gruppo dei dottori di ricerca in Geoscienze\" data-dt-img-description=\"\" data-large_image_width=\"1920\" data-large_image_height=\"2560\"href='https:\/\/www.radiopiu.net\/wordpress\/wp-content\/uploads\/2023\/07\/Simone-col-gruppo-dei-dottori-di-ricerca-in-Geoscienze-scaled.jpeg'><img loading=\"lazy\" decoding=\"async\" width=\"150\" height=\"150\" src=\"https:\/\/www.radiopiu.net\/wordpress\/wp-content\/uploads\/2023\/07\/Simone-col-gruppo-dei-dottori-di-ricerca-in-Geoscienze-150x150.jpeg\" class=\"attachment-thumbnail size-thumbnail\" alt=\"\" aria-describedby=\"gallery-1-343448\" \/><\/a>\n\t\t\t\t<\/dt>\n\t\t\t\t\t<dd class='wp-caption-text gallery-caption' id='gallery-1-343448'>\n\t\t\t\t\tSimone col gruppo dei dottori di ricerca in Geoscienze\n\t\t\t\t\t<\/dd><\/dl><dl class='gallery-item'>\n\t\t\t\t<dt class='gallery-icon landscape'>\n\t\t\t\t\t<a class=\"rollover rollover-zoom dt-pswp-item\" title=\"Simone_Masoch sul campo di ricerca\" data-dt-img-description=\"\" data-large_image_width=\"2560\" data-large_image_height=\"2560\"href='https:\/\/www.radiopiu.net\/wordpress\/wp-content\/uploads\/2023\/07\/Simone_Masoch-sul-campo-di-ricerca-scaled.jpg'><img loading=\"lazy\" decoding=\"async\" width=\"150\" height=\"150\" src=\"https:\/\/www.radiopiu.net\/wordpress\/wp-content\/uploads\/2023\/07\/Simone_Masoch-sul-campo-di-ricerca-150x150.jpg\" class=\"attachment-thumbnail size-thumbnail\" alt=\"\" aria-describedby=\"gallery-1-343449\" srcset=\"https:\/\/www.radiopiu.net\/wordpress\/wp-content\/uploads\/2023\/07\/Simone_Masoch-sul-campo-di-ricerca-150x150.jpg 150w, https:\/\/www.radiopiu.net\/wordpress\/wp-content\/uploads\/2023\/07\/Simone_Masoch-sul-campo-di-ricerca-300x300.jpg 300w, https:\/\/www.radiopiu.net\/wordpress\/wp-content\/uploads\/2023\/07\/Simone_Masoch-sul-campo-di-ricerca-1024x1024.jpg 1024w, https:\/\/www.radiopiu.net\/wordpress\/wp-content\/uploads\/2023\/07\/Simone_Masoch-sul-campo-di-ricerca-768x768.jpg 768w, https:\/\/www.radiopiu.net\/wordpress\/wp-content\/uploads\/2023\/07\/Simone_Masoch-sul-campo-di-ricerca-1536x1536.jpg 1536w, https:\/\/www.radiopiu.net\/wordpress\/wp-content\/uploads\/2023\/07\/Simone_Masoch-sul-campo-di-ricerca-2048x2048.jpg 2048w\" sizes=\"auto, (max-width: 150px) 100vw, 150px\" \/><\/a>\n\t\t\t\t<\/dt>\n\t\t\t\t\t<dd class='wp-caption-text gallery-caption' id='gallery-1-343449'>\n\t\t\t\t\tSimone_Masoch\n\t\t\t\t\t<\/dd><\/dl><dl class='gallery-item'>\n\t\t\t\t<dt class='gallery-icon landscape'>\n\t\t\t\t\t<a class=\"rollover rollover-zoom dt-pswp-item\" title=\"Il campo base\" data-dt-img-description=\"\" data-large_image_width=\"2560\" data-large_image_height=\"1920\"href='https:\/\/www.radiopiu.net\/wordpress\/wp-content\/uploads\/2023\/07\/Il-campo-base-scaled.jpg'><img loading=\"lazy\" decoding=\"async\" width=\"150\" height=\"150\" src=\"https:\/\/www.radiopiu.net\/wordpress\/wp-content\/uploads\/2023\/07\/Il-campo-base-150x150.jpg\" class=\"attachment-thumbnail size-thumbnail\" alt=\"\" aria-describedby=\"gallery-1-343446\" \/><\/a>\n\t\t\t\t<\/dt>\n\t\t\t\t\t<dd class='wp-caption-text gallery-caption' id='gallery-1-343446'>\n\t\t\t\t\tIl campo base\n\t\t\t\t\t<\/dd><\/dl><dl class='gallery-item'>\n\t\t\t\t<dt class='gallery-icon landscape'>\n\t\t\t\t\t<a class=\"rollover rollover-zoom dt-pswp-item\" title=\"Il deserto di Atacama\" data-dt-img-description=\"\" data-large_image_width=\"2560\" data-large_image_height=\"1920\"href='https:\/\/www.radiopiu.net\/wordpress\/wp-content\/uploads\/2023\/07\/Il-deserto-di-Atacama-scaled.jpg'><img loading=\"lazy\" decoding=\"async\" width=\"150\" height=\"150\" src=\"https:\/\/www.radiopiu.net\/wordpress\/wp-content\/uploads\/2023\/07\/Il-deserto-di-Atacama-150x150.jpg\" class=\"attachment-thumbnail size-thumbnail\" alt=\"\" aria-describedby=\"gallery-1-343447\" \/><\/a>\n\t\t\t\t<\/dt>\n\t\t\t\t\t<dd class='wp-caption-text gallery-caption' id='gallery-1-343447'>\n\t\t\t\t\tIl deserto di Atacama\n\t\t\t\t\t<\/dd><\/dl><br style=\"clear: both\" \/>\n\t\t\t<\/div>\n\n<p>&nbsp;<\/p>\n<hr \/>\n<p>&nbsp;<\/p>\n<blockquote>\n<h3>FEINAR FESTEGGIA I SUOI PRIMI 50 ANNI DI ATTIVITA&#8217;<\/h3>\n<\/blockquote>\n<p><strong><a class=\"dt-pswp-item\" href=\"https:\/\/www.radiopiu.net\/wordpress\/wp-content\/uploads\/2023\/07\/Feinar_dip_0907.jpg\" data-dt-img-description=\"\" data-large_image_width=\"1440\" data-large_image_height=\"960\"><img loading=\"lazy\" decoding=\"async\" class=\" wp-image-343527 alignleft\" src=\"https:\/\/www.radiopiu.net\/wordpress\/wp-content\/uploads\/2023\/07\/Feinar_dip_0907-300x200.jpg\" alt=\"\" width=\"177\" height=\"118\" srcset=\"https:\/\/www.radiopiu.net\/wordpress\/wp-content\/uploads\/2023\/07\/Feinar_dip_0907-300x200.jpg 300w, https:\/\/www.radiopiu.net\/wordpress\/wp-content\/uploads\/2023\/07\/Feinar_dip_0907-1024x683.jpg 1024w, https:\/\/www.radiopiu.net\/wordpress\/wp-content\/uploads\/2023\/07\/Feinar_dip_0907-768x512.jpg 768w, https:\/\/www.radiopiu.net\/wordpress\/wp-content\/uploads\/2023\/07\/Feinar_dip_0907.jpg 1440w\" sizes=\"auto, (max-width: 177px) 100vw, 177px\" \/><\/a>BELLUNO <\/strong>Importante traguardo per una eccellenza tutta bellunese: Feinar ha compiuto i suoi primi cinquant&#8217;anni a servizio delle imprese, un orgoglio dolomitico che affonda le radici nel territorio e guarda al futuro. Correva infatti l&#8217;anno 1973 quando nel Foglio degli annunzi legali della Provincia di Belluno veniva pubblicato l&#8217;annuncio della costituzione di Fe.in.ar, ovvero la Federazione fra l&#8217;Associazione Industriali e l&#8217;Unione Artigiani della Provincia di Belluno. Nasceva cos\u00ec, per iniziativa delle odierne Confindustria Belluno Dolomiti e Confartigianato Imprese Belluno, una nuova organizzazione con l&#8217;obiettivo di assistere le aziende del territorio in una fase di forti cambiamenti per gli adempimenti in campo economico, finanziario e aziendale.<\/p>\n<p>&nbsp;<\/p>\n<p>&nbsp;<\/p>\n<hr \/>\n<p>&nbsp;<\/p>\n<blockquote>\n<h3>STASERA IN SALA DON TAMIS SI PARLA DEL RITORNO DEL LUPO<\/h3>\n<\/blockquote>\n<p><strong><a class=\"dt-pswp-item\" href=\"https:\/\/www.radiopiu.net\/wordpress\/wp-content\/uploads\/2023\/04\/CUCCIOLI-LUPO.jpeg\" data-dt-img-description=\"\" data-large_image_width=\"916\" data-large_image_height=\"714\"><img loading=\"lazy\" decoding=\"async\" class=\" wp-image-333449 alignleft\" src=\"https:\/\/www.radiopiu.net\/wordpress\/wp-content\/uploads\/2023\/04\/CUCCIOLI-LUPO-300x234.jpeg\" alt=\"\" width=\"172\" height=\"134\" srcset=\"https:\/\/www.radiopiu.net\/wordpress\/wp-content\/uploads\/2023\/04\/CUCCIOLI-LUPO-300x234.jpeg 300w, https:\/\/www.radiopiu.net\/wordpress\/wp-content\/uploads\/2023\/04\/CUCCIOLI-LUPO-768x599.jpeg 768w, https:\/\/www.radiopiu.net\/wordpress\/wp-content\/uploads\/2023\/04\/CUCCIOLI-LUPO.jpeg 916w\" sizes=\"auto, (max-width: 172px) 100vw, 172px\" \/><\/a>AGORDO<\/strong><\/p>\n<p>di Gianni Santomaso<\/p>\n<audio class=\"wp-audio-shortcode\" id=\"audio-343381-4\" preload=\"none\" style=\"width: 100%;\" controls=\"controls\"><source type=\"audio\/mpeg\" src=\"https:\/\/www.radiopiu.net\/wordpress\/wp-content\/uploads\/2023\/07\/GIANNI-INCONTRO-LUPO-AGORDO.mp3?_=4\" \/><a href=\"https:\/\/www.radiopiu.net\/wordpress\/wp-content\/uploads\/2023\/07\/GIANNI-INCONTRO-LUPO-AGORDO.mp3\">https:\/\/www.radiopiu.net\/wordpress\/wp-content\/uploads\/2023\/07\/GIANNI-INCONTRO-LUPO-AGORDO.mp3<\/a><\/audio>\n<p>&nbsp;<\/p>\n<p>&nbsp;<\/p>\n<hr \/>\n<p>&nbsp;<\/p>\n<div class=\"page-title-head hgroup\">\n<blockquote>\n<h3 class=\"entry-title\">LA MOSTRA DI MARCELLO COMINETTI AL CASTELLO DI ANDRAZ<\/h3>\n<\/blockquote>\n<\/div>\n<div class=\"page-title-breadcrumbs\">\n<p>DI LORENZO SORATROI<\/p>\n<p>LIVINALLONGO<\/p>\n<audio class=\"wp-audio-shortcode\" id=\"audio-343381-5\" preload=\"none\" style=\"width: 100%;\" controls=\"controls\"><source type=\"audio\/mpeg\" src=\"https:\/\/www.radiopiu.net\/wordpress\/wp-content\/uploads\/2023\/07\/LORENZO-LUNGO-UN-SENTIERO.mp3?_=5\" \/><a href=\"https:\/\/www.radiopiu.net\/wordpress\/wp-content\/uploads\/2023\/07\/LORENZO-LUNGO-UN-SENTIERO.mp3\">https:\/\/www.radiopiu.net\/wordpress\/wp-content\/uploads\/2023\/07\/LORENZO-LUNGO-UN-SENTIERO.mp3<\/a><\/audio>\n<p>&nbsp;<\/p>\n\n\t\t\t<style type='text\/css'>\n\t\t\t\t#gallery-2 {\n\t\t\t\t\tmargin: auto;\n\t\t\t\t}\n\t\t\t\t#gallery-2 .gallery-item {\n\t\t\t\t\tfloat: left;\n\t\t\t\t\tmargin-top: 10px;\n\t\t\t\t\ttext-align: center;\n\t\t\t\t\twidth: 25%;\n\t\t\t\t}\n\t\t\t\t#gallery-2 img {\n\t\t\t\t\tborder: 2px solid #cfcfcf;\n\t\t\t\t}\n\t\t\t\t#gallery-2 .gallery-caption {\n\t\t\t\t\tmargin-left: 0;\n\t\t\t\t}\n\t\t\t\t\/* see gallery_shortcode() in wp-includes\/media.php *\/\n\t\t\t<\/style>\n\t\t<div id='gallery-2' class='dt-gallery-container gallery galleryid-343381 gallery-columns-4 gallery-size-thumbnail'><dl class='gallery-item'>\n\t\t\t\t<dt class='gallery-icon landscape'>\n\t\t\t\t\t<a class=\"rollover rollover-zoom dt-pswp-item\" title=\"mostra_cominetti 2 (FILEminimizer)\" data-dt-img-description=\"\" data-large_image_width=\"1707\" data-large_image_height=\"768\"href='https:\/\/www.radiopiu.net\/wordpress\/wp-content\/uploads\/2023\/07\/mostra_cominetti-2-FILEminimizer.jpg'><img loading=\"lazy\" decoding=\"async\" width=\"150\" height=\"150\" src=\"https:\/\/www.radiopiu.net\/wordpress\/wp-content\/uploads\/2023\/07\/mostra_cominetti-2-FILEminimizer-150x150.jpg\" class=\"attachment-thumbnail size-thumbnail\" alt=\"\" \/><\/a>\n\t\t\t\t<\/dt><\/dl><dl class='gallery-item'>\n\t\t\t\t<dt class='gallery-icon landscape'>\n\t\t\t\t\t<a class=\"rollover rollover-zoom dt-pswp-item\" title=\"IMG_20230701_183817 (FILEminimizer)\" data-dt-img-description=\"\" data-large_image_width=\"1707\" data-large_image_height=\"768\"href='https:\/\/www.radiopiu.net\/wordpress\/wp-content\/uploads\/2023\/07\/IMG_20230701_183817-FILEminimizer.jpg'><img loading=\"lazy\" decoding=\"async\" width=\"150\" height=\"150\" src=\"https:\/\/www.radiopiu.net\/wordpress\/wp-content\/uploads\/2023\/07\/IMG_20230701_183817-FILEminimizer-150x150.jpg\" class=\"attachment-thumbnail size-thumbnail\" alt=\"\" \/><\/a>\n\t\t\t\t<\/dt><\/dl><dl class='gallery-item'>\n\t\t\t\t<dt class='gallery-icon landscape'>\n\t\t\t\t\t<a class=\"rollover rollover-zoom dt-pswp-item\" title=\"IMG_20230701_183834 (FILEminimizer)\" data-dt-img-description=\"\" data-large_image_width=\"1707\" data-large_image_height=\"768\"href='https:\/\/www.radiopiu.net\/wordpress\/wp-content\/uploads\/2023\/07\/IMG_20230701_183834-FILEminimizer.jpg'><img loading=\"lazy\" decoding=\"async\" width=\"150\" height=\"150\" src=\"https:\/\/www.radiopiu.net\/wordpress\/wp-content\/uploads\/2023\/07\/IMG_20230701_183834-FILEminimizer-150x150.jpg\" class=\"attachment-thumbnail size-thumbnail\" alt=\"\" \/><\/a>\n\t\t\t\t<\/dt><\/dl><dl class='gallery-item'>\n\t\t\t\t<dt class='gallery-icon landscape'>\n\t\t\t\t\t<a class=\"rollover rollover-zoom dt-pswp-item\" title=\"IMG_20230701_175226 (FILEminimizer)\" data-dt-img-description=\"\" data-large_image_width=\"1707\" data-large_image_height=\"768\"href='https:\/\/www.radiopiu.net\/wordpress\/wp-content\/uploads\/2023\/07\/IMG_20230701_175226-FILEminimizer.jpg'><img loading=\"lazy\" decoding=\"async\" width=\"150\" height=\"150\" src=\"https:\/\/www.radiopiu.net\/wordpress\/wp-content\/uploads\/2023\/07\/IMG_20230701_175226-FILEminimizer-150x150.jpg\" class=\"attachment-thumbnail size-thumbnail\" alt=\"\" \/><\/a>\n\t\t\t\t<\/dt><\/dl><br style=\"clear: both\" \/>\n\t\t\t<\/div>\n\n<p>&nbsp;<\/p>\n<\/div>\n<p>&nbsp;<\/p>\n<p>&nbsp;<\/p>\n<p>&nbsp;<\/p>\n<hr \/>\n<p>&nbsp;<\/p>\n<blockquote class=\"wp-embedded-content\" data-secret=\"KU6LAhUDzL\"><p><a href=\"https:\/\/www.radiopiu.net\/wordpress\/il-viaggio-in-terra-irlandese-con-claudia-magic-teacher-day-8-9\/\">IL VIAGGIO IN TERRA IRLANDESE CON CLAUDIA MAGIC TEACHER E IL CAMPE &#8211; in aggiornamento<\/a><\/p><\/blockquote>\n<p><iframe loading=\"lazy\" class=\"wp-embedded-content\" sandbox=\"allow-scripts\" security=\"restricted\" style=\"position: absolute; clip: rect(1px, 1px, 1px, 1px);\" title=\"&#8220;IL VIAGGIO IN TERRA IRLANDESE CON CLAUDIA MAGIC TEACHER E IL CAMPE &#8211; in aggiornamento&#8221; &#8212; Radio Pi\u00f9\" src=\"https:\/\/www.radiopiu.net\/wordpress\/il-viaggio-in-terra-irlandese-con-claudia-magic-teacher-day-8-9\/embed\/#?secret=F6BTXtg7Sv#?secret=KU6LAhUDzL\" data-secret=\"KU6LAhUDzL\" width=\"600\" height=\"338\" frameborder=\"0\" marginwidth=\"0\" marginheight=\"0\" scrolling=\"no\"><\/iframe><\/p>\n<p>&nbsp;<\/p>\n<hr \/>\n<p>&nbsp;<\/p>\n<blockquote>\n<h3>SALUTE E SOCIETA&#8217;, IL LUNEDI ALLE 13.00 SU RADIO PIU<\/h3>\n<\/blockquote>\n<p><strong>audio<\/strong><\/p>\n<audio class=\"wp-audio-shortcode\" id=\"audio-343381-6\" preload=\"none\" style=\"width: 100%;\" controls=\"controls\"><source type=\"audio\/mpeg\" src=\"https:\/\/www.radiopiu.net\/wordpress\/wp-content\/uploads\/2023\/07\/SALUTE-1.mp3?_=6\" \/><a href=\"https:\/\/www.radiopiu.net\/wordpress\/wp-content\/uploads\/2023\/07\/SALUTE-1.mp3\">https:\/\/www.radiopiu.net\/wordpress\/wp-content\/uploads\/2023\/07\/SALUTE-1.mp3<\/a><\/audio>\n<h3><a class=\"dt-pswp-item\" href=\"https:\/\/www.radiopiu.net\/wordpress\/wp-content\/uploads\/2023\/07\/88c55537-39ba-80a0-d631-3d3764bee3d6.jpg\" data-dt-img-description=\"Doctor dermatologist examines skin of patient. Dermatoscopy, prevention of melanoma, skin cancer.\" data-large_image_width=\"800\" data-large_image_height=\"445\"><img loading=\"lazy\" decoding=\"async\" class=\"size-medium wp-image-343439 alignleft\" src=\"https:\/\/www.radiopiu.net\/wordpress\/wp-content\/uploads\/2023\/07\/88c55537-39ba-80a0-d631-3d3764bee3d6-300x167.jpg\" alt=\"\" width=\"300\" height=\"167\" srcset=\"https:\/\/www.radiopiu.net\/wordpress\/wp-content\/uploads\/2023\/07\/88c55537-39ba-80a0-d631-3d3764bee3d6-300x167.jpg 300w, https:\/\/www.radiopiu.net\/wordpress\/wp-content\/uploads\/2023\/07\/88c55537-39ba-80a0-d631-3d3764bee3d6-768x427.jpg 768w, https:\/\/www.radiopiu.net\/wordpress\/wp-content\/uploads\/2023\/07\/88c55537-39ba-80a0-d631-3d3764bee3d6.jpg 800w\" sizes=\"auto, (max-width: 300px) 100vw, 300px\" \/><\/a><\/h3>\n<p><strong>Tumori cutanei<\/strong> La terapia del melanoma \u00e8 stata rivoluzionata con l&#8217;arrivo di un vaccino, l&#8217;arma migliore rimane la prevenzione.<\/p>\n<p><strong>Giornata del donatore<\/strong> Dal 2004 il 14 giugno viene festeggiata la Giornata mondiale del donatore di sangue. Il 14 giugno \u00e8 stato scelto in quanto giorno di nascita del biologo austriaco Karl Landsteiner, scopritore dei gruppi AB0 e del fattore Rh.<\/p>\n<p>&nbsp;<\/p>\n<p>&nbsp;<\/p>\n<p>&nbsp;<\/p>\n<hr \/>\n<p>&nbsp;<\/p>\n<p>&nbsp;<\/p>\n<h3><em>STORIE D&#8217;AMORE ESEMPLARE RACCONTATE ALLA RADIO DA PAOLA LANCIATO. IL LUNEDI ALLE 10.15 E ALLE 18.10, LA DOMENICA ALLE 11<\/em><\/h3>\n<p><strong>PUNTATA 12 BIANCANEVE E I SETTE NANI<\/strong><\/p>\n<audio class=\"wp-audio-shortcode\" id=\"audio-343381-7\" preload=\"none\" style=\"width: 100%;\" controls=\"controls\"><source type=\"audio\/mpeg\" src=\"https:\/\/www.radiopiu.net\/wordpress\/wp-content\/uploads\/2023\/07\/FATTO-12-BIANCANEVE-E-I-SETTE-NANI.mp3?_=7\" \/><a href=\"https:\/\/www.radiopiu.net\/wordpress\/wp-content\/uploads\/2023\/07\/FATTO-12-BIANCANEVE-E-I-SETTE-NANI.mp3\">https:\/\/www.radiopiu.net\/wordpress\/wp-content\/uploads\/2023\/07\/FATTO-12-BIANCANEVE-E-I-SETTE-NANI.mp3<\/a><\/audio>\n<p><strong>LA RACCOLTA COMPLETA\u00a0<\/strong><\/p>\n<blockquote class=\"wp-embedded-content\" data-secret=\"QaWrizf3QP\"><p><a href=\"https:\/\/www.radiopiu.net\/wordpress\/sentimental-le-storie-damore-di-paola-lanciato\/\">SENTIMENTAL,\u00a0 &#8220;le storie d&#8217;amore&#8221; DI PAOLA LANCIATO<\/a><\/p><\/blockquote>\n<p><iframe loading=\"lazy\" class=\"wp-embedded-content\" sandbox=\"allow-scripts\" security=\"restricted\" style=\"position: absolute; clip: rect(1px, 1px, 1px, 1px);\" title=\"&#8220;SENTIMENTAL,\u00a0 &#8220;le storie d&#8217;amore&#8221; DI PAOLA LANCIATO&#8221; &#8212; Radio Pi\u00f9\" src=\"https:\/\/www.radiopiu.net\/wordpress\/sentimental-le-storie-damore-di-paola-lanciato\/embed\/#?secret=KUBSKcQwbi#?secret=QaWrizf3QP\" data-secret=\"QaWrizf3QP\" width=\"600\" height=\"338\" frameborder=\"0\" marginwidth=\"0\" marginheight=\"0\" scrolling=\"no\"><\/iframe><\/p>\n<p>&nbsp;<\/p>\n<p>&nbsp;<\/p>\n<p>&nbsp;<\/p>\n<hr \/>\n<p>&nbsp;<\/p>\n<h2><span style=\"color: #ff6600;\">IERI ALLA RADIO<\/span><\/h2>\n<h2><span style=\"color: #808000;\">PERITI MINERARI DALL\u2019AGORDINO AL MONDO<\/span><\/h2>\n<p><strong>REDAZIONE<\/strong> Continua la serie di racconti con i periti minerari agordini. Oggi \u00e8 il turno di Silvio Dell&#8217;Andrea. I racconti dei periti minerari agordini che hanno lavorato nel mondo, ogni luned\u00ec alle 10:30 e alle 19 su Radio Pi\u00f9.<\/p>\n<p><iframe loading=\"lazy\" title=\"SILVIO DELLANDREA\" width=\"1200\" height=\"675\" src=\"https:\/\/www.youtube.com\/embed\/1nEf_7u-Jpg?feature=oembed\" frameborder=\"0\" allow=\"accelerometer; autoplay; clipboard-write; encrypted-media; gyroscope; picture-in-picture; web-share\" allowfullscreen><\/iframe><\/p>\n<p>&nbsp;<\/p>\n<p><strong>LA RACCOLTA COMPLETA<\/strong><\/p>\n<blockquote class=\"wp-embedded-content\" data-secret=\"bJYgt2SCYa\"><p><a href=\"https:\/\/www.radiopiu.net\/wordpress\/periti-minerari-dallagordino-al-mondo\/\">Periti minerari dall&#8217;agordino al mondo<\/a><\/p><\/blockquote>\n<p><iframe loading=\"lazy\" class=\"wp-embedded-content\" sandbox=\"allow-scripts\" security=\"restricted\" style=\"position: absolute; clip: rect(1px, 1px, 1px, 1px);\" title=\"&#8220;Periti minerari dall&#8217;agordino al mondo&#8221; &#8212; Radio Pi\u00f9\" src=\"https:\/\/www.radiopiu.net\/wordpress\/periti-minerari-dallagordino-al-mondo\/embed\/#?secret=oAaTkgUocA#?secret=bJYgt2SCYa\" data-secret=\"bJYgt2SCYa\" width=\"600\" height=\"338\" frameborder=\"0\" marginwidth=\"0\" marginheight=\"0\" scrolling=\"no\"><\/iframe><\/p>\n<p>&nbsp;<\/p>\n<p>&nbsp;<\/p>\n<p>&nbsp;<\/p>\n<hr \/>\n<p>&nbsp;<\/p>\n<blockquote>\n<h3>I GIOVEDI A COLLE SANTA LUCIA, CULTURA E TRADIZIONI<\/h3>\n<\/blockquote>\n<p><a class=\"dt-pswp-item\" href=\"https:\/\/www.radiopiu.net\/wordpress\/wp-content\/uploads\/2023\/07\/serata-Michil-13_07.png\" data-dt-img-description=\"\" data-large_image_width=\"1414\" data-large_image_height=\"2000\"><img loading=\"lazy\" decoding=\"async\" class=\" wp-image-343185 alignleft\" src=\"https:\/\/www.radiopiu.net\/wordpress\/wp-content\/uploads\/2023\/07\/serata-Michil-13_07-212x300.png\" alt=\"\" width=\"112\" height=\"158\" srcset=\"https:\/\/www.radiopiu.net\/wordpress\/wp-content\/uploads\/2023\/07\/serata-Michil-13_07-212x300.png 212w, https:\/\/www.radiopiu.net\/wordpress\/wp-content\/uploads\/2023\/07\/serata-Michil-13_07-724x1024.png 724w, https:\/\/www.radiopiu.net\/wordpress\/wp-content\/uploads\/2023\/07\/serata-Michil-13_07-768x1086.png 768w, https:\/\/www.radiopiu.net\/wordpress\/wp-content\/uploads\/2023\/07\/serata-Michil-13_07-1086x1536.png 1086w, https:\/\/www.radiopiu.net\/wordpress\/wp-content\/uploads\/2023\/07\/serata-Michil-13_07.png 1414w\" sizes=\"auto, (max-width: 112px) 100vw, 112px\" \/><\/a><strong>COLLE SANTA LUCIA<\/strong> L&#8217;associazione turistica che ti offre un&#8217;esperienza unica, all&#8217;insegna della cultura, della storia e delle tradizioni, ogni gioved\u00ec appuntamenti straordinari.\u00a0 Preparati a viaggiare nel tempo e a rivivere epoche passate, con sfide e avventure che ti lasceranno senza fiato. Il primo appuntamento \u00e8 il 13 luglio alle 18:30, con un protagonista d&#8217;eccezione: Michil Costa, esperto conoscitore di queste terre e appassionato narratore, ti guider\u00e0 attraverso un viaggio affascinante alla scoperta della storia e dei segreti delle terre ladine.\u00a0 Non perdere l&#8217;occasione di vivere un&#8217;estate indimenticabile. L&#8217;associazione turistica Colle Santa Lucia ti aspetta ogni gioved\u00ec per farti innamorare della sua cultura, della sua storia e delle sue tradizioni.<\/p>\n<p>&nbsp;<\/p>\n<p>&nbsp;<\/p>\n<hr \/>\n<p>&nbsp;<\/p>\n<p><a class=\"dt-pswp-item\" href=\"https:\/\/www.radiopiu.net\/wordpress\/wp-content\/uploads\/2023\/07\/8e1af88a-f01a-4b67-8d82-00f75e41fc7a.jpg\" data-dt-img-description=\"\" data-large_image_width=\"730\" data-large_image_height=\"1024\"><img loading=\"lazy\" decoding=\"async\" class=\" wp-image-342798 alignleft\" src=\"https:\/\/www.radiopiu.net\/wordpress\/wp-content\/uploads\/2023\/07\/8e1af88a-f01a-4b67-8d82-00f75e41fc7a-214x300.jpg\" alt=\"\" width=\"122\" height=\"171\" srcset=\"https:\/\/www.radiopiu.net\/wordpress\/wp-content\/uploads\/2023\/07\/8e1af88a-f01a-4b67-8d82-00f75e41fc7a-214x300.jpg 214w, https:\/\/www.radiopiu.net\/wordpress\/wp-content\/uploads\/2023\/07\/8e1af88a-f01a-4b67-8d82-00f75e41fc7a.jpg 730w\" sizes=\"auto, (max-width: 122px) 100vw, 122px\" \/><\/a><\/p>\n<p><span style=\"color: #ff0000;\"><strong>FALCADE ALLA RADIO\u00a0<\/strong><\/span><\/p>\n<p>ESTATE A FALCADE CON IL VENEZIA CALCIO, IL GRANDE BASKET TARGATO REYER VENEZIA&#8230; E A FINE MESE ANCHE LE SELEZIONI DI MISS ITALIA&#8230;TURISMO A FALCADE E CAVIOLA, TURISMO IN VALLE DEL BIOIS E NELL&#8217;AGORDINO&#8230; PARLIAMONE DOMANI DALLE 20.30 CON IL SINDACO MAURO SALVATERRA, L&#8217;ASSESSORE FLAVIO MURER E IL CONSIGLIERE FULVIO VALT<\/p>\n<p>&nbsp;<\/p>\n<p>&nbsp;<\/p>\n<p>&nbsp;<\/p>\n<hr \/>\n<p>&nbsp;<\/p>\n<blockquote>\n<h3>SERATE DEDICATE ALLA LETTURA<\/h3>\n<\/blockquote>\n<p><strong><a class=\"dt-pswp-item\" href=\"https:\/\/www.radiopiu.net\/wordpress\/wp-content\/uploads\/2023\/07\/ISTA-DE-LIBER.png\" data-dt-img-description=\"\" data-large_image_width=\"985\" data-large_image_height=\"708\"><img loading=\"lazy\" decoding=\"async\" class=\" wp-image-342858 alignleft\" src=\"https:\/\/www.radiopiu.net\/wordpress\/wp-content\/uploads\/2023\/07\/ISTA-DE-LIBER-300x216.png\" alt=\"\" width=\"172\" height=\"124\" srcset=\"https:\/\/www.radiopiu.net\/wordpress\/wp-content\/uploads\/2023\/07\/ISTA-DE-LIBER-300x216.png 300w, https:\/\/www.radiopiu.net\/wordpress\/wp-content\/uploads\/2023\/07\/ISTA-DE-LIBER-768x552.png 768w, https:\/\/www.radiopiu.net\/wordpress\/wp-content\/uploads\/2023\/07\/ISTA-DE-LIBER.png 985w\" sizes=\"auto, (max-width: 172px) 100vw, 172px\" \/><\/a>AGORDO <\/strong>Tra gli eventi turistico-culturali agordini di quest&#8217;estate, il Comune di Agordo promuove due presentazioni di libri nell&#8217;ambito della manifestazione &#8220;Ist\u00e0 de liber&#8221; ovvero &#8220;Estate di libri, la montagna raccontata dai libri e dai suoi autori&#8221;. Le serate sono organizzate in collaborazione con il GAMP (Gruppo Agordino Mineralogico Paleontologico) ed il Circolo Culturale Agordino. Ultimo appuntamento domani alle 18 in Sala Don Tamis, lo scrittore Matteo Righetto parler\u00e0 del suo ultimo libro &#8220;La stanza delle mele&#8221;.<\/p>\n<p>&nbsp;<\/p>\n<hr \/>\n<p>&nbsp;<\/p>\n<blockquote>\n<h3>IN VAL FIORENTINA ARRIVANO LE CINQUECENTO<\/h3>\n<\/blockquote>\n<p><strong><a class=\"dt-pswp-item\" href=\"https:\/\/www.radiopiu.net\/wordpress\/wp-content\/uploads\/2023\/07\/Senza-nome-11.png\" data-dt-img-description=\"\" data-large_image_width=\"640\" data-large_image_height=\"120\"><img loading=\"lazy\" decoding=\"async\" class=\"size-medium wp-image-343442 aligncenter\" src=\"https:\/\/www.radiopiu.net\/wordpress\/wp-content\/uploads\/2023\/07\/Senza-nome-11-300x56.png\" alt=\"\" width=\"300\" height=\"56\" srcset=\"https:\/\/www.radiopiu.net\/wordpress\/wp-content\/uploads\/2023\/07\/Senza-nome-11-300x56.png 300w, https:\/\/www.radiopiu.net\/wordpress\/wp-content\/uploads\/2023\/07\/Senza-nome-11.png 640w\" sizes=\"auto, (max-width: 300px) 100vw, 300px\" \/><\/a> <\/strong><\/p>\n<p><strong>SELVA DI CADORE<\/strong> Domenica 16 luglio\u00a0 raduno delle Fiat 500 ai piedi del Pelmo.\u00a0 Ritrovo\u00a0 alle 8.30 dal Peron, passaggio ad Agordo alle 10 per\u00a0 Colle Santa Lucia e quindi\u00a0 \u00a0rifugio Aquileia. Rientro a valle dalle\u00a0 16 attraverso passo Staulanza e la Val di Zoldo Info: pirolo.giulio@simg.it o Whatsapp 3391339800.<\/p>\n<p>&nbsp;<\/p>\n<hr \/>\n<p>&nbsp;<\/p>\n<blockquote>\n<h3><a class=\"dt-pswp-item\" href=\"https:\/\/www.radiopiu.net\/wordpress\/wp-content\/uploads\/2023\/07\/a7500ce1-a4af-4fbc-9773-a3aff1d4797f.jpg\" data-dt-img-description=\"\" data-large_image_width=\"1150\" data-large_image_height=\"1600\"><img loading=\"lazy\" decoding=\"async\" class=\" wp-image-343556 alignleft\" src=\"https:\/\/www.radiopiu.net\/wordpress\/wp-content\/uploads\/2023\/07\/a7500ce1-a4af-4fbc-9773-a3aff1d4797f-216x300.jpg\" alt=\"\" width=\"96\" height=\"133\" srcset=\"https:\/\/www.radiopiu.net\/wordpress\/wp-content\/uploads\/2023\/07\/a7500ce1-a4af-4fbc-9773-a3aff1d4797f-216x300.jpg 216w, https:\/\/www.radiopiu.net\/wordpress\/wp-content\/uploads\/2023\/07\/a7500ce1-a4af-4fbc-9773-a3aff1d4797f-736x1024.jpg 736w, https:\/\/www.radiopiu.net\/wordpress\/wp-content\/uploads\/2023\/07\/a7500ce1-a4af-4fbc-9773-a3aff1d4797f-768x1069.jpg 768w, https:\/\/www.radiopiu.net\/wordpress\/wp-content\/uploads\/2023\/07\/a7500ce1-a4af-4fbc-9773-a3aff1d4797f-1104x1536.jpg 1104w, https:\/\/www.radiopiu.net\/wordpress\/wp-content\/uploads\/2023\/07\/a7500ce1-a4af-4fbc-9773-a3aff1d4797f.jpg 1150w\" sizes=\"auto, (max-width: 96px) 100vw, 96px\" \/><\/a>MUSICA NEI CORTIVI CON NENA TRENTIN<\/h3>\n<\/blockquote>\n<p><strong>SOSPIROLO<\/strong><\/p>\n<p>DI ROBERTO BONA<\/p>\n<audio class=\"wp-audio-shortcode\" id=\"audio-343381-8\" preload=\"none\" style=\"width: 100%;\" controls=\"controls\"><source type=\"audio\/mpeg\" src=\"https:\/\/www.radiopiu.net\/wordpress\/wp-content\/uploads\/2023\/07\/BONA-CONCERTO-NINA-TRENTIN-14-LUGLIO.mp3?_=8\" \/><a href=\"https:\/\/www.radiopiu.net\/wordpress\/wp-content\/uploads\/2023\/07\/BONA-CONCERTO-NINA-TRENTIN-14-LUGLIO.mp3\">https:\/\/www.radiopiu.net\/wordpress\/wp-content\/uploads\/2023\/07\/BONA-CONCERTO-NINA-TRENTIN-14-LUGLIO.mp3<\/a><\/audio>\n<p>&nbsp;<\/p>\n<hr \/>\n<p>&nbsp;<\/p>\n<h2><span style=\"color: #ff0000;\">GLI APPUNTAMENTI DELLA SETTIMANA\u00a0<\/span><\/h2>\n<blockquote>\n<h3>SI PARLA DEL LUPO IN SALA DON TAMIS<\/h3>\n<\/blockquote>\n<p><strong>AGORDO <\/strong>Prosegue la serie di incontri informativi per la popolazione dedicati al tema del ritorno del lupo e alla sua convivenza con le attivit\u00e0 umane. Dopo Forno di Zoldo, Lamon, Cesiomaggiore e Sedico \u00e8 ora la volta di Agordo. Oggi, alle ore 20.00, la sala don Tamis di Agordo ospita una nuova serata informativa sul lupo, rivolta a tutta la popolazione. La serata \u00e8 organizzata grazie alla collaborazione tra il Parco Nazionale Dolomiti Bellunesi e l\u2019Unione Montana Agordina.<\/p>\n<p>&nbsp;<\/p>\n<blockquote>\n<h3>MULTIVISIONI SOTTO LE STELLE<\/h3>\n<\/blockquote>\n<p><strong>BORGO VALBELLUNA <\/strong>Immagini che prendono vita seguendo lo scorrere della musica, per creare uno spettacolo che ha il potere di affascinare e coinvolgere lo spettatore. Questo lo spettacolo che verr\u00e0 proposto a Mel per due marted\u00ec consecutivi, l\u201911 e il 18\u00a0luglio\u00a0nel cortile del Palazzo delle Contesse di Mel.<\/p>\n<p>&nbsp;<\/p>\n<blockquote>\n<h3>MUSICA NEI CORTIVI<\/h3>\n<\/blockquote>\n<p><strong>SOSPIROLO<\/strong> Venerd\u00ec\u00a0 alle 20.30 in localit\u00e0 Pascoli-ai Tonet di Sospirolo concerto \u201cNena Trentin musica live\u201d per la rassegna Musica nei Cortivi. Organizza la Pro loco Monti Del Sole<\/p>\n<p>&nbsp;<\/p>\n<blockquote>\n<h3>ESTATE A FORCELLA AURINE. LEZIONE DI YOGA<\/h3>\n<\/blockquote>\n<p><strong>GOSALDO<\/strong> Continuano gli appuntamenti di Estate a Forcella Aurine. Sabato una mattinata di Yoga e Pilates con Serena De March ed Elisa Scariot. Domenica torna la musica live con Chiara e Fausto.<\/p>\n<p>&nbsp;<\/p>\n<blockquote>\n<h3>LA MOSTRA DI RENZO MIOLA<\/h3>\n<\/blockquote>\n<p><strong>AGORDO<\/strong> Dal 15 al 30 luglio alla Sala Don Tamis di Agordo verranno esposti i lavori di Renzo Miola. La mostra sar\u00e0 visitabile tutti i giorni dalle 17 alle 19:30, Mercoled\u00ec, sabato e domenica anche al mattino dalle 10 alle 12.<\/p>\n<p>&nbsp;<\/p>\n<p>&nbsp;<\/p>\n<blockquote class=\"wp-embedded-content\" data-secret=\"3BGhJBuBmo\"><p><a href=\"https:\/\/www.radiopiu.net\/wordpress\/40-anni-sui-piu-importanti-giornali-della-provincia-corriere-delle-alpi-amico-del-popolo-la-usc-di-ladins\/\">40 ANNI SUI PIU&#8217; IMPORTANTI GIORNALI DELLA PROVINCIA, CORRIERE DELLE ALPI, AMICO DEL POPOLO, LA USC DI LADINS<\/a><\/p><\/blockquote>\n<p><iframe loading=\"lazy\" class=\"wp-embedded-content\" sandbox=\"allow-scripts\" security=\"restricted\" style=\"position: absolute; clip: rect(1px, 1px, 1px, 1px);\" title=\"&#8220;40 ANNI SUI PIU&#8217; IMPORTANTI GIORNALI DELLA PROVINCIA, CORRIERE DELLE ALPI, AMICO DEL POPOLO, LA USC DI LADINS&#8221; &#8212; Radio Pi\u00f9\" src=\"https:\/\/www.radiopiu.net\/wordpress\/40-anni-sui-piu-importanti-giornali-della-provincia-corriere-delle-alpi-amico-del-popolo-la-usc-di-ladins\/embed\/#?secret=nXbncJYdCN#?secret=3BGhJBuBmo\" data-secret=\"3BGhJBuBmo\" width=\"600\" height=\"338\" frameborder=\"0\" marginwidth=\"0\" marginheight=\"0\" scrolling=\"no\"><\/iframe><\/p>\n<blockquote class=\"wp-embedded-content\" data-secret=\"KU6LAhUDzL\"><p><a href=\"https:\/\/www.radiopiu.net\/wordpress\/il-viaggio-in-terra-irlandese-con-claudia-magic-teacher-day-8-9\/\">IL VIAGGIO IN TERRA IRLANDESE CON CLAUDIA MAGIC TEACHER E IL CAMPE &#8211; in aggiornamento<\/a><\/p><\/blockquote>\n<p><iframe loading=\"lazy\" class=\"wp-embedded-content\" sandbox=\"allow-scripts\" security=\"restricted\" style=\"position: absolute; clip: rect(1px, 1px, 1px, 1px);\" title=\"&#8220;IL VIAGGIO IN TERRA IRLANDESE CON CLAUDIA MAGIC TEACHER E IL CAMPE &#8211; in aggiornamento&#8221; &#8212; Radio Pi\u00f9\" src=\"https:\/\/www.radiopiu.net\/wordpress\/il-viaggio-in-terra-irlandese-con-claudia-magic-teacher-day-8-9\/embed\/#?secret=F6BTXtg7Sv#?secret=KU6LAhUDzL\" data-secret=\"KU6LAhUDzL\" width=\"600\" height=\"338\" frameborder=\"0\" marginwidth=\"0\" marginheight=\"0\" scrolling=\"no\"><\/iframe><\/p>\n<p>&nbsp;<\/p>\n<h2><span style=\"color: #ff0000;\">PROSSIMAMENTE&#8230;\u00a0<\/span><\/h2>\n<blockquote>\n<h3>UNA SERATA CON ANSELMO CAGNATI<\/h3>\n<\/blockquote>\n<p><strong>FALCADE<\/strong> Gioved\u00ec 20 luglio alle 21 alla Casa della Giovent\u00f9 di Caviola una serata con Anselmo Cagnati dal titolo &#8220;Tjikko, con i cani da slitta del grande nord&#8221;<\/p>\n<p>&nbsp;<\/p>\n<blockquote>\n<h3>LA SANTA MESSA AL COL DE SAN LUGAN<\/h3>\n<\/blockquote>\n<p><strong>TAIBON<\/strong> Sabato 22 luglio alle 10:30 al Col De San Lugan in Valle di San Lucano verr\u00e0 celebrata la Santa Messa. Pranzo al sacco.<\/p>\n<p>&nbsp;<\/p>\n<blockquote>\n<h3>LA STUA, DOVE RINASCE LO STUDIO BALLIS<\/h3>\n<\/blockquote>\n<p><strong>ALLEGHE<\/strong> Sabato 22 luglio alle 18 in Corso Venezia a Masare&#8217;, Laura Ballis con Vico Calabro&#8217; e Giovanni Sogne inaugura il nuovo studio d&#8217;arte &#8220;La Stua&#8221;, rinato dopo la tempesta Vaia dell&#8217;autunno 2018.<\/p>\n\n\t\t\t<style type='text\/css'>\n\t\t\t\t#gallery-3 {\n\t\t\t\t\tmargin: auto;\n\t\t\t\t}\n\t\t\t\t#gallery-3 .gallery-item {\n\t\t\t\t\tfloat: left;\n\t\t\t\t\tmargin-top: 10px;\n\t\t\t\t\ttext-align: center;\n\t\t\t\t\twidth: 50%;\n\t\t\t\t}\n\t\t\t\t#gallery-3 img {\n\t\t\t\t\tborder: 2px solid #cfcfcf;\n\t\t\t\t}\n\t\t\t\t#gallery-3 .gallery-caption {\n\t\t\t\t\tmargin-left: 0;\n\t\t\t\t}\n\t\t\t\t\/* see gallery_shortcode() in wp-includes\/media.php *\/\n\t\t\t<\/style>\n\t\t<div id='gallery-3' class='dt-gallery-container gallery galleryid-343381 gallery-columns-2 gallery-size-medium'><dl class='gallery-item'>\n\t\t\t\t<dt class='gallery-icon landscape'>\n\t\t\t\t\t<a class=\"rollover rollover-zoom dt-pswp-item\" title=\"prima\" data-dt-img-description=\"\" data-large_image_width=\"266\" data-large_image_height=\"162\"href='https:\/\/www.radiopiu.net\/wordpress\/wp-content\/uploads\/2023\/07\/prima.png'><img loading=\"lazy\" decoding=\"async\" width=\"266\" height=\"162\" src=\"https:\/\/www.radiopiu.net\/wordpress\/wp-content\/uploads\/2023\/07\/prima.png\" class=\"attachment-medium size-medium\" alt=\"\" aria-describedby=\"gallery-3-342762\" \/><\/a>\n\t\t\t\t<\/dt>\n\t\t\t\t\t<dd class='wp-caption-text gallery-caption' id='gallery-3-342762'>\n\t\t\t\t\tPOST VAIA\n\t\t\t\t\t<\/dd><\/dl><dl class='gallery-item'>\n\t\t\t\t<dt class='gallery-icon landscape'>\n\t\t\t\t\t<a class=\"rollover rollover-zoom dt-pswp-item\" title=\"oggi\" data-dt-img-description=\"\" data-large_image_width=\"273\" data-large_image_height=\"196\"href='https:\/\/www.radiopiu.net\/wordpress\/wp-content\/uploads\/2023\/07\/oggi.png'><img loading=\"lazy\" decoding=\"async\" width=\"273\" height=\"196\" src=\"https:\/\/www.radiopiu.net\/wordpress\/wp-content\/uploads\/2023\/07\/oggi.png\" class=\"attachment-medium size-medium\" alt=\"\" aria-describedby=\"gallery-3-342761\" \/><\/a>\n\t\t\t\t<\/dt>\n\t\t\t\t\t<dd class='wp-caption-text gallery-caption' id='gallery-3-342761'>\n\t\t\t\t\tOGGI\n\t\t\t\t\t<\/dd><\/dl><br style=\"clear: both\" \/>\n\t\t\t<\/div>\n\n<blockquote>\n<h3><\/h3>\n<h3>L&#8217;ESTATE DEI MERCATINI AD AGORDO<\/h3>\n<\/blockquote>\n<p><strong>AGORDO<\/strong> Tornano i mercatini d&#8217;estate ad Agordo. Il primo appuntamento domenica 23 luglio dalle 6 alle 19 sul Broi di Agordo con il mercatino dell&#8217;antiquariato. Per informazioni 349 3984682<\/p>\n<p>&nbsp;<\/p>\n<blockquote class=\"wp-embedded-content\" data-secret=\"0PfqQ5HNlt\"><p><a href=\"https:\/\/www.radiopiu.net\/wordpress\/il-programma-degli-eventi-estivi-dedicati-al-beato-papa-giovanni-paolo-i\/\">IL PROGRAMMA DEGLI EVENTI ESTIVI DEDICATI AL BEATO PAPA GIOVANNI PAOLO I<\/a><\/p><\/blockquote>\n<p><iframe loading=\"lazy\" class=\"wp-embedded-content\" sandbox=\"allow-scripts\" security=\"restricted\" style=\"position: absolute; clip: rect(1px, 1px, 1px, 1px);\" title=\"&#8220;IL PROGRAMMA DEGLI EVENTI ESTIVI DEDICATI AL BEATO PAPA GIOVANNI PAOLO I&#8221; &#8212; Radio Pi\u00f9\" src=\"https:\/\/www.radiopiu.net\/wordpress\/il-programma-degli-eventi-estivi-dedicati-al-beato-papa-giovanni-paolo-i\/embed\/#?secret=3hFaZq5tkQ#?secret=0PfqQ5HNlt\" data-secret=\"0PfqQ5HNlt\" width=\"600\" height=\"338\" frameborder=\"0\" marginwidth=\"0\" marginheight=\"0\" scrolling=\"no\"><\/iframe><\/p>\n<p>&nbsp;<\/p>\n<hr \/>\n<p>&nbsp;<\/p>\n<blockquote>\n<h3>APERITIVO ? MA MAI SENZA MUSICA<\/h3>\n<\/blockquote>\n<p><a class=\"dt-pswp-item\" href=\"https:\/\/www.radiopiu.net\/wordpress\/wp-content\/uploads\/2023\/07\/d86dbc06-7161-49d4-b544-90770e85269f.jpg\" data-dt-img-description=\"\" data-large_image_width=\"1448\" data-large_image_height=\"2048\"><img loading=\"lazy\" decoding=\"async\" class=\" wp-image-342766 alignleft\" src=\"https:\/\/www.radiopiu.net\/wordpress\/wp-content\/uploads\/2023\/07\/d86dbc06-7161-49d4-b544-90770e85269f-212x300.jpg\" alt=\"\" width=\"133\" height=\"189\" srcset=\"https:\/\/www.radiopiu.net\/wordpress\/wp-content\/uploads\/2023\/07\/d86dbc06-7161-49d4-b544-90770e85269f-212x300.jpg 212w, https:\/\/www.radiopiu.net\/wordpress\/wp-content\/uploads\/2023\/07\/d86dbc06-7161-49d4-b544-90770e85269f-724x1024.jpg 724w, https:\/\/www.radiopiu.net\/wordpress\/wp-content\/uploads\/2023\/07\/d86dbc06-7161-49d4-b544-90770e85269f-768x1086.jpg 768w, https:\/\/www.radiopiu.net\/wordpress\/wp-content\/uploads\/2023\/07\/d86dbc06-7161-49d4-b544-90770e85269f-1086x1536.jpg 1086w, https:\/\/www.radiopiu.net\/wordpress\/wp-content\/uploads\/2023\/07\/d86dbc06-7161-49d4-b544-90770e85269f.jpg 1448w\" sizes=\"auto, (max-width: 133px) 100vw, 133px\" \/><\/a>Dimentica la routine, concediti un momento di relax e divertimento con amici e familiari. L&#8217;aperitivo in musica all&#8217;Hotel Stella Alpina in piazza a Falcade \u00e8 l&#8217;occasione perfetta per socializzare e creare ricordi preziosi.Ogni venerd\u00ec di luglio ed agosto, l&#8217;Hotel Stella Alpina vi accoglie per una serata di puro divertimento, dalle 18 alle 21. I\u00a0venerdi di luglio ed agosto allo Stella alpina, appuntamento con la buona musica e le specialit\u00e0 che sapranno deliziarvi il palato. INFO 0437 599046. <a class=\"moz-txt-link-abbreviated\" href=\"http:\/\/WWW.HOTEL\">WWW.HOTEL<\/a> STELLA ALPINA . COM<br \/>\n<strong>VENERDI 14 LUGLIO\u00a0<\/strong> RE-UNION IN CONCERTO, dalla cucina: SERATA ROMANA CON AMATRICIANA, CACIO E PEPE.<br \/>\n<strong>VENERDI 21 LUGLIO<\/strong> IL RITORNO DEI JPM, saranno serviti PANINI CON PORCHETTA E SALSA COLESLAW<\/p>\n<p>&nbsp;<\/p>\n<p>&nbsp;<\/p>\n<hr \/>\n<p>&nbsp;<\/p>\n<div dir=\"auto\">\n<div class=\"message spoilers-container\" dir=\"auto\">\n<div>\n<div class=\"b654a4as d2edcug0\">\n<div class=\"rq0escxv hkbzh7o3 jwdofwj8 n8tt0mok r8blr3vg hyh9befq\">\n<p><a class=\"dt-pswp-item\" href=\"https:\/\/www.radiopiu.net\/wordpress\/wp-content\/uploads\/2020\/10\/pp.jpg\" data-dt-img-description=\"\" data-large_image_width=\"640\" data-large_image_height=\"640\"><img loading=\"lazy\" decoding=\"async\" class=\"wp-image-163678 alignleft\" src=\"https:\/\/www.radiopiu.net\/wordpress\/wp-content\/uploads\/2020\/10\/pp-300x300.jpg\" alt=\"\" width=\"106\" height=\"106\" srcset=\"https:\/\/www.radiopiu.net\/wordpress\/wp-content\/uploads\/2020\/10\/pp-300x300.jpg 300w, https:\/\/www.radiopiu.net\/wordpress\/wp-content\/uploads\/2020\/10\/pp-150x150.jpg 150w, https:\/\/www.radiopiu.net\/wordpress\/wp-content\/uploads\/2020\/10\/pp-125x125.jpg 125w, https:\/\/www.radiopiu.net\/wordpress\/wp-content\/uploads\/2020\/10\/pp-200x200.jpg 200w, https:\/\/www.radiopiu.net\/wordpress\/wp-content\/uploads\/2020\/10\/pp-80x80.jpg 80w, https:\/\/www.radiopiu.net\/wordpress\/wp-content\/uploads\/2020\/10\/pp-480x480.jpg 480w, https:\/\/www.radiopiu.net\/wordpress\/wp-content\/uploads\/2020\/10\/pp.jpg 640w\" sizes=\"auto, (max-width: 106px) 100vw, 106px\" \/><\/a><\/p>\n<\/div>\n<\/div>\n<\/div>\n<\/div>\n<div class=\"message spoilers-container\" dir=\"auto\">\n<div class=\"page-title-head hgroup\">\n<div class=\"page-title-head hgroup\">\n<div class=\"b654a4as d2edcug0\">\n<div class=\"j83agx80 btwxx1t3 lhclo0ds hop8lmos nkwizq5d scwd0bx6 roh60bw9\">\n<div class=\"rq0escxv hkbzh7o3 jwdofwj8 n8tt0mok r8blr3vg hyh9befq\">\n<div class=\"do00u71z l9j0dhe7 k4urcfbm\" style=\"text-align: left;\">\n<h2><span style=\"color: #000080;\">DON CESARE, IL PENSIERO DEL GIORNO. ALLA RADIO ALLE 7 DEL MATTINO E ALLE 19.30 DELLA SERA<\/span><\/h2>\n<\/div>\n<\/div>\n<\/div>\n<\/div>\n<\/div>\n<\/div>\n<\/div>\n<\/div>\n<div class=\"message spoilers-container\" dir=\"auto\">\n<div class=\"column\">\n<div class=\"message spoilers-container\" dir=\"auto\">\n<div class=\"column\">\n<p>&nbsp;<\/p>\n<p>&nbsp;<\/p>\n<p>&nbsp;<\/p>\n<hr \/>\n<p>&nbsp;<\/p>\n<h2><strong><a class=\"dt-pswp-item\" href=\"https:\/\/www.radiopiu.net\/wordpress\/wp-content\/uploads\/2020\/09\/FALCADE-1.jpg\" data-dt-img-description=\"\" data-large_image_width=\"960\" data-large_image_height=\"720\"><img loading=\"lazy\" decoding=\"async\" class=\" wp-image-163186 alignleft\" src=\"https:\/\/www.radiopiu.net\/wordpress\/wp-content\/uploads\/2020\/09\/FALCADE-1-300x225.jpg\" alt=\"\" width=\"151\" height=\"113\" srcset=\"https:\/\/www.radiopiu.net\/wordpress\/wp-content\/uploads\/2020\/09\/FALCADE-1-300x225.jpg 300w, https:\/\/www.radiopiu.net\/wordpress\/wp-content\/uploads\/2020\/09\/FALCADE-1-768x576.jpg 768w, https:\/\/www.radiopiu.net\/wordpress\/wp-content\/uploads\/2020\/09\/FALCADE-1-640x480.jpg 640w, https:\/\/www.radiopiu.net\/wordpress\/wp-content\/uploads\/2020\/09\/FALCADE-1.jpg 960w\" sizes=\"auto, (max-width: 151px) 100vw, 151px\" \/><\/a><\/strong><span style=\"color: #800080;\">LA RASSEGNA STAMPA DA L&#8217;AMICO DEL POPOLO<\/span><\/h2>\n<p><strong>di Gianni Santomaso<\/strong><\/p>\n<p>OSPITE: Flavio Murer<\/p>\n<audio class=\"wp-audio-shortcode\" id=\"audio-343381-9\" preload=\"none\" style=\"width: 100%;\" controls=\"controls\"><source type=\"audio\/mpeg\" src=\"https:\/\/www.radiopiu.net\/wordpress\/wp-content\/uploads\/2023\/07\/RASSEGNA-GIANNI-1.mp3?_=9\" \/><a href=\"https:\/\/www.radiopiu.net\/wordpress\/wp-content\/uploads\/2023\/07\/RASSEGNA-GIANNI-1.mp3\">https:\/\/www.radiopiu.net\/wordpress\/wp-content\/uploads\/2023\/07\/RASSEGNA-GIANNI-1.mp3<\/a><\/audio>\n<p>&nbsp;<\/p>\n<hr \/>\n<p>&nbsp;<\/p>\n<h2><span style=\"color: #33cccc;\">I RACCONTI DI PAOLO SOPPELSA<\/span><\/h2>\n<p><strong>QUANDO SCRIVO<\/strong><\/p>\n<p><strong>AUDIO<\/strong><\/p>\n<audio class=\"wp-audio-shortcode\" id=\"audio-343381-10\" preload=\"none\" style=\"width: 100%;\" controls=\"controls\"><source type=\"audio\/mpeg\" src=\"https:\/\/www.radiopiu.net\/wordpress\/wp-content\/uploads\/2023\/07\/PAOLO-SOPPELSA-QUANDO-SCRIVO.mp3?_=10\" \/><a href=\"https:\/\/www.radiopiu.net\/wordpress\/wp-content\/uploads\/2023\/07\/PAOLO-SOPPELSA-QUANDO-SCRIVO.mp3\">https:\/\/www.radiopiu.net\/wordpress\/wp-content\/uploads\/2023\/07\/PAOLO-SOPPELSA-QUANDO-SCRIVO.mp3<\/a><\/audio>\n<p>&nbsp;<\/p>\n<p><a class=\"dt-pswp-item\" href=\"https:\/\/www.radiopiu.net\/wordpress\/wp-content\/uploads\/2023\/07\/645776c7-5c75-45c5-a0ce-55ec233afb86.jpg\" data-dt-img-description=\"\" data-large_image_width=\"1080\" data-large_image_height=\"1080\"><img loading=\"lazy\" decoding=\"async\" class=\" wp-image-343324 alignleft\" src=\"https:\/\/www.radiopiu.net\/wordpress\/wp-content\/uploads\/2023\/07\/645776c7-5c75-45c5-a0ce-55ec233afb86-300x300.jpg\" alt=\"\" width=\"150\" height=\"150\" srcset=\"https:\/\/www.radiopiu.net\/wordpress\/wp-content\/uploads\/2023\/07\/645776c7-5c75-45c5-a0ce-55ec233afb86-300x300.jpg 300w, https:\/\/www.radiopiu.net\/wordpress\/wp-content\/uploads\/2023\/07\/645776c7-5c75-45c5-a0ce-55ec233afb86-1024x1024.jpg 1024w, https:\/\/www.radiopiu.net\/wordpress\/wp-content\/uploads\/2023\/07\/645776c7-5c75-45c5-a0ce-55ec233afb86-150x150.jpg 150w, https:\/\/www.radiopiu.net\/wordpress\/wp-content\/uploads\/2023\/07\/645776c7-5c75-45c5-a0ce-55ec233afb86-768x768.jpg 768w, https:\/\/www.radiopiu.net\/wordpress\/wp-content\/uploads\/2023\/07\/645776c7-5c75-45c5-a0ce-55ec233afb86.jpg 1080w\" sizes=\"auto, (max-width: 150px) 100vw, 150px\" \/><\/a>Scrivo di montagne, di rocce e di cieli agordini, racconto di boschi torrenti e notti stellate d&#8217;inverno. E poi di strade abbandonate e case cantoniere chiuse in enigmatici silenzi, di larici cresciuti sugli strapiombi e faggi che colorano i boschi d&#8217;ottobre. Vento e neve, pioggia e sole; racconto brevi storie di vita che si intrecciano con lo scorrere della Storia. Ritrovo dettagli minimi, all&#8217;apparenza insignificanti, ricordo persone andate avanti ma rimaste nel cuore. Cerco di raccontare tutto questo perch\u00e9 questo \u00e8 ci\u00f2 che ho dentro; io &#8220;sono&#8221; quello che scrivo, e mentre scrivo ritrovo i luoghi e i volti, le voci e la neve, e mi piace pensare che chi legge riesca a vedere lo scintillio del ghiaccio che ornava la &#8220;brenta&#8221; che non c&#8217;\u00e8 pi\u00f9. E poi che possa sentire il caldo di legna e il silenzio della montagna di sera, che riesca ad immaginare quel vivere lento, ricco di gesti semplici tramandati da generazioni che hanno vissuto gli inverni nell&#8217;intimit\u00e0 di quelle &#8220;stue&#8221; riscaldate dal &#8220;fornel&#8221; e da sentimenti veri. Quando scrivo ritorno di fronte al Pelsa dove, in quelle lunghe sere d&#8217;inverno, c&#8217;erano gelo stelle e silenzi, e poi c&#8217;era quel poco che era tutto. Ho vissuto un tempo in cui mi sono riempito di attimi semplici, di parole rimaste scolpite nella mia memoria. \u00c8 successo che ho taciuto per quarant&#8217;anni; ho vissuto osservando tanto e parlando poco, e spesso quel poco mi sembrava gi\u00e0 troppo. E stavo l\u00ec, volutamente un passo indietro, con l&#8217;umilt\u00e0 propria di chi conosce i propri limiti. Guardavo il mondo correre sempre pi\u00f9 in fretta e talvolta ho pure tentato di rimanere a ruota; e cos\u00ec correvo anch&#8217;io, ma per arrivare dove, mi chiedevo nel frattempo. Da bambino amavo la tranquillit\u00e0 dei fine settimana d&#8217;autunno a Cencenighe, i colori del Bosk dal Forn, il pungere del freddo di novembre e il bianco della &#8220;brosa&#8221; sull&#8217;asfalto della Strada Madre. E poi, durante quelle estati vissute a San Tomaso, mi perdevo nell&#8217;ammirare il muovere lento dei larici spinti dal vento del pomeriggio. Quelle lunghe giornate mi hanno insegnato la pazienza, le montagne mi hanno insegnato l&#8217;attendere, il saper cogliere i dettagli che annunciano il cambio delle stagioni o l&#8217;arrivo di un temporale. Mentre le luci stroboscopiche delle discoteche illuminavano visi in festa e i coni delle casse vibravano i colpi della musica techno, io mi riempivo di musica triste, di canzoni ormai fuori moda e fuori dal tempo. Raccoglievo e memorizzavo parole e rime di quei brani spesso malinconici che raccontavano la vita, tentavo di capire i meccanismi di quel narrare in musica. E poi nuovamente la montagna e ancora quello stare alla finestra ad osservare il mondo. Il lavoro, pochi amici e poi i silenzi e la serenit\u00e0 che il &#8220;mio&#8221; monte mi regala. Il capire con il tempo che ognuno ha il suo modo di vivere e di stare bene con se stesso; il perseguire il pi\u00f9 possibile questo vivere un po&#8217; ai margini riempiendomi nel frattempo di tutto ci\u00f2 che le &#8220;Montagne Mee e la m\u00e8 val&#8221; sanno offrire. Tante primavere ho visto nascere lass\u00f9, tante volte ho visto i larici svegliarsi dopo aver dormito per cinque mesi. E poi le estati diventare autunni e l&#8217;emozione della prima neve d&#8217;inverno. Un vivere cos\u00ec, fuori moda, lasciando che il mondo vada per la sua strada, senza quell&#8217;opprimente ed effimero desiderio di rincorrerlo. \u00c8 successo che ho taciuto per quarant&#8217;anni, poi ho scritto; citando una frase del grande Augusto Daolio &#8220;&#8230; non scrivo per riempire un vuoto, ma per vuotare un pieno che \u00e8 dentro di me e preme.<\/p>\n<p>&nbsp;<\/p>\n<p>&nbsp;<\/p>\n<hr \/>\n<p>&nbsp;<\/p>\n<p><img loading=\"lazy\" decoding=\"async\" class=\"aligncenter wp-image-61954 size-full\" src=\"https:\/\/www.radiopiu.net\/wordpress\/wp-content\/uploads\/2018\/09\/viabilita.jpeg\" sizes=\"auto, (max-width: 800px) 100vw, 800px\" srcset=\"https:\/\/www.radiopiu.net\/wordpress\/wp-content\/uploads\/2018\/09\/viabilita.jpeg 800w, https:\/\/www.radiopiu.net\/wordpress\/wp-content\/uploads\/2018\/09\/viabilita-300x38.jpeg 300w, https:\/\/www.radiopiu.net\/wordpress\/wp-content\/uploads\/2018\/09\/viabilita-768x96.jpeg 768w\" alt=\"\" width=\"800\" height=\"100\" \/><\/p>\n<\/div>\n<\/div>\n<div class=\"message spoilers-container\" dir=\"auto\">\n<div class=\"column\">\n<p>&nbsp;<\/p>\n<\/div>\n<\/div>\n<\/div>\n<\/div>\n<blockquote class=\"wp-embedded-content\" data-secret=\"picaWUz2b6\"><p><a href=\"https:\/\/www.radiopiu.net\/wordpress\/viabilita\/\">viabilita<\/a><\/p><\/blockquote>\n<p><iframe loading=\"lazy\" class=\"wp-embedded-content\" sandbox=\"allow-scripts\" security=\"restricted\" style=\"position: absolute; clip: rect(1px, 1px, 1px, 1px);\" title=\"&#8220;viabilita&#8221; &#8212; Radio Pi\u00f9\" src=\"https:\/\/www.radiopiu.net\/wordpress\/viabilita\/embed\/#?secret=aNKz3NFwlR#?secret=picaWUz2b6\" data-secret=\"picaWUz2b6\" width=\"600\" height=\"338\" frameborder=\"0\" marginwidth=\"0\" marginheight=\"0\" scrolling=\"no\"><\/iframe><\/p>\n<div class=\"message spoilers-container\" dir=\"auto\">\n<div class=\"column\">\n<div class=\"message spoilers-container\" dir=\"auto\">\n<div class=\"column\">\n<div>\n<div dir=\"ltr\">\n<div class=\"gmail_quote\">\n<div dir=\"ltr\">\n<div><\/div>\n<div>\n<hr \/>\n<\/div>\n<div><a class=\"dt-pswp-item\" href=\"https:\/\/www.radiopiu.net\/wordpress\/wp-content\/uploads\/2023\/06\/07493af4-f8e1-4ce3-bb99-e0a40362939f.jpg\" data-dt-img-description=\"\" data-large_image_width=\"1417\" data-large_image_height=\"1481\"><img loading=\"lazy\" decoding=\"async\" class=\"wp-image-339869 aligncenter\" src=\"https:\/\/www.radiopiu.net\/wordpress\/wp-content\/uploads\/2023\/06\/07493af4-f8e1-4ce3-bb99-e0a40362939f-980x1024.jpg\" alt=\"\" width=\"382\" height=\"399\" srcset=\"https:\/\/www.radiopiu.net\/wordpress\/wp-content\/uploads\/2023\/06\/07493af4-f8e1-4ce3-bb99-e0a40362939f-980x1024.jpg 980w, https:\/\/www.radiopiu.net\/wordpress\/wp-content\/uploads\/2023\/06\/07493af4-f8e1-4ce3-bb99-e0a40362939f-287x300.jpg 287w, https:\/\/www.radiopiu.net\/wordpress\/wp-content\/uploads\/2023\/06\/07493af4-f8e1-4ce3-bb99-e0a40362939f-768x803.jpg 768w, https:\/\/www.radiopiu.net\/wordpress\/wp-content\/uploads\/2023\/06\/07493af4-f8e1-4ce3-bb99-e0a40362939f.jpg 1417w\" sizes=\"auto, (max-width: 382px) 100vw, 382px\" \/><\/a><\/div>\n<div><\/div>\n<\/div>\n<\/div>\n<\/div>\n<\/div>\n<hr \/>\n<p>&nbsp;<\/p>\n<p><a class=\"dt-pswp-item\" href=\"https:\/\/www.radiopiu.net\/wordpress\/wp-content\/uploads\/2018\/09\/WhatsApp-Image-2018-09-20-at-16.04.06.jpeg\" data-dt-img-description=\"\" data-large_image_width=\"800\" data-large_image_height=\"100\"><img loading=\"lazy\" decoding=\"async\" class=\"wp-image-61378 size-full aligncenter\" src=\"https:\/\/www.radiopiu.net\/wordpress\/wp-content\/uploads\/2018\/09\/WhatsApp-Image-2018-09-20-at-16.04.06.jpeg\" alt=\"\" width=\"800\" height=\"100\" srcset=\"https:\/\/www.radiopiu.net\/wordpress\/wp-content\/uploads\/2018\/09\/WhatsApp-Image-2018-09-20-at-16.04.06.jpeg 800w, https:\/\/www.radiopiu.net\/wordpress\/wp-content\/uploads\/2018\/09\/WhatsApp-Image-2018-09-20-at-16.04.06-300x38.jpeg 300w, https:\/\/www.radiopiu.net\/wordpress\/wp-content\/uploads\/2018\/09\/WhatsApp-Image-2018-09-20-at-16.04.06-768x96.jpeg 768w\" sizes=\"auto, (max-width: 800px) 100vw, 800px\" \/><\/a><\/p>\n<\/div>\n<\/div>\n<div class=\"message spoilers-container\" dir=\"auto\">\n<p>&nbsp;<\/p>\n<p><center><b>OGGI<\/b><\/center>Al mattino nelle prime ore cielo ancora sereno o poco nuvoloso; in seguito, graduale aumento della nuvolosit\u00e0 a sviluppo cumuliforme, con fenomeni pressoch\u00e8 assenti o eventualmente potr\u00e0 verificarsi qualche isolato fenomeno pomeridiano, specie sulle Dolomiti.<br \/>\n<b>Precipitazioni: <\/b>Al mattino assenti (0%). Nel pomeriggio sulle Prealpi non esclusa qualche isolata e breve precipitazione specie sulle Dolomiti (10-20%).<br \/>\n<b>Temperature: <\/b>Minime stazionarie o in ulteriore lieve aumento specie in quota, massime pressoch\u00e8 stazionarie, ad eccezione di qualche lieve calo nelle valli, su valori ancora superiori alla norma. Clima estivo.<\/p>\n<hr \/>\n<p><center><b>DOMANI<\/b><\/center>Giornata con tempo variabile a tratti instabile. Al mattino cielo irregolarmente nuvoloso con schiarite alternate ad annuvolamenti, in intensificazione soprattutto nelle ore calde associati a fenomeni inizialmente locali poi sparsi nel corso del pomeriggio\/sera.<br \/>\n<b>Precipitazioni: <\/b>Al mattino generalmente assenti (0-10%), salvo qualche sporadico fenomeno; dalle ore centrali aumento della probabilit\u00e0 fino a medio-alta per precipitazioni da locali a sparse anche a carattere di rovescio o di temporale.<br \/>\n<b>Temperature: <\/b>Minime senza variazioni di rilievo nelle valli in lieve aumento in alta montagna, massime in diminuzione, con clima diurno meno caldo rispetto ai giorni precedenti su valori ancora superiori alla norma.<\/p>\n<hr \/>\n<p><center><b>GIOVEDI<\/b><\/center>Giornata ancora variabile a tratti anche instabile, specie dalle ore centrali, con fenomeni da sparsi a diffusi anche a carattere di rovescio o di temporale. Temperature in diminuzione. Clima diurno pi\u00f9 fresco rispetto mercoled\u00ec con temperature pi\u00f9 consone al periodo.<\/p>\n<hr \/>\n<p><center><b>VENERDI<\/b><\/center>Tempo variabile con annuvolamenti anche consistenti e parziali schiarite, a tratti anche instabile specie sulle Dolomiti, con prevalenza della nuvolosit\u00e0 sulle ore di sole. Temperature minime in lieve calo e massime senza variazioni di rilievo, su valori prossimi alla norma.<\/p>\n<\/div>\n<p>&nbsp;<\/p>\n<div class=\"message spoilers-container\" dir=\"auto\">\n<hr \/>\n<p>&nbsp;<\/p>\n<p><a class=\"dt-pswp-item\" href=\"https:\/\/www.radiopiu.net\/wordpress\/wp-content\/uploads\/2018\/09\/sport.jpg\" data-dt-img-description=\"\" data-large_image_width=\"800\" data-large_image_height=\"100\"><img loading=\"lazy\" decoding=\"async\" class=\"aligncenter wp-image-60761 size-full\" src=\"https:\/\/www.radiopiu.net\/wordpress\/wp-content\/uploads\/2018\/09\/sport.jpg\" alt=\"\" width=\"800\" height=\"100\" srcset=\"https:\/\/www.radiopiu.net\/wordpress\/wp-content\/uploads\/2018\/09\/sport.jpg 800w, https:\/\/www.radiopiu.net\/wordpress\/wp-content\/uploads\/2018\/09\/sport-300x38.jpg 300w, https:\/\/www.radiopiu.net\/wordpress\/wp-content\/uploads\/2018\/09\/sport-768x96.jpg 768w\" sizes=\"auto, (max-width: 800px) 100vw, 800px\" \/><\/a><\/p>\n<\/div>\n<div class=\"message spoilers-container\" dir=\"auto\">\n<p>&nbsp;<\/p>\n<p><span style=\"color: #0000ff;\"><strong>CALCIO<\/strong><\/span><\/p>\n<blockquote>\n<h3>LE SQUADRE DEL CAMPIONATO AGORDINO SI PREPARANO PER I QUARTI DI FINALE<\/h3>\n<\/blockquote>\n<p><strong><a class=\"dt-pswp-item\" href=\"https:\/\/www.radiopiu.net\/wordpress\/wp-content\/uploads\/2023\/07\/FODOM.png\" data-dt-img-description=\"\" data-large_image_width=\"546\" data-large_image_height=\"396\"><img loading=\"lazy\" decoding=\"async\" class=\" wp-image-343523 alignleft\" src=\"https:\/\/www.radiopiu.net\/wordpress\/wp-content\/uploads\/2023\/07\/FODOM-300x218.png\" alt=\"\" width=\"191\" height=\"139\" srcset=\"https:\/\/www.radiopiu.net\/wordpress\/wp-content\/uploads\/2023\/07\/FODOM-300x218.png 300w, https:\/\/www.radiopiu.net\/wordpress\/wp-content\/uploads\/2023\/07\/FODOM.png 546w\" sizes=\"auto, (max-width: 191px) 100vw, 191px\" \/><\/a>di Marco Gaz<\/strong><\/p>\n<p><strong>REDAZIONE<\/strong> Sono andati in archivio anche i miniottavi di finale del Memorial Attilio Moretti. Tutto secondo i piani, o quasi. Si perch\u00e9 se vogliamo parlare di sorprese possiamo proprio dire che ci sono state. Il riferimento \u00e8 alla prima partita di Vallada dove il Canale ha strappato il pass per i quarti di finale dopo aver vinto di misura contro il Caprile. La squadra della Valle del Biois non era la favorita sulla carta ma \u00e8 bastato un calcio di rigore per superare la compagine allenata da Davare. Caprile che nonostante tutto ha lottato non trovando la rete, colpendo dei pali e facendo i conti con il portiere canalino che ha parato tutto, compreso il rigore a De Val. Il Gosaldo ha vinto il derby del Poi rifilando due gol ad un Rivamonte che non \u00e8 mai entrato in partita, a parte in due occasioni. Il Fodom (FOTO) ha chiuso la sfida con l&#8217;Alleghe nei primi 40&#8242; per poi rilassarsi nel secondo tempo. Il Vallada invece ha calato il poker con il Cencenighe che si \u00e8 dovuto accontentare del gol della bandiera. Ora si inizia a fare sul serio e le sfide si fanno interessanti. A Gosaldo e a Voltago si giocheranno le quattro partite che decreteranno le semifinaliste del Memorial Attilio Moretti. Tra le partite da non perdere Taibon &#8211; Gosaldo e Le Ville &#8211; Fodom. Il Voltago sembra favorito nella sfida con il Canale mentre il La Valle dovr\u00e0 vedersela con il Vallada.<\/p>\n<p><strong>IL TABELLONE<\/strong><\/p>\n<p><a class=\"dt-pswp-item\" href=\"https:\/\/www.radiopiu.net\/wordpress\/wp-content\/uploads\/2023\/07\/359366846_3159214837709490_1131386102325371579_n.jpg\" data-dt-img-description=\"\" data-large_image_width=\"2048\" data-large_image_height=\"2048\"><img loading=\"lazy\" decoding=\"async\" class=\"alignnone size-medium wp-image-343533\" src=\"https:\/\/www.radiopiu.net\/wordpress\/wp-content\/uploads\/2023\/07\/359366846_3159214837709490_1131386102325371579_n-300x300.jpg\" alt=\"\" width=\"300\" height=\"300\" srcset=\"https:\/\/www.radiopiu.net\/wordpress\/wp-content\/uploads\/2023\/07\/359366846_3159214837709490_1131386102325371579_n-300x300.jpg 300w, https:\/\/www.radiopiu.net\/wordpress\/wp-content\/uploads\/2023\/07\/359366846_3159214837709490_1131386102325371579_n-1024x1024.jpg 1024w, https:\/\/www.radiopiu.net\/wordpress\/wp-content\/uploads\/2023\/07\/359366846_3159214837709490_1131386102325371579_n-150x150.jpg 150w, https:\/\/www.radiopiu.net\/wordpress\/wp-content\/uploads\/2023\/07\/359366846_3159214837709490_1131386102325371579_n-768x768.jpg 768w, https:\/\/www.radiopiu.net\/wordpress\/wp-content\/uploads\/2023\/07\/359366846_3159214837709490_1131386102325371579_n-1536x1536.jpg 1536w, https:\/\/www.radiopiu.net\/wordpress\/wp-content\/uploads\/2023\/07\/359366846_3159214837709490_1131386102325371579_n.jpg 2048w\" sizes=\"auto, (max-width: 300px) 100vw, 300px\" \/><\/a><\/p>\n<p>&nbsp;<\/p>\n<p><span style=\"color: #0000ff;\"><strong>PALLAVOLO\u00a0<\/strong><\/span><\/p>\n<blockquote>\n<h3><a class=\"dt-pswp-item\" href=\"https:\/\/www.radiopiu.net\/wordpress\/wp-content\/uploads\/2023\/07\/Enrico_Zanolli_con_coach_Colussi.jpg\" data-dt-img-description=\"\" data-large_image_width=\"1254\" data-large_image_height=\"1091\"><img loading=\"lazy\" decoding=\"async\" class=\"wp-image-343443 alignleft\" src=\"https:\/\/www.radiopiu.net\/wordpress\/wp-content\/uploads\/2023\/07\/Enrico_Zanolli_con_coach_Colussi-300x261.jpg\" alt=\"\" width=\"130\" height=\"113\" srcset=\"https:\/\/www.radiopiu.net\/wordpress\/wp-content\/uploads\/2023\/07\/Enrico_Zanolli_con_coach_Colussi-300x261.jpg 300w, https:\/\/www.radiopiu.net\/wordpress\/wp-content\/uploads\/2023\/07\/Enrico_Zanolli_con_coach_Colussi-1024x891.jpg 1024w, https:\/\/www.radiopiu.net\/wordpress\/wp-content\/uploads\/2023\/07\/Enrico_Zanolli_con_coach_Colussi-768x668.jpg 768w, https:\/\/www.radiopiu.net\/wordpress\/wp-content\/uploads\/2023\/07\/Enrico_Zanolli_con_coach_Colussi.jpg 1254w\" sizes=\"auto, (max-width: 130px) 100vw, 130px\" \/><\/a>Enrico Zanolli \u00e8 pronto: l\u2019architetto \u201cprogetta\u201d la nuova stagione<\/h3>\n<\/blockquote>\n<p>Dopo il team manager Riccardo, anche il fratello Enrico rinnova il suo impegno sotto il segno del rinoceronte. In pi\u00f9 di una veste: l\u2019ex centrale che in maglia bellunese ha conquistato una promozione in B e ne ha sfiorata un\u2019altra in A3, rimane un dirigente del club e componente del consiglio d\u2019amministrazione. In pi\u00f9, continuer\u00e0 a seguire la sfera legata al marketing, attraverso un lavoro coordinato con Mario Bez, Alberto Da Rold e altri profili che gravitano nell\u2019orbita del Belluno Volley. Nel frattempo \u00e8 stato svelato il girone dei rinoceronti. Il Belluno Volley arricchir\u00e0 il bianco, dove trovano spazio anche due formazioni della Sardegna: Cus Cagliari e Sarlux Sarroch. E due saranno pure i derby veneti (quattro, se si considerano le gare di ritorno): contro il Volley Team Club San Don\u00e0 di Piave e, per la prima volta, con la Hrk Motta di Livenza, appena scesa dalla A2.<span class=\"gmail-Apple-converted-space\"> Il calendario, verr\u00e0 svelato gioved\u00ec pomeriggio. Bellunesi che rispetteranno anche un turno di riposo visto che le squadre nel girone sono 13.<\/span><\/p>\n<\/div>\n<p>&nbsp;<\/p>\n<\/div>\n<\/div>\n","protected":false},"excerpt":{"rendered":"<p>40esimo di RADIOPIU\u2026. LA VOCE DELL\u2019EMOZIONE ISCRIVITI AL NOSTRO CANALE\u00a0\u00a0YOUTUBE PER SEGUIRE IN DIRETTA I PRINCIPALI PROGRAMMI DI RADIO PIU\u2019 E LE FUTURE DIRETTE IN ESTERNA. PER ISCRIVERTI\u00a0CLICCA QUI\u00a0E PREMI\u00a0 \u201cIscriviti\u201d\u00a0 &nbsp; Oggi si terranno delle prove sismiche nel centro di Belluno, mediante fucile sismico. Saranno udibili dei botti o colpi lungo l&#8217; arco dell&#8217;&hellip;<\/p>\n","protected":false},"author":4,"featured_media":343566,"comment_status":"closed","ping_status":"closed","sticky":false,"template":"","format":"standard","meta":{"_monsterinsights_skip_tracking":false,"_monsterinsights_sitenote_active":false,"_monsterinsights_sitenote_note":"","_monsterinsights_sitenote_category":0,"footnotes":""},"categories":[51,86,49],"tags":[],"class_list":["post-343381","post","type-post","status-publish","format-standard","has-post-thumbnail","hentry","category-evidenza-top","category-gr","category-news-18","category-51","category-86","category-49","description-off"],"img_url":"https:\/\/www.radiopiu.net\/wordpress\/wp-content\/uploads\/2023\/07\/Senza-nome-14.png","_links":{"self":[{"href":"https:\/\/www.radiopiu.net\/wordpress\/wp-json\/wp\/v2\/posts\/343381","targetHints":{"allow":["GET"]}}],"collection":[{"href":"https:\/\/www.radiopiu.net\/wordpress\/wp-json\/wp\/v2\/posts"}],"about":[{"href":"https:\/\/www.radiopiu.net\/wordpress\/wp-json\/wp\/v2\/types\/post"}],"author":[{"embeddable":true,"href":"https:\/\/www.radiopiu.net\/wordpress\/wp-json\/wp\/v2\/users\/4"}],"replies":[{"embeddable":true,"href":"https:\/\/www.radiopiu.net\/wordpress\/wp-json\/wp\/v2\/comments?post=343381"}],"version-history":[{"count":0,"href":"https:\/\/www.radiopiu.net\/wordpress\/wp-json\/wp\/v2\/posts\/343381\/revisions"}],"wp:featuredmedia":[{"embeddable":true,"href":"https:\/\/www.radiopiu.net\/wordpress\/wp-json\/wp\/v2\/media\/343566"}],"wp:attachment":[{"href":"https:\/\/www.radiopiu.net\/wordpress\/wp-json\/wp\/v2\/media?parent=343381"}],"wp:term":[{"taxonomy":"category","embeddable":true,"href":"https:\/\/www.radiopiu.net\/wordpress\/wp-json\/wp\/v2\/categories?post=343381"},{"taxonomy":"post_tag","embeddable":true,"href":"https:\/\/www.radiopiu.net\/wordpress\/wp-json\/wp\/v2\/tags?post=343381"}],"curies":[{"name":"wp","href":"https:\/\/api.w.org\/{rel}","templated":true}]}}