{"id":343404,"date":"2023-07-10T08:00:20","date_gmt":"2023-07-10T06:00:20","guid":{"rendered":"https:\/\/www.radiopiu.net\/wordpress\/?p=343404"},"modified":"2023-07-10T08:00:40","modified_gmt":"2023-07-10T06:00:40","slug":"la-rassegna-stampa-dal-1983-di-mirko-mezzacasa-4","status":"publish","type":"post","link":"https:\/\/www.radiopiu.net\/wordpress\/la-rassegna-stampa-dal-1983-di-mirko-mezzacasa-4\/","title":{"rendered":"la rassegna stampa dal 1983 di mirko mezzacasa"},"content":{"rendered":"<p>&nbsp;<\/p>\n<p><strong>AUDIO<\/strong><\/p>\n<audio class=\"wp-audio-shortcode\" id=\"audio-343404-1\" preload=\"none\" style=\"width: 100%;\" controls=\"controls\"><source type=\"audio\/mpeg\" src=\"https:\/\/www.radiopiu.net\/wordpress\/wp-content\/uploads\/2023\/07\/RASSEGNA-STAMPISSIMA.mp3?_=1\" \/><a href=\"https:\/\/www.radiopiu.net\/wordpress\/wp-content\/uploads\/2023\/07\/RASSEGNA-STAMPISSIMA.mp3\">https:\/\/www.radiopiu.net\/wordpress\/wp-content\/uploads\/2023\/07\/RASSEGNA-STAMPISSIMA.mp3<\/a><\/audio>\n<p>&nbsp;<\/p>\n<p>a TAIBON AGORDINO nelle localit\u00e0 SOCCOL, CAMPEDEL, COSTE, SERACH, RONCH DE BUOS e NOGAROLA l\u2019acqua erogata dall\u2019acquedotto non \u00e8 potabile e pu\u00f2 essere usata per scopi alimentari SOLO PREVIA bollitura.<\/p>\n<p><strong>BELLUNO\u00a0<\/strong>\u00a0Dopo le prime quattro notti in carcere alla Giudecca di Venezia, \u00a0Angelika Hutter,\u00a0 la 31enne tedesca indagata per omicidio stradale plurimo alle 9.30\u00a0 comparir\u00e0 per\u00a0 l\u2019udienza di convalida dell\u2019arresto, che \u00e8 stata fissata nella casa circondariale bellunese di Baldenich, davanti al gip Elisabetta Scolozzi e al pubblico ministero titolare dell\u2019inchiesta Simone Marcon. che hieder\u00e0 per lei la conferma della custodia cautelare in carcere, anche per il pericolo concreto di fuga.<\/p>\n<p><strong>AGORDO<\/strong> Lutto\u00a0 per la scomparsa di Urbano Alfieri, da tutti conosciuto come Buba. Aveva 59 anni, lavorava in Luxottica e tra le sue passioni c&#8217;era il tennis. \u00c8 morto all&#8217;ospedale San Martino di Belluno. Lascia la mamma Vittoria, i fratelli, la sorella. La cerimonia funebre si svolger\u00e0 oggi nella chiesa Arcidiaconale di Agordo alle 14:30.<\/p>\n<p><strong>REDAZIONE<\/strong> Michele De Lorenzo, noto come dj Energy, \u00e8 deceduto nel reparto di\u00a0 Oncologia dell&#8217;ospedale San Martino di Belluno. Lascia una figlia e la madre. I funerali si terranno domani alle 10:30 nella chiesa parrocchiale di Gron.<\/p>\n<h3>ADDIO A MARIO PALLA &#8220;BIRT&#8221;, A LIVINALLONGO, OGGI UNA MESSA IN RICORDO<\/h3>\n<p><strong>CANALE D&#8217;AGORDO<\/strong> Due escursioniste di 26 anni, una inglese e un&#8217;irlandese, hanno richiesto aiuto sulle Pale di San Martino. Dopo un sopralluogo aereo, l&#8217;elicottero del Suem di Pieve di Cadore ha individuato le ragazze. Un tecnico di elisoccorso \u00e8 stato sbarcato per assistere le escursioniste, mentre un altro tecnico \u00e8 stato prelevato a valle. Le ragazze sono state spostate in un punto pi\u00f9 accessibile per l&#8217;imbarco e poi caricate sull&#8217;elicottero, che le ha riportate in sicurezza a valle.<\/p>\n<p><strong>ROCCA PIETORE <\/strong>Leliambulanza \u00e8 volata a Forcella Ombretta, Rocca Pietore, per un&#8217;escursionista che non riusciva pi\u00f9 a muovere le gambe per forti dolori dovuti ai crampi. Sbarcato in hovering, il tecnico di elisoccorso ha aiutato la 58enne di Colle Santa Lucia (BL) a spostarsi in un punto pi\u00f9 agevole per il recupero e ha fatto salire lei e il marito. La coppia \u00e8 stata lasciata a Malga Ciapela.<\/p>\n<p><strong>REDAZIONE<\/strong> Pullman in fiamme sulla A27 tra Fadalto e Vittorio Veneto Nord sulla corsia che scende verso Venezia. Ieri sera alle 22, fortunatamente nessun ferito. Il pullman aveva a bordo solo l&#8217;autista che \u00e8 uscito prima che il mezzo venisse avvolto dalla fiamme.\u00a0 Si \u00e8 formata una lunga coda nelle ore del rientro in direzione di Venezia, tra i caselli di\u00a0Fadalto\u00a0e\u00a0Vittorio Veneto Nord e quindi in territorio vittoriese.<\/p>\n<p><strong>BELLUNO<\/strong> Il dr. Massimo Boaretto, Direttore della UOC di Medicina dell&#8217;Ospedale di Belluno, ha rassegnato le dimissioni dal suo incarico, che ha ricoperto dal 2012. L&#8217;Ordine dei Medici e degli Odontoiatri della Provincia di Belluno esprime preoccupazione per la difficolt\u00e0 di sostituire un clinico di tale valore e sottolinea i valori etici, la cultura scientifica e l&#8217;impegno professionale con cui ha contribuito alla crescita della sanit\u00e0 pubblica locale.<\/p>\n<p class=\"entry-title\">COL SALARIO MINIMO PER LEGGE RISCHIAMO PIU\u2019 LAVORO NERO S\u00ec della CGIA al minimo salariale per legge, purch\u00e9 sia misurato dal TEC<\/p>\n<p><strong>ESTATE A FALCADE CON IL VENEZIA CALCIO, IL GRANDE BASKET TARGATO REYER VENEZIA&#8230; E A FINE MESE ANCHE LE SELEZIONI DI MISS ITALIA&#8230;TURISMO A FALCADE E CAVIOLA, TURISMO IN VALLE DEL BIOIS E NELL&#8217;AGORDINO&#8230; PARLIAMONE MERCOLEDI 12 LUGLIO DALLE 20.30 CON IL SINDACO MAURO<\/strong><strong> SALVATERRA, L&#8217;ASSESSORE FLAVIO MURER E IL CONSIGLIERE FULVIO VALT\u00a0<\/strong><\/p>\n<p><strong>CANALE D&#8217;AGORDO<\/strong> Oggi alle 17.30 a casa Salton-Zanoner\u00a0 sar\u00e0 inaugurato il dipinto murale &#8220;il paese che fu&#8221; di Dunio Piccolin. Verr\u00e0 scoperto anche il dipinto murale dei bimbi della casa<\/p>\n<p><span style=\"color: #0000ff;\"><strong>CALCIO <\/strong><\/span>GOSALDO, CANALE, FODOM E VALLADA STRAPPANO IL PASS PER I QUARTI DI FINALE DEL MEMORIAL ATTILIO MORETTI<\/p>\n<p>CAMPIONATO AGORDINO UNDER 14: IL LA VALLE E&#8217; GIA&#8217; IN SEMIFINALE<\/p>\n<p><span style=\"color: #0000ff;\"><strong>MOTORI <\/strong><\/span>FINALMENTE UN SORRISO PER ANDREA FONTANA<\/p>\n<p>PER FILIPPO FANT UN FINE SETTIMANA AGRODOLCE AL MUGELLO<\/p>\n<p>&nbsp;<\/p>\n","protected":false},"excerpt":{"rendered":"<p>&nbsp; AUDIO &nbsp; a TAIBON AGORDINO nelle localit\u00e0 SOCCOL, CAMPEDEL, COSTE, SERACH, RONCH DE BUOS e NOGAROLA l\u2019acqua erogata dall\u2019acquedotto non \u00e8 potabile e pu\u00f2 essere usata per scopi alimentari SOLO PREVIA bollitura. BELLUNO\u00a0\u00a0Dopo le prime quattro notti in carcere alla Giudecca di Venezia, \u00a0Angelika Hutter,\u00a0 la 31enne tedesca indagata per omicidio stradale plurimo alle&hellip;<\/p>\n","protected":false},"author":4,"featured_media":343420,"comment_status":"closed","ping_status":"closed","sticky":false,"template":"","format":"standard","meta":{"_monsterinsights_skip_tracking":false,"_monsterinsights_sitenote_active":false,"_monsterinsights_sitenote_note":"","_monsterinsights_sitenote_category":0,"footnotes":""},"categories":[104,49],"tags":[],"class_list":["post-343404","post","type-post","status-publish","format-standard","has-post-thumbnail","hentry","category-evidenza_3","category-news-18","category-104","category-49","description-off"],"img_url":"https:\/\/www.radiopiu.net\/wordpress\/wp-content\/uploads\/2023\/07\/Senza-nome-10.png","_links":{"self":[{"href":"https:\/\/www.radiopiu.net\/wordpress\/wp-json\/wp\/v2\/posts\/343404","targetHints":{"allow":["GET"]}}],"collection":[{"href":"https:\/\/www.radiopiu.net\/wordpress\/wp-json\/wp\/v2\/posts"}],"about":[{"href":"https:\/\/www.radiopiu.net\/wordpress\/wp-json\/wp\/v2\/types\/post"}],"author":[{"embeddable":true,"href":"https:\/\/www.radiopiu.net\/wordpress\/wp-json\/wp\/v2\/users\/4"}],"replies":[{"embeddable":true,"href":"https:\/\/www.radiopiu.net\/wordpress\/wp-json\/wp\/v2\/comments?post=343404"}],"version-history":[{"count":0,"href":"https:\/\/www.radiopiu.net\/wordpress\/wp-json\/wp\/v2\/posts\/343404\/revisions"}],"wp:featuredmedia":[{"embeddable":true,"href":"https:\/\/www.radiopiu.net\/wordpress\/wp-json\/wp\/v2\/media\/343420"}],"wp:attachment":[{"href":"https:\/\/www.radiopiu.net\/wordpress\/wp-json\/wp\/v2\/media?parent=343404"}],"wp:term":[{"taxonomy":"category","embeddable":true,"href":"https:\/\/www.radiopiu.net\/wordpress\/wp-json\/wp\/v2\/categories?post=343404"},{"taxonomy":"post_tag","embeddable":true,"href":"https:\/\/www.radiopiu.net\/wordpress\/wp-json\/wp\/v2\/tags?post=343404"}],"curies":[{"name":"wp","href":"https:\/\/api.w.org\/{rel}","templated":true}]}}