{"id":343453,"date":"2023-07-11T05:22:08","date_gmt":"2023-07-11T03:22:08","guid":{"rendered":"https:\/\/www.radiopiu.net\/wordpress\/?p=343453"},"modified":"2023-07-11T05:30:22","modified_gmt":"2023-07-11T03:30:22","slug":"pestaggio-di-gruppo-a-lambioi-tre-daspo-willy","status":"publish","type":"post","link":"https:\/\/www.radiopiu.net\/wordpress\/pestaggio-di-gruppo-a-lambioi-tre-daspo-willy\/","title":{"rendered":"PESTAGGIO DI GRUPPO A LAMBIOI, TRE DASPO WILLY, SABATO ULTERIORE GRAVE PROVVEDIMENTO  A LAMBIOI BEACH"},"content":{"rendered":"<blockquote><p><i><img loading=\"lazy\" decoding=\"async\" class=\"alignleft\" src=\"https:\/\/www.radiopiu.net\/wordpress\/wp-content\/uploads\/2022\/05\/POLIZIA-1.jpg\" width=\"259\" height=\"146\" \/>Due di loro non potranno accedere per 24 mesi ai locali pubblici di tutta la provincia di Belluno. Il nuovo Questore, Francesco Zerilli, ha adottato questa misura come avvertimento per coloro che, approfittando del gruppo, commettono reati durante eventi e momenti di aggregazione, soprattutto ai danni di persone pi\u00f9 deboli.<\/i><\/p><\/blockquote>\n<p><strong>BELLUNO<\/strong> Dopo il violento pestaggio subito da tre ragazzi durante la festa del Lambioi Beach il sabato 17 giugno, ad opera di una banda di giovani tra i 21 e i 33 anni, la polizia di Belluno ha condotto un&#8217;attenta indagine per ricostruire l&#8217;accaduto, culminando <a class=\"dt-pswp-item\" href=\"https:\/\/www.radiopiu.net\/wordpress\/wp-content\/uploads\/2023\/07\/0c755f9b-8e02-4fb0-8e29-43b5e2febf2f.jpg\" data-dt-img-description=\"\" data-large_image_width=\"1066\" data-large_image_height=\"1600\"><img loading=\"lazy\" decoding=\"async\" class=\"size-medium wp-image-343149 alignright\" src=\"https:\/\/www.radiopiu.net\/wordpress\/wp-content\/uploads\/2023\/07\/0c755f9b-8e02-4fb0-8e29-43b5e2febf2f-200x300.jpg\" alt=\"\" width=\"200\" height=\"300\" srcset=\"https:\/\/www.radiopiu.net\/wordpress\/wp-content\/uploads\/2023\/07\/0c755f9b-8e02-4fb0-8e29-43b5e2febf2f-200x300.jpg 200w, https:\/\/www.radiopiu.net\/wordpress\/wp-content\/uploads\/2023\/07\/0c755f9b-8e02-4fb0-8e29-43b5e2febf2f-682x1024.jpg 682w, https:\/\/www.radiopiu.net\/wordpress\/wp-content\/uploads\/2023\/07\/0c755f9b-8e02-4fb0-8e29-43b5e2febf2f-768x1153.jpg 768w, https:\/\/www.radiopiu.net\/wordpress\/wp-content\/uploads\/2023\/07\/0c755f9b-8e02-4fb0-8e29-43b5e2febf2f-1023x1536.jpg 1023w, https:\/\/www.radiopiu.net\/wordpress\/wp-content\/uploads\/2023\/07\/0c755f9b-8e02-4fb0-8e29-43b5e2febf2f.jpg 1066w\" sizes=\"auto, (max-width: 200px) 100vw, 200px\" \/><\/a>nell&#8217;identificazione di tutti i responsabili dell&#8217;aggressione. Gli autori, gi\u00e0 noti alle autorit\u00e0, sono stati deferiti all&#8217;autorit\u00e0 giudiziaria per il reato di lesioni pluriaggravate e sono stati sottoposti alla cosiddetta misura di sicurezza &#8220;Daspo Willy&#8221;. Le misure adottate dalla Divisione Anticrimine locale e notificate dalla polizia il sabato 8 luglio prevedono che due dei tre principali aggressori abbiano il divieto di accedere a locali di intrattenimento pubblico in tutta la provincia (come bar, discoteche, locali notturni e simili) e il divieto di avvicinarsi a tali luoghi per 24 mesi. Per il terzo aggressore, il divieto si limita a specifici locali della citt\u00e0 di Belluno.<\/p>\n<p><em><strong>SABATO A LAMBIOI<\/strong><\/em><\/p>\n<blockquote><p>Sabato sul luogo dell&#8217;aggressione al\u00a0 Summer Sound Waves il Questore (foto a destra)\u00a0 ha previsto un servizio mirato di ordine pubblica e gli agenti tra i festanti ha riconosciuto \u00a0e identificato uno dei giovani autori dell&#8217;aggressione, nonostante fosse soggetto al &#8220;Daspo&#8221;, e lo ha deferito all&#8217;autorit\u00e0 giudiziaria per tale motivo. La violazione del &#8220;Daspo&#8221; costituisce un reato autonomo punito con una pena detentiva da 6 mesi a 2 anni e una multa fino a 20.000 euro.<\/p><\/blockquote>\n<p>&nbsp;<\/p>\n<p>&nbsp;<\/p>\n<hr \/>\n<p>&nbsp;<\/p>\n","protected":false},"excerpt":{"rendered":"<p>Due di loro non potranno accedere per 24 mesi ai locali pubblici di tutta la provincia di Belluno. Il nuovo Questore, Francesco Zerilli, ha adottato questa misura come avvertimento per coloro che, approfittando del gruppo, commettono reati durante eventi e momenti di aggregazione, soprattutto ai danni di persone pi\u00f9 deboli. BELLUNO Dopo il violento pestaggio&hellip;<\/p>\n","protected":false},"author":4,"featured_media":278032,"comment_status":"closed","ping_status":"closed","sticky":false,"template":"","format":"standard","meta":{"_monsterinsights_skip_tracking":false,"_monsterinsights_sitenote_active":false,"_monsterinsights_sitenote_note":"","_monsterinsights_sitenote_category":0,"footnotes":""},"categories":[51,49],"tags":[],"class_list":["post-343453","post","type-post","status-publish","format-standard","has-post-thumbnail","hentry","category-evidenza-top","category-news-18","category-51","category-49","description-off"],"img_url":"https:\/\/www.radiopiu.net\/wordpress\/wp-content\/uploads\/2022\/05\/POLIZIA-1.jpg","_links":{"self":[{"href":"https:\/\/www.radiopiu.net\/wordpress\/wp-json\/wp\/v2\/posts\/343453","targetHints":{"allow":["GET"]}}],"collection":[{"href":"https:\/\/www.radiopiu.net\/wordpress\/wp-json\/wp\/v2\/posts"}],"about":[{"href":"https:\/\/www.radiopiu.net\/wordpress\/wp-json\/wp\/v2\/types\/post"}],"author":[{"embeddable":true,"href":"https:\/\/www.radiopiu.net\/wordpress\/wp-json\/wp\/v2\/users\/4"}],"replies":[{"embeddable":true,"href":"https:\/\/www.radiopiu.net\/wordpress\/wp-json\/wp\/v2\/comments?post=343453"}],"version-history":[{"count":0,"href":"https:\/\/www.radiopiu.net\/wordpress\/wp-json\/wp\/v2\/posts\/343453\/revisions"}],"wp:featuredmedia":[{"embeddable":true,"href":"https:\/\/www.radiopiu.net\/wordpress\/wp-json\/wp\/v2\/media\/278032"}],"wp:attachment":[{"href":"https:\/\/www.radiopiu.net\/wordpress\/wp-json\/wp\/v2\/media?parent=343453"}],"wp:term":[{"taxonomy":"category","embeddable":true,"href":"https:\/\/www.radiopiu.net\/wordpress\/wp-json\/wp\/v2\/categories?post=343453"},{"taxonomy":"post_tag","embeddable":true,"href":"https:\/\/www.radiopiu.net\/wordpress\/wp-json\/wp\/v2\/tags?post=343453"}],"curies":[{"name":"wp","href":"https:\/\/api.w.org\/{rel}","templated":true}]}}