{"id":343561,"date":"2023-07-11T05:22:58","date_gmt":"2023-07-11T03:22:58","guid":{"rendered":"https:\/\/www.radiopiu.net\/wordpress\/?p=343561"},"modified":"2023-07-11T05:33:12","modified_gmt":"2023-07-11T03:33:12","slug":"rapina-e-ricatto-lamante-denuncia-la-sparizione-di-20mila-euro","status":"publish","type":"post","link":"https:\/\/www.radiopiu.net\/wordpress\/rapina-e-ricatto-lamante-denuncia-la-sparizione-di-20mila-euro\/","title":{"rendered":"RAPINA E RICATTO, L&#8217;AMANTE DENUNCIA LA SPARIZIONE DI 20MILA EURO"},"content":{"rendered":"<p><strong>OGGI SUL CORRIERE DELLE ALPI<\/strong><br \/>\n<strong>DI GIGI SOSSO <\/strong><\/p>\n<p><img loading=\"lazy\" decoding=\"async\" class=\"alignleft\" src=\"https:\/\/www.radiopiu.net\/wordpress\/wp-content\/uploads\/2021\/08\/74b61038-035c-4206-92bf-4703985ced39.jpg\" width=\"280\" height=\"126\" \/>S.K. \u00e8 stato arrestato sabato scorso per una rapina da 20 euro ed estorsione di 20.000 euro al suo ragazzo. L&#8217;arresto \u00e8 stato effettuato dai Carabinieri del Nucleo Radiomobile di Feltre. Attualmente, S.K. \u00e8 detenuto nel carcere di Baldenich in attesa dell&#8217;udienza di convalida, fissata per\u00a0 domani. \u00c8 difeso dagli avvocati Sonia Sommacal e Paolo Zornitta. La pubblica accusa, la procuratrice Roberta Gallego, dovrebbe chiedere la conferma della custodia cautelare dopo una perquisizione domiciliare positiva. I due uomini avevano una relazione clandestina e l&#8217;ultimo episodio sarebbe avvenuto nel fine settimana. S.K. si sarebbe avvicinato al suo amante con un atteggiamento intimidatorio e avrebbe richiesto denaro. Inoltre, gli avrebbe infilato una mano nella tasca dei pantaloni, cercando denaro e recuperando alcuni spiccioli, una banconota da 20 euro e un mazzo di chiavi. La vittima ha cercato di impedire la rapina con le parole, ma senza successo. Inoltre, l&#8217;indagato avrebbe minacciato la vittima<\/p>\n<p>&nbsp;<\/p>\n<p>&#8212;<\/p>\n<div class=\"absolute bottom-0 left-0 w-full border-t md:border-t-0 dark:border-white\/20 md:border-transparent md:dark:border-transparent md:bg-vert-light-gradient bg-white dark:bg-gray-800 md:!bg-transparent dark:md:bg-vert-dark-gradient pt-2 md:pl-2 md:w-[calc(100%-.5rem)]\">\n<form class=\"stretch mx-2 flex flex-row gap-3 last:mb-2 md:mx-4 md:last:mb-6 lg:mx-auto lg:max-w-2xl xl:max-w-3xl\">\n<div class=\"relative flex h-full flex-1 items-stretch md:flex-col\" role=\"presentation\">\n<div class=\"\">\n<div class=\"h-full flex ml-1 md:w-full md:m-auto md:mb-2 gap-0 md:gap-2 justify-center\"><\/div>\n<\/div>\n<\/div>\n<\/form>\n<\/div>\n","protected":false},"excerpt":{"rendered":"<p>OGGI SUL CORRIERE DELLE ALPI DI GIGI SOSSO S.K. \u00e8 stato arrestato sabato scorso per una rapina da 20 euro ed estorsione di 20.000 euro al suo ragazzo. L&#8217;arresto \u00e8 stato effettuato dai Carabinieri del Nucleo Radiomobile di Feltre. Attualmente, S.K. \u00e8 detenuto nel carcere di Baldenich in attesa dell&#8217;udienza di convalida, fissata per\u00a0 domani.&hellip;<\/p>\n","protected":false},"author":4,"featured_media":225821,"comment_status":"closed","ping_status":"closed","sticky":false,"template":"","format":"standard","meta":{"_monsterinsights_skip_tracking":false,"_monsterinsights_sitenote_active":false,"_monsterinsights_sitenote_note":"","_monsterinsights_sitenote_category":0,"footnotes":""},"categories":[51,49],"tags":[],"class_list":["post-343561","post","type-post","status-publish","format-standard","has-post-thumbnail","hentry","category-evidenza-top","category-news-18","category-51","category-49","description-off"],"img_url":"https:\/\/www.radiopiu.net\/wordpress\/wp-content\/uploads\/2021\/08\/74b61038-035c-4206-92bf-4703985ced39.jpg","_links":{"self":[{"href":"https:\/\/www.radiopiu.net\/wordpress\/wp-json\/wp\/v2\/posts\/343561","targetHints":{"allow":["GET"]}}],"collection":[{"href":"https:\/\/www.radiopiu.net\/wordpress\/wp-json\/wp\/v2\/posts"}],"about":[{"href":"https:\/\/www.radiopiu.net\/wordpress\/wp-json\/wp\/v2\/types\/post"}],"author":[{"embeddable":true,"href":"https:\/\/www.radiopiu.net\/wordpress\/wp-json\/wp\/v2\/users\/4"}],"replies":[{"embeddable":true,"href":"https:\/\/www.radiopiu.net\/wordpress\/wp-json\/wp\/v2\/comments?post=343561"}],"version-history":[{"count":0,"href":"https:\/\/www.radiopiu.net\/wordpress\/wp-json\/wp\/v2\/posts\/343561\/revisions"}],"wp:featuredmedia":[{"embeddable":true,"href":"https:\/\/www.radiopiu.net\/wordpress\/wp-json\/wp\/v2\/media\/225821"}],"wp:attachment":[{"href":"https:\/\/www.radiopiu.net\/wordpress\/wp-json\/wp\/v2\/media?parent=343561"}],"wp:term":[{"taxonomy":"category","embeddable":true,"href":"https:\/\/www.radiopiu.net\/wordpress\/wp-json\/wp\/v2\/categories?post=343561"},{"taxonomy":"post_tag","embeddable":true,"href":"https:\/\/www.radiopiu.net\/wordpress\/wp-json\/wp\/v2\/tags?post=343561"}],"curies":[{"name":"wp","href":"https:\/\/api.w.org\/{rel}","templated":true}]}}