{"id":343585,"date":"2023-07-11T11:13:58","date_gmt":"2023-07-11T09:13:58","guid":{"rendered":"https:\/\/www.radiopiu.net\/wordpress\/?p=343585"},"modified":"2023-07-11T11:16:34","modified_gmt":"2023-07-11T09:16:34","slug":"passo-giau-lincanto-dellestate","status":"publish","type":"post","link":"https:\/\/www.radiopiu.net\/wordpress\/passo-giau-lincanto-dellestate\/","title":{"rendered":"Esplorando le Vette dal &#8220;Magnifico Passo Giau&#8221;"},"content":{"rendered":"<blockquote><p><em><span class=\"yt-core-attributed-string--link-inherit-color\">\u00a0nella sua muta estiva!<\/span><\/em><\/p><\/blockquote>\n<p>REDAZIONE Dopo le riprese con la neve, Erik Lena di Taibon Agordino \u00e8 ritornato a Passo Giau. Dai sui social (<span class=\"yt-core-attributed-string--link-inherit-color\"> Instagram: <\/span><span class=\"yt-core-attributed-string--link-inherit-color\"><a class=\"yt-core-attributed-string__link yt-core-attributed-string__link--display-type yt-core-attributed-string__link--call-to-action-color\" tabindex=\"0\" href=\"https:\/\/www.youtube.com\/redirect?event=video_description&amp;redir_token=QUFFLUhqbFo5cWd5UUh3X0dCNGR6MEFMU2xDNklhVkZ1UXxBQ3Jtc0treElmeXVXXzJzSFpXV3JMZzF0UmhyTTRuT0otNmRQb3VQeUhfZUZVaHg3bEh2Q3cyQmw4dlk1bEFHMEZUSGFwMS1XQTA0Q1dUeC1mT1VSNnVkbFJuMzZRVEZiN2lIb0c4dVp5VURXTEloQ0Fab0p6OA&amp;q=https%3A%2F%2Fwww.instagram.com%2Flenaerik_%2F&amp;v=r4Ncsw3RNnA\" target=\"_blank\" rel=\"nofollow noopener\">https:\/\/www.instagram.com\/lenaerik_\/<\/a>; sito internet<\/span><span class=\"yt-core-attributed-string--link-inherit-color\">\u00a0<\/span><span class=\"yt-core-attributed-string--link-inherit-color\"><a class=\"yt-core-attributed-string__link yt-core-attributed-string__link--display-type yt-core-attributed-string__link--call-to-action-color\" tabindex=\"0\" href=\"https:\/\/www.youtube.com\/redirect?event=video_description&amp;redir_token=QUFFLUhqbTk3U3VTRUJfbUtaNmdjVXBRd3Q2eHJLNjZjZ3xBQ3Jtc0ttTTZsOGtQUFk2U0hUNm5yZ0FfTnRxUkNTem93dlJpRHdjM0Y1TjhCMk9FSzQwMFRmNDRxT2VGRjZPUUk0S0dESnZrQVIwMTlQYmZJSmFrdXRVUWlKd3RoX2k2emhGcUs3ekJhTFlwcWNoZWJYTUFXQQ&amp;q=https%3A%2F%2Fwww.lenaerik.com%2F&amp;v=r4Ncsw3RNnA\" target=\"_blank\" rel=\"nofollow noopener\">https:\/\/www.lenaerik.com<\/a>) lo documenta pilotando il drone<\/span><span class=\"yt-core-attributed-string--link-inherit-color\">: DJI FPV Risoluzione: 4K 60 FPS Editing: Final Cut Pro Export: Compressor H264 4K 24FPS<\/span><\/p>\n<p><iframe loading=\"lazy\" title=\"Passo Giau | Estivo | Drone fpv | 4k\" width=\"1200\" height=\"675\" src=\"https:\/\/www.youtube.com\/embed\/r4Ncsw3RNnA?feature=oembed\" frameborder=\"0\" allow=\"accelerometer; autoplay; clipboard-write; encrypted-media; gyroscope; picture-in-picture; web-share\" allowfullscreen><\/iframe><\/p>\n<p>&nbsp;<\/p>\n<p>&nbsp;<\/p>\n<hr \/>\n<p>&nbsp;<\/p>\n<p><strong>L&#8217;INVERNO<\/strong><\/p>\n<p><strong>Erik Lena<\/strong><\/p>\n<p><em>&#8220;Sono stato dopo una nevicata in cima al passo per fare alcune fotografie ho deciso di ritentare una salita gi\u00e0 effettuata in estate con il drone FPV, arrivare in cima al monte Ragusela e al suo magnifico rifugio in vetta. Ho deciso di riprendere il tutto per portarvi con me fino l&#8217;ass\u00f9 il paesaggio \u00e8 davvero suggestivo. Dal passo al rifugio sono pi\u00f9 di 2km in volo, il dislivello, il vento, il freddo e la distanza sono fattori decisivi che mettono drone e pilota sotto stress e dove un&#8217;attrezzatura comune non \u00e8 sufficiente&#8221;.<\/em><br \/>\nVideo registrato in 4k 60fps Editing effettuato con Final Cut Pro x su M1 Export effettuato con parametri da Compressor in H265, mantenuto HDR Prima clip da GoPro Hero 11 Black 4K 30fps Bit Rate: 10bit \\ H265 su tutto il video Leggera color rossastra sui mezzi e saturazione applicata con un adjustament layer, uniforme dall&#8217;inizio alla fine.<\/p>\n<p><iframe loading=\"lazy\" title=\"Passo Giau | FPV Drone | Inverno | 4k HDR | Alta Definizione\" width=\"1200\" height=\"675\" src=\"https:\/\/www.youtube.com\/embed\/GZf50TgIMXE?start=19&#038;feature=oembed\" frameborder=\"0\" allow=\"accelerometer; autoplay; clipboard-write; encrypted-media; gyroscope; picture-in-picture; web-share\" allowfullscreen><\/iframe><\/p>\n<p>&nbsp;<\/p>\n<p>&nbsp;<\/p>\n<hr \/>\n<p>&nbsp;<\/p>\n","protected":false},"excerpt":{"rendered":"<p>\u00a0nella sua muta estiva! REDAZIONE Dopo le riprese con la neve, Erik Lena di Taibon Agordino \u00e8 ritornato a Passo Giau. Dai sui social ( Instagram: https:\/\/www.instagram.com\/lenaerik_\/; sito internet\u00a0https:\/\/www.lenaerik.com) lo documenta pilotando il drone: DJI FPV Risoluzione: 4K 60 FPS Editing: Final Cut Pro Export: Compressor H264 4K 24FPS &nbsp; &nbsp; &nbsp; L&#8217;INVERNO Erik Lena&hellip;<\/p>\n","protected":false},"author":4,"featured_media":343586,"comment_status":"closed","ping_status":"closed","sticky":false,"template":"","format":"standard","meta":{"_monsterinsights_skip_tracking":false,"_monsterinsights_sitenote_active":false,"_monsterinsights_sitenote_note":"","_monsterinsights_sitenote_category":0,"footnotes":""},"categories":[104,49],"tags":[],"class_list":["post-343585","post","type-post","status-publish","format-standard","has-post-thumbnail","hentry","category-evidenza_3","category-news-18","category-104","category-49","description-off"],"img_url":"https:\/\/www.radiopiu.net\/wordpress\/wp-content\/uploads\/2023\/07\/8d5569cc-97d1-4683-a528-d8364521f41f.jpg","_links":{"self":[{"href":"https:\/\/www.radiopiu.net\/wordpress\/wp-json\/wp\/v2\/posts\/343585","targetHints":{"allow":["GET"]}}],"collection":[{"href":"https:\/\/www.radiopiu.net\/wordpress\/wp-json\/wp\/v2\/posts"}],"about":[{"href":"https:\/\/www.radiopiu.net\/wordpress\/wp-json\/wp\/v2\/types\/post"}],"author":[{"embeddable":true,"href":"https:\/\/www.radiopiu.net\/wordpress\/wp-json\/wp\/v2\/users\/4"}],"replies":[{"embeddable":true,"href":"https:\/\/www.radiopiu.net\/wordpress\/wp-json\/wp\/v2\/comments?post=343585"}],"version-history":[{"count":0,"href":"https:\/\/www.radiopiu.net\/wordpress\/wp-json\/wp\/v2\/posts\/343585\/revisions"}],"wp:featuredmedia":[{"embeddable":true,"href":"https:\/\/www.radiopiu.net\/wordpress\/wp-json\/wp\/v2\/media\/343586"}],"wp:attachment":[{"href":"https:\/\/www.radiopiu.net\/wordpress\/wp-json\/wp\/v2\/media?parent=343585"}],"wp:term":[{"taxonomy":"category","embeddable":true,"href":"https:\/\/www.radiopiu.net\/wordpress\/wp-json\/wp\/v2\/categories?post=343585"},{"taxonomy":"post_tag","embeddable":true,"href":"https:\/\/www.radiopiu.net\/wordpress\/wp-json\/wp\/v2\/tags?post=343585"}],"curies":[{"name":"wp","href":"https:\/\/api.w.org\/{rel}","templated":true}]}}