{"id":343622,"date":"2023-07-11T15:11:30","date_gmt":"2023-07-11T13:11:30","guid":{"rendered":"https:\/\/www.radiopiu.net\/wordpress\/?p=343622"},"modified":"2023-07-11T15:11:30","modified_gmt":"2023-07-11T13:11:30","slug":"safilo-primo-confronto-con-il-nuovo-soggetto-industriale-interessato","status":"publish","type":"post","link":"https:\/\/www.radiopiu.net\/wordpress\/safilo-primo-confronto-con-il-nuovo-soggetto-industriale-interessato\/","title":{"rendered":"SAFILO. PRIMO CONFRONTO CON IL NUOVO SOGGETTO INDUSTRIALE INTERESSATO."},"content":{"rendered":"<p><strong>\u00a0SARA\u2019 APPROFONDITA LA PROPOSTA PRESENTATA<\/strong><\/p>\n<p><em>\u00a0<\/em><\/p>\n<p><strong><em><img loading=\"lazy\" decoding=\"async\" class=\"alignleft\" src=\"https:\/\/www.radiopiu.net\/wordpress\/wp-content\/uploads\/2023\/01\/SAFILO.png\" width=\"220\" height=\"141\" \/>VENEZIA\u00a0 <\/em><\/strong>Si \u00e8 riunito questa mattina, convocato dall\u2019Assessore regionale al lavoro Elena Donazzan e gestito dall\u2019Unit\u00e0 di crisi aziendale regionale, il tavolo relativo all\u2019azienda Safilo di Longarone. Hanno partecipato le organizzazioni sindacali di categoria regionali e provinciali, le RSU, i rappresentanti dell\u2019azienda Safilo, assistiti da Confindustria Belluno Dolomiti, e la rappresentanza aziendale di Innovatek. L\u2019incontro \u00e8 stato finalizzato ad approfondire le ipotesi di sviluppo industriali avanzate dal nuovo soggetto imprenditoriale, che potrebbero interessare parte degli stabilimenti di Safilo (Longarone 2) e coinvolgere 208 lavoratori attualmente dipendenti di Safilo. Dopo ampio confronto, le parti hanno valutato la necessit\u00e0 di procedere ad un ulteriore approfondimento rispetto agli elementi qualificanti della proposta industriale. Ci\u00f2 al fine di verificare, ciascuno per rispettivo ruolo e competenza, le possibilit\u00e0 di raggiungere un accordo nell\u2019interesse dei lavoratori, dall\u2019azienda e del territorio.<\/p>\n<p>&nbsp;<\/p>\n<p>&nbsp;<\/p>\n<p>&nbsp;<\/p>\n<hr \/>\n<p>&nbsp;<\/p>\n","protected":false},"excerpt":{"rendered":"<p>\u00a0SARA\u2019 APPROFONDITA LA PROPOSTA PRESENTATA \u00a0 VENEZIA\u00a0 Si \u00e8 riunito questa mattina, convocato dall\u2019Assessore regionale al lavoro Elena Donazzan e gestito dall\u2019Unit\u00e0 di crisi aziendale regionale, il tavolo relativo all\u2019azienda Safilo di Longarone. Hanno partecipato le organizzazioni sindacali di categoria regionali e provinciali, le RSU, i rappresentanti dell\u2019azienda Safilo, assistiti da Confindustria Belluno Dolomiti, e&hellip;<\/p>\n","protected":false},"author":4,"featured_media":318963,"comment_status":"closed","ping_status":"closed","sticky":false,"template":"","format":"standard","meta":{"_monsterinsights_skip_tracking":false,"_monsterinsights_sitenote_active":false,"_monsterinsights_sitenote_note":"","_monsterinsights_sitenote_category":0,"footnotes":""},"categories":[49],"tags":[],"class_list":["post-343622","post","type-post","status-publish","format-standard","has-post-thumbnail","hentry","category-news-18","category-49","description-off"],"img_url":"https:\/\/www.radiopiu.net\/wordpress\/wp-content\/uploads\/2023\/01\/SAFILO.png","_links":{"self":[{"href":"https:\/\/www.radiopiu.net\/wordpress\/wp-json\/wp\/v2\/posts\/343622","targetHints":{"allow":["GET"]}}],"collection":[{"href":"https:\/\/www.radiopiu.net\/wordpress\/wp-json\/wp\/v2\/posts"}],"about":[{"href":"https:\/\/www.radiopiu.net\/wordpress\/wp-json\/wp\/v2\/types\/post"}],"author":[{"embeddable":true,"href":"https:\/\/www.radiopiu.net\/wordpress\/wp-json\/wp\/v2\/users\/4"}],"replies":[{"embeddable":true,"href":"https:\/\/www.radiopiu.net\/wordpress\/wp-json\/wp\/v2\/comments?post=343622"}],"version-history":[{"count":0,"href":"https:\/\/www.radiopiu.net\/wordpress\/wp-json\/wp\/v2\/posts\/343622\/revisions"}],"wp:featuredmedia":[{"embeddable":true,"href":"https:\/\/www.radiopiu.net\/wordpress\/wp-json\/wp\/v2\/media\/318963"}],"wp:attachment":[{"href":"https:\/\/www.radiopiu.net\/wordpress\/wp-json\/wp\/v2\/media?parent=343622"}],"wp:term":[{"taxonomy":"category","embeddable":true,"href":"https:\/\/www.radiopiu.net\/wordpress\/wp-json\/wp\/v2\/categories?post=343622"},{"taxonomy":"post_tag","embeddable":true,"href":"https:\/\/www.radiopiu.net\/wordpress\/wp-json\/wp\/v2\/tags?post=343622"}],"curies":[{"name":"wp","href":"https:\/\/api.w.org\/{rel}","templated":true}]}}