{"id":343668,"date":"2023-07-11T19:14:11","date_gmt":"2023-07-11T17:14:11","guid":{"rendered":"https:\/\/www.radiopiu.net\/wordpress\/?p=343668"},"modified":"2023-07-11T19:14:11","modified_gmt":"2023-07-11T17:14:11","slug":"malore-al-carestiato-infortunio-al-rifugio-vandelli-e-al-rifugio-lavaredo","status":"publish","type":"post","link":"https:\/\/www.radiopiu.net\/wordpress\/malore-al-carestiato-infortunio-al-rifugio-vandelli-e-al-rifugio-lavaredo\/","title":{"rendered":"MALORE AL CARESTIATO, INFORTUNIO AL RIFUGIO VANDELLI E AL RIFUGIO LAVAREDO"},"content":{"rendered":"<p><strong><a class=\"dt-pswp-item\" href=\"https:\/\/www.radiopiu.net\/wordpress\/wp-content\/uploads\/2022\/04\/soccorso-alpino-1024x602-1.jpg\" data-dt-img-description=\"\" data-large_image_width=\"1024\" data-large_image_height=\"602\"><img loading=\"lazy\" decoding=\"async\" class=\" wp-image-270917 alignleft\" src=\"https:\/\/www.radiopiu.net\/wordpress\/wp-content\/uploads\/2022\/04\/soccorso-alpino-1024x602-1-300x176.jpg\" alt=\"\" width=\"153\" height=\"90\" srcset=\"https:\/\/www.radiopiu.net\/wordpress\/wp-content\/uploads\/2022\/04\/soccorso-alpino-1024x602-1-300x176.jpg 300w, https:\/\/www.radiopiu.net\/wordpress\/wp-content\/uploads\/2022\/04\/soccorso-alpino-1024x602-1-768x452.jpg 768w, https:\/\/www.radiopiu.net\/wordpress\/wp-content\/uploads\/2022\/04\/soccorso-alpino-1024x602-1.jpg 1024w\" sizes=\"auto, (max-width: 153px) 100vw, 153px\" \/><\/a>LA VALLE AGORDINA <\/strong>L&#8217;elicottero del Suem di Pieve di Cadore \u00e8 intervenuto attorno alle 13 per imbarcare una escursionista di 71 anni di San Pietro In Gu (PD), che era stata colta da una crisi allergica nei pressi del Rifugio Carestiato. La donna \u00e8 stata trasportata per accertamenti all&#8217;ospedale di Agordo.<\/p>\n<p><strong>CORTINA <\/strong>Di seguito l&#8217;eliambulanza ha recuperato una turista 52enne della Polonia, che aveva riportato un probabile trauma al ginocchio, percorrendo in compagnia il sentiero 216 che conduce al Vandelli. L&#8217;elicottero l&#8217;ha quindi accompagnata all&#8217;ospedale di Belluno.<\/p>\n<p><strong>AURONZO<\/strong> Infine una squadra del Soccorso alpino della Guardia di finanza di Auronzo \u00e8 intervenuta non distante dal Rifugio Lavaredo, dove una turista di Taiwan di 44anni non poteva pi\u00f9 camminare per una probabile distorsione alla caviglia. Accompagnata al Rifugio Auronzo, si \u00e8 allontanata con i propri mezzi.<\/p>\n<p>&nbsp;<\/p>\n<p>&nbsp;<\/p>\n<p>******<\/p>\n","protected":false},"excerpt":{"rendered":"<p>LA VALLE AGORDINA L&#8217;elicottero del Suem di Pieve di Cadore \u00e8 intervenuto attorno alle 13 per imbarcare una escursionista di 71 anni di San Pietro In Gu (PD), che era stata colta da una crisi allergica nei pressi del Rifugio Carestiato. La donna \u00e8 stata trasportata per accertamenti all&#8217;ospedale di Agordo. CORTINA Di seguito l&#8217;eliambulanza&hellip;<\/p>\n","protected":false},"author":4,"featured_media":270917,"comment_status":"closed","ping_status":"closed","sticky":false,"template":"","format":"standard","meta":{"_monsterinsights_skip_tracking":false,"_monsterinsights_sitenote_active":false,"_monsterinsights_sitenote_note":"","_monsterinsights_sitenote_category":0,"footnotes":""},"categories":[51,49],"tags":[],"class_list":["post-343668","post","type-post","status-publish","format-standard","has-post-thumbnail","hentry","category-evidenza-top","category-news-18","category-51","category-49","description-off"],"img_url":"https:\/\/www.radiopiu.net\/wordpress\/wp-content\/uploads\/2022\/04\/soccorso-alpino-1024x602-1.jpg","_links":{"self":[{"href":"https:\/\/www.radiopiu.net\/wordpress\/wp-json\/wp\/v2\/posts\/343668","targetHints":{"allow":["GET"]}}],"collection":[{"href":"https:\/\/www.radiopiu.net\/wordpress\/wp-json\/wp\/v2\/posts"}],"about":[{"href":"https:\/\/www.radiopiu.net\/wordpress\/wp-json\/wp\/v2\/types\/post"}],"author":[{"embeddable":true,"href":"https:\/\/www.radiopiu.net\/wordpress\/wp-json\/wp\/v2\/users\/4"}],"replies":[{"embeddable":true,"href":"https:\/\/www.radiopiu.net\/wordpress\/wp-json\/wp\/v2\/comments?post=343668"}],"version-history":[{"count":0,"href":"https:\/\/www.radiopiu.net\/wordpress\/wp-json\/wp\/v2\/posts\/343668\/revisions"}],"wp:featuredmedia":[{"embeddable":true,"href":"https:\/\/www.radiopiu.net\/wordpress\/wp-json\/wp\/v2\/media\/270917"}],"wp:attachment":[{"href":"https:\/\/www.radiopiu.net\/wordpress\/wp-json\/wp\/v2\/media?parent=343668"}],"wp:term":[{"taxonomy":"category","embeddable":true,"href":"https:\/\/www.radiopiu.net\/wordpress\/wp-json\/wp\/v2\/categories?post=343668"},{"taxonomy":"post_tag","embeddable":true,"href":"https:\/\/www.radiopiu.net\/wordpress\/wp-json\/wp\/v2\/tags?post=343668"}],"curies":[{"name":"wp","href":"https:\/\/api.w.org\/{rel}","templated":true}]}}