{"id":343690,"date":"2023-07-11T20:19:07","date_gmt":"2023-07-11T18:19:07","guid":{"rendered":"https:\/\/www.radiopiu.net\/wordpress\/?p=343690"},"modified":"2023-07-11T20:19:07","modified_gmt":"2023-07-11T18:19:07","slug":"dillo-a-radio-piu-le-possibili-soluzioni-alla-viabilita-di-cencenighe","status":"publish","type":"post","link":"https:\/\/www.radiopiu.net\/wordpress\/dillo-a-radio-piu-le-possibili-soluzioni-alla-viabilita-di-cencenighe\/","title":{"rendered":"DILLO A RADIO PIU&#8217;&#8230;LE POSSIBILI SOLUZIONI ALLA VIABILITA&#8217; DI CENCENIGHE"},"content":{"rendered":"<p><strong><a class=\"dt-pswp-item\" href=\"https:\/\/www.radiopiu.net\/wordpress\/wp-content\/uploads\/2021\/10\/CENCENIGHE-3.jpg\" data-dt-img-description=\"\" data-large_image_width=\"1920\" data-large_image_height=\"1080\"><img loading=\"lazy\" decoding=\"async\" class=\" wp-image-237924 alignleft\" src=\"https:\/\/www.radiopiu.net\/wordpress\/wp-content\/uploads\/2021\/10\/CENCENIGHE-3-300x169.jpg\" alt=\"\" width=\"204\" height=\"115\" srcset=\"https:\/\/www.radiopiu.net\/wordpress\/wp-content\/uploads\/2021\/10\/CENCENIGHE-3-300x169.jpg 300w, https:\/\/www.radiopiu.net\/wordpress\/wp-content\/uploads\/2021\/10\/CENCENIGHE-3-1024x576.jpg 1024w, https:\/\/www.radiopiu.net\/wordpress\/wp-content\/uploads\/2021\/10\/CENCENIGHE-3-768x432.jpg 768w, https:\/\/www.radiopiu.net\/wordpress\/wp-content\/uploads\/2021\/10\/CENCENIGHE-3-1536x864.jpg 1536w, https:\/\/www.radiopiu.net\/wordpress\/wp-content\/uploads\/2021\/10\/CENCENIGHE-3.jpg 1920w\" sizes=\"auto, (max-width: 204px) 100vw, 204px\" \/><\/a>REDAZIONE<\/strong> Riceviamo e pubblichiamo una lettera arrivata in redazione da un nostro ascoltatore che si complimenta con Luisa Manfroi per l&#8217;articolo sulle alte velocit\u00e0 in centro a Cencenighe<\/p>\n<blockquote><p><em>Spett.le Redazione Radio Pi\u00f9, tornando a ringraziarVi per la Vostra iniziativa in atto, chiedo cortesemente pubblichiate queste mie osservazioni a seguito dell&#8217;ottima pagina postata ieri, sul Vostro sito, dalla Signora Luisa Manfroi. Grazie! Ho letto con attenzione l\u2019articolo della S.ra Luisa Manfroi, trovandomi molto d\u2019accordo su quanto scrive. Certo, non me ne vorr\u00e0, se mi permetto di aggiungere alcuni elementi in merito a questo problema NON di pochissima importanza per noi residenti. La posizione geografica, del nostro paese non \u00e8 delle pi\u00f9 semplici per garantire una viabilit\u00e0 agevole. Se alla indisciplinata maleducazione di tanti conducenti di veicoli motorizzati, ci aggiungiamo anche quanto non \u00e8 stato fatto e con licenza consentito in questi anni, ben comprendiamo l\u2019attuale problematica in essere. Lungo i 2 Km della SR 203, che attraversano il paese ci sono ben 17 strade comunali che si innestano, oltre la SP 346, e numerosissimi accessi privati. Solo questo imporrebbe maggior prudenza a chi transita, oltre naturalmente il doveroso rispetto che si dovrebbe rivolgere a chi, in questo Comune vi risiede ed ospita. L\u2019Italiano medio ben sappiamo come si pone davanti alle normative, a meno che non sia strettamente controllato. Non fanno eccezione a questo, nemmeno i miei conterranei Agordini. Mi rincresce doverlo constatare, ma \u00e8 cos\u00ec, sono numerosi gli episodi che potrei citare a proposito. Veniamo pi\u00f9 in dettaglio ad alcuni punti sollevati da Luisa. <strong>Tangenziale<\/strong>: davvero si pensa ancora che negozi ed esercizi commerciali possano meglio prosperare con strade trafficate e non invece con traffico contenuto e lungo isole pedonali? \u00a0Molto discutibile la cosa. La tangenziale sarebbe stata da sempre una soluzione ideale per garantire pi\u00f9 frequentazioni nei vari locali, oltre maggior vivibilit\u00e0 per residenti, villeggianti ed occasionali persone di passaggio. Si guardi al vicino Trentino A.A. per averne conferma. Ricordo le idee che manifestavano i compaesani, negli anni \u201970, quando l\u2019argomento era oggetto di commenti. I pi\u00f9 sostenevano con decisione \u201cil traffico deve passare per il centro\u201d, facendomi cos\u00ec sentire in netta minoranza. <strong>Rotatoria in piazza:<\/strong> altro argomento per il quale manifesto il mio pieno sostegno alla sua realizzazione. Ritenendo doveroso venire incontro ai vicini abitanti della Valle del Biois e San Tomaso, mediante tale opera, evitando loro lunghe prolungate soste, a causa dello stop che si trovano a dover rispettare, prima di immettersi nella SR 203. Si eviterebbe cos\u00ec dover far presidiare Piazza IV Novembre, da parte di personale della Polizia Municipale nel dirigere il traffico nelle giornate pi\u00f9 caotiche per l\u2019intenso traffico. Pi\u00f9 agevole risulterebbe inoltre l\u2019immissione sulla arteria principale, da chi proviene dalla vicina via Dante Alighieri. E soprattutto non mi si venga a dire che tale rotatoria \u00e8 improponibile poich\u00e9 toglierebbe alcuni posti di parcheggio in piazza, oltre ad essere inutile in quanto chi proviene dalla Val Cordevole, si troverebbe sempre ad avere la precedenza. Le normative del Codice della Strada in materia di rotatorie, dicono ben altra cosa. <strong>Marciapiedi: \u00a0<\/strong>altro punto dolente, in quanto spesso mancante, ed a volte occupato da soste vietate. Non si comprende inoltre quanto tempo dovr\u00e0 ancora passare, prima che possa essere realizzata una tal opera, sul ponte del Ghirlo. Anche qui, trovo banali le giustificazioni secondo le quali l\u2019impedimento sarebbe di natura burocratica, legato a difficolt\u00e0 create da normative legislative da parte dei \u201cBeni Ambientali\u201d. Difficile inoltre concepire come in passato si possa aver permesso a privati di allargare la propria pertinenza, sottraendo di fatto spazio al passaggio pedonale. \u201cMi fermo qui, per amor di paese\u201d, come detto in questi giorni da un Ministro del nostro Governo. Pienamente concorde con i suggerimenti proposti da Luisa, ai quali ripropongo i miei, indicati nella precedente lettera del 09 c.m. auspicando venga finalmente fatto qualcosa in tal senso, tale da garantire maggior sicurezza lungo le strade di Cencenighe Agordino.<\/em><\/p>\n<p><em>\u00a0 \u00a0\u00a0\u00a0\u00a0Claudio<\/em><\/p><\/blockquote>\n<p>&nbsp;<\/p>\n<p>&nbsp;<\/p>\n<p>&nbsp;<\/p>\n<p>*******<\/p>\n","protected":false},"excerpt":{"rendered":"<p>REDAZIONE Riceviamo e pubblichiamo una lettera arrivata in redazione da un nostro ascoltatore che si complimenta con Luisa Manfroi per l&#8217;articolo sulle alte velocit\u00e0 in centro a Cencenighe Spett.le Redazione Radio Pi\u00f9, tornando a ringraziarVi per la Vostra iniziativa in atto, chiedo cortesemente pubblichiate queste mie osservazioni a seguito dell&#8217;ottima pagina postata ieri, sul Vostro&hellip;<\/p>\n","protected":false},"author":4,"featured_media":237924,"comment_status":"closed","ping_status":"closed","sticky":false,"template":"","format":"standard","meta":{"_monsterinsights_skip_tracking":false,"_monsterinsights_sitenote_active":false,"_monsterinsights_sitenote_note":"","_monsterinsights_sitenote_category":0,"footnotes":""},"categories":[49],"tags":[],"class_list":["post-343690","post","type-post","status-publish","format-standard","has-post-thumbnail","hentry","category-news-18","category-49","description-off"],"img_url":"https:\/\/www.radiopiu.net\/wordpress\/wp-content\/uploads\/2021\/10\/CENCENIGHE-3.jpg","_links":{"self":[{"href":"https:\/\/www.radiopiu.net\/wordpress\/wp-json\/wp\/v2\/posts\/343690","targetHints":{"allow":["GET"]}}],"collection":[{"href":"https:\/\/www.radiopiu.net\/wordpress\/wp-json\/wp\/v2\/posts"}],"about":[{"href":"https:\/\/www.radiopiu.net\/wordpress\/wp-json\/wp\/v2\/types\/post"}],"author":[{"embeddable":true,"href":"https:\/\/www.radiopiu.net\/wordpress\/wp-json\/wp\/v2\/users\/4"}],"replies":[{"embeddable":true,"href":"https:\/\/www.radiopiu.net\/wordpress\/wp-json\/wp\/v2\/comments?post=343690"}],"version-history":[{"count":0,"href":"https:\/\/www.radiopiu.net\/wordpress\/wp-json\/wp\/v2\/posts\/343690\/revisions"}],"wp:featuredmedia":[{"embeddable":true,"href":"https:\/\/www.radiopiu.net\/wordpress\/wp-json\/wp\/v2\/media\/237924"}],"wp:attachment":[{"href":"https:\/\/www.radiopiu.net\/wordpress\/wp-json\/wp\/v2\/media?parent=343690"}],"wp:term":[{"taxonomy":"category","embeddable":true,"href":"https:\/\/www.radiopiu.net\/wordpress\/wp-json\/wp\/v2\/categories?post=343690"},{"taxonomy":"post_tag","embeddable":true,"href":"https:\/\/www.radiopiu.net\/wordpress\/wp-json\/wp\/v2\/tags?post=343690"}],"curies":[{"name":"wp","href":"https:\/\/api.w.org\/{rel}","templated":true}]}}