{"id":343695,"date":"2023-07-13T05:37:26","date_gmt":"2023-07-13T03:37:26","guid":{"rendered":"https:\/\/www.radiopiu.net\/wordpress\/?p=343695"},"modified":"2023-07-13T06:36:13","modified_gmt":"2023-07-13T04:36:13","slug":"giornale-radiopiu-13-luglio-2023-direttore-mirko-mezzacasada-40-anni-25-giugno-1983-25-giugno-2023","status":"publish","type":"post","link":"https:\/\/www.radiopiu.net\/wordpress\/giornale-radiopiu-13-luglio-2023-direttore-mirko-mezzacasada-40-anni-25-giugno-1983-25-giugno-2023\/","title":{"rendered":"GIORNALE RADIOPIU 13 LUGLIO 2023 DIRETTORE MIRKO MEZZACASA\u2026DA 40 ANNI 25 GIUGNO 1983-25 GIUGNO 2023"},"content":{"rendered":"<h2 style=\"text-align: left;\"><span style=\"color: #ff0000;\"><span style=\"vertical-align: inherit;\"><a class=\"dt-pswp-item\" href=\"https:\/\/www.radiopiu.net\/wordpress\/wp-content\/uploads\/2023\/04\/e0aad41d-951e-47b9-9fae-1a879a9bcb7e-1.jpg\" data-dt-img-description=\"\" data-large_image_width=\"1200\" data-large_image_height=\"1200\"><img loading=\"lazy\" decoding=\"async\" class=\"wp-image-333205 alignleft\" src=\"https:\/\/www.radiopiu.net\/wordpress\/wp-content\/uploads\/2023\/04\/e0aad41d-951e-47b9-9fae-1a879a9bcb7e-1-300x300.jpg\" alt=\"\" width=\"110\" height=\"110\" srcset=\"https:\/\/www.radiopiu.net\/wordpress\/wp-content\/uploads\/2023\/04\/e0aad41d-951e-47b9-9fae-1a879a9bcb7e-1-300x300.jpg 300w, https:\/\/www.radiopiu.net\/wordpress\/wp-content\/uploads\/2023\/04\/e0aad41d-951e-47b9-9fae-1a879a9bcb7e-1-1024x1024.jpg 1024w, https:\/\/www.radiopiu.net\/wordpress\/wp-content\/uploads\/2023\/04\/e0aad41d-951e-47b9-9fae-1a879a9bcb7e-1-150x150.jpg 150w, https:\/\/www.radiopiu.net\/wordpress\/wp-content\/uploads\/2023\/04\/e0aad41d-951e-47b9-9fae-1a879a9bcb7e-1-768x768.jpg 768w, https:\/\/www.radiopiu.net\/wordpress\/wp-content\/uploads\/2023\/04\/e0aad41d-951e-47b9-9fae-1a879a9bcb7e-1.jpg 1200w\" sizes=\"auto, (max-width: 110px) 100vw, 110px\" \/><\/a><\/span><\/span><\/h2>\n<h1 class=\"entry-title\">40esimo di RADIOPIU\u2026. LA VOCE DELL\u2019EMOZIONE<\/h1>\n<h2><span style=\"color: #ff0000;\">ISCRIVITI AL NOSTRO CANALE\u00a0\u00a0YOUTUBE PER SEGUIRE IN DIRETTA I PRINCIPALI PROGRAMMI DI RADIO PIU\u2019 E LE FUTURE DIRETTE IN ESTERNA. PER ISCRIVERTI\u00a0<a style=\"color: #ff0000;\" href=\"https:\/\/youtube.com\/@radiopiu1527\">CLICCA QUI\u00a0<\/a>E PREMI\u00a0 \u201cIscriviti\u201d\u00a0<\/span><\/h2>\n<p>&nbsp;<\/p>\n<p>&nbsp;<\/p>\n<div class=\"articlePlainText\">\n<hr \/>\n<p>&nbsp;<\/p>\n<blockquote>\n<h3>DA OGGI RIAPRE LA SP 347 DEL DURAN E CEREDA A LA VALLE<\/h3>\n<\/blockquote>\n<p><strong>LA VALLE<\/strong> A partire da oggi la SP 347 del Passo Duran e Cereda aprir\u00e0 a tutti i mezzi. Fino al 31 agosto senso unico alternato regolato da semaforo o movieri ed interruzioni della durata massima di 10 minuti<\/p>\n<p>&nbsp;<\/p>\n<p>&nbsp;<\/p>\n<hr \/>\n<p>&nbsp;<\/p>\n<\/div>\n<blockquote>\n<h3>\u00a0ACQUA INQUINATA<\/h3>\n<\/blockquote>\n<p><img loading=\"lazy\" decoding=\"async\" class=\"alignleft\" src=\"https:\/\/www.radiopiu.net\/wordpress\/wp-content\/uploads\/2018\/08\/ACQUA.jpeg\" width=\"129\" height=\"77\" \/>Gestione Servizi Pubblici informa che a TAIBON AGORDINO nelle localit\u00e0 SOCCOL, CAMPEDEL, COSTE, SERACH, RONCH DE BUOS e NOGAROLA l&#8217;acqua erogata dall&#8217;acquedotto non \u00e8 potabile e pu\u00f2 essere usata per scopi alimentari SOLO PREVIA bollitura. Acqua inquinata anche a a ROCCA PIETORE nelle localit\u00e0 VAL, DAGAI, DAVARE, LE COSTE e RONCH<\/p>\n<p>&nbsp;<\/p>\n<p>&nbsp;<\/p>\n<hr \/>\n<p>&nbsp;<\/p>\n<blockquote>\n<h3>ALLERTA GIALLA IN VENETO PER FORTI TEMPORALI<\/h3>\n<\/blockquote>\n<p><strong><a class=\"dt-pswp-item\" href=\"https:\/\/www.radiopiu.net\/wordpress\/wp-content\/uploads\/2018\/06\/temporale.jpg\" data-dt-img-description=\"\" data-large_image_width=\"1920\" data-large_image_height=\"1272\"><img loading=\"lazy\" decoding=\"async\" class=\" wp-image-50334 alignleft\" src=\"https:\/\/www.radiopiu.net\/wordpress\/wp-content\/uploads\/2018\/06\/temporale-300x199.jpg\" alt=\"\" width=\"155\" height=\"103\" srcset=\"https:\/\/www.radiopiu.net\/wordpress\/wp-content\/uploads\/2018\/06\/temporale-300x199.jpg 300w, https:\/\/www.radiopiu.net\/wordpress\/wp-content\/uploads\/2018\/06\/temporale-768x509.jpg 768w, https:\/\/www.radiopiu.net\/wordpress\/wp-content\/uploads\/2018\/06\/temporale-1024x678.jpg 1024w, https:\/\/www.radiopiu.net\/wordpress\/wp-content\/uploads\/2018\/06\/temporale.jpg 1920w\" sizes=\"auto, (max-width: 155px) 100vw, 155px\" \/><\/a>VENEZIA <\/strong>Dopo i temporali anche intensi delle ultime ore, che hanno interessato soprattutto le zone montane e pedemontane, oggi \u00e8 previsto il passaggio di un impulso perturbato che determiner\u00e0 varie fasi di instabilit\u00e0, con rovesci e temporali sparsi che interesseranno anche la pianura. Probabilmente si avr\u00e0 una fase pi\u00f9 significativa oggi pomeriggio soprattutto su Prealpi e pianura. Saranno probabili fenomeni anche intensi (forti rovesci, forti raffiche di vento, grandinate). Sulla base di queste previsioni meteo elaborate dall\u2019Arpav, il Centro Funzionale Decentrato della Protezione Civile della Regione Veneto ha dichiarato lo Stato di Attenzione (Allerta gialla) per criticit\u00e0 idrogeologica per forti temporali su tutto il territorio. La dichiarazione ha validit\u00e0 fino alla mezzanotte di oggi.<\/p>\n<p>&nbsp;<\/p>\n<p><strong>AGORDO<\/strong>\u00a0 Nella notte i Vigili del fuoco Agordo sono Intervenuti per piante sulla sede stradale lunga la provinciale 3\u00a0 a Vallesin di Frassene&#8217; di Voltago e a Sarasin di Gosaldo. Nessuna persona o mezzo coinvolto<\/p>\n<p>&nbsp;<\/p>\n<p><strong>IERI SERA<\/strong>, Sassi in strada tra antole e chiesurazza, vigili fuoco sul posto. (TELEGRAM, VIABILITA&#8217; PROVINCIA DI BELLUNO) Il distacco alle 20.15 nella corsia Belluno-Agordo, nessuna auto coinvolta. Sul posto vigili del fuoco e personale di Veneto Strade<strong><br \/>\n<a class=\"dt-pswp-item\" href=\"https:\/\/www.radiopiu.net\/wordpress\/wp-content\/uploads\/2023\/07\/5eee06dd-8d5e-4b51-9763-c67aab8f4ed4.jpg\" data-dt-img-description=\"\" data-large_image_width=\"800\" data-large_image_height=\"600\"><img loading=\"lazy\" decoding=\"async\" class=\"size-medium wp-image-343836 aligncenter\" src=\"https:\/\/www.radiopiu.net\/wordpress\/wp-content\/uploads\/2023\/07\/5eee06dd-8d5e-4b51-9763-c67aab8f4ed4-300x225.jpg\" alt=\"\" width=\"300\" height=\"225\" srcset=\"https:\/\/www.radiopiu.net\/wordpress\/wp-content\/uploads\/2023\/07\/5eee06dd-8d5e-4b51-9763-c67aab8f4ed4-300x225.jpg 300w, https:\/\/www.radiopiu.net\/wordpress\/wp-content\/uploads\/2023\/07\/5eee06dd-8d5e-4b51-9763-c67aab8f4ed4-768x576.jpg 768w, https:\/\/www.radiopiu.net\/wordpress\/wp-content\/uploads\/2023\/07\/5eee06dd-8d5e-4b51-9763-c67aab8f4ed4.jpg 800w\" sizes=\"auto, (max-width: 300px) 100vw, 300px\" \/><\/a><br \/>\n<\/strong><\/p>\n<p>&nbsp;<\/p>\n<p><strong>BELLUNO<\/strong> Violento nubifragio a met\u00e0 mattinata, \u00e8 durato poco ma \u00e8 stato intenso. Diverse le chiamate al 115 dei vigili del fuoco, almeno 40 gli interventi, non si registrano danni gravi piuttosto allagamenti, tegole e lamiere volate via.<br \/>\n<strong>FELTRE<\/strong> Vigili del fuoco a Lamen ed Arson per la rimozione di alcune piante. Le raffiche di vento hanno fatto cadere ramaglie anche in zona Peschiera e Pasquer.<\/p>\n<p><strong>PONTE NELLE ALPI<\/strong> Parte della copertura del campanile della chiesetta di Casan divelta dal vento. Il fulmine ha colpito la cuspide del\u00a0 campanile e l&#8217;orologio ora \u00e8 fermo<\/p>\n<p>&nbsp;<\/p>\n<p><strong>BELLUNO, IERI MATTINA, fronte ponte Veneggia<\/strong><\/p>\n<p><a class=\"dt-pswp-item\" href=\"https:\/\/www.radiopiu.net\/wordpress\/wp-content\/uploads\/2023\/07\/89148164-ca20-4a7f-ad28-babd0287c59f.jpg\" data-dt-img-description=\"\" data-large_image_width=\"2048\" data-large_image_height=\"1152\"><img loading=\"lazy\" decoding=\"async\" class=\"size-medium wp-image-343859 aligncenter\" src=\"https:\/\/www.radiopiu.net\/wordpress\/wp-content\/uploads\/2023\/07\/89148164-ca20-4a7f-ad28-babd0287c59f-300x169.jpg\" alt=\"\" width=\"300\" height=\"169\" srcset=\"https:\/\/www.radiopiu.net\/wordpress\/wp-content\/uploads\/2023\/07\/89148164-ca20-4a7f-ad28-babd0287c59f-300x169.jpg 300w, https:\/\/www.radiopiu.net\/wordpress\/wp-content\/uploads\/2023\/07\/89148164-ca20-4a7f-ad28-babd0287c59f-1024x576.jpg 1024w, https:\/\/www.radiopiu.net\/wordpress\/wp-content\/uploads\/2023\/07\/89148164-ca20-4a7f-ad28-babd0287c59f-768x432.jpg 768w, https:\/\/www.radiopiu.net\/wordpress\/wp-content\/uploads\/2023\/07\/89148164-ca20-4a7f-ad28-babd0287c59f-1536x864.jpg 1536w, https:\/\/www.radiopiu.net\/wordpress\/wp-content\/uploads\/2023\/07\/89148164-ca20-4a7f-ad28-babd0287c59f.jpg 2048w\" sizes=\"auto, (max-width: 300px) 100vw, 300px\" \/><\/a><\/p>\n<p>&nbsp;<\/p>\n<p>&nbsp;<\/p>\n<hr \/>\n<p>&nbsp;<\/p>\n<blockquote>\n<h3>DUE INTERVENTI DEL SOCCORSO ALPINO, A CORTINA E PEDAVENA<\/h3>\n<\/blockquote>\n<p>Attorno alle 16 di ieri la Centrale del Suem \u00e8 stata allertata per due emergenze in contemporanea, risolte una mediante l&#8217;intervento dell&#8217;eliambulanza, l&#8217;altra con il recupero da parte di una squadra in fuoristrada.<\/p>\n<p><strong>CORTINA <\/strong>L&#8217;elicottero del Suem di Pieve di Cadore \u00e8 volato a Cortina d&#8217;Ampezzo sul sentiero tra il Rifugio Scoiattoli e l&#8217;Averau, per una escursionista statunitense di 67 anni, che era caduta battendo la testa. La donna \u00e8 stata trasportata per i dovuti accertamenti all&#8217;ospedale.<\/p>\n<p><strong>PEDAVENA <\/strong>Una squadra del Soccorso alpino di Feltre \u00e8 stata invece inviata sul Monte Aurin, a Pedavena, dove una 19enne di Borgo Valbelluna (BL) si era sentita poco bene. La ragazza, che era in compagnia di un&#8217;altra persona, \u00e8 stata portata all&#8217;ospedale di Feltre.<\/p>\n<p><strong>PONTE NELLE ALPI<\/strong> Ieri a mezzogiorno un gruppo di\u00a0 sei adolescenti stava facendo canyoning con istruttore nelle forre di Cornolade. Con l&#8217;arrivo del nubifragio sono riusciti a mettersi in salvo, aiutati dall&#8217;istruttore e dal nucleo speleo-fluviale di vigili del fuoco. Nessuna conseguenza.<\/p>\n<p>&nbsp;<\/p>\n<hr \/>\n<p>&nbsp;<\/p>\n<blockquote>\n<h3>OPERAZIONE ANTIMAFIA ALLE PENDICI DEL MONTE RITE. ARRESTATO UN MANOVALE PER ESTORSIONE<\/h3>\n<\/blockquote>\n<p><strong><a class=\"dt-pswp-item\" href=\"https:\/\/www.radiopiu.net\/wordpress\/wp-content\/uploads\/2022\/05\/POLIZIA-1.jpg\" data-dt-img-description=\"\" data-large_image_width=\"1920\" data-large_image_height=\"1080\"><img loading=\"lazy\" decoding=\"async\" class=\" wp-image-278032 alignleft\" src=\"https:\/\/www.radiopiu.net\/wordpress\/wp-content\/uploads\/2022\/05\/POLIZIA-1-300x169.jpg\" alt=\"\" width=\"176\" height=\"99\" srcset=\"https:\/\/www.radiopiu.net\/wordpress\/wp-content\/uploads\/2022\/05\/POLIZIA-1-300x169.jpg 300w, https:\/\/www.radiopiu.net\/wordpress\/wp-content\/uploads\/2022\/05\/POLIZIA-1-1024x576.jpg 1024w, https:\/\/www.radiopiu.net\/wordpress\/wp-content\/uploads\/2022\/05\/POLIZIA-1-768x432.jpg 768w, https:\/\/www.radiopiu.net\/wordpress\/wp-content\/uploads\/2022\/05\/POLIZIA-1-1536x864.jpg 1536w, https:\/\/www.radiopiu.net\/wordpress\/wp-content\/uploads\/2022\/05\/POLIZIA-1.jpg 1920w\" sizes=\"auto, (max-width: 176px) 100vw, 176px\" \/><\/a>CIBIANA DI CADORE<\/strong><\/p>\n<p>di Moreno Gioli<\/p>\n<audio class=\"wp-audio-shortcode\" id=\"audio-343695-1\" preload=\"none\" style=\"width: 100%;\" controls=\"controls\"><source type=\"audio\/mpeg\" src=\"https:\/\/www.radiopiu.net\/wordpress\/wp-content\/uploads\/2023\/07\/GIOLI-OPERAZIONE-ANTIMAFIA.mp3?_=1\" \/><a href=\"https:\/\/www.radiopiu.net\/wordpress\/wp-content\/uploads\/2023\/07\/GIOLI-OPERAZIONE-ANTIMAFIA.mp3\">https:\/\/www.radiopiu.net\/wordpress\/wp-content\/uploads\/2023\/07\/GIOLI-OPERAZIONE-ANTIMAFIA.mp3<\/a><\/audio>\n<p>&nbsp;<\/p>\n<hr \/>\n<p>&nbsp;<\/p>\n<blockquote>\n<h3 style=\"text-align: left;\"><a class=\"dt-pswp-item\" href=\"https:\/\/www.radiopiu.net\/wordpress\/wp-content\/uploads\/2021\/07\/image-2.jpg\" data-dt-img-description=\"\" data-large_image_width=\"960\" data-large_image_height=\"540\"><img loading=\"lazy\" decoding=\"async\" class=\"wp-image-224354 alignleft\" src=\"https:\/\/www.radiopiu.net\/wordpress\/wp-content\/uploads\/2021\/07\/image-2-300x169.jpg\" alt=\"\" width=\"222\" height=\"125\" srcset=\"https:\/\/www.radiopiu.net\/wordpress\/wp-content\/uploads\/2021\/07\/image-2-300x169.jpg 300w, https:\/\/www.radiopiu.net\/wordpress\/wp-content\/uploads\/2021\/07\/image-2-768x432.jpg 768w, https:\/\/www.radiopiu.net\/wordpress\/wp-content\/uploads\/2021\/07\/image-2.jpg 960w\" sizes=\"auto, (max-width: 222px) 100vw, 222px\" \/><\/a>SESSO ED ESTORSIONE, L&#8217;AMANTE CLANDESTINO RIMANE DIETRO LE SBARRE<\/h3>\n<\/blockquote>\n<div><\/div>\n<div class=\"articlePlainText\"><strong>FELTRE\u00a0<\/strong> L&#8217;arresto di S.K. \u00e8 stato convalidato nell&#8217;udienza celebrata nel carcere di Baldenich. Confermata la custodia cautelare per il pericolo della ripetizione dei reati. I due uomini, che intrattenevano una relazione clandestina, vivono a Feltre.\u00a0 L&#8217;indagato si sarebbe avvicinato al suo ragazzo e, con un atteggiamento intimidatorio, avrebbe preteso soldi, \u00e8 dal 2020 che S.K. avrebbe ricattato la vittima, cercando di portagli via tutti i risparmi messi insieme nel corso di una vita.<\/div>\n<div><\/div>\n<div>\n<hr \/>\n<\/div>\n<div><\/div>\n<blockquote>\n<h3>ANGELIKA HUTTER RIMANE IN OSPEDALE, DOMANI I FUNERALI DELLE TRE VITTIME, non e&#8217; esclusa la perizia psichiatrica.<\/h3>\n<\/blockquote>\n<div><strong>REDAZIONE<\/strong> La 31enne tedesce che a Santo Stefano ha ucciso tre persone rimane in ospedale psichiatrico a Mestre, in isolamento.\u00a0 E&#8217; sottoposta a terapia farmacologica. Questa sera a Favaro Veneto la fiaccolata, domani alle 10.30 i funerali, in diretta sui canali di ANTENNA 3 NORD EST canale 10 del digitale terrestre.<\/div>\n<div><\/div>\n<div><\/div>\n<p>&nbsp;<\/p>\n<hr \/>\n<p>&nbsp;<\/p>\n<blockquote>\n<h3>IN BILICO SUL MURETTO<\/h3>\n<\/blockquote>\n<p><strong>CANALE D&#8217;AGORDO<\/strong> Manovra errata sulle strade di Feder di Canale d&#8217;Agordo. Fortunatamente l&#8217;auto, un Suv DR,\u00a0 \u00e8 rimasta bloccata a mezz&#8217;aria tra lo spavento anche di chi ha seguito lo sviluppo dell&#8217;uscita dalla carreggiata. Sul posto i vigili del fuoco di Agordo.<\/p>\n\n\t\t\t<style type='text\/css'>\n\t\t\t\t#gallery-1 {\n\t\t\t\t\tmargin: auto;\n\t\t\t\t}\n\t\t\t\t#gallery-1 .gallery-item {\n\t\t\t\t\tfloat: left;\n\t\t\t\t\tmargin-top: 10px;\n\t\t\t\t\ttext-align: center;\n\t\t\t\t\twidth: 33%;\n\t\t\t\t}\n\t\t\t\t#gallery-1 img {\n\t\t\t\t\tborder: 2px solid #cfcfcf;\n\t\t\t\t}\n\t\t\t\t#gallery-1 .gallery-caption {\n\t\t\t\t\tmargin-left: 0;\n\t\t\t\t}\n\t\t\t\t\/* see gallery_shortcode() in wp-includes\/media.php *\/\n\t\t\t<\/style>\n\t\t<div id='gallery-1' class='dt-gallery-container gallery galleryid-343695 gallery-columns-3 gallery-size-thumbnail'><dl class='gallery-item'>\n\t\t\t\t<dt class='gallery-icon landscape'>\n\t\t\t\t\t<a class=\"rollover rollover-zoom dt-pswp-item\" title=\"Inked2bb8697a-f724-413d-b22e-9be261d424d4\" data-dt-img-description=\"\" data-large_image_width=\"1599\" data-large_image_height=\"899\"href='https:\/\/www.radiopiu.net\/wordpress\/wp-content\/uploads\/2023\/07\/Inked2bb8697a-f724-413d-b22e-9be261d424d4.jpg'><img loading=\"lazy\" decoding=\"async\" width=\"150\" height=\"150\" src=\"https:\/\/www.radiopiu.net\/wordpress\/wp-content\/uploads\/2023\/07\/Inked2bb8697a-f724-413d-b22e-9be261d424d4-150x150.jpg\" class=\"attachment-thumbnail size-thumbnail\" alt=\"\" \/><\/a>\n\t\t\t\t<\/dt><\/dl><dl class='gallery-item'>\n\t\t\t\t<dt class='gallery-icon portrait'>\n\t\t\t\t\t<a class=\"rollover rollover-zoom dt-pswp-item\" title=\"Inked8ce5ef95-9fc1-4a33-92cf-e90545a14f53\" data-dt-img-description=\"\" data-large_image_width=\"1500\" data-large_image_height=\"2000\"href='https:\/\/www.radiopiu.net\/wordpress\/wp-content\/uploads\/2023\/07\/Inked8ce5ef95-9fc1-4a33-92cf-e90545a14f53.jpg'><img loading=\"lazy\" decoding=\"async\" width=\"150\" height=\"150\" src=\"https:\/\/www.radiopiu.net\/wordpress\/wp-content\/uploads\/2023\/07\/Inked8ce5ef95-9fc1-4a33-92cf-e90545a14f53-150x150.jpg\" class=\"attachment-thumbnail size-thumbnail\" alt=\"\" \/><\/a>\n\t\t\t\t<\/dt><\/dl><dl class='gallery-item'>\n\t\t\t\t<dt class='gallery-icon landscape'>\n\t\t\t\t\t<a class=\"rollover rollover-zoom dt-pswp-item\" title=\"Inked1b025a82-3a10-4b2a-b5bd-338b05707c74\" data-dt-img-description=\"\" data-large_image_width=\"2000\" data-large_image_height=\"1500\"href='https:\/\/www.radiopiu.net\/wordpress\/wp-content\/uploads\/2023\/07\/Inked1b025a82-3a10-4b2a-b5bd-338b05707c74.jpg'><img loading=\"lazy\" decoding=\"async\" width=\"150\" height=\"150\" src=\"https:\/\/www.radiopiu.net\/wordpress\/wp-content\/uploads\/2023\/07\/Inked1b025a82-3a10-4b2a-b5bd-338b05707c74-150x150.jpg\" class=\"attachment-thumbnail size-thumbnail\" alt=\"\" \/><\/a>\n\t\t\t\t<\/dt><\/dl><br style=\"clear: both\" \/>\n\t\t\t<\/div>\n\n<p>&nbsp;<\/p>\n<hr \/>\n<p>&nbsp;<\/p>\n<blockquote>\n<h3 class=\"entry-title\">SETTE INCONTRI TRA IL SINDACO VIVIANA FUSARO E DIANA DE PAOLI<\/h3>\n<\/blockquote>\n<p><strong>REDAZIONE<\/strong>\u00a0Riceviamo e pubblichiamo, una nota del sindavo di Feltre, Viviana Fusaro relativamente alla vicenda della signora Diana De Paoli che lamenta scarso interessamento alla sua vicenda da parte delle istituzioni, segnatamente del Comune di Feltre.<\/p>\n<p><strong>di Viviana Fusaro<\/strong><\/p>\n<p><em class=\"photoswipe-wrapper\"><a class=\"dt-pswp-item pspw-wrap-ready\" href=\"https:\/\/www.radiopiu.net\/wordpress\/wp-content\/uploads\/2023\/07\/Fusaro-Viviana-image.jpg_fdetail_558h720w-467x445-1.jpg\" data-dt-img-description=\"\" data-large_image_width=\"467\" data-large_image_height=\"445\"><img loading=\"lazy\" decoding=\"async\" class=\"wp-image-343739 alignleft\" src=\"https:\/\/www.radiopiu.net\/wordpress\/wp-content\/uploads\/2023\/07\/Fusaro-Viviana-image.jpg_fdetail_558h720w-467x445-1-300x286.jpg\" sizes=\"auto, (max-width: 178px) 100vw, 178px\" srcset=\"https:\/\/www.radiopiu.net\/wordpress\/wp-content\/uploads\/2023\/07\/Fusaro-Viviana-image.jpg_fdetail_558h720w-467x445-1-300x286.jpg 300w, https:\/\/www.radiopiu.net\/wordpress\/wp-content\/uploads\/2023\/07\/Fusaro-Viviana-image.jpg_fdetail_558h720w-467x445-1.jpg 467w\" alt=\"\" width=\"178\" height=\"170\" \/><\/a>\u201cConosciamo molto bene la questione e ne siamo estremamente rammaricati e dispiaciuti. Dire che il Comune di Feltre non si sia interessato alla vicenda \u00e8 per\u00f2 non solo errato, ma anche fuorviante, visto che \u2013 come risulta dalla mia agenda \u2013 nel primo anno di mandato ho incontrato personalmente la signora De Paoli per ben 7 volte (a luglio e settembre del 2022 e nei mesi di marzo, aprile, maggio e giugno due volte, una anche alla presenza del suo attuale legale, quest\u2019anno). Quanto poi al suo gesto di protesta nella giornata di marted\u00ec, avrei portato volentieri il mio saluto e la mia vicinanza alla signora, ma non sono stata minimamente informata della cosa. Detto che il Comune non pu\u00f2 \u2013 n\u00e9 per ragioni economiche, n\u00e9 per motivi di equit\u00e0 nei confronti dei propri cittadini \u2013 sanare impegni finanziari personali, specialmente di importi rilevanti, io, i miei colleghi di giunta e gli uffici comunali preposti continueremo naturalmente a seguire la vicenda, che \u00e8 complessa e ricca di aspetti di natura strettamente privatistica, con l\u2019auspicio che si possa addivenire ad una soluzione definitiva\u201d.<\/em><\/p>\n<p>&nbsp;<\/p>\n<hr \/>\n<p>&nbsp;<\/p>\n<blockquote>\n<h3>UNDICI MIGRANTI OSPITI DELL&#8217;AGORDINO, NUOVI ARRIVI A CANALE D&#8217;AGORDO<\/h3>\n<\/blockquote>\n<blockquote><p><strong><img loading=\"lazy\" decoding=\"async\" class=\"alignleft\" src=\"https:\/\/www.radiopiu.net\/wordpress\/wp-content\/uploads\/2023\/07\/th-6.jpg\" width=\"183\" height=\"137\" \/>DI GIANNI SANTOMASO<\/strong><\/p><\/blockquote>\n<p><strong>AUDIO<\/strong><\/p>\n<audio class=\"wp-audio-shortcode\" id=\"audio-343695-2\" preload=\"none\" style=\"width: 100%;\" controls=\"controls\"><source type=\"audio\/mpeg\" src=\"https:\/\/www.radiopiu.net\/wordpress\/wp-content\/uploads\/2023\/07\/11-MIGRANTI-GIANNI.mp3?_=2\" \/><a href=\"https:\/\/www.radiopiu.net\/wordpress\/wp-content\/uploads\/2023\/07\/11-MIGRANTI-GIANNI.mp3\">https:\/\/www.radiopiu.net\/wordpress\/wp-content\/uploads\/2023\/07\/11-MIGRANTI-GIANNI.mp3<\/a><\/audio>\n<p>&nbsp;<\/p>\n<p>&nbsp;<\/p>\n<hr \/>\n<p>&nbsp;<\/p>\n<blockquote>\n<h3>IL MERCOLEDI SERA ALLA RADIO, IERI SERA CON GLI AMMINISTRATORI DI FALCADE, MAURO SALVATERRA, FLAVIO MURER E FULVIO VALT<\/h3>\n<p><strong>LA DIRETTA -DIFFERITA\u00a0<\/strong><\/p><\/blockquote>\n<p><iframe loading=\"lazy\" title=\"FALCADE, MANIFESTAZIONI ESTIVE\" width=\"1200\" height=\"675\" src=\"https:\/\/www.youtube.com\/embed\/6tW1Lnqphgc?feature=oembed\" frameborder=\"0\" allow=\"accelerometer; autoplay; clipboard-write; encrypted-media; gyroscope; picture-in-picture; web-share\" allowfullscreen><\/iframe><\/p>\n<p>&nbsp;<\/p>\n<hr \/>\n<p>&nbsp;<\/p>\n<blockquote>\n<h3><a class=\"dt-pswp-item\" href=\"https:\/\/www.radiopiu.net\/wordpress\/wp-content\/uploads\/2023\/07\/Senza-nome-25.png\" data-dt-img-description=\"\" data-large_image_width=\"204\" data-large_image_height=\"133\"><img loading=\"lazy\" decoding=\"async\" class=\" wp-image-343837 alignleft\" src=\"https:\/\/www.radiopiu.net\/wordpress\/wp-content\/uploads\/2023\/07\/Senza-nome-25.png\" alt=\"\" width=\"130\" height=\"85\" \/><\/a>TELEFONO MUTI, NESSUNA NOVITA&#8217; AL COLDAI<\/h3>\n<\/blockquote>\n<p><strong>ZOLDO T<\/strong>anto d&#8217;estate che d&#8217;inverno, al Rifugio Coldai ennesimo disservizio della Telecom. Luca De Zordo ha scritto al Prefetto anche perch\u00e9 in caso di incidenti la segnalazione diventa impossibile.<\/p>\n<p><strong>RIFUGIO COLDAI Gestito dal 1968 dalla Famiglia De Zordo\u00a0\u00a0<\/strong><\/p>\n<p><strong><img loading=\"lazy\" decoding=\"async\" class=\"size-medium wp-image-343838 aligncenter\" src=\"https:\/\/www.radiopiu.net\/wordpress\/wp-content\/uploads\/2023\/07\/359405544_749527177178286_3117779544290213032_n-240x300.jpg\" alt=\"\" width=\"240\" height=\"300\" srcset=\"https:\/\/www.radiopiu.net\/wordpress\/wp-content\/uploads\/2023\/07\/359405544_749527177178286_3117779544290213032_n-240x300.jpg 240w, https:\/\/www.radiopiu.net\/wordpress\/wp-content\/uploads\/2023\/07\/359405544_749527177178286_3117779544290213032_n.jpg 512w\" sizes=\"auto, (max-width: 240px) 100vw, 240px\" \/>\u00a0 <\/strong><\/p>\n<p>&nbsp;<\/p>\n<p>&nbsp;<\/p>\n<hr \/>\n<blockquote>\n<h3><\/h3>\n<h3>LAVORI A CANCIA, AFFIDATO IL CANTIERE DI CONSOLIDAMENTO DELLE SPONDE DEL CANALONE: VALORE 1,4 MILIONI DI EURO<\/h3>\n<\/blockquote>\n<p><strong>BELLUNO<\/strong> Di prossima partenza il cantiere a Cancia (Borca di Cadore) nella zona della colata detritica storica dell\u2019Antelao. La Provincia di Belluno ha affidato nei giorni scorsi i lavori di consolidamento delle sponde del canalone. Un intervento da 1,4 milioni a quadro economico, che andr\u00e0 avanti per tutta l\u2019estate e ha l\u2019obiettivo di rafforzare le pareti di scivolo della zona di colata, in modo che gli eventi meteorologici non provochino ulteriore caduta di materiale, aggravando l\u2019erosione delle sponde. E di ricostruire le sponde dove danneggiate. Nel frattempo i tecnici della Provincia hanno effettuato nei giorni scorsi un sopralluogo, a seguito dei temporali di giugno e inizio luglio. \u00c8 stato registrato un piccolo accumulo di materiale detritico nella vasca posta a 1.000 metri di quota e nella piazza alta, di circa 7.500 metri cubi. In previsione di ulteriori eventi meteo, \u00e8 stata disposta una somma urgenza per la rimozione e la pulizia del sistema di drenaggio.<\/p>\n\n\t\t\t<style type='text\/css'>\n\t\t\t\t#gallery-2 {\n\t\t\t\t\tmargin: auto;\n\t\t\t\t}\n\t\t\t\t#gallery-2 .gallery-item {\n\t\t\t\t\tfloat: left;\n\t\t\t\t\tmargin-top: 10px;\n\t\t\t\t\ttext-align: center;\n\t\t\t\t\twidth: 25%;\n\t\t\t\t}\n\t\t\t\t#gallery-2 img {\n\t\t\t\t\tborder: 2px solid #cfcfcf;\n\t\t\t\t}\n\t\t\t\t#gallery-2 .gallery-caption {\n\t\t\t\t\tmargin-left: 0;\n\t\t\t\t}\n\t\t\t\t\/* see gallery_shortcode() in wp-includes\/media.php *\/\n\t\t\t<\/style>\n\t\t<div id='gallery-2' class='dt-gallery-container gallery galleryid-343695 gallery-columns-4 gallery-size-thumbnail'><dl class='gallery-item'>\n\t\t\t\t<dt class='gallery-icon portrait'>\n\t\t\t\t\t<a class=\"rollover rollover-zoom dt-pswp-item\" title=\"IMG_20230704_105711\" data-dt-img-description=\"\" data-large_image_width=\"1100\" data-large_image_height=\"1467\"href='https:\/\/www.radiopiu.net\/wordpress\/wp-content\/uploads\/2023\/07\/IMG_20230704_105711.jpg'><img loading=\"lazy\" decoding=\"async\" width=\"150\" height=\"150\" src=\"https:\/\/www.radiopiu.net\/wordpress\/wp-content\/uploads\/2023\/07\/IMG_20230704_105711-150x150.jpg\" class=\"attachment-thumbnail size-thumbnail\" alt=\"\" \/><\/a>\n\t\t\t\t<\/dt><\/dl><dl class='gallery-item'>\n\t\t\t\t<dt class='gallery-icon portrait'>\n\t\t\t\t\t<a class=\"rollover rollover-zoom dt-pswp-item\" title=\"IMG_20230704_105819\" data-dt-img-description=\"\" data-large_image_width=\"1100\" data-large_image_height=\"1467\"href='https:\/\/www.radiopiu.net\/wordpress\/wp-content\/uploads\/2023\/07\/IMG_20230704_105819.jpg'><img loading=\"lazy\" decoding=\"async\" width=\"150\" height=\"150\" src=\"https:\/\/www.radiopiu.net\/wordpress\/wp-content\/uploads\/2023\/07\/IMG_20230704_105819-150x150.jpg\" class=\"attachment-thumbnail size-thumbnail\" alt=\"\" \/><\/a>\n\t\t\t\t<\/dt><\/dl><dl class='gallery-item'>\n\t\t\t\t<dt class='gallery-icon portrait'>\n\t\t\t\t\t<a class=\"rollover rollover-zoom dt-pswp-item\" title=\"IMG_20230704_105847\" data-dt-img-description=\"\" data-large_image_width=\"1100\" data-large_image_height=\"1467\"href='https:\/\/www.radiopiu.net\/wordpress\/wp-content\/uploads\/2023\/07\/IMG_20230704_105847.jpg'><img loading=\"lazy\" decoding=\"async\" width=\"150\" height=\"150\" src=\"https:\/\/www.radiopiu.net\/wordpress\/wp-content\/uploads\/2023\/07\/IMG_20230704_105847-150x150.jpg\" class=\"attachment-thumbnail size-thumbnail\" alt=\"\" \/><\/a>\n\t\t\t\t<\/dt><\/dl><dl class='gallery-item'>\n\t\t\t\t<dt class='gallery-icon portrait'>\n\t\t\t\t\t<a class=\"rollover rollover-zoom dt-pswp-item\" title=\"IMG_20230704_115010\" data-dt-img-description=\"\" data-large_image_width=\"1100\" data-large_image_height=\"1467\"href='https:\/\/www.radiopiu.net\/wordpress\/wp-content\/uploads\/2023\/07\/IMG_20230704_115010.jpg'><img loading=\"lazy\" decoding=\"async\" width=\"150\" height=\"150\" src=\"https:\/\/www.radiopiu.net\/wordpress\/wp-content\/uploads\/2023\/07\/IMG_20230704_115010-150x150.jpg\" class=\"attachment-thumbnail size-thumbnail\" alt=\"\" \/><\/a>\n\t\t\t\t<\/dt><\/dl><br style=\"clear: both\" \/>\n\t\t\t<\/div>\n\n<p>&nbsp;<\/p>\n<p>&nbsp;<\/p>\n<hr \/>\n<p>&nbsp;<\/p>\n<blockquote>\n<h3>PRESENTATA UN&#8217;INTERROGAZIONE PARLAMENTARE PER IL CASO SAFILO<\/h3>\n<\/blockquote>\n<p><strong><a class=\"dt-pswp-item\" href=\"https:\/\/www.radiopiu.net\/wordpress\/wp-content\/uploads\/2023\/01\/SAFILO.png\" data-dt-img-description=\"\" data-large_image_width=\"766\" data-large_image_height=\"492\"><img loading=\"lazy\" decoding=\"async\" class=\" wp-image-318963 alignleft\" src=\"https:\/\/www.radiopiu.net\/wordpress\/wp-content\/uploads\/2023\/01\/SAFILO-300x193.png\" alt=\"\" width=\"134\" height=\"86\" srcset=\"https:\/\/www.radiopiu.net\/wordpress\/wp-content\/uploads\/2023\/01\/SAFILO-300x193.png 300w, https:\/\/www.radiopiu.net\/wordpress\/wp-content\/uploads\/2023\/01\/SAFILO.png 766w\" sizes=\"auto, (max-width: 134px) 100vw, 134px\" \/><\/a>ROMA <\/strong>Il caso Safilo approda sul tavolo del Governo. Il senatore e segretario regionale del Partito democratico del Veneto, Andrea Martella, ha infatti presentato un\u2019interrogazione al ministro delle Imprese e del Made in Italy sollecitando l\u2019attivazione di un tavolo nazionale sul futuro dello stabilimento di Longarone e dei suoi dipendenti. A nostro avviso sono necessarie \u00abmaggiori garanzie sul piano industriale\u00bb, scrive Martella, \u00abcome richiesto dalle organizzazioni sindacali, con l\u2019obiettivo di rilanciare la produttivit\u00e0 dell\u2019impianto in questione e tutelare tutta la platea dei lavoratori interessati\u00bb.<\/p>\n<p>&nbsp;<\/p>\n<p>&nbsp;<\/p>\n<hr \/>\n<p>&nbsp;<\/p>\n<blockquote>\n<h3>LA CGIL DI BELLUNO ESPRIME PROCCUPAZIONE SULLA RECESSIONE DALLA RETE RE.A.DY DEL COMUNE DI FELTRE<\/h3>\n<\/blockquote>\n<p><strong><a class=\"dt-pswp-item\" href=\"https:\/\/www.radiopiu.net\/wordpress\/wp-content\/uploads\/2020\/12\/CGIL.jpg\" data-dt-img-description=\"\" data-large_image_width=\"512\" data-large_image_height=\"285\"><img loading=\"lazy\" decoding=\"async\" class=\" wp-image-180372 alignleft\" src=\"https:\/\/www.radiopiu.net\/wordpress\/wp-content\/uploads\/2020\/12\/CGIL-300x167.jpg\" alt=\"\" width=\"149\" height=\"83\" srcset=\"https:\/\/www.radiopiu.net\/wordpress\/wp-content\/uploads\/2020\/12\/CGIL-300x167.jpg 300w, https:\/\/www.radiopiu.net\/wordpress\/wp-content\/uploads\/2020\/12\/CGIL.jpg 512w\" sizes=\"auto, (max-width: 149px) 100vw, 149px\" \/><\/a>BELLUNO<\/strong> La decisione del Comune di Feltre di recedere dalla rete Re.A.Dy (Rete nazionali delle pubbliche amministrazioni anti discriminazioni per orientamento sessuale e identit\u00e0 di genere), adottata con una delibera di Giunta del 3 luglio scorso, intervenuta, peraltro, nel pieno del dibattito sull\u2019adesione al Pride di Belluno di sabato prossimo, \u00e8 un atto gratuito, che priva il Comune dell\u2019adesione a uno spazio non ideologico di incontro e interscambio di esperienze e buone prassi, per favorire l\u2019inclusione sociale, che dava lustro all\u2019amministrazione comunale e alle politiche nel tempo dalla stessa adottate. Le decisioni assunte dal Comune di Feltre, invece, di recedere dalla rete Re.A.Dy e di non aderire al Pride di sabato, mostrano una visione arroccata su posizioni retrograde, di un passato che torna prepotentemente e preoccupantemente di attualit\u00e0, rispetto ai diritti civili, politiche assolutamente in linea con quelle dell\u2019attuale governo, ma che sviliscono una comunit\u00e0 aperta e moderna, dedita all\u2019inclusione e alla partecipazione, com\u2019\u00e8 da sempre quella feltrina. La Cgil di Belluno esprime, pertanto, preoccupazione in merito all\u2019evoluzione dei nuovi diritti dei cittadini per le decisioni assunte dall\u2019amministrazione comunale di Feltre.<\/p>\n<p>&nbsp;<\/p>\n<p>&nbsp;<\/p>\n<hr \/>\n<p>&nbsp;<\/p>\n<blockquote>\n<h3>RIFORMA DELLO SPORT, L&#8217;INCONTRO IN SALA BIANCHI<\/h3>\n<\/blockquote>\n<p><strong>BELLUNO <\/strong>Nuova riforma dello sport: luned\u00ec 17 luglio in Sala Bianchi il convegno per associazioni, lavoratori e volontari. Con un incontro aperto a tutti gli operatori del settore e con il coinvolgimento di un avvocato cassazionista esperto in di diritto e fiscalita\u0300 dello sport dilettantistico e del terzo settore, Bianca Maria Stivanello, il Coni regionale in collaborazione con la Scuola dello sport del Coni Veneto e con il Comune di Belluno puntano a fare chiarezza e a fornire i primi imput operativi di una legge che sta sollevando preoccupazione. Il convegno prender\u00e0 il via alle 18.30 con i saluti del presidente del Coni Veneto Dino Ponchio, del direttore della Scuola\u00a0 regionale dello sport Renato Del Torchio, del delegato Coni Belluno Simone Soccal e dell\u2019assessore allo sport del Comune, Monica Mazzoccoli. L\u2019avvocato Stivanello spiegher\u00e0 quindi gli aggiornamenti sulla Riforma e tutti gli aspetti operativi che societ\u00e0 e associazioni sono chiamate a rispettare. La nuova legge, infatti va nella direzione di assicurare maggiori tutele agli operatori del settore sport imponendo alle societ\u00e0 di inquadrare tutti i lavoratori compreso chi, per anni, ha svolto il servizio in forma volontaria.<\/p>\n<p><strong>MONICA MAZZOCCOLI, ASSESSORE ALLO SPORT DEL COMUNE DI BELLUNO<\/strong><\/p>\n<div style=\"width: 848px;\" class=\"wp-video\"><video class=\"wp-video-shortcode\" id=\"video-343695-1\" width=\"848\" height=\"480\" preload=\"metadata\" controls=\"controls\"><source type=\"video\/mp4\" src=\"https:\/\/www.radiopiu.net\/wordpress\/wp-content\/uploads\/2023\/07\/Assessore-Mazzoccoli_convegno-Coni.mp4?_=1\" \/><a href=\"https:\/\/www.radiopiu.net\/wordpress\/wp-content\/uploads\/2023\/07\/Assessore-Mazzoccoli_convegno-Coni.mp4\">https:\/\/www.radiopiu.net\/wordpress\/wp-content\/uploads\/2023\/07\/Assessore-Mazzoccoli_convegno-Coni.mp4<\/a><\/video><\/div>\n<p>&nbsp;<\/p>\n<hr \/>\n<p>&nbsp;<\/p>\n<blockquote>\n<h3>TRATTA FERROVIARIA FELTRE &#8211; PRIMOLANO. I DUBBI DEL GRUPPO TRENO DELLE DOLOMITI<\/h3>\n<\/blockquote>\n<p class=\"page\" title=\"Page 1\"><strong><a class=\"dt-pswp-item\" href=\"https:\/\/www.radiopiu.net\/wordpress\/wp-content\/uploads\/2023\/07\/Logo-2.png\" data-dt-img-description=\"\" data-large_image_width=\"252\" data-large_image_height=\"241\"><img loading=\"lazy\" decoding=\"async\" class=\"size-full wp-image-343821 alignleft\" src=\"https:\/\/www.radiopiu.net\/wordpress\/wp-content\/uploads\/2023\/07\/Logo-2.png\" alt=\"\" width=\"252\" height=\"241\" \/><\/a>REDAZIONE<\/strong> Riceviamo e pubblichiamo una lettera arrivata in redazione dal gruppo Treno Delle Dolomiti che parla della tratta Feltre-Primolano.<\/p>\n<blockquote>\n<p class=\"page\" title=\"Page 1\"><em>Qualche tempo fa, quasi nell\u2019anonimato generale e\u0300 stato presentato lo studio di fabilita\u0300 della nuova ferrovia Feltre Primolano ai sindaci dell\u2019Unione Montana Feltrina. Prima di lasciarci andare all\u2019entusiasmo, vediamo le proposte sul tavolo: scartate le due (improponibili) tratte relative al passaggio per Fonzaso e Grigno o per Lamon e Borgo Val Sugana passando per il Primiero. Dunque si torna alla solita proposta, con galleria S.Vito parallela a quella stradale. Siamo molto critici come, qualcuno lo ricordera\u0300, lo siamo statI con il Comitato per Ferrovia Agordina: per raggiungere Primolano si deve passare per Arsie\u0300, senza inventarsi ridicole alternative, come del resto sembrava evidente a tutti. Serviva uno studio finanziato con 200mila euro dei fondi dei comuni confinanti per capirlo? Il tracciato non e\u0300 poi lo stesso presentato dalla Provincia di Belluno nel 1999? Una differenza in verita\u0300 c\u2019e\u0300: nel 1999 la Provincia diceva: \u201cvoglio fare la Feltre Primolano, passera\u0300 per di qui\u201d. Lo studio di oggi dice: \u201cse qualcuno avesse mai intenzione di costruire la Feltre Primolano, e\u0300 consigliabile passare per di qui\u201d. Tradotto: nel 1999 c\u2019era volonta\u0300, oggi c\u2019e\u0300 solo l\u2019idea. Pero\u0300, intanto, e\u0300 passato un quarto di secolo. Quindi: lo studio presentato dalla Provincia Autonoma di Trento, che sembrava fosse un tassello fondamentale per l\u2019effettiva costruzione della nuova tratta, in verita\u0300 e\u0300 un deciso passo indietro: se Qualcuno avesse voglia di spendere soldi, ecco da che parte passare. Ma chi e\u0300 questo Qualcuno? La Provincia Autonoma di Trento, finche\u0301 nutriva la speranza che la tratta passasse per il Primiero, poteva (e anzi doveva) mantenere salda la regia del progetto. Ma ora il tracciato proposto ricade interamente nella giurisdizione della regione Veneto, tra le province di Vicenza e Belluno: dunque i cugini trentini avrebbero tutto il diritto di dimenticarsene. A Venezia se ne accorgeranno? Forse no: basta vedere lo stato pietoso in cui versa la ferrovia Bassano Primolano, attualmente chiusa per lavori di manutenzione. Anche se fosse aperta, il 40% delle corse verrebbe espletato da autobus sostitutivi, come accaduto prima della chiusura. Le rotaie consumano i bordini delle ruote in maniera anomala, ma su questo fatto non ci sono chiarimenti sul perche\u0301 da parte della Regione. Basta vedere l\u2019altrettanto sgangherato servizio offerto da Sistemi Territoriali, controllata al 100% da Regione Veneto, sulle ferrovie della bassa veneta Venezia \u2013 Adria, Chioggia &#8211; Rovigo, Verona \u2013 Rovigo. Nonostante i proclami dei suoi esponenti maggiori, e\u0300 evidente che a Venezia non c\u2019e\u0300 mai stato l\u2019interesse della mobilita\u0300 ferroviaria: basta vedere il naufragio totale in cui incappo\u0300 l\u2019SFMR (Sistema Ferroviario Metropolitano Regionale) in tempi non troppo remoto, il cui unico lascito fu la dismissione totale della Linea dei Bivi di Venezia. Sara\u0300 un caso che il tassello mancante (nemmeno progettato) dell\u2019AV Milano \u2013 Venezia, nella traa da Vicenza a Padova, ricada interamente in territorio veneto? E il treno delle Dolomiti presentato nel 2017, cui fece seguito la travagliata decisione di costruirlo in Val Boite? E il collegamento ferroviario da Mestre con l\u2019aeroporto di Tessera? E\u0300 inevitabile: il futuro del Veneto corre su ruote gommate, alla faccia degli slogan green e della transizione ecologica.\u00a0<\/em><\/p>\n<p title=\"Page 1\">\n<\/blockquote>\n<hr \/>\n<blockquote>\n<h3 title=\"Page 1\">INCONTRO IN SALA DON TAMIS CON IL PARCO NAZIONALE DELLE DOLOMITI BELLUNESI.<br \/>\nIL LUPO.<br \/>\nDIRETTA DIFFERITA<\/h3>\n<p>https:\/\/www.facebook.com\/marco.baghy.1\/videos\/6622085261188473<\/p>\n<p title=\"Page 1\">\n<\/blockquote>\n<hr \/>\n<blockquote>\n<h3><\/h3>\n<h3>L&#8217;ASSOCIAZIONE NAZIONALE FORESTALI HA CELEBRATO IL SANTO PATRONO<\/h3>\n<\/blockquote>\n<p><strong><a class=\"dt-pswp-item\" href=\"https:\/\/www.radiopiu.net\/wordpress\/wp-content\/uploads\/2023\/07\/ff778c18-42d3-4faf-a1e5-2b0ef2323d23.jpg\" data-dt-img-description=\"\" data-large_image_width=\"1024\" data-large_image_height=\"768\"><img loading=\"lazy\" decoding=\"async\" class=\" wp-image-343776 alignleft\" src=\"https:\/\/www.radiopiu.net\/wordpress\/wp-content\/uploads\/2023\/07\/ff778c18-42d3-4faf-a1e5-2b0ef2323d23-300x225.jpg\" alt=\"\" width=\"144\" height=\"108\" srcset=\"https:\/\/www.radiopiu.net\/wordpress\/wp-content\/uploads\/2023\/07\/ff778c18-42d3-4faf-a1e5-2b0ef2323d23-300x225.jpg 300w, https:\/\/www.radiopiu.net\/wordpress\/wp-content\/uploads\/2023\/07\/ff778c18-42d3-4faf-a1e5-2b0ef2323d23-768x576.jpg 768w, https:\/\/www.radiopiu.net\/wordpress\/wp-content\/uploads\/2023\/07\/ff778c18-42d3-4faf-a1e5-2b0ef2323d23.jpg 1024w\" sizes=\"auto, (max-width: 144px) 100vw, 144px\" \/><\/a>BELLUNO<\/strong> Giornata di festa per l&#8217;Associazione Nazionale Forestali che in Nevegal ha celebrato il suo santo patrono, San Giovanni Gualberto.<\/p>\n<p><strong>di Daniele Dalvit<\/strong><\/p>\n<audio class=\"wp-audio-shortcode\" id=\"audio-343695-3\" preload=\"none\" style=\"width: 100%;\" controls=\"controls\"><source type=\"audio\/mpeg\" src=\"https:\/\/www.radiopiu.net\/wordpress\/wp-content\/uploads\/2023\/07\/Radio-Piu-Servizio-Festa-forestali-Nevegal.mp3?_=3\" \/><a href=\"https:\/\/www.radiopiu.net\/wordpress\/wp-content\/uploads\/2023\/07\/Radio-Piu-Servizio-Festa-forestali-Nevegal.mp3\">https:\/\/www.radiopiu.net\/wordpress\/wp-content\/uploads\/2023\/07\/Radio-Piu-Servizio-Festa-forestali-Nevegal.mp3<\/a><\/audio>\n<p>&nbsp;<\/p>\n<hr \/>\n<p>&nbsp;<\/p>\n<blockquote>\n<h3>APPROVATO IL PROGETTO DI FATTIBILITA&#8217; PER L&#8217;ANTISISMICA DELL&#8217;OSPEDALE DI FELTRE<\/h3>\n<\/blockquote>\n<p><a class=\"dt-pswp-item\" href=\"https:\/\/www.radiopiu.net\/wordpress\/wp-content\/uploads\/2018\/01\/Feltre-Ulss-2-Santa-Maria-del-Prato-Foto-ANSA-Imc.jpg\" data-dt-img-description=\"Una veduta esterna dell'ospedale di Feltre dove sono stati ricoverati alcuni feriti dell'incidente che ha coinvolto un pullman ribaltatosi in zona Carpen, vicino Feltre, 29 maggio 2014. ANSA\/ ANDREA SOLERO\" data-large_image_width=\"1000\" data-large_image_height=\"666\"><img loading=\"lazy\" decoding=\"async\" class=\"wp-image-42393 alignleft\" src=\"https:\/\/www.radiopiu.net\/wordpress\/wp-content\/uploads\/2018\/01\/Feltre-Ulss-2-Santa-Maria-del-Prato-Foto-ANSA-Imc-300x200.jpg\" alt=\"\" width=\"143\" height=\"95\" srcset=\"https:\/\/www.radiopiu.net\/wordpress\/wp-content\/uploads\/2018\/01\/Feltre-Ulss-2-Santa-Maria-del-Prato-Foto-ANSA-Imc-300x200.jpg 300w, https:\/\/www.radiopiu.net\/wordpress\/wp-content\/uploads\/2018\/01\/Feltre-Ulss-2-Santa-Maria-del-Prato-Foto-ANSA-Imc-768x511.jpg 768w, https:\/\/www.radiopiu.net\/wordpress\/wp-content\/uploads\/2018\/01\/Feltre-Ulss-2-Santa-Maria-del-Prato-Foto-ANSA-Imc.jpg 1000w\" sizes=\"auto, (max-width: 143px) 100vw, 143px\" \/><\/a><strong>FELTRE <\/strong>Procede spedito l\u2019iter per la realizzazione dei lavori di miglioramento sismico ed efficientamento energetico del Padiglione Dalla Palma dell\u2019Ospedale di Feltre, intervento che prevede un importo complessivo di 32 milioni di euro. E\u2019 stato, infatti, approvato il progetto di fattibilit\u00e0 tecnica ed economica. Il progetto prevede la realizzazione di interventi edilizi volti al miglioramento sismico dell\u2019edificio. Inoltre, saranno attuate opere per la riqualificazione energetica, procedendo in particolare con la sostituzione dei serramenti e la realizzazione del cappotto esterno.<\/p>\n<p>&nbsp;<\/p>\n<hr \/>\n<p>&nbsp;<\/p>\n<p>&nbsp;<\/p>\n<blockquote>\n<h3 class=\"_title post-title entry-title\">BELLUNO | \u00abLE DISCRIMINAZIONI ESISTONO, MA C\u2019E\u2019 SPAZIO PER UN TERRITORIO MIGLIORE<\/h3>\n<\/blockquote>\n<p>ieri sera dal tg di Antenna 3 Nord-Est di Tiziana Bolognani. Ogni era alle 19.05 alla radio le anticipazione del TG BELLUNESE delle 19.30 sul canale 10 del digitale terrestre.<br \/>\nIntervistati CHIARA SACCHET (COMITATO C.I.A.O. BELLUNO), MORENA FANT (COMITATO C.I.A.O. BELLUNO)<\/p>\n<p>&nbsp;<\/p>\n<p><iframe loading=\"lazy\" title=\"\u00abLE DISCRIMINAZIONI ESISTONO, MA C&#039;E&#039; SPAZIO PER UN TERRITORIO MIGLIORE\u00bb | 12\/07\/2023\" width=\"1200\" height=\"675\" src=\"https:\/\/www.youtube.com\/embed\/RUTFA9oXdd4?start=1&#038;feature=oembed\" frameborder=\"0\" allow=\"accelerometer; autoplay; clipboard-write; encrypted-media; gyroscope; picture-in-picture; web-share\" allowfullscreen><\/iframe><\/p>\n<p>&nbsp;<\/p>\n<hr \/>\n<p>&nbsp;<\/p>\n<blockquote>\n<h3 class=\"entry-title\">I LUOGHI D\u2019INTERESSE SUI NUOVI PANNELLI, PROGETTO PROMOSSO DELL\u2019AMMINISTRAZIONE COMUNALE<\/h3>\n<\/blockquote>\n<p><strong class=\"photoswipe-wrapper\"><a class=\"dt-pswp-item pspw-wrap-ready\" href=\"https:\/\/www.radiopiu.net\/wordpress\/wp-content\/uploads\/2023\/07\/d6bbd6db-2eb0-4094-b9fa-72b17ba74de2.jpg\" data-dt-img-description=\"\" data-large_image_width=\"1200\" data-large_image_height=\"1600\"><img loading=\"lazy\" decoding=\"async\" class=\"size-medium wp-image-343735 alignleft\" src=\"https:\/\/www.radiopiu.net\/wordpress\/wp-content\/uploads\/2023\/07\/d6bbd6db-2eb0-4094-b9fa-72b17ba74de2-225x300.jpg\" sizes=\"auto, (max-width: 225px) 100vw, 225px\" srcset=\"https:\/\/www.radiopiu.net\/wordpress\/wp-content\/uploads\/2023\/07\/d6bbd6db-2eb0-4094-b9fa-72b17ba74de2-225x300.jpg 225w, https:\/\/www.radiopiu.net\/wordpress\/wp-content\/uploads\/2023\/07\/d6bbd6db-2eb0-4094-b9fa-72b17ba74de2-768x1024.jpg 768w, https:\/\/www.radiopiu.net\/wordpress\/wp-content\/uploads\/2023\/07\/d6bbd6db-2eb0-4094-b9fa-72b17ba74de2-1152x1536.jpg 1152w, https:\/\/www.radiopiu.net\/wordpress\/wp-content\/uploads\/2023\/07\/d6bbd6db-2eb0-4094-b9fa-72b17ba74de2.jpg 1200w\" alt=\"\" width=\"225\" height=\"300\" \/><\/a>AGORDO<\/strong>\u00a0In questi giorni ad Agordo sono stati istallati 10 supporti per cartellonistica turistica nei luoghi di interesse principali del paese. Si tratta di un progetto promosso dall\u2019Amministrazione comunale di Agordo costituito da strutture metalliche disegnate dallo studio ArchMaDe di Massimiliano dell\u2019Olivo, su cui sono stati applicati pannelli in materiale composito in alluminio che contengono le informazioni del sito in esame. Il risultato \u00e8 un percorso turistico in grado di dare testimonianza della complessa variet\u00e0 culturale e della valenza storica della cittadina, a supporto di visitatori e valligiani che potranno cos\u00ec conoscere la storia dei luoghi pi\u00f9 importanti di Agordo. I punti di interesse sono i seguenti: Broi e piazza Libert\u00e0, Contrada dei Signori, Palazzo municipale, Chiesa arcidiaconale di santa Maria Nascente, Palazzo Crotta-de\u2019Manzoni, Rustico della Torresella, Oratorio di san Vincenzo di Prompicai, sede storica dell\u2019Istituto Minerario, Arca di san Giovanni Nepomuceno e il Museo di Geologia, Paleontologia e Mineralogia delle Dolomiti Agordine. I pannelli elaborati graficamente da 100magenta di Iliana Comina contengono il testo in lingua italiana ed inglese corredati da immagini fotografiche riprese da cartoline storiche. Le informazioni contenute sono state curate da Chiara Fontanive e Davide Conedera. La cartellonistica contiene infine un QR code che rimanda al sito istituzionale del Comune che potr\u00e0 essere ulteriormente integrato da nuovi contenuti.<\/p>\n<p>&nbsp;<\/p>\n<p>&nbsp;<\/p>\n<hr \/>\n<p>&nbsp;<\/p>\n<blockquote>\n<h3>MARTEDI CONSIGLIO DELL&#8217;UNIONE MONTANA AGORDINA<\/h3>\n<\/blockquote>\n<p><strong>AGORDO<\/strong> Il Presidente dell&#8217;Unione Montana Agordina Paolo Frena ha convocato per marted\u00ec alle 20 il consiglio per trattare 4 punti all&#8217;ordine del giorno. Tra questi si parler\u00e0 del regolamento dei controlli interni e l&#8217;affidamento della gestione dei rifiuti da parte del consiglio del bacino a Valpe Ambiente.<\/p>\n<p>&nbsp;<\/p>\n<p>&nbsp;<\/p>\n<hr \/>\n<p>&nbsp;<\/p>\n<h2><span style=\"color: #ff6600;\">IERI ALLA RADIO<\/span><\/h2>\n<h2><span style=\"color: #008000;\">CISL E FEMCA CISL LA VOCE PER I LAVORATORI<\/span><\/h2>\n<p><strong><a class=\"dt-pswp-item\" href=\"https:\/\/www.radiopiu.net\/wordpress\/wp-content\/uploads\/2022\/11\/Senza-nome-128.jpg\" data-dt-img-description=\"\" data-large_image_width=\"193\" data-large_image_height=\"314\"><img loading=\"lazy\" decoding=\"async\" class=\"wp-image-310404 alignleft\" src=\"https:\/\/www.radiopiu.net\/wordpress\/wp-content\/uploads\/2022\/11\/Senza-nome-128-184x300.jpg\" alt=\"\" width=\"71\" height=\"116\" srcset=\"https:\/\/www.radiopiu.net\/wordpress\/wp-content\/uploads\/2022\/11\/Senza-nome-128-184x300.jpg 184w, https:\/\/www.radiopiu.net\/wordpress\/wp-content\/uploads\/2022\/11\/Senza-nome-128.jpg 193w\" sizes=\"auto, (max-width: 71px) 100vw, 71px\" \/><\/a><\/strong><strong>PUNTATA 28, ALESSIO PICCOLI<\/strong><\/p>\n<p>&nbsp;<\/p>\n<audio class=\"wp-audio-shortcode\" id=\"audio-343695-4\" preload=\"none\" style=\"width: 100%;\" controls=\"controls\"><source type=\"audio\/mpeg\" src=\"https:\/\/www.radiopiu.net\/wordpress\/wp-content\/uploads\/2023\/07\/FEMCA-CISL-1.mp3?_=4\" \/><a href=\"https:\/\/www.radiopiu.net\/wordpress\/wp-content\/uploads\/2023\/07\/FEMCA-CISL-1.mp3\">https:\/\/www.radiopiu.net\/wordpress\/wp-content\/uploads\/2023\/07\/FEMCA-CISL-1.mp3<\/a><\/audio>\n<p><strong>LA RACCOLTA COMPLETA<\/strong><\/p>\n<blockquote class=\"wp-embedded-content\" data-secret=\"KMNQusVRlS\"><p><a href=\"https:\/\/www.radiopiu.net\/wordpress\/cisl-e-femca-cisl-la-vocef\/\">CISL E FEMCA CISL  LA VOCE PER I LAVORATORI<\/a><\/p><\/blockquote>\n<p><iframe loading=\"lazy\" class=\"wp-embedded-content\" sandbox=\"allow-scripts\" security=\"restricted\" style=\"position: absolute; clip: rect(1px, 1px, 1px, 1px);\" title=\"&#8220;CISL E FEMCA CISL  LA VOCE PER I LAVORATORI&#8221; &#8212; Radio Pi\u00f9\" src=\"https:\/\/www.radiopiu.net\/wordpress\/cisl-e-femca-cisl-la-vocef\/embed\/#?secret=BGnxICRmKP#?secret=KMNQusVRlS\" data-secret=\"KMNQusVRlS\" width=\"600\" height=\"338\" frameborder=\"0\" marginwidth=\"0\" marginheight=\"0\" scrolling=\"no\"><\/iframe><\/p>\n<p>&nbsp;<\/p>\n<h2><strong><a class=\"dt-pswp-item\" href=\"https:\/\/www.radiopiu.net\/wordpress\/wp-content\/uploads\/2020\/05\/DOLOMITI-BEER.png\" data-dt-img-description=\"\" data-large_image_width=\"812\" data-large_image_height=\"450\"><img loading=\"lazy\" decoding=\"async\" class=\" wp-image-139660 alignleft\" src=\"https:\/\/www.radiopiu.net\/wordpress\/wp-content\/uploads\/2020\/05\/DOLOMITI-BEER-300x166.png\" alt=\"\" width=\"173\" height=\"96\" srcset=\"https:\/\/www.radiopiu.net\/wordpress\/wp-content\/uploads\/2020\/05\/DOLOMITI-BEER-300x166.png 300w, https:\/\/www.radiopiu.net\/wordpress\/wp-content\/uploads\/2020\/05\/DOLOMITI-BEER-768x426.png 768w, https:\/\/www.radiopiu.net\/wordpress\/wp-content\/uploads\/2020\/05\/DOLOMITI-BEER.png 812w\" sizes=\"auto, (max-width: 173px) 100vw, 173px\" \/><\/a><\/strong><span style=\"color: #ff9900;\">GIANLUCA ROSSI DI DOLOMITI BEER &amp; WINE SHOP DA NAPI<\/span><\/h2>\n<audio class=\"wp-audio-shortcode\" id=\"audio-343695-5\" preload=\"none\" style=\"width: 100%;\" controls=\"controls\"><source type=\"audio\/mpeg\" src=\"https:\/\/www.radiopiu.net\/wordpress\/wp-content\/uploads\/2023\/07\/GIANLUCA-UNO-LUGLIO-23-1.mp3?_=5\" \/><a href=\"https:\/\/www.radiopiu.net\/wordpress\/wp-content\/uploads\/2023\/07\/GIANLUCA-UNO-LUGLIO-23-1.mp3\">https:\/\/www.radiopiu.net\/wordpress\/wp-content\/uploads\/2023\/07\/GIANLUCA-UNO-LUGLIO-23-1.mp3<\/a><\/audio>\n<p>&nbsp;<\/p>\n<blockquote class=\"wp-embedded-content\" data-secret=\"NzClTXFkuX\"><p><a href=\"https:\/\/www.radiopiu.net\/wordpress\/rimasti-piu-avanti-p7\/\">&#8220;RIMASTI PIU&#8217; AVANTI&#8221;, ALLA SCOPERTA DELLA MUSICA BELLUNESE CON MARCO V. DAL FARRA<\/a><\/p><\/blockquote>\n<p><iframe loading=\"lazy\" class=\"wp-embedded-content\" sandbox=\"allow-scripts\" security=\"restricted\" style=\"position: absolute; clip: rect(1px, 1px, 1px, 1px);\" title=\"&#8220;&#8220;RIMASTI PIU&#8217; AVANTI&#8221;, ALLA SCOPERTA DELLA MUSICA BELLUNESE CON MARCO V. DAL FARRA&#8221; &#8212; Radio Pi\u00f9\" src=\"https:\/\/www.radiopiu.net\/wordpress\/rimasti-piu-avanti-p7\/embed\/#?secret=MZ0UnKQokK#?secret=NzClTXFkuX\" data-secret=\"NzClTXFkuX\" width=\"600\" height=\"338\" frameborder=\"0\" marginwidth=\"0\" marginheight=\"0\" scrolling=\"no\"><\/iframe><\/p>\n<p>&nbsp;<\/p>\n<hr \/>\n<p>&nbsp;<\/p>\n<p>&nbsp;<\/p>\n<blockquote>\n<h3>LA REFA &#8211; IL PROGRAMMA ALLA RADIO. ESCURSIONI IN MONTAGNA ED ALTRO CON LUCA GANZ<\/h3>\n<\/blockquote>\n<p>&nbsp;<\/p>\n<p><span style=\"color: #ff0000;\"><strong><a class=\"dt-pswp-item\" href=\"https:\/\/www.radiopiu.net\/wordpress\/wp-content\/uploads\/2023\/07\/5c1a31bf-bb1f-4210-93d3-576ca75bc497.jpg\" data-dt-img-description=\"\" data-large_image_width=\"1600\" data-large_image_height=\"900\"><img loading=\"lazy\" decoding=\"async\" class=\" wp-image-343804 alignleft\" src=\"https:\/\/www.radiopiu.net\/wordpress\/wp-content\/uploads\/2023\/07\/5c1a31bf-bb1f-4210-93d3-576ca75bc497-300x169.jpg\" alt=\"\" width=\"277\" height=\"156\" srcset=\"https:\/\/www.radiopiu.net\/wordpress\/wp-content\/uploads\/2023\/07\/5c1a31bf-bb1f-4210-93d3-576ca75bc497-300x169.jpg 300w, https:\/\/www.radiopiu.net\/wordpress\/wp-content\/uploads\/2023\/07\/5c1a31bf-bb1f-4210-93d3-576ca75bc497-1024x576.jpg 1024w, https:\/\/www.radiopiu.net\/wordpress\/wp-content\/uploads\/2023\/07\/5c1a31bf-bb1f-4210-93d3-576ca75bc497-768x432.jpg 768w, https:\/\/www.radiopiu.net\/wordpress\/wp-content\/uploads\/2023\/07\/5c1a31bf-bb1f-4210-93d3-576ca75bc497-1536x864.jpg 1536w, https:\/\/www.radiopiu.net\/wordpress\/wp-content\/uploads\/2023\/07\/5c1a31bf-bb1f-4210-93d3-576ca75bc497.jpg 1600w\" sizes=\"auto, (max-width: 277px) 100vw, 277px\" \/><\/a>PUNTATA 04 12\u00a0 LUGLIO<\/strong><\/span><\/p>\n<audio class=\"wp-audio-shortcode\" id=\"audio-343695-6\" preload=\"none\" style=\"width: 100%;\" controls=\"controls\"><source type=\"audio\/mpeg\" src=\"https:\/\/www.radiopiu.net\/wordpress\/wp-content\/uploads\/2023\/07\/LA-REFA-QUARTA-PUNTATA.mp3?_=6\" \/><a href=\"https:\/\/www.radiopiu.net\/wordpress\/wp-content\/uploads\/2023\/07\/LA-REFA-QUARTA-PUNTATA.mp3\">https:\/\/www.radiopiu.net\/wordpress\/wp-content\/uploads\/2023\/07\/LA-REFA-QUARTA-PUNTATA.mp3<\/a><\/audio>\n<p>&nbsp;<\/p>\n<p><strong>LA RACCOLTA COMPLETA<\/strong><\/p>\n<blockquote class=\"wp-embedded-content\" data-secret=\"lJjvQEJTxo\"><p><a href=\"https:\/\/www.radiopiu.net\/wordpress\/punt-ta-ta-03\/\">LA REFA &#8211; IL PROGRAMMA ALLA RADIO. ESCURSIONI IN MONTAGNA ED ALTRO CON LUCA GANZ<\/a><\/p><\/blockquote>\n<p><iframe loading=\"lazy\" class=\"wp-embedded-content\" sandbox=\"allow-scripts\" security=\"restricted\" style=\"position: absolute; clip: rect(1px, 1px, 1px, 1px);\" title=\"&#8220;LA REFA &#8211; IL PROGRAMMA ALLA RADIO. ESCURSIONI IN MONTAGNA ED ALTRO CON LUCA GANZ&#8221; &#8212; Radio Pi\u00f9\" src=\"https:\/\/www.radiopiu.net\/wordpress\/punt-ta-ta-03\/embed\/#?secret=5MYj9eyPCl#?secret=lJjvQEJTxo\" data-secret=\"lJjvQEJTxo\" width=\"600\" height=\"338\" frameborder=\"0\" marginwidth=\"0\" marginheight=\"0\" scrolling=\"no\"><\/iframe><\/p>\n<p>&nbsp;<\/p>\n<hr \/>\n<p>&nbsp;<\/p>\n<p>&nbsp;<\/p>\n<p><strong>DIARIO DI BORDO &#8211; DAY 12 \u00e8 13\u00a0 IL CIELO D&#8217;IRLANDA\u00a0<\/strong><\/p>\n<audio class=\"wp-audio-shortcode\" id=\"audio-343695-7\" preload=\"none\" style=\"width: 100%;\" controls=\"controls\"><source type=\"audio\/mpeg\" src=\"https:\/\/www.radiopiu.net\/wordpress\/wp-content\/uploads\/2023\/07\/claudia-12.mp3?_=7\" \/><a href=\"https:\/\/www.radiopiu.net\/wordpress\/wp-content\/uploads\/2023\/07\/claudia-12.mp3\">https:\/\/www.radiopiu.net\/wordpress\/wp-content\/uploads\/2023\/07\/claudia-12.mp3<\/a><\/audio>\n<p>&nbsp;<\/p>\n\n\t\t\t<style type='text\/css'>\n\t\t\t\t#gallery-3 {\n\t\t\t\t\tmargin: auto;\n\t\t\t\t}\n\t\t\t\t#gallery-3 .gallery-item {\n\t\t\t\t\tfloat: left;\n\t\t\t\t\tmargin-top: 10px;\n\t\t\t\t\ttext-align: center;\n\t\t\t\t\twidth: 16%;\n\t\t\t\t}\n\t\t\t\t#gallery-3 img {\n\t\t\t\t\tborder: 2px solid #cfcfcf;\n\t\t\t\t}\n\t\t\t\t#gallery-3 .gallery-caption {\n\t\t\t\t\tmargin-left: 0;\n\t\t\t\t}\n\t\t\t\t\/* see gallery_shortcode() in wp-includes\/media.php *\/\n\t\t\t<\/style>\n\t\t<div id='gallery-3' class='dt-gallery-container gallery galleryid-343695 gallery-columns-6 gallery-size-thumbnail'><dl class='gallery-item'>\n\t\t\t\t<dt class='gallery-icon portrait'>\n\t\t\t\t\t<a class=\"rollover rollover-zoom dt-pswp-item\" title=\"d7a1cd82-3480-41c1-8071-75e1d6ad8b73\" data-dt-img-description=\"\" data-large_image_width=\"1200\" data-large_image_height=\"1600\"href='https:\/\/www.radiopiu.net\/wordpress\/wp-content\/uploads\/2023\/07\/d7a1cd82-3480-41c1-8071-75e1d6ad8b73.jpg'><img loading=\"lazy\" decoding=\"async\" width=\"150\" height=\"150\" src=\"https:\/\/www.radiopiu.net\/wordpress\/wp-content\/uploads\/2023\/07\/d7a1cd82-3480-41c1-8071-75e1d6ad8b73-150x150.jpg\" class=\"attachment-thumbnail size-thumbnail\" alt=\"\" \/><\/a>\n\t\t\t\t<\/dt><\/dl><dl class='gallery-item'>\n\t\t\t\t<dt class='gallery-icon portrait'>\n\t\t\t\t\t<a class=\"rollover rollover-zoom dt-pswp-item\" title=\"c9e61f5c-8e52-4e95-b617-dc3ca11a4d11\" data-dt-img-description=\"\" data-large_image_width=\"1200\" data-large_image_height=\"1600\"href='https:\/\/www.radiopiu.net\/wordpress\/wp-content\/uploads\/2023\/07\/c9e61f5c-8e52-4e95-b617-dc3ca11a4d11.jpg'><img loading=\"lazy\" decoding=\"async\" width=\"150\" height=\"150\" src=\"https:\/\/www.radiopiu.net\/wordpress\/wp-content\/uploads\/2023\/07\/c9e61f5c-8e52-4e95-b617-dc3ca11a4d11-150x150.jpg\" class=\"attachment-thumbnail size-thumbnail\" alt=\"\" \/><\/a>\n\t\t\t\t<\/dt><\/dl><dl class='gallery-item'>\n\t\t\t\t<dt class='gallery-icon portrait'>\n\t\t\t\t\t<a class=\"rollover rollover-zoom dt-pswp-item\" title=\"bb277d39-2433-4487-818d-43b5218271b2\" data-dt-img-description=\"\" data-large_image_width=\"1200\" data-large_image_height=\"1600\"href='https:\/\/www.radiopiu.net\/wordpress\/wp-content\/uploads\/2023\/07\/bb277d39-2433-4487-818d-43b5218271b2.jpg'><img loading=\"lazy\" decoding=\"async\" width=\"150\" height=\"150\" src=\"https:\/\/www.radiopiu.net\/wordpress\/wp-content\/uploads\/2023\/07\/bb277d39-2433-4487-818d-43b5218271b2-150x150.jpg\" class=\"attachment-thumbnail size-thumbnail\" alt=\"\" \/><\/a>\n\t\t\t\t<\/dt><\/dl><dl class='gallery-item'>\n\t\t\t\t<dt class='gallery-icon portrait'>\n\t\t\t\t\t<a class=\"rollover rollover-zoom dt-pswp-item\" title=\"384933bb-423a-40ab-ac3c-2cae1e225d8c\" data-dt-img-description=\"\" data-large_image_width=\"576\" data-large_image_height=\"1024\"href='https:\/\/www.radiopiu.net\/wordpress\/wp-content\/uploads\/2023\/07\/384933bb-423a-40ab-ac3c-2cae1e225d8c.jpg'><img loading=\"lazy\" decoding=\"async\" width=\"150\" height=\"150\" src=\"https:\/\/www.radiopiu.net\/wordpress\/wp-content\/uploads\/2023\/07\/384933bb-423a-40ab-ac3c-2cae1e225d8c-150x150.jpg\" class=\"attachment-thumbnail size-thumbnail\" alt=\"\" \/><\/a>\n\t\t\t\t<\/dt><\/dl><dl class='gallery-item'>\n\t\t\t\t<dt class='gallery-icon landscape'>\n\t\t\t\t\t<a class=\"rollover rollover-zoom dt-pswp-item\" title=\"9f0edfa7-0a0c-4c1d-9b0e-b87c0737e15b\" data-dt-img-description=\"\" data-large_image_width=\"1600\" data-large_image_height=\"1200\"href='https:\/\/www.radiopiu.net\/wordpress\/wp-content\/uploads\/2023\/07\/9f0edfa7-0a0c-4c1d-9b0e-b87c0737e15b.jpg'><img loading=\"lazy\" decoding=\"async\" width=\"150\" height=\"150\" src=\"https:\/\/www.radiopiu.net\/wordpress\/wp-content\/uploads\/2023\/07\/9f0edfa7-0a0c-4c1d-9b0e-b87c0737e15b-150x150.jpg\" class=\"attachment-thumbnail size-thumbnail\" alt=\"\" \/><\/a>\n\t\t\t\t<\/dt><\/dl><dl class='gallery-item'>\n\t\t\t\t<dt class='gallery-icon portrait'>\n\t\t\t\t\t<a class=\"rollover rollover-zoom dt-pswp-item\" title=\"8ba98312-4d74-40d2-9c43-4d09559a2889\" data-dt-img-description=\"\" data-large_image_width=\"1200\" data-large_image_height=\"1600\"href='https:\/\/www.radiopiu.net\/wordpress\/wp-content\/uploads\/2023\/07\/8ba98312-4d74-40d2-9c43-4d09559a2889.jpg'><img loading=\"lazy\" decoding=\"async\" width=\"150\" height=\"150\" src=\"https:\/\/www.radiopiu.net\/wordpress\/wp-content\/uploads\/2023\/07\/8ba98312-4d74-40d2-9c43-4d09559a2889-150x150.jpg\" class=\"attachment-thumbnail size-thumbnail\" alt=\"\" \/><\/a>\n\t\t\t\t<\/dt><\/dl><br style=\"clear: both\" \/><dl class='gallery-item'>\n\t\t\t\t<dt class='gallery-icon portrait'>\n\t\t\t\t\t<a class=\"rollover rollover-zoom dt-pswp-item\" title=\"1a4041a9-759f-48c6-b542-748857816c45\" data-dt-img-description=\"\" data-large_image_width=\"576\" data-large_image_height=\"1024\"href='https:\/\/www.radiopiu.net\/wordpress\/wp-content\/uploads\/2023\/07\/1a4041a9-759f-48c6-b542-748857816c45.jpg'><img loading=\"lazy\" decoding=\"async\" width=\"150\" height=\"150\" src=\"https:\/\/www.radiopiu.net\/wordpress\/wp-content\/uploads\/2023\/07\/1a4041a9-759f-48c6-b542-748857816c45-150x150.jpg\" class=\"attachment-thumbnail size-thumbnail\" alt=\"\" \/><\/a>\n\t\t\t\t<\/dt><\/dl><dl class='gallery-item'>\n\t\t\t\t<dt class='gallery-icon portrait'>\n\t\t\t\t\t<a class=\"rollover rollover-zoom dt-pswp-item\" title=\"ee996997-45cf-4f2e-b981-aba09cdbe7e1\" data-dt-img-description=\"\" data-large_image_width=\"1536\" data-large_image_height=\"2048\"href='https:\/\/www.radiopiu.net\/wordpress\/wp-content\/uploads\/2023\/07\/ee996997-45cf-4f2e-b981-aba09cdbe7e1.jpg'><img loading=\"lazy\" decoding=\"async\" width=\"150\" height=\"150\" src=\"https:\/\/www.radiopiu.net\/wordpress\/wp-content\/uploads\/2023\/07\/ee996997-45cf-4f2e-b981-aba09cdbe7e1-150x150.jpg\" class=\"attachment-thumbnail size-thumbnail\" alt=\"\" \/><\/a>\n\t\t\t\t<\/dt><\/dl><dl class='gallery-item'>\n\t\t\t\t<dt class='gallery-icon portrait'>\n\t\t\t\t\t<a class=\"rollover rollover-zoom dt-pswp-item\" title=\"ec86e37b-8542-45c6-805d-23c7c5906be6\" data-dt-img-description=\"\" data-large_image_width=\"1200\" data-large_image_height=\"1600\"href='https:\/\/www.radiopiu.net\/wordpress\/wp-content\/uploads\/2023\/07\/ec86e37b-8542-45c6-805d-23c7c5906be6.jpg'><img loading=\"lazy\" decoding=\"async\" width=\"150\" height=\"150\" src=\"https:\/\/www.radiopiu.net\/wordpress\/wp-content\/uploads\/2023\/07\/ec86e37b-8542-45c6-805d-23c7c5906be6-150x150.jpg\" class=\"attachment-thumbnail size-thumbnail\" alt=\"\" \/><\/a>\n\t\t\t\t<\/dt><\/dl><dl class='gallery-item'>\n\t\t\t\t<dt class='gallery-icon portrait'>\n\t\t\t\t\t<a class=\"rollover rollover-zoom dt-pswp-item\" title=\"d536dacf-d18d-4999-bb75-942cbc368ae8\" data-dt-img-description=\"\" data-large_image_width=\"1200\" data-large_image_height=\"1600\"href='https:\/\/www.radiopiu.net\/wordpress\/wp-content\/uploads\/2023\/07\/d536dacf-d18d-4999-bb75-942cbc368ae8.jpg'><img loading=\"lazy\" decoding=\"async\" width=\"150\" height=\"150\" src=\"https:\/\/www.radiopiu.net\/wordpress\/wp-content\/uploads\/2023\/07\/d536dacf-d18d-4999-bb75-942cbc368ae8-150x150.jpg\" class=\"attachment-thumbnail size-thumbnail\" alt=\"\" \/><\/a>\n\t\t\t\t<\/dt><\/dl>\n\t\t\t\t<br style='clear: both' \/>\n\t\t\t<\/div>\n\n<p>&nbsp;<\/p>\n<p><strong>LA RACCOLTA COMPLETA<\/strong><\/p>\n<blockquote class=\"wp-embedded-content\" data-secret=\"aZlBNKOMyy\"><p><a href=\"https:\/\/www.radiopiu.net\/wordpress\/p101a\/\">IL VIAGGIO IN TERRA IRLANDESE con Claudia PAGINA IN AGGIORNAMENTO QUOTIDIANO<\/a><\/p><\/blockquote>\n<p><iframe loading=\"lazy\" class=\"wp-embedded-content\" sandbox=\"allow-scripts\" security=\"restricted\" style=\"position: absolute; clip: rect(1px, 1px, 1px, 1px);\" title=\"&#8220;IL VIAGGIO IN TERRA IRLANDESE con Claudia PAGINA IN AGGIORNAMENTO QUOTIDIANO&#8221; &#8212; Radio Pi\u00f9\" src=\"https:\/\/www.radiopiu.net\/wordpress\/p101a\/embed\/#?secret=Ye1xeDx0lf#?secret=aZlBNKOMyy\" data-secret=\"aZlBNKOMyy\" width=\"600\" height=\"338\" frameborder=\"0\" marginwidth=\"0\" marginheight=\"0\" scrolling=\"no\"><\/iframe><\/p>\n<p>&nbsp;<\/p>\n<hr \/>\n<p>&nbsp;<\/p>\n<blockquote>\n<h3>I GIOVEDI A COLLE SANTA LUCIA, CULTURA E TRADIZIONI<\/h3>\n<\/blockquote>\n<p><a class=\"dt-pswp-item\" href=\"https:\/\/www.radiopiu.net\/wordpress\/wp-content\/uploads\/2023\/07\/serata-Michil-13_07.png\" data-dt-img-description=\"\" data-large_image_width=\"1414\" data-large_image_height=\"2000\"><img loading=\"lazy\" decoding=\"async\" class=\" wp-image-343185 alignleft\" src=\"https:\/\/www.radiopiu.net\/wordpress\/wp-content\/uploads\/2023\/07\/serata-Michil-13_07-212x300.png\" alt=\"\" width=\"112\" height=\"158\" srcset=\"https:\/\/www.radiopiu.net\/wordpress\/wp-content\/uploads\/2023\/07\/serata-Michil-13_07-212x300.png 212w, https:\/\/www.radiopiu.net\/wordpress\/wp-content\/uploads\/2023\/07\/serata-Michil-13_07-724x1024.png 724w, https:\/\/www.radiopiu.net\/wordpress\/wp-content\/uploads\/2023\/07\/serata-Michil-13_07-768x1086.png 768w, https:\/\/www.radiopiu.net\/wordpress\/wp-content\/uploads\/2023\/07\/serata-Michil-13_07-1086x1536.png 1086w, https:\/\/www.radiopiu.net\/wordpress\/wp-content\/uploads\/2023\/07\/serata-Michil-13_07.png 1414w\" sizes=\"auto, (max-width: 112px) 100vw, 112px\" \/><\/a>COLLE SANTA LUCIA L&#8217;associazione turistica che ti offre un&#8217;esperienza unica, all&#8217;insegna della cultura, della storia e delle tradizioni, ogni gioved\u00ec appuntamenti straordinari.\u00a0 Preparati a viaggiare nel tempo e a rivivere epoche passate, con sfide e avventure che ti lasceranno senza fiato. Il primo appuntamento oggi alle 18:30, con un protagonista d&#8217;eccezione: Michil Costa, esperto conoscitore di queste terre e appassionato narratore, ti guider\u00e0 attraverso un viaggio affascinante alla scoperta della storia e dei segreti delle terre ladine.\u00a0 Non perdere l&#8217;occasione di vivere un&#8217;estate indimenticabile. L&#8217;associazione turistica Colle Santa Lucia ti aspetta ogni gioved\u00ec per farti innamorare della sua cultura, della sua storia e delle sue tradizioni.<\/p>\n<p>&nbsp;<\/p>\n<p>&nbsp;<\/p>\n<hr \/>\n<p>&nbsp;<\/p>\n<blockquote>\n<h3>CONCERTI IN ALTA QUOTA CON &#8220;MELODIE NEL BOSCO, SUSSURRI TRA LE DOLOMITI&#8221;<\/h3>\n<\/blockquote>\n<p><strong><a class=\"dt-pswp-item\" href=\"https:\/\/www.radiopiu.net\/wordpress\/wp-content\/uploads\/2018\/07\/Pota-l_Orso_Bosco-degli-Artisti.png\" data-dt-img-description=\"\" data-large_image_width=\"750\" data-large_image_height=\"534\"><img loading=\"lazy\" decoding=\"async\" class=\"size-medium wp-image-55065 alignleft\" src=\"https:\/\/www.radiopiu.net\/wordpress\/wp-content\/uploads\/2018\/07\/Pota-l_Orso_Bosco-degli-Artisti-300x214.png\" alt=\"\" width=\"300\" height=\"214\" srcset=\"https:\/\/www.radiopiu.net\/wordpress\/wp-content\/uploads\/2018\/07\/Pota-l_Orso_Bosco-degli-Artisti-300x214.png 300w, https:\/\/www.radiopiu.net\/wordpress\/wp-content\/uploads\/2018\/07\/Pota-l_Orso_Bosco-degli-Artisti.png 750w\" sizes=\"auto, (max-width: 300px) 100vw, 300px\" \/><\/a>FALCADE<\/strong>\u00a0 &#8220;Melodie nel Bosco, sussurri tra le Dolomiti&#8221;. Si chiama cos\u00ec il festival che porter\u00e0 quattro concerti a 2.000 metri di altitudine per far incontrare musica e natura al cospetto di vette come Mulaz e Focobon.\u00a0 A fare da teatro sar\u00e0 il Bosco degli Artisti di Falcade, galleria d\u2019arte a cielo aperto che sorge in localit\u00e0 Le Buse, nella Ski Area San Pellegrino. Il primo appuntamento \u00e8 per Sabato alle 10.30 con Mos\u00e8 Andrich, Piano solo, musica di Ennio Morricone. Stesso orario anche per le altre date in calendario. Sabato 29 luglio si esibir\u00e0 il Coro Val Biois con intermezzo di Nina &amp; Nena duo. Sabato 12 agosto spazio a Fourback con un tributo ai Beatles. Sabato 26 agosto toccher\u00e0 a Emanuele Bastanzetti, da Bach a Kreisler &#8211; sinfonie di violino.<\/p>\n<blockquote><p><em>Raggiungere il Bosco degli Artisti \u00e8 facile: partendo da Falcade, paesino \u201ccullato\u201d dalle imponenti pareti rocciose del Focobon, si giunge a quota 1890 m. con la cabinovia che da Molino porta a Le Buse. Proprio qui, a pochi metri dalla stazione a monte, sorge il Bosco degli Artisti, esposizione di opere a cielo aperto che valorizza l\u2019abilit\u00e0 creativa di diversi scultori e pittori della Val Biois ispirati dalla bellezza e dalle tradizioni del territorio. Un percorso ad anello di circa 1 km dove i visitatori sono invitati a scoprire, passo dopo passo, le diverse opere nascoste tra gli alberi. Nei giorni dei concerti la cabinovia sar\u00e0 chiusa dalle 10.30 alle 12.00 per non disturbare il concerto.\u00a0<\/em><\/p><\/blockquote>\n<p>&nbsp;<\/p>\n<hr \/>\n<p>&nbsp;<\/p>\n<blockquote>\n<h3><a class=\"dt-pswp-item\" href=\"https:\/\/www.radiopiu.net\/wordpress\/wp-content\/uploads\/2023\/07\/MDC_2023Tavola-da-disegno-1.jpg\" data-dt-img-description=\"\" data-large_image_width=\"1605\" data-large_image_height=\"1600\"><img loading=\"lazy\" decoding=\"async\" class=\"wp-image-343596 alignleft\" src=\"https:\/\/www.radiopiu.net\/wordpress\/wp-content\/uploads\/2023\/07\/MDC_2023Tavola-da-disegno-1-300x300.jpg\" alt=\"\" width=\"109\" height=\"109\" srcset=\"https:\/\/www.radiopiu.net\/wordpress\/wp-content\/uploads\/2023\/07\/MDC_2023Tavola-da-disegno-1-300x300.jpg 300w, https:\/\/www.radiopiu.net\/wordpress\/wp-content\/uploads\/2023\/07\/MDC_2023Tavola-da-disegno-1-1024x1021.jpg 1024w, https:\/\/www.radiopiu.net\/wordpress\/wp-content\/uploads\/2023\/07\/MDC_2023Tavola-da-disegno-1-150x150.jpg 150w, https:\/\/www.radiopiu.net\/wordpress\/wp-content\/uploads\/2023\/07\/MDC_2023Tavola-da-disegno-1-768x766.jpg 768w, https:\/\/www.radiopiu.net\/wordpress\/wp-content\/uploads\/2023\/07\/MDC_2023Tavola-da-disegno-1-1536x1531.jpg 1536w, https:\/\/www.radiopiu.net\/wordpress\/wp-content\/uploads\/2023\/07\/MDC_2023Tavola-da-disegno-1.jpg 1605w\" sizes=\"auto, (max-width: 109px) 100vw, 109px\" \/><\/a>FESTIVAL MUSICA DA CORTILE A PAIANE<\/h3>\n<\/blockquote>\n<p><strong>PONTE NELLE ALPI\u00a0<\/strong> Torna MUSICA DA CORTILE, festival di musica originale organizzato dall&#8217;Associazione Amici della Musica con la direzione artistica de Il Terzo Mondo Studio che si svolger\u00e0, per il terzo anno, nel cortile della scuola. Quest\u2019anno le serate saranno tre, sempre di gioved\u00ec, e si protrarranno fino a met\u00e0 Agosto: oggi, 03 e 17 agosto, dalle\u00a0 21. Prima data: \u00a0Misty Peaks unplugged set e Yuri Piccolotto che presenta il suo nuovo lavoro discografico in uscita a breve sulla bolognese Irma Records. Il cortile si trova a Paiane di Ponte nelle Alpi in Via Soccher, 19.\u00a0 In caso di pioggia le serate non si svolgeranno.<\/p>\n<p>&nbsp;<\/p>\n<p>&nbsp;<\/p>\n<hr \/>\n<p>&nbsp;<\/p>\n<blockquote>\n<h3><a class=\"dt-pswp-item\" href=\"https:\/\/www.radiopiu.net\/wordpress\/wp-content\/uploads\/2023\/07\/a7500ce1-a4af-4fbc-9773-a3aff1d4797f.jpg\" data-dt-img-description=\"\" data-large_image_width=\"1150\" data-large_image_height=\"1600\"><img loading=\"lazy\" decoding=\"async\" class=\" wp-image-343556 alignleft\" src=\"https:\/\/www.radiopiu.net\/wordpress\/wp-content\/uploads\/2023\/07\/a7500ce1-a4af-4fbc-9773-a3aff1d4797f-216x300.jpg\" alt=\"\" width=\"96\" height=\"133\" srcset=\"https:\/\/www.radiopiu.net\/wordpress\/wp-content\/uploads\/2023\/07\/a7500ce1-a4af-4fbc-9773-a3aff1d4797f-216x300.jpg 216w, https:\/\/www.radiopiu.net\/wordpress\/wp-content\/uploads\/2023\/07\/a7500ce1-a4af-4fbc-9773-a3aff1d4797f-736x1024.jpg 736w, https:\/\/www.radiopiu.net\/wordpress\/wp-content\/uploads\/2023\/07\/a7500ce1-a4af-4fbc-9773-a3aff1d4797f-768x1069.jpg 768w, https:\/\/www.radiopiu.net\/wordpress\/wp-content\/uploads\/2023\/07\/a7500ce1-a4af-4fbc-9773-a3aff1d4797f-1104x1536.jpg 1104w, https:\/\/www.radiopiu.net\/wordpress\/wp-content\/uploads\/2023\/07\/a7500ce1-a4af-4fbc-9773-a3aff1d4797f.jpg 1150w\" sizes=\"auto, (max-width: 96px) 100vw, 96px\" \/><\/a>MUSICA NEI CORTIVI CON NENA TRENTIN<\/h3>\n<\/blockquote>\n<p><strong>SOSPIROLO<\/strong><\/p>\n<p>DI ROBERTO BONA<\/p>\n<audio class=\"wp-audio-shortcode\" id=\"audio-343695-8\" preload=\"none\" style=\"width: 100%;\" controls=\"controls\"><source type=\"audio\/mpeg\" src=\"https:\/\/www.radiopiu.net\/wordpress\/wp-content\/uploads\/2023\/07\/BONA-CONCERTO-NINA-TRENTIN-14-LUGLIO.mp3?_=8\" \/><a href=\"https:\/\/www.radiopiu.net\/wordpress\/wp-content\/uploads\/2023\/07\/BONA-CONCERTO-NINA-TRENTIN-14-LUGLIO.mp3\">https:\/\/www.radiopiu.net\/wordpress\/wp-content\/uploads\/2023\/07\/BONA-CONCERTO-NINA-TRENTIN-14-LUGLIO.mp3<\/a><\/audio>\n<p>&nbsp;<\/p>\n<hr \/>\n<p>&nbsp;<\/p>\n<blockquote>\n<h3>INIZIATIVE PRO COMITATO DI GEMELLAGGIO<\/h3>\n<\/blockquote>\n<p><strong>AGORDO<\/strong> Il Comitato di Gemellaggio di Agordo e il Bar Schenot organizzano una serata a base di \u00a0cr\u00eapes farcite a piacere con nutella o marmellata. Lo scopo dell&#8217;iniziativa \u00e8 raccogliere fondi per finanziareil Comitato di Gemellaggio di Agordo che\u00a0 promuove i gemellaggi tra Agordo &#8211; Zugliano (Vicenza) e Dolomieu (Francia). L&#8217;appuntamento domani dalle 19 al Bar Schenot.<\/p>\n<p>&nbsp;<\/p>\n<p>&nbsp;<\/p>\n<hr \/>\n<p>&nbsp;<\/p>\n<blockquote>\n<h3>LA SAGRA DEI PER A BRIBANO DI SEDICO<\/h3>\n<\/blockquote>\n<p><strong>SEDICO<\/strong> Dal 21 al 30 luglio grande festa a Bribano di Sedico con la Sagra dei Per. Musica, Luna Park, cibo, sport, cultura e altro. Sabato 22 Radio Pi\u00f9 40 Live per festeggiare assieme i 40 anni di Radio Pi\u00f9.<\/p>\n<p><strong>IL PROGRAMMA (2 PAGINE)<\/strong><\/p>\n<a href=\"https:\/\/www.radiopiu.net\/wordpress\/wp-content\/uploads\/2023\/07\/FLYER-sagra-dei-per-2023-STAMPA.pdf\" class=\"pdfemb-viewer\" style=\"\" data-width=\"max\" data-height=\"max\" data-toolbar=\"top\" data-toolbar-fixed=\"on\">FLYER sagra dei per 2023 STAMPA<\/a>\n<p>&nbsp;<\/p>\n<hr \/>\n<p>&nbsp;<\/p>\n<blockquote>\n<h3>DALLE DOLOMITI ALLA PIANURA<\/h3>\n<\/blockquote>\n<p><strong>SOSPIROLO<\/strong><\/p>\n<p>di Roberto Bona<\/p>\n<audio class=\"wp-audio-shortcode\" id=\"audio-343695-9\" preload=\"none\" style=\"width: 100%;\" controls=\"controls\"><source type=\"audio\/mpeg\" src=\"https:\/\/www.radiopiu.net\/wordpress\/wp-content\/uploads\/2023\/07\/BONA-DALLE-DOLOMITI-ALLA-LAGUNA-16-LUGLIO.mp3?_=9\" \/><a href=\"https:\/\/www.radiopiu.net\/wordpress\/wp-content\/uploads\/2023\/07\/BONA-DALLE-DOLOMITI-ALLA-LAGUNA-16-LUGLIO.mp3\">https:\/\/www.radiopiu.net\/wordpress\/wp-content\/uploads\/2023\/07\/BONA-DALLE-DOLOMITI-ALLA-LAGUNA-16-LUGLIO.mp3<\/a><\/audio>\n<p>&nbsp;<\/p>\n<hr \/>\n<p>&nbsp;<\/p>\n<h2><span style=\"color: #ff0000;\">GLI APPUNTAMENTI DELLA SETTIMANA\u00a0<\/span><\/h2>\n<p>&nbsp;<\/p>\n<blockquote>\n<h3>MUSICA NEI CORTIVI<\/h3>\n<\/blockquote>\n<p><strong>SOSPIROLO<\/strong> Domani alle 20.30 in localit\u00e0 Pascoli-ai Tonet di Sospirolo concerto \u201cNena Trentin musica live\u201d per la rassegna Musica nei Cortivi. Organizza la Pro loco Monti Del Sole<\/p>\n<p>&nbsp;<\/p>\n<blockquote>\n<h3>DOPPIO APPUNTAMENTO CON NELLO SCAVO<\/h3>\n<\/blockquote>\n<p><strong>BELLUNO<\/strong> Il giornalista nello Scavo terr\u00e0 due incontri domani a Belluno. Il primo alle 10 alla palestra comunale di Sorriva, alle 20:30 al Teatro Giovanni XXIII. L&#8217;inviato di Avvenire parler\u00e0 di Ucraina<\/p>\n<p>&nbsp;<\/p>\n<blockquote>\n<h3>ESTATE A FORCELLA AURINE. LEZIONE DI YOGA<\/h3>\n<\/blockquote>\n<p><strong>GOSALDO<\/strong> Continuano gli appuntamenti di Estate a Forcella Aurine. Sabato una mattinata di Yoga e Pilates con Serena De March ed Elisa Scariot. Domenica torna la musica live con Chiara e Fausto.<\/p>\n<p>&nbsp;<\/p>\n<blockquote>\n<h3>LA MOSTRA DI RENZO MIOLA<\/h3>\n<\/blockquote>\n<p><strong>AGORDO<\/strong> Dal 15 al 30 luglio alla Sala Don Tamis di Agordo verranno esposti i lavori di Renzo Miola. La mostra sar\u00e0 visitabile tutti i giorni dalle 17 alle 19:30, Mercoled\u00ec, sabato e domenica anche al mattino dalle 10 alle 12.<\/p>\n<p>&nbsp;<\/p>\n<blockquote>\n<h3>AL CASTELLO DI ANDRAZ SI PARLA DELLE MINIERE DEL FURSIL<\/h3>\n<\/blockquote>\n<p><strong>LIVINALLONGO<\/strong> Domenica al Castello di Andraz un incontro con Giulia Tasser per parlare della Miniere del Fursil. Inizio alle 11<\/p>\n<p>&nbsp;<\/p>\n<blockquote>\n<h3>CON IL CAI DI AGORDO ALL&#8217;ANELLO DEL MONTE COLAC<\/h3>\n<\/blockquote>\n<p><strong>AGORDO<\/strong> Domenica \u00e8 in programma un&#8217;escursione del Cai di Agordo all&#8217;Anello del Monte Colac. Ritrovo alle 6:30 alla sede Cai di Agordo presso il municpio. Per info ed iscrizioni 380 6983040<\/p>\n<p>&nbsp;<\/p>\n<blockquote class=\"wp-embedded-content\" data-secret=\"bqNE4g1hO9\"><p><a href=\"https:\/\/www.radiopiu.net\/wordpress\/40-anni-sui-piu-importanti-giornali-della-provincia-corriere-delle-alpi-amico-del-popolo-la-usc-di-ladins\/\">40 ANNI SUI PIU&#8217; IMPORTANTI GIORNALI DELLA PROVINCIA, CORRIERE DELLE ALPI, AMICO DEL POPOLO, LA USC DI LADINS<\/a><\/p><\/blockquote>\n<p><iframe loading=\"lazy\" class=\"wp-embedded-content\" sandbox=\"allow-scripts\" security=\"restricted\" style=\"position: absolute; clip: rect(1px, 1px, 1px, 1px);\" title=\"&#8220;40 ANNI SUI PIU&#8217; IMPORTANTI GIORNALI DELLA PROVINCIA, CORRIERE DELLE ALPI, AMICO DEL POPOLO, LA USC DI LADINS&#8221; &#8212; Radio Pi\u00f9\" src=\"https:\/\/www.radiopiu.net\/wordpress\/40-anni-sui-piu-importanti-giornali-della-provincia-corriere-delle-alpi-amico-del-popolo-la-usc-di-ladins\/embed\/#?secret=YnJEridqDM#?secret=bqNE4g1hO9\" data-secret=\"bqNE4g1hO9\" width=\"600\" height=\"338\" frameborder=\"0\" marginwidth=\"0\" marginheight=\"0\" scrolling=\"no\"><\/iframe><\/p>\n<p>&nbsp;<\/p>\n<p>&nbsp;<\/p>\n<h2><span style=\"color: #ff0000;\">PROSSIMAMENTE&#8230;\u00a0<\/span><\/h2>\n<blockquote>\n<h3>MULTIVISIONI SOTTO LE STELLE<\/h3>\n<\/blockquote>\n<p><strong>BORGO VALBELLUNA <\/strong>Immagini che prendono vita seguendo lo scorrere della musica, per creare uno spettacolo che ha il potere di affascinare e coinvolgere lo spettatore. Questo lo spettacolo che verr\u00e0 proposto a Mel il 18 luglio nel cortile del Palazzo delle Contesse di Mel.<\/p>\n<blockquote>\n<h3>UNA SERATA CON ANSELMO CAGNATI<\/h3>\n<\/blockquote>\n<p><strong>FALCADE<\/strong> Gioved\u00ec 20 luglio alle 21 alla Casa della Giovent\u00f9 di Caviola una serata con Anselmo Cagnati dal titolo &#8220;Tjikko, con i cani da slitta del grande nord&#8221;<\/p>\n<p>&nbsp;<\/p>\n<blockquote>\n<h3>LA SANTA MESSA AL COL DE SAN LUGAN<\/h3>\n<\/blockquote>\n<p><strong>TAIBON<\/strong> Sabato 22 luglio alle 10:30 al Col De San Lugan in Valle di San Lucano verr\u00e0 celebrata la Santa Messa. Pranzo al sacco.<\/p>\n<p>&nbsp;<\/p>\n<blockquote>\n<h3>LA STUA, DOVE RINASCE LO STUDIO BALLIS<\/h3>\n<\/blockquote>\n<p><strong>ALLEGHE<\/strong> Sabato 22 luglio alle 18 in Corso Venezia a Masare&#8217;, Laura Ballis con Vico Calabro&#8217; e Giovanni Sogne inaugura il nuovo studio d&#8217;arte &#8220;La Stua&#8221;, rinato dopo la tempesta Vaia dell&#8217;autunno 2018.<\/p>\n\n\t\t\t<style type='text\/css'>\n\t\t\t\t#gallery-4 {\n\t\t\t\t\tmargin: auto;\n\t\t\t\t}\n\t\t\t\t#gallery-4 .gallery-item {\n\t\t\t\t\tfloat: left;\n\t\t\t\t\tmargin-top: 10px;\n\t\t\t\t\ttext-align: center;\n\t\t\t\t\twidth: 50%;\n\t\t\t\t}\n\t\t\t\t#gallery-4 img {\n\t\t\t\t\tborder: 2px solid #cfcfcf;\n\t\t\t\t}\n\t\t\t\t#gallery-4 .gallery-caption {\n\t\t\t\t\tmargin-left: 0;\n\t\t\t\t}\n\t\t\t\t\/* see gallery_shortcode() in wp-includes\/media.php *\/\n\t\t\t<\/style>\n\t\t<div id='gallery-4' class='dt-gallery-container gallery galleryid-343695 gallery-columns-2 gallery-size-medium'><dl class='gallery-item'>\n\t\t\t\t<dt class='gallery-icon landscape'>\n\t\t\t\t\t<a class=\"rollover rollover-zoom dt-pswp-item\" title=\"prima\" data-dt-img-description=\"\" data-large_image_width=\"266\" data-large_image_height=\"162\"href='https:\/\/www.radiopiu.net\/wordpress\/wp-content\/uploads\/2023\/07\/prima.png'><img loading=\"lazy\" decoding=\"async\" width=\"266\" height=\"162\" src=\"https:\/\/www.radiopiu.net\/wordpress\/wp-content\/uploads\/2023\/07\/prima.png\" class=\"attachment-medium size-medium\" alt=\"\" aria-describedby=\"gallery-4-342762\" \/><\/a>\n\t\t\t\t<\/dt>\n\t\t\t\t\t<dd class='wp-caption-text gallery-caption' id='gallery-4-342762'>\n\t\t\t\t\tPOST VAIA\n\t\t\t\t\t<\/dd><\/dl><dl class='gallery-item'>\n\t\t\t\t<dt class='gallery-icon landscape'>\n\t\t\t\t\t<a class=\"rollover rollover-zoom dt-pswp-item\" title=\"oggi\" data-dt-img-description=\"\" data-large_image_width=\"273\" data-large_image_height=\"196\"href='https:\/\/www.radiopiu.net\/wordpress\/wp-content\/uploads\/2023\/07\/oggi.png'><img loading=\"lazy\" decoding=\"async\" width=\"273\" height=\"196\" src=\"https:\/\/www.radiopiu.net\/wordpress\/wp-content\/uploads\/2023\/07\/oggi.png\" class=\"attachment-medium size-medium\" alt=\"\" aria-describedby=\"gallery-4-342761\" \/><\/a>\n\t\t\t\t<\/dt>\n\t\t\t\t\t<dd class='wp-caption-text gallery-caption' id='gallery-4-342761'>\n\t\t\t\t\tOGGI\n\t\t\t\t\t<\/dd><\/dl><br style=\"clear: both\" \/>\n\t\t\t<\/div>\n\n<blockquote>\n<h3><\/h3>\n<h3>L&#8217;ESTATE DEI MERCATINI AD AGORDO<\/h3>\n<\/blockquote>\n<p><strong>AGORDO<\/strong> Tornano i mercatini d&#8217;estate ad Agordo. Il primo appuntamento domenica 23 luglio dalle 6 alle 19 sul Broi di Agordo con il mercatino dell&#8217;antiquariato. Per informazioni 349 3984682<\/p>\n<p>&nbsp;<\/p>\n<blockquote>\n<h3>LA PASTASCIUTTA ANTIFASCISTA A BUSCHE<\/h3>\n<\/blockquote>\n<p><strong>CESIOMAGGIORE<\/strong> Sar\u00e0 Busche ad ospitare la pastasciutta antifascista 2023. Marted\u00ec 25 luglio a partire dalle 14:30 inizia la festa. Alle 15 lo spettacolo di burattini, alle 16 Fast Fashion con gli studenti di Rete Studenti Medi, a seguire il convegno dal titolo &#8220;Democratica, Artificiale e Intelligente?&#8221;. Alle 19:15 si pranza con la pastasciutta gratuita per tutti e musica con Sandro Del Luca e Nelson Salton. Organizzano SPI CGIL, Comune di Cesiomaggiore e Ulss 1 Dolomiti.<\/p>\n<p>&nbsp;<\/p>\n<blockquote class=\"wp-embedded-content\" data-secret=\"RWKUbOk1AI\"><p><a href=\"https:\/\/www.radiopiu.net\/wordpress\/il-programma-degli-eventi-estivi-dedicati-al-beato-papa-giovanni-paolo-i\/\">IL PROGRAMMA DEGLI EVENTI ESTIVI DEDICATI AL BEATO PAPA GIOVANNI PAOLO I<\/a><\/p><\/blockquote>\n<p><iframe loading=\"lazy\" class=\"wp-embedded-content\" sandbox=\"allow-scripts\" security=\"restricted\" style=\"position: absolute; clip: rect(1px, 1px, 1px, 1px);\" title=\"&#8220;IL PROGRAMMA DEGLI EVENTI ESTIVI DEDICATI AL BEATO PAPA GIOVANNI PAOLO I&#8221; &#8212; Radio Pi\u00f9\" src=\"https:\/\/www.radiopiu.net\/wordpress\/il-programma-degli-eventi-estivi-dedicati-al-beato-papa-giovanni-paolo-i\/embed\/#?secret=V303fMwvbh#?secret=RWKUbOk1AI\" data-secret=\"RWKUbOk1AI\" width=\"600\" height=\"338\" frameborder=\"0\" marginwidth=\"0\" marginheight=\"0\" scrolling=\"no\"><\/iframe><\/p>\n<p>&nbsp;<\/p>\n<hr \/>\n<p>&nbsp;<\/p>\n<blockquote>\n<h3>APERITIVO ? MA MAI SENZA MUSICA<\/h3>\n<\/blockquote>\n<p><a class=\"dt-pswp-item\" href=\"https:\/\/www.radiopiu.net\/wordpress\/wp-content\/uploads\/2023\/07\/d86dbc06-7161-49d4-b544-90770e85269f.jpg\" data-dt-img-description=\"\" data-large_image_width=\"1448\" data-large_image_height=\"2048\"><img loading=\"lazy\" decoding=\"async\" class=\" wp-image-342766 alignleft\" src=\"https:\/\/www.radiopiu.net\/wordpress\/wp-content\/uploads\/2023\/07\/d86dbc06-7161-49d4-b544-90770e85269f-212x300.jpg\" alt=\"\" width=\"133\" height=\"189\" srcset=\"https:\/\/www.radiopiu.net\/wordpress\/wp-content\/uploads\/2023\/07\/d86dbc06-7161-49d4-b544-90770e85269f-212x300.jpg 212w, https:\/\/www.radiopiu.net\/wordpress\/wp-content\/uploads\/2023\/07\/d86dbc06-7161-49d4-b544-90770e85269f-724x1024.jpg 724w, https:\/\/www.radiopiu.net\/wordpress\/wp-content\/uploads\/2023\/07\/d86dbc06-7161-49d4-b544-90770e85269f-768x1086.jpg 768w, https:\/\/www.radiopiu.net\/wordpress\/wp-content\/uploads\/2023\/07\/d86dbc06-7161-49d4-b544-90770e85269f-1086x1536.jpg 1086w, https:\/\/www.radiopiu.net\/wordpress\/wp-content\/uploads\/2023\/07\/d86dbc06-7161-49d4-b544-90770e85269f.jpg 1448w\" sizes=\"auto, (max-width: 133px) 100vw, 133px\" \/><\/a>Dimentica la routine, concediti un momento di relax e divertimento con amici e familiari. L&#8217;aperitivo in musica all&#8217;Hotel Stella Alpina in piazza a Falcade \u00e8 l&#8217;occasione perfetta per socializzare e creare ricordi preziosi.Ogni venerd\u00ec di luglio ed agosto, l&#8217;Hotel Stella Alpina vi accoglie per una serata di puro divertimento, dalle 18 alle 21. I\u00a0venerdi di luglio ed agosto allo Stella alpina, appuntamento con la buona musica e le specialit\u00e0 che sapranno deliziarvi il palato. INFO 0437 599046. <a class=\"moz-txt-link-abbreviated\" href=\"http:\/\/WWW.HOTEL\">WWW.HOTEL<\/a> STELLA ALPINA . COM<br \/>\n<strong>DOMANI\u00a0<\/strong> RE-UNION IN CONCERTO, dalla cucina: SERATA ROMANA CON AMATRICIANA, CACIO E PEPE.<br \/>\n<strong>VENERDI 21 LUGLIO<\/strong> IL RITORNO DEI JPM, saranno serviti PANINI CON PORCHETTA E SALSA COLESLAW<\/p>\n<p>&nbsp;<\/p>\n<p>&nbsp;<\/p>\n<hr \/>\n<p>&nbsp;<\/p>\n<blockquote>\n<h3>LE \u201c RISORGIVE DEI FONTANOI\u201d PRESSO LA CHIESA DI SAN LUCANO A TAIBON AGORDINO<\/h3>\n<\/blockquote>\n<p><strong><a class=\"dt-pswp-item\" href=\"https:\/\/www.radiopiu.net\/wordpress\/wp-content\/uploads\/2023\/07\/fontanoi-scaled.jpg\" data-dt-img-description=\"\" data-large_image_width=\"2560\" data-large_image_height=\"1920\"><img loading=\"lazy\" decoding=\"async\" class=\" wp-image-343751 alignleft\" src=\"https:\/\/www.radiopiu.net\/wordpress\/wp-content\/uploads\/2023\/07\/fontanoi-300x225.jpg\" alt=\"\" width=\"209\" height=\"157\" srcset=\"https:\/\/www.radiopiu.net\/wordpress\/wp-content\/uploads\/2023\/07\/fontanoi-300x225.jpg 300w, https:\/\/www.radiopiu.net\/wordpress\/wp-content\/uploads\/2023\/07\/fontanoi-1024x768.jpg 1024w, https:\/\/www.radiopiu.net\/wordpress\/wp-content\/uploads\/2023\/07\/fontanoi-768x576.jpg 768w, https:\/\/www.radiopiu.net\/wordpress\/wp-content\/uploads\/2023\/07\/fontanoi-1536x1152.jpg 1536w, https:\/\/www.radiopiu.net\/wordpress\/wp-content\/uploads\/2023\/07\/fontanoi-2048x1536.jpg 2048w\" sizes=\"auto, (max-width: 209px) 100vw, 209px\" \/><\/a>a cura di Alessandro Savio<\/strong><\/p>\n<p>La risorgiva \u00e8 una sorgente di acqua dolce di origine naturale\u00a0 dei terreni di fondovalle.\u201c I FONTANOI\u201d tipica risorgiva della Valle di San Lucano si trova entrando da Taibon , dopo la Chiesa omonima , fra la strada comunale che conduce a Col Di Pr\u00e0 ed il torrente Tegnas. L\u2019acqua che scende dalle varie fessurazioni nella roccia dalle sovrastanti ed imponenti Pale di San Lucano , viene convogliata a valle alla base delle pareti in un ambiente di frana e depositi detritici, fino a raggiungere dei materiali morenici glaciali poco permeabili e quindi costretta a tornare in superficie spontaneamente. La \u201ctesta \u201cdel fontanile \u00e8 situata in corrispondenza della cosiddetta strada dei \u201cPaluch\u201d , e poi viene incanalata nella \u201casta\u201d naturale a valle fino a congiungersi con il torrente Tegnas, per un percorso di circa ottanta metri lineari. La sorgente , ben visibile dalla strada comunale \u00e8 caratterizzata da un\u2019acqua limpida e cristallina che si differenzia dal torrente Tegnas per il fondo ricco di muschio, piante acquatiche e microorganismi. Il fondo del Tegnas invece risulta molto pi\u00f9 sterile con una colorazione bianca anche perch\u00e9 il letto \u00e8 formato da uno spesso strato di depositi alluvionali di ghiaia che possono raggiungere una profondit\u00e0 di circa 50\/60 metri. Le risorgive sono soggette a continui fenomeni di magra e di assoluta piena, a seconda delle condizioni atmosferiche di siccit\u00e0 o di abbondanti piogge. Negli anni era frequente la domanda degli abitanti di Taibon in primavera : \u201c\u2026.. Buteli i Fontanoi\u201d?\u2026 ovvero sgorga l\u2019acqua dalla risorgiva. Questi discorsi indicavano il perdurare delle piogge o di inverni con abbondanza di neve .In questi giorni , anche in concomitanza della sagra di San Lucano per il 20 di Luglio, i volontari del Gruppo Piodech di Taibon , sempre attenti alla cura del territorio , hanno eseguito una accurata pulizia della sorgente mediante il taglio dei numerosi cespugli che ormai rendevano impossibile la vista di questo meraviglioso spettacolo della natura alle pendici delle Pale e dell\u2019Agner. L\u2019acqua , sorgente di vita , \u00e8 indispensabile per la nostra sopravvivenza e quella del nostro pianeta. Senza non c\u2019\u00e8 vita per noi, per gli animali, e per le piante, e pertanto merita rispetto in quanto bene comune dell\u2019umanit\u00e0,elemento importante e necessario per garantire il diritto universale fondamentale per le persone,per la salute e il benessere proprio e delle famiglie. Ora che la zona \u00e8 stata ripulita si pu\u00f2 notare benissimo dalla strada questo caratteristico fenomeno presente nella nostra bellissima valle.<\/p>\n<p>&nbsp;<\/p>\n<p>&nbsp;<\/p>\n<hr \/>\n<p>&nbsp;<\/p>\n<div dir=\"auto\">\n<div class=\"message spoilers-container\" dir=\"auto\">\n<div>\n<div class=\"b654a4as d2edcug0\">\n<div class=\"rq0escxv hkbzh7o3 jwdofwj8 n8tt0mok r8blr3vg hyh9befq\"><\/div>\n<\/div>\n<\/div>\n<\/div>\n<\/div>\n<div class=\"message spoilers-container\" dir=\"auto\">\n<div class=\"column\">\n<div class=\"message spoilers-container\" dir=\"auto\">\n<div class=\"column\">\n<blockquote>\n<h3>LE MUSE E LE DOLOMITI&#8230;GENERATORE DI EMOZIONI<\/h3>\n<\/blockquote>\n<p>&nbsp;<\/p>\n<div class=\"elementToProof\">Con la collaborazione di Angela Chiocchetti, consigliere dell&#8217;associazione Le Muse e le Dolomiti ecco\u00a0 i commenti del pubblico e qualche foto del concerto del 9 luglio &#8220;La storia di Peter&#8221; al Palazzo della Magnifica Comunit\u00e0 di Fiemme di Cavalese.<\/div>\n<div><\/div>\n<div><strong>audio<\/strong><\/div>\n<div>\n<audio class=\"wp-audio-shortcode\" id=\"audio-343695-10\" preload=\"none\" style=\"width: 100%;\" controls=\"controls\"><source type=\"audio\/mpeg\" src=\"https:\/\/www.radiopiu.net\/wordpress\/wp-content\/uploads\/2023\/07\/MUSE.mp3?_=10\" \/><a href=\"https:\/\/www.radiopiu.net\/wordpress\/wp-content\/uploads\/2023\/07\/MUSE.mp3\">https:\/\/www.radiopiu.net\/wordpress\/wp-content\/uploads\/2023\/07\/MUSE.mp3<\/a><\/audio>\n<p>&nbsp;<\/p>\n\n\t\t\t<style type='text\/css'>\n\t\t\t\t#gallery-5 {\n\t\t\t\t\tmargin: auto;\n\t\t\t\t}\n\t\t\t\t#gallery-5 .gallery-item {\n\t\t\t\t\tfloat: left;\n\t\t\t\t\tmargin-top: 10px;\n\t\t\t\t\ttext-align: center;\n\t\t\t\t\twidth: 33%;\n\t\t\t\t}\n\t\t\t\t#gallery-5 img {\n\t\t\t\t\tborder: 2px solid #cfcfcf;\n\t\t\t\t}\n\t\t\t\t#gallery-5 .gallery-caption {\n\t\t\t\t\tmargin-left: 0;\n\t\t\t\t}\n\t\t\t\t\/* see gallery_shortcode() in wp-includes\/media.php *\/\n\t\t\t<\/style>\n\t\t<div id='gallery-5' class='dt-gallery-container gallery galleryid-343695 gallery-columns-3 gallery-size-thumbnail'><dl class='gallery-item'>\n\t\t\t\t<dt class='gallery-icon landscape'>\n\t\t\t\t\t<a class=\"rollover rollover-zoom dt-pswp-item\" title=\"2023_07_09_muse_dolomiti_concerto_MCF_0149 copia\" data-dt-img-description=\"\" data-large_image_width=\"1413\" data-large_image_height=\"944\"href='https:\/\/www.radiopiu.net\/wordpress\/wp-content\/uploads\/2023\/07\/2023_07_09_muse_dolomiti_concerto_MCF_0149-copia.jpg'><img loading=\"lazy\" decoding=\"async\" width=\"150\" height=\"150\" src=\"https:\/\/www.radiopiu.net\/wordpress\/wp-content\/uploads\/2023\/07\/2023_07_09_muse_dolomiti_concerto_MCF_0149-copia-150x150.jpg\" class=\"attachment-thumbnail size-thumbnail\" alt=\"\" \/><\/a>\n\t\t\t\t<\/dt><\/dl><dl class='gallery-item'>\n\t\t\t\t<dt class='gallery-icon landscape'>\n\t\t\t\t\t<a class=\"rollover rollover-zoom dt-pswp-item\" title=\"2023_07_09_muse_dolomiti_concerto_MCF_0054 copia\" data-dt-img-description=\"\" data-large_image_width=\"1417\" data-large_image_height=\"947\"href='https:\/\/www.radiopiu.net\/wordpress\/wp-content\/uploads\/2023\/07\/2023_07_09_muse_dolomiti_concerto_MCF_0054-copia.jpg'><img loading=\"lazy\" decoding=\"async\" width=\"150\" height=\"150\" src=\"https:\/\/www.radiopiu.net\/wordpress\/wp-content\/uploads\/2023\/07\/2023_07_09_muse_dolomiti_concerto_MCF_0054-copia-150x150.jpg\" class=\"attachment-thumbnail size-thumbnail\" alt=\"\" \/><\/a>\n\t\t\t\t<\/dt><\/dl><dl class='gallery-item'>\n\t\t\t\t<dt class='gallery-icon landscape'>\n\t\t\t\t\t<a class=\"rollover rollover-zoom dt-pswp-item\" title=\"2023_07_09_muse_dolomiti_concerto_MCF_0012 copia\" data-dt-img-description=\"\" data-large_image_width=\"1417\" data-large_image_height=\"947\"href='https:\/\/www.radiopiu.net\/wordpress\/wp-content\/uploads\/2023\/07\/2023_07_09_muse_dolomiti_concerto_MCF_0012-copia.jpg'><img loading=\"lazy\" decoding=\"async\" width=\"150\" height=\"150\" src=\"https:\/\/www.radiopiu.net\/wordpress\/wp-content\/uploads\/2023\/07\/2023_07_09_muse_dolomiti_concerto_MCF_0012-copia-150x150.jpg\" class=\"attachment-thumbnail size-thumbnail\" alt=\"\" \/><\/a>\n\t\t\t\t<\/dt><\/dl><br style=\"clear: both\" \/><dl class='gallery-item'>\n\t\t\t\t<dt class='gallery-icon landscape'>\n\t\t\t\t\t<a class=\"rollover rollover-zoom dt-pswp-item\" title=\"2023_07_09_muse_dolomiti_concerto_MCF_0008 copia\" data-dt-img-description=\"\" data-large_image_width=\"1417\" data-large_image_height=\"947\"href='https:\/\/www.radiopiu.net\/wordpress\/wp-content\/uploads\/2023\/07\/2023_07_09_muse_dolomiti_concerto_MCF_0008-copia.jpg'><img loading=\"lazy\" decoding=\"async\" width=\"150\" height=\"150\" src=\"https:\/\/www.radiopiu.net\/wordpress\/wp-content\/uploads\/2023\/07\/2023_07_09_muse_dolomiti_concerto_MCF_0008-copia-150x150.jpg\" class=\"attachment-thumbnail size-thumbnail\" alt=\"\" \/><\/a>\n\t\t\t\t<\/dt><\/dl><dl class='gallery-item'>\n\t\t\t\t<dt class='gallery-icon landscape'>\n\t\t\t\t\t<a class=\"rollover rollover-zoom dt-pswp-item\" title=\"2023_07_09_muse_dolomiti_concerto_MCF_0279_copia2\" data-dt-img-description=\"\" data-large_image_width=\"1500\" data-large_image_height=\"1053\"href='https:\/\/www.radiopiu.net\/wordpress\/wp-content\/uploads\/2023\/07\/2023_07_09_muse_dolomiti_concerto_MCF_0279_copia2.jpg'><img loading=\"lazy\" decoding=\"async\" width=\"150\" height=\"150\" src=\"https:\/\/www.radiopiu.net\/wordpress\/wp-content\/uploads\/2023\/07\/2023_07_09_muse_dolomiti_concerto_MCF_0279_copia2-150x150.jpg\" class=\"attachment-thumbnail size-thumbnail\" alt=\"\" \/><\/a>\n\t\t\t\t<\/dt><\/dl><dl class='gallery-item'>\n\t\t\t\t<dt class='gallery-icon landscape'>\n\t\t\t\t\t<a class=\"rollover rollover-zoom dt-pswp-item\" title=\"2023_07_09_muse_dolomiti_concerto_MCF_0210 copia\" data-dt-img-description=\"\" data-large_image_width=\"1500\" data-large_image_height=\"1002\"href='https:\/\/www.radiopiu.net\/wordpress\/wp-content\/uploads\/2023\/07\/2023_07_09_muse_dolomiti_concerto_MCF_0210-copia.jpg'><img loading=\"lazy\" decoding=\"async\" width=\"150\" height=\"150\" src=\"https:\/\/www.radiopiu.net\/wordpress\/wp-content\/uploads\/2023\/07\/2023_07_09_muse_dolomiti_concerto_MCF_0210-copia-150x150.jpg\" class=\"attachment-thumbnail size-thumbnail\" alt=\"\" \/><\/a>\n\t\t\t\t<\/dt><\/dl><br style=\"clear: both\" \/>\n\t\t\t<\/div>\n\n<p>&nbsp;<\/p>\n<\/div>\n<hr \/>\n<p>&nbsp;<\/p>\n<h2><strong><a class=\"dt-pswp-item\" href=\"https:\/\/www.radiopiu.net\/wordpress\/wp-content\/uploads\/2020\/09\/FALCADE-1.jpg\" data-dt-img-description=\"\" data-large_image_width=\"960\" data-large_image_height=\"720\"><img loading=\"lazy\" decoding=\"async\" class=\" wp-image-163186 alignleft\" src=\"https:\/\/www.radiopiu.net\/wordpress\/wp-content\/uploads\/2020\/09\/FALCADE-1-300x225.jpg\" alt=\"\" width=\"151\" height=\"113\" srcset=\"https:\/\/www.radiopiu.net\/wordpress\/wp-content\/uploads\/2020\/09\/FALCADE-1-300x225.jpg 300w, https:\/\/www.radiopiu.net\/wordpress\/wp-content\/uploads\/2020\/09\/FALCADE-1-768x576.jpg 768w, https:\/\/www.radiopiu.net\/wordpress\/wp-content\/uploads\/2020\/09\/FALCADE-1-640x480.jpg 640w, https:\/\/www.radiopiu.net\/wordpress\/wp-content\/uploads\/2020\/09\/FALCADE-1.jpg 960w\" sizes=\"auto, (max-width: 151px) 100vw, 151px\" \/><\/a><\/strong><span style=\"color: #800080;\">LA RASSEGNA STAMPA DA L&#8217;AMICO DEL POPOLO<\/span><\/h2>\n<p><strong>di Gianni Santomaso<\/strong><\/p>\n<p>OSPITE: Flavio Murer<\/p>\n<audio class=\"wp-audio-shortcode\" id=\"audio-343695-11\" preload=\"none\" style=\"width: 100%;\" controls=\"controls\"><source type=\"audio\/mpeg\" src=\"https:\/\/www.radiopiu.net\/wordpress\/wp-content\/uploads\/2023\/07\/RASSEGNA-GIANNI-1.mp3?_=11\" \/><a href=\"https:\/\/www.radiopiu.net\/wordpress\/wp-content\/uploads\/2023\/07\/RASSEGNA-GIANNI-1.mp3\">https:\/\/www.radiopiu.net\/wordpress\/wp-content\/uploads\/2023\/07\/RASSEGNA-GIANNI-1.mp3<\/a><\/audio>\n<p>&nbsp;<\/p>\n<p>&nbsp;<\/p>\n<hr \/>\n<p>&nbsp;<\/p>\n<p><img loading=\"lazy\" decoding=\"async\" class=\"aligncenter wp-image-61954 size-full\" src=\"https:\/\/www.radiopiu.net\/wordpress\/wp-content\/uploads\/2018\/09\/viabilita.jpeg\" sizes=\"auto, (max-width: 800px) 100vw, 800px\" srcset=\"https:\/\/www.radiopiu.net\/wordpress\/wp-content\/uploads\/2018\/09\/viabilita.jpeg 800w, https:\/\/www.radiopiu.net\/wordpress\/wp-content\/uploads\/2018\/09\/viabilita-300x38.jpeg 300w, https:\/\/www.radiopiu.net\/wordpress\/wp-content\/uploads\/2018\/09\/viabilita-768x96.jpeg 768w\" alt=\"\" width=\"800\" height=\"100\" \/><\/p>\n<\/div>\n<\/div>\n<div class=\"message spoilers-container\" dir=\"auto\">\n<div class=\"column\">\n<p>&nbsp;<\/p>\n<\/div>\n<\/div>\n<\/div>\n<\/div>\n<blockquote class=\"wp-embedded-content\" data-secret=\"lQi4xluj0h\"><p><a href=\"https:\/\/www.radiopiu.net\/wordpress\/viabilita\/\">viabilita<\/a><\/p><\/blockquote>\n<p><iframe loading=\"lazy\" class=\"wp-embedded-content\" sandbox=\"allow-scripts\" security=\"restricted\" style=\"position: absolute; clip: rect(1px, 1px, 1px, 1px);\" title=\"&#8220;viabilita&#8221; &#8212; Radio Pi\u00f9\" src=\"https:\/\/www.radiopiu.net\/wordpress\/viabilita\/embed\/#?secret=wsGAxyEyhv#?secret=lQi4xluj0h\" data-secret=\"lQi4xluj0h\" width=\"600\" height=\"338\" frameborder=\"0\" marginwidth=\"0\" marginheight=\"0\" scrolling=\"no\"><\/iframe><\/p>\n<div class=\"message spoilers-container\" dir=\"auto\">\n<div class=\"column\">\n<div class=\"message spoilers-container\" dir=\"auto\">\n<div class=\"column\">\n<div>\n<div dir=\"ltr\">\n<div class=\"gmail_quote\">\n<div dir=\"ltr\">\n<div><\/div>\n<div>\n<hr \/>\n<\/div>\n<div><a class=\"dt-pswp-item\" href=\"https:\/\/www.radiopiu.net\/wordpress\/wp-content\/uploads\/2023\/06\/07493af4-f8e1-4ce3-bb99-e0a40362939f.jpg\" data-dt-img-description=\"\" data-large_image_width=\"1417\" data-large_image_height=\"1481\"><img loading=\"lazy\" decoding=\"async\" class=\"wp-image-339869 aligncenter\" src=\"https:\/\/www.radiopiu.net\/wordpress\/wp-content\/uploads\/2023\/06\/07493af4-f8e1-4ce3-bb99-e0a40362939f-980x1024.jpg\" alt=\"\" width=\"382\" height=\"399\" srcset=\"https:\/\/www.radiopiu.net\/wordpress\/wp-content\/uploads\/2023\/06\/07493af4-f8e1-4ce3-bb99-e0a40362939f-980x1024.jpg 980w, https:\/\/www.radiopiu.net\/wordpress\/wp-content\/uploads\/2023\/06\/07493af4-f8e1-4ce3-bb99-e0a40362939f-287x300.jpg 287w, https:\/\/www.radiopiu.net\/wordpress\/wp-content\/uploads\/2023\/06\/07493af4-f8e1-4ce3-bb99-e0a40362939f-768x803.jpg 768w, https:\/\/www.radiopiu.net\/wordpress\/wp-content\/uploads\/2023\/06\/07493af4-f8e1-4ce3-bb99-e0a40362939f.jpg 1417w\" sizes=\"auto, (max-width: 382px) 100vw, 382px\" \/><\/a><\/div>\n<div><\/div>\n<\/div>\n<\/div>\n<\/div>\n<\/div>\n<hr \/>\n<p>&nbsp;<\/p>\n<p><a class=\"dt-pswp-item\" href=\"https:\/\/www.radiopiu.net\/wordpress\/wp-content\/uploads\/2018\/09\/WhatsApp-Image-2018-09-20-at-16.04.06.jpeg\" data-dt-img-description=\"\" data-large_image_width=\"800\" data-large_image_height=\"100\"><img loading=\"lazy\" decoding=\"async\" class=\"wp-image-61378 size-full aligncenter\" src=\"https:\/\/www.radiopiu.net\/wordpress\/wp-content\/uploads\/2018\/09\/WhatsApp-Image-2018-09-20-at-16.04.06.jpeg\" alt=\"\" width=\"800\" height=\"100\" srcset=\"https:\/\/www.radiopiu.net\/wordpress\/wp-content\/uploads\/2018\/09\/WhatsApp-Image-2018-09-20-at-16.04.06.jpeg 800w, https:\/\/www.radiopiu.net\/wordpress\/wp-content\/uploads\/2018\/09\/WhatsApp-Image-2018-09-20-at-16.04.06-300x38.jpeg 300w, https:\/\/www.radiopiu.net\/wordpress\/wp-content\/uploads\/2018\/09\/WhatsApp-Image-2018-09-20-at-16.04.06-768x96.jpeg 768w\" sizes=\"auto, (max-width: 800px) 100vw, 800px\" \/><\/a><\/p>\n<\/div>\n<\/div>\n<div class=\"message spoilers-container\" dir=\"auto\">\n<p>&nbsp;<\/p>\n<p><center><\/center><center><b>OGGI<\/b><\/center>Nottetempo fase instabile con nuvolosit\u00e0 irregolare associata a nuove precipitazioni. Al mattino variabilit\u00e0 con parziale diradamento della nuvolosit\u00e0 e minore rischio di fenomeni, prima che l&#8217;attivit\u00e0 cumuliforme s&#8217;intensifichi con crescente rischio di nuovi fenomeni. Alla sera tempo via via pi\u00f9 stabile con rasserenamenti. Contesto termico leggermente pi\u00f9 fresco in seguito all&#8217;instabilit\u00e0 pregressa.<br \/>\n<b>Precipitazioni: <\/b>Nottetempo probabili rovesci e temporali (60-80%) per instabilit\u00e0 dinamica. Al mattino minore rischio di rovesci o eventuali temporali (20-40%), prima di una ripresa dell&#8217;instabilit\u00e0 al pomeriggio con rovesci e temporali sparsi (60-80%). Alla sera assenza di fenomeni. Come sempre in caso d&#8217;instabilit\u00e0, ci sar\u00e0 una grande disomogeneit\u00e0 dei cumuli di pioggia: 5-20 mm, localmente oltre i 30-40 mm in caso di forti rovesci temporaleschi.<br \/>\n<b>Temperature: <\/b>In ulteriore contenuta diminuzione e minore escursione termica giornaliera. Contesto termico diurno pi\u00f9 fresco<\/p>\n<hr \/>\n<p><center><b>DOMANI<\/b><\/center>Al mattino ben soleggiato con cielo sereno o poco nuvoloso, salvo presenza di stracumuli mattutini su alcuni settori prealpini. Al pomeriggio riduzione del soleggiamento per attivit\u00e0 cumuliforme, spesso modesta, localmente moderata, per\u00f2 la maggiore stabilit\u00e0 dovrebbe contrastare del tutto il rischio di piovaschi. Contesto termico diurno di nuovo pi\u00f9 caldo a tutte le quote.<br \/>\n<b>Precipitazioni: <\/b>Assenti (0%), salvo locali e residui piovaschi notturni (10%).<br \/>\n<b>Temperature: <\/b>Minime in generale calo e massime in rialzo a tutte le quote, si torner\u00e0 sopra le medie del periodo<\/p>\n<hr \/>\n<p><center><b>SABATO<\/b><\/center>Tempo in prevalenza soleggiato con sole e cielo sereno al mattino, sereno o poco nuvoloso per modesti cumuli al pomeriggio. Temperature in ulteriore aumento con ritorno del caldo e i valori saranno di nuovo di 4-5\u00b0C superiori alla norma, specie in quota.<\/p>\n<hr \/>\n<p><center><b>DOMENICA<\/b><\/center>Tempo ben soleggiato con cielo sereno al mattino e sereno o poco nuvoloso per modesti cumuli al pomeriggio. Il caldo torner\u00e0 a imperversare in montagna e far\u00e0 di nuovo molto caldo a bassa quota. Probabile caligine di calore<\/p>\n<p>&nbsp;<\/p>\n<\/div>\n<div class=\"message spoilers-container\" dir=\"auto\">\n<hr \/>\n<p>&nbsp;<\/p>\n<p><a class=\"dt-pswp-item\" href=\"https:\/\/www.radiopiu.net\/wordpress\/wp-content\/uploads\/2018\/09\/sport.jpg\" data-dt-img-description=\"\" data-large_image_width=\"800\" data-large_image_height=\"100\"><img loading=\"lazy\" decoding=\"async\" class=\"aligncenter wp-image-60761 size-full\" src=\"https:\/\/www.radiopiu.net\/wordpress\/wp-content\/uploads\/2018\/09\/sport.jpg\" alt=\"\" width=\"800\" height=\"100\" srcset=\"https:\/\/www.radiopiu.net\/wordpress\/wp-content\/uploads\/2018\/09\/sport.jpg 800w, https:\/\/www.radiopiu.net\/wordpress\/wp-content\/uploads\/2018\/09\/sport-300x38.jpg 300w, https:\/\/www.radiopiu.net\/wordpress\/wp-content\/uploads\/2018\/09\/sport-768x96.jpg 768w\" sizes=\"auto, (max-width: 800px) 100vw, 800px\" \/><\/a><\/p>\n<\/div>\n<div class=\"message spoilers-container\" dir=\"auto\">\n<p>&nbsp;<\/p>\n<p><span style=\"color: #0000ff;\"><strong>CORSA IN MONTAGNA<\/strong><\/span><\/p>\n<blockquote>\n<h3>TUTTO PRONTO PER LA 41ESIMA TRANSCIVETTA<\/h3>\n<\/blockquote>\n<p><strong><a class=\"dt-pswp-item\" href=\"https:\/\/www.radiopiu.net\/wordpress\/wp-content\/uploads\/2022\/03\/\u00a9TiComunicazione_-TRANSCIVETTA-KARPOS-2022.jpg\" data-dt-img-description=\"\" data-large_image_width=\"1900\" data-large_image_height=\"1267\"><img loading=\"lazy\" decoding=\"async\" class=\" wp-image-266927 alignleft\" src=\"https:\/\/www.radiopiu.net\/wordpress\/wp-content\/uploads\/2022\/03\/\u00a9TiComunicazione_-TRANSCIVETTA-KARPOS-2022-300x200.jpg\" alt=\"\" width=\"182\" height=\"121\" srcset=\"https:\/\/www.radiopiu.net\/wordpress\/wp-content\/uploads\/2022\/03\/\u00a9TiComunicazione_-TRANSCIVETTA-KARPOS-2022-300x200.jpg 300w, https:\/\/www.radiopiu.net\/wordpress\/wp-content\/uploads\/2022\/03\/\u00a9TiComunicazione_-TRANSCIVETTA-KARPOS-2022-1024x683.jpg 1024w, https:\/\/www.radiopiu.net\/wordpress\/wp-content\/uploads\/2022\/03\/\u00a9TiComunicazione_-TRANSCIVETTA-KARPOS-2022-768x512.jpg 768w, https:\/\/www.radiopiu.net\/wordpress\/wp-content\/uploads\/2022\/03\/\u00a9TiComunicazione_-TRANSCIVETTA-KARPOS-2022-1536x1024.jpg 1536w, https:\/\/www.radiopiu.net\/wordpress\/wp-content\/uploads\/2022\/03\/\u00a9TiComunicazione_-TRANSCIVETTA-KARPOS-2022.jpg 1900w\" sizes=\"auto, (max-width: 182px) 100vw, 182px\" \/><\/a>ALLEGHE <\/strong>Tutto pronto per uno degli eventi di maggior tradizione e maggior suggestione della corsa in montagna italiana, Transcivetta Karpos, storica gara a coppie che si svolge sulle Dolomiti Bellunesi, con partenza da Listolade di Taibon Agordino e arrivo ad Alleghe. L\u2019appuntamento \u00e8 per domenica 16 luglio. Il via verr\u00e0 dato alle 9. I concorrenti dovranno percorrere il tradizionale tracciato che parte da Listolade (705 metri di altitudine) e si conclude ai Piani di Pezz\u00e9 di Alleghe (1.460 metri di altitudine) dopo 23,5 chilometri, percorrendo parte dell\u2019Alta Via numero 1 e toccando capanna Trieste, il rifugio Vazzoler, il rifugio Tissi (che con i suoi 2.281 metri di altitudine rappresenta il \u201ctetto\u201d della gara), forcella Col Negro, forcella Coldai, il rifugio Coldai. I metri di dislivello sono 1.950. Saranno 800 le coppie in gara, vale a dire il numero massimo fissato dall\u2019organizzazione. Nel primo pomeriggio ai Piani di Pezz\u00e9 si svolger\u00e0 anche il tradizionale appuntamento dedicato ai pi\u00f9 piccoli: si tratta di Transcivetta Kids, manifestazione su tracciato di 2,5 chilometri.<\/p>\n<p>&nbsp;<\/p>\n<p><span style=\"color: #0000ff;\"><strong>CALCIO<\/strong><\/span><\/p>\n<blockquote>\n<h3>IL VENEZIA IN RITIRO A FALCADE E SABATO L&#8217;AMICHEVOLE CON IL CANALE<\/h3>\n<\/blockquote>\n<p><strong><a class=\"dt-pswp-item\" href=\"https:\/\/www.radiopiu.net\/wordpress\/wp-content\/uploads\/2023\/06\/LOGO-VENEZIA-FALCADE.jpg\" data-dt-img-description=\"\" data-large_image_width=\"1417\" data-large_image_height=\"952\"><img loading=\"lazy\" decoding=\"async\" class=\" wp-image-341120 alignleft\" src=\"https:\/\/www.radiopiu.net\/wordpress\/wp-content\/uploads\/2023\/06\/LOGO-VENEZIA-FALCADE-300x202.jpg\" alt=\"\" width=\"174\" height=\"117\" srcset=\"https:\/\/www.radiopiu.net\/wordpress\/wp-content\/uploads\/2023\/06\/LOGO-VENEZIA-FALCADE-300x202.jpg 300w, https:\/\/www.radiopiu.net\/wordpress\/wp-content\/uploads\/2023\/06\/LOGO-VENEZIA-FALCADE-1024x688.jpg 1024w, https:\/\/www.radiopiu.net\/wordpress\/wp-content\/uploads\/2023\/06\/LOGO-VENEZIA-FALCADE-768x516.jpg 768w, https:\/\/www.radiopiu.net\/wordpress\/wp-content\/uploads\/2023\/06\/LOGO-VENEZIA-FALCADE.jpg 1417w\" sizes=\"auto, (max-width: 174px) 100vw, 174px\" \/><\/a>FALCADE<\/strong> Sta proseguendo secondo i piani il ritiro falcadino del Venezia Calcio. La squadra di Serie B si sta allenando quotidianamente sul nuovo green di Falcade con sedute di allenamento specialmente al calare del sole. Oggi sar\u00e0 un giorno di riposo per la squadra veneziana che ne approfitter\u00e0 per visitare i luoghi in cui \u00e8 ospitata. Intanto sabato alle 17 \u00e8 stata organizzata una partita amichevole con la Polisportiva Canale e per l&#8217;occasione ci saranno anche giocatori di altre squadre del Campionato Agordino che si alterneranno nella sfida contro il Venezia.<\/p>\n<p>&nbsp;<\/p>\n<p><span style=\"color: #0000ff;\"><strong>NUOTO<\/strong><\/span><\/p>\n<blockquote>\n<h3>NUOTIAMO INSIEME A CAORLE E LA SPORTIVAMENTE BELLUNO<\/h3>\n<\/blockquote>\n<p><strong>BELLUNO<\/strong> \u201cNuotiamo insieme\u201d: due parole che non racchiudono solo la denominazione dell\u2019evento in acque libere, andato in scena a Caorle. Ma ne rispecchiano l\u2019essenza, il cuore pulsante. Perch\u00e9 la manifestazione, che ha tagliato il traguardo delle 22 edizioni ed era abbinata al \u201cTrofeo Alba Chiara\u201d, ha abbattuto ogni ostacolo e preconcetto. S\u00ec, perch\u00e9 insieme hanno nuotato atleti Master, sotto l\u2019egida della Fin, e atleti della Finp (Federazione italiana nuoto paralimpico), della Fisdir (legata agli sport paralimpici degli intellettivorelazionali), oltre agli Special Olympics (sport per le persone con disabilit\u00e0 intellettiva). Tutti uniti dalla passione per le bracciate. E dal desiderio di mettersi in gioco. Tutti i trecento iscritti, nessuno escluso. Compresi i tredici portacolori della Sportivamente Belluno: undici Master e due legati alla Finp. Ovvero, Nicol\u00f2 Guido Pierni ed Enrico Giacomin. Anche i nuotatori dolomitici si sono cimentati nelle gare (di 5 e 3 chilometri), caratterizzate da un alto livello agonistico e da condizioni del mare tutt\u2019altro che agevoli. Di rilievo, in particolare, i tempi di Matteo Sogne sui 3mila metri (44\u201937\u201d90) e sui 5mila (1h14\u201927\u201d), nobilitati da un sedicesimo posto assoluto da applausi. E al via si sono presentate pure due staffette.<\/p>\n\n\t\t\t<style type='text\/css'>\n\t\t\t\t#gallery-6 {\n\t\t\t\t\tmargin: auto;\n\t\t\t\t}\n\t\t\t\t#gallery-6 .gallery-item {\n\t\t\t\t\tfloat: left;\n\t\t\t\t\tmargin-top: 10px;\n\t\t\t\t\ttext-align: center;\n\t\t\t\t\twidth: 50%;\n\t\t\t\t}\n\t\t\t\t#gallery-6 img {\n\t\t\t\t\tborder: 2px solid #cfcfcf;\n\t\t\t\t}\n\t\t\t\t#gallery-6 .gallery-caption {\n\t\t\t\t\tmargin-left: 0;\n\t\t\t\t}\n\t\t\t\t\/* see gallery_shortcode() in wp-includes\/media.php *\/\n\t\t\t<\/style>\n\t\t<div id='gallery-6' class='dt-gallery-container gallery galleryid-343695 gallery-columns-2 gallery-size-medium'><dl class='gallery-item'>\n\t\t\t\t<dt class='gallery-icon landscape'>\n\t\t\t\t\t<a class=\"rollover rollover-zoom dt-pswp-item\" title=\"Pierni_e_Giacomin_sul_podio\" data-dt-img-description=\"\" data-large_image_width=\"1600\" data-large_image_height=\"1201\"href='https:\/\/www.radiopiu.net\/wordpress\/wp-content\/uploads\/2023\/07\/Pierni_e_Giacomin_sul_podio.jpg'><img loading=\"lazy\" decoding=\"async\" width=\"300\" height=\"225\" src=\"https:\/\/www.radiopiu.net\/wordpress\/wp-content\/uploads\/2023\/07\/Pierni_e_Giacomin_sul_podio-300x225.jpg\" class=\"attachment-medium size-medium\" alt=\"\" srcset=\"https:\/\/www.radiopiu.net\/wordpress\/wp-content\/uploads\/2023\/07\/Pierni_e_Giacomin_sul_podio-300x225.jpg 300w, https:\/\/www.radiopiu.net\/wordpress\/wp-content\/uploads\/2023\/07\/Pierni_e_Giacomin_sul_podio-1024x769.jpg 1024w, https:\/\/www.radiopiu.net\/wordpress\/wp-content\/uploads\/2023\/07\/Pierni_e_Giacomin_sul_podio-768x576.jpg 768w, https:\/\/www.radiopiu.net\/wordpress\/wp-content\/uploads\/2023\/07\/Pierni_e_Giacomin_sul_podio-1536x1153.jpg 1536w, https:\/\/www.radiopiu.net\/wordpress\/wp-content\/uploads\/2023\/07\/Pierni_e_Giacomin_sul_podio.jpg 1600w\" sizes=\"auto, (max-width: 300px) 100vw, 300px\" \/><\/a>\n\t\t\t\t<\/dt><\/dl><dl class='gallery-item'>\n\t\t\t\t<dt class='gallery-icon landscape'>\n\t\t\t\t\t<a class=\"rollover rollover-zoom dt-pswp-item\" title=\"Master_bellunesi_a_Caorle\" data-dt-img-description=\"\" data-large_image_width=\"1024\" data-large_image_height=\"768\"href='https:\/\/www.radiopiu.net\/wordpress\/wp-content\/uploads\/2023\/07\/Master_bellunesi_a_Caorle.jpg'><img loading=\"lazy\" decoding=\"async\" width=\"300\" height=\"225\" src=\"https:\/\/www.radiopiu.net\/wordpress\/wp-content\/uploads\/2023\/07\/Master_bellunesi_a_Caorle-300x225.jpg\" class=\"attachment-medium size-medium\" alt=\"\" srcset=\"https:\/\/www.radiopiu.net\/wordpress\/wp-content\/uploads\/2023\/07\/Master_bellunesi_a_Caorle-300x225.jpg 300w, https:\/\/www.radiopiu.net\/wordpress\/wp-content\/uploads\/2023\/07\/Master_bellunesi_a_Caorle-768x576.jpg 768w, https:\/\/www.radiopiu.net\/wordpress\/wp-content\/uploads\/2023\/07\/Master_bellunesi_a_Caorle.jpg 1024w\" sizes=\"auto, (max-width: 300px) 100vw, 300px\" \/><\/a>\n\t\t\t\t<\/dt><\/dl><br style=\"clear: both\" \/>\n\t\t\t<\/div>\n\n<p><span style=\"color: #0000ff;\"><strong>PALLAVOLO<\/strong><\/span><\/p>\n<blockquote>\n<h3>COMPLETATO IL ROSTER DE BELLUNO VOLLEY TEAM<\/h3>\n<\/blockquote>\n<p><strong>BELLUNO<\/strong> Mancavano tre tessere per completare il mosaico del Belluno Volley nella stagione 2023-2024? Niente paura, il momento degli annunci \u00e8 arrivato. La societ\u00e0 presieduta da Sandro Da Rold chiude il proprio organico con la giovane coppia di liberi, formata da Simone Orto ed Elia Fraccaro, mentre la batteria dei centrali sar\u00e0 completata da Piergiorgio Antonaci.<span class=\"gmail-Apple-converted-space\"> \u00a0<\/span>Partendo proprio dal centro, Antonaci arriva dalla Puglia: nello specifico, da Galatina. Ventotto anni compiuti lo scorso aprile, \u00e8 alto 195 centimetri e, dopo aver mosso i primi passi pallavolistici nella squadra della sua terra, si \u00e8 trasferito in Veneto: in particolare a Trebaseleghe (B2), nel 2015. \u00c8 giovane, ma ha gi\u00e0 un curriculum importante Simone Orto: il libero, che ha spento 19 candeline una settimana fa, \u00e8 originario di Catania e ha appena archiviato un\u2019esperienza di rilievo a Ravenna, dove arricchiva la rosa della prima squadra di A2. E dove si \u00e8 laureato campione d\u2019Italia Under 19: un titolo nobilitato pure dal riconoscimento come miglior libero delle fasi finali. Nello stesso ruolo, inoltre, agir\u00e0 un prodotto del vivaio bellunese: Elia Fraccaro. Classe 2005, si \u00e8 messo in luce con la formazione di serie D, targata Poke a Pu\u00e0, oltre che in ambito giovanile. E ora potr\u00e0 crescere con i rinoceronti.<span class=\"gmail-Apple-converted-space\">\u00a0<\/span><\/p>\n\n\t\t\t<style type='text\/css'>\n\t\t\t\t#gallery-7 {\n\t\t\t\t\tmargin: auto;\n\t\t\t\t}\n\t\t\t\t#gallery-7 .gallery-item {\n\t\t\t\t\tfloat: left;\n\t\t\t\t\tmargin-top: 10px;\n\t\t\t\t\ttext-align: center;\n\t\t\t\t\twidth: 33%;\n\t\t\t\t}\n\t\t\t\t#gallery-7 img {\n\t\t\t\t\tborder: 2px solid #cfcfcf;\n\t\t\t\t}\n\t\t\t\t#gallery-7 .gallery-caption {\n\t\t\t\t\tmargin-left: 0;\n\t\t\t\t}\n\t\t\t\t\/* see gallery_shortcode() in wp-includes\/media.php *\/\n\t\t\t<\/style>\n\t\t<div id='gallery-7' class='dt-gallery-container gallery galleryid-343695 gallery-columns-3 gallery-size-thumbnail'><dl class='gallery-item'>\n\t\t\t\t<dt class='gallery-icon portrait'>\n\t\t\t\t\t<a class=\"rollover\" href='https:\/\/www.radiopiu.net\/wordpress\/giornale-radiopiu-13-luglio-2023-direttore-mirko-mezzacasada-40-anni-25-giugno-1983-25-giugno-2023\/antonaci_nuovo_centrale\/'><img loading=\"lazy\" decoding=\"async\" width=\"150\" height=\"150\" src=\"https:\/\/www.radiopiu.net\/wordpress\/wp-content\/uploads\/2023\/07\/Antonaci_nuovo_centrale-150x150.jpg\" class=\"attachment-thumbnail size-thumbnail\" alt=\"\" aria-describedby=\"gallery-7-343747\" \/><\/a>\n\t\t\t\t<\/dt>\n\t\t\t\t\t<dd class='wp-caption-text gallery-caption' id='gallery-7-343747'>\n\t\t\t\t\tPIERGIORGIO ANTONACCI\n\t\t\t\t\t<\/dd><\/dl><dl class='gallery-item'>\n\t\t\t\t<dt class='gallery-icon landscape'>\n\t\t\t\t\t<a class=\"rollover\" href='https:\/\/www.radiopiu.net\/wordpress\/giornale-radiopiu-13-luglio-2023-direttore-mirko-mezzacasada-40-anni-25-giugno-1983-25-giugno-2023\/ravenna-5-03-2023-volley-pallavolo-consar-rcm-ravenna-pool-libertas-cantu-1-3\/'><img loading=\"lazy\" decoding=\"async\" width=\"150\" height=\"150\" src=\"https:\/\/www.radiopiu.net\/wordpress\/wp-content\/uploads\/2023\/07\/Simone_Orto-150x150.jpg\" class=\"attachment-thumbnail size-thumbnail\" alt=\"\" aria-describedby=\"gallery-7-343748\" \/><\/a>\n\t\t\t\t<\/dt>\n\t\t\t\t\t<dd class='wp-caption-text gallery-caption' id='gallery-7-343748'>\n\t\t\t\t\tSIMONE ORTO\n\t\t\t\t\t<\/dd><\/dl><dl class='gallery-item'>\n\t\t\t\t<dt class='gallery-icon landscape'>\n\t\t\t\t\t<a class=\"rollover\" href='https:\/\/www.radiopiu.net\/wordpress\/giornale-radiopiu-13-luglio-2023-direttore-mirko-mezzacasada-40-anni-25-giugno-1983-25-giugno-2023\/fraccaro_in_serie_d\/'><img loading=\"lazy\" decoding=\"async\" width=\"150\" height=\"150\" src=\"https:\/\/www.radiopiu.net\/wordpress\/wp-content\/uploads\/2023\/07\/Fraccaro_in_serie_D-150x150.jpg\" class=\"attachment-thumbnail size-thumbnail\" alt=\"\" aria-describedby=\"gallery-7-343749\" \/><\/a>\n\t\t\t\t<\/dt>\n\t\t\t\t\t<dd class='wp-caption-text gallery-caption' id='gallery-7-343749'>\n\t\t\t\t\tELIA FRACCARO\n\t\t\t\t\t<\/dd><\/dl><br style=\"clear: both\" \/>\n\t\t\t<\/div>\n\n<p>&nbsp;<\/p>\n<blockquote>\n<h3>NASCE LA HOMECLICK SB VOLLEY<\/h3>\n<\/blockquote>\n<p><strong><a class=\"dt-pswp-item\" href=\"https:\/\/www.radiopiu.net\/wordpress\/wp-content\/uploads\/2023\/07\/SB_Volley.jpg\" data-dt-img-description=\"\" data-large_image_width=\"807\" data-large_image_height=\"701\"><img loading=\"lazy\" decoding=\"async\" class=\" wp-image-343827 alignleft\" src=\"https:\/\/www.radiopiu.net\/wordpress\/wp-content\/uploads\/2023\/07\/SB_Volley-300x261.jpg\" alt=\"\" width=\"137\" height=\"119\" srcset=\"https:\/\/www.radiopiu.net\/wordpress\/wp-content\/uploads\/2023\/07\/SB_Volley-300x261.jpg 300w, https:\/\/www.radiopiu.net\/wordpress\/wp-content\/uploads\/2023\/07\/SB_Volley-768x667.jpg 768w, https:\/\/www.radiopiu.net\/wordpress\/wp-content\/uploads\/2023\/07\/SB_Volley.jpg 807w\" sizes=\"auto, (max-width: 137px) 100vw, 137px\" \/><\/a>BELLUNO <\/strong>L\u2019unione fa la forza. E la fa davvero.<span class=\"gmail-Apple-converted-space\"> \u00a0<\/span>Ne sono convinte Pallavolo Belluno e Pallavolo Sedico: le due societ\u00e0 hanno deciso di convogliare energie, competenze e professionalit\u00e0 in un unico versante. E di avviare un rapporto di collaborazione, finalizzato alla crescita dell\u2019intero movimento pallavolistico in provincia. L\u2019accordo, appena sottoscritto, \u00e8 a suo modo storico e, in ambito femminile, rappresenta un unicum.<span class=\"gmail-Apple-converted-space\"> \u00a0<\/span>Nello specifico, i club presieduti da Giancarlo Ingrosso e Walter De Barba daranno vita a un sodalizio protagonista in due categorie &#8211; serie C e D &#8211; ma con un\u2019unica denominazione: Homeclick SB Volley<\/p>\n<p>&nbsp;<\/p>\n<p>&nbsp;<\/p>\n<p>&nbsp;<\/p>\n<\/div>\n<\/div>\n<\/div>\n","protected":false},"excerpt":{"rendered":"<p>40esimo di RADIOPIU\u2026. LA VOCE DELL\u2019EMOZIONE ISCRIVITI AL NOSTRO CANALE\u00a0\u00a0YOUTUBE PER SEGUIRE IN DIRETTA I PRINCIPALI PROGRAMMI DI RADIO PIU\u2019 E LE FUTURE DIRETTE IN ESTERNA. PER ISCRIVERTI\u00a0CLICCA QUI\u00a0E PREMI\u00a0 \u201cIscriviti\u201d\u00a0 &nbsp; &nbsp; &nbsp; DA OGGI RIAPRE LA SP 347 DEL DURAN E CEREDA A LA VALLE LA VALLE A partire da oggi la SP&hellip;<\/p>\n","protected":false},"author":4,"featured_media":343836,"comment_status":"closed","ping_status":"closed","sticky":false,"template":"","format":"standard","meta":{"_monsterinsights_skip_tracking":false,"_monsterinsights_sitenote_active":false,"_monsterinsights_sitenote_note":"","_monsterinsights_sitenote_category":0,"footnotes":""},"categories":[51,86,49],"tags":[],"class_list":["post-343695","post","type-post","status-publish","format-standard","has-post-thumbnail","hentry","category-evidenza-top","category-gr","category-news-18","category-51","category-86","category-49","description-off"],"img_url":"https:\/\/www.radiopiu.net\/wordpress\/wp-content\/uploads\/2023\/07\/5eee06dd-8d5e-4b51-9763-c67aab8f4ed4.jpg","_links":{"self":[{"href":"https:\/\/www.radiopiu.net\/wordpress\/wp-json\/wp\/v2\/posts\/343695","targetHints":{"allow":["GET"]}}],"collection":[{"href":"https:\/\/www.radiopiu.net\/wordpress\/wp-json\/wp\/v2\/posts"}],"about":[{"href":"https:\/\/www.radiopiu.net\/wordpress\/wp-json\/wp\/v2\/types\/post"}],"author":[{"embeddable":true,"href":"https:\/\/www.radiopiu.net\/wordpress\/wp-json\/wp\/v2\/users\/4"}],"replies":[{"embeddable":true,"href":"https:\/\/www.radiopiu.net\/wordpress\/wp-json\/wp\/v2\/comments?post=343695"}],"version-history":[{"count":0,"href":"https:\/\/www.radiopiu.net\/wordpress\/wp-json\/wp\/v2\/posts\/343695\/revisions"}],"wp:featuredmedia":[{"embeddable":true,"href":"https:\/\/www.radiopiu.net\/wordpress\/wp-json\/wp\/v2\/media\/343836"}],"wp:attachment":[{"href":"https:\/\/www.radiopiu.net\/wordpress\/wp-json\/wp\/v2\/media?parent=343695"}],"wp:term":[{"taxonomy":"category","embeddable":true,"href":"https:\/\/www.radiopiu.net\/wordpress\/wp-json\/wp\/v2\/categories?post=343695"},{"taxonomy":"post_tag","embeddable":true,"href":"https:\/\/www.radiopiu.net\/wordpress\/wp-json\/wp\/v2\/tags?post=343695"}],"curies":[{"name":"wp","href":"https:\/\/api.w.org\/{rel}","templated":true}]}}