{"id":343738,"date":"2023-07-12T12:11:18","date_gmt":"2023-07-12T10:11:18","guid":{"rendered":"https:\/\/www.radiopiu.net\/wordpress\/?p=343738"},"modified":"2023-07-13T05:40:40","modified_gmt":"2023-07-13T03:40:40","slug":"sette-incontri-tra-il-sindaco-viviana-fusaro-e-diana-de-paoli","status":"publish","type":"post","link":"https:\/\/www.radiopiu.net\/wordpress\/sette-incontri-tra-il-sindaco-viviana-fusaro-e-diana-de-paoli\/","title":{"rendered":"SETTE INCONTRI TRA IL SINDACO VIVIANA FUSARO E DIANA DE PAOLI"},"content":{"rendered":"<p><strong>REDAZIONE<\/strong> Riceviamo e pubblichiamo, una nota del sindavo di Feltre, Viviana Fusaro relativamente alla vicenda della signora Diana De Paoli che lamenta scarso interessamento alla sua vicenda da parte delle istituzioni, segnatamente del Comune di Feltre.<\/p>\n<p><strong>di Viviana Fusaro<\/strong><\/p>\n<p><em><a class=\"dt-pswp-item\" href=\"https:\/\/www.radiopiu.net\/wordpress\/wp-content\/uploads\/2023\/07\/Fusaro-Viviana-image.jpg_fdetail_558h720w-467x445-1.jpg\" data-dt-img-description=\"\" data-large_image_width=\"467\" data-large_image_height=\"445\"><img loading=\"lazy\" decoding=\"async\" class=\"wp-image-343739 alignleft\" src=\"https:\/\/www.radiopiu.net\/wordpress\/wp-content\/uploads\/2023\/07\/Fusaro-Viviana-image.jpg_fdetail_558h720w-467x445-1-300x286.jpg\" alt=\"\" width=\"178\" height=\"170\" srcset=\"https:\/\/www.radiopiu.net\/wordpress\/wp-content\/uploads\/2023\/07\/Fusaro-Viviana-image.jpg_fdetail_558h720w-467x445-1-300x286.jpg 300w, https:\/\/www.radiopiu.net\/wordpress\/wp-content\/uploads\/2023\/07\/Fusaro-Viviana-image.jpg_fdetail_558h720w-467x445-1.jpg 467w\" sizes=\"auto, (max-width: 178px) 100vw, 178px\" \/><\/a>\u201cConosciamo molto bene la questione e ne siamo estremamente rammaricati e dispiaciuti. Dire che il Comune di Feltre non si sia interessato alla vicenda \u00e8 per\u00f2 non solo errato, ma anche fuorviante, visto che \u2013 come risulta dalla mia agenda \u2013 nel primo anno di mandato ho incontrato personalmente la signora De Paoli per ben 7 volte (a luglio e settembre del 2022 e nei mesi di marzo, aprile, maggio e giugno due volte, una anche alla presenza del suo attuale legale, quest\u2019anno). Quanto poi al suo gesto di protesta nella giornata di marted\u00ec, avrei portato volentieri il mio saluto e la mia vicinanza alla signora, ma non sono stata minimamente informata della cosa. Detto che il Comune non pu\u00f2 &#8211; n\u00e9 per ragioni economiche, n\u00e9 per motivi di equit\u00e0 nei confronti dei propri cittadini &#8211; sanare impegni finanziari personali, specialmente di importi rilevanti, io, i miei colleghi di giunta e gli uffici comunali preposti continueremo naturalmente a seguire la vicenda, che \u00e8 complessa e ricca di aspetti di natura strettamente privatistica, con l\u2019auspicio che si possa addivenire ad una soluzione definitiva\u201d.<\/em><\/p>\n<p>&nbsp;<\/p>\n<p>&nbsp;<\/p>\n<hr \/>\n<p>&nbsp;<\/p>\n","protected":false},"excerpt":{"rendered":"<p>REDAZIONE Riceviamo e pubblichiamo, una nota del sindavo di Feltre, Viviana Fusaro relativamente alla vicenda della signora Diana De Paoli che lamenta scarso interessamento alla sua vicenda da parte delle istituzioni, segnatamente del Comune di Feltre. di Viviana Fusaro \u201cConosciamo molto bene la questione e ne siamo estremamente rammaricati e dispiaciuti. Dire che il Comune&hellip;<\/p>\n","protected":false},"author":4,"featured_media":343739,"comment_status":"closed","ping_status":"closed","sticky":false,"template":"","format":"standard","meta":{"_monsterinsights_skip_tracking":false,"_monsterinsights_sitenote_active":false,"_monsterinsights_sitenote_note":"","_monsterinsights_sitenote_category":0,"footnotes":""},"categories":[51,49],"tags":[],"class_list":["post-343738","post","type-post","status-publish","format-standard","has-post-thumbnail","hentry","category-evidenza-top","category-news-18","category-51","category-49","description-off"],"img_url":"https:\/\/www.radiopiu.net\/wordpress\/wp-content\/uploads\/2023\/07\/Fusaro-Viviana-image.jpg_fdetail_558h720w-467x445-1.jpg","_links":{"self":[{"href":"https:\/\/www.radiopiu.net\/wordpress\/wp-json\/wp\/v2\/posts\/343738","targetHints":{"allow":["GET"]}}],"collection":[{"href":"https:\/\/www.radiopiu.net\/wordpress\/wp-json\/wp\/v2\/posts"}],"about":[{"href":"https:\/\/www.radiopiu.net\/wordpress\/wp-json\/wp\/v2\/types\/post"}],"author":[{"embeddable":true,"href":"https:\/\/www.radiopiu.net\/wordpress\/wp-json\/wp\/v2\/users\/4"}],"replies":[{"embeddable":true,"href":"https:\/\/www.radiopiu.net\/wordpress\/wp-json\/wp\/v2\/comments?post=343738"}],"version-history":[{"count":0,"href":"https:\/\/www.radiopiu.net\/wordpress\/wp-json\/wp\/v2\/posts\/343738\/revisions"}],"wp:featuredmedia":[{"embeddable":true,"href":"https:\/\/www.radiopiu.net\/wordpress\/wp-json\/wp\/v2\/media\/343739"}],"wp:attachment":[{"href":"https:\/\/www.radiopiu.net\/wordpress\/wp-json\/wp\/v2\/media?parent=343738"}],"wp:term":[{"taxonomy":"category","embeddable":true,"href":"https:\/\/www.radiopiu.net\/wordpress\/wp-json\/wp\/v2\/categories?post=343738"},{"taxonomy":"post_tag","embeddable":true,"href":"https:\/\/www.radiopiu.net\/wordpress\/wp-json\/wp\/v2\/tags?post=343738"}],"curies":[{"name":"wp","href":"https:\/\/api.w.org\/{rel}","templated":true}]}}