{"id":343743,"date":"2023-07-13T05:30:59","date_gmt":"2023-07-13T03:30:59","guid":{"rendered":"https:\/\/www.radiopiu.net\/wordpress\/?p=343743"},"modified":"2023-07-13T05:40:32","modified_gmt":"2023-07-13T03:40:32","slug":"le-risorgive-dei-fontanoi-presso-la-chiesa-di-san-lucano-a-taibon-agordino","status":"publish","type":"post","link":"https:\/\/www.radiopiu.net\/wordpress\/le-risorgive-dei-fontanoi-presso-la-chiesa-di-san-lucano-a-taibon-agordino\/","title":{"rendered":"LE \u201c RISORGIVE DEI FONTANOI\u201d PRESSO LA CHIESA DI SAN LUCANO  A TAIBON AGORDINO"},"content":{"rendered":"<p><strong><a class=\"dt-pswp-item\" href=\"https:\/\/www.radiopiu.net\/wordpress\/wp-content\/uploads\/2023\/07\/fontanoi-scaled.jpg\" data-dt-img-description=\"\" data-large_image_width=\"2560\" data-large_image_height=\"1920\"><img loading=\"lazy\" decoding=\"async\" class=\" wp-image-343751 alignleft\" src=\"https:\/\/www.radiopiu.net\/wordpress\/wp-content\/uploads\/2023\/07\/fontanoi-300x225.jpg\" alt=\"\" width=\"209\" height=\"157\" srcset=\"https:\/\/www.radiopiu.net\/wordpress\/wp-content\/uploads\/2023\/07\/fontanoi-300x225.jpg 300w, https:\/\/www.radiopiu.net\/wordpress\/wp-content\/uploads\/2023\/07\/fontanoi-1024x768.jpg 1024w, https:\/\/www.radiopiu.net\/wordpress\/wp-content\/uploads\/2023\/07\/fontanoi-768x576.jpg 768w, https:\/\/www.radiopiu.net\/wordpress\/wp-content\/uploads\/2023\/07\/fontanoi-1536x1152.jpg 1536w, https:\/\/www.radiopiu.net\/wordpress\/wp-content\/uploads\/2023\/07\/fontanoi-2048x1536.jpg 2048w\" sizes=\"auto, (max-width: 209px) 100vw, 209px\" \/><\/a>a cura di Alessandro Savio<\/strong><\/p>\n<p>La risorgiva \u00e8 una sorgente di acqua dolce di origine naturale\u00a0 dei terreni di fondovalle.\u201c I FONTANOI\u201d tipica risorgiva della Valle di San Lucano si trova entrando da Taibon , dopo la Chiesa omonima , fra la strada comunale che conduce a Col Di Pr\u00e0 ed il torrente Tegnas. L\u2019acqua che scende dalle varie fessurazioni nella roccia dalle sovrastanti ed imponenti Pale di San Lucano , viene convogliata a valle alla base delle pareti in un ambiente di frana e depositi detritici, fino a raggiungere dei materiali morenici glaciali poco permeabili e quindi costretta a tornare in superficie spontaneamente. La \u201ctesta \u201cdel fontanile \u00e8 situata in corrispondenza della cosiddetta strada dei \u201cPaluch\u201d , e poi viene incanalata nella \u201casta\u201d naturale a valle fino a congiungersi con il torrente Tegnas, per un percorso di circa ottanta metri lineari. La sorgente , ben visibile dalla strada comunale \u00e8 caratterizzata da un\u2019acqua limpida e cristallina che si differenzia dal torrente Tegnas per il fondo ricco di muschio, piante acquatiche e microorganismi. Il fondo del Tegnas invece risulta molto pi\u00f9 sterile con una colorazione bianca anche perch\u00e9 il letto \u00e8 formato da uno spesso strato di depositi alluvionali di ghiaia che possono raggiungere una profondit\u00e0 di circa 50\/60 metri. Le risorgive sono soggette a continui fenomeni di magra e di assoluta piena, a seconda delle condizioni atmosferiche di siccit\u00e0 o di abbondanti piogge. Negli anni era frequente la domanda degli abitanti di Taibon in primavera : \u201c\u2026.. Buteli i Fontanoi\u201d?\u2026 ovvero sgorga l\u2019acqua dalla risorgiva. Questi discorsi indicavano il perdurare delle piogge o di inverni con abbondanza di neve .In questi giorni , anche in concomitanza della sagra di San Lucano per il 20 di Luglio, i volontari del Gruppo Piodech di Taibon , sempre attenti alla cura del territorio , hanno eseguito una accurata pulizia della sorgente mediante il taglio dei numerosi cespugli che ormai rendevano impossibile la vista di questo meraviglioso spettacolo della natura alle pendici delle Pale e dell\u2019Agner. L\u2019acqua , sorgente di vita , \u00e8 indispensabile per la nostra sopravvivenza e quella del nostro pianeta. Senza non c\u2019\u00e8 vita per noi, per gli animali, e per le piante, e pertanto merita rispetto in quanto bene comune dell\u2019umanit\u00e0,elemento importante e necessario per garantire il diritto universale fondamentale per le persone,per la salute e il benessere proprio e delle famiglie. Ora che la zona \u00e8 stata ripulita si pu\u00f2 notare benissimo dalla strada questo caratteristico fenomeno presente nella nostra bellissima valle.<\/p>\n<p>&nbsp;<\/p>\n<p>&nbsp;<\/p>\n<p>*******<\/p>\n","protected":false},"excerpt":{"rendered":"<p>a cura di Alessandro Savio La risorgiva \u00e8 una sorgente di acqua dolce di origine naturale\u00a0 dei terreni di fondovalle.\u201c I FONTANOI\u201d tipica risorgiva della Valle di San Lucano si trova entrando da Taibon , dopo la Chiesa omonima , fra la strada comunale che conduce a Col Di Pr\u00e0 ed il torrente Tegnas. L\u2019acqua&hellip;<\/p>\n","protected":false},"author":4,"featured_media":343751,"comment_status":"closed","ping_status":"closed","sticky":false,"template":"","format":"standard","meta":{"_monsterinsights_skip_tracking":false,"_monsterinsights_sitenote_active":false,"_monsterinsights_sitenote_note":"","_monsterinsights_sitenote_category":0,"footnotes":""},"categories":[104,49],"tags":[],"class_list":["post-343743","post","type-post","status-publish","format-standard","has-post-thumbnail","hentry","category-evidenza_3","category-news-18","category-104","category-49","description-off"],"img_url":"https:\/\/www.radiopiu.net\/wordpress\/wp-content\/uploads\/2023\/07\/fontanoi-scaled.jpg","_links":{"self":[{"href":"https:\/\/www.radiopiu.net\/wordpress\/wp-json\/wp\/v2\/posts\/343743","targetHints":{"allow":["GET"]}}],"collection":[{"href":"https:\/\/www.radiopiu.net\/wordpress\/wp-json\/wp\/v2\/posts"}],"about":[{"href":"https:\/\/www.radiopiu.net\/wordpress\/wp-json\/wp\/v2\/types\/post"}],"author":[{"embeddable":true,"href":"https:\/\/www.radiopiu.net\/wordpress\/wp-json\/wp\/v2\/users\/4"}],"replies":[{"embeddable":true,"href":"https:\/\/www.radiopiu.net\/wordpress\/wp-json\/wp\/v2\/comments?post=343743"}],"version-history":[{"count":0,"href":"https:\/\/www.radiopiu.net\/wordpress\/wp-json\/wp\/v2\/posts\/343743\/revisions"}],"wp:featuredmedia":[{"embeddable":true,"href":"https:\/\/www.radiopiu.net\/wordpress\/wp-json\/wp\/v2\/media\/343751"}],"wp:attachment":[{"href":"https:\/\/www.radiopiu.net\/wordpress\/wp-json\/wp\/v2\/media?parent=343743"}],"wp:term":[{"taxonomy":"category","embeddable":true,"href":"https:\/\/www.radiopiu.net\/wordpress\/wp-json\/wp\/v2\/categories?post=343743"},{"taxonomy":"post_tag","embeddable":true,"href":"https:\/\/www.radiopiu.net\/wordpress\/wp-json\/wp\/v2\/tags?post=343743"}],"curies":[{"name":"wp","href":"https:\/\/api.w.org\/{rel}","templated":true}]}}