{"id":343760,"date":"2023-07-12T10:38:19","date_gmt":"2023-07-12T08:38:19","guid":{"rendered":"https:\/\/www.radiopiu.net\/wordpress\/?p=343760"},"modified":"2023-07-13T05:41:18","modified_gmt":"2023-07-13T03:41:18","slug":"tutto-pronto-per-la-41esima-transcivetta","status":"publish","type":"post","link":"https:\/\/www.radiopiu.net\/wordpress\/tutto-pronto-per-la-41esima-transcivetta\/","title":{"rendered":"TUTTO PRONTO PER LA 41ESIMA TRANSCIVETTA"},"content":{"rendered":"<p><strong><a class=\"dt-pswp-item\" href=\"https:\/\/www.radiopiu.net\/wordpress\/wp-content\/uploads\/2022\/03\/\u00a9TiComunicazione_-TRANSCIVETTA-KARPOS-2022.jpg\" data-dt-img-description=\"\" data-large_image_width=\"1900\" data-large_image_height=\"1267\"><img loading=\"lazy\" decoding=\"async\" class=\" wp-image-266927 alignleft\" src=\"https:\/\/www.radiopiu.net\/wordpress\/wp-content\/uploads\/2022\/03\/\u00a9TiComunicazione_-TRANSCIVETTA-KARPOS-2022-300x200.jpg\" alt=\"\" width=\"182\" height=\"121\" srcset=\"https:\/\/www.radiopiu.net\/wordpress\/wp-content\/uploads\/2022\/03\/\u00a9TiComunicazione_-TRANSCIVETTA-KARPOS-2022-300x200.jpg 300w, https:\/\/www.radiopiu.net\/wordpress\/wp-content\/uploads\/2022\/03\/\u00a9TiComunicazione_-TRANSCIVETTA-KARPOS-2022-1024x683.jpg 1024w, https:\/\/www.radiopiu.net\/wordpress\/wp-content\/uploads\/2022\/03\/\u00a9TiComunicazione_-TRANSCIVETTA-KARPOS-2022-768x512.jpg 768w, https:\/\/www.radiopiu.net\/wordpress\/wp-content\/uploads\/2022\/03\/\u00a9TiComunicazione_-TRANSCIVETTA-KARPOS-2022-1536x1024.jpg 1536w, https:\/\/www.radiopiu.net\/wordpress\/wp-content\/uploads\/2022\/03\/\u00a9TiComunicazione_-TRANSCIVETTA-KARPOS-2022.jpg 1900w\" sizes=\"auto, (max-width: 182px) 100vw, 182px\" \/><\/a>ALLEGHE <\/strong>Tutto pronto per uno degli eventi di maggior tradizione e maggior suggestione della corsa in montagna italiana, Transcivetta Karpos, storica gara a coppie che si svolge sulle Dolomiti Bellunesi, con partenza da Listolade di Taibon Agordino e arrivo ad Alleghe. L\u2019appuntamento \u00e8 per domenica 16 luglio. Il via verr\u00e0 dato alle 9. I concorrenti dovranno percorrere il tradizionale tracciato che parte da Listolade (705 metri di altitudine) e si conclude ai Piani di Pezz\u00e9 di Alleghe (1.460 metri di altitudine) dopo 23,5 chilometri, percorrendo parte dell\u2019Alta Via numero 1 e toccando capanna Trieste, il rifugio Vazzoler, il rifugio Tissi (che con i suoi 2.281 metri di altitudine rappresenta il \u201ctetto\u201d della gara), forcella Col Negro, forcella Coldai, il rifugio Coldai. I metri di dislivello sono 1.950. Saranno 800 le coppie in gara, vale a dire il numero massimo fissato dall\u2019organizzazione.\u00a0 Con il pettorale 1 gareggeranno gli agordini Luca e Lorenzo Cagnati, gi\u00e0 protagonisti in passato. Luca, in particolare, detiene il record del tracciato, stabilito nel 2017 insieme a un altro azzurro della corsa in montagna, Nicola Spada: 2h01\u201922\u201d. I due Cagnati dovranno guardarsi, tra gli altri, dai \u201cdetentori\u201d del titolo, vale a dire l\u2019alpagoto Gianpietro Barattin e il polesano Enrico Bonati, vincitori lo scorso anno in 2h15\u201908\u201d.\u00a0 Al femminile, occhi puntati sulle sorelle vicentine Alessandra e Federica Boifava che andranno a caccia del record che appartiene alle sorelle piemontesi Enrica e Francesca Ghelfi, vincitrici nel 2018 con il tempo di 2h42\u201943\u201d. A dare filo da torcere alle due Boifava saranno le vincitrici del 2022, le friulane Anna Finizio e Paola Romanin. Per quanto riguarda le coppie miste, il record risale al 2014 ed \u00e8 di 2h30\u201929\u201d. A stabilirlo furono i vicentini Mirko Righele e Federica Boifava. Favorite per la vittoria sono le coppie che salirono sul primo e secondo gradino del podio lo scorso anno: i cadorini Olivo Da Pra e Martina Da Rin Zanco (vincitori in 2h33\u201938\u201d) e gli altoatesini Markus Planoetscher e Annelise Felderer (secondi in 2h42\u201922\u201d). Nel primo pomeriggio ai Piani di Pezz\u00e9 si svolger\u00e0 anche il tradizionale appuntamento dedicato ai pi\u00f9 piccoli: si tratta di Transcivetta Kids, manifestazione su tracciato di 2,5 chilometri.<\/p>\n<p>&nbsp;<\/p>\n<p>&nbsp;<\/p>\n<p>*******<\/p>\n","protected":false},"excerpt":{"rendered":"<p>ALLEGHE Tutto pronto per uno degli eventi di maggior tradizione e maggior suggestione della corsa in montagna italiana, Transcivetta Karpos, storica gara a coppie che si svolge sulle Dolomiti Bellunesi, con partenza da Listolade di Taibon Agordino e arrivo ad Alleghe. L\u2019appuntamento \u00e8 per domenica 16 luglio. Il via verr\u00e0 dato alle 9. I concorrenti&hellip;<\/p>\n","protected":false},"author":4,"featured_media":266927,"comment_status":"closed","ping_status":"closed","sticky":false,"template":"","format":"standard","meta":{"_monsterinsights_skip_tracking":false,"_monsterinsights_sitenote_active":false,"_monsterinsights_sitenote_note":"","_monsterinsights_sitenote_category":0,"footnotes":""},"categories":[104,49],"tags":[],"class_list":["post-343760","post","type-post","status-publish","format-standard","has-post-thumbnail","hentry","category-evidenza_3","category-news-18","category-104","category-49","description-off"],"img_url":"https:\/\/www.radiopiu.net\/wordpress\/wp-content\/uploads\/2022\/03\/\u00a9TiComunicazione_-TRANSCIVETTA-KARPOS-2022.jpg","_links":{"self":[{"href":"https:\/\/www.radiopiu.net\/wordpress\/wp-json\/wp\/v2\/posts\/343760","targetHints":{"allow":["GET"]}}],"collection":[{"href":"https:\/\/www.radiopiu.net\/wordpress\/wp-json\/wp\/v2\/posts"}],"about":[{"href":"https:\/\/www.radiopiu.net\/wordpress\/wp-json\/wp\/v2\/types\/post"}],"author":[{"embeddable":true,"href":"https:\/\/www.radiopiu.net\/wordpress\/wp-json\/wp\/v2\/users\/4"}],"replies":[{"embeddable":true,"href":"https:\/\/www.radiopiu.net\/wordpress\/wp-json\/wp\/v2\/comments?post=343760"}],"version-history":[{"count":0,"href":"https:\/\/www.radiopiu.net\/wordpress\/wp-json\/wp\/v2\/posts\/343760\/revisions"}],"wp:featuredmedia":[{"embeddable":true,"href":"https:\/\/www.radiopiu.net\/wordpress\/wp-json\/wp\/v2\/media\/266927"}],"wp:attachment":[{"href":"https:\/\/www.radiopiu.net\/wordpress\/wp-json\/wp\/v2\/media?parent=343760"}],"wp:term":[{"taxonomy":"category","embeddable":true,"href":"https:\/\/www.radiopiu.net\/wordpress\/wp-json\/wp\/v2\/categories?post=343760"},{"taxonomy":"post_tag","embeddable":true,"href":"https:\/\/www.radiopiu.net\/wordpress\/wp-json\/wp\/v2\/tags?post=343760"}],"curies":[{"name":"wp","href":"https:\/\/api.w.org\/{rel}","templated":true}]}}