{"id":343782,"date":"2023-07-13T05:32:11","date_gmt":"2023-07-13T03:32:11","guid":{"rendered":"https:\/\/www.radiopiu.net\/wordpress\/?p=343782"},"modified":"2023-07-13T05:40:04","modified_gmt":"2023-07-13T03:40:04","slug":"allerta-gialla-in-veneto-per-forti-temporali","status":"publish","type":"post","link":"https:\/\/www.radiopiu.net\/wordpress\/allerta-gialla-in-veneto-per-forti-temporali\/","title":{"rendered":"ALLERTA GIALLA IN VENETO PER FORTI TEMPORALI"},"content":{"rendered":"<p><strong><a class=\"dt-pswp-item\" href=\"https:\/\/www.radiopiu.net\/wordpress\/wp-content\/uploads\/2018\/06\/temporale.jpg\" data-dt-img-description=\"\" data-large_image_width=\"1920\" data-large_image_height=\"1272\"><img loading=\"lazy\" decoding=\"async\" class=\" wp-image-50334 alignleft\" src=\"https:\/\/www.radiopiu.net\/wordpress\/wp-content\/uploads\/2018\/06\/temporale-300x199.jpg\" alt=\"\" width=\"155\" height=\"103\" srcset=\"https:\/\/www.radiopiu.net\/wordpress\/wp-content\/uploads\/2018\/06\/temporale-300x199.jpg 300w, https:\/\/www.radiopiu.net\/wordpress\/wp-content\/uploads\/2018\/06\/temporale-768x509.jpg 768w, https:\/\/www.radiopiu.net\/wordpress\/wp-content\/uploads\/2018\/06\/temporale-1024x678.jpg 1024w, https:\/\/www.radiopiu.net\/wordpress\/wp-content\/uploads\/2018\/06\/temporale.jpg 1920w\" sizes=\"auto, (max-width: 155px) 100vw, 155px\" \/><\/a>VENEZIA <\/strong>Dopo i temporali anche intensi tra la notte e il mattino odierni, che hanno interessato soprattutto le zone montane e pedemontane, tra la serata di oggi e quella di domani, gioved\u00ec 13, \u00e8 previsto il passaggio di un impulso perturbato che determiner\u00e0 varie fasi di instabilit\u00e0, con rovesci e temporali sparsi che interesseranno anche la pianura. Probabilmente si avr\u00e0 una fase pi\u00f9 significativa tra la serata odierna e il primo mattino di domani e una seconda fase gioved\u00ec pomeriggio soprattutto su Prealpi e pianura. Saranno probabili fenomeni anche intensi (forti rovesci, forti raffiche di vento, grandinate). Sulla base di queste previsioni meteo elaborate dall\u2019Arpav, il Centro Funzionale Decentrato della Protezione Civile della Regione Veneto ha dichiarato lo Stato di Attenzione (Allerta gialla) per criticit\u00e0 idrogeologica per forti temporali su tutto il territorio. La dichiarazione ha validit\u00e0 dalle 18.00 di oggi alla mezzanotte di domani, 13 luglio.<\/p>\n<p>&nbsp;<\/p>\n<p>&nbsp;<\/p>\n<p>*******<\/p>\n","protected":false},"excerpt":{"rendered":"<p>VENEZIA Dopo i temporali anche intensi tra la notte e il mattino odierni, che hanno interessato soprattutto le zone montane e pedemontane, tra la serata di oggi e quella di domani, gioved\u00ec 13, \u00e8 previsto il passaggio di un impulso perturbato che determiner\u00e0 varie fasi di instabilit\u00e0, con rovesci e temporali sparsi che interesseranno anche&hellip;<\/p>\n","protected":false},"author":4,"featured_media":50334,"comment_status":"closed","ping_status":"closed","sticky":false,"template":"","format":"standard","meta":{"_monsterinsights_skip_tracking":false,"_monsterinsights_sitenote_active":false,"_monsterinsights_sitenote_note":"","_monsterinsights_sitenote_category":0,"footnotes":""},"categories":[104,49],"tags":[],"class_list":["post-343782","post","type-post","status-publish","format-standard","has-post-thumbnail","hentry","category-evidenza_3","category-news-18","category-104","category-49","description-off"],"img_url":"https:\/\/www.radiopiu.net\/wordpress\/wp-content\/uploads\/2018\/06\/temporale.jpg","_links":{"self":[{"href":"https:\/\/www.radiopiu.net\/wordpress\/wp-json\/wp\/v2\/posts\/343782","targetHints":{"allow":["GET"]}}],"collection":[{"href":"https:\/\/www.radiopiu.net\/wordpress\/wp-json\/wp\/v2\/posts"}],"about":[{"href":"https:\/\/www.radiopiu.net\/wordpress\/wp-json\/wp\/v2\/types\/post"}],"author":[{"embeddable":true,"href":"https:\/\/www.radiopiu.net\/wordpress\/wp-json\/wp\/v2\/users\/4"}],"replies":[{"embeddable":true,"href":"https:\/\/www.radiopiu.net\/wordpress\/wp-json\/wp\/v2\/comments?post=343782"}],"version-history":[{"count":0,"href":"https:\/\/www.radiopiu.net\/wordpress\/wp-json\/wp\/v2\/posts\/343782\/revisions"}],"wp:featuredmedia":[{"embeddable":true,"href":"https:\/\/www.radiopiu.net\/wordpress\/wp-json\/wp\/v2\/media\/50334"}],"wp:attachment":[{"href":"https:\/\/www.radiopiu.net\/wordpress\/wp-json\/wp\/v2\/media?parent=343782"}],"wp:term":[{"taxonomy":"category","embeddable":true,"href":"https:\/\/www.radiopiu.net\/wordpress\/wp-json\/wp\/v2\/categories?post=343782"},{"taxonomy":"post_tag","embeddable":true,"href":"https:\/\/www.radiopiu.net\/wordpress\/wp-json\/wp\/v2\/tags?post=343782"}],"curies":[{"name":"wp","href":"https:\/\/api.w.org\/{rel}","templated":true}]}}