{"id":343826,"date":"2023-07-14T05:48:58","date_gmt":"2023-07-14T03:48:58","guid":{"rendered":"https:\/\/www.radiopiu.net\/wordpress\/?p=343826"},"modified":"2023-07-14T08:20:17","modified_gmt":"2023-07-14T06:20:17","slug":"giornale-radiopiu-14-luglio-2023-direttore-mirko-mezzacasada-40-anni-25-giugno-1983-25-giugno-2023","status":"publish","type":"post","link":"https:\/\/www.radiopiu.net\/wordpress\/giornale-radiopiu-14-luglio-2023-direttore-mirko-mezzacasada-40-anni-25-giugno-1983-25-giugno-2023\/","title":{"rendered":"GIORNALE RADIOPIU 14 LUGLIO 2023 DIRETTORE MIRKO MEZZACASA\u2026DA 40 ANNI 25 GIUGNO 1983-25 GIUGNO 2023"},"content":{"rendered":"<h2 style=\"text-align: left;\"><span style=\"color: #ff0000;\"><span style=\"vertical-align: inherit;\"><a class=\"dt-pswp-item\" href=\"https:\/\/www.radiopiu.net\/wordpress\/wp-content\/uploads\/2023\/04\/e0aad41d-951e-47b9-9fae-1a879a9bcb7e-1.jpg\" data-dt-img-description=\"\" data-large_image_width=\"1200\" data-large_image_height=\"1200\"><img loading=\"lazy\" decoding=\"async\" class=\"wp-image-333205 alignleft\" src=\"https:\/\/www.radiopiu.net\/wordpress\/wp-content\/uploads\/2023\/04\/e0aad41d-951e-47b9-9fae-1a879a9bcb7e-1-300x300.jpg\" alt=\"\" width=\"110\" height=\"110\" srcset=\"https:\/\/www.radiopiu.net\/wordpress\/wp-content\/uploads\/2023\/04\/e0aad41d-951e-47b9-9fae-1a879a9bcb7e-1-300x300.jpg 300w, https:\/\/www.radiopiu.net\/wordpress\/wp-content\/uploads\/2023\/04\/e0aad41d-951e-47b9-9fae-1a879a9bcb7e-1-1024x1024.jpg 1024w, https:\/\/www.radiopiu.net\/wordpress\/wp-content\/uploads\/2023\/04\/e0aad41d-951e-47b9-9fae-1a879a9bcb7e-1-150x150.jpg 150w, https:\/\/www.radiopiu.net\/wordpress\/wp-content\/uploads\/2023\/04\/e0aad41d-951e-47b9-9fae-1a879a9bcb7e-1-768x768.jpg 768w, https:\/\/www.radiopiu.net\/wordpress\/wp-content\/uploads\/2023\/04\/e0aad41d-951e-47b9-9fae-1a879a9bcb7e-1.jpg 1200w\" sizes=\"auto, (max-width: 110px) 100vw, 110px\" \/><\/a><\/span><\/span><\/h2>\n<h1 class=\"entry-title\">40esimo di RADIOPIU\u2026. LA VOCE DELL\u2019EMOZIONE<\/h1>\n<h2><span style=\"color: #ff0000;\">ISCRIVITI AL NOSTRO CANALE\u00a0\u00a0YOUTUBE PER SEGUIRE IN DIRETTA I PRINCIPALI PROGRAMMI DI RADIO PIU\u2019 E LE FUTURE DIRETTE IN ESTERNA. PER ISCRIVERTI\u00a0<a style=\"color: #ff0000;\" href=\"https:\/\/youtube.com\/@radiopiu1527\">CLICCA QUI\u00a0<\/a>E PREMI\u00a0 \u201cIscriviti\u201d\u00a0<\/span><\/h2>\n<p>&nbsp;<\/p>\n<p>&nbsp;<\/p>\n<div class=\"articlePlainText\">\n<hr \/>\n<p>&nbsp;<\/p>\n<blockquote>\n<h3>RIAPERTA LA SP 347 DEL DURAN E CEREDA A LA VALLE<\/h3>\n<\/blockquote>\n<p><strong>LA VALLE<\/strong> La SP 347 del Passo Duran e Cereda \u00e8 aperta a tutti i mezzi. Fino al 31 agosto senso unico alternato regolato da semaforo o movieri ed interruzioni della durata massima di 10 minuti<\/p>\n<p>&nbsp;<\/p>\n<p>&nbsp;<\/p>\n<hr \/>\n<p>&nbsp;<\/p>\n<\/div>\n<blockquote>\n<h3>\u00a0ACQUA POTABILE A TAIBON, NON A ROCCA PIETORE<\/h3>\n<\/blockquote>\n<p><img loading=\"lazy\" decoding=\"async\" class=\"alignleft\" src=\"https:\/\/www.radiopiu.net\/wordpress\/wp-content\/uploads\/2018\/08\/ACQUA.jpeg\" width=\"129\" height=\"77\" \/>Gestione Servizi Pubblici informa che a TAIBON AGORDINO nelle localit\u00e0 CAMPEDEL, COSTE, SERACH, RONCH DE BUOS e NOGAROLA l&#8217;acqua erogata dall&#8217;acquedotto \u00e8 di nuovo potabile e pu\u00f2 essere usata, quindi, per scopi alimentari.. Acqua inquinata invece a a ROCCA PIETORE nelle localit\u00e0 VAL, DAGAI, DAVARE, LE COSTE e RONCH<\/p>\n<p>&nbsp;<\/p>\n<hr \/>\n<p>&nbsp;<\/p>\n<p>&nbsp;<\/p>\n<blockquote>\n<h3>MUORE A 23 ANNI, L&#8217;AUTOPSIA CHIARIRA&#8217; LE CAUSE DEL DECESSO<\/h3>\n<\/blockquote>\n<p><strong>COMELICO<\/strong> La notizia della morte di Simone Zambelli, 23 anni, ha trafitto il Comelico. Una giovane vita spezzata, sar\u00e0 l&#8217;autopsia a chiarire quali sono state le cause della morte.\u00a0 Simone era molto conosciuto, in passato aveva giocato nell&#8217;hockey Auronzo.\u00a0 Sarebbe stato un amico ad allertare i soccorsi, ma ormai il giovane non respirava pi\u00f9. Sequestrate scatole di farmaci utili per le indagini.<\/p>\n\n\t\t\t<style type='text\/css'>\n\t\t\t\t#gallery-1 {\n\t\t\t\t\tmargin: auto;\n\t\t\t\t}\n\t\t\t\t#gallery-1 .gallery-item {\n\t\t\t\t\tfloat: left;\n\t\t\t\t\tmargin-top: 10px;\n\t\t\t\t\ttext-align: center;\n\t\t\t\t\twidth: 33%;\n\t\t\t\t}\n\t\t\t\t#gallery-1 img {\n\t\t\t\t\tborder: 2px solid #cfcfcf;\n\t\t\t\t}\n\t\t\t\t#gallery-1 .gallery-caption {\n\t\t\t\t\tmargin-left: 0;\n\t\t\t\t}\n\t\t\t\t\/* see gallery_shortcode() in wp-includes\/media.php *\/\n\t\t\t<\/style>\n\t\t<div id='gallery-1' class='dt-gallery-container gallery galleryid-343826 gallery-columns-3 gallery-size-thumbnail'><dl class='gallery-item'>\n\t\t\t\t<dt class='gallery-icon landscape'>\n\t\t\t\t\t<a class=\"rollover rollover-zoom dt-pswp-item\" title=\"1176350_484618688293929_1825297704_n\" data-dt-img-description=\"\" data-large_image_width=\"206\" data-large_image_height=\"206\"href='https:\/\/www.radiopiu.net\/wordpress\/wp-content\/uploads\/2023\/07\/1176350_484618688293929_1825297704_n.jpg'><img loading=\"lazy\" decoding=\"async\" width=\"150\" height=\"150\" src=\"https:\/\/www.radiopiu.net\/wordpress\/wp-content\/uploads\/2023\/07\/1176350_484618688293929_1825297704_n-150x150.jpg\" class=\"attachment-thumbnail size-thumbnail\" alt=\"\" srcset=\"https:\/\/www.radiopiu.net\/wordpress\/wp-content\/uploads\/2023\/07\/1176350_484618688293929_1825297704_n-150x150.jpg 150w, https:\/\/www.radiopiu.net\/wordpress\/wp-content\/uploads\/2023\/07\/1176350_484618688293929_1825297704_n.jpg 206w\" sizes=\"auto, (max-width: 150px) 100vw, 150px\" \/><\/a>\n\t\t\t\t<\/dt><\/dl><dl class='gallery-item'>\n\t\t\t\t<dt class='gallery-icon landscape'>\n\t\t\t\t\t<a class=\"rollover rollover-zoom dt-pswp-item\" title=\"Senza nome\" data-dt-img-description=\"\" data-large_image_width=\"338\" data-large_image_height=\"228\"href='https:\/\/www.radiopiu.net\/wordpress\/wp-content\/uploads\/2023\/07\/Senza-nome-28.png'><img loading=\"lazy\" decoding=\"async\" width=\"150\" height=\"150\" src=\"https:\/\/www.radiopiu.net\/wordpress\/wp-content\/uploads\/2023\/07\/Senza-nome-28-150x150.png\" class=\"attachment-thumbnail size-thumbnail\" alt=\"\" \/><\/a>\n\t\t\t\t<\/dt><\/dl><dl class='gallery-item'>\n\t\t\t\t<dt class='gallery-icon landscape'>\n\t\t\t\t\t<a class=\"rollover rollover-zoom dt-pswp-item\" title=\"24302199_1478428065579648_4903979379984971933_o\" data-dt-img-description=\"\" data-large_image_width=\"1080\" data-large_image_height=\"1080\"href='https:\/\/www.radiopiu.net\/wordpress\/wp-content\/uploads\/2023\/07\/24302199_1478428065579648_4903979379984971933_o.jpg'><img loading=\"lazy\" decoding=\"async\" width=\"150\" height=\"150\" src=\"https:\/\/www.radiopiu.net\/wordpress\/wp-content\/uploads\/2023\/07\/24302199_1478428065579648_4903979379984971933_o-150x150.jpg\" class=\"attachment-thumbnail size-thumbnail\" alt=\"\" srcset=\"https:\/\/www.radiopiu.net\/wordpress\/wp-content\/uploads\/2023\/07\/24302199_1478428065579648_4903979379984971933_o-150x150.jpg 150w, https:\/\/www.radiopiu.net\/wordpress\/wp-content\/uploads\/2023\/07\/24302199_1478428065579648_4903979379984971933_o-300x300.jpg 300w, https:\/\/www.radiopiu.net\/wordpress\/wp-content\/uploads\/2023\/07\/24302199_1478428065579648_4903979379984971933_o-1024x1024.jpg 1024w, https:\/\/www.radiopiu.net\/wordpress\/wp-content\/uploads\/2023\/07\/24302199_1478428065579648_4903979379984971933_o-768x768.jpg 768w, https:\/\/www.radiopiu.net\/wordpress\/wp-content\/uploads\/2023\/07\/24302199_1478428065579648_4903979379984971933_o.jpg 1080w\" sizes=\"auto, (max-width: 150px) 100vw, 150px\" \/><\/a>\n\t\t\t\t<\/dt><\/dl><br style=\"clear: both\" \/>\n\t\t\t<\/div>\n\n<p>&nbsp;<\/p>\n<p>&nbsp;<\/p>\n<hr \/>\n<div class=\"page-title-head hgroup\">\n<blockquote>\n<h3 class=\"entry-title\"><\/h3>\n<h3 class=\"entry-title\">APPOGGIA LA BICI E SI ACCASCIA AL SUOLO COLTO DA MALORE<\/h3>\n<\/blockquote>\n<\/div>\n<div class=\"page-title-breadcrumbs\"><strong><img loading=\"lazy\" decoding=\"async\" class=\"alignleft\" src=\"https:\/\/www.radiopiu.net\/wordpress\/wp-content\/uploads\/2021\/03\/1200px-Limana_BL.jpg\" width=\"180\" height=\"135\" \/>LIMANA<\/strong> Stava pedalando tra Giaon e Navasa quando improvvisamente si \u00e8 accasciato a terra. Inutili i tentativi di rianimarlo, Attilio Toldo, 60 anni, ha perso la vita ieri lunga la stradina sopra il paese. Attilio stava pedalando in biciclette, ha intuito che qualche cosa non andava, ha appoggiato la bici ad un palo e poi stremato \u00e8 caduto a terra. a ritrovarlo alcuni passanti. La causa della morte, un infarto, nessun segno di investimento o violenza.Attilio Toldo lascia la moglie e due figli, da un anno era in pensione e s&#8217;occupava della sua grande passione, le moto d&#8217;epoca.<\/div>\n<p>&nbsp;<\/p>\n<hr \/>\n<p>&nbsp;<\/p>\n<blockquote>\n<h3 style=\"text-align: left;\"><img decoding=\"async\" class=\"alignleft\" src=\"https:\/\/www.radiopiu.net\/wordpress\/wp-content\/uploads\/2023\/07\/Senza-nome-30.png\" \/>LA TRAGEDIA DI SANTO STEFANO, IERI SERA LA FIACCOLATA OGGI I FUNERALI<\/h3>\n<\/blockquote>\n<p><strong>FAVARO<\/strong> Lacrime ieri sera a Favaro nel ricordo del piccolo Mattia Antoniello (due anni il 16 luglio), del pap\u00e0 Marco (47 anni) e della nonna Mariagrazia Zuin (64), le tre vittime dell&#8217;investimento di Santo Stefano di Cadore. Era presente anche il sindaco di Santo Stefano di Cadore Oscar Meneghetti, e l&#8217;assessore Walter D&#8217;Ambros e oggi parteciperanno ai funerali con il gonfalone listato a lutto. La cerimonia funebre alle 10.30 in diretta sul canale 10 del digitale terrestre di Antenna 3 NordEst.<\/p>\n<p>&nbsp;<\/p>\n<p>&nbsp;<\/p>\n<hr \/>\n<p>&nbsp;<\/p>\n<blockquote>\n<h3>ESCURSIONISTI FOLGORATI DA UNA SERIE DI FULMINI SULLA FERRATA OLIVIERI<\/h3>\n<\/blockquote>\n<p><strong><a class=\"dt-pswp-item\" href=\"https:\/\/www.radiopiu.net\/wordpress\/wp-content\/uploads\/2019\/08\/SOCCORSO-ALPINO-2019.jpg\" data-dt-img-description=\"\" data-large_image_width=\"1600\" data-large_image_height=\"1200\"><img loading=\"lazy\" decoding=\"async\" class=\" wp-image-96479 alignleft\" src=\"https:\/\/www.radiopiu.net\/wordpress\/wp-content\/uploads\/2019\/08\/SOCCORSO-ALPINO-2019-300x225.jpg\" alt=\"\" width=\"172\" height=\"129\" srcset=\"https:\/\/www.radiopiu.net\/wordpress\/wp-content\/uploads\/2019\/08\/SOCCORSO-ALPINO-2019-300x225.jpg 300w, https:\/\/www.radiopiu.net\/wordpress\/wp-content\/uploads\/2019\/08\/SOCCORSO-ALPINO-2019-768x576.jpg 768w, https:\/\/www.radiopiu.net\/wordpress\/wp-content\/uploads\/2019\/08\/SOCCORSO-ALPINO-2019-1024x768.jpg 1024w, https:\/\/www.radiopiu.net\/wordpress\/wp-content\/uploads\/2019\/08\/SOCCORSO-ALPINO-2019.jpg 1600w\" sizes=\"auto, (max-width: 172px) 100vw, 172px\" \/><\/a>CORTINA<\/strong> Due escursionisti, un 64ennne di Reggio Emilia e un 61enne di Oristano, sono stati colpiti da tre scariche di fulmini mentre si trovavano all&#8217;uscita della Ferrata Olivieri alla Punta Anna, sulle Tofane. A dare l&#8217;allarme un turista straniero che li aveva scorti in visibile difficolt\u00e0, immobili e incapaci di rispondere. L&#8217;uomo era sceso in velocit\u00e0 per trovare campo e fare la prima chiamata attorno alle 16, per poi raggiungere il Rifugio Giussani e chiamare nuovamente assieme al gestore. Non avendo informazioni precise, l&#8217;elicottero del Suem di Pieve di Cadore ha fatto campo base al Rifugio Dibona ed \u00e8 poi risalito di quota e ha sbarcato il tecnico di elisoccorso con un verricello di 25 metri dove la ferrata corre in piano e arriva al bivio in uscita verso la cima tramite la Ferrata Aglio o la discesa dal Sentiero Olivieri. Solo da loro e stato chiaro cosa fosse successo. Entrambi riportavano danni da folgorazione, uno pi\u00f9 lievi, l&#8217;altro di media gravit\u00e0, al punto da dover essere imbarellato. Durante una forte grandinata, mentre ancora erano agganciati al cavo, in successione c&#8217;erano state tre scariche che li avevano fatti sbalzare in aria e cadere terra. Con gli arti contratti, sotto shock, erano rimasti immobili, senza riuscire nemmeno ad estrarre i cellulari. Recuperati e portati in piazzola al Dibona, i due uomini sono stati stabilizzati dall&#8217;equipe medica. L&#8217;eliambulanza \u00e8 poi volata all&#8217;ospedale di Belluno.<\/p>\n<p>&nbsp;<\/p>\n<p>&nbsp;<\/p>\n<hr \/>\n<p>&nbsp;<\/p>\n<blockquote>\n<h3>MALTEMPO IN VENETO, 350 INTERVENTI IN POCHE ORE.<\/h3>\n<\/blockquote>\n<p><strong><img loading=\"lazy\" decoding=\"async\" class=\"alignleft\" src=\"https:\/\/www.radiopiu.net\/wordpress\/wp-content\/uploads\/2020\/08\/Maltempo-Via-San-Francesco.jpeg\" width=\"247\" height=\"185\" \/>VENEZIA<\/strong> <em>\u201cSono in contatto con le strutture della Protezione Civile e con i sindaci dei numerosi comuni veneti che sono stati interessati dal violento maltempo della notte scorsa. Sono state registrate oltre 350 chiamate alle sale operative dei Vigili del Fuoco e della Protezione Civile, per rami pericolanti, alberi abbattuti, danni da vento e grandine. Non si segnalano al momento conseguenze per le persone. Oggi prosegue il lavoro dei tecnici della Protezione Civile regionale e dei Vigili del Fuoco sul territorio veneto, per la valutazione dei danni&#8221;. Lo dice <\/em>Il Presidente della Regione del Veneto, Luca Zaia, che\u00a0 ha firmato la dichiarazione di Stato di Emergenza Regionale in seguito al maltempo che la notte scorsa ha colpito gran parte del territorio. <em>\u201cLe Province di Venezia, Treviso e Vicenza sono quelle maggiormente colpite e quindi, anche in base alla censimento dei danni in corso, vedremo come procedere \u2013 prosegue il Governatore del Veneto -. Allo stato attuale abbiamo cognizione dei danni da vento, che sembrano interessare prevalentemente le alberature, ma in considerazione della grandine di grosse dimensioni temo ci siano danni a macchine, tetti, oltre che all&#8217;agricoltura. Voglio ringraziare per gli interventi tempestivi tutti i soccorritori intervenuti\u201d.<\/em><\/p>\n<p>FOTO ARCHIVIO RADIOPIU<\/p>\n<p>&nbsp;<\/p>\n<p>&nbsp;<\/p>\n<hr \/>\n<blockquote>\n<h3>\u00a0DANNI DA FULMINI<\/h3>\n<\/blockquote>\n<p><strong>VOLTAGO di Duilio la segnalazione dal territorio del Poi. I violenti nubifragi delle ultime ore sono stati caratterizzati anche da fulmini, ecco le conseguenze nella fotografia di questa mattina. Tra le note positive: un albero malato di bostrico&#8230;in meno.<\/strong><\/p>\n<p><a class=\"dt-pswp-item\" href=\"https:\/\/www.radiopiu.net\/wordpress\/wp-content\/uploads\/2023\/07\/3eb50026-daa7-44c2-8e5e-7417e77be8af.jpg\" data-dt-img-description=\"\" data-large_image_width=\"2000\" data-large_image_height=\"1500\"><img loading=\"lazy\" decoding=\"async\" class=\"wp-image-343882 aligncenter\" src=\"https:\/\/www.radiopiu.net\/wordpress\/wp-content\/uploads\/2023\/07\/3eb50026-daa7-44c2-8e5e-7417e77be8af-1024x768.jpg\" alt=\"\" width=\"269\" height=\"202\" srcset=\"https:\/\/www.radiopiu.net\/wordpress\/wp-content\/uploads\/2023\/07\/3eb50026-daa7-44c2-8e5e-7417e77be8af-1024x768.jpg 1024w, https:\/\/www.radiopiu.net\/wordpress\/wp-content\/uploads\/2023\/07\/3eb50026-daa7-44c2-8e5e-7417e77be8af-300x225.jpg 300w, https:\/\/www.radiopiu.net\/wordpress\/wp-content\/uploads\/2023\/07\/3eb50026-daa7-44c2-8e5e-7417e77be8af-768x576.jpg 768w, https:\/\/www.radiopiu.net\/wordpress\/wp-content\/uploads\/2023\/07\/3eb50026-daa7-44c2-8e5e-7417e77be8af-1536x1152.jpg 1536w, https:\/\/www.radiopiu.net\/wordpress\/wp-content\/uploads\/2023\/07\/3eb50026-daa7-44c2-8e5e-7417e77be8af.jpg 2000w\" sizes=\"auto, (max-width: 269px) 100vw, 269px\" \/><\/a><\/p>\n<p>&nbsp;<\/p>\n<hr \/>\n<p>&nbsp;<\/p>\n<p>&nbsp;<\/p>\n<blockquote>\n<h3>EVACUATI DOPO CHE LA FRANA AVEVA PORTATO VIA IL MURO DI CONTENIMENTO<\/h3>\n<\/blockquote>\n<p><strong>GOSALDO<\/strong><\/p>\n<p>di Gianni Santomaso<\/p>\n<audio class=\"wp-audio-shortcode\" id=\"audio-343826-1\" preload=\"none\" style=\"width: 100%;\" controls=\"controls\"><source type=\"audio\/mpeg\" src=\"https:\/\/www.radiopiu.net\/wordpress\/wp-content\/uploads\/2023\/07\/GIANNI-EVAQUATI-DOPO-CHE-LA-FRANA-AVEVA-PORTATO-VIA-IL-MURO-DI-CONTENIMENTO.mp3?_=1\" \/><a href=\"https:\/\/www.radiopiu.net\/wordpress\/wp-content\/uploads\/2023\/07\/GIANNI-EVAQUATI-DOPO-CHE-LA-FRANA-AVEVA-PORTATO-VIA-IL-MURO-DI-CONTENIMENTO.mp3\">https:\/\/www.radiopiu.net\/wordpress\/wp-content\/uploads\/2023\/07\/GIANNI-EVAQUATI-DOPO-CHE-LA-FRANA-AVEVA-PORTATO-VIA-IL-MURO-DI-CONTENIMENTO.mp3<\/a><\/audio>\n<p>&nbsp;<\/p>\n\n\t\t\t<style type='text\/css'>\n\t\t\t\t#gallery-2 {\n\t\t\t\t\tmargin: auto;\n\t\t\t\t}\n\t\t\t\t#gallery-2 .gallery-item {\n\t\t\t\t\tfloat: left;\n\t\t\t\t\tmargin-top: 10px;\n\t\t\t\t\ttext-align: center;\n\t\t\t\t\twidth: 25%;\n\t\t\t\t}\n\t\t\t\t#gallery-2 img {\n\t\t\t\t\tborder: 2px solid #cfcfcf;\n\t\t\t\t}\n\t\t\t\t#gallery-2 .gallery-caption {\n\t\t\t\t\tmargin-left: 0;\n\t\t\t\t}\n\t\t\t\t\/* see gallery_shortcode() in wp-includes\/media.php *\/\n\t\t\t<\/style>\n\t\t<div id='gallery-2' class='dt-gallery-container gallery galleryid-343826 gallery-columns-4 gallery-size-thumbnail'><dl class='gallery-item'>\n\t\t\t\t<dt class='gallery-icon portrait'>\n\t\t\t\t\t<a class=\"rollover rollover-zoom dt-pswp-item\" title=\"5910da69-7590-4789-8a90-921c1b5111d4\" data-dt-img-description=\"\" data-large_image_width=\"1200\" data-large_image_height=\"1600\"href='https:\/\/www.radiopiu.net\/wordpress\/wp-content\/uploads\/2023\/07\/5910da69-7590-4789-8a90-921c1b5111d4.jpg'><img loading=\"lazy\" decoding=\"async\" width=\"150\" height=\"150\" src=\"https:\/\/www.radiopiu.net\/wordpress\/wp-content\/uploads\/2023\/07\/5910da69-7590-4789-8a90-921c1b5111d4-150x150.jpg\" class=\"attachment-thumbnail size-thumbnail\" alt=\"\" \/><\/a>\n\t\t\t\t<\/dt><\/dl><dl class='gallery-item'>\n\t\t\t\t<dt class='gallery-icon landscape'>\n\t\t\t\t\t<a class=\"rollover rollover-zoom dt-pswp-item\" title=\"b084575e-224c-4343-8662-ba45a9089b9b\" data-dt-img-description=\"\" data-large_image_width=\"1600\" data-large_image_height=\"1200\"href='https:\/\/www.radiopiu.net\/wordpress\/wp-content\/uploads\/2023\/07\/b084575e-224c-4343-8662-ba45a9089b9b.jpg'><img loading=\"lazy\" decoding=\"async\" width=\"150\" height=\"150\" src=\"https:\/\/www.radiopiu.net\/wordpress\/wp-content\/uploads\/2023\/07\/b084575e-224c-4343-8662-ba45a9089b9b-150x150.jpg\" class=\"attachment-thumbnail size-thumbnail\" alt=\"\" \/><\/a>\n\t\t\t\t<\/dt><\/dl><dl class='gallery-item'>\n\t\t\t\t<dt class='gallery-icon landscape'>\n\t\t\t\t\t<a class=\"rollover rollover-zoom dt-pswp-item\" title=\"3b3853c5-09c2-49f8-8094-19481af92125\" data-dt-img-description=\"\" data-large_image_width=\"1600\" data-large_image_height=\"1200\"href='https:\/\/www.radiopiu.net\/wordpress\/wp-content\/uploads\/2023\/07\/3b3853c5-09c2-49f8-8094-19481af92125.jpg'><img loading=\"lazy\" decoding=\"async\" width=\"150\" height=\"150\" src=\"https:\/\/www.radiopiu.net\/wordpress\/wp-content\/uploads\/2023\/07\/3b3853c5-09c2-49f8-8094-19481af92125-150x150.jpg\" class=\"attachment-thumbnail size-thumbnail\" alt=\"\" \/><\/a>\n\t\t\t\t<\/dt><\/dl><dl class='gallery-item'>\n\t\t\t\t<dt class='gallery-icon portrait'>\n\t\t\t\t\t<a class=\"rollover rollover-zoom dt-pswp-item\" title=\"e354745d-8f72-4801-836e-0374d7837084\" data-dt-img-description=\"\" data-large_image_width=\"1500\" data-large_image_height=\"2000\"href='https:\/\/www.radiopiu.net\/wordpress\/wp-content\/uploads\/2023\/07\/e354745d-8f72-4801-836e-0374d7837084.jpg'><img loading=\"lazy\" decoding=\"async\" width=\"150\" height=\"150\" src=\"https:\/\/www.radiopiu.net\/wordpress\/wp-content\/uploads\/2023\/07\/e354745d-8f72-4801-836e-0374d7837084-150x150.jpg\" class=\"attachment-thumbnail size-thumbnail\" alt=\"\" \/><\/a>\n\t\t\t\t<\/dt><\/dl><br style=\"clear: both\" \/>\n\t\t\t<\/div>\n\n<p>&nbsp;<\/p>\n<hr \/>\n<p>&nbsp;<\/p>\n<blockquote>\n<h3>TRAVASO DI GAS DA UNA CISTERNA ALL\u2019ALTRA PER IL CEDIMENTO DELLA STRADA<\/h3>\n<\/blockquote>\n<p><strong>SAN NICOLO&#8217; COMELICO<\/strong> Ieri alle 15:20 i Vigili del Fuoco hanno operando in localit\u00e0 Costa nel comune di San Nicol\u00f2 Comelico per mettere in sicurezza un\u2019autocisterna di GPL, impossibilitata a proseguire su una strada bianca per il cedimento del terreno, dovuto alle forti piogge. La squadra dei pompieri intervenuta da Santo Stefano di Cadore, dopo un sopralluogo ha fatto intervenire il nucleo regionale NBCR (Nucelare Biologico Chimico Radiologico) di Mestre per eseguire il travaso dei 7000 litri di gas su un\u2019altra cisterna e poi recuperare in sicurezza il mezzo.<\/p>\n\n\t\t\t<style type='text\/css'>\n\t\t\t\t#gallery-3 {\n\t\t\t\t\tmargin: auto;\n\t\t\t\t}\n\t\t\t\t#gallery-3 .gallery-item {\n\t\t\t\t\tfloat: left;\n\t\t\t\t\tmargin-top: 10px;\n\t\t\t\t\ttext-align: center;\n\t\t\t\t\twidth: 25%;\n\t\t\t\t}\n\t\t\t\t#gallery-3 img {\n\t\t\t\t\tborder: 2px solid #cfcfcf;\n\t\t\t\t}\n\t\t\t\t#gallery-3 .gallery-caption {\n\t\t\t\t\tmargin-left: 0;\n\t\t\t\t}\n\t\t\t\t\/* see gallery_shortcode() in wp-includes\/media.php *\/\n\t\t\t<\/style>\n\t\t<div id='gallery-3' class='dt-gallery-container gallery galleryid-343826 gallery-columns-4 gallery-size-thumbnail'><dl class='gallery-item'>\n\t\t\t\t<dt class='gallery-icon landscape'>\n\t\t\t\t\t<a class=\"rollover rollover-zoom dt-pswp-item\" title=\"fda249c8-0c1f-46ba-bb47-85bf17309c5f\" data-dt-img-description=\"\" data-large_image_width=\"960\" data-large_image_height=\"728\"href='https:\/\/www.radiopiu.net\/wordpress\/wp-content\/uploads\/2023\/07\/fda249c8-0c1f-46ba-bb47-85bf17309c5f.jpg'><img loading=\"lazy\" decoding=\"async\" width=\"150\" height=\"150\" src=\"https:\/\/www.radiopiu.net\/wordpress\/wp-content\/uploads\/2023\/07\/fda249c8-0c1f-46ba-bb47-85bf17309c5f-150x150.jpg\" class=\"attachment-thumbnail size-thumbnail\" alt=\"\" \/><\/a>\n\t\t\t\t<\/dt><\/dl><dl class='gallery-item'>\n\t\t\t\t<dt class='gallery-icon landscape'>\n\t\t\t\t\t<a class=\"rollover rollover-zoom dt-pswp-item\" title=\"f189f812-4c6f-49f4-bedb-3c1597db684d\" data-dt-img-description=\"\" data-large_image_width=\"960\" data-large_image_height=\"624\"href='https:\/\/www.radiopiu.net\/wordpress\/wp-content\/uploads\/2023\/07\/f189f812-4c6f-49f4-bedb-3c1597db684d.jpg'><img loading=\"lazy\" decoding=\"async\" width=\"150\" height=\"150\" src=\"https:\/\/www.radiopiu.net\/wordpress\/wp-content\/uploads\/2023\/07\/f189f812-4c6f-49f4-bedb-3c1597db684d-150x150.jpg\" class=\"attachment-thumbnail size-thumbnail\" alt=\"\" \/><\/a>\n\t\t\t\t<\/dt><\/dl><dl class='gallery-item'>\n\t\t\t\t<dt class='gallery-icon landscape'>\n\t\t\t\t\t<a class=\"rollover rollover-zoom dt-pswp-item\" title=\"765afd8d-03f2-4cbf-b8a3-4f94647523db\" data-dt-img-description=\"\" data-large_image_width=\"1600\" data-large_image_height=\"735\"href='https:\/\/www.radiopiu.net\/wordpress\/wp-content\/uploads\/2023\/07\/765afd8d-03f2-4cbf-b8a3-4f94647523db.jpg'><img loading=\"lazy\" decoding=\"async\" width=\"150\" height=\"150\" src=\"https:\/\/www.radiopiu.net\/wordpress\/wp-content\/uploads\/2023\/07\/765afd8d-03f2-4cbf-b8a3-4f94647523db-150x150.jpg\" class=\"attachment-thumbnail size-thumbnail\" alt=\"\" \/><\/a>\n\t\t\t\t<\/dt><\/dl><dl class='gallery-item'>\n\t\t\t\t<dt class='gallery-icon landscape'>\n\t\t\t\t\t<a class=\"rollover rollover-zoom dt-pswp-item\" title=\"11f2ba87-780d-4b09-b890-470f64bd26e9\" data-dt-img-description=\"\" data-large_image_width=\"1600\" data-large_image_height=\"993\"href='https:\/\/www.radiopiu.net\/wordpress\/wp-content\/uploads\/2023\/07\/11f2ba87-780d-4b09-b890-470f64bd26e9.jpg'><img loading=\"lazy\" decoding=\"async\" width=\"150\" height=\"150\" src=\"https:\/\/www.radiopiu.net\/wordpress\/wp-content\/uploads\/2023\/07\/11f2ba87-780d-4b09-b890-470f64bd26e9-150x150.jpg\" class=\"attachment-thumbnail size-thumbnail\" alt=\"\" \/><\/a>\n\t\t\t\t<\/dt><\/dl><br style=\"clear: both\" \/>\n\t\t\t<\/div>\n\n<p>&nbsp;<\/p>\n<hr \/>\n<p>&nbsp;<\/p>\n<blockquote>\n<h3>VIGILI DEL FUOCO DI AGORDO IMPEGNATI IN TRE INTERVENTI<\/h3>\n<\/blockquote>\n<p><strong><a class=\"dt-pswp-item\" href=\"https:\/\/www.radiopiu.net\/wordpress\/wp-content\/uploads\/2021\/07\/49394d4a-be71-4216-8f46-567b5b983925.jpg\" data-dt-img-description=\"\" data-large_image_width=\"1080\" data-large_image_height=\"717\"><img loading=\"lazy\" decoding=\"async\" class=\" wp-image-222516 alignleft\" src=\"https:\/\/www.radiopiu.net\/wordpress\/wp-content\/uploads\/2021\/07\/49394d4a-be71-4216-8f46-567b5b983925-300x199.jpg\" alt=\"\" width=\"179\" height=\"119\" srcset=\"https:\/\/www.radiopiu.net\/wordpress\/wp-content\/uploads\/2021\/07\/49394d4a-be71-4216-8f46-567b5b983925-300x199.jpg 300w, https:\/\/www.radiopiu.net\/wordpress\/wp-content\/uploads\/2021\/07\/49394d4a-be71-4216-8f46-567b5b983925-1024x680.jpg 1024w, https:\/\/www.radiopiu.net\/wordpress\/wp-content\/uploads\/2021\/07\/49394d4a-be71-4216-8f46-567b5b983925-768x510.jpg 768w, https:\/\/www.radiopiu.net\/wordpress\/wp-content\/uploads\/2021\/07\/49394d4a-be71-4216-8f46-567b5b983925.jpg 1080w\" sizes=\"auto, (max-width: 179px) 100vw, 179px\" \/><\/a>AGORDO<\/strong> Una giornata di lavoro quella di ieri per i Vigili del Fuoco permanenti di Agordo ma non solo. Alle 11:30 sono intervenuti a Taibon sulla strada che porta a Col Di Pr\u00e0 per una colata di fango avvenuta nella notte. Nessun veicolo o persone coinvolte, le operazioni sono durate un&#8217;ora e mezza. Alle 11:42 un&#8217;altra chiamata \u00e8 arrivata da Gosaldo in Via Renon per una frana a valle di un&#8217;abitazione. In questo caso hanno partecipato alle operazioni anche i Vigili del Fuoco volontari di Gosaldo. Intervento a lieto fine attorno alle 17:30 quando i pompieri sono stati chiamati ad Agordo per la caduta di due piccole rondini da un nido. \u00c8 successo in via Santa Maria dove i commessi del negozio si sono presi cura dei volatili in attesa del Vigili del fuoco che con l&#8217;autoscala hanno riportato le rondini nel loro nido.<\/p>\n<p>&nbsp;<\/p>\n<p>&nbsp;<\/p>\n<p>&nbsp;<\/p>\n<hr \/>\n<p>&nbsp;<\/p>\n<blockquote>\n<h3>PARCHEGGI LUXOTTICA: DALLA PROSSIMA SETTIMANA DISAGI IN VISTA DEL FAMILY DAY<\/h3>\n<\/blockquote>\n<p><strong>AGORDO<\/strong> A partire dalla prossima settimana le maestranze dello stabilimento Luxottica di Agordo dovranno fare i conti con una chiusura temporanea del parcheggio denominato &#8220;A&#8221;, ovvero il nuovo spazio adiacente allo stabilimento con conta posti e sbarra per l&#8217;accesso. In vista del Family Day del 22 luglio ci saranno dei lavori per l&#8217;evento. Da luned\u00ec 17 a mercoled\u00ec 19 luglio si potr\u00e0 utilizzare il parcheggio solo in parte mentre dal 20 al 24 luglio sar\u00e0 completamente chiuso. In pi\u00f9 a partire dal 17 luglio non sar\u00e0 accessibile ai turnisti notturni per permettere alcune operazioni che verranno effettuate durante la notte. Per sopperire ai disagi, l&#8217;azienda metter\u00e0 a disposizione navette potenziate per permettere, specialmente a coloro che lavoreranno a turno pomeriggio, di utilizzare i parcheggi di Agordo. Luxottica raccomanda di usare meno auto possibili per recarsi al lavoro utilizzando la condivisione dei viaggi con altri colleghi. Verranno anche messi a disposizione degli addetti ai parcheggi per evitare di lasciare le auto nelle zone vietate. Sul portale interno One Luxottica gli operai potranno controllare gli orari delle navette. Oltre agli altri parcheggi in localit\u00e0 Valcozzena, le maestranze potranno lasciare le proprie auto nelle zone cimitero, Tamonich, parcheggi dell&#8217;ospedale, parco giochi, piscina e Polane verso lo stadio Ivano Dorigo.<\/p>\n<p><strong>LA CARTINA DEI PARCHEGGI<\/strong><\/p>\n\n\t\t\t<style type='text\/css'>\n\t\t\t\t#gallery-4 {\n\t\t\t\t\tmargin: auto;\n\t\t\t\t}\n\t\t\t\t#gallery-4 .gallery-item {\n\t\t\t\t\tfloat: left;\n\t\t\t\t\tmargin-top: 10px;\n\t\t\t\t\ttext-align: center;\n\t\t\t\t\twidth: 100%;\n\t\t\t\t}\n\t\t\t\t#gallery-4 img {\n\t\t\t\t\tborder: 2px solid #cfcfcf;\n\t\t\t\t}\n\t\t\t\t#gallery-4 .gallery-caption {\n\t\t\t\t\tmargin-left: 0;\n\t\t\t\t}\n\t\t\t\t\/* see gallery_shortcode() in wp-includes\/media.php *\/\n\t\t\t<\/style>\n\t\t<div id='gallery-4' class='dt-gallery-container gallery galleryid-343826 gallery-columns-1 gallery-size-medium'><dl class='gallery-item'>\n\t\t\t\t<dt class='gallery-icon portrait'>\n\t\t\t\t\t<a class=\"rollover rollover-zoom dt-pswp-item\" title=\"unnamed\" data-dt-img-description=\"\" data-large_image_width=\"702\" data-large_image_height=\"836\"href='https:\/\/www.radiopiu.net\/wordpress\/wp-content\/uploads\/2023\/07\/unnamed.jpg'><img loading=\"lazy\" decoding=\"async\" width=\"252\" height=\"300\" src=\"https:\/\/www.radiopiu.net\/wordpress\/wp-content\/uploads\/2023\/07\/unnamed-252x300.jpg\" class=\"attachment-medium size-medium\" alt=\"\" srcset=\"https:\/\/www.radiopiu.net\/wordpress\/wp-content\/uploads\/2023\/07\/unnamed-252x300.jpg 252w, https:\/\/www.radiopiu.net\/wordpress\/wp-content\/uploads\/2023\/07\/unnamed.jpg 702w\" sizes=\"auto, (max-width: 252px) 100vw, 252px\" \/><\/a>\n\t\t\t\t<\/dt><\/dl><br style=\"clear: both\" \/>\n\t\t\t<\/div>\n\n<p>&nbsp;<\/p>\n<hr \/>\n<p>&nbsp;<\/p>\n<blockquote>\n<h3>BELLUNO PRIDE, LETTERA APERTA DI CONFINDUSTRIA BELLUNO DOLOMITI<\/h3>\n<\/blockquote>\n<p><strong><a class=\"dt-pswp-item\" href=\"https:\/\/www.radiopiu.net\/wordpress\/wp-content\/uploads\/2021\/05\/CONFINDUSTRIA.png\" data-dt-img-description=\"\" data-large_image_width=\"575\" data-large_image_height=\"575\"><img loading=\"lazy\" decoding=\"async\" class=\" wp-image-211858 alignleft\" src=\"https:\/\/www.radiopiu.net\/wordpress\/wp-content\/uploads\/2021\/05\/CONFINDUSTRIA-300x300.png\" alt=\"\" width=\"140\" height=\"140\" srcset=\"https:\/\/www.radiopiu.net\/wordpress\/wp-content\/uploads\/2021\/05\/CONFINDUSTRIA-300x300.png 300w, https:\/\/www.radiopiu.net\/wordpress\/wp-content\/uploads\/2021\/05\/CONFINDUSTRIA-150x150.png 150w, https:\/\/www.radiopiu.net\/wordpress\/wp-content\/uploads\/2021\/05\/CONFINDUSTRIA.png 575w\" sizes=\"auto, (max-width: 140px) 100vw, 140px\" \/><\/a>BELLUNO<\/strong> Con una lettera aperta la Presidente di Confindustria Belluno Dolomiti, Lorainne Berton, e il delegato al sociale, Flavio Mares, annunciano che faranno la loro parte al Pride di Belluno.<\/p>\n<blockquote><p><em><strong>LA LETTERA<\/strong><\/em><\/p>\n<p><em>L&#8217;inclusione \u00e8 un valore etico, sociale ed economico e tutte le forze vive del territorio devono impegnarsi per tradurre questo principio in realt\u00e0. Confindustria Belluno Dolomiti continuer\u00e0 a fare la propria parte e a combattere ogni forma di discriminazione e di violenza, anche le pi\u00f9 subdole. Il nostro impegno, in tal senso, \u00e8 totale e di questo vogliamo rassicurare gli stessi organizzatori e i partecipanti del primo Pride nella storia di Belluno. La nostra montagna \u00e8 fatta di persone e nessuno deve subire ripercussioni a causa del proprio orientamento sessuale o di identit\u00e0 di genere. Alle ragazze e ai ragazzi bellunesi diciamo che le nostre fabbriche sono luoghi accoglienti senza giudizio n\u00e9 pregiudizio: a fare la differenza sono e saranno sempre soltanto le attitudini e le competenze, la voglia di mettersi in gioco e i talenti. Eventuali atteggiamenti discriminatori non sono ammessi e su questo siamo disposti a lavorare con parti sociali e Istituzioni. Insieme, possiamo fare molta strada e crescere in maniera sostenibile, promuovendo una vera \u2013 e ancora pi\u00f9 effettiva &#8211; cultura dell&#8217;inclusione. Non servir\u00e0 pi\u00f9 \u201cscappare\u201d dalla nostra provincia per essere se stessi o realizzarsi, magari per paura del giudizio come poteva accadere in passato, qui come altrove. Le nostre montagne non devono essere viste come un luogo chiuso ma come uno spazio aperto, dove dare qualit\u00e0 alle relazioni e ai vissuti di ciascuno. Quella bellunese \u00e8 una societ\u00e0 evoluta. Le nostre comunit\u00e0 devono essere aperte: la diversit\u00e0 \u00e8 una risorsa e non un problema. Perch\u00e9 \u00e8 dalla diversit\u00e0 che nascono l\u2019innovazione e la spinta al futuro. Confindustria Belluno Dolomiti \u00e8 da tempo impegnata a promuovere uno sviluppo che sia, nei fatti e non nelle parole, sostenibile e inclusivo. A tutte e a tutti i partecipanti al Pride, quindi, il benvenuto in citt\u00e0. Da qui, gli infiniti colori delle Dolomiti sono ancora pi\u00f9 nitidi.<\/em><\/p><\/blockquote>\n<p>&nbsp;<\/p>\n<p>&nbsp;<\/p>\n<hr \/>\n<p>&nbsp;<\/p>\n<blockquote>\n<h3>IL QUESTORE ZERILLI FA VISITA AL PRESIDENTE DELLA PROVINCIA PADRIN<\/h3>\n<\/blockquote>\n<p><strong><a class=\"dt-pswp-item\" href=\"https:\/\/www.radiopiu.net\/wordpress\/wp-content\/uploads\/2023\/07\/visita-questore-scaled.jpg\" data-dt-img-description=\"\" data-large_image_width=\"2560\" data-large_image_height=\"1920\"><img loading=\"lazy\" decoding=\"async\" class=\" wp-image-343933 alignleft\" src=\"https:\/\/www.radiopiu.net\/wordpress\/wp-content\/uploads\/2023\/07\/visita-questore-300x225.jpg\" alt=\"\" width=\"137\" height=\"103\" srcset=\"https:\/\/www.radiopiu.net\/wordpress\/wp-content\/uploads\/2023\/07\/visita-questore-300x225.jpg 300w, https:\/\/www.radiopiu.net\/wordpress\/wp-content\/uploads\/2023\/07\/visita-questore-1024x768.jpg 1024w, https:\/\/www.radiopiu.net\/wordpress\/wp-content\/uploads\/2023\/07\/visita-questore-768x576.jpg 768w, https:\/\/www.radiopiu.net\/wordpress\/wp-content\/uploads\/2023\/07\/visita-questore-1536x1152.jpg 1536w, https:\/\/www.radiopiu.net\/wordpress\/wp-content\/uploads\/2023\/07\/visita-questore-2048x1536.jpg 2048w\" sizes=\"auto, (max-width: 137px) 100vw, 137px\" \/><\/a>BELLUNO<\/strong> Il presidente della Provincia di Belluno, Roberto Padrin, ha ricevuto questa mattina a Palazzo Piloni la visita del nuovo questore, il dottor Francesco Zerilli. Una visita istituzionale che \u00e8 servita per fare il punto su alcuni temi che toccano da vicino l\u2019ente Provincia, come le Olimpiadi Milano Cortina 2026, le celebrazioni del 60\u00b0 anniversario del Vajont e la sicurezza. Su questo ultimo tema, in particolare, il presidente della Provincia ha assicurato piena collaborazione &#8211; per quanto nelle possibilit\u00e0 dell\u2019ente &#8211; per proseguire in continuit\u00e0 con il lavoro svolto dal questore Giuseppe Maggese (passato a Reggio Emilia).<span class=\"gmail-Apple-converted-space\">\u00a0<\/span><\/p>\n<p>&nbsp;<\/p>\n<p>&nbsp;<\/p>\n<hr \/>\n<p>&nbsp;<\/p>\n<blockquote>\n<h3>MINORANZE LINGUISTICHE, LA DELEGA A GOSETTI<\/h3>\n<p><strong>DI DANIELE DAL VIT<\/strong><\/p><\/blockquote>\n<audio class=\"wp-audio-shortcode\" id=\"audio-343826-2\" preload=\"none\" style=\"width: 100%;\" controls=\"controls\"><source type=\"audio\/mpeg\" src=\"https:\/\/www.radiopiu.net\/wordpress\/wp-content\/uploads\/2023\/07\/Radio-Piu-Servizio-Gosetti-delega-minoranze.mp3?_=2\" \/><a href=\"https:\/\/www.radiopiu.net\/wordpress\/wp-content\/uploads\/2023\/07\/Radio-Piu-Servizio-Gosetti-delega-minoranze.mp3\">https:\/\/www.radiopiu.net\/wordpress\/wp-content\/uploads\/2023\/07\/Radio-Piu-Servizio-Gosetti-delega-minoranze.mp3<\/a><\/audio>\n<p>&nbsp;<\/p>\n<p><strong><a class=\"dt-pswp-item\" href=\"https:\/\/www.radiopiu.net\/wordpress\/wp-content\/uploads\/2023\/07\/MATTIA-GOSETTI.png\" data-dt-img-description=\"\" data-large_image_width=\"463\" data-large_image_height=\"375\"><img loading=\"lazy\" decoding=\"async\" class=\" wp-image-343949 alignleft\" src=\"https:\/\/www.radiopiu.net\/wordpress\/wp-content\/uploads\/2023\/07\/MATTIA-GOSETTI-300x243.png\" alt=\"\" width=\"146\" height=\"118\" srcset=\"https:\/\/www.radiopiu.net\/wordpress\/wp-content\/uploads\/2023\/07\/MATTIA-GOSETTI-300x243.png 300w, https:\/\/www.radiopiu.net\/wordpress\/wp-content\/uploads\/2023\/07\/MATTIA-GOSETTI.png 463w\" sizes=\"auto, (max-width: 146px) 100vw, 146px\" \/><\/a>BELLUNO <\/strong>Sar\u00e0 il consigliere provinciale Mattia Gosetti a seguire le minoranze linguistiche per conto di Palazzo Piloni. Il presidente della Provincia, Roberto Padrin, gli ha affidato la delega, che in precedenza era stata assegnata a Franco De Bon, nel frattempo decaduto dalla carica di consigliere. \u00abAuguro buon lavoro a Mattia Gosetti, nella certezza che sapr\u00e0 portare avanti con competenza e in sinergia con la Regione Veneto il compito, in continuit\u00e0 con quanto fatto da Franco De Bon, che ringrazio anche per la passione con cui ha lavorato in questi anni in Provincia\u00bb afferma il presidente Padrin. \u00abGosetti, sindaco di Cibiana, \u00e8 geograficamente vicino a quelle terre alte che conservano il patrimonio linguistico ladino, e per formazione e sensibilit\u00e0 \u00e8 attento alla tutela e alla promozione del valore che le minoranze linguistiche esprimono, in termini di cultura e tradizione\u00bb.<\/p>\n<p>&nbsp;<\/p>\n<p>&nbsp;<\/p>\n<p>&nbsp;<\/p>\n<hr \/>\n<p>&nbsp;<\/p>\n<blockquote>\n<h3><a class=\"dt-pswp-item\" href=\"https:\/\/www.radiopiu.net\/wordpress\/wp-content\/uploads\/2023\/07\/30dcfeb8-af1a-4447-a307-0344d7e3163b.jpg\" data-dt-img-description=\"\" data-large_image_width=\"1600\" data-large_image_height=\"1188\"><img loading=\"lazy\" decoding=\"async\" class=\" wp-image-343962 alignright\" src=\"https:\/\/www.radiopiu.net\/wordpress\/wp-content\/uploads\/2023\/07\/30dcfeb8-af1a-4447-a307-0344d7e3163b-300x223.jpg\" alt=\"\" width=\"199\" height=\"148\" srcset=\"https:\/\/www.radiopiu.net\/wordpress\/wp-content\/uploads\/2023\/07\/30dcfeb8-af1a-4447-a307-0344d7e3163b-300x223.jpg 300w, https:\/\/www.radiopiu.net\/wordpress\/wp-content\/uploads\/2023\/07\/30dcfeb8-af1a-4447-a307-0344d7e3163b-1024x760.jpg 1024w, https:\/\/www.radiopiu.net\/wordpress\/wp-content\/uploads\/2023\/07\/30dcfeb8-af1a-4447-a307-0344d7e3163b-768x570.jpg 768w, https:\/\/www.radiopiu.net\/wordpress\/wp-content\/uploads\/2023\/07\/30dcfeb8-af1a-4447-a307-0344d7e3163b-1536x1140.jpg 1536w, https:\/\/www.radiopiu.net\/wordpress\/wp-content\/uploads\/2023\/07\/30dcfeb8-af1a-4447-a307-0344d7e3163b.jpg 1600w\" sizes=\"auto, (max-width: 199px) 100vw, 199px\" \/><\/a>PRESENTATO A BELLUNO IL PROGRAMMA STRATEGICO \u201cVENETO IN ACTION\u201d IN VISTA DI MILANO CORTINA 2026<\/h3>\n<\/blockquote>\n<p><strong>BARBARA PAOLAZZI, RADIO CLUB 103<\/strong><\/p>\n<audio class=\"wp-audio-shortcode\" id=\"audio-343826-3\" preload=\"none\" style=\"width: 100%;\" controls=\"controls\"><source type=\"audio\/mpeg\" src=\"https:\/\/www.radiopiu.net\/wordpress\/wp-content\/uploads\/2023\/07\/BARBARA-PAOLAZZI-VENETO-IN-ACTION.mp3?_=3\" \/><a href=\"https:\/\/www.radiopiu.net\/wordpress\/wp-content\/uploads\/2023\/07\/BARBARA-PAOLAZZI-VENETO-IN-ACTION.mp3\">https:\/\/www.radiopiu.net\/wordpress\/wp-content\/uploads\/2023\/07\/BARBARA-PAOLAZZI-VENETO-IN-ACTION.mp3<\/a><\/audio>\n<p>&nbsp;<\/p>\n<p><strong><a class=\"dt-pswp-item\" href=\"https:\/\/www.radiopiu.net\/wordpress\/wp-content\/uploads\/2023\/07\/SCR-20230713-ohft.png\" data-dt-img-description=\"\" data-large_image_width=\"1028\" data-large_image_height=\"698\"><img loading=\"lazy\" decoding=\"async\" class=\" wp-image-343938 alignleft\" src=\"https:\/\/www.radiopiu.net\/wordpress\/wp-content\/uploads\/2023\/07\/SCR-20230713-ohft-300x204.png\" alt=\"\" width=\"178\" height=\"121\" srcset=\"https:\/\/www.radiopiu.net\/wordpress\/wp-content\/uploads\/2023\/07\/SCR-20230713-ohft-300x204.png 300w, https:\/\/www.radiopiu.net\/wordpress\/wp-content\/uploads\/2023\/07\/SCR-20230713-ohft-1024x695.png 1024w, https:\/\/www.radiopiu.net\/wordpress\/wp-content\/uploads\/2023\/07\/SCR-20230713-ohft-768x521.png 768w, https:\/\/www.radiopiu.net\/wordpress\/wp-content\/uploads\/2023\/07\/SCR-20230713-ohft.png 1028w\" sizes=\"auto, (max-width: 178px) 100vw, 178px\" \/><\/a>BELLUNO<\/strong> Al teatro Comunale di Belluno si \u00e8 tenuto l\u2019incontro \u201cVeneto in Action. Opportunit\u00e0 per la provincia di Belluno in vista dei Giochi Olimpici e Paralimpici del 2026\u201d. Un appuntamento organizzato dalla Regione del Veneto assieme a Fondazione Cortina, cui ha preso parte anche Fondazione Milano Cortina 2026, con l\u2019obiettivo di condividere con gli stakeholder del territorio tutte le opportunit\u00e0 di crescita e sviluppo in vista delle Olimpiadi e Paralimpiadi invernali.<\/p>\n<p>&nbsp;<\/p>\n<p>&nbsp;<\/p>\n<hr \/>\n<p>&nbsp;<\/p>\n<blockquote>\n<h3>SMALTIMENTO DELLE ACQUE METEORICHE IN VIA CISMON<\/h3>\n<\/blockquote>\n<p><strong><a class=\"dt-pswp-item\" href=\"https:\/\/www.radiopiu.net\/wordpress\/wp-content\/uploads\/2023\/07\/Incrocio-SS-50-con-via-Cismon.jpg\" data-dt-img-description=\"\" data-large_image_width=\"1492\" data-large_image_height=\"900\"><img loading=\"lazy\" decoding=\"async\" class=\" wp-image-343919 alignleft\" src=\"https:\/\/www.radiopiu.net\/wordpress\/wp-content\/uploads\/2023\/07\/Incrocio-SS-50-con-via-Cismon-300x181.jpg\" alt=\"\" width=\"180\" height=\"108\" srcset=\"https:\/\/www.radiopiu.net\/wordpress\/wp-content\/uploads\/2023\/07\/Incrocio-SS-50-con-via-Cismon-300x181.jpg 300w, https:\/\/www.radiopiu.net\/wordpress\/wp-content\/uploads\/2023\/07\/Incrocio-SS-50-con-via-Cismon-1024x618.jpg 1024w, https:\/\/www.radiopiu.net\/wordpress\/wp-content\/uploads\/2023\/07\/Incrocio-SS-50-con-via-Cismon-768x463.jpg 768w, https:\/\/www.radiopiu.net\/wordpress\/wp-content\/uploads\/2023\/07\/Incrocio-SS-50-con-via-Cismon.jpg 1492w\" sizes=\"auto, (max-width: 180px) 100vw, 180px\" \/><\/a>FELTRE<\/strong> La giunta comunale di Feltre ha approvato un progetto da 125.000 euro per mettere in sicurezza l&#8217;area a valle di via Cismon nel quartiere di Pasquer. Nel corso degli ultimi dieci anni, l&#8217;edificio che ospita la scuola dell&#8217;infanzia e l&#8217;asilo nido \u00e8 stato danneggiato dalle infiltrazioni d&#8217;acqua e dagli allagamenti causati da eventi atmosferici intensi. L&#8217;acqua che scende dal colle del Telva ha saturato la condotta di smaltimento e ha causato danni agli edifici lungo il percorso. Il progetto prevede l&#8217;eliminazione delle curve e strozzature nella tubazione principale, la modifica dei raccordi e innesti e la creazione di punti di raccolta e barriere per evitare allagamenti dell&#8217;edificio scolastico. L&#8217;importo destinato ai lavori in appalto \u00e8 di circa 89.000 euro.<\/p>\n<p>&nbsp;<\/p>\n<p>&nbsp;<\/p>\n<hr \/>\n<p>&nbsp;<\/p>\n<blockquote>\n<h3>QUALITA\u2019 DELL\u2019ARIA, POSITIVE LE AZIONI DELLA REGIONE<\/h3>\n<\/blockquote>\n<p><strong><a class=\"dt-pswp-item\" href=\"https:\/\/www.radiopiu.net\/wordpress\/wp-content\/uploads\/2020\/12\/BOTTACIN.png\" data-dt-img-description=\"\" data-large_image_width=\"1240\" data-large_image_height=\"682\"><img loading=\"lazy\" decoding=\"async\" class=\" wp-image-179675 alignleft\" src=\"https:\/\/www.radiopiu.net\/wordpress\/wp-content\/uploads\/2020\/12\/BOTTACIN-300x165.png\" alt=\"\" width=\"169\" height=\"93\" srcset=\"https:\/\/www.radiopiu.net\/wordpress\/wp-content\/uploads\/2020\/12\/BOTTACIN-300x165.png 300w, https:\/\/www.radiopiu.net\/wordpress\/wp-content\/uploads\/2020\/12\/BOTTACIN-1024x563.png 1024w, https:\/\/www.radiopiu.net\/wordpress\/wp-content\/uploads\/2020\/12\/BOTTACIN-768x422.png 768w, https:\/\/www.radiopiu.net\/wordpress\/wp-content\/uploads\/2020\/12\/BOTTACIN.png 1240w\" sizes=\"auto, (max-width: 169px) 100vw, 169px\" \/><\/a>VENEZIA <\/strong>\u00c8 costante il dialogo che la Regione mantiene con la Struttura di Missione per le Procedure di Infrazione della Presidenza del Consiglio dei Ministri, al fine di monitorare con oculatezza la situazione delle procedure inerenti il territorio nazionale. Anche nei prossimi giorni ci saranno delle ulteriori riunioni. Per quanto riguarda la qualit\u00e0 dell\u2019aria la Regione del Veneto \u00e8 interessata dalle procedure per il superamento del valore limite annuale del PM2.5 in due stazioni di monitoraggio e per il superamento del valore limite annuale e il valore limite giornaliero del PM10. \u201cLe nostre strutture tecniche, in collaborazione con ARPAV \u2013 spiega l\u2019assessore veneto all\u2019Ambiente, Gianpaolo Bottacin -, hanno predisposto un\u2019approfondita relazione dalla quale emerge che le misure messe in atto dalla Regione al fine di risolvere l\u2019inquinamento dovuto a PM2.5 e PM10 hanno portato al conseguimento del rispetto del valore limite annuale delle concentrazioni in modo stabile a partire dal 2018 per il PM10 e dal 2021 per il PM2.5. Sono dati significati che sicuramente potranno essere riportati anche alla Commissione Europea sui progressi compiuti dal territorio\u201d.<\/p>\n<p>&nbsp;<\/p>\n<p>&nbsp;<\/p>\n<hr \/>\n<p>&nbsp;<\/p>\n<blockquote>\n<h3>ORTOPEDIA DI FELTRE: CENTRO DI AVANGUARDIA PER LE PATOLOGIE DELLA SPALLA<\/h3>\n<\/blockquote>\n<p><strong><a class=\"dt-pswp-item\" href=\"https:\/\/www.radiopiu.net\/wordpress\/wp-content\/uploads\/2023\/07\/Nuovo-blocco-operatorio-Ospedale-di-Feltre.jpeg\" data-dt-img-description=\"\" data-large_image_width=\"2048\" data-large_image_height=\"2048\"><img loading=\"lazy\" decoding=\"async\" class=\" wp-image-343954 alignleft\" src=\"https:\/\/www.radiopiu.net\/wordpress\/wp-content\/uploads\/2023\/07\/Nuovo-blocco-operatorio-Ospedale-di-Feltre-300x300.jpeg\" alt=\"\" width=\"159\" height=\"159\" srcset=\"https:\/\/www.radiopiu.net\/wordpress\/wp-content\/uploads\/2023\/07\/Nuovo-blocco-operatorio-Ospedale-di-Feltre-300x300.jpeg 300w, https:\/\/www.radiopiu.net\/wordpress\/wp-content\/uploads\/2023\/07\/Nuovo-blocco-operatorio-Ospedale-di-Feltre-1024x1024.jpeg 1024w, https:\/\/www.radiopiu.net\/wordpress\/wp-content\/uploads\/2023\/07\/Nuovo-blocco-operatorio-Ospedale-di-Feltre-150x150.jpeg 150w, https:\/\/www.radiopiu.net\/wordpress\/wp-content\/uploads\/2023\/07\/Nuovo-blocco-operatorio-Ospedale-di-Feltre-768x768.jpeg 768w, https:\/\/www.radiopiu.net\/wordpress\/wp-content\/uploads\/2023\/07\/Nuovo-blocco-operatorio-Ospedale-di-Feltre-1536x1536.jpeg 1536w, https:\/\/www.radiopiu.net\/wordpress\/wp-content\/uploads\/2023\/07\/Nuovo-blocco-operatorio-Ospedale-di-Feltre.jpeg 2048w\" sizes=\"auto, (max-width: 159px) 100vw, 159px\" \/><\/a>FELTRE<\/strong> All\u2019Ortopedia di Feltre \u00e8 un centro all\u2019avanguardia per il trattamento della spalla: vengono infatti eseguiti particolari interventi, con tecniche innovative come la pianificazione pre operatoria in 3D e la navigazione intra operatoria, che hanno migliorato in modo significativo i risultati clinici a medio e lungo termine. Oltre agli interventi pi\u00f9 comuni come il trattamento artroscopico delle lesioni della cuffia dei rotatori e dell\u2019instabilit\u00e0 e la osteosintesi delle fratture dell\u2019omero prossimale, vengono eseguite procedure di trasposizione tendinee in caso di lesioni irreparabili della cuffia dei rotatori ed interventi di protesi anatomica o inversa per la patologia artrosico-degenerativa della spalla Un\u2019\u00e9quipe motivata, composta da professionisti di lungo corso a cui si aggiungono nuovi professionisti, provenienti anche da fuori regione, che offrono con professionalit\u00e0 ed entusiasmo diversi tipi di trattamenti. Non solo spalla. L\u2019ortopedia garantisce il trattamento delle fratture di femore prossimale nei pazienti over 65 anni entro le 48 ore, la chirurgia protesica di primo impianto e di revisione di anca e ginocchio.<\/p>\n<p>&nbsp;<\/p>\n<p>&nbsp;<\/p>\n<hr \/>\n<p>&nbsp;<\/p>\n<blockquote>\n<h3>MARTEDI CONSIGLIO DELL&#8217;UNIONE MONTANA AGORDINA<\/h3>\n<\/blockquote>\n<p><strong><a class=\"dt-pswp-item\" href=\"https:\/\/www.radiopiu.net\/wordpress\/wp-content\/uploads\/2023\/04\/PAOLO-FRENA.png\" data-dt-img-description=\"\" data-large_image_width=\"292\" data-large_image_height=\"223\"><img loading=\"lazy\" decoding=\"async\" class=\"wp-image-331937 alignleft\" src=\"https:\/\/www.radiopiu.net\/wordpress\/wp-content\/uploads\/2023\/04\/PAOLO-FRENA.png\" alt=\"\" width=\"140\" height=\"107\" \/><\/a>AGORDO<\/strong> Il Presidente dell&#8217;Unione Montana Agordina Paolo Frena ha convocato per marted\u00ec alle 20 il consiglio per trattare 4 punti all&#8217;ordine del giorno. Tra questi si parler\u00e0 del regolamento dei controlli interni e l&#8217;affidamento della gestione dei rifiuti da parte del consiglio del bacino a Valpe Ambiente.<\/p>\n<p><strong>di Gianni Santomaso<\/strong><\/p>\n<audio class=\"wp-audio-shortcode\" id=\"audio-343826-4\" preload=\"none\" style=\"width: 100%;\" controls=\"controls\"><source type=\"audio\/mpeg\" src=\"https:\/\/www.radiopiu.net\/wordpress\/wp-content\/uploads\/2023\/07\/GIANNI-CONSIGLIO-UMA.mp3?_=4\" \/><a href=\"https:\/\/www.radiopiu.net\/wordpress\/wp-content\/uploads\/2023\/07\/GIANNI-CONSIGLIO-UMA.mp3\">https:\/\/www.radiopiu.net\/wordpress\/wp-content\/uploads\/2023\/07\/GIANNI-CONSIGLIO-UMA.mp3<\/a><\/audio>\n<p>&nbsp;<\/p>\n<hr \/>\n<p>&nbsp;<\/p>\n<blockquote>\n<h3 class=\"entry-title\">IMPRESE FEMMINILI, RISORSE PER ATTIVARE PROCESSI DI INNOVAZIONE<\/h3>\n<\/blockquote>\n<p class=\"photoswipe-wrapper\"><a class=\"dt-pswp-item pspw-wrap-ready\" href=\"https:\/\/www.radiopiu.net\/wordpress\/wp-content\/uploads\/2023\/07\/image_50415361-scaled.jpg\" data-dt-img-description=\"\" data-large_image_width=\"2560\" data-large_image_height=\"1920\"><img loading=\"lazy\" decoding=\"async\" class=\"size-medium wp-image-343930 alignleft\" src=\"https:\/\/www.radiopiu.net\/wordpress\/wp-content\/uploads\/2023\/07\/image_50415361-300x225.jpg\" sizes=\"auto, (max-width: 300px) 100vw, 300px\" srcset=\"https:\/\/www.radiopiu.net\/wordpress\/wp-content\/uploads\/2023\/07\/image_50415361-300x225.jpg 300w, https:\/\/www.radiopiu.net\/wordpress\/wp-content\/uploads\/2023\/07\/image_50415361-1024x768.jpg 1024w, https:\/\/www.radiopiu.net\/wordpress\/wp-content\/uploads\/2023\/07\/image_50415361-768x576.jpg 768w, https:\/\/www.radiopiu.net\/wordpress\/wp-content\/uploads\/2023\/07\/image_50415361-1536x1152.jpg 1536w, https:\/\/www.radiopiu.net\/wordpress\/wp-content\/uploads\/2023\/07\/image_50415361-2048x1536.jpg 2048w\" alt=\"\" width=\"300\" height=\"225\" \/><\/a>\u201cL\u2019innovazione \u00e8 donna\u201d Il Comitato premia l\u2019imprenditoria femminile 2023.\u00a0 Un premio di 15mila euro del valore di 3mila euro per ciascuna azienda premiata, a favore di cinque imprese femminili con sede a Treviso o a Belluno. Il bando \u00e8 alla sua VI edizione. Sono state premiate le aziende che si sono distinte in percorsi di innovazione nella propria azienda, per dare concretezza al valore della sostenibilit\u00e0, apportando processi di cambiamento positivo in uno o pi\u00f9 settori aziendali nei macro ambiti della \u201csostenibilit\u00e0\u201d Sociale, Ambientale e di Governance<strong>.<i>\u00a0<\/i>I NOMI DELLE IMPRESE VINCITRICI.<\/strong>\u00a0Il Premio\u201d L\u2019innovazione \u00e8 donna\u201d va alle aziende:\u00a0\u00a0NINA KAKAW S.R.L. SOCIAL ENTERPRISE \u2013 Belluno, LA CASA DI MAIA DI CENTELEGHE MICHELA \u2013 Pedavena (BL), BONAIR MISURINA SRLS \u2013 Auronzo di Cadore (BL), IDEA SOCIETA\u2019 COOPERATIVA SOCIALE \u2013 Treviso, LIBRERIA CHIODO FISSO SRLS \u2013 San Vendemiano (TV).<\/p>\n<blockquote><p><i>\u201cla donna non \u00e8 statistiche di ruoli, opera ovunque e ovunque porta nuova linfa alla nostra economia e valore per il Made in Italy\u201d<\/i><\/p><\/blockquote>\n<p>Al 31 dicembre 2022 si contano in provincia di Treviso 16.172 imprese femminili, che rappresentano il 20,3% del totale femminili attive nella Marca \u2013 commenta il Presidente della Camera di Commercio di Treviso \u2013 Belluno |Dolomiti\u00a0<b>Mario Pozza<\/b>\u00a0-. In esse trovano impiego oltre 43 mila addetti (il 13,3% degli addetti d\u2019impresa complessivi provinciali). Rispetto a dicembre 2021 le imprese femminili sono aumentate di +151 unit\u00e0, che si aggiungono alle +123 contabilizzate nell\u2019analogo periodo dello scorso anno. Per quanto riguarda Belluno al 31 dicembre 2022 si contano 2.900 imprese femminili, che rappresentano il 21,1% del totale imprese bellunesi attive, per quasi 8 mila addetti (12,7% degli addetti d\u2019impresa provinciali complessivi). Per\u00f2 rispetto allo scorso anno, le imprese femminili scendono di -34 unit\u00e0. I dati dimostrano la realt\u00e0 del fare impresa femminile e oggi premiamo i risultati delle sfide affrontate per seguire passioni e sogni \u00a0tramutati in successi. Grazie alle imprenditrici, alle donne che dirigono e amministrano, si evidenzia la differenza nell\u2019impresa, nelle universit\u00e0, nelle Istituzioni e nelle comunit\u00e0.<\/p>\n<p>&nbsp;<\/p>\n<hr \/>\n<p>&nbsp;<\/p>\n<blockquote>\n<h3>UNIONE SPORTIVA LA VILLE, BENEFICIENZA SOLIDALE DA SAN VINCENZO<\/h3>\n<\/blockquote>\n<p><strong>AGORDO<\/strong> L&#8217;Unione Sportiva Le Ville con il presidente Andrea Rumor, ha consegnato i soldi raccolti durante la sagra di San Vincenzo 2023 e devoluti ad associazioni benefiche. In particolare dall&#8217;iniziativa del <b>&#8220;<\/b><b>MERCATINO DEI GIOCATTOLI<\/b><b>&#8220;<\/b> sono stati raccolti 1.400,00 euro,\u00a0 assegnati all&#8217;associazione\u00a0 <b>&#8220;ONLUS FIORI BLU&#8221; Amici della Fondazione Robert Hollman <\/b>espressione e volont\u00e0 di un gruppo di genitori, i cui bambini frequentano la Fondazione Robert Hollman, che \u00e8 un centro di consulenza e sostegno allo sviluppo del bambino con deficit visivo e disabilit\u00e0 associate. Altra attivit\u00e0 a scopo benefico \u00e8 la vendita dell&#8217;oggetto artigianale &#8220;<b>EL CAVALET&#8221; <\/b>che ha fruttato ben 2.500 euro, devoluti all&#8217;associazione <b>&#8220;GENITORI SEMPRE&#8221; <\/b>di Agordo. Davanti alla chiesetta di San Vincenzo a Prompicai di Agordo, l&#8217;Unione Sportiva le Ville ha incontrato le due associazioni per la consegna ufficiale, soddisfatti sia gli organizzatori della sagra che i rappresentanti delle associazioni per il buon successo riscontrato.<\/p>\n<blockquote><p><em>Ringraziando tutti coloro hanno contribuito alla buona riuscita della manifestazione e delle attivit\u00e0 ad essa legate, rinnoviamo l&#8217;appuntamento per il 2024. ha concluso il Presidente Andrea Rumor<\/em><\/p>\n<p>&nbsp;<\/p><\/blockquote>\n\n\t\t\t<style type='text\/css'>\n\t\t\t\t#gallery-5 {\n\t\t\t\t\tmargin: auto;\n\t\t\t\t}\n\t\t\t\t#gallery-5 .gallery-item {\n\t\t\t\t\tfloat: left;\n\t\t\t\t\tmargin-top: 10px;\n\t\t\t\t\ttext-align: center;\n\t\t\t\t\twidth: 50%;\n\t\t\t\t}\n\t\t\t\t#gallery-5 img {\n\t\t\t\t\tborder: 2px solid #cfcfcf;\n\t\t\t\t}\n\t\t\t\t#gallery-5 .gallery-caption {\n\t\t\t\t\tmargin-left: 0;\n\t\t\t\t}\n\t\t\t\t\/* see gallery_shortcode() in wp-includes\/media.php *\/\n\t\t\t<\/style>\n\t\t<div id='gallery-5' class='dt-gallery-container gallery galleryid-343826 gallery-columns-2 gallery-size-medium'><dl class='gallery-item'>\n\t\t\t\t<dt class='gallery-icon landscape'>\n\t\t\t\t\t<a class=\"rollover rollover-zoom dt-pswp-item\" title=\"foto 1\" data-dt-img-description=\"\" data-large_image_width=\"2040\" data-large_image_height=\"1536\"href='https:\/\/www.radiopiu.net\/wordpress\/wp-content\/uploads\/2023\/07\/foto-1.jpg'><img loading=\"lazy\" decoding=\"async\" width=\"300\" height=\"226\" src=\"https:\/\/www.radiopiu.net\/wordpress\/wp-content\/uploads\/2023\/07\/foto-1-300x226.jpg\" class=\"attachment-medium size-medium\" alt=\"\" srcset=\"https:\/\/www.radiopiu.net\/wordpress\/wp-content\/uploads\/2023\/07\/foto-1-300x226.jpg 300w, https:\/\/www.radiopiu.net\/wordpress\/wp-content\/uploads\/2023\/07\/foto-1-1024x771.jpg 1024w, https:\/\/www.radiopiu.net\/wordpress\/wp-content\/uploads\/2023\/07\/foto-1-768x578.jpg 768w, https:\/\/www.radiopiu.net\/wordpress\/wp-content\/uploads\/2023\/07\/foto-1-1536x1157.jpg 1536w, https:\/\/www.radiopiu.net\/wordpress\/wp-content\/uploads\/2023\/07\/foto-1.jpg 2040w\" sizes=\"auto, (max-width: 300px) 100vw, 300px\" \/><\/a>\n\t\t\t\t<\/dt><\/dl><dl class='gallery-item'>\n\t\t\t\t<dt class='gallery-icon landscape'>\n\t\t\t\t\t<a class=\"rollover rollover-zoom dt-pswp-item\" title=\"foto 2\" data-dt-img-description=\"\" data-large_image_width=\"1600\" data-large_image_height=\"1187\"href='https:\/\/www.radiopiu.net\/wordpress\/wp-content\/uploads\/2023\/07\/foto-2.jpg'><img loading=\"lazy\" decoding=\"async\" width=\"300\" height=\"223\" src=\"https:\/\/www.radiopiu.net\/wordpress\/wp-content\/uploads\/2023\/07\/foto-2-300x223.jpg\" class=\"attachment-medium size-medium\" alt=\"\" srcset=\"https:\/\/www.radiopiu.net\/wordpress\/wp-content\/uploads\/2023\/07\/foto-2-300x223.jpg 300w, https:\/\/www.radiopiu.net\/wordpress\/wp-content\/uploads\/2023\/07\/foto-2-1024x760.jpg 1024w, https:\/\/www.radiopiu.net\/wordpress\/wp-content\/uploads\/2023\/07\/foto-2-768x570.jpg 768w, https:\/\/www.radiopiu.net\/wordpress\/wp-content\/uploads\/2023\/07\/foto-2-1536x1140.jpg 1536w, https:\/\/www.radiopiu.net\/wordpress\/wp-content\/uploads\/2023\/07\/foto-2.jpg 1600w\" sizes=\"auto, (max-width: 300px) 100vw, 300px\" \/><\/a>\n\t\t\t\t<\/dt><\/dl><br style=\"clear: both\" \/>\n\t\t\t<\/div>\n\n<blockquote>\n<hr \/>\n<p>&nbsp;<\/p><\/blockquote>\n<p>&nbsp;<\/p>\n<hr \/>\n<p>&nbsp;<\/p>\n<blockquote>\n<h3>INSTALLATI I PANNELLI INFORMATIVI AD AGORDO<\/h3>\n<\/blockquote>\n<p><strong><a class=\"dt-pswp-item\" href=\"https:\/\/www.radiopiu.net\/wordpress\/wp-content\/uploads\/2023\/07\/Senza-nome-24.png\" data-dt-img-description=\"\" data-large_image_width=\"456\" data-large_image_height=\"353\"><img loading=\"lazy\" decoding=\"async\" class=\" wp-image-343736 alignleft\" src=\"https:\/\/www.radiopiu.net\/wordpress\/wp-content\/uploads\/2023\/07\/Senza-nome-24-300x232.png\" alt=\"\" width=\"146\" height=\"113\" srcset=\"https:\/\/www.radiopiu.net\/wordpress\/wp-content\/uploads\/2023\/07\/Senza-nome-24-300x232.png 300w, https:\/\/www.radiopiu.net\/wordpress\/wp-content\/uploads\/2023\/07\/Senza-nome-24.png 456w\" sizes=\"auto, (max-width: 146px) 100vw, 146px\" \/><\/a>AGORDO<\/strong><\/p>\n<p>di Gianni Santomaso<\/p>\n<audio class=\"wp-audio-shortcode\" id=\"audio-343826-5\" preload=\"none\" style=\"width: 100%;\" controls=\"controls\"><source type=\"audio\/mpeg\" src=\"https:\/\/www.radiopiu.net\/wordpress\/wp-content\/uploads\/2023\/07\/GIANNI-INSTALLATI-I-PANNELLI-INFORMATIVI-AD-AGORDO.mp3?_=5\" \/><a href=\"https:\/\/www.radiopiu.net\/wordpress\/wp-content\/uploads\/2023\/07\/GIANNI-INSTALLATI-I-PANNELLI-INFORMATIVI-AD-AGORDO.mp3\">https:\/\/www.radiopiu.net\/wordpress\/wp-content\/uploads\/2023\/07\/GIANNI-INSTALLATI-I-PANNELLI-INFORMATIVI-AD-AGORDO.mp3<\/a><\/audio>\n<p>&nbsp;<\/p>\n<hr \/>\n<p>&nbsp;<\/p>\n<blockquote>\n<h3>IL GAL PREALPI E DOLOMITI ILLUSTRA AI CITTADINI I RISULTATI DELLA VALUTAZIONE DEL PROGRAMMAZIONE LEADER 2014-2020<\/h3>\n<\/blockquote>\n<p><strong>LIMANA<\/strong> Un seminario svoltosi a Limana ha affrontato la valutazione del programma europeo LEADER 2014-2020 e le prospettive per la nuova strategia del GAL Prealpi e Dolomiti. Il GAL ha condotto un&#8217;intensa e dettagliata valutazione dell&#8217;attivit\u00e0 svolta durante la programmazione, in collaborazione con la Regione Veneto e il dipartimento TESAF dell&#8217;Universit\u00e0 di Padova. I risultati sono stati presentati nel seminario, evidenziando l&#8217;efficienza e l&#8217;efficacia dell&#8217;operato del GAL nel territorio. Il sistema di monitoraggio e valutazione ha permesso di osservare lo stato di attuazione delle attivit\u00e0 e i risultati conseguiti. I risultati contribuiranno alla stesura della nuova strategia per migliorare le attivit\u00e0 e l&#8217;impatto delle azioni future. Maggiori informazioni sono disponibili sul sito web e sui canali social del GAL Prealpi e Dolomiti.<\/p>\n\n\t\t\t<style type='text\/css'>\n\t\t\t\t#gallery-6 {\n\t\t\t\t\tmargin: auto;\n\t\t\t\t}\n\t\t\t\t#gallery-6 .gallery-item {\n\t\t\t\t\tfloat: left;\n\t\t\t\t\tmargin-top: 10px;\n\t\t\t\t\ttext-align: center;\n\t\t\t\t\twidth: 33%;\n\t\t\t\t}\n\t\t\t\t#gallery-6 img {\n\t\t\t\t\tborder: 2px solid #cfcfcf;\n\t\t\t\t}\n\t\t\t\t#gallery-6 .gallery-caption {\n\t\t\t\t\tmargin-left: 0;\n\t\t\t\t}\n\t\t\t\t\/* see gallery_shortcode() in wp-includes\/media.php *\/\n\t\t\t<\/style>\n\t\t<div id='gallery-6' class='dt-gallery-container gallery galleryid-343826 gallery-columns-3 gallery-size-thumbnail'><dl class='gallery-item'>\n\t\t\t\t<dt class='gallery-icon landscape'>\n\t\t\t\t\t<a class=\"rollover rollover-zoom dt-pswp-item\" title=\"foto_1\" data-dt-img-description=\"\" data-large_image_width=\"2000\" data-large_image_height=\"1500\"href='https:\/\/www.radiopiu.net\/wordpress\/wp-content\/uploads\/2023\/07\/foto_1.jpg'><img loading=\"lazy\" decoding=\"async\" width=\"150\" height=\"150\" src=\"https:\/\/www.radiopiu.net\/wordpress\/wp-content\/uploads\/2023\/07\/foto_1-150x150.jpg\" class=\"attachment-thumbnail size-thumbnail\" alt=\"\" \/><\/a>\n\t\t\t\t<\/dt><\/dl><dl class='gallery-item'>\n\t\t\t\t<dt class='gallery-icon landscape'>\n\t\t\t\t\t<a class=\"rollover rollover-zoom dt-pswp-item\" title=\"foto_2\" data-dt-img-description=\"\" data-large_image_width=\"2000\" data-large_image_height=\"1500\"href='https:\/\/www.radiopiu.net\/wordpress\/wp-content\/uploads\/2023\/07\/foto_2.jpg'><img loading=\"lazy\" decoding=\"async\" width=\"150\" height=\"150\" src=\"https:\/\/www.radiopiu.net\/wordpress\/wp-content\/uploads\/2023\/07\/foto_2-150x150.jpg\" class=\"attachment-thumbnail size-thumbnail\" alt=\"\" \/><\/a>\n\t\t\t\t<\/dt><\/dl><dl class='gallery-item'>\n\t\t\t\t<dt class='gallery-icon landscape'>\n\t\t\t\t\t<a class=\"rollover rollover-zoom dt-pswp-item\" title=\"foto_3\" data-dt-img-description=\"\" data-large_image_width=\"2000\" data-large_image_height=\"1500\"href='https:\/\/www.radiopiu.net\/wordpress\/wp-content\/uploads\/2023\/07\/foto_3.jpg'><img loading=\"lazy\" decoding=\"async\" width=\"150\" height=\"150\" src=\"https:\/\/www.radiopiu.net\/wordpress\/wp-content\/uploads\/2023\/07\/foto_3-150x150.jpg\" class=\"attachment-thumbnail size-thumbnail\" alt=\"\" \/><\/a>\n\t\t\t\t<\/dt><\/dl><br style=\"clear: both\" \/>\n\t\t\t<\/div>\n\n<p>&nbsp;<\/p>\n<hr \/>\n<p>&nbsp;<\/p>\n<blockquote>\n<h3>CONFCOMMERCIO: RINNOVATA LA CONSULTA DI CORTINA<\/h3>\n<\/blockquote>\n<p><strong><a class=\"dt-pswp-item\" href=\"https:\/\/www.radiopiu.net\/wordpress\/wp-content\/uploads\/2023\/07\/nuovo-presidente-consulta-Cortina.jpg\" data-dt-img-description=\"\" data-large_image_width=\"644\" data-large_image_height=\"717\"><img loading=\"lazy\" decoding=\"async\" class=\" wp-image-343936 alignleft\" src=\"https:\/\/www.radiopiu.net\/wordpress\/wp-content\/uploads\/2023\/07\/nuovo-presidente-consulta-Cortina-269x300.jpg\" alt=\"\" width=\"126\" height=\"141\" srcset=\"https:\/\/www.radiopiu.net\/wordpress\/wp-content\/uploads\/2023\/07\/nuovo-presidente-consulta-Cortina-269x300.jpg 269w, https:\/\/www.radiopiu.net\/wordpress\/wp-content\/uploads\/2023\/07\/nuovo-presidente-consulta-Cortina.jpg 644w\" sizes=\"auto, (max-width: 126px) 100vw, 126px\" \/><\/a>CORTINA<\/strong> Nella giornata di mercoled\u00ec, al Museo Etnografico \u201cRegole d\u2019Ampezzo\u201d, si e\u0300 riunita l\u2019assemblea degli Associati del comune di Cortina d\u2019Ampezzo per discutere il rinnovo delle cariche associative di Confcommercio. La riunione, convocata dal presidente provinciale Paolo Doglioni, e\u0300 stata indetta anche per fare il punto sulle attivita\u0300 svolte da questo organo territoriale di rappresentanza del terziario. La discussione si e\u0300 incentrata su temi di forte interesse per la categoria e soprattutto ha dato modo di raccogliere una serie di spunti operativi sui quali lavorare nei prossimi mesi, per essere parte attiva nella governance del territorio da parte di questi operatori. Si e\u0300 poi entrati nel vivo della riunione provvedendo a raccogliere le candidature per il rinnovo delle cariche di delegato comunale e consigliere di consulta. I soci presenti hanno nominato quale delegato comunale Michela De Martin (Hotel \u201cda Beppe Sello\u201d). Coadiuveranno il suo lavoro i consiglieri Emanuela De Zanna, Franco Sovilla, Stefano Pirro, Raffaele De Santis e Gianpietro Ghedina.<\/p>\n<p>&nbsp;<\/p>\n<p>&nbsp;<\/p>\n<hr \/>\n<p>&nbsp;<\/p>\n<blockquote>\n<h3>DAVIDE PIOL E&#8217; IL NUOVO PRESIDENTE DEL ROTARY CLUB BELLUNO<\/h3>\n<\/blockquote>\n<p><strong><a class=\"dt-pswp-item\" href=\"https:\/\/www.radiopiu.net\/wordpress\/wp-content\/uploads\/2023\/07\/da_sx_davide_piol_gianmarco_zanchetta.jpeg\" data-dt-img-description=\"\" data-large_image_width=\"1125\" data-large_image_height=\"2000\"><img loading=\"lazy\" decoding=\"async\" class=\" wp-image-343946 alignleft\" src=\"https:\/\/www.radiopiu.net\/wordpress\/wp-content\/uploads\/2023\/07\/da_sx_davide_piol_gianmarco_zanchetta-169x300.jpeg\" alt=\"\" width=\"91\" height=\"162\" srcset=\"https:\/\/www.radiopiu.net\/wordpress\/wp-content\/uploads\/2023\/07\/da_sx_davide_piol_gianmarco_zanchetta-169x300.jpeg 169w, https:\/\/www.radiopiu.net\/wordpress\/wp-content\/uploads\/2023\/07\/da_sx_davide_piol_gianmarco_zanchetta-576x1024.jpeg 576w, https:\/\/www.radiopiu.net\/wordpress\/wp-content\/uploads\/2023\/07\/da_sx_davide_piol_gianmarco_zanchetta-768x1365.jpeg 768w, https:\/\/www.radiopiu.net\/wordpress\/wp-content\/uploads\/2023\/07\/da_sx_davide_piol_gianmarco_zanchetta-864x1536.jpeg 864w, https:\/\/www.radiopiu.net\/wordpress\/wp-content\/uploads\/2023\/07\/da_sx_davide_piol_gianmarco_zanchetta.jpeg 1125w\" sizes=\"auto, (max-width: 91px) 100vw, 91px\" \/><\/a>BELLUNO<\/strong> Un colpo di campana e la ruota del Rotary che gira: dopo un anno il Club di Belluno ha nominato Davide Piol nuovo presidente. Il rito del \u201cpassaggio del collare\u201d ha visto l\u2019uscente presidente Gianmarco Zanchetta cedere il prezioso testimone.E dopo il passaggio del collare la parola \u00e8 passata al nuovo presidente, Davide Piol: &#8220;Non posso che ringraziare Gianmarco per quanto fatto, assieme al Direttivo, e soprattutto per la passione e l\u2019entusiasmo che mette in tutte le sue azioni. Da qui ripartiremo nel costruire ponti innanzitutto verso i nostri soci, verso coloro che ci accompagneranno in questo viaggio lungo un anno. Potremo poi indirizzare l\u2019attenzione e la cura alle persone, cui destiniamo le nostre attivit\u00e0 di servizio, consapevoli che ci troviamo a vivere grandi cambiamenti epocali e un profondo disagio per quanto riguarda la nostra zona di montagna: spopolamento, denatalit\u00e0, scarsa attrattivit\u00e0&#8221;.<\/p>\n<p>&nbsp;<\/p>\n<p>&nbsp;<\/p>\n<hr \/>\n<p>&nbsp;<\/p>\n<blockquote>\n<h3>CHIUSA LA RASSEGNA DELLE DOLOMITI IN MINIATURA<\/h3>\n<\/blockquote>\n<p><strong><a class=\"dt-pswp-item\" href=\"https:\/\/www.radiopiu.net\/wordpress\/wp-content\/uploads\/2023\/07\/PANO_20200820_184931-01_copy_768x541-300x211-1.jpg\" data-dt-img-description=\"\" data-large_image_width=\"300\" data-large_image_height=\"211\"><img loading=\"lazy\" decoding=\"async\" class=\" wp-image-343976 alignleft\" src=\"https:\/\/www.radiopiu.net\/wordpress\/wp-content\/uploads\/2023\/07\/PANO_20200820_184931-01_copy_768x541-300x211-1.jpg\" alt=\"\" width=\"159\" height=\"112\" \/><\/a>SAN TOMASO<\/strong><\/p>\n<p>di Gianni Santomaso<\/p>\n<audio class=\"wp-audio-shortcode\" id=\"audio-343826-6\" preload=\"none\" style=\"width: 100%;\" controls=\"controls\"><source type=\"audio\/mpeg\" src=\"https:\/\/www.radiopiu.net\/wordpress\/wp-content\/uploads\/2023\/07\/GIANNI-CHIUSA-LA-RASSEGNA-DELLE-DOLOMITI-IN-MINIATURA.mp3?_=6\" \/><a href=\"https:\/\/www.radiopiu.net\/wordpress\/wp-content\/uploads\/2023\/07\/GIANNI-CHIUSA-LA-RASSEGNA-DELLE-DOLOMITI-IN-MINIATURA.mp3\">https:\/\/www.radiopiu.net\/wordpress\/wp-content\/uploads\/2023\/07\/GIANNI-CHIUSA-LA-RASSEGNA-DELLE-DOLOMITI-IN-MINIATURA.mp3<\/a><\/audio>\n<p>CON IL PRESIDENTE DEL CAI, DARIO DELL&#8217;OSBEL<\/p>\n<p><a class=\"dt-pswp-item\" href=\"https:\/\/www.radiopiu.net\/wordpress\/wp-content\/uploads\/2023\/07\/Senza-nome-27.png\" data-dt-img-description=\"\" data-large_image_width=\"622\" data-large_image_height=\"337\"><img loading=\"lazy\" decoding=\"async\" class=\"size-medium wp-image-344018 aligncenter\" src=\"https:\/\/www.radiopiu.net\/wordpress\/wp-content\/uploads\/2023\/07\/Senza-nome-27-300x163.png\" alt=\"\" width=\"300\" height=\"163\" srcset=\"https:\/\/www.radiopiu.net\/wordpress\/wp-content\/uploads\/2023\/07\/Senza-nome-27-300x163.png 300w, https:\/\/www.radiopiu.net\/wordpress\/wp-content\/uploads\/2023\/07\/Senza-nome-27.png 622w\" sizes=\"auto, (max-width: 300px) 100vw, 300px\" \/><\/a><\/p>\n<p>LA DIRETTA DI RADIOPIU<\/p>\n<p><strong>LA DIRETTA RADIO PIU&#8217;<\/strong><\/p>\n<p>https:\/\/www.facebook.com\/marco.baghy.1\/videos\/1635963886885933\/?<\/p>\n<p>&nbsp;<\/p>\n<p>&nbsp;<\/p>\n<hr \/>\n<p>&nbsp;<\/p>\n<blockquote>\n<h3>LE MUSE E LE DOLOMITI&#8230;GENERATORE DI EMOZIONI<\/h3>\n<\/blockquote>\n<div class=\"elementToProof\">Con la collaborazione di Angela Chiocchetti, consigliere dell&#8217;associazione Le Muse e le Dolomiti ecco\u00a0 i commenti del pubblico e qualche foto del concerto del 9 luglio &#8220;La storia di Peter&#8221; al Palazzo della Magnifica Comunit\u00e0 di Fiemme di Cavalese.<\/div>\n<div><\/div>\n<div><strong>audio<\/strong><\/div>\n<div>\n<audio class=\"wp-audio-shortcode\" id=\"audio-343826-7\" preload=\"none\" style=\"width: 100%;\" controls=\"controls\"><source type=\"audio\/mpeg\" src=\"https:\/\/www.radiopiu.net\/wordpress\/wp-content\/uploads\/2023\/07\/MUSE.mp3?_=7\" \/><a href=\"https:\/\/www.radiopiu.net\/wordpress\/wp-content\/uploads\/2023\/07\/MUSE.mp3\">https:\/\/www.radiopiu.net\/wordpress\/wp-content\/uploads\/2023\/07\/MUSE.mp3<\/a><\/audio>\n<p>&nbsp;<\/p>\n\n\t\t\t<style type='text\/css'>\n\t\t\t\t#gallery-7 {\n\t\t\t\t\tmargin: auto;\n\t\t\t\t}\n\t\t\t\t#gallery-7 .gallery-item {\n\t\t\t\t\tfloat: left;\n\t\t\t\t\tmargin-top: 10px;\n\t\t\t\t\ttext-align: center;\n\t\t\t\t\twidth: 33%;\n\t\t\t\t}\n\t\t\t\t#gallery-7 img {\n\t\t\t\t\tborder: 2px solid #cfcfcf;\n\t\t\t\t}\n\t\t\t\t#gallery-7 .gallery-caption {\n\t\t\t\t\tmargin-left: 0;\n\t\t\t\t}\n\t\t\t\t\/* see gallery_shortcode() in wp-includes\/media.php *\/\n\t\t\t<\/style>\n\t\t<div id='gallery-7' class='dt-gallery-container gallery galleryid-343826 gallery-columns-3 gallery-size-thumbnail'><dl class='gallery-item'>\n\t\t\t\t<dt class='gallery-icon landscape'>\n\t\t\t\t\t<a class=\"rollover rollover-zoom dt-pswp-item\" title=\"2023_07_09_muse_dolomiti_concerto_MCF_0149 copia\" data-dt-img-description=\"\" data-large_image_width=\"1413\" data-large_image_height=\"944\"href='https:\/\/www.radiopiu.net\/wordpress\/wp-content\/uploads\/2023\/07\/2023_07_09_muse_dolomiti_concerto_MCF_0149-copia.jpg'><img loading=\"lazy\" decoding=\"async\" width=\"150\" height=\"150\" src=\"https:\/\/www.radiopiu.net\/wordpress\/wp-content\/uploads\/2023\/07\/2023_07_09_muse_dolomiti_concerto_MCF_0149-copia-150x150.jpg\" class=\"attachment-thumbnail size-thumbnail\" alt=\"\" \/><\/a>\n\t\t\t\t<\/dt><\/dl><dl class='gallery-item'>\n\t\t\t\t<dt class='gallery-icon landscape'>\n\t\t\t\t\t<a class=\"rollover rollover-zoom dt-pswp-item\" title=\"2023_07_09_muse_dolomiti_concerto_MCF_0054 copia\" data-dt-img-description=\"\" data-large_image_width=\"1417\" data-large_image_height=\"947\"href='https:\/\/www.radiopiu.net\/wordpress\/wp-content\/uploads\/2023\/07\/2023_07_09_muse_dolomiti_concerto_MCF_0054-copia.jpg'><img loading=\"lazy\" decoding=\"async\" width=\"150\" height=\"150\" src=\"https:\/\/www.radiopiu.net\/wordpress\/wp-content\/uploads\/2023\/07\/2023_07_09_muse_dolomiti_concerto_MCF_0054-copia-150x150.jpg\" class=\"attachment-thumbnail size-thumbnail\" alt=\"\" \/><\/a>\n\t\t\t\t<\/dt><\/dl><dl class='gallery-item'>\n\t\t\t\t<dt class='gallery-icon landscape'>\n\t\t\t\t\t<a class=\"rollover rollover-zoom dt-pswp-item\" title=\"2023_07_09_muse_dolomiti_concerto_MCF_0012 copia\" data-dt-img-description=\"\" data-large_image_width=\"1417\" data-large_image_height=\"947\"href='https:\/\/www.radiopiu.net\/wordpress\/wp-content\/uploads\/2023\/07\/2023_07_09_muse_dolomiti_concerto_MCF_0012-copia.jpg'><img loading=\"lazy\" decoding=\"async\" width=\"150\" height=\"150\" src=\"https:\/\/www.radiopiu.net\/wordpress\/wp-content\/uploads\/2023\/07\/2023_07_09_muse_dolomiti_concerto_MCF_0012-copia-150x150.jpg\" class=\"attachment-thumbnail size-thumbnail\" alt=\"\" \/><\/a>\n\t\t\t\t<\/dt><\/dl><br style=\"clear: both\" \/><dl class='gallery-item'>\n\t\t\t\t<dt class='gallery-icon landscape'>\n\t\t\t\t\t<a class=\"rollover rollover-zoom dt-pswp-item\" title=\"2023_07_09_muse_dolomiti_concerto_MCF_0008 copia\" data-dt-img-description=\"\" data-large_image_width=\"1417\" data-large_image_height=\"947\"href='https:\/\/www.radiopiu.net\/wordpress\/wp-content\/uploads\/2023\/07\/2023_07_09_muse_dolomiti_concerto_MCF_0008-copia.jpg'><img loading=\"lazy\" decoding=\"async\" width=\"150\" height=\"150\" src=\"https:\/\/www.radiopiu.net\/wordpress\/wp-content\/uploads\/2023\/07\/2023_07_09_muse_dolomiti_concerto_MCF_0008-copia-150x150.jpg\" class=\"attachment-thumbnail size-thumbnail\" alt=\"\" \/><\/a>\n\t\t\t\t<\/dt><\/dl><dl class='gallery-item'>\n\t\t\t\t<dt class='gallery-icon landscape'>\n\t\t\t\t\t<a class=\"rollover rollover-zoom dt-pswp-item\" title=\"2023_07_09_muse_dolomiti_concerto_MCF_0279_copia2\" data-dt-img-description=\"\" data-large_image_width=\"1500\" data-large_image_height=\"1053\"href='https:\/\/www.radiopiu.net\/wordpress\/wp-content\/uploads\/2023\/07\/2023_07_09_muse_dolomiti_concerto_MCF_0279_copia2.jpg'><img loading=\"lazy\" decoding=\"async\" width=\"150\" height=\"150\" src=\"https:\/\/www.radiopiu.net\/wordpress\/wp-content\/uploads\/2023\/07\/2023_07_09_muse_dolomiti_concerto_MCF_0279_copia2-150x150.jpg\" class=\"attachment-thumbnail size-thumbnail\" alt=\"\" \/><\/a>\n\t\t\t\t<\/dt><\/dl><dl class='gallery-item'>\n\t\t\t\t<dt class='gallery-icon landscape'>\n\t\t\t\t\t<a class=\"rollover rollover-zoom dt-pswp-item\" title=\"2023_07_09_muse_dolomiti_concerto_MCF_0210 copia\" data-dt-img-description=\"\" data-large_image_width=\"1500\" data-large_image_height=\"1002\"href='https:\/\/www.radiopiu.net\/wordpress\/wp-content\/uploads\/2023\/07\/2023_07_09_muse_dolomiti_concerto_MCF_0210-copia.jpg'><img loading=\"lazy\" decoding=\"async\" width=\"150\" height=\"150\" src=\"https:\/\/www.radiopiu.net\/wordpress\/wp-content\/uploads\/2023\/07\/2023_07_09_muse_dolomiti_concerto_MCF_0210-copia-150x150.jpg\" class=\"attachment-thumbnail size-thumbnail\" alt=\"\" \/><\/a>\n\t\t\t\t<\/dt><\/dl><br style=\"clear: both\" \/>\n\t\t\t<\/div>\n\n<p>&nbsp;<\/p>\n<\/div>\n<p>&nbsp;<\/p>\n<hr \/>\n<p>&nbsp;<\/p>\n<blockquote>\n<h3>IL GELATO ARTIGIANALE RINFRESCA SCOOP<\/h3>\n<\/blockquote>\n<p><strong><a class=\"dt-pswp-item\" href=\"https:\/\/www.radiopiu.net\/wordpress\/wp-content\/uploads\/2023\/07\/sushi-Gelato-dessert.jpg\" data-dt-img-description=\"\" data-large_image_width=\"2500\" data-large_image_height=\"1451\"><img loading=\"lazy\" decoding=\"async\" class=\" wp-image-343913 alignleft\" src=\"https:\/\/www.radiopiu.net\/wordpress\/wp-content\/uploads\/2023\/07\/sushi-Gelato-dessert-300x174.jpg\" alt=\"\" width=\"179\" height=\"104\" srcset=\"https:\/\/www.radiopiu.net\/wordpress\/wp-content\/uploads\/2023\/07\/sushi-Gelato-dessert-300x174.jpg 300w, https:\/\/www.radiopiu.net\/wordpress\/wp-content\/uploads\/2023\/07\/sushi-Gelato-dessert-1024x594.jpg 1024w, https:\/\/www.radiopiu.net\/wordpress\/wp-content\/uploads\/2023\/07\/sushi-Gelato-dessert-768x446.jpg 768w, https:\/\/www.radiopiu.net\/wordpress\/wp-content\/uploads\/2023\/07\/sushi-Gelato-dessert-1536x891.jpg 1536w, https:\/\/www.radiopiu.net\/wordpress\/wp-content\/uploads\/2023\/07\/sushi-Gelato-dessert-2048x1189.jpg 2048w\" sizes=\"auto, (max-width: 179px) 100vw, 179px\" \/><\/a>LONGARONE<\/strong> Durante la festa delle cooperative &#8220;Scoop!&#8221; a Cortina d&#8217;Ampezzo, si terr\u00e0 la masterclass &#8220;Cooperazione a tavola&#8221;, organizzata da Longarone Fiere Dolomiti e i gelatieri di Vecogel e Mig. L&#8217;evento proporr\u00e0 un esperimento culinario audace: l&#8217;abbinamento del formaggio Rigatino con barbabietola e cren della Latteria Sant&#8217;Andrea, insieme a un gelato artigianale speciale, la crema gelato alla mostarda veneta con canditi, creata dal maestro gelatiere Pierluigi Vez\u00f9. Questa idea \u00e8 nata dalla collaborazione con lo chef Enzo De Pr\u00e0 del Ristorante Dolada e sar\u00e0 realizzata con prodotti del sistema cooperativo. L&#8217;appuntamento per la degustazione di questi sapori sar\u00e0 alle 16 durante la Masterclass, moderata da Federico Quaranta e con la partecipazione di De Pr\u00e0, Alessandro Piccinini e Jgor Furlan, esperti nel settore del gelato artigianale.<\/p>\n<p>&nbsp;<\/p>\n<p>&nbsp;<\/p>\n<hr \/>\n<p>&nbsp;<\/p>\n<blockquote>\n<h3>DOCUFILM, LA PROPOSTA DELL&#8217;ENTE PALIO<\/h3>\n<\/blockquote>\n<p>&nbsp;<\/p>\n<p><a class=\"dt-pswp-item\" href=\"https:\/\/www.radiopiu.net\/wordpress\/wp-content\/uploads\/2023\/07\/docufilm-copertina.jpg\" data-dt-img-description=\"\" data-large_image_width=\"311\" data-large_image_height=\"569\"><img loading=\"lazy\" decoding=\"async\" class=\"size-medium wp-image-344009 alignleft\" src=\"https:\/\/www.radiopiu.net\/wordpress\/wp-content\/uploads\/2023\/07\/docufilm-copertina-164x300.jpg\" alt=\"\" width=\"164\" height=\"300\" srcset=\"https:\/\/www.radiopiu.net\/wordpress\/wp-content\/uploads\/2023\/07\/docufilm-copertina-164x300.jpg 164w, https:\/\/www.radiopiu.net\/wordpress\/wp-content\/uploads\/2023\/07\/docufilm-copertina.jpg 311w\" sizes=\"auto, (max-width: 164px) 100vw, 164px\" \/><\/a><\/p>\n<p><strong>FELTRE<\/strong> Domenica 30 luglio all\u2019Officinema di Feltre, alle 20.45,\u00a0 verr\u00e0 proiettato il docufilm \u201cMi chiamo Altan e faccio vignette\u201d, un film sul disegnatore Francesco Tullio Altan, autore del drappo del Palio 2023. Il film, realizzato nel 2019 da Stefano Consiglio, \u00e8 stato prodotto dalla Cineteca di Bologna. Nel docufilm le vignette appaiono in carne ed ossa: \u201cuna operazione un po\u2019 spericolata la defin\u00ec lo stesso Altan, perch\u00e9 in realt\u00e0 le vignette uno se le legge da solo, con la voce che si immagina, con i tempi di lettura che si d\u00e0 da solo\u201d. Gli interpreti principali, oltre allo stesso Altan, sono Stefania Sandrelli, Paolo Rossi, Angela Finocchiaro, Stefano Benni, Michele Serra, Paolo Rumiz, Ezio Mauro. Concluder\u00e0 la proiezione una conversazione, in presenza, con lo stesso artista e con il regista Stefano Consiglio, a cui si affiancheranno alcuni giovani felrini.<\/p>\n<blockquote><p><em>\u201cLa possibilit\u00e0 di metterci in dialogo con il grande vignettista satirico che ha realizzato l\u2019oggetto pi\u00f9 ambito da tutti i contradaioli, sottolinea il presidente del Palio, Eugenio Tamburrino, rappresenta un valore aggiunto di questa edizione del 2023 e un\u2019opportunit\u00e0 di cui siamo grati sia al Maestro Altan sia al regista Stefano Consiglio\u201d.<\/em><\/p><\/blockquote>\n<p>&nbsp;<\/p>\n<p>&nbsp;<\/p>\n<hr \/>\n<p>&nbsp;<\/p>\n<blockquote>\n<h3>GIORNATA DELL\u2019IPERTENSIONE NEI RIFUGI: RINVIATO L\u2019EVENTO AL RIFUGIO DAL PIAZ<\/h3>\n<\/blockquote>\n<p><strong>BELLUNO <\/strong>A seguito della perturbazione delle prime ore di gioved\u00ec 13 luglio, il sentiero che conduce al rifugio Dal Piaz risulta difficilmente praticabile. Per ragioni di sicurezza, viene quindi rinviata la giornata dell\u2019ipertensione presso questo rifugio prevista per domenica prossima. La giornata dell\u2019ipertensione nei rifugi \u00e8 invece confermata per domenica 16 luglio, dalle 10.30 alle 15.00, presso il rifugio Semenza (Alpago) e presso il Rifugio Forcella Zovo (Comelico).<\/p>\n<p>&nbsp;<\/p>\n<p>&nbsp;<\/p>\n<hr \/>\n<p>&nbsp;<\/p>\n<h2><span style=\"color: #ff6600;\">IERI ALLA RADIO<\/span><\/h2>\n<blockquote>\n<h3>SPI CGIL BELLUNO, quindicinale appuntamento alla radio<\/h3>\n<\/blockquote>\n<p><b><img loading=\"lazy\" decoding=\"async\" class=\"alignleft\" src=\"https:\/\/www.radiopiu.net\/wordpress\/wp-content\/uploads\/2023\/02\/SPI-CGIL.png\" width=\"152\" height=\"133\" \/>la puntata del 13 luglio<\/b><\/p>\n<p>ospite Maria Rita Gentilin Segretaria Spi Belluno<\/p>\n<audio class=\"wp-audio-shortcode\" id=\"audio-343826-8\" preload=\"none\" style=\"width: 100%;\" controls=\"controls\"><source type=\"audio\/mpeg\" src=\"https:\/\/www.radiopiu.net\/wordpress\/wp-content\/uploads\/2019\/02\/maria-rita-gentili-givoedi-13-luglio.mp3?_=8\" \/><a href=\"https:\/\/www.radiopiu.net\/wordpress\/wp-content\/uploads\/2019\/02\/maria-rita-gentili-givoedi-13-luglio.mp3\">https:\/\/www.radiopiu.net\/wordpress\/wp-content\/uploads\/2019\/02\/maria-rita-gentili-givoedi-13-luglio.mp3<\/a><\/audio>\n<p>&nbsp;<\/p>\n<p>&nbsp;<\/p>\n<hr \/>\n<p>&nbsp;<\/p>\n<p>&nbsp;<\/p>\n<blockquote>\n<h2>I RACCONTI DI SKY CIELO BLU &#8220;I BOCE DALE CAROBOLE&#8221; di GIULIANA DA RONCH<\/h2>\n<\/blockquote>\n<p><strong>PUNTATA DEL 13 LUGLIO<\/strong><\/p>\n<p><strong>AUDIO<\/strong><\/p>\n<audio class=\"wp-audio-shortcode\" id=\"audio-343826-9\" preload=\"none\" style=\"width: 100%;\" controls=\"controls\"><source type=\"audio\/mpeg\" src=\"https:\/\/www.radiopiu.net\/wordpress\/wp-content\/uploads\/2019\/02\/I-BOCEDALE-CAROBOLE-GIULIANA-DA-RONCH.mp3?_=9\" \/><a href=\"https:\/\/www.radiopiu.net\/wordpress\/wp-content\/uploads\/2019\/02\/I-BOCEDALE-CAROBOLE-GIULIANA-DA-RONCH.mp3\">https:\/\/www.radiopiu.net\/wordpress\/wp-content\/uploads\/2019\/02\/I-BOCEDALE-CAROBOLE-GIULIANA-DA-RONCH.mp3<\/a><\/audio>\n<p><img decoding=\"async\" src=\"https:\/\/www.radiopiu.net\/wordpress\/wp-content\/uploads\/2023\/07\/7d58e7b2-dde0-43fc-b57b-6542ecab517d.jpg\" \/><\/p>\n<p>&nbsp;<\/p>\n<hr \/>\n<p>&nbsp;<\/p>\n<blockquote>\n<h3>CONCERTI IN ALTA QUOTA CON &#8220;MELODIE NEL BOSCO, SUSSURRI TRA LE DOLOMITI&#8221;<\/h3>\n<\/blockquote>\n<p><strong><a class=\"dt-pswp-item\" href=\"https:\/\/www.radiopiu.net\/wordpress\/wp-content\/uploads\/2018\/07\/Pota-l_Orso_Bosco-degli-Artisti.png\" data-dt-img-description=\"\" data-large_image_width=\"750\" data-large_image_height=\"534\"><img loading=\"lazy\" decoding=\"async\" class=\"size-medium wp-image-55065 alignleft\" src=\"https:\/\/www.radiopiu.net\/wordpress\/wp-content\/uploads\/2018\/07\/Pota-l_Orso_Bosco-degli-Artisti-300x214.png\" alt=\"\" width=\"300\" height=\"214\" srcset=\"https:\/\/www.radiopiu.net\/wordpress\/wp-content\/uploads\/2018\/07\/Pota-l_Orso_Bosco-degli-Artisti-300x214.png 300w, https:\/\/www.radiopiu.net\/wordpress\/wp-content\/uploads\/2018\/07\/Pota-l_Orso_Bosco-degli-Artisti.png 750w\" sizes=\"auto, (max-width: 300px) 100vw, 300px\" \/><\/a>FALCADE<\/strong>\u00a0 &#8220;Melodie nel Bosco, sussurri tra le Dolomiti&#8221;. Si chiama cos\u00ec il festival che porter\u00e0 quattro concerti a 2.000 metri di altitudine per far incontrare musica e natura al cospetto di vette come Mulaz e Focobon.\u00a0 A fare da teatro sar\u00e0 il Bosco degli Artisti di Falcade, galleria d\u2019arte a cielo aperto che sorge in localit\u00e0 Le Buse, nella Ski Area San Pellegrino. Il primo appuntamento \u00e8 per domani alle 10.30 con Mos\u00e8 Andrich, Piano solo, musica di Ennio Morricone. Stesso orario anche per le altre date in calendario. Sabato 29 luglio si esibir\u00e0 il Coro Val Biois con intermezzo di Nina &amp; Nena duo. Sabato 12 agosto spazio a Fourback con un tributo ai Beatles. Sabato 26 agosto toccher\u00e0 a Emanuele Bastanzetti, da Bach a Kreisler &#8211; sinfonie di violino.<\/p>\n<blockquote><p><em>Raggiungere il Bosco degli Artisti \u00e8 facile: partendo da Falcade, paesino \u201ccullato\u201d dalle imponenti pareti rocciose del Focobon, si giunge a quota 1890 m. con la cabinovia che da Molino porta a Le Buse. Proprio qui, a pochi metri dalla stazione a monte, sorge il Bosco degli Artisti, esposizione di opere a cielo aperto che valorizza l\u2019abilit\u00e0 creativa di diversi scultori e pittori della Val Biois ispirati dalla bellezza e dalle tradizioni del territorio. Un percorso ad anello di circa 1 km dove i visitatori sono invitati a scoprire, passo dopo passo, le diverse opere nascoste tra gli alberi. Nei giorni dei concerti la cabinovia sar\u00e0 chiusa dalle 10.30 alle 12.00 per non disturbare il concerto.\u00a0<\/em><\/p><\/blockquote>\n<p>&nbsp;<\/p>\n<hr \/>\n<p>&nbsp;<\/p>\n<blockquote>\n<h3><a class=\"dt-pswp-item\" href=\"https:\/\/www.radiopiu.net\/wordpress\/wp-content\/uploads\/2023\/07\/MDC_2023Tavola-da-disegno-1.jpg\" data-dt-img-description=\"\" data-large_image_width=\"1605\" data-large_image_height=\"1600\"><img loading=\"lazy\" decoding=\"async\" class=\"wp-image-343596 alignleft\" src=\"https:\/\/www.radiopiu.net\/wordpress\/wp-content\/uploads\/2023\/07\/MDC_2023Tavola-da-disegno-1-300x300.jpg\" alt=\"\" width=\"109\" height=\"109\" srcset=\"https:\/\/www.radiopiu.net\/wordpress\/wp-content\/uploads\/2023\/07\/MDC_2023Tavola-da-disegno-1-300x300.jpg 300w, https:\/\/www.radiopiu.net\/wordpress\/wp-content\/uploads\/2023\/07\/MDC_2023Tavola-da-disegno-1-1024x1021.jpg 1024w, https:\/\/www.radiopiu.net\/wordpress\/wp-content\/uploads\/2023\/07\/MDC_2023Tavola-da-disegno-1-150x150.jpg 150w, https:\/\/www.radiopiu.net\/wordpress\/wp-content\/uploads\/2023\/07\/MDC_2023Tavola-da-disegno-1-768x766.jpg 768w, https:\/\/www.radiopiu.net\/wordpress\/wp-content\/uploads\/2023\/07\/MDC_2023Tavola-da-disegno-1-1536x1531.jpg 1536w, https:\/\/www.radiopiu.net\/wordpress\/wp-content\/uploads\/2023\/07\/MDC_2023Tavola-da-disegno-1.jpg 1605w\" sizes=\"auto, (max-width: 109px) 100vw, 109px\" \/><\/a>FESTIVAL MUSICA DA CORTILE A PAIANE<\/h3>\n<\/blockquote>\n<p><strong>PONTE NELLE ALPI\u00a0<\/strong> Torna MUSICA DA CORTILE, festival di musica originale organizzato dall&#8217;Associazione Amici della Musica con la direzione artistica de Il Terzo Mondo Studio che si svolger\u00e0, per il terzo anno, nel cortile della scuola. Quest\u2019anno le serate saranno tre, sempre di gioved\u00ec, e si protrarranno fino a met\u00e0 Agosto: 03 e 17 agosto, dalle\u00a0 21. Il cortile si trova a Paiane di Ponte nelle Alpi in Via Soccher, 19.\u00a0 In caso di pioggia le serate non si svolgeranno.<\/p>\n<p>&nbsp;<\/p>\n<p>&nbsp;<\/p>\n<hr \/>\n<p>&nbsp;<\/p>\n<blockquote>\n<h3><a class=\"dt-pswp-item\" href=\"https:\/\/www.radiopiu.net\/wordpress\/wp-content\/uploads\/2023\/07\/a7500ce1-a4af-4fbc-9773-a3aff1d4797f.jpg\" data-dt-img-description=\"\" data-large_image_width=\"1150\" data-large_image_height=\"1600\"><img loading=\"lazy\" decoding=\"async\" class=\" wp-image-343556 alignleft\" src=\"https:\/\/www.radiopiu.net\/wordpress\/wp-content\/uploads\/2023\/07\/a7500ce1-a4af-4fbc-9773-a3aff1d4797f-216x300.jpg\" alt=\"\" width=\"96\" height=\"133\" srcset=\"https:\/\/www.radiopiu.net\/wordpress\/wp-content\/uploads\/2023\/07\/a7500ce1-a4af-4fbc-9773-a3aff1d4797f-216x300.jpg 216w, https:\/\/www.radiopiu.net\/wordpress\/wp-content\/uploads\/2023\/07\/a7500ce1-a4af-4fbc-9773-a3aff1d4797f-736x1024.jpg 736w, https:\/\/www.radiopiu.net\/wordpress\/wp-content\/uploads\/2023\/07\/a7500ce1-a4af-4fbc-9773-a3aff1d4797f-768x1069.jpg 768w, https:\/\/www.radiopiu.net\/wordpress\/wp-content\/uploads\/2023\/07\/a7500ce1-a4af-4fbc-9773-a3aff1d4797f-1104x1536.jpg 1104w, https:\/\/www.radiopiu.net\/wordpress\/wp-content\/uploads\/2023\/07\/a7500ce1-a4af-4fbc-9773-a3aff1d4797f.jpg 1150w\" sizes=\"auto, (max-width: 96px) 100vw, 96px\" \/><\/a>MUSICA NEI CORTIVI CON NENA TRENTIN<\/h3>\n<\/blockquote>\n<p><strong>SOSPIROLO<\/strong><\/p>\n<p>DI ROBERTO BONA<\/p>\n<audio class=\"wp-audio-shortcode\" id=\"audio-343826-10\" preload=\"none\" style=\"width: 100%;\" controls=\"controls\"><source type=\"audio\/mpeg\" src=\"https:\/\/www.radiopiu.net\/wordpress\/wp-content\/uploads\/2023\/07\/BONA-CONCERTO-NINA-TRENTIN-14-LUGLIO.mp3?_=10\" \/><a href=\"https:\/\/www.radiopiu.net\/wordpress\/wp-content\/uploads\/2023\/07\/BONA-CONCERTO-NINA-TRENTIN-14-LUGLIO.mp3\">https:\/\/www.radiopiu.net\/wordpress\/wp-content\/uploads\/2023\/07\/BONA-CONCERTO-NINA-TRENTIN-14-LUGLIO.mp3<\/a><\/audio>\n<p>&nbsp;<\/p>\n<hr \/>\n<p>&nbsp;<\/p>\n<blockquote>\n<h3>INIZIATIVE PRO COMITATO DI GEMELLAGGIO<\/h3>\n<\/blockquote>\n<p><strong>AGORDO<\/strong> Il Comitato di Gemellaggio di Agordo e il Bar Schenot organizzano una serata a base di \u00a0cr\u00eapes farcite a piacere con nutella o marmellata. Lo scopo dell&#8217;iniziativa \u00e8 raccogliere fondi per finanziareil Comitato di Gemellaggio di Agordo che\u00a0 promuove i gemellaggi tra Agordo &#8211; Zugliano (Vicenza) e Dolomieu (Francia). L&#8217;appuntamento oggi dalle 19 al Bar Schenot.<\/p>\n<p>&nbsp;<\/p>\n<p>&nbsp;<\/p>\n<hr \/>\n<p>&nbsp;<\/p>\n<blockquote>\n<h3>LA SAGRA DEI PER A BRIBANO DI SEDICO<\/h3>\n<\/blockquote>\n<p><strong>SEDICO<\/strong> Dal 21 al 30 luglio grande festa a Bribano di Sedico con la Sagra dei Per. Musica, Luna Park, cibo, sport, cultura e altro. Sabato 22 Radio Pi\u00f9 40 Live per festeggiare assieme i 40 anni di Radio Pi\u00f9.<\/p>\n<p><strong>IL PROGRAMMA (2 PAGINE)<\/strong><\/p>\n<a href=\"https:\/\/www.radiopiu.net\/wordpress\/wp-content\/uploads\/2023\/07\/FLYER-sagra-dei-per-2023-STAMPA.pdf\" class=\"pdfemb-viewer\" style=\"\" data-width=\"max\" data-height=\"max\" data-toolbar=\"top\" data-toolbar-fixed=\"on\">FLYER sagra dei per 2023 STAMPA<\/a>\n<p>&nbsp;<\/p>\n<hr \/>\n<p>&nbsp;<\/p>\n<blockquote>\n<h3>DOMANI MUSICA IN PIAZZA A CANALE D&#8217;AGORDO<\/h3>\n<\/blockquote>\n<p><strong>CANALE D&#8217;AGORDO<\/strong><\/p>\n<p>di Gianni Santomaso<\/p>\n<audio class=\"wp-audio-shortcode\" id=\"audio-343826-11\" preload=\"none\" style=\"width: 100%;\" controls=\"controls\"><source type=\"audio\/mpeg\" src=\"https:\/\/www.radiopiu.net\/wordpress\/wp-content\/uploads\/2023\/07\/GIANNI-MUSICA-IN-PIAZZA-A-CANALE.mp3?_=11\" \/><a href=\"https:\/\/www.radiopiu.net\/wordpress\/wp-content\/uploads\/2023\/07\/GIANNI-MUSICA-IN-PIAZZA-A-CANALE.mp3\">https:\/\/www.radiopiu.net\/wordpress\/wp-content\/uploads\/2023\/07\/GIANNI-MUSICA-IN-PIAZZA-A-CANALE.mp3<\/a><\/audio>\n<p>&nbsp;<\/p>\n<hr \/>\n<p>&nbsp;<\/p>\n<blockquote>\n<h3>DALLE DOLOMITI ALLA PIANURA<\/h3>\n<\/blockquote>\n<p><strong>SOSPIROLO<\/strong><\/p>\n<p>di Roberto Bona<\/p>\n<audio class=\"wp-audio-shortcode\" id=\"audio-343826-12\" preload=\"none\" style=\"width: 100%;\" controls=\"controls\"><source type=\"audio\/mpeg\" src=\"https:\/\/www.radiopiu.net\/wordpress\/wp-content\/uploads\/2023\/07\/BONA-DALLE-DOLOMITI-ALLA-LAGUNA-16-LUGLIO.mp3?_=12\" \/><a href=\"https:\/\/www.radiopiu.net\/wordpress\/wp-content\/uploads\/2023\/07\/BONA-DALLE-DOLOMITI-ALLA-LAGUNA-16-LUGLIO.mp3\">https:\/\/www.radiopiu.net\/wordpress\/wp-content\/uploads\/2023\/07\/BONA-DALLE-DOLOMITI-ALLA-LAGUNA-16-LUGLIO.mp3<\/a><\/audio>\n<p>&nbsp;<\/p>\n<hr \/>\n<p>&nbsp;<\/p>\n<h2><span style=\"color: #ff0000;\">GLI APPUNTAMENTI DELLA SETTIMANA\u00a0<\/span><\/h2>\n<p>&nbsp;<\/p>\n<blockquote>\n<h3>MUSICA NEI CORTIVI<\/h3>\n<\/blockquote>\n<p><strong>SOSPIROLO<\/strong> Oggi alle 20.30 in localit\u00e0 Pascoli-ai Tonet di Sospirolo concerto \u201cNena Trentin musica live\u201d per la rassegna Musica nei Cortivi. Organizza la Pro loco Monti Del Sole<\/p>\n<p>&nbsp;<\/p>\n<blockquote>\n<h3>DOPPIO APPUNTAMENTO CON NELLO SCAVO<\/h3>\n<\/blockquote>\n<p><strong>BELLUNO<\/strong> Il giornalista nello Scavo terr\u00e0 due incontri Oggi a Belluno. Il primo alle 10 alla palestra comunale di Sorriva, alle 20:30 al Teatro Giovanni XXIII. L&#8217;inviato di Avvenire parler\u00e0 di Ucraina<\/p>\n<p>&nbsp;<\/p>\n<blockquote>\n<h3>ESTATE A FORCELLA AURINE. LEZIONE DI YOGA<\/h3>\n<\/blockquote>\n<p><strong>GOSALDO<\/strong> Continuano gli appuntamenti di Estate a Forcella Aurine. Domani una mattinata di Yoga e Pilates con Serena De March ed Elisa Scariot. Domenica torna la musica live con Chiara e Fausto.<\/p>\n<p>&nbsp;<\/p>\n<blockquote>\n<h3>LA MOSTRA DI RENZO MIOLA<\/h3>\n<\/blockquote>\n<p><strong>AGORDO<\/strong> Dal 15 al 30 luglio alla Sala Don Tamis di Agordo verranno esposti i lavori di Renzo Miola. La mostra sar\u00e0 visitabile tutti i giorni dalle 17 alle 19:30, Mercoled\u00ec, sabato e domenica anche al mattino dalle 10 alle 12.<\/p>\n<p><strong>di Gianni Santomaso<\/strong><\/p>\n<audio class=\"wp-audio-shortcode\" id=\"audio-343826-13\" preload=\"none\" style=\"width: 100%;\" controls=\"controls\"><source type=\"audio\/mpeg\" src=\"https:\/\/www.radiopiu.net\/wordpress\/wp-content\/uploads\/2023\/07\/GIANNI-RENZO-MIOLA.mp3?_=13\" \/><a href=\"https:\/\/www.radiopiu.net\/wordpress\/wp-content\/uploads\/2023\/07\/GIANNI-RENZO-MIOLA.mp3\">https:\/\/www.radiopiu.net\/wordpress\/wp-content\/uploads\/2023\/07\/GIANNI-RENZO-MIOLA.mp3<\/a><\/audio>\n<p>&nbsp;<\/p>\n<blockquote>\n<h3>AL CASTELLO DI ANDRAZ SI PARLA DELLE MINIERE DEL FURSIL<\/h3>\n<\/blockquote>\n<p><strong>LIVINALLONGO<\/strong> Domenica al Castello di Andraz un incontro con Giulia Tasser per parlare della Miniere del Fursil. Inizio alle 11<\/p>\n<p>&nbsp;<\/p>\n<blockquote>\n<h3>CON IL CAI DI AGORDO ALL&#8217;ANELLO DEL MONTE COLAC<\/h3>\n<\/blockquote>\n<p><strong>AGORDO<\/strong> Domenica \u00e8 in programma un&#8217;escursione del Cai di Agordo all&#8217;Anello del Monte Colac. Ritrovo alle 6:30 alla sede Cai di Agordo presso il municpio. Per info ed iscrizioni 380 6983040<\/p>\n<p>&nbsp;<\/p>\n<blockquote class=\"wp-embedded-content\" data-secret=\"C7cOmEeQCg\"><p><a href=\"https:\/\/www.radiopiu.net\/wordpress\/40-anni-sui-piu-importanti-giornali-della-provincia-corriere-delle-alpi-amico-del-popolo-la-usc-di-ladins\/\">40 ANNI SUI PIU&#8217; IMPORTANTI GIORNALI DELLA PROVINCIA, CORRIERE DELLE ALPI, AMICO DEL POPOLO, LA USC DI LADINS<\/a><\/p><\/blockquote>\n<p><iframe loading=\"lazy\" class=\"wp-embedded-content\" sandbox=\"allow-scripts\" security=\"restricted\" style=\"position: absolute; clip: rect(1px, 1px, 1px, 1px);\" title=\"&#8220;40 ANNI SUI PIU&#8217; IMPORTANTI GIORNALI DELLA PROVINCIA, CORRIERE DELLE ALPI, AMICO DEL POPOLO, LA USC DI LADINS&#8221; &#8212; Radio Pi\u00f9\" src=\"https:\/\/www.radiopiu.net\/wordpress\/40-anni-sui-piu-importanti-giornali-della-provincia-corriere-delle-alpi-amico-del-popolo-la-usc-di-ladins\/embed\/#?secret=UuIoyEK6l8#?secret=C7cOmEeQCg\" data-secret=\"C7cOmEeQCg\" width=\"600\" height=\"338\" frameborder=\"0\" marginwidth=\"0\" marginheight=\"0\" scrolling=\"no\"><\/iframe><\/p>\n<p>&nbsp;<\/p>\n<p>&nbsp;<\/p>\n<h2><span style=\"color: #ff0000;\">PROSSIMAMENTE&#8230;\u00a0<\/span><\/h2>\n<blockquote>\n<h3>MULTIVISIONI SOTTO LE STELLE<\/h3>\n<\/blockquote>\n<p><strong>BORGO VALBELLUNA <\/strong>Immagini che prendono vita seguendo lo scorrere della musica, per creare uno spettacolo che ha il potere di affascinare e coinvolgere lo spettatore. Questo lo spettacolo che verr\u00e0 proposto a Mel il 18 luglio nel cortile del Palazzo delle Contesse di Mel.<\/p>\n<blockquote>\n<h3>UNA SERATA CON ANSELMO CAGNATI<\/h3>\n<\/blockquote>\n<p><strong>FALCADE<\/strong> Gioved\u00ec 20 luglio alle 21 alla Casa della Giovent\u00f9 di Caviola una serata con Anselmo Cagnati dal titolo &#8220;Tjikko, con i cani da slitta del grande nord&#8221;<\/p>\n<p>&nbsp;<\/p>\n<blockquote>\n<h3>CONCERTO D&#8217;ORGANO A MEL<\/h3>\n<\/blockquote>\n<p><strong>BELLUNO<\/strong> Torna per la sesta volta a Mel il Concerto d\u2019organo con il maestro Fiorenzo Mori. L\u2019atteso appuntamento organizzato all\u2019insegna della solidariet\u00e0, dall\u2019Auser provinciale e dal locale Circolo Auser \u201cIl Sole&#8221;. Appuntamento gioved\u00ec 20 luglio nella chiesa arcipretale di Mel, in piazza Luciani, con inizio alle ore 20.30.<\/p>\n<p>&nbsp;<\/p>\n<blockquote>\n<h3>LA SANTA MESSA AL COL DE SAN LUGAN<\/h3>\n<\/blockquote>\n<p><strong>TAIBON<\/strong> Sabato 22 luglio alle 10:30 al Col De San Lugan in Valle di San Lucano verr\u00e0 celebrata la Santa Messa. Pranzo al sacco.<\/p>\n<p>&nbsp;<\/p>\n<blockquote>\n<h3>LA STUA, DOVE RINASCE LO STUDIO BALLIS<\/h3>\n<\/blockquote>\n<p><strong>ALLEGHE<\/strong> Sabato 22 luglio alle 18 in Corso Venezia a Masare&#8217;, Laura Ballis con Vico Calabro&#8217; e Giovanni Sogne inaugura il nuovo studio d&#8217;arte &#8220;La Stua&#8221;, rinato dopo la tempesta Vaia dell&#8217;autunno 2018.<\/p>\n\n\t\t\t<style type='text\/css'>\n\t\t\t\t#gallery-8 {\n\t\t\t\t\tmargin: auto;\n\t\t\t\t}\n\t\t\t\t#gallery-8 .gallery-item {\n\t\t\t\t\tfloat: left;\n\t\t\t\t\tmargin-top: 10px;\n\t\t\t\t\ttext-align: center;\n\t\t\t\t\twidth: 50%;\n\t\t\t\t}\n\t\t\t\t#gallery-8 img {\n\t\t\t\t\tborder: 2px solid #cfcfcf;\n\t\t\t\t}\n\t\t\t\t#gallery-8 .gallery-caption {\n\t\t\t\t\tmargin-left: 0;\n\t\t\t\t}\n\t\t\t\t\/* see gallery_shortcode() in wp-includes\/media.php *\/\n\t\t\t<\/style>\n\t\t<div id='gallery-8' class='dt-gallery-container gallery galleryid-343826 gallery-columns-2 gallery-size-medium'><dl class='gallery-item'>\n\t\t\t\t<dt class='gallery-icon landscape'>\n\t\t\t\t\t<a class=\"rollover rollover-zoom dt-pswp-item\" title=\"prima\" data-dt-img-description=\"\" data-large_image_width=\"266\" data-large_image_height=\"162\"href='https:\/\/www.radiopiu.net\/wordpress\/wp-content\/uploads\/2023\/07\/prima.png'><img loading=\"lazy\" decoding=\"async\" width=\"266\" height=\"162\" src=\"https:\/\/www.radiopiu.net\/wordpress\/wp-content\/uploads\/2023\/07\/prima.png\" class=\"attachment-medium size-medium\" alt=\"\" aria-describedby=\"gallery-8-342762\" \/><\/a>\n\t\t\t\t<\/dt>\n\t\t\t\t\t<dd class='wp-caption-text gallery-caption' id='gallery-8-342762'>\n\t\t\t\t\tPOST VAIA\n\t\t\t\t\t<\/dd><\/dl><dl class='gallery-item'>\n\t\t\t\t<dt class='gallery-icon landscape'>\n\t\t\t\t\t<a class=\"rollover rollover-zoom dt-pswp-item\" title=\"oggi\" data-dt-img-description=\"\" data-large_image_width=\"273\" data-large_image_height=\"196\"href='https:\/\/www.radiopiu.net\/wordpress\/wp-content\/uploads\/2023\/07\/oggi.png'><img loading=\"lazy\" decoding=\"async\" width=\"273\" height=\"196\" src=\"https:\/\/www.radiopiu.net\/wordpress\/wp-content\/uploads\/2023\/07\/oggi.png\" class=\"attachment-medium size-medium\" alt=\"\" aria-describedby=\"gallery-8-342761\" \/><\/a>\n\t\t\t\t<\/dt>\n\t\t\t\t\t<dd class='wp-caption-text gallery-caption' id='gallery-8-342761'>\n\t\t\t\t\tOGGI\n\t\t\t\t\t<\/dd><\/dl><br style=\"clear: both\" \/>\n\t\t\t<\/div>\n\n<blockquote>\n<h3><\/h3>\n<h3>L&#8217;ESTATE DEI MERCATINI AD AGORDO<\/h3>\n<\/blockquote>\n<p><strong>AGORDO<\/strong> Tornano i mercatini d&#8217;estate ad Agordo. Il primo appuntamento domenica 23 luglio dalle 6 alle 19 sul Broi di Agordo con il mercatino dell&#8217;antiquariato. Per informazioni 349 3984682<\/p>\n<p>&nbsp;<\/p>\n<blockquote>\n<h3>LA PASTASCIUTTA ANTIFASCISTA A BUSCHE<\/h3>\n<\/blockquote>\n<p><strong>CESIOMAGGIORE<\/strong> Sar\u00e0 Busche ad ospitare la pastasciutta antifascista 2023. Marted\u00ec 25 luglio a partire dalle 14:30 inizia la festa. Alle 15 lo spettacolo di burattini, alle 16 Fast Fashion con gli studenti di Rete Studenti Medi, a seguire il convegno dal titolo &#8220;Democratica, Artificiale e Intelligente?&#8221;. Alle 19:15 si pranza con la pastasciutta gratuita per tutti e musica con Sandro Del Luca e Nelson Salton. Organizzano SPI CGIL, Comune di Cesiomaggiore e Ulss 1 Dolomiti.<\/p>\n<p>&nbsp;<\/p>\n<blockquote>\n<h3>TALK CRISTIANO AD AGORDO<\/h3>\n<\/blockquote>\n<p><strong>AGORDO<\/strong> Domenica 30 luglio alle 18 al Centro Parrocchiale di Agordo un incontro dal titolo &#8220;Talk Cristiano, il significato della crocefissione di Ges\u00f9 Cristo<\/p>\n<p>&nbsp;<\/p>\n<blockquote>\n<h3>IL CORSO DI CALLIGRAFIA IN VAL DI ZOLDO<\/h3>\n<\/blockquote>\n<p><strong>VAL DI ZOLDO<\/strong><\/p>\n<p>Tra le proposte estive della Val di Zoldo c\u2019\u00e8 anche il Corso di Calligrafia &#8211; \u00c8 bello scrivere \u2013 che sar\u00e0 tenuto\u00a0 dalla prof. Anna Schettin, docente di Calligrafia e Lettering, sabato 29 e domenica 30 luglio, a Pieve di Zoldo. Per informazioni telefonare al numero 333 358 7405.<\/p>\n<p>&nbsp;<\/p>\n<blockquote class=\"wp-embedded-content\" data-secret=\"Ejzg9co6uW\"><p><a href=\"https:\/\/www.radiopiu.net\/wordpress\/il-programma-degli-eventi-estivi-dedicati-al-beato-papa-giovanni-paolo-i\/\">IL PROGRAMMA DEGLI EVENTI ESTIVI DEDICATI AL BEATO PAPA GIOVANNI PAOLO I<\/a><\/p><\/blockquote>\n<p><iframe loading=\"lazy\" class=\"wp-embedded-content\" sandbox=\"allow-scripts\" security=\"restricted\" style=\"position: absolute; clip: rect(1px, 1px, 1px, 1px);\" title=\"&#8220;IL PROGRAMMA DEGLI EVENTI ESTIVI DEDICATI AL BEATO PAPA GIOVANNI PAOLO I&#8221; &#8212; Radio Pi\u00f9\" src=\"https:\/\/www.radiopiu.net\/wordpress\/il-programma-degli-eventi-estivi-dedicati-al-beato-papa-giovanni-paolo-i\/embed\/#?secret=bsADKsmX8N#?secret=Ejzg9co6uW\" data-secret=\"Ejzg9co6uW\" width=\"600\" height=\"338\" frameborder=\"0\" marginwidth=\"0\" marginheight=\"0\" scrolling=\"no\"><\/iframe><\/p>\n<p>&nbsp;<\/p>\n<hr \/>\n<p>&nbsp;<\/p>\n<blockquote>\n<h3>APERITIVO ? MA MAI SENZA MUSICA<\/h3>\n<\/blockquote>\n<p><a class=\"dt-pswp-item\" href=\"https:\/\/www.radiopiu.net\/wordpress\/wp-content\/uploads\/2023\/07\/d86dbc06-7161-49d4-b544-90770e85269f.jpg\" data-dt-img-description=\"\" data-large_image_width=\"1448\" data-large_image_height=\"2048\"><img loading=\"lazy\" decoding=\"async\" class=\" wp-image-342766 alignleft\" src=\"https:\/\/www.radiopiu.net\/wordpress\/wp-content\/uploads\/2023\/07\/d86dbc06-7161-49d4-b544-90770e85269f-212x300.jpg\" alt=\"\" width=\"133\" height=\"189\" srcset=\"https:\/\/www.radiopiu.net\/wordpress\/wp-content\/uploads\/2023\/07\/d86dbc06-7161-49d4-b544-90770e85269f-212x300.jpg 212w, https:\/\/www.radiopiu.net\/wordpress\/wp-content\/uploads\/2023\/07\/d86dbc06-7161-49d4-b544-90770e85269f-724x1024.jpg 724w, https:\/\/www.radiopiu.net\/wordpress\/wp-content\/uploads\/2023\/07\/d86dbc06-7161-49d4-b544-90770e85269f-768x1086.jpg 768w, https:\/\/www.radiopiu.net\/wordpress\/wp-content\/uploads\/2023\/07\/d86dbc06-7161-49d4-b544-90770e85269f-1086x1536.jpg 1086w, https:\/\/www.radiopiu.net\/wordpress\/wp-content\/uploads\/2023\/07\/d86dbc06-7161-49d4-b544-90770e85269f.jpg 1448w\" sizes=\"auto, (max-width: 133px) 100vw, 133px\" \/><\/a>Dimentica la routine, concediti un momento di relax e divertimento con amici e familiari. L&#8217;aperitivo in musica all&#8217;Hotel Stella Alpina in piazza a Falcade \u00e8 l&#8217;occasione perfetta per socializzare e creare ricordi preziosi.Ogni venerd\u00ec di luglio ed agosto, l&#8217;Hotel Stella Alpina vi accoglie per una serata di puro divertimento, dalle 18 alle 21. I\u00a0venerdi di luglio ed agosto allo Stella alpina, appuntamento con la buona musica e le specialit\u00e0 che sapranno deliziarvi il palato. INFO 0437 599046. <a class=\"moz-txt-link-abbreviated\" href=\"http:\/\/WWW.HOTEL\">WWW.HOTEL<\/a> STELLA ALPINA . COM<br \/>\n<strong>OGGI\u00a0<\/strong> RE-UNION IN CONCERTO, dalla cucina: SERATA ROMANA CON AMATRICIANA, CACIO E PEPE.<br \/>\n<strong>VENERDI 21 LUGLIO<\/strong> IL RITORNO DEI JPM, saranno serviti PANINI CON PORCHETTA E SALSA COLESLAW<\/p>\n<p>&nbsp;<\/p>\n<p>&nbsp;<\/p>\n<p>&nbsp;<\/p>\n<hr \/>\n<p>&nbsp;<\/p>\n<div dir=\"auto\">\n<div class=\"message spoilers-container\" dir=\"auto\">\n<div>\n<div class=\"b654a4as d2edcug0\">\n<div class=\"rq0escxv hkbzh7o3 jwdofwj8 n8tt0mok r8blr3vg hyh9befq\">\n<p><a class=\"dt-pswp-item\" href=\"https:\/\/www.radiopiu.net\/wordpress\/wp-content\/uploads\/2020\/10\/pp.jpg\" data-dt-img-description=\"\" data-large_image_width=\"640\" data-large_image_height=\"640\"><img loading=\"lazy\" decoding=\"async\" class=\"wp-image-163678 alignleft\" src=\"https:\/\/www.radiopiu.net\/wordpress\/wp-content\/uploads\/2020\/10\/pp-300x300.jpg\" alt=\"\" width=\"106\" height=\"106\" srcset=\"https:\/\/www.radiopiu.net\/wordpress\/wp-content\/uploads\/2020\/10\/pp-300x300.jpg 300w, https:\/\/www.radiopiu.net\/wordpress\/wp-content\/uploads\/2020\/10\/pp-150x150.jpg 150w, https:\/\/www.radiopiu.net\/wordpress\/wp-content\/uploads\/2020\/10\/pp-125x125.jpg 125w, https:\/\/www.radiopiu.net\/wordpress\/wp-content\/uploads\/2020\/10\/pp-200x200.jpg 200w, https:\/\/www.radiopiu.net\/wordpress\/wp-content\/uploads\/2020\/10\/pp-80x80.jpg 80w, https:\/\/www.radiopiu.net\/wordpress\/wp-content\/uploads\/2020\/10\/pp-480x480.jpg 480w, https:\/\/www.radiopiu.net\/wordpress\/wp-content\/uploads\/2020\/10\/pp.jpg 640w\" sizes=\"auto, (max-width: 106px) 100vw, 106px\" \/><\/a><\/p>\n<\/div>\n<\/div>\n<\/div>\n<\/div>\n<div class=\"message spoilers-container\" dir=\"auto\">\n<div class=\"page-title-head hgroup\">\n<div class=\"page-title-head hgroup\">\n<div class=\"b654a4as d2edcug0\">\n<div class=\"j83agx80 btwxx1t3 lhclo0ds hop8lmos nkwizq5d scwd0bx6 roh60bw9\">\n<div class=\"rq0escxv hkbzh7o3 jwdofwj8 n8tt0mok r8blr3vg hyh9befq\">\n<div class=\"do00u71z l9j0dhe7 k4urcfbm\" style=\"text-align: left;\">\n<h2><span style=\"color: #000080;\">DON CESARE, IL PENSIERO DEL GIORNO. ALLA RADIO ALLE 7 DEL MATTINO E ALLE 19.30 DELLA SERA<\/span><\/h2>\n<\/div>\n<\/div>\n<\/div>\n<\/div>\n<\/div>\n<\/div>\n<\/div>\n<\/div>\n<div class=\"message spoilers-container\" dir=\"auto\">\n<div class=\"column\">\n<div class=\"message spoilers-container\" dir=\"auto\">\n<div class=\"column\">\n<p>&nbsp;<\/p>\n<p>&nbsp;<\/p>\n<p>&nbsp;<\/p>\n<hr \/>\n<p>&nbsp;<\/p>\n<h2><strong><a class=\"dt-pswp-item\" href=\"https:\/\/www.radiopiu.net\/wordpress\/wp-content\/uploads\/2020\/09\/FALCADE-1.jpg\" data-dt-img-description=\"\" data-large_image_width=\"960\" data-large_image_height=\"720\"><img loading=\"lazy\" decoding=\"async\" class=\" wp-image-163186 alignleft\" src=\"https:\/\/www.radiopiu.net\/wordpress\/wp-content\/uploads\/2020\/09\/FALCADE-1-300x225.jpg\" alt=\"\" width=\"151\" height=\"113\" srcset=\"https:\/\/www.radiopiu.net\/wordpress\/wp-content\/uploads\/2020\/09\/FALCADE-1-300x225.jpg 300w, https:\/\/www.radiopiu.net\/wordpress\/wp-content\/uploads\/2020\/09\/FALCADE-1-768x576.jpg 768w, https:\/\/www.radiopiu.net\/wordpress\/wp-content\/uploads\/2020\/09\/FALCADE-1-640x480.jpg 640w, https:\/\/www.radiopiu.net\/wordpress\/wp-content\/uploads\/2020\/09\/FALCADE-1.jpg 960w\" sizes=\"auto, (max-width: 151px) 100vw, 151px\" \/><\/a><\/strong><span style=\"color: #800080;\">LA RASSEGNA STAMPA DA L&#8217;AMICO DEL POPOLO<\/span><\/h2>\n<p><strong>di Gianni Santomaso<\/strong><\/p>\n<p>OSPITE: Flavio Murer<\/p>\n<audio class=\"wp-audio-shortcode\" id=\"audio-343826-14\" preload=\"none\" style=\"width: 100%;\" controls=\"controls\"><source type=\"audio\/mpeg\" src=\"https:\/\/www.radiopiu.net\/wordpress\/wp-content\/uploads\/2023\/07\/RASSEGNA-GIANNI-1.mp3?_=14\" \/><a href=\"https:\/\/www.radiopiu.net\/wordpress\/wp-content\/uploads\/2023\/07\/RASSEGNA-GIANNI-1.mp3\">https:\/\/www.radiopiu.net\/wordpress\/wp-content\/uploads\/2023\/07\/RASSEGNA-GIANNI-1.mp3<\/a><\/audio>\n<p>&nbsp;<\/p>\n<p>&nbsp;<\/p>\n<hr \/>\n<p>&nbsp;<\/p>\n<p><img loading=\"lazy\" decoding=\"async\" class=\"aligncenter wp-image-61954 size-full\" src=\"https:\/\/www.radiopiu.net\/wordpress\/wp-content\/uploads\/2018\/09\/viabilita.jpeg\" sizes=\"auto, (max-width: 800px) 100vw, 800px\" srcset=\"https:\/\/www.radiopiu.net\/wordpress\/wp-content\/uploads\/2018\/09\/viabilita.jpeg 800w, https:\/\/www.radiopiu.net\/wordpress\/wp-content\/uploads\/2018\/09\/viabilita-300x38.jpeg 300w, https:\/\/www.radiopiu.net\/wordpress\/wp-content\/uploads\/2018\/09\/viabilita-768x96.jpeg 768w\" alt=\"\" width=\"800\" height=\"100\" \/><\/p>\n<\/div>\n<\/div>\n<div class=\"message spoilers-container\" dir=\"auto\">\n<div class=\"column\">\n<p>&nbsp;<\/p>\n<\/div>\n<\/div>\n<\/div>\n<\/div>\n<blockquote class=\"wp-embedded-content\" data-secret=\"rEYMkoeIhk\"><p><a href=\"https:\/\/www.radiopiu.net\/wordpress\/viabilita\/\">viabilita<\/a><\/p><\/blockquote>\n<p><iframe loading=\"lazy\" class=\"wp-embedded-content\" sandbox=\"allow-scripts\" security=\"restricted\" style=\"position: absolute; clip: rect(1px, 1px, 1px, 1px);\" title=\"&#8220;viabilita&#8221; &#8212; Radio Pi\u00f9\" src=\"https:\/\/www.radiopiu.net\/wordpress\/viabilita\/embed\/#?secret=xexhZ8HUHS#?secret=rEYMkoeIhk\" data-secret=\"rEYMkoeIhk\" width=\"600\" height=\"338\" frameborder=\"0\" marginwidth=\"0\" marginheight=\"0\" scrolling=\"no\"><\/iframe><\/p>\n<div class=\"message spoilers-container\" dir=\"auto\">\n<div class=\"column\">\n<div class=\"message spoilers-container\" dir=\"auto\">\n<div class=\"column\">\n<div>\n<div dir=\"ltr\">\n<div class=\"gmail_quote\">\n<div dir=\"ltr\">\n<div><\/div>\n<div>\n<hr \/>\n<\/div>\n<div><a class=\"dt-pswp-item\" href=\"https:\/\/www.radiopiu.net\/wordpress\/wp-content\/uploads\/2023\/06\/07493af4-f8e1-4ce3-bb99-e0a40362939f.jpg\" data-dt-img-description=\"\" data-large_image_width=\"1417\" data-large_image_height=\"1481\"><img loading=\"lazy\" decoding=\"async\" class=\"wp-image-339869 aligncenter\" src=\"https:\/\/www.radiopiu.net\/wordpress\/wp-content\/uploads\/2023\/06\/07493af4-f8e1-4ce3-bb99-e0a40362939f-980x1024.jpg\" alt=\"\" width=\"382\" height=\"399\" srcset=\"https:\/\/www.radiopiu.net\/wordpress\/wp-content\/uploads\/2023\/06\/07493af4-f8e1-4ce3-bb99-e0a40362939f-980x1024.jpg 980w, https:\/\/www.radiopiu.net\/wordpress\/wp-content\/uploads\/2023\/06\/07493af4-f8e1-4ce3-bb99-e0a40362939f-287x300.jpg 287w, https:\/\/www.radiopiu.net\/wordpress\/wp-content\/uploads\/2023\/06\/07493af4-f8e1-4ce3-bb99-e0a40362939f-768x803.jpg 768w, https:\/\/www.radiopiu.net\/wordpress\/wp-content\/uploads\/2023\/06\/07493af4-f8e1-4ce3-bb99-e0a40362939f.jpg 1417w\" sizes=\"auto, (max-width: 382px) 100vw, 382px\" \/><\/a><\/div>\n<div><\/div>\n<\/div>\n<\/div>\n<\/div>\n<\/div>\n<hr \/>\n<p>&nbsp;<\/p>\n<p><a class=\"dt-pswp-item\" href=\"https:\/\/www.radiopiu.net\/wordpress\/wp-content\/uploads\/2018\/09\/WhatsApp-Image-2018-09-20-at-16.04.06.jpeg\" data-dt-img-description=\"\" data-large_image_width=\"800\" data-large_image_height=\"100\"><img loading=\"lazy\" decoding=\"async\" class=\"wp-image-61378 size-full aligncenter\" src=\"https:\/\/www.radiopiu.net\/wordpress\/wp-content\/uploads\/2018\/09\/WhatsApp-Image-2018-09-20-at-16.04.06.jpeg\" alt=\"\" width=\"800\" height=\"100\" srcset=\"https:\/\/www.radiopiu.net\/wordpress\/wp-content\/uploads\/2018\/09\/WhatsApp-Image-2018-09-20-at-16.04.06.jpeg 800w, https:\/\/www.radiopiu.net\/wordpress\/wp-content\/uploads\/2018\/09\/WhatsApp-Image-2018-09-20-at-16.04.06-300x38.jpeg 300w, https:\/\/www.radiopiu.net\/wordpress\/wp-content\/uploads\/2018\/09\/WhatsApp-Image-2018-09-20-at-16.04.06-768x96.jpeg 768w\" sizes=\"auto, (max-width: 800px) 100vw, 800px\" \/><\/a><\/p>\n<\/div>\n<\/div>\n<div class=\"message spoilers-container\" dir=\"auto\">\n<p>&nbsp;<\/p>\n<p><center><\/center><center><b>OGGI<\/b><\/center>Al mattino ben soleggiato con cielo sereno o poco nuvoloso per qualche banco di cirri, salvo presenza di stracumuli mattutini su alcuni settori prealpini. Al pomeriggio riduzione del soleggiamento per modesta attivit\u00e0 cumuliforme e temporenee velature. La maggiore stabilit\u00e0 contraster\u00e0 del tutto il rischio di fenomeni convettivi.<br \/>\n<b>Precipitazioni: <\/b>Assenti (0%).<br \/>\n<b>Temperature: <\/b>Minime in generale calo e massime in rialzo a tutte le quote, si torner\u00e0 sopra le medie del periodo<\/p>\n<hr \/>\n<p><center><b>DOMANI<\/b><\/center>Tempo in prevalenza soleggiato con sole e cielo sereno al mattino, sereno o poco nuvoloso per modesti cumuli al pomeriggio. Il ritorno del caldo sar\u00e0 pi\u00f9 graduale a bassa quota che non in alta montagna, dove l&#8217;avvezione di aria subtropicale accadr\u00e0 in modo pi\u00f9 sentito. La visibilit\u00e0 sar\u00e0 buona, nonostante il comparire di una lieve caligine di calore.<br \/>\n<b>Precipitazioni: <\/b>Assenti (0%).<br \/>\n<b>Temperature: <\/b>In ulteriore aumento con ritorno del caldo; i valori saranno di nuovo superiori alla norma<\/p>\n<hr \/>\n<p><center><b>DOMENICA<\/b><\/center>Tempo ben soleggiato con cielo sereno al mattino e sereno o poco nuvoloso per modesti cumuli al pomeriggio. Il caldo torner\u00e0 a imperversare in montagna e far\u00e0 di nuovo molto caldo a bassa quota (33\/34\u00b0C nel catino bellunese e 28\/31\u00b0C a 1000 m). Probabile caligine di calore.<\/p>\n<hr \/>\n<p><center><b>LUNEDI<\/b><\/center>Tempo ben soleggiato con cielo sereno al mattino e sereno o poco nuvoloso per modesti cumuli al pomeriggio, localmente lo sviluppo sar\u00e0 moderato, ma l&#8217;insidia di qualche fenomeno convettivo rimarr\u00e0 bassa. Il caldo s&#8217;intensificher\u00e0 e si potr\u00e0 parlare di ondata di calore. Riduzione della visibilit\u00e0 per caligine di calore.<\/p>\n<p>&nbsp;<\/p>\n<\/div>\n<div class=\"message spoilers-container\" dir=\"auto\">\n<hr \/>\n<p>&nbsp;<\/p>\n<p><a class=\"dt-pswp-item\" href=\"https:\/\/www.radiopiu.net\/wordpress\/wp-content\/uploads\/2018\/09\/sport.jpg\" data-dt-img-description=\"\" data-large_image_width=\"800\" data-large_image_height=\"100\"><img loading=\"lazy\" decoding=\"async\" class=\"aligncenter wp-image-60761 size-full\" src=\"https:\/\/www.radiopiu.net\/wordpress\/wp-content\/uploads\/2018\/09\/sport.jpg\" alt=\"\" width=\"800\" height=\"100\" srcset=\"https:\/\/www.radiopiu.net\/wordpress\/wp-content\/uploads\/2018\/09\/sport.jpg 800w, https:\/\/www.radiopiu.net\/wordpress\/wp-content\/uploads\/2018\/09\/sport-300x38.jpg 300w, https:\/\/www.radiopiu.net\/wordpress\/wp-content\/uploads\/2018\/09\/sport-768x96.jpg 768w\" sizes=\"auto, (max-width: 800px) 100vw, 800px\" \/><\/a><\/p>\n<\/div>\n<div class=\"message spoilers-container\" dir=\"auto\">\n<p>&nbsp;<\/p>\n<p><span style=\"color: #0000ff;\"><strong>CALCIO<\/strong><\/span><\/p>\n<blockquote>\n<h3>DEFINITE LE QUATTRO SEMIFINALISTE DEL CAMPIONATO AGORDINO UNDER 14<\/h3>\n<\/blockquote>\n<p><strong><a class=\"dt-pswp-item\" href=\"https:\/\/www.radiopiu.net\/wordpress\/wp-content\/uploads\/2021\/09\/PALLONE-CALCIO-CSI.jpg\" data-dt-img-description=\"\" data-large_image_width=\"956\" data-large_image_height=\"637\"><img loading=\"lazy\" decoding=\"async\" class=\" wp-image-233126 alignleft\" src=\"https:\/\/www.radiopiu.net\/wordpress\/wp-content\/uploads\/2021\/09\/PALLONE-CALCIO-CSI-300x200.jpg\" alt=\"\" width=\"156\" height=\"104\" srcset=\"https:\/\/www.radiopiu.net\/wordpress\/wp-content\/uploads\/2021\/09\/PALLONE-CALCIO-CSI-300x200.jpg 300w, https:\/\/www.radiopiu.net\/wordpress\/wp-content\/uploads\/2021\/09\/PALLONE-CALCIO-CSI-768x512.jpg 768w, https:\/\/www.radiopiu.net\/wordpress\/wp-content\/uploads\/2021\/09\/PALLONE-CALCIO-CSI.jpg 956w\" sizes=\"auto, (max-width: 156px) 100vw, 156px\" \/><\/a>di Marco Gaz<\/strong><\/p>\n<p><strong>REDAZIONE<\/strong> Il Campionato Agordino giovanile ha ufficialmente le sue quattro regine che accederanno alle semifinali di Cernadoi. Con un turno di anticipo e dopo i recuperi delle partite giocate nei giorni scorsi, il Caprile strappa il pass per la fase finale del torneo dopo la vittoria per 3 a 1 contro il Le Ville. L&#8217;ultima giornata, in programma domani, servir\u00e0 solo ed esclusivamente per definire gli abbinamenti della fase finale in programma a Cernadoi il 22 luglio. Sul sintetico ai piedi della Marmolada si giocheranno le semifinali per decretare quali saranno le compagini che si aggiudicheranno la finalissima di Boscoverde a Rocca Pietore il 30 luglio, in concomitanza con il torneo senior. Sono La Valle, Canale, Taibon e Caprile le squadre che saliranno a Livinallongo per il penultimo atto della manifestazione. Fuori dai giochi Fodom, Le Ville, Cencenighe e Vallada.<\/p>\n<p><strong>LA CLASSIFICA<\/strong><\/p>\n<p>La Valle 16, Canale 15, Taibon 13, Caprile 12, Fodom e Le Ville 6, Cencenighe 3, Vallada 0<\/p>\n<p>&nbsp;<\/p>\n<p><span style=\"color: #0000ff;\"><strong>PALLAVOLO<\/strong><\/span><\/p>\n<blockquote>\n<h3>UFFICIALIZZATO IL CALENDARIO DEL BELLUNO VOLLEY<\/h3>\n<\/blockquote>\n<p><strong><a class=\"dt-pswp-item\" href=\"https:\/\/www.radiopiu.net\/wordpress\/wp-content\/uploads\/2023\/07\/Colussi_analizza_il_calendario.jpg\" data-dt-img-description=\"\" data-large_image_width=\"1500\" data-large_image_height=\"1000\"><img loading=\"lazy\" decoding=\"async\" class=\" wp-image-343956 alignleft\" src=\"https:\/\/www.radiopiu.net\/wordpress\/wp-content\/uploads\/2023\/07\/Colussi_analizza_il_calendario-300x200.jpg\" alt=\"\" width=\"146\" height=\"97\" srcset=\"https:\/\/www.radiopiu.net\/wordpress\/wp-content\/uploads\/2023\/07\/Colussi_analizza_il_calendario-300x200.jpg 300w, https:\/\/www.radiopiu.net\/wordpress\/wp-content\/uploads\/2023\/07\/Colussi_analizza_il_calendario-1024x683.jpg 1024w, https:\/\/www.radiopiu.net\/wordpress\/wp-content\/uploads\/2023\/07\/Colussi_analizza_il_calendario-768x512.jpg 768w, https:\/\/www.radiopiu.net\/wordpress\/wp-content\/uploads\/2023\/07\/Colussi_analizza_il_calendario.jpg 1500w\" sizes=\"auto, (max-width: 146px) 100vw, 146px\" \/><\/a>BELLUNO<\/strong> \u00c8 stato svelato il calendario del campionato di Serie A3 Credem Banca, relativo alla stagione 2023-2024. E per il Belluno Volley l\u2019esordio sar\u00e0 davanti al pubblico amico: domenica 15 ottobre, alla Spes Arena, arriver\u00e0 il Cus Cagliari, una delle novit\u00e0 del girone bianco. Sette giorni pi\u00f9 tardi, invece, spazio alla prima trasferta: a Garlasco contro la Moyashi. Quindi, il 29 ottobre, riaprir\u00e0 le porte l\u2019Arena di Lambioi per accogliere una delle compagini pi\u00f9 accreditate del torneo: il rinnovato Stadium Mirandola. E se la quarta giornata coincider\u00e0 col primo derby stagionale (a San Don\u00e0), la quinta \u00e8 vuota: nel senso che i rinoceronti osserveranno un turno di stop, imposto dal calendario. E il finale? Sar\u00e0 col botto. O meglio, col derby. Un altro: a Motta di Livenza, nel giorno di Santo Stefano, per quanto riguarda l\u2019andata, e il 24 marzo, nell\u2019ultimissimo turno di regular season. Tra Natale e capodanno, inoltre, i bellunesi saranno in Sardegna: perch\u00e9 a Cagliari si gioca il 30 dicembre.<span class=\"gmail-Apple-converted-space\">\u00a0<\/span><\/p>\n<\/div>\n<\/div>\n<\/div>\n","protected":false},"excerpt":{"rendered":"<p>40esimo di RADIOPIU\u2026. LA VOCE DELL\u2019EMOZIONE ISCRIVITI AL NOSTRO CANALE\u00a0\u00a0YOUTUBE PER SEGUIRE IN DIRETTA I PRINCIPALI PROGRAMMI DI RADIO PIU\u2019 E LE FUTURE DIRETTE IN ESTERNA. PER ISCRIVERTI\u00a0CLICCA QUI\u00a0E PREMI\u00a0 \u201cIscriviti\u201d\u00a0 &nbsp; &nbsp; &nbsp; RIAPERTA LA SP 347 DEL DURAN E CEREDA A LA VALLE LA VALLE La SP 347 del Passo Duran e Cereda&hellip;<\/p>\n","protected":false},"author":4,"featured_media":344028,"comment_status":"closed","ping_status":"closed","sticky":false,"template":"","format":"standard","meta":{"_monsterinsights_skip_tracking":false,"_monsterinsights_sitenote_active":false,"_monsterinsights_sitenote_note":"","_monsterinsights_sitenote_category":0,"footnotes":""},"categories":[51,86,49],"tags":[],"class_list":["post-343826","post","type-post","status-publish","format-standard","has-post-thumbnail","hentry","category-evidenza-top","category-gr","category-news-18","category-51","category-86","category-49","description-off"],"img_url":"https:\/\/www.radiopiu.net\/wordpress\/wp-content\/uploads\/2023\/07\/Senza-nome-30.png","_links":{"self":[{"href":"https:\/\/www.radiopiu.net\/wordpress\/wp-json\/wp\/v2\/posts\/343826","targetHints":{"allow":["GET"]}}],"collection":[{"href":"https:\/\/www.radiopiu.net\/wordpress\/wp-json\/wp\/v2\/posts"}],"about":[{"href":"https:\/\/www.radiopiu.net\/wordpress\/wp-json\/wp\/v2\/types\/post"}],"author":[{"embeddable":true,"href":"https:\/\/www.radiopiu.net\/wordpress\/wp-json\/wp\/v2\/users\/4"}],"replies":[{"embeddable":true,"href":"https:\/\/www.radiopiu.net\/wordpress\/wp-json\/wp\/v2\/comments?post=343826"}],"version-history":[{"count":0,"href":"https:\/\/www.radiopiu.net\/wordpress\/wp-json\/wp\/v2\/posts\/343826\/revisions"}],"wp:featuredmedia":[{"embeddable":true,"href":"https:\/\/www.radiopiu.net\/wordpress\/wp-json\/wp\/v2\/media\/344028"}],"wp:attachment":[{"href":"https:\/\/www.radiopiu.net\/wordpress\/wp-json\/wp\/v2\/media?parent=343826"}],"wp:term":[{"taxonomy":"category","embeddable":true,"href":"https:\/\/www.radiopiu.net\/wordpress\/wp-json\/wp\/v2\/categories?post=343826"},{"taxonomy":"post_tag","embeddable":true,"href":"https:\/\/www.radiopiu.net\/wordpress\/wp-json\/wp\/v2\/tags?post=343826"}],"curies":[{"name":"wp","href":"https:\/\/api.w.org\/{rel}","templated":true}]}}