{"id":343875,"date":"2023-07-13T07:55:18","date_gmt":"2023-07-13T05:55:18","guid":{"rendered":"https:\/\/www.radiopiu.net\/wordpress\/?p=343875"},"modified":"2023-07-13T07:57:29","modified_gmt":"2023-07-13T05:57:29","slug":"ogni-giorno-dal-1983-la-rassegna-stampa-locale-loriginale-di-mirko-mezzacasa","status":"publish","type":"post","link":"https:\/\/www.radiopiu.net\/wordpress\/ogni-giorno-dal-1983-la-rassegna-stampa-locale-loriginale-di-mirko-mezzacasa\/","title":{"rendered":"OGNI GIORNO, DAL 1983 LA RASSEGNA STAMPA LOCALE: L&#8217;ORIGINALE. di mirko mezzacasa"},"content":{"rendered":"<p>&nbsp;<\/p>\n<p><iframe loading=\"lazy\" title=\"RASSEGNA STAMPA LOCALE\" width=\"1200\" height=\"675\" src=\"https:\/\/www.youtube.com\/embed\/Wjq-LkwDuPY?feature=oembed\" frameborder=\"0\" allow=\"accelerometer; autoplay; clipboard-write; encrypted-media; gyroscope; picture-in-picture; web-share\" allowfullscreen><\/iframe><\/p>\n<p>&nbsp;<\/p>\n<p>DA OGGI RIAPRE LA SP 347 DEL DURAN E CEREDA A LA VALLE<br \/>\nLA VALLE A partire da oggi la SP 347 del Passo Duran e Cereda aprir\u00e0 a tutti i mezzi. Fino al 31 agosto senso unico alternato regolato da semaforo o movieri ed interruzioni della durata massima di 10 minuti<\/p>\n<p>IERI SERA, Sassi in strada tra antole e chiesurazza, vigili fuoco sul posto. Il distacco alle 20.15 nella corsia Belluno-Agordo, nessuna auto coinvolta. Sul posto vigili del fuoco e personale di Veneto Strade<br \/>\nBELLUNO Violento nubifragio a met\u00e0 mattinata, \u00e8 durato poco ma \u00e8 stato intenso. Diverse le chiamate al 115 dei vigili del fuoco, almeno 40 gli interventi, non si registrano danni gravi piuttosto allagamenti, tegole e lamiere volate via.<br \/>\nFELTRE Vigili del fuoco a Lamen ed Arson per la rimozione di alcune piante. Le raffiche di vento hanno fatto cadere ramaglie anche in zona Peschiera e Pasquer.<br \/>\nPONTE NELLE ALPI Parte della copertura del campanile della chiesetta di Casan divelta dal vento. Il fulmine ha colpito la cuspide del campanile e l\u2019orologio ora \u00e8 fermo<br \/>\nAGORDO Nella notte i Vigili del fuoco Agordo sono Intervenuti per piante sulla sede stradale lunga la provinciale 3 a Vallesin di Frassene\u2019 di Voltago e a Sarasin di Gosaldo. Nessuna persona o mezzo coinvolto<br \/>\nCORTINA L\u2019elicottero del Suem di Pieve di Cadore \u00e8 volato a Cortina d\u2019Ampezzo sul sentiero tra il Rifugio Scoiattoli e l\u2019Averau, per una escursionista statunitense di 67 anni, che era caduta battendo la testa. La donna \u00e8 stata trasportata per i dovuti accertamenti all\u2019ospedale.<br \/>\nPEDAVENA Una squadra del Soccorso alpino di Feltre \u00e8 stata invece inviata sul Monte Aurin, a Pedavena, dove una 19enne di Borgo Valbelluna (BL) si era sentita poco bene. La ragazza, che era in compagnia di un\u2019altra persona, \u00e8 stata portata all\u2019ospedale di Feltre.<br \/>\nPONTE NELLE ALPI Ieri a mezzogiorno un gruppo di sei adolescenti stava facendo canyoning con istruttore nelle forre di Cornolade. Con l\u2019arrivo del nubifragio sono riusciti a mettersi in salvo, aiutati dall\u2019istruttore e dal nucleo speleo-fluviale di vigili del fuoco. Nessuna conseguenza.<br \/>\ncibiana OPERAZIONE ANTIMAFIA ALLE PENDICI DEL MONTE RITE. ARRESTATO UN MANOVALE PER ESTORSIONE<br \/>\nfeltre SESSO ED ESTORSIONE, L\u2019AMANTE CLANDESTINO RIMANE DIETRO LE SBARRE<br \/>\nANGELIKA HUTTER RIMANE IN OSPEDALE, DOMANI I FUNERALI DELLE TRE VITTIME, non e\u2019 esclusa la perizia psichiatrica.<br \/>\nUNDICI MIGRANTI OSPITI DELL\u2019AGORDINO, NUOVI ARRIVI A CANALE D\u2019AGORDO<br \/>\nZOLDO Tanto d\u2019estate che d\u2019inverno, al Rifugio Coldai ennesimo disservizio della Telecom. Luca De Zordo ha scritto al Prefetto anche perch\u00e9 in caso di incidenti la segnalazione diventa impossibile.<br \/>\nLAVORI A CANCIA, AFFIDATO IL CANTIERE DI CONSOLIDAMENTO DELLE SPONDE DEL CANALONE: VALORE 1,4 MILIONI DI EURO<br \/>\nBELLUNO Giornata di festa per l\u2019Associazione Nazionale Forestali che in Nevegal ha celebrato il suo santo patrono, San Giovanni Gualberto.<br \/>\nAGORDO In questi giorni ad Agordo sono stati istallati 10 supporti per cartellonistica turistica nei luoghi di interesse principali del paese. Si tratta di un progetto promosso dall\u2019Amministrazione comunale di Agordo costituito da strutture metalliche<br \/>\nCOLLE SANTA LUCIA L\u2019associazione turistica che ti offre un\u2019esperienza unica, all\u2019insegna della cultura, della storia e delle tradizioni, ogni gioved\u00ec appuntamenti straordinari. Preparati a viaggiare nel tempo e a rivivere epoche passate, con sfide e avventure che ti lasceranno senza fiato. Il primo appuntamento oggi alle 18:30, con un protagonista d\u2019eccezione: Michil Costa<br \/>\nAGORDO Il Comitato di Gemellaggio di Agordo e il Bar Schenot organizzano una serata a base di cr\u00eapes farcite a piacere con nutella o marmellata. Lo scopo dell\u2019iniziativa \u00e8 raccogliere fondi per finanziareil Comitato di Gemellaggio di Agordo che promuove i gemellaggi tra Agordo \u2013 Zugliano (Vicenza) e Dolomieu (Francia). L\u2019appuntamento domani dalle 19 al Bar Schenot.<br \/>\nCORSA IN MONTAGNA TUTTO PRONTO PER LA 41ESIMA TRANSCIVETTA<br \/>\nCALCIO IL VENEZIA IN RITIRO A FALCADE E SABATO L\u2019AMICHEVOLE CON IL CANALE<br \/>\nNUOTO NUOTIAMO INSIEME A CAORLE E LA SPORTIVAMENTE BELLUNO<br \/>\nPALLAVOLO COMPLETATO IL ROSTER DE BELLUNO VOLLEY TEAM<br \/>\nNASCE LA HOMECLICK SB VOLLEY<\/p>\n<p>&nbsp;<\/p>\n","protected":false},"excerpt":{"rendered":"<p>&nbsp; &nbsp; DA OGGI RIAPRE LA SP 347 DEL DURAN E CEREDA A LA VALLE LA VALLE A partire da oggi la SP 347 del Passo Duran e Cereda aprir\u00e0 a tutti i mezzi. Fino al 31 agosto senso unico alternato regolato da semaforo o movieri ed interruzioni della durata massima di 10 minuti IERI&hellip;<\/p>\n","protected":false},"author":4,"featured_media":343874,"comment_status":"closed","ping_status":"closed","sticky":false,"template":"","format":"standard","meta":{"_monsterinsights_skip_tracking":false,"_monsterinsights_sitenote_active":false,"_monsterinsights_sitenote_note":"","_monsterinsights_sitenote_category":0,"footnotes":""},"categories":[104,49],"tags":[],"class_list":["post-343875","post","type-post","status-publish","format-standard","has-post-thumbnail","hentry","category-evidenza_3","category-news-18","category-104","category-49","description-off"],"img_url":"https:\/\/www.radiopiu.net\/wordpress\/wp-content\/uploads\/2023\/07\/Senza-nome-26.png","_links":{"self":[{"href":"https:\/\/www.radiopiu.net\/wordpress\/wp-json\/wp\/v2\/posts\/343875","targetHints":{"allow":["GET"]}}],"collection":[{"href":"https:\/\/www.radiopiu.net\/wordpress\/wp-json\/wp\/v2\/posts"}],"about":[{"href":"https:\/\/www.radiopiu.net\/wordpress\/wp-json\/wp\/v2\/types\/post"}],"author":[{"embeddable":true,"href":"https:\/\/www.radiopiu.net\/wordpress\/wp-json\/wp\/v2\/users\/4"}],"replies":[{"embeddable":true,"href":"https:\/\/www.radiopiu.net\/wordpress\/wp-json\/wp\/v2\/comments?post=343875"}],"version-history":[{"count":0,"href":"https:\/\/www.radiopiu.net\/wordpress\/wp-json\/wp\/v2\/posts\/343875\/revisions"}],"wp:featuredmedia":[{"embeddable":true,"href":"https:\/\/www.radiopiu.net\/wordpress\/wp-json\/wp\/v2\/media\/343874"}],"wp:attachment":[{"href":"https:\/\/www.radiopiu.net\/wordpress\/wp-json\/wp\/v2\/media?parent=343875"}],"wp:term":[{"taxonomy":"category","embeddable":true,"href":"https:\/\/www.radiopiu.net\/wordpress\/wp-json\/wp\/v2\/categories?post=343875"},{"taxonomy":"post_tag","embeddable":true,"href":"https:\/\/www.radiopiu.net\/wordpress\/wp-json\/wp\/v2\/tags?post=343875"}],"curies":[{"name":"wp","href":"https:\/\/api.w.org\/{rel}","templated":true}]}}