{"id":343886,"date":"2023-07-14T05:37:53","date_gmt":"2023-07-14T03:37:53","guid":{"rendered":"https:\/\/www.radiopiu.net\/wordpress\/?p=343886"},"modified":"2023-07-14T05:53:21","modified_gmt":"2023-07-14T03:53:21","slug":"dillo-a-radio-piu-montanari-pagate-e-silenzio","status":"publish","type":"post","link":"https:\/\/www.radiopiu.net\/wordpress\/dillo-a-radio-piu-montanari-pagate-e-silenzio\/","title":{"rendered":"DILLO A RADIO PIU&#8217;&#8230;. MONTANARI PAGATE E&#8230; SILENZIO."},"content":{"rendered":"<blockquote><p><strong>REDAZIONE<\/strong> Stamane segnalavamo l&#8217;ennesima protesta di Luca De Zordo dal rifugio Coldai, niente di nuovo capita ad ogni cambio di stagione che il telefono lass\u00f9 non funziona, alla faccia della sicurezza in caso di emergenza. Nella Conca Agordina stamane non mancano i problemi con internet sulla rete cellulare, sono stati sufficienti quattro fulmini per mettere ko il sistema.<\/p>\n<p><strong>Da Cencenighe riceviamo e pubblichiamo.<\/strong><br \/>\n<em>Buongiorno volevo dire che anche a Cencenighe (non solo sul Duran) non funziona la linea fissa internet e telefonica della Tim. Questo gi\u00e0 da qualche giorno. Contattando la Tim per la segnalazione del guasto l&#8217;unica risposta che danno \u00e8 che c&#8217;\u00e8 un problema di zona e quando sar\u00e0 sistemato si verr\u00e0 avvisati.. Mi chiedo se avendo problemi per giorni non sarebbe giusto poi avere uno sconto in bolletta? Oppure sanno che tanto noi &#8220;montanari&#8221; paghiamo sempre e facciamo silenzio. Grazie Luciana<\/em><\/p><\/blockquote>\n<p>&nbsp;<\/p>\n<p>____<\/p>\n","protected":false},"excerpt":{"rendered":"<p>REDAZIONE Stamane segnalavamo l&#8217;ennesima protesta di Luca De Zordo dal rifugio Coldai, niente di nuovo capita ad ogni cambio di stagione che il telefono lass\u00f9 non funziona, alla faccia della sicurezza in caso di emergenza. Nella Conca Agordina stamane non mancano i problemi con internet sulla rete cellulare, sono stati sufficienti quattro fulmini per mettere&hellip;<\/p>\n","protected":false},"author":4,"featured_media":343887,"comment_status":"closed","ping_status":"closed","sticky":false,"template":"","format":"standard","meta":{"_monsterinsights_skip_tracking":false,"_monsterinsights_sitenote_active":false,"_monsterinsights_sitenote_note":"","_monsterinsights_sitenote_category":0,"footnotes":""},"categories":[51,49],"tags":[],"class_list":["post-343886","post","type-post","status-publish","format-standard","has-post-thumbnail","hentry","category-evidenza-top","category-news-18","category-51","category-49","description-off"],"img_url":"https:\/\/www.radiopiu.net\/wordpress\/wp-content\/uploads\/2023\/07\/th-7.jpg","_links":{"self":[{"href":"https:\/\/www.radiopiu.net\/wordpress\/wp-json\/wp\/v2\/posts\/343886","targetHints":{"allow":["GET"]}}],"collection":[{"href":"https:\/\/www.radiopiu.net\/wordpress\/wp-json\/wp\/v2\/posts"}],"about":[{"href":"https:\/\/www.radiopiu.net\/wordpress\/wp-json\/wp\/v2\/types\/post"}],"author":[{"embeddable":true,"href":"https:\/\/www.radiopiu.net\/wordpress\/wp-json\/wp\/v2\/users\/4"}],"replies":[{"embeddable":true,"href":"https:\/\/www.radiopiu.net\/wordpress\/wp-json\/wp\/v2\/comments?post=343886"}],"version-history":[{"count":0,"href":"https:\/\/www.radiopiu.net\/wordpress\/wp-json\/wp\/v2\/posts\/343886\/revisions"}],"wp:featuredmedia":[{"embeddable":true,"href":"https:\/\/www.radiopiu.net\/wordpress\/wp-json\/wp\/v2\/media\/343887"}],"wp:attachment":[{"href":"https:\/\/www.radiopiu.net\/wordpress\/wp-json\/wp\/v2\/media?parent=343886"}],"wp:term":[{"taxonomy":"category","embeddable":true,"href":"https:\/\/www.radiopiu.net\/wordpress\/wp-json\/wp\/v2\/categories?post=343886"},{"taxonomy":"post_tag","embeddable":true,"href":"https:\/\/www.radiopiu.net\/wordpress\/wp-json\/wp\/v2\/tags?post=343886"}],"curies":[{"name":"wp","href":"https:\/\/api.w.org\/{rel}","templated":true}]}}