{"id":343904,"date":"2023-07-14T05:38:33","date_gmt":"2023-07-14T03:38:33","guid":{"rendered":"https:\/\/www.radiopiu.net\/wordpress\/?p=343904"},"modified":"2023-07-14T05:52:54","modified_gmt":"2023-07-14T03:52:54","slug":"parcheggi-luxottica-dalla-prossima-settimana-disagi-in-vista-del-family-day","status":"publish","type":"post","link":"https:\/\/www.radiopiu.net\/wordpress\/parcheggi-luxottica-dalla-prossima-settimana-disagi-in-vista-del-family-day\/","title":{"rendered":"PARCHEGGI LUXOTTICA: DALLA PROSSIMA SETTIMANA DISAGI IN VISTA DEL FAMILY DAY"},"content":{"rendered":"<p><strong>AGORDO<\/strong> A partire dalla prossima settimana le maestranze dello stabilimento Luxottica di Agordo dovranno fare i conti con una chiusura temporanea del parcheggio denominato &#8220;A&#8221;, ovvero il nuovo spazio adiacente allo stabilimento con conta posti e sbarra per l&#8217;accesso. In vista del Family Day del 22 luglio ci saranno dei lavori per l&#8217;evento. Da luned\u00ec 17 a mercoled\u00ec 19 luglio si potr\u00e0 utilizzare il parcheggio solo in parte mentre dal 20 al 24 luglio sar\u00e0 completamente chiuso. In pi\u00f9 a partire dal 17 luglio non sar\u00e0 accessibile ai turnisti notturni per permettere alcune operazioni che verranno effettuate durante la notte. Per sopperire ai disagi, l&#8217;azienda metter\u00e0 a disposizione navette potenziate per permettere, specialmente a coloro che lavoreranno a turno pomeriggio, di utilizzare i parcheggi di Agordo. Luxottica raccomanda di usare meno auto possibili per recarsi al lavoro utilizzando la condivisione dei viaggi con altri colleghi. Verranno anche messi a disposizione degli addetti ai parcheggi per evitare di lasciare le auto nelle zone vietate. Sul portale interno One Luxottica gli operai potranno controllare gli orari delle navette. Oltre agli altri parcheggi in localit\u00e0 Valcozzena, le maestranze potranno lasciare le proprie auto nelle zone cimitero, Tamonich, parcheggi dell&#8217;ospedale, parco giochi, piscina e Polane verso lo stadio Ivano Dorigo.<\/p>\n<p><strong>LA CARTINA DEI PARCHEGGI<\/strong><\/p>\n\n\t\t\t<style type='text\/css'>\n\t\t\t\t#gallery-1 {\n\t\t\t\t\tmargin: auto;\n\t\t\t\t}\n\t\t\t\t#gallery-1 .gallery-item {\n\t\t\t\t\tfloat: left;\n\t\t\t\t\tmargin-top: 10px;\n\t\t\t\t\ttext-align: center;\n\t\t\t\t\twidth: 100%;\n\t\t\t\t}\n\t\t\t\t#gallery-1 img {\n\t\t\t\t\tborder: 2px solid #cfcfcf;\n\t\t\t\t}\n\t\t\t\t#gallery-1 .gallery-caption {\n\t\t\t\t\tmargin-left: 0;\n\t\t\t\t}\n\t\t\t\t\/* see gallery_shortcode() in wp-includes\/media.php *\/\n\t\t\t<\/style>\n\t\t<div id='gallery-1' class='dt-gallery-container gallery galleryid-343904 gallery-columns-1 gallery-size-medium'><dl class='gallery-item'>\n\t\t\t\t<dt class='gallery-icon portrait'>\n\t\t\t\t\t<a class=\"rollover rollover-zoom dt-pswp-item\" title=\"unnamed\" data-dt-img-description=\"\" data-large_image_width=\"702\" data-large_image_height=\"836\"href='https:\/\/www.radiopiu.net\/wordpress\/wp-content\/uploads\/2023\/07\/unnamed.jpg'><img loading=\"lazy\" decoding=\"async\" width=\"252\" height=\"300\" src=\"https:\/\/www.radiopiu.net\/wordpress\/wp-content\/uploads\/2023\/07\/unnamed-252x300.jpg\" class=\"attachment-medium size-medium\" alt=\"\" srcset=\"https:\/\/www.radiopiu.net\/wordpress\/wp-content\/uploads\/2023\/07\/unnamed-252x300.jpg 252w, https:\/\/www.radiopiu.net\/wordpress\/wp-content\/uploads\/2023\/07\/unnamed.jpg 702w\" sizes=\"auto, (max-width: 252px) 100vw, 252px\" \/><\/a>\n\t\t\t\t<\/dt><\/dl><br style=\"clear: both\" \/>\n\t\t\t<\/div>\n\n<p>&nbsp;<\/p>\n<p>&nbsp;<\/p>\n<p>*******<\/p>\n","protected":false},"excerpt":{"rendered":"<p>AGORDO A partire dalla prossima settimana le maestranze dello stabilimento Luxottica di Agordo dovranno fare i conti con una chiusura temporanea del parcheggio denominato &#8220;A&#8221;, ovvero il nuovo spazio adiacente allo stabilimento con conta posti e sbarra per l&#8217;accesso. In vista del Family Day del 22 luglio ci saranno dei lavori per l&#8217;evento. Da luned\u00ec&hellip;<\/p>\n","protected":false},"author":4,"featured_media":319449,"comment_status":"closed","ping_status":"closed","sticky":false,"template":"","format":"standard","meta":{"_monsterinsights_skip_tracking":false,"_monsterinsights_sitenote_active":false,"_monsterinsights_sitenote_note":"","_monsterinsights_sitenote_category":0,"footnotes":""},"categories":[104,49],"tags":[],"class_list":["post-343904","post","type-post","status-publish","format-standard","has-post-thumbnail","hentry","category-evidenza_3","category-news-18","category-104","category-49","description-off"],"img_url":"https:\/\/www.radiopiu.net\/wordpress\/wp-content\/uploads\/2023\/01\/f5c58041-2f77-4ccf-b15d-82d7064a18a9.jpg","_links":{"self":[{"href":"https:\/\/www.radiopiu.net\/wordpress\/wp-json\/wp\/v2\/posts\/343904","targetHints":{"allow":["GET"]}}],"collection":[{"href":"https:\/\/www.radiopiu.net\/wordpress\/wp-json\/wp\/v2\/posts"}],"about":[{"href":"https:\/\/www.radiopiu.net\/wordpress\/wp-json\/wp\/v2\/types\/post"}],"author":[{"embeddable":true,"href":"https:\/\/www.radiopiu.net\/wordpress\/wp-json\/wp\/v2\/users\/4"}],"replies":[{"embeddable":true,"href":"https:\/\/www.radiopiu.net\/wordpress\/wp-json\/wp\/v2\/comments?post=343904"}],"version-history":[{"count":0,"href":"https:\/\/www.radiopiu.net\/wordpress\/wp-json\/wp\/v2\/posts\/343904\/revisions"}],"wp:featuredmedia":[{"embeddable":true,"href":"https:\/\/www.radiopiu.net\/wordpress\/wp-json\/wp\/v2\/media\/319449"}],"wp:attachment":[{"href":"https:\/\/www.radiopiu.net\/wordpress\/wp-json\/wp\/v2\/media?parent=343904"}],"wp:term":[{"taxonomy":"category","embeddable":true,"href":"https:\/\/www.radiopiu.net\/wordpress\/wp-json\/wp\/v2\/categories?post=343904"},{"taxonomy":"post_tag","embeddable":true,"href":"https:\/\/www.radiopiu.net\/wordpress\/wp-json\/wp\/v2\/tags?post=343904"}],"curies":[{"name":"wp","href":"https:\/\/api.w.org\/{rel}","templated":true}]}}