{"id":344003,"date":"2023-07-15T05:27:21","date_gmt":"2023-07-15T03:27:21","guid":{"rendered":"https:\/\/www.radiopiu.net\/wordpress\/?p=344003"},"modified":"2023-07-15T08:03:43","modified_gmt":"2023-07-15T06:03:43","slug":"giornale-radiopiu-15-luglio-2023-direttore-mirko-mezzacasada-40-anni-25-giugno-1983-25-giugno-2023","status":"publish","type":"post","link":"https:\/\/www.radiopiu.net\/wordpress\/giornale-radiopiu-15-luglio-2023-direttore-mirko-mezzacasada-40-anni-25-giugno-1983-25-giugno-2023\/","title":{"rendered":"GIORNALE RADIOPIU 15 LUGLIO 2023 DIRETTORE MIRKO MEZZACASA\u2026DA 40 ANNI 25 GIUGNO 1983-25 GIUGNO 2023"},"content":{"rendered":"<h2 style=\"text-align: left;\"><span style=\"color: #ff0000;\"><span style=\"vertical-align: inherit;\"><a class=\"dt-pswp-item\" href=\"https:\/\/www.radiopiu.net\/wordpress\/wp-content\/uploads\/2023\/04\/e0aad41d-951e-47b9-9fae-1a879a9bcb7e-1.jpg\" data-dt-img-description=\"\" data-large_image_width=\"1200\" data-large_image_height=\"1200\"><img loading=\"lazy\" decoding=\"async\" class=\"wp-image-333205 alignleft\" src=\"https:\/\/www.radiopiu.net\/wordpress\/wp-content\/uploads\/2023\/04\/e0aad41d-951e-47b9-9fae-1a879a9bcb7e-1-300x300.jpg\" alt=\"\" width=\"110\" height=\"110\" srcset=\"https:\/\/www.radiopiu.net\/wordpress\/wp-content\/uploads\/2023\/04\/e0aad41d-951e-47b9-9fae-1a879a9bcb7e-1-300x300.jpg 300w, https:\/\/www.radiopiu.net\/wordpress\/wp-content\/uploads\/2023\/04\/e0aad41d-951e-47b9-9fae-1a879a9bcb7e-1-1024x1024.jpg 1024w, https:\/\/www.radiopiu.net\/wordpress\/wp-content\/uploads\/2023\/04\/e0aad41d-951e-47b9-9fae-1a879a9bcb7e-1-150x150.jpg 150w, https:\/\/www.radiopiu.net\/wordpress\/wp-content\/uploads\/2023\/04\/e0aad41d-951e-47b9-9fae-1a879a9bcb7e-1-768x768.jpg 768w, https:\/\/www.radiopiu.net\/wordpress\/wp-content\/uploads\/2023\/04\/e0aad41d-951e-47b9-9fae-1a879a9bcb7e-1.jpg 1200w\" sizes=\"auto, (max-width: 110px) 100vw, 110px\" \/><\/a><\/span><\/span><\/h2>\n<h1 class=\"entry-title\">40esimo di RADIOPIU\u2026. LA VOCE DELL\u2019EMOZIONE<\/h1>\n<h2><span style=\"color: #ff0000;\">ISCRIVITI AL NOSTRO CANALE\u00a0\u00a0YOUTUBE PER SEGUIRE IN DIRETTA I PRINCIPALI PROGRAMMI DI RADIO PIU\u2019 E LE FUTURE DIRETTE IN ESTERNA. PER ISCRIVERTI\u00a0<a style=\"color: #ff0000;\" href=\"https:\/\/youtube.com\/@radiopiu1527\">CLICCA QUI\u00a0<\/a>E PREMI\u00a0 \u201cIscriviti\u201d\u00a0<\/span><\/h2>\n<p>&nbsp;<\/p>\n<blockquote>\n<h3>BENVENUTO FC VENEZIA CALCIO!<br \/>\nOGGI ALLE 17.30 A FALCADE, L&#8217;INCONTRO AMICHEVOLE CON LA POLISPORTIVA CANALE D&#8217;AGORDO<\/h3>\n<\/blockquote>\n\n\t\t\t<style type='text\/css'>\n\t\t\t\t#gallery-1 {\n\t\t\t\t\tmargin: auto;\n\t\t\t\t}\n\t\t\t\t#gallery-1 .gallery-item {\n\t\t\t\t\tfloat: left;\n\t\t\t\t\tmargin-top: 10px;\n\t\t\t\t\ttext-align: center;\n\t\t\t\t\twidth: 50%;\n\t\t\t\t}\n\t\t\t\t#gallery-1 img {\n\t\t\t\t\tborder: 2px solid #cfcfcf;\n\t\t\t\t}\n\t\t\t\t#gallery-1 .gallery-caption {\n\t\t\t\t\tmargin-left: 0;\n\t\t\t\t}\n\t\t\t\t\/* see gallery_shortcode() in wp-includes\/media.php *\/\n\t\t\t<\/style>\n\t\t<div id='gallery-1' class='dt-gallery-container gallery galleryid-344003 gallery-columns-2 gallery-size-medium'><dl class='gallery-item'>\n\t\t\t\t<dt class='gallery-icon portrait'>\n\t\t\t\t\t<a class=\"rollover rollover-zoom dt-pswp-item\" title=\"9dbfcf67-f6ed-4279-b626-d4bfe0e840e6\" data-dt-img-description=\"\" data-large_image_width=\"985\" data-large_image_height=\"1600\"href='https:\/\/www.radiopiu.net\/wordpress\/wp-content\/uploads\/2023\/07\/9dbfcf67-f6ed-4279-b626-d4bfe0e840e6.jpg'><img loading=\"lazy\" decoding=\"async\" width=\"185\" height=\"300\" src=\"https:\/\/www.radiopiu.net\/wordpress\/wp-content\/uploads\/2023\/07\/9dbfcf67-f6ed-4279-b626-d4bfe0e840e6-185x300.jpg\" class=\"attachment-medium size-medium\" alt=\"\" aria-describedby=\"gallery-1-344145\" srcset=\"https:\/\/www.radiopiu.net\/wordpress\/wp-content\/uploads\/2023\/07\/9dbfcf67-f6ed-4279-b626-d4bfe0e840e6-185x300.jpg 185w, https:\/\/www.radiopiu.net\/wordpress\/wp-content\/uploads\/2023\/07\/9dbfcf67-f6ed-4279-b626-d4bfe0e840e6-630x1024.jpg 630w, https:\/\/www.radiopiu.net\/wordpress\/wp-content\/uploads\/2023\/07\/9dbfcf67-f6ed-4279-b626-d4bfe0e840e6-768x1248.jpg 768w, https:\/\/www.radiopiu.net\/wordpress\/wp-content\/uploads\/2023\/07\/9dbfcf67-f6ed-4279-b626-d4bfe0e840e6-946x1536.jpg 946w, https:\/\/www.radiopiu.net\/wordpress\/wp-content\/uploads\/2023\/07\/9dbfcf67-f6ed-4279-b626-d4bfe0e840e6.jpg 985w\" sizes=\"auto, (max-width: 185px) 100vw, 185px\" \/><\/a>\n\t\t\t\t<\/dt>\n\t\t\t\t\t<dd class='wp-caption-text gallery-caption' id='gallery-1-344145'>\n\t\t\t\t\tincontro posticipato alle 17.30\n\t\t\t\t\t<\/dd><\/dl><dl class='gallery-item'>\n\t\t\t\t<dt class='gallery-icon portrait'>\n\t\t\t\t\t<a class=\"rollover rollover-zoom dt-pswp-item\" title=\"36fcb5fd-a5fc-4de2-9882-5e0d2e9c810d\" data-dt-img-description=\"\" data-large_image_width=\"900\" data-large_image_height=\"1600\"href='https:\/\/www.radiopiu.net\/wordpress\/wp-content\/uploads\/2023\/07\/36fcb5fd-a5fc-4de2-9882-5e0d2e9c810d.jpg'><img loading=\"lazy\" decoding=\"async\" width=\"169\" height=\"300\" src=\"https:\/\/www.radiopiu.net\/wordpress\/wp-content\/uploads\/2023\/07\/36fcb5fd-a5fc-4de2-9882-5e0d2e9c810d-169x300.jpg\" class=\"attachment-medium size-medium\" alt=\"\" aria-describedby=\"gallery-1-344146\" srcset=\"https:\/\/www.radiopiu.net\/wordpress\/wp-content\/uploads\/2023\/07\/36fcb5fd-a5fc-4de2-9882-5e0d2e9c810d-169x300.jpg 169w, https:\/\/www.radiopiu.net\/wordpress\/wp-content\/uploads\/2023\/07\/36fcb5fd-a5fc-4de2-9882-5e0d2e9c810d-576x1024.jpg 576w, https:\/\/www.radiopiu.net\/wordpress\/wp-content\/uploads\/2023\/07\/36fcb5fd-a5fc-4de2-9882-5e0d2e9c810d-768x1365.jpg 768w, https:\/\/www.radiopiu.net\/wordpress\/wp-content\/uploads\/2023\/07\/36fcb5fd-a5fc-4de2-9882-5e0d2e9c810d-864x1536.jpg 864w, https:\/\/www.radiopiu.net\/wordpress\/wp-content\/uploads\/2023\/07\/36fcb5fd-a5fc-4de2-9882-5e0d2e9c810d.jpg 900w\" sizes=\"auto, (max-width: 169px) 100vw, 169px\" \/><\/a>\n\t\t\t\t<\/dt>\n\t\t\t\t\t<dd class='wp-caption-text gallery-caption' id='gallery-1-344146'>\n\t\t\t\t\tappuntamento il 19 luglio in piazza\n\t\t\t\t\t<\/dd><\/dl><br style=\"clear: both\" \/>\n\t\t\t<\/div>\n\n<p>&nbsp;<\/p>\n<hr \/>\n<p>&nbsp;<\/p>\n<div class=\"page-title-head hgroup\">\n<blockquote>\n<h3 class=\"entry-title\">DOPO L\u2019ALLAGAMENTO IN VIA MESSA A BELLUNO LA SITUAZIONE<\/h3>\n<\/blockquote>\n<\/div>\n<div class=\"page-title-breadcrumbs\"><\/div>\n<p><strong>BELLUNO<\/strong> Siamo tornati in via meassa a Belluno dove pochi giorni fa i Vigili del Fuoco sono intervenuti per un allagamento che aveva interessato un box con all&#8217;interno un&#8217;auto. Ma \u00e8 solo l&#8217;ultimo episodio dei 5 degli ultimi 20 giorni. Situazione preoccupante. Vivere con l&#8217;ansia per Giovanni Sovilla e la sua famiglia<\/p>\n<p><strong>LA DIRETTA RADIO PIU&#8217;<\/strong><\/p>\n<p>https:\/\/www.facebook.com\/marco.baghy.1\/videos\/3656232954608046\/?<\/p>\n<h2><\/h2>\n<h2><span style=\"color: #ff0000;\"><strong>DAL GIORNALE RADIO PIU&#8217; DEL 25 GIUGNO 2023<\/strong><\/span><\/h2>\n<p><iframe loading=\"lazy\" title=\"WhatsApp Video 2023 07 06 at 12 36 32\" width=\"1200\" height=\"675\" src=\"https:\/\/www.youtube.com\/embed\/tHu_MwyK8bc?feature=oembed\" frameborder=\"0\" allow=\"accelerometer; autoplay; clipboard-write; encrypted-media; gyroscope; picture-in-picture; web-share\" allowfullscreen><\/iframe><\/p>\n<blockquote><p><em>Nell&#8217;intervento \u00e8 stato interessato anche il Comune di Belluno\u00a0 che ha partecipato all&#8217;operazione di emergenza con la supervisione dell&#8217;assessore Lorenza De Kunovich e una squadra della Protezione Civile del Comune di Belluno che ha aiutato la famiglia a liberare i locali allagati\u00a0<\/em><\/p><\/blockquote>\n<p><strong><a class=\"dt-pswp-item\" href=\"https:\/\/www.radiopiu.net\/wordpress\/wp-content\/uploads\/2023\/06\/dbd8a34a-5d8f-43b4-91f7-ae6004bbfb99.jpg\" data-dt-img-description=\"\" data-large_image_width=\"1124\" data-large_image_height=\"720\"><img loading=\"lazy\" decoding=\"async\" class=\"size-medium wp-image-341476 alignleft\" src=\"https:\/\/www.radiopiu.net\/wordpress\/wp-content\/uploads\/2023\/06\/dbd8a34a-5d8f-43b4-91f7-ae6004bbfb99-300x192.jpg\" alt=\"\" width=\"300\" height=\"192\" srcset=\"https:\/\/www.radiopiu.net\/wordpress\/wp-content\/uploads\/2023\/06\/dbd8a34a-5d8f-43b4-91f7-ae6004bbfb99-300x192.jpg 300w, https:\/\/www.radiopiu.net\/wordpress\/wp-content\/uploads\/2023\/06\/dbd8a34a-5d8f-43b4-91f7-ae6004bbfb99-1024x656.jpg 1024w, https:\/\/www.radiopiu.net\/wordpress\/wp-content\/uploads\/2023\/06\/dbd8a34a-5d8f-43b4-91f7-ae6004bbfb99-768x492.jpg 768w, https:\/\/www.radiopiu.net\/wordpress\/wp-content\/uploads\/2023\/06\/dbd8a34a-5d8f-43b4-91f7-ae6004bbfb99.jpg 1124w\" sizes=\"auto, (max-width: 300px) 100vw, 300px\" \/><\/a>BELLUNO<\/strong> Alle 12:40\u00a0 i vigili del fuoco sono stati chiamati a intervenire in Via Meassa, a Belluno, a causa dell&#8217;allagamento della rampa di un box dovuto allo straripamento di un piccolo rio. L&#8217;acqua in eccesso ha causato problemi e ha reso necessario l&#8217;intervento immediato delle autorit\u00e0. Una squadra di pompieri \u00e8 stata inviata dalla centrale per affrontare la situazione di emergenza. Arrivati sul posto, i vigili del fuoco hanno prontamente utilizzato delle motopompe per prosciugare l&#8217;acqua che aveva invaso la rampa del box. Nel frattempo, hanno anche lavorato per mettere in sicurezza un&#8217;auto che era finita sott&#8217;acqua a causa dell&#8217;allagamento. Le operazioni di prosciugamento e recupero sono durate circa due ore, durante le quali i vigili del fuoco hanno lavorato incessantemente per risolvere la situazione. Grazie al loro tempestivo intervento e alla professionalit\u00e0 dimostrata, l&#8217;acqua \u00e8 stata completamente drenata e l&#8217;auto \u00e8 stata messa in sicurezza. L&#8217;allagamento causato dallo straripamento del piccolo rio ha creato non solo disagi per i residenti e i proprietari degli immobili, ma anche un potenziale pericolo per l&#8217;auto coinvolta. Fortunatamente, grazie all&#8217;intervento rapido e competente dei vigili del fuoco, la situazione \u00e8 stata risolta senza danni gravi. I vigili del fuoco di Belluno continuano a essere impegnati nella protezione e nel salvataggio delle persone e delle propriet\u00e0 nella zona.<\/p>\n<p>&nbsp;<\/p>\n<div class=\"articlePlainText\">\n<hr \/>\n<p>&nbsp;<\/p>\n<\/div>\n<blockquote>\n<h3>\u00a0ACQUA POTABILE A TAIBON, NON A ROCCA PIETORE<\/h3>\n<\/blockquote>\n<p><img loading=\"lazy\" decoding=\"async\" class=\"alignleft\" src=\"https:\/\/www.radiopiu.net\/wordpress\/wp-content\/uploads\/2018\/08\/ACQUA.jpeg\" width=\"129\" height=\"77\" \/>Gestione Servizi Pubblici informa che a TAIBON AGORDINO nelle localit\u00e0 CAMPEDEL, COSTE, SERACH, RONCH DE BUOS e NOGAROLA l&#8217;acqua erogata dall&#8217;acquedotto \u00e8 di nuovo potabile e pu\u00f2 essere usata, quindi, per scopi alimentari.. Acqua inquinata invece a a ROCCA PIETORE nelle localit\u00e0 VAL, DAGAI, DAVARE, LE COSTE e RONCH<\/p>\n<p>&nbsp;<\/p>\n<hr \/>\n<p>&nbsp;<\/p>\n<blockquote>\n<h3>E&#8217; MORTO L&#8217;ALPINO ARRIGO CADORE, ERA STATO PRESIDENTE ANA DI BELLUNO<\/h3>\n<\/blockquote>\n<p><strong><a class=\"dt-pswp-item\" href=\"https:\/\/www.radiopiu.net\/wordpress\/wp-content\/uploads\/2023\/07\/ARRIGO-CADORE.png\" data-dt-img-description=\"\" data-large_image_width=\"338\" data-large_image_height=\"352\"><img loading=\"lazy\" decoding=\"async\" class=\" wp-image-344126 alignleft\" src=\"https:\/\/www.radiopiu.net\/wordpress\/wp-content\/uploads\/2023\/07\/ARRIGO-CADORE-288x300.png\" alt=\"\" width=\"92\" height=\"96\" srcset=\"https:\/\/www.radiopiu.net\/wordpress\/wp-content\/uploads\/2023\/07\/ARRIGO-CADORE-288x300.png 288w, https:\/\/www.radiopiu.net\/wordpress\/wp-content\/uploads\/2023\/07\/ARRIGO-CADORE.png 338w\" sizes=\"auto, (max-width: 92px) 100vw, 92px\" \/><\/a>BELLUNO <\/strong>\u00abCon Arrigo Cadore se ne va un\u2019altra grande figura del nostro territorio. Un irriducibile affezionato della nostra terra e un perfetto rappresentante dello spirito alpino\u00bb.\u00a0 Cos\u00ec il presidente della Provincia di Belluno, in una nota di cordoglio per la scomparsa di Arrigo Cadore, gi\u00e0 presidente dell\u2019Ana Belluno. \u00abUomo saggio, appassionato, gioviale: ha sempre dato tutto se stesso per l\u2019Ana Belluno e per quella penna nera che \u00e8 sinonimo di solidariet\u00e0 e di impegno. Ai suoi cari, il pi\u00f9 affettuoso pensiero di vicinanza da parte dell\u2019intera amministrazione provinciale\u00bb.<\/p>\n<p>&nbsp;<\/p>\n<p>&nbsp;<\/p>\n<hr \/>\n<p>&nbsp;<\/p>\n<blockquote>\n<h3>ALPINISTA SOCCORSO SULL&#8217;AGNER, INCIDENTE A SEDICO<\/h3>\n<\/blockquote>\n<p><strong>TAIBON<\/strong> Ieri mattina l&#8217;elicottero del Suem di Pieve di Cadore \u00e8 intervenuto sul primo tiro dello Spigolo dell&#8217;Agner, per un alpinista che si era infortunato dopo essere caduto per una quindicina di metri e avere sbattuto contro la parete. Il 51enne tedesco, ha riportato un trauma alla testa, \u00e8 stato recuperato con un verricello di 15 metri e trasportato all&#8217;ospedale di Belluno. Il compagno di cordata \u00e8 rientrato a valle con un ex soccorritore di Agordo che si trovava sul posto e ha dato le indicazioni alla Centrale operativa.<\/p>\n<p><strong>SEDICO<\/strong> Sempre nella mattinata di ieri l&#8217;ambulanza del San Martino ha soccorso una donna di 53 anni di\u00a0 Limana in seguito all&#8217;incidente tra due auto. La donna \u00e8 stata portata in ospedale con ferite non gravi<\/p>\n<p>&nbsp;<\/p>\n<hr \/>\n<p>&nbsp;<\/p>\n<blockquote>\n<h3>GRAVE L&#8217;ESCURSIONISTA PRECIPITATO DALLA NORMALE ALL&#8217;ANTELAO<\/h3>\n<\/blockquote>\n<p><strong><a class=\"dt-pswp-item\" href=\"https:\/\/www.radiopiu.net\/wordpress\/wp-content\/uploads\/2023\/07\/Watermark_20230714_202440_168.jpg\" data-dt-img-description=\"\" data-large_image_width=\"2364\" data-large_image_height=\"1773\"><img loading=\"lazy\" decoding=\"async\" class=\" wp-image-344133 alignleft\" src=\"https:\/\/www.radiopiu.net\/wordpress\/wp-content\/uploads\/2023\/07\/Watermark_20230714_202440_168-300x225.jpg\" alt=\"\" width=\"159\" height=\"119\" srcset=\"https:\/\/www.radiopiu.net\/wordpress\/wp-content\/uploads\/2023\/07\/Watermark_20230714_202440_168-300x225.jpg 300w, https:\/\/www.radiopiu.net\/wordpress\/wp-content\/uploads\/2023\/07\/Watermark_20230714_202440_168-1024x768.jpg 1024w, https:\/\/www.radiopiu.net\/wordpress\/wp-content\/uploads\/2023\/07\/Watermark_20230714_202440_168-768x576.jpg 768w, https:\/\/www.radiopiu.net\/wordpress\/wp-content\/uploads\/2023\/07\/Watermark_20230714_202440_168-1536x1152.jpg 1536w, https:\/\/www.radiopiu.net\/wordpress\/wp-content\/uploads\/2023\/07\/Watermark_20230714_202440_168-2048x1536.jpg 2048w\" sizes=\"auto, (max-width: 159px) 100vw, 159px\" \/><\/a>CORTINA <\/strong>Sono molto gravi le condizioni di un escursionista di nazionalit\u00e0 spagnola, precipitato dalla normale al Monte Antelao. Attorno alle 18 di ieri l&#8217;elicottero del Suem di Pieve di Cadore \u00e8 volato sul Monte Antelao, dove alcuni escursionisti stranieri, che si trovavano pi\u00f9 sotto all&#8217;altezza di Forcella Piccola, avevano visto cadere nella zona de La Bala un ragazzo, che avevano precedentemente incrociato in discesa. Sbarcati nelle vicinanze, equipe medica e tecnico di elisoccorso hanno prestato le prime cure urgenti al giovane, che aveva riportato un sospetto grave trauma cranico. L&#8217;infortunato, recuperato e trasportato all&#8217;ospedale di Pieve, \u00e8 stato stabilizzato dal personale sanitario per poi essere trasferito all&#8217;ospedale di Mestre.\u00a0 Precedentemente l&#8217;eliambulanza aveva soccorso una coppia in difficolt\u00e0 in Tofana. All&#8217;uscita della Ferrata di Punta Anna, i due avevano infatti sbagliato traccia, finendo incrodati su una placca liscia, sopra un salto di 15 metri, e avevano chiamato in preda alla paura. Issata a bordo con il verricello, la coppia \u00e8 stata lasciata al Rifugio Giussani.<\/p>\n<p>&nbsp;<\/p>\n<hr \/>\n<p>&nbsp;<\/p>\n<blockquote>\n<h3>GIU&#8217; DALL&#8217;IMPALCATURA, CONSEGUENZE NON GRAVI<\/h3>\n<\/blockquote>\n<p><strong>FELTRE<\/strong> Secondo incidente sul lavoro dopo quello nel cantiere per la nuova piazza di Rasai. Nessuna conseguenza grave, fortunatamente, per l&#8217;uomo caduto da un&#8217;impalcatura che se l&#8217;\u00e8 cavata con una botta alla schiena e un giustificato spavento. L&#8217;operaio \u00e8 stato stabilizzato sul posto dai sanitari e trasportato in ambulanza in ospedale per le cure del caso.<\/p>\n<p>&nbsp;<\/p>\n<hr \/>\n<p>&nbsp;<\/p>\n<blockquote>\n<h3 class=\"_title post-title entry-title\">FAVARO VENETO | LO STRAZIO DEI FAMILIARI NEL GIORNO DELL\u2019ADDIO. \u00abTROPPO DOLORE E TANTI PERCHE\u2019\u00bb<\/h3>\n<p><strong>di CRISTIAN ARBOIT<\/strong><\/p><\/blockquote>\n<p>IERI I FUNERALI A FAVARO VENETO, ieri sera dal TG di Antenna 3, canale 10 del digitale terrestre.<br \/>\nIntervistati DON GIUSEPPE SIMONI (Parroco di Favaro Veneto), ELENA POTENTE, ROCCO ANTONIELLO &#8211; Segui Antenna Tre anche su RADIOPIU, ogni sera alle 19.05 le anticipazioni del TG Bellunese<\/p>\n<p><iframe loading=\"lazy\" title=\"LO STRAZIO DEI FAMILIARI NEL GIORNO DELL&#039;ADDIO. \u00abTROPPO DOLORE E TANTI PERCHE&#039;\u00bb | 14\/07\/2023\" width=\"1200\" height=\"675\" src=\"https:\/\/www.youtube.com\/embed\/bUgFxU7N4Ts?start=1&#038;feature=oembed\" frameborder=\"0\" allow=\"accelerometer; autoplay; clipboard-write; encrypted-media; gyroscope; picture-in-picture; web-share\" allowfullscreen><\/iframe><\/p>\n<p>&nbsp;<\/p>\n<p>&nbsp;<\/p>\n<hr \/>\n<p>&nbsp;<\/p>\n<blockquote>\n<h3>CAVALLO MUORE CADENDO NEL DIRUPO, OGGI IL RECUPERO<\/h3>\n<\/blockquote>\n<p><strong>AURONZO<\/strong> Il cavallo \u00e8 precipitato da un punto piuttosto alto morendo. Sar\u00e0 recuperato nella giornata di oggi dalle squadre dei vigili del fuoco. Ieri alle 14 la chiamata al 115 da malga Rin Bianco, verso le Tre Cime.<\/p>\n<p>&nbsp;<\/p>\n<hr \/>\n<p>&nbsp;<\/p>\n<blockquote>\n<h3>DOMANI IL SALUTO AD ATTILIO<\/h3>\n<\/blockquote>\n<p><a class=\"dt-pswp-item\" href=\"https:\/\/www.radiopiu.net\/wordpress\/wp-content\/uploads\/2023\/07\/Senza-nome-31.png\" data-dt-img-description=\"\" data-large_image_width=\"212\" data-large_image_height=\"178\"><img loading=\"lazy\" decoding=\"async\" class=\" wp-image-344147 alignleft\" src=\"https:\/\/www.radiopiu.net\/wordpress\/wp-content\/uploads\/2023\/07\/Senza-nome-31.png\" alt=\"\" width=\"129\" height=\"108\" \/><\/a><br \/>\n<strong>BELLUNO<\/strong> Lo scorso 12 luglio \u00e8 improvvisamente mancato Attilio Toldo di 60 anni. Lascia la moglie Susanna, Fabio con Martina e Monica con Gabriele, gli adorati nipoti Ambra, Giada e Samuel. Un pensiero particolare dagli amici del circolo Registro Storico Ducati e dai tanti amici. Si potr\u00e0 fargli visita domani dalle 9 alle 13 all&#8217;obitorio dell&#8217;ospedale San Martino di Belluno.<\/p>\n<p>&nbsp;<\/p>\n<hr \/>\n<p>&nbsp;<\/p>\n<blockquote>\n<h3><a class=\"dt-pswp-item\" href=\"https:\/\/www.radiopiu.net\/wordpress\/wp-content\/uploads\/2023\/07\/f5687f20-89cf-4f29-824d-3f252ee61ab6.jpg\" data-dt-img-description=\"\" data-large_image_width=\"960\" data-large_image_height=\"1280\"><img loading=\"lazy\" decoding=\"async\" class=\"wp-image-344152 alignleft\" src=\"https:\/\/www.radiopiu.net\/wordpress\/wp-content\/uploads\/2023\/07\/f5687f20-89cf-4f29-824d-3f252ee61ab6-225x300.jpg\" alt=\"\" width=\"133\" height=\"178\" srcset=\"https:\/\/www.radiopiu.net\/wordpress\/wp-content\/uploads\/2023\/07\/f5687f20-89cf-4f29-824d-3f252ee61ab6-225x300.jpg 225w, https:\/\/www.radiopiu.net\/wordpress\/wp-content\/uploads\/2023\/07\/f5687f20-89cf-4f29-824d-3f252ee61ab6-768x1024.jpg 768w, https:\/\/www.radiopiu.net\/wordpress\/wp-content\/uploads\/2023\/07\/f5687f20-89cf-4f29-824d-3f252ee61ab6.jpg 960w\" sizes=\"auto, (max-width: 133px) 100vw, 133px\" \/><\/a>CICLISTI DI NOTTE LUNGO L&#8217;AGORDINO E VERSO IL DURAN<\/h3>\n<\/blockquote>\n<p><strong>REDAZIONE<\/strong> Chi ieri sera saliva da Belluno verso Agordo, attorno alle 22 ha incontrato sulla strada i ciclisti di notte. Una gara al buio con i ciclisti &#8220;scortati&#8221; a passo d&#8217;uomo da alcune auto dell&#8217;organizzazione a supporto degli atleti. Segnalati dalla chat telegram viabilit\u00e0 provincia di Belluno. In giornata si sono invece formate lunghe code al cantiere prima della Stanga.<\/p>\n<p>&nbsp;<\/p>\n<p>&nbsp;<\/p>\n<hr \/>\n<p>&nbsp;<\/p>\n<blockquote>\n<h3>NESSUN SOPRALLUOGO A RENON DI GOSALDO DOPO LA FRANA<\/h3>\n<\/blockquote>\n<p><strong><a class=\"dt-pswp-item\" href=\"https:\/\/www.radiopiu.net\/wordpress\/wp-content\/uploads\/2023\/07\/b084575e-224c-4343-8662-ba45a9089b9b.jpg\" data-dt-img-description=\"\" data-large_image_width=\"1600\" data-large_image_height=\"1200\"><img loading=\"lazy\" decoding=\"async\" class=\" wp-image-343998 alignleft\" src=\"https:\/\/www.radiopiu.net\/wordpress\/wp-content\/uploads\/2023\/07\/b084575e-224c-4343-8662-ba45a9089b9b-300x225.jpg\" alt=\"\" width=\"173\" height=\"130\" srcset=\"https:\/\/www.radiopiu.net\/wordpress\/wp-content\/uploads\/2023\/07\/b084575e-224c-4343-8662-ba45a9089b9b-300x225.jpg 300w, https:\/\/www.radiopiu.net\/wordpress\/wp-content\/uploads\/2023\/07\/b084575e-224c-4343-8662-ba45a9089b9b-1024x768.jpg 1024w, https:\/\/www.radiopiu.net\/wordpress\/wp-content\/uploads\/2023\/07\/b084575e-224c-4343-8662-ba45a9089b9b-768x576.jpg 768w, https:\/\/www.radiopiu.net\/wordpress\/wp-content\/uploads\/2023\/07\/b084575e-224c-4343-8662-ba45a9089b9b-1536x1152.jpg 1536w, https:\/\/www.radiopiu.net\/wordpress\/wp-content\/uploads\/2023\/07\/b084575e-224c-4343-8662-ba45a9089b9b.jpg 1600w\" sizes=\"auto, (max-width: 173px) 100vw, 173px\" \/><\/a>GOSALDO<\/strong><\/p>\n<p>di Gianni Santomaso<\/p>\n<audio class=\"wp-audio-shortcode\" id=\"audio-344003-1\" preload=\"none\" style=\"width: 100%;\" controls=\"controls\"><source type=\"audio\/mpeg\" src=\"https:\/\/www.radiopiu.net\/wordpress\/wp-content\/uploads\/2023\/07\/GIANNI-NESSUN-SOPRALLUOGO-A-RENON-DI-GOSALDO-DOPO-LA-FRANA.mp3?_=1\" \/><a href=\"https:\/\/www.radiopiu.net\/wordpress\/wp-content\/uploads\/2023\/07\/GIANNI-NESSUN-SOPRALLUOGO-A-RENON-DI-GOSALDO-DOPO-LA-FRANA.mp3\">https:\/\/www.radiopiu.net\/wordpress\/wp-content\/uploads\/2023\/07\/GIANNI-NESSUN-SOPRALLUOGO-A-RENON-DI-GOSALDO-DOPO-LA-FRANA.mp3<\/a><\/audio>\n<p>&nbsp;<\/p>\n<hr \/>\n<p>&nbsp;<\/p>\n<blockquote>\n<h3>SCALE MOBILI, FINE DELL&#8217;INTERVENTO<\/h3>\n<\/blockquote>\n<p><strong>BELLUNO<\/strong> Infine il collaudo, l&#8217;intervento di manutenzione straordinaria delle scale mobili di Lambioi \u00e8 terminato, si era reso necessario per un guasto.<\/p>\n<p>&nbsp;<\/p>\n<hr \/>\n<p>&nbsp;<\/p>\n<blockquote>\n<h3>AL VIA DA MARTEDI I LAVORI ALLA ROTATORIA DI FORMEGAN<\/h3>\n<\/blockquote>\n<p><strong>SANTA GIUSTINA\u00a0<\/strong> Da martedi al 25 agosto transito obbligatorio attraverso il centro di Formegan, direzione Belluno -Feltre, mentre da Feltre verso il capoluogo sar\u00e0 percorribile la met\u00e0 carreggiata della statale 50, confermati i principali provvedimenti relativi alla viabilit\u00e0, Dal 25 agosto sino al 25 novembre, l&#8217;impalcato della struttura dovr\u00e0 essere rifatto e di conseguenza anche il traffico in direzione Belluno &#8211; Feltre attraverser\u00e0 il centro di Formegan oppure le strade al di sotto della ferrovia.\u00a0\u00a0Viene infine interdetto il passaggio di mezzi pesanti che non abbiano come destinazione un&#8217;attivit\u00e0 in zona Santa Giustina.<\/p>\n<p>&nbsp;<\/p>\n<hr \/>\n<p>&nbsp;<\/p>\n<blockquote>\n<h3><a class=\"dt-pswp-item\" href=\"https:\/\/www.radiopiu.net\/wordpress\/wp-content\/uploads\/2023\/07\/Rotatoria.jpg\" data-dt-img-description=\"\" data-large_image_width=\"1024\" data-large_image_height=\"768\"><img loading=\"lazy\" decoding=\"async\" class=\"wp-image-344050 alignleft\" src=\"https:\/\/www.radiopiu.net\/wordpress\/wp-content\/uploads\/2023\/07\/Rotatoria-300x225.jpg\" alt=\"\" width=\"207\" height=\"155\" srcset=\"https:\/\/www.radiopiu.net\/wordpress\/wp-content\/uploads\/2023\/07\/Rotatoria-300x225.jpg 300w, https:\/\/www.radiopiu.net\/wordpress\/wp-content\/uploads\/2023\/07\/Rotatoria-768x576.jpg 768w, https:\/\/www.radiopiu.net\/wordpress\/wp-content\/uploads\/2023\/07\/Rotatoria.jpg 1024w\" sizes=\"auto, (max-width: 207px) 100vw, 207px\" \/><\/a>ROTATORIA PER L&#8217;OLTRERAI, STANZIAMENTO DA 1,2 MILIONI DI EURO<\/h3>\n<\/blockquote>\n<p><strong>PONTE NELLE ALPI<\/strong> L\u2019Anas ha confermato l\u2019avvio dell\u2019iter per la messa in sicurezza della strada statale 51 di Alemagna con l\u2019innesto alla strada provinciale 4 che porta alle frazioni dell\u2019Oltrerai e alla Valcantuna: nello specifico, verr\u00e0 realizzata una rotatoria e sar\u00e0 migliorata la viabilit\u00e0 per 1,2 milioni di euro.\u00a0 Di giovedi l&#8217;incontro in municipio a Cadola e successivamente un sopralluogo tecnico per definire gli ultimi particolari, in modo da procedere a settembre con il bando progettuale.\u00a0 Il progetto \u00e8 compatibile con il Piano di Assetto Territoriale, approvato a marzo 2023:<\/p>\n<p>&nbsp;<\/p>\n<hr \/>\n<p>&nbsp;<\/p>\n<blockquote>\n<h3>CANTIERE AL PONTE SUL GRESAL<\/h3>\n<\/blockquote>\n<p><em>Lavori quasi ultimati, poi si passer\u00e0 alla pista Antole &#8211; Casoni<\/em><\/p>\n<p><strong>\u00a0BELLUNO<\/strong> Il cantiere per il ponte sul torrente Gresal \u00e8 quasi terminato. Il ponte antico \u00e8 stato ripristinato e reso sicuro. Una Ciclovia per il Parco Nazionale delle Dolomiti &#8211; Ciclabile Antole Casoni&#8221;. A fine luglio, una volta completati i lavori di ristrutturazione, il ponte sar\u00e0 nuovamente aperto ai pedoni e ai ciclisti. In seguito, verr\u00e0 costruita una pista ciclabile fino ad Antole, e i lavori saranno appaltati nelle prossime settimane. Nella prima fase dei lavori, del valore di 500.000 euro, sono stati eseguiti i principali interventi di consolidamento statico del ponte e sono stati adeguati i sottoservizi esistenti.Grazie a un finanziamento aggiuntivo ottenuto da Roma, utilizzando le economie ottenute dall&#8217;appalto, \u00e8 stata avviata la seconda fase dei lavori che potrebbero terminare entro fine luglio<\/p>\n<p>&nbsp;<\/p>\n<hr \/>\n<p>&nbsp;<\/p>\n<blockquote>\n<h3>PREVISTO UN POTENZIAMENTO DELLA LINEA ELETTRICA IN VISTA DELLE OLIMPIADI<\/h3>\n<\/blockquote>\n<p><strong><a class=\"dt-pswp-item\" href=\"https:\/\/www.radiopiu.net\/wordpress\/wp-content\/uploads\/2021\/05\/enel.jpg\" data-dt-img-description=\"\" data-large_image_width=\"1920\" data-large_image_height=\"1276\"><img loading=\"lazy\" decoding=\"async\" class=\" wp-image-207692 alignleft\" src=\"https:\/\/www.radiopiu.net\/wordpress\/wp-content\/uploads\/2021\/05\/enel-300x199.jpg\" alt=\"\" width=\"210\" height=\"139\" srcset=\"https:\/\/www.radiopiu.net\/wordpress\/wp-content\/uploads\/2021\/05\/enel-300x199.jpg 300w, https:\/\/www.radiopiu.net\/wordpress\/wp-content\/uploads\/2021\/05\/enel-1024x681.jpg 1024w, https:\/\/www.radiopiu.net\/wordpress\/wp-content\/uploads\/2021\/05\/enel-768x510.jpg 768w, https:\/\/www.radiopiu.net\/wordpress\/wp-content\/uploads\/2021\/05\/enel-1536x1021.jpg 1536w, https:\/\/www.radiopiu.net\/wordpress\/wp-content\/uploads\/2021\/05\/enel.jpg 1920w\" sizes=\"auto, (max-width: 210px) 100vw, 210px\" \/><\/a>LIVINALLONGO<\/strong><\/p>\n<p>di Lorenzo Soratroi<\/p>\n<audio class=\"wp-audio-shortcode\" id=\"audio-344003-2\" preload=\"none\" style=\"width: 100%;\" controls=\"controls\"><source type=\"audio\/mpeg\" src=\"https:\/\/www.radiopiu.net\/wordpress\/wp-content\/uploads\/2023\/07\/SORATROI-PREVISTO-UN-POTENZIAMENTO-DELLA-LINEA-ELETTRICA-IN-VISTA-DELLE-OLIMPIADI.mp3?_=2\" \/><a href=\"https:\/\/www.radiopiu.net\/wordpress\/wp-content\/uploads\/2023\/07\/SORATROI-PREVISTO-UN-POTENZIAMENTO-DELLA-LINEA-ELETTRICA-IN-VISTA-DELLE-OLIMPIADI.mp3\">https:\/\/www.radiopiu.net\/wordpress\/wp-content\/uploads\/2023\/07\/SORATROI-PREVISTO-UN-POTENZIAMENTO-DELLA-LINEA-ELETTRICA-IN-VISTA-DELLE-OLIMPIADI.mp3<\/a><\/audio>\n<p>&nbsp;<\/p>\n<p>&nbsp;<\/p>\n<hr \/>\n<p>&nbsp;<\/p>\n<blockquote>\n<h3>POLIZIA PROVINCIALE, BANDITO IL CONCORSO PER NUOVI AGENTI<\/h3>\n<\/blockquote>\n<p><strong>BELLUNO<\/strong> La Provincia ha bandito un nuovo concorso per agenti, non succedeva da 12 anni. Il programma regionale prevede il reclutamento di 138 figure professionali da qui al 2025. <em>\u00abFinalmente possiamo rinforzare un organico ridotto all\u2019osso\u00bb<\/em> commenta il presidente della Provincia di Belluno, Roberto Padrin. Il concorso bandito dalla Provincia prevede sette nuove assunzioni nei prossimi tre anni (quattro nel 2023, una nel 2024 e due nel 2025) a cui si aggiunger\u00e0 il reintegro del personale che va in pensione, per un totale di dieci guardie entro il 2025. <em>\u00abNon torneremo ai numeri che avevamo una quindicina di anni fa, ma un primo passo verso il recupero dell\u2019organico pu\u00f2 essere mosso\u00bb<\/em> conclude il presidente Padrin.<\/p>\n<p>&nbsp;<\/p>\n<hr \/>\n<p>&nbsp;<\/p>\n<blockquote>\n<h3>SCOPERTA LA TARGA PER RINGRAZIARE I DONATORI DEL MAGAZZINO AUSILI DI BELLUNO<\/h3>\n<\/blockquote>\n<p><strong>BELLUNO <\/strong>Ieri mattina \u00e8 stata scoperta una targa per ringraziare la generosit\u00e0 dei donatori che hanno permesso la realizzazione del magazzino degli ausili, destinati alle persone seguite dalle Cure Palliative di Belluno, nell\u2019area San Gervasio, all\u2019interno del complesso ospedaliero del San Martino. Grazie a una importante donazione della famiglia del sig. Umberto Fiabane, infatti, l\u2019Associazione \u201cCucchini\u201d, su autorizzazione dell\u2019Ulss del 2018, ha realizzato a propria cura e spese, all\u2019interno dell\u2019area ospedaliera dell\u2019Ospedale San Martino di Belluno, un edificio da destinare a magazzino per la custodia degli ausili per i pazienti in cure palliative seguiti dall\u2019Associazione stessa, nell\u2019ambito della convenzione in essere con l\u2019Ulss. Il magazzino, fortemente voluto dall\u2019allora presidente Vittorio Zampieri, \u00e8 stato concesso in comodato gratuito alla stessa Associazione, il 19 dicembre 2020, per un periodo di nove anni, rinnovabili. La possibilit\u00e0 di disporre, nell\u2019ambito ospedaliero, di una struttura per il ricovero, la custodia adeguata e la pronta gestione degli ausili da parte dall\u2019Associazione Cucchini stessa \u00e8 funzionale a dare un\u2019immediata risposta alle esigenze del malato fin dalla dimissione o dalla richiesta dal domicilio, fornendo alla famiglia un importante supporto nelle fasi delicate della malattia. L\u2019Associazione, infatti, si occupa di tutte le pratiche e della fornitura dell\u2019ausilio, sgravando la famiglia di questa incombenza. Nel magazzino, infatti, oltre al deposito, sono presenti dei locali per la manutenzione degli ausili. Infine, vista l\u2019ampiezza dei locali, una parte della struttura \u00e8 stata destinata agli utilizzo del servizio tecnico dell\u2019Ulss Dolomiti. Il magazzino ha visto un investimento di 580 mila euro, di cui 460 mila donati dal sig. Umberto Fiabane e 120 mila dell\u2019Associazione Cucchini.<\/p>\n\n\t\t\t<style type='text\/css'>\n\t\t\t\t#gallery-2 {\n\t\t\t\t\tmargin: auto;\n\t\t\t\t}\n\t\t\t\t#gallery-2 .gallery-item {\n\t\t\t\t\tfloat: left;\n\t\t\t\t\tmargin-top: 10px;\n\t\t\t\t\ttext-align: center;\n\t\t\t\t\twidth: 25%;\n\t\t\t\t}\n\t\t\t\t#gallery-2 img {\n\t\t\t\t\tborder: 2px solid #cfcfcf;\n\t\t\t\t}\n\t\t\t\t#gallery-2 .gallery-caption {\n\t\t\t\t\tmargin-left: 0;\n\t\t\t\t}\n\t\t\t\t\/* see gallery_shortcode() in wp-includes\/media.php *\/\n\t\t\t<\/style>\n\t\t<div id='gallery-2' class='dt-gallery-container gallery galleryid-344003 gallery-columns-4 gallery-size-thumbnail'><dl class='gallery-item'>\n\t\t\t\t<dt class='gallery-icon portrait'>\n\t\t\t\t\t<a class=\"rollover rollover-zoom dt-pswp-item\" title=\"WhatsApp Image 2023-07-14 at 15.48.01\" data-dt-img-description=\"\" data-large_image_width=\"768\" data-large_image_height=\"1024\"href='https:\/\/www.radiopiu.net\/wordpress\/wp-content\/uploads\/2023\/07\/WhatsApp-Image-2023-07-14-at-15.48.01.jpeg'><img loading=\"lazy\" decoding=\"async\" width=\"150\" height=\"150\" src=\"https:\/\/www.radiopiu.net\/wordpress\/wp-content\/uploads\/2023\/07\/WhatsApp-Image-2023-07-14-at-15.48.01-150x150.jpeg\" class=\"attachment-thumbnail size-thumbnail\" alt=\"\" \/><\/a>\n\t\t\t\t<\/dt><\/dl><dl class='gallery-item'>\n\t\t\t\t<dt class='gallery-icon landscape'>\n\t\t\t\t\t<a class=\"rollover rollover-zoom dt-pswp-item\" title=\"WhatsApp Image 2023-07-14 at 15.59.18\" data-dt-img-description=\"\" data-large_image_width=\"1496\" data-large_image_height=\"1496\"href='https:\/\/www.radiopiu.net\/wordpress\/wp-content\/uploads\/2023\/07\/WhatsApp-Image-2023-07-14-at-15.59.18.jpeg'><img loading=\"lazy\" decoding=\"async\" width=\"150\" height=\"150\" src=\"https:\/\/www.radiopiu.net\/wordpress\/wp-content\/uploads\/2023\/07\/WhatsApp-Image-2023-07-14-at-15.59.18-150x150.jpeg\" class=\"attachment-thumbnail size-thumbnail\" alt=\"\" srcset=\"https:\/\/www.radiopiu.net\/wordpress\/wp-content\/uploads\/2023\/07\/WhatsApp-Image-2023-07-14-at-15.59.18-150x150.jpeg 150w, https:\/\/www.radiopiu.net\/wordpress\/wp-content\/uploads\/2023\/07\/WhatsApp-Image-2023-07-14-at-15.59.18-300x300.jpeg 300w, https:\/\/www.radiopiu.net\/wordpress\/wp-content\/uploads\/2023\/07\/WhatsApp-Image-2023-07-14-at-15.59.18-1024x1024.jpeg 1024w, https:\/\/www.radiopiu.net\/wordpress\/wp-content\/uploads\/2023\/07\/WhatsApp-Image-2023-07-14-at-15.59.18-768x768.jpeg 768w, https:\/\/www.radiopiu.net\/wordpress\/wp-content\/uploads\/2023\/07\/WhatsApp-Image-2023-07-14-at-15.59.18.jpeg 1496w\" sizes=\"auto, (max-width: 150px) 100vw, 150px\" \/><\/a>\n\t\t\t\t<\/dt><\/dl><dl class='gallery-item'>\n\t\t\t\t<dt class='gallery-icon landscape'>\n\t\t\t\t\t<a class=\"rollover rollover-zoom dt-pswp-item\" title=\"WhatsApp Image 2023-07-14 at 15.59.19\" data-dt-img-description=\"\" data-large_image_width=\"1496\" data-large_image_height=\"979\"href='https:\/\/www.radiopiu.net\/wordpress\/wp-content\/uploads\/2023\/07\/WhatsApp-Image-2023-07-14-at-15.59.19.jpeg'><img loading=\"lazy\" decoding=\"async\" width=\"150\" height=\"150\" src=\"https:\/\/www.radiopiu.net\/wordpress\/wp-content\/uploads\/2023\/07\/WhatsApp-Image-2023-07-14-at-15.59.19-150x150.jpeg\" class=\"attachment-thumbnail size-thumbnail\" alt=\"\" \/><\/a>\n\t\t\t\t<\/dt><\/dl><dl class='gallery-item'>\n\t\t\t\t<dt class='gallery-icon landscape'>\n\t\t\t\t\t<a class=\"rollover rollover-zoom dt-pswp-item\" title=\"WhatsApp Image 2023-07-14 at 15.48.01 (1)\" data-dt-img-description=\"\" data-large_image_width=\"1024\" data-large_image_height=\"768\"href='https:\/\/www.radiopiu.net\/wordpress\/wp-content\/uploads\/2023\/07\/WhatsApp-Image-2023-07-14-at-15.48.01-1.jpeg'><img loading=\"lazy\" decoding=\"async\" width=\"150\" height=\"150\" src=\"https:\/\/www.radiopiu.net\/wordpress\/wp-content\/uploads\/2023\/07\/WhatsApp-Image-2023-07-14-at-15.48.01-1-150x150.jpeg\" class=\"attachment-thumbnail size-thumbnail\" alt=\"\" \/><\/a>\n\t\t\t\t<\/dt><\/dl><br style=\"clear: both\" \/>\n\t\t\t<\/div>\n\n<p>&nbsp;<\/p>\n<hr \/>\n<p>&nbsp;<\/p>\n<blockquote>\n<h3>I BAMBINI DEL CENTRO ESTIVO DI CALALZO IN VISTIA AL SUEM<\/h3>\n<\/blockquote>\n<p><strong>PIEVE DI CADORE<\/strong> I bambini del Centro estivo di Calalzo hanno fatto visita alla base HEMS di Pieve di Cadore per conoscere da vicino Falco e il suo equipaggio ed imparare qualche buona regola per la sicurezza in montagna.<\/p>\n\n\t\t\t<style type='text\/css'>\n\t\t\t\t#gallery-3 {\n\t\t\t\t\tmargin: auto;\n\t\t\t\t}\n\t\t\t\t#gallery-3 .gallery-item {\n\t\t\t\t\tfloat: left;\n\t\t\t\t\tmargin-top: 10px;\n\t\t\t\t\ttext-align: center;\n\t\t\t\t\twidth: 50%;\n\t\t\t\t}\n\t\t\t\t#gallery-3 img {\n\t\t\t\t\tborder: 2px solid #cfcfcf;\n\t\t\t\t}\n\t\t\t\t#gallery-3 .gallery-caption {\n\t\t\t\t\tmargin-left: 0;\n\t\t\t\t}\n\t\t\t\t\/* see gallery_shortcode() in wp-includes\/media.php *\/\n\t\t\t<\/style>\n\t\t<div id='gallery-3' class='dt-gallery-container gallery galleryid-344003 gallery-columns-2 gallery-size-medium'><dl class='gallery-item'>\n\t\t\t\t<dt class='gallery-icon portrait'>\n\t\t\t\t\t<a class=\"rollover rollover-zoom dt-pswp-item\" title=\"WhatsApp Image 2023-07-14 at 16.27.43 (1)\" data-dt-img-description=\"\" data-large_image_width=\"768\" data-large_image_height=\"1024\"href='https:\/\/www.radiopiu.net\/wordpress\/wp-content\/uploads\/2023\/07\/WhatsApp-Image-2023-07-14-at-16.27.43-1.jpeg'><img loading=\"lazy\" decoding=\"async\" width=\"225\" height=\"300\" src=\"https:\/\/www.radiopiu.net\/wordpress\/wp-content\/uploads\/2023\/07\/WhatsApp-Image-2023-07-14-at-16.27.43-1-225x300.jpeg\" class=\"attachment-medium size-medium\" alt=\"\" srcset=\"https:\/\/www.radiopiu.net\/wordpress\/wp-content\/uploads\/2023\/07\/WhatsApp-Image-2023-07-14-at-16.27.43-1-225x300.jpeg 225w, https:\/\/www.radiopiu.net\/wordpress\/wp-content\/uploads\/2023\/07\/WhatsApp-Image-2023-07-14-at-16.27.43-1.jpeg 768w\" sizes=\"auto, (max-width: 225px) 100vw, 225px\" \/><\/a>\n\t\t\t\t<\/dt><\/dl><dl class='gallery-item'>\n\t\t\t\t<dt class='gallery-icon portrait'>\n\t\t\t\t\t<a class=\"rollover rollover-zoom dt-pswp-item\" title=\"WhatsApp Image 2023-07-14 at 16.27.53 (1)\" data-dt-img-description=\"\" data-large_image_width=\"768\" data-large_image_height=\"1024\"href='https:\/\/www.radiopiu.net\/wordpress\/wp-content\/uploads\/2023\/07\/WhatsApp-Image-2023-07-14-at-16.27.53-1.jpeg'><img loading=\"lazy\" decoding=\"async\" width=\"225\" height=\"300\" src=\"https:\/\/www.radiopiu.net\/wordpress\/wp-content\/uploads\/2023\/07\/WhatsApp-Image-2023-07-14-at-16.27.53-1-225x300.jpeg\" class=\"attachment-medium size-medium\" alt=\"\" srcset=\"https:\/\/www.radiopiu.net\/wordpress\/wp-content\/uploads\/2023\/07\/WhatsApp-Image-2023-07-14-at-16.27.53-1-225x300.jpeg 225w, https:\/\/www.radiopiu.net\/wordpress\/wp-content\/uploads\/2023\/07\/WhatsApp-Image-2023-07-14-at-16.27.53-1.jpeg 768w\" sizes=\"auto, (max-width: 225px) 100vw, 225px\" \/><\/a>\n\t\t\t\t<\/dt><\/dl><br style=\"clear: both\" \/>\n\t\t\t<\/div>\n\n<p>&nbsp;<\/p>\n<hr \/>\n<p>&nbsp;<\/p>\n<blockquote>\n<h3>BRAVA SORAYA!<\/h3>\n<\/blockquote>\n<p><a class=\"dt-pswp-item\" href=\"https:\/\/www.radiopiu.net\/wordpress\/wp-content\/uploads\/2023\/07\/Senza-nome-32.png\" data-dt-img-description=\"\" data-large_image_width=\"238\" data-large_image_height=\"232\"><img loading=\"lazy\" decoding=\"async\" class=\"wp-image-344148 alignleft\" src=\"https:\/\/www.radiopiu.net\/wordpress\/wp-content\/uploads\/2023\/07\/Senza-nome-32.png\" alt=\"\" width=\"135\" height=\"132\" \/><\/a><strong>BELLUNO<\/strong> L&#8217;unico cento all&#8217;Istituto Canossiano (Liceo di scienze umane) \u00e8 di\u00a0 Soraya Khosrowjerdi Ecco tutti i diplomati: Giada Bernardi 60, Caterina Bottegal 79, Aurora Boz 97, Alice Cadore 65, Riccardo Cattai 76, Leonardo Cominelli 81, Benedetta Cortesia 93, Camilla Dalla Santa 66, Margherita Gaio 75, Maria Gaio 80, Matteo Grsi 74, Soraya Khosrowjerdi 100, Caterina Luciani 90, Lisa Marcato 94, Denise Niroba 70, Alessia Pellizzari 90, Gioia Elise Piolo 76, Giulia Polli 71, Nicole Riz 86, Elena Rossa 68, Chiara Simion 65, Francesca Siragna 64, Irene Specia 67, Arianna Tessaro 65, Sofia Tonet 84, Aurora Triches 60, Gabriele Vergerio 78, Giuseppe Zancanaro 81, Urwashi Zatta 71, Elena Agostino 74.<\/p>\n<hr \/>\n<p>&nbsp;<\/p>\n<blockquote>\n<h3>IL GIORNALISTA NELLO SCAVO OSPITE DELLA FESTA DELLA COMUNICAZIONE IN MONTAGNA<\/h3>\n<\/blockquote>\n<p><strong>SOVRAMONTE<\/strong> La tradizionale Festa della comunicazione in montagna, promossa da L&#8217;Amico del Popolo con il quotidiano Avvenire, quest&#8217;anno ha fatto tappa a Sovramonte, e a raccontare la sua ultima esperienza, 10 mesi in prima linea nella guerra in Ucraina, \u00e8 stato l&#8217;inviato speciale Nello Scavo.<\/p>\n<p><strong>di Daniele Dalvit<\/strong><\/p>\n<audio class=\"wp-audio-shortcode\" id=\"audio-344003-3\" preload=\"none\" style=\"width: 100%;\" controls=\"controls\"><source type=\"audio\/mpeg\" src=\"https:\/\/www.radiopiu.net\/wordpress\/wp-content\/uploads\/2023\/07\/DALVIT-Festa-informazione-Sovramonte-Nello-Scavo.mp3?_=3\" \/><a href=\"https:\/\/www.radiopiu.net\/wordpress\/wp-content\/uploads\/2023\/07\/DALVIT-Festa-informazione-Sovramonte-Nello-Scavo.mp3\">https:\/\/www.radiopiu.net\/wordpress\/wp-content\/uploads\/2023\/07\/DALVIT-Festa-informazione-Sovramonte-Nello-Scavo.mp3<\/a><\/audio>\n<p>&nbsp;<\/p>\n\n\t\t\t<style type='text\/css'>\n\t\t\t\t#gallery-4 {\n\t\t\t\t\tmargin: auto;\n\t\t\t\t}\n\t\t\t\t#gallery-4 .gallery-item {\n\t\t\t\t\tfloat: left;\n\t\t\t\t\tmargin-top: 10px;\n\t\t\t\t\ttext-align: center;\n\t\t\t\t\twidth: 50%;\n\t\t\t\t}\n\t\t\t\t#gallery-4 img {\n\t\t\t\t\tborder: 2px solid #cfcfcf;\n\t\t\t\t}\n\t\t\t\t#gallery-4 .gallery-caption {\n\t\t\t\t\tmargin-left: 0;\n\t\t\t\t}\n\t\t\t\t\/* see gallery_shortcode() in wp-includes\/media.php *\/\n\t\t\t<\/style>\n\t\t<div id='gallery-4' class='dt-gallery-container gallery galleryid-344003 gallery-columns-2 gallery-size-medium'><dl class='gallery-item'>\n\t\t\t\t<dt class='gallery-icon landscape'>\n\t\t\t\t\t<a class=\"rollover rollover-zoom dt-pswp-item\" title=\"8dcd7d12-650f-4549-8cb4-5d764997b33d\" data-dt-img-description=\"\" data-large_image_width=\"1024\" data-large_image_height=\"768\"href='https:\/\/www.radiopiu.net\/wordpress\/wp-content\/uploads\/2023\/07\/8dcd7d12-650f-4549-8cb4-5d764997b33d.jpg'><img loading=\"lazy\" decoding=\"async\" width=\"300\" height=\"225\" src=\"https:\/\/www.radiopiu.net\/wordpress\/wp-content\/uploads\/2023\/07\/8dcd7d12-650f-4549-8cb4-5d764997b33d-300x225.jpg\" class=\"attachment-medium size-medium\" alt=\"\" srcset=\"https:\/\/www.radiopiu.net\/wordpress\/wp-content\/uploads\/2023\/07\/8dcd7d12-650f-4549-8cb4-5d764997b33d-300x225.jpg 300w, https:\/\/www.radiopiu.net\/wordpress\/wp-content\/uploads\/2023\/07\/8dcd7d12-650f-4549-8cb4-5d764997b33d-768x576.jpg 768w, https:\/\/www.radiopiu.net\/wordpress\/wp-content\/uploads\/2023\/07\/8dcd7d12-650f-4549-8cb4-5d764997b33d.jpg 1024w\" sizes=\"auto, (max-width: 300px) 100vw, 300px\" \/><\/a>\n\t\t\t\t<\/dt><\/dl><dl class='gallery-item'>\n\t\t\t\t<dt class='gallery-icon landscape'>\n\t\t\t\t\t<a class=\"rollover rollover-zoom dt-pswp-item\" title=\"85cd5cbd-6d03-4053-96c7-f206518156f5\" data-dt-img-description=\"\" data-large_image_width=\"1024\" data-large_image_height=\"768\"href='https:\/\/www.radiopiu.net\/wordpress\/wp-content\/uploads\/2023\/07\/85cd5cbd-6d03-4053-96c7-f206518156f5.jpg'><img loading=\"lazy\" decoding=\"async\" width=\"300\" height=\"225\" src=\"https:\/\/www.radiopiu.net\/wordpress\/wp-content\/uploads\/2023\/07\/85cd5cbd-6d03-4053-96c7-f206518156f5-300x225.jpg\" class=\"attachment-medium size-medium\" alt=\"\" srcset=\"https:\/\/www.radiopiu.net\/wordpress\/wp-content\/uploads\/2023\/07\/85cd5cbd-6d03-4053-96c7-f206518156f5-300x225.jpg 300w, https:\/\/www.radiopiu.net\/wordpress\/wp-content\/uploads\/2023\/07\/85cd5cbd-6d03-4053-96c7-f206518156f5-768x576.jpg 768w, https:\/\/www.radiopiu.net\/wordpress\/wp-content\/uploads\/2023\/07\/85cd5cbd-6d03-4053-96c7-f206518156f5.jpg 1024w\" sizes=\"auto, (max-width: 300px) 100vw, 300px\" \/><\/a>\n\t\t\t\t<\/dt><\/dl><br style=\"clear: both\" \/>\n\t\t\t<\/div>\n\n<p>&nbsp;<\/p>\n<hr \/>\n<p>&nbsp;<\/p>\n<blockquote>\n<h3>PATRIMONIO EDILIZIO INDUSTRIALE-ARTIGIANALE: IN PROVINCIA SUPERFICI DISMESSE DEL 9%<\/h3>\n<\/blockquote>\n<p><strong><a class=\"dt-pswp-item\" href=\"https:\/\/www.radiopiu.net\/wordpress\/wp-content\/uploads\/2022\/07\/CONFARTIGIANATO.png\" data-dt-img-description=\"\" data-large_image_width=\"1001\" data-large_image_height=\"431\"><img loading=\"lazy\" decoding=\"async\" class=\" wp-image-288229 alignleft\" src=\"https:\/\/www.radiopiu.net\/wordpress\/wp-content\/uploads\/2022\/07\/CONFARTIGIANATO-300x129.png\" alt=\"\" width=\"158\" height=\"68\" srcset=\"https:\/\/www.radiopiu.net\/wordpress\/wp-content\/uploads\/2022\/07\/CONFARTIGIANATO-300x129.png 300w, https:\/\/www.radiopiu.net\/wordpress\/wp-content\/uploads\/2022\/07\/CONFARTIGIANATO-768x331.png 768w, https:\/\/www.radiopiu.net\/wordpress\/wp-content\/uploads\/2022\/07\/CONFARTIGIANATO.png 1001w\" sizes=\"auto, (max-width: 158px) 100vw, 158px\" \/><\/a>BELLUNO<\/strong> La ricerca sul patrimonio edilizio industriale-artigianale in Veneto mostra una diminuzione degli immobili produttivi inutilizzati negli ultimi sei anni. Rispetto al 2016, nel 2022 sono stati recuperati e riutilizzati circa 1.400 immobili, portando il numero totale di immobili inutilizzati a 9.200. Le superfici dismesse sono diminuite del 16% rispetto al 2016. Questo recupero \u00e8 stato favorito dalla crescita del valore aggiunto nel settore manifatturiero e dall&#8217;aumento degli addetti. Nella provincia di Belluno, l&#8217;incidenza della superficie produttiva sul territorio \u00e8 la pi\u00f9 bassa nella regione. Tuttavia, anche qui si \u00e8 verificata una diminuzione delle localizzazioni attive e un aumento degli addetti. Nel complesso, sono state recuperate 520 unit\u00e0 produttive inutilizzate, corrispondenti al 9,8% dello stock produttivo, con una riduzione di 136.954 metri quadrati di superfici dismesse e inutilizzate.<\/p>\n<p>&nbsp;<\/p>\n<p>&nbsp;<\/p>\n<hr \/>\n<p>&nbsp;<\/p>\n<blockquote>\n<h3>MARTEDI CONSIGLIO DELL&#8217;UNIONE MONTANA AGORDINA<\/h3>\n<\/blockquote>\n<p><strong><a class=\"dt-pswp-item\" href=\"https:\/\/www.radiopiu.net\/wordpress\/wp-content\/uploads\/2023\/04\/PAOLO-FRENA.png\" data-dt-img-description=\"\" data-large_image_width=\"292\" data-large_image_height=\"223\"><img loading=\"lazy\" decoding=\"async\" class=\"wp-image-331937 alignleft\" src=\"https:\/\/www.radiopiu.net\/wordpress\/wp-content\/uploads\/2023\/04\/PAOLO-FRENA.png\" alt=\"\" width=\"140\" height=\"107\" \/><\/a>AGORDO<\/strong> Il Presidente dell&#8217;Unione Montana Agordina Paolo Frena ha convocato per marted\u00ec alle 20 il consiglio per trattare 4 punti all&#8217;ordine del giorno. Tra questi si parler\u00e0 del regolamento dei controlli interni e l&#8217;affidamento della gestione dei rifiuti da parte del consiglio del bacino a Valpe Ambiente. Diretta sui canali social di Radio Pi\u00f9<\/p>\n<p><strong>di Gianni Santomaso<\/strong><\/p>\n<audio class=\"wp-audio-shortcode\" id=\"audio-344003-4\" preload=\"none\" style=\"width: 100%;\" controls=\"controls\"><source type=\"audio\/mpeg\" src=\"https:\/\/www.radiopiu.net\/wordpress\/wp-content\/uploads\/2023\/07\/GIANNI-CONSIGLIO-UMA.mp3?_=4\" \/><a href=\"https:\/\/www.radiopiu.net\/wordpress\/wp-content\/uploads\/2023\/07\/GIANNI-CONSIGLIO-UMA.mp3\">https:\/\/www.radiopiu.net\/wordpress\/wp-content\/uploads\/2023\/07\/GIANNI-CONSIGLIO-UMA.mp3<\/a><\/audio>\n<p>&nbsp;<\/p>\n<hr \/>\n<p>&nbsp;<\/p>\n<blockquote>\n<h3>ASCA CERCA INFERMIERI<\/h3>\n<\/blockquote>\n<p><strong><a class=\"dt-pswp-item\" href=\"https:\/\/www.radiopiu.net\/wordpress\/wp-content\/uploads\/2022\/01\/6441593_15212809_asca.jpg\" data-dt-img-description=\"\" data-large_image_width=\"620\" data-large_image_height=\"340\"><img loading=\"lazy\" decoding=\"async\" class=\" wp-image-254405 alignleft\" src=\"https:\/\/www.radiopiu.net\/wordpress\/wp-content\/uploads\/2022\/01\/6441593_15212809_asca-300x165.jpg\" alt=\"\" width=\"167\" height=\"92\" srcset=\"https:\/\/www.radiopiu.net\/wordpress\/wp-content\/uploads\/2022\/01\/6441593_15212809_asca-300x165.jpg 300w, https:\/\/www.radiopiu.net\/wordpress\/wp-content\/uploads\/2022\/01\/6441593_15212809_asca.jpg 620w\" sizes=\"auto, (max-width: 167px) 100vw, 167px\" \/><\/a>AGORDO<\/strong><\/p>\n<p>di Gianni Santomaso<\/p>\n<audio class=\"wp-audio-shortcode\" id=\"audio-344003-5\" preload=\"none\" style=\"width: 100%;\" controls=\"controls\"><source type=\"audio\/mpeg\" src=\"https:\/\/www.radiopiu.net\/wordpress\/wp-content\/uploads\/2023\/07\/GIANNI-ASCA-CERCA-INFERMIERI.mp3?_=5\" \/><a href=\"https:\/\/www.radiopiu.net\/wordpress\/wp-content\/uploads\/2023\/07\/GIANNI-ASCA-CERCA-INFERMIERI.mp3\">https:\/\/www.radiopiu.net\/wordpress\/wp-content\/uploads\/2023\/07\/GIANNI-ASCA-CERCA-INFERMIERI.mp3<\/a><\/audio>\n<p>&nbsp;<\/p>\n<hr \/>\n<p>&nbsp;<\/p>\n<blockquote>\n<h3>AMBASCIATORI DI BELLEZZA, STANZIATI 100 MILA EURO PER I PROGETTI DEI GIOVANI<\/h3>\n<\/blockquote>\n<p><strong>FELTRE\u00a0<\/strong> Progetto \u201cAmbasciatori di bellezza. I giovani raccontano i territori e la cultura\u201d,\u00a0 ha come scopo quello di rendere i giovani protagonisti della promozione e valorizzazione del patrimonio culturale dei propri territori. E&#8217; dei giorni scorsi infatti la notizia che la Fondazione Cariverona ha deciso di accogliere la richiesta di contributo avanzata dal Comune di Feltre, soggetto capofila, finanziandolo con la somma di 100 mila euro. L&#8217;iniziativa verter\u00e0 su due pilastri fondamentali: un percorso di formazione teorica e tecnica\u00a0 e un&#8217;attivit\u00e0 \u201csul campo\u201d.<\/p>\n<p>&nbsp;<\/p>\n<hr \/>\n<blockquote>\n<h3><\/h3>\n<h3>UNIONE SPORTIVA LA VILLE, BENEFICIENZA SOLIDALE DA SAN VINCENZO<\/h3>\n<\/blockquote>\n<p><strong>AGORDO<\/strong> L&#8217;Unione Sportiva Le Ville con il presidente Andrea Rumor, ha consegnato i soldi raccolti durante la sagra di San Vincenzo 2023 e devoluti ad associazioni benefiche. In particolare dall&#8217;iniziativa del <b>&#8220;<\/b><b>MERCATINO DEI GIOCATTOLI<\/b><b>&#8220;<\/b> sono stati raccolti 1.400,00 euro,\u00a0 assegnati all&#8217;associazione\u00a0 <b>&#8220;ONLUS FIORI BLU&#8221; Amici della Fondazione Robert Hollman <\/b>espressione e volont\u00e0 di un gruppo di genitori, i cui bambini frequentano la Fondazione Robert Hollman, che \u00e8 un centro di consulenza e sostegno allo sviluppo del bambino con deficit visivo e disabilit\u00e0 associate. Altra attivit\u00e0 a scopo benefico \u00e8 la vendita dell&#8217;oggetto artigianale &#8220;<b>EL CAVALET&#8221; <\/b>che ha fruttato ben 2.500 euro, devoluti all&#8217;associazione <b>&#8220;GENITORI SEMPRE&#8221; <\/b>di Agordo. Davanti alla chiesetta di San Vincenzo a Prompicai di Agordo, l&#8217;Unione Sportiva le Ville ha incontrato le due associazioni per la consegna ufficiale, soddisfatti sia gli organizzatori della sagra che i rappresentanti delle associazioni per il buon successo riscontrato.<\/p>\n<blockquote><p><em>Ringraziando tutti coloro hanno contribuito alla buona riuscita della manifestazione e delle attivit\u00e0 ad essa legate, rinnoviamo l&#8217;appuntamento per il 2024. ha concluso il Presidente Andrea Rumor<\/em><\/p><\/blockquote>\n<p>&nbsp;<\/p>\n<p><strong>di Gianni Santomaso<\/strong><\/p>\n<audio class=\"wp-audio-shortcode\" id=\"audio-344003-6\" preload=\"none\" style=\"width: 100%;\" controls=\"controls\"><source type=\"audio\/mpeg\" src=\"https:\/\/www.radiopiu.net\/wordpress\/wp-content\/uploads\/2023\/07\/GIANNI-SAN-VINCENZO-LE-VILLE.mp3?_=6\" \/><a href=\"https:\/\/www.radiopiu.net\/wordpress\/wp-content\/uploads\/2023\/07\/GIANNI-SAN-VINCENZO-LE-VILLE.mp3\">https:\/\/www.radiopiu.net\/wordpress\/wp-content\/uploads\/2023\/07\/GIANNI-SAN-VINCENZO-LE-VILLE.mp3<\/a><\/audio>\n<p>&nbsp;<\/p>\n\n\t\t\t<style type='text\/css'>\n\t\t\t\t#gallery-5 {\n\t\t\t\t\tmargin: auto;\n\t\t\t\t}\n\t\t\t\t#gallery-5 .gallery-item {\n\t\t\t\t\tfloat: left;\n\t\t\t\t\tmargin-top: 10px;\n\t\t\t\t\ttext-align: center;\n\t\t\t\t\twidth: 50%;\n\t\t\t\t}\n\t\t\t\t#gallery-5 img {\n\t\t\t\t\tborder: 2px solid #cfcfcf;\n\t\t\t\t}\n\t\t\t\t#gallery-5 .gallery-caption {\n\t\t\t\t\tmargin-left: 0;\n\t\t\t\t}\n\t\t\t\t\/* see gallery_shortcode() in wp-includes\/media.php *\/\n\t\t\t<\/style>\n\t\t<div id='gallery-5' class='dt-gallery-container gallery galleryid-344003 gallery-columns-2 gallery-size-medium'><dl class='gallery-item'>\n\t\t\t\t<dt class='gallery-icon landscape'>\n\t\t\t\t\t<a class=\"rollover rollover-zoom dt-pswp-item\" title=\"foto 1\" data-dt-img-description=\"\" data-large_image_width=\"2040\" data-large_image_height=\"1536\"href='https:\/\/www.radiopiu.net\/wordpress\/wp-content\/uploads\/2023\/07\/foto-1.jpg'><img loading=\"lazy\" decoding=\"async\" width=\"300\" height=\"226\" src=\"https:\/\/www.radiopiu.net\/wordpress\/wp-content\/uploads\/2023\/07\/foto-1-300x226.jpg\" class=\"attachment-medium size-medium\" alt=\"\" srcset=\"https:\/\/www.radiopiu.net\/wordpress\/wp-content\/uploads\/2023\/07\/foto-1-300x226.jpg 300w, https:\/\/www.radiopiu.net\/wordpress\/wp-content\/uploads\/2023\/07\/foto-1-1024x771.jpg 1024w, https:\/\/www.radiopiu.net\/wordpress\/wp-content\/uploads\/2023\/07\/foto-1-768x578.jpg 768w, https:\/\/www.radiopiu.net\/wordpress\/wp-content\/uploads\/2023\/07\/foto-1-1536x1157.jpg 1536w, https:\/\/www.radiopiu.net\/wordpress\/wp-content\/uploads\/2023\/07\/foto-1.jpg 2040w\" sizes=\"auto, (max-width: 300px) 100vw, 300px\" \/><\/a>\n\t\t\t\t<\/dt><\/dl><dl class='gallery-item'>\n\t\t\t\t<dt class='gallery-icon landscape'>\n\t\t\t\t\t<a class=\"rollover rollover-zoom dt-pswp-item\" title=\"foto 2\" data-dt-img-description=\"\" data-large_image_width=\"1600\" data-large_image_height=\"1187\"href='https:\/\/www.radiopiu.net\/wordpress\/wp-content\/uploads\/2023\/07\/foto-2.jpg'><img loading=\"lazy\" decoding=\"async\" width=\"300\" height=\"223\" src=\"https:\/\/www.radiopiu.net\/wordpress\/wp-content\/uploads\/2023\/07\/foto-2-300x223.jpg\" class=\"attachment-medium size-medium\" alt=\"\" srcset=\"https:\/\/www.radiopiu.net\/wordpress\/wp-content\/uploads\/2023\/07\/foto-2-300x223.jpg 300w, https:\/\/www.radiopiu.net\/wordpress\/wp-content\/uploads\/2023\/07\/foto-2-1024x760.jpg 1024w, https:\/\/www.radiopiu.net\/wordpress\/wp-content\/uploads\/2023\/07\/foto-2-768x570.jpg 768w, https:\/\/www.radiopiu.net\/wordpress\/wp-content\/uploads\/2023\/07\/foto-2-1536x1140.jpg 1536w, https:\/\/www.radiopiu.net\/wordpress\/wp-content\/uploads\/2023\/07\/foto-2.jpg 1600w\" sizes=\"auto, (max-width: 300px) 100vw, 300px\" \/><\/a>\n\t\t\t\t<\/dt><\/dl><br style=\"clear: both\" \/>\n\t\t\t<\/div>\n\n<p>&nbsp;<\/p>\n<hr \/>\n<p>&nbsp;<\/p>\n<blockquote>\n<h2>INTERNET PER LA SECONDA CASA, CON LA SIM SI RISPARMIA<\/h2>\n<\/blockquote>\n<blockquote>\n<p align=\"CENTER\"><em><span style=\"font-family: Arial, serif;\"><u><b>per una connessione illimitata servono almeno 24,91 euro al mese<\/b><\/u><\/span><\/em><\/p>\n<\/blockquote>\n<p style=\"text-align: left;\" align=\"CENTER\"><img loading=\"lazy\" decoding=\"async\" class=\"alignleft\" src=\"https:\/\/www.radiopiu.net\/wordpress\/wp-content\/uploads\/2023\/07\/1200x800_telefono-donna-internet.jpg\" width=\"272\" height=\"181\" \/>REDAZIONE <span style=\"font-family: Arial, serif;\"><span style=\"font-size: small;\"><i><b>Poter contare su una connessione Internet per la propria seconda casa \u00e8 sempre pi\u00f9 importante, soprattutto durante il periodo estivo. Il mercato propone diverse soluzioni, con costi e caratteristiche molto diversi in base alla tecnologia con cui si realizza la connessione. L\u2019indagine dell\u2019Osservatorio Segugio.it evidenzia la convenienza legata alla scelta di una connessione mobile 4G\/5G per la seconda casa, con la possibilit\u00e0 di avere 143 GB a poco pi\u00f9 di 10 euro al mese e senza alcun vincolo. Per una connessione illimitata servono circa 25 euro al mese <\/b><\/i><\/span><\/span><span style=\"font-family: Arial, serif;\"><span style=\"font-size: small;\">La nuova indagine dell\u2019<\/span><\/span><span style=\"font-family: Arial, serif;\"><span style=\"font-size: small;\"><b>Osservatorio Segugio.it <\/b><\/span><\/span><span style=\"font-family: Arial, serif;\"><span style=\"font-size: small;\">fotografa lo stato del mercato di telefonia andando ad evidenziare costi medi e caratteristiche delle varie opzioni a disposizione degli utenti che hanno bisogno di una connessione Internet per la seconda casa. Lo studio, basato sulle tariffe disponibili a giugno 2023 (comprese le offerte lanciate dagli operatori per l\u2019imminente periodo estivo), prende in considerazione le <\/span><\/span><span style=\"font-family: Arial, serif;\"><span style=\"font-size: small;\"><b>connessioni 4G\/5G<\/b><\/span><\/span><span style=\"font-family: Arial, serif;\"><span style=\"font-size: small;\"> oltre alle tecnologie che caratterizzano il settore delle <\/span><\/span><span style=\"font-family: Arial, serif;\"><span style=\"font-size: small;\"><b>offerte <a href=\"https:\/\/tariffe.segugio.it\/tariffe-adsl-internet\/confronto-offerte-adsl-internet.aspx\">Internet casa<\/a><\/b><\/span><\/span><span style=\"font-family: Arial, serif;\"><span style=\"font-size: small;\"> come la <\/span><\/span><span style=\"font-family: Arial, serif;\"><span style=\"font-size: small;\"><b>fibra ottica FTTH<\/b><\/span><\/span><span style=\"font-family: Arial, serif;\"><span style=\"font-size: small;\">, la fibra mista rame <\/span><\/span><span style=\"font-family: Arial, serif;\"><span style=\"font-size: small;\"><b>FTTC<\/b><\/span><\/span><span style=\"font-family: Arial, serif;\"><span style=\"font-size: small;\"> e la rete <\/span><\/span><span style=\"font-family: Arial, serif;\"><span style=\"font-size: small;\"><b>FWA<\/b><\/span><\/span><span style=\"font-family: Arial, serif;\"><span style=\"font-size: small;\">.<\/span><\/span><\/p>\n<p align=\"CENTER\"><a href=\"https:\/\/www.radiopiu.net\/wordpress\/wp-content\/uploads\/2023\/07\/Tabelle-e-grafici-Internet-Seconda-Casa_Segugio.it_Giugno2023.xlsx\">Tabelle e grafici Internet Seconda Casa_Segugio.it_Giugno2023<\/a><\/p>\n<p align=\"CENTER\">FOTO SITO SEGUGIO.IT<\/p>\n<p>&nbsp;<\/p>\n<hr \/>\n<h2><span style=\"color: #ff6600;\">IERI ALLA RADIO<\/span><\/h2>\n<p>&nbsp;<\/p>\n<blockquote>\n<h3>120-80 A COLLOQUIO CON I PROFESSIONISTI DEL POLIAMBULATORIO AGORDINO<\/h3>\n<\/blockquote>\n<p><a href=\"https:\/\/www.poliagordo.it\/medici\/dott-alberto-pozzi-2\/\" target=\"_blank\" rel=\"noopener\"><img loading=\"lazy\" decoding=\"async\" class=\"alignleft\" src=\"https:\/\/www.radiopiu.net\/wordpress\/wp-content\/uploads\/2023\/07\/Senza-nome-3.jpg\" width=\"280\" height=\"158\" \/>Dott. Alberto Pozzi<\/a> <strong>ENDOCRINOLOGO, INTERNISTA, GASTROENTEROLOGO<\/strong><\/p>\n<div class=\"mkd-team-text\">\n<div class=\"mkd-team-text-inner\">\n<div class=\"mkd-team-description \">\n<p>Laurea in Medicina e Chirurgia Universit\u00e0 di Padova nel 1982. Specializzazione in : Medicina Interna, Endocrinologia e Malattie del Metabolismo, Gastroenterologia ed Endoscopia digestiva. Dirigente medico disciplina Medicina Interna c\/o Azienda Ospedaliera Universitaria Integrata di Verona, UOC Medicina Generale Sezione di Decisione Clinica, fino al 2021. Esperienza pluriennale nell\u2019assistenza al paziente complesso internistico e gestione ambulatoriale delle malattie endocrine. Formazione SIUMB in ecografia internistica e del collo endocrino.<\/p>\n<p><strong>CON IL DOTTOR ALBERTO POZZI<\/strong><\/p>\n<p><strong>di mirko mezzacasa<\/strong><\/p>\n<audio class=\"wp-audio-shortcode\" id=\"audio-344003-7\" preload=\"none\" style=\"width: 100%;\" controls=\"controls\"><source type=\"audio\/mpeg\" src=\"https:\/\/www.radiopiu.net\/wordpress\/wp-content\/uploads\/2023\/07\/ALBERTO-POZZI-DEFINITIVO-1.mp3?_=7\" \/><a href=\"https:\/\/www.radiopiu.net\/wordpress\/wp-content\/uploads\/2023\/07\/ALBERTO-POZZI-DEFINITIVO-1.mp3\">https:\/\/www.radiopiu.net\/wordpress\/wp-content\/uploads\/2023\/07\/ALBERTO-POZZI-DEFINITIVO-1.mp3<\/a><\/audio>\n<p>&nbsp;<\/p>\n<p>&nbsp;<\/p>\n<hr \/>\n<p>&nbsp;<\/p>\n<p>&nbsp;<\/p>\n<h2><span style=\"color: #008080;\">&#8220;DINTORN E FORA VIA&#8221;\u00a0<\/span><span style=\"color: #008080;\"> IL PROGRAMMA\u00a0 <\/span><span style=\"color: #008080;\">A CURA DEL MUSLA\u00a0\u00a0<\/span><\/h2>\n<h1 style=\"text-align: center;\"><strong><span style=\"color: #ff0000;\">SECONDO ANNO<\/span><\/strong><strong><span style=\"color: #ff0000;\">\u00a0<\/span><\/strong><\/h1>\n<p style=\"text-align: left;\"><strong><span style=\"color: #ff0000;\"><span style=\"color: #000000;\"><a class=\"dt-pswp-item\" href=\"https:\/\/www.radiopiu.net\/wordpress\/wp-content\/uploads\/2023\/07\/WhatsApp-Image-2023-07-13-at-09.48.17.jpeg\" data-dt-img-description=\"\" data-large_image_width=\"1315\" data-large_image_height=\"314\"><img loading=\"lazy\" decoding=\"async\" class=\"wp-image-344042 alignleft\" src=\"https:\/\/www.radiopiu.net\/wordpress\/wp-content\/uploads\/2023\/07\/WhatsApp-Image-2023-07-13-at-09.48.17-300x72.jpeg\" alt=\"\" width=\"163\" height=\"39\" srcset=\"https:\/\/www.radiopiu.net\/wordpress\/wp-content\/uploads\/2023\/07\/WhatsApp-Image-2023-07-13-at-09.48.17-300x72.jpeg 300w, https:\/\/www.radiopiu.net\/wordpress\/wp-content\/uploads\/2023\/07\/WhatsApp-Image-2023-07-13-at-09.48.17-1024x245.jpeg 1024w, https:\/\/www.radiopiu.net\/wordpress\/wp-content\/uploads\/2023\/07\/WhatsApp-Image-2023-07-13-at-09.48.17-768x183.jpeg 768w, https:\/\/www.radiopiu.net\/wordpress\/wp-content\/uploads\/2023\/07\/WhatsApp-Image-2023-07-13-at-09.48.17.jpeg 1315w\" sizes=\"auto, (max-width: 163px) 100vw, 163px\" \/><\/a>PUNTATA 14 LUGLIO CHIARA FRENA<\/span><\/span><\/strong><\/p>\n<audio class=\"wp-audio-shortcode\" id=\"audio-344003-8\" preload=\"none\" style=\"width: 100%;\" controls=\"controls\"><source type=\"audio\/mpeg\" src=\"https:\/\/www.radiopiu.net\/wordpress\/wp-content\/uploads\/2023\/07\/MUSLA-4.mp3?_=8\" \/><a href=\"https:\/\/www.radiopiu.net\/wordpress\/wp-content\/uploads\/2023\/07\/MUSLA-4.mp3\">https:\/\/www.radiopiu.net\/wordpress\/wp-content\/uploads\/2023\/07\/MUSLA-4.mp3<\/a><\/audio>\n<p>&nbsp;<\/p>\n<p>RACCOLTA COMPLETA<\/p>\n<blockquote class=\"wp-embedded-content\" data-secret=\"LwTeW8H1az\"><p><a href=\"https:\/\/www.radiopiu.net\/wordpress\/musla\/\">MUSLA<\/a><\/p><\/blockquote>\n<p><iframe loading=\"lazy\" class=\"wp-embedded-content\" sandbox=\"allow-scripts\" security=\"restricted\" style=\"position: absolute; clip: rect(1px, 1px, 1px, 1px);\" title=\"&#8220;MUSLA&#8221; &#8212; Radio Pi\u00f9\" src=\"https:\/\/www.radiopiu.net\/wordpress\/musla\/embed\/#?secret=Lh9S8qGIxA#?secret=LwTeW8H1az\" data-secret=\"LwTeW8H1az\" width=\"600\" height=\"338\" frameborder=\"0\" marginwidth=\"0\" marginheight=\"0\" scrolling=\"no\"><\/iframe><\/p>\n<\/div>\n<\/div>\n<\/div>\n<p>&nbsp;<\/p>\n<hr \/>\n<p>&nbsp;<\/p>\n<p>&nbsp;<\/p>\n<blockquote>\n<h3><img loading=\"lazy\" decoding=\"async\" class=\"alignleft\" src=\"https:\/\/www.radiopiu.net\/wordpress\/wp-content\/uploads\/2023\/07\/file-300x300.jpg\" width=\"151\" height=\"151\" \/>DA NAPI&#8230; DA TAIBON AGORDINO . . .<\/h3>\n<h3>PAROLA DI GIANLUCA<\/h3>\n<\/blockquote>\n<audio class=\"wp-audio-shortcode\" id=\"audio-344003-9\" preload=\"none\" style=\"width: 100%;\" controls=\"controls\"><source type=\"audio\/mpeg\" src=\"https:\/\/www.radiopiu.net\/wordpress\/wp-content\/uploads\/2023\/07\/GIANLUCA-SECONDO-CICLO.mp3?_=9\" \/><a href=\"https:\/\/www.radiopiu.net\/wordpress\/wp-content\/uploads\/2023\/07\/GIANLUCA-SECONDO-CICLO.mp3\">https:\/\/www.radiopiu.net\/wordpress\/wp-content\/uploads\/2023\/07\/GIANLUCA-SECONDO-CICLO.mp3<\/a><\/audio>\n<p>&nbsp;<\/p>\n<p>&nbsp;<\/p>\n<hr \/>\n<blockquote>\n<h3><\/h3>\n<h3><a class=\"dt-pswp-item\" href=\"https:\/\/www.radiopiu.net\/wordpress\/wp-content\/uploads\/2023\/07\/2023_07_09_muse_dolomiti_concerto_MCF_0279_copia2.jpg\" data-dt-img-description=\"\" data-large_image_width=\"1500\" data-large_image_height=\"1053\"><img loading=\"lazy\" decoding=\"async\" class=\"wp-image-343865 alignleft\" src=\"https:\/\/www.radiopiu.net\/wordpress\/wp-content\/uploads\/2023\/07\/2023_07_09_muse_dolomiti_concerto_MCF_0279_copia2-300x211.jpg\" alt=\"\" width=\"246\" height=\"173\" srcset=\"https:\/\/www.radiopiu.net\/wordpress\/wp-content\/uploads\/2023\/07\/2023_07_09_muse_dolomiti_concerto_MCF_0279_copia2-300x211.jpg 300w, https:\/\/www.radiopiu.net\/wordpress\/wp-content\/uploads\/2023\/07\/2023_07_09_muse_dolomiti_concerto_MCF_0279_copia2-1024x719.jpg 1024w, https:\/\/www.radiopiu.net\/wordpress\/wp-content\/uploads\/2023\/07\/2023_07_09_muse_dolomiti_concerto_MCF_0279_copia2-768x539.jpg 768w, https:\/\/www.radiopiu.net\/wordpress\/wp-content\/uploads\/2023\/07\/2023_07_09_muse_dolomiti_concerto_MCF_0279_copia2.jpg 1500w\" sizes=\"auto, (max-width: 246px) 100vw, 246px\" \/><\/a>LE MUSE E LE DOLOMITI&#8230;GENERATORE DI EMOZIONI<\/h3>\n<\/blockquote>\n<div class=\"elementToProof\">Con la collaborazione di Angela Chiocchetti, consigliere dell&#8217;associazione Le Muse e le Dolomiti ecco\u00a0 i commenti del pubblico e qualche foto del concerto del 9 luglio &#8220;La storia di Peter&#8221; al Palazzo della Magnifica Comunit\u00e0 di Fiemme di Cavalese.<\/div>\n<div><\/div>\n<div><strong>audio<\/strong><\/div>\n<div>\n<audio class=\"wp-audio-shortcode\" id=\"audio-344003-10\" preload=\"none\" style=\"width: 100%;\" controls=\"controls\"><source type=\"audio\/mpeg\" src=\"https:\/\/www.radiopiu.net\/wordpress\/wp-content\/uploads\/2023\/07\/MUSE.mp3?_=10\" \/><a href=\"https:\/\/www.radiopiu.net\/wordpress\/wp-content\/uploads\/2023\/07\/MUSE.mp3\">https:\/\/www.radiopiu.net\/wordpress\/wp-content\/uploads\/2023\/07\/MUSE.mp3<\/a><\/audio>\n<p>&nbsp;<\/p>\n<hr \/>\n<p>&nbsp;<\/p>\n<blockquote>\n<h3>BUON COMPLEANNO AGORDO MUSICA, CON BRUNELLO IL 21 LUGLIO<\/h3>\n<\/blockquote>\n<p><strong>DI ANDREA BERNARDI<\/strong><\/p>\n<audio class=\"wp-audio-shortcode\" id=\"audio-344003-11\" preload=\"none\" style=\"width: 100%;\" controls=\"controls\"><source type=\"audio\/mpeg\" src=\"https:\/\/www.radiopiu.net\/wordpress\/wp-content\/uploads\/2023\/07\/Intervista-x-Mario-Brunello.mp3?_=11\" \/><a href=\"https:\/\/www.radiopiu.net\/wordpress\/wp-content\/uploads\/2023\/07\/Intervista-x-Mario-Brunello.mp3\">https:\/\/www.radiopiu.net\/wordpress\/wp-content\/uploads\/2023\/07\/Intervista-x-Mario-Brunello.mp3<\/a><\/audio>\n<p>&nbsp;<\/p>\n<p><img loading=\"lazy\" decoding=\"async\" class=\"aligncenter\" src=\"https:\/\/www.radiopiu.net\/wordpress\/wp-content\/uploads\/2023\/07\/295298383_543509750892911_2828605200449242679_n.jpg\" width=\"279\" height=\"174\" \/><\/p>\n<p>&nbsp;<\/p>\n<hr \/>\n<p>&nbsp;<\/p>\n<p>&nbsp;<\/p>\n<\/div>\n<hr \/>\n<p>&nbsp;<\/p>\n<blockquote>\n<h3>CONCERTI IN ALTA QUOTA CON &#8220;MELODIE NEL BOSCO, SUSSURRI TRA LE DOLOMITI&#8221;<\/h3>\n<\/blockquote>\n<p><strong><a class=\"dt-pswp-item\" href=\"https:\/\/www.radiopiu.net\/wordpress\/wp-content\/uploads\/2018\/07\/Pota-l_Orso_Bosco-degli-Artisti.png\" data-dt-img-description=\"\" data-large_image_width=\"750\" data-large_image_height=\"534\"><img loading=\"lazy\" decoding=\"async\" class=\"size-medium wp-image-55065 alignleft\" src=\"https:\/\/www.radiopiu.net\/wordpress\/wp-content\/uploads\/2018\/07\/Pota-l_Orso_Bosco-degli-Artisti-300x214.png\" alt=\"\" width=\"300\" height=\"214\" srcset=\"https:\/\/www.radiopiu.net\/wordpress\/wp-content\/uploads\/2018\/07\/Pota-l_Orso_Bosco-degli-Artisti-300x214.png 300w, https:\/\/www.radiopiu.net\/wordpress\/wp-content\/uploads\/2018\/07\/Pota-l_Orso_Bosco-degli-Artisti.png 750w\" sizes=\"auto, (max-width: 300px) 100vw, 300px\" \/><\/a>FALCADE<\/strong>\u00a0 &#8220;Melodie nel Bosco, sussurri tra le Dolomiti&#8221;. Si chiama cos\u00ec il festival che porter\u00e0 quattro concerti a 2.000 metri di altitudine per far incontrare musica e natura al cospetto di vette come Mulaz e Focobon.\u00a0 A fare da teatro sar\u00e0 il Bosco degli Artisti di Falcade, galleria d\u2019arte a cielo aperto che sorge in localit\u00e0 Le Buse, nella Ski Area San Pellegrino. Il primo appuntamento \u00e8 per oggi alle 10.30 con Mos\u00e8 Andrich, Piano solo, musica di Ennio Morricone. Stesso orario anche per le altre date in calendario. Sabato 29 luglio si esibir\u00e0 il Coro Val Biois con intermezzo di Nina &amp; Nena duo. Sabato 12 agosto spazio a Fourback con un tributo ai Beatles. Sabato 26 agosto toccher\u00e0 a Emanuele Bastanzetti, da Bach a Kreisler &#8211; sinfonie di violino.<\/p>\n<blockquote><p><em>Raggiungere il Bosco degli Artisti \u00e8 facile: partendo da Falcade, paesino \u201ccullato\u201d dalle imponenti pareti rocciose del Focobon, si giunge a quota 1890 m. con la cabinovia che da Molino porta a Le Buse. Proprio qui, a pochi metri dalla stazione a monte, sorge il Bosco degli Artisti, esposizione di opere a cielo aperto che valorizza l\u2019abilit\u00e0 creativa di diversi scultori e pittori della Val Biois ispirati dalla bellezza e dalle tradizioni del territorio. Un percorso ad anello di circa 1 km dove i visitatori sono invitati a scoprire, passo dopo passo, le diverse opere nascoste tra gli alberi. Nei giorni dei concerti la cabinovia sar\u00e0 chiusa dalle 10.30 alle 12.00 per non disturbare il concerto.\u00a0<\/em><\/p><\/blockquote>\n<p>&nbsp;<\/p>\n<hr \/>\n<p>&nbsp;<\/p>\n<blockquote>\n<h3>UNA GUIDA PER L&#8217;ALTA VIA NUMERO 1<\/h3>\n<\/blockquote>\n<p><strong> <a class=\"dt-pswp-item\" href=\"https:\/\/www.radiopiu.net\/wordpress\/wp-content\/uploads\/2023\/07\/FOTO-PRESS-NATIONAL-GEO.jpeg\" data-dt-img-description=\"\" data-large_image_width=\"2048\" data-large_image_height=\"970\"><img loading=\"lazy\" decoding=\"async\" class=\" wp-image-344093 alignleft\" src=\"https:\/\/www.radiopiu.net\/wordpress\/wp-content\/uploads\/2023\/07\/FOTO-PRESS-NATIONAL-GEO-300x142.jpeg\" alt=\"\" width=\"264\" height=\"125\" srcset=\"https:\/\/www.radiopiu.net\/wordpress\/wp-content\/uploads\/2023\/07\/FOTO-PRESS-NATIONAL-GEO-300x142.jpeg 300w, https:\/\/www.radiopiu.net\/wordpress\/wp-content\/uploads\/2023\/07\/FOTO-PRESS-NATIONAL-GEO-1024x485.jpeg 1024w, https:\/\/www.radiopiu.net\/wordpress\/wp-content\/uploads\/2023\/07\/FOTO-PRESS-NATIONAL-GEO-768x364.jpeg 768w, https:\/\/www.radiopiu.net\/wordpress\/wp-content\/uploads\/2023\/07\/FOTO-PRESS-NATIONAL-GEO-1536x728.jpeg 1536w, https:\/\/www.radiopiu.net\/wordpress\/wp-content\/uploads\/2023\/07\/FOTO-PRESS-NATIONAL-GEO.jpeg 2048w\" sizes=\"auto, (max-width: 264px) 100vw, 264px\" \/><\/a>BELLUNO<\/strong> Presentata ieri nella sede della Provincia la prima edizione della guida \u201cAlta Via delle Dolomiti 1\u201d pubblicata per National Geographic da Geo4Map. La guida dell&#8217;autrice Caterina Zadra,\u00a0 \u00e8 uno strumento di appoggio per chi sceglie il trekking pi\u00f9 famoso delle Dolomiti Bellunesi, si inserisce nella linea Great Treks del National Geographic che fornisce mappe e indicazioni essenziali agli esploratori e agli avventurieri di oggi per intraprendere i pi\u00f9 grandi sentieri a lunga distanza della Terra, aiutandoli a percorrerli in modo sicuro ed efficiente e segnalando luoghi interessanti lungo il percorso. Per la Fondazione Dolomiti Bellunesi che ha curato la presentazione, \u00a0questa pubblicazione colma un vuoto che mancava da tempo<\/p>\n<hr \/>\n<p>&nbsp;<\/p>\n<blockquote>\n<h3>LA SAGRA DEI PER A BRIBANO DI SEDICO<\/h3>\n<\/blockquote>\n<p><strong>SEDICO<\/strong> Dal 21 al 30 luglio grande festa a Bribano di Sedico con la Sagra dei Per. Musica, Luna Park, cibo, sport, cultura e altro. Sabato 22 Radio Pi\u00f9 40 Live per festeggiare assieme i 40 anni di Radio Pi\u00f9.<\/p>\n<p><strong>IL PROGRAMMA (2 PAGINE)<\/strong><\/p>\n<a href=\"https:\/\/www.radiopiu.net\/wordpress\/wp-content\/uploads\/2023\/07\/FLYER-sagra-dei-per-2023-STAMPA.pdf\" class=\"pdfemb-viewer\" style=\"\" data-width=\"max\" data-height=\"max\" data-toolbar=\"top\" data-toolbar-fixed=\"on\">FLYER sagra dei per 2023 STAMPA<\/a>\n<p>&nbsp;<\/p>\n<hr \/>\n<p>&nbsp;<\/p>\n<blockquote><p><strong><em><a class=\"dt-pswp-item\" href=\"https:\/\/www.radiopiu.net\/wordpress\/wp-content\/uploads\/2023\/07\/th-4.jpg\" data-dt-img-description=\"\" data-large_image_width=\"180\" data-large_image_height=\"180\"><img loading=\"lazy\" decoding=\"async\" class=\" wp-image-342955 alignleft\" src=\"https:\/\/www.radiopiu.net\/wordpress\/wp-content\/uploads\/2023\/07\/th-4.jpg\" alt=\"\" width=\"91\" height=\"91\" srcset=\"https:\/\/www.radiopiu.net\/wordpress\/wp-content\/uploads\/2023\/07\/th-4.jpg 180w, https:\/\/www.radiopiu.net\/wordpress\/wp-content\/uploads\/2023\/07\/th-4-150x150.jpg 150w\" sizes=\"auto, (max-width: 91px) 100vw, 91px\" \/><\/a>ALLA RADIO&#8230;ALLE 10,30 E ALLE 19\u00a0 IL NUOVO PROGRAMMA CON IL CONSORZIO PROLOCO DELL&#8217;AGORDINO, PER TUTTA L&#8217;ESTATE EVENTI E PROTAGONISTI DEL VOLONTARIATO LOCALE. PRIMA PUNTATA CON PATRIZIO DE VENTURA\u00a0<\/em><\/strong><\/p><\/blockquote>\n<p>&nbsp;<\/p>\n<p><strong>PUNTATA 15 LUGLIO 2023<\/strong><\/p>\n<audio class=\"wp-audio-shortcode\" id=\"audio-344003-12\" preload=\"none\" style=\"width: 100%;\" controls=\"controls\"><source type=\"audio\/mpeg\" src=\"https:\/\/www.radiopiu.net\/wordpress\/wp-content\/uploads\/2023\/07\/NOTIZIARIO-UNPLI-1.mp3?_=12\" \/><a href=\"https:\/\/www.radiopiu.net\/wordpress\/wp-content\/uploads\/2023\/07\/NOTIZIARIO-UNPLI-1.mp3\">https:\/\/www.radiopiu.net\/wordpress\/wp-content\/uploads\/2023\/07\/NOTIZIARIO-UNPLI-1.mp3<\/a><\/audio>\n<p>&nbsp;<\/p>\n<p>RACCOLTA COMPLETA<\/p>\n<blockquote class=\"wp-embedded-content\" data-secret=\"ZQiv4baKhY\"><p><a href=\"https:\/\/www.radiopiu.net\/wordpress\/proloco-nellagordino-eventi-e-volontari\/\">PROLOCO NELL&#8217;AGORDINO: EVENTI E VOLONTARI<\/a><\/p><\/blockquote>\n<p><iframe loading=\"lazy\" class=\"wp-embedded-content\" sandbox=\"allow-scripts\" security=\"restricted\" style=\"position: absolute; clip: rect(1px, 1px, 1px, 1px);\" title=\"&#8220;PROLOCO NELL&#8217;AGORDINO: EVENTI E VOLONTARI&#8221; &#8212; Radio Pi\u00f9\" src=\"https:\/\/www.radiopiu.net\/wordpress\/proloco-nellagordino-eventi-e-volontari\/embed\/#?secret=hku7q3p1X6#?secret=ZQiv4baKhY\" data-secret=\"ZQiv4baKhY\" width=\"600\" height=\"338\" frameborder=\"0\" marginwidth=\"0\" marginheight=\"0\" scrolling=\"no\"><\/iframe><\/p>\n<p>&nbsp;<\/p>\n<hr \/>\n<p>&nbsp;<\/p>\n<blockquote>\n<h3>DALLE DOLOMITI ALLA PIANURA<\/h3>\n<\/blockquote>\n<p><strong>SOSPIROLO<\/strong><\/p>\n<p>di Roberto Bona<\/p>\n<audio class=\"wp-audio-shortcode\" id=\"audio-344003-13\" preload=\"none\" style=\"width: 100%;\" controls=\"controls\"><source type=\"audio\/mpeg\" src=\"https:\/\/www.radiopiu.net\/wordpress\/wp-content\/uploads\/2023\/07\/BONA-DALLE-DOLOMITI-ALLA-LAGUNA-16-LUGLIO.mp3?_=13\" \/><a href=\"https:\/\/www.radiopiu.net\/wordpress\/wp-content\/uploads\/2023\/07\/BONA-DALLE-DOLOMITI-ALLA-LAGUNA-16-LUGLIO.mp3\">https:\/\/www.radiopiu.net\/wordpress\/wp-content\/uploads\/2023\/07\/BONA-DALLE-DOLOMITI-ALLA-LAGUNA-16-LUGLIO.mp3<\/a><\/audio>\n<p>&nbsp;<\/p>\n<hr \/>\n<p>&nbsp;<\/p>\n<blockquote>\n<h3>DOMENICA CON GLI EMIGRANTI<\/h3>\n<\/blockquote>\n<p><strong>VALLE DI CADORE<\/strong> per un giorno, il paese dei bellunesi nel mondo. Domenica 16 luglio si terr\u00e0 infatti la tradizionale \u201cFesta dei bellunesi nel mondo\u201d \u00a0in concomitanza con la XX edizione della \u201cMostra di arti e mestieri\u201d nella Borgata di Costa. Ritrovo in piazza alle 9.15, corteo, messa e pranzo comunitario. Nel pomeriggio omaggio ai Sindaci, ai Dirigenti e amici dell\u2019Abm venuti a mancare nell&#8217;ultimo anno, finale con il coro \u201cRualan\u201d di Valle di Cadore.<\/p>\n<p>&nbsp;<\/p>\n<hr \/>\n<p>&nbsp;<\/p>\n<blockquote>\n<h3><a class=\"dt-pswp-item\" href=\"https:\/\/www.radiopiu.net\/wordpress\/wp-content\/uploads\/2023\/07\/SCR-20230714-stid.png\" data-dt-img-description=\"\" data-large_image_width=\"1264\" data-large_image_height=\"944\"><img loading=\"lazy\" decoding=\"async\" class=\" wp-image-344140 alignleft\" src=\"https:\/\/www.radiopiu.net\/wordpress\/wp-content\/uploads\/2023\/07\/SCR-20230714-stid-300x224.png\" alt=\"\" width=\"212\" height=\"158\" srcset=\"https:\/\/www.radiopiu.net\/wordpress\/wp-content\/uploads\/2023\/07\/SCR-20230714-stid-300x224.png 300w, https:\/\/www.radiopiu.net\/wordpress\/wp-content\/uploads\/2023\/07\/SCR-20230714-stid-1024x765.png 1024w, https:\/\/www.radiopiu.net\/wordpress\/wp-content\/uploads\/2023\/07\/SCR-20230714-stid-768x574.png 768w, https:\/\/www.radiopiu.net\/wordpress\/wp-content\/uploads\/2023\/07\/SCR-20230714-stid.png 1264w\" sizes=\"auto, (max-width: 212px) 100vw, 212px\" \/><\/a>LA PASTASCIUTTA ANTIFASCISTA<\/h3>\n<\/blockquote>\n<p><strong>CESIOMAGGIORE<\/strong><\/p>\n<p>di Roberto Bona<\/p>\n<audio class=\"wp-audio-shortcode\" id=\"audio-344003-14\" preload=\"none\" style=\"width: 100%;\" controls=\"controls\"><source type=\"audio\/mpeg\" src=\"https:\/\/www.radiopiu.net\/wordpress\/wp-content\/uploads\/2023\/07\/BONA-PASTASCIUTTA-ANTIFASCISTA-25-LUGLIO.mp3?_=14\" \/><a href=\"https:\/\/www.radiopiu.net\/wordpress\/wp-content\/uploads\/2023\/07\/BONA-PASTASCIUTTA-ANTIFASCISTA-25-LUGLIO.mp3\">https:\/\/www.radiopiu.net\/wordpress\/wp-content\/uploads\/2023\/07\/BONA-PASTASCIUTTA-ANTIFASCISTA-25-LUGLIO.mp3<\/a><\/audio>\n<p>&nbsp;<\/p>\n<hr \/>\n<p>&nbsp;<\/p>\n<h2><span style=\"color: #ff0000;\">GLI APPUNTAMENTI DELLA SETTIMANA\u00a0<\/span><\/h2>\n<p>&nbsp;<\/p>\n<blockquote>\n<h3>ESTATE A FORCELLA AURINE. LEZIONE DI YOGA<\/h3>\n<\/blockquote>\n<p><strong>GOSALDO<\/strong> Continuano gli appuntamenti di Estate a Forcella Aurine. Oggi una mattinata di Yoga e Pilates con Serena De March ed Elisa Scariot. Domenica torna la musica live con Chiara e Fausto.<\/p>\n<p>&nbsp;<\/p>\n<blockquote>\n<h3>LA MOSTRA DI RENZO MIOLA<\/h3>\n<\/blockquote>\n<p><strong>AGORDO<\/strong> Dal 15 al 30 luglio alla Sala Don Tamis di Agordo verranno esposti i lavori di Renzo Miola. La mostra sar\u00e0 visitabile tutti i giorni dalle 17 alle 19:30, Mercoled\u00ec, sabato e domenica anche al mattino dalle 10 alle 12.<\/p>\n<p><strong>di Gianni Santomaso<\/strong><\/p>\n<audio class=\"wp-audio-shortcode\" id=\"audio-344003-15\" preload=\"none\" style=\"width: 100%;\" controls=\"controls\"><source type=\"audio\/mpeg\" src=\"https:\/\/www.radiopiu.net\/wordpress\/wp-content\/uploads\/2023\/07\/GIANNI-RENZO-MIOLA.mp3?_=15\" \/><a href=\"https:\/\/www.radiopiu.net\/wordpress\/wp-content\/uploads\/2023\/07\/GIANNI-RENZO-MIOLA.mp3\">https:\/\/www.radiopiu.net\/wordpress\/wp-content\/uploads\/2023\/07\/GIANNI-RENZO-MIOLA.mp3<\/a><\/audio>\n<p>&nbsp;<\/p>\n<p>&nbsp;<\/p>\n<blockquote>\n<h3><img loading=\"lazy\" decoding=\"async\" class=\"alignleft\" src=\"https:\/\/www.radiopiu.net\/wordpress\/wp-content\/uploads\/2022\/05\/1_Sentiero-del-Respiro_Castello-Andraz_18-maggio.jpg\" width=\"139\" height=\"104\" \/>AL CASTELLO DI ANDRAZ SI PARLA DELLE MINIERE DEL FURSIL<\/h3>\n<\/blockquote>\n<p><span style=\"color: #ff0000;\">DI GIULIA TASSER\u00a0<\/span><\/p>\n<audio class=\"wp-audio-shortcode\" id=\"audio-344003-16\" preload=\"none\" style=\"width: 100%;\" controls=\"controls\"><source type=\"audio\/mpeg\" src=\"https:\/\/www.radiopiu.net\/wordpress\/wp-content\/uploads\/2023\/07\/GIULIA-TASSER.mp3?_=16\" \/><a href=\"https:\/\/www.radiopiu.net\/wordpress\/wp-content\/uploads\/2023\/07\/GIULIA-TASSER.mp3\">https:\/\/www.radiopiu.net\/wordpress\/wp-content\/uploads\/2023\/07\/GIULIA-TASSER.mp3<\/a><\/audio>\n<p><strong>LIVINALLONGO<\/strong> Domani al Castello di Andraz un incontro con Giulia Tasser per parlare della Miniere del Fursil. Inizio alle 11<\/p>\n<p>&nbsp;<\/p>\n<p>&nbsp;<\/p>\n<blockquote>\n<h3>CON IL CAI DI AGORDO ALL&#8217;ANELLO DEL MONTE COLAC<\/h3>\n<\/blockquote>\n<p><strong>AGORDO<\/strong> Domani \u00e8 in programma un&#8217;escursione del Cai di Agordo all&#8217;Anello del Monte Colac. Ritrovo alle 6:30 alla sede Cai di Agordo presso il municpio. Per info ed iscrizioni 380 6983040<\/p>\n<p>&nbsp;<\/p>\n<blockquote class=\"wp-embedded-content\" data-secret=\"H8CiRh9YLk\"><p><a href=\"https:\/\/www.radiopiu.net\/wordpress\/40-anni-sui-piu-importanti-giornali-della-provincia-corriere-delle-alpi-amico-del-popolo-la-usc-di-ladins\/\">40 ANNI SUI PIU&#8217; IMPORTANTI GIORNALI DELLA PROVINCIA, CORRIERE DELLE ALPI, AMICO DEL POPOLO, LA USC DI LADINS<\/a><\/p><\/blockquote>\n<p><iframe loading=\"lazy\" class=\"wp-embedded-content\" sandbox=\"allow-scripts\" security=\"restricted\" style=\"position: absolute; clip: rect(1px, 1px, 1px, 1px);\" title=\"&#8220;40 ANNI SUI PIU&#8217; IMPORTANTI GIORNALI DELLA PROVINCIA, CORRIERE DELLE ALPI, AMICO DEL POPOLO, LA USC DI LADINS&#8221; &#8212; Radio Pi\u00f9\" src=\"https:\/\/www.radiopiu.net\/wordpress\/40-anni-sui-piu-importanti-giornali-della-provincia-corriere-delle-alpi-amico-del-popolo-la-usc-di-ladins\/embed\/#?secret=4Dw7JwICSc#?secret=H8CiRh9YLk\" data-secret=\"H8CiRh9YLk\" width=\"600\" height=\"338\" frameborder=\"0\" marginwidth=\"0\" marginheight=\"0\" scrolling=\"no\"><\/iframe><\/p>\n<p>&nbsp;<\/p>\n<p>&nbsp;<\/p>\n<h2><span style=\"color: #ff0000;\">PROSSIMAMENTE&#8230;\u00a0<\/span><\/h2>\n<blockquote>\n<h3>MULTIVISIONI SOTTO LE STELLE<\/h3>\n<\/blockquote>\n<p><strong>BORGO VALBELLUNA <\/strong>Immagini che prendono vita seguendo lo scorrere della musica, per creare uno spettacolo che ha il potere di affascinare e coinvolgere lo spettatore. Questo lo spettacolo che verr\u00e0 proposto a Mel il 18 luglio nel cortile del Palazzo delle Contesse di Mel.<\/p>\n<p>&nbsp;<\/p>\n<blockquote>\n<h3>UNA SERATA CON ANSELMO CAGNATI<\/h3>\n<\/blockquote>\n<p><strong>FALCADE<\/strong> Gioved\u00ec 20 luglio alle 21 alla Casa della Giovent\u00f9 di Caviola una serata con Anselmo Cagnati dal titolo &#8220;Tjikko, con i cani da slitta del grande nord&#8221;<\/p>\n<p>&nbsp;<\/p>\n<blockquote>\n<h3>CONCERTO D&#8217;ORGANO A MEL<\/h3>\n<\/blockquote>\n<p><strong>BELLUNO<\/strong> Torna per la sesta volta a Mel il Concerto d\u2019organo con il maestro Fiorenzo Mori. L\u2019atteso appuntamento organizzato all\u2019insegna della solidariet\u00e0, dall\u2019Auser provinciale e dal locale Circolo Auser \u201cIl Sole&#8221;. Appuntamento gioved\u00ec 20 luglio nella chiesa arcipretale di Mel, in piazza Luciani, con inizio alle ore 20.30.<\/p>\n<p>&nbsp;<\/p>\n<blockquote>\n<h3>LA SANTA MESSA AL COL DE SAN LUGAN<\/h3>\n<\/blockquote>\n<p><strong>TAIBON<\/strong> Sabato 22 luglio alle 10:30 al Col De San Lugan in Valle di San Lucano verr\u00e0 celebrata la Santa Messa. Pranzo al sacco.<\/p>\n<p>&nbsp;<\/p>\n<blockquote>\n<h3>LA STUA, DOVE RINASCE LO STUDIO BALLIS<\/h3>\n<\/blockquote>\n<p><strong>ALLEGHE<\/strong> Sabato 22 luglio alle 18 in Corso Venezia a Masare&#8217;, Laura Ballis con Vico Calabro&#8217; e Giovanni Sogne inaugura il nuovo studio d&#8217;arte &#8220;La Stua&#8221;, rinato dopo la tempesta Vaia dell&#8217;autunno 2018.<\/p>\n\n\t\t\t<style type='text\/css'>\n\t\t\t\t#gallery-6 {\n\t\t\t\t\tmargin: auto;\n\t\t\t\t}\n\t\t\t\t#gallery-6 .gallery-item {\n\t\t\t\t\tfloat: left;\n\t\t\t\t\tmargin-top: 10px;\n\t\t\t\t\ttext-align: center;\n\t\t\t\t\twidth: 50%;\n\t\t\t\t}\n\t\t\t\t#gallery-6 img {\n\t\t\t\t\tborder: 2px solid #cfcfcf;\n\t\t\t\t}\n\t\t\t\t#gallery-6 .gallery-caption {\n\t\t\t\t\tmargin-left: 0;\n\t\t\t\t}\n\t\t\t\t\/* see gallery_shortcode() in wp-includes\/media.php *\/\n\t\t\t<\/style>\n\t\t<div id='gallery-6' class='dt-gallery-container gallery galleryid-344003 gallery-columns-2 gallery-size-medium'><dl class='gallery-item'>\n\t\t\t\t<dt class='gallery-icon landscape'>\n\t\t\t\t\t<a class=\"rollover rollover-zoom dt-pswp-item\" title=\"prima\" data-dt-img-description=\"\" data-large_image_width=\"266\" data-large_image_height=\"162\"href='https:\/\/www.radiopiu.net\/wordpress\/wp-content\/uploads\/2023\/07\/prima.png'><img loading=\"lazy\" decoding=\"async\" width=\"266\" height=\"162\" src=\"https:\/\/www.radiopiu.net\/wordpress\/wp-content\/uploads\/2023\/07\/prima.png\" class=\"attachment-medium size-medium\" alt=\"\" aria-describedby=\"gallery-6-342762\" \/><\/a>\n\t\t\t\t<\/dt>\n\t\t\t\t\t<dd class='wp-caption-text gallery-caption' id='gallery-6-342762'>\n\t\t\t\t\tPOST VAIA\n\t\t\t\t\t<\/dd><\/dl><dl class='gallery-item'>\n\t\t\t\t<dt class='gallery-icon landscape'>\n\t\t\t\t\t<a class=\"rollover rollover-zoom dt-pswp-item\" title=\"oggi\" data-dt-img-description=\"\" data-large_image_width=\"273\" data-large_image_height=\"196\"href='https:\/\/www.radiopiu.net\/wordpress\/wp-content\/uploads\/2023\/07\/oggi.png'><img loading=\"lazy\" decoding=\"async\" width=\"273\" height=\"196\" src=\"https:\/\/www.radiopiu.net\/wordpress\/wp-content\/uploads\/2023\/07\/oggi.png\" class=\"attachment-medium size-medium\" alt=\"\" aria-describedby=\"gallery-6-342761\" \/><\/a>\n\t\t\t\t<\/dt>\n\t\t\t\t\t<dd class='wp-caption-text gallery-caption' id='gallery-6-342761'>\n\t\t\t\t\tOGGI\n\t\t\t\t\t<\/dd><\/dl><br style=\"clear: both\" \/>\n\t\t\t<\/div>\n\n<blockquote>\n<h3><\/h3>\n<h3>L&#8217;ESTATE DEI MERCATINI AD AGORDO<\/h3>\n<\/blockquote>\n<p><strong>AGORDO<\/strong> Tornano i mercatini d&#8217;estate ad Agordo. Il primo appuntamento domenica 23 luglio dalle 6 alle 19 sul Broi di Agordo con il mercatino dell&#8217;antiquariato. Per informazioni 349 3984682<\/p>\n<p>&nbsp;<\/p>\n<blockquote>\n<h3>LA PASTASCIUTTA ANTIFASCISTA A BUSCHE<\/h3>\n<\/blockquote>\n<p><strong>CESIOMAGGIORE<\/strong> Sar\u00e0 Busche ad ospitare la pastasciutta antifascista 2023. Marted\u00ec 25 luglio a partire dalle 14:30 inizia la festa. Alle 15 lo spettacolo di burattini, alle 16 Fast Fashion con gli studenti di Rete Studenti Medi, a seguire il convegno dal titolo &#8220;Democratica, Artificiale e Intelligente?&#8221;. Alle 19:15 si pranza con la pastasciutta gratuita per tutti e musica con Sandro Del Luca e Nelson Salton. Organizzano SPI CGIL, Comune di Cesiomaggiore e Ulss 1 Dolomiti.<\/p>\n<p>&nbsp;<\/p>\n<blockquote>\n<h3>TALK CRISTIANO AD AGORDO<\/h3>\n<\/blockquote>\n<p><strong>AGORDO<\/strong> Domenica 30 luglio alle 18 al Centro Parrocchiale di Agordo un incontro dal titolo &#8220;Talk Cristiano, il significato della crocefissione di Ges\u00f9 Cristo<\/p>\n<p>&nbsp;<\/p>\n<blockquote>\n<h3>IL CORSO DI CALLIGRAFIA IN VAL DI ZOLDO<\/h3>\n<\/blockquote>\n<p><strong>VAL DI ZOLDO<\/strong><\/p>\n<p>Tra le proposte estive della Val di Zoldo c\u2019\u00e8 anche il Corso di Calligrafia &#8211; \u00c8 bello scrivere \u2013 che sar\u00e0 tenuto\u00a0 dalla prof. Anna Schettin, docente di Calligrafia e Lettering, sabato 29 e domenica 30 luglio, a Pieve di Zoldo. Per informazioni telefonare al numero 333 358 7405.<\/p>\n<p>&nbsp;<\/p>\n<p>&nbsp;<\/p>\n<hr \/>\n<p>&nbsp;<\/p>\n<blockquote>\n<h3>APERITIVO ? MA MAI SENZA MUSICA<\/h3>\n<\/blockquote>\n<p><a class=\"dt-pswp-item\" href=\"https:\/\/www.radiopiu.net\/wordpress\/wp-content\/uploads\/2023\/07\/d86dbc06-7161-49d4-b544-90770e85269f.jpg\" data-dt-img-description=\"\" data-large_image_width=\"1448\" data-large_image_height=\"2048\"><img loading=\"lazy\" decoding=\"async\" class=\" wp-image-342766 alignleft\" src=\"https:\/\/www.radiopiu.net\/wordpress\/wp-content\/uploads\/2023\/07\/d86dbc06-7161-49d4-b544-90770e85269f-212x300.jpg\" alt=\"\" width=\"133\" height=\"189\" srcset=\"https:\/\/www.radiopiu.net\/wordpress\/wp-content\/uploads\/2023\/07\/d86dbc06-7161-49d4-b544-90770e85269f-212x300.jpg 212w, https:\/\/www.radiopiu.net\/wordpress\/wp-content\/uploads\/2023\/07\/d86dbc06-7161-49d4-b544-90770e85269f-724x1024.jpg 724w, https:\/\/www.radiopiu.net\/wordpress\/wp-content\/uploads\/2023\/07\/d86dbc06-7161-49d4-b544-90770e85269f-768x1086.jpg 768w, https:\/\/www.radiopiu.net\/wordpress\/wp-content\/uploads\/2023\/07\/d86dbc06-7161-49d4-b544-90770e85269f-1086x1536.jpg 1086w, https:\/\/www.radiopiu.net\/wordpress\/wp-content\/uploads\/2023\/07\/d86dbc06-7161-49d4-b544-90770e85269f.jpg 1448w\" sizes=\"auto, (max-width: 133px) 100vw, 133px\" \/><\/a>Dimentica la routine, concediti un momento di relax e divertimento con amici e familiari. L&#8217;aperitivo in musica all&#8217;Hotel Stella Alpina in piazza a Falcade \u00e8 l&#8217;occasione perfetta per socializzare e creare ricordi preziosi.Ogni venerd\u00ec di luglio ed agosto, l&#8217;Hotel Stella Alpina vi accoglie per una serata di puro divertimento, dalle 18 alle 21. I\u00a0venerdi di luglio ed agosto allo Stella alpina, appuntamento con la buona musica e le specialit\u00e0 che sapranno deliziarvi il palato. INFO 0437 599046. <a class=\"moz-txt-link-abbreviated\" href=\"http:\/\/WWW.HOTEL\">WWW.HOTEL<\/a> STELLA ALPINA . COM<br \/>\n<strong>VENERDI 21 LUGLIO<\/strong> IL RITORNO DEI JPM, saranno serviti PANINI CON PORCHETTA E SALSA COLESLAW<\/p>\n<p>&nbsp;<\/p>\n<p>&nbsp;<\/p>\n<p>&nbsp;<\/p>\n<hr \/>\n<p>&nbsp;<\/p>\n<div dir=\"auto\">\n<div class=\"message spoilers-container\" dir=\"auto\">\n<div>\n<div class=\"b654a4as d2edcug0\">\n<div class=\"rq0escxv hkbzh7o3 jwdofwj8 n8tt0mok r8blr3vg hyh9befq\"><\/div>\n<\/div>\n<\/div>\n<\/div>\n<\/div>\n<div class=\"message spoilers-container\" dir=\"auto\">\n<div class=\"column\">\n<div class=\"message spoilers-container\" dir=\"auto\">\n<div class=\"column\">\n<p>&nbsp;<\/p>\n<blockquote class=\"wp-embedded-content\" data-secret=\"nHVqHKKDmV\"><p><a href=\"https:\/\/www.radiopiu.net\/wordpress\/p101as\/\">IL VIAGGIO IN TERRA IRLANDESE con Claudia PAGINA IN AGGIORNAMENTO QUOTIDIANO<\/a><\/p><\/blockquote>\n<p><iframe loading=\"lazy\" class=\"wp-embedded-content\" sandbox=\"allow-scripts\" security=\"restricted\" style=\"position: absolute; clip: rect(1px, 1px, 1px, 1px);\" title=\"&#8220;IL VIAGGIO IN TERRA IRLANDESE con Claudia PAGINA IN AGGIORNAMENTO QUOTIDIANO&#8221; &#8212; Radio Pi\u00f9\" src=\"https:\/\/www.radiopiu.net\/wordpress\/p101as\/embed\/#?secret=96QGqNDITY#?secret=nHVqHKKDmV\" data-secret=\"nHVqHKKDmV\" width=\"600\" height=\"338\" frameborder=\"0\" marginwidth=\"0\" marginheight=\"0\" scrolling=\"no\"><\/iframe><\/p>\n<p>&nbsp;<\/p>\n<hr \/>\n<p>&nbsp;<\/p>\n<p><img loading=\"lazy\" decoding=\"async\" class=\"aligncenter wp-image-61954 size-full\" src=\"https:\/\/www.radiopiu.net\/wordpress\/wp-content\/uploads\/2018\/09\/viabilita.jpeg\" sizes=\"auto, (max-width: 800px) 100vw, 800px\" srcset=\"https:\/\/www.radiopiu.net\/wordpress\/wp-content\/uploads\/2018\/09\/viabilita.jpeg 800w, https:\/\/www.radiopiu.net\/wordpress\/wp-content\/uploads\/2018\/09\/viabilita-300x38.jpeg 300w, https:\/\/www.radiopiu.net\/wordpress\/wp-content\/uploads\/2018\/09\/viabilita-768x96.jpeg 768w\" alt=\"\" width=\"800\" height=\"100\" \/><\/p>\n<\/div>\n<\/div>\n<div class=\"message spoilers-container\" dir=\"auto\">\n<div class=\"column\">\n<p>&nbsp;<\/p>\n<\/div>\n<\/div>\n<\/div>\n<\/div>\n<blockquote class=\"wp-embedded-content\" data-secret=\"wuF0bXCjp3\"><p><a href=\"https:\/\/www.radiopiu.net\/wordpress\/viabilita\/\">viabilita<\/a><\/p><\/blockquote>\n<p><iframe loading=\"lazy\" class=\"wp-embedded-content\" sandbox=\"allow-scripts\" security=\"restricted\" style=\"position: absolute; clip: rect(1px, 1px, 1px, 1px);\" title=\"&#8220;viabilita&#8221; &#8212; Radio Pi\u00f9\" src=\"https:\/\/www.radiopiu.net\/wordpress\/viabilita\/embed\/#?secret=SpIHyfdirv#?secret=wuF0bXCjp3\" data-secret=\"wuF0bXCjp3\" width=\"600\" height=\"338\" frameborder=\"0\" marginwidth=\"0\" marginheight=\"0\" scrolling=\"no\"><\/iframe><\/p>\n<div class=\"message spoilers-container\" dir=\"auto\">\n<div class=\"column\">\n<div class=\"message spoilers-container\" dir=\"auto\">\n<div class=\"column\">\n<div>\n<div dir=\"ltr\">\n<div class=\"gmail_quote\">\n<div dir=\"ltr\">\n<div><\/div>\n<div>\n<hr \/>\n<\/div>\n<div><a class=\"dt-pswp-item\" href=\"https:\/\/www.radiopiu.net\/wordpress\/wp-content\/uploads\/2023\/06\/07493af4-f8e1-4ce3-bb99-e0a40362939f.jpg\" data-dt-img-description=\"\" data-large_image_width=\"1417\" data-large_image_height=\"1481\"><img loading=\"lazy\" decoding=\"async\" class=\"wp-image-339869 aligncenter\" src=\"https:\/\/www.radiopiu.net\/wordpress\/wp-content\/uploads\/2023\/06\/07493af4-f8e1-4ce3-bb99-e0a40362939f-980x1024.jpg\" alt=\"\" width=\"382\" height=\"399\" srcset=\"https:\/\/www.radiopiu.net\/wordpress\/wp-content\/uploads\/2023\/06\/07493af4-f8e1-4ce3-bb99-e0a40362939f-980x1024.jpg 980w, https:\/\/www.radiopiu.net\/wordpress\/wp-content\/uploads\/2023\/06\/07493af4-f8e1-4ce3-bb99-e0a40362939f-287x300.jpg 287w, https:\/\/www.radiopiu.net\/wordpress\/wp-content\/uploads\/2023\/06\/07493af4-f8e1-4ce3-bb99-e0a40362939f-768x803.jpg 768w, https:\/\/www.radiopiu.net\/wordpress\/wp-content\/uploads\/2023\/06\/07493af4-f8e1-4ce3-bb99-e0a40362939f.jpg 1417w\" sizes=\"auto, (max-width: 382px) 100vw, 382px\" \/><\/a><\/div>\n<div><\/div>\n<\/div>\n<\/div>\n<\/div>\n<\/div>\n<hr \/>\n<p>&nbsp;<\/p>\n<p><a class=\"dt-pswp-item\" href=\"https:\/\/www.radiopiu.net\/wordpress\/wp-content\/uploads\/2018\/09\/WhatsApp-Image-2018-09-20-at-16.04.06.jpeg\" data-dt-img-description=\"\" data-large_image_width=\"800\" data-large_image_height=\"100\"><img loading=\"lazy\" decoding=\"async\" class=\"wp-image-61378 size-full aligncenter\" src=\"https:\/\/www.radiopiu.net\/wordpress\/wp-content\/uploads\/2018\/09\/WhatsApp-Image-2018-09-20-at-16.04.06.jpeg\" alt=\"\" width=\"800\" height=\"100\" srcset=\"https:\/\/www.radiopiu.net\/wordpress\/wp-content\/uploads\/2018\/09\/WhatsApp-Image-2018-09-20-at-16.04.06.jpeg 800w, https:\/\/www.radiopiu.net\/wordpress\/wp-content\/uploads\/2018\/09\/WhatsApp-Image-2018-09-20-at-16.04.06-300x38.jpeg 300w, https:\/\/www.radiopiu.net\/wordpress\/wp-content\/uploads\/2018\/09\/WhatsApp-Image-2018-09-20-at-16.04.06-768x96.jpeg 768w\" sizes=\"auto, (max-width: 800px) 100vw, 800px\" \/><\/a><\/p>\n<\/div>\n<\/div>\n<div class=\"message spoilers-container\" dir=\"auto\">\n<p>&nbsp;<\/p>\n<p><center><\/center><center><b>SABATO<\/b><\/center>Tempo in prevalenza soleggiato con cielo sereno al mattino, sereno o poco nuvoloso per modesti cumuli al pomeriggio. Il ritorno del caldo sar\u00e0 pi\u00f9 graduale a bassa quota che non in alta montagna, dove l&#8217;avvezione di aria subtropicale sar\u00e0 pi\u00f9 sentita. La visibilit\u00e0 sar\u00e0 buona, nonostante una lieve caligine di calore.<br \/>\n<b>Precipitazioni: <\/b>Assenti (0%).<br \/>\n<b>Temperature: <\/b>In ulteriore aumento con ritorno del caldo<\/p>\n<hr \/>\n<p><center><b>DOMENICA<\/b><\/center>Tempo ben soleggiato con cielo sereno al mattino e sereno o poco nuvoloso per modesti cumuli nelle ore pi\u00f9 calde, prima che il cielo si rassereni alla sera. Il caldo torner\u00e0 a imperversare su tutta la montagna veneta, con maggiore caligine di calore e leggera riduzione della visibilit\u00e0.<br \/>\n<b>Precipitazioni: <\/b>Assenti (0%).<br \/>\n<b>Temperature: <\/b>In generale ulteriore lieve aumento<\/p>\n<hr \/>\n<p><center><b>LUNEDI<\/b><\/center>Tempo ben soleggiato con cielo sereno al mattino e sereno o poco nuvoloso per modesti cumuli al pomeriggio, localmente lo sviluppo sar\u00e0 moderato, ma l&#8217;insidia di qualche fenomeno convettivo rimarr\u00e0 bassa. Il caldo s&#8217;intensificher\u00e0 e si potr\u00e0 parlare di ondata di calore alle quote pi\u00f9 basse<\/p>\n<hr \/>\n<p><center><b>MARTEDI<\/b><\/center>La giornata inizier\u00e0 come le precedenti, con sole e cielo in prevalenza sereno. Nel corso del pomeriggio il sole continuer\u00e0 a prevalere sulle Prealpi, mentre l&#8217;attivit\u00e0 cumuliforme tender\u00e0 a essere pi\u00f9 presente sulle Dolomiti, anche sufficientemente sviluppata nel tardo pomeriggio\/sera per dar luogo a qualche rovescio o temporale di calore. Temperature pressoch\u00e9 stazionarie in quota e in leggero rialzo nelle valli con probabile apice delle massime.<\/p>\n<p>&nbsp;<\/p>\n<\/div>\n<div class=\"message spoilers-container\" dir=\"auto\">\n<hr \/>\n<p>&nbsp;<\/p>\n<p><a class=\"dt-pswp-item\" href=\"https:\/\/www.radiopiu.net\/wordpress\/wp-content\/uploads\/2018\/09\/sport.jpg\" data-dt-img-description=\"\" data-large_image_width=\"800\" data-large_image_height=\"100\"><img loading=\"lazy\" decoding=\"async\" class=\"aligncenter wp-image-60761 size-full\" src=\"https:\/\/www.radiopiu.net\/wordpress\/wp-content\/uploads\/2018\/09\/sport.jpg\" alt=\"\" width=\"800\" height=\"100\" srcset=\"https:\/\/www.radiopiu.net\/wordpress\/wp-content\/uploads\/2018\/09\/sport.jpg 800w, https:\/\/www.radiopiu.net\/wordpress\/wp-content\/uploads\/2018\/09\/sport-300x38.jpg 300w, https:\/\/www.radiopiu.net\/wordpress\/wp-content\/uploads\/2018\/09\/sport-768x96.jpg 768w\" sizes=\"auto, (max-width: 800px) 100vw, 800px\" \/><\/a><\/p>\n<\/div>\n<div class=\"message spoilers-container\" dir=\"auto\">\n<p>&nbsp;<\/p>\n<blockquote>\n<h3>VERTICAL COL DE LANA\u00a0 23 LUGLIO, UNDICESIMA EDIZIONE<\/h3>\n<\/blockquote>\n<p><span style=\"color: #ff0000;\"><strong>ALLA RADIO..<\/strong><\/span><\/p>\n<audio class=\"wp-audio-shortcode\" id=\"audio-344003-17\" preload=\"none\" style=\"width: 100%;\" controls=\"controls\"><source type=\"audio\/mpeg\" src=\"https:\/\/www.radiopiu.net\/wordpress\/wp-content\/uploads\/2023\/07\/VERTICAL-COL.mp3?_=17\" \/><a href=\"https:\/\/www.radiopiu.net\/wordpress\/wp-content\/uploads\/2023\/07\/VERTICAL-COL.mp3\">https:\/\/www.radiopiu.net\/wordpress\/wp-content\/uploads\/2023\/07\/VERTICAL-COL.mp3<\/a><\/audio>\n<p>&nbsp;<\/p>\n<p><a class=\"dt-pswp-item\" href=\"https:\/\/www.radiopiu.net\/wordpress\/wp-content\/uploads\/2023\/07\/Senza-nome-34.png\" data-dt-img-description=\"\" data-large_image_width=\"978\" data-large_image_height=\"569\"><img loading=\"lazy\" decoding=\"async\" class=\"alignnone wp-image-344156 size-full\" src=\"https:\/\/www.radiopiu.net\/wordpress\/wp-content\/uploads\/2023\/07\/Senza-nome-34.png\" alt=\"\" width=\"978\" height=\"569\" srcset=\"https:\/\/www.radiopiu.net\/wordpress\/wp-content\/uploads\/2023\/07\/Senza-nome-34.png 978w, https:\/\/www.radiopiu.net\/wordpress\/wp-content\/uploads\/2023\/07\/Senza-nome-34-300x175.png 300w, https:\/\/www.radiopiu.net\/wordpress\/wp-content\/uploads\/2023\/07\/Senza-nome-34-768x447.png 768w\" sizes=\"auto, (max-width: 978px) 100vw, 978px\" \/><\/a><\/p>\n<p><span style=\"color: #0000ff;\"><strong>\u00a0<\/strong><\/span><\/p>\n<p><span style=\"color: #0000ff;\"><strong>CALCIO<\/strong><\/span><\/p>\n<blockquote>\n<h3>DOMANI I QUARTI DI FINALE DEL MEMORIAL ATTILIO MORETTI<\/h3>\n<\/blockquote>\n<p><strong><a class=\"dt-pswp-item\" href=\"https:\/\/www.radiopiu.net\/wordpress\/wp-content\/uploads\/2023\/03\/CAMPIONATO-AGORDINO-2023.png\" data-dt-img-description=\"\" data-large_image_width=\"1434\" data-large_image_height=\"938\"><img loading=\"lazy\" decoding=\"async\" class=\" wp-image-327073 alignleft\" src=\"https:\/\/www.radiopiu.net\/wordpress\/wp-content\/uploads\/2023\/03\/CAMPIONATO-AGORDINO-2023-300x196.png\" alt=\"\" width=\"234\" height=\"153\" srcset=\"https:\/\/www.radiopiu.net\/wordpress\/wp-content\/uploads\/2023\/03\/CAMPIONATO-AGORDINO-2023-300x196.png 300w, https:\/\/www.radiopiu.net\/wordpress\/wp-content\/uploads\/2023\/03\/CAMPIONATO-AGORDINO-2023-1024x670.png 1024w, https:\/\/www.radiopiu.net\/wordpress\/wp-content\/uploads\/2023\/03\/CAMPIONATO-AGORDINO-2023-768x502.png 768w, https:\/\/www.radiopiu.net\/wordpress\/wp-content\/uploads\/2023\/03\/CAMPIONATO-AGORDINO-2023.png 1434w\" sizes=\"auto, (max-width: 234px) 100vw, 234px\" \/><\/a>di Marco Gaz<\/strong><\/p>\n<p><strong>REDAZIONE<\/strong><\/p>\n<p>Mancano tre domeniche alla fine del Campionato Agordino di calcio e sui campi di Gosaldo e Voltago \u00e8 tempo di quarti di finale. Saranno i due campi del Poi a decretare quali saranno le quattro compagini che accederanno alle semifinali in programma il 23 luglio al \u201cBernaboa\u201d di La Valle. In corsa otto formazioni: La Valle, Le Ville, Taibon, Voltago, Canale, Fodom, Gosaldo e Vallada. Si gioca domani alle 15 e alle 17:30 e Radio Pi\u00f9 seguir\u00e0 in diretta le sfide.<\/p>\n<p><strong>LA VALLE \u2013 VALLADA, GOSALDO ORE 15 <\/strong>Il Vallada arriva dalla vittoria per 4 a 1 contro il Cencenighe dei miniottavi. La squadra di Tarquini \u00e8 una mina vagante e lo ha fatto vedere gi\u00e0 nel girone di qualificazione mancando per un soffio la qualificazione diretta alla fase finale. Piaz e Serafini sono i veterani del gruppo e stanno accompagnando i pi\u00f9 giovani in un cammino da non sottovalutare. Sar\u00e0 un quarto impegnativo per la compagine della Valle del Biois che di fronte si trover\u00e0 un La Valle che ha ben figurato nella stagione regolare. Una partita che forse verr\u00e0 decisa dagli episodi se non addirittura da supplementari o rigori.<\/p>\n<p><strong>LE VILLE \u2013 FODOM, VOLTAGO ORE 15<\/strong> Dopo la vittoria netta con il minimo sforzo contro l\u2019Alleghe di sette giorni fa, il Fodom ora si trova a fare sul serio e scender\u00e0 in campo nella prima sfida di Voltago per affrontare il Le Ville. Gli orsetti sono agguerriti e tireranno fuori le unghie per portarsi a casa la semifinale ed entrare nelle prime quattro squadre del torneo. Stessa cosa per i ragazzi di Danilo Chenet che avranno di fronte una formazione ostica e capace di reagire quando le partite contano sul serio. Una sfida aperta in un campo piccolo dove tutto pu\u00f2 succedere.<\/p>\n<p><strong>TAIBON \u2013 GOSALDO, GOSALDO ORE 17:30<\/strong> Come ben si sa, il Gosaldo \u00e8 la bestia nera quando inizia la fase finale del Campionato Agordino, se poi gioca in casa il supporto del pubblico \u00e8 una marcia in pi\u00f9 per i pluriscudettati di vallata. Non sar\u00e0 una partita facile per il Taibon, chiamato ad un\u2019impresa per agguantare le semifinali. I taiboner di Cancel per\u00f2 non si faranno sorprendere dalla squadra di Elvio Chiea. Due settimane per preparare una sfida che vale una stagione. Sulla carta il Taibon sembra la squadra favorita ma le sorprese non mancheranno.<\/p>\n<p><strong>VOLTAGO \u2013 CANALE, VOLTAGO ORE 17:30<\/strong> Delle quattro partite in programma la pi\u00f9 scontata. I campioni in carica del Voltago sono strafavoriti in partenza. Contro il Canale hanno gi\u00e0 giocato in stagione regolare e i voltaghini hanno vinto con un punteggio ampio. Ora la posta in palio \u00e8 pi\u00f9 alta e quindi il Canale dar\u00e0 il massimo per mettere il bastone tra le ruote al Voltago, dopo esserci riusciti lo scorso fine aettimana con il Caprile. Match che si dovrebbe chiudere negli ottanta minuti di gioco.<\/p>\n<p>Radio Pi\u00f9 sar\u00e0 in onda, oltre che con la diretta, con la sintesi delle partite domani sera alle 20:10, Campionato Agordino Show luned\u00ec alle 20:30.<\/p>\n<p>&nbsp;<\/p>\n<p><span style=\"color: #0000ff;\"><strong>CORSA <\/strong><\/span><\/p>\n<blockquote>\n<h3>IL RITORNO DELLA 16 COMUNI, SI RIPARTE DA CANALE D&#8217;AGORDO<\/h3>\n<\/blockquote>\n<p><strong><a class=\"dt-pswp-item\" href=\"https:\/\/www.radiopiu.net\/wordpress\/wp-content\/uploads\/2023\/07\/327804944_715473973451090_3359626173338795187_n.jpg\" data-dt-img-description=\"\" data-large_image_width=\"774\" data-large_image_height=\"757\"><img loading=\"lazy\" decoding=\"async\" class=\"wp-image-344080 alignleft\" src=\"https:\/\/www.radiopiu.net\/wordpress\/wp-content\/uploads\/2023\/07\/327804944_715473973451090_3359626173338795187_n-300x293.jpg\" alt=\"\" width=\"159\" height=\"155\" srcset=\"https:\/\/www.radiopiu.net\/wordpress\/wp-content\/uploads\/2023\/07\/327804944_715473973451090_3359626173338795187_n-300x293.jpg 300w, https:\/\/www.radiopiu.net\/wordpress\/wp-content\/uploads\/2023\/07\/327804944_715473973451090_3359626173338795187_n-768x751.jpg 768w, https:\/\/www.radiopiu.net\/wordpress\/wp-content\/uploads\/2023\/07\/327804944_715473973451090_3359626173338795187_n.jpg 774w\" sizes=\"auto, (max-width: 159px) 100vw, 159px\" \/><\/a>CANALE D&#8217;AGORDO<\/strong> Il ritorno del Trofeo 16 Comuni, quella gara che unisce una vallata, dai pi\u00f9 grandi ai professionisti dell&#8217;hobby della corsa. Una giornata di festa, che inizia al mattino con il primo caffe&#8217; in piazza e finisce la sera dopo il rifocillamento, la musica, le premiazioni, i balli, le strette di mano.<\/p>\n<p>Da ora \u00e8 possibile provare i percorsi come fatto da alcuni\u00a0 atleti del Canale d&#8217;Agordo che hanno pure sfoggiato la nuova maglietta &#8220;Corri per Donare&#8221;,\u00a0 realizzata dai donatori del sangue di Canale e Vallada.<\/p>\n<div class=\"xdj266r x11i5rnm xat24cr x1mh8g0r x1vvkbs x126k92a\">\n<div dir=\"auto\">Alcune info: Colore <span class=\"x3nfvp2 x1j61x8r x1fcty0u xdj266r xhhsvwb xat24cr xgzva0m xxymvpz xlup9mm x1kky2od\"><img loading=\"lazy\" decoding=\"async\" src=\"https:\/\/static.xx.fbcdn.net\/images\/emoji.php\/v9\/tfc\/1\/16\/1f7e2.png\" alt=\"&#x1f7e2;\" width=\"16\" height=\"16\" \/><\/span> under 10 &#8211; 800 metri Colore <span class=\"x3nfvp2 x1j61x8r x1fcty0u xdj266r xhhsvwb xat24cr xgzva0m xxymvpz xlup9mm x1kky2od\"><img loading=\"lazy\" decoding=\"async\" src=\"https:\/\/static.xx.fbcdn.net\/images\/emoji.php\/v9\/t6e\/1\/16\/1f534.png\" alt=\"&#x1f534;\" width=\"16\" height=\"16\" \/><\/span> under 15 e femm &#8211; 2300 metri Colore <span class=\"x3nfvp2 x1j61x8r x1fcty0u xdj266r xhhsvwb xat24cr xgzva0m xxymvpz xlup9mm x1kky2od\"><img loading=\"lazy\" decoding=\"async\" src=\"https:\/\/static.xx.fbcdn.net\/images\/emoji.php\/v9\/tef\/1\/16\/1f535.png\" alt=\"&#x1f535;\" width=\"16\" height=\"16\" \/><\/span> senior &#8211; 3400 metri<\/div>\n<div dir=\"auto\">Partenza piazza Canale lato Comune verso via Tancon&#8230;trovate indicazioni sulla strada, cartelli e frecce e nastri. Arrivo sempre nella bella Piazza di Canal<\/div>\n<div dir=\"auto\">\n\n\t\t\t<style type='text\/css'>\n\t\t\t\t#gallery-7 {\n\t\t\t\t\tmargin: auto;\n\t\t\t\t}\n\t\t\t\t#gallery-7 .gallery-item {\n\t\t\t\t\tfloat: left;\n\t\t\t\t\tmargin-top: 10px;\n\t\t\t\t\ttext-align: center;\n\t\t\t\t\twidth: 50%;\n\t\t\t\t}\n\t\t\t\t#gallery-7 img {\n\t\t\t\t\tborder: 2px solid #cfcfcf;\n\t\t\t\t}\n\t\t\t\t#gallery-7 .gallery-caption {\n\t\t\t\t\tmargin-left: 0;\n\t\t\t\t}\n\t\t\t\t\/* see gallery_shortcode() in wp-includes\/media.php *\/\n\t\t\t<\/style>\n\t\t<div id='gallery-7' class='dt-gallery-container gallery galleryid-344003 gallery-columns-2 gallery-size-thumbnail'><dl class='gallery-item'>\n\t\t\t\t<dt class='gallery-icon landscape'>\n\t\t\t\t\t<a class=\"rollover rollover-zoom dt-pswp-item\" title=\"359779966_813958833768439_6676370855076594422_n\" data-dt-img-description=\"\" data-large_image_width=\"600\" data-large_image_height=\"600\"href='https:\/\/www.radiopiu.net\/wordpress\/wp-content\/uploads\/2023\/07\/359779966_813958833768439_6676370855076594422_n.jpg'><img loading=\"lazy\" decoding=\"async\" width=\"150\" height=\"150\" src=\"https:\/\/www.radiopiu.net\/wordpress\/wp-content\/uploads\/2023\/07\/359779966_813958833768439_6676370855076594422_n-150x150.jpg\" class=\"attachment-thumbnail size-thumbnail\" alt=\"\" srcset=\"https:\/\/www.radiopiu.net\/wordpress\/wp-content\/uploads\/2023\/07\/359779966_813958833768439_6676370855076594422_n-150x150.jpg 150w, https:\/\/www.radiopiu.net\/wordpress\/wp-content\/uploads\/2023\/07\/359779966_813958833768439_6676370855076594422_n-300x300.jpg 300w, https:\/\/www.radiopiu.net\/wordpress\/wp-content\/uploads\/2023\/07\/359779966_813958833768439_6676370855076594422_n.jpg 600w\" sizes=\"auto, (max-width: 150px) 100vw, 150px\" \/><\/a>\n\t\t\t\t<\/dt><\/dl><dl class='gallery-item'>\n\t\t\t\t<dt class='gallery-icon landscape'>\n\t\t\t\t\t<a class=\"rollover rollover-zoom dt-pswp-item\" title=\"358475666_813959187101737_6309250907584044503_n\" data-dt-img-description=\"\" data-large_image_width=\"600\" data-large_image_height=\"600\"href='https:\/\/www.radiopiu.net\/wordpress\/wp-content\/uploads\/2023\/07\/358475666_813959187101737_6309250907584044503_n.jpg'><img loading=\"lazy\" decoding=\"async\" width=\"150\" height=\"150\" src=\"https:\/\/www.radiopiu.net\/wordpress\/wp-content\/uploads\/2023\/07\/358475666_813959187101737_6309250907584044503_n-150x150.jpg\" class=\"attachment-thumbnail size-thumbnail\" alt=\"\" srcset=\"https:\/\/www.radiopiu.net\/wordpress\/wp-content\/uploads\/2023\/07\/358475666_813959187101737_6309250907584044503_n-150x150.jpg 150w, https:\/\/www.radiopiu.net\/wordpress\/wp-content\/uploads\/2023\/07\/358475666_813959187101737_6309250907584044503_n-300x300.jpg 300w, https:\/\/www.radiopiu.net\/wordpress\/wp-content\/uploads\/2023\/07\/358475666_813959187101737_6309250907584044503_n.jpg 600w\" sizes=\"auto, (max-width: 150px) 100vw, 150px\" \/><\/a>\n\t\t\t\t<\/dt><\/dl><br style=\"clear: both\" \/>\n\t\t\t<\/div>\n\n<\/div>\n<\/div>\n<blockquote>\n<div dir=\"auto\"><em><span class=\"x3nfvp2 x1j61x8r x1fcty0u xdj266r xhhsvwb xat24cr xgzva0m xxymvpz xlup9mm x1kky2od\">&#8220;Siamo orgogliosi di indossare le nostre magliette e vogliamo lanciare un messaggio a tutti. <\/span>Vieni a correre da noi ma soprattutto CORRI A DONARE&#8221;<\/em><\/div>\n<\/blockquote>\n<div dir=\"auto\"><\/div>\n<p>&nbsp;<\/p>\n<p>&nbsp;<\/p>\n<\/div>\n<\/div>\n<\/div>\n","protected":false},"excerpt":{"rendered":"<p>40esimo di RADIOPIU\u2026. LA VOCE DELL\u2019EMOZIONE ISCRIVITI AL NOSTRO CANALE\u00a0\u00a0YOUTUBE PER SEGUIRE IN DIRETTA I PRINCIPALI PROGRAMMI DI RADIO PIU\u2019 E LE FUTURE DIRETTE IN ESTERNA. PER ISCRIVERTI\u00a0CLICCA QUI\u00a0E PREMI\u00a0 \u201cIscriviti\u201d\u00a0 &nbsp; BENVENUTO FC VENEZIA CALCIO! OGGI ALLE 17.30 A FALCADE, L&#8217;INCONTRO AMICHEVOLE CON LA POLISPORTIVA CANALE D&#8217;AGORDO &nbsp; &nbsp; DOPO L\u2019ALLAGAMENTO IN VIA MESSA&hellip;<\/p>\n","protected":false},"author":4,"featured_media":344149,"comment_status":"closed","ping_status":"closed","sticky":false,"template":"","format":"standard","meta":{"_monsterinsights_skip_tracking":false,"_monsterinsights_sitenote_active":false,"_monsterinsights_sitenote_note":"","_monsterinsights_sitenote_category":0,"footnotes":""},"categories":[51,86,49],"tags":[],"class_list":["post-344003","post","type-post","status-publish","format-standard","has-post-thumbnail","hentry","category-evidenza-top","category-gr","category-news-18","category-51","category-86","category-49","description-off"],"img_url":"https:\/\/www.radiopiu.net\/wordpress\/wp-content\/uploads\/2023\/07\/Senza-nome-33.png","_links":{"self":[{"href":"https:\/\/www.radiopiu.net\/wordpress\/wp-json\/wp\/v2\/posts\/344003","targetHints":{"allow":["GET"]}}],"collection":[{"href":"https:\/\/www.radiopiu.net\/wordpress\/wp-json\/wp\/v2\/posts"}],"about":[{"href":"https:\/\/www.radiopiu.net\/wordpress\/wp-json\/wp\/v2\/types\/post"}],"author":[{"embeddable":true,"href":"https:\/\/www.radiopiu.net\/wordpress\/wp-json\/wp\/v2\/users\/4"}],"replies":[{"embeddable":true,"href":"https:\/\/www.radiopiu.net\/wordpress\/wp-json\/wp\/v2\/comments?post=344003"}],"version-history":[{"count":0,"href":"https:\/\/www.radiopiu.net\/wordpress\/wp-json\/wp\/v2\/posts\/344003\/revisions"}],"wp:featuredmedia":[{"embeddable":true,"href":"https:\/\/www.radiopiu.net\/wordpress\/wp-json\/wp\/v2\/media\/344149"}],"wp:attachment":[{"href":"https:\/\/www.radiopiu.net\/wordpress\/wp-json\/wp\/v2\/media?parent=344003"}],"wp:term":[{"taxonomy":"category","embeddable":true,"href":"https:\/\/www.radiopiu.net\/wordpress\/wp-json\/wp\/v2\/categories?post=344003"},{"taxonomy":"post_tag","embeddable":true,"href":"https:\/\/www.radiopiu.net\/wordpress\/wp-json\/wp\/v2\/tags?post=344003"}],"curies":[{"name":"wp","href":"https:\/\/api.w.org\/{rel}","templated":true}]}}