{"id":344043,"date":"2023-07-14T07:55:46","date_gmt":"2023-07-14T05:55:46","guid":{"rendered":"https:\/\/www.radiopiu.net\/wordpress\/?p=344043"},"modified":"2023-07-14T08:40:22","modified_gmt":"2023-07-14T06:40:22","slug":"rass","status":"publish","type":"post","link":"https:\/\/www.radiopiu.net\/wordpress\/rass\/","title":{"rendered":"LA RASSEGNA STAMPA LOCALE, L&#8217;ORIGINALE! DAL 1983 SOLO SU RADIOPIU"},"content":{"rendered":"<p>&nbsp;<\/p>\n<p><iframe loading=\"lazy\" title=\"RASSEGNA STAMPA LOCALE\" width=\"1200\" height=\"675\" src=\"https:\/\/www.youtube.com\/embed\/5Q-Jsq3pHgI?feature=oembed\" frameborder=\"0\" allow=\"accelerometer; autoplay; clipboard-write; encrypted-media; gyroscope; picture-in-picture; web-share\" allowfullscreen><\/iframe><\/p>\n<p>a TAIBON AGORDINO l\u2019acqua erogata dall\u2019acquedotto \u00e8 di nuovo potabile e pu\u00f2 essere usata, quindi, per scopi alimentari. Acqua inquinata invece a ROCCA PIETORE nelle localit\u00e0 VAL, DAGAI, DAVARE, LE COSTE e RONCH<\/p>\n<p>COMELICO La notizia della morte di Simone Zambelli, 23 anni, ha trafitto il Comelico. Una giovane vita spezzata, sar\u00e0 l\u2019autopsia a chiarire quali sono state le cause della morte. Simone era molto conosciuto, in passato aveva giocato nell\u2019hockey Auronzo. Sarebbe stato un amico ad allertare i soccorsi, ma ormai il giovane non respirava pi\u00f9.<br \/>\nLIMANA Stava pedalando tra Giaon e Navasa quando improvvisamente si \u00e8 accasciato a terra. Inutili i tentativi di rianimarlo, Attilio Toldo, 60 anni, ha perso la vita ieri lungo la stradina sopra il paese. Attilio stava pedalando in bicicletta, ha intuito che qualche cosa non andava, ha appoggiato la bici ad un palo e poi stremato \u00e8 caduto a terra. a ritrovarlo alcuni passanti<br \/>\nFAVARO Lacrime ieri sera a Favaro nel ricordo del piccolo Mattia Antoniello (due anni il 16 luglio), del pap\u00e0 Marco (47 anni) e della nonna Mariagrazia Zuin (64), le tre vittime dell\u2019investimento di Santo Stefano di Cadore. La cerimonia funebre alle 10.30 in diretta sul canale 10 del digitale terrestre di Antenna 3 NordEst.<br \/>\nCORTINA Due escursionisti, un 64ennne di Reggio Emilia e un 61enne di Oristano, sono stati colpiti da tre scariche di fulmini mentre si trovavano all\u2019uscita della Ferrata Olivieri alla Punta Anna, sulle Tofane. A dare l\u2019allarme un turista straniero che li aveva scorti in visibile difficolt\u00e0, immobili e incapaci di rispondere. Entrambi riportavano danni da folgorazione, uno pi\u00f9 lievi, l\u2019altro di media gravit\u00e0<br \/>\nRENON DI GOSALDO EVACUATI DOPO CHE LA FRANA AVEVA PORTATO VIA IL MURO DI CONTENIMENTO<br \/>\nSAN NICOLO\u2019 COMELICO Ieri alle 15:20 i Vigili del Fuoco hanno operando in localit\u00e0 Costa nel comune di San Nicol\u00f2 Comelico per mettere in sicurezza un\u2019autocisterna di GPL, impossibilitata a proseguire su una strada bianca per il cedimento del terreno, dovuto alle forti piogge.<br \/>\nVIGILI DEL FUOCO DI AGORDO IMPEGNATI IN TRE INTERVENTI A CAUSA DEL MALTEMPO<br \/>\nPARCHEGGI LUXOTTICA: DALLA PROSSIMA SETTIMANA DISAGI IN VISTA DEL FAMILY DAY<br \/>\nPROVINCIA: MINORANZE LINGUISTICHE, LA DELEGA A MATTIA GOSETTI<br \/>\nPRESENTATO A BELLUNO IL PROGRAMMA STRATEGICO \u201cVENETO IN ACTION\u201d IN VISTA DI MILANO CORTINA 2026<br \/>\nFELTRE All\u2019Ortopedia di Feltre \u00e8 un centro all\u2019avanguardia per il trattamento della spalla: vengono infatti eseguiti particolari interventi, con tecniche innovative come la pianificazione pre operatoria in 3D e la navigazione intra operatoria, che hanno migliorato in modo significativo i risultati clinici a medio e lungo termine<br \/>\nUNIONE SPORTIVA LA VILLE, BENEFICIENZA SOLIDALE DA SAN VINCENZO distribuito il denaro raccolto nel giorno di San Vincenzo a Genitori Sempre e \u201cONLUS FIORI BLU\u201d Amici della Fondazione Robert Hollman<br \/>\nA LIMANA IL GAL PREALPI E DOLOMITI ILLUSTRA AI CITTADINI I RISULTATI DELLA VALUTAZIONE DEL PROGRAMMAZIONE LEADER 2014-2020<br \/>\nAGORDO Il Comitato di Gemellaggio di Agordo e il Bar Schenot organizzano una serata a base di cr\u00eapes farcite a piacere con nutella o marmellata. Lo scopo dell\u2019iniziativa \u00e8 raccogliere fondi per finanziareil Comitato di Gemellaggio di Agordo che promuove i gemellaggi tra Agordo \u2013 Zugliano (Vicenza) e Dolomieu (Francia). L\u2019appuntamento oggi dalle 19 al Bar Schenot.<br \/>\nGOSALDO Continuano gli appuntamenti di Estate a Forcella Aurine. Domani una mattinata di Yoga e Pilates con Serena De March ed Elisa Scariot. Domenica torna la musica live con Chiara e Fausto.<br \/>\nLIVINALLONGO Domenica al Castello di Andraz un incontro con Giulia Tasser per parlare della Miniere del Fursil. Inizio alle 11<br \/>\nAGORDO Tornano i mercatini d\u2019estate ad Agordo. Il primo appuntamento domenica 23 luglio dalle 6 alle 19 sul Broi di Agordo con il mercatino dell\u2019antiquariato. Per informazioni 349 3984682<br \/>\nCALCIO DEFINITE LE QUATTRO SEMIFINALISTE DEL CAMPIONATO AGORDINO UNDER 14<br \/>\nPALLAVOLO UFFICIALIZZATO IL CALENDARIO DEL BELLUNO VOLLEY<\/p>\n<p>&nbsp;<\/p>\n<p>&nbsp;<\/p>\n<p>&nbsp;<\/p>\n","protected":false},"excerpt":{"rendered":"<p>&nbsp; a TAIBON AGORDINO l\u2019acqua erogata dall\u2019acquedotto \u00e8 di nuovo potabile e pu\u00f2 essere usata, quindi, per scopi alimentari. Acqua inquinata invece a ROCCA PIETORE nelle localit\u00e0 VAL, DAGAI, DAVARE, LE COSTE e RONCH COMELICO La notizia della morte di Simone Zambelli, 23 anni, ha trafitto il Comelico. Una giovane vita spezzata, sar\u00e0 l\u2019autopsia a&hellip;<\/p>\n","protected":false},"author":4,"featured_media":344026,"comment_status":"closed","ping_status":"closed","sticky":false,"template":"","format":"standard","meta":{"_monsterinsights_skip_tracking":false,"_monsterinsights_sitenote_active":false,"_monsterinsights_sitenote_note":"","_monsterinsights_sitenote_category":0,"footnotes":""},"categories":[104,49,142],"tags":[],"class_list":["post-344043","post","type-post","status-publish","format-standard","has-post-thumbnail","hentry","category-evidenza_3","category-news-18","category-rassegna-stampa","category-104","category-49","category-142","description-off"],"img_url":"https:\/\/www.radiopiu.net\/wordpress\/wp-content\/uploads\/2023\/07\/Senza-nome-2.jpg","_links":{"self":[{"href":"https:\/\/www.radiopiu.net\/wordpress\/wp-json\/wp\/v2\/posts\/344043","targetHints":{"allow":["GET"]}}],"collection":[{"href":"https:\/\/www.radiopiu.net\/wordpress\/wp-json\/wp\/v2\/posts"}],"about":[{"href":"https:\/\/www.radiopiu.net\/wordpress\/wp-json\/wp\/v2\/types\/post"}],"author":[{"embeddable":true,"href":"https:\/\/www.radiopiu.net\/wordpress\/wp-json\/wp\/v2\/users\/4"}],"replies":[{"embeddable":true,"href":"https:\/\/www.radiopiu.net\/wordpress\/wp-json\/wp\/v2\/comments?post=344043"}],"version-history":[{"count":0,"href":"https:\/\/www.radiopiu.net\/wordpress\/wp-json\/wp\/v2\/posts\/344043\/revisions"}],"wp:featuredmedia":[{"embeddable":true,"href":"https:\/\/www.radiopiu.net\/wordpress\/wp-json\/wp\/v2\/media\/344026"}],"wp:attachment":[{"href":"https:\/\/www.radiopiu.net\/wordpress\/wp-json\/wp\/v2\/media?parent=344043"}],"wp:term":[{"taxonomy":"category","embeddable":true,"href":"https:\/\/www.radiopiu.net\/wordpress\/wp-json\/wp\/v2\/categories?post=344043"},{"taxonomy":"post_tag","embeddable":true,"href":"https:\/\/www.radiopiu.net\/wordpress\/wp-json\/wp\/v2\/tags?post=344043"}],"curies":[{"name":"wp","href":"https:\/\/api.w.org\/{rel}","templated":true}]}}