{"id":344132,"date":"2023-07-15T05:24:00","date_gmt":"2023-07-15T03:24:00","guid":{"rendered":"https:\/\/www.radiopiu.net\/wordpress\/?p=344132"},"modified":"2023-07-15T05:48:46","modified_gmt":"2023-07-15T03:48:46","slug":"grave-lescursionista-precipitato-dalla-normale-allantelao","status":"publish","type":"post","link":"https:\/\/www.radiopiu.net\/wordpress\/grave-lescursionista-precipitato-dalla-normale-allantelao\/","title":{"rendered":"GRAVE L&#8217;ESCURSIONISTA PRECIPITATO DALLA NORMALE ALL&#8217;ANTELAO"},"content":{"rendered":"<p><strong><a class=\"dt-pswp-item\" href=\"https:\/\/www.radiopiu.net\/wordpress\/wp-content\/uploads\/2023\/07\/Watermark_20230714_202440_168.jpg\" data-dt-img-description=\"\" data-large_image_width=\"2364\" data-large_image_height=\"1773\"><img loading=\"lazy\" decoding=\"async\" class=\" wp-image-344133 alignleft\" src=\"https:\/\/www.radiopiu.net\/wordpress\/wp-content\/uploads\/2023\/07\/Watermark_20230714_202440_168-300x225.jpg\" alt=\"\" width=\"159\" height=\"119\" srcset=\"https:\/\/www.radiopiu.net\/wordpress\/wp-content\/uploads\/2023\/07\/Watermark_20230714_202440_168-300x225.jpg 300w, https:\/\/www.radiopiu.net\/wordpress\/wp-content\/uploads\/2023\/07\/Watermark_20230714_202440_168-1024x768.jpg 1024w, https:\/\/www.radiopiu.net\/wordpress\/wp-content\/uploads\/2023\/07\/Watermark_20230714_202440_168-768x576.jpg 768w, https:\/\/www.radiopiu.net\/wordpress\/wp-content\/uploads\/2023\/07\/Watermark_20230714_202440_168-1536x1152.jpg 1536w, https:\/\/www.radiopiu.net\/wordpress\/wp-content\/uploads\/2023\/07\/Watermark_20230714_202440_168-2048x1536.jpg 2048w\" sizes=\"auto, (max-width: 159px) 100vw, 159px\" \/><\/a>CORTINA <\/strong>Sono molto gravi le condizioni di un escursionista di nazionalit\u00e0 spagnola, precipitato dalla normale al Monte Antelao. Attorno alle 18 l&#8217;elicottero del Suem di Pieve di Cadore \u00e8 volato sul Monte Antelao, dove alcuni escursionisti stranieri, che si trovavano pi\u00f9 sotto all&#8217;altezza di Forcella Piccola, avevano visto cadere nella zona de La Bala un ragazzo, che avevano precedentemente incrociato in discesa. Sbarcati nelle vicinanze, equipe medica e tecnico di elisoccorso hanno prestato le prime cure urgenti al giovane, che aveva riportato un sospetto grave trauma cranico. L&#8217;infortunato, recuperato e trasportato all&#8217;ospedale di Pieve, \u00e8 stato stabilizzato dal personale sanitario per poi essere trasferito all&#8217;ospedale di Mestre.\u00a0 Precedentemente l&#8217;eliambulanza aveva soccorso una coppia in difficolt\u00e0 in Tofana. All&#8217;uscita della Ferrata di Punta Anna, i due avevano infatti sbagliato traccia, finendo incrodati su una placca liscia, sopra un salto di 15 metri, e avevano chiamato in preda alla paura. Issata a bordo con il verricello, la coppia \u00e8 stata lasciata al Rifugio Giussani.<\/p>\n<p>&nbsp;<\/p>\n<p>&nbsp;<\/p>\n<p>*******<\/p>\n","protected":false},"excerpt":{"rendered":"<p>CORTINA Sono molto gravi le condizioni di un escursionista di nazionalit\u00e0 spagnola, precipitato dalla normale al Monte Antelao. Attorno alle 18 l&#8217;elicottero del Suem di Pieve di Cadore \u00e8 volato sul Monte Antelao, dove alcuni escursionisti stranieri, che si trovavano pi\u00f9 sotto all&#8217;altezza di Forcella Piccola, avevano visto cadere nella zona de La Bala un&hellip;<\/p>\n","protected":false},"author":4,"featured_media":344133,"comment_status":"closed","ping_status":"closed","sticky":false,"template":"","format":"standard","meta":{"_monsterinsights_skip_tracking":false,"_monsterinsights_sitenote_active":false,"_monsterinsights_sitenote_note":"","_monsterinsights_sitenote_category":0,"footnotes":""},"categories":[51,49],"tags":[],"class_list":["post-344132","post","type-post","status-publish","format-standard","has-post-thumbnail","hentry","category-evidenza-top","category-news-18","category-51","category-49","description-off"],"img_url":"https:\/\/www.radiopiu.net\/wordpress\/wp-content\/uploads\/2023\/07\/Watermark_20230714_202440_168.jpg","_links":{"self":[{"href":"https:\/\/www.radiopiu.net\/wordpress\/wp-json\/wp\/v2\/posts\/344132","targetHints":{"allow":["GET"]}}],"collection":[{"href":"https:\/\/www.radiopiu.net\/wordpress\/wp-json\/wp\/v2\/posts"}],"about":[{"href":"https:\/\/www.radiopiu.net\/wordpress\/wp-json\/wp\/v2\/types\/post"}],"author":[{"embeddable":true,"href":"https:\/\/www.radiopiu.net\/wordpress\/wp-json\/wp\/v2\/users\/4"}],"replies":[{"embeddable":true,"href":"https:\/\/www.radiopiu.net\/wordpress\/wp-json\/wp\/v2\/comments?post=344132"}],"version-history":[{"count":0,"href":"https:\/\/www.radiopiu.net\/wordpress\/wp-json\/wp\/v2\/posts\/344132\/revisions"}],"wp:featuredmedia":[{"embeddable":true,"href":"https:\/\/www.radiopiu.net\/wordpress\/wp-json\/wp\/v2\/media\/344133"}],"wp:attachment":[{"href":"https:\/\/www.radiopiu.net\/wordpress\/wp-json\/wp\/v2\/media?parent=344132"}],"wp:term":[{"taxonomy":"category","embeddable":true,"href":"https:\/\/www.radiopiu.net\/wordpress\/wp-json\/wp\/v2\/categories?post=344132"},{"taxonomy":"post_tag","embeddable":true,"href":"https:\/\/www.radiopiu.net\/wordpress\/wp-json\/wp\/v2\/tags?post=344132"}],"curies":[{"name":"wp","href":"https:\/\/api.w.org\/{rel}","templated":true}]}}