{"id":344143,"date":"2023-07-17T04:51:30","date_gmt":"2023-07-17T02:51:30","guid":{"rendered":"https:\/\/www.radiopiu.net\/wordpress\/?p=344143"},"modified":"2023-07-17T06:59:14","modified_gmt":"2023-07-17T04:59:14","slug":"giornale-radiopiu-17-luglio-2023-direttore-mirko-mezzacasada-40-anni-25-giugno-1983-25-giugno-2023","status":"publish","type":"post","link":"https:\/\/www.radiopiu.net\/wordpress\/giornale-radiopiu-17-luglio-2023-direttore-mirko-mezzacasada-40-anni-25-giugno-1983-25-giugno-2023\/","title":{"rendered":"GIORNALE RADIOPIU 17 LUGLIO 2023 DIRETTORE MIRKO MEZZACASA\u2026DA 40 ANNI 25 GIUGNO 1983-25 GIUGNO 2023"},"content":{"rendered":"<h2 style=\"text-align: left;\"><span style=\"color: #ff0000;\"><span style=\"vertical-align: inherit;\"><a class=\"dt-pswp-item\" href=\"https:\/\/www.radiopiu.net\/wordpress\/wp-content\/uploads\/2023\/04\/e0aad41d-951e-47b9-9fae-1a879a9bcb7e-1.jpg\" data-dt-img-description=\"\" data-large_image_width=\"1200\" data-large_image_height=\"1200\"><img loading=\"lazy\" decoding=\"async\" class=\"wp-image-333205 alignleft\" src=\"https:\/\/www.radiopiu.net\/wordpress\/wp-content\/uploads\/2023\/04\/e0aad41d-951e-47b9-9fae-1a879a9bcb7e-1-300x300.jpg\" alt=\"\" width=\"110\" height=\"110\" srcset=\"https:\/\/www.radiopiu.net\/wordpress\/wp-content\/uploads\/2023\/04\/e0aad41d-951e-47b9-9fae-1a879a9bcb7e-1-300x300.jpg 300w, https:\/\/www.radiopiu.net\/wordpress\/wp-content\/uploads\/2023\/04\/e0aad41d-951e-47b9-9fae-1a879a9bcb7e-1-1024x1024.jpg 1024w, https:\/\/www.radiopiu.net\/wordpress\/wp-content\/uploads\/2023\/04\/e0aad41d-951e-47b9-9fae-1a879a9bcb7e-1-150x150.jpg 150w, https:\/\/www.radiopiu.net\/wordpress\/wp-content\/uploads\/2023\/04\/e0aad41d-951e-47b9-9fae-1a879a9bcb7e-1-768x768.jpg 768w, https:\/\/www.radiopiu.net\/wordpress\/wp-content\/uploads\/2023\/04\/e0aad41d-951e-47b9-9fae-1a879a9bcb7e-1.jpg 1200w\" sizes=\"auto, (max-width: 110px) 100vw, 110px\" \/><\/a><\/span><\/span><\/h2>\n<h1 class=\"entry-title\">40esimo di RADIOPIU\u2026. LA VOCE DELL\u2019EMOZIONE<\/h1>\n<h2><span style=\"color: #ff0000;\">ISCRIVITI AL NOSTRO CANALE\u00a0\u00a0YOUTUBE PER SEGUIRE IN DIRETTA I PRINCIPALI PROGRAMMI DI RADIO PIU\u2019 E LE FUTURE DIRETTE IN ESTERNA. PER ISCRIVERTI\u00a0<a style=\"color: #ff0000;\" href=\"https:\/\/youtube.com\/@radiopiu1527\">CLICCA QUI\u00a0<\/a>E PREMI\u00a0 \u201cIscriviti\u201d\u00a0<\/span><\/h2>\n<p>&nbsp;<\/p>\n<blockquote>\n<h3><span style=\"color: #ff00ff;\"><strong>CAMPIONATO AGORDINO DI CALCIO SU RADIO PIU&#8217; GLI SPECIALI, SUL <span class=\"xv78j7m\" spellcheck=\"false\">Corriere delle Alpi<\/span> 2 PAGINE SPECIALI COME OGNI LUNEDI ! <\/strong><\/span><\/h3>\n<\/blockquote>\n<p>&nbsp;<\/p>\n<div class=\"articlePlainText\">\n<hr \/>\n<p>&nbsp;<\/p>\n<\/div>\n<blockquote>\n<h3>\u00a0ACQUA POTABILE A TAIBON, NON A ROCCA PIETORE<\/h3>\n<\/blockquote>\n<p><img loading=\"lazy\" decoding=\"async\" class=\"alignleft\" src=\"https:\/\/www.radiopiu.net\/wordpress\/wp-content\/uploads\/2018\/08\/ACQUA.jpeg\" width=\"129\" height=\"77\" \/>Gestione Servizi Pubblici informa che a TAIBON AGORDINO nelle localit\u00e0 CAMPEDEL, COSTE, SERACH, RONCH DE BUOS e NOGAROLA l&#8217;acqua erogata dall&#8217;acquedotto \u00e8 di nuovo potabile e pu\u00f2 essere usata, quindi, per scopi alimentari.. Acqua inquinata invece a a ROCCA PIETORE nelle localit\u00e0 VAL, DAGAI, DAVARE, LE COSTE e RONCH<\/p>\n<p>&nbsp;<\/p>\n<hr \/>\n<p>&nbsp;<\/p>\n<blockquote>\n<h3>MALORE FATALE PER UN UOMO DI PADOVA<\/h3>\n<\/blockquote>\n<p><strong>BELLUNO\u00a0<\/strong>Sono quattro gli interventi del SUEM nella giornata di sabato. Il pi\u00f9 grave a Puos D\u2019Alpago di fronte al Bar San Marco dove un uomo di 85 anni della provincia di Padova ha perso la vita dopo un malore in auto. Nel pomeriggio altri tre interventi: un incidente stradale a Longarone, una caduta con il parapendio a Meano e un altro incidente tra auto e moto a Pian del Cansiglio. In questo caso ferite non gravi per i protagonisti degli incidenti.<\/p>\n<p>&nbsp;<\/p>\n<p>&nbsp;<\/p>\n<hr \/>\n<p>&nbsp;<\/p>\n<blockquote>\n<h3 class=\"entry-title\">SOCCORSO ESCURSIONISTA SUL PELMO<\/h3>\n<\/blockquote>\n<p><strong>BORCA DI CADORE<\/strong>\u00a0 Venerd\u00ec sera verso le 20.30 la Centrale del Suem \u00e8 stata attivata per un escursionista che, scendendo dalla Val d\u2019Arcia sul Monte Pelmo, aveva sbagliato traccia ed era rimasto incrodato senza potersi pi\u00f9 muovere. Una squadra del Soccorso alpino di San Vito di Cadore ha raggiunto con i mezzi il Rifugio Venezia. Tre soccorritori hanno poi iniziato a salire, mentre altri tre sono restati in piazzola per un eventuale supporto all\u2019elicottero. Libero da una precedente missione, \u00e8 poi sopraggiunta l\u2019eliambulanza di Trento, abilitata per il volo notturno, che ha individuato il punto dove si trovava il 28enne di Poggio a Caiano (PO), l\u2019ha recuperato con il verricello e trasportato all\u2019ospedale di Trento per accertamenti a seguito di qualche probabile contusione, che l\u2019escursionista lamentava. I soccorritori sono quindi rientrati.<\/p>\n<p>&nbsp;<\/p>\n<p>&nbsp;<\/p>\n<hr \/>\n<p>&nbsp;<\/p>\n<blockquote>\n<h3>GLI INTERVENTI DI SABATO DEL SOCCORSO ALPINO<\/h3>\n<\/blockquote>\n<p><strong>BELLUNO\u00a0<\/strong> Sabato alle 14.45 circa il Soccorso alpino della Val Biois \u00e8 stato attivato per un&#8217;escursionista che, messo male un piede sui sassi del sentiero, aveva riportato un sospetto trauma alla caviglia, a una decina di minuti di distanza dal Rifugio Baita dei Cacciatori, a Canale d&#8217;Agordo. Una squadra si \u00e8 avvicinata il pi\u00f9 possibile con il fuoristrada alla 75enne di Falcade (BL), che si trovava con altre persone, e dopo averle immobilizzato il piede, l&#8217;ha caricata sul mezzo per accompagnarla a Col Mean, dove attendeva l&#8217;ambulanza diretta all&#8217;ospedale di Agordo. In contemporanea personale del Soccorso alpino della Val Comelico ha raggiunto con la jeep un 43enne di Vigo di Cadore (BL), che era caduto in mountain bike non distante da Malga Dignas e si era fatto male a una spalla. Trasportato al punto Suem di Santo Stefano di Cadore, l&#8217;infortunato \u00e8 stato poi condotto a Pieve di Cadore.<\/p>\n<p>&nbsp;<\/p>\n<p>&nbsp;<\/p>\n<hr \/>\n<p>&nbsp;<\/p>\n<blockquote>\n<h3>QUATTRO INTERVENTI SEL SOCCORSO ALPINO NELLA MATTINATA DI IERI<\/h3>\n<\/blockquote>\n<p><strong class=\"photoswipe-wrapper\"><a class=\"dt-pswp-item pspw-wrap-ready\" href=\"https:\/\/www.radiopiu.net\/wordpress\/wp-content\/uploads\/2023\/07\/Watermark_20230716_115257_402.jpg\" data-dt-img-description=\"\" data-large_image_width=\"2364\" data-large_image_height=\"1773\"><img loading=\"lazy\" decoding=\"async\" class=\" wp-image-344361 alignleft\" src=\"https:\/\/www.radiopiu.net\/wordpress\/wp-content\/uploads\/2023\/07\/Watermark_20230716_115257_402-300x225.jpg\" sizes=\"auto, (max-width: 211px) 100vw, 211px\" srcset=\"https:\/\/www.radiopiu.net\/wordpress\/wp-content\/uploads\/2023\/07\/Watermark_20230716_115257_402-300x225.jpg 300w, https:\/\/www.radiopiu.net\/wordpress\/wp-content\/uploads\/2023\/07\/Watermark_20230716_115257_402-1024x768.jpg 1024w, https:\/\/www.radiopiu.net\/wordpress\/wp-content\/uploads\/2023\/07\/Watermark_20230716_115257_402-768x576.jpg 768w, https:\/\/www.radiopiu.net\/wordpress\/wp-content\/uploads\/2023\/07\/Watermark_20230716_115257_402-1536x1152.jpg 1536w, https:\/\/www.radiopiu.net\/wordpress\/wp-content\/uploads\/2023\/07\/Watermark_20230716_115257_402-2048x1536.jpg 2048w\" alt=\"\" width=\"211\" height=\"158\" \/><\/a>BELLUNO\u00a0<\/strong>Ieri mattina \u00e8 scattato l\u2019allarme per un base jumper non atterrato dopo essersi lanciato con 4 compagni da una cima nel Gruppo della Moiazza. Mentre gli amici erano arrivati a terra, del quinto uomo, un australiano, si erano perse le tracce. L\u2019elicottero del Suem di Pieve di Cadore \u00e8 volato in Val Corpassa e ha iniziato a sorvolare a lungo l\u2019area, soprattutto verso Col Palanzin, con esito negativo. Finch\u00e9 il base jumper \u00e8 riuscito a mandare dei messaggi con il cellulare, quando \u00e8 tornato sotto copertura telefonica. L\u2019equipaggio lo ha quindi individuato che scendeva dalla strada del Rifugio Vazzoler. Stava bene e l\u2019allarme \u00e8 rientrato. L\u2019elicottero \u00e8 stato in seguito inviato lungo la Ferrata Vandelli, sul Sorapis, dove un turista israeliano di 43 anni si trovava in difficolt\u00e0. L\u2019uomo, che si stava dirigendo verso il Bivacco Comici con un amico, in precedenza era scivolato sbattendo lievemente la testa. Nel proseguire aveva iniziato ad essere disorientato e ad avere le vertigini, quasi sicuramente non come conseguenza della caduta precedente. Incapace di andare avanti, l\u2019escursionista \u00e8 stato recuperato dal tecnico di elisoccorso con un verricello di 30 metri e accompagnato all\u2019ospedale di Cortina, per i dovuti accertamenti. L\u2019eliambulanza \u00e8 poi intervenuta all\u2019altezza di Forcella Oltro, a Gosaldo, dove una tredicenne belga messo male un piede, si era procurata la sospetta frattura di una caviglia. Sbarcati nelle vicinanze, medico e tecnico di elisoccorso hanno prestato le prime cure alla ragazzina, per poi issare a bordo lei e la madre con un verricello di 40 metri e trasportarle all\u2019ospedale di Belluno. Una squadra del Soccorso alpino della Val Biois \u00e8 stata invece inviata sulla pista di servizio del Col Margherita a Falcade. Scendendo con la mountain bike a pedalata assistita assieme ad alcuni familiari, una 63enne di Fiera di Primiero (TN) era caduta e aveva riportato la probabile frattura di una caviglia. Raggiunta sulla sterrata dai soccorritori con il mezzo, all\u2019infortunata \u00e8 stato bloccato il piede. Trasportata a Passo Valles, la donna \u00e8 stata affidata all\u2019ambulanza della Croce Rossa di Moena che l\u2019ha condotta all\u2019ospedale di Cavalese.<\/p>\n<p>&nbsp;<\/p>\n<p>&nbsp;<\/p>\n<hr \/>\n<p>&nbsp;<\/p>\n<blockquote>\n<h3>ALTRI INTERVENTI DEL SOCCORSO ALPINO NEL POMERIGGIO DI IERI<\/h3>\n<\/blockquote>\n<p><strong><a class=\"dt-pswp-item\" href=\"https:\/\/www.radiopiu.net\/wordpress\/wp-content\/uploads\/2020\/06\/ELICOTTERO-SUEM.jpg\" data-dt-img-description=\"\" data-large_image_width=\"1368\" data-large_image_height=\"765\"><img loading=\"lazy\" decoding=\"async\" class=\" wp-image-142190 alignleft\" src=\"https:\/\/www.radiopiu.net\/wordpress\/wp-content\/uploads\/2020\/06\/ELICOTTERO-SUEM-300x168.jpg\" alt=\"\" width=\"211\" height=\"118\" srcset=\"https:\/\/www.radiopiu.net\/wordpress\/wp-content\/uploads\/2020\/06\/ELICOTTERO-SUEM-300x168.jpg 300w, https:\/\/www.radiopiu.net\/wordpress\/wp-content\/uploads\/2020\/06\/ELICOTTERO-SUEM-1024x573.jpg 1024w, https:\/\/www.radiopiu.net\/wordpress\/wp-content\/uploads\/2020\/06\/ELICOTTERO-SUEM-768x429.jpg 768w, https:\/\/www.radiopiu.net\/wordpress\/wp-content\/uploads\/2020\/06\/ELICOTTERO-SUEM.jpg 1368w\" sizes=\"auto, (max-width: 211px) 100vw, 211px\" \/><\/a>BELLUNO<\/strong> Il Soccorso alpino di San Vito di Cadore \u00e8 andato in aiuto di due escursioniste belghe, bloccate lungo una frana sul sentiero numero 230, sopra Borca di Cadore. Le due turiste, di 24 e 25 anni, erano partite da San Vito di Cadore dirette a Vodo, ma sul tragitto si sono trovate un tratto franato e, tentando di superarlo, sono rimaste bloccate. Una squadra si \u00e8 avvicinata con il fuoristrada, per poi proseguire a piedi 200 metri. Una volta raggiunte, le hanno assicurate e sollevate una ventina di metri fino al sentiero, per poi accompagnarle al loro alloggio. Una squadra del Soccorso alpino della Guardia di finanza di Auronzo \u00e8 intervenuta in Val Marzon, per un escursionista 51enne di Ferrara, che ha sbagliato traccia e si \u00e8 incrodato in un canalone roccioso. L&#8217;uomo, illeso, \u00e8 stato poi recuperato dal Pelikan. L&#8217;elicottero del Suem di Pieve di Cadore \u00e8 stato inviato in Val d&#8217;Oten attorno alle 14.30, per un escursionista bloccato in un punto distante dalla rete sentieristica, in un canale di placche rocciose con un rivolo d&#8217;acqua. Recuperato dal tecnico di elisoccorso con un verricello di un&#8217;ottantina di metri, l&#8217;uomo, 36 anni di Spinea (VE), \u00e8 stato lasciato alla Capanna degli Alpini. Successivamente l&#8217;eliambulanza \u00e8 volata sulla strada che scende dal Rifugio Dal Piaz, dove una ciclista, di 56 anni di Limana (BL), che si trovava con un&#8217;altra persona, era caduta dalla propria bicicletta a pedalata assistita e lamentava dolori alla parte bassa della schiena. Sbarcati con un verricello di 20 metri, medico e tecnico di elisoccorso hanno prestato le prime cure alla donna, per poi imbarellarla e issarla a bordo. L&#8217;infortunata \u00e8 stata accompagnata all&#8217;ospedale di Belluno. Su indicazione di due turisti che avevano visto l&#8217;animale bloccato, il Soccorso alpino di Livinallongo ha liberato una mucca scivolata sul pendio erboso e finita contro il paravalanghe in zona Portados, a Porta Vescovo. Una squadra \u00e8 scesa, ha assicurato la mucca, che non era in grado di alzarsi, e con un argano l&#8217;ha sollevata in un punto pi\u00f9 agevole, dove l&#8217;elicottero dell&#8217;Air service center l&#8217;ha recuperata con la rete e portata a valle.<\/p>\n<p>&nbsp;<\/p>\n<p>&nbsp;<\/p>\n<hr \/>\n<p>&nbsp;<\/p>\n<blockquote>\n<h3>INCIDENTE A TAIBON SULLA 203 AGORDINA<\/h3>\n<\/blockquote>\n<p><strong>TAIBON<\/strong> Incidente nel pomeriggio di oggi sulla 203 Agordina all&#8217;altezza dello svincolo per Strapont. Protagonisti dell&#8217;incidente un furgoncino e una moto. Ad avere la peggio il motociclista , un giovane di 17 anni di Corvara in Badia che ha dovuto ricorrere alle cure sanitarie,\u00a0 per traumi lievi. Non sono mancate le code in entrambi i sensi di marcia.<\/p>\n\n\t\t\t<style type='text\/css'>\n\t\t\t\t#gallery-1 {\n\t\t\t\t\tmargin: auto;\n\t\t\t\t}\n\t\t\t\t#gallery-1 .gallery-item {\n\t\t\t\t\tfloat: left;\n\t\t\t\t\tmargin-top: 10px;\n\t\t\t\t\ttext-align: center;\n\t\t\t\t\twidth: 25%;\n\t\t\t\t}\n\t\t\t\t#gallery-1 img {\n\t\t\t\t\tborder: 2px solid #cfcfcf;\n\t\t\t\t}\n\t\t\t\t#gallery-1 .gallery-caption {\n\t\t\t\t\tmargin-left: 0;\n\t\t\t\t}\n\t\t\t\t\/* see gallery_shortcode() in wp-includes\/media.php *\/\n\t\t\t<\/style>\n\t\t<div id='gallery-1' class='dt-gallery-container gallery galleryid-344143 gallery-columns-4 gallery-size-thumbnail'><dl class='gallery-item'>\n\t\t\t\t<dt class='gallery-icon portrait'>\n\t\t\t\t\t<a class=\"rollover rollover-zoom dt-pswp-item\" title=\"f3db338e-aacb-4c7d-bdb9-19fe97dc2aea\" data-dt-img-description=\"\" data-large_image_width=\"1152\" data-large_image_height=\"2048\"href='https:\/\/www.radiopiu.net\/wordpress\/wp-content\/uploads\/2023\/07\/f3db338e-aacb-4c7d-bdb9-19fe97dc2aea.jpg'><img loading=\"lazy\" decoding=\"async\" width=\"150\" height=\"150\" src=\"https:\/\/www.radiopiu.net\/wordpress\/wp-content\/uploads\/2023\/07\/f3db338e-aacb-4c7d-bdb9-19fe97dc2aea-150x150.jpg\" class=\"attachment-thumbnail size-thumbnail\" alt=\"\" \/><\/a>\n\t\t\t\t<\/dt><\/dl><dl class='gallery-item'>\n\t\t\t\t<dt class='gallery-icon portrait'>\n\t\t\t\t\t<a class=\"rollover rollover-zoom dt-pswp-item\" title=\"728dd37e-8018-426f-a6fe-7f8795ac3c97\" data-dt-img-description=\"\" data-large_image_width=\"1152\" data-large_image_height=\"2048\"href='https:\/\/www.radiopiu.net\/wordpress\/wp-content\/uploads\/2023\/07\/728dd37e-8018-426f-a6fe-7f8795ac3c97.jpg'><img loading=\"lazy\" decoding=\"async\" width=\"150\" height=\"150\" src=\"https:\/\/www.radiopiu.net\/wordpress\/wp-content\/uploads\/2023\/07\/728dd37e-8018-426f-a6fe-7f8795ac3c97-150x150.jpg\" class=\"attachment-thumbnail size-thumbnail\" alt=\"\" \/><\/a>\n\t\t\t\t<\/dt><\/dl><dl class='gallery-item'>\n\t\t\t\t<dt class='gallery-icon portrait'>\n\t\t\t\t\t<a class=\"rollover rollover-zoom dt-pswp-item\" title=\"8860dbda-032e-468c-b1a5-888048989108\" data-dt-img-description=\"\" data-large_image_width=\"1152\" data-large_image_height=\"2048\"href='https:\/\/www.radiopiu.net\/wordpress\/wp-content\/uploads\/2023\/07\/8860dbda-032e-468c-b1a5-888048989108.jpg'><img loading=\"lazy\" decoding=\"async\" width=\"150\" height=\"150\" src=\"https:\/\/www.radiopiu.net\/wordpress\/wp-content\/uploads\/2023\/07\/8860dbda-032e-468c-b1a5-888048989108-150x150.jpg\" class=\"attachment-thumbnail size-thumbnail\" alt=\"\" \/><\/a>\n\t\t\t\t<\/dt><\/dl><dl class='gallery-item'>\n\t\t\t\t<dt class='gallery-icon portrait'>\n\t\t\t\t\t<a class=\"rollover rollover-zoom dt-pswp-item\" title=\"3acc7d6e-cd90-4481-bd97-c53a7add6d97\" data-dt-img-description=\"\" data-large_image_width=\"1152\" data-large_image_height=\"2048\"href='https:\/\/www.radiopiu.net\/wordpress\/wp-content\/uploads\/2023\/07\/3acc7d6e-cd90-4481-bd97-c53a7add6d97.jpg'><img loading=\"lazy\" decoding=\"async\" width=\"150\" height=\"150\" src=\"https:\/\/www.radiopiu.net\/wordpress\/wp-content\/uploads\/2023\/07\/3acc7d6e-cd90-4481-bd97-c53a7add6d97-150x150.jpg\" class=\"attachment-thumbnail size-thumbnail\" alt=\"\" \/><\/a>\n\t\t\t\t<\/dt><\/dl><br style=\"clear: both\" \/>\n\t\t\t<\/div>\n\n<p><strong>AGORDO<\/strong> Un australiano di 31 anni si \u00e8 lanciato dalla Moiazza con la tuta alare, dopo la caduta l&#8217;intervento dell&#8217;elicottero, ma l&#8217;uomo ha rifiutato il ricovero in ospedale.<\/p>\n<p><strong>BELLUNO<\/strong> Incidente sul ponte degli alpini, un ferito di 77 anni portato in ambulanza al San Martino con ferite lievi agli arti inferiori.<\/p>\n<p><strong>COLLE SANTA LUCIA<\/strong> L&#8217;ambulanza ha portato in ospedale un 60enne di Sant&#8217;Ilario con un trauma alla spalla, un motociclista di isola vicentina di 54 anni \u00e8 caduto in moto al quinto tornante, portato in ospedale a Bolzano in codice rosso.<\/p>\n<p><strong>RIFUGIO DAL PIAZ<\/strong> Ferite lievi per il 56enne di Limana caduto in bicicletta, portato in ospedale con l&#8217;elicottero.<\/p>\n<p><strong>LONGARONE<\/strong> Cade dalla moto uscendo dalla galleria, una 16enne portata a Belluno in codice rosso.<\/p>\n<p><strong>LIVINALLONGO<\/strong> Mucca incastrata nel paravalanghe di Portavescovo, sul posto il personale di Eli Service<\/p>\n<p>&nbsp;<\/p>\n<p>&nbsp;<\/p>\n<p>&nbsp;<\/p>\n<hr \/>\n<p>&nbsp;<\/p>\n<blockquote>\n<h3>I VIGILI DEL FUOCO IN VAL RIENZA RECUPERANO I DOCUMENTI DELLA TURISTA IL CUI CAVALLO E&#8217; PRECIPITATO PER 80 METRI<\/h3>\n<\/blockquote>\n<p><strong>REDAZIONE\u00a0<\/strong> i vigili del fuoco del nucleo SAF (Speleo alpino Fluviali) di Belluno, hanno recuperato in Val Rienza gli effetti personali tra cui i documenti della turista straniera il cui cavallo \u00e8 caduto venerd\u00ec in un precipizio. La donna, stava effettuando un trekking a cavallo sotto le Tre Cime di Lavaredo, quando percorrendo un viottolo molto stretto era scesa da cavallo, mentre l\u2019animale mettendo male una zampa \u00e8 precipitato per oltre ottanta metri in un burrone. Nella caduta purtroppo il cavallo \u00e8 morto. Venerd\u00ec l\u2019intervento anche dell\u2019elicottero, che non ha potuto effettuare il recupero dell\u2019animale per delle turbolenze presenti nella gola. Oggi il recupero delle borse, dei documenti e della sella da parte del personale SAF dei vigili del fuoco di Belluno, che hanno predisposto la calata e il recupero di due operatori che hanno riportato le borse e la sella dal peso di oltre 40 kg. Tutti gli effetti sono ora disponibili presso la guardia di finanza di Auronzo di Cadore per essere consegnati alla turista.<\/p>\n\n\t\t\t<style type='text\/css'>\n\t\t\t\t#gallery-2 {\n\t\t\t\t\tmargin: auto;\n\t\t\t\t}\n\t\t\t\t#gallery-2 .gallery-item {\n\t\t\t\t\tfloat: left;\n\t\t\t\t\tmargin-top: 10px;\n\t\t\t\t\ttext-align: center;\n\t\t\t\t\twidth: 50%;\n\t\t\t\t}\n\t\t\t\t#gallery-2 img {\n\t\t\t\t\tborder: 2px solid #cfcfcf;\n\t\t\t\t}\n\t\t\t\t#gallery-2 .gallery-caption {\n\t\t\t\t\tmargin-left: 0;\n\t\t\t\t}\n\t\t\t\t\/* see gallery_shortcode() in wp-includes\/media.php *\/\n\t\t\t<\/style>\n\t\t<div id='gallery-2' class='dt-gallery-container gallery galleryid-344143 gallery-columns-2 gallery-size-thumbnail'><dl class='gallery-item'>\n\t\t\t\t<dt class='gallery-icon portrait'>\n\t\t\t\t\t<a class=\"rollover rollover-zoom dt-pswp-item\" title=\"a52d3ee7-44ea-46ff-a095-94339a476099\" data-dt-img-description=\"\" data-large_image_width=\"1201\" data-large_image_height=\"1600\"href='https:\/\/www.radiopiu.net\/wordpress\/wp-content\/uploads\/2023\/07\/a52d3ee7-44ea-46ff-a095-94339a476099.jpg'><img loading=\"lazy\" decoding=\"async\" width=\"150\" height=\"150\" src=\"https:\/\/www.radiopiu.net\/wordpress\/wp-content\/uploads\/2023\/07\/a52d3ee7-44ea-46ff-a095-94339a476099-150x150.jpg\" class=\"attachment-thumbnail size-thumbnail\" alt=\"\" \/><\/a>\n\t\t\t\t<\/dt><\/dl><dl class='gallery-item'>\n\t\t\t\t<dt class='gallery-icon landscape'>\n\t\t\t\t\t<a class=\"rollover rollover-zoom dt-pswp-item\" title=\"6d88db20-1633-4975-8671-adcb31335dca\" data-dt-img-description=\"\" data-large_image_width=\"1210\" data-large_image_height=\"721\"href='https:\/\/www.radiopiu.net\/wordpress\/wp-content\/uploads\/2023\/07\/6d88db20-1633-4975-8671-adcb31335dca.jpg'><img loading=\"lazy\" decoding=\"async\" width=\"150\" height=\"150\" src=\"https:\/\/www.radiopiu.net\/wordpress\/wp-content\/uploads\/2023\/07\/6d88db20-1633-4975-8671-adcb31335dca-150x150.jpg\" class=\"attachment-thumbnail size-thumbnail\" alt=\"\" \/><\/a>\n\t\t\t\t<\/dt><\/dl><br style=\"clear: both\" \/><dl class='gallery-item'>\n\t\t\t\t<dt class='gallery-icon landscape'>\n\t\t\t\t\t<a class=\"rollover rollover-zoom dt-pswp-item\" title=\"d4556fe9-8014-46e5-bd18-a5fd60e68934\" data-dt-img-description=\"\" data-large_image_width=\"1324\" data-large_image_height=\"721\"href='https:\/\/www.radiopiu.net\/wordpress\/wp-content\/uploads\/2023\/07\/d4556fe9-8014-46e5-bd18-a5fd60e68934.jpg'><img loading=\"lazy\" decoding=\"async\" width=\"150\" height=\"150\" src=\"https:\/\/www.radiopiu.net\/wordpress\/wp-content\/uploads\/2023\/07\/d4556fe9-8014-46e5-bd18-a5fd60e68934-150x150.jpg\" class=\"attachment-thumbnail size-thumbnail\" alt=\"\" \/><\/a>\n\t\t\t\t<\/dt><\/dl><dl class='gallery-item'>\n\t\t\t\t<dt class='gallery-icon landscape'>\n\t\t\t\t\t<a class=\"rollover rollover-zoom dt-pswp-item\" title=\"42d36fe6-90d9-4f97-aae8-652893ad81c6\" data-dt-img-description=\"\" data-large_image_width=\"1288\" data-large_image_height=\"720\"href='https:\/\/www.radiopiu.net\/wordpress\/wp-content\/uploads\/2023\/07\/42d36fe6-90d9-4f97-aae8-652893ad81c6.jpg'><img loading=\"lazy\" decoding=\"async\" width=\"150\" height=\"150\" src=\"https:\/\/www.radiopiu.net\/wordpress\/wp-content\/uploads\/2023\/07\/42d36fe6-90d9-4f97-aae8-652893ad81c6-150x150.jpg\" class=\"attachment-thumbnail size-thumbnail\" alt=\"\" \/><\/a>\n\t\t\t\t<\/dt><\/dl><br style=\"clear: both\" \/>\n\t\t\t<\/div>\n\n<p>&nbsp;<\/p>\n<hr \/>\n<p>&nbsp;<\/p>\n<blockquote>\n<h3>AUTO FUORISTRADA IN UNO DEI PUNTI PANORAMICI PIU\u2019 BELLI DELLE DOLOMITI: ILLESI GLI OCCUPANTI<\/h3>\n<\/blockquote>\n<p><strong>AURONZO DI CADORE<\/strong> Nel pomeriggio, i Vigili del Fuoco sono intervenuti in localit\u00e0 Forcella Longeres nei pressi del Rifugio Auronzo, dell\u2019omonimo comune per la fuoriuscita autonoma di un\u2019auto per un\u2019errata manovra del conducente, rimasto illeso insieme ad una passeggera. I pompieri intervenuti da Cortina d\u2019Ampezzo e da Pieve di Cadore con l\u2019autogr\u00f9, hanno predisposto il recupero della vettura uscita di strada in uno dei punti panoramici pi\u00f9 belli delle Dolomiti.<\/p>\n\n\t\t\t<style type='text\/css'>\n\t\t\t\t#gallery-3 {\n\t\t\t\t\tmargin: auto;\n\t\t\t\t}\n\t\t\t\t#gallery-3 .gallery-item {\n\t\t\t\t\tfloat: left;\n\t\t\t\t\tmargin-top: 10px;\n\t\t\t\t\ttext-align: center;\n\t\t\t\t\twidth: 25%;\n\t\t\t\t}\n\t\t\t\t#gallery-3 img {\n\t\t\t\t\tborder: 2px solid #cfcfcf;\n\t\t\t\t}\n\t\t\t\t#gallery-3 .gallery-caption {\n\t\t\t\t\tmargin-left: 0;\n\t\t\t\t}\n\t\t\t\t\/* see gallery_shortcode() in wp-includes\/media.php *\/\n\t\t\t<\/style>\n\t\t<div id='gallery-3' class='dt-gallery-container gallery galleryid-344143 gallery-columns-4 gallery-size-thumbnail'><dl class='gallery-item'>\n\t\t\t\t<dt class='gallery-icon landscape'>\n\t\t\t\t\t<a class=\"rollover rollover-zoom dt-pswp-item\" title=\"2df9cd4d-bf74-4b87-9dd2-db18e501eb71\" data-dt-img-description=\"\" data-large_image_width=\"1280\" data-large_image_height=\"879\"href='https:\/\/www.radiopiu.net\/wordpress\/wp-content\/uploads\/2023\/07\/2df9cd4d-bf74-4b87-9dd2-db18e501eb71.jpg'><img loading=\"lazy\" decoding=\"async\" width=\"150\" height=\"150\" src=\"https:\/\/www.radiopiu.net\/wordpress\/wp-content\/uploads\/2023\/07\/2df9cd4d-bf74-4b87-9dd2-db18e501eb71-150x150.jpg\" class=\"attachment-thumbnail size-thumbnail\" alt=\"\" \/><\/a>\n\t\t\t\t<\/dt><\/dl><dl class='gallery-item'>\n\t\t\t\t<dt class='gallery-icon landscape'>\n\t\t\t\t\t<a class=\"rollover rollover-zoom dt-pswp-item\" title=\"38223b72-f7ac-4ca6-bfc5-d8d50759f0e0\" data-dt-img-description=\"\" data-large_image_width=\"1280\" data-large_image_height=\"813\"href='https:\/\/www.radiopiu.net\/wordpress\/wp-content\/uploads\/2023\/07\/38223b72-f7ac-4ca6-bfc5-d8d50759f0e0.jpg'><img loading=\"lazy\" decoding=\"async\" width=\"150\" height=\"150\" src=\"https:\/\/www.radiopiu.net\/wordpress\/wp-content\/uploads\/2023\/07\/38223b72-f7ac-4ca6-bfc5-d8d50759f0e0-150x150.jpg\" class=\"attachment-thumbnail size-thumbnail\" alt=\"\" \/><\/a>\n\t\t\t\t<\/dt><\/dl><dl class='gallery-item'>\n\t\t\t\t<dt class='gallery-icon landscape'>\n\t\t\t\t\t<a class=\"rollover rollover-zoom dt-pswp-item\" title=\"6ce88919-1209-4708-86a7-762936e948b3\" data-dt-img-description=\"\" data-large_image_width=\"1280\" data-large_image_height=\"730\"href='https:\/\/www.radiopiu.net\/wordpress\/wp-content\/uploads\/2023\/07\/6ce88919-1209-4708-86a7-762936e948b3.jpg'><img loading=\"lazy\" decoding=\"async\" width=\"150\" height=\"150\" src=\"https:\/\/www.radiopiu.net\/wordpress\/wp-content\/uploads\/2023\/07\/6ce88919-1209-4708-86a7-762936e948b3-150x150.jpg\" class=\"attachment-thumbnail size-thumbnail\" alt=\"\" \/><\/a>\n\t\t\t\t<\/dt><\/dl><dl class='gallery-item'>\n\t\t\t\t<dt class='gallery-icon landscape'>\n\t\t\t\t\t<a class=\"rollover rollover-zoom dt-pswp-item\" title=\"c96b20e1-3d6b-476e-b1ee-49ef89f32ed8\" data-dt-img-description=\"\" data-large_image_width=\"1280\" data-large_image_height=\"903\"href='https:\/\/www.radiopiu.net\/wordpress\/wp-content\/uploads\/2023\/07\/c96b20e1-3d6b-476e-b1ee-49ef89f32ed8.jpg'><img loading=\"lazy\" decoding=\"async\" width=\"150\" height=\"150\" src=\"https:\/\/www.radiopiu.net\/wordpress\/wp-content\/uploads\/2023\/07\/c96b20e1-3d6b-476e-b1ee-49ef89f32ed8-150x150.jpg\" class=\"attachment-thumbnail size-thumbnail\" alt=\"\" \/><\/a>\n\t\t\t\t<\/dt><\/dl><br style=\"clear: both\" \/><dl class='gallery-item'>\n\t\t\t\t<dt class='gallery-icon landscape'>\n\t\t\t\t\t<a class=\"rollover rollover-zoom dt-pswp-item\" title=\"4684d9f8-0de6-43f3-9a16-0e1e51dfc14d\" data-dt-img-description=\"\" data-large_image_width=\"960\" data-large_image_height=\"660\"href='https:\/\/www.radiopiu.net\/wordpress\/wp-content\/uploads\/2023\/07\/4684d9f8-0de6-43f3-9a16-0e1e51dfc14d.jpg'><img loading=\"lazy\" decoding=\"async\" width=\"150\" height=\"150\" src=\"https:\/\/www.radiopiu.net\/wordpress\/wp-content\/uploads\/2023\/07\/4684d9f8-0de6-43f3-9a16-0e1e51dfc14d-150x150.jpg\" class=\"attachment-thumbnail size-thumbnail\" alt=\"\" \/><\/a>\n\t\t\t\t<\/dt><\/dl><dl class='gallery-item'>\n\t\t\t\t<dt class='gallery-icon portrait'>\n\t\t\t\t\t<a class=\"rollover rollover-zoom dt-pswp-item\" title=\"a9a5814b-02da-421c-936c-66560848d18d\" data-dt-img-description=\"\" data-large_image_width=\"960\" data-large_image_height=\"1280\"href='https:\/\/www.radiopiu.net\/wordpress\/wp-content\/uploads\/2023\/07\/a9a5814b-02da-421c-936c-66560848d18d.jpg'><img loading=\"lazy\" decoding=\"async\" width=\"150\" height=\"150\" src=\"https:\/\/www.radiopiu.net\/wordpress\/wp-content\/uploads\/2023\/07\/a9a5814b-02da-421c-936c-66560848d18d-150x150.jpg\" class=\"attachment-thumbnail size-thumbnail\" alt=\"\" \/><\/a>\n\t\t\t\t<\/dt><\/dl><dl class='gallery-item'>\n\t\t\t\t<dt class='gallery-icon landscape'>\n\t\t\t\t\t<a class=\"rollover rollover-zoom dt-pswp-item\" title=\"45596604-7fd2-4d4e-a83e-9cdc832cf51a\" data-dt-img-description=\"\" data-large_image_width=\"1236\" data-large_image_height=\"780\"href='https:\/\/www.radiopiu.net\/wordpress\/wp-content\/uploads\/2023\/07\/45596604-7fd2-4d4e-a83e-9cdc832cf51a.jpg'><img loading=\"lazy\" decoding=\"async\" width=\"150\" height=\"150\" src=\"https:\/\/www.radiopiu.net\/wordpress\/wp-content\/uploads\/2023\/07\/45596604-7fd2-4d4e-a83e-9cdc832cf51a-150x150.jpg\" class=\"attachment-thumbnail size-thumbnail\" alt=\"\" \/><\/a>\n\t\t\t\t<\/dt><\/dl>\n\t\t\t\t<br style='clear: both' \/>\n\t\t\t<\/div>\n\n<p>&nbsp;<\/p>\n<hr \/>\n<p>&nbsp;<\/p>\n<blockquote>\n<h3>IL COMUNE DI VOLTAGO DEVE PAGARE 130 MILA EURO PER LA DEMOLIZIONE DELL&#8217;ALA NUOVA DELL&#8217;ISTITUTO FOLLADOR DI AGORDO<\/h3>\n<\/blockquote>\n<p><strong><a class=\"dt-pswp-item\" href=\"https:\/\/www.radiopiu.net\/wordpress\/wp-content\/uploads\/2023\/07\/MUNICIPIO-VOLTAGO.jpeg\" data-dt-img-description=\"\" data-large_image_width=\"1504\" data-large_image_height=\"1116\"><img loading=\"lazy\" decoding=\"async\" class=\" wp-image-344319 alignleft\" src=\"https:\/\/www.radiopiu.net\/wordpress\/wp-content\/uploads\/2023\/07\/MUNICIPIO-VOLTAGO-300x223.jpeg\" alt=\"\" width=\"170\" height=\"126\" srcset=\"https:\/\/www.radiopiu.net\/wordpress\/wp-content\/uploads\/2023\/07\/MUNICIPIO-VOLTAGO-300x223.jpeg 300w, https:\/\/www.radiopiu.net\/wordpress\/wp-content\/uploads\/2023\/07\/MUNICIPIO-VOLTAGO-1024x760.jpeg 1024w, https:\/\/www.radiopiu.net\/wordpress\/wp-content\/uploads\/2023\/07\/MUNICIPIO-VOLTAGO-768x570.jpeg 768w, https:\/\/www.radiopiu.net\/wordpress\/wp-content\/uploads\/2023\/07\/MUNICIPIO-VOLTAGO.jpeg 1504w\" sizes=\"auto, (max-width: 170px) 100vw, 170px\" \/><\/a>VOLTAGO<\/strong><\/p>\n<p>di Gianni Santomaso<\/p>\n<audio class=\"wp-audio-shortcode\" id=\"audio-344143-1\" preload=\"none\" style=\"width: 100%;\" controls=\"controls\"><source type=\"audio\/mpeg\" src=\"https:\/\/www.radiopiu.net\/wordpress\/wp-content\/uploads\/2023\/07\/GIANNI-IL-COMUNE-DI-VOLTAGO-DEVE-PAGARE-130-MILA-EURO-PER-LA-DEMOLIZIONE-DELLALA-NUOVA-DELLISTITUTO-FOLLADOR-DI-AGORDO.mp3?_=1\" \/><a href=\"https:\/\/www.radiopiu.net\/wordpress\/wp-content\/uploads\/2023\/07\/GIANNI-IL-COMUNE-DI-VOLTAGO-DEVE-PAGARE-130-MILA-EURO-PER-LA-DEMOLIZIONE-DELLALA-NUOVA-DELLISTITUTO-FOLLADOR-DI-AGORDO.mp3\">https:\/\/www.radiopiu.net\/wordpress\/wp-content\/uploads\/2023\/07\/GIANNI-IL-COMUNE-DI-VOLTAGO-DEVE-PAGARE-130-MILA-EURO-PER-LA-DEMOLIZIONE-DELLALA-NUOVA-DELLISTITUTO-FOLLADOR-DI-AGORDO.mp3<\/a><\/audio>\n<p>&nbsp;<\/p>\n<hr \/>\n<p>&nbsp;<\/p>\n<blockquote>\n<h3>DILLO A RADIO PIU&#8217;&#8230;L&#8217;AUMENTO ABBONAMENTI DOLOMITIBUS VALE SOLO PER GLI UTENTI IN REGOLA?<\/h3>\n<\/blockquote>\n<p><strong><a class=\"dt-pswp-item\" href=\"https:\/\/www.radiopiu.net\/wordpress\/wp-content\/uploads\/2018\/08\/dolomitibus.jpeg\" data-dt-img-description=\"\" data-large_image_width=\"621\" data-large_image_height=\"414\"><img loading=\"lazy\" decoding=\"async\" class=\" wp-image-59158 alignleft\" src=\"https:\/\/www.radiopiu.net\/wordpress\/wp-content\/uploads\/2018\/08\/dolomitibus-300x200.jpeg\" alt=\"\" width=\"191\" height=\"127\" srcset=\"https:\/\/www.radiopiu.net\/wordpress\/wp-content\/uploads\/2018\/08\/dolomitibus-300x200.jpeg 300w, https:\/\/www.radiopiu.net\/wordpress\/wp-content\/uploads\/2018\/08\/dolomitibus.jpeg 621w\" sizes=\"auto, (max-width: 191px) 100vw, 191px\" \/><\/a>REDAZIONE\u00a0<\/strong>Riceviamo e pubblichiamo una lettera arrivata in radio da un gruppo di operai di una grande azienda dell&#8217;Agordino che lamentano il rincaro dei prezzi degli abbonamenti DolomitiBus.<\/p>\n<blockquote><p><em>Siamo un gruppo di dipendenti di una grande azienda dell&#8217;Agordino che abitualmente utilizzano l&#8217;autobus come mezzo di trasporto per recarsi al lavoro. Da questo mese gli abbonamenti sono aumentati e non di poco. Considerando che le tariffe erano ferme dal 2018 non contestiamo l&#8217;aumento in s\u00e9, quello ci pu\u00f2 stare visto che in questi 5 anni \u00e8 aumentato anche tutto il resto. Sui media locali tra le motivazioni dell&#8217;aumento era stata indicata la diminuzione del numero dei passeggeri tuttavia, gli autobus che utilizziamo quotidianamente, ci sembrano pieni di passeggeri, al pari se non di pi\u00f9 rispetto al pre-pandemia. Quelli che invece sugli autobus ci sembrano quasi scomparsi sono i controllori, al punto che, ci chiediamo, se in realt\u00e0 la diminuzione dell&#8217;utenza sia riscontrabile solo nel calo di numero degli abbonamenti pagati e\/o biglietti regolarmente obliterati. Vero che gli abitanti della nostra provincia hanno reputazione di persone oneste, ci mancherebbe, ma \u00e8 anche vero che i controlli rarissimi possono indurre una certa parte dell&#8217;utenza a farsi due conti, se conviene pagare qualche centinaio di euro annui per l&#8217;abbonamento oppure se tentare la sorte e, mal che vada, prendere una o due multe l&#8217;anno (che alla fine costano molta meno). Infatti, quando capita che salga un controllore, lo si vede trovare diverse persone senza titolo di viaggio (lavoratori, studenti, in stagione anche turisti) solo che poi non si vedono pi\u00f9 magari per molti mesi. Viene spontaneo chiedersi perch\u00e9 mai noi utenti in regola dobbiamo pagare di pi\u00f9 per compensare i mancati introiti dovuti a coloro che l&#8217;abbonamento o il biglietto non lo pagano? Possibile che non si riesca a fare controlli pi\u00f9 frequenti? Ci risulta che la situazione sia gi\u00e0 stata segnalata a DolomitiBus ma finora non si \u00e8 visto nessun cambiamento. Il servizio di trasporto pubblico \u00e8 molto importante per tutti ma anche le regole devono valere per tutti. Grazie per l&#8217;attenzione.<\/em><\/p><\/blockquote>\n<p>&nbsp;<\/p>\n<p>&nbsp;<\/p>\n<hr \/>\n<p>&nbsp;<\/p>\n<blockquote>\n<h3>BELLUNO PRIDE, MOMENTI DI GIOIA<\/h3>\n<\/blockquote>\n<p><span style=\"color: #ff00ff;\"><strong>VIDEO DI SERENA SOPPERA_TAIBON<\/strong><\/span><\/p>\n<p><iframe loading=\"lazy\" title=\"IL MIO PRIMO PRIDE  \u2764\ufe0f\ud83e\udde1\ud83d\udc9b\ud83d\udc9a\ud83d\udc99\ud83d\udc9c#bellunopride #pridebelluno\" width=\"1200\" height=\"675\" src=\"https:\/\/www.youtube.com\/embed\/tFBE_BkHjKw?feature=oembed\" frameborder=\"0\" allow=\"accelerometer; autoplay; clipboard-write; encrypted-media; gyroscope; picture-in-picture; web-share\" referrerpolicy=\"strict-origin-when-cross-origin\" allowfullscreen><\/iframe><\/p>\n<p>&nbsp;<\/p>\n<p><strong>BELLUNO<\/strong> Sotto al sole cocente di Belluno \u00e8 iniziato ufficialmente il Pride. Ragazzi e ragazze hanno portato la gioia dei colori, della musica e delle idee per il primo Pride bellunese. Con grande entusiasmo, la comunit\u00e0 LGBTQ+ ha preso parte alla manifestazione, che ha avuto inizio dal piazzale della stazione, per chiedere maggiori tutele e rispetto dei diritti delle persone appartenenti a questa comunit\u00e0 nella provincia. La citt\u00e0 si \u00e8 risvegliata in una festa di inclusione e celebrazione, con una moltitudine di persone che si sono unite per sostenere la diversit\u00e0 e promuovere un messaggio di uguaglianza. I partecipanti hanno sfilato lungo le vie principali di Belluno, indossando abiti colorati e portando bandiere arcobaleno, simbolo di orgoglio LGBTQ+. Durante la manifestazione, sono stati organizzati interventi politici e spettacoli per sensibilizzare la societ\u00e0 sull&#8217;importanza di garantire pari diritti e opportunit\u00e0 a tutti, indipendentemente dall&#8217;orientamento sessuale o dall&#8217;identit\u00e0 di genere. Gli interventi politici hanno sottolineato l&#8217;importanza di leggi e politiche inclusive per proteggere la comunit\u00e0 LGBTQ+ e combattere l&#8217;omofobia e la discriminazione. Dopo la sfilata, le celebrazioni\u00a0 alla Casa dei Beni Comuni, dove \u00e8 stato organizzato il party di chiusura dell&#8217;evento.\u00a0 Il Pride di Belluno rappresenta un passo importante nella lotta per i diritti LGBTQ+ nella provincia, dimostrando che la comunit\u00e0 \u00e8 unita e determinata nel chiedere rispetto, uguaglianza e tutele legali. L&#8217;evento ha offerto uno spazio sicuro e inclusivo in cui le persone possono esprimere liberamente la propria identit\u00e0 e sentirsi accettate. L&#8217;entusiasmo e il successo del primo Pride bellunese sono un segnale positivo per il futuro, incoraggiando una maggiore consapevolezza e accettazione nelle comunit\u00e0 locali. Si spera che questa celebrazione di diversit\u00e0 continui a crescere e a ispirare cambiamenti positivi per tutte le persone LGBTQ+ nella provincia di Belluno e oltre. (mirko mezzacasa)<\/p>\n<div class=\"absolute bottom-0 left-0 w-full border-t md:border-t-0 dark:border-white\/20 md:border-transparent md:dark:border-transparent md:bg-vert-light-gradient bg-white dark:bg-gray-800 md:!bg-transparent dark:md:bg-vert-dark-gradient pt-2 md:pl-2 md:w-[calc(100%-.5rem)]\">\n<form class=\"stretch mx-2 flex flex-row gap-3 last:mb-2 md:mx-4 md:last:mb-6 lg:mx-auto lg:max-w-2xl xl:max-w-3xl\">\n<div class=\"relative flex h-full flex-1 items-stretch md:flex-col\" role=\"presentation\">\n<div class=\"\">\n<div class=\"h-full flex ml-1 md:w-full md:m-auto md:mb-2 gap-0 md:gap-2 justify-center\">Per le foto e video grazie a Brunella, Carmela, Stefano.<\/div>\n<div><\/div>\n<\/div>\n<\/div>\n<\/form>\n<\/div>\n\n\t\t\t<style type='text\/css'>\n\t\t\t\t#gallery-4 {\n\t\t\t\t\tmargin: auto;\n\t\t\t\t}\n\t\t\t\t#gallery-4 .gallery-item {\n\t\t\t\t\tfloat: left;\n\t\t\t\t\tmargin-top: 10px;\n\t\t\t\t\ttext-align: center;\n\t\t\t\t\twidth: 16%;\n\t\t\t\t}\n\t\t\t\t#gallery-4 img {\n\t\t\t\t\tborder: 2px solid #cfcfcf;\n\t\t\t\t}\n\t\t\t\t#gallery-4 .gallery-caption {\n\t\t\t\t\tmargin-left: 0;\n\t\t\t\t}\n\t\t\t\t\/* see gallery_shortcode() in wp-includes\/media.php *\/\n\t\t\t<\/style>\n\t\t<div id='gallery-4' class='dt-gallery-container gallery galleryid-344143 gallery-columns-6 gallery-size-thumbnail'><dl class='gallery-item'>\n\t\t\t\t<dt class='gallery-icon landscape'>\n\t\t\t\t\t<a class=\"rollover rollover-zoom dt-pswp-item\" title=\"683dd057-501c-4117-b87b-c85585f67e7a\" data-dt-img-description=\"\" data-large_image_width=\"2048\" data-large_image_height=\"1536\"href='https:\/\/www.radiopiu.net\/wordpress\/wp-content\/uploads\/2023\/07\/683dd057-501c-4117-b87b-c85585f67e7a.jpg'><img loading=\"lazy\" decoding=\"async\" width=\"150\" height=\"150\" src=\"https:\/\/www.radiopiu.net\/wordpress\/wp-content\/uploads\/2023\/07\/683dd057-501c-4117-b87b-c85585f67e7a-150x150.jpg\" class=\"attachment-thumbnail size-thumbnail\" alt=\"\" \/><\/a>\n\t\t\t\t<\/dt><\/dl><dl class='gallery-item'>\n\t\t\t\t<dt class='gallery-icon landscape'>\n\t\t\t\t\t<a class=\"rollover rollover-zoom dt-pswp-item\" title=\"dfaa44ee-1670-405a-a256-dbb2d9d55360\" data-dt-img-description=\"\" data-large_image_width=\"2048\" data-large_image_height=\"1536\"href='https:\/\/www.radiopiu.net\/wordpress\/wp-content\/uploads\/2023\/07\/dfaa44ee-1670-405a-a256-dbb2d9d55360.jpg'><img loading=\"lazy\" decoding=\"async\" width=\"150\" height=\"150\" src=\"https:\/\/www.radiopiu.net\/wordpress\/wp-content\/uploads\/2023\/07\/dfaa44ee-1670-405a-a256-dbb2d9d55360-150x150.jpg\" class=\"attachment-thumbnail size-thumbnail\" alt=\"\" \/><\/a>\n\t\t\t\t<\/dt><\/dl><dl class='gallery-item'>\n\t\t\t\t<dt class='gallery-icon landscape'>\n\t\t\t\t\t<a class=\"rollover rollover-zoom dt-pswp-item\" title=\"7c9bc511-9d04-4f8c-b4ef-b822b2014c5e\" data-dt-img-description=\"\" data-large_image_width=\"2048\" data-large_image_height=\"1536\"href='https:\/\/www.radiopiu.net\/wordpress\/wp-content\/uploads\/2023\/07\/7c9bc511-9d04-4f8c-b4ef-b822b2014c5e.jpg'><img loading=\"lazy\" decoding=\"async\" width=\"150\" height=\"150\" src=\"https:\/\/www.radiopiu.net\/wordpress\/wp-content\/uploads\/2023\/07\/7c9bc511-9d04-4f8c-b4ef-b822b2014c5e-150x150.jpg\" class=\"attachment-thumbnail size-thumbnail\" alt=\"\" \/><\/a>\n\t\t\t\t<\/dt><\/dl><dl class='gallery-item'>\n\t\t\t\t<dt class='gallery-icon landscape'>\n\t\t\t\t\t<a class=\"rollover rollover-zoom dt-pswp-item\" title=\"ce36bbe7-bdd5-4dbf-96fa-742dbc64922f\" data-dt-img-description=\"\" data-large_image_width=\"2048\" data-large_image_height=\"1536\"href='https:\/\/www.radiopiu.net\/wordpress\/wp-content\/uploads\/2023\/07\/ce36bbe7-bdd5-4dbf-96fa-742dbc64922f.jpg'><img loading=\"lazy\" decoding=\"async\" width=\"150\" height=\"150\" src=\"https:\/\/www.radiopiu.net\/wordpress\/wp-content\/uploads\/2023\/07\/ce36bbe7-bdd5-4dbf-96fa-742dbc64922f-150x150.jpg\" class=\"attachment-thumbnail size-thumbnail\" alt=\"\" \/><\/a>\n\t\t\t\t<\/dt><\/dl><dl class='gallery-item'>\n\t\t\t\t<dt class='gallery-icon landscape'>\n\t\t\t\t\t<a class=\"rollover rollover-zoom dt-pswp-item\" title=\"5a3e7962-929d-4a2a-8388-7d3425d715d5\" data-dt-img-description=\"\" data-large_image_width=\"2048\" data-large_image_height=\"1536\"href='https:\/\/www.radiopiu.net\/wordpress\/wp-content\/uploads\/2023\/07\/5a3e7962-929d-4a2a-8388-7d3425d715d5.jpg'><img loading=\"lazy\" decoding=\"async\" width=\"150\" height=\"150\" src=\"https:\/\/www.radiopiu.net\/wordpress\/wp-content\/uploads\/2023\/07\/5a3e7962-929d-4a2a-8388-7d3425d715d5-150x150.jpg\" class=\"attachment-thumbnail size-thumbnail\" alt=\"\" \/><\/a>\n\t\t\t\t<\/dt><\/dl><dl class='gallery-item'>\n\t\t\t\t<dt class='gallery-icon landscape'>\n\t\t\t\t\t<a class=\"rollover rollover-zoom dt-pswp-item\" title=\"c3071c2e-0d69-4110-93fd-f9f47836678c\" data-dt-img-description=\"\" data-large_image_width=\"2048\" data-large_image_height=\"1536\"href='https:\/\/www.radiopiu.net\/wordpress\/wp-content\/uploads\/2023\/07\/c3071c2e-0d69-4110-93fd-f9f47836678c.jpg'><img loading=\"lazy\" decoding=\"async\" width=\"150\" height=\"150\" src=\"https:\/\/www.radiopiu.net\/wordpress\/wp-content\/uploads\/2023\/07\/c3071c2e-0d69-4110-93fd-f9f47836678c-150x150.jpg\" class=\"attachment-thumbnail size-thumbnail\" alt=\"\" \/><\/a>\n\t\t\t\t<\/dt><\/dl><br style=\"clear: both\" \/><dl class='gallery-item'>\n\t\t\t\t<dt class='gallery-icon landscape'>\n\t\t\t\t\t<a class=\"rollover rollover-zoom dt-pswp-item\" title=\"3c84925b-9ae1-442b-a297-1f1ca5bb79ab\" data-dt-img-description=\"\" data-large_image_width=\"2048\" data-large_image_height=\"1536\"href='https:\/\/www.radiopiu.net\/wordpress\/wp-content\/uploads\/2023\/07\/3c84925b-9ae1-442b-a297-1f1ca5bb79ab.jpg'><img loading=\"lazy\" decoding=\"async\" width=\"150\" height=\"150\" src=\"https:\/\/www.radiopiu.net\/wordpress\/wp-content\/uploads\/2023\/07\/3c84925b-9ae1-442b-a297-1f1ca5bb79ab-150x150.jpg\" class=\"attachment-thumbnail size-thumbnail\" alt=\"\" \/><\/a>\n\t\t\t\t<\/dt><\/dl><dl class='gallery-item'>\n\t\t\t\t<dt class='gallery-icon landscape'>\n\t\t\t\t\t<a class=\"rollover rollover-zoom dt-pswp-item\" title=\"cc5bce50-516f-45f1-baeb-39d1e3ecc586\" data-dt-img-description=\"\" data-large_image_width=\"2048\" data-large_image_height=\"1536\"href='https:\/\/www.radiopiu.net\/wordpress\/wp-content\/uploads\/2023\/07\/cc5bce50-516f-45f1-baeb-39d1e3ecc586.jpg'><img loading=\"lazy\" decoding=\"async\" width=\"150\" height=\"150\" src=\"https:\/\/www.radiopiu.net\/wordpress\/wp-content\/uploads\/2023\/07\/cc5bce50-516f-45f1-baeb-39d1e3ecc586-150x150.jpg\" class=\"attachment-thumbnail size-thumbnail\" alt=\"\" \/><\/a>\n\t\t\t\t<\/dt><\/dl><dl class='gallery-item'>\n\t\t\t\t<dt class='gallery-icon landscape'>\n\t\t\t\t\t<a class=\"rollover rollover-zoom dt-pswp-item\" title=\"fc184caa-c18f-472e-b2d7-3ed24c4dfd7e\" data-dt-img-description=\"\" data-large_image_width=\"2048\" data-large_image_height=\"1536\"href='https:\/\/www.radiopiu.net\/wordpress\/wp-content\/uploads\/2023\/07\/fc184caa-c18f-472e-b2d7-3ed24c4dfd7e.jpg'><img loading=\"lazy\" decoding=\"async\" width=\"150\" height=\"150\" src=\"https:\/\/www.radiopiu.net\/wordpress\/wp-content\/uploads\/2023\/07\/fc184caa-c18f-472e-b2d7-3ed24c4dfd7e-150x150.jpg\" class=\"attachment-thumbnail size-thumbnail\" alt=\"\" \/><\/a>\n\t\t\t\t<\/dt><\/dl><dl class='gallery-item'>\n\t\t\t\t<dt class='gallery-icon landscape'>\n\t\t\t\t\t<a class=\"rollover rollover-zoom dt-pswp-item\" title=\"3412163a-63a3-4893-8e4f-455bc92dae46\" data-dt-img-description=\"\" data-large_image_width=\"2048\" data-large_image_height=\"1536\"href='https:\/\/www.radiopiu.net\/wordpress\/wp-content\/uploads\/2023\/07\/3412163a-63a3-4893-8e4f-455bc92dae46.jpg'><img loading=\"lazy\" decoding=\"async\" width=\"150\" height=\"150\" src=\"https:\/\/www.radiopiu.net\/wordpress\/wp-content\/uploads\/2023\/07\/3412163a-63a3-4893-8e4f-455bc92dae46-150x150.jpg\" class=\"attachment-thumbnail size-thumbnail\" alt=\"\" \/><\/a>\n\t\t\t\t<\/dt><\/dl><dl class='gallery-item'>\n\t\t\t\t<dt class='gallery-icon landscape'>\n\t\t\t\t\t<a class=\"rollover rollover-zoom dt-pswp-item\" title=\"8f60e833-e8a4-4742-9413-324600c6d61e\" data-dt-img-description=\"\" data-large_image_width=\"2048\" data-large_image_height=\"1536\"href='https:\/\/www.radiopiu.net\/wordpress\/wp-content\/uploads\/2023\/07\/8f60e833-e8a4-4742-9413-324600c6d61e.jpg'><img loading=\"lazy\" decoding=\"async\" width=\"150\" height=\"150\" src=\"https:\/\/www.radiopiu.net\/wordpress\/wp-content\/uploads\/2023\/07\/8f60e833-e8a4-4742-9413-324600c6d61e-150x150.jpg\" class=\"attachment-thumbnail size-thumbnail\" alt=\"\" \/><\/a>\n\t\t\t\t<\/dt><\/dl><dl class='gallery-item'>\n\t\t\t\t<dt class='gallery-icon landscape'>\n\t\t\t\t\t<a class=\"rollover rollover-zoom dt-pswp-item\" title=\"72ad4562-e334-4c8d-a58c-0328c7185688\" data-dt-img-description=\"\" data-large_image_width=\"2048\" data-large_image_height=\"1536\"href='https:\/\/www.radiopiu.net\/wordpress\/wp-content\/uploads\/2023\/07\/72ad4562-e334-4c8d-a58c-0328c7185688.jpg'><img loading=\"lazy\" decoding=\"async\" width=\"150\" height=\"150\" src=\"https:\/\/www.radiopiu.net\/wordpress\/wp-content\/uploads\/2023\/07\/72ad4562-e334-4c8d-a58c-0328c7185688-150x150.jpg\" class=\"attachment-thumbnail size-thumbnail\" alt=\"\" \/><\/a>\n\t\t\t\t<\/dt><\/dl><br style=\"clear: both\" \/><dl class='gallery-item'>\n\t\t\t\t<dt class='gallery-icon landscape'>\n\t\t\t\t\t<a class=\"rollover rollover-zoom dt-pswp-item\" title=\"bdad3205-9d63-4cbc-9625-0e071382493f\" data-dt-img-description=\"\" data-large_image_width=\"2048\" data-large_image_height=\"1536\"href='https:\/\/www.radiopiu.net\/wordpress\/wp-content\/uploads\/2023\/07\/bdad3205-9d63-4cbc-9625-0e071382493f.jpg'><img loading=\"lazy\" decoding=\"async\" width=\"150\" height=\"150\" src=\"https:\/\/www.radiopiu.net\/wordpress\/wp-content\/uploads\/2023\/07\/bdad3205-9d63-4cbc-9625-0e071382493f-150x150.jpg\" class=\"attachment-thumbnail size-thumbnail\" alt=\"\" \/><\/a>\n\t\t\t\t<\/dt><\/dl><dl class='gallery-item'>\n\t\t\t\t<dt class='gallery-icon landscape'>\n\t\t\t\t\t<a class=\"rollover rollover-zoom dt-pswp-item\" title=\"90b69d85-4bc9-4d4e-8211-c5ef8c73a0d0\" data-dt-img-description=\"\" data-large_image_width=\"1024\" data-large_image_height=\"768\"href='https:\/\/www.radiopiu.net\/wordpress\/wp-content\/uploads\/2023\/07\/90b69d85-4bc9-4d4e-8211-c5ef8c73a0d0.jpg'><img loading=\"lazy\" decoding=\"async\" width=\"150\" height=\"150\" src=\"https:\/\/www.radiopiu.net\/wordpress\/wp-content\/uploads\/2023\/07\/90b69d85-4bc9-4d4e-8211-c5ef8c73a0d0-150x150.jpg\" class=\"attachment-thumbnail size-thumbnail\" alt=\"\" \/><\/a>\n\t\t\t\t<\/dt><\/dl><dl class='gallery-item'>\n\t\t\t\t<dt class='gallery-icon landscape'>\n\t\t\t\t\t<a class=\"rollover rollover-zoom dt-pswp-item\" title=\"4349f6ad-5494-44fa-a4df-de5b9f855924\" data-dt-img-description=\"\" data-large_image_width=\"1024\" data-large_image_height=\"768\"href='https:\/\/www.radiopiu.net\/wordpress\/wp-content\/uploads\/2023\/07\/4349f6ad-5494-44fa-a4df-de5b9f855924.jpg'><img loading=\"lazy\" decoding=\"async\" width=\"150\" height=\"150\" src=\"https:\/\/www.radiopiu.net\/wordpress\/wp-content\/uploads\/2023\/07\/4349f6ad-5494-44fa-a4df-de5b9f855924-150x150.jpg\" class=\"attachment-thumbnail size-thumbnail\" alt=\"\" \/><\/a>\n\t\t\t\t<\/dt><\/dl><dl class='gallery-item'>\n\t\t\t\t<dt class='gallery-icon portrait'>\n\t\t\t\t\t<a class=\"rollover rollover-zoom dt-pswp-item\" title=\"6268f12d-4a9c-4b15-86d1-35dee0364f97\" data-dt-img-description=\"\" data-large_image_width=\"473\" data-large_image_height=\"1024\"href='https:\/\/www.radiopiu.net\/wordpress\/wp-content\/uploads\/2023\/07\/6268f12d-4a9c-4b15-86d1-35dee0364f97.jpg'><img loading=\"lazy\" decoding=\"async\" width=\"150\" height=\"150\" src=\"https:\/\/www.radiopiu.net\/wordpress\/wp-content\/uploads\/2023\/07\/6268f12d-4a9c-4b15-86d1-35dee0364f97-150x150.jpg\" class=\"attachment-thumbnail size-thumbnail\" alt=\"\" \/><\/a>\n\t\t\t\t<\/dt><\/dl><dl class='gallery-item'>\n\t\t\t\t<dt class='gallery-icon portrait'>\n\t\t\t\t\t<a class=\"rollover rollover-zoom dt-pswp-item\" title=\"2d269d83-f49c-4975-8607-de0a31b30fcc\" data-dt-img-description=\"\" data-large_image_width=\"899\" data-large_image_height=\"1599\"href='https:\/\/www.radiopiu.net\/wordpress\/wp-content\/uploads\/2023\/07\/2d269d83-f49c-4975-8607-de0a31b30fcc.jpg'><img loading=\"lazy\" decoding=\"async\" width=\"150\" height=\"150\" src=\"https:\/\/www.radiopiu.net\/wordpress\/wp-content\/uploads\/2023\/07\/2d269d83-f49c-4975-8607-de0a31b30fcc-150x150.jpg\" class=\"attachment-thumbnail size-thumbnail\" alt=\"\" \/><\/a>\n\t\t\t\t<\/dt><\/dl><dl class='gallery-item'>\n\t\t\t\t<dt class='gallery-icon landscape'>\n\t\t\t\t\t<a class=\"rollover rollover-zoom dt-pswp-item\" title=\"b554ca4d-6938-460f-abe0-ebab5aef65b4\" data-dt-img-description=\"\" data-large_image_width=\"1599\" data-large_image_height=\"899\"href='https:\/\/www.radiopiu.net\/wordpress\/wp-content\/uploads\/2023\/07\/b554ca4d-6938-460f-abe0-ebab5aef65b4.jpg'><img loading=\"lazy\" decoding=\"async\" width=\"150\" height=\"150\" src=\"https:\/\/www.radiopiu.net\/wordpress\/wp-content\/uploads\/2023\/07\/b554ca4d-6938-460f-abe0-ebab5aef65b4-150x150.jpg\" class=\"attachment-thumbnail size-thumbnail\" alt=\"\" \/><\/a>\n\t\t\t\t<\/dt><\/dl><br style=\"clear: both\" \/><dl class='gallery-item'>\n\t\t\t\t<dt class='gallery-icon portrait'>\n\t\t\t\t\t<a class=\"rollover rollover-zoom dt-pswp-item\" title=\"c3273f85-0b5a-4794-8302-61f2569448f9\" data-dt-img-description=\"\" data-large_image_width=\"899\" data-large_image_height=\"1599\"href='https:\/\/www.radiopiu.net\/wordpress\/wp-content\/uploads\/2023\/07\/c3273f85-0b5a-4794-8302-61f2569448f9.jpg'><img loading=\"lazy\" decoding=\"async\" width=\"150\" height=\"150\" src=\"https:\/\/www.radiopiu.net\/wordpress\/wp-content\/uploads\/2023\/07\/c3273f85-0b5a-4794-8302-61f2569448f9-150x150.jpg\" class=\"attachment-thumbnail size-thumbnail\" alt=\"\" \/><\/a>\n\t\t\t\t<\/dt><\/dl><dl class='gallery-item'>\n\t\t\t\t<dt class='gallery-icon portrait'>\n\t\t\t\t\t<a class=\"rollover rollover-zoom dt-pswp-item\" title=\"374c9cdd-0d68-4f79-a058-52d68286dede\" data-dt-img-description=\"\" data-large_image_width=\"899\" data-large_image_height=\"1599\"href='https:\/\/www.radiopiu.net\/wordpress\/wp-content\/uploads\/2023\/07\/374c9cdd-0d68-4f79-a058-52d68286dede.jpg'><img loading=\"lazy\" decoding=\"async\" width=\"150\" height=\"150\" src=\"https:\/\/www.radiopiu.net\/wordpress\/wp-content\/uploads\/2023\/07\/374c9cdd-0d68-4f79-a058-52d68286dede-150x150.jpg\" class=\"attachment-thumbnail size-thumbnail\" alt=\"\" \/><\/a>\n\t\t\t\t<\/dt><\/dl><dl class='gallery-item'>\n\t\t\t\t<dt class='gallery-icon portrait'>\n\t\t\t\t\t<a class=\"rollover rollover-zoom dt-pswp-item\" title=\"a623ecc6-223f-47d5-8a90-43e083bb817c\" data-dt-img-description=\"\" data-large_image_width=\"899\" data-large_image_height=\"1599\"href='https:\/\/www.radiopiu.net\/wordpress\/wp-content\/uploads\/2023\/07\/a623ecc6-223f-47d5-8a90-43e083bb817c.jpg'><img loading=\"lazy\" decoding=\"async\" width=\"150\" height=\"150\" src=\"https:\/\/www.radiopiu.net\/wordpress\/wp-content\/uploads\/2023\/07\/a623ecc6-223f-47d5-8a90-43e083bb817c-150x150.jpg\" class=\"attachment-thumbnail size-thumbnail\" alt=\"\" \/><\/a>\n\t\t\t\t<\/dt><\/dl><dl class='gallery-item'>\n\t\t\t\t<dt class='gallery-icon portrait'>\n\t\t\t\t\t<a class=\"rollover rollover-zoom dt-pswp-item\" title=\"76a077d7-34bf-437f-8b73-b7b58aceaf7e\" data-dt-img-description=\"\" data-large_image_width=\"739\" data-large_image_height=\"1600\"href='https:\/\/www.radiopiu.net\/wordpress\/wp-content\/uploads\/2023\/07\/76a077d7-34bf-437f-8b73-b7b58aceaf7e.jpg'><img loading=\"lazy\" decoding=\"async\" width=\"150\" height=\"150\" src=\"https:\/\/www.radiopiu.net\/wordpress\/wp-content\/uploads\/2023\/07\/76a077d7-34bf-437f-8b73-b7b58aceaf7e-150x150.jpg\" class=\"attachment-thumbnail size-thumbnail\" alt=\"\" \/><\/a>\n\t\t\t\t<\/dt><\/dl><dl class='gallery-item'>\n\t\t\t\t<dt class='gallery-icon landscape'>\n\t\t\t\t\t<a class=\"rollover rollover-zoom dt-pswp-item\" title=\"5c334eb9-f962-46e5-bf8c-5722121f1da9\" data-dt-img-description=\"\" data-large_image_width=\"1599\" data-large_image_height=\"899\"href='https:\/\/www.radiopiu.net\/wordpress\/wp-content\/uploads\/2023\/07\/5c334eb9-f962-46e5-bf8c-5722121f1da9.jpg'><img loading=\"lazy\" decoding=\"async\" width=\"150\" height=\"150\" src=\"https:\/\/www.radiopiu.net\/wordpress\/wp-content\/uploads\/2023\/07\/5c334eb9-f962-46e5-bf8c-5722121f1da9-150x150.jpg\" class=\"attachment-thumbnail size-thumbnail\" alt=\"\" \/><\/a>\n\t\t\t\t<\/dt><\/dl><dl class='gallery-item'>\n\t\t\t\t<dt class='gallery-icon portrait'>\n\t\t\t\t\t<a class=\"rollover rollover-zoom dt-pswp-item\" title=\"56d4c16f-5be0-4570-b9d1-4155a989c9d8\" data-dt-img-description=\"\" data-large_image_width=\"739\" data-large_image_height=\"1600\"href='https:\/\/www.radiopiu.net\/wordpress\/wp-content\/uploads\/2023\/07\/56d4c16f-5be0-4570-b9d1-4155a989c9d8.jpg'><img loading=\"lazy\" decoding=\"async\" width=\"150\" height=\"150\" src=\"https:\/\/www.radiopiu.net\/wordpress\/wp-content\/uploads\/2023\/07\/56d4c16f-5be0-4570-b9d1-4155a989c9d8-150x150.jpg\" class=\"attachment-thumbnail size-thumbnail\" alt=\"\" \/><\/a>\n\t\t\t\t<\/dt><\/dl><br style=\"clear: both\" \/><dl class='gallery-item'>\n\t\t\t\t<dt class='gallery-icon landscape'>\n\t\t\t\t\t<a class=\"rollover rollover-zoom dt-pswp-item\" title=\"49973200-5c1c-4c70-a252-cd445f68202b\" data-dt-img-description=\"\" data-large_image_width=\"1024\" data-large_image_height=\"768\"href='https:\/\/www.radiopiu.net\/wordpress\/wp-content\/uploads\/2023\/07\/49973200-5c1c-4c70-a252-cd445f68202b.jpg'><img loading=\"lazy\" decoding=\"async\" width=\"150\" height=\"150\" src=\"https:\/\/www.radiopiu.net\/wordpress\/wp-content\/uploads\/2023\/07\/49973200-5c1c-4c70-a252-cd445f68202b-150x150.jpg\" class=\"attachment-thumbnail size-thumbnail\" alt=\"\" \/><\/a>\n\t\t\t\t<\/dt><\/dl><dl class='gallery-item'>\n\t\t\t\t<dt class='gallery-icon landscape'>\n\t\t\t\t\t<a class=\"rollover rollover-zoom dt-pswp-item\" title=\"5669e184-2996-47cf-af8b-3ab9b6e9b8d6\" data-dt-img-description=\"\" data-large_image_width=\"1024\" data-large_image_height=\"768\"href='https:\/\/www.radiopiu.net\/wordpress\/wp-content\/uploads\/2023\/07\/5669e184-2996-47cf-af8b-3ab9b6e9b8d6.jpg'><img loading=\"lazy\" decoding=\"async\" width=\"150\" height=\"150\" src=\"https:\/\/www.radiopiu.net\/wordpress\/wp-content\/uploads\/2023\/07\/5669e184-2996-47cf-af8b-3ab9b6e9b8d6-150x150.jpg\" class=\"attachment-thumbnail size-thumbnail\" alt=\"\" \/><\/a>\n\t\t\t\t<\/dt><\/dl><dl class='gallery-item'>\n\t\t\t\t<dt class='gallery-icon landscape'>\n\t\t\t\t\t<a class=\"rollover rollover-zoom dt-pswp-item\" title=\"41b40b90-9f38-4d43-9095-93f7101c2f56\" data-dt-img-description=\"\" data-large_image_width=\"1024\" data-large_image_height=\"768\"href='https:\/\/www.radiopiu.net\/wordpress\/wp-content\/uploads\/2023\/07\/41b40b90-9f38-4d43-9095-93f7101c2f56.jpg'><img loading=\"lazy\" decoding=\"async\" width=\"150\" height=\"150\" src=\"https:\/\/www.radiopiu.net\/wordpress\/wp-content\/uploads\/2023\/07\/41b40b90-9f38-4d43-9095-93f7101c2f56-150x150.jpg\" class=\"attachment-thumbnail size-thumbnail\" alt=\"\" \/><\/a>\n\t\t\t\t<\/dt><\/dl><dl class='gallery-item'>\n\t\t\t\t<dt class='gallery-icon portrait'>\n\t\t\t\t\t<a class=\"rollover rollover-zoom dt-pswp-item\" title=\"30bbaf56-87ee-4d1d-b7fa-9e06e0eff577\" data-dt-img-description=\"\" data-large_image_width=\"768\" data-large_image_height=\"1024\"href='https:\/\/www.radiopiu.net\/wordpress\/wp-content\/uploads\/2023\/07\/30bbaf56-87ee-4d1d-b7fa-9e06e0eff577.jpg'><img loading=\"lazy\" decoding=\"async\" width=\"150\" height=\"150\" src=\"https:\/\/www.radiopiu.net\/wordpress\/wp-content\/uploads\/2023\/07\/30bbaf56-87ee-4d1d-b7fa-9e06e0eff577-150x150.jpg\" class=\"attachment-thumbnail size-thumbnail\" alt=\"\" \/><\/a>\n\t\t\t\t<\/dt><\/dl><dl class='gallery-item'>\n\t\t\t\t<dt class='gallery-icon landscape'>\n\t\t\t\t\t<a class=\"rollover rollover-zoom dt-pswp-item\" title=\"8ac75b63-8438-48fd-980e-347f7b5b5010\" data-dt-img-description=\"\" data-large_image_width=\"1024\" data-large_image_height=\"768\"href='https:\/\/www.radiopiu.net\/wordpress\/wp-content\/uploads\/2023\/07\/8ac75b63-8438-48fd-980e-347f7b5b5010.jpg'><img loading=\"lazy\" decoding=\"async\" width=\"150\" height=\"150\" src=\"https:\/\/www.radiopiu.net\/wordpress\/wp-content\/uploads\/2023\/07\/8ac75b63-8438-48fd-980e-347f7b5b5010-150x150.jpg\" class=\"attachment-thumbnail size-thumbnail\" alt=\"\" \/><\/a>\n\t\t\t\t<\/dt><\/dl><dl class='gallery-item'>\n\t\t\t\t<dt class='gallery-icon landscape'>\n\t\t\t\t\t<a class=\"rollover rollover-zoom dt-pswp-item\" title=\"7a226e98-5d1c-458b-a1b4-ce0440266471\" data-dt-img-description=\"\" data-large_image_width=\"1024\" data-large_image_height=\"768\"href='https:\/\/www.radiopiu.net\/wordpress\/wp-content\/uploads\/2023\/07\/7a226e98-5d1c-458b-a1b4-ce0440266471.jpg'><img loading=\"lazy\" decoding=\"async\" width=\"150\" height=\"150\" src=\"https:\/\/www.radiopiu.net\/wordpress\/wp-content\/uploads\/2023\/07\/7a226e98-5d1c-458b-a1b4-ce0440266471-150x150.jpg\" class=\"attachment-thumbnail size-thumbnail\" alt=\"\" \/><\/a>\n\t\t\t\t<\/dt><\/dl><br style=\"clear: both\" \/><dl class='gallery-item'>\n\t\t\t\t<dt class='gallery-icon landscape'>\n\t\t\t\t\t<a class=\"rollover rollover-zoom dt-pswp-item\" title=\"2da953d1-afe5-4181-bc77-626682290839\" data-dt-img-description=\"\" data-large_image_width=\"1024\" data-large_image_height=\"768\"href='https:\/\/www.radiopiu.net\/wordpress\/wp-content\/uploads\/2023\/07\/2da953d1-afe5-4181-bc77-626682290839.jpg'><img loading=\"lazy\" decoding=\"async\" width=\"150\" height=\"150\" src=\"https:\/\/www.radiopiu.net\/wordpress\/wp-content\/uploads\/2023\/07\/2da953d1-afe5-4181-bc77-626682290839-150x150.jpg\" class=\"attachment-thumbnail size-thumbnail\" alt=\"\" \/><\/a>\n\t\t\t\t<\/dt><\/dl><dl class='gallery-item'>\n\t\t\t\t<dt class='gallery-icon landscape'>\n\t\t\t\t\t<a class=\"rollover rollover-zoom dt-pswp-item\" title=\"dc2dbc5b-cb8a-4af3-8a6d-22ecb6f99d62\" data-dt-img-description=\"\" data-large_image_width=\"1024\" data-large_image_height=\"768\"href='https:\/\/www.radiopiu.net\/wordpress\/wp-content\/uploads\/2023\/07\/dc2dbc5b-cb8a-4af3-8a6d-22ecb6f99d62.jpg'><img loading=\"lazy\" decoding=\"async\" width=\"150\" height=\"150\" src=\"https:\/\/www.radiopiu.net\/wordpress\/wp-content\/uploads\/2023\/07\/dc2dbc5b-cb8a-4af3-8a6d-22ecb6f99d62-150x150.jpg\" class=\"attachment-thumbnail size-thumbnail\" alt=\"\" \/><\/a>\n\t\t\t\t<\/dt><\/dl><dl class='gallery-item'>\n\t\t\t\t<dt class='gallery-icon landscape'>\n\t\t\t\t\t<a class=\"rollover rollover-zoom dt-pswp-item\" title=\"d41b67cd-1551-4564-9dbb-655673472234\" data-dt-img-description=\"\" data-large_image_width=\"1024\" data-large_image_height=\"768\"href='https:\/\/www.radiopiu.net\/wordpress\/wp-content\/uploads\/2023\/07\/d41b67cd-1551-4564-9dbb-655673472234.jpg'><img loading=\"lazy\" decoding=\"async\" width=\"150\" height=\"150\" src=\"https:\/\/www.radiopiu.net\/wordpress\/wp-content\/uploads\/2023\/07\/d41b67cd-1551-4564-9dbb-655673472234-150x150.jpg\" class=\"attachment-thumbnail size-thumbnail\" alt=\"\" \/><\/a>\n\t\t\t\t<\/dt><\/dl><dl class='gallery-item'>\n\t\t\t\t<dt class='gallery-icon landscape'>\n\t\t\t\t\t<a class=\"rollover rollover-zoom dt-pswp-item\" title=\"d5ec2a4c-b4d7-48dd-8185-1193ba618e38\" data-dt-img-description=\"\" data-large_image_width=\"1024\" data-large_image_height=\"768\"href='https:\/\/www.radiopiu.net\/wordpress\/wp-content\/uploads\/2023\/07\/d5ec2a4c-b4d7-48dd-8185-1193ba618e38.jpg'><img loading=\"lazy\" decoding=\"async\" width=\"150\" height=\"150\" src=\"https:\/\/www.radiopiu.net\/wordpress\/wp-content\/uploads\/2023\/07\/d5ec2a4c-b4d7-48dd-8185-1193ba618e38-150x150.jpg\" class=\"attachment-thumbnail size-thumbnail\" alt=\"\" \/><\/a>\n\t\t\t\t<\/dt><\/dl><dl class='gallery-item'>\n\t\t\t\t<dt class='gallery-icon landscape'>\n\t\t\t\t\t<a class=\"rollover rollover-zoom dt-pswp-item\" title=\"40fd6402-2ac1-4a2d-8f31-e7a6db7622b4\" data-dt-img-description=\"\" data-large_image_width=\"1345\" data-large_image_height=\"887\"href='https:\/\/www.radiopiu.net\/wordpress\/wp-content\/uploads\/2023\/07\/40fd6402-2ac1-4a2d-8f31-e7a6db7622b4.jpg'><img loading=\"lazy\" decoding=\"async\" width=\"150\" height=\"150\" src=\"https:\/\/www.radiopiu.net\/wordpress\/wp-content\/uploads\/2023\/07\/40fd6402-2ac1-4a2d-8f31-e7a6db7622b4-150x150.jpg\" class=\"attachment-thumbnail size-thumbnail\" alt=\"\" \/><\/a>\n\t\t\t\t<\/dt><\/dl><dl class='gallery-item'>\n\t\t\t\t<dt class='gallery-icon landscape'>\n\t\t\t\t\t<a class=\"rollover rollover-zoom dt-pswp-item\" title=\"Senza nome\" data-dt-img-description=\"\" data-large_image_width=\"635\" data-large_image_height=\"350\"href='https:\/\/www.radiopiu.net\/wordpress\/wp-content\/uploads\/2023\/07\/Senza-nome-36.png'><img loading=\"lazy\" decoding=\"async\" width=\"150\" height=\"150\" src=\"https:\/\/www.radiopiu.net\/wordpress\/wp-content\/uploads\/2023\/07\/Senza-nome-36-150x150.png\" class=\"attachment-thumbnail size-thumbnail\" alt=\"\" \/><\/a>\n\t\t\t\t<\/dt><\/dl><br style=\"clear: both\" \/>\n\t\t\t<\/div>\n\n<p>&nbsp;<\/p>\n<div style=\"width: 848px;\" class=\"wp-video\"><video class=\"wp-video-shortcode\" id=\"video-344143-1\" width=\"848\" height=\"480\" preload=\"metadata\" controls=\"controls\"><source type=\"video\/mp4\" src=\"https:\/\/www.radiopiu.net\/wordpress\/wp-content\/uploads\/2023\/07\/WhatsApp-Video-2023-07-15-at-15.12.12.mp4?_=1\" \/><a href=\"https:\/\/www.radiopiu.net\/wordpress\/wp-content\/uploads\/2023\/07\/WhatsApp-Video-2023-07-15-at-15.12.12.mp4\">https:\/\/www.radiopiu.net\/wordpress\/wp-content\/uploads\/2023\/07\/WhatsApp-Video-2023-07-15-at-15.12.12.mp4<\/a><\/video><\/div>\n<p>&nbsp;<\/p>\n<div style=\"width: 848px;\" class=\"wp-video\"><video class=\"wp-video-shortcode\" id=\"video-344143-2\" width=\"848\" height=\"480\" preload=\"metadata\" controls=\"controls\"><source type=\"video\/mp4\" src=\"https:\/\/www.radiopiu.net\/wordpress\/wp-content\/uploads\/2023\/07\/WhatsApp-Video-2023-07-15-at-15.30.10.mp4?_=2\" \/><a href=\"https:\/\/www.radiopiu.net\/wordpress\/wp-content\/uploads\/2023\/07\/WhatsApp-Video-2023-07-15-at-15.30.10.mp4\">https:\/\/www.radiopiu.net\/wordpress\/wp-content\/uploads\/2023\/07\/WhatsApp-Video-2023-07-15-at-15.30.10.mp4<\/a><\/video><\/div>\n<p>&nbsp;<\/p>\n<p><strong>REAZIONE, IL SINDACO DI BELLUNO OSCAR DE PELLEGRIN\u00a0<\/strong><\/p>\n<p align=\"JUSTIFY\"><span style=\"color: #000000;\">\u201c<span style=\"font-family: Arial, serif;\"><span style=\"font-size: large;\">E\u2019 stato un piacere partecipare, come sindaco e cittadino, al Pride Day \u2013\u00a0 E\u2019 stato un pomeriggio di festa, la festa dei diritti contro ogni forma di discriminazione, la celebrazione della ricchezza che nasce dalla differenza e la celebrazione di ogni forma di amore. Ho sempre sostenuto e sempre sosterr\u00f2 chi, con metodi democratici e nel pieno rispetto del pensiero di tutti, manifesta il proprio pensiero mettendoci la faccia e promuovendo dialogo e confronto costruttivi. Allo stesso modo chi porta avanti le proprie idee fino a chiedere modifiche alla normativa in vigore. Chi si spende e lotta per quello in cui crede. P<\/span><\/span><\/span><span style=\"color: #000000;\"><span style=\"font-family: Arial, serif;\"><span style=\"font-size: large;\">er tutti questi motivi e per altri ancora, fin dal principio ho sostenuto la presenza del Pride Day a Belluno. <\/span><\/span><\/span><span style=\"color: #000000;\"><span style=\"font-family: Arial, serif;\"><span style=\"font-size: large;\">Dispiace davvero che le polemiche delle scorse settimane abbiano fatto venir meno il dialogo, sempre positivo e sereno, che in questi mesi ho avuto con l\u2019organizzazione del Pride e che mi auguro di recuperare\u201d.<\/span><\/span><\/span><\/p>\n<hr \/>\n<blockquote>\n<h3><\/h3>\n<h3>IL MINISTRO DELLE IMPRESE URSO ANNUNCIA LE NORME PER RIAPRIRE LE MINIERE<\/h3>\n<\/blockquote>\n<p><a class=\"dt-pswp-item\" href=\"https:\/\/www.radiopiu.net\/wordpress\/wp-content\/uploads\/2023\/07\/MINIERA-scaled.jpg\" data-dt-img-description=\"SONY DSC\" data-large_image_width=\"2560\" data-large_image_height=\"1707\"><img loading=\"lazy\" decoding=\"async\" class=\"wp-image-344221 alignleft\" src=\"https:\/\/www.radiopiu.net\/wordpress\/wp-content\/uploads\/2023\/07\/MINIERA-300x200.jpg\" alt=\"\" width=\"176\" height=\"117\" srcset=\"https:\/\/www.radiopiu.net\/wordpress\/wp-content\/uploads\/2023\/07\/MINIERA-300x200.jpg 300w, https:\/\/www.radiopiu.net\/wordpress\/wp-content\/uploads\/2023\/07\/MINIERA-1024x683.jpg 1024w, https:\/\/www.radiopiu.net\/wordpress\/wp-content\/uploads\/2023\/07\/MINIERA-768x512.jpg 768w, https:\/\/www.radiopiu.net\/wordpress\/wp-content\/uploads\/2023\/07\/MINIERA-1536x1024.jpg 1536w, https:\/\/www.radiopiu.net\/wordpress\/wp-content\/uploads\/2023\/07\/MINIERA-2048x1365.jpg 2048w\" sizes=\"auto, (max-width: 176px) 100vw, 176px\" \/><\/a><strong>REDAZIONE<\/strong> Il Ministro delle Imprese e del Made in Italy, Adolfo Urso, ha dichiarato all&#8217;ANSA che entro la fine dell&#8217;anno verr\u00e0 definito il quadro normativo sull&#8217;estrazione e lavorazione delle materie prime critiche in Europa. Ha sottolineato che l&#8217;Unione Europea ha identificato 34 materie prime critiche, di cui 16 strategiche per la transizione ecologica e digitale, e l&#8217;Italia possiede 16 di queste. Tuttavia, molte miniere in Italia sono state chiuse 30 anni fa e occorre investire per riattivare queste risorse. Urso ha spiegato che queste materie prime sono fondamentali per settori come l&#8217;aerospazio, la difesa, la produzione di batterie e pannelli solari. Le imprese potranno presentare i loro progetti una volta chiarito il quadro normativo. Sono tanti i siti minerari in Italia e le prospettive per i futuri periti minerari che escono dall&#8217;Istituito Follador-De Rossi si prospettano rosee. (foto: Wikipedia)<\/p>\n<p><strong>Immagini tratte dal sito Ispra con il posizionamento dei siti minerari abbandonati in Italia, visualizzata tramite Google Earth<\/strong><\/p>\n\n\t\t\t<style type='text\/css'>\n\t\t\t\t#gallery-5 {\n\t\t\t\t\tmargin: auto;\n\t\t\t\t}\n\t\t\t\t#gallery-5 .gallery-item {\n\t\t\t\t\tfloat: left;\n\t\t\t\t\tmargin-top: 10px;\n\t\t\t\t\ttext-align: center;\n\t\t\t\t\twidth: 50%;\n\t\t\t\t}\n\t\t\t\t#gallery-5 img {\n\t\t\t\t\tborder: 2px solid #cfcfcf;\n\t\t\t\t}\n\t\t\t\t#gallery-5 .gallery-caption {\n\t\t\t\t\tmargin-left: 0;\n\t\t\t\t}\n\t\t\t\t\/* see gallery_shortcode() in wp-includes\/media.php *\/\n\t\t\t<\/style>\n\t\t<div id='gallery-5' class='dt-gallery-container gallery galleryid-344143 gallery-columns-2 gallery-size-medium'><dl class='gallery-item'>\n\t\t\t\t<dt class='gallery-icon landscape'>\n\t\t\t\t\t<a class=\"rollover rollover-zoom dt-pswp-item\" title=\"61646750-bc09-4f78-8337-5e49011ae09b\" data-dt-img-description=\"\" data-large_image_width=\"1346\" data-large_image_height=\"895\"href='https:\/\/www.radiopiu.net\/wordpress\/wp-content\/uploads\/2023\/07\/61646750-bc09-4f78-8337-5e49011ae09b.jpg'><img loading=\"lazy\" decoding=\"async\" width=\"300\" height=\"199\" src=\"https:\/\/www.radiopiu.net\/wordpress\/wp-content\/uploads\/2023\/07\/61646750-bc09-4f78-8337-5e49011ae09b-300x199.jpg\" class=\"attachment-medium size-medium\" alt=\"\" srcset=\"https:\/\/www.radiopiu.net\/wordpress\/wp-content\/uploads\/2023\/07\/61646750-bc09-4f78-8337-5e49011ae09b-300x199.jpg 300w, https:\/\/www.radiopiu.net\/wordpress\/wp-content\/uploads\/2023\/07\/61646750-bc09-4f78-8337-5e49011ae09b-1024x681.jpg 1024w, https:\/\/www.radiopiu.net\/wordpress\/wp-content\/uploads\/2023\/07\/61646750-bc09-4f78-8337-5e49011ae09b-768x511.jpg 768w, https:\/\/www.radiopiu.net\/wordpress\/wp-content\/uploads\/2023\/07\/61646750-bc09-4f78-8337-5e49011ae09b.jpg 1346w\" sizes=\"auto, (max-width: 300px) 100vw, 300px\" \/><\/a>\n\t\t\t\t<\/dt><\/dl><dl class='gallery-item'>\n\t\t\t\t<dt class='gallery-icon landscape'>\n\t\t\t\t\t<a class=\"rollover rollover-zoom dt-pswp-item\" title=\"40fd6402-2ac1-4a2d-8f31-e7a6db7622b4\" data-dt-img-description=\"\" data-large_image_width=\"1345\" data-large_image_height=\"887\"href='https:\/\/www.radiopiu.net\/wordpress\/wp-content\/uploads\/2023\/07\/40fd6402-2ac1-4a2d-8f31-e7a6db7622b4.jpg'><img loading=\"lazy\" decoding=\"async\" width=\"300\" height=\"198\" src=\"https:\/\/www.radiopiu.net\/wordpress\/wp-content\/uploads\/2023\/07\/40fd6402-2ac1-4a2d-8f31-e7a6db7622b4-300x198.jpg\" class=\"attachment-medium size-medium\" alt=\"\" srcset=\"https:\/\/www.radiopiu.net\/wordpress\/wp-content\/uploads\/2023\/07\/40fd6402-2ac1-4a2d-8f31-e7a6db7622b4-300x198.jpg 300w, https:\/\/www.radiopiu.net\/wordpress\/wp-content\/uploads\/2023\/07\/40fd6402-2ac1-4a2d-8f31-e7a6db7622b4-1024x675.jpg 1024w, https:\/\/www.radiopiu.net\/wordpress\/wp-content\/uploads\/2023\/07\/40fd6402-2ac1-4a2d-8f31-e7a6db7622b4-768x506.jpg 768w, https:\/\/www.radiopiu.net\/wordpress\/wp-content\/uploads\/2023\/07\/40fd6402-2ac1-4a2d-8f31-e7a6db7622b4.jpg 1345w\" sizes=\"auto, (max-width: 300px) 100vw, 300px\" \/><\/a>\n\t\t\t\t<\/dt><\/dl><br style=\"clear: both\" \/>\n\t\t\t<\/div>\n\n<p>&nbsp;<\/p>\n<p>&nbsp;<\/p>\n<p>Con l&#8217;aiuto di Tiziano De Col possiamo scoprire quali sono i siti minerari abbandonati in Italia con un report aggiornato al 2006<\/p>\n<p><strong>IL REPORT COMPLETO (95 PAGINE)<\/strong><\/p>\n<a href=\"https:\/\/www.radiopiu.net\/wordpress\/wp-content\/uploads\/2023\/07\/i-siti-minerari-italiani-1870-2006.pdf\" class=\"pdfemb-viewer\" style=\"\" data-width=\"max\" data-height=\"max\" data-toolbar=\"top\" data-toolbar-fixed=\"on\">i-siti-minerari-italiani-1870-2006<\/a>\n<p>&nbsp;<\/p>\n<hr \/>\n<p>&nbsp;<\/p>\n<blockquote>\n<h3 class=\"entry-title\">DILLO A RADIO PIU\u2019\u2026 VANDALISMI INSPIEGABILI<\/h3>\n<\/blockquote>\n<p class=\"photoswipe-wrapper\"><a class=\"dt-pswp-item pspw-wrap-ready\" href=\"https:\/\/www.radiopiu.net\/wordpress\/wp-content\/uploads\/2023\/07\/9e2375d2-9695-42b2-afde-3f70f7b4e03a.jpg\" data-dt-img-description=\"\" data-large_image_width=\"1024\" data-large_image_height=\"768\"><img loading=\"lazy\" decoding=\"async\" class=\" wp-image-344350 alignleft\" src=\"https:\/\/www.radiopiu.net\/wordpress\/wp-content\/uploads\/2023\/07\/9e2375d2-9695-42b2-afde-3f70f7b4e03a-300x225.jpg\" sizes=\"auto, (max-width: 175px) 100vw, 175px\" srcset=\"https:\/\/www.radiopiu.net\/wordpress\/wp-content\/uploads\/2023\/07\/9e2375d2-9695-42b2-afde-3f70f7b4e03a-300x225.jpg 300w, https:\/\/www.radiopiu.net\/wordpress\/wp-content\/uploads\/2023\/07\/9e2375d2-9695-42b2-afde-3f70f7b4e03a-768x576.jpg 768w, https:\/\/www.radiopiu.net\/wordpress\/wp-content\/uploads\/2023\/07\/9e2375d2-9695-42b2-afde-3f70f7b4e03a.jpg 1024w\" alt=\"\" width=\"175\" height=\"131\" \/><\/a>Riceviamo e pubblichiamo<\/p>\n<p>&nbsp;<\/p>\n<p><strong>TAIBON<\/strong>\u00a0Vorremmo ringraziare tramite Radio Pi\u00f9 quella persona che spezza i rami dei gerani posti sul ponte di Strapont per poi lasciarli sul posto. Questo messaggio \u00e8 da parte di chi cura i fiori da anni per puro spirito di collaborazione. Ci farebbe piacere conoscere questo\/i individui perch\u00e9, nel caso lo volesse, ci sono diverse aiuole comunali da ripulire e possiamo indicargli dove .<\/p>\n<p>&nbsp;<\/p>\n<p>&nbsp;<\/p>\n<hr \/>\n<p>&nbsp;<\/p>\n<blockquote>\n<h3>L&#8217;ULSS NEI RIFUGI PER PARLARE DI IPERTENSIONE<\/h3>\n<\/blockquote>\n<p><strong>BELLUNO <\/strong>I team del Dipartimento di Prevenzione dell&#8217;ulss Dolomiti erano presenti al Rifugio Forcella Zovo e al Rifugio Semenza mt 2020 &#8211; Alpago per sensibilizzare sugli stili di vita salutari. Oltre alla promozione dell&#8217;uso della crema solare in montagna per prevenire il melanoma, campagna che vede l&#8217;ulss impegnata su diversi fronti, \u00e8 stata misurata la pressione in quota a circa un&#8217;ottantina di persone che hanno partecipato con curiosit\u00e0 ed entusiasmo alla proposta. L&#8217;ulss Dolomiti ha infatti aderito alla iniziativa del CAI per uno studio sulla ipertensione e sui benefici della montagna. Per molti turisti \u00e8 stata l&#8217;occasione di fare un controllo e confrontarsi con gli assistenti sanitari sull&#8217;importanza della prevenzione e i corretti stili di vita.\u00a0 Anche il Commissario Giuseppe Dal Ben ha partecipato alla giornata con una visita a Forcella Zovo accolto dal sindaco di San Pietro . L&#8217;iniziativa sar\u00e0 prossimamente ripetuta in altri rifugi.<\/p>\n\n\t\t\t<style type='text\/css'>\n\t\t\t\t#gallery-6 {\n\t\t\t\t\tmargin: auto;\n\t\t\t\t}\n\t\t\t\t#gallery-6 .gallery-item {\n\t\t\t\t\tfloat: left;\n\t\t\t\t\tmargin-top: 10px;\n\t\t\t\t\ttext-align: center;\n\t\t\t\t\twidth: 50%;\n\t\t\t\t}\n\t\t\t\t#gallery-6 img {\n\t\t\t\t\tborder: 2px solid #cfcfcf;\n\t\t\t\t}\n\t\t\t\t#gallery-6 .gallery-caption {\n\t\t\t\t\tmargin-left: 0;\n\t\t\t\t}\n\t\t\t\t\/* see gallery_shortcode() in wp-includes\/media.php *\/\n\t\t\t<\/style>\n\t\t<div id='gallery-6' class='dt-gallery-container gallery galleryid-344143 gallery-columns-2 gallery-size-medium'><dl class='gallery-item'>\n\t\t\t\t<dt class='gallery-icon landscape'>\n\t\t\t\t\t<a class=\"rollover rollover-zoom dt-pswp-item\" title=\"20230716_123658\" data-dt-img-description=\"\" data-large_image_width=\"2560\" data-large_image_height=\"1920\"href='https:\/\/www.radiopiu.net\/wordpress\/wp-content\/uploads\/2023\/07\/20230716_123658-scaled.jpg'><img loading=\"lazy\" decoding=\"async\" width=\"300\" height=\"225\" src=\"https:\/\/www.radiopiu.net\/wordpress\/wp-content\/uploads\/2023\/07\/20230716_123658-300x225.jpg\" class=\"attachment-medium size-medium\" alt=\"\" srcset=\"https:\/\/www.radiopiu.net\/wordpress\/wp-content\/uploads\/2023\/07\/20230716_123658-300x225.jpg 300w, https:\/\/www.radiopiu.net\/wordpress\/wp-content\/uploads\/2023\/07\/20230716_123658-1024x768.jpg 1024w, https:\/\/www.radiopiu.net\/wordpress\/wp-content\/uploads\/2023\/07\/20230716_123658-768x576.jpg 768w, https:\/\/www.radiopiu.net\/wordpress\/wp-content\/uploads\/2023\/07\/20230716_123658-1536x1152.jpg 1536w, https:\/\/www.radiopiu.net\/wordpress\/wp-content\/uploads\/2023\/07\/20230716_123658-2048x1536.jpg 2048w\" sizes=\"auto, (max-width: 300px) 100vw, 300px\" \/><\/a>\n\t\t\t\t<\/dt><\/dl><dl class='gallery-item'>\n\t\t\t\t<dt class='gallery-icon landscape'>\n\t\t\t\t\t<a class=\"rollover rollover-zoom dt-pswp-item\" title=\"20230716_110240\" data-dt-img-description=\"\" data-large_image_width=\"2560\" data-large_image_height=\"1920\"href='https:\/\/www.radiopiu.net\/wordpress\/wp-content\/uploads\/2023\/07\/20230716_110240-scaled.jpg'><img loading=\"lazy\" decoding=\"async\" width=\"300\" height=\"225\" src=\"https:\/\/www.radiopiu.net\/wordpress\/wp-content\/uploads\/2023\/07\/20230716_110240-300x225.jpg\" class=\"attachment-medium size-medium\" alt=\"\" srcset=\"https:\/\/www.radiopiu.net\/wordpress\/wp-content\/uploads\/2023\/07\/20230716_110240-300x225.jpg 300w, https:\/\/www.radiopiu.net\/wordpress\/wp-content\/uploads\/2023\/07\/20230716_110240-1024x768.jpg 1024w, https:\/\/www.radiopiu.net\/wordpress\/wp-content\/uploads\/2023\/07\/20230716_110240-768x576.jpg 768w, https:\/\/www.radiopiu.net\/wordpress\/wp-content\/uploads\/2023\/07\/20230716_110240-1536x1152.jpg 1536w, https:\/\/www.radiopiu.net\/wordpress\/wp-content\/uploads\/2023\/07\/20230716_110240-2048x1536.jpg 2048w\" sizes=\"auto, (max-width: 300px) 100vw, 300px\" \/><\/a>\n\t\t\t\t<\/dt><\/dl><br style=\"clear: both\" \/>\n\t\t\t<\/div>\n\n<p>&nbsp;<\/p>\n<hr \/>\n<p>&nbsp;<\/p>\n<blockquote>\n<h3>MELODIE NEL BOSCO DEGLI ARTISTI, IL PRIMO APPUNTAMENTO<\/h3>\n<\/blockquote>\n<p><strong>FALCADE<\/strong>\u00a0 Via al\u00a0 festival che porta quattro concerti a 2.000 metri di altitudine per far incontrare musica e natura al cospetto di vette come Mulaz e Focobon.\u00a0 A fare da teatro sar\u00e0 il Bosco degli Artisti di Falcade, galleria d\u2019arte a cielo aperto che sorge in localit\u00e0 Le Buse, nella Ski Area San Pellegrino. Il primo appuntamento oggi con Mos\u00e8 Andrich, Piano solo, musica di Ennio Morricone.<\/p>\n<p>Sabato 29 luglio si esibir\u00e0 il Coro Val Biois con intermezzo di Nina &amp; Nena duo. Sabato 12 agosto spazio a Fourback con un tributo ai Beatles. Sabato 26 agosto toccher\u00e0 a Emanuele Bastanzetti, da Bach a Kreisler &#8211; sinfonie di violino.<\/p>\n<p>video e foto, grazie a Michele Zamengo<\/p>\n<p>&nbsp;<\/p>\n<div style=\"width: 848px;\" class=\"wp-video\"><video class=\"wp-video-shortcode\" id=\"video-344143-3\" width=\"848\" height=\"480\" preload=\"metadata\" controls=\"controls\"><source type=\"video\/mp4\" src=\"https:\/\/www.radiopiu.net\/wordpress\/wp-content\/uploads\/2023\/07\/WhatsApp-Video-2023-07-15-at-12.13.23.mp4?_=3\" \/><a href=\"https:\/\/www.radiopiu.net\/wordpress\/wp-content\/uploads\/2023\/07\/WhatsApp-Video-2023-07-15-at-12.13.23.mp4\">https:\/\/www.radiopiu.net\/wordpress\/wp-content\/uploads\/2023\/07\/WhatsApp-Video-2023-07-15-at-12.13.23.mp4<\/a><\/video><\/div>\n\n\t\t\t<style type='text\/css'>\n\t\t\t\t#gallery-7 {\n\t\t\t\t\tmargin: auto;\n\t\t\t\t}\n\t\t\t\t#gallery-7 .gallery-item {\n\t\t\t\t\tfloat: left;\n\t\t\t\t\tmargin-top: 10px;\n\t\t\t\t\ttext-align: center;\n\t\t\t\t\twidth: 33%;\n\t\t\t\t}\n\t\t\t\t#gallery-7 img {\n\t\t\t\t\tborder: 2px solid #cfcfcf;\n\t\t\t\t}\n\t\t\t\t#gallery-7 .gallery-caption {\n\t\t\t\t\tmargin-left: 0;\n\t\t\t\t}\n\t\t\t\t\/* see gallery_shortcode() in wp-includes\/media.php *\/\n\t\t\t<\/style>\n\t\t<div id='gallery-7' class='dt-gallery-container gallery galleryid-344143 gallery-columns-3 gallery-size-thumbnail'><dl class='gallery-item'>\n\t\t\t\t<dt class='gallery-icon portrait'>\n\t\t\t\t\t<a class=\"rollover rollover-zoom dt-pswp-item\" title=\"4ee06f4f-c482-4ca7-becd-8795e8b49fd8\" data-dt-img-description=\"\" data-large_image_width=\"768\" data-large_image_height=\"1024\"href='https:\/\/www.radiopiu.net\/wordpress\/wp-content\/uploads\/2023\/07\/4ee06f4f-c482-4ca7-becd-8795e8b49fd8.jpg'><img loading=\"lazy\" decoding=\"async\" width=\"150\" height=\"150\" src=\"https:\/\/www.radiopiu.net\/wordpress\/wp-content\/uploads\/2023\/07\/4ee06f4f-c482-4ca7-becd-8795e8b49fd8-150x150.jpg\" class=\"attachment-thumbnail size-thumbnail\" alt=\"\" \/><\/a>\n\t\t\t\t<\/dt><\/dl><dl class='gallery-item'>\n\t\t\t\t<dt class='gallery-icon landscape'>\n\t\t\t\t\t<a class=\"rollover rollover-zoom dt-pswp-item\" title=\"971ce3cd-c46a-4298-ba81-461d5cd15023\" data-dt-img-description=\"\" data-large_image_width=\"1024\" data-large_image_height=\"768\"href='https:\/\/www.radiopiu.net\/wordpress\/wp-content\/uploads\/2023\/07\/971ce3cd-c46a-4298-ba81-461d5cd15023.jpg'><img loading=\"lazy\" decoding=\"async\" width=\"150\" height=\"150\" src=\"https:\/\/www.radiopiu.net\/wordpress\/wp-content\/uploads\/2023\/07\/971ce3cd-c46a-4298-ba81-461d5cd15023-150x150.jpg\" class=\"attachment-thumbnail size-thumbnail\" alt=\"\" \/><\/a>\n\t\t\t\t<\/dt><\/dl><dl class='gallery-item'>\n\t\t\t\t<dt class='gallery-icon landscape'>\n\t\t\t\t\t<a class=\"rollover rollover-zoom dt-pswp-item\" title=\"ef2da68a-c8bf-463d-b594-181e69407a60\" data-dt-img-description=\"\" data-large_image_width=\"1024\" data-large_image_height=\"768\"href='https:\/\/www.radiopiu.net\/wordpress\/wp-content\/uploads\/2023\/07\/ef2da68a-c8bf-463d-b594-181e69407a60.jpg'><img loading=\"lazy\" decoding=\"async\" width=\"150\" height=\"150\" src=\"https:\/\/www.radiopiu.net\/wordpress\/wp-content\/uploads\/2023\/07\/ef2da68a-c8bf-463d-b594-181e69407a60-150x150.jpg\" class=\"attachment-thumbnail size-thumbnail\" alt=\"\" \/><\/a>\n\t\t\t\t<\/dt><\/dl><br style=\"clear: both\" \/><dl class='gallery-item'>\n\t\t\t\t<dt class='gallery-icon portrait'>\n\t\t\t\t\t<a class=\"rollover rollover-zoom dt-pswp-item\" title=\"3259fbed-fbc9-4d8d-a174-f820e1ed3df9\" data-dt-img-description=\"\" data-large_image_width=\"768\" data-large_image_height=\"1024\"href='https:\/\/www.radiopiu.net\/wordpress\/wp-content\/uploads\/2023\/07\/3259fbed-fbc9-4d8d-a174-f820e1ed3df9.jpg'><img loading=\"lazy\" decoding=\"async\" width=\"150\" height=\"150\" src=\"https:\/\/www.radiopiu.net\/wordpress\/wp-content\/uploads\/2023\/07\/3259fbed-fbc9-4d8d-a174-f820e1ed3df9-150x150.jpg\" class=\"attachment-thumbnail size-thumbnail\" alt=\"\" \/><\/a>\n\t\t\t\t<\/dt><\/dl><dl class='gallery-item'>\n\t\t\t\t<dt class='gallery-icon portrait'>\n\t\t\t\t\t<a class=\"rollover rollover-zoom dt-pswp-item\" title=\"d1a1ab69-c21c-4904-a1f6-d735ae757d5b\" data-dt-img-description=\"\" data-large_image_width=\"768\" data-large_image_height=\"1024\"href='https:\/\/www.radiopiu.net\/wordpress\/wp-content\/uploads\/2023\/07\/d1a1ab69-c21c-4904-a1f6-d735ae757d5b.jpg'><img loading=\"lazy\" decoding=\"async\" width=\"150\" height=\"150\" src=\"https:\/\/www.radiopiu.net\/wordpress\/wp-content\/uploads\/2023\/07\/d1a1ab69-c21c-4904-a1f6-d735ae757d5b-150x150.jpg\" class=\"attachment-thumbnail size-thumbnail\" alt=\"\" \/><\/a>\n\t\t\t\t<\/dt><\/dl><dl class='gallery-item'>\n\t\t\t\t<dt class='gallery-icon portrait'>\n\t\t\t\t\t<a class=\"rollover rollover-zoom dt-pswp-item\" title=\"a557bf5f-d8a9-4c15-8c31-c88742953b4b\" data-dt-img-description=\"\" data-large_image_width=\"768\" data-large_image_height=\"1024\"href='https:\/\/www.radiopiu.net\/wordpress\/wp-content\/uploads\/2023\/07\/a557bf5f-d8a9-4c15-8c31-c88742953b4b.jpg'><img loading=\"lazy\" decoding=\"async\" width=\"150\" height=\"150\" src=\"https:\/\/www.radiopiu.net\/wordpress\/wp-content\/uploads\/2023\/07\/a557bf5f-d8a9-4c15-8c31-c88742953b4b-150x150.jpg\" class=\"attachment-thumbnail size-thumbnail\" alt=\"\" \/><\/a>\n\t\t\t\t<\/dt><\/dl><br style=\"clear: both\" \/>\n\t\t\t<\/div>\n\n<p>&nbsp;<\/p>\n<hr \/>\n<p>&nbsp;<\/p>\n<blockquote>\n<h3>ESPOSTO IL LAVORO SULLE CALCHERE DELLA PRIMARIA DI TAIBON<\/h3>\n<\/blockquote>\n<p><strong>TAIBON <\/strong>A partire da novembre 2022 le classi della scuola primaria di Taibon hanno iniziato a raccogliere dati, informazioni, testimonianze relative all\u2019argomento delle calchere. Questo dopo essere stati informati sul lavoro di ripristino, da parte di volontari del paese, della calchera dei Marin, in Valle di San Lucano ed all\u2019invito a partecipare all\u2019 accensione. Le attivit\u00e0 sono state ovviamente diversificate in base all\u2019et\u00e0 dei bambini, ma tutti hanno dato il loro contributo. Con il prodotto finale hanno partecipato al concorso \u201cTutela, Valorizzazione e Promozione del patrimonio linguistico e culturale veneto\u201d, promosso dall\u2019Assessorato Regionale all\u2019Identit\u00e0 Veneta ed l\u2019UNPLI (Unione Nazionale Pro Loco d\u2019Italia) che da anni promuove lo\u00a0 scambio e la\u00a0 conoscenza del nostro patrimonio regionale per le giovani generazioni. La ricerca ha incontrato il vivo apprezzamento da parte del comitato giudicante e il 27 marzo 2023 sono stati invitati a presentare il lavoro alla cerimonia di premiazione che si \u00e8 tenuta presso il museo M9 di Mestre ed a ritirare il premio in denaro di 600 euro che verr\u00e0 utilizzato dalla scuola per finanziare i progetti futuri. Tutto il lavoro \u00e8 stato poi esposto al pubblico in occasione delle giornate di accensione della calchera in Valle di San Lucano ed attualmente \u00e8 visibile presso il Museo Etnografico e nell\u2019adiacente vetrina.<\/p>\n\n\t\t\t<style type='text\/css'>\n\t\t\t\t#gallery-8 {\n\t\t\t\t\tmargin: auto;\n\t\t\t\t}\n\t\t\t\t#gallery-8 .gallery-item {\n\t\t\t\t\tfloat: left;\n\t\t\t\t\tmargin-top: 10px;\n\t\t\t\t\ttext-align: center;\n\t\t\t\t\twidth: 25%;\n\t\t\t\t}\n\t\t\t\t#gallery-8 img {\n\t\t\t\t\tborder: 2px solid #cfcfcf;\n\t\t\t\t}\n\t\t\t\t#gallery-8 .gallery-caption {\n\t\t\t\t\tmargin-left: 0;\n\t\t\t\t}\n\t\t\t\t\/* see gallery_shortcode() in wp-includes\/media.php *\/\n\t\t\t<\/style>\n\t\t<div id='gallery-8' class='dt-gallery-container gallery galleryid-344143 gallery-columns-4 gallery-size-medium'><dl class='gallery-item'>\n\t\t\t\t<dt class='gallery-icon landscape'>\n\t\t\t\t\t<a class=\"rollover rollover-zoom dt-pswp-item\" title=\"9675304b-c83b-49ee-a968-f180e9b4c0b3\" data-dt-img-description=\"\" data-large_image_width=\"1024\" data-large_image_height=\"768\"href='https:\/\/www.radiopiu.net\/wordpress\/wp-content\/uploads\/2023\/07\/9675304b-c83b-49ee-a968-f180e9b4c0b3.jpg'><img loading=\"lazy\" decoding=\"async\" width=\"300\" height=\"225\" src=\"https:\/\/www.radiopiu.net\/wordpress\/wp-content\/uploads\/2023\/07\/9675304b-c83b-49ee-a968-f180e9b4c0b3-300x225.jpg\" class=\"attachment-medium size-medium\" alt=\"\" srcset=\"https:\/\/www.radiopiu.net\/wordpress\/wp-content\/uploads\/2023\/07\/9675304b-c83b-49ee-a968-f180e9b4c0b3-300x225.jpg 300w, https:\/\/www.radiopiu.net\/wordpress\/wp-content\/uploads\/2023\/07\/9675304b-c83b-49ee-a968-f180e9b4c0b3-768x576.jpg 768w, https:\/\/www.radiopiu.net\/wordpress\/wp-content\/uploads\/2023\/07\/9675304b-c83b-49ee-a968-f180e9b4c0b3.jpg 1024w\" sizes=\"auto, (max-width: 300px) 100vw, 300px\" \/><\/a>\n\t\t\t\t<\/dt><\/dl><dl class='gallery-item'>\n\t\t\t\t<dt class='gallery-icon landscape'>\n\t\t\t\t\t<a class=\"rollover rollover-zoom dt-pswp-item\" title=\"b5ad7480-186c-40b7-9534-8311e6f067d5\" data-dt-img-description=\"\" data-large_image_width=\"1024\" data-large_image_height=\"768\"href='https:\/\/www.radiopiu.net\/wordpress\/wp-content\/uploads\/2023\/07\/b5ad7480-186c-40b7-9534-8311e6f067d5.jpg'><img loading=\"lazy\" decoding=\"async\" width=\"300\" height=\"225\" src=\"https:\/\/www.radiopiu.net\/wordpress\/wp-content\/uploads\/2023\/07\/b5ad7480-186c-40b7-9534-8311e6f067d5-300x225.jpg\" class=\"attachment-medium size-medium\" alt=\"\" srcset=\"https:\/\/www.radiopiu.net\/wordpress\/wp-content\/uploads\/2023\/07\/b5ad7480-186c-40b7-9534-8311e6f067d5-300x225.jpg 300w, https:\/\/www.radiopiu.net\/wordpress\/wp-content\/uploads\/2023\/07\/b5ad7480-186c-40b7-9534-8311e6f067d5-768x576.jpg 768w, https:\/\/www.radiopiu.net\/wordpress\/wp-content\/uploads\/2023\/07\/b5ad7480-186c-40b7-9534-8311e6f067d5.jpg 1024w\" sizes=\"auto, (max-width: 300px) 100vw, 300px\" \/><\/a>\n\t\t\t\t<\/dt><\/dl><dl class='gallery-item'>\n\t\t\t\t<dt class='gallery-icon landscape'>\n\t\t\t\t\t<a class=\"rollover rollover-zoom dt-pswp-item\" title=\"f46c2b68-65aa-4b40-b732-a4bbe28f78d0\" data-dt-img-description=\"\" data-large_image_width=\"1024\" data-large_image_height=\"768\"href='https:\/\/www.radiopiu.net\/wordpress\/wp-content\/uploads\/2023\/07\/f46c2b68-65aa-4b40-b732-a4bbe28f78d0.jpg'><img loading=\"lazy\" decoding=\"async\" width=\"300\" height=\"225\" src=\"https:\/\/www.radiopiu.net\/wordpress\/wp-content\/uploads\/2023\/07\/f46c2b68-65aa-4b40-b732-a4bbe28f78d0-300x225.jpg\" class=\"attachment-medium size-medium\" alt=\"\" srcset=\"https:\/\/www.radiopiu.net\/wordpress\/wp-content\/uploads\/2023\/07\/f46c2b68-65aa-4b40-b732-a4bbe28f78d0-300x225.jpg 300w, https:\/\/www.radiopiu.net\/wordpress\/wp-content\/uploads\/2023\/07\/f46c2b68-65aa-4b40-b732-a4bbe28f78d0-768x576.jpg 768w, https:\/\/www.radiopiu.net\/wordpress\/wp-content\/uploads\/2023\/07\/f46c2b68-65aa-4b40-b732-a4bbe28f78d0.jpg 1024w\" sizes=\"auto, (max-width: 300px) 100vw, 300px\" \/><\/a>\n\t\t\t\t<\/dt><\/dl><dl class='gallery-item'>\n\t\t\t\t<dt class='gallery-icon landscape'>\n\t\t\t\t\t<a class=\"rollover rollover-zoom dt-pswp-item\" title=\"fa212b8b-6cf6-4a58-83ea-19be1cb70260\" data-dt-img-description=\"\" data-large_image_width=\"1024\" data-large_image_height=\"768\"href='https:\/\/www.radiopiu.net\/wordpress\/wp-content\/uploads\/2023\/07\/fa212b8b-6cf6-4a58-83ea-19be1cb70260.jpg'><img loading=\"lazy\" decoding=\"async\" width=\"300\" height=\"225\" src=\"https:\/\/www.radiopiu.net\/wordpress\/wp-content\/uploads\/2023\/07\/fa212b8b-6cf6-4a58-83ea-19be1cb70260-300x225.jpg\" class=\"attachment-medium size-medium\" alt=\"\" srcset=\"https:\/\/www.radiopiu.net\/wordpress\/wp-content\/uploads\/2023\/07\/fa212b8b-6cf6-4a58-83ea-19be1cb70260-300x225.jpg 300w, https:\/\/www.radiopiu.net\/wordpress\/wp-content\/uploads\/2023\/07\/fa212b8b-6cf6-4a58-83ea-19be1cb70260-768x576.jpg 768w, https:\/\/www.radiopiu.net\/wordpress\/wp-content\/uploads\/2023\/07\/fa212b8b-6cf6-4a58-83ea-19be1cb70260.jpg 1024w\" sizes=\"auto, (max-width: 300px) 100vw, 300px\" \/><\/a>\n\t\t\t\t<\/dt><\/dl><br style=\"clear: both\" \/>\n\t\t\t<\/div>\n\n<p>&nbsp;<\/p>\n<hr \/>\n<p>&nbsp;<\/p>\n<blockquote>\n<h3 class=\"entry-title\">I DIPENDENTI DEL VENETO LAVORANO 2 MESI IN PIU\u2019 ALL\u2019ANNO DI QUELLI DEL SUD. LA \u201cCAUSA\u201d ? NEL MEZZOGIORNO DILAGA IL LAVORO NERO<\/h3>\n<\/blockquote>\n<p><strong>I lavoratori dipendenti del settore privato del Veneto lavorano quasi 2 mesi in pi\u00f9 all\u2019anno dei colleghi del Sud e, alla luce di ci\u00f2, i primi percepiscono una retribuzione giornaliera del 23 per cento pi\u00f9 alta dei secondi.<\/strong><\/p>\n<p>Questo vuol dire che da noi gli impiegati e gli operai sono degli stacanovisti e i colleghi meridionali degli scansafatiche? Assolutamente no. Ci mancherebbe. Anche nel Mezzogiorno si lavora molto e, probabilmente, anche di pi\u00f9 che in altre aree del Paese; purtroppo, lo si fa in \u201cnero\u201d.<\/p>\n<p>Pertanto, queste ore lavorate irregolarmente non possono essere incluse nelle statistiche ufficiali. Altres\u00ec, la concorrenza sleale praticata dalle realt\u00e0 completamente o in parte sconosciute al fisco e all\u2019Inps mantengono, nei settori in cui operano, molto basse le retribuzioni previste dai CCNL. Se, infatti, queste ultime salissero anche di poco, molte imprese regolari subirebbero un incremento dei costi che, probabilmente, le farebbe scivolare fuori mercato.<\/p>\n<p>Sia chiaro, dobbiamo certamente aumentare per contratto gli stipendi dei livelli di inquadramento inferiori, ma il vero problema \u00e8 la diffusione del sommerso (vedi Tab. 1) che, soprattutto al Sud, rende l\u2019occupazione fragile e povera. Insomma, se non cominciamo a contrastare efficacemente il lavoro irregolare, il divario territoriale nel nostro Paese \u00e8 destinato ad aumentare. A dirlo \u00e8 l\u2019Ufficio studi della CGIA che ha elaborato i dati dell\u2019Inps.<\/p>\n<p><strong>Rispetto al Sud, nel Veneto si lavora 37 giorni pi\u00f9 all\u2019anno<\/strong><br \/>\nSecondo l\u2019elaborazione degli artigiani mestrini su dati Inps, nel 2021 il numero medio delle giornate retribuite nel Veneto \u00e8 stato pari a 248, al Sud, invece, a 211. Pertanto, nella nostra regione un ipotetico operaio ha lavorato 37 giorni in pi\u00f9 che corrispondono a quasi 2 mesi lavorativi \u201caggiuntivi\u201d rispetto a un collega meridionale. Per quanto concerne la retribuzione media giornaliera lorda, nel Veneto si \u00e8 attestata attorno ai 92 euro e in meridione sui 75. Di conseguenza, la paga giornaliera in settentrione \u00e8 mediamente pi\u00f9 elevata del 23,4 per cento rispetto a quella percepita nel Mezzogiorno.<\/p>\n<p><strong>Perch\u00e9 al Sud si lavora meno?<br \/>\n<\/strong>Oltre alla presenza di un\u2019economia sommersa pi\u00f9 diffusa che nel resto del Paese che, statisticamente, non consente di conteggiare le ore lavorate irregolarmente, nel meridione c\u2019\u00e8 poca industria, soprattutto hig-tech, e una limitata concentrazione di attivit\u00e0 bancarie, finanziarie ed assicurative. Il mercato del lavoro \u00e8 caratterizzato da tanti precari, molti lavoratori intermittenti, soprattutto nei servizi, e tantissimi stagionali legati al mondo del turismo. Inoltre, si fa meno ricerca, meno innovazione e il numero dei laureati che lavorano nel Sud \u00e8 contenutissimo. La combinazione di questi elementi fa s\u00ec che gli stipendi percepiti dai lavoratori regolari siano statisticamente pi\u00f9 bassi della media nazionale.<\/p>\n<p><strong>Grande divario anche della produttivit\u00e0<\/strong><br \/>\nA riprova che la retribuzione media di un territorio risente del \u201cpeso\u201d e della qualit\u00e0 del sistema imprenditoriale e occupazionale presente nello stesso, anche la produttivit\u00e0, dato dal rapporto del valore aggiunto per ore lavorate, \u00e8 un buon indicatore per ragionare sul livello salariale. Infatti, a produttivit\u00e0 elevate corrispondono salari elevati e viceversa. Dalla lettura di questo dato emergono delle differenze territoriali molto marcate. Se nel Veneto, ad esempio, il valore medio del 2019 si attestava sui 37,3 euro, nel Mezzogiorno era di 30 euro. La variazione percentuale, pertanto, era del 24,3 per cento in pi\u00f9 a vantaggio nostro. Va comunque segnalato che rispetto a tutte le altre regioni del Nord scontiamo un livello di produttivit\u00e0 del lavoro inferiore. E\u2019 probabile che questo gap lo scontiamo a causa dell\u2019assenza nella nostra regione di grandi imprese e di settori ad alto valore aggiunto (vedi Tab. 2 e Tab. 3).<\/p>\n<p><strong>Retribuzioni: Milano al top. A Ragusa i lavoratori pi\u00f9 \u201cpoveri. A Lecco i pi\u00f9 \u201csgobboni\u201d<\/strong><\/p>\n<p>Nel 2021 la retribuzione media giornaliera pi\u00f9 elevata d\u2019Italia \u00e8 stata erogata ai lavoratori dipendenti del settore privato occupati nella provincia di Milano (124 euro). Seguono quelli di Bolzano (104,8 euro), Parma (103,8 euro), Bologna (103,4 euro), Modena (102 euro), Roma (101,3 euro), Reggio Emilia (100,6 euro), Genova (99,8 euro), Trieste (99,4 euro) e Torino (98,5 euro).<\/p>\n<p>La prima provincia veneta, Vicenza, si piazza a livello nazionale al 17\u00b0 posto con una retribuzione giornaliera media di 93,5 euro. Seguono Padova al 18\u00b0 con 93,1 euro, Verona al 20\u00b0 con 92,8 euro, Treviso al 21\u00b0 con 92,8 euro, Belluno al 32\u00b0 con 90,3 euro, Venezia al 34\u00b0 con 89,8 euro e Rovigo al 54\u00b0 con 82,4 euro.<\/p>\n<p>Gli operai e gli impiegati con il maggior numero medio di giornate lavorate durante il 2021 sono stati quelli occupati a Lecco (259,5 giorni). Seguono i dipendenti privati di Vicenza (258,2), Treviso (256,9), Lodi (256,7), Pordenone (256 giorni), Bergamo (255,6 giorni), Padova (255,4), Cremona (254,8 giorni), Reggio Emilia (254,1 giorni) e Modena (252,2 giorni).<\/p>\n<p>Le province, infine, dove i lavoratori sono stati \u201cmeno\u201d in ufficio o in fabbrica durante l\u2019anno preso in esame sono state quelle di Crotone (200,7 giorni), Lecce (200 giorni), Rimini (199,5 giorni), Agrigento (199,3 giorni) Salerno (198,7 giorni), Foggia (198,4 giorni), Cosenza (196,8 giorni), Trapani (195,6 giorni), Nuoro (193,7 giorni), Messina (193,4 giorni) e Vibo Valentia (177,2 giorni) (vedi Tab. 4 e Tab. 5).<\/p>\n<p><strong>I dirigenti hanno una retribuzione giornaliera del 577% superiore a quella degli operai<\/strong><\/p>\n<p>Sempre dal confronto della retribuzione media giornaliera relativa al 2021, i dirigenti italiani percepiscono un emolumento del 577 per cento superiore a quello conferito agli operai. Se ai primi viene erogato una paga lorda di 500 euro a fronte di 291 giorni di lavoro all\u2019anno, ai secondi la stessa sfiora i 74 euro per un totale di giorni lavorati pari a 219. La paga degli impiegati, invece, \u00e8 di 97,5 euro, mentre i quadri percepiscono 219 euro al giorno (vedi Tab. 6).<\/p>\n<p><strong>Gli stipendi pi\u00f9 alti nel settore creditizio e assicurativo<\/strong><br \/>\nSempre nel 2021 i settori dove le retribuzioni giornaliere a livello nazionale sono state pi\u00f9 elevate hanno interessato gli occupati del settore creditizio-finanziario-assicurativo (170 euro lordi), dell\u2019estrattivo (163,5 euro), del comparto energia elettrica-gas, etc. (161,3 euro), dell\u2019informazione-comunicazione (126,4 euro) e nel manifatturiero (107,2 euro). I lavoratori meno pagati, invece, sono alle dipendenze degli imprenditori del settore noleggio-agenzie di viaggio e servizi alle imprese (68,2 euro) e, infine, gli addetti al settore ricettivo e alla ristorazione (56 euro) (vedi Tab. 7).<\/p>\n\n\t\t\t<style type='text\/css'>\n\t\t\t\t#gallery-9 {\n\t\t\t\t\tmargin: auto;\n\t\t\t\t}\n\t\t\t\t#gallery-9 .gallery-item {\n\t\t\t\t\tfloat: left;\n\t\t\t\t\tmargin-top: 10px;\n\t\t\t\t\ttext-align: center;\n\t\t\t\t\twidth: 33%;\n\t\t\t\t}\n\t\t\t\t#gallery-9 img {\n\t\t\t\t\tborder: 2px solid #cfcfcf;\n\t\t\t\t}\n\t\t\t\t#gallery-9 .gallery-caption {\n\t\t\t\t\tmargin-left: 0;\n\t\t\t\t}\n\t\t\t\t\/* see gallery_shortcode() in wp-includes\/media.php *\/\n\t\t\t<\/style>\n\t\t<div id='gallery-9' class='dt-gallery-container gallery galleryid-344143 gallery-columns-3 gallery-size-medium'><dl class='gallery-item'>\n\t\t\t\t<dt class='gallery-icon portrait'>\n\t\t\t\t\t<a class=\"rollover\" href='https:\/\/www.radiopiu.net\/wordpress\/i-dipendenti-del-veneto-lavorano-2-mesi-in-piu-allanno-di-quelli-del-sud-la-causa-nel-mezzogiorno-dilaga-il-lavoro-nero\/schermata-2023-07-15-alle-09-59-10\/'><img loading=\"lazy\" decoding=\"async\" width=\"158\" height=\"300\" src=\"https:\/\/www.radiopiu.net\/wordpress\/wp-content\/uploads\/2023\/07\/Schermata-2023-07-15-alle-09.59.10-158x300.png\" class=\"attachment-medium size-medium\" alt=\"\" srcset=\"https:\/\/www.radiopiu.net\/wordpress\/wp-content\/uploads\/2023\/07\/Schermata-2023-07-15-alle-09.59.10-158x300.png 158w, https:\/\/www.radiopiu.net\/wordpress\/wp-content\/uploads\/2023\/07\/Schermata-2023-07-15-alle-09.59.10-538x1024.png 538w, https:\/\/www.radiopiu.net\/wordpress\/wp-content\/uploads\/2023\/07\/Schermata-2023-07-15-alle-09.59.10-768x1461.png 768w, https:\/\/www.radiopiu.net\/wordpress\/wp-content\/uploads\/2023\/07\/Schermata-2023-07-15-alle-09.59.10.png 794w\" sizes=\"auto, (max-width: 158px) 100vw, 158px\" \/><\/a>\n\t\t\t\t<\/dt><\/dl><dl class='gallery-item'>\n\t\t\t\t<dt class='gallery-icon landscape'>\n\t\t\t\t\t<a class=\"rollover\" href='https:\/\/www.radiopiu.net\/wordpress\/i-dipendenti-del-veneto-lavorano-2-mesi-in-piu-allanno-di-quelli-del-sud-la-causa-nel-mezzogiorno-dilaga-il-lavoro-nero\/schermata-2023-07-15-alle-09-59-24\/'><img loading=\"lazy\" decoding=\"async\" width=\"300\" height=\"192\" src=\"https:\/\/www.radiopiu.net\/wordpress\/wp-content\/uploads\/2023\/07\/Schermata-2023-07-15-alle-09.59.24-300x192.png\" class=\"attachment-medium size-medium\" alt=\"\" srcset=\"https:\/\/www.radiopiu.net\/wordpress\/wp-content\/uploads\/2023\/07\/Schermata-2023-07-15-alle-09.59.24-300x192.png 300w, https:\/\/www.radiopiu.net\/wordpress\/wp-content\/uploads\/2023\/07\/Schermata-2023-07-15-alle-09.59.24-1024x656.png 1024w, https:\/\/www.radiopiu.net\/wordpress\/wp-content\/uploads\/2023\/07\/Schermata-2023-07-15-alle-09.59.24-768x492.png 768w, https:\/\/www.radiopiu.net\/wordpress\/wp-content\/uploads\/2023\/07\/Schermata-2023-07-15-alle-09.59.24.png 1134w\" sizes=\"auto, (max-width: 300px) 100vw, 300px\" \/><\/a>\n\t\t\t\t<\/dt><\/dl><dl class='gallery-item'>\n\t\t\t\t<dt class='gallery-icon portrait'>\n\t\t\t\t\t<a class=\"rollover\" href='https:\/\/www.radiopiu.net\/wordpress\/i-dipendenti-del-veneto-lavorano-2-mesi-in-piu-allanno-di-quelli-del-sud-la-causa-nel-mezzogiorno-dilaga-il-lavoro-nero\/schermata-2023-07-15-alle-10-00-01\/'><img loading=\"lazy\" decoding=\"async\" width=\"156\" height=\"300\" src=\"https:\/\/www.radiopiu.net\/wordpress\/wp-content\/uploads\/2023\/07\/Schermata-2023-07-15-alle-10.00.01-156x300.png\" class=\"attachment-medium size-medium\" alt=\"\" srcset=\"https:\/\/www.radiopiu.net\/wordpress\/wp-content\/uploads\/2023\/07\/Schermata-2023-07-15-alle-10.00.01-156x300.png 156w, https:\/\/www.radiopiu.net\/wordpress\/wp-content\/uploads\/2023\/07\/Schermata-2023-07-15-alle-10.00.01-531x1024.png 531w, https:\/\/www.radiopiu.net\/wordpress\/wp-content\/uploads\/2023\/07\/Schermata-2023-07-15-alle-10.00.01.png 730w\" sizes=\"auto, (max-width: 156px) 100vw, 156px\" \/><\/a>\n\t\t\t\t<\/dt><\/dl><br style=\"clear: both\" \/><dl class='gallery-item'>\n\t\t\t\t<dt class='gallery-icon portrait'>\n\t\t\t\t\t<a class=\"rollover\" href='https:\/\/www.radiopiu.net\/wordpress\/i-dipendenti-del-veneto-lavorano-2-mesi-in-piu-allanno-di-quelli-del-sud-la-causa-nel-mezzogiorno-dilaga-il-lavoro-nero\/schermata-2023-07-15-alle-10-00-23\/'><img loading=\"lazy\" decoding=\"async\" width=\"213\" height=\"300\" src=\"https:\/\/www.radiopiu.net\/wordpress\/wp-content\/uploads\/2023\/07\/Schermata-2023-07-15-alle-10.00.23-213x300.png\" class=\"attachment-medium size-medium\" alt=\"\" srcset=\"https:\/\/www.radiopiu.net\/wordpress\/wp-content\/uploads\/2023\/07\/Schermata-2023-07-15-alle-10.00.23-213x300.png 213w, https:\/\/www.radiopiu.net\/wordpress\/wp-content\/uploads\/2023\/07\/Schermata-2023-07-15-alle-10.00.23-727x1024.png 727w, https:\/\/www.radiopiu.net\/wordpress\/wp-content\/uploads\/2023\/07\/Schermata-2023-07-15-alle-10.00.23-768x1082.png 768w, https:\/\/www.radiopiu.net\/wordpress\/wp-content\/uploads\/2023\/07\/Schermata-2023-07-15-alle-10.00.23.png 1086w\" sizes=\"auto, (max-width: 213px) 100vw, 213px\" \/><\/a>\n\t\t\t\t<\/dt><\/dl><dl class='gallery-item'>\n\t\t\t\t<dt class='gallery-icon portrait'>\n\t\t\t\t\t<a class=\"rollover\" href='https:\/\/www.radiopiu.net\/wordpress\/i-dipendenti-del-veneto-lavorano-2-mesi-in-piu-allanno-di-quelli-del-sud-la-causa-nel-mezzogiorno-dilaga-il-lavoro-nero\/schermata-2023-07-15-alle-10-02-02\/'><img loading=\"lazy\" decoding=\"async\" width=\"181\" height=\"300\" src=\"https:\/\/www.radiopiu.net\/wordpress\/wp-content\/uploads\/2023\/07\/Schermata-2023-07-15-alle-10.02.02-181x300.png\" class=\"attachment-medium size-medium\" alt=\"\" srcset=\"https:\/\/www.radiopiu.net\/wordpress\/wp-content\/uploads\/2023\/07\/Schermata-2023-07-15-alle-10.02.02-181x300.png 181w, https:\/\/www.radiopiu.net\/wordpress\/wp-content\/uploads\/2023\/07\/Schermata-2023-07-15-alle-10.02.02-619x1024.png 619w, https:\/\/www.radiopiu.net\/wordpress\/wp-content\/uploads\/2023\/07\/Schermata-2023-07-15-alle-10.02.02-768x1271.png 768w, https:\/\/www.radiopiu.net\/wordpress\/wp-content\/uploads\/2023\/07\/Schermata-2023-07-15-alle-10.02.02.png 892w\" sizes=\"auto, (max-width: 181px) 100vw, 181px\" \/><\/a>\n\t\t\t\t<\/dt><\/dl><dl class='gallery-item'>\n\t\t\t\t<dt class='gallery-icon landscape'>\n\t\t\t\t\t<a class=\"rollover\" href='https:\/\/www.radiopiu.net\/wordpress\/i-dipendenti-del-veneto-lavorano-2-mesi-in-piu-allanno-di-quelli-del-sud-la-causa-nel-mezzogiorno-dilaga-il-lavoro-nero\/schermata-2023-07-15-alle-10-02-17\/'><img loading=\"lazy\" decoding=\"async\" width=\"300\" height=\"181\" src=\"https:\/\/www.radiopiu.net\/wordpress\/wp-content\/uploads\/2023\/07\/Schermata-2023-07-15-alle-10.02.17-300x181.png\" class=\"attachment-medium size-medium\" alt=\"\" srcset=\"https:\/\/www.radiopiu.net\/wordpress\/wp-content\/uploads\/2023\/07\/Schermata-2023-07-15-alle-10.02.17-300x181.png 300w, https:\/\/www.radiopiu.net\/wordpress\/wp-content\/uploads\/2023\/07\/Schermata-2023-07-15-alle-10.02.17-768x464.png 768w, https:\/\/www.radiopiu.net\/wordpress\/wp-content\/uploads\/2023\/07\/Schermata-2023-07-15-alle-10.02.17.png 788w\" sizes=\"auto, (max-width: 300px) 100vw, 300px\" \/><\/a>\n\t\t\t\t<\/dt><\/dl><br style=\"clear: both\" \/><dl class='gallery-item'>\n\t\t\t\t<dt class='gallery-icon landscape'>\n\t\t\t\t\t<a class=\"rollover\" href='https:\/\/www.radiopiu.net\/wordpress\/i-dipendenti-del-veneto-lavorano-2-mesi-in-piu-allanno-di-quelli-del-sud-la-causa-nel-mezzogiorno-dilaga-il-lavoro-nero\/schermata-2023-07-15-alle-10-02-38\/'><img loading=\"lazy\" decoding=\"async\" width=\"300\" height=\"261\" src=\"https:\/\/www.radiopiu.net\/wordpress\/wp-content\/uploads\/2023\/07\/Schermata-2023-07-15-alle-10.02.38-300x261.png\" class=\"attachment-medium size-medium\" alt=\"\" srcset=\"https:\/\/www.radiopiu.net\/wordpress\/wp-content\/uploads\/2023\/07\/Schermata-2023-07-15-alle-10.02.38-300x261.png 300w, https:\/\/www.radiopiu.net\/wordpress\/wp-content\/uploads\/2023\/07\/Schermata-2023-07-15-alle-10.02.38-1024x890.png 1024w, https:\/\/www.radiopiu.net\/wordpress\/wp-content\/uploads\/2023\/07\/Schermata-2023-07-15-alle-10.02.38-768x668.png 768w, https:\/\/www.radiopiu.net\/wordpress\/wp-content\/uploads\/2023\/07\/Schermata-2023-07-15-alle-10.02.38.png 1026w\" sizes=\"auto, (max-width: 300px) 100vw, 300px\" \/><\/a>\n\t\t\t\t<\/dt><\/dl>\n\t\t\t\t<br style='clear: both' \/>\n\t\t\t<\/div>\n\n<p>&nbsp;<\/p>\n<hr \/>\n<p>&nbsp;<\/p>\n<blockquote>\n<h3>CONCERTI IN ALTA QUOTA CON &#8220;MELODIE NEL BOSCO, SUSSURRI TRA LE DOLOMITI&#8221;<\/h3>\n<\/blockquote>\n<p><strong><a class=\"dt-pswp-item\" href=\"https:\/\/www.radiopiu.net\/wordpress\/wp-content\/uploads\/2018\/07\/Pota-l_Orso_Bosco-degli-Artisti.png\" data-dt-img-description=\"\" data-large_image_width=\"750\" data-large_image_height=\"534\"><img loading=\"lazy\" decoding=\"async\" class=\"size-medium wp-image-55065 alignleft\" src=\"https:\/\/www.radiopiu.net\/wordpress\/wp-content\/uploads\/2018\/07\/Pota-l_Orso_Bosco-degli-Artisti-300x214.png\" alt=\"\" width=\"300\" height=\"214\" srcset=\"https:\/\/www.radiopiu.net\/wordpress\/wp-content\/uploads\/2018\/07\/Pota-l_Orso_Bosco-degli-Artisti-300x214.png 300w, https:\/\/www.radiopiu.net\/wordpress\/wp-content\/uploads\/2018\/07\/Pota-l_Orso_Bosco-degli-Artisti.png 750w\" sizes=\"auto, (max-width: 300px) 100vw, 300px\" \/><\/a>FALCADE<\/strong>\u00a0 &#8220;Melodie nel Bosco, sussurri tra le Dolomiti&#8221;. Si chiama cos\u00ec il festival che porter\u00e0 quattro concerti a 2.000 metri di altitudine per far incontrare musica e natura al cospetto di vette come Mulaz e Focobon.\u00a0 A fare da teatro sar\u00e0 il Bosco degli Artisti di Falcade, galleria d\u2019arte a cielo aperto che sorge in localit\u00e0 Le Buse, nella Ski Area San Pellegrino. Concerti in programma alle 10:30. Sabato 29 luglio si esibir\u00e0 il Coro Val Biois con intermezzo di Nina &amp; Nena duo. Sabato 12 agosto spazio a Fourback con un tributo ai Beatles. Sabato 26 agosto toccher\u00e0 a Emanuele Bastanzetti, da Bach a Kreisler &#8211; sinfonie di violino.<\/p>\n<blockquote><p><em>Raggiungere il Bosco degli Artisti \u00e8 facile: partendo da Falcade, paesino \u201ccullato\u201d dalle imponenti pareti rocciose del Focobon, si giunge a quota 1890 m. con la cabinovia che da Molino porta a Le Buse. Proprio qui, a pochi metri dalla stazione a monte, sorge il Bosco degli Artisti, esposizione di opere a cielo aperto che valorizza l\u2019abilit\u00e0 creativa di diversi scultori e pittori della Val Biois ispirati dalla bellezza e dalle tradizioni del territorio. Un percorso ad anello di circa 1 km dove i visitatori sono invitati a scoprire, passo dopo passo, le diverse opere nascoste tra gli alberi. Nei giorni dei concerti la cabinovia sar\u00e0 chiusa dalle 10.30 alle 12.00 per non disturbare il concerto.\u00a0<\/em><\/p><\/blockquote>\n<p>&nbsp;<\/p>\n<hr \/>\n<p>&nbsp;<\/p>\n<blockquote>\n<h3>LA SAGRA DEI PER A BRIBANO DI SEDICO<\/h3>\n<\/blockquote>\n<p><strong>SEDICO<\/strong> Dal 21 al 30 luglio grande festa a Bribano di Sedico con la Sagra dei Per. Musica, Luna Park, cibo, sport, cultura e altro. Sabato 22 Radio Pi\u00f9 40 Live per festeggiare assieme i 40 anni di Radio Pi\u00f9.<\/p>\n<p><strong>IL PROGRAMMA (2 PAGINE)<\/strong><\/p>\n<a href=\"https:\/\/www.radiopiu.net\/wordpress\/wp-content\/uploads\/2023\/07\/FLYER-sagra-dei-per-2023-STAMPA.pdf\" class=\"pdfemb-viewer\" style=\"\" data-width=\"max\" data-height=\"max\" data-toolbar=\"top\" data-toolbar-fixed=\"on\">FLYER sagra dei per 2023 STAMPA<\/a>\n<p>&nbsp;<\/p>\n<hr \/>\n<p>&nbsp;<\/p>\n<blockquote>\n<h3><a class=\"dt-pswp-item\" href=\"https:\/\/www.radiopiu.net\/wordpress\/wp-content\/uploads\/2023\/07\/SCR-20230714-stid.png\" data-dt-img-description=\"\" data-large_image_width=\"1264\" data-large_image_height=\"944\"><img loading=\"lazy\" decoding=\"async\" class=\" wp-image-344140 alignleft\" src=\"https:\/\/www.radiopiu.net\/wordpress\/wp-content\/uploads\/2023\/07\/SCR-20230714-stid-300x224.png\" alt=\"\" width=\"212\" height=\"158\" srcset=\"https:\/\/www.radiopiu.net\/wordpress\/wp-content\/uploads\/2023\/07\/SCR-20230714-stid-300x224.png 300w, https:\/\/www.radiopiu.net\/wordpress\/wp-content\/uploads\/2023\/07\/SCR-20230714-stid-1024x765.png 1024w, https:\/\/www.radiopiu.net\/wordpress\/wp-content\/uploads\/2023\/07\/SCR-20230714-stid-768x574.png 768w, https:\/\/www.radiopiu.net\/wordpress\/wp-content\/uploads\/2023\/07\/SCR-20230714-stid.png 1264w\" sizes=\"auto, (max-width: 212px) 100vw, 212px\" \/><\/a>LA PASTASCIUTTA ANTIFASCISTA<\/h3>\n<\/blockquote>\n<p><strong>CESIOMAGGIORE<\/strong><\/p>\n<p>di Roberto Bona<\/p>\n<audio class=\"wp-audio-shortcode\" id=\"audio-344143-2\" preload=\"none\" style=\"width: 100%;\" controls=\"controls\"><source type=\"audio\/mpeg\" src=\"https:\/\/www.radiopiu.net\/wordpress\/wp-content\/uploads\/2023\/07\/BONA-PASTASCIUTTA-ANTIFASCISTA-25-LUGLIO.mp3?_=2\" \/><a href=\"https:\/\/www.radiopiu.net\/wordpress\/wp-content\/uploads\/2023\/07\/BONA-PASTASCIUTTA-ANTIFASCISTA-25-LUGLIO.mp3\">https:\/\/www.radiopiu.net\/wordpress\/wp-content\/uploads\/2023\/07\/BONA-PASTASCIUTTA-ANTIFASCISTA-25-LUGLIO.mp3<\/a><\/audio>\n<p>&nbsp;<\/p>\n<hr \/>\n<p>&nbsp;<\/p>\n<h2><span style=\"color: #ff0000;\">GLI APPUNTAMENTI DELLA SETTIMANA\u00a0<\/span><\/h2>\n<blockquote>\n<h3>MULTIVISIONI SOTTO LE STELLE<\/h3>\n<\/blockquote>\n<p><strong>BORGO VALBELLUNA <\/strong>Immagini che prendono vita seguendo lo scorrere della musica, per creare uno spettacolo che ha il potere di affascinare e coinvolgere lo spettatore. Questo lo spettacolo che verr\u00e0 proposto a Mel domani nel cortile del Palazzo delle Contesse di Mel.<\/p>\n<p>&nbsp;<\/p>\n<blockquote>\n<h3>UNA SERATA CON ANSELMO CAGNATI<\/h3>\n<\/blockquote>\n<p><strong>FALCADE<\/strong> Gioved\u00ec 20 luglio alle 21 alla Casa della Giovent\u00f9 di Caviola una serata con Anselmo Cagnati dal titolo &#8220;Tjikko, con i cani da slitta del grande nord&#8221;<\/p>\n<p>&nbsp;<\/p>\n<blockquote>\n<h3>CONCERTO D&#8217;ORGANO A MEL<\/h3>\n<\/blockquote>\n<p><strong>BELLUNO<\/strong> Torna per la sesta volta a Mel il Concerto d\u2019organo con il maestro Fiorenzo Mori. L\u2019atteso appuntamento organizzato all\u2019insegna della solidariet\u00e0, dall\u2019Auser provinciale e dal locale Circolo Auser \u201cIl Sole&#8221;. Appuntamento gioved\u00ec 20 luglio nella chiesa arcipretale di Mel, in piazza Luciani, con inizio alle ore 20.30.<\/p>\n<p>&nbsp;<\/p>\n<blockquote>\n<h3>LA SANTA MESSA AL COL DE SAN LUGAN<\/h3>\n<\/blockquote>\n<p><strong>TAIBON<\/strong> Sabato 22 luglio alle 10:30 al Col De San Lugan in Valle di San Lucano verr\u00e0 celebrata la Santa Messa. Pranzo al sacco.<\/p>\n<p>&nbsp;<\/p>\n<blockquote>\n<h3>LA STUA, DOVE RINASCE LO STUDIO BALLIS<\/h3>\n<\/blockquote>\n<p><strong>ALLEGHE<\/strong> Sabato 22 luglio alle 18 in Corso Venezia a Masare&#8217;, Laura Ballis con Vico Calabro&#8217; e Giovanni Sogne inaugura il nuovo studio d&#8217;arte &#8220;La Stua&#8221;, rinato dopo la tempesta Vaia dell&#8217;autunno 2018.<\/p>\n\n\t\t\t<style type='text\/css'>\n\t\t\t\t#gallery-10 {\n\t\t\t\t\tmargin: auto;\n\t\t\t\t}\n\t\t\t\t#gallery-10 .gallery-item {\n\t\t\t\t\tfloat: left;\n\t\t\t\t\tmargin-top: 10px;\n\t\t\t\t\ttext-align: center;\n\t\t\t\t\twidth: 50%;\n\t\t\t\t}\n\t\t\t\t#gallery-10 img {\n\t\t\t\t\tborder: 2px solid #cfcfcf;\n\t\t\t\t}\n\t\t\t\t#gallery-10 .gallery-caption {\n\t\t\t\t\tmargin-left: 0;\n\t\t\t\t}\n\t\t\t\t\/* see gallery_shortcode() in wp-includes\/media.php *\/\n\t\t\t<\/style>\n\t\t<div id='gallery-10' class='dt-gallery-container gallery galleryid-344143 gallery-columns-2 gallery-size-medium'><dl class='gallery-item'>\n\t\t\t\t<dt class='gallery-icon landscape'>\n\t\t\t\t\t<a class=\"rollover rollover-zoom dt-pswp-item\" title=\"prima\" data-dt-img-description=\"\" data-large_image_width=\"266\" data-large_image_height=\"162\"href='https:\/\/www.radiopiu.net\/wordpress\/wp-content\/uploads\/2023\/07\/prima.png'><img loading=\"lazy\" decoding=\"async\" width=\"266\" height=\"162\" src=\"https:\/\/www.radiopiu.net\/wordpress\/wp-content\/uploads\/2023\/07\/prima.png\" class=\"attachment-medium size-medium\" alt=\"\" aria-describedby=\"gallery-10-342762\" \/><\/a>\n\t\t\t\t<\/dt>\n\t\t\t\t\t<dd class='wp-caption-text gallery-caption' id='gallery-10-342762'>\n\t\t\t\t\tPOST VAIA\n\t\t\t\t\t<\/dd><\/dl><dl class='gallery-item'>\n\t\t\t\t<dt class='gallery-icon landscape'>\n\t\t\t\t\t<a class=\"rollover rollover-zoom dt-pswp-item\" title=\"oggi\" data-dt-img-description=\"\" data-large_image_width=\"273\" data-large_image_height=\"196\"href='https:\/\/www.radiopiu.net\/wordpress\/wp-content\/uploads\/2023\/07\/oggi.png'><img loading=\"lazy\" decoding=\"async\" width=\"273\" height=\"196\" src=\"https:\/\/www.radiopiu.net\/wordpress\/wp-content\/uploads\/2023\/07\/oggi.png\" class=\"attachment-medium size-medium\" alt=\"\" aria-describedby=\"gallery-10-342761\" \/><\/a>\n\t\t\t\t<\/dt>\n\t\t\t\t\t<dd class='wp-caption-text gallery-caption' id='gallery-10-342761'>\n\t\t\t\t\tOGGI\n\t\t\t\t\t<\/dd><\/dl><br style=\"clear: both\" \/>\n\t\t\t<\/div>\n\n<blockquote>\n<h3><\/h3>\n<h3>L&#8217;ESTATE DEI MERCATINI AD AGORDO<\/h3>\n<\/blockquote>\n<p><strong>AGORDO<\/strong> Tornano i mercatini d&#8217;estate ad Agordo. Il primo appuntamento domenica 23 luglio dalle 6 alle 19 sul Broi di Agordo con il mercatino dell&#8217;antiquariato. Per informazioni 349 3984682<\/p>\n<p>&nbsp;<\/p>\n<h2><span style=\"color: #ff0000;\">PROSSIMAMENTE&#8230;\u00a0<\/span><\/h2>\n<blockquote>\n<h3>LA PASTASCIUTTA ANTIFASCISTA A BUSCHE<\/h3>\n<\/blockquote>\n<p><strong>CESIOMAGGIORE<\/strong> Sar\u00e0 Busche ad ospitare la pastasciutta antifascista 2023. Marted\u00ec 25 luglio a partire dalle 14:30 inizia la festa. Alle 15 lo spettacolo di burattini, alle 16 Fast Fashion con gli studenti di Rete Studenti Medi, a seguire il convegno dal titolo &#8220;Democratica, Artificiale e Intelligente?&#8221;. Alle 19:15 si pranza con la pastasciutta gratuita per tutti e musica con Sandro Del Luca e Nelson Salton. Organizzano SPI CGIL, Comune di Cesiomaggiore e Ulss 1 Dolomiti.<\/p>\n<p>&nbsp;<\/p>\n<blockquote>\n<h3>TALK CRISTIANO AD AGORDO<\/h3>\n<\/blockquote>\n<p><strong>AGORDO<\/strong> Domenica 30 luglio alle 18 al Centro Parrocchiale di Agordo un incontro dal titolo &#8220;Talk Cristiano, il significato della crocefissione di Ges\u00f9 Cristo<\/p>\n<p>&nbsp;<\/p>\n<blockquote>\n<h3>IL CORSO DI CALLIGRAFIA IN VAL DI ZOLDO<\/h3>\n<\/blockquote>\n<p><strong>VAL DI ZOLDO<\/strong><\/p>\n<p>Tra le proposte estive della Val di Zoldo c\u2019\u00e8 anche il Corso di Calligrafia &#8211; \u00c8 bello scrivere \u2013 che sar\u00e0 tenuto\u00a0 dalla prof. Anna Schettin, docente di Calligrafia e Lettering, sabato 29 e domenica 30 luglio, a Pieve di Zoldo. Per informazioni telefonare al numero 333 358 7405.<\/p>\n<p>&nbsp;<\/p>\n<p>&nbsp;<\/p>\n<hr \/>\n<p>&nbsp;<\/p>\n<blockquote>\n<h3>APERITIVO ? MA MAI SENZA MUSICA<\/h3>\n<\/blockquote>\n<p><a class=\"dt-pswp-item\" href=\"https:\/\/www.radiopiu.net\/wordpress\/wp-content\/uploads\/2023\/07\/d86dbc06-7161-49d4-b544-90770e85269f.jpg\" data-dt-img-description=\"\" data-large_image_width=\"1448\" data-large_image_height=\"2048\"><img loading=\"lazy\" decoding=\"async\" class=\" wp-image-342766 alignleft\" src=\"https:\/\/www.radiopiu.net\/wordpress\/wp-content\/uploads\/2023\/07\/d86dbc06-7161-49d4-b544-90770e85269f-212x300.jpg\" alt=\"\" width=\"133\" height=\"189\" srcset=\"https:\/\/www.radiopiu.net\/wordpress\/wp-content\/uploads\/2023\/07\/d86dbc06-7161-49d4-b544-90770e85269f-212x300.jpg 212w, https:\/\/www.radiopiu.net\/wordpress\/wp-content\/uploads\/2023\/07\/d86dbc06-7161-49d4-b544-90770e85269f-724x1024.jpg 724w, https:\/\/www.radiopiu.net\/wordpress\/wp-content\/uploads\/2023\/07\/d86dbc06-7161-49d4-b544-90770e85269f-768x1086.jpg 768w, https:\/\/www.radiopiu.net\/wordpress\/wp-content\/uploads\/2023\/07\/d86dbc06-7161-49d4-b544-90770e85269f-1086x1536.jpg 1086w, https:\/\/www.radiopiu.net\/wordpress\/wp-content\/uploads\/2023\/07\/d86dbc06-7161-49d4-b544-90770e85269f.jpg 1448w\" sizes=\"auto, (max-width: 133px) 100vw, 133px\" \/><\/a>Dimentica la routine, concediti un momento di relax e divertimento con amici e familiari. L&#8217;aperitivo in musica all&#8217;Hotel Stella Alpina in piazza a Falcade \u00e8 l&#8217;occasione perfetta per socializzare e creare ricordi preziosi.Ogni venerd\u00ec di luglio ed agosto, l&#8217;Hotel Stella Alpina vi accoglie per una serata di puro divertimento, dalle 18 alle 21. I\u00a0venerdi di luglio ed agosto allo Stella alpina, appuntamento con la buona musica e le specialit\u00e0 che sapranno deliziarvi il palato. INFO 0437 599046. <a class=\"moz-txt-link-abbreviated\" href=\"http:\/\/WWW.HOTEL\">WWW.HOTEL<\/a> STELLA ALPINA . COM<br \/>\n<strong>VENERDI 21 LUGLIO<\/strong> IL RITORNO DEI JPM, saranno serviti PANINI CON PORCHETTA E SALSA COLESLAW<\/p>\n<p>&nbsp;<\/p>\n<p>&nbsp;<\/p>\n<p>&nbsp;<\/p>\n<hr \/>\n<p>&nbsp;<\/p>\n<h2><strong><a class=\"dt-pswp-item\" href=\"https:\/\/www.radiopiu.net\/wordpress\/wp-content\/uploads\/2019\/05\/LA-VALLE-EZIO-ZUANEL.jpeg\" data-dt-img-description=\"\" data-large_image_width=\"1600\" data-large_image_height=\"901\"><img loading=\"lazy\" decoding=\"async\" class=\" wp-image-86466 alignleft\" src=\"https:\/\/www.radiopiu.net\/wordpress\/wp-content\/uploads\/2019\/05\/LA-VALLE-EZIO-ZUANEL-300x169.jpeg\" alt=\"\" width=\"162\" height=\"91\" srcset=\"https:\/\/www.radiopiu.net\/wordpress\/wp-content\/uploads\/2019\/05\/LA-VALLE-EZIO-ZUANEL-300x169.jpeg 300w, https:\/\/www.radiopiu.net\/wordpress\/wp-content\/uploads\/2019\/05\/LA-VALLE-EZIO-ZUANEL-768x432.jpeg 768w, https:\/\/www.radiopiu.net\/wordpress\/wp-content\/uploads\/2019\/05\/LA-VALLE-EZIO-ZUANEL-1024x577.jpeg 1024w, https:\/\/www.radiopiu.net\/wordpress\/wp-content\/uploads\/2019\/05\/LA-VALLE-EZIO-ZUANEL.jpeg 1600w\" sizes=\"auto, (max-width: 162px) 100vw, 162px\" \/><\/a><\/strong><span style=\"color: #008080;\">LA RASSEGNA STAMPA DA L&#8217;AMICO DEL POPOLO<\/span><\/h2>\n<p><strong>DI GIANNI SANTOMASO<\/strong><\/p>\n<p>OSPITE: Ezio Zuanel, sindaco di La Valle Agordina<\/p>\n<audio class=\"wp-audio-shortcode\" id=\"audio-344143-3\" preload=\"none\" style=\"width: 100%;\" controls=\"controls\"><source type=\"audio\/mpeg\" src=\"https:\/\/www.radiopiu.net\/wordpress\/wp-content\/uploads\/2023\/07\/RASSEGNA-GIANNI-2.mp3?_=3\" \/><a href=\"https:\/\/www.radiopiu.net\/wordpress\/wp-content\/uploads\/2023\/07\/RASSEGNA-GIANNI-2.mp3\">https:\/\/www.radiopiu.net\/wordpress\/wp-content\/uploads\/2023\/07\/RASSEGNA-GIANNI-2.mp3<\/a><\/audio>\n<p>&nbsp;<\/p>\n<hr \/>\n<p>&nbsp;<\/p>\n<div dir=\"auto\">\n<div class=\"message spoilers-container\" dir=\"auto\">\n<div>\n<div class=\"b654a4as d2edcug0\">\n<div class=\"rq0escxv hkbzh7o3 jwdofwj8 n8tt0mok r8blr3vg hyh9befq\"><\/div>\n<\/div>\n<\/div>\n<\/div>\n<\/div>\n<div class=\"message spoilers-container\" dir=\"auto\">\n<div class=\"column\">\n<div class=\"message spoilers-container\" dir=\"auto\">\n<div class=\"column\">\n<blockquote class=\"wp-embedded-content\" data-secret=\"pWgUm09lnx\"><p><a href=\"https:\/\/www.radiopiu.net\/wordpress\/il-viaggio-in-terra-irlandese-con-claudia-lavventura-e-terminata\/\">IL VIAGGIO IN TERRA IRLANDESE con Claudia L&#8217;AVVENTURA E&#8217; TERMINATA<\/a><\/p><\/blockquote>\n<p><iframe loading=\"lazy\" class=\"wp-embedded-content\" sandbox=\"allow-scripts\" security=\"restricted\" style=\"position: absolute; clip: rect(1px, 1px, 1px, 1px);\" title=\"&#8220;IL VIAGGIO IN TERRA IRLANDESE con Claudia L&#8217;AVVENTURA E&#8217; TERMINATA&#8221; &#8212; Radio Pi\u00f9\" src=\"https:\/\/www.radiopiu.net\/wordpress\/il-viaggio-in-terra-irlandese-con-claudia-lavventura-e-terminata\/embed\/#?secret=kz8XLSa6m1#?secret=pWgUm09lnx\" data-secret=\"pWgUm09lnx\" width=\"600\" height=\"338\" frameborder=\"0\" marginwidth=\"0\" marginheight=\"0\" scrolling=\"no\"><\/iframe><\/p>\n<p>&nbsp;<\/p>\n<hr \/>\n<p>&nbsp;<\/p>\n<p><img loading=\"lazy\" decoding=\"async\" class=\"aligncenter wp-image-61954 size-full\" src=\"https:\/\/www.radiopiu.net\/wordpress\/wp-content\/uploads\/2018\/09\/viabilita.jpeg\" sizes=\"auto, (max-width: 800px) 100vw, 800px\" srcset=\"https:\/\/www.radiopiu.net\/wordpress\/wp-content\/uploads\/2018\/09\/viabilita.jpeg 800w, https:\/\/www.radiopiu.net\/wordpress\/wp-content\/uploads\/2018\/09\/viabilita-300x38.jpeg 300w, https:\/\/www.radiopiu.net\/wordpress\/wp-content\/uploads\/2018\/09\/viabilita-768x96.jpeg 768w\" alt=\"\" width=\"800\" height=\"100\" \/><\/p>\n<\/div>\n<\/div>\n<div class=\"message spoilers-container\" dir=\"auto\">\n<div class=\"column\">\n<p>&nbsp;<\/p>\n<\/div>\n<\/div>\n<\/div>\n<\/div>\n<blockquote class=\"wp-embedded-content\" data-secret=\"mXZdtyHgxr\"><p><a href=\"https:\/\/www.radiopiu.net\/wordpress\/viabilita\/\">viabilita<\/a><\/p><\/blockquote>\n<p><iframe loading=\"lazy\" class=\"wp-embedded-content\" sandbox=\"allow-scripts\" security=\"restricted\" style=\"position: absolute; clip: rect(1px, 1px, 1px, 1px);\" title=\"&#8220;viabilita&#8221; &#8212; Radio Pi\u00f9\" src=\"https:\/\/www.radiopiu.net\/wordpress\/viabilita\/embed\/#?secret=5wQ9VS7YIR#?secret=mXZdtyHgxr\" data-secret=\"mXZdtyHgxr\" width=\"600\" height=\"338\" frameborder=\"0\" marginwidth=\"0\" marginheight=\"0\" scrolling=\"no\"><\/iframe><\/p>\n<div class=\"message spoilers-container\" dir=\"auto\">\n<div class=\"column\">\n<div class=\"message spoilers-container\" dir=\"auto\">\n<div class=\"column\">\n<div>\n<div dir=\"ltr\">\n<div class=\"gmail_quote\">\n<div dir=\"ltr\">\n<div><\/div>\n<div>\n<hr \/>\n<\/div>\n<div><a class=\"dt-pswp-item\" href=\"https:\/\/www.radiopiu.net\/wordpress\/wp-content\/uploads\/2023\/06\/07493af4-f8e1-4ce3-bb99-e0a40362939f.jpg\" data-dt-img-description=\"\" data-large_image_width=\"1417\" data-large_image_height=\"1481\"><img loading=\"lazy\" decoding=\"async\" class=\"wp-image-339869 aligncenter\" src=\"https:\/\/www.radiopiu.net\/wordpress\/wp-content\/uploads\/2023\/06\/07493af4-f8e1-4ce3-bb99-e0a40362939f-980x1024.jpg\" alt=\"\" width=\"382\" height=\"399\" srcset=\"https:\/\/www.radiopiu.net\/wordpress\/wp-content\/uploads\/2023\/06\/07493af4-f8e1-4ce3-bb99-e0a40362939f-980x1024.jpg 980w, https:\/\/www.radiopiu.net\/wordpress\/wp-content\/uploads\/2023\/06\/07493af4-f8e1-4ce3-bb99-e0a40362939f-287x300.jpg 287w, https:\/\/www.radiopiu.net\/wordpress\/wp-content\/uploads\/2023\/06\/07493af4-f8e1-4ce3-bb99-e0a40362939f-768x803.jpg 768w, https:\/\/www.radiopiu.net\/wordpress\/wp-content\/uploads\/2023\/06\/07493af4-f8e1-4ce3-bb99-e0a40362939f.jpg 1417w\" sizes=\"auto, (max-width: 382px) 100vw, 382px\" \/><\/a><\/div>\n<div><\/div>\n<\/div>\n<\/div>\n<\/div>\n<\/div>\n<hr \/>\n<p>&nbsp;<\/p>\n<p><a class=\"dt-pswp-item\" href=\"https:\/\/www.radiopiu.net\/wordpress\/wp-content\/uploads\/2018\/09\/WhatsApp-Image-2018-09-20-at-16.04.06.jpeg\" data-dt-img-description=\"\" data-large_image_width=\"800\" data-large_image_height=\"100\"><img loading=\"lazy\" decoding=\"async\" class=\"wp-image-61378 size-full aligncenter\" src=\"https:\/\/www.radiopiu.net\/wordpress\/wp-content\/uploads\/2018\/09\/WhatsApp-Image-2018-09-20-at-16.04.06.jpeg\" alt=\"\" width=\"800\" height=\"100\" srcset=\"https:\/\/www.radiopiu.net\/wordpress\/wp-content\/uploads\/2018\/09\/WhatsApp-Image-2018-09-20-at-16.04.06.jpeg 800w, https:\/\/www.radiopiu.net\/wordpress\/wp-content\/uploads\/2018\/09\/WhatsApp-Image-2018-09-20-at-16.04.06-300x38.jpeg 300w, https:\/\/www.radiopiu.net\/wordpress\/wp-content\/uploads\/2018\/09\/WhatsApp-Image-2018-09-20-at-16.04.06-768x96.jpeg 768w\" sizes=\"auto, (max-width: 800px) 100vw, 800px\" \/><\/a><\/p>\n<\/div>\n<\/div>\n<div class=\"message spoilers-container\" dir=\"auto\">\n<p>&nbsp;<\/p>\n<p><center><\/center><center><b>OGGI<\/b><\/center><b>Tempo atteso: <\/b>Tempo perlopi\u00f9 soleggiato con cielo generalmente sereno al mattino e poco nuvoloso per modesti cumuli al pomeriggio; rispetto al fine settimana localmente lo sviluppo dei cumuli sar\u00e0 moderato con cielo anche parzialmente nuvoloso, ma l&#8217;insidia di qualche fenomeno convettivo, eventualmente pi\u00f9 probabile sulle Dolomiti, rimarr\u00e0 bassa. Il caldo s&#8217;intensificher\u00e0 con forte sensazione di afa nelle valli.<br \/>\n<b>Precipitazioni: <\/b>Assenti al mattino (0%); al pomeriggio\/sera non si potr\u00e0 escludere la possibilit\u00e0 di qualche isolato temporale di calore, specie sulle Dolomiti (20\/40%), meno probabile sulle Prealpi (10\/30%).<br \/>\n<b>Temperature: <\/b>In ulteriore generale aumento, eccetto alle quote di alta montagna dove rimarranno stazionarie, in ogni caso significativamente superiori alle medie.<\/p>\n<hr \/>\n<p><center><b>DOMANI<\/b><\/center><b>Tempo atteso: <\/b>Tempo perlopi\u00f9 soleggiato con cielo sereno o poco nuvoloso al mattino, poco nuvoloso per modesti cumuli al pomeriggio, anche se localmente lo sviluppo dei cumuli sar\u00e0 moderato con cielo anche parzialmente nuvoloso, ma l&#8217;insidia di qualche fenomeno convettivo, eventualmente pi\u00f9 probabile sulle Dolomiti, rimarr\u00e0 ancora bassa. L&#8217;ondata di calore raggiunger\u00e0 probabilmente il suo apice.<br \/>\n<b>Precipitazioni: <\/b>Assenti al mattino (0%); al pomeriggio\/sera non si potr\u00e0 escludere la possibilit\u00e0 di qualche isolato temporale di calore, specie sulle Dolomiti (20\/40%), meno probabile sulle Prealpi (10\/30%).<br \/>\n<b>Temperature: <\/b>Minime stazionarie, massime in ulteriore lieve aumento.<\/p>\n<hr \/>\n<p><center><b>MERCOLEDI<\/b><\/center>Tempo inizialmente soleggiato, ma con sviluppo di nuvolosit\u00e0 cumuliforme gi\u00e0 in mattinata a partire dalle Dolomiti, cui si potranno associare rovesci e temporali sparsi nelle ore centrali e al pomeriggio, in trasferimento ai settori prealpini, specie orientali, tra pomeriggio e sera. Le temperature subiranno una moderata flessione in quota, mentre continuer\u00e0 a fare molto caldo nelle valli prealpine, sebbene con un lieve calo rispetto a marted\u00ec.<\/p>\n<hr \/>\n<p><center><b>GIOVEDI<\/b><\/center>Tempo variabile, a tratti instabile, con nuvolosit\u00e0 irregolare alternata a schiarite anche ampie. La probabilit\u00e0 di rovesci o temporali, sebbene pi\u00f9 elevata al pomeriggio\/sera, non sar\u00e0 esclusa nemmeno nelle ore mattutine.<\/p>\n<p>&nbsp;<\/p>\n<\/div>\n<div class=\"message spoilers-container\" dir=\"auto\">\n<hr \/>\n<p>&nbsp;<\/p>\n<p><a class=\"dt-pswp-item\" href=\"https:\/\/www.radiopiu.net\/wordpress\/wp-content\/uploads\/2018\/09\/sport.jpg\" data-dt-img-description=\"\" data-large_image_width=\"800\" data-large_image_height=\"100\"><img loading=\"lazy\" decoding=\"async\" class=\"aligncenter wp-image-60761 size-full\" src=\"https:\/\/www.radiopiu.net\/wordpress\/wp-content\/uploads\/2018\/09\/sport.jpg\" alt=\"\" width=\"800\" height=\"100\" srcset=\"https:\/\/www.radiopiu.net\/wordpress\/wp-content\/uploads\/2018\/09\/sport.jpg 800w, https:\/\/www.radiopiu.net\/wordpress\/wp-content\/uploads\/2018\/09\/sport-300x38.jpg 300w, https:\/\/www.radiopiu.net\/wordpress\/wp-content\/uploads\/2018\/09\/sport-768x96.jpg 768w\" sizes=\"auto, (max-width: 800px) 100vw, 800px\" \/><\/a><\/p>\n<\/div>\n<div class=\"message spoilers-container\" dir=\"auto\">\n<p>&nbsp;<\/p>\n<p><span style=\"color: #0000ff;\"><strong>CORSA IN MONTAGNA<\/strong>\u00a0<\/span><\/p>\n<blockquote>\n<h3>LA 41ESIMA EDIZIONE DI TRANSCIVETTA VA ALLA COPPIA MOIA-SIMONETTI<\/h3>\n<\/blockquote>\n<p><strong><a href=\"https:\/\/www.radiopiu.net\/wordpress\/wp-content\/uploads\/2022\/05\/TransCivetta-2019-\u00a9TiComunicazione_108-400x267-1.webp\"><img loading=\"lazy\" decoding=\"async\" class=\" wp-image-277692 alignleft\" src=\"https:\/\/www.radiopiu.net\/wordpress\/wp-content\/uploads\/2022\/05\/TransCivetta-2019-\u00a9TiComunicazione_108-400x267-1-300x200.webp\" alt=\"\" width=\"180\" height=\"120\" srcset=\"https:\/\/www.radiopiu.net\/wordpress\/wp-content\/uploads\/2022\/05\/TransCivetta-2019-\u00a9TiComunicazione_108-400x267-1-300x200.webp 300w, https:\/\/www.radiopiu.net\/wordpress\/wp-content\/uploads\/2022\/05\/TransCivetta-2019-\u00a9TiComunicazione_108-400x267-1.webp 400w\" sizes=\"auto, (max-width: 180px) 100vw, 180px\" \/><\/a>ALLEGHE <\/strong>800 squadre hanno dato vita alla <a href=\"http:\/\/41.ma\">41.ma<\/a> edizione di uno degli eventi di maggior tradizione e maggior suggestione della corsa in montagna italiana, Transcivetta Karpos, gara a coppie che si svolge sulle Dolomiti Bellunesi, con partenza da Listolade di Taibon Agordino e arrivo ad Alleghe. In una giornata di grande caldo, i concorrenti hanno percorso il tradizionale tracciato che parte da Listolade (705 metri di altitudine) e si conclude ai Piani di Pezz\u00e9 di Alleghe (1.460 metri di altitudine) dopo 23,5 chilometri, percorrendo parte dell\u2019Alta Via numero 1 e toccando capanna Trieste, il rifugio Vazzoler, il rifugio Tissi (che con i suoi 2.281 metri di altitudine rappresenta il \u201ctetto\u201d della gara), forcella Col Negro, forcella Coldai, il rifugio Coldai. I metri di dislivello sono 1.950. A vincere sono stati i friulani Tiziano Moia e Giulio Simonetti, in testa fin dai primi metri con un vantaggio compreso tra uno e due minuti sui \u201cpadroni di casa\u201d, gli agordini Luca e Lorenzo Cagnati. Alla fine, vittoria per Moia e Simonetti in 2h08\u201918\u201d e piazza d\u2019onore per Luca e Lorenzo Cagnati, staccati di un minuto e 16 secondi. A completare il podio la coppia bellunese-trevigiana composta da Eddj Nani e Luca Fabris, staccati di oltre 6 minuti. Friuli al successo anche nella graduatoria riservata alle ragazze: hurr\u00e0 per Anna Gubiani e Martina Ottogalli, al traguardo in 3h12\u201958\u201d. \u00abBellissimo correre ai piedi delle pareti del Civetta\u00bb dicono le due vincitrici. \u00abAbbiamo faticato sia per il dislivello sia per il grande caldo ma la nostra fatica \u00e8 stata alleviata dal tifo pazzesco e ripagata da una vittoria da ricordare\u00bb.\u00a0Tra le coppie miste, successo bellunese: merito della cadorina Martina Da Rin Zanco e dell\u2019alpagoto Gianpietro Barattin che hanno portato a termine la loro fatica con il tempo di 2h35\u201937\u201d. La coppia si \u00e8 costituita all\u2019ultimo: i due partner di Martina e Gianpietro (rispettivamente Olivo Da Pra ed Enrico Bonati) hanno infatti dovuto dare forfait al mattino, poco prima del via, per motivi di salute. Grazie all\u2019organizzazione, Da Rin Zanco e Barattin hanno potuto dare vita a una nuova squadra \u2026 vincente.\u00a0\u00abDi due buone coppie ne abbiamo formata un\u2019altra altrettanto buona\u00bb dicono i due che avevano vinto anche la Transcivetta Karpos 2022, proprio con Da Pra (Da Rin Zanco) e Bonati (Barattin). \u00abDedichiamo naturalmente la vittoria a Olivo ed Enrico\u00bb.<\/p>\n<p><strong>MASCHILE:<\/strong> 1. Tiziano Moia e Giulio Simonetti 2h08&#8217;20&#8221;, 2. Luca cagnati e Lorenzo Cagnati, 3. Eddi Nani e Luca Fabris<\/p>\n<p><strong>MISTA:<\/strong> 1. Martina da Rin Zanco e Gianpietro Barattin 2h35&#8217;37&#8221;, 2. Markus Planoetscher e Annalise Felderer, 3. Sara Nait e Michele Sulli<\/p>\n<p><strong>FEMMINILE:<\/strong> 1. Anna Gubbiani e Martina Ottogalli 3h12&#8217;59&#8221;, 2. Federica Schievenin e Vania Rizz\u00e0, 3. Lucia Forte e Kristel Mottin<\/p>\n<p><span style=\"font-family: verdana, sans-serif; font-size: large;\"><b><a href=\"https:\/\/tds.sport\/it\/race\/13087\" target=\"_blank\" rel=\"noopener\">LINK<\/a> per visualizzare le classifiche<\/b><\/span><\/p>\n<blockquote><p><em>\u00abPortiamo a casa un\u2019altra bella edizione di Transcivetta Karpos\u00bb dice <strong>Erminio Ferretto<\/strong>, a nome dell\u2019<strong>organizzazione<\/strong>. \u00abCome sempre, abbiamo prenotato il sole e lungo tutto il percorso \u00e8 stato uno spettacolo. Ringraziamo le 800 coppie che ci hanno dato fiducia e i tantissimi volontari che hanno collaborato a questo evento che costituisce un must dell\u2019estate agordina e della corsa in montagna\u00bb.<\/em><\/p><\/blockquote>\n<p>&nbsp;<\/p>\n<p><strong>DALLA DIRETTA DI RADIO PIU&#8217; CON FILIPPO FONTANIVE<\/strong><\/p>\n<audio class=\"wp-audio-shortcode\" id=\"audio-344143-4\" preload=\"none\" style=\"width: 100%;\" controls=\"controls\"><source type=\"audio\/mpeg\" src=\"https:\/\/www.radiopiu.net\/wordpress\/wp-content\/uploads\/2023\/07\/FILIPPO-TRANSCIVETTA.mp3?_=4\" \/><a href=\"https:\/\/www.radiopiu.net\/wordpress\/wp-content\/uploads\/2023\/07\/FILIPPO-TRANSCIVETTA.mp3\">https:\/\/www.radiopiu.net\/wordpress\/wp-content\/uploads\/2023\/07\/FILIPPO-TRANSCIVETTA.mp3<\/a><\/audio>\n<p>&nbsp;<\/p>\n<p>&nbsp;<\/p>\n<p><span style=\"color: #0000ff;\"><strong>CALCIO<\/strong><\/span><\/p>\n<blockquote>\n<h3>LE VILLE, TAIBON, VALLADA E VOLTAGO SONO LE SEMIFINALISTE DEL MEMORIAL ATTILIO MORETTI<\/h3>\n<\/blockquote>\n<p><strong><a class=\"dt-pswp-item\" href=\"https:\/\/www.radiopiu.net\/wordpress\/wp-content\/uploads\/2022\/04\/CALCIO.jpg\" data-dt-img-description=\"\" data-large_image_width=\"1920\" data-large_image_height=\"1280\"><img loading=\"lazy\" decoding=\"async\" class=\" wp-image-270520 alignleft\" src=\"https:\/\/www.radiopiu.net\/wordpress\/wp-content\/uploads\/2022\/04\/CALCIO-300x200.jpg\" alt=\"\" width=\"164\" height=\"109\" srcset=\"https:\/\/www.radiopiu.net\/wordpress\/wp-content\/uploads\/2022\/04\/CALCIO-300x200.jpg 300w, https:\/\/www.radiopiu.net\/wordpress\/wp-content\/uploads\/2022\/04\/CALCIO-1024x683.jpg 1024w, https:\/\/www.radiopiu.net\/wordpress\/wp-content\/uploads\/2022\/04\/CALCIO-768x512.jpg 768w, https:\/\/www.radiopiu.net\/wordpress\/wp-content\/uploads\/2022\/04\/CALCIO-1536x1024.jpg 1536w, https:\/\/www.radiopiu.net\/wordpress\/wp-content\/uploads\/2022\/04\/CALCIO.jpg 1920w\" sizes=\"auto, (max-width: 164px) 100vw, 164px\" \/><\/a>Di Marco Gaz<\/strong><\/p>\n<p><strong>REDAZIONE <\/strong>Sono Le Ville, Vallada, Voltago e Taibon le quattro semifinaliste del Campionato Agordino di calcio 2023. Sui campi di Voltago e Gosaldo si sono giocati i quarti di finale sotto ad un sole cocente. Nella prima sfida di Voltago il Le Ville vince di misura contro un Fodom che si sveglia troppo tardi. Di Monferone e una doppietta di Case la vittoria della squadra di Agordo che passa il turno dopo aver finito in 10 una sfida ostica in cui gli orsetti le hanno provate tutte pur di pareggiare i conti nel finale dopo aver accorciato le distanze due volte in pochi minuti. Nella prima gara di Gosaldo il Vallada vince di misura contro il La Valle dopo aver dominato per gran parte la partita. Del solito Piaz il gol che ha deciso l\u2019incontro. Il Taibon espugna il campo di Goslado rifilando un poker ai padroni di casa che avevano riaperto la sfida con due marcature. Il Voltago vince contro il Canale dopo una partita dalle due facce, i canalini hanno dominato nel primo tempo ma nella ripresa i padroni di casa hanno fatto la voce grossa conquistando per l\u2019ennesima volta la semifinale.<\/p>\n<p><strong>I RISULTATI DEI QUARTI DI FINALE: <\/strong>Le Ville \u2013 Fodom 3-2, La Valle \u2013 Vallada 0-1, Voltago \u2013 Canale 2-1, Taibon \u2013 Gosaldo 4-2.<\/p>\n<p><strong>PROSSIMO TURNO SEMIFINALI A LA VALLE: <\/strong>Vallada \u2013 Taibon, Le Ville &#8211; Voltago<\/p>\n<p>&nbsp;<\/p>\n<blockquote>\n<h3>SARANNO LA VALLE &#8211; CAPRILE E CANALE &#8211; TAIBON LE SEMIFINALI DEL CAMPIONATO AGORDINO GIOVANILE<\/h3>\n<\/blockquote>\n<p><strong><a class=\"dt-pswp-item\" href=\"https:\/\/www.radiopiu.net\/wordpress\/wp-content\/uploads\/2021\/11\/CALCIO-2021.jpg\" data-dt-img-description=\"\" data-large_image_width=\"2560\" data-large_image_height=\"1707\"><img loading=\"lazy\" decoding=\"async\" class=\" wp-image-242798 alignleft\" src=\"https:\/\/www.radiopiu.net\/wordpress\/wp-content\/uploads\/2021\/11\/CALCIO-2021-300x200.jpg\" alt=\"\" width=\"176\" height=\"117\" srcset=\"https:\/\/www.radiopiu.net\/wordpress\/wp-content\/uploads\/2021\/11\/CALCIO-2021-300x200.jpg 300w, https:\/\/www.radiopiu.net\/wordpress\/wp-content\/uploads\/2021\/11\/CALCIO-2021-1024x683.jpg 1024w, https:\/\/www.radiopiu.net\/wordpress\/wp-content\/uploads\/2021\/11\/CALCIO-2021-768x512.jpg 768w, https:\/\/www.radiopiu.net\/wordpress\/wp-content\/uploads\/2021\/11\/CALCIO-2021-1536x1024.jpg 1536w, https:\/\/www.radiopiu.net\/wordpress\/wp-content\/uploads\/2021\/11\/CALCIO-2021-2048x1366.jpg 2048w\" sizes=\"auto, (max-width: 176px) 100vw, 176px\" \/><\/a>di Marco Gaz<\/strong><\/p>\n<p><strong>REDAZIONE\u00a0 <\/strong>Terminata la prima fase del Campionato Agordino Under 14 e definite le quattro semifinaliste del torneo giovanile. Sabato 22 luglio a Cernadoi il primo dei due atti conclusivi con le semifinali sul sintetico sotto la Marmolada. Saranno La Valle, Canale, Taibon e Caprile a giocarsi il tutto per tutto per raggiungere la finalissima in programma il 30 luglio a Boscoverde di Rocca Pietore. Fuori dai giochi Fodom, Le Ville, Cencenighe e Vallada. Nell\u2019ultima giornata il Canale vince di misura contro il Caprile conquistando la seconda posizione della classifica. La squadra della Valle del Biois va in semifinale dove affronter\u00e0 il Taibon che sabato pomeriggio ha superato con un punteggio tennistico il Fodom. Il Cencenighe saluta il torneo con una vittoria rifilando ben 14 reti ad un Vallada che rimane fanalino di coda della graduatoria con 79 gol subiti in 7 partite. Sagra del gol al \u201cBernaboa\u201d di La Valle dove i padroni di casa vincono con il Le Ville. Difese ballerine con ben 12 gol messi a segno. A spuntarla i lavallesi che ne hanno segnati 4 in pi\u00f9 della squadra di Agordo.<\/p>\n<p><strong>I RISULTATI DELL\u2019ULTIMA GIORNATA REGOLARE<\/strong> Caprile \u2013 Canale 1-2, Taibon \u2013 Fodom 6-1, La Valle \u2013 Le Ville 8-4, Cencenighe \u2013 Vallada 14-1.<\/p>\n<p><strong>LA CLASSIFICA FINALE <\/strong>La Valle 19, Canale 18, Taibon 16, Caprile 12, Fodom, Le Ville e Cencenighe 6, Vallada 0.<\/p>\n<p><strong>LE SEMIFINALI DI CERNADOI<\/strong> La Valle \u2013 Caprile e Canale \u2013 Taibon.<\/p>\n<p>&nbsp;<\/p>\n<blockquote>\n<h3>L&#8217;AMICHEVOLE TRA VENEZIA CALCIO E POLISPORTIVA CANALE D&#8217;AGORDO<\/h3>\n<\/blockquote>\n<p><strong>FALCADE<\/strong> In occasione del ritiro falcadino del Venezia Calcio, la Polisportiva Canale D&#8217;Agordo ha affrontato in amichevole la squadra veneziana al nuovo campo sportivo di Falcade. Il Venezia ha vinto con il punteggio di 31 a 0.<\/p>\n<p><strong>LA DIRETTA RADIO PIU&#8217;<\/strong><\/p>\n<p>https:\/\/www.facebook.com\/marco.baghy.1\/videos\/1981268175553526\/?<\/p>\n<p>&nbsp;<\/p>\n<p>&nbsp;<\/p>\n<p><span style=\"color: #0000ff;\"><strong>ATLETICA<\/strong><\/span><\/p>\n<blockquote>\n<h3>GS LA PIAVE 2000, CHE SUCCESSO L\u2019ATHLETICS SUMMER CAMP<\/h3>\n<\/blockquote>\n<p><strong><a class=\"dt-pswp-item\" href=\"https:\/\/www.radiopiu.net\/wordpress\/wp-content\/uploads\/2023\/07\/Gs-La-Piave-2000_I-partecipanti-al-Camp.jpg\" data-dt-img-description=\"\" data-large_image_width=\"2048\" data-large_image_height=\"1536\"><img loading=\"lazy\" decoding=\"async\" class=\" wp-image-344218 alignleft\" src=\"https:\/\/www.radiopiu.net\/wordpress\/wp-content\/uploads\/2023\/07\/Gs-La-Piave-2000_I-partecipanti-al-Camp-300x225.jpg\" alt=\"\" width=\"179\" height=\"134\" srcset=\"https:\/\/www.radiopiu.net\/wordpress\/wp-content\/uploads\/2023\/07\/Gs-La-Piave-2000_I-partecipanti-al-Camp-300x225.jpg 300w, https:\/\/www.radiopiu.net\/wordpress\/wp-content\/uploads\/2023\/07\/Gs-La-Piave-2000_I-partecipanti-al-Camp-1024x768.jpg 1024w, https:\/\/www.radiopiu.net\/wordpress\/wp-content\/uploads\/2023\/07\/Gs-La-Piave-2000_I-partecipanti-al-Camp-768x576.jpg 768w, https:\/\/www.radiopiu.net\/wordpress\/wp-content\/uploads\/2023\/07\/Gs-La-Piave-2000_I-partecipanti-al-Camp-1536x1152.jpg 1536w, https:\/\/www.radiopiu.net\/wordpress\/wp-content\/uploads\/2023\/07\/Gs-La-Piave-2000_I-partecipanti-al-Camp.jpg 2048w\" sizes=\"auto, (max-width: 179px) 100vw, 179px\" \/><\/a>BORGO VALBELLUNA<\/strong> Si \u00e8 conclusa la terza edizione dell&#8217;Athletics Summer Camp a Borgo Valbelluna, un centro estivo organizzato dal Gs La Piave 2000 che ha coinvolto un centinaio di ragazzi tra i 5 e i 13 anni. Il camp si \u00e8 tenuto presso la pista di atletica leggera di Pagogna e \u00e8 stato diretto da laureati in Scienze Motorie. Oltre all&#8217;atletica, i ragazzi hanno partecipato a giochi di squadra e hanno scoperto altre attivit\u00e0, come l&#8217;Unione Italiana Ciechi e Ipovedenti e il rugby. Hanno anche imparato a produrre il formaggio presso la Fattoria Bepi Zumelle. Durante il camp sono state coinvolte diverse realt\u00e0 locali. L&#8217;esperienza \u00e8 stata molto apprezzata dai ragazzi e dai genitori, confermando il successo dell&#8217;evento. L&#8217;appuntamento \u00e8 gi\u00e0 fissato per il 2024.<\/p>\n<p>&nbsp;<\/p>\n<blockquote>\n<h3><a class=\"dt-pswp-item\" href=\"https:\/\/www.radiopiu.net\/wordpress\/wp-content\/uploads\/2023\/05\/MANUELA-BULF.jpeg\" data-dt-img-description=\"\" data-large_image_width=\"1120\" data-large_image_height=\"850\"><img loading=\"lazy\" decoding=\"async\" class=\" wp-image-334710 alignleft\" src=\"https:\/\/www.radiopiu.net\/wordpress\/wp-content\/uploads\/2023\/05\/MANUELA-BULF-300x228.jpeg\" alt=\"\" width=\"124\" height=\"94\" srcset=\"https:\/\/www.radiopiu.net\/wordpress\/wp-content\/uploads\/2023\/05\/MANUELA-BULF-300x228.jpeg 300w, https:\/\/www.radiopiu.net\/wordpress\/wp-content\/uploads\/2023\/05\/MANUELA-BULF-1024x777.jpeg 1024w, https:\/\/www.radiopiu.net\/wordpress\/wp-content\/uploads\/2023\/05\/MANUELA-BULF-768x583.jpeg 768w, https:\/\/www.radiopiu.net\/wordpress\/wp-content\/uploads\/2023\/05\/MANUELA-BULF.jpeg 1120w\" sizes=\"auto, (max-width: 124px) 100vw, 124px\" \/><\/a>MANUELA BULF SI AGGIUDICA IL GIRO PODISTICO CITTA&#8217; DELLA VITTORIA<\/h3>\n<\/blockquote>\n<p>Andrea Botteon e Manuela Bulf hanno vinto il giro podistico &#8220;Citt\u00e0 della Vittoria&#8221;, che si \u00e8 svolto a Vittorio Veneto. All&#8217;evento hanno partecipato circa 300 atleti.Manuela Bulf dell&#8217;Atl. Agordina, una madre di quattro figli di 38 anni, ha preso subito il comando e ha ottenuto una vittoria netta sulla ex azzurra Michela Zanatta dell&#8217;Atl. Ponzano.<\/p>\n<p>&nbsp;<\/p>\n<p>&nbsp;<\/p>\n<p><span style=\"color: #0000ff;\"><strong>MOTORI<\/strong><\/span><\/p>\n<blockquote>\n<h3>SIGOR-BERNARDI FANNO BELLA FIGURA AL RALLY DEL FRIULI<\/h3>\n<\/blockquote>\n<p><strong><a class=\"dt-pswp-item\" href=\"https:\/\/www.radiopiu.net\/wordpress\/wp-content\/uploads\/2023\/07\/417f63ac-d4b0-4a9c-ab9d-109f3fe274c9.jpg\" data-dt-img-description=\"\" data-large_image_width=\"720\" data-large_image_height=\"480\"><img loading=\"lazy\" decoding=\"async\" class=\" wp-image-344390 alignleft\" src=\"https:\/\/www.radiopiu.net\/wordpress\/wp-content\/uploads\/2023\/07\/417f63ac-d4b0-4a9c-ab9d-109f3fe274c9-300x200.jpg\" alt=\"\" width=\"183\" height=\"122\" srcset=\"https:\/\/www.radiopiu.net\/wordpress\/wp-content\/uploads\/2023\/07\/417f63ac-d4b0-4a9c-ab9d-109f3fe274c9-300x200.jpg 300w, https:\/\/www.radiopiu.net\/wordpress\/wp-content\/uploads\/2023\/07\/417f63ac-d4b0-4a9c-ab9d-109f3fe274c9.jpg 720w\" sizes=\"auto, (max-width: 183px) 100vw, 183px\" \/><\/a>CIVIDALE DEL FRIULI<\/strong><\/p>\n<p>di Roberto Bona<\/p>\n<audio class=\"wp-audio-shortcode\" id=\"audio-344143-5\" preload=\"none\" style=\"width: 100%;\" controls=\"controls\"><source type=\"audio\/mpeg\" src=\"https:\/\/www.radiopiu.net\/wordpress\/wp-content\/uploads\/2023\/07\/gr-17-sport-rally-friuli-bona.mp3?_=5\" \/><a href=\"https:\/\/www.radiopiu.net\/wordpress\/wp-content\/uploads\/2023\/07\/gr-17-sport-rally-friuli-bona.mp3\">https:\/\/www.radiopiu.net\/wordpress\/wp-content\/uploads\/2023\/07\/gr-17-sport-rally-friuli-bona.mp3<\/a><\/audio>\n<p>&nbsp;<\/p>\n<\/div>\n<\/div>\n<\/div>\n","protected":false},"excerpt":{"rendered":"<p>40esimo di RADIOPIU\u2026. LA VOCE DELL\u2019EMOZIONE ISCRIVITI AL NOSTRO CANALE\u00a0\u00a0YOUTUBE PER SEGUIRE IN DIRETTA I PRINCIPALI PROGRAMMI DI RADIO PIU\u2019 E LE FUTURE DIRETTE IN ESTERNA. PER ISCRIVERTI\u00a0CLICCA QUI\u00a0E PREMI\u00a0 \u201cIscriviti\u201d\u00a0 &nbsp; CAMPIONATO AGORDINO DI CALCIO SU RADIO PIU&#8217; GLI SPECIALI, SUL Corriere delle Alpi 2 PAGINE SPECIALI COME OGNI LUNEDI ! &nbsp; &nbsp; \u00a0ACQUA&hellip;<\/p>\n","protected":false},"author":4,"featured_media":344427,"comment_status":"closed","ping_status":"closed","sticky":false,"template":"","format":"standard","meta":{"_monsterinsights_skip_tracking":false,"_monsterinsights_sitenote_active":false,"_monsterinsights_sitenote_note":"","_monsterinsights_sitenote_category":0,"footnotes":""},"categories":[51,86,49],"tags":[],"class_list":["post-344143","post","type-post","status-publish","format-standard","has-post-thumbnail","hentry","category-evidenza-top","category-gr","category-news-18","category-51","category-86","category-49","description-off"],"img_url":"https:\/\/www.radiopiu.net\/wordpress\/wp-content\/uploads\/2023\/07\/bf212400-f560-457f-9472-f42e2007e975.jpg","_links":{"self":[{"href":"https:\/\/www.radiopiu.net\/wordpress\/wp-json\/wp\/v2\/posts\/344143","targetHints":{"allow":["GET"]}}],"collection":[{"href":"https:\/\/www.radiopiu.net\/wordpress\/wp-json\/wp\/v2\/posts"}],"about":[{"href":"https:\/\/www.radiopiu.net\/wordpress\/wp-json\/wp\/v2\/types\/post"}],"author":[{"embeddable":true,"href":"https:\/\/www.radiopiu.net\/wordpress\/wp-json\/wp\/v2\/users\/4"}],"replies":[{"embeddable":true,"href":"https:\/\/www.radiopiu.net\/wordpress\/wp-json\/wp\/v2\/comments?post=344143"}],"version-history":[{"count":0,"href":"https:\/\/www.radiopiu.net\/wordpress\/wp-json\/wp\/v2\/posts\/344143\/revisions"}],"wp:featuredmedia":[{"embeddable":true,"href":"https:\/\/www.radiopiu.net\/wordpress\/wp-json\/wp\/v2\/media\/344427"}],"wp:attachment":[{"href":"https:\/\/www.radiopiu.net\/wordpress\/wp-json\/wp\/v2\/media?parent=344143"}],"wp:term":[{"taxonomy":"category","embeddable":true,"href":"https:\/\/www.radiopiu.net\/wordpress\/wp-json\/wp\/v2\/categories?post=344143"},{"taxonomy":"post_tag","embeddable":true,"href":"https:\/\/www.radiopiu.net\/wordpress\/wp-json\/wp\/v2\/tags?post=344143"}],"curies":[{"name":"wp","href":"https:\/\/api.w.org\/{rel}","templated":true}]}}