{"id":344211,"date":"2023-07-17T04:34:50","date_gmt":"2023-07-17T02:34:50","guid":{"rendered":"https:\/\/www.radiopiu.net\/wordpress\/?p=344211"},"modified":"2023-07-17T05:14:49","modified_gmt":"2023-07-17T03:14:49","slug":"dillo-a-radio-piu-laumento-abbonamenti-dolomitibus-vale-solo-per-gli-utenti-in-regola","status":"publish","type":"post","link":"https:\/\/www.radiopiu.net\/wordpress\/dillo-a-radio-piu-laumento-abbonamenti-dolomitibus-vale-solo-per-gli-utenti-in-regola\/","title":{"rendered":"DILLO A RADIO PIU&#8217;&#8230;L&#8217;AUMENTO ABBONAMENTI DOLOMITIBUS VALE SOLO PER GLI UTENTI IN REGOLA?"},"content":{"rendered":"<p><strong><a class=\"dt-pswp-item\" href=\"https:\/\/www.radiopiu.net\/wordpress\/wp-content\/uploads\/2018\/08\/dolomitibus.jpeg\" data-dt-img-description=\"\" data-large_image_width=\"621\" data-large_image_height=\"414\"><img loading=\"lazy\" decoding=\"async\" class=\" wp-image-59158 alignleft\" src=\"https:\/\/www.radiopiu.net\/wordpress\/wp-content\/uploads\/2018\/08\/dolomitibus-300x200.jpeg\" alt=\"\" width=\"191\" height=\"127\" srcset=\"https:\/\/www.radiopiu.net\/wordpress\/wp-content\/uploads\/2018\/08\/dolomitibus-300x200.jpeg 300w, https:\/\/www.radiopiu.net\/wordpress\/wp-content\/uploads\/2018\/08\/dolomitibus.jpeg 621w\" sizes=\"auto, (max-width: 191px) 100vw, 191px\" \/><\/a>REDAZIONE\u00a0<\/strong>Riceviamo e pubblichiamo una lettera arrivata in radio da un gruppo di operai di una grande azienda dell&#8217;Agordino che lamentano il rincaro dei prezzi degli abbonamenti DolomitiBus.<\/p>\n<blockquote><p><em>Siamo un gruppo di dipendenti di una grande azienda dell&#8217;Agordino che abitualmente utilizzano l&#8217;autobus come mezzo di trasporto per recarsi al lavoro. Da questo mese gli abbonamenti sono aumentati e non di poco. Considerando che le tariffe erano ferme dal 2018 non contestiamo l&#8217;aumento in s\u00e9, quello ci pu\u00f2 stare visto che in questi 5 anni \u00e8 aumentato anche tutto il resto. Sui media locali tra le motivazioni dell&#8217;aumento era stata indicata la diminuzione del numero dei passeggeri tuttavia, gli autobus che utilizziamo quotidianamente, ci sembrano pieni di passeggeri, al pari se non di pi\u00f9 rispetto al pre-pandemia. Quelli che invece sugli autobus ci sembrano quasi scomparsi sono i controllori, al punto che, ci chiediamo, se in realt\u00e0 la diminuzione dell&#8217;utenza sia riscontrabile solo nel calo di numero degli abbonamenti pagati e\/o biglietti regolarmente obliterati. Vero che gli abitanti della nostra provincia hanno reputazione di persone oneste, ci mancherebbe, ma \u00e8 anche vero che i controlli rarissimi possono indurre una certa parte dell&#8217;utenza a farsi due conti, se conviene pagare qualche centinaio di euro annui per l&#8217;abbonamento oppure se tentare la sorte e, mal che vada, prendere una o due multe l&#8217;anno (che alla fine costano molta meno). Infatti, quando capita che salga un controllore, lo si vede trovare diverse persone senza titolo di viaggio (lavoratori, studenti, in stagione anche turisti) solo che poi non si vedono pi\u00f9 magari per molti mesi. Viene spontaneo chiedersi perch\u00e9 mai noi utenti in regola dobbiamo pagare di pi\u00f9 per compensare i mancati introiti dovuti a coloro che l&#8217;abbonamento o il biglietto non lo pagano? Possibile che non si riesca a fare controlli pi\u00f9 frequenti? Ci risulta che la situazione sia gi\u00e0 stata segnalata a DolomitiBus ma finora non si \u00e8 visto nessun cambiamento. Il servizio di trasporto pubblico \u00e8 molto importante per tutti ma anche le regole devono valere per tutti. Grazie per l&#8217;attenzione.<\/em><\/p><\/blockquote>\n<p>&nbsp;<\/p>\n<p>&nbsp;<\/p>\n<p>*******<\/p>\n","protected":false},"excerpt":{"rendered":"<p>REDAZIONE\u00a0Riceviamo e pubblichiamo una lettera arrivata in radio da un gruppo di operai di una grande azienda dell&#8217;Agordino che lamentano il rincaro dei prezzi degli abbonamenti DolomitiBus. Siamo un gruppo di dipendenti di una grande azienda dell&#8217;Agordino che abitualmente utilizzano l&#8217;autobus come mezzo di trasporto per recarsi al lavoro. Da questo mese gli abbonamenti sono&hellip;<\/p>\n","protected":false},"author":4,"featured_media":59158,"comment_status":"closed","ping_status":"closed","sticky":false,"template":"","format":"standard","meta":{"_monsterinsights_skip_tracking":false,"_monsterinsights_sitenote_active":false,"_monsterinsights_sitenote_note":"","_monsterinsights_sitenote_category":0,"footnotes":""},"categories":[51,49],"tags":[],"class_list":["post-344211","post","type-post","status-publish","format-standard","has-post-thumbnail","hentry","category-evidenza-top","category-news-18","category-51","category-49","description-off"],"img_url":"https:\/\/www.radiopiu.net\/wordpress\/wp-content\/uploads\/2018\/08\/dolomitibus.jpeg","_links":{"self":[{"href":"https:\/\/www.radiopiu.net\/wordpress\/wp-json\/wp\/v2\/posts\/344211","targetHints":{"allow":["GET"]}}],"collection":[{"href":"https:\/\/www.radiopiu.net\/wordpress\/wp-json\/wp\/v2\/posts"}],"about":[{"href":"https:\/\/www.radiopiu.net\/wordpress\/wp-json\/wp\/v2\/types\/post"}],"author":[{"embeddable":true,"href":"https:\/\/www.radiopiu.net\/wordpress\/wp-json\/wp\/v2\/users\/4"}],"replies":[{"embeddable":true,"href":"https:\/\/www.radiopiu.net\/wordpress\/wp-json\/wp\/v2\/comments?post=344211"}],"version-history":[{"count":0,"href":"https:\/\/www.radiopiu.net\/wordpress\/wp-json\/wp\/v2\/posts\/344211\/revisions"}],"wp:featuredmedia":[{"embeddable":true,"href":"https:\/\/www.radiopiu.net\/wordpress\/wp-json\/wp\/v2\/media\/59158"}],"wp:attachment":[{"href":"https:\/\/www.radiopiu.net\/wordpress\/wp-json\/wp\/v2\/media?parent=344211"}],"wp:term":[{"taxonomy":"category","embeddable":true,"href":"https:\/\/www.radiopiu.net\/wordpress\/wp-json\/wp\/v2\/categories?post=344211"},{"taxonomy":"post_tag","embeddable":true,"href":"https:\/\/www.radiopiu.net\/wordpress\/wp-json\/wp\/v2\/tags?post=344211"}],"curies":[{"name":"wp","href":"https:\/\/api.w.org\/{rel}","templated":true}]}}