{"id":344360,"date":"2023-07-17T04:38:22","date_gmt":"2023-07-17T02:38:22","guid":{"rendered":"https:\/\/www.radiopiu.net\/wordpress\/?p=344360"},"modified":"2023-07-17T05:08:42","modified_gmt":"2023-07-17T03:08:42","slug":"sono-quattro-gli-interventi-del-soccorso-alpino-in-mattinata","status":"publish","type":"post","link":"https:\/\/www.radiopiu.net\/wordpress\/sono-quattro-gli-interventi-del-soccorso-alpino-in-mattinata\/","title":{"rendered":"IERI MATTINA: QUATTRO  INTERVENTI DEL SOCCORSO ALPINO"},"content":{"rendered":"<p><strong><a class=\"dt-pswp-item\" href=\"https:\/\/www.radiopiu.net\/wordpress\/wp-content\/uploads\/2023\/07\/Watermark_20230716_115257_402.jpg\" data-dt-img-description=\"\" data-large_image_width=\"2364\" data-large_image_height=\"1773\"><img loading=\"lazy\" decoding=\"async\" class=\" wp-image-344361 alignleft\" src=\"https:\/\/www.radiopiu.net\/wordpress\/wp-content\/uploads\/2023\/07\/Watermark_20230716_115257_402-300x225.jpg\" alt=\"\" width=\"211\" height=\"158\" srcset=\"https:\/\/www.radiopiu.net\/wordpress\/wp-content\/uploads\/2023\/07\/Watermark_20230716_115257_402-300x225.jpg 300w, https:\/\/www.radiopiu.net\/wordpress\/wp-content\/uploads\/2023\/07\/Watermark_20230716_115257_402-1024x768.jpg 1024w, https:\/\/www.radiopiu.net\/wordpress\/wp-content\/uploads\/2023\/07\/Watermark_20230716_115257_402-768x576.jpg 768w, https:\/\/www.radiopiu.net\/wordpress\/wp-content\/uploads\/2023\/07\/Watermark_20230716_115257_402-1536x1152.jpg 1536w, https:\/\/www.radiopiu.net\/wordpress\/wp-content\/uploads\/2023\/07\/Watermark_20230716_115257_402-2048x1536.jpg 2048w\" sizes=\"auto, (max-width: 211px) 100vw, 211px\" \/><\/a>BELLUNO <\/strong>Questa mattina \u00e8 scattato l&#8217;allarme per un base jumper non atterrato dopo essersi lanciato con 4 compagni da una cima nel Gruppo della Moiazza. Mentre gli amici erano arrivati a terra, del quinto uomo, un australiano, si erano perse le tracce. L&#8217;elicottero del Suem di Pieve di Cadore \u00e8 volato in Val Corpassa e ha iniziato a sorvolare a lungo l&#8217;area, soprattutto verso Col Palanzin, con esito negativo. Finch\u00e9 il base jumper \u00e8 riuscito a mandare dei messaggi con il cellulare, quando \u00e8 tornato sotto copertura telefonica. L&#8217;equipaggio lo ha quindi individuato che scendeva dalla strada del Rifugio Vazzoler. Stava bene e l&#8217;allarme \u00e8 rientrato. L&#8217;elicottero \u00e8 stato in seguito inviato lungo la Ferrata Vandelli, sul Sorapis, dove un turista israeliano di 43 anni si trovava in difficolt\u00e0. L&#8217;uomo, che si stava dirigendo verso il Bivacco Comici con un amico, in precedenza era scivolato sbattendo lievemente la testa. Nel proseguire aveva iniziato ad essere disorientato e ad avere le vertigini, quasi sicuramente non come conseguenza della caduta precedente. Incapace di andare avanti, l&#8217;escursionista \u00e8 stato recuperato dal tecnico di elisoccorso con un verricello di 30 metri e accompagnato all&#8217;ospedale di Cortina, per i dovuti accertamenti. L&#8217;eliambulanza \u00e8 poi intervenuta all&#8217;altezza di Forcella Oltro, a Gosaldo, dove una tredicenne belga messo male un piede, si era procurata la sospetta frattura di una caviglia. Sbarcati nelle vicinanze, medico e tecnico di elisoccorso hanno prestato le prime cure alla ragazzina, per poi issare a bordo lei e la madre con un verricello di 40 metri e trasportarle all&#8217;ospedale di Belluno. Una squadra del Soccorso alpino della Val Biois \u00e8 stata invece inviata sulla pista di servizio del Col Margherita a Falcade. Scendendo con la mountain bike a pedalata assistita assieme ad alcuni familiari, una 63enne di Fiera di Primiero (TN) era caduta e aveva riportato la probabile frattura di una caviglia. Raggiunta sulla sterrata dai soccorritori con il mezzo, all&#8217;infortunata \u00e8 stato bloccato il piede. Trasportata a Passo Valles, la donna \u00e8 stata affidata all&#8217;ambulanza della Croce Rossa di Moena che l&#8217;ha condotta all&#8217;ospedale di Cavalese.<\/p>\n<p>&nbsp;<\/p>\n<p>&nbsp;<\/p>\n<p>********<\/p>\n","protected":false},"excerpt":{"rendered":"<p>BELLUNO Questa mattina \u00e8 scattato l&#8217;allarme per un base jumper non atterrato dopo essersi lanciato con 4 compagni da una cima nel Gruppo della Moiazza. Mentre gli amici erano arrivati a terra, del quinto uomo, un australiano, si erano perse le tracce. L&#8217;elicottero del Suem di Pieve di Cadore \u00e8 volato in Val Corpassa e&hellip;<\/p>\n","protected":false},"author":4,"featured_media":344361,"comment_status":"closed","ping_status":"closed","sticky":false,"template":"","format":"standard","meta":{"_monsterinsights_skip_tracking":false,"_monsterinsights_sitenote_active":false,"_monsterinsights_sitenote_note":"","_monsterinsights_sitenote_category":0,"footnotes":""},"categories":[51,49],"tags":[],"class_list":["post-344360","post","type-post","status-publish","format-standard","has-post-thumbnail","hentry","category-evidenza-top","category-news-18","category-51","category-49","description-off"],"img_url":"https:\/\/www.radiopiu.net\/wordpress\/wp-content\/uploads\/2023\/07\/Watermark_20230716_115257_402.jpg","_links":{"self":[{"href":"https:\/\/www.radiopiu.net\/wordpress\/wp-json\/wp\/v2\/posts\/344360","targetHints":{"allow":["GET"]}}],"collection":[{"href":"https:\/\/www.radiopiu.net\/wordpress\/wp-json\/wp\/v2\/posts"}],"about":[{"href":"https:\/\/www.radiopiu.net\/wordpress\/wp-json\/wp\/v2\/types\/post"}],"author":[{"embeddable":true,"href":"https:\/\/www.radiopiu.net\/wordpress\/wp-json\/wp\/v2\/users\/4"}],"replies":[{"embeddable":true,"href":"https:\/\/www.radiopiu.net\/wordpress\/wp-json\/wp\/v2\/comments?post=344360"}],"version-history":[{"count":0,"href":"https:\/\/www.radiopiu.net\/wordpress\/wp-json\/wp\/v2\/posts\/344360\/revisions"}],"wp:featuredmedia":[{"embeddable":true,"href":"https:\/\/www.radiopiu.net\/wordpress\/wp-json\/wp\/v2\/media\/344361"}],"wp:attachment":[{"href":"https:\/\/www.radiopiu.net\/wordpress\/wp-json\/wp\/v2\/media?parent=344360"}],"wp:term":[{"taxonomy":"category","embeddable":true,"href":"https:\/\/www.radiopiu.net\/wordpress\/wp-json\/wp\/v2\/categories?post=344360"},{"taxonomy":"post_tag","embeddable":true,"href":"https:\/\/www.radiopiu.net\/wordpress\/wp-json\/wp\/v2\/tags?post=344360"}],"curies":[{"name":"wp","href":"https:\/\/api.w.org\/{rel}","templated":true}]}}