{"id":344373,"date":"2023-07-17T04:37:17","date_gmt":"2023-07-17T02:37:17","guid":{"rendered":"https:\/\/www.radiopiu.net\/wordpress\/?p=344373"},"modified":"2023-07-17T05:09:45","modified_gmt":"2023-07-17T03:09:45","slug":"gli-interventi-del-soccorso-alpino-del-pomeriggio","status":"publish","type":"post","link":"https:\/\/www.radiopiu.net\/wordpress\/gli-interventi-del-soccorso-alpino-del-pomeriggio\/","title":{"rendered":"DOMENICA POMERIGGIO: TRAFFICO  DI ELICOTTERI NEI CIELI BELLUNESI"},"content":{"rendered":"<p><strong><a class=\"dt-pswp-item\" href=\"https:\/\/www.radiopiu.net\/wordpress\/wp-content\/uploads\/2020\/06\/ELICOTTERO-SUEM.jpg\" data-dt-img-description=\"\" data-large_image_width=\"1368\" data-large_image_height=\"765\"><img loading=\"lazy\" decoding=\"async\" class=\" wp-image-142190 alignleft\" src=\"https:\/\/www.radiopiu.net\/wordpress\/wp-content\/uploads\/2020\/06\/ELICOTTERO-SUEM-300x168.jpg\" alt=\"\" width=\"211\" height=\"118\" srcset=\"https:\/\/www.radiopiu.net\/wordpress\/wp-content\/uploads\/2020\/06\/ELICOTTERO-SUEM-300x168.jpg 300w, https:\/\/www.radiopiu.net\/wordpress\/wp-content\/uploads\/2020\/06\/ELICOTTERO-SUEM-1024x573.jpg 1024w, https:\/\/www.radiopiu.net\/wordpress\/wp-content\/uploads\/2020\/06\/ELICOTTERO-SUEM-768x429.jpg 768w, https:\/\/www.radiopiu.net\/wordpress\/wp-content\/uploads\/2020\/06\/ELICOTTERO-SUEM.jpg 1368w\" sizes=\"auto, (max-width: 211px) 100vw, 211px\" \/><\/a>BELLUNO<\/strong> Il Soccorso alpino di San Vito di Cadore \u00e8 andato in aiuto di due escursioniste belghe, bloccate lungo una frana sul sentiero numero 230, sopra Borca di Cadore. Le due turiste, di 24 e 25 anni, erano partite da San Vito di Cadore dirette a Vodo, ma sul tragitto si sono trovate un tratto franato e, tentando di superarlo, sono rimaste bloccate. Una squadra si \u00e8 avvicinata con il fuoristrada, per poi proseguire a piedi 200 metri. Una volta raggiunte, le hanno assicurate e sollevate una ventina di metri fino al sentiero, per poi accompagnarle al loro alloggio. Una squadra del Soccorso alpino della Guardia di finanza di Auronzo \u00e8 intervenuta in Val Marzon, per un escursionista 51enne di Ferrara, che ha sbagliato traccia e si \u00e8 incrodato in un canalone roccioso. L&#8217;uomo, illeso, \u00e8 stato poi recuperato dal Pelikan. L&#8217;elicottero del Suem di Pieve di Cadore \u00e8 stato inviato in Val d&#8217;Oten attorno alle 14.30, per un escursionista bloccato in un punto distante dalla rete sentieristica, in un canale di placche rocciose con un rivolo d&#8217;acqua. Recuperato dal tecnico di elisoccorso con un verricello di un&#8217;ottantina di metri, l&#8217;uomo, 36 anni di Spinea (VE), \u00e8 stato lasciato alla Capanna degli Alpini. Successivamente l&#8217;eliambulanza \u00e8 volata sulla strada che scende dal Rifugio Dal Piaz, dove una ciclista, di 56 anni di Limana (BL), che si trovava con un&#8217;altra persona, era caduta dalla propria bicicletta a pedalata assistita e lamentava dolori alla parte bassa della schiena. Sbarcati con un verricello di 20 metri, medico e tecnico di elisoccorso hanno prestato le prime cure alla donna, per poi imbarellarla e issarla a bordo. L&#8217;infortunata \u00e8 stata accompagnata all&#8217;ospedale di Belluno. Su indicazione di due turisti che avevano visto l&#8217;animale bloccato, il Soccorso alpino di Livinallongo ha liberato una mucca scivolata sul pendio erboso e finita contro il paravalanghe in zona Portados, a Porta Vescovo. Una squadra \u00e8 scesa, ha assicurato la mucca, che non era in grado di alzarsi, e con un argano l&#8217;ha sollevata in un punto pi\u00f9 agevole, dove l&#8217;elicottero dell&#8217;Air service center l&#8217;ha recuperata con la rete e portata a valle.<\/p>\n<p>&nbsp;<\/p>\n<p>&nbsp;<\/p>\n<p>******<\/p>\n","protected":false},"excerpt":{"rendered":"<p>BELLUNO Il Soccorso alpino di San Vito di Cadore \u00e8 andato in aiuto di due escursioniste belghe, bloccate lungo una frana sul sentiero numero 230, sopra Borca di Cadore. Le due turiste, di 24 e 25 anni, erano partite da San Vito di Cadore dirette a Vodo, ma sul tragitto si sono trovate un tratto&hellip;<\/p>\n","protected":false},"author":4,"featured_media":142190,"comment_status":"closed","ping_status":"closed","sticky":false,"template":"","format":"standard","meta":{"_monsterinsights_skip_tracking":false,"_monsterinsights_sitenote_active":false,"_monsterinsights_sitenote_note":"","_monsterinsights_sitenote_category":0,"footnotes":""},"categories":[51,49],"tags":[],"class_list":["post-344373","post","type-post","status-publish","format-standard","has-post-thumbnail","hentry","category-evidenza-top","category-news-18","category-51","category-49","description-off"],"img_url":"https:\/\/www.radiopiu.net\/wordpress\/wp-content\/uploads\/2020\/06\/ELICOTTERO-SUEM.jpg","_links":{"self":[{"href":"https:\/\/www.radiopiu.net\/wordpress\/wp-json\/wp\/v2\/posts\/344373","targetHints":{"allow":["GET"]}}],"collection":[{"href":"https:\/\/www.radiopiu.net\/wordpress\/wp-json\/wp\/v2\/posts"}],"about":[{"href":"https:\/\/www.radiopiu.net\/wordpress\/wp-json\/wp\/v2\/types\/post"}],"author":[{"embeddable":true,"href":"https:\/\/www.radiopiu.net\/wordpress\/wp-json\/wp\/v2\/users\/4"}],"replies":[{"embeddable":true,"href":"https:\/\/www.radiopiu.net\/wordpress\/wp-json\/wp\/v2\/comments?post=344373"}],"version-history":[{"count":0,"href":"https:\/\/www.radiopiu.net\/wordpress\/wp-json\/wp\/v2\/posts\/344373\/revisions"}],"wp:featuredmedia":[{"embeddable":true,"href":"https:\/\/www.radiopiu.net\/wordpress\/wp-json\/wp\/v2\/media\/142190"}],"wp:attachment":[{"href":"https:\/\/www.radiopiu.net\/wordpress\/wp-json\/wp\/v2\/media?parent=344373"}],"wp:term":[{"taxonomy":"category","embeddable":true,"href":"https:\/\/www.radiopiu.net\/wordpress\/wp-json\/wp\/v2\/categories?post=344373"},{"taxonomy":"post_tag","embeddable":true,"href":"https:\/\/www.radiopiu.net\/wordpress\/wp-json\/wp\/v2\/tags?post=344373"}],"curies":[{"name":"wp","href":"https:\/\/api.w.org\/{rel}","templated":true}]}}