{"id":344442,"date":"2023-07-18T05:36:12","date_gmt":"2023-07-18T03:36:12","guid":{"rendered":"https:\/\/www.radiopiu.net\/wordpress\/?p=344442"},"modified":"2023-07-18T05:36:26","modified_gmt":"2023-07-18T03:36:26","slug":"giornale-radiopiu-18-luglio-2023-direttore-mirko-mezzacasada-40-anni-25-giugno-1983-25-giugno-2023","status":"publish","type":"post","link":"https:\/\/www.radiopiu.net\/wordpress\/giornale-radiopiu-18-luglio-2023-direttore-mirko-mezzacasada-40-anni-25-giugno-1983-25-giugno-2023\/","title":{"rendered":"GIORNALE RADIOPIU 18 LUGLIO 2023 DIRETTORE MIRKO MEZZACASA\u2026DA 40 ANNI 25 GIUGNO 1983-25 GIUGNO 2023"},"content":{"rendered":"<h2 style=\"text-align: left;\"><span style=\"color: #ff0000;\"><span style=\"vertical-align: inherit;\"><a class=\"dt-pswp-item\" href=\"https:\/\/www.radiopiu.net\/wordpress\/wp-content\/uploads\/2023\/04\/e0aad41d-951e-47b9-9fae-1a879a9bcb7e-1.jpg\" data-dt-img-description=\"\" data-large_image_width=\"1200\" data-large_image_height=\"1200\"><img loading=\"lazy\" decoding=\"async\" class=\"wp-image-333205 alignleft\" src=\"https:\/\/www.radiopiu.net\/wordpress\/wp-content\/uploads\/2023\/04\/e0aad41d-951e-47b9-9fae-1a879a9bcb7e-1-300x300.jpg\" alt=\"\" width=\"110\" height=\"110\" srcset=\"https:\/\/www.radiopiu.net\/wordpress\/wp-content\/uploads\/2023\/04\/e0aad41d-951e-47b9-9fae-1a879a9bcb7e-1-300x300.jpg 300w, https:\/\/www.radiopiu.net\/wordpress\/wp-content\/uploads\/2023\/04\/e0aad41d-951e-47b9-9fae-1a879a9bcb7e-1-1024x1024.jpg 1024w, https:\/\/www.radiopiu.net\/wordpress\/wp-content\/uploads\/2023\/04\/e0aad41d-951e-47b9-9fae-1a879a9bcb7e-1-150x150.jpg 150w, https:\/\/www.radiopiu.net\/wordpress\/wp-content\/uploads\/2023\/04\/e0aad41d-951e-47b9-9fae-1a879a9bcb7e-1-768x768.jpg 768w, https:\/\/www.radiopiu.net\/wordpress\/wp-content\/uploads\/2023\/04\/e0aad41d-951e-47b9-9fae-1a879a9bcb7e-1.jpg 1200w\" sizes=\"auto, (max-width: 110px) 100vw, 110px\" \/><\/a><\/span><\/span><\/h2>\n<h1 class=\"entry-title\">40esimo di RADIOPIU\u2026. LA VOCE DELL\u2019EMOZIONE<\/h1>\n<h2><span style=\"color: #ff0000;\">ISCRIVITI AL NOSTRO CANALE\u00a0\u00a0YOUTUBE PER SEGUIRE IN DIRETTA I PRINCIPALI PROGRAMMI DI RADIO PIU\u2019 E LE FUTURE DIRETTE IN ESTERNA. PER ISCRIVERTI\u00a0<a style=\"color: #ff0000;\" href=\"https:\/\/youtube.com\/@radiopiu1527\">CLICCA QUI\u00a0<\/a>E PREMI\u00a0 \u201cIscriviti\u201d\u00a0<\/span><\/h2>\n<p>&nbsp;<\/p>\n<p>&nbsp;<\/p>\n<hr \/>\n<p>&nbsp;<\/p>\n<blockquote>\n<h3><a class=\"dt-pswp-item\" href=\"https:\/\/www.radiopiu.net\/wordpress\/wp-content\/uploads\/2023\/07\/98457ed9-e3d3-417f-babe-0f4a89c7ca23.jpg\" data-dt-img-description=\"\" data-large_image_width=\"1532\" data-large_image_height=\"2048\"><img loading=\"lazy\" decoding=\"async\" class=\" wp-image-344443 alignleft\" src=\"https:\/\/www.radiopiu.net\/wordpress\/wp-content\/uploads\/2023\/07\/98457ed9-e3d3-417f-babe-0f4a89c7ca23-224x300.jpg\" alt=\"\" width=\"79\" height=\"106\" srcset=\"https:\/\/www.radiopiu.net\/wordpress\/wp-content\/uploads\/2023\/07\/98457ed9-e3d3-417f-babe-0f4a89c7ca23-224x300.jpg 224w, https:\/\/www.radiopiu.net\/wordpress\/wp-content\/uploads\/2023\/07\/98457ed9-e3d3-417f-babe-0f4a89c7ca23-766x1024.jpg 766w, https:\/\/www.radiopiu.net\/wordpress\/wp-content\/uploads\/2023\/07\/98457ed9-e3d3-417f-babe-0f4a89c7ca23-768x1027.jpg 768w, https:\/\/www.radiopiu.net\/wordpress\/wp-content\/uploads\/2023\/07\/98457ed9-e3d3-417f-babe-0f4a89c7ca23-1149x1536.jpg 1149w, https:\/\/www.radiopiu.net\/wordpress\/wp-content\/uploads\/2023\/07\/98457ed9-e3d3-417f-babe-0f4a89c7ca23.jpg 1532w\" sizes=\"auto, (max-width: 79px) 100vw, 79px\" \/><\/a>SABATO STRADA CHIUSA PER GARA CICLISTICA<\/h3>\n<\/blockquote>\n<p><strong>SOSPIROLO<\/strong> Sabato dalle 8:45 alle 19 la SP 12 tra Sospirolo, Paderno, Dussano e Ponte Mas e la comunale tra Ponte Mas, Mis e Sospirolo sar\u00e0 chiusa al traffico per permettere una gara ciclistica. Sono possibili delle aperture temporanee.<\/p>\n<p>&nbsp;<\/p>\n<p>&nbsp;<\/p>\n<hr \/>\n<p>&nbsp;<\/p>\n<blockquote>\n<h3>\u00a0ACQUA POTABILE A TAIBON, NON A ROCCA PIETORE<\/h3>\n<\/blockquote>\n<p><img loading=\"lazy\" decoding=\"async\" class=\"alignleft\" src=\"https:\/\/www.radiopiu.net\/wordpress\/wp-content\/uploads\/2018\/08\/ACQUA.jpeg\" width=\"129\" height=\"77\" \/>Gestione Servizi Pubblici informa che a TAIBON AGORDINO nelle localit\u00e0 CAMPEDEL, COSTE, SERACH, RONCH DE BUOS e NOGAROLA l&#8217;acqua erogata dall&#8217;acquedotto \u00e8 di nuovo potabile e pu\u00f2 essere usata, quindi, per scopi alimentari.. Acqua inquinata invece a a ROCCA PIETORE nelle localit\u00e0 VAL, DAGAI, DAVARE, LE COSTE e RONCH<\/p>\n<p>&nbsp;<\/p>\n<p>la curiosit\u00e0, gli effetti del caldo<\/p>\n<div class=\"x1tlxs6b x1g8br2z x1gn5b1j x14ctfv x1okitfd x6ikm8r x10wlt62 x1mzt3pk x1y1aw1k xn6708d xwib8y2 x1ye3gou x1n2onr6 x13faqbe x1vjfegm x10y3i5r\" role=\"none\">\n<div class=\"x9f619 x1n2onr6 x1ja2u2z __fb-light-mode\" role=\"none\">\n<div class=\"x6prxxf x1fc57z9 x1yc453h x126k92a xzsf02u\" dir=\"auto\" role=\"none\"><strong>Fumo all&#8217;interno del Kanguro di feltre allarme ed evacuazione clienti e personale<\/strong><\/div>\n<\/div>\n<\/div>\n<div class=\"x1h91t0o xkh2ocl x78zum5 xdt5ytf x13a6bvl x193iq5w x1iyjqo2 xcrg951\" role=\"none\">\n<div class=\"articlePlainText\"><\/div>\n<div class=\"articlePlainText\"><strong>FELTRE<\/strong> Caldo opprimente anche a Farra,\u00a0 un problema alla centrale dell&#8217;impianto frigorifero ha fatto scattare la procedura antincendio del supermercato, con l&#8217;evacuazione dei clienti. Non c&#8217;era comunque nessun incendio e nessun pericolo: quello che all&#8217;apparenza sembrava fumo provenire dagli impianti interrati era, infatti, semplice gas inerte di refrigerazione. La mobilitazione nel punto vendita di Farra della catena Kanguro \u00e8 scattata poco prima delle 19, I clienti sono stati fatti quindi uscire dall&#8217;esercizio commerciale, mentre dalla direzione del supermercato di viale Sanguinazzi \u00e8 partita la richiesta di intervento ai vigili del fuoco. Una decisione precauzionale<\/div>\n<\/div>\n<p>&nbsp;<\/p>\n<p><iframe loading=\"lazy\" title=\"359985247 6380451782069094 2206208289514863830 n\" width=\"1200\" height=\"900\" src=\"https:\/\/www.youtube.com\/embed\/iCp-BXEMgT0?feature=oembed\" frameborder=\"0\" allow=\"accelerometer; autoplay; clipboard-write; encrypted-media; gyroscope; picture-in-picture; web-share\" allowfullscreen><\/iframe><\/p>\n<p>&nbsp;<\/p>\n<hr \/>\n<p>&nbsp;<\/p>\n<blockquote>\n<h3>EMERGENZA MIGRANTI, VERSO LA TENDOPOLI?<\/h3>\n<\/blockquote>\n<p><strong><img loading=\"lazy\" decoding=\"async\" class=\"alignleft\" src=\"https:\/\/www.radiopiu.net\/wordpress\/wp-content\/uploads\/2023\/07\/Senza-nome-41.png\" width=\"332\" height=\"162\" \/>BELLUNO<\/strong> Una sessantina di ragazzi ammassati in strada, \u00e8 successo ieri mattina con le forze dell&#8217;ordine impegnate a portare acqua. Per la maggior parte egiziani, pakistani e maghrebini, che non sembrano scappati da guerre, conflitti o persecuzioni nel loro Paese, ma a sentire loro vorrebbero migliorare le proprie condizioni di vita, trovandosi al pi\u00f9 presto un lavoro. Questa mattina i rappresentanti di Provincia, Comune capoluogo, carabinieri, vigili del fuoco, diocesi e Caritas saranno davanti al prefetto per parlare del \u00abcontinuo arrivo di profughi\u00bb e della \u00abmancanza di strutture idonee, sia pur provvisorie, di accoglienza\u00bb. Una situazione in continuo divenire, che rende necessarie \u00absoluzioni organizzative &#8220;estreme&#8221; che potranno avere forti ricadute sul tessuto sociale\u00bb, precisa la nota di invito del prefetto e che apre a scenari &#8220;pesanti&#8221;, come potrebbe esserlo una tendopoli a disposizione dei profughi. (FOTO CORRIEREALPI)<\/p>\n<p>&nbsp;<\/p>\n<hr \/>\n<blockquote>\n<h3>SOCCORSO ALPINO IN AIUTO DI QUATTRO ESCURSIONISTI SULLE TRE CIME DI LAVAREDO<\/h3>\n<\/blockquote>\n<p><strong><img loading=\"lazy\" decoding=\"async\" class=\"alignleft\" src=\"https:\/\/www.radiopiu.net\/wordpress\/wp-content\/uploads\/2023\/07\/Watermark_20230717_162218_177.jpg\" width=\"268\" height=\"201\" \/>AURONZO<\/strong> Una squadra del Soccorso alpino di Auronzo e della Guardia di finanza \u00e8 intervenuta domenica sera in aiuto di 4 turisti messicani in difficolt\u00e0 al rientro dalla Grande delle Tre Cime di Lavaredo. I 4, due coppie, che stavano scendendo dalla normale, si erano attardati e con il buio, pur avendo le torce con s\u00e9, ma indossando calzature inadeguate, avevano incontrato problemi. I soccorritori sono quindi andati loro incontro e li hanno trovati sui ghiaioni, dove erano arrivati grazie al supporto di una cordata che li aveva incrociati sul percorso. Le operazioni si sono concluse attorno all&#8217;una di notte.<\/p>\n<p><strong>BELLUNO<\/strong> Ieri alle 6.30 ambulanza a sirene spiegate in Viale Europa, due le persone (55 e 57 anni)\u00a0 coinvolte e portate in ospedale in codice verde, non grave. Alle 11.38 a Farra d&#8217;Alpago cade del motorino, portato in ospedale in ambulanza al San Martino.<\/p>\n<p><strong>AGORDO<\/strong> Ieri sera Soccorso Alpino in pian de la Lora per un 69 tedesco che si \u00e8 procurato un trauma da caduta<\/p>\n<p><strong>LAMON <\/strong>Un uomo ruzzolato in un dirupo per una ventina di metri. A lanciare l&#8217;allarme una persona della comitiva. Estremamente difficili le comunicazioni per l&#8217;assenza di rete. Attrezzate delle corde fisse per operare in sicurezza, dato che soccorritori e infortunato si trovavano a pochi metri dal precipizio sul Torrente Cismon, sono state prestate le prime cure al 47enne di Trento, per un sospetto trauma alla spalla ed \u00e8 stato trasportato all&#8217;ospedale di Belluno.<\/p>\n<div dir=\"auto\"><strong>AURONZO<\/strong> 300 metri sopra il sentiero 115, che dal parcheggio conduce al Rifugio Fonda Savio,\u00a0 un escursionista si \u00e8 fatto male. Il 66enne di Mira (VE), stava salendo assieme alla moglie e ai loro due cani, quando la coppia ha deciso di uscire fuori dal tracciato e risalire la pala erbosa. A quota 2.050 circa, sopra Pian degli Spiriti l&#8217;uomo \u00e8 per\u00f2 scivolato, riportando una sospetta frattura alla gamba, \u00e8 stato trasferito nell&#8217;ambulanza, diretta all&#8217;ospedale di Cortina.<\/div>\n<p>&nbsp;<\/p>\n<p><strong>CORTINA <\/strong>Una brutta sensazione, verso lo svenimento ha convinto un 19enne di Padova a farsi aiutare dal Suem che lo ha trasportato per controlli all&#8217;ospedale di Pieve di Cadore.Nella zona di Forcella Col Mandro, per un turista con sospetto trauma alla gamba, \u00e8 invece intervenuto l&#8217;elicottero di Treviso emergenza. L&#8217;elicottero del Suem di Pieve di Cadore \u00e8 intervenuto al bike park di Col Drusci\u00e8, per una giovane ciclista di 15 anni caduta lungo la pista di downhill Supertrai (trauma addominale). Infine un anziano 80enne di Padova ha riportato un trauma cranico.<\/p>\n<p>&nbsp;<\/p>\n<hr \/>\n<p>&nbsp;<\/p>\n<blockquote>\n<h3>DOMANI I FUNERALI DI SIMONE<\/h3>\n<\/blockquote>\n<p><strong>COMELICO<\/strong> <em>&#8220;Insieme a te \u00e8 volato in cielo un pezzo del nostro cuore\u00bb.<\/em> Cos\u00ec sull&#8217;epigrafe per la morte del giovane Simone Zambelli Domelin, 23 anni di Casamazzagno, morto per sospetta overdose di farmaci.\u00a0 I funerali sono fissati per domani, 19 luglio, alle ore 15 nella chiesa di Casamazzagno. Eventuali offerte saranno devolute all&#8217;associazione &#8220;Margherita Felice&#8221; di Belluno, che offre attivit\u00e0 di auto-mutuo-aiuto per genitori e familiari di persone con disturbi alimentari. Simone Zambelli Domelin, si era diplomato all&#8217;Ipia &#8220;Mobile e arredamento&#8221; di Santo Stefano due anni fa. Amava la musica rap e lo sport.<\/p>\n<blockquote>\n<h3>MUORE A 23 ANNI, L&#8217;AUTOPSIA CHIARIRA&#8217; LE CAUSE DEL DECESSO<\/h3>\n<\/blockquote>\n<p><strong>COMELICO<\/strong> La notizia della morte di Simone Zambelli, 23 anni, ha trafitto il Comelico. Una giovane vita spezzata, sar\u00e0 l&#8217;autopsia a chiarire quali sono state le cause della morte.\u00a0 Simone era molto conosciuto, in passato aveva giocato nell&#8217;hockey Auronzo.\u00a0 Sarebbe stato un amico ad allertare i soccorsi, ma ormai il giovane non respirava pi\u00f9. Sequestrate scatole di farmaci utili per le indagini.<\/p>\n\n\t\t\t<style type='text\/css'>\n\t\t\t\t#gallery-1 {\n\t\t\t\t\tmargin: auto;\n\t\t\t\t}\n\t\t\t\t#gallery-1 .gallery-item {\n\t\t\t\t\tfloat: left;\n\t\t\t\t\tmargin-top: 10px;\n\t\t\t\t\ttext-align: center;\n\t\t\t\t\twidth: 33%;\n\t\t\t\t}\n\t\t\t\t#gallery-1 img {\n\t\t\t\t\tborder: 2px solid #cfcfcf;\n\t\t\t\t}\n\t\t\t\t#gallery-1 .gallery-caption {\n\t\t\t\t\tmargin-left: 0;\n\t\t\t\t}\n\t\t\t\t\/* see gallery_shortcode() in wp-includes\/media.php *\/\n\t\t\t<\/style>\n\t\t<div id='gallery-1' class='dt-gallery-container gallery galleryid-344442 gallery-columns-3 gallery-size-thumbnail'><dl class='gallery-item'>\n\t\t\t\t<dt class='gallery-icon landscape'>\n\t\t\t\t\t<a class=\"rollover rollover-zoom dt-pswp-item\" title=\"1176350_484618688293929_1825297704_n\" data-dt-img-description=\"\" data-large_image_width=\"206\" data-large_image_height=\"206\"href='https:\/\/www.radiopiu.net\/wordpress\/wp-content\/uploads\/2023\/07\/1176350_484618688293929_1825297704_n.jpg'><img loading=\"lazy\" decoding=\"async\" width=\"150\" height=\"150\" src=\"https:\/\/www.radiopiu.net\/wordpress\/wp-content\/uploads\/2023\/07\/1176350_484618688293929_1825297704_n-150x150.jpg\" class=\"attachment-thumbnail size-thumbnail\" alt=\"\" srcset=\"https:\/\/www.radiopiu.net\/wordpress\/wp-content\/uploads\/2023\/07\/1176350_484618688293929_1825297704_n-150x150.jpg 150w, https:\/\/www.radiopiu.net\/wordpress\/wp-content\/uploads\/2023\/07\/1176350_484618688293929_1825297704_n.jpg 206w\" sizes=\"auto, (max-width: 150px) 100vw, 150px\" \/><\/a>\n\t\t\t\t<\/dt><\/dl><dl class='gallery-item'>\n\t\t\t\t<dt class='gallery-icon landscape'>\n\t\t\t\t\t<a class=\"rollover rollover-zoom dt-pswp-item\" title=\"Senza nome\" data-dt-img-description=\"\" data-large_image_width=\"338\" data-large_image_height=\"228\"href='https:\/\/www.radiopiu.net\/wordpress\/wp-content\/uploads\/2023\/07\/Senza-nome-28.png'><img loading=\"lazy\" decoding=\"async\" width=\"150\" height=\"150\" src=\"https:\/\/www.radiopiu.net\/wordpress\/wp-content\/uploads\/2023\/07\/Senza-nome-28-150x150.png\" class=\"attachment-thumbnail size-thumbnail\" alt=\"\" \/><\/a>\n\t\t\t\t<\/dt><\/dl><dl class='gallery-item'>\n\t\t\t\t<dt class='gallery-icon landscape'>\n\t\t\t\t\t<a class=\"rollover rollover-zoom dt-pswp-item\" title=\"24302199_1478428065579648_4903979379984971933_o\" data-dt-img-description=\"\" data-large_image_width=\"1080\" data-large_image_height=\"1080\"href='https:\/\/www.radiopiu.net\/wordpress\/wp-content\/uploads\/2023\/07\/24302199_1478428065579648_4903979379984971933_o.jpg'><img loading=\"lazy\" decoding=\"async\" width=\"150\" height=\"150\" src=\"https:\/\/www.radiopiu.net\/wordpress\/wp-content\/uploads\/2023\/07\/24302199_1478428065579648_4903979379984971933_o-150x150.jpg\" class=\"attachment-thumbnail size-thumbnail\" alt=\"\" srcset=\"https:\/\/www.radiopiu.net\/wordpress\/wp-content\/uploads\/2023\/07\/24302199_1478428065579648_4903979379984971933_o-150x150.jpg 150w, https:\/\/www.radiopiu.net\/wordpress\/wp-content\/uploads\/2023\/07\/24302199_1478428065579648_4903979379984971933_o-300x300.jpg 300w, https:\/\/www.radiopiu.net\/wordpress\/wp-content\/uploads\/2023\/07\/24302199_1478428065579648_4903979379984971933_o-1024x1024.jpg 1024w, https:\/\/www.radiopiu.net\/wordpress\/wp-content\/uploads\/2023\/07\/24302199_1478428065579648_4903979379984971933_o-768x768.jpg 768w, https:\/\/www.radiopiu.net\/wordpress\/wp-content\/uploads\/2023\/07\/24302199_1478428065579648_4903979379984971933_o.jpg 1080w\" sizes=\"auto, (max-width: 150px) 100vw, 150px\" \/><\/a>\n\t\t\t\t<\/dt><\/dl><br style=\"clear: both\" \/>\n\t\t\t<\/div>\n\n<p>&nbsp;<\/p>\n<hr \/>\n<div class=\"page-title-head hgroup\">\n<blockquote>\n<h3 class=\"entry-title\"><\/h3>\n<h3 class=\"entry-title\">ATTACCO DA PARTE DI UNA MANDRIA DI BOVINI SULL\u2019ALPE DI SIUSI: UNA DONNA DI BELLUNO E UN ESCURSIONISTA FERITI<\/h3>\n<p><em>Ferito anche il proprietario del cane che ha scatenato l&#8217;inferno in maniera inconsapevole: l&#8217;uomo era tornato a dare una mano ai soccorsi, anche questi ultimi in balia dei ruminanti.<\/em><\/p><\/blockquote>\n<\/div>\n<div class=\"page-title-breadcrumbs\"><strong><img loading=\"lazy\" decoding=\"async\" class=\"alignleft\" src=\"https:\/\/www.radiopiu.net\/wordpress\/wp-content\/uploads\/2022\/03\/MUCCA.jpg\" width=\"243\" height=\"182\" \/>BOLZANO<\/strong> Una donna di 40 anni\u00a0 bellunese \u00e8 stata ricoverata all&#8217;ospedale di Bolzano a seguito di un attacco da parte di una mucca mentre passeggiava con un gruppo di escursionisti sul sentiero dell&#8217;Alpe di Siusi, . Un turista trentino, intervenuto per aiutarla, \u00e8 stato colpito al volto. L&#8217;incidente \u00e8 avvenuto ieri, in un sentiero situato tra il Sasso Piatto e il Sassolungo, vicino alla Baita delle Marmotte. L&#8217;area era affollata di escursionisti, il che potrebbe aver innervosito gli animali. Una testimone intervistata dalla Rai Regionale ha indicato un cane senza museruola appartenente a una famiglia che era passata poco prima come possibile causa dell&#8217;aggressione. L&#8217;attacco ha colto tutti di sorpresa, poich\u00e9 una mandria composta da circa quindici vitelli, con alcune mucche adulte in un ruolo insolito di &#8220;capobranco&#8221;, si \u00e8 scagliata contro il gruppo di turisti.La quarantenne di Belluno ha avuto la prontezza di spostarsi in tempo, ma \u00e8 stata violentemente colpita e scagliata a diversi metri di distanza. Successivamente \u00e8 stata calpestata da altri bovini. La donna ha riportato gravi lesioni al torace ed \u00e8 stata trasportata d&#8217;urgenza all&#8217;ospedale San Maurizio.<\/div>\n<div><\/div>\n<div>\n<hr \/>\n<\/div>\n<blockquote>\n<h3>GIOVANNI ESASPERATO, DAL COMUNE ARRIVA LA PROMESSA<\/h3>\n<\/blockquote>\n<div>\n<p><span style=\"color: #ff0000;\"><strong>PROMESSE<\/strong><\/span><\/p>\n<p><strong>BELLUNO<\/strong> Quell&#8217;intervento in &#8220;somma urgenza&#8221; ha gi\u00e0 fatto discutere in via Meassa, dove Giovanni Sovilla e la sua famiglia vivono l&#8217;incubo dell&#8217;esondazione del canale di Levego nel giardino di casa. Una &#8220;somma urgenza&#8221; che si fa a attendere visto che il problema \u00e8 noto\u00a0 da anni, ma soprattutto che ci sono state cinque esondazioni in 20 giorni come documentiamo con la diretta da Levego.<\/p>\n<p><strong>La novit\u00e0:\u00a0 Il Comune dicesi pronto ad intervenire appunto\u00a0 in somma urgenzaIn questi giorni gli uffici hanno raccolto i vari preventivi, l&#8217;intento \u00e8 intervenire sugli scarichi del torrente e il tombotto, che insistono sul confine della propriet\u00e0 privata oggi minacciata di continuo dall&#8217;esondazione del torrente\u00bb.<\/strong><\/p>\n<p>&nbsp;<\/p>\n<p>&nbsp;<\/p>\n<p><iframe loading=\"lazy\" title=\"WhatsApp Video 2023 07 06 at 12 36 32\" width=\"1200\" height=\"675\" src=\"https:\/\/www.youtube.com\/embed\/tHu_MwyK8bc?feature=oembed\" frameborder=\"0\" allow=\"accelerometer; autoplay; clipboard-write; encrypted-media; gyroscope; picture-in-picture; web-share\" allowfullscreen><\/iframe><\/p>\n<p><strong>BELLUNO<\/strong> Siamo tornati in via meassa a Belluno dove pochi giorni fa i Vigili del Fuoco sono intervenuti per un allagamento che aveva interessato un box con all&#8217;interno un&#8217;auto. Ma \u00e8 solo l&#8217;ultimo episodio dei 5 degli ultimi 20 giorni. Situazione preoccupante. Vivere con l&#8217;ansia per Giovanni Sovilla e la sua famiglia<\/p>\n<p><strong>LA DIRETTA RADIO PIU&#8217;<\/strong><\/p>\n<p>https:\/\/www.facebook.com\/marco.baghy.1\/videos\/3656232954608046\/?<\/p>\n<p>&nbsp;<\/p>\n<\/div>\n<p>&nbsp;<\/p>\n<hr \/>\n<p>&nbsp;<\/p>\n<blockquote>\n<h3>A LONGARONE ANCHE LA PIETOSA OPERA DEGLI ARTIGLIERI<\/h3>\n<\/blockquote>\n<blockquote>\n<h3>Nel quadro delle manifestazioni per il 60\u00b0 anniversario del disastro del Vajont si \u00e8 inserita anche un\u2019iniziativa per ricordare l\u2019opera pietosa degli Artiglieri prontamente accorsi per prestare aiuto e conforto alle famiglie dei superstiti.<\/h3>\n<p><strong>di DINO BRIDDA\u00a0<\/strong><\/p><\/blockquote>\n<p><strong><a class=\"dt-pswp-item\" href=\"https:\/\/www.radiopiu.net\/wordpress\/wp-content\/uploads\/2023\/07\/longarone-16.07.2023-scaled.jpg\" data-dt-img-description=\"\" data-large_image_width=\"2560\" data-large_image_height=\"1920\"><img loading=\"lazy\" decoding=\"async\" class=\" wp-image-344515 alignleft\" src=\"https:\/\/www.radiopiu.net\/wordpress\/wp-content\/uploads\/2023\/07\/longarone-16.07.2023-300x225.jpg\" alt=\"\" width=\"305\" height=\"229\" srcset=\"https:\/\/www.radiopiu.net\/wordpress\/wp-content\/uploads\/2023\/07\/longarone-16.07.2023-300x225.jpg 300w, https:\/\/www.radiopiu.net\/wordpress\/wp-content\/uploads\/2023\/07\/longarone-16.07.2023-1024x768.jpg 1024w, https:\/\/www.radiopiu.net\/wordpress\/wp-content\/uploads\/2023\/07\/longarone-16.07.2023-768x576.jpg 768w, https:\/\/www.radiopiu.net\/wordpress\/wp-content\/uploads\/2023\/07\/longarone-16.07.2023-1536x1152.jpg 1536w, https:\/\/www.radiopiu.net\/wordpress\/wp-content\/uploads\/2023\/07\/longarone-16.07.2023-2048x1536.jpg 2048w\" sizes=\"auto, (max-width: 305px) 100vw, 305px\" \/><\/a>BELLUNO<\/strong> Organizzata dalle Sezioni di Belluno, Trichiana e Ponte nelle Alpi dell\u2019Associazione Nazionale Artiglieri d\u2019Italia, la manifestazione ha visto il patrocinio dei Comuni di Longarone, Erto e Casso, Vajont e Ponte nelle Alpi, della Provincia di Belluno, della Fondazione Vajont e della Regione del Veneto con la collaborazione del locale Gruppo Alpini. Nel piazzale antistante il Municipio di Longarone sono intervenute le delegazioni di una trentina di Sezioni An.Art.I. venete e friulane (anche quella modenese di Zocca), di vari Comuni e di alcune associazioni combattentistiche e d\u2019arma. Si sono susseguiti gli interventi del Sindaco di Longarone Roberto Padrin, del vice presidente vicario nazionale degli Artiglieri Mauro De Angelis e del presidente provinciale Costante Fontana. Particolarmente apprezzata ed emotivamente coinvolgente \u00e8 stata la testimonianza del generale Giampaolo Agosto, all\u2019epoca giovane ufficiale del 6\u00b0 Artiglieria da montagna che fu tra i primi ad accorrere nella notte del 9 ottobre 1963. Una pergamena a ricordo dell\u2019opera dei soccorritori del 6\u00b0 Reggimento \u00e8 stata consegnata dal Sindaco alle tre Sezioni bellunesi ed al generale Agosto. A seguire \u00e8 stata consegnata una copia dell\u2019inedito resoconto dell\u2019intervento dell\u2019Esercito italiano &#8211; v. IV Corpo d\u2019Armata Alpino al comando del generale Ciglieri &#8211; al Museo del Vajont, al Comune di Longarone ed all\u2019An.Art.I. Successivamente si \u00e8 formato un corteo, al passo di marcia scandito dalla Banda della Val Cantuna, che ha raggiunto dapprima piazza Gonzaga, per deporre una corona al monumento ai caduti, e poi la chiesa monumentale del Michelucci per la celebrazione della S. Messa. Nel pomeriggio un\u2019altra corona \u00e8 stata deposta dall\u2019An.Art.I. al cimitero di Fortogna in ricordo delle vittime col\u00e0 sepolte.<\/p>\n<p>&nbsp;<\/p>\n<hr \/>\n<p>&nbsp;<\/p>\n<blockquote>\n<h3>CON I FONDI DI CONFINE NUOVI PARCHEGGI SEMI INTERRATI<\/h3>\n<\/blockquote>\n<p><strong><img loading=\"lazy\" decoding=\"async\" class=\"alignleft\" src=\"https:\/\/www.radiopiu.net\/wordpress\/wp-content\/uploads\/2023\/07\/MUNICIPIO-VOLTAGO.jpeg\" width=\"216\" height=\"160\" \/>VOLTAGO<\/strong><\/p>\n<p>&nbsp;<\/p>\n<p>&nbsp;<\/p>\n<p>&nbsp;<\/p>\n<p>&nbsp;<\/p>\n<p>&nbsp;<\/p>\n<p><strong>DI GIANNI SANTOMASO<\/strong><\/p>\n<audio class=\"wp-audio-shortcode\" id=\"audio-344442-1\" preload=\"none\" style=\"width: 100%;\" controls=\"controls\"><source type=\"audio\/mpeg\" src=\"https:\/\/www.radiopiu.net\/wordpress\/wp-content\/uploads\/2023\/07\/gianni-voltago.mp3?_=1\" \/><a href=\"https:\/\/www.radiopiu.net\/wordpress\/wp-content\/uploads\/2023\/07\/gianni-voltago.mp3\">https:\/\/www.radiopiu.net\/wordpress\/wp-content\/uploads\/2023\/07\/gianni-voltago.mp3<\/a><\/audio>\n<p>&nbsp;<\/p>\n<p>&nbsp;<\/p>\n<p><a class=\"dt-pswp-item\" href=\"https:\/\/www.radiopiu.net\/wordpress\/wp-content\/uploads\/2023\/07\/74703412-5a74-42ee-bacf-b9c887bcff51.jpg\" data-dt-img-description=\"\" data-large_image_width=\"1788\" data-large_image_height=\"1005\"><img loading=\"lazy\" decoding=\"async\" class=\"alignnone wp-image-344542 size-large\" src=\"https:\/\/www.radiopiu.net\/wordpress\/wp-content\/uploads\/2023\/07\/74703412-5a74-42ee-bacf-b9c887bcff51-1024x576.jpg\" alt=\"\" width=\"1024\" height=\"576\" srcset=\"https:\/\/www.radiopiu.net\/wordpress\/wp-content\/uploads\/2023\/07\/74703412-5a74-42ee-bacf-b9c887bcff51-1024x576.jpg 1024w, https:\/\/www.radiopiu.net\/wordpress\/wp-content\/uploads\/2023\/07\/74703412-5a74-42ee-bacf-b9c887bcff51-300x169.jpg 300w, https:\/\/www.radiopiu.net\/wordpress\/wp-content\/uploads\/2023\/07\/74703412-5a74-42ee-bacf-b9c887bcff51-768x432.jpg 768w, https:\/\/www.radiopiu.net\/wordpress\/wp-content\/uploads\/2023\/07\/74703412-5a74-42ee-bacf-b9c887bcff51-1536x863.jpg 1536w, https:\/\/www.radiopiu.net\/wordpress\/wp-content\/uploads\/2023\/07\/74703412-5a74-42ee-bacf-b9c887bcff51.jpg 1788w\" sizes=\"auto, (max-width: 1024px) 100vw, 1024px\" \/><\/a><\/p>\n<p>&nbsp;<\/p>\n<p>&nbsp;<\/p>\n<hr \/>\n<p>&nbsp;<\/p>\n<blockquote>\n<h3>PLATEATICI COMMERCIALI E NUOVO PAT<\/h3>\n<\/blockquote>\n<p><img loading=\"lazy\" decoding=\"async\" class=\"alignleft\" src=\"https:\/\/www.radiopiu.net\/wordpress\/wp-content\/uploads\/2023\/07\/5a9f3d3e-cab6-451b-85eb-d239566f7ddb.jpg\" width=\"176\" height=\"128\" \/><strong>AGORDO<\/strong> Il consigliere di minoranza Silvano Savio propone l&#8217;installazione di plateatici per le attivit\u00e0 commerciali, offrendo una maggiore superficie e un ambiente protetto. Ha riscontrato interesse ma anche ostacoli burocratici. Secondo Savio, l&#8217;amministrazione potrebbe agevolare tali iniziative, considerando le difficolt\u00e0 economiche del settore commercio. Il nuovo Piano di Assetto Territoriale (P.A.T.) potrebbe stabilire una normativa specifica per favorire i plateatici, garantendo armonia con l&#8217;ambiente urbano e paesaggistico.<\/p>\n<p>&nbsp;<\/p>\n<p><strong>L&#8217;INTERVENTO di Silvano Savio, consigliere comunale.<\/strong><\/p>\n<p>Da tempo ho avanzato la proposta di agevolare il posizionamento di plateatici nell\u2019area comunale di Agordo a servizio delle attivit\u00e0 commerciali, in modo particolare per i bar i quali potrebbero godere di un significativo aumento della superficie commerciale, ombreggiata d\u2019estate e al riparo dal freddo l\u2019inverno. \u00a0Ne \u00e8 stato parlato, anche senza particolare approfondimento, nel maggio 2020 in sede di Consiglio Comunale. Ho avuto modo di effettuare un breve sondaggio presso le attivit\u00e0 di Agordo potenzialmente interessate allo scopo, dove emerge un certo interesse in merito, avversato negli anni passati anche da un insufficiente impegno amministrativo forse condizionato anche da una farraginosa e complessa burocrazia.\u00a0 Laddove la superficie interessata occupa un\u2019 area pubblica sussiste l\u2019onere tributario conseguente, dove l\u2019Amministrazione potr\u00e0 rivolgere la pi\u00f9 ampia disponibilit\u00e0 per agevolare le attivit\u00e0 commerciali, in evidente affanno nel nostro comune.\u00a0 La stesura in corso d\u2019opera del nuovo P.A.T. &#8211; Piano di Assetto Territoriale &#8211;\u00a0 potr\u00e0 porre attenzione particolare attraverso una normativa con indicazione specifica ed agevolare la realizzazione di questi gazebo\/plateatici sulla piazza commerciale di Agordo, in modo \u00a0che si possano inserire in maniera armoniosa anche sotto il punto di vista cromatico nel contesto urbanistico e paesaggistico.<\/p>\n<p>&nbsp;<\/p>\n<p>&nbsp;<\/p>\n<hr \/>\n<p>&nbsp;<\/p>\n<blockquote>\n<h3>MARMOLADA SEMPRE PIU&#8217; BELLUNESE CON \u201cMARMOLADA IN FOLK\u201d<\/h3>\n<\/blockquote>\n<p><strong><a class=\"dt-pswp-item\" href=\"https:\/\/www.radiopiu.net\/wordpress\/wp-content\/uploads\/2023\/07\/folk2.jpg\" data-dt-img-description=\"\" data-large_image_width=\"1600\" data-large_image_height=\"900\"><img loading=\"lazy\" decoding=\"async\" class=\" wp-image-344492 alignleft\" src=\"https:\/\/www.radiopiu.net\/wordpress\/wp-content\/uploads\/2023\/07\/folk2-300x169.jpg\" alt=\"\" width=\"220\" height=\"124\" srcset=\"https:\/\/www.radiopiu.net\/wordpress\/wp-content\/uploads\/2023\/07\/folk2-300x169.jpg 300w, https:\/\/www.radiopiu.net\/wordpress\/wp-content\/uploads\/2023\/07\/folk2-1024x576.jpg 1024w, https:\/\/www.radiopiu.net\/wordpress\/wp-content\/uploads\/2023\/07\/folk2-768x432.jpg 768w, https:\/\/www.radiopiu.net\/wordpress\/wp-content\/uploads\/2023\/07\/folk2-1536x864.jpg 1536w, https:\/\/www.radiopiu.net\/wordpress\/wp-content\/uploads\/2023\/07\/folk2.jpg 1600w\" sizes=\"auto, (max-width: 220px) 100vw, 220px\" \/><\/a>ROCCA PIETORE<\/strong> &#8220;Marmolada in Folk&#8221; \u00e8 stata un successo, un&#8217;intera giornata dedicata alla musica e alla danza tradizionale per celebrare l&#8217;essenza bellunese della Marmolada. L&#8217;evento si \u00e8 svolto tra Serauta e Punta Rocca e ha visto la partecipazione di gruppi folk rappresentativi della provincia di Belluno e delle sue vallate, tra cui il Grop de Bal Marmol\u00e8da, il Gruppo Folk Fodom e i Legar. I partecipanti hanno indossato costumi tradizionali e hanno rappresentato gesta e tradizioni del passato. L&#8217;iniziativa ha sottolineato il profondo legame tra la Marmolada e la comunit\u00e0 bellunese, evidenziando l&#8217;importanza di preservare il patrimonio culturale e guardare al futuro. La manifestazione ha riscosso un ottimo riscontro e sar\u00e0 riproposta in futuro. Ogni gruppo folk ha mostrato le proprie specificit\u00e0 e raccontato una parte della storia dolomitica bellunese. Inoltre, la mostra &#8220;Ghiacciai, il futuro dei ghiacci perenni nelle nostre mani&#8221; \u00e8 aperta al pubblico nella sala polifunzionale di Serauta per tutta l&#8217;estate, offrendo un viaggio fotografico sulla scoperta dei giganti bianchi e i cambiamenti climatici. L&#8217;iniziativa \u00e8 una collaborazione tra Marmolada Srl e il Muse, il Museo delle Scienze di Trento.<\/p>\n<p>&nbsp;<\/p>\n<hr \/>\n<p>&nbsp;<\/p>\n<blockquote>\n<h3>STASERA AD AGORDO IL CONSIGLIO DELL&#8217;UNIONE MONTANA, IN SALA DON TAMIS E SUI CANALI SOCIAL DI RADIO PIU<\/h3>\n<\/blockquote>\n<p>DI GIANNI SANTOMASO<\/p>\n<audio class=\"wp-audio-shortcode\" id=\"audio-344442-2\" preload=\"none\" style=\"width: 100%;\" controls=\"controls\"><source type=\"audio\/mpeg\" src=\"https:\/\/www.radiopiu.net\/wordpress\/wp-content\/uploads\/2023\/07\/GIANNI-STASERA-UNIONE.mp3?_=2\" \/><a href=\"https:\/\/www.radiopiu.net\/wordpress\/wp-content\/uploads\/2023\/07\/GIANNI-STASERA-UNIONE.mp3\">https:\/\/www.radiopiu.net\/wordpress\/wp-content\/uploads\/2023\/07\/GIANNI-STASERA-UNIONE.mp3<\/a><\/audio>\n<p>&nbsp;<\/p>\n<hr \/>\n<p>&nbsp;<\/p>\n<blockquote>\n<h3>\u00a0100MILA EURO AL SOCCORSO ALPINO, LA DECISIONE DELLA CASSA RURALE DOLOMITI<\/h3>\n<\/blockquote>\n<div class=\"flex-1 overflow-hidden\">\n<div class=\"react-scroll-to-bottom--css-auadw-79elbk h-full dark:bg-gray-800\">\n<div class=\"react-scroll-to-bottom--css-auadw-1n7m0yu\">\n<div class=\"flex flex-col text-sm dark:bg-gray-800\">\n<div class=\"group w-full text-gray-800 dark:text-gray-100 border-b border-black\/10 dark:border-gray-900\/50 bg-gray-50 dark:bg-[#444654]\">\n<div class=\"flex p-4 gap-4 text-base md:gap-6 md:max-w-2xl lg:max-w-[38rem] xl:max-w-3xl md:py-6 lg:px-0 m-auto\">\n<div class=\"relative flex w-[calc(100%-50px)] flex-col gap-1 md:gap-3 lg:w-[calc(100%-115px)]\">\n<div class=\"flex flex-grow flex-col gap-3\">\n<div class=\"min-h-[20px] flex items-start overflow-x-auto whitespace-pre-wrap break-words flex-col gap-4\">\n<div class=\"markdown prose w-full break-words dark:prose-invert light\">\n<p><a class=\"dt-pswp-item\" href=\"https:\/\/www.radiopiu.net\/wordpress\/wp-content\/uploads\/2023\/02\/CASSA-RURALE-DOLOMITI.png\" data-dt-img-description=\"\" data-large_image_width=\"451\" data-large_image_height=\"451\"><img loading=\"lazy\" decoding=\"async\" class=\"wp-image-320467 alignleft\" src=\"https:\/\/www.radiopiu.net\/wordpress\/wp-content\/uploads\/2023\/02\/CASSA-RURALE-DOLOMITI-300x300.png\" alt=\"\" width=\"111\" height=\"111\" srcset=\"https:\/\/www.radiopiu.net\/wordpress\/wp-content\/uploads\/2023\/02\/CASSA-RURALE-DOLOMITI-300x300.png 300w, https:\/\/www.radiopiu.net\/wordpress\/wp-content\/uploads\/2023\/02\/CASSA-RURALE-DOLOMITI-150x150.png 150w, https:\/\/www.radiopiu.net\/wordpress\/wp-content\/uploads\/2023\/02\/CASSA-RURALE-DOLOMITI.png 451w\" sizes=\"auto, (max-width: 111px) 100vw, 111px\" \/><\/a>La Cassa Rurale Dolomiti ha donato centomila euro alle stazioni del Soccorso Alpino bellunese e trentino, come parte delle sue iniziative sociali. Nel complesso, nel 2022 la Cassa ha elargito 764 mila euro per sostenere progetti umanitari, culturali, sportivi e ricreativi nel territorio di riferimento. L&#8217;istituto trentino, con ventitre filiali complessive e dieci nella sola provincia di Belluno, ha come principale obiettivo la mutualit\u00e0, reinvestendo quindi le risorse raccolte nel territorio.<\/p>\n<p><button class=\"flex ml-auto gap-2 rounded-md p-1 hover:bg-gray-100 hover:text-gray-700 dark:text-gray-400 dark:hover:bg-gray-700 dark:hover:text-gray-200 disabled:dark:hover:text-gray-400\">\u00a0<\/button><\/p>\n<hr \/>\n<blockquote>\n<h3><\/h3>\n<h3>L&#8217;EREMO DEI ROMITI<\/h3>\n<\/blockquote>\n<\/div>\n<\/div>\n<\/div>\n<\/div>\n<\/div>\n<\/div>\n<\/div>\n<\/div>\n<\/div>\n<\/div>\n<p><strong><a class=\"dt-pswp-item\" href=\"https:\/\/www.radiopiu.net\/wordpress\/wp-content\/uploads\/2023\/07\/PXL_20230716_1041552962-scaled.jpg\" data-dt-img-description=\"\" data-large_image_width=\"2560\" data-large_image_height=\"1798\"><img loading=\"lazy\" decoding=\"async\" class=\" wp-image-344478 alignleft\" src=\"https:\/\/www.radiopiu.net\/wordpress\/wp-content\/uploads\/2023\/07\/PXL_20230716_1041552962-300x211.jpg\" alt=\"\" width=\"156\" height=\"110\" srcset=\"https:\/\/www.radiopiu.net\/wordpress\/wp-content\/uploads\/2023\/07\/PXL_20230716_1041552962-300x211.jpg 300w, https:\/\/www.radiopiu.net\/wordpress\/wp-content\/uploads\/2023\/07\/PXL_20230716_1041552962-1024x719.jpg 1024w, https:\/\/www.radiopiu.net\/wordpress\/wp-content\/uploads\/2023\/07\/PXL_20230716_1041552962-768x540.jpg 768w, https:\/\/www.radiopiu.net\/wordpress\/wp-content\/uploads\/2023\/07\/PXL_20230716_1041552962-1536x1079.jpg 1536w, https:\/\/www.radiopiu.net\/wordpress\/wp-content\/uploads\/2023\/07\/PXL_20230716_1041552962-2048x1439.jpg 2048w\" sizes=\"auto, (max-width: 156px) 100vw, 156px\" \/><\/a>DOMEGGE<\/strong> L&#8217;Eremo dei Romiti, incantevole rifugio immerso nella natura, \u00e8 diventato il palcoscenico di un evento musicale unico nell&#8217;open day organizzato dall&#8217;Academy Gli Echi della Natura. Il pubblico ha potuto godere di un concerto all&#8217;aperto senza precedenti, ad un&#8217;altitudine di 1164 metri, caratterizzato dalla straordinaria presenza di un pianoforte a coda portato in loco da un elicottero. L&#8217;evento esclusivo ha visto la partecipazione dei talentuosi vincitori del contest &#8220;Mi metto in gioco 2023&#8221;, che hanno realizzato una performance musicale di grande bellezza. Marco Ballerio al violino e al pianoforte, Federico Curioni, Francesca Valeri, Davide Schauber al violino, Leonardo Lisa e Daniele Curioni al violoncello hanno incantato il pubblico con le loro esecuzioni appassionate. Inoltre la qualit\u00e0 dell\u2019evento \u00e8 stata garantita dalla presenza dei docenti dell\u2019Academy che hanno animato l\u2019intera giornata.<\/p>\n<p>&nbsp;<\/p>\n<hr \/>\n<p>&nbsp;<\/p>\n<blockquote>\n<h3 class=\"_title post-title entry-title\">CORTINA D\u2019AMPEZZO | REVISIONE SCADUTA, STOPPATA LA FUNIVIA DEL FALORIA<\/h3>\n<\/blockquote>\n<p>DAL TG DI ANTENNA 3, DI TIZIANA BOLOGNANI. OGNI SERA ALLE 19.10 ALLA RADIO PIU&#8217; LE ANTICIPAZIONI DEL TELEGIORNALE BELLUNESE, IN ONDA DAL LUNEDI AL SABATO ALLE 19.30 SUL CANALE 10 DEL DIGITALE TERRESTRE<\/p>\n<p>Intervistati ALESSANDRO MENARDI PRESIDENTE SOCIETA\u2019 FALORIA CRISTALLO\u00a0 di <a href=\"https:\/\/antennatre.medianordest.it\/redazione\/Tiziana-Bolognani\/\">Tiziana Bolognani<\/a>)<\/p>\n<p><iframe loading=\"lazy\" title=\"REVISIONE SCADUTA, STOPPATA LA FUNIVIA DEL FALORIA | 17\/07\/2023\" width=\"1200\" height=\"675\" src=\"https:\/\/www.youtube.com\/embed\/GlZdLkVNPiA?feature=oembed\" frameborder=\"0\" allow=\"accelerometer; autoplay; clipboard-write; encrypted-media; gyroscope; picture-in-picture; web-share\" allowfullscreen><\/iframe><\/p>\n<p>&nbsp;<\/p>\n<hr \/>\n<p>&nbsp;<\/p>\n<h2><span style=\"color: #ff6600;\">IERI ALLA RADIO<\/span><\/h2>\n<h2><span style=\"color: #008080;\">PERITI MINERARI DALL\u2019AGORDINO AL MONDO<\/span><\/h2>\n<p><strong>REDAZIONE<\/strong> Continua la serie di racconti con i periti minerari agordini. Oggi \u00e8 il turno di Cernuta Stanislao. I racconti dei periti minerari agordini che hanno lavorato nel mondo, ogni luned\u00ec alle 10:30 e alle 19 su Radio Pi\u00f9.<\/p>\n<p><iframe loading=\"lazy\" title=\"CERNUTA STANISLAO\" width=\"1200\" height=\"675\" src=\"https:\/\/www.youtube.com\/embed\/dFAg2n7LyZ4?feature=oembed\" frameborder=\"0\" allow=\"accelerometer; autoplay; clipboard-write; encrypted-media; gyroscope; picture-in-picture; web-share\" allowfullscreen><\/iframe><\/p>\n<p>&nbsp;<\/p>\n<p><strong>LA RACCOLTA COMPLETA<\/strong><\/p>\n<blockquote class=\"wp-embedded-content\" data-secret=\"Qx6hS9ZpP7\"><p><a href=\"https:\/\/www.radiopiu.net\/wordpress\/periti-minerari-dallagordino-al-mondo\/\">Periti minerari dall&#8217;agordino al mondo<\/a><\/p><\/blockquote>\n<p><iframe loading=\"lazy\" class=\"wp-embedded-content\" sandbox=\"allow-scripts\" security=\"restricted\" style=\"position: absolute; clip: rect(1px, 1px, 1px, 1px);\" title=\"&#8220;Periti minerari dall&#8217;agordino al mondo&#8221; &#8212; Radio Pi\u00f9\" src=\"https:\/\/www.radiopiu.net\/wordpress\/periti-minerari-dallagordino-al-mondo\/embed\/#?secret=niclDueSab#?secret=Qx6hS9ZpP7\" data-secret=\"Qx6hS9ZpP7\" width=\"600\" height=\"338\" frameborder=\"0\" marginwidth=\"0\" marginheight=\"0\" scrolling=\"no\"><\/iframe><\/p>\n<p>&nbsp;<\/p>\n<p>&nbsp;<\/p>\n<h2><span style=\"color: #3366ff;\">SALUTE &amp; SOCIETA&#8217;<\/span><\/h2>\n<p><a class=\"dt-pswp-item\" href=\"https:\/\/www.radiopiu.net\/wordpress\/wp-content\/uploads\/2023\/07\/030a8f47-4590-5048-ebd7-ab808d341c63.jpg\" data-dt-img-description=\"Sad frustrated woman lying in bed and staring at Netwon's cradle balance balls late at night, she is suffering from insomnia\" data-large_image_width=\"800\" data-large_image_height=\"445\"><img loading=\"lazy\" decoding=\"async\" class=\"wp-image-344458 alignleft\" src=\"https:\/\/www.radiopiu.net\/wordpress\/wp-content\/uploads\/2023\/07\/030a8f47-4590-5048-ebd7-ab808d341c63-300x167.jpg\" alt=\"\" width=\"215\" height=\"120\" srcset=\"https:\/\/www.radiopiu.net\/wordpress\/wp-content\/uploads\/2023\/07\/030a8f47-4590-5048-ebd7-ab808d341c63-300x167.jpg 300w, https:\/\/www.radiopiu.net\/wordpress\/wp-content\/uploads\/2023\/07\/030a8f47-4590-5048-ebd7-ab808d341c63-768x427.jpg 768w, https:\/\/www.radiopiu.net\/wordpress\/wp-content\/uploads\/2023\/07\/030a8f47-4590-5048-ebd7-ab808d341c63.jpg 800w\" sizes=\"auto, (max-width: 215px) 100vw, 215px\" \/><\/a><strong>Insonnia cronica\u00a0 <\/strong>L&#8217;insonnia cronica \u00e8 a tutti gli effetti una patologia quando i problemi di addormentamento, i frequenti risvegli durante la notte o il risveglio precoce sono associati a riflessi negativi sul funzionamento diurno.<\/p>\n<p><strong>Sistema immunitario <\/strong>Con La memoria del nemico Arnaldo D\u2019Amico ci consegna il racconto della pi\u00f9 grande battaglia mai combattuta dall\u2019umanit\u00e0: quella che ha portato all\u2019incredibile scoperta del sistema immunitario.<\/p>\n<p><strong>PUNTATA DEL 17 LUGLIO 2023<\/strong><\/p>\n<audio class=\"wp-audio-shortcode\" id=\"audio-344442-3\" preload=\"none\" style=\"width: 100%;\" controls=\"controls\"><source type=\"audio\/mpeg\" src=\"https:\/\/www.radiopiu.net\/wordpress\/wp-content\/uploads\/2023\/07\/SALUTE-2.mp3?_=3\" \/><a href=\"https:\/\/www.radiopiu.net\/wordpress\/wp-content\/uploads\/2023\/07\/SALUTE-2.mp3\">https:\/\/www.radiopiu.net\/wordpress\/wp-content\/uploads\/2023\/07\/SALUTE-2.mp3<\/a><\/audio>\n<p>&nbsp;<\/p>\n<p>&nbsp;<\/p>\n<hr \/>\n<p><strong>\u00a0<\/strong><\/p>\n<p><strong>DI PAOLA LANCIATO\u00a0<\/strong><\/p>\n<p><strong>PUNTATA 13 GUIDO-GOZZANO-E-AMALIA-GUGLIELMINETTI.<\/strong><\/p>\n<audio class=\"wp-audio-shortcode\" id=\"audio-344442-4\" preload=\"none\" style=\"width: 100%;\" controls=\"controls\"><source type=\"audio\/mpeg\" src=\"https:\/\/www.radiopiu.net\/wordpress\/wp-content\/uploads\/2023\/07\/13-GUIDO-GOZZANO-E-AMALIA-GUGLIELMINETTI.mp3?_=4\" \/><a href=\"https:\/\/www.radiopiu.net\/wordpress\/wp-content\/uploads\/2023\/07\/13-GUIDO-GOZZANO-E-AMALIA-GUGLIELMINETTI.mp3\">https:\/\/www.radiopiu.net\/wordpress\/wp-content\/uploads\/2023\/07\/13-GUIDO-GOZZANO-E-AMALIA-GUGLIELMINETTI.mp3<\/a><\/audio>\n<p>LA RACCOLTA COMPLETA<\/p>\n<blockquote class=\"wp-embedded-content\" data-secret=\"OOn4knejoN\"><p><a href=\"https:\/\/www.radiopiu.net\/wordpress\/sentimental-le-storie-damore-di-paola-lanciato\/\">SENTIMENTAL,\u00a0 &#8220;le storie d&#8217;amore&#8221; DI PAOLA LANCIATO<\/a><\/p><\/blockquote>\n<p><iframe loading=\"lazy\" class=\"wp-embedded-content\" sandbox=\"allow-scripts\" security=\"restricted\" style=\"position: absolute; clip: rect(1px, 1px, 1px, 1px);\" title=\"&#8220;SENTIMENTAL,\u00a0 &#8220;le storie d&#8217;amore&#8221; DI PAOLA LANCIATO&#8221; &#8212; Radio Pi\u00f9\" src=\"https:\/\/www.radiopiu.net\/wordpress\/sentimental-le-storie-damore-di-paola-lanciato\/embed\/#?secret=mUx6XGLC5g#?secret=OOn4knejoN\" data-secret=\"OOn4knejoN\" width=\"600\" height=\"338\" frameborder=\"0\" marginwidth=\"0\" marginheight=\"0\" scrolling=\"no\"><\/iframe><\/p>\n<p>&nbsp;<\/p>\n<hr \/>\n<p>&nbsp;<\/p>\n<p><strong>DILLO A RADIO PIU&#8217;&#8230;.<\/strong><br \/>\n<strong>AGORDO<\/strong>, SULLO STOP ANCHE NO ci scrive Erminia<br \/>\n<a class=\"dt-pswp-item\" href=\"https:\/\/www.radiopiu.net\/wordpress\/wp-content\/uploads\/2023\/07\/Senza-nome-37.png\" data-dt-img-description=\"\" data-large_image_width=\"492\" data-large_image_height=\"237\"><img loading=\"lazy\" decoding=\"async\" class=\"size-medium wp-image-344499 aligncenter\" src=\"https:\/\/www.radiopiu.net\/wordpress\/wp-content\/uploads\/2023\/07\/Senza-nome-37-300x145.png\" alt=\"\" width=\"300\" height=\"145\" srcset=\"https:\/\/www.radiopiu.net\/wordpress\/wp-content\/uploads\/2023\/07\/Senza-nome-37-300x145.png 300w, https:\/\/www.radiopiu.net\/wordpress\/wp-content\/uploads\/2023\/07\/Senza-nome-37.png 492w\" sizes=\"auto, (max-width: 300px) 100vw, 300px\" \/><\/a><\/p>\n<p>&nbsp;<\/p>\n<p>&nbsp;<\/p>\n<hr \/>\n<p>&nbsp;<\/p>\n<blockquote>\n<h3>AGORDO: ECCO DI NUOVO I MERCATINI DELL\u2019ANTIQUARIATO E DEL COLLEZIONISMO<\/h3>\n<\/blockquote>\n<p><strong>di Giorgio Fontanive<\/strong><\/p>\n<p><strong>AGORDO <\/strong>Il Gruppo degli Amici dell\u2019Antiquariato ha organizzato anche quest\u2019anno i consueti mercatini ma, a differenza delle 12 edizioni precedenti nel 2023 avranno luogo solo nel capoluogo di vallata nelle giornate di <strong>domenica 23 luglio, sabato 12 e 26 agosto <\/strong>perch\u00e9, per ragioni che esulano dalla volont\u00e0 dei promotori, tutte le altre localit\u00e0 dell\u2019Agordino sono state escluse dalla programmazione! Lo sforzo \u00e8 stato quindi diretto sulla piazza di Agordo che, per contro, pu\u00f2 ospitare oltre 50 stand diventando, in montagna, un importante centro di riferimento per gli appassionati di oggettistica, materiali d\u2019epoca e vintage, piccolo antiquariato, modernariato, mobili, arte e collezionismo cartaceo, cartoline, dischi, libri, ceramiche, reperti vari, medaglistica, incisioni, monete, ecc. Cos\u00ec come accade a Tai di Cadore o Feltre nella nostra Provincia e come tante citt\u00e0 della pianura dove si ritrovano centinaia di hobbisti e commercianti creando appuntamenti che mobilitano migliaia e migliaia di persone (vedi piazzola sul Brenta con notevoli benefici anche per le casse comunali per l\u2019utilizzazione del suolo pubblico); senza dimenticare la vallate contermini di Primiero, Fiemme e Val Pusteria. Si potr\u00e0 aggiungere che il mercatino di Agordo con la pubblicit\u00e0 per la promozione della manifestazione (cartellonistica mirata sugli accessi, <em>spot <\/em>via etere, volantinaggio) crea un indotto non indifferente che pu\u00f2 raggiungere oltre 2000 presenze: un bel richiamo per le vie attorno al Br\u00f3i e per gli esercizi pubblici che vi gravitano. E senza creare competizione con l\u2019apparato commerciale locale perch\u00e9 i mercatini dell\u2019antiquariato intendono promuovere il collezionismo, la cultura dell\u2019oggetto antico e del riuso escludendo gli articoli legati ai mercati rionali settimanali. Per i\u00a0 potenziali visitatori sar\u00e0 utile consultare anche il sito <a href=\"http:\/\/www.mercatinidimontagna.it\/\">www.mercatinidimontagna.it<\/a>. Da non mancare quindi!<\/p>\n<p>&nbsp;<\/p>\n\n\t\t\t<style type='text\/css'>\n\t\t\t\t#gallery-2 {\n\t\t\t\t\tmargin: auto;\n\t\t\t\t}\n\t\t\t\t#gallery-2 .gallery-item {\n\t\t\t\t\tfloat: left;\n\t\t\t\t\tmargin-top: 10px;\n\t\t\t\t\ttext-align: center;\n\t\t\t\t\twidth: 25%;\n\t\t\t\t}\n\t\t\t\t#gallery-2 img {\n\t\t\t\t\tborder: 2px solid #cfcfcf;\n\t\t\t\t}\n\t\t\t\t#gallery-2 .gallery-caption {\n\t\t\t\t\tmargin-left: 0;\n\t\t\t\t}\n\t\t\t\t\/* see gallery_shortcode() in wp-includes\/media.php *\/\n\t\t\t<\/style>\n\t\t<div id='gallery-2' class='dt-gallery-container gallery galleryid-344442 gallery-columns-4 gallery-size-medium'><dl class='gallery-item'>\n\t\t\t\t<dt class='gallery-icon landscape'>\n\t\t\t\t\t<a class=\"rollover\" href='https:\/\/www.radiopiu.net\/wordpress\/agordo-ecco-di-nuovo-i-mercatini-dell-antiquariato-e-del-collezionismo\/agordo-x-radiopiu\/'><img loading=\"lazy\" decoding=\"async\" width=\"300\" height=\"200\" src=\"https:\/\/www.radiopiu.net\/wordpress\/wp-content\/uploads\/2023\/07\/AGORDO-x-RADIOPIU-300x200.jpg\" class=\"attachment-medium size-medium\" alt=\"\" srcset=\"https:\/\/www.radiopiu.net\/wordpress\/wp-content\/uploads\/2023\/07\/AGORDO-x-RADIOPIU-300x200.jpg 300w, https:\/\/www.radiopiu.net\/wordpress\/wp-content\/uploads\/2023\/07\/AGORDO-x-RADIOPIU-1024x683.jpg 1024w, https:\/\/www.radiopiu.net\/wordpress\/wp-content\/uploads\/2023\/07\/AGORDO-x-RADIOPIU-768x512.jpg 768w, https:\/\/www.radiopiu.net\/wordpress\/wp-content\/uploads\/2023\/07\/AGORDO-x-RADIOPIU-1536x1024.jpg 1536w, https:\/\/www.radiopiu.net\/wordpress\/wp-content\/uploads\/2023\/07\/AGORDO-x-RADIOPIU-2048x1365.jpg 2048w\" sizes=\"auto, (max-width: 300px) 100vw, 300px\" \/><\/a>\n\t\t\t\t<\/dt><\/dl><dl class='gallery-item'>\n\t\t\t\t<dt class='gallery-icon landscape'>\n\t\t\t\t\t<a class=\"rollover\" href='https:\/\/www.radiopiu.net\/wordpress\/agordo-ecco-di-nuovo-i-mercatini-dell-antiquariato-e-del-collezionismo\/agordo-5-8-17\/'><img loading=\"lazy\" decoding=\"async\" width=\"300\" height=\"225\" src=\"https:\/\/www.radiopiu.net\/wordpress\/wp-content\/uploads\/2023\/07\/AGORDO-5-8-17-300x225.jpg\" class=\"attachment-medium size-medium\" alt=\"\" srcset=\"https:\/\/www.radiopiu.net\/wordpress\/wp-content\/uploads\/2023\/07\/AGORDO-5-8-17-300x225.jpg 300w, https:\/\/www.radiopiu.net\/wordpress\/wp-content\/uploads\/2023\/07\/AGORDO-5-8-17-1024x768.jpg 1024w, https:\/\/www.radiopiu.net\/wordpress\/wp-content\/uploads\/2023\/07\/AGORDO-5-8-17-768x576.jpg 768w, https:\/\/www.radiopiu.net\/wordpress\/wp-content\/uploads\/2023\/07\/AGORDO-5-8-17-1536x1152.jpg 1536w, https:\/\/www.radiopiu.net\/wordpress\/wp-content\/uploads\/2023\/07\/AGORDO-5-8-17-2048x1536.jpg 2048w\" sizes=\"auto, (max-width: 300px) 100vw, 300px\" \/><\/a>\n\t\t\t\t<\/dt><\/dl><dl class='gallery-item'>\n\t\t\t\t<dt class='gallery-icon portrait'>\n\t\t\t\t\t<a class=\"rollover\" href='https:\/\/www.radiopiu.net\/wordpress\/agordo-ecco-di-nuovo-i-mercatini-dell-antiquariato-e-del-collezionismo\/agordo-16-7-2017\/'><img loading=\"lazy\" decoding=\"async\" width=\"217\" height=\"300\" src=\"https:\/\/www.radiopiu.net\/wordpress\/wp-content\/uploads\/2023\/07\/AGORDO-16-7-2017-217x300.jpg\" class=\"attachment-medium size-medium\" alt=\"\" srcset=\"https:\/\/www.radiopiu.net\/wordpress\/wp-content\/uploads\/2023\/07\/AGORDO-16-7-2017-217x300.jpg 217w, https:\/\/www.radiopiu.net\/wordpress\/wp-content\/uploads\/2023\/07\/AGORDO-16-7-2017-742x1024.jpg 742w, https:\/\/www.radiopiu.net\/wordpress\/wp-content\/uploads\/2023\/07\/AGORDO-16-7-2017-768x1060.jpg 768w, https:\/\/www.radiopiu.net\/wordpress\/wp-content\/uploads\/2023\/07\/AGORDO-16-7-2017-1113x1536.jpg 1113w, https:\/\/www.radiopiu.net\/wordpress\/wp-content\/uploads\/2023\/07\/AGORDO-16-7-2017-1483x2048.jpg 1483w, https:\/\/www.radiopiu.net\/wordpress\/wp-content\/uploads\/2023\/07\/AGORDO-16-7-2017-scaled.jpg 1854w\" sizes=\"auto, (max-width: 217px) 100vw, 217px\" \/><\/a>\n\t\t\t\t<\/dt><\/dl><dl class='gallery-item'>\n\t\t\t\t<dt class='gallery-icon landscape'>\n\t\t\t\t\t<a class=\"rollover\" href='https:\/\/www.radiopiu.net\/wordpress\/agordo-ecco-di-nuovo-i-mercatini-dell-antiquariato-e-del-collezionismo\/agordo-3-agosto\/'><img loading=\"lazy\" decoding=\"async\" width=\"300\" height=\"214\" src=\"https:\/\/www.radiopiu.net\/wordpress\/wp-content\/uploads\/2023\/07\/AGORDO-3-agosto-300x214.jpg\" class=\"attachment-medium size-medium\" alt=\"\" srcset=\"https:\/\/www.radiopiu.net\/wordpress\/wp-content\/uploads\/2023\/07\/AGORDO-3-agosto-300x214.jpg 300w, https:\/\/www.radiopiu.net\/wordpress\/wp-content\/uploads\/2023\/07\/AGORDO-3-agosto-1024x731.jpg 1024w, https:\/\/www.radiopiu.net\/wordpress\/wp-content\/uploads\/2023\/07\/AGORDO-3-agosto-768x548.jpg 768w, https:\/\/www.radiopiu.net\/wordpress\/wp-content\/uploads\/2023\/07\/AGORDO-3-agosto-1536x1096.jpg 1536w, https:\/\/www.radiopiu.net\/wordpress\/wp-content\/uploads\/2023\/07\/AGORDO-3-agosto-2048x1462.jpg 2048w\" sizes=\"auto, (max-width: 300px) 100vw, 300px\" \/><\/a>\n\t\t\t\t<\/dt><\/dl><br style=\"clear: both\" \/>\n\t\t\t<\/div>\n\n<p>&nbsp;<\/p>\n<hr \/>\n<p>&nbsp;<\/p>\n<blockquote>\n<h3>CONCERTI IN ALTA QUOTA CON &#8220;MELODIE NEL BOSCO, SUSSURRI TRA LE DOLOMITI&#8221;<\/h3>\n<\/blockquote>\n<p><strong><a class=\"dt-pswp-item\" href=\"https:\/\/www.radiopiu.net\/wordpress\/wp-content\/uploads\/2018\/07\/Pota-l_Orso_Bosco-degli-Artisti.png\" data-dt-img-description=\"\" data-large_image_width=\"750\" data-large_image_height=\"534\"><img loading=\"lazy\" decoding=\"async\" class=\"size-medium wp-image-55065 alignleft\" src=\"https:\/\/www.radiopiu.net\/wordpress\/wp-content\/uploads\/2018\/07\/Pota-l_Orso_Bosco-degli-Artisti-300x214.png\" alt=\"\" width=\"300\" height=\"214\" srcset=\"https:\/\/www.radiopiu.net\/wordpress\/wp-content\/uploads\/2018\/07\/Pota-l_Orso_Bosco-degli-Artisti-300x214.png 300w, https:\/\/www.radiopiu.net\/wordpress\/wp-content\/uploads\/2018\/07\/Pota-l_Orso_Bosco-degli-Artisti.png 750w\" sizes=\"auto, (max-width: 300px) 100vw, 300px\" \/><\/a>FALCADE<\/strong>\u00a0 &#8220;Melodie nel Bosco, sussurri tra le Dolomiti&#8221;. Si chiama cos\u00ec il festival che porter\u00e0 quattro concerti a 2.000 metri di altitudine per far incontrare musica e natura al cospetto di vette come Mulaz e Focobon.\u00a0 A fare da teatro sar\u00e0 il Bosco degli Artisti di Falcade, galleria d\u2019arte a cielo aperto che sorge in localit\u00e0 Le Buse, nella Ski Area San Pellegrino. Concerti in programma alle 10:30. Sabato 29 luglio si esibir\u00e0 il Coro Val Biois con intermezzo di Nina &amp; Nena duo. Sabato 12 agosto spazio a Fourback con un tributo ai Beatles. Sabato 26 agosto toccher\u00e0 a Emanuele Bastanzetti, da Bach a Kreisler &#8211; sinfonie di violino.<\/p>\n<blockquote><p><em>Raggiungere il Bosco degli Artisti \u00e8 facile: partendo da Falcade, paesino \u201ccullato\u201d dalle imponenti pareti rocciose del Focobon, si giunge a quota 1890 m. con la cabinovia che da Molino porta a Le Buse. Proprio qui, a pochi metri dalla stazione a monte, sorge il Bosco degli Artisti, esposizione di opere a cielo aperto che valorizza l\u2019abilit\u00e0 creativa di diversi scultori e pittori della Val Biois ispirati dalla bellezza e dalle tradizioni del territorio. Un percorso ad anello di circa 1 km dove i visitatori sono invitati a scoprire, passo dopo passo, le diverse opere nascoste tra gli alberi. Nei giorni dei concerti la cabinovia sar\u00e0 chiusa dalle 10.30 alle 12.00 per non disturbare il concerto.\u00a0<\/em><\/p><\/blockquote>\n<p>&nbsp;<\/p>\n<hr \/>\n<p>&nbsp;<\/p>\n<h3 style=\"text-align: center;\">COUNTRY MUSIC IN SAN LUGAN<\/h3>\n<p>DI GIANNI SANTOMASO<\/p>\n<audio class=\"wp-audio-shortcode\" id=\"audio-344442-5\" preload=\"none\" style=\"width: 100%;\" controls=\"controls\"><source type=\"audio\/mpeg\" src=\"https:\/\/www.radiopiu.net\/wordpress\/wp-content\/uploads\/2023\/07\/GIANNI-SAN-LUCANO.mp3?_=5\" \/><a href=\"https:\/\/www.radiopiu.net\/wordpress\/wp-content\/uploads\/2023\/07\/GIANNI-SAN-LUCANO.mp3\">https:\/\/www.radiopiu.net\/wordpress\/wp-content\/uploads\/2023\/07\/GIANNI-SAN-LUCANO.mp3<\/a><\/audio>\n<p>&nbsp;<\/p>\n<p><strong><a class=\"dt-pswp-item\" href=\"https:\/\/www.radiopiu.net\/wordpress\/wp-content\/uploads\/2023\/07\/Senza-nome-39.png\" data-dt-img-description=\"\" data-large_image_width=\"218\" data-large_image_height=\"161\"><img loading=\"lazy\" decoding=\"async\" class=\" wp-image-344502 alignleft\" src=\"https:\/\/www.radiopiu.net\/wordpress\/wp-content\/uploads\/2023\/07\/Senza-nome-39.png\" alt=\"\" width=\"232\" height=\"171\" \/><\/a>REDAZIONE<\/strong> Ritorna il country a Taibon, a trent&#8217;anni dai concerti dell&#8217;epopea country a Taibon. Venerdi alle 18 nell&#8217;ambito dei festeggiamenti per San Lucano, al tendone delle feste si esibir\u00e0 la Beer o&#8217;Clock. Pista coperta e ballo country e line dance. Di contorno: aperti saloon al chiosco, marshmallow per i pi\u00f9 piccoli, pastim, burger, patate fritt<a class=\"dt-pswp-item\" href=\"https:\/\/www.radiopiu.net\/wordpress\/wp-content\/uploads\/2023\/07\/Senza-nome-40.png\" data-dt-img-description=\"\" data-large_image_width=\"138\" data-large_image_height=\"254\"><img loading=\"lazy\" decoding=\"async\" class=\"size-full wp-image-344503 alignright\" src=\"https:\/\/www.radiopiu.net\/wordpress\/wp-content\/uploads\/2023\/07\/Senza-nome-40.png\" alt=\"\" width=\"138\" height=\"254\" \/><\/a>e.<\/p>\n<p><strong>LA BAND <\/strong>\u00a0toscana nasce nel 2012 da un\u2019idea di Gianni Gori, da sempre appassionato di musica country e delle sue sonorit\u00e0 tipiche. Si \u00e8 subito distinta per una intensa attivit\u00e0 live e per alcune collaborazioni con artisti internazionali. Propone un repertorio di musica new country composto da brani originali e da cover degli artisti pi\u00f9 rappresentativi del genere musicale, caratterizzato da una meticolosa cura negli arrangiamenti vocali e strumentali.<br \/>\nI Beer O\u2019Clock si sono esibiti in molti eventi e festival di musica country su tutto il territorio nazionale, con qualche sporadica esibizione anche all\u2019estero. Nel 2014, sul palco del Voghera Country Festival, hanno avuto il piacere e l\u2019onore di esibirsi insieme a Trent Willmon e Vince Moreno. L\u2019anno successivo sono stati chiamati come backing band di Aly Cook, artista country neozelandese proclamata nel 2012 come \u201cFemale Country Artist of the Year\u201d. Proprio da lei arriv\u00f2 il gradito commento \u00abil mio produttore sarebbe orgoglioso di voi: avete preso dal mio nuovo album dei brani mai suonati live prima d\u2019ora e li avete fatti funzionare alla grande sul palco, complimenti!\u00bb. L\u2019organico \u00e8 composto da cinque elementi <a class=\"dt-pswp-item\" href=\"https:\/\/www.radiopiu.net\/wordpress\/wp-content\/uploads\/2023\/07\/Senza-nome-38.png\" data-dt-img-description=\"\" data-large_image_width=\"497\" data-large_image_height=\"306\"><img loading=\"lazy\" decoding=\"async\" class=\"size-medium wp-image-344501 alignleft\" src=\"https:\/\/www.radiopiu.net\/wordpress\/wp-content\/uploads\/2023\/07\/Senza-nome-38-300x185.png\" alt=\"\" width=\"300\" height=\"185\" srcset=\"https:\/\/www.radiopiu.net\/wordpress\/wp-content\/uploads\/2023\/07\/Senza-nome-38-300x185.png 300w, https:\/\/www.radiopiu.net\/wordpress\/wp-content\/uploads\/2023\/07\/Senza-nome-38.png 497w\" sizes=\"auto, (max-width: 300px) 100vw, 300px\" \/><\/a>e comprende strumenti tipici della musica country, quali pedal steel guitar, banjo, dobro e mandolino. Sebbene possa sembrare superfluo precisarlo, la musica \u00e8 eseguita interamente dal vivo, senza alcun impiego di basi o parti pre-registrate.<\/p>\n<p>Stefano Serni: voce, chitarra acustica;\u00a0 \u2022 Marco Mezzacapo: chitarra elettrica, chitarra acustica, voce \u2022 Gianni Gori: pedal steel guitar, mandolino, banjo, dobro, chitarra acustica, voce \u2022 Jury Carmignani: basso elettrico, basso acustico, voce \u2022 Emanuele Sodi: batteria<\/p>\n<p>&nbsp;<\/p>\n<hr \/>\n<p>&nbsp;<\/p>\n<blockquote>\n<h3>A CANALE D&#8217;AGORDO, IL SECONDO SIMPOSIO DI SCULTURA DI MASCHERE SU LEGNO<\/h3>\n<\/blockquote>\n<p><a class=\"dt-pswp-item\" href=\"https:\/\/www.radiopiu.net\/wordpress\/wp-content\/uploads\/2023\/07\/83137ff6-c091-46d6-9a62-531a85bd3328.jpg\" data-dt-img-description=\"\" data-large_image_width=\"654\" data-large_image_height=\"339\"><img loading=\"lazy\" decoding=\"async\" class=\"aligncenter wp-image-344507 size-full\" src=\"https:\/\/www.radiopiu.net\/wordpress\/wp-content\/uploads\/2023\/07\/83137ff6-c091-46d6-9a62-531a85bd3328.jpg\" alt=\"\" width=\"654\" height=\"339\" srcset=\"https:\/\/www.radiopiu.net\/wordpress\/wp-content\/uploads\/2023\/07\/83137ff6-c091-46d6-9a62-531a85bd3328.jpg 654w, https:\/\/www.radiopiu.net\/wordpress\/wp-content\/uploads\/2023\/07\/83137ff6-c091-46d6-9a62-531a85bd3328-300x156.jpg 300w\" sizes=\"auto, (max-width: 654px) 100vw, 654px\" \/><\/a><\/p>\n<p>&nbsp;<\/p>\n<p><span style=\"font-size: medium;\"><strong><img decoding=\"async\" src=\"https:\/\/www.radiopiu.net\/wordpress\/wp-content\/uploads\/2022\/07\/%C2%A9EchidiAlessandroSogne-FOTO-GRUPPO-MASCHERAI-ALPINI-CANALE-25-LUGLIO.jpg\" \/>CANALE D&#8217;AGORDO<\/strong> L\u2019anno scorso abbiamo ospitato il <\/span><span style=\"font-size: medium;\"><i>Raduno dei Mascherai Alpini<\/i><\/span><span style=\"font-size: medium;\">, proposta dedicata alla scultura di maschere lignee carnevalesche, con artisti provenienti da varie localit\u00e0 alpine del Nord Italia, come anche dall\u2019Austria e dalla Slovenia. Visto che \u00e8 piaciuta ed era molto partecipata, quest\u2019anno noi del <\/span><span style=\"font-size: medium;\"><i>Comitato La Zinghenesta<\/i><\/span><span style=\"font-size: medium;\">, la riproponiamo con una ventina di artisti autoctoni della provincia di Belluno e con 2 scultori fuori provincia; inoltre ci saranno anche alcuni allievi della <\/span><span style=\"font-size: medium;\"><i>Scuola del Legno<\/i><\/span><span style=\"font-size: medium;\"> del <\/span><span style=\"font-size: medium;\"><i><b>Centro Consorzi<\/b><\/i><\/span><span style=\"font-size: medium;\"> di Sedico affiancati dalla loro insegnante la Prof.ssa Gabriella Santoro che curer\u00e0 anche una sezione dedicata alla decorazione dei volti lignei e pure anche di restauro di mobili e oggetti antichi.<\/span><span style=\"font-size: medium;\">Il simposio di scultura si svilupper\u00e0 sempre tra Piazza Papa Luciani e lungo Via Tancon anche nei caratteristici tabi\u00e0 che come nella scorsa edizione verranno aperti al pubblico per l\u2019occasione. <\/span><span style=\"font-size: medium;\">L\u2019appuntamento con il simposio \u00e8 da venerd\u00ec 21 a domenica 23 luglio, su un tre giorni di grande intensit\u00e0. Venerd\u00ec 21 il programma prevede, l\u2019inaugurazione alle ore 17 della mostra <\/span><span style=\"font-size: medium;\"><i><b>\u201cLe antiche maschere ed i personaggi dei carnevali storici e tradizionali dell\u2019 Agordino\u201d<\/b><\/i><\/span><span style=\"font-size: medium;\"> con l\u2019intervento della <\/span><span style=\"font-size: medium;\"><i>Dott.sa Mariangela Bognolo<\/i><\/span><span style=\"font-size: medium;\">, critico d\u2019arte. Oltre alle maschere scolpite degli artisti, i residenti e gli ospiti della nostra vallata potranno ammirare gli antichi volti lignei, maschere pi\u00f9 recenti con descrizione, fotografie, filmati con pannelli descrittivi che raccontano i carnevali storico tradizionali dell\u2019Agordino\u201d. Vi saranno anche delle maschere e dei personaggi della <\/span><span style=\"font-size: medium;\"><i>Collezione di Gianni Secco<\/i><\/span><span style=\"font-size: medium;\"> (volto noto de <\/span><span style=\"font-size: medium;\"><i>I Belumat<\/i><\/span><span style=\"font-size: medium;\"> scomparso nel 2020) concessa dalla figlia <\/span><span style=\"font-size: medium;\"><i>Laura Secco<\/i><\/span><span style=\"font-size: medium;\">. L\u2019esposizione sar\u00e0 aperta dal 21 luglio fino al 6 agosto 2023 presso la <\/span><span style=\"font-size: medium;\"><b>Sala Consiliare del Municipio di Canale d\u2019Agordo<\/b><\/span><span style=\"font-size: medium;\">. Orari: tutti i giorni 16:30-18:30, 20:00-22:00 e venerd\u00ec, sabato e domenica anche al mattino 9.30-12.30. <\/span><span style=\"font-size: medium;\">Il giorno seguente dalle ore 8.30 alle ore 12.00 gli artisti saranno all\u2019opera tra Piazza Papa Luciani e lungo via Tancon che sar\u00e0 appositamente zona pedonale. Nel pomeriggio dalle 16.30 alle 18.30 e in chiave serale dalle 20.45 fino alle 22 con l\u2019illuminazione dei fienili. Domenica 23 ultimo giorno sempre dalle ore 8.30 alle ore 12.00 e nel pomeriggio dalle 14.30 alle 17.00, poi seguir\u00e0 un saluto dall\u2019organizzazione presso la Sala Consiliare alle ore 17.30. <\/span>\u201c<span style=\"font-size: medium;\">Sono venti gli artisti che hanno aderito. Siamo soddisfatti perch\u00e9 provengono quasi tutti dalla nostra provincia dolomitica\u201d sottolinea Simone Ongaro, organizzatore dell\u2019evento con gli amici del <\/span><span style=\"font-size: medium;\"><i>Comitato La Zinghenesta<\/i><\/span><span style=\"font-size: medium;\">. Da alcuni anni avevamo pensato di rivitalizzare il nostro bellissimo centro storico ricco di tabi\u00e0 e di ben 22 fontane pubbliche per far capire che oltre alla Piazza Papa Luciani si pu\u00f2 fare anche altro lungo il centro storico e le altre vie del paese\u201d. <\/span><span style=\"font-size: medium;\">Gli artisti che si esibiranno sono: Tiziano Di Giusto, Gino Luigi Lo Bartolo, Ennio De Bona, Dario Strag\u00e0, Pompeo De Pellegrin, Gabriella Santoro, Eros Saviane, Pier Romano Selvestrel, Renzo Gaz, Walter De Biasio, Tita Bressan, Enrico Pilotto, Francesco Pavanini, Andrea De Benedet, Diego Gazzi, Carlo Roilo, Guido Manfroi, Carlo Zus, Eris Costa. <\/span><span style=\"font-size: medium;\">A Simposio concluso le maschere realizzate dagli artisti saranno poi esposte nella mostra del Municipio di Canale fino al 6 agosto. <\/span><span style=\"font-size: medium;\">In Piazza Papa Luciani nei 3 giorni troverete anche un nostro piccolo stand nel quale troverete i gustosissimi Carfogn nostro dolce tipico e le Crepes senza glutine e senza latte oltre a delle bevande per tutti i gusti\u00a0<\/span><\/p>\n<p>&nbsp;<\/p>\n<p>&nbsp;<\/p>\n<hr \/>\n<p>&nbsp;<\/p>\n<blockquote>\n<h3>LA SAGRA DEI PER A BRIBANO DI SEDICO<\/h3>\n<\/blockquote>\n<p><strong>SEDICO<\/strong> Dal 21 al 30 luglio grande festa a Bribano di Sedico con la Sagra dei Per. Musica, Luna Park, cibo, sport, cultura e altro. Sabato 22 Radio Pi\u00f9 40 Live per festeggiare assieme i 40 anni di Radio Pi\u00f9.<\/p>\n<p><strong>IL PROGRAMMA (2 PAGINE)<\/strong><\/p>\n<a href=\"https:\/\/www.radiopiu.net\/wordpress\/wp-content\/uploads\/2023\/07\/FLYER-sagra-dei-per-2023-STAMPA.pdf\" class=\"pdfemb-viewer\" style=\"\" data-width=\"max\" data-height=\"max\" data-toolbar=\"top\" data-toolbar-fixed=\"on\">FLYER sagra dei per 2023 STAMPA<\/a>\n<p>&nbsp;<\/p>\n<hr \/>\n<p>&nbsp;<\/p>\n<blockquote>\n<h3><a class=\"dt-pswp-item\" href=\"https:\/\/www.radiopiu.net\/wordpress\/wp-content\/uploads\/2023\/07\/SCR-20230714-stid.png\" data-dt-img-description=\"\" data-large_image_width=\"1264\" data-large_image_height=\"944\"><img loading=\"lazy\" decoding=\"async\" class=\" wp-image-344140 alignleft\" src=\"https:\/\/www.radiopiu.net\/wordpress\/wp-content\/uploads\/2023\/07\/SCR-20230714-stid-300x224.png\" alt=\"\" width=\"212\" height=\"158\" srcset=\"https:\/\/www.radiopiu.net\/wordpress\/wp-content\/uploads\/2023\/07\/SCR-20230714-stid-300x224.png 300w, https:\/\/www.radiopiu.net\/wordpress\/wp-content\/uploads\/2023\/07\/SCR-20230714-stid-1024x765.png 1024w, https:\/\/www.radiopiu.net\/wordpress\/wp-content\/uploads\/2023\/07\/SCR-20230714-stid-768x574.png 768w, https:\/\/www.radiopiu.net\/wordpress\/wp-content\/uploads\/2023\/07\/SCR-20230714-stid.png 1264w\" sizes=\"auto, (max-width: 212px) 100vw, 212px\" \/><\/a>LA PASTASCIUTTA ANTIFASCISTA<\/h3>\n<\/blockquote>\n<p><strong>CESIOMAGGIORE<\/strong><\/p>\n<p>di Roberto Bona<\/p>\n<audio class=\"wp-audio-shortcode\" id=\"audio-344442-6\" preload=\"none\" style=\"width: 100%;\" controls=\"controls\"><source type=\"audio\/mpeg\" src=\"https:\/\/www.radiopiu.net\/wordpress\/wp-content\/uploads\/2023\/07\/BONA-PASTASCIUTTA-ANTIFASCISTA-25-LUGLIO.mp3?_=6\" \/><a href=\"https:\/\/www.radiopiu.net\/wordpress\/wp-content\/uploads\/2023\/07\/BONA-PASTASCIUTTA-ANTIFASCISTA-25-LUGLIO.mp3\">https:\/\/www.radiopiu.net\/wordpress\/wp-content\/uploads\/2023\/07\/BONA-PASTASCIUTTA-ANTIFASCISTA-25-LUGLIO.mp3<\/a><\/audio>\n<p>&nbsp;<\/p>\n<hr \/>\n<p>&nbsp;<\/p>\n<h2><span style=\"color: #ff0000;\">GLI APPUNTAMENTI DELLA SETTIMANA\u00a0<\/span><\/h2>\n<blockquote>\n<h3>MULTIVISIONI SOTTO LE STELLE<\/h3>\n<\/blockquote>\n<p><strong>BORGO VALBELLUNA <\/strong>Immagini che prendono vita seguendo lo scorrere della musica, per creare uno spettacolo che ha il potere di affascinare e coinvolgere lo spettatore. Questo lo spettacolo che verr\u00e0 proposto a Mel oggi nel cortile del Palazzo delle Contesse di Mel.<\/p>\n<p>&nbsp;<\/p>\n<blockquote>\n<h3>UNA SERATA CON ANSELMO CAGNATI<\/h3>\n<\/blockquote>\n<p><strong>FALCADE<\/strong> Gioved\u00ec 20 luglio alle 21 alla Casa della Giovent\u00f9 di Caviola una serata con Anselmo Cagnati dal titolo &#8220;Tjikko, con i cani da slitta del grande nord&#8221;<\/p>\n<p>&nbsp;<\/p>\n<blockquote>\n<h3>CONCERTO D&#8217;ORGANO A MEL<\/h3>\n<\/blockquote>\n<p><strong>BELLUNO<\/strong> Torna per la sesta volta a Mel il Concerto d\u2019organo con il maestro Fiorenzo Mori. L\u2019atteso appuntamento organizzato all\u2019insegna della solidariet\u00e0, dall\u2019Auser provinciale e dal locale Circolo Auser \u201cIl Sole&#8221;. Appuntamento gioved\u00ec 20 luglio nella chiesa arcipretale di Mel, in piazza Luciani, con inizio alle ore 20.30.<\/p>\n<p>&nbsp;<\/p>\n<blockquote>\n<h3>LA SANTA MESSA AL COL DE SAN LUGAN<\/h3>\n<\/blockquote>\n<p><strong>TAIBON<\/strong> Sabato 22 luglio alle 10:30 al Col De San Lugan in Valle di San Lucano verr\u00e0 celebrata la Santa Messa. Pranzo al sacco.<\/p>\n<p>&nbsp;<\/p>\n<blockquote>\n<h3>LA STUA, DOVE RINASCE LO STUDIO BALLIS<\/h3>\n<\/blockquote>\n<p>DI GIANNI SANTOMASO<\/p>\n<audio class=\"wp-audio-shortcode\" id=\"audio-344442-7\" preload=\"none\" style=\"width: 100%;\" controls=\"controls\"><source type=\"audio\/mpeg\" src=\"https:\/\/www.radiopiu.net\/wordpress\/wp-content\/uploads\/2023\/07\/GIANNI-BALLIS.mp3?_=7\" \/><a href=\"https:\/\/www.radiopiu.net\/wordpress\/wp-content\/uploads\/2023\/07\/GIANNI-BALLIS.mp3\">https:\/\/www.radiopiu.net\/wordpress\/wp-content\/uploads\/2023\/07\/GIANNI-BALLIS.mp3<\/a><\/audio>\n<p>&nbsp;<\/p>\n<p><strong>ALLEGHE<\/strong> Sabato 22 luglio alle 18 in Corso Venezia a Masare&#8217;, Laura Ballis con Vico Calabro&#8217; e Giovanni Sogne inaugura il nuovo studio d&#8217;arte &#8220;La Stua&#8221;, rinato dopo la tempesta Vaia dell&#8217;autunno 2018.<\/p>\n\n\t\t\t<style type='text\/css'>\n\t\t\t\t#gallery-3 {\n\t\t\t\t\tmargin: auto;\n\t\t\t\t}\n\t\t\t\t#gallery-3 .gallery-item {\n\t\t\t\t\tfloat: left;\n\t\t\t\t\tmargin-top: 10px;\n\t\t\t\t\ttext-align: center;\n\t\t\t\t\twidth: 50%;\n\t\t\t\t}\n\t\t\t\t#gallery-3 img {\n\t\t\t\t\tborder: 2px solid #cfcfcf;\n\t\t\t\t}\n\t\t\t\t#gallery-3 .gallery-caption {\n\t\t\t\t\tmargin-left: 0;\n\t\t\t\t}\n\t\t\t\t\/* see gallery_shortcode() in wp-includes\/media.php *\/\n\t\t\t<\/style>\n\t\t<div id='gallery-3' class='dt-gallery-container gallery galleryid-344442 gallery-columns-2 gallery-size-medium'><dl class='gallery-item'>\n\t\t\t\t<dt class='gallery-icon landscape'>\n\t\t\t\t\t<a class=\"rollover rollover-zoom dt-pswp-item\" title=\"prima\" data-dt-img-description=\"\" data-large_image_width=\"266\" data-large_image_height=\"162\"href='https:\/\/www.radiopiu.net\/wordpress\/wp-content\/uploads\/2023\/07\/prima.png'><img loading=\"lazy\" decoding=\"async\" width=\"266\" height=\"162\" src=\"https:\/\/www.radiopiu.net\/wordpress\/wp-content\/uploads\/2023\/07\/prima.png\" class=\"attachment-medium size-medium\" alt=\"\" aria-describedby=\"gallery-3-342762\" \/><\/a>\n\t\t\t\t<\/dt>\n\t\t\t\t\t<dd class='wp-caption-text gallery-caption' id='gallery-3-342762'>\n\t\t\t\t\tPOST VAIA\n\t\t\t\t\t<\/dd><\/dl><dl class='gallery-item'>\n\t\t\t\t<dt class='gallery-icon landscape'>\n\t\t\t\t\t<a class=\"rollover rollover-zoom dt-pswp-item\" title=\"oggi\" data-dt-img-description=\"\" data-large_image_width=\"273\" data-large_image_height=\"196\"href='https:\/\/www.radiopiu.net\/wordpress\/wp-content\/uploads\/2023\/07\/oggi.png'><img loading=\"lazy\" decoding=\"async\" width=\"273\" height=\"196\" src=\"https:\/\/www.radiopiu.net\/wordpress\/wp-content\/uploads\/2023\/07\/oggi.png\" class=\"attachment-medium size-medium\" alt=\"\" aria-describedby=\"gallery-3-342761\" \/><\/a>\n\t\t\t\t<\/dt>\n\t\t\t\t\t<dd class='wp-caption-text gallery-caption' id='gallery-3-342761'>\n\t\t\t\t\tOGGI\n\t\t\t\t\t<\/dd><\/dl><br style=\"clear: both\" \/>\n\t\t\t<\/div>\n\n<blockquote>\n<h3><\/h3>\n<h3>L&#8217;ESTATE DEI MERCATINI AD AGORDO<\/h3>\n<\/blockquote>\n<p><strong>AGORDO<\/strong> Tornano i mercatini d&#8217;estate ad Agordo. Il primo appuntamento domenica 23 luglio dalle 6 alle 19 sul Broi di Agordo con il mercatino dell&#8217;antiquariato. Per informazioni 349 3984682<\/p>\n<p>&nbsp;<\/p>\n<h2><span style=\"color: #ff0000;\">PROSSIMAMENTE&#8230;\u00a0<\/span><\/h2>\n<blockquote>\n<h3>LA PASTASCIUTTA ANTIFASCISTA A BUSCHE<\/h3>\n<\/blockquote>\n<p><strong>CESIOMAGGIORE<\/strong> Sar\u00e0 Busche ad ospitare la pastasciutta antifascista 2023. Marted\u00ec 25 luglio a partire dalle 14:30 inizia la festa. Alle 15 lo spettacolo di burattini, alle 16 Fast Fashion con gli studenti di Rete Studenti Medi, a seguire il convegno dal titolo &#8220;Democratica, Artificiale e Intelligente?&#8221;. Alle 19:15 si pranza con la pastasciutta gratuita per tutti e musica con Sandro Del Luca e Nelson Salton. Organizzano SPI CGIL, Comune di Cesiomaggiore e Ulss 1 Dolomiti.<\/p>\n<p>&nbsp;<\/p>\n<blockquote>\n<h3>TALK CRISTIANO AD AGORDO<\/h3>\n<p><strong>L&#8217;INVITO DI CRISTINA<\/strong><\/p>\n<audio class=\"wp-audio-shortcode\" id=\"audio-344442-8\" preload=\"none\" style=\"width: 100%;\" controls=\"controls\"><source type=\"audio\/mpeg\" src=\"https:\/\/www.radiopiu.net\/wordpress\/wp-content\/uploads\/2023\/07\/CRISTINA.mp3?_=8\" \/><a href=\"https:\/\/www.radiopiu.net\/wordpress\/wp-content\/uploads\/2023\/07\/CRISTINA.mp3\">https:\/\/www.radiopiu.net\/wordpress\/wp-content\/uploads\/2023\/07\/CRISTINA.mp3<\/a><\/audio><\/blockquote>\n<p><strong>AGORDO<\/strong> Domenica 30 luglio alle 18 al Centro Parrocchiale di Agordo un incontro dal titolo &#8220;Talk Cristiano, il significato della crocefissione di Ges\u00f9 Cristo<\/p>\n<p>&nbsp;<\/p>\n<blockquote>\n<h3>IL CORSO DI CALLIGRAFIA IN VAL DI ZOLDO<\/h3>\n<\/blockquote>\n<p><strong>VAL DI ZOLDO<\/strong><\/p>\n<p>Tra le proposte estive della Val di Zoldo c\u2019\u00e8 anche il Corso di Calligrafia &#8211; \u00c8 bello scrivere \u2013 che sar\u00e0 tenuto\u00a0 dalla prof. Anna Schettin, docente di Calligrafia e Lettering, sabato 29 e domenica 30 luglio, a Pieve di Zoldo. Per informazioni telefonare al numero 333 358 7405.<\/p>\n<p>&nbsp;<\/p>\n<p>&nbsp;<\/p>\n<hr \/>\n<p>&nbsp;<\/p>\n<blockquote>\n<h3>APERITIVO ? MA MAI SENZA MUSICA<\/h3>\n<\/blockquote>\n<p><a class=\"dt-pswp-item\" href=\"https:\/\/www.radiopiu.net\/wordpress\/wp-content\/uploads\/2023\/07\/d86dbc06-7161-49d4-b544-90770e85269f.jpg\" data-dt-img-description=\"\" data-large_image_width=\"1448\" data-large_image_height=\"2048\"><img loading=\"lazy\" decoding=\"async\" class=\" wp-image-342766 alignleft\" src=\"https:\/\/www.radiopiu.net\/wordpress\/wp-content\/uploads\/2023\/07\/d86dbc06-7161-49d4-b544-90770e85269f-212x300.jpg\" alt=\"\" width=\"133\" height=\"189\" srcset=\"https:\/\/www.radiopiu.net\/wordpress\/wp-content\/uploads\/2023\/07\/d86dbc06-7161-49d4-b544-90770e85269f-212x300.jpg 212w, https:\/\/www.radiopiu.net\/wordpress\/wp-content\/uploads\/2023\/07\/d86dbc06-7161-49d4-b544-90770e85269f-724x1024.jpg 724w, https:\/\/www.radiopiu.net\/wordpress\/wp-content\/uploads\/2023\/07\/d86dbc06-7161-49d4-b544-90770e85269f-768x1086.jpg 768w, https:\/\/www.radiopiu.net\/wordpress\/wp-content\/uploads\/2023\/07\/d86dbc06-7161-49d4-b544-90770e85269f-1086x1536.jpg 1086w, https:\/\/www.radiopiu.net\/wordpress\/wp-content\/uploads\/2023\/07\/d86dbc06-7161-49d4-b544-90770e85269f.jpg 1448w\" sizes=\"auto, (max-width: 133px) 100vw, 133px\" \/><\/a>Dimentica la routine, concediti un momento di relax e divertimento con amici e familiari. L&#8217;aperitivo in musica all&#8217;Hotel Stella Alpina in piazza a Falcade \u00e8 l&#8217;occasione perfetta per socializzare e creare ricordi preziosi.Ogni venerd\u00ec di luglio ed agosto, l&#8217;Hotel Stella Alpina vi accoglie per una serata di puro divertimento, dalle 18 alle 21. I\u00a0venerdi di luglio ed agosto allo Stella alpina, appuntamento con la buona musica e le specialit\u00e0 che sapranno deliziarvi il palato. INFO 0437 599046. <a class=\"moz-txt-link-abbreviated\" href=\"http:\/\/WWW.HOTEL\">WWW.HOTEL<\/a> STELLA ALPINA . COM<br \/>\n<strong>VENERDI 21 LUGLIO<\/strong> IL RITORNO DEI JPM, saranno serviti PANINI CON PORCHETTA E SALSA COLESLAW<\/p>\n<p>&nbsp;<\/p>\n<p>&nbsp;<\/p>\n<p>&nbsp;<\/p>\n<hr \/>\n<p>&nbsp;<\/p>\n<h2><strong><a class=\"dt-pswp-item\" href=\"https:\/\/www.radiopiu.net\/wordpress\/wp-content\/uploads\/2019\/05\/LA-VALLE-EZIO-ZUANEL.jpeg\" data-dt-img-description=\"\" data-large_image_width=\"1600\" data-large_image_height=\"901\"><img loading=\"lazy\" decoding=\"async\" class=\" wp-image-86466 alignleft\" src=\"https:\/\/www.radiopiu.net\/wordpress\/wp-content\/uploads\/2019\/05\/LA-VALLE-EZIO-ZUANEL-300x169.jpeg\" alt=\"\" width=\"162\" height=\"91\" srcset=\"https:\/\/www.radiopiu.net\/wordpress\/wp-content\/uploads\/2019\/05\/LA-VALLE-EZIO-ZUANEL-300x169.jpeg 300w, https:\/\/www.radiopiu.net\/wordpress\/wp-content\/uploads\/2019\/05\/LA-VALLE-EZIO-ZUANEL-768x432.jpeg 768w, https:\/\/www.radiopiu.net\/wordpress\/wp-content\/uploads\/2019\/05\/LA-VALLE-EZIO-ZUANEL-1024x577.jpeg 1024w, https:\/\/www.radiopiu.net\/wordpress\/wp-content\/uploads\/2019\/05\/LA-VALLE-EZIO-ZUANEL.jpeg 1600w\" sizes=\"auto, (max-width: 162px) 100vw, 162px\" \/><\/a><\/strong><span style=\"color: #008080;\">LA RASSEGNA STAMPA DA L&#8217;AMICO DEL POPOLO<\/span><\/h2>\n<p><strong>DI GIANNI SANTOMASO<\/strong><\/p>\n<p>OSPITE: Ezio Zuanel, sindaco di La Valle Agordina<\/p>\n<audio class=\"wp-audio-shortcode\" id=\"audio-344442-9\" preload=\"none\" style=\"width: 100%;\" controls=\"controls\"><source type=\"audio\/mpeg\" src=\"https:\/\/www.radiopiu.net\/wordpress\/wp-content\/uploads\/2023\/07\/RASSEGNA-GIANNI-2.mp3?_=9\" \/><a href=\"https:\/\/www.radiopiu.net\/wordpress\/wp-content\/uploads\/2023\/07\/RASSEGNA-GIANNI-2.mp3\">https:\/\/www.radiopiu.net\/wordpress\/wp-content\/uploads\/2023\/07\/RASSEGNA-GIANNI-2.mp3<\/a><\/audio>\n<p>&nbsp;<\/p>\n<hr \/>\n<p>&nbsp;<\/p>\n<div dir=\"auto\">\n<div class=\"message spoilers-container\" dir=\"auto\">\n<div>\n<div class=\"b654a4as d2edcug0\">\n<div class=\"rq0escxv hkbzh7o3 jwdofwj8 n8tt0mok r8blr3vg hyh9befq\"><\/div>\n<\/div>\n<\/div>\n<\/div>\n<\/div>\n<div class=\"message spoilers-container\" dir=\"auto\">\n<div class=\"column\">\n<div class=\"message spoilers-container\" dir=\"auto\">\n<div class=\"column\">\n<blockquote class=\"wp-embedded-content\" data-secret=\"KnzPe4FOYG\"><p><a href=\"https:\/\/www.radiopiu.net\/wordpress\/il-viaggio-in-terra-irlandese-con-claudia-lavventura-e-terminata\/\">IL VIAGGIO IN TERRA IRLANDESE con Claudia L&#8217;AVVENTURA E&#8217; TERMINATA<\/a><\/p><\/blockquote>\n<p><iframe loading=\"lazy\" class=\"wp-embedded-content\" sandbox=\"allow-scripts\" security=\"restricted\" style=\"position: absolute; clip: rect(1px, 1px, 1px, 1px);\" title=\"&#8220;IL VIAGGIO IN TERRA IRLANDESE con Claudia L&#8217;AVVENTURA E&#8217; TERMINATA&#8221; &#8212; Radio Pi\u00f9\" src=\"https:\/\/www.radiopiu.net\/wordpress\/il-viaggio-in-terra-irlandese-con-claudia-lavventura-e-terminata\/embed\/#?secret=mDiiJcDKzd#?secret=KnzPe4FOYG\" data-secret=\"KnzPe4FOYG\" width=\"600\" height=\"338\" frameborder=\"0\" marginwidth=\"0\" marginheight=\"0\" scrolling=\"no\"><\/iframe><\/p>\n<p>&nbsp;<\/p>\n<hr \/>\n<p>&nbsp;<\/p>\n<p><img loading=\"lazy\" decoding=\"async\" class=\"aligncenter wp-image-61954 size-full\" src=\"https:\/\/www.radiopiu.net\/wordpress\/wp-content\/uploads\/2018\/09\/viabilita.jpeg\" sizes=\"auto, (max-width: 800px) 100vw, 800px\" srcset=\"https:\/\/www.radiopiu.net\/wordpress\/wp-content\/uploads\/2018\/09\/viabilita.jpeg 800w, https:\/\/www.radiopiu.net\/wordpress\/wp-content\/uploads\/2018\/09\/viabilita-300x38.jpeg 300w, https:\/\/www.radiopiu.net\/wordpress\/wp-content\/uploads\/2018\/09\/viabilita-768x96.jpeg 768w\" alt=\"\" width=\"800\" height=\"100\" \/><\/p>\n<\/div>\n<\/div>\n<div class=\"message spoilers-container\" dir=\"auto\">\n<div class=\"column\">\n<p>&nbsp;<\/p>\n<\/div>\n<\/div>\n<\/div>\n<\/div>\n<blockquote class=\"wp-embedded-content\" data-secret=\"2b4u84ul63\"><p><a href=\"https:\/\/www.radiopiu.net\/wordpress\/viabilita\/\">viabilita<\/a><\/p><\/blockquote>\n<p><iframe loading=\"lazy\" class=\"wp-embedded-content\" sandbox=\"allow-scripts\" security=\"restricted\" style=\"position: absolute; clip: rect(1px, 1px, 1px, 1px);\" title=\"&#8220;viabilita&#8221; &#8212; Radio Pi\u00f9\" src=\"https:\/\/www.radiopiu.net\/wordpress\/viabilita\/embed\/#?secret=q5uKSU3dXe#?secret=2b4u84ul63\" data-secret=\"2b4u84ul63\" width=\"600\" height=\"338\" frameborder=\"0\" marginwidth=\"0\" marginheight=\"0\" scrolling=\"no\"><\/iframe><\/p>\n<div class=\"message spoilers-container\" dir=\"auto\">\n<div class=\"column\">\n<div class=\"message spoilers-container\" dir=\"auto\">\n<div class=\"column\">\n<div>\n<div dir=\"ltr\">\n<div class=\"gmail_quote\">\n<div dir=\"ltr\">\n<div><\/div>\n<div>\n<hr \/>\n<\/div>\n<div><a class=\"dt-pswp-item\" href=\"https:\/\/www.radiopiu.net\/wordpress\/wp-content\/uploads\/2023\/06\/07493af4-f8e1-4ce3-bb99-e0a40362939f.jpg\" data-dt-img-description=\"\" data-large_image_width=\"1417\" data-large_image_height=\"1481\"><img loading=\"lazy\" decoding=\"async\" class=\"wp-image-339869 aligncenter\" src=\"https:\/\/www.radiopiu.net\/wordpress\/wp-content\/uploads\/2023\/06\/07493af4-f8e1-4ce3-bb99-e0a40362939f-980x1024.jpg\" alt=\"\" width=\"382\" height=\"399\" srcset=\"https:\/\/www.radiopiu.net\/wordpress\/wp-content\/uploads\/2023\/06\/07493af4-f8e1-4ce3-bb99-e0a40362939f-980x1024.jpg 980w, https:\/\/www.radiopiu.net\/wordpress\/wp-content\/uploads\/2023\/06\/07493af4-f8e1-4ce3-bb99-e0a40362939f-287x300.jpg 287w, https:\/\/www.radiopiu.net\/wordpress\/wp-content\/uploads\/2023\/06\/07493af4-f8e1-4ce3-bb99-e0a40362939f-768x803.jpg 768w, https:\/\/www.radiopiu.net\/wordpress\/wp-content\/uploads\/2023\/06\/07493af4-f8e1-4ce3-bb99-e0a40362939f.jpg 1417w\" sizes=\"auto, (max-width: 382px) 100vw, 382px\" \/><\/a><\/div>\n<div><\/div>\n<\/div>\n<\/div>\n<\/div>\n<\/div>\n<hr \/>\n<p>&nbsp;<\/p>\n<p><a class=\"dt-pswp-item\" href=\"https:\/\/www.radiopiu.net\/wordpress\/wp-content\/uploads\/2018\/09\/WhatsApp-Image-2018-09-20-at-16.04.06.jpeg\" data-dt-img-description=\"\" data-large_image_width=\"800\" data-large_image_height=\"100\"><img loading=\"lazy\" decoding=\"async\" class=\"wp-image-61378 size-full aligncenter\" src=\"https:\/\/www.radiopiu.net\/wordpress\/wp-content\/uploads\/2018\/09\/WhatsApp-Image-2018-09-20-at-16.04.06.jpeg\" alt=\"\" width=\"800\" height=\"100\" srcset=\"https:\/\/www.radiopiu.net\/wordpress\/wp-content\/uploads\/2018\/09\/WhatsApp-Image-2018-09-20-at-16.04.06.jpeg 800w, https:\/\/www.radiopiu.net\/wordpress\/wp-content\/uploads\/2018\/09\/WhatsApp-Image-2018-09-20-at-16.04.06-300x38.jpeg 300w, https:\/\/www.radiopiu.net\/wordpress\/wp-content\/uploads\/2018\/09\/WhatsApp-Image-2018-09-20-at-16.04.06-768x96.jpeg 768w\" sizes=\"auto, (max-width: 800px) 100vw, 800px\" \/><\/a><\/p>\n<\/div>\n<\/div>\n<div class=\"message spoilers-container\" dir=\"auto\">\n<p>&nbsp;<\/p>\n<p><center><\/center><center><b>OGGI<\/b><\/center>Tempo perlopi\u00f9 soleggiato con cielo sereno o poco nuvoloso al mattino, poco nuvoloso per modesti cumuli al pomeriggio, anche se localmente lo sviluppo dei cumuli sar\u00e0 moderato con cielo anche parzialmente nuvoloso, ma l&#8217;insidia di qualche fenomeno convettivo, eventualmente pi\u00f9 probabile sulle Dolomiti, rimarr\u00e0 ancora bassa. L&#8217;ondata di calore raggiunger\u00e0 probabilmente il suo apice.<br \/>\n<b>Precipitazioni: <\/b>Assenti al mattino (0%); al pomeriggio\/sera non si potr\u00e0 escludere la possibilit\u00e0 di qualche isolato temporale di calore, specie sulle Dolomiti (20\/40%), meno probabile sulle Prealpi (10\/30%). Non esclusi locali fenomeni intensi.<br \/>\n<b>Temperature: <\/b>Minime stazionarie, massime in ulteriore lieve aumento. Forte disagio da calore nei fondovalle prealpini. \u00ec<\/p>\n<hr \/>\n<p><center><b>DOMANI<\/b><\/center>Nella notte possibile instabilit\u00e0 seguita da schiarite in mattinata. Dalle ore centrali e nel pomeriggio\/sera sviluppo di nubi cumuliformi a tratti anche moderato.<br \/>\n<b>Precipitazioni: <\/b>Nella notte possibili rovesci e temporali sparsi su Dolomiti (30-50%), meno probabili su Prealpi; in mattinata poco probabile qualche residuo fenomeno (10%). Nel pomeriggio\/sera nuovo aumento della probabilit\u00e0 di rovesci o temporali sparsi (20-40%) in trasferimento da Dolomiti a Prealpi. Possibili fenomeni di forte intensit\u00e0.<br \/>\n<b>Temperature: <\/b>Le temperature subiranno una lieve flessione in quota, mentre continuer\u00e0 a fare molto caldo nelle valli prealpine, sebbene con un lieve calo rispetto a marted\u00ec. Forte disagio da calore nei fondovalle prealpini.\u00ec<\/p>\n<hr \/>\n<p><center><b>GIOVEDI<\/b><\/center>Tempo variabile, a tratti instabile, con nuvolosit\u00e0 irregolare alternata a schiarite anche ampie. La probabilit\u00e0 di rovesci o temporali, sebbene pi\u00f9 elevata al pomeriggio\/sera, non sar\u00e0 esclusa nemmeno nelle ore notturne e mattutine. Possibili fenomeni di forte intensit\u00e0. Temperature in generale calo specie le massime.<\/p>\n<hr \/>\n<p><center><b>VENERDI<\/b><\/center>Variabile a tratti instabile con annuvolamenti e schiarite. Possibili rovesci o temporali sparsi sia durante la notte e poi tra pomeriggio e sera, pi\u00f9 probabili su Prealpi dove potranno risultare di forte intensit\u00e0. Temperature in generale ulteriore calo.<\/p>\n<p>&nbsp;<\/p>\n<\/div>\n<div class=\"message spoilers-container\" dir=\"auto\">\n<hr \/>\n<p>&nbsp;<\/p>\n<p><a class=\"dt-pswp-item\" href=\"https:\/\/www.radiopiu.net\/wordpress\/wp-content\/uploads\/2018\/09\/sport.jpg\" data-dt-img-description=\"\" data-large_image_width=\"800\" data-large_image_height=\"100\"><img loading=\"lazy\" decoding=\"async\" class=\"aligncenter wp-image-60761 size-full\" src=\"https:\/\/www.radiopiu.net\/wordpress\/wp-content\/uploads\/2018\/09\/sport.jpg\" alt=\"\" width=\"800\" height=\"100\" srcset=\"https:\/\/www.radiopiu.net\/wordpress\/wp-content\/uploads\/2018\/09\/sport.jpg 800w, https:\/\/www.radiopiu.net\/wordpress\/wp-content\/uploads\/2018\/09\/sport-300x38.jpg 300w, https:\/\/www.radiopiu.net\/wordpress\/wp-content\/uploads\/2018\/09\/sport-768x96.jpg 768w\" sizes=\"auto, (max-width: 800px) 100vw, 800px\" \/><\/a><\/p>\n<\/div>\n<div class=\"message spoilers-container\" dir=\"auto\">\n<p>&nbsp;<\/p>\n<blockquote>\n<h2>IERI SERA ALLA RADIO<\/h2>\n<\/blockquote>\n<p><iframe loading=\"lazy\" title=\"CAMPIONATO AGORDINO SHOW 7\" width=\"1200\" height=\"675\" src=\"https:\/\/www.youtube.com\/embed\/AFo-vPOzuvI?feature=oembed\" frameborder=\"0\" allow=\"accelerometer; autoplay; clipboard-write; encrypted-media; gyroscope; picture-in-picture; web-share\" allowfullscreen><\/iframe><\/p>\n<p>&nbsp;<\/p>\n<blockquote>\n<h3>10 SETTEMBRE, LA 16 COMUNI. PERCORSI DA PROVARE<\/h3>\n<\/blockquote>\n<p><strong>DI GIANNI SANTOMASO<\/strong><\/p>\n<audio class=\"wp-audio-shortcode\" id=\"audio-344442-10\" preload=\"none\" style=\"width: 100%;\" controls=\"controls\"><source type=\"audio\/mpeg\" src=\"https:\/\/www.radiopiu.net\/wordpress\/wp-content\/uploads\/2023\/07\/GIANNI-16-COMUNI.mp3?_=10\" \/><a href=\"https:\/\/www.radiopiu.net\/wordpress\/wp-content\/uploads\/2023\/07\/GIANNI-16-COMUNI.mp3\">https:\/\/www.radiopiu.net\/wordpress\/wp-content\/uploads\/2023\/07\/GIANNI-16-COMUNI.mp3<\/a><\/audio>\n<p>&nbsp;<\/p>\n\n\t\t\t<style type='text\/css'>\n\t\t\t\t#gallery-4 {\n\t\t\t\t\tmargin: auto;\n\t\t\t\t}\n\t\t\t\t#gallery-4 .gallery-item {\n\t\t\t\t\tfloat: left;\n\t\t\t\t\tmargin-top: 10px;\n\t\t\t\t\ttext-align: center;\n\t\t\t\t\twidth: 50%;\n\t\t\t\t}\n\t\t\t\t#gallery-4 img {\n\t\t\t\t\tborder: 2px solid #cfcfcf;\n\t\t\t\t}\n\t\t\t\t#gallery-4 .gallery-caption {\n\t\t\t\t\tmargin-left: 0;\n\t\t\t\t}\n\t\t\t\t\/* see gallery_shortcode() in wp-includes\/media.php *\/\n\t\t\t<\/style>\n\t\t<div id='gallery-4' class='dt-gallery-container gallery galleryid-344442 gallery-columns-2 gallery-size-medium'><dl class='gallery-item'>\n\t\t\t\t<dt class='gallery-icon landscape'>\n\t\t\t\t\t<a class=\"rollover rollover-zoom dt-pswp-item\" title=\"2577adbd-b306-46fc-a351-43adfac3f7e7\" data-dt-img-description=\"\" data-large_image_width=\"1600\" data-large_image_height=\"1200\"href='https:\/\/www.radiopiu.net\/wordpress\/wp-content\/uploads\/2023\/07\/2577adbd-b306-46fc-a351-43adfac3f7e7.jpg'><img loading=\"lazy\" decoding=\"async\" width=\"300\" height=\"225\" src=\"https:\/\/www.radiopiu.net\/wordpress\/wp-content\/uploads\/2023\/07\/2577adbd-b306-46fc-a351-43adfac3f7e7-300x225.jpg\" class=\"attachment-medium size-medium\" alt=\"\" srcset=\"https:\/\/www.radiopiu.net\/wordpress\/wp-content\/uploads\/2023\/07\/2577adbd-b306-46fc-a351-43adfac3f7e7-300x225.jpg 300w, https:\/\/www.radiopiu.net\/wordpress\/wp-content\/uploads\/2023\/07\/2577adbd-b306-46fc-a351-43adfac3f7e7-1024x768.jpg 1024w, https:\/\/www.radiopiu.net\/wordpress\/wp-content\/uploads\/2023\/07\/2577adbd-b306-46fc-a351-43adfac3f7e7-768x576.jpg 768w, https:\/\/www.radiopiu.net\/wordpress\/wp-content\/uploads\/2023\/07\/2577adbd-b306-46fc-a351-43adfac3f7e7-1536x1152.jpg 1536w, https:\/\/www.radiopiu.net\/wordpress\/wp-content\/uploads\/2023\/07\/2577adbd-b306-46fc-a351-43adfac3f7e7.jpg 1600w\" sizes=\"auto, (max-width: 300px) 100vw, 300px\" \/><\/a>\n\t\t\t\t<\/dt><\/dl><dl class='gallery-item'>\n\t\t\t\t<dt class='gallery-icon portrait'>\n\t\t\t\t\t<a class=\"rollover rollover-zoom dt-pswp-item\" title=\"9822fb72-f640-464e-9608-a0a57a3cc149\" data-dt-img-description=\"\" data-large_image_width=\"1134\" data-large_image_height=\"2016\"href='https:\/\/www.radiopiu.net\/wordpress\/wp-content\/uploads\/2023\/07\/9822fb72-f640-464e-9608-a0a57a3cc149.jpg'><img loading=\"lazy\" decoding=\"async\" width=\"169\" height=\"300\" src=\"https:\/\/www.radiopiu.net\/wordpress\/wp-content\/uploads\/2023\/07\/9822fb72-f640-464e-9608-a0a57a3cc149-169x300.jpg\" class=\"attachment-medium size-medium\" alt=\"\" srcset=\"https:\/\/www.radiopiu.net\/wordpress\/wp-content\/uploads\/2023\/07\/9822fb72-f640-464e-9608-a0a57a3cc149-169x300.jpg 169w, https:\/\/www.radiopiu.net\/wordpress\/wp-content\/uploads\/2023\/07\/9822fb72-f640-464e-9608-a0a57a3cc149-576x1024.jpg 576w, https:\/\/www.radiopiu.net\/wordpress\/wp-content\/uploads\/2023\/07\/9822fb72-f640-464e-9608-a0a57a3cc149-768x1365.jpg 768w, https:\/\/www.radiopiu.net\/wordpress\/wp-content\/uploads\/2023\/07\/9822fb72-f640-464e-9608-a0a57a3cc149-864x1536.jpg 864w, https:\/\/www.radiopiu.net\/wordpress\/wp-content\/uploads\/2023\/07\/9822fb72-f640-464e-9608-a0a57a3cc149.jpg 1134w\" sizes=\"auto, (max-width: 169px) 100vw, 169px\" \/><\/a>\n\t\t\t\t<\/dt><\/dl><br style=\"clear: both\" \/>\n\t\t\t<\/div>\n\n<p>&nbsp;<\/p>\n<p>&nbsp;<\/p>\n<p><span style=\"color: #0000ff;\"><strong>PALLAVOLO<\/strong><\/span><\/p>\n<p>&nbsp;<\/p>\n<p><a class=\"dt-pswp-item\" href=\"https:\/\/www.radiopiu.net\/wordpress\/wp-content\/uploads\/2023\/07\/Simone-Orto.jpg\" data-dt-img-description=\"VOLLEY PALLAVOLO. Consar RCM Ravenna - Pool Libertas Cant\u00f9 1-3.\" data-large_image_width=\"1125\" data-large_image_height=\"1017\"><img loading=\"lazy\" decoding=\"async\" class=\" wp-image-344536 alignleft\" src=\"https:\/\/www.radiopiu.net\/wordpress\/wp-content\/uploads\/2023\/07\/Simone-Orto-300x271.jpg\" alt=\"\" width=\"156\" height=\"141\" srcset=\"https:\/\/www.radiopiu.net\/wordpress\/wp-content\/uploads\/2023\/07\/Simone-Orto-300x271.jpg 300w, https:\/\/www.radiopiu.net\/wordpress\/wp-content\/uploads\/2023\/07\/Simone-Orto-1024x926.jpg 1024w, https:\/\/www.radiopiu.net\/wordpress\/wp-content\/uploads\/2023\/07\/Simone-Orto-768x694.jpg 768w, https:\/\/www.radiopiu.net\/wordpress\/wp-content\/uploads\/2023\/07\/Simone-Orto.jpg 1125w\" sizes=\"auto, (max-width: 156px) 100vw, 156px\" \/><\/a><\/p>\n<p><b>Simone Orto, un libero fra le Dolomiti: lo manda coach Bonitta\u00a0<\/b><\/p>\n<p>DI DANIELE DALVIT<\/p>\n<audio class=\"wp-audio-shortcode\" id=\"audio-344442-11\" preload=\"none\" style=\"width: 100%;\" controls=\"controls\"><source type=\"audio\/mpeg\" src=\"https:\/\/www.radiopiu.net\/wordpress\/wp-content\/uploads\/2023\/07\/Radio-Piu-Servizio-Orto-Belluno-Volley.mp3?_=11\" \/><a href=\"https:\/\/www.radiopiu.net\/wordpress\/wp-content\/uploads\/2023\/07\/Radio-Piu-Servizio-Orto-Belluno-Volley.mp3\">https:\/\/www.radiopiu.net\/wordpress\/wp-content\/uploads\/2023\/07\/Radio-Piu-Servizio-Orto-Belluno-Volley.mp3<\/a><\/audio>\n<p>&nbsp;<\/p>\n<p>&nbsp;<\/p>\n<p><span style=\"color: #0000ff;\"><strong>CALCIO<\/strong><\/span><\/p>\n<blockquote>\n<h3>TUTTO PRONTO PER IL PENULTIMO ATTO DEL CAMPIONATO AGORDINO DI CALCIO<\/h3>\n<\/blockquote>\n<p><strong><a class=\"dt-pswp-item\" href=\"https:\/\/www.radiopiu.net\/wordpress\/wp-content\/uploads\/2023\/07\/VOLTAGO-2023.jpg\" data-dt-img-description=\"\" data-large_image_width=\"1600\" data-large_image_height=\"1200\"><img loading=\"lazy\" decoding=\"async\" class=\" wp-image-344485 alignleft\" src=\"https:\/\/www.radiopiu.net\/wordpress\/wp-content\/uploads\/2023\/07\/VOLTAGO-2023-300x225.jpg\" alt=\"\" width=\"156\" height=\"117\" srcset=\"https:\/\/www.radiopiu.net\/wordpress\/wp-content\/uploads\/2023\/07\/VOLTAGO-2023-300x225.jpg 300w, https:\/\/www.radiopiu.net\/wordpress\/wp-content\/uploads\/2023\/07\/VOLTAGO-2023-1024x768.jpg 1024w, https:\/\/www.radiopiu.net\/wordpress\/wp-content\/uploads\/2023\/07\/VOLTAGO-2023-768x576.jpg 768w, https:\/\/www.radiopiu.net\/wordpress\/wp-content\/uploads\/2023\/07\/VOLTAGO-2023-1536x1152.jpg 1536w, https:\/\/www.radiopiu.net\/wordpress\/wp-content\/uploads\/2023\/07\/VOLTAGO-2023.jpg 1600w\" sizes=\"auto, (max-width: 156px) 100vw, 156px\" \/><\/a>di Marco Gaz<\/strong><\/p>\n<p><strong>REDAZIONE<\/strong> Con i quarti di finale di Voltago e Gosaldo si sono definite le quattro squadre che domenica prossima a La Valle si giocheranno il tutto per tutto per arrivare giocare la finalissima in programma il 30 luglio a Boscoverde di Rocca Pietore. Taibon, Vallada, Le Ville e Voltago (foto). La partita pi\u00f9 emozionante \u00e8 stata senza dubbio la prima di Voltago dove il Le Ville ha dominato per 60&#8242; con il Fodom per poi addormentarsi negli ultimi minuti subendo due gol in rapida successioni con gli orsetti che l&#8217;hanno provate tutte per pareggiare i conti. Il Voltago ha faticato con il Canale. La squadra della Valle del Biois \u00e8 riuscita a fare paura nel primo tempo, poi la reazione dei campioni in carica nella ripresa con due reti in successione e il Canale che accorcia in pieno recupero. Il Vallada \u00e8 la sorpresa del Memorial Attilio Moretti. I ragazzi di Tarquini hanno strappato il pass per la semifinale di domenica dopo aver superato di misura il La Valle con il gol del solito Roberto Piaz. Il Taibon mette le cose in chiaro a Gosaldo e calando il poker contro i gosaldini. Una sfida rimasta in bilico per 60&#8242; ma poi i taiboner sono riusciti a mettere al sicuro il risultato. Domenica a La Valle le due partite valide per le semifinali del Campionato Agordino: Vallada &#8211; Taibon e Le Ville &#8211; Voltago.<\/p>\n<p>&nbsp;<\/p>\n<p><span style=\"color: #0000ff;\"><strong>NUOTO<\/strong><\/span><\/p>\n<blockquote>\n<h3>OPEN WATER: MATTEO SOGNE CENTRA LA TOP TEN AI CAMPIONATI ITALIANI MASTER DI PIOMBINO<\/h3>\n<\/blockquote>\n<p><strong><a class=\"dt-pswp-item\" href=\"https:\/\/www.radiopiu.net\/wordpress\/wp-content\/uploads\/2023\/07\/Matteo_Sogne_a_Piombino.jpg\" data-dt-img-description=\"\" data-large_image_width=\"1244\" data-large_image_height=\"1112\"><img loading=\"lazy\" decoding=\"async\" class=\" wp-image-344476 alignleft\" src=\"https:\/\/www.radiopiu.net\/wordpress\/wp-content\/uploads\/2023\/07\/Matteo_Sogne_a_Piombino-300x268.jpg\" alt=\"\" width=\"135\" height=\"121\" srcset=\"https:\/\/www.radiopiu.net\/wordpress\/wp-content\/uploads\/2023\/07\/Matteo_Sogne_a_Piombino-300x268.jpg 300w, https:\/\/www.radiopiu.net\/wordpress\/wp-content\/uploads\/2023\/07\/Matteo_Sogne_a_Piombino-1024x915.jpg 1024w, https:\/\/www.radiopiu.net\/wordpress\/wp-content\/uploads\/2023\/07\/Matteo_Sogne_a_Piombino-768x687.jpg 768w, https:\/\/www.radiopiu.net\/wordpress\/wp-content\/uploads\/2023\/07\/Matteo_Sogne_a_Piombino.jpg 1244w\" sizes=\"auto, (max-width: 135px) 100vw, 135px\" \/><\/a>BELLUNO <\/strong>Matteo Sogne recita da protagonista ai Campionati italiani Master di nuoto in acque libere, andati in scena a Piombino. Il portacolori della Sportivamente Belluno \u00e8 riuscito a entrare nella top ten di categoria della prova sui 5 chilometri. E si \u00e8 classificato all\u2019undicesimo posto nella gara di 3 chilometri. Tutto ci\u00f2 in un contesto di altissimo livello, e di respiro nazionale, caratterizzato dalla presenza di oltre 1.200 fra i migliori interpreti della disciplina legata al mondo dell\u2019Open Water. Fra i Master 40, Sogne ha completato i 5mila metri, a suon di bracciate, in 1h09\u2019342, mentre i 3mila metri li ha chiusi in 42\u201944\u201d. Tempi di tutto rispetto, specialmente se si considera che gli organizzatori sono stati costretti a spostare a Baratti la prova dei 5 km a causa del mare grosso. \u00abTre giorni splendidi &#8211; \u00e8 il commento dell\u2019atleta legato alla Sportivamente Belluno &#8211; trascorsi in una location splendida. Piombino \u00e8 ormai la patria del nuoto in acque libere, avendo ospitato i Campionati italiani Assoluti e Master e il Trofeo delle Regioni: di fatto, hanno gareggiato tutte le fasce d\u2019et\u00e0. I miei risultati? Posso essere soddisfatto\u00bb.<\/p>\n<\/div>\n<\/div>\n<\/div>\n","protected":false},"excerpt":{"rendered":"<p>40esimo di RADIOPIU\u2026. LA VOCE DELL\u2019EMOZIONE ISCRIVITI AL NOSTRO CANALE\u00a0\u00a0YOUTUBE PER SEGUIRE IN DIRETTA I PRINCIPALI PROGRAMMI DI RADIO PIU\u2019 E LE FUTURE DIRETTE IN ESTERNA. PER ISCRIVERTI\u00a0CLICCA QUI\u00a0E PREMI\u00a0 \u201cIscriviti\u201d\u00a0 &nbsp; &nbsp; &nbsp; SABATO STRADA CHIUSA PER GARA CICLISTICA SOSPIROLO Sabato dalle 8:45 alle 19 la SP 12 tra Sospirolo, Paderno, Dussano e Ponte&hellip;<\/p>\n","protected":false},"author":4,"featured_media":344560,"comment_status":"closed","ping_status":"closed","sticky":false,"template":"","format":"standard","meta":{"_monsterinsights_skip_tracking":false,"_monsterinsights_sitenote_active":false,"_monsterinsights_sitenote_note":"","_monsterinsights_sitenote_category":0,"footnotes":""},"categories":[51,86,49],"tags":[],"class_list":["post-344442","post","type-post","status-publish","format-standard","has-post-thumbnail","hentry","category-evidenza-top","category-gr","category-news-18","category-51","category-86","category-49","description-off"],"img_url":"https:\/\/www.radiopiu.net\/wordpress\/wp-content\/uploads\/2023\/07\/Senza-nome-41.png","_links":{"self":[{"href":"https:\/\/www.radiopiu.net\/wordpress\/wp-json\/wp\/v2\/posts\/344442","targetHints":{"allow":["GET"]}}],"collection":[{"href":"https:\/\/www.radiopiu.net\/wordpress\/wp-json\/wp\/v2\/posts"}],"about":[{"href":"https:\/\/www.radiopiu.net\/wordpress\/wp-json\/wp\/v2\/types\/post"}],"author":[{"embeddable":true,"href":"https:\/\/www.radiopiu.net\/wordpress\/wp-json\/wp\/v2\/users\/4"}],"replies":[{"embeddable":true,"href":"https:\/\/www.radiopiu.net\/wordpress\/wp-json\/wp\/v2\/comments?post=344442"}],"version-history":[{"count":0,"href":"https:\/\/www.radiopiu.net\/wordpress\/wp-json\/wp\/v2\/posts\/344442\/revisions"}],"wp:featuredmedia":[{"embeddable":true,"href":"https:\/\/www.radiopiu.net\/wordpress\/wp-json\/wp\/v2\/media\/344560"}],"wp:attachment":[{"href":"https:\/\/www.radiopiu.net\/wordpress\/wp-json\/wp\/v2\/media?parent=344442"}],"wp:term":[{"taxonomy":"category","embeddable":true,"href":"https:\/\/www.radiopiu.net\/wordpress\/wp-json\/wp\/v2\/categories?post=344442"},{"taxonomy":"post_tag","embeddable":true,"href":"https:\/\/www.radiopiu.net\/wordpress\/wp-json\/wp\/v2\/tags?post=344442"}],"curies":[{"name":"wp","href":"https:\/\/api.w.org\/{rel}","templated":true}]}}