{"id":344456,"date":"2023-07-17T10:00:29","date_gmt":"2023-07-17T08:00:29","guid":{"rendered":"https:\/\/www.radiopiu.net\/wordpress\/?p=344456"},"modified":"2023-07-17T10:00:48","modified_gmt":"2023-07-17T08:00:48","slug":"agordo-ecco-di-nuovo-i-mercatini-dell-antiquariato-e-del-collezionismo","status":"publish","type":"post","link":"https:\/\/www.radiopiu.net\/wordpress\/agordo-ecco-di-nuovo-i-mercatini-dell-antiquariato-e-del-collezionismo\/","title":{"rendered":"AGORDO: ECCO DI NUOVO I MERCATINI DELL\u2019ANTIQUARIATO E DEL COLLEZIONISMO"},"content":{"rendered":"<p><strong>di Giorgio Fontanive<\/strong><\/p>\n<p><strong>AGORDO <\/strong>Il Gruppo degli Amici dell\u2019Antiquariato ha organizzato anche quest\u2019anno i consueti mercatini ma, a differenza delle 12 edizioni precedenti nel 2023 avranno luogo solo nel capoluogo di vallata nelle giornate di <strong>domenica 23 luglio, sabato 12 e 26 agosto <\/strong>perch\u00e9, per ragioni che esulano dalla volont\u00e0 dei promotori, tutte le altre localit\u00e0 dell\u2019Agordino sono state escluse dalla programmazione! Lo sforzo \u00e8 stato quindi diretto sulla piazza di Agordo che, per contro, pu\u00f2 ospitare oltre 50 stand diventando, in montagna, un importante centro di riferimento per gli appassionati di oggettistica, materiali d\u2019epoca e vintage, piccolo antiquariato, modernariato, mobili, arte e collezionismo cartaceo, cartoline, dischi, libri, ceramiche, reperti vari, medaglistica, incisioni, monete, ecc. Cos\u00ec come accade a Tai di Cadore o Feltre nella nostra Provincia e come tante citt\u00e0 della pianura dove si ritrovano centinaia di hobbisti e commercianti creando appuntamenti che mobilitano migliaia e migliaia di persone (vedi piazzola sul Brenta con notevoli benefici anche per le casse comunali per l\u2019utilizzazione del suolo pubblico); senza dimenticare la vallate contermini di Primiero, Fiemme e Val Pusteria. Si potr\u00e0 aggiungere che il mercatino di Agordo con la pubblicit\u00e0 per la promozione della manifestazione (cartellonistica mirata sugli accessi, <em>spot <\/em>via etere, volantinaggio) crea un indotto non indifferente che pu\u00f2 raggiungere oltre 2000 presenze: un bel richiamo per le vie attorno al Br\u00f3i e per gli esercizi pubblici che vi gravitano. E senza creare competizione con l\u2019apparato commerciale locale perch\u00e9 i mercatini dell\u2019antiquariato intendono promuovere il collezionismo, la cultura dell\u2019oggetto antico e del riuso escludendo gli articoli legati ai mercati rionali settimanali. Per i\u00a0 potenziali visitatori sar\u00e0 utile consultare anche il sito <a href=\"http:\/\/www.mercatinidimontagna.it\/\">www.mercatinidimontagna.it<\/a>. Da non mancare quindi!<\/p>\n<p>&nbsp;<\/p>\n\n\t\t\t<style type='text\/css'>\n\t\t\t\t#gallery-1 {\n\t\t\t\t\tmargin: auto;\n\t\t\t\t}\n\t\t\t\t#gallery-1 .gallery-item {\n\t\t\t\t\tfloat: left;\n\t\t\t\t\tmargin-top: 10px;\n\t\t\t\t\ttext-align: center;\n\t\t\t\t\twidth: 25%;\n\t\t\t\t}\n\t\t\t\t#gallery-1 img {\n\t\t\t\t\tborder: 2px solid #cfcfcf;\n\t\t\t\t}\n\t\t\t\t#gallery-1 .gallery-caption {\n\t\t\t\t\tmargin-left: 0;\n\t\t\t\t}\n\t\t\t\t\/* see gallery_shortcode() in wp-includes\/media.php *\/\n\t\t\t<\/style>\n\t\t<div id='gallery-1' class='dt-gallery-container gallery galleryid-344456 gallery-columns-4 gallery-size-medium'><dl class='gallery-item'>\n\t\t\t\t<dt class='gallery-icon landscape'>\n\t\t\t\t\t<a class=\"rollover\" href='https:\/\/www.radiopiu.net\/wordpress\/agordo-ecco-di-nuovo-i-mercatini-dell-antiquariato-e-del-collezionismo\/agordo-x-radiopiu\/'><img loading=\"lazy\" decoding=\"async\" width=\"300\" height=\"200\" src=\"https:\/\/www.radiopiu.net\/wordpress\/wp-content\/uploads\/2023\/07\/AGORDO-x-RADIOPIU-300x200.jpg\" class=\"attachment-medium size-medium\" alt=\"\" srcset=\"https:\/\/www.radiopiu.net\/wordpress\/wp-content\/uploads\/2023\/07\/AGORDO-x-RADIOPIU-300x200.jpg 300w, https:\/\/www.radiopiu.net\/wordpress\/wp-content\/uploads\/2023\/07\/AGORDO-x-RADIOPIU-1024x683.jpg 1024w, https:\/\/www.radiopiu.net\/wordpress\/wp-content\/uploads\/2023\/07\/AGORDO-x-RADIOPIU-768x512.jpg 768w, https:\/\/www.radiopiu.net\/wordpress\/wp-content\/uploads\/2023\/07\/AGORDO-x-RADIOPIU-1536x1024.jpg 1536w, https:\/\/www.radiopiu.net\/wordpress\/wp-content\/uploads\/2023\/07\/AGORDO-x-RADIOPIU-2048x1365.jpg 2048w\" sizes=\"auto, (max-width: 300px) 100vw, 300px\" \/><\/a>\n\t\t\t\t<\/dt><\/dl><dl class='gallery-item'>\n\t\t\t\t<dt class='gallery-icon landscape'>\n\t\t\t\t\t<a class=\"rollover\" href='https:\/\/www.radiopiu.net\/wordpress\/agordo-ecco-di-nuovo-i-mercatini-dell-antiquariato-e-del-collezionismo\/agordo-5-8-17\/'><img loading=\"lazy\" decoding=\"async\" width=\"300\" height=\"225\" src=\"https:\/\/www.radiopiu.net\/wordpress\/wp-content\/uploads\/2023\/07\/AGORDO-5-8-17-300x225.jpg\" class=\"attachment-medium size-medium\" alt=\"\" srcset=\"https:\/\/www.radiopiu.net\/wordpress\/wp-content\/uploads\/2023\/07\/AGORDO-5-8-17-300x225.jpg 300w, https:\/\/www.radiopiu.net\/wordpress\/wp-content\/uploads\/2023\/07\/AGORDO-5-8-17-1024x768.jpg 1024w, https:\/\/www.radiopiu.net\/wordpress\/wp-content\/uploads\/2023\/07\/AGORDO-5-8-17-768x576.jpg 768w, https:\/\/www.radiopiu.net\/wordpress\/wp-content\/uploads\/2023\/07\/AGORDO-5-8-17-1536x1152.jpg 1536w, https:\/\/www.radiopiu.net\/wordpress\/wp-content\/uploads\/2023\/07\/AGORDO-5-8-17-2048x1536.jpg 2048w\" sizes=\"auto, (max-width: 300px) 100vw, 300px\" \/><\/a>\n\t\t\t\t<\/dt><\/dl><dl class='gallery-item'>\n\t\t\t\t<dt class='gallery-icon portrait'>\n\t\t\t\t\t<a class=\"rollover\" href='https:\/\/www.radiopiu.net\/wordpress\/agordo-ecco-di-nuovo-i-mercatini-dell-antiquariato-e-del-collezionismo\/agordo-16-7-2017\/'><img loading=\"lazy\" decoding=\"async\" width=\"217\" height=\"300\" src=\"https:\/\/www.radiopiu.net\/wordpress\/wp-content\/uploads\/2023\/07\/AGORDO-16-7-2017-217x300.jpg\" class=\"attachment-medium size-medium\" alt=\"\" srcset=\"https:\/\/www.radiopiu.net\/wordpress\/wp-content\/uploads\/2023\/07\/AGORDO-16-7-2017-217x300.jpg 217w, https:\/\/www.radiopiu.net\/wordpress\/wp-content\/uploads\/2023\/07\/AGORDO-16-7-2017-742x1024.jpg 742w, https:\/\/www.radiopiu.net\/wordpress\/wp-content\/uploads\/2023\/07\/AGORDO-16-7-2017-768x1060.jpg 768w, https:\/\/www.radiopiu.net\/wordpress\/wp-content\/uploads\/2023\/07\/AGORDO-16-7-2017-1113x1536.jpg 1113w, https:\/\/www.radiopiu.net\/wordpress\/wp-content\/uploads\/2023\/07\/AGORDO-16-7-2017-1483x2048.jpg 1483w, https:\/\/www.radiopiu.net\/wordpress\/wp-content\/uploads\/2023\/07\/AGORDO-16-7-2017-scaled.jpg 1854w\" sizes=\"auto, (max-width: 217px) 100vw, 217px\" \/><\/a>\n\t\t\t\t<\/dt><\/dl><dl class='gallery-item'>\n\t\t\t\t<dt class='gallery-icon landscape'>\n\t\t\t\t\t<a class=\"rollover\" href='https:\/\/www.radiopiu.net\/wordpress\/agordo-ecco-di-nuovo-i-mercatini-dell-antiquariato-e-del-collezionismo\/agordo-3-agosto\/'><img loading=\"lazy\" decoding=\"async\" width=\"300\" height=\"214\" src=\"https:\/\/www.radiopiu.net\/wordpress\/wp-content\/uploads\/2023\/07\/AGORDO-3-agosto-300x214.jpg\" class=\"attachment-medium size-medium\" alt=\"\" srcset=\"https:\/\/www.radiopiu.net\/wordpress\/wp-content\/uploads\/2023\/07\/AGORDO-3-agosto-300x214.jpg 300w, https:\/\/www.radiopiu.net\/wordpress\/wp-content\/uploads\/2023\/07\/AGORDO-3-agosto-1024x731.jpg 1024w, https:\/\/www.radiopiu.net\/wordpress\/wp-content\/uploads\/2023\/07\/AGORDO-3-agosto-768x548.jpg 768w, https:\/\/www.radiopiu.net\/wordpress\/wp-content\/uploads\/2023\/07\/AGORDO-3-agosto-1536x1096.jpg 1536w, https:\/\/www.radiopiu.net\/wordpress\/wp-content\/uploads\/2023\/07\/AGORDO-3-agosto-2048x1462.jpg 2048w\" sizes=\"auto, (max-width: 300px) 100vw, 300px\" \/><\/a>\n\t\t\t\t<\/dt><\/dl><br style=\"clear: both\" \/>\n\t\t\t<\/div>\n\n<p>&nbsp;<\/p>\n<p>&nbsp;<\/p>\n<p>******<\/p>\n","protected":false},"excerpt":{"rendered":"<p>di Giorgio Fontanive AGORDO Il Gruppo degli Amici dell\u2019Antiquariato ha organizzato anche quest\u2019anno i consueti mercatini ma, a differenza delle 12 edizioni precedenti nel 2023 avranno luogo solo nel capoluogo di vallata nelle giornate di domenica 23 luglio, sabato 12 e 26 agosto perch\u00e9, per ragioni che esulano dalla volont\u00e0 dei promotori, tutte le altre&hellip;<\/p>\n","protected":false},"author":4,"featured_media":344466,"comment_status":"closed","ping_status":"closed","sticky":false,"template":"","format":"standard","meta":{"_monsterinsights_skip_tracking":false,"_monsterinsights_sitenote_active":false,"_monsterinsights_sitenote_note":"","_monsterinsights_sitenote_category":0,"footnotes":""},"categories":[49],"tags":[],"class_list":["post-344456","post","type-post","status-publish","format-standard","has-post-thumbnail","hentry","category-news-18","category-49","description-off"],"img_url":"https:\/\/www.radiopiu.net\/wordpress\/wp-content\/uploads\/2023\/07\/AGORDO-5-8-17-scaled.jpg","_links":{"self":[{"href":"https:\/\/www.radiopiu.net\/wordpress\/wp-json\/wp\/v2\/posts\/344456","targetHints":{"allow":["GET"]}}],"collection":[{"href":"https:\/\/www.radiopiu.net\/wordpress\/wp-json\/wp\/v2\/posts"}],"about":[{"href":"https:\/\/www.radiopiu.net\/wordpress\/wp-json\/wp\/v2\/types\/post"}],"author":[{"embeddable":true,"href":"https:\/\/www.radiopiu.net\/wordpress\/wp-json\/wp\/v2\/users\/4"}],"replies":[{"embeddable":true,"href":"https:\/\/www.radiopiu.net\/wordpress\/wp-json\/wp\/v2\/comments?post=344456"}],"version-history":[{"count":0,"href":"https:\/\/www.radiopiu.net\/wordpress\/wp-json\/wp\/v2\/posts\/344456\/revisions"}],"wp:featuredmedia":[{"embeddable":true,"href":"https:\/\/www.radiopiu.net\/wordpress\/wp-json\/wp\/v2\/media\/344466"}],"wp:attachment":[{"href":"https:\/\/www.radiopiu.net\/wordpress\/wp-json\/wp\/v2\/media?parent=344456"}],"wp:term":[{"taxonomy":"category","embeddable":true,"href":"https:\/\/www.radiopiu.net\/wordpress\/wp-json\/wp\/v2\/categories?post=344456"},{"taxonomy":"post_tag","embeddable":true,"href":"https:\/\/www.radiopiu.net\/wordpress\/wp-json\/wp\/v2\/tags?post=344456"}],"curies":[{"name":"wp","href":"https:\/\/api.w.org\/{rel}","templated":true}]}}