{"id":344510,"date":"2023-07-18T05:32:15","date_gmt":"2023-07-18T03:32:15","guid":{"rendered":"https:\/\/www.radiopiu.net\/wordpress\/?p=344510"},"modified":"2023-07-18T05:52:47","modified_gmt":"2023-07-18T03:52:47","slug":"attacco-da-parte-di-una-mandria-di-bovini-sullalpe-di-siusi-una-donna-di-belluno-e-un-escursionista-feriti","status":"publish","type":"post","link":"https:\/\/www.radiopiu.net\/wordpress\/attacco-da-parte-di-una-mandria-di-bovini-sullalpe-di-siusi-una-donna-di-belluno-e-un-escursionista-feriti\/","title":{"rendered":"Attacco da parte di una mandria di bovini sull&#8217;Alpe di Siusi: una donna di Belluno e un escursionista feriti"},"content":{"rendered":"<div class=\"flex-1 overflow-hidden\">\n<div class=\"react-scroll-to-bottom--css-ntsvs-79elbk h-full dark:bg-gray-800\">\n<div class=\"react-scroll-to-bottom--css-ntsvs-1n7m0yu\">\n<div class=\"flex flex-col text-sm dark:bg-gray-800\">\n<div class=\"group w-full text-gray-800 dark:text-gray-100 border-b border-black\/10 dark:border-gray-900\/50 bg-gray-50 dark:bg-[#444654]\">\n<div class=\"flex p-4 gap-4 text-base md:gap-6 md:max-w-2xl lg:max-w-[38rem] xl:max-w-3xl md:py-6 lg:px-0 m-auto\">\n<div class=\"relative flex w-[calc(100%-50px)] flex-col gap-1 md:gap-3 lg:w-[calc(100%-115px)]\">\n<div class=\"flex flex-grow flex-col gap-3\">\n<div class=\"min-h-[20px] flex items-start overflow-x-auto whitespace-pre-wrap break-words flex-col gap-4\">\n<div class=\"markdown prose w-full break-words dark:prose-invert light\">\n<p><strong><img loading=\"lazy\" decoding=\"async\" class=\"alignleft\" src=\"https:\/\/www.radiopiu.net\/wordpress\/wp-content\/uploads\/2022\/03\/MUCCA.jpg\" width=\"243\" height=\"182\" \/>BOLZANO<\/strong> Una donna di 40 anni\u00a0 bellunese \u00e8 stata ricoverata all&#8217;ospedale di Bolzano a seguito di un attacco da parte di una mucca mentre passeggiava con un gruppo di escursionisti sul sentiero dell&#8217;Alpe di Siusi, . Un turista trentino, intervenuto per aiutarla, \u00e8 stato colpito al volto. L&#8217;incidente \u00e8 avvenuto ieri, in un sentiero situato tra il Sasso Piatto e il Sassolungo, vicino alla Baita delle Marmotte. L&#8217;area era affollata di escursionisti, il che potrebbe aver innervosito gli animali. Una testimone intervistata dalla Rai Regionale ha indicato un cane senza museruola appartenente a una famiglia che era passata poco prima come possibile causa dell&#8217;aggressione. L&#8217;attacco ha colto tutti di sorpresa, poich\u00e9 una mandria composta da circa quindici vitelli, con alcune mucche adulte in un ruolo insolito di &#8220;capobranco&#8221;, si \u00e8 scagliata contro il gruppo di turisti.La quarantenne di Belluno ha avuto la prontezza di spostarsi in tempo, ma \u00e8 stata violentemente colpita e scagliata a diversi metri di distanza. Successivamente \u00e8 stata calpestata da altri bovini. La donna ha riportato gravi lesioni al torace ed \u00e8 stata trasportata d&#8217;urgenza all&#8217;ospedale San Maurizio.<\/p>\n<\/div>\n<\/div>\n<\/div>\n<\/div>\n<\/div>\n<\/div>\n<div class=\"h-32 md:h-48 flex-shrink-0\">\n<p>__<\/p>\n<\/div>\n<\/div>\n<\/div>\n<\/div>\n<\/div>\n<div class=\"absolute bottom-0 left-0 w-full border-t md:border-t-0 dark:border-white\/20 md:border-transparent md:dark:border-transparent md:bg-vert-light-gradient bg-white dark:bg-gray-800 md:!bg-transparent dark:md:bg-vert-dark-gradient pt-2 md:pl-2 md:w-[calc(100%-.5rem)]\">\n<form class=\"stretch mx-2 flex flex-row gap-3 last:mb-2 md:mx-4 md:last:mb-6 lg:mx-auto lg:max-w-2xl xl:max-w-3xl\">\n<div class=\"relative flex h-full flex-1 items-stretch md:flex-col\" role=\"presentation\">\n<div class=\"\">\n<div class=\"h-full flex ml-1 md:w-full md:m-auto md:mb-2 gap-0 md:gap-2 justify-center\"><\/div>\n<\/div>\n<\/div>\n<\/form>\n<\/div>\n","protected":false},"excerpt":{"rendered":"<p>BOLZANO Una donna di 40 anni\u00a0 bellunese \u00e8 stata ricoverata all&#8217;ospedale di Bolzano a seguito di un attacco da parte di una mucca mentre passeggiava con un gruppo di escursionisti sul sentiero dell&#8217;Alpe di Siusi, . Un turista trentino, intervenuto per aiutarla, \u00e8 stato colpito al volto. L&#8217;incidente \u00e8 avvenuto ieri, in un sentiero situato&hellip;<\/p>\n","protected":false},"author":4,"featured_media":265531,"comment_status":"closed","ping_status":"closed","sticky":false,"template":"","format":"standard","meta":{"_monsterinsights_skip_tracking":false,"_monsterinsights_sitenote_active":false,"_monsterinsights_sitenote_note":"","_monsterinsights_sitenote_category":0,"footnotes":""},"categories":[51,49],"tags":[],"class_list":["post-344510","post","type-post","status-publish","format-standard","has-post-thumbnail","hentry","category-evidenza-top","category-news-18","category-51","category-49","description-off"],"img_url":"https:\/\/www.radiopiu.net\/wordpress\/wp-content\/uploads\/2022\/03\/MUCCA.jpg","_links":{"self":[{"href":"https:\/\/www.radiopiu.net\/wordpress\/wp-json\/wp\/v2\/posts\/344510","targetHints":{"allow":["GET"]}}],"collection":[{"href":"https:\/\/www.radiopiu.net\/wordpress\/wp-json\/wp\/v2\/posts"}],"about":[{"href":"https:\/\/www.radiopiu.net\/wordpress\/wp-json\/wp\/v2\/types\/post"}],"author":[{"embeddable":true,"href":"https:\/\/www.radiopiu.net\/wordpress\/wp-json\/wp\/v2\/users\/4"}],"replies":[{"embeddable":true,"href":"https:\/\/www.radiopiu.net\/wordpress\/wp-json\/wp\/v2\/comments?post=344510"}],"version-history":[{"count":0,"href":"https:\/\/www.radiopiu.net\/wordpress\/wp-json\/wp\/v2\/posts\/344510\/revisions"}],"wp:featuredmedia":[{"embeddable":true,"href":"https:\/\/www.radiopiu.net\/wordpress\/wp-json\/wp\/v2\/media\/265531"}],"wp:attachment":[{"href":"https:\/\/www.radiopiu.net\/wordpress\/wp-json\/wp\/v2\/media?parent=344510"}],"wp:term":[{"taxonomy":"category","embeddable":true,"href":"https:\/\/www.radiopiu.net\/wordpress\/wp-json\/wp\/v2\/categories?post=344510"},{"taxonomy":"post_tag","embeddable":true,"href":"https:\/\/www.radiopiu.net\/wordpress\/wp-json\/wp\/v2\/tags?post=344510"}],"curies":[{"name":"wp","href":"https:\/\/api.w.org\/{rel}","templated":true}]}}