{"id":344553,"date":"2023-07-19T05:41:08","date_gmt":"2023-07-19T03:41:08","guid":{"rendered":"https:\/\/www.radiopiu.net\/wordpress\/?p=344553"},"modified":"2023-07-19T09:22:31","modified_gmt":"2023-07-19T07:22:31","slug":"giornale-radiopiu-19-luglio-2023-direttore-mirko-mezzacasada-40-anni-25-giugno-1983-25-giugno-2023","status":"publish","type":"post","link":"https:\/\/www.radiopiu.net\/wordpress\/giornale-radiopiu-19-luglio-2023-direttore-mirko-mezzacasada-40-anni-25-giugno-1983-25-giugno-2023\/","title":{"rendered":"GIORNALE RADIOPIU 19 LUGLIO 2023 DIRETTORE MIRKO MEZZACASA\u2026DA 40 ANNI 25 GIUGNO 1983-25 GIUGNO 2023"},"content":{"rendered":"<h2 style=\"text-align: left;\"><span style=\"color: #ff0000;\"><span style=\"vertical-align: inherit;\"><a class=\"dt-pswp-item\" href=\"https:\/\/www.radiopiu.net\/wordpress\/wp-content\/uploads\/2023\/04\/e0aad41d-951e-47b9-9fae-1a879a9bcb7e-1.jpg\" data-dt-img-description=\"\" data-large_image_width=\"1200\" data-large_image_height=\"1200\"><img loading=\"lazy\" decoding=\"async\" class=\"wp-image-333205 alignleft\" src=\"https:\/\/www.radiopiu.net\/wordpress\/wp-content\/uploads\/2023\/04\/e0aad41d-951e-47b9-9fae-1a879a9bcb7e-1-300x300.jpg\" alt=\"\" width=\"110\" height=\"110\" srcset=\"https:\/\/www.radiopiu.net\/wordpress\/wp-content\/uploads\/2023\/04\/e0aad41d-951e-47b9-9fae-1a879a9bcb7e-1-300x300.jpg 300w, https:\/\/www.radiopiu.net\/wordpress\/wp-content\/uploads\/2023\/04\/e0aad41d-951e-47b9-9fae-1a879a9bcb7e-1-1024x1024.jpg 1024w, https:\/\/www.radiopiu.net\/wordpress\/wp-content\/uploads\/2023\/04\/e0aad41d-951e-47b9-9fae-1a879a9bcb7e-1-150x150.jpg 150w, https:\/\/www.radiopiu.net\/wordpress\/wp-content\/uploads\/2023\/04\/e0aad41d-951e-47b9-9fae-1a879a9bcb7e-1-768x768.jpg 768w, https:\/\/www.radiopiu.net\/wordpress\/wp-content\/uploads\/2023\/04\/e0aad41d-951e-47b9-9fae-1a879a9bcb7e-1.jpg 1200w\" sizes=\"auto, (max-width: 110px) 100vw, 110px\" \/><\/a><\/span><\/span><\/h2>\n<h1 class=\"entry-title\">40esimo di RADIOPIU\u2026. LA VOCE DELL\u2019EMOZIONE<\/h1>\n<h2><span style=\"color: #ff0000;\">ISCRIVITI AL NOSTRO CANALE\u00a0\u00a0YOUTUBE PER SEGUIRE IN DIRETTA I PRINCIPALI PROGRAMMI DI RADIO PIU\u2019 E LE FUTURE DIRETTE IN ESTERNA. PER ISCRIVERTI\u00a0<a style=\"color: #ff0000;\" href=\"https:\/\/youtube.com\/@radiopiu1527\">CLICCA QUI\u00a0<\/a>E PREMI\u00a0 \u201cIscriviti\u201d\u00a0<\/span><\/h2>\n<p>&nbsp;<\/p>\n<h2><span style=\"color: #ff00ff;\"><strong><a class=\"dt-pswp-item\" href=\"https:\/\/www.radiopiu.net\/wordpress\/wp-content\/uploads\/2023\/07\/778ce4cf-d0c6-43c7-995a-150c998122b0.jpg\" data-dt-img-description=\"\" data-large_image_width=\"1200\" data-large_image_height=\"1600\"><img loading=\"lazy\" decoding=\"async\" class=\" wp-image-344773 alignleft\" src=\"https:\/\/www.radiopiu.net\/wordpress\/wp-content\/uploads\/2023\/07\/778ce4cf-d0c6-43c7-995a-150c998122b0-225x300.jpg\" alt=\"\" width=\"170\" height=\"227\" srcset=\"https:\/\/www.radiopiu.net\/wordpress\/wp-content\/uploads\/2023\/07\/778ce4cf-d0c6-43c7-995a-150c998122b0-225x300.jpg 225w, https:\/\/www.radiopiu.net\/wordpress\/wp-content\/uploads\/2023\/07\/778ce4cf-d0c6-43c7-995a-150c998122b0-768x1024.jpg 768w, https:\/\/www.radiopiu.net\/wordpress\/wp-content\/uploads\/2023\/07\/778ce4cf-d0c6-43c7-995a-150c998122b0-1152x1536.jpg 1152w, https:\/\/www.radiopiu.net\/wordpress\/wp-content\/uploads\/2023\/07\/778ce4cf-d0c6-43c7-995a-150c998122b0.jpg 1200w\" sizes=\"auto, (max-width: 170px) 100vw, 170px\" \/><\/a>visto il meteo previsto\u00a0 l\u2019evento del Venezia F.C. ovvero la presentazione al pubblico \u00e8 programmata per le 18 al PalaFalcade e non come inizialmente previsto in centro all&#8217;aperto.<\/strong><\/span><\/h2>\n<blockquote>\n<h3>foto la tempesta di ieri a Canale d&#8217;Agordo_Valle di Gares.<\/h3>\n<p>&nbsp;<\/p>\n<p>&nbsp;<\/p>\n<h3>CHIUSA LA SP 6 DI DANTA PER SCHIANTI PERICOLANTI<\/h3>\n<\/blockquote>\n<p><strong>SEDICO <\/strong>Veneto Strade comunica che a causa di piante schiantate pericolanti \u00e8 stata chiusa la SP 6 di Danta dal localit\u00e0 Campitello a Danta<\/p>\n<p>&nbsp;<\/p>\n<p>&nbsp;<\/p>\n<p>SAPPADE DI FALCADE DA FREGONA, LA QUIETE DOPO LA TEMPESTA<\/p>\n<h2 style=\"text-align: left;\"><span style=\"color: #ff0000;\"><span style=\"vertical-align: inherit;\"><a class=\"dt-pswp-item\" href=\"https:\/\/www.radiopiu.net\/wordpress\/wp-content\/uploads\/2023\/07\/6c9a08bb-c7d7-4533-8763-99465a7ef496-1.jpg\" data-dt-img-description=\"\" data-large_image_width=\"2048\" data-large_image_height=\"1152\"><img loading=\"lazy\" decoding=\"async\" class=\"size-medium wp-image-344779 aligncenter\" src=\"https:\/\/www.radiopiu.net\/wordpress\/wp-content\/uploads\/2023\/07\/6c9a08bb-c7d7-4533-8763-99465a7ef496-1-300x169.jpg\" alt=\"\" width=\"300\" height=\"169\" srcset=\"https:\/\/www.radiopiu.net\/wordpress\/wp-content\/uploads\/2023\/07\/6c9a08bb-c7d7-4533-8763-99465a7ef496-1-300x169.jpg 300w, https:\/\/www.radiopiu.net\/wordpress\/wp-content\/uploads\/2023\/07\/6c9a08bb-c7d7-4533-8763-99465a7ef496-1-1024x576.jpg 1024w, https:\/\/www.radiopiu.net\/wordpress\/wp-content\/uploads\/2023\/07\/6c9a08bb-c7d7-4533-8763-99465a7ef496-1-768x432.jpg 768w, https:\/\/www.radiopiu.net\/wordpress\/wp-content\/uploads\/2023\/07\/6c9a08bb-c7d7-4533-8763-99465a7ef496-1-1536x864.jpg 1536w, https:\/\/www.radiopiu.net\/wordpress\/wp-content\/uploads\/2023\/07\/6c9a08bb-c7d7-4533-8763-99465a7ef496-1.jpg 2048w\" sizes=\"auto, (max-width: 300px) 100vw, 300px\" \/><\/a><\/span><\/span><\/h2>\n<hr \/>\n<p>&nbsp;<\/p>\n<blockquote>\n<blockquote>\n<h3><a class=\"dt-pswp-item\" href=\"https:\/\/www.radiopiu.net\/wordpress\/wp-content\/uploads\/2023\/07\/Senza-nome-28-150x150-1.png\" data-dt-img-description=\"\" data-large_image_width=\"150\" data-large_image_height=\"150\"><img loading=\"lazy\" decoding=\"async\" class=\" wp-image-344606 alignleft\" src=\"https:\/\/www.radiopiu.net\/wordpress\/wp-content\/uploads\/2023\/07\/Senza-nome-28-150x150-1.png\" alt=\"\" width=\"102\" height=\"102\" \/><\/a>OGGI I FUNERALI DI SIMONE<\/h3>\n<\/blockquote>\n<p><strong>COMELICO<\/strong> <em>&#8220;Insieme a te \u00e8 volato in cielo un pezzo del nostro cuore\u00bb.<\/em> Cos\u00ec sull&#8217;epigrafe per la morte del giovane Simone Zambelli Domelin, 23 anni di Casamazzagno, morto per sospetta overdose di farmaci.\u00a0 I funerali sono fissati per oggi alle 15 nella chiesa di Casamazzagno. Eventuali offerte saranno devolute all&#8217;associazione &#8220;Margherita Felice&#8221; di Belluno<\/p><\/blockquote>\n<p>&nbsp;<\/p>\n<hr \/>\n<blockquote>\n<h3><\/h3>\n<h3>E&#8217; MORTO RINO DA RIF, A LUNGO GESTORE DEL RIFUGIO BAITA DEI CACCIATORI<\/h3>\n<\/blockquote>\n<p><strong><a class=\"dt-pswp-item\" href=\"https:\/\/www.radiopiu.net\/wordpress\/wp-content\/uploads\/2023\/07\/f4ac7cdc-62ef-4a5e-b533-917f758b6d7b.jpg\" data-dt-img-description=\"\" data-large_image_width=\"1024\" data-large_image_height=\"733\"><img loading=\"lazy\" decoding=\"async\" class=\" wp-image-344724 alignleft\" src=\"https:\/\/www.radiopiu.net\/wordpress\/wp-content\/uploads\/2023\/07\/f4ac7cdc-62ef-4a5e-b533-917f758b6d7b-300x215.jpg\" alt=\"\" width=\"170\" height=\"122\" srcset=\"https:\/\/www.radiopiu.net\/wordpress\/wp-content\/uploads\/2023\/07\/f4ac7cdc-62ef-4a5e-b533-917f758b6d7b-300x215.jpg 300w, https:\/\/www.radiopiu.net\/wordpress\/wp-content\/uploads\/2023\/07\/f4ac7cdc-62ef-4a5e-b533-917f758b6d7b-768x550.jpg 768w, https:\/\/www.radiopiu.net\/wordpress\/wp-content\/uploads\/2023\/07\/f4ac7cdc-62ef-4a5e-b533-917f758b6d7b.jpg 1024w\" sizes=\"auto, (max-width: 170px) 100vw, 170px\" \/><\/a>FALCADE<\/strong><\/p>\n<p>di Gianni Santomaso<\/p>\n<audio class=\"wp-audio-shortcode\" id=\"audio-344553-1\" preload=\"none\" style=\"width: 100%;\" controls=\"controls\"><source type=\"audio\/mpeg\" src=\"https:\/\/www.radiopiu.net\/wordpress\/wp-content\/uploads\/2023\/07\/GIANNI-E-MORTO-RINO-DA-RIF-A-LUNGO-GESTORE-DEL-RIFUGIO-BAITA-DEI-CACCIATORI.mp3?_=1\" \/><a href=\"https:\/\/www.radiopiu.net\/wordpress\/wp-content\/uploads\/2023\/07\/GIANNI-E-MORTO-RINO-DA-RIF-A-LUNGO-GESTORE-DEL-RIFUGIO-BAITA-DEI-CACCIATORI.mp3\">https:\/\/www.radiopiu.net\/wordpress\/wp-content\/uploads\/2023\/07\/GIANNI-E-MORTO-RINO-DA-RIF-A-LUNGO-GESTORE-DEL-RIFUGIO-BAITA-DEI-CACCIATORI.mp3<\/a><\/audio>\n<p>&nbsp;<\/p>\n<blockquote><p>&nbsp;<\/p><\/blockquote>\n<hr \/>\n<p>&nbsp;<\/p>\n<blockquote>\n<h3>COLTO DA MALORE MUORE SULLA FERRATA DEGLI ALPINI<\/h3>\n<\/blockquote>\n<p><img loading=\"lazy\" decoding=\"async\" class=\"alignleft\" src=\"https:\/\/www.radiopiu.net\/wordpress\/wp-content\/uploads\/2020\/05\/falco.jpg\" width=\"155\" height=\"116\" \/><strong>REDAZIONE<\/strong> I soccorsi immediati dopo la chiamata al 118 non sono stati sufficienti per strapparlo alla morte. Per un malore un alpinista francese di 46 anni ha perso la vita davanti al figlio e al nipote minorenni, stavamp\u00a0 percorrendo la Ferrata degli alpini al Col dei Bos a <strong>Cortina d&#8217;Ampezzo<\/strong>. A lanciare il primo allarme attorno alle 13 un&#8217;escursionista che, pi\u00f9 sotto, sentiva le grida e vedeva il corpo esanime. A praticare subito le manovre di rianimazione alcuni escursionisti di passaggio, cui sono subentrati l&#8217;equipe medica e il tecnico di elisoccorso<\/p>\n<p>Precedentemene l&#8217;elicottero dell&#8217;Aiut Alpin ha soccorso un turista tedesco di 30 anni precipitato con il parapendio a <strong>Monte Piana<\/strong>, l&#8217;uomo \u00e8 stata trasferito in ospedale a Bolzano con ferite molto gravi. Il pilota tedesco di 31 anni, perso il controllo della vela, ha impattato violentemente a terra, non distante dalla Chiesetta ai caduti della Grande Guerra, vicina al Rifugio Bosi.<\/p>\n<p>Ieri mattina\u00a0 alle 9.30 due ambulanze del Santa Maria del Prato hanno prestato soccorso a due trentenni coinvolti un un incidente d&#8217;auto a <strong>Fonzaso,<\/strong> per loro ferite leggere medicate all&#8217;ospedale di Feltre.<\/p>\n<p>&nbsp;<\/p>\n<p>&nbsp;<\/p>\n<hr \/>\n<p>&nbsp;<\/p>\n<blockquote>\n<h3>METEO VENETO. POSSIBILI ROVESCI E TEMPORALI<\/h3>\n<\/blockquote>\n<p><img loading=\"lazy\" decoding=\"async\" class=\"alignleft\" src=\"https:\/\/www.radiopiu.net\/wordpress\/wp-content\/uploads\/2022\/12\/emanuele-aloia-meteo-300x300.jpg\" width=\"130\" height=\"130\" \/>Il Meteo prevede\u00a0 fino alle prime ore di oggi, sulle Dolomiti,\u00a0 una fase di instabilit\u00e0 con probabili rovesci e temporali sparsi, con possibile sconfinamento sulle zone prealpine e pedemontane. In queste zone della regione, quindi, saranno possibili temporali localmente intensi anche con forti rovesci, grandinate e forti raffiche di vento.Considerati i fenomeni meteorologici previsti, il Centro Funzionale Decentrato della Protezione Civile regionale comunica che, per criticit\u00e0 idrogeologica per temporali, \u00e8 stata dichiarata la fase operativa di \u201cAttenzione\u201d (Gialla)<\/p>\n<p>&nbsp;<\/p>\n<hr \/>\n<p><strong>\u00a0<\/strong><\/p>\n<p><strong>MALTEMPO NEL BELLUNESE, PI\u00d9 DI 100 INTERVENTI EFFETTUATI DAI VIGILI DEL FUOCO<\/strong><br \/>\nSono stati pi\u00f9 di 100 gli interventi dei vigili del fuoco per il maltempo che ha colpito dal tardo pomeriggio di marted\u00ec l\u2019Agordino il Cadore e il Comelico per la caduta di alberi, lo scoperchiamento di tetti e dissesti statici. I vigili del fuoco hanno operato con 200 operatori del comando di Belluno, delle sei sedi permanente dei 24 distaccamenti volontari e con il supporto di squadre regionali provenienti dai comandi di Treviso, Padova, Vicenza e Verona e l\u2019utilizzo di 7 autoscale. Aperti nella serata di marted\u00ec i COC (Centro operativo Comunale) a Santo Stefano Cadore e Calalzo. In corso questa mattina gli ultimi interventi per la messa in sicurezza delle coperture dei tetti e degli alberi pericolosi. A Calalzo un centinaio di ospiti della colonia sono stati spostati sempre nella stessa struttura per il danneggiamento del tetto.<\/p>\n<p><strong>LONGARONE, DOPO LA TEMPESTA<\/strong><\/p>\n<div style=\"width: 1200px;\" class=\"wp-video\"><video class=\"wp-video-shortcode\" id=\"video-344553-1\" width=\"1200\" height=\"675\" preload=\"metadata\" controls=\"controls\"><source type=\"video\/mp4\" src=\"https:\/\/www.radiopiu.net\/wordpress\/wp-content\/uploads\/2023\/07\/WhatsApp-Video-2023-07-18-at-23.13.05.mp4?_=1\" \/><a href=\"https:\/\/www.radiopiu.net\/wordpress\/wp-content\/uploads\/2023\/07\/WhatsApp-Video-2023-07-18-at-23.13.05.mp4\">https:\/\/www.radiopiu.net\/wordpress\/wp-content\/uploads\/2023\/07\/WhatsApp-Video-2023-07-18-at-23.13.05.mp4<\/a><\/video><\/div>\n<p><strong>Alberi caduti, colpita un\u2019auto. Sospesa dopo due minuti la partita d\u2019allenamento tra Padova e Sottocastello a Pieve di Cadore. In pochi minuti di nuovo paura\u00a0 del vento e distruzione come nei giorni di Vaia,<\/strong><\/p>\n<blockquote>\n<h3><a class=\"dt-pswp-item\" href=\"https:\/\/www.radiopiu.net\/wordpress\/wp-content\/uploads\/2023\/07\/0340c9c3-d0ad-4cf4-90d7-e1984bef8ba4.jpg\" data-dt-img-description=\"\" data-large_image_width=\"1200\" data-large_image_height=\"1600\"><img loading=\"lazy\" decoding=\"async\" class=\" wp-image-344741 alignleft\" src=\"https:\/\/www.radiopiu.net\/wordpress\/wp-content\/uploads\/2023\/07\/0340c9c3-d0ad-4cf4-90d7-e1984bef8ba4-225x300.jpg\" alt=\"\" width=\"177\" height=\"236\" srcset=\"https:\/\/www.radiopiu.net\/wordpress\/wp-content\/uploads\/2023\/07\/0340c9c3-d0ad-4cf4-90d7-e1984bef8ba4-225x300.jpg 225w, https:\/\/www.radiopiu.net\/wordpress\/wp-content\/uploads\/2023\/07\/0340c9c3-d0ad-4cf4-90d7-e1984bef8ba4-768x1024.jpg 768w, https:\/\/www.radiopiu.net\/wordpress\/wp-content\/uploads\/2023\/07\/0340c9c3-d0ad-4cf4-90d7-e1984bef8ba4-1152x1536.jpg 1152w, https:\/\/www.radiopiu.net\/wordpress\/wp-content\/uploads\/2023\/07\/0340c9c3-d0ad-4cf4-90d7-e1984bef8ba4.jpg 1200w\" sizes=\"auto, (max-width: 177px) 100vw, 177px\" \/><\/a>INCUBO VALLES-PREDAZZO-SAN PELLEGRINO<\/h3>\n<\/blockquote>\n<p><strong>PAURA<\/strong> dalla Valle di Gares a Cencenighe, dal Passo San Pellegrino a Moena. Come nei minuti di vaia, piante sradicate, pali appena installati in Valle di Gares divelti dalla furia del vento. A Cencenighe grandine, acqua tanta e auto ferme in strada.<br \/>\nA Moena tromba d&#8217;aria al fischio d&#8217;inizio della partita del Genoa con il\u00a0 Tyrol in un attimo dalla valle \u00e8 arrivato un vortice, village distrutto \u00e8 crollata la torretta con le telecamere. Lia: <em>C&#8217;\u00e8 stato il fuggi fuggi generale era una cosa paurosa.<\/em> Passo San Pellegrino\u00a0 chiuso per alcune ore.\u00a0 Black out ovunque, anche in Luxottica pur per pochi minuti e strada chiusa (RIAPERTA ALLE 18.15)\u00a0 tra Taibon e Agordo. Strada verso il bivio del Falzarego con piante e sassi in strada. Albero in strada dopo baita flora alpina direzione passo Staulanza Sassi sulla 203 agordina tra Agordo e Mas. (FOTO Localit\u00e0 Canes, Falcade. Quel che \u00e8 rimasto del palo del telefono)<\/p>\n<p><span style=\"color: #ff0000;\"><strong>CADORE COMELICO\u00a0<\/strong><\/span><\/p>\n<p><strong>DI BARBARA PAOLAZZI RADIOCLUB103<\/strong><\/p>\n<blockquote><audio class=\"wp-audio-shortcode\" id=\"audio-344553-2\" preload=\"none\" style=\"width: 100%;\" controls=\"controls\"><source type=\"audio\/mpeg\" src=\"https:\/\/www.radiopiu.net\/wordpress\/wp-content\/uploads\/2023\/07\/BARBARA-SERVIZIO.mp3?_=2\" \/><a href=\"https:\/\/www.radiopiu.net\/wordpress\/wp-content\/uploads\/2023\/07\/BARBARA-SERVIZIO.mp3\">https:\/\/www.radiopiu.net\/wordpress\/wp-content\/uploads\/2023\/07\/BARBARA-SERVIZIO.mp3<\/a><\/audio>\n<p><em>80 richieste di soccorso, 30 interventi con le squadre del Comando di Belluno e i volontari, in supporto personale regionale da Verona e Treviso. Nel camping Comelico gli alberi l\u00ec sono caduti sulle auto parcheggiate: almeno 4 o 5 vetture, il furgone di Gsp, distrutti.<\/em><\/p><\/blockquote>\n\n\t\t\t<style type='text\/css'>\n\t\t\t\t#gallery-1 {\n\t\t\t\t\tmargin: auto;\n\t\t\t\t}\n\t\t\t\t#gallery-1 .gallery-item {\n\t\t\t\t\tfloat: left;\n\t\t\t\t\tmargin-top: 10px;\n\t\t\t\t\ttext-align: center;\n\t\t\t\t\twidth: 20%;\n\t\t\t\t}\n\t\t\t\t#gallery-1 img {\n\t\t\t\t\tborder: 2px solid #cfcfcf;\n\t\t\t\t}\n\t\t\t\t#gallery-1 .gallery-caption {\n\t\t\t\t\tmargin-left: 0;\n\t\t\t\t}\n\t\t\t\t\/* see gallery_shortcode() in wp-includes\/media.php *\/\n\t\t\t<\/style>\n\t\t<div id='gallery-1' class='dt-gallery-container gallery galleryid-344553 gallery-columns-5 gallery-size-thumbnail'><dl class='gallery-item'>\n\t\t\t\t<dt class='gallery-icon landscape'>\n\t\t\t\t\t<a class=\"rollover rollover-zoom dt-pswp-item\" title=\"IMG_0801\" data-dt-img-description=\"\" data-large_image_width=\"2000\" data-large_image_height=\"1500\"href='https:\/\/www.radiopiu.net\/wordpress\/wp-content\/uploads\/2023\/07\/IMG_0801.jpeg'><img loading=\"lazy\" decoding=\"async\" width=\"150\" height=\"150\" src=\"https:\/\/www.radiopiu.net\/wordpress\/wp-content\/uploads\/2023\/07\/IMG_0801-150x150.jpeg\" class=\"attachment-thumbnail size-thumbnail\" alt=\"\" \/><\/a>\n\t\t\t\t<\/dt><\/dl><dl class='gallery-item'>\n\t\t\t\t<dt class='gallery-icon landscape'>\n\t\t\t\t\t<a class=\"rollover rollover-zoom dt-pswp-item\" title=\"IMG_0802\" data-dt-img-description=\"\" data-large_image_width=\"1080\" data-large_image_height=\"608\"href='https:\/\/www.radiopiu.net\/wordpress\/wp-content\/uploads\/2023\/07\/IMG_0802.jpeg'><img loading=\"lazy\" decoding=\"async\" width=\"150\" height=\"150\" src=\"https:\/\/www.radiopiu.net\/wordpress\/wp-content\/uploads\/2023\/07\/IMG_0802-150x150.jpeg\" class=\"attachment-thumbnail size-thumbnail\" alt=\"\" \/><\/a>\n\t\t\t\t<\/dt><\/dl><dl class='gallery-item'>\n\t\t\t\t<dt class='gallery-icon landscape'>\n\t\t\t\t\t<a class=\"rollover rollover-zoom dt-pswp-item\" title=\"8bf80607-9ffc-4c0c-8271-3f8389046fb3\" data-dt-img-description=\"\" data-large_image_width=\"2000\" data-large_image_height=\"1125\"href='https:\/\/www.radiopiu.net\/wordpress\/wp-content\/uploads\/2023\/07\/8bf80607-9ffc-4c0c-8271-3f8389046fb3.jpg'><img loading=\"lazy\" decoding=\"async\" width=\"150\" height=\"150\" src=\"https:\/\/www.radiopiu.net\/wordpress\/wp-content\/uploads\/2023\/07\/8bf80607-9ffc-4c0c-8271-3f8389046fb3-150x150.jpg\" class=\"attachment-thumbnail size-thumbnail\" alt=\"\" \/><\/a>\n\t\t\t\t<\/dt><\/dl><dl class='gallery-item'>\n\t\t\t\t<dt class='gallery-icon landscape'>\n\t\t\t\t\t<a class=\"rollover rollover-zoom dt-pswp-item\" title=\"aa279965-c4f3-4b52-901b-4c8eb38a28da\" data-dt-img-description=\"\" data-large_image_width=\"2048\" data-large_image_height=\"1153\"href='https:\/\/www.radiopiu.net\/wordpress\/wp-content\/uploads\/2023\/07\/aa279965-c4f3-4b52-901b-4c8eb38a28da.jpg'><img loading=\"lazy\" decoding=\"async\" width=\"150\" height=\"150\" src=\"https:\/\/www.radiopiu.net\/wordpress\/wp-content\/uploads\/2023\/07\/aa279965-c4f3-4b52-901b-4c8eb38a28da-150x150.jpg\" class=\"attachment-thumbnail size-thumbnail\" alt=\"\" \/><\/a>\n\t\t\t\t<\/dt><\/dl><dl class='gallery-item'>\n\t\t\t\t<dt class='gallery-icon landscape'>\n\t\t\t\t\t<a class=\"rollover rollover-zoom dt-pswp-item\" title=\"239e9c7e-1aa6-4fc5-acbf-c614a8db34c1\" data-dt-img-description=\"\" data-large_image_width=\"2000\" data-large_image_height=\"1125\"href='https:\/\/www.radiopiu.net\/wordpress\/wp-content\/uploads\/2023\/07\/239e9c7e-1aa6-4fc5-acbf-c614a8db34c1.jpg'><img loading=\"lazy\" decoding=\"async\" width=\"150\" height=\"150\" src=\"https:\/\/www.radiopiu.net\/wordpress\/wp-content\/uploads\/2023\/07\/239e9c7e-1aa6-4fc5-acbf-c614a8db34c1-150x150.jpg\" class=\"attachment-thumbnail size-thumbnail\" alt=\"\" \/><\/a>\n\t\t\t\t<\/dt><\/dl><br style=\"clear: both\" \/><dl class='gallery-item'>\n\t\t\t\t<dt class='gallery-icon landscape'>\n\t\t\t\t\t<a class=\"rollover rollover-zoom dt-pswp-item\" title=\"d864a9cd-c84d-44a3-990c-d0bc4136b15a\" data-dt-img-description=\"\" data-large_image_width=\"2000\" data-large_image_height=\"1125\"href='https:\/\/www.radiopiu.net\/wordpress\/wp-content\/uploads\/2023\/07\/d864a9cd-c84d-44a3-990c-d0bc4136b15a.jpg'><img loading=\"lazy\" decoding=\"async\" width=\"150\" height=\"150\" src=\"https:\/\/www.radiopiu.net\/wordpress\/wp-content\/uploads\/2023\/07\/d864a9cd-c84d-44a3-990c-d0bc4136b15a-150x150.jpg\" class=\"attachment-thumbnail size-thumbnail\" alt=\"\" \/><\/a>\n\t\t\t\t<\/dt><\/dl><dl class='gallery-item'>\n\t\t\t\t<dt class='gallery-icon landscape'>\n\t\t\t\t\t<a class=\"rollover rollover-zoom dt-pswp-item\" title=\"058e21a1-dae6-48b0-9287-0f14aac77980\" data-dt-img-description=\"\" data-large_image_width=\"2000\" data-large_image_height=\"1125\"href='https:\/\/www.radiopiu.net\/wordpress\/wp-content\/uploads\/2023\/07\/058e21a1-dae6-48b0-9287-0f14aac77980.jpg'><img loading=\"lazy\" decoding=\"async\" width=\"150\" height=\"150\" src=\"https:\/\/www.radiopiu.net\/wordpress\/wp-content\/uploads\/2023\/07\/058e21a1-dae6-48b0-9287-0f14aac77980-150x150.jpg\" class=\"attachment-thumbnail size-thumbnail\" alt=\"\" \/><\/a>\n\t\t\t\t<\/dt><\/dl><dl class='gallery-item'>\n\t\t\t\t<dt class='gallery-icon portrait'>\n\t\t\t\t\t<a class=\"rollover rollover-zoom dt-pswp-item\" title=\"5e91b079-837e-4751-b6e8-565c4d71451a\" data-dt-img-description=\"\" data-large_image_width=\"746\" data-large_image_height=\"1600\"href='https:\/\/www.radiopiu.net\/wordpress\/wp-content\/uploads\/2023\/07\/5e91b079-837e-4751-b6e8-565c4d71451a.jpg'><img loading=\"lazy\" decoding=\"async\" width=\"150\" height=\"150\" src=\"https:\/\/www.radiopiu.net\/wordpress\/wp-content\/uploads\/2023\/07\/5e91b079-837e-4751-b6e8-565c4d71451a-150x150.jpg\" class=\"attachment-thumbnail size-thumbnail\" alt=\"\" \/><\/a>\n\t\t\t\t<\/dt><\/dl><dl class='gallery-item'>\n\t\t\t\t<dt class='gallery-icon landscape'>\n\t\t\t\t\t<a class=\"rollover rollover-zoom dt-pswp-item\" title=\"3324fae1-f9cc-4e0a-8370-4fe889f1c219\" data-dt-img-description=\"\" data-large_image_width=\"2000\" data-large_image_height=\"1125\"href='https:\/\/www.radiopiu.net\/wordpress\/wp-content\/uploads\/2023\/07\/3324fae1-f9cc-4e0a-8370-4fe889f1c219.jpg'><img loading=\"lazy\" decoding=\"async\" width=\"150\" height=\"150\" src=\"https:\/\/www.radiopiu.net\/wordpress\/wp-content\/uploads\/2023\/07\/3324fae1-f9cc-4e0a-8370-4fe889f1c219-150x150.jpg\" class=\"attachment-thumbnail size-thumbnail\" alt=\"\" \/><\/a>\n\t\t\t\t<\/dt><\/dl>\n\t\t\t\t<br style='clear: both' \/>\n\t\t\t<\/div>\n\n<p>A <strong>San Vito<\/strong>\u00a0sono numerose le piante abbattute dalle raffiche, nella vicina\u00a0<strong>Borca\u00a0<\/strong>\u00e8 stata scoperchiata la casa cantoniera. Scoperchiata anche la colonia San Giovanni a <strong>Calalzo\u00a0<\/strong>e la Casa della Dottrina cristiana di<strong> San Pietro. <\/strong>Un albero caduto tra\u00a0<strong>Venas\u00a0<\/strong>e\u00a0<strong>Cibiana\u00a0<\/strong>ha interrotto il transito sulla Sp 347.\u00a0Problemi per la circolazione anche ad\u00a0<strong>Auronzo<\/strong>, con alberi spezzati dalla furia del vento che sono finiti in strada.<\/p>\n<p><strong>PASSO VALLES GRAZIE DUILIO DA CAMPO<\/strong><\/p>\n<p><iframe loading=\"lazy\" title=\"WhatsApp Video 2023 07 18 at 18 38 34 1\" width=\"1200\" height=\"675\" src=\"https:\/\/www.youtube.com\/embed\/e5ikEsdQfkw?feature=oembed\" frameborder=\"0\" allow=\"accelerometer; autoplay; clipboard-write; encrypted-media; gyroscope; picture-in-picture; web-share\" allowfullscreen><\/iframe><\/p>\n<p>&nbsp;<\/p>\n<p><strong>PIAN DI SALESEI. GRAZIE A CARLO ALBERTO\u00a0<\/strong><\/p>\n<p>&nbsp;<\/p>\n\n\t\t\t<style type='text\/css'>\n\t\t\t\t#gallery-2 {\n\t\t\t\t\tmargin: auto;\n\t\t\t\t}\n\t\t\t\t#gallery-2 .gallery-item {\n\t\t\t\t\tfloat: left;\n\t\t\t\t\tmargin-top: 10px;\n\t\t\t\t\ttext-align: center;\n\t\t\t\t\twidth: 25%;\n\t\t\t\t}\n\t\t\t\t#gallery-2 img {\n\t\t\t\t\tborder: 2px solid #cfcfcf;\n\t\t\t\t}\n\t\t\t\t#gallery-2 .gallery-caption {\n\t\t\t\t\tmargin-left: 0;\n\t\t\t\t}\n\t\t\t\t\/* see gallery_shortcode() in wp-includes\/media.php *\/\n\t\t\t<\/style>\n\t\t<div id='gallery-2' class='dt-gallery-container gallery galleryid-344553 gallery-columns-4 gallery-size-thumbnail'><dl class='gallery-item'>\n\t\t\t\t<dt class='gallery-icon portrait'>\n\t\t\t\t\t<a class=\"rollover rollover-zoom dt-pswp-item\" title=\"e1f3808f-7bdb-4e90-8488-ecf3efc447b7\" data-dt-img-description=\"\" data-large_image_width=\"1200\" data-large_image_height=\"1600\"href='https:\/\/www.radiopiu.net\/wordpress\/wp-content\/uploads\/2023\/07\/e1f3808f-7bdb-4e90-8488-ecf3efc447b7.jpg'><img loading=\"lazy\" decoding=\"async\" width=\"150\" height=\"150\" src=\"https:\/\/www.radiopiu.net\/wordpress\/wp-content\/uploads\/2023\/07\/e1f3808f-7bdb-4e90-8488-ecf3efc447b7-150x150.jpg\" class=\"attachment-thumbnail size-thumbnail\" alt=\"\" \/><\/a>\n\t\t\t\t<\/dt><\/dl><dl class='gallery-item'>\n\t\t\t\t<dt class='gallery-icon portrait'>\n\t\t\t\t\t<a class=\"rollover rollover-zoom dt-pswp-item\" title=\"45072ae6-804c-4890-9e5a-fec14831c252\" data-dt-img-description=\"\" data-large_image_width=\"1200\" data-large_image_height=\"1600\"href='https:\/\/www.radiopiu.net\/wordpress\/wp-content\/uploads\/2023\/07\/45072ae6-804c-4890-9e5a-fec14831c252.jpg'><img loading=\"lazy\" decoding=\"async\" width=\"150\" height=\"150\" src=\"https:\/\/www.radiopiu.net\/wordpress\/wp-content\/uploads\/2023\/07\/45072ae6-804c-4890-9e5a-fec14831c252-150x150.jpg\" class=\"attachment-thumbnail size-thumbnail\" alt=\"\" \/><\/a>\n\t\t\t\t<\/dt><\/dl><dl class='gallery-item'>\n\t\t\t\t<dt class='gallery-icon portrait'>\n\t\t\t\t\t<a class=\"rollover rollover-zoom dt-pswp-item\" title=\"c6a89963-ca39-4073-b07a-2949aba9a833\" data-dt-img-description=\"\" data-large_image_width=\"1200\" data-large_image_height=\"1600\"href='https:\/\/www.radiopiu.net\/wordpress\/wp-content\/uploads\/2023\/07\/c6a89963-ca39-4073-b07a-2949aba9a833.jpg'><img loading=\"lazy\" decoding=\"async\" width=\"150\" height=\"150\" src=\"https:\/\/www.radiopiu.net\/wordpress\/wp-content\/uploads\/2023\/07\/c6a89963-ca39-4073-b07a-2949aba9a833-150x150.jpg\" class=\"attachment-thumbnail size-thumbnail\" alt=\"\" \/><\/a>\n\t\t\t\t<\/dt><\/dl><dl class='gallery-item'>\n\t\t\t\t<dt class='gallery-icon portrait'>\n\t\t\t\t\t<a class=\"rollover rollover-zoom dt-pswp-item\" title=\"56c772cc-5dcb-40cf-801d-e092ed36aa4f\" data-dt-img-description=\"\" data-large_image_width=\"1200\" data-large_image_height=\"1600\"href='https:\/\/www.radiopiu.net\/wordpress\/wp-content\/uploads\/2023\/07\/56c772cc-5dcb-40cf-801d-e092ed36aa4f.jpg'><img loading=\"lazy\" decoding=\"async\" width=\"150\" height=\"150\" src=\"https:\/\/www.radiopiu.net\/wordpress\/wp-content\/uploads\/2023\/07\/56c772cc-5dcb-40cf-801d-e092ed36aa4f-150x150.jpg\" class=\"attachment-thumbnail size-thumbnail\" alt=\"\" \/><\/a>\n\t\t\t\t<\/dt><\/dl><br style=\"clear: both\" \/>\n\t\t\t<\/div>\n\n<p><strong>FALCADE-SAN PELLEGRINO (MAYA. LIA -VIABILITA&#8217; PROVINCIA BELLUNO_TELEGRAM<\/strong><\/p>\n\n\t\t\t<style type='text\/css'>\n\t\t\t\t#gallery-3 {\n\t\t\t\t\tmargin: auto;\n\t\t\t\t}\n\t\t\t\t#gallery-3 .gallery-item {\n\t\t\t\t\tfloat: left;\n\t\t\t\t\tmargin-top: 10px;\n\t\t\t\t\ttext-align: center;\n\t\t\t\t\twidth: 25%;\n\t\t\t\t}\n\t\t\t\t#gallery-3 img {\n\t\t\t\t\tborder: 2px solid #cfcfcf;\n\t\t\t\t}\n\t\t\t\t#gallery-3 .gallery-caption {\n\t\t\t\t\tmargin-left: 0;\n\t\t\t\t}\n\t\t\t\t\/* see gallery_shortcode() in wp-includes\/media.php *\/\n\t\t\t<\/style>\n\t\t<div id='gallery-3' class='dt-gallery-container gallery galleryid-344553 gallery-columns-4 gallery-size-thumbnail'><dl class='gallery-item'>\n\t\t\t\t<dt class='gallery-icon landscape'>\n\t\t\t\t\t<a class=\"rollover rollover-zoom dt-pswp-item\" title=\"361825792_178861391718297_6968613249732937175_n\" data-dt-img-description=\"\" data-large_image_width=\"2048\" data-large_image_height=\"1536\"href='https:\/\/www.radiopiu.net\/wordpress\/wp-content\/uploads\/2023\/07\/361825792_178861391718297_6968613249732937175_n-1.jpg'><img loading=\"lazy\" decoding=\"async\" width=\"150\" height=\"150\" src=\"https:\/\/www.radiopiu.net\/wordpress\/wp-content\/uploads\/2023\/07\/361825792_178861391718297_6968613249732937175_n-1-150x150.jpg\" class=\"attachment-thumbnail size-thumbnail\" alt=\"\" \/><\/a>\n\t\t\t\t<\/dt><\/dl><dl class='gallery-item'>\n\t\t\t\t<dt class='gallery-icon portrait'>\n\t\t\t\t\t<a class=\"rollover rollover-zoom dt-pswp-item\" title=\"64f74b9f-3b34-426f-beef-5d93dbca3992\" data-dt-img-description=\"\" data-large_image_width=\"960\" data-large_image_height=\"1280\"href='https:\/\/www.radiopiu.net\/wordpress\/wp-content\/uploads\/2023\/07\/64f74b9f-3b34-426f-beef-5d93dbca3992.jpg'><img loading=\"lazy\" decoding=\"async\" width=\"150\" height=\"150\" src=\"https:\/\/www.radiopiu.net\/wordpress\/wp-content\/uploads\/2023\/07\/64f74b9f-3b34-426f-beef-5d93dbca3992-150x150.jpg\" class=\"attachment-thumbnail size-thumbnail\" alt=\"\" \/><\/a>\n\t\t\t\t<\/dt><\/dl><dl class='gallery-item'>\n\t\t\t\t<dt class='gallery-icon landscape'>\n\t\t\t\t\t<a class=\"rollover rollover-zoom dt-pswp-item\" title=\"7f3e6fc2-5b60-4027-a622-b95b5f8c2dbe\" data-dt-img-description=\"\" data-large_image_width=\"1600\" data-large_image_height=\"1200\"href='https:\/\/www.radiopiu.net\/wordpress\/wp-content\/uploads\/2023\/07\/7f3e6fc2-5b60-4027-a622-b95b5f8c2dbe.jpg'><img loading=\"lazy\" decoding=\"async\" width=\"150\" height=\"150\" src=\"https:\/\/www.radiopiu.net\/wordpress\/wp-content\/uploads\/2023\/07\/7f3e6fc2-5b60-4027-a622-b95b5f8c2dbe-150x150.jpg\" class=\"attachment-thumbnail size-thumbnail\" alt=\"\" \/><\/a>\n\t\t\t\t<\/dt><\/dl><dl class='gallery-item'>\n\t\t\t\t<dt class='gallery-icon landscape'>\n\t\t\t\t\t<a class=\"rollover rollover-zoom dt-pswp-item\" title=\"48c72eb9-209b-4c54-ba40-de86c50735f6\" data-dt-img-description=\"\" data-large_image_width=\"1600\" data-large_image_height=\"1200\"href='https:\/\/www.radiopiu.net\/wordpress\/wp-content\/uploads\/2023\/07\/48c72eb9-209b-4c54-ba40-de86c50735f6.jpg'><img loading=\"lazy\" decoding=\"async\" width=\"150\" height=\"150\" src=\"https:\/\/www.radiopiu.net\/wordpress\/wp-content\/uploads\/2023\/07\/48c72eb9-209b-4c54-ba40-de86c50735f6-150x150.jpg\" class=\"attachment-thumbnail size-thumbnail\" alt=\"\" \/><\/a>\n\t\t\t\t<\/dt><\/dl><br style=\"clear: both\" \/><dl class='gallery-item'>\n\t\t\t\t<dt class='gallery-icon landscape'>\n\t\t\t\t\t<a class=\"rollover rollover-zoom dt-pswp-item\" title=\"21214d50-4639-4e2d-8c90-c93fbf182c9d\" data-dt-img-description=\"\" data-large_image_width=\"1600\" data-large_image_height=\"1200\"href='https:\/\/www.radiopiu.net\/wordpress\/wp-content\/uploads\/2023\/07\/21214d50-4639-4e2d-8c90-c93fbf182c9d.jpg'><img loading=\"lazy\" decoding=\"async\" width=\"150\" height=\"150\" src=\"https:\/\/www.radiopiu.net\/wordpress\/wp-content\/uploads\/2023\/07\/21214d50-4639-4e2d-8c90-c93fbf182c9d-150x150.jpg\" class=\"attachment-thumbnail size-thumbnail\" alt=\"\" \/><\/a>\n\t\t\t\t<\/dt><\/dl><dl class='gallery-item'>\n\t\t\t\t<dt class='gallery-icon portrait'>\n\t\t\t\t\t<a class=\"rollover rollover-zoom dt-pswp-item\" title=\"2fc5660c-f7ec-48db-b27d-392b55433afa\" data-dt-img-description=\"\" data-large_image_width=\"1200\" data-large_image_height=\"1600\"href='https:\/\/www.radiopiu.net\/wordpress\/wp-content\/uploads\/2023\/07\/2fc5660c-f7ec-48db-b27d-392b55433afa.jpg'><img loading=\"lazy\" decoding=\"async\" width=\"150\" height=\"150\" src=\"https:\/\/www.radiopiu.net\/wordpress\/wp-content\/uploads\/2023\/07\/2fc5660c-f7ec-48db-b27d-392b55433afa-150x150.jpg\" class=\"attachment-thumbnail size-thumbnail\" alt=\"\" \/><\/a>\n\t\t\t\t<\/dt><\/dl><dl class='gallery-item'>\n\t\t\t\t<dt class='gallery-icon portrait'>\n\t\t\t\t\t<a class=\"rollover rollover-zoom dt-pswp-item\" title=\"2c031f2f-0a32-434d-b3db-d95757be8411\" data-dt-img-description=\"\" data-large_image_width=\"1200\" data-large_image_height=\"1600\"href='https:\/\/www.radiopiu.net\/wordpress\/wp-content\/uploads\/2023\/07\/2c031f2f-0a32-434d-b3db-d95757be8411.jpg'><img loading=\"lazy\" decoding=\"async\" width=\"150\" height=\"150\" src=\"https:\/\/www.radiopiu.net\/wordpress\/wp-content\/uploads\/2023\/07\/2c031f2f-0a32-434d-b3db-d95757be8411-150x150.jpg\" class=\"attachment-thumbnail size-thumbnail\" alt=\"\" \/><\/a>\n\t\t\t\t<\/dt><\/dl>\n\t\t\t\t<br style='clear: both' \/>\n\t\t\t<\/div>\n\n<p>&nbsp;<\/p>\n<p><strong>CAMPOLONGO &#8211; SANTO STEFANO DI CADORE<\/strong><\/p>\n<div style=\"width: 848px;\" class=\"wp-video\"><video class=\"wp-video-shortcode\" id=\"video-344553-2\" width=\"848\" height=\"480\" preload=\"metadata\" controls=\"controls\"><source type=\"video\/mp4\" src=\"https:\/\/www.radiopiu.net\/wordpress\/wp-content\/uploads\/2023\/07\/WhatsApp-Video-2023-07-18-at-22.37.56.mp4?_=2\" \/><a href=\"https:\/\/www.radiopiu.net\/wordpress\/wp-content\/uploads\/2023\/07\/WhatsApp-Video-2023-07-18-at-22.37.56.mp4\">https:\/\/www.radiopiu.net\/wordpress\/wp-content\/uploads\/2023\/07\/WhatsApp-Video-2023-07-18-at-22.37.56.mp4<\/a><\/video><\/div>\n<p>&nbsp;<\/p>\n\n\t\t\t<style type='text\/css'>\n\t\t\t\t#gallery-4 {\n\t\t\t\t\tmargin: auto;\n\t\t\t\t}\n\t\t\t\t#gallery-4 .gallery-item {\n\t\t\t\t\tfloat: left;\n\t\t\t\t\tmargin-top: 10px;\n\t\t\t\t\ttext-align: center;\n\t\t\t\t\twidth: 33%;\n\t\t\t\t}\n\t\t\t\t#gallery-4 img {\n\t\t\t\t\tborder: 2px solid #cfcfcf;\n\t\t\t\t}\n\t\t\t\t#gallery-4 .gallery-caption {\n\t\t\t\t\tmargin-left: 0;\n\t\t\t\t}\n\t\t\t\t\/* see gallery_shortcode() in wp-includes\/media.php *\/\n\t\t\t<\/style>\n\t\t<div id='gallery-4' class='dt-gallery-container gallery galleryid-344553 gallery-columns-3 gallery-size-thumbnail'><dl class='gallery-item'>\n\t\t\t\t<dt class='gallery-icon portrait'>\n\t\t\t\t\t<a class=\"rollover rollover-zoom dt-pswp-item\" title=\"56345658-0a8c-4b79-b357-eb246814ad7b\" data-dt-img-description=\"\" data-large_image_width=\"576\" data-large_image_height=\"848\"href='https:\/\/www.radiopiu.net\/wordpress\/wp-content\/uploads\/2023\/07\/56345658-0a8c-4b79-b357-eb246814ad7b.jpg'><img loading=\"lazy\" decoding=\"async\" width=\"150\" height=\"150\" src=\"https:\/\/www.radiopiu.net\/wordpress\/wp-content\/uploads\/2023\/07\/56345658-0a8c-4b79-b357-eb246814ad7b-150x150.jpg\" class=\"attachment-thumbnail size-thumbnail\" alt=\"\" aria-describedby=\"gallery-4-344716\" \/><\/a>\n\t\t\t\t<\/dt>\n\t\t\t\t\t<dd class='wp-caption-text gallery-caption' id='gallery-4-344716'>\n\t\t\t\t\tPADOLA\n\t\t\t\t\t<\/dd><\/dl><dl class='gallery-item'>\n\t\t\t\t<dt class='gallery-icon landscape'>\n\t\t\t\t\t<a class=\"rollover rollover-zoom dt-pswp-item\" title=\"d6bdc134-1775-4abd-b1c8-72dff2295dac\" data-dt-img-description=\"\" data-large_image_width=\"1280\" data-large_image_height=\"960\"href='https:\/\/www.radiopiu.net\/wordpress\/wp-content\/uploads\/2023\/07\/d6bdc134-1775-4abd-b1c8-72dff2295dac.jpg'><img loading=\"lazy\" decoding=\"async\" width=\"150\" height=\"150\" src=\"https:\/\/www.radiopiu.net\/wordpress\/wp-content\/uploads\/2023\/07\/d6bdc134-1775-4abd-b1c8-72dff2295dac-150x150.jpg\" class=\"attachment-thumbnail size-thumbnail\" alt=\"\" aria-describedby=\"gallery-4-344717\" \/><\/a>\n\t\t\t\t<\/dt>\n\t\t\t\t\t<dd class='wp-caption-text gallery-caption' id='gallery-4-344717'>\n\t\t\t\t\tSANTO STEFANO\n\t\t\t\t\t<\/dd><\/dl><dl class='gallery-item'>\n\t\t\t\t<dt class='gallery-icon landscape'>\n\t\t\t\t\t<a class=\"rollover rollover-zoom dt-pswp-item\" title=\"84c4bbb9-ad68-4c8f-bacd-574c118471f3\" data-dt-img-description=\"\" data-large_image_width=\"1280\" data-large_image_height=\"960\"href='https:\/\/www.radiopiu.net\/wordpress\/wp-content\/uploads\/2023\/07\/84c4bbb9-ad68-4c8f-bacd-574c118471f3.jpg'><img loading=\"lazy\" decoding=\"async\" width=\"150\" height=\"150\" src=\"https:\/\/www.radiopiu.net\/wordpress\/wp-content\/uploads\/2023\/07\/84c4bbb9-ad68-4c8f-bacd-574c118471f3-150x150.jpg\" class=\"attachment-thumbnail size-thumbnail\" alt=\"\" aria-describedby=\"gallery-4-344718\" \/><\/a>\n\t\t\t\t<\/dt>\n\t\t\t\t\t<dd class='wp-caption-text gallery-caption' id='gallery-4-344718'>\n\t\t\t\t\tLONGARONE\n\t\t\t\t\t<\/dd><\/dl><br style=\"clear: both\" \/>\n\t\t\t<\/div>\n\n<p><strong>In Val Fiorentina, al campeggio Cadore di\u00a0Selva, un grosso albero si \u00e8 schiantato su una roulotte. Fortunatamente non si segnalano feriti.<\/strong><\/p>\n<p><a class=\"dt-pswp-item\" href=\"https:\/\/www.radiopiu.net\/wordpress\/wp-content\/uploads\/2023\/07\/Senza-nome-46.png\" data-dt-img-description=\"\" data-large_image_width=\"585\" data-large_image_height=\"336\"><img loading=\"lazy\" decoding=\"async\" class=\"size-medium wp-image-344749 aligncenter\" src=\"https:\/\/www.radiopiu.net\/wordpress\/wp-content\/uploads\/2023\/07\/Senza-nome-46-300x172.png\" alt=\"\" width=\"300\" height=\"172\" srcset=\"https:\/\/www.radiopiu.net\/wordpress\/wp-content\/uploads\/2023\/07\/Senza-nome-46-300x172.png 300w, https:\/\/www.radiopiu.net\/wordpress\/wp-content\/uploads\/2023\/07\/Senza-nome-46.png 585w\" sizes=\"auto, (max-width: 300px) 100vw, 300px\" \/><\/a><\/p>\n<figure class=\"inline-photo\"><picture><source srcset=\"https:\/\/www.gedistatic.it\/content\/gnn\/img\/corrierealpi\/2023\/07\/18\/195748193-64e4ee44-d4c0-465c-9568-7b903139051c.jpg?webp\" type=\"image\/webp\" media=\"(max-width: 767px)\" data-srcset=\"https:\/\/www.gedistatic.it\/content\/gnn\/img\/corrierealpi\/2023\/07\/18\/195748193-64e4ee44-d4c0-465c-9568-7b903139051c.jpg?webp\" \/><source srcset=\"https:\/\/www.gedistatic.it\/content\/gnn\/img\/corrierealpi\/2023\/07\/18\/195748193-64e4ee44-d4c0-465c-9568-7b903139051c.jpg?webp\" type=\"image\/webp\" data-srcset=\"https:\/\/www.gedistatic.it\/content\/gnn\/img\/corrierealpi\/2023\/07\/18\/195748193-64e4ee44-d4c0-465c-9568-7b903139051c.jpg?webp\" \/><source srcset=\"https:\/\/www.gedistatic.it\/content\/gnn\/img\/corrierealpi\/2023\/07\/18\/195748193-64e4ee44-d4c0-465c-9568-7b903139051c.jpg\" media=\"(max-width: 767px)\" data-srcset=\"https:\/\/www.gedistatic.it\/content\/gnn\/img\/corrierealpi\/2023\/07\/18\/195748193-64e4ee44-d4c0-465c-9568-7b903139051c.jpg\" \/><\/picture><\/figure>\n<p>&nbsp;<\/p>\n<p><strong>\u00a0LA GRANDINE A PASSO DURAN _Alessia.<\/strong><\/p>\n\n\t\t\t<style type='text\/css'>\n\t\t\t\t#gallery-5 {\n\t\t\t\t\tmargin: auto;\n\t\t\t\t}\n\t\t\t\t#gallery-5 .gallery-item {\n\t\t\t\t\tfloat: left;\n\t\t\t\t\tmargin-top: 10px;\n\t\t\t\t\ttext-align: center;\n\t\t\t\t\twidth: 50%;\n\t\t\t\t}\n\t\t\t\t#gallery-5 img {\n\t\t\t\t\tborder: 2px solid #cfcfcf;\n\t\t\t\t}\n\t\t\t\t#gallery-5 .gallery-caption {\n\t\t\t\t\tmargin-left: 0;\n\t\t\t\t}\n\t\t\t\t\/* see gallery_shortcode() in wp-includes\/media.php *\/\n\t\t\t<\/style>\n\t\t<div id='gallery-5' class='dt-gallery-container gallery galleryid-344553 gallery-columns-2 gallery-size-thumbnail'><dl class='gallery-item'>\n\t\t\t\t<dt class='gallery-icon portrait'>\n\t\t\t\t\t<a class=\"rollover rollover-zoom dt-pswp-item\" title=\"361812610_303527432245305_5905890902527041032_n\" data-dt-img-description=\"\" data-large_image_width=\"280\" data-large_image_height=\"607\"href='https:\/\/www.radiopiu.net\/wordpress\/wp-content\/uploads\/2023\/07\/361812610_303527432245305_5905890902527041032_n.jpg'><img loading=\"lazy\" decoding=\"async\" width=\"150\" height=\"150\" src=\"https:\/\/www.radiopiu.net\/wordpress\/wp-content\/uploads\/2023\/07\/361812610_303527432245305_5905890902527041032_n-150x150.jpg\" class=\"attachment-thumbnail size-thumbnail\" alt=\"\" \/><\/a>\n\t\t\t\t<\/dt><\/dl><dl class='gallery-item'>\n\t\t\t\t<dt class='gallery-icon portrait'>\n\t\t\t\t\t<a class=\"rollover rollover-zoom dt-pswp-item\" title=\"361901855_602430608685154_6641125853196346439_n\" data-dt-img-description=\"\" data-large_image_width=\"280\" data-large_image_height=\"607\"href='https:\/\/www.radiopiu.net\/wordpress\/wp-content\/uploads\/2023\/07\/361901855_602430608685154_6641125853196346439_n.jpg'><img loading=\"lazy\" decoding=\"async\" width=\"150\" height=\"150\" src=\"https:\/\/www.radiopiu.net\/wordpress\/wp-content\/uploads\/2023\/07\/361901855_602430608685154_6641125853196346439_n-150x150.jpg\" class=\"attachment-thumbnail size-thumbnail\" alt=\"\" \/><\/a>\n\t\t\t\t<\/dt><\/dl><br style=\"clear: both\" \/>\n\t\t\t<\/div>\n\n<p>&nbsp;<\/p>\n<hr \/>\n<p>&nbsp;<\/p>\n<blockquote>\n<h3>TANTE RICHIESTE DI AIUTO AL 118 DURANTE IL MALTEMPO<\/h3>\n<\/blockquote>\n<p><strong><a class=\"dt-pswp-item\" href=\"https:\/\/www.radiopiu.net\/wordpress\/wp-content\/uploads\/2018\/08\/soccorsoalpino.jpg\" data-dt-img-description=\"\" data-large_image_width=\"1200\" data-large_image_height=\"1200\"><img loading=\"lazy\" decoding=\"async\" class=\" wp-image-59164 alignleft\" src=\"https:\/\/www.radiopiu.net\/wordpress\/wp-content\/uploads\/2018\/08\/soccorsoalpino-300x300.jpg\" alt=\"\" width=\"151\" height=\"151\" srcset=\"https:\/\/www.radiopiu.net\/wordpress\/wp-content\/uploads\/2018\/08\/soccorsoalpino-300x300.jpg 300w, https:\/\/www.radiopiu.net\/wordpress\/wp-content\/uploads\/2018\/08\/soccorsoalpino-150x150.jpg 150w, https:\/\/www.radiopiu.net\/wordpress\/wp-content\/uploads\/2018\/08\/soccorsoalpino-768x768.jpg 768w, https:\/\/www.radiopiu.net\/wordpress\/wp-content\/uploads\/2018\/08\/soccorsoalpino-1024x1024.jpg 1024w, https:\/\/www.radiopiu.net\/wordpress\/wp-content\/uploads\/2018\/08\/soccorsoalpino.jpg 1200w\" sizes=\"auto, (max-width: 151px) 100vw, 151px\" \/><\/a>BELLUNO<\/strong> Scoppia il maltempo, tante le richieste di aiuto arrivate alla Centrale del 118 nel tardo pomeriggio di ieri.\u00a0 In un breve lasso di tempo dalle 17.20 alle 18 circa sono state numerose le chiamate per attivare i soccorsi. Alcune persone hanno segnalato mancati rientri, che fortunatamente si sono rivelati solo ritardi. Diversi gli interventi. Il Soccorso alpino di Pieve di Cadore \u00e8 stato inviato lungo il sentiero che da Dubiea scende a Perarolo, per un ciclista che era caduto dalla propria mountain bike. Il 61enne di San Vito di Cadore (BL) \u00e8 stato imbarellato e trasportato assicurato alla corda lungo la discesa fino ai mezzi, per poi essere condotto all&#8217;ospedale di Pieve con un possibile trauma al ginocchio. Una squadra del Soccorso alpino di Cortina, percorrendo dall&#8217;alto la Ferrata Sci Club 18, ha raggiunto due coppie di turisti rumeni, che a causa del temporale si erano bloccate a 100 metri dall&#8217;uscita. I soccorritori li hanno affiancati nel risalire l&#8217;ultimo tratto e riportati a valle. L&#8217;elicottero del Suem di Pieve di Cadore, dopo aver imbarcato un tecnico del Soccorso alpino di Agordo per indirizzare l&#8217;equipaggio, si \u00e8 diretto verso la Ferrata Costantini sulla Moiazza, poich\u00e9 un escursionista polacco, durante la salita dell&#8217;itinerario attrezzato era stato colto da una forte grandinata. Individuato, il 28enne \u00e8 stato recuperato con il verricello e lasciato al Rifugio Carestiato. Il Soccorso alpino di Belluno \u00e8 invece salito sulla Cima del Monte Peron, dove fratello e sorella, 19 e 21 anni di San Don\u00e0 di Piave (VE), dopo il temporale, erano bloccati in cresta, fradici e infreddoliti, in un punto ripido e reso scivoloso dall&#8217;acqua, molto rischioso da superare. Una squadra si \u00e8 avvicinata con i mezzi finch\u00e9 non ha trovato una pianta abbattuta dal vento sulla sede stradale. I soccorritori hanno quindi proseguito a piedi, sono saliti per il sentiero e hanno raggiunto i ragazzi. Dopo averli assicurati per superare il passaggio impegnativo, li hanno condotti fino a Pian dei Castaldi. Nel frattempo una seconda squadra aveva liberato la strada e portato le jeep pi\u00f9 vicine all&#8217;uscita del sentiero.<\/p>\n<p>&nbsp;<\/p>\n<hr \/>\n<p>&nbsp;<\/p>\n<p><strong>OGGI SUL CORRIERE DELLE ALPI, DI GIGI SOSSO\u00a0<\/strong><\/p>\n<blockquote>\n<h3>Moglie e figlia senza velo: minacce e violenze in casa chiesti 6 anni di carcere<\/h3>\n<\/blockquote>\n<div id=\"articleContent\" class=\"mercuryWrapper\">\n<div class=\"mercuryScroller\">\n<div class=\"mercuryElement\">\n<div class=\"mercuryBox\">\n<div id=\"articlePlain\">\n<div class=\"articlePlainText\">Moglie e figlia vestivano all&#8217;occidentale. E soprattutto non indossavano il velo islamico. Questo era insopportabile agli occhi di un 35enne di nazionalit\u00e0 marocchina, che avrebbe instaurato un regime di terrore a sfondo religioso, in una casa di Feltre. Fino a quando \u00e8 stato prima arrestato e poi portato in tribunale. Ora la Procura chiede una condanna a sei anni di reclusione.<\/div>\n<\/div>\n<\/div>\n<\/div>\n<\/div>\n<\/div>\n<p>&nbsp;<\/p>\n<p>&nbsp;<\/p>\n<hr \/>\n<p>&nbsp;<\/p>\n<blockquote>\n<h3>DA OTTOBRE PARTE LA RACCOLTA RIFIUTI PORTA A PORTA A SANTA GIUSTINA<\/h3>\n<\/blockquote>\n<p><strong><a class=\"dt-pswp-item\" href=\"https:\/\/www.radiopiu.net\/wordpress\/wp-content\/uploads\/2020\/10\/Raccolta_Ponte_nelle_Alpi.jpg\" data-dt-img-description=\"\" data-large_image_width=\"924\" data-large_image_height=\"616\"><img loading=\"lazy\" decoding=\"async\" class=\" wp-image-166380 alignleft\" src=\"https:\/\/www.radiopiu.net\/wordpress\/wp-content\/uploads\/2020\/10\/Raccolta_Ponte_nelle_Alpi-300x200.jpg\" alt=\"\" width=\"150\" height=\"100\" srcset=\"https:\/\/www.radiopiu.net\/wordpress\/wp-content\/uploads\/2020\/10\/Raccolta_Ponte_nelle_Alpi-300x200.jpg 300w, https:\/\/www.radiopiu.net\/wordpress\/wp-content\/uploads\/2020\/10\/Raccolta_Ponte_nelle_Alpi-768x512.jpg 768w, https:\/\/www.radiopiu.net\/wordpress\/wp-content\/uploads\/2020\/10\/Raccolta_Ponte_nelle_Alpi.jpg 924w\" sizes=\"auto, (max-width: 150px) 100vw, 150px\" \/><\/a>SANTA GIUSTINA<\/strong> Il Comune di Santa Giustina ha deciso di ampliare il sistema di raccolta domiciliare al fine di migliorare le percentuali di riciclo e garantire un ambiente pi\u00f9 pulito. Il nuovo progetto di &#8220;porta a porta integrale&#8221; prender\u00e0 il via il primo ottobre 2023 e consentir\u00e0 di raccogliere una maggiore quantit\u00e0 di rifiuti riciclabili. Sar\u00e0 introdotta la raccolta domiciliare di carta\/cartone e vetro, eliminando i contenitori stradali. Inoltre, il vetro sar\u00e0 conferito insieme agli imballaggi in plastica e alle lattine (VPL). Sar\u00e0 distribuito gratuitamente un kit per la raccolta porta a porta, composto da bidoni carrellati per carta\/cartone e vetro accorpato a plastica e lattine, oltre a materiale informativo. Le utenze non domestiche e le utenze stagionali non residenti riceveranno informazioni dettagliate sulle nuove modalit\u00e0 di raccolta dei rifiuti. Saranno organizzati incontri pubblici per spiegare il nuovo sistema, che prevede anche il potenziamento della raccolta del rifiuto organico, l&#8217;incremento delle zone di raccolta e la modifica delle modalit\u00e0 di accesso ai contenitori per pannolini e presidi medico-sanitari.<\/p>\n<p>&nbsp;<\/p>\n<p>&nbsp;<\/p>\n<hr \/>\n<p>&nbsp;<\/p>\n<blockquote>\n<h3>NEVEGAL, PULIZIA DEI SENTIERI: UNA TRENTINA DI VOLONTARI ALL&#8217;OPERA NELLA ZONA OVEST DEL COLLE<\/h3>\n<\/blockquote>\n<p><strong><a class=\"dt-pswp-item\" href=\"https:\/\/www.radiopiu.net\/wordpress\/wp-content\/uploads\/2023\/07\/Pulizia-sentieri-Nevegal-16-luglio-2.jpg\" data-dt-img-description=\"\" data-large_image_width=\"2048\" data-large_image_height=\"1536\"><img loading=\"lazy\" decoding=\"async\" class=\" wp-image-344615 alignleft\" src=\"https:\/\/www.radiopiu.net\/wordpress\/wp-content\/uploads\/2023\/07\/Pulizia-sentieri-Nevegal-16-luglio-2-300x225.jpg\" alt=\"\" width=\"159\" height=\"119\" srcset=\"https:\/\/www.radiopiu.net\/wordpress\/wp-content\/uploads\/2023\/07\/Pulizia-sentieri-Nevegal-16-luglio-2-300x225.jpg 300w, https:\/\/www.radiopiu.net\/wordpress\/wp-content\/uploads\/2023\/07\/Pulizia-sentieri-Nevegal-16-luglio-2-1024x768.jpg 1024w, https:\/\/www.radiopiu.net\/wordpress\/wp-content\/uploads\/2023\/07\/Pulizia-sentieri-Nevegal-16-luglio-2-768x576.jpg 768w, https:\/\/www.radiopiu.net\/wordpress\/wp-content\/uploads\/2023\/07\/Pulizia-sentieri-Nevegal-16-luglio-2-1536x1152.jpg 1536w, https:\/\/www.radiopiu.net\/wordpress\/wp-content\/uploads\/2023\/07\/Pulizia-sentieri-Nevegal-16-luglio-2.jpg 2048w\" sizes=\"auto, (max-width: 159px) 100vw, 159px\" \/><\/a>BELLUNO <\/strong>L&#8217;associazione Belluno Alpina ha organizzato con successo una giornata di pulizia dei sentieri nella zona ovest del Neveg\u00e0l. Nonostante il caldo, oltre 30 volontari hanno partecipato all&#8217;iniziativa, dimostrando un grande senso di partecipazione e appartenenza alla comunit\u00e0. I volontari hanno utilizzato motoseghe, decespugliatori, roncole e picconi per ripulire i sentieri e ridipingere i segnavia, rendendo i percorsi pi\u00f9 sicuri. Sono stati puliti sentieri che attraversano le frazioni di Ronce, Piandelmonte, Tassei e Medil, per un totale di oltre dieci chilometri di tracciati. I risultati sono gi\u00e0 evidenti, con un aumento del numero di escursionisti e ciclisti che frequentano quest&#8217;area poco conosciuta del massiccio del Visentin. Durante la giornata, \u00e8 stato anche discusso il recupero dell&#8217;ex scuola di Ronce, vista come un polo per il territorio prealpino e un luogo di incontro e organizzazione per le associazioni locali. Belluno Alpina ringrazia tutti i volontari e il Comune di Belluno per il supporto fornito e auspica una futura collaborazione ancora pi\u00f9 stretta per valorizzare e arricchire ulteriormente i percorsi escursionistici della zona.<\/p>\n<p>&nbsp;<\/p>\n<p>&nbsp;<\/p>\n<hr \/>\n<p>&nbsp;<\/p>\n<blockquote>\n<h3 class=\"_title post-title entry-title\">SANTO STEFANO DI CADORE | LA HUTTER IN SILENZIO. IN OTTOBRE IRRUZIONE DELLA POLIZIA NELLA CASA DI FAMIGLIA<\/h3>\n<\/blockquote>\n<p>dal TG di Antenna 3, ogni sera alle 19.30 sul canale 10 del digitale terrestre, alle 19.10 le anticipazioni alla radio&#8230; Pi\u00f9<\/p>\n<p>di\u00a0<a href=\"https:\/\/antennatre.medianordest.it\/redazione\/Tiziana-Bolognani\/\">Tiziana Bolognan<\/a>i<\/p>\n<p><iframe loading=\"lazy\" title=\"LA HUTTER IN SILENZIO. IN OTTOBRE IRRUZIONE DELLA POLIZIA NELLA CASA DI FAMIGLIA    | 18\/07\/2023\" width=\"1200\" height=\"675\" src=\"https:\/\/www.youtube.com\/embed\/B1PRx686FFI?start=1&#038;feature=oembed\" frameborder=\"0\" allow=\"accelerometer; autoplay; clipboard-write; encrypted-media; gyroscope; picture-in-picture; web-share\" allowfullscreen><\/iframe><\/p>\n<p>&nbsp;<\/p>\n<hr \/>\n<p>&nbsp;<\/p>\n<blockquote>\n<h3>UNA CAMPAGNA SULLA SICUREZZA STRADALE A CURA DI ANAS<\/h3>\n<\/blockquote>\n<p><strong>ROMA <\/strong>Basta con le distrazioni. Basta con l\u2019uso del cellulare. Basta con l\u2019uso di alcol e droghe. Mettersi alla guida dell\u2019auto \u00e8 un atto di responsabilit\u00e0 e di rispetto delle regole. Il viaggio su strada non pu\u00f2 rappresentare un rischio per la propria vita e quella degli altri. Nel nuovo spot sulla sicurezza stradale\u00a0 Anas (Societ\u00e0 del Polo Infrastrutture del Gruppo FS Italiane) rilancia questi messaggi che dal 2015 sta divulgando nella sua campagna con uno slogan diretto e chiaro: \u201cQuando guidi, Guida e Basta\u201d.<\/p>\n<p><strong>LO SPOT<\/strong><\/p>\n<p><iframe loading=\"lazy\" title=\"Spot Anas Guida e Basta 2023\" width=\"1200\" height=\"675\" src=\"https:\/\/www.youtube.com\/embed\/JiU0PIZTcOI?feature=oembed\" frameborder=\"0\" allow=\"accelerometer; autoplay; clipboard-write; encrypted-media; gyroscope; picture-in-picture; web-share\" allowfullscreen><\/iframe><\/p>\n<p>&nbsp;<\/p>\n<hr \/>\n<p>&nbsp;<\/p>\n<blockquote>\n<h3><a class=\"dt-pswp-item\" href=\"https:\/\/www.radiopiu.net\/wordpress\/wp-content\/uploads\/2023\/07\/ponte-veneggia_edited.jpg\" data-dt-img-description=\"\" data-large_image_width=\"1000\" data-large_image_height=\"703\"><img loading=\"lazy\" decoding=\"async\" class=\" wp-image-344750 alignleft\" src=\"https:\/\/www.radiopiu.net\/wordpress\/wp-content\/uploads\/2023\/07\/ponte-veneggia_edited-300x211.jpg\" alt=\"\" width=\"198\" height=\"139\" srcset=\"https:\/\/www.radiopiu.net\/wordpress\/wp-content\/uploads\/2023\/07\/ponte-veneggia_edited-300x211.jpg 300w, https:\/\/www.radiopiu.net\/wordpress\/wp-content\/uploads\/2023\/07\/ponte-veneggia_edited-768x540.jpg 768w, https:\/\/www.radiopiu.net\/wordpress\/wp-content\/uploads\/2023\/07\/ponte-veneggia_edited.jpg 1000w\" sizes=\"auto, (max-width: 198px) 100vw, 198px\" \/><\/a>PONTE VENEGGIA: DUE MESI DI CHIUSURA<\/h3>\n<\/blockquote>\n<p><strong>BELLUNO<\/strong> Il ponte sar\u00e0 chiuso per due mesi, a partire dalla seconda met\u00e0 di agosto e fino alla fine di ottobre. Il cantiere per la sistemazione dell&#8217;infrastruttura e la costruzione di una passerella ciclopedonale richieder\u00e0 pi\u00f9 tempo del previsto. La chiusura quindi non sar\u00e0 relegata ai mesi estivi, periodo in cui il traffico \u00e8 decisamente pi\u00f9 snello. Le prime settimane di scuola dovranno fare i conti con una viabilit\u00e0 che sar\u00e0 necessariamente modificata.<\/p>\n<p>Il ponte quindi sar\u00e0 chiuso, per due mesi. Come bypass sar\u00e0 utilizzata la strada interna della Veneggia. Ma sar\u00e0 possibile anche passare per il parcheggio del centro Veneggia<\/p>\n<p>&nbsp;<\/p>\n<hr \/>\n<p>&nbsp;<\/p>\n<blockquote>\n<h3>LUNEDI A CANALE D&#8217;AGORDO IL BILANCIO<\/h3>\n<\/blockquote>\n<p><strong>CANALE D&#8217;AGORDO<\/strong> Lunedi alle 20 in sala Zando&#8217; si riunisce il consiglio comunale. All&#8217;ordine del giorno il bilancio di previsione e l&#8217;autorizzazione alla costituzione di garanzia<\/p>\n<p>&nbsp;<\/p>\n<blockquote>\n<h3>MARTEDI IL RICONOSIMENTO DEI DEBITI FUORI BILANCIO<\/h3>\n<\/blockquote>\n<p><strong>ROCCA PIETORE<\/strong> Martedi alle 18.30 consiglio comunale, all&#8217;ordine del giorno il programma triennale delle opere pubbliche, variazioni al bilancio, riconoscimento debiti fuori bilancio, assestamento di bilancio, approvazione schema di concessione d&#8217;uso a titolo gratuito degli immobili destinati ad ecocentro all&#8217;unione montana;\u00a0 approvazione progetto ampliamento ecentro Le Pale. Approvazione bilancio Asca.<\/p>\n<p>&nbsp;<\/p>\n<p>&nbsp;<\/p>\n<blockquote>\n<h3>IERI SERA AD AGORDO IL CONSIGLIO DELL&#8217;UNIONE MONTANA.<\/h3>\n<\/blockquote>\n<p><strong class=\"photoswipe-wrapper\">AGORDO<\/strong> Il Presidente dell\u2019Unione Montana Agordina Paolo Frena ha convocato il consiglio per trattare 4 punti all\u2019ordine del giorno. Tra questi si parler\u00e0 del regolamento dei controlli interni e l<strong>\u2019affidamento della gestione dei rifiuti da parte del consiglio del bacino a Valpe Ambiente.<\/strong> Diretta sui canali social di Radio Pi\u00f9<\/p>\n<p><strong>LA DIRETTA RADIO PIU&#8217; &#8211; VIDEO 1<\/strong><\/p>\n<p>https:\/\/www.facebook.com\/marco.baghy.1\/videos\/810911943997258\/?<\/p>\n<p>&nbsp;<\/p>\n<p><strong>LA DIRETTA RADIO PIU&#8217; &#8211; VIDEO 2<\/strong><\/p>\n<p>https:\/\/www.facebook.com\/marco.baghy.1\/videos\/275963301788405<\/p>\n<p>&nbsp;<\/p>\n<p>&nbsp;<\/p>\n<hr \/>\n<p>&nbsp;<\/p>\n<blockquote>\n<h3>CICLABILE BRIBANO-CENCENIGHE: SI SPERA DI APPALTARE I LAVORI ENTRO FINE 2023<\/h3>\n<\/blockquote>\n<p><strong><a class=\"dt-pswp-item\" href=\"https:\/\/www.radiopiu.net\/wordpress\/wp-content\/uploads\/2023\/04\/PAOLO-FRENA.png\" data-dt-img-description=\"\" data-large_image_width=\"292\" data-large_image_height=\"223\"><img loading=\"lazy\" decoding=\"async\" class=\" wp-image-331937 alignleft\" src=\"https:\/\/www.radiopiu.net\/wordpress\/wp-content\/uploads\/2023\/04\/PAOLO-FRENA.png\" alt=\"\" width=\"144\" height=\"110\" \/><\/a>AGORDO<\/strong><\/p>\n<p>di Gianni Santomaso<\/p>\n<audio class=\"wp-audio-shortcode\" id=\"audio-344553-3\" preload=\"none\" style=\"width: 100%;\" controls=\"controls\"><source type=\"audio\/mpeg\" src=\"https:\/\/www.radiopiu.net\/wordpress\/wp-content\/uploads\/2023\/07\/GIANNI-CICLABILE-BRIBANO-CENCENIGHE-SI-SPERA-DI-APPALTARE-I-LAVORI-ENTRO-FINE-2023.mp3?_=3\" \/><a href=\"https:\/\/www.radiopiu.net\/wordpress\/wp-content\/uploads\/2023\/07\/GIANNI-CICLABILE-BRIBANO-CENCENIGHE-SI-SPERA-DI-APPALTARE-I-LAVORI-ENTRO-FINE-2023.mp3\">https:\/\/www.radiopiu.net\/wordpress\/wp-content\/uploads\/2023\/07\/GIANNI-CICLABILE-BRIBANO-CENCENIGHE-SI-SPERA-DI-APPALTARE-I-LAVORI-ENTRO-FINE-2023.mp3<\/a><\/audio>\n<p>&nbsp;<\/p>\n<hr \/>\n<p>&nbsp;<\/p>\n<blockquote>\n<h3>DILLO A RADIOPIU&#8230;&#8221;PER CAMPARE DECENTEMENTE QUI SI IMPROVVISA&#8221;<\/h3>\n<\/blockquote>\n<p><strong><img loading=\"lazy\" decoding=\"async\" class=\"alignleft\" src=\"https:\/\/www.radiopiu.net\/wordpress\/wp-content\/uploads\/2020\/06\/102e3b2d-2b34-4aa0-8ed8-2bb1a098098a.jpg\" width=\"228\" height=\"171\" \/>REDAZIONE<\/strong> Trasporti e Dolomitibus, il servizio nell&#8217;Agordino continua a far discutere. Nuovo argomento, l&#8217;episodio \u00e8 raccontato da Franco<\/p>\n<p><em>&#8220;Dovevo fare l&#8217;abbonamento mensile Falcade-Agordo, non avevo la possibilit\u00e0 di scaricare on line il modulo necessario, ho chiamato al numero fisso della biglietteria in stazione ad Agordo negli orari prestabiliti dalle 7.40 alle 11.40 avr\u00f2 provato 10 volte in pi\u00f9 giorni&#8230; nulla nessuna risposta e poi recandomi di persona ecco un&#8217;altra utente di San Tomaso, avvilita per lo stesso motivo. Ci siamo recati appositamente per risolvere una cosa che potevano benissimo fare anche per telefono, bastava rispondere. Questi sono solo esempi che portano sconforto, siamo in montagna e a quanto pare ci dobbiamo improvvisare in tutto per campare decentemente.<\/em><\/p>\n<blockquote class=\"gmail_quote\">\n<div dir=\"auto\"><strong>Da Moena al passo San Pellegrino ci sono autobus che nell&#8217;arco della giornata coprono la tratta in questione in\u00a0 entrambi i sensi spesso. Dal passo a Falcade solo al mattino alle 8.25 e alle 10.40 e mai nell&#8217;altro senso\u00a0<\/strong><\/div>\n<div dir=\"auto\"><\/div>\n<div dir=\"auto\"><\/div>\n<\/blockquote>\n<div dir=\"auto\">\n<hr \/>\n<\/div>\n<blockquote class=\"gmail_quote\">\n<h3 dir=\"auto\"><\/h3>\n<h3 dir=\"auto\">DILLO A RADIO PIU &#8220;Il digitale: una trappola senza piano B&#8221;<\/h3>\n<\/blockquote>\n<blockquote><p><em><img loading=\"lazy\" decoding=\"async\" class=\"alignleft\" src=\"https:\/\/www.radiopiu.net\/wordpress\/wp-content\/uploads\/2021\/03\/istockphoto-1157011931-170667a.jpg\" width=\"278\" height=\"186\" \/>&#8220;La fragilit\u00e0 delle infrastrutture digitali nelle zone rurali mette a rischio la vita quotidiana&#8221;<\/em><\/p><\/blockquote>\n<p>La mancanza di connessione e i problemi di accesso internet minacciano la sicurezza e lo sviluppo delle comunit\u00e0 rurali. Nelle zone rurali di tutto il paese, l&#8217;accesso affidabile e veloce a Internet \u00e8 diventato un requisito essenziale per la vita quotidiana. Tuttavia, la fragilit\u00e0 delle infrastrutture digitali in queste aree sta mettendo a rischio la sicurezza e il benessere delle persone che vi risiedono. Il divario digitale tra le comunit\u00e0 rurali e le aree urbane si sta allargando, creando disparit\u00e0 nell&#8217;accesso all&#8217;informazione, all&#8217;istruzione, ai servizi sanitari e a molte altre risorse essenziali.<\/p>\n<p>&nbsp;<\/p>\n<p><strong>di ILIANA COMINA<\/strong><\/p>\n<p>Io con il \u201cil digitale\u201d ci lavoro, ma mi rendo sempre pi\u00f9 conto di che trappola sia e stia diventando, si fa tanto parlare di tecnologia che cambia e migliora la vita, accorcia le distanze e fa risparmiare tempo, un bello spot ma niente pi\u00f9 di questo. Mi riferisco alle reti internet che forse in citt\u00e0 funzionano egregiamente anche perch\u00e8 sono molteplici i fornitori di servizi, ma da noi? Da noi, in montagna non fila sempre tutto liscio, anzi, le infrastrutture sembrano molto pi\u00f9 fragili e precarie, questa estate siamo con l\u2019internet \u201ca singhiozzo\u201d e poco male se non funzionano i social cosi magari sorridiamo a chi vediamo per strada ma il problema si fa serio quando in farmacia non si pu\u00f2 consultare una ricetta magari urgente o non si pu\u00f2 fare un pagamento al supermercato, magari ci serve proprio l\u2019acqua\u2026va da se che se manca la connessione puoi andare a piangere al bancomat ma il denaro non uscir\u00e0 nemmeno da li. Ora\u2026nessun animale avrebbe progettato il suo intero ecosistema di vita sociale economica e sanitaria su una risorsa cos\u00ec fallibile come la connessione internet. Senza un piano B intendo. Connessione pu\u00f2 essere uccisa anche solo per un guasto elettrico o per l\u2019attacco di qualche \u201ccattivo\u201d che ha realmente il potere di rubare i nostri soldi, l\u2019identit\u00e0, l\u2019accesso ai servizi e a cascata la nostra intera vita, si anche quella biologica perch\u00e8 se in farmacia non riesco a ritirare un farmaco salvavita come il mio inalatore e sfortunatamente oggi pomeriggio mi viene una crisi d\u2019asma per il caldo e sono magari in un posto dove il cellulare \u201cnon prende\u201d perch\u00e8 la connessione \u201cnon va\u201d sono morta. Punto. Nessuno (di quelli che contano, che prendono decisioni per la collettivit\u00e0) si pone questo problema, che \u00e8 mastodontico. Anzi\u2026si irride chi pone dei dubbi sull\u2019obbligo dello scambio del denaro solo in digitale perch\u00e8 la carta moneta \u00e8 obsoleta\u2026perch\u00e8 il tracciamento vale pi\u00f9 della POSSIBILITA\u2019 di acquistare l\u2019acqua in estate con 35 gradi che evita di farti venire un collasso. Siamo topi che hanno costruito una grande ruota panoramica senza freni\u2026e nessuno si sta ponendo la domanda \u201ccome scendiamo?\u201d<\/p>\n<p>&nbsp;<\/p>\n<p>&nbsp;<\/p>\n<p>&nbsp;<\/p>\n<p>&nbsp;<\/p>\n<hr \/>\n<p>&nbsp;<\/p>\n<blockquote>\n<h3><strong>Santo Stefano: conferito incarico definitivo al dr. Alessandro Bettini<\/strong><\/h3>\n<\/blockquote>\n<p>A seguito delle procedure regionali di copertura della zona carente, a partire <strong>dal 1 agosto 2023<\/strong> sar\u00e0 conferito al <strong>dr. Alessandro Bettini<\/strong> l\u2019incarico definitivo di medico di assistenza primaria nell\u2019ambito dei Comuni di Comelico Superiore, Danta di Cadore, San Nicol\u00f2 di Comelico, San Pietro di Cadore e Santo Stefano di Cadore. Il dr. Bettini svolger\u00e0 l\u2019attivit\u00e0 negli ambulatori di Comelico Superiore, in localit\u00e0 Casamazzagno, e di Santo Stefano, continuando a far parte della Medicina di Gruppo Integrata \u201cComelico\u201d.<\/p>\n<p>&nbsp;<\/p>\n<hr \/>\n<p>&nbsp;<\/p>\n<blockquote>\n<h3><a class=\"dt-pswp-item\" href=\"https:\/\/www.radiopiu.net\/wordpress\/wp-content\/uploads\/2023\/07\/PRESIDENTE-BURIGO-E-TEAM-REGIONE-VENETO-SOPRALLUOGHI.jpeg\" data-dt-img-description=\"\" data-large_image_width=\"1600\" data-large_image_height=\"900\"><img loading=\"lazy\" decoding=\"async\" class=\" wp-image-344634 alignleft\" src=\"https:\/\/www.radiopiu.net\/wordpress\/wp-content\/uploads\/2023\/07\/PRESIDENTE-BURIGO-E-TEAM-REGIONE-VENETO-SOPRALLUOGHI-300x169.jpeg\" alt=\"\" width=\"213\" height=\"120\" srcset=\"https:\/\/www.radiopiu.net\/wordpress\/wp-content\/uploads\/2023\/07\/PRESIDENTE-BURIGO-E-TEAM-REGIONE-VENETO-SOPRALLUOGHI-300x169.jpeg 300w, https:\/\/www.radiopiu.net\/wordpress\/wp-content\/uploads\/2023\/07\/PRESIDENTE-BURIGO-E-TEAM-REGIONE-VENETO-SOPRALLUOGHI-1024x576.jpeg 1024w, https:\/\/www.radiopiu.net\/wordpress\/wp-content\/uploads\/2023\/07\/PRESIDENTE-BURIGO-E-TEAM-REGIONE-VENETO-SOPRALLUOGHI-768x432.jpeg 768w, https:\/\/www.radiopiu.net\/wordpress\/wp-content\/uploads\/2023\/07\/PRESIDENTE-BURIGO-E-TEAM-REGIONE-VENETO-SOPRALLUOGHI-1536x864.jpeg 1536w, https:\/\/www.radiopiu.net\/wordpress\/wp-content\/uploads\/2023\/07\/PRESIDENTE-BURIGO-E-TEAM-REGIONE-VENETO-SOPRALLUOGHI.jpeg 1600w\" sizes=\"auto, (max-width: 213px) 100vw, 213px\" \/><\/a> CICLOVIA DOLOMITI-VENEZIA<\/h3>\n<\/blockquote>\n<p><strong>LONGARONE<\/strong> Si sono svolti i sopralluoghi in bicicletta funzionali alla sostituzione della segnaletica cicloturistica della ciclovia I4 (Dolomiti \u2013 Venezia) posata da Pieve di Cadore a Soverzene; da Soverzene al Lago di Santa Croce e da Soverzene a Belluno nel 2013 e 2017.\u00a0 Riscontrate alcune criticit\u00e0 lungo il percorso \u00e8 partita la richiesta di incontro con Veneto Strade e Regione Veneto e la decisione di intervenire il prima possibile per valorizzare anche gli interventi migliorativi operati dalle amministrazioni locali.\u00a0 Si sta lavorando anche per l\u2019anello della Valbelluna e le escursioni giornaliere che valorizzano tutta l\u2019area.<\/p>\n<p>&nbsp;<\/p>\n<hr \/>\n<p>&nbsp;<\/p>\n<p><span style=\"color: #ff0000;\"><strong>OGGI NEL PARCO&#8230;CON IL PARCO<\/strong><\/span><\/p>\n<div class=\"page-title-head hgroup\">\n<blockquote>\n<h3 class=\"entry-title\" style=\"text-align: left;\">VITA, MESTIERI E NATURA TRA GOSALDO E FORCELLA AURINE<\/h3>\n<\/blockquote>\n<\/div>\n<div class=\"page-title-breadcrumbs\">\n<div class=\"x1e56ztr\"><span class=\"x193iq5w xeuugli x13faqbe x1vvkbs x1xmvt09 x6prxxf xvq8zen xo1l8bm xzsf02u\"><img loading=\"lazy\" decoding=\"async\" class=\"alignleft\" src=\"https:\/\/www.radiopiu.net\/wordpress\/wp-content\/uploads\/2023\/07\/361669205_9664933986910590_6521046055832189405_n.jpg\" width=\"250\" height=\"141\" \/>Oggi\u00a0 facile escursione al mattino tra Gosaldo e Forcella Aurine gratuita per tutti!\u00a0<\/span><\/div>\n<div class=\"x1e56ztr\"><span class=\"x193iq5w xeuugli x13faqbe x1vvkbs x1xmvt09 x6prxxf xvq8zen xo1l8bm xzsf02u\">Alla scoperta delle attivit\u00e0 tradizionali lungo la valle dei Molini tra Gosaldo e Forcella Aurine, lungo il nuovo sentiero nella natura del Comune di Gosaldo dedicato all&#8217;arte dei Seggiolai e ai tanti mestieri e materiali che raccontano le storie e le leggende di questi luoghi speciali, tra rocce, acque, legno, fieno, pascoli. Dislivello: 150m. Difficolt\u00e0: medio-facile. Ritrovo ore 9.00 parcheggio del ristobar \u201cDa Ghegi\u201d a Forcella Aurine. Conclusione attivit\u00e0 alle ore 13.00 &#8211; Costo escursione: GRATUITA PER TUTTI \u2013 ammessi 25 partecipanti max. Adesioni: 3290040808 &#8211; guide.pndb@gmail.com<\/span><\/div>\n<div><\/div>\n<div>AUDIO<\/div>\n<div>\n<audio class=\"wp-audio-shortcode\" id=\"audio-344553-4\" preload=\"none\" style=\"width: 100%;\" controls=\"controls\"><source type=\"audio\/mpeg\" src=\"https:\/\/www.radiopiu.net\/wordpress\/wp-content\/uploads\/2023\/07\/alla-scoperta.mp3?_=4\" \/><a href=\"https:\/\/www.radiopiu.net\/wordpress\/wp-content\/uploads\/2023\/07\/alla-scoperta.mp3\">https:\/\/www.radiopiu.net\/wordpress\/wp-content\/uploads\/2023\/07\/alla-scoperta.mp3<\/a><\/audio>\n<p>&nbsp;<\/p>\n<\/div>\n<\/div>\n<p>&nbsp;<\/p>\n<hr \/>\n<h2><\/h2>\n<h2><span style=\"color: #008080;\">&#8220;DINTORN E FORA VIA&#8221;\u00a0<\/span><span style=\"color: #008080;\"> IL PROGRAMMA\u00a0 <\/span><span style=\"color: #008080;\">A CURA DEL MUSLA\u00a0\u00a0<\/span><\/h2>\n<p><strong><a class=\"dt-pswp-item\" href=\"https:\/\/www.radiopiu.net\/wordpress\/wp-content\/uploads\/2023\/04\/286468059_10225543269835880_1681823351224487741_n.jpg\" data-dt-img-description=\"\" data-large_image_width=\"958\" data-large_image_height=\"960\"><img loading=\"lazy\" decoding=\"async\" class=\"wp-image-331970 alignleft\" src=\"https:\/\/www.radiopiu.net\/wordpress\/wp-content\/uploads\/2023\/04\/286468059_10225543269835880_1681823351224487741_n-300x300.jpg\" alt=\"\" width=\"128\" height=\"128\" srcset=\"https:\/\/www.radiopiu.net\/wordpress\/wp-content\/uploads\/2023\/04\/286468059_10225543269835880_1681823351224487741_n-300x300.jpg 300w, https:\/\/www.radiopiu.net\/wordpress\/wp-content\/uploads\/2023\/04\/286468059_10225543269835880_1681823351224487741_n-150x150.jpg 150w, https:\/\/www.radiopiu.net\/wordpress\/wp-content\/uploads\/2023\/04\/286468059_10225543269835880_1681823351224487741_n-768x770.jpg 768w, https:\/\/www.radiopiu.net\/wordpress\/wp-content\/uploads\/2023\/04\/286468059_10225543269835880_1681823351224487741_n.jpg 958w\" sizes=\"auto, (max-width: 128px) 100vw, 128px\" \/><\/a>PUNTATA 18 LUGLIO BEATRICE COLCUC<\/strong><\/p>\n<audio class=\"wp-audio-shortcode\" id=\"audio-344553-5\" preload=\"none\" style=\"width: 100%;\" controls=\"controls\"><source type=\"audio\/mpeg\" src=\"https:\/\/www.radiopiu.net\/wordpress\/wp-content\/uploads\/2023\/07\/MUSLA-6.mp3?_=5\" \/><a href=\"https:\/\/www.radiopiu.net\/wordpress\/wp-content\/uploads\/2023\/07\/MUSLA-6.mp3\">https:\/\/www.radiopiu.net\/wordpress\/wp-content\/uploads\/2023\/07\/MUSLA-6.mp3<\/a><\/audio>\n<p><strong>RACCOLTA COMPLETA<\/strong><\/p>\n<blockquote class=\"wp-embedded-content\" data-secret=\"waDTu0BYxo\"><p><a href=\"https:\/\/www.radiopiu.net\/wordpress\/musla\/\">MUSLA<\/a><\/p><\/blockquote>\n<p><iframe loading=\"lazy\" class=\"wp-embedded-content\" sandbox=\"allow-scripts\" security=\"restricted\" style=\"position: absolute; clip: rect(1px, 1px, 1px, 1px);\" title=\"&#8220;MUSLA&#8221; &#8212; Radio Pi\u00f9\" src=\"https:\/\/www.radiopiu.net\/wordpress\/musla\/embed\/#?secret=xurL2zPTbH#?secret=waDTu0BYxo\" data-secret=\"waDTu0BYxo\" width=\"600\" height=\"338\" frameborder=\"0\" marginwidth=\"0\" marginheight=\"0\" scrolling=\"no\"><\/iframe><\/p>\n<p>&nbsp;<\/p>\n<hr \/>\n<blockquote>\n<h3><\/h3>\n<h3>SAN LUCANO 2023, TRE GIORNI DI FESTA IN VALLE<\/h3>\n<\/blockquote>\n<p><strong><a class=\"dt-pswp-item\" href=\"https:\/\/www.radiopiu.net\/wordpress\/wp-content\/uploads\/2023\/07\/Senza-nome-43.png\" data-dt-img-description=\"\" data-large_image_width=\"121\" data-large_image_height=\"105\"><img loading=\"lazy\" decoding=\"async\" class=\"size-full wp-image-344598 alignleft\" src=\"https:\/\/www.radiopiu.net\/wordpress\/wp-content\/uploads\/2023\/07\/Senza-nome-43.png\" alt=\"\" width=\"121\" height=\"105\" \/><\/a> Silvano Ben &#8220;Piciol&#8221; Proloco Taibon Agordino\u00a0<\/strong><\/p>\n<p>di Mirko Mezzacasa<\/p>\n<audio class=\"wp-audio-shortcode\" id=\"audio-344553-6\" preload=\"none\" style=\"width: 100%;\" controls=\"controls\"><source type=\"audio\/mpeg\" src=\"https:\/\/www.radiopiu.net\/wordpress\/wp-content\/uploads\/2023\/07\/SILVANO-PROLOCO-TAIBON.mp3?_=6\" \/><a href=\"https:\/\/www.radiopiu.net\/wordpress\/wp-content\/uploads\/2023\/07\/SILVANO-PROLOCO-TAIBON.mp3\">https:\/\/www.radiopiu.net\/wordpress\/wp-content\/uploads\/2023\/07\/SILVANO-PROLOCO-TAIBON.mp3<\/a><\/audio>\n<p><strong>\u00a0<\/strong><\/p>\n<h3 style=\"text-align: center;\">COUNTRY MUSIC IN SAN LUGAN<\/h3>\n<p><strong>DI GIANNI SANTOMASO<\/strong><\/p>\n<audio class=\"wp-audio-shortcode\" id=\"audio-344553-7\" preload=\"none\" style=\"width: 100%;\" controls=\"controls\"><source type=\"audio\/mpeg\" src=\"https:\/\/www.radiopiu.net\/wordpress\/wp-content\/uploads\/2023\/07\/GIANNI-SAN-LUCANO.mp3?_=7\" \/><a href=\"https:\/\/www.radiopiu.net\/wordpress\/wp-content\/uploads\/2023\/07\/GIANNI-SAN-LUCANO.mp3\">https:\/\/www.radiopiu.net\/wordpress\/wp-content\/uploads\/2023\/07\/GIANNI-SAN-LUCANO.mp3<\/a><\/audio>\n<p>&nbsp;<\/p>\n<p><strong><a class=\"dt-pswp-item\" href=\"https:\/\/www.radiopiu.net\/wordpress\/wp-content\/uploads\/2023\/07\/Senza-nome-39.png\" data-dt-img-description=\"\" data-large_image_width=\"218\" data-large_image_height=\"161\"><img loading=\"lazy\" decoding=\"async\" class=\" wp-image-344502 alignleft\" src=\"https:\/\/www.radiopiu.net\/wordpress\/wp-content\/uploads\/2023\/07\/Senza-nome-39.png\" alt=\"\" width=\"232\" height=\"171\" \/><\/a>REDAZIONE<\/strong> Ritorna il country a Taibon, a trent&#8217;anni dai concerti dell&#8217;epopea country a Taibon. Venerdi alle 18 nell&#8217;ambito dei festeggiamenti per San Lucano, al tendone delle feste si esibir\u00e0 la Beer o&#8217;Clock. Pista coperta e ballo country e line dance. Di contorno: aperti saloon al chiosco, marshmallow per i pi\u00f9 piccoli, pastim, burger, patate fritte. <strong>LA BAND <\/strong>\u00a0toscana nasce nel 2012 da un\u2019idea di Gianni Gori, da sempre appassionato di musica country e delle sue sonorit\u00e0 tipiche.<\/p>\n<p>&nbsp;<\/p>\n<p>&nbsp;<\/p>\n<hr \/>\n<h2><strong><a class=\"dt-pswp-item\" href=\"https:\/\/www.radiopiu.net\/wordpress\/wp-content\/uploads\/2023\/07\/aa5024c2-1438-4e37-9257-6a00c9e780d8.jpg\" data-dt-img-description=\"\" data-large_image_width=\"1024\" data-large_image_height=\"768\"><img loading=\"lazy\" decoding=\"async\" class=\" wp-image-344557 alignleft\" src=\"https:\/\/www.radiopiu.net\/wordpress\/wp-content\/uploads\/2023\/07\/aa5024c2-1438-4e37-9257-6a00c9e780d8-300x225.jpg\" alt=\"\" width=\"168\" height=\"126\" srcset=\"https:\/\/www.radiopiu.net\/wordpress\/wp-content\/uploads\/2023\/07\/aa5024c2-1438-4e37-9257-6a00c9e780d8-300x225.jpg 300w, https:\/\/www.radiopiu.net\/wordpress\/wp-content\/uploads\/2023\/07\/aa5024c2-1438-4e37-9257-6a00c9e780d8-768x576.jpg 768w, https:\/\/www.radiopiu.net\/wordpress\/wp-content\/uploads\/2023\/07\/aa5024c2-1438-4e37-9257-6a00c9e780d8.jpg 1024w\" sizes=\"auto, (max-width: 168px) 100vw, 168px\" \/><\/a><\/strong><span style=\"color: #99cc00;\">DOMENICA LA SALI E SCENDI A FORCELLA AURINE<\/span><\/h2>\n<p><strong>REDAZIONE<\/strong> Domenica la terza tappa della Corri Poi a Forcella Aurine con la Sali e Scendi. Ne abbiamo parlato con Morgan Gnech del Progetto Desma e con Michele Costantini organizzatore della corsa podistica.<\/p>\n<p><strong>L&#8217;INTERVISTA ALLA RADIO<\/strong><\/p>\n<audio class=\"wp-audio-shortcode\" id=\"audio-344553-8\" preload=\"none\" style=\"width: 100%;\" controls=\"controls\"><source type=\"audio\/mpeg\" src=\"https:\/\/www.radiopiu.net\/wordpress\/wp-content\/uploads\/2023\/07\/SALI-E-SCENDI-FORCELLA-AURINE-MORGAN-E-MICHELE.mp3?_=8\" \/><a href=\"https:\/\/www.radiopiu.net\/wordpress\/wp-content\/uploads\/2023\/07\/SALI-E-SCENDI-FORCELLA-AURINE-MORGAN-E-MICHELE.mp3\">https:\/\/www.radiopiu.net\/wordpress\/wp-content\/uploads\/2023\/07\/SALI-E-SCENDI-FORCELLA-AURINE-MORGAN-E-MICHELE.mp3<\/a><\/audio>\n<p>&nbsp;<\/p>\n<p>&nbsp;<\/p>\n<hr \/>\n<p>&nbsp;<\/p>\n<p>&nbsp;<\/p>\n<blockquote class=\"wp-embedded-content\" data-secret=\"sSATw99sso\"><p><a href=\"https:\/\/www.radiopiu.net\/wordpress\/proloco-nellagordino-eventi-e-volontari\/\">PROLOCO NELL&#8217;AGORDINO: EVENTI E VOLONTARI<\/a><\/p><\/blockquote>\n<p><iframe loading=\"lazy\" class=\"wp-embedded-content\" sandbox=\"allow-scripts\" security=\"restricted\" style=\"position: absolute; clip: rect(1px, 1px, 1px, 1px);\" title=\"&#8220;PROLOCO NELL&#8217;AGORDINO: EVENTI E VOLONTARI&#8221; &#8212; Radio Pi\u00f9\" src=\"https:\/\/www.radiopiu.net\/wordpress\/proloco-nellagordino-eventi-e-volontari\/embed\/#?secret=xsRzdztwkx#?secret=sSATw99sso\" data-secret=\"sSATw99sso\" width=\"600\" height=\"338\" frameborder=\"0\" marginwidth=\"0\" marginheight=\"0\" scrolling=\"no\"><\/iframe><\/p>\n<p>&nbsp;<\/p>\n<p>&nbsp;<\/p>\n<hr \/>\n<p>&nbsp;<\/p>\n<blockquote>\n<h3>CONCERTI IN ALTA QUOTA CON &#8220;MELODIE NEL BOSCO, SUSSURRI TRA LE DOLOMITI&#8221;<\/h3>\n<\/blockquote>\n<p><strong><a class=\"dt-pswp-item\" href=\"https:\/\/www.radiopiu.net\/wordpress\/wp-content\/uploads\/2018\/07\/Pota-l_Orso_Bosco-degli-Artisti.png\" data-dt-img-description=\"\" data-large_image_width=\"750\" data-large_image_height=\"534\"><img loading=\"lazy\" decoding=\"async\" class=\"size-medium wp-image-55065 alignleft\" src=\"https:\/\/www.radiopiu.net\/wordpress\/wp-content\/uploads\/2018\/07\/Pota-l_Orso_Bosco-degli-Artisti-300x214.png\" alt=\"\" width=\"300\" height=\"214\" srcset=\"https:\/\/www.radiopiu.net\/wordpress\/wp-content\/uploads\/2018\/07\/Pota-l_Orso_Bosco-degli-Artisti-300x214.png 300w, https:\/\/www.radiopiu.net\/wordpress\/wp-content\/uploads\/2018\/07\/Pota-l_Orso_Bosco-degli-Artisti.png 750w\" sizes=\"auto, (max-width: 300px) 100vw, 300px\" \/><\/a>FALCADE<\/strong>\u00a0 &#8220;Melodie nel Bosco, sussurri tra le Dolomiti&#8221;. Si chiama cos\u00ec il festival che porter\u00e0 quattro concerti a 2.000 metri di altitudine per far incontrare musica e natura al cospetto di vette come Mulaz e Focobon.\u00a0 A fare da teatro sar\u00e0 il Bosco degli Artisti di Falcade, galleria d\u2019arte a cielo aperto che sorge in localit\u00e0 Le Buse, nella Ski Area San Pellegrino. Concerti in programma alle 10:30. Sabato 29 luglio si esibir\u00e0 il Coro Val Biois con intermezzo di Nina &amp; Nena duo. Sabato 12 agosto spazio a Fourback con un tributo ai Beatles. Sabato 26 agosto toccher\u00e0 a Emanuele Bastanzetti, da Bach a Kreisler &#8211; sinfonie di violino.<\/p>\n<blockquote><p>&nbsp;<\/p><\/blockquote>\n<p>&nbsp;<\/p>\n<hr \/>\n<p>&nbsp;<\/p>\n<h3 style=\"text-align: center;\">LA REFA &#8211; IL PROGRAMMA ALLA RADIO. ESCURSIONI IN MONTAGNA ED ALTRO CON LUCA GANZ<\/h3>\n<p>&nbsp;<\/p>\n<p><span style=\"color: #ff0000;\"><strong><a class=\"dt-pswp-item\" href=\"https:\/\/www.radiopiu.net\/wordpress\/wp-content\/uploads\/2023\/07\/e53b27ed-87f6-4c81-af4d-f4dd01e2e051.jpg\" data-dt-img-description=\"\" data-large_image_width=\"1272\" data-large_image_height=\"738\"><img loading=\"lazy\" decoding=\"async\" class=\"wp-image-344594 alignleft\" src=\"https:\/\/www.radiopiu.net\/wordpress\/wp-content\/uploads\/2023\/07\/e53b27ed-87f6-4c81-af4d-f4dd01e2e051-300x174.jpg\" alt=\"\" width=\"260\" height=\"151\" srcset=\"https:\/\/www.radiopiu.net\/wordpress\/wp-content\/uploads\/2023\/07\/e53b27ed-87f6-4c81-af4d-f4dd01e2e051-300x174.jpg 300w, https:\/\/www.radiopiu.net\/wordpress\/wp-content\/uploads\/2023\/07\/e53b27ed-87f6-4c81-af4d-f4dd01e2e051-1024x594.jpg 1024w, https:\/\/www.radiopiu.net\/wordpress\/wp-content\/uploads\/2023\/07\/e53b27ed-87f6-4c81-af4d-f4dd01e2e051-768x446.jpg 768w, https:\/\/www.radiopiu.net\/wordpress\/wp-content\/uploads\/2023\/07\/e53b27ed-87f6-4c81-af4d-f4dd01e2e051.jpg 1272w\" sizes=\"auto, (max-width: 260px) 100vw, 260px\" \/><\/a>PUNTATA 05 18 LUGLIO<\/strong><\/span><\/p>\n<audio class=\"wp-audio-shortcode\" id=\"audio-344553-9\" preload=\"none\" style=\"width: 100%;\" controls=\"controls\"><source type=\"audio\/mpeg\" src=\"https:\/\/www.radiopiu.net\/wordpress\/wp-content\/uploads\/2023\/07\/LUCA-LA-REFA-CINQUE.mp3?_=9\" \/><a href=\"https:\/\/www.radiopiu.net\/wordpress\/wp-content\/uploads\/2023\/07\/LUCA-LA-REFA-CINQUE.mp3\">https:\/\/www.radiopiu.net\/wordpress\/wp-content\/uploads\/2023\/07\/LUCA-LA-REFA-CINQUE.mp3<\/a><\/audio>\n<p><strong>LA RACCOLTA COMPLETA<\/strong><\/p>\n<blockquote class=\"wp-embedded-content\" data-secret=\"8Y9KoU2L8S\"><p><a href=\"https:\/\/www.radiopiu.net\/wordpress\/punt-ta-ta-03\/\">LA REFA &#8211; IL PROGRAMMA ALLA RADIO. ESCURSIONI IN MONTAGNA ED ALTRO CON LUCA GANZ<\/a><\/p><\/blockquote>\n<p><iframe loading=\"lazy\" class=\"wp-embedded-content\" sandbox=\"allow-scripts\" security=\"restricted\" style=\"position: absolute; clip: rect(1px, 1px, 1px, 1px);\" title=\"&#8220;LA REFA &#8211; IL PROGRAMMA ALLA RADIO. ESCURSIONI IN MONTAGNA ED ALTRO CON LUCA GANZ&#8221; &#8212; Radio Pi\u00f9\" src=\"https:\/\/www.radiopiu.net\/wordpress\/punt-ta-ta-03\/embed\/#?secret=E0V1w13VS1#?secret=8Y9KoU2L8S\" data-secret=\"8Y9KoU2L8S\" width=\"600\" height=\"338\" frameborder=\"0\" marginwidth=\"0\" marginheight=\"0\" scrolling=\"no\"><\/iframe><\/p>\n<p>&nbsp;<\/p>\n<p>&nbsp;<\/p>\n<hr \/>\n<p>&nbsp;<\/p>\n<blockquote>\n<h3>A CANALE D&#8217;AGORDO, IL SECONDO SIMPOSIO DI SCULTURA DI MASCHERE SU LEGNO<\/h3>\n<\/blockquote>\n<p><a class=\"dt-pswp-item\" href=\"https:\/\/www.radiopiu.net\/wordpress\/wp-content\/uploads\/2023\/07\/83137ff6-c091-46d6-9a62-531a85bd3328.jpg\" data-dt-img-description=\"\" data-large_image_width=\"654\" data-large_image_height=\"339\"><img loading=\"lazy\" decoding=\"async\" class=\"aligncenter wp-image-344507 size-full\" src=\"https:\/\/www.radiopiu.net\/wordpress\/wp-content\/uploads\/2023\/07\/83137ff6-c091-46d6-9a62-531a85bd3328.jpg\" alt=\"\" width=\"654\" height=\"339\" srcset=\"https:\/\/www.radiopiu.net\/wordpress\/wp-content\/uploads\/2023\/07\/83137ff6-c091-46d6-9a62-531a85bd3328.jpg 654w, https:\/\/www.radiopiu.net\/wordpress\/wp-content\/uploads\/2023\/07\/83137ff6-c091-46d6-9a62-531a85bd3328-300x156.jpg 300w\" sizes=\"auto, (max-width: 654px) 100vw, 654px\" \/><\/a><\/p>\n<p>&nbsp;<\/p>\n<p><span style=\"font-size: medium;\"><strong><img decoding=\"async\" src=\"https:\/\/www.radiopiu.net\/wordpress\/wp-content\/uploads\/2022\/07\/%C2%A9EchidiAlessandroSogne-FOTO-GRUPPO-MASCHERAI-ALPINI-CANALE-25-LUGLIO.jpg\" \/>CANALE D&#8217;AGORDO<\/strong> L\u2019anno scorso abbiamo ospitato il <\/span><span style=\"font-size: medium;\"><i>Raduno dei Mascherai Alpini<\/i><\/span><span style=\"font-size: medium;\">, proposta dedicata alla scultura di maschere lignee carnevalesche, con artisti provenienti da varie localit\u00e0 alpine del Nord Italia, come anche dall\u2019Austria e dalla Slovenia. Visto che \u00e8 piaciuta ed era molto partecipata, quest\u2019anno noi del <\/span><span style=\"font-size: medium;\"><i>Comitato La Zinghenesta<\/i><\/span><span style=\"font-size: medium;\">, la riproponiamo con una ventina di artisti autoctoni della provincia di Belluno e con 2 scultori fuori provincia; inoltre ci saranno anche alcuni allievi della <\/span><span style=\"font-size: medium;\"><i>Scuola del Legno<\/i><\/span><span style=\"font-size: medium;\"> del <\/span><span style=\"font-size: medium;\"><i><b>Centro Consorzi<\/b><\/i><\/span><span style=\"font-size: medium;\"> di Sedico affiancati dalla loro insegnante la Prof.ssa Gabriella Santoro che curer\u00e0 anche una sezione dedicata alla decorazione dei volti lignei e pure anche di restauro di mobili e oggetti antichi.<\/span><span style=\"font-size: medium;\">Il simposio di scultura si svilupper\u00e0 sempre tra Piazza Papa Luciani e lungo Via Tancon anche nei caratteristici tabi\u00e0 che come nella scorsa edizione verranno aperti al pubblico per l\u2019occasione. <\/span><span style=\"font-size: medium;\">L\u2019appuntamento con il simposio \u00e8 da venerd\u00ec 21 a domenica 23 luglio, su un tre giorni di grande intensit\u00e0. Venerd\u00ec 21 il programma prevede, l\u2019inaugurazione alle ore 17 della mostra <\/span><span style=\"font-size: medium;\"><i><b>\u201cLe antiche maschere ed i personaggi dei carnevali storici e tradizionali dell\u2019 Agordino\u201d<\/b><\/i><\/span><span style=\"font-size: medium;\"> con l\u2019intervento della <\/span><span style=\"font-size: medium;\"><i>Dott.sa Mariangela Bognolo<\/i><\/span><span style=\"font-size: medium;\">, critico d\u2019arte. Oltre alle maschere scolpite degli artisti, i residenti e gli ospiti della nostra vallata potranno ammirare gli antichi volti lignei, maschere pi\u00f9 recenti con descrizione, fotografie, filmati con pannelli descrittivi che raccontano i carnevali storico tradizionali dell\u2019Agordino\u201d. Vi saranno anche delle maschere e dei personaggi della <\/span><span style=\"font-size: medium;\"><i>Collezione di Gianni Secco<\/i><\/span><span style=\"font-size: medium;\"> (volto noto de <\/span><span style=\"font-size: medium;\"><i>I Belumat<\/i><\/span><span style=\"font-size: medium;\"> scomparso nel 2020) concessa dalla figlia <\/span><span style=\"font-size: medium;\"><i>Laura Secco<\/i><\/span><span style=\"font-size: medium;\">. L\u2019esposizione sar\u00e0 aperta dal 21 luglio fino al 6 agosto 2023 presso la <\/span><span style=\"font-size: medium;\"><b>Sala Consiliare del Municipio di Canale d\u2019Agordo<\/b><\/span><span style=\"font-size: medium;\">. Orari: tutti i giorni 16:30-18:30, 20:00-22:00 e venerd\u00ec, sabato e domenica anche al mattino 9.30-12.30. <\/span><span style=\"font-size: medium;\">Il giorno seguente dalle ore 8.30 alle ore 12.00 gli artisti saranno all\u2019opera tra Piazza Papa Luciani e lungo via Tancon che sar\u00e0 appositamente zona pedonale. Nel pomeriggio dalle 16.30 alle 18.30 e in chiave serale dalle 20.45 fino alle 22 con l\u2019illuminazione dei fienili. Domenica 23 ultimo giorno sempre dalle ore 8.30 alle ore 12.00 e nel pomeriggio dalle 14.30 alle 17.00, poi seguir\u00e0 un saluto dall\u2019organizzazione presso la Sala Consiliare alle ore 17.30. <\/span>\u201c<span style=\"font-size: medium;\">Sono venti gli artisti che hanno aderito. Siamo soddisfatti perch\u00e9 provengono quasi tutti dalla nostra provincia dolomitica\u201d sottolinea Simone Ongaro, organizzatore dell\u2019evento con gli amici del <\/span><span style=\"font-size: medium;\"><i>Comitato La Zinghenesta<\/i><\/span><span style=\"font-size: medium;\">. Da alcuni anni avevamo pensato di rivitalizzare il nostro bellissimo centro storico ricco di tabi\u00e0 e di ben 22 fontane pubbliche per far capire che oltre alla Piazza Papa Luciani si pu\u00f2 fare anche altro lungo il centro storico e le altre vie del paese\u201d. <\/span><span style=\"font-size: medium;\">Gli artisti che si esibiranno sono: Tiziano Di Giusto, Gino Luigi Lo Bartolo, Ennio De Bona, Dario Strag\u00e0, Pompeo De Pellegrin, Gabriella Santoro, Eros Saviane, Pier Romano Selvestrel, Renzo Gaz, Walter De Biasio, Tita Bressan, Enrico Pilotto, Francesco Pavanini, Andrea De Benedet, Diego Gazzi, Carlo Roilo, Guido Manfroi, Carlo Zus, Eris Costa. <\/span><span style=\"font-size: medium;\">A Simposio concluso le maschere realizzate dagli artisti saranno poi esposte nella mostra del Municipio di Canale fino al 6 agosto. <\/span><span style=\"font-size: medium;\">In Piazza Papa Luciani nei 3 giorni troverete anche un nostro piccolo stand nel quale troverete i gustosissimi Carfogn nostro dolce tipico e le Crepes senza glutine e senza latte oltre a delle bevande per tutti i gusti\u00a0<\/span><\/p>\n<p>&nbsp;<\/p>\n<p>&nbsp;<\/p>\n<hr \/>\n<p>&nbsp;<\/p>\n<blockquote>\n<h3>LA SAGRA DEI PER A BRIBANO DI SEDICO<\/h3>\n<\/blockquote>\n<p><strong>SEDICO<\/strong> Dal 21 al 30 luglio grande festa a Bribano di Sedico con la Sagra dei Per. Musica, Luna Park, cibo, sport, cultura e altro. Sabato 22 Radio Pi\u00f9 40 Live per festeggiare assieme i 40 anni di Radio Pi\u00f9.<\/p>\n<p><strong>IL PROGRAMMA (2 PAGINE)<\/strong><\/p>\n<a href=\"https:\/\/www.radiopiu.net\/wordpress\/wp-content\/uploads\/2023\/07\/FLYER-sagra-dei-per-2023-STAMPA.pdf\" class=\"pdfemb-viewer\" style=\"\" data-width=\"max\" data-height=\"max\" data-toolbar=\"top\" data-toolbar-fixed=\"on\">FLYER sagra dei per 2023 STAMPA<\/a>\n<p>&nbsp;<\/p>\n<hr \/>\n<p>&nbsp;<\/p>\n<blockquote>\n<h3><a class=\"dt-pswp-item\" href=\"https:\/\/www.radiopiu.net\/wordpress\/wp-content\/uploads\/2023\/07\/SCR-20230714-stid.png\" data-dt-img-description=\"\" data-large_image_width=\"1264\" data-large_image_height=\"944\"><img loading=\"lazy\" decoding=\"async\" class=\" wp-image-344140 alignleft\" src=\"https:\/\/www.radiopiu.net\/wordpress\/wp-content\/uploads\/2023\/07\/SCR-20230714-stid-300x224.png\" alt=\"\" width=\"212\" height=\"158\" srcset=\"https:\/\/www.radiopiu.net\/wordpress\/wp-content\/uploads\/2023\/07\/SCR-20230714-stid-300x224.png 300w, https:\/\/www.radiopiu.net\/wordpress\/wp-content\/uploads\/2023\/07\/SCR-20230714-stid-1024x765.png 1024w, https:\/\/www.radiopiu.net\/wordpress\/wp-content\/uploads\/2023\/07\/SCR-20230714-stid-768x574.png 768w, https:\/\/www.radiopiu.net\/wordpress\/wp-content\/uploads\/2023\/07\/SCR-20230714-stid.png 1264w\" sizes=\"auto, (max-width: 212px) 100vw, 212px\" \/><\/a>LA PASTASCIUTTA ANTIFASCISTA<\/h3>\n<\/blockquote>\n<p><strong>CESIOMAGGIORE<\/strong><\/p>\n<p>di Roberto Bona<\/p>\n<audio class=\"wp-audio-shortcode\" id=\"audio-344553-10\" preload=\"none\" style=\"width: 100%;\" controls=\"controls\"><source type=\"audio\/mpeg\" src=\"https:\/\/www.radiopiu.net\/wordpress\/wp-content\/uploads\/2023\/07\/BONA-PASTASCIUTTA-ANTIFASCISTA-25-LUGLIO.mp3?_=10\" \/><a href=\"https:\/\/www.radiopiu.net\/wordpress\/wp-content\/uploads\/2023\/07\/BONA-PASTASCIUTTA-ANTIFASCISTA-25-LUGLIO.mp3\">https:\/\/www.radiopiu.net\/wordpress\/wp-content\/uploads\/2023\/07\/BONA-PASTASCIUTTA-ANTIFASCISTA-25-LUGLIO.mp3<\/a><\/audio>\n<p>&nbsp;<\/p>\n<hr \/>\n<p>&nbsp;<\/p>\n<h2><span style=\"color: #ff0000;\">GLI APPUNTAMENTI DELLA SETTIMANA\u00a0<\/span><\/h2>\n<blockquote>\n<h3>ANDAR PER ERBE AL CASTELLO DI ANDRAZ<\/h3>\n<\/blockquote>\n<p><strong>LIVINALLONGO <\/strong>Domani alle 9 al Castello di Andraz \u00e8 in programma un&#8217;escursione attorno al castello per conoscere le piante utili in cucina ed erboristeria<\/p>\n<p>&nbsp;<\/p>\n<blockquote>\n<h3>UNA SERATA CON ANSELMO CAGNATI<\/h3>\n<\/blockquote>\n<p><strong>FALCADE<\/strong> Domani alle 21 alla Casa della Giovent\u00f9 di Caviola una serata con Anselmo Cagnati dal titolo &#8220;Tjikko, con i cani da slitta del grande nord&#8221;<\/p>\n<p>&nbsp;<\/p>\n<blockquote>\n<h3>CONCERTO D&#8217;ORGANO A MEL<\/h3>\n<\/blockquote>\n<p><strong>BELLUNO<\/strong> Torna per la sesta volta a Mel il Concerto d\u2019organo con il maestro Fiorenzo Mori. L\u2019atteso appuntamento organizzato all\u2019insegna della solidariet\u00e0, dall\u2019Auser provinciale e dal locale Circolo Auser \u201cIl Sole&#8221;. Appuntamento domani nella chiesa arcipretale di Mel, in piazza Luciani, con inizio alle ore 20.30.<\/p>\n<p>&nbsp;<\/p>\n<blockquote>\n<h3>LA SANTA MESSA AL COL DE SAN LUGAN<\/h3>\n<\/blockquote>\n<p><strong>TAIBON<\/strong> Sabato 22 luglio alle 10:30 al Col De San Lugan in Valle di San Lucano verr\u00e0 celebrata la Santa Messa. Pranzo al sacco.<\/p>\n<p>&nbsp;<\/p>\n<blockquote>\n<h3>LA STUA, DOVE RINASCE LO STUDIO BALLIS<\/h3>\n<\/blockquote>\n<p>DI GIANNI SANTOMASO<\/p>\n<audio class=\"wp-audio-shortcode\" id=\"audio-344553-11\" preload=\"none\" style=\"width: 100%;\" controls=\"controls\"><source type=\"audio\/mpeg\" src=\"https:\/\/www.radiopiu.net\/wordpress\/wp-content\/uploads\/2023\/07\/GIANNI-BALLIS.mp3?_=11\" \/><a href=\"https:\/\/www.radiopiu.net\/wordpress\/wp-content\/uploads\/2023\/07\/GIANNI-BALLIS.mp3\">https:\/\/www.radiopiu.net\/wordpress\/wp-content\/uploads\/2023\/07\/GIANNI-BALLIS.mp3<\/a><\/audio>\n<p>&nbsp;<\/p>\n<p><strong>ALLEGHE<\/strong> Sabato 22 luglio alle 18 in Corso Venezia a Masare&#8217;, Laura Ballis con Vico Calabro&#8217; e Giovanni Sogne inaugura il nuovo studio d&#8217;arte &#8220;La Stua&#8221;, rinato dopo la tempesta Vaia dell&#8217;autunno 2018.<\/p>\n\n\t\t\t<style type='text\/css'>\n\t\t\t\t#gallery-6 {\n\t\t\t\t\tmargin: auto;\n\t\t\t\t}\n\t\t\t\t#gallery-6 .gallery-item {\n\t\t\t\t\tfloat: left;\n\t\t\t\t\tmargin-top: 10px;\n\t\t\t\t\ttext-align: center;\n\t\t\t\t\twidth: 50%;\n\t\t\t\t}\n\t\t\t\t#gallery-6 img {\n\t\t\t\t\tborder: 2px solid #cfcfcf;\n\t\t\t\t}\n\t\t\t\t#gallery-6 .gallery-caption {\n\t\t\t\t\tmargin-left: 0;\n\t\t\t\t}\n\t\t\t\t\/* see gallery_shortcode() in wp-includes\/media.php *\/\n\t\t\t<\/style>\n\t\t<div id='gallery-6' class='dt-gallery-container gallery galleryid-344553 gallery-columns-2 gallery-size-medium'><dl class='gallery-item'>\n\t\t\t\t<dt class='gallery-icon landscape'>\n\t\t\t\t\t<a class=\"rollover rollover-zoom dt-pswp-item\" title=\"prima\" data-dt-img-description=\"\" data-large_image_width=\"266\" data-large_image_height=\"162\"href='https:\/\/www.radiopiu.net\/wordpress\/wp-content\/uploads\/2023\/07\/prima.png'><img loading=\"lazy\" decoding=\"async\" width=\"266\" height=\"162\" src=\"https:\/\/www.radiopiu.net\/wordpress\/wp-content\/uploads\/2023\/07\/prima.png\" class=\"attachment-medium size-medium\" alt=\"\" aria-describedby=\"gallery-6-342762\" \/><\/a>\n\t\t\t\t<\/dt>\n\t\t\t\t\t<dd class='wp-caption-text gallery-caption' id='gallery-6-342762'>\n\t\t\t\t\tPOST VAIA\n\t\t\t\t\t<\/dd><\/dl><dl class='gallery-item'>\n\t\t\t\t<dt class='gallery-icon landscape'>\n\t\t\t\t\t<a class=\"rollover rollover-zoom dt-pswp-item\" title=\"oggi\" data-dt-img-description=\"\" data-large_image_width=\"273\" data-large_image_height=\"196\"href='https:\/\/www.radiopiu.net\/wordpress\/wp-content\/uploads\/2023\/07\/oggi.png'><img loading=\"lazy\" decoding=\"async\" width=\"273\" height=\"196\" src=\"https:\/\/www.radiopiu.net\/wordpress\/wp-content\/uploads\/2023\/07\/oggi.png\" class=\"attachment-medium size-medium\" alt=\"\" aria-describedby=\"gallery-6-342761\" \/><\/a>\n\t\t\t\t<\/dt>\n\t\t\t\t\t<dd class='wp-caption-text gallery-caption' id='gallery-6-342761'>\n\t\t\t\t\tOGGI\n\t\t\t\t\t<\/dd><\/dl><br style=\"clear: both\" \/>\n\t\t\t<\/div>\n\n<p>&nbsp;<\/p>\n<blockquote>\n<h3>LA TESI DI LAUREA DI MASSIMO CANDURA<\/h3>\n<\/blockquote>\n<p><strong>CANALE D&#8217;AGORDO<\/strong> Sabato alle 21 in Sala Lina Zand\u00f2 di Canale D&#8217;Agordo l&#8217;incontro con l&#8217;On. Massimo Candura che presentar\u00e0 la sua tesi di laurea dal titolo &#8220;La diplomazia del sorriso, la politica estera di Papa Luciani&#8221;<\/p>\n<blockquote>\n<h3><\/h3>\n<h3>L&#8217;ESTATE DEI MERCATINI AD AGORDO<\/h3>\n<\/blockquote>\n<p><strong>AGORDO<\/strong> Tornano i mercatini d&#8217;estate ad Agordo. Il primo appuntamento domenica 23 luglio dalle 6 alle 19 sul Broi di Agordo con il mercatino dell&#8217;antiquariato. Per informazioni 349 3984682<\/p>\n<p>&nbsp;<\/p>\n<blockquote>\n<h3>BEER FEST A FORCELLA AURINE<\/h3>\n<\/blockquote>\n<p><strong>GOSALDO <\/strong>Pomeriggio di festa a Forcella Aurine domenica con il Beer Fest in occasione della Sali E Scendi, terza tappa della Corri Poi<\/p>\n<p>&nbsp;<\/p>\n<blockquote>\n<h3>LE VISITE GUIDATE CON L&#8217;ASSOCIAZIONE CAMPEDEL<\/h3>\n<\/blockquote>\n<p><strong>BELLUNO<\/strong> A partire da domenica prossima e per tutti i pomeriggi domenicali fino al 3 settembre la chiesa di San Pietro, con i suoi chiostri e le sue cappelle, sar\u00e0 aperta ai visitatori dalle 15.30 alle 18.00. Si ripete cos\u00ec l&#8217;ormai classica iniziativa dell&#8217;associazione Campedel e del Seminario Gregoriano che propongono percorsi guidati tra i capolavori di pittura, scultura e architettura dell&#8217;omonimo complesso religioso del centro storico.<\/p>\n<p>&nbsp;<\/p>\n<h2><span style=\"color: #ff0000;\">PROSSIMAMENTE&#8230;\u00a0<\/span><\/h2>\n<blockquote>\n<h3>LA PASTASCIUTTA ANTIFASCISTA A BUSCHE<\/h3>\n<\/blockquote>\n<p><strong>CESIOMAGGIORE<\/strong> Sar\u00e0 Busche ad ospitare la pastasciutta antifascista 2023. Marted\u00ec 25 luglio a partire dalle 14:30 inizia la festa. Alle 15 lo spettacolo di burattini, alle 16 Fast Fashion con gli studenti di Rete Studenti Medi, a seguire il convegno dal titolo &#8220;Democratica, Artificiale e Intelligente?&#8221;. Alle 19:15 si pranza con la pastasciutta gratuita per tutti e musica con Sandro Del Luca e Nelson Salton. Organizzano SPI CGIL, Comune di Cesiomaggiore e Ulss 1 Dolomiti.<\/p>\n<p>&nbsp;<\/p>\n<blockquote>\n<h3>TALK CRISTIANO AD AGORDO<\/h3>\n<p><strong>L&#8217;INVITO DI CRISTINA<\/strong><\/p>\n<audio class=\"wp-audio-shortcode\" id=\"audio-344553-12\" preload=\"none\" style=\"width: 100%;\" controls=\"controls\"><source type=\"audio\/mpeg\" src=\"https:\/\/www.radiopiu.net\/wordpress\/wp-content\/uploads\/2023\/07\/CRISTINA.mp3?_=12\" \/><a href=\"https:\/\/www.radiopiu.net\/wordpress\/wp-content\/uploads\/2023\/07\/CRISTINA.mp3\">https:\/\/www.radiopiu.net\/wordpress\/wp-content\/uploads\/2023\/07\/CRISTINA.mp3<\/a><\/audio><\/blockquote>\n<p><strong>AGORDO<\/strong> Domenica 30 luglio alle 18 al Centro Parrocchiale di Agordo un incontro dal titolo &#8220;Talk Cristiano, il significato della crocefissione di Ges\u00f9 Cristo<\/p>\n<p>&nbsp;<\/p>\n<blockquote>\n<h3>IL CORSO DI CALLIGRAFIA IN VAL DI ZOLDO<\/h3>\n<\/blockquote>\n<p><strong>VAL DI ZOLDO<\/strong><\/p>\n<p>Tra le proposte estive della Val di Zoldo c\u2019\u00e8 anche il Corso di Calligrafia &#8211; \u00c8 bello scrivere \u2013 che sar\u00e0 tenuto\u00a0 dalla prof. Anna Schettin, docente di Calligrafia e Lettering, sabato 29 e domenica 30 luglio, a Pieve di Zoldo. Per informazioni telefonare al numero 333 358 7405.<\/p>\n<p>&nbsp;<\/p>\n<p>&nbsp;<\/p>\n<hr \/>\n<p>&nbsp;<\/p>\n<blockquote>\n<h3>APERITIVO ? MA MAI SENZA MUSICA<\/h3>\n<\/blockquote>\n<p><a class=\"dt-pswp-item\" href=\"https:\/\/www.radiopiu.net\/wordpress\/wp-content\/uploads\/2023\/07\/d86dbc06-7161-49d4-b544-90770e85269f.jpg\" data-dt-img-description=\"\" data-large_image_width=\"1448\" data-large_image_height=\"2048\"><img loading=\"lazy\" decoding=\"async\" class=\" wp-image-342766 alignleft\" src=\"https:\/\/www.radiopiu.net\/wordpress\/wp-content\/uploads\/2023\/07\/d86dbc06-7161-49d4-b544-90770e85269f-212x300.jpg\" alt=\"\" width=\"133\" height=\"189\" srcset=\"https:\/\/www.radiopiu.net\/wordpress\/wp-content\/uploads\/2023\/07\/d86dbc06-7161-49d4-b544-90770e85269f-212x300.jpg 212w, https:\/\/www.radiopiu.net\/wordpress\/wp-content\/uploads\/2023\/07\/d86dbc06-7161-49d4-b544-90770e85269f-724x1024.jpg 724w, https:\/\/www.radiopiu.net\/wordpress\/wp-content\/uploads\/2023\/07\/d86dbc06-7161-49d4-b544-90770e85269f-768x1086.jpg 768w, https:\/\/www.radiopiu.net\/wordpress\/wp-content\/uploads\/2023\/07\/d86dbc06-7161-49d4-b544-90770e85269f-1086x1536.jpg 1086w, https:\/\/www.radiopiu.net\/wordpress\/wp-content\/uploads\/2023\/07\/d86dbc06-7161-49d4-b544-90770e85269f.jpg 1448w\" sizes=\"auto, (max-width: 133px) 100vw, 133px\" \/><\/a>Dimentica la routine, concediti un momento di relax e divertimento con amici e familiari. L&#8217;aperitivo in musica all&#8217;Hotel Stella Alpina in piazza a Falcade \u00e8 l&#8217;occasione perfetta per socializzare e creare ricordi preziosi.Ogni venerd\u00ec di luglio ed agosto, l&#8217;Hotel Stella Alpina vi accoglie per una serata di puro divertimento, dalle 18 alle 21. I\u00a0venerdi di luglio ed agosto allo Stella alpina, appuntamento con la buona musica e le specialit\u00e0 che sapranno deliziarvi il palato. INFO 0437 599046. <a class=\"moz-txt-link-abbreviated\" href=\"http:\/\/WWW.HOTEL\">WWW.HOTEL<\/a> STELLA ALPINA . COM<br \/>\n<strong>VENERDI 21 LUGLIO<\/strong> IL RITORNO DEI JPM, saranno serviti PANINI CON PORCHETTA E SALSA COLESLAW<\/p>\n<p>&nbsp;<\/p>\n<p>&nbsp;<\/p>\n<p>&nbsp;<\/p>\n<hr \/>\n<p>&nbsp;<\/p>\n<blockquote>\n<h3><a class=\"dt-pswp-item\" href=\"https:\/\/www.radiopiu.net\/wordpress\/wp-content\/uploads\/2023\/07\/98457ed9-e3d3-417f-babe-0f4a89c7ca23.jpg\" data-dt-img-description=\"\" data-large_image_width=\"1532\" data-large_image_height=\"2048\"><img loading=\"lazy\" decoding=\"async\" class=\" wp-image-344443 alignleft\" src=\"https:\/\/www.radiopiu.net\/wordpress\/wp-content\/uploads\/2023\/07\/98457ed9-e3d3-417f-babe-0f4a89c7ca23-224x300.jpg\" alt=\"\" width=\"79\" height=\"106\" srcset=\"https:\/\/www.radiopiu.net\/wordpress\/wp-content\/uploads\/2023\/07\/98457ed9-e3d3-417f-babe-0f4a89c7ca23-224x300.jpg 224w, https:\/\/www.radiopiu.net\/wordpress\/wp-content\/uploads\/2023\/07\/98457ed9-e3d3-417f-babe-0f4a89c7ca23-766x1024.jpg 766w, https:\/\/www.radiopiu.net\/wordpress\/wp-content\/uploads\/2023\/07\/98457ed9-e3d3-417f-babe-0f4a89c7ca23-768x1027.jpg 768w, https:\/\/www.radiopiu.net\/wordpress\/wp-content\/uploads\/2023\/07\/98457ed9-e3d3-417f-babe-0f4a89c7ca23-1149x1536.jpg 1149w, https:\/\/www.radiopiu.net\/wordpress\/wp-content\/uploads\/2023\/07\/98457ed9-e3d3-417f-babe-0f4a89c7ca23.jpg 1532w\" sizes=\"auto, (max-width: 79px) 100vw, 79px\" \/><\/a>SABATO STRADA CHIUSA PER GARA CICLISTICA<\/h3>\n<\/blockquote>\n<p><strong>SOSPIROLO<\/strong> Sabato dalle 8:45 alle 19 la SP 12 tra Sospirolo, Paderno, Dussano e Ponte Mas e la comunale tra Ponte Mas, Mis e Sospirolo sar\u00e0 chiusa al traffico per permettere una gara ciclistica. Sono possibili delle aperture temporanee.<\/p>\n<p>&nbsp;<\/p>\n<p>&nbsp;<\/p>\n<hr \/>\n<p>&nbsp;<\/p>\n<h2><strong><a class=\"dt-pswp-item\" href=\"https:\/\/www.radiopiu.net\/wordpress\/wp-content\/uploads\/2019\/05\/LA-VALLE-EZIO-ZUANEL.jpeg\" data-dt-img-description=\"\" data-large_image_width=\"1600\" data-large_image_height=\"901\"><img loading=\"lazy\" decoding=\"async\" class=\" wp-image-86466 alignleft\" src=\"https:\/\/www.radiopiu.net\/wordpress\/wp-content\/uploads\/2019\/05\/LA-VALLE-EZIO-ZUANEL-300x169.jpeg\" alt=\"\" width=\"162\" height=\"91\" srcset=\"https:\/\/www.radiopiu.net\/wordpress\/wp-content\/uploads\/2019\/05\/LA-VALLE-EZIO-ZUANEL-300x169.jpeg 300w, https:\/\/www.radiopiu.net\/wordpress\/wp-content\/uploads\/2019\/05\/LA-VALLE-EZIO-ZUANEL-768x432.jpeg 768w, https:\/\/www.radiopiu.net\/wordpress\/wp-content\/uploads\/2019\/05\/LA-VALLE-EZIO-ZUANEL-1024x577.jpeg 1024w, https:\/\/www.radiopiu.net\/wordpress\/wp-content\/uploads\/2019\/05\/LA-VALLE-EZIO-ZUANEL.jpeg 1600w\" sizes=\"auto, (max-width: 162px) 100vw, 162px\" \/><\/a><\/strong><span style=\"color: #008080;\">LA RASSEGNA STAMPA DA L&#8217;AMICO DEL POPOLO<\/span><\/h2>\n<p><strong>DI GIANNI SANTOMASO<\/strong><\/p>\n<p>OSPITE: Ezio Zuanel, sindaco di La Valle Agordina<\/p>\n<audio class=\"wp-audio-shortcode\" id=\"audio-344553-13\" preload=\"none\" style=\"width: 100%;\" controls=\"controls\"><source type=\"audio\/mpeg\" src=\"https:\/\/www.radiopiu.net\/wordpress\/wp-content\/uploads\/2023\/07\/RASSEGNA-GIANNI-2.mp3?_=13\" \/><a href=\"https:\/\/www.radiopiu.net\/wordpress\/wp-content\/uploads\/2023\/07\/RASSEGNA-GIANNI-2.mp3\">https:\/\/www.radiopiu.net\/wordpress\/wp-content\/uploads\/2023\/07\/RASSEGNA-GIANNI-2.mp3<\/a><\/audio>\n<p>&nbsp;<\/p>\n<hr \/>\n<p>&nbsp;<\/p>\n<div dir=\"auto\">\n<div class=\"message spoilers-container\" dir=\"auto\">\n<div>\n<div class=\"b654a4as d2edcug0\">\n<div class=\"rq0escxv hkbzh7o3 jwdofwj8 n8tt0mok r8blr3vg hyh9befq\"><\/div>\n<\/div>\n<\/div>\n<\/div>\n<\/div>\n<div class=\"message spoilers-container\" dir=\"auto\">\n<div class=\"column\">\n<div class=\"message spoilers-container\" dir=\"auto\">\n<div class=\"column\">\n<blockquote class=\"wp-embedded-content\" data-secret=\"6hVtkcZnV7\"><p><a href=\"https:\/\/www.radiopiu.net\/wordpress\/il-viaggio-in-terra-irlandese-con-claudia-lavventura-e-terminata\/\">IL VIAGGIO IN TERRA IRLANDESE con Claudia L&#8217;AVVENTURA E&#8217; TERMINATA<\/a><\/p><\/blockquote>\n<p><iframe loading=\"lazy\" class=\"wp-embedded-content\" sandbox=\"allow-scripts\" security=\"restricted\" style=\"position: absolute; clip: rect(1px, 1px, 1px, 1px);\" title=\"&#8220;IL VIAGGIO IN TERRA IRLANDESE con Claudia L&#8217;AVVENTURA E&#8217; TERMINATA&#8221; &#8212; Radio Pi\u00f9\" src=\"https:\/\/www.radiopiu.net\/wordpress\/il-viaggio-in-terra-irlandese-con-claudia-lavventura-e-terminata\/embed\/#?secret=ahaO3wBHLe#?secret=6hVtkcZnV7\" data-secret=\"6hVtkcZnV7\" width=\"600\" height=\"338\" frameborder=\"0\" marginwidth=\"0\" marginheight=\"0\" scrolling=\"no\"><\/iframe><\/p>\n<p>&nbsp;<\/p>\n<hr \/>\n<p>&nbsp;<\/p>\n<p><img loading=\"lazy\" decoding=\"async\" class=\"aligncenter wp-image-61954 size-full\" src=\"https:\/\/www.radiopiu.net\/wordpress\/wp-content\/uploads\/2018\/09\/viabilita.jpeg\" sizes=\"auto, (max-width: 800px) 100vw, 800px\" srcset=\"https:\/\/www.radiopiu.net\/wordpress\/wp-content\/uploads\/2018\/09\/viabilita.jpeg 800w, https:\/\/www.radiopiu.net\/wordpress\/wp-content\/uploads\/2018\/09\/viabilita-300x38.jpeg 300w, https:\/\/www.radiopiu.net\/wordpress\/wp-content\/uploads\/2018\/09\/viabilita-768x96.jpeg 768w\" alt=\"\" width=\"800\" height=\"100\" \/><\/p>\n<\/div>\n<\/div>\n<div class=\"message spoilers-container\" dir=\"auto\">\n<div class=\"column\">\n<p>&nbsp;<\/p>\n<\/div>\n<\/div>\n<\/div>\n<\/div>\n<blockquote class=\"wp-embedded-content\" data-secret=\"pr5SYEhuW1\"><p><a href=\"https:\/\/www.radiopiu.net\/wordpress\/viabilita\/\">viabilita<\/a><\/p><\/blockquote>\n<p><iframe loading=\"lazy\" class=\"wp-embedded-content\" sandbox=\"allow-scripts\" security=\"restricted\" style=\"position: absolute; clip: rect(1px, 1px, 1px, 1px);\" title=\"&#8220;viabilita&#8221; &#8212; Radio Pi\u00f9\" src=\"https:\/\/www.radiopiu.net\/wordpress\/viabilita\/embed\/#?secret=QizCDwjmD6#?secret=pr5SYEhuW1\" data-secret=\"pr5SYEhuW1\" width=\"600\" height=\"338\" frameborder=\"0\" marginwidth=\"0\" marginheight=\"0\" scrolling=\"no\"><\/iframe><\/p>\n<div class=\"message spoilers-container\" dir=\"auto\">\n<div class=\"column\">\n<div class=\"message spoilers-container\" dir=\"auto\">\n<div class=\"column\">\n<div>\n<div dir=\"ltr\">\n<div class=\"gmail_quote\">\n<div dir=\"ltr\">\n<div><\/div>\n<div>\n<hr \/>\n<\/div>\n<div><a class=\"dt-pswp-item\" href=\"https:\/\/www.radiopiu.net\/wordpress\/wp-content\/uploads\/2023\/06\/07493af4-f8e1-4ce3-bb99-e0a40362939f.jpg\" data-dt-img-description=\"\" data-large_image_width=\"1417\" data-large_image_height=\"1481\"><img loading=\"lazy\" decoding=\"async\" class=\"wp-image-339869 aligncenter\" src=\"https:\/\/www.radiopiu.net\/wordpress\/wp-content\/uploads\/2023\/06\/07493af4-f8e1-4ce3-bb99-e0a40362939f-980x1024.jpg\" alt=\"\" width=\"382\" height=\"399\" srcset=\"https:\/\/www.radiopiu.net\/wordpress\/wp-content\/uploads\/2023\/06\/07493af4-f8e1-4ce3-bb99-e0a40362939f-980x1024.jpg 980w, https:\/\/www.radiopiu.net\/wordpress\/wp-content\/uploads\/2023\/06\/07493af4-f8e1-4ce3-bb99-e0a40362939f-287x300.jpg 287w, https:\/\/www.radiopiu.net\/wordpress\/wp-content\/uploads\/2023\/06\/07493af4-f8e1-4ce3-bb99-e0a40362939f-768x803.jpg 768w, https:\/\/www.radiopiu.net\/wordpress\/wp-content\/uploads\/2023\/06\/07493af4-f8e1-4ce3-bb99-e0a40362939f.jpg 1417w\" sizes=\"auto, (max-width: 382px) 100vw, 382px\" \/><\/a><\/div>\n<div><\/div>\n<\/div>\n<\/div>\n<\/div>\n<\/div>\n<hr \/>\n<p>&nbsp;<\/p>\n<p><a class=\"dt-pswp-item\" href=\"https:\/\/www.radiopiu.net\/wordpress\/wp-content\/uploads\/2018\/09\/WhatsApp-Image-2018-09-20-at-16.04.06.jpeg\" data-dt-img-description=\"\" data-large_image_width=\"800\" data-large_image_height=\"100\"><img loading=\"lazy\" decoding=\"async\" class=\"wp-image-61378 size-full aligncenter\" src=\"https:\/\/www.radiopiu.net\/wordpress\/wp-content\/uploads\/2018\/09\/WhatsApp-Image-2018-09-20-at-16.04.06.jpeg\" alt=\"\" width=\"800\" height=\"100\" srcset=\"https:\/\/www.radiopiu.net\/wordpress\/wp-content\/uploads\/2018\/09\/WhatsApp-Image-2018-09-20-at-16.04.06.jpeg 800w, https:\/\/www.radiopiu.net\/wordpress\/wp-content\/uploads\/2018\/09\/WhatsApp-Image-2018-09-20-at-16.04.06-300x38.jpeg 300w, https:\/\/www.radiopiu.net\/wordpress\/wp-content\/uploads\/2018\/09\/WhatsApp-Image-2018-09-20-at-16.04.06-768x96.jpeg 768w\" sizes=\"auto, (max-width: 800px) 100vw, 800px\" \/><\/a><\/p>\n<\/div>\n<\/div>\n<div class=\"message spoilers-container\" dir=\"auto\">\n<p>&nbsp;<\/p>\n<p><center><\/center><center><b>OGGI<\/b><\/center>Nella notte possibile instabilit\u00e0 seguita da schiarite in mattinata. Dalle ore centrali e nel pomeriggio\/sera sviluppo di nubi cumuliformi a tratti anche moderato. Ancora molto caldo e afoso nei fondovalle prealpini.<br \/>\n<b>Precipitazioni: <\/b>Nella notte possibili rovesci e temporali sparsi su Dolomiti (30-50%), meno probabili su Prealpi; in mattinata poco probabile qualche residuo fenomeno (10%). Nel pomeriggio\/sera nuovo aumento della probabilit\u00e0 di rovesci o temporali isolati\/sparsi (30-50%) in trasferimento da Dolomiti a Prealpi. Non esclusi fenomeni di forte intensit\u00e0 di forte intensit\u00e0 (grandine di grosse dimensioni, forti raffiche di vento e forti rovesci con forti accumuli di pioggia in breve tempo)<br \/>\n<b>Temperature: <\/b>In lievissimo calo in quota, continuer\u00e0 a fare molto caldo nelle valli prealpine con forte disagio da calore.<\/p>\n<hr \/>\n<p><center><b>DOMANI<\/b><\/center>Tempo variabile, con nuvolosit\u00e0 irregolare alternata a schiarite anche ampie specie al mattino e maggior nuvolosit\u00e0 cumuliforme nel pomeriggio\/sera.<br \/>\n<b>Precipitazioni: <\/b>Nella notte possibili residui temporali specie su Prealpi (30-50%), in mattinata poco probabile qualche isolato temporale (10%).Nel pomeriggio\/sera nuovo aumento della probabilit\u00e0 di rovesci e temporali (40-60%). Non esclusi fenomeni di forte intensit\u00e0 (grandine, forti raffiche di vento e forti rovesci).<br \/>\n<b>Temperature: <\/b>Temperature in generale lieve calo specie le massime.<\/p>\n<hr \/>\n<p><center><b>VENERDI<\/b><\/center>Variabile a tratti instabile con annuvolamenti pi\u00f9 consistenti rispetto ai giorni precedenti e schiarite. Possibili rovesci o temporali sparsi sia durante la notte e poi tra pomeriggio e sera, pi\u00f9 probabili su Prealpi. Temperature in generale ulteriore lieve calo. Venti in quota moderati\/tesi da sudovest.<\/p>\n<hr \/>\n<p><center><b>SABATO<\/b><\/center>Fino al mattino instabile con molte nubi e probabili rovesci e temporali specie su Prealpi. Da met\u00e0 giornata miglioramento con schiarite via via pi\u00f9 ampie a partire da prealpi occidentali in estensione a tutta la montagna veneta fino a cielo sereno o poco nuvoloso. Temperature in ulteriore generale calo<\/p>\n<p>&nbsp;<\/p>\n<\/div>\n<div class=\"message spoilers-container\" dir=\"auto\">\n<hr \/>\n<p>&nbsp;<\/p>\n<p><a class=\"dt-pswp-item\" href=\"https:\/\/www.radiopiu.net\/wordpress\/wp-content\/uploads\/2018\/09\/sport.jpg\" data-dt-img-description=\"\" data-large_image_width=\"800\" data-large_image_height=\"100\"><img loading=\"lazy\" decoding=\"async\" class=\"aligncenter wp-image-60761 size-full\" src=\"https:\/\/www.radiopiu.net\/wordpress\/wp-content\/uploads\/2018\/09\/sport.jpg\" alt=\"\" width=\"800\" height=\"100\" srcset=\"https:\/\/www.radiopiu.net\/wordpress\/wp-content\/uploads\/2018\/09\/sport.jpg 800w, https:\/\/www.radiopiu.net\/wordpress\/wp-content\/uploads\/2018\/09\/sport-300x38.jpg 300w, https:\/\/www.radiopiu.net\/wordpress\/wp-content\/uploads\/2018\/09\/sport-768x96.jpg 768w\" sizes=\"auto, (max-width: 800px) 100vw, 800px\" \/><\/a><\/p>\n<\/div>\n<div class=\"message spoilers-container\" dir=\"auto\">\n<p>&nbsp;<\/p>\n<blockquote>\n<h3><a class=\"dt-pswp-item\" href=\"https:\/\/www.radiopiu.net\/wordpress\/wp-content\/uploads\/2023\/07\/2577adbd-b306-46fc-a351-43adfac3f7e7-300x225-1.jpg\" data-dt-img-description=\"\" data-large_image_width=\"300\" data-large_image_height=\"225\"><img loading=\"lazy\" decoding=\"async\" class=\"wp-image-344607 alignleft\" src=\"https:\/\/www.radiopiu.net\/wordpress\/wp-content\/uploads\/2023\/07\/2577adbd-b306-46fc-a351-43adfac3f7e7-300x225-1.jpg\" alt=\"\" width=\"160\" height=\"120\" \/><\/a>10 SETTEMBRE, LA 16 COMUNI. PERCORSI DA PROVARE<\/h3>\n<\/blockquote>\n<p><strong>DI GIANNI SANTOMASO<\/strong><\/p>\n<audio class=\"wp-audio-shortcode\" id=\"audio-344553-14\" preload=\"none\" style=\"width: 100%;\" controls=\"controls\"><source type=\"audio\/mpeg\" src=\"https:\/\/www.radiopiu.net\/wordpress\/wp-content\/uploads\/2023\/07\/GIANNI-16-COMUNI.mp3?_=14\" \/><a href=\"https:\/\/www.radiopiu.net\/wordpress\/wp-content\/uploads\/2023\/07\/GIANNI-16-COMUNI.mp3\">https:\/\/www.radiopiu.net\/wordpress\/wp-content\/uploads\/2023\/07\/GIANNI-16-COMUNI.mp3<\/a><\/audio>\n<p>&nbsp;<\/p>\n<blockquote>\n<h3 style=\"text-align: left;\">BRILLANO SELVESTREL E DA RUI IN DECISA CRESCITA<\/h3>\n<\/blockquote>\n<p><img loading=\"lazy\" decoding=\"async\" class=\"alignleft\" src=\"https:\/\/www.radiopiu.net\/wordpress\/wp-content\/uploads\/2023\/07\/02e7bb7e-2fc2-4cd8-81e1-7cc71fac8b85.jpg\" width=\"216\" height=\"144\" \/><\/p>\n<p><strong>BELLUNO<\/strong><\/p>\n<p><strong>DI ROBERTO\u00a0 BONA<\/strong><\/p>\n<audio class=\"wp-audio-shortcode\" id=\"audio-344553-15\" preload=\"none\" style=\"width: 100%;\" controls=\"controls\"><source type=\"audio\/mpeg\" src=\"https:\/\/www.radiopiu.net\/wordpress\/wp-content\/uploads\/2023\/07\/SelvestrelDaRui.mp3?_=15\" \/><a href=\"https:\/\/www.radiopiu.net\/wordpress\/wp-content\/uploads\/2023\/07\/SelvestrelDaRui.mp3\">https:\/\/www.radiopiu.net\/wordpress\/wp-content\/uploads\/2023\/07\/SelvestrelDaRui.mp3<\/a><\/audio>\n<p>&nbsp;<\/p>\n<p>&nbsp;<\/p>\n<\/div>\n<\/div>\n<\/div>\n","protected":false},"excerpt":{"rendered":"<p>40esimo di RADIOPIU\u2026. LA VOCE DELL\u2019EMOZIONE ISCRIVITI AL NOSTRO CANALE\u00a0\u00a0YOUTUBE PER SEGUIRE IN DIRETTA I PRINCIPALI PROGRAMMI DI RADIO PIU\u2019 E LE FUTURE DIRETTE IN ESTERNA. PER ISCRIVERTI\u00a0CLICCA QUI\u00a0E PREMI\u00a0 \u201cIscriviti\u201d\u00a0 &nbsp; visto il meteo previsto\u00a0 l\u2019evento del Venezia F.C. ovvero la presentazione al pubblico \u00e8 programmata per le 18 al PalaFalcade e non come&hellip;<\/p>\n","protected":false},"author":4,"featured_media":344749,"comment_status":"closed","ping_status":"closed","sticky":false,"template":"","format":"standard","meta":{"_monsterinsights_skip_tracking":false,"_monsterinsights_sitenote_active":false,"_monsterinsights_sitenote_note":"","_monsterinsights_sitenote_category":0,"footnotes":""},"categories":[51,86,49],"tags":[],"class_list":["post-344553","post","type-post","status-publish","format-standard","has-post-thumbnail","hentry","category-evidenza-top","category-gr","category-news-18","category-51","category-86","category-49","description-off"],"img_url":"https:\/\/www.radiopiu.net\/wordpress\/wp-content\/uploads\/2023\/07\/Senza-nome-46.png","_links":{"self":[{"href":"https:\/\/www.radiopiu.net\/wordpress\/wp-json\/wp\/v2\/posts\/344553","targetHints":{"allow":["GET"]}}],"collection":[{"href":"https:\/\/www.radiopiu.net\/wordpress\/wp-json\/wp\/v2\/posts"}],"about":[{"href":"https:\/\/www.radiopiu.net\/wordpress\/wp-json\/wp\/v2\/types\/post"}],"author":[{"embeddable":true,"href":"https:\/\/www.radiopiu.net\/wordpress\/wp-json\/wp\/v2\/users\/4"}],"replies":[{"embeddable":true,"href":"https:\/\/www.radiopiu.net\/wordpress\/wp-json\/wp\/v2\/comments?post=344553"}],"version-history":[{"count":0,"href":"https:\/\/www.radiopiu.net\/wordpress\/wp-json\/wp\/v2\/posts\/344553\/revisions"}],"wp:featuredmedia":[{"embeddable":true,"href":"https:\/\/www.radiopiu.net\/wordpress\/wp-json\/wp\/v2\/media\/344749"}],"wp:attachment":[{"href":"https:\/\/www.radiopiu.net\/wordpress\/wp-json\/wp\/v2\/media?parent=344553"}],"wp:term":[{"taxonomy":"category","embeddable":true,"href":"https:\/\/www.radiopiu.net\/wordpress\/wp-json\/wp\/v2\/categories?post=344553"},{"taxonomy":"post_tag","embeddable":true,"href":"https:\/\/www.radiopiu.net\/wordpress\/wp-json\/wp\/v2\/tags?post=344553"}],"curies":[{"name":"wp","href":"https:\/\/api.w.org\/{rel}","templated":true}]}}