{"id":344663,"date":"2023-07-19T05:35:21","date_gmt":"2023-07-19T03:35:21","guid":{"rendered":"https:\/\/www.radiopiu.net\/wordpress\/?p=344663"},"modified":"2023-07-19T05:45:04","modified_gmt":"2023-07-19T03:45:04","slug":"pioggia-grandine-e-piante-sradicate-torna-la-paura","status":"publish","type":"post","link":"https:\/\/www.radiopiu.net\/wordpress\/pioggia-grandine-e-piante-sradicate-torna-la-paura\/","title":{"rendered":"PIOGGIA, GRANDINE E PIANTE SRADICATE. TORNA LA PAURA"},"content":{"rendered":"<p><strong><img decoding=\"async\" src=\"https:\/\/www.radiopiu.net\/wordpress\/wp-content\/uploads\/2023\/07\/c410ffb6-8ca6-4998-b713-54fc4b263576.jpg\" \/><\/strong><\/p>\n<p><strong>PAURA<\/strong> dalla Valle di Gares a Cencenighe, dal Passo San Pellegrino a Moena. Come nei minuti di vaia, piante sradicate, pali appena installati in Valle di Gares divelti dalla furia del vento. A Cencenighe grandine, acqua tanta e auto ferme in strada.<br \/>\nA Moena tromba d&#8217;aria al fischio d&#8217;inizio della partita del Genoa con il Tyrol in un attimo dalla valle \u00e8 arrivato un vortice, village distrutto \u00e8 crollata la torretta con le telecamere. Lia: <em>C&#8217;\u00e8 stato il fuggi fuggi generale era una cosa paurosa.<\/em> Passo San Pellegrino\u00a0 chiuso per alcune ore.\u00a0 Black out ovunque, anche in Luxottica pur per pochi minuti e strada chiusa (RIAPERTA ALLE 18.15)\u00a0 tra Taibon e Agordo. Strada verso il bivio del Falzarego con piante e sassi in strada. Albero in strada dopo baita flora alpina direzione passo Staulanza Sassi sulla 203 agordina tra Agordo e Mas.<\/p>\n<p><span style=\"color: #ff0000;\"><strong>CADORE COMELICO<\/strong><\/span><\/p>\n<blockquote><p><em>80 richieste di soccorso, 30 interventi con le squadre del Comando di Belluno e i volontari, in supporto personale regionale da Verona e Treviso<\/em><\/p><\/blockquote>\n<p>A <strong>San Vito<\/strong>\u00a0sono numerose le piante abbattute dalle raffiche, nella vicina\u00a0<strong>Borca\u00a0<\/strong>\u00e8 stata scoperchiata la casa cantoniera. Scoperchiata anche la colonia San Giovanni a <strong>Calalzo\u00a0<\/strong>e la Casa della Dottrina cristiana di<strong> San Pietro. <\/strong>Un albero caduto tra\u00a0<strong>Venas\u00a0<\/strong>e\u00a0<strong>Cibiana\u00a0<\/strong>ha interrotto il transito sulla Sp 347.\u00a0Problemi per la circolazione anche ad\u00a0<strong>Auronzo<\/strong>, con alberi spezzati dalla furia del vento che sono finiti in strada.<\/p>\n<div id=\"adv-Bottom\">\n<div id=\"div-gpt-ad-Bottom\" data-google-query-id=\"CN77ktjfmIADFXLuuwgdOb4B6A\"><\/div>\n<\/div>\n<p><strong>MOENA PRIMA DEL TEMPORALE<\/strong><\/p>\n<p><strong><a class=\"dt-pswp-item\" href=\"https:\/\/www.radiopiu.net\/wordpress\/wp-content\/uploads\/2023\/07\/fb7e20d9-ad4b-4f3b-9411-d98184b64a01-1.jpg\" data-dt-img-description=\"\" data-large_image_width=\"1600\" data-large_image_height=\"1200\"><img loading=\"lazy\" decoding=\"async\" class=\"size-medium wp-image-344668 aligncenter\" src=\"https:\/\/www.radiopiu.net\/wordpress\/wp-content\/uploads\/2023\/07\/fb7e20d9-ad4b-4f3b-9411-d98184b64a01-1-300x225.jpg\" alt=\"\" width=\"300\" height=\"225\" srcset=\"https:\/\/www.radiopiu.net\/wordpress\/wp-content\/uploads\/2023\/07\/fb7e20d9-ad4b-4f3b-9411-d98184b64a01-1-300x225.jpg 300w, https:\/\/www.radiopiu.net\/wordpress\/wp-content\/uploads\/2023\/07\/fb7e20d9-ad4b-4f3b-9411-d98184b64a01-1-1024x768.jpg 1024w, https:\/\/www.radiopiu.net\/wordpress\/wp-content\/uploads\/2023\/07\/fb7e20d9-ad4b-4f3b-9411-d98184b64a01-1-768x576.jpg 768w, https:\/\/www.radiopiu.net\/wordpress\/wp-content\/uploads\/2023\/07\/fb7e20d9-ad4b-4f3b-9411-d98184b64a01-1-1536x1152.jpg 1536w, https:\/\/www.radiopiu.net\/wordpress\/wp-content\/uploads\/2023\/07\/fb7e20d9-ad4b-4f3b-9411-d98184b64a01-1.jpg 1600w\" sizes=\"auto, (max-width: 300px) 100vw, 300px\" \/><\/a><\/strong><\/p>\n<p><strong>ALLEGHE<\/strong><\/p>\n<div style=\"width: 848px;\" class=\"wp-video\"><video class=\"wp-video-shortcode\" id=\"video-344663-1\" width=\"848\" height=\"480\" preload=\"metadata\" controls=\"controls\"><source type=\"video\/mp4\" src=\"https:\/\/www.radiopiu.net\/wordpress\/wp-content\/uploads\/2023\/07\/WhatsApp-Video-2023-07-18-at-18.04.06.mp4?_=1\" \/><a href=\"https:\/\/www.radiopiu.net\/wordpress\/wp-content\/uploads\/2023\/07\/WhatsApp-Video-2023-07-18-at-18.04.06.mp4\">https:\/\/www.radiopiu.net\/wordpress\/wp-content\/uploads\/2023\/07\/WhatsApp-Video-2023-07-18-at-18.04.06.mp4<\/a><\/video><\/div>\n<p><span style=\"color: #ff0000;\"><strong>VIABILITA&#8217; PROVINCIA DI BELLUNO su telegram\u00a0<\/strong><\/span><\/p>\n<p><strong>LANDRIS<\/strong><\/p>\n<p><a class=\"dt-pswp-item\" href=\"https:\/\/www.radiopiu.net\/wordpress\/wp-content\/uploads\/2023\/07\/2e69bc13-baa0-4d51-9e3a-5115756b31d9.jpg\" data-dt-img-description=\"\" data-large_image_width=\"1280\" data-large_image_height=\"960\"><img loading=\"lazy\" decoding=\"async\" class=\"alignnone size-medium wp-image-344676\" src=\"https:\/\/www.radiopiu.net\/wordpress\/wp-content\/uploads\/2023\/07\/2e69bc13-baa0-4d51-9e3a-5115756b31d9-300x225.jpg\" alt=\"\" width=\"300\" height=\"225\" srcset=\"https:\/\/www.radiopiu.net\/wordpress\/wp-content\/uploads\/2023\/07\/2e69bc13-baa0-4d51-9e3a-5115756b31d9-300x225.jpg 300w, https:\/\/www.radiopiu.net\/wordpress\/wp-content\/uploads\/2023\/07\/2e69bc13-baa0-4d51-9e3a-5115756b31d9-1024x768.jpg 1024w, https:\/\/www.radiopiu.net\/wordpress\/wp-content\/uploads\/2023\/07\/2e69bc13-baa0-4d51-9e3a-5115756b31d9-768x576.jpg 768w, https:\/\/www.radiopiu.net\/wordpress\/wp-content\/uploads\/2023\/07\/2e69bc13-baa0-4d51-9e3a-5115756b31d9.jpg 1280w\" sizes=\"auto, (max-width: 300px) 100vw, 300px\" \/>\u00f9<\/a><\/p>\n<p><strong>PASSO SAN PELLEGRINO<\/strong><\/p>\n<p><a class=\"dt-pswp-item\" href=\"https:\/\/www.radiopiu.net\/wordpress\/wp-content\/uploads\/2023\/07\/64f74b9f-3b34-426f-beef-5d93dbca3992.jpg\" data-dt-img-description=\"\" data-large_image_width=\"960\" data-large_image_height=\"1280\"><img loading=\"lazy\" decoding=\"async\" class=\"alignnone size-medium wp-image-344681\" src=\"https:\/\/www.radiopiu.net\/wordpress\/wp-content\/uploads\/2023\/07\/64f74b9f-3b34-426f-beef-5d93dbca3992-225x300.jpg\" alt=\"\" width=\"225\" height=\"300\" srcset=\"https:\/\/www.radiopiu.net\/wordpress\/wp-content\/uploads\/2023\/07\/64f74b9f-3b34-426f-beef-5d93dbca3992-225x300.jpg 225w, https:\/\/www.radiopiu.net\/wordpress\/wp-content\/uploads\/2023\/07\/64f74b9f-3b34-426f-beef-5d93dbca3992-768x1024.jpg 768w, https:\/\/www.radiopiu.net\/wordpress\/wp-content\/uploads\/2023\/07\/64f74b9f-3b34-426f-beef-5d93dbca3992.jpg 960w\" sizes=\"auto, (max-width: 225px) 100vw, 225px\" \/><\/a>___<\/p>\n<p>&nbsp;<\/p>\n<p>&nbsp;<\/p>\n<p>&nbsp;<\/p>\n<p>&nbsp;<\/p>\n<p>&nbsp;<\/p>\n","protected":false},"excerpt":{"rendered":"<p>PAURA dalla Valle di Gares a Cencenighe, dal Passo San Pellegrino a Moena. Come nei minuti di vaia, piante sradicate, pali appena installati in Valle di Gares divelti dalla furia del vento. A Cencenighe grandine, acqua tanta e auto ferme in strada. A Moena tromba d&#8217;aria al fischio d&#8217;inizio della partita del Genoa con il&hellip;<\/p>\n","protected":false},"author":4,"featured_media":344665,"comment_status":"closed","ping_status":"closed","sticky":false,"template":"","format":"standard","meta":{"_monsterinsights_skip_tracking":false,"_monsterinsights_sitenote_active":false,"_monsterinsights_sitenote_note":"","_monsterinsights_sitenote_category":0,"footnotes":""},"categories":[51,49],"tags":[],"class_list":["post-344663","post","type-post","status-publish","format-standard","has-post-thumbnail","hentry","category-evidenza-top","category-news-18","category-51","category-49","description-off"],"img_url":"https:\/\/www.radiopiu.net\/wordpress\/wp-content\/uploads\/2023\/07\/c410ffb6-8ca6-4998-b713-54fc4b263576.jpg","_links":{"self":[{"href":"https:\/\/www.radiopiu.net\/wordpress\/wp-json\/wp\/v2\/posts\/344663","targetHints":{"allow":["GET"]}}],"collection":[{"href":"https:\/\/www.radiopiu.net\/wordpress\/wp-json\/wp\/v2\/posts"}],"about":[{"href":"https:\/\/www.radiopiu.net\/wordpress\/wp-json\/wp\/v2\/types\/post"}],"author":[{"embeddable":true,"href":"https:\/\/www.radiopiu.net\/wordpress\/wp-json\/wp\/v2\/users\/4"}],"replies":[{"embeddable":true,"href":"https:\/\/www.radiopiu.net\/wordpress\/wp-json\/wp\/v2\/comments?post=344663"}],"version-history":[{"count":0,"href":"https:\/\/www.radiopiu.net\/wordpress\/wp-json\/wp\/v2\/posts\/344663\/revisions"}],"wp:featuredmedia":[{"embeddable":true,"href":"https:\/\/www.radiopiu.net\/wordpress\/wp-json\/wp\/v2\/media\/344665"}],"wp:attachment":[{"href":"https:\/\/www.radiopiu.net\/wordpress\/wp-json\/wp\/v2\/media?parent=344663"}],"wp:term":[{"taxonomy":"category","embeddable":true,"href":"https:\/\/www.radiopiu.net\/wordpress\/wp-json\/wp\/v2\/categories?post=344663"},{"taxonomy":"post_tag","embeddable":true,"href":"https:\/\/www.radiopiu.net\/wordpress\/wp-json\/wp\/v2\/tags?post=344663"}],"curies":[{"name":"wp","href":"https:\/\/api.w.org\/{rel}","templated":true}]}}