{"id":344751,"date":"2023-07-19T05:39:09","date_gmt":"2023-07-19T03:39:09","guid":{"rendered":"https:\/\/www.radiopiu.net\/wordpress\/?p=344751"},"modified":"2023-07-19T05:42:05","modified_gmt":"2023-07-19T03:42:05","slug":"ponte-veneggia-due-mesi-di-chiusura","status":"publish","type":"post","link":"https:\/\/www.radiopiu.net\/wordpress\/ponte-veneggia-due-mesi-di-chiusura\/","title":{"rendered":"PONTE VENEGGIA: DUE MESI DI CHIUSURA\u00a0"},"content":{"rendered":"<blockquote>\n<h3><a class=\"dt-pswp-item\" href=\"https:\/\/www.radiopiu.net\/wordpress\/wp-content\/uploads\/2023\/07\/ponte-veneggia_edited.jpg\" data-dt-img-description=\"\" data-large_image_width=\"1000\" data-large_image_height=\"703\"><img loading=\"lazy\" decoding=\"async\" class=\" wp-image-344750 alignleft\" src=\"https:\/\/www.radiopiu.net\/wordpress\/wp-content\/uploads\/2023\/07\/ponte-veneggia_edited-300x211.jpg\" alt=\"\" width=\"198\" height=\"139\" srcset=\"https:\/\/www.radiopiu.net\/wordpress\/wp-content\/uploads\/2023\/07\/ponte-veneggia_edited-300x211.jpg 300w, https:\/\/www.radiopiu.net\/wordpress\/wp-content\/uploads\/2023\/07\/ponte-veneggia_edited-768x540.jpg 768w, https:\/\/www.radiopiu.net\/wordpress\/wp-content\/uploads\/2023\/07\/ponte-veneggia_edited.jpg 1000w\" sizes=\"auto, (max-width: 198px) 100vw, 198px\" \/><\/a><\/h3>\n<\/blockquote>\n<p><strong>BELLUNO<\/strong> Il ponte sar\u00e0 chiuso per due mesi, a partire dalla seconda met\u00e0 di agosto e fino alla fine di ottobre. Il cantiere per la sistemazione dell&#8217;infrastruttura e la costruzione di una passerella ciclopedonale richieder\u00e0 pi\u00f9 tempo del previsto. La chiusura quindi non sar\u00e0 relegata ai mesi estivi, periodo in cui il traffico \u00e8 decisamente pi\u00f9 snello. Le prime settimane di scuola dovranno fare i conti con una viabilit\u00e0 che sar\u00e0 necessariamente modificata.<\/p>\n<p>Il ponte quindi sar\u00e0 chiuso, per due mesi. Come bypass sar\u00e0 utilizzata la strada interna della Veneggia. Ma sar\u00e0 possibile anche passare per il parcheggio del centro Veneggia<\/p>\n<p>&nbsp;<\/p>\n<hr \/>\n<p>&nbsp;<\/p>\n","protected":false},"excerpt":{"rendered":"<p>BELLUNO Il ponte sar\u00e0 chiuso per due mesi, a partire dalla seconda met\u00e0 di agosto e fino alla fine di ottobre. Il cantiere per la sistemazione dell&#8217;infrastruttura e la costruzione di una passerella ciclopedonale richieder\u00e0 pi\u00f9 tempo del previsto. La chiusura quindi non sar\u00e0 relegata ai mesi estivi, periodo in cui il traffico \u00e8 decisamente&hellip;<\/p>\n","protected":false},"author":4,"featured_media":344750,"comment_status":"closed","ping_status":"closed","sticky":false,"template":"","format":"standard","meta":{"_monsterinsights_skip_tracking":false,"_monsterinsights_sitenote_active":false,"_monsterinsights_sitenote_note":"","_monsterinsights_sitenote_category":0,"footnotes":""},"categories":[51,49],"tags":[],"class_list":["post-344751","post","type-post","status-publish","format-standard","has-post-thumbnail","hentry","category-evidenza-top","category-news-18","category-51","category-49","description-off"],"img_url":"https:\/\/www.radiopiu.net\/wordpress\/wp-content\/uploads\/2023\/07\/ponte-veneggia_edited.jpg","_links":{"self":[{"href":"https:\/\/www.radiopiu.net\/wordpress\/wp-json\/wp\/v2\/posts\/344751","targetHints":{"allow":["GET"]}}],"collection":[{"href":"https:\/\/www.radiopiu.net\/wordpress\/wp-json\/wp\/v2\/posts"}],"about":[{"href":"https:\/\/www.radiopiu.net\/wordpress\/wp-json\/wp\/v2\/types\/post"}],"author":[{"embeddable":true,"href":"https:\/\/www.radiopiu.net\/wordpress\/wp-json\/wp\/v2\/users\/4"}],"replies":[{"embeddable":true,"href":"https:\/\/www.radiopiu.net\/wordpress\/wp-json\/wp\/v2\/comments?post=344751"}],"version-history":[{"count":0,"href":"https:\/\/www.radiopiu.net\/wordpress\/wp-json\/wp\/v2\/posts\/344751\/revisions"}],"wp:featuredmedia":[{"embeddable":true,"href":"https:\/\/www.radiopiu.net\/wordpress\/wp-json\/wp\/v2\/media\/344750"}],"wp:attachment":[{"href":"https:\/\/www.radiopiu.net\/wordpress\/wp-json\/wp\/v2\/media?parent=344751"}],"wp:term":[{"taxonomy":"category","embeddable":true,"href":"https:\/\/www.radiopiu.net\/wordpress\/wp-json\/wp\/v2\/categories?post=344751"},{"taxonomy":"post_tag","embeddable":true,"href":"https:\/\/www.radiopiu.net\/wordpress\/wp-json\/wp\/v2\/tags?post=344751"}],"curies":[{"name":"wp","href":"https:\/\/api.w.org\/{rel}","templated":true}]}}