{"id":344775,"date":"2023-07-19T07:55:21","date_gmt":"2023-07-19T05:55:21","guid":{"rendered":"https:\/\/www.radiopiu.net\/wordpress\/?p=344775"},"modified":"2023-07-19T08:33:28","modified_gmt":"2023-07-19T06:33:28","slug":"dal-1983-la-rassegna-stampa-locale-di-mirko-mezzacasa-7","status":"publish","type":"post","link":"https:\/\/www.radiopiu.net\/wordpress\/dal-1983-la-rassegna-stampa-locale-di-mirko-mezzacasa-7\/","title":{"rendered":"DAL 1983 LA RASSEGNA STAMPA LOCALE, DI MIRKO MEZZACASA"},"content":{"rendered":"<p><iframe loading=\"lazy\" title=\"RASSEGNA STAMPA LOCALE\" width=\"1200\" height=\"675\" src=\"https:\/\/www.youtube.com\/embed\/abk0YFPAoG8?feature=oembed\" frameborder=\"0\" allow=\"accelerometer; autoplay; clipboard-write; encrypted-media; gyroscope; picture-in-picture; web-share\" allowfullscreen><\/iframe><\/p>\n<p>&nbsp;<\/p>\n<p>Questo Vaia ha troppi cugini, dal 2018, da quando lo abbiamo conosciuto, ad oggi non sono mancate le trombe d&#8217;aria, il vento forte, l&#8217;acqua torrenziale. Anche ieri in Comelico e Cadore soprattutto ma anche nell&#8217;Agordino. Alberi sradicati, pali delle linee elettriche e telefoniche abbattuti come birilli, case scoperchiate e tanti interventi dei vigili del fuoco. La buona notizia: nessun morto o ferito. CHIUSA LA SP 6 DI<\/p>\n<p>BELLUNO Attesi 200 migranti ma mancano alloggi, il Prefetto chiede ai sindaci di trovarne altri. No ad un&#8217;altra Cona, dice il Senatore De Carlo che punta all&#8217;accoglienza diffusa.<br \/>\nCORTINA Alpinista francese di 48 anni muore davanti al figlio e nipote, colto da malore sulla ferrata degli alpini, vani i soccorsi di alpinisti e Suem. Ieri decine di turisti bloccati sulle montagne, tanto lavoro per il Soccorso Alpino.<br \/>\nFALCADE E\u2019 MORTO RINO DA RIF, A LUNGO GESTORE DEL RIFUGIO BAITA DEI CACCIATORI<br \/>\nBELLUNO Minacce e violenze su moglie e figlie senza velo, il 35enne marocchino rischia 6 anni di reclusione, tanto chiede la Procura di Belluno.<br \/>\nALPAGO Bello il pontile per pescare con la carrozzina in Alpago, bello e costoso (finanziamento regionale), peccato che da 9 anni sia non ancora accessibile.<br \/>\nBELLUNO Appello della Cgil, in fabbrica con 35 gradi di caldo e umidit\u00e0 oltre il 70 per cento. L&#8217;allarme del sindacato e l&#8217;invito ai lavoratori di denunciare le situazioni insostenibili.<br \/>\nFALCADE visto il meteo previsto l\u2019evento del Venezia F.C. ovvero la presentazione al pubblico \u00e8 programmata per le 18 al PalaFalcade e non come inizialmente previsto in centro all\u2019aperto.<br \/>\nSANTA GIUSTINA Il Comune di Santa Giustina ha deciso di ampliare il sistema di raccolta domiciliare al fine di migliorare le percentuali di riciclo e garantire un ambiente pi\u00f9 pulito. Il nuovo progetto di \u201cporta a porta integrale\u201d prender\u00e0 il via il primo ottobre 2023 e consentir\u00e0 di raccogliere una maggiore quantit\u00e0 di rifiuti riciclabili.<br \/>\nAGORDO Ieri sera consiglio dell&#8217;unione montana agordina, Fabio Luchetta ha spiegato come cambia la raccolta rifiuti, Paolo Frena le difficolt\u00e0 del passaggio della casa di riposo di Taibon dalla Onlus all&#8217;Asca. Riascolta la diretta differita SUL SITO DI RADIOPIU<br \/>\nCICLABILE BRIBANO-CENCENIGHE: SI SPERA DI APPALTARE I LAVORI ENTRO FINE 2023<br \/>\nBELLUNO L\u2019associazione Belluno Alpina ha organizzato con successo una giornata di pulizia dei sentieri nella zona ovest del Neveg\u00e0l.<br \/>\nSANTO STEFANO DI CADORE | LA HUTTER IN SILENZIO. IN OTTOBRE IRRUZIONE DELLA POLIZIA NELLA CASA DI FAMIGLIA<br \/>\nBELLUNO Il ponte sar\u00e0 chiuso per due mesi, a partire dalla seconda met\u00e0 di agosto e fino alla fine di ottobre.<br \/>\nULSS A seguito delle procedure regionali di copertura della zona carente, a partire dal 1 agosto 2023 sar\u00e0 conferito al dr. Alessandro Bettini l\u2019incarico definitivo di medico di assistenza primaria nell\u2019ambito dei Comuni di Comelico Superiore, Danta di Cadore, San Nicol\u00f2 di Comelico, San Pietro di Cadore e Santo Stefano di Cadore.<br \/>\nREDAZIONE Ritorna il country a Taibon, a trent\u2019anni dai concerti dell\u2019epopea country a Taibon. Venerdi alle 18 nell\u2019ambito dei festeggiamenti per San Lucano, al tendone delle feste si esibir\u00e0 la Beer o\u2019Clock. Questa sera Miniere Sunset, anche in diretta alla radio con i Dj dell&#8217;Agordino!<br \/>\nREDAZIONE Domenica la terza tappa della Corri Poi a Forcella Aurine con la Sali e Scendi. Ne abbiamo parlato con Morgan Gnech del Progetto Desma e con Michele Costantini organizzatore della corsa podistica. RIASCOLTALA SU RADIOPIU OGGI ALLE 16.30 PRESENTIAMO L&#8217;EVENTO I MASCHERAI A CANALE D&#8217;AGORDO CON SIMONE ONGARO, ALLE 10.30 LA GARA DI DOMENICA A FORCELLA AURINE NELL&#8217;AMBITO DELLA CORRIPOI CON MORGAN GNECH E MICHELE COSTANTINI<br \/>\n10 SETTEMBRE, LA 16 COMUNI. PERCORSI DA PROVARE<br \/>\nBRILLANO SELVESTREL E DA RUI IN DECISA CRESCITA<\/p>\n<p>&nbsp;<\/p>\n<p>&nbsp;<\/p>\n<p>&nbsp;<\/p>\n","protected":false},"excerpt":{"rendered":"<p>&nbsp; Questo Vaia ha troppi cugini, dal 2018, da quando lo abbiamo conosciuto, ad oggi non sono mancate le trombe d&#8217;aria, il vento forte, l&#8217;acqua torrenziale. Anche ieri in Comelico e Cadore soprattutto ma anche nell&#8217;Agordino. Alberi sradicati, pali delle linee elettriche e telefoniche abbattuti come birilli, case scoperchiate e tanti interventi dei vigili del&hellip;<\/p>\n","protected":false},"author":4,"featured_media":344760,"comment_status":"closed","ping_status":"closed","sticky":false,"template":"","format":"standard","meta":{"_monsterinsights_skip_tracking":false,"_monsterinsights_sitenote_active":false,"_monsterinsights_sitenote_note":"","_monsterinsights_sitenote_category":0,"footnotes":""},"categories":[104,49,142],"tags":[],"class_list":["post-344775","post","type-post","status-publish","format-standard","has-post-thumbnail","hentry","category-evidenza_3","category-news-18","category-rassegna-stampa","category-104","category-49","category-142","description-off"],"img_url":"https:\/\/www.radiopiu.net\/wordpress\/wp-content\/uploads\/2023\/07\/Senza-nome-47.png","_links":{"self":[{"href":"https:\/\/www.radiopiu.net\/wordpress\/wp-json\/wp\/v2\/posts\/344775","targetHints":{"allow":["GET"]}}],"collection":[{"href":"https:\/\/www.radiopiu.net\/wordpress\/wp-json\/wp\/v2\/posts"}],"about":[{"href":"https:\/\/www.radiopiu.net\/wordpress\/wp-json\/wp\/v2\/types\/post"}],"author":[{"embeddable":true,"href":"https:\/\/www.radiopiu.net\/wordpress\/wp-json\/wp\/v2\/users\/4"}],"replies":[{"embeddable":true,"href":"https:\/\/www.radiopiu.net\/wordpress\/wp-json\/wp\/v2\/comments?post=344775"}],"version-history":[{"count":0,"href":"https:\/\/www.radiopiu.net\/wordpress\/wp-json\/wp\/v2\/posts\/344775\/revisions"}],"wp:featuredmedia":[{"embeddable":true,"href":"https:\/\/www.radiopiu.net\/wordpress\/wp-json\/wp\/v2\/media\/344760"}],"wp:attachment":[{"href":"https:\/\/www.radiopiu.net\/wordpress\/wp-json\/wp\/v2\/media?parent=344775"}],"wp:term":[{"taxonomy":"category","embeddable":true,"href":"https:\/\/www.radiopiu.net\/wordpress\/wp-json\/wp\/v2\/categories?post=344775"},{"taxonomy":"post_tag","embeddable":true,"href":"https:\/\/www.radiopiu.net\/wordpress\/wp-json\/wp\/v2\/tags?post=344775"}],"curies":[{"name":"wp","href":"https:\/\/api.w.org\/{rel}","templated":true}]}}