{"id":344822,"date":"2023-07-20T05:49:44","date_gmt":"2023-07-20T03:49:44","guid":{"rendered":"https:\/\/www.radiopiu.net\/wordpress\/?p=344822"},"modified":"2023-07-20T14:33:07","modified_gmt":"2023-07-20T12:33:07","slug":"giornale-radiopiu-20-luglio-2023-direttore-mirko-mezzacasada-40-anni-25-giugno-1983-25-giugno-2023","status":"publish","type":"post","link":"https:\/\/www.radiopiu.net\/wordpress\/giornale-radiopiu-20-luglio-2023-direttore-mirko-mezzacasada-40-anni-25-giugno-1983-25-giugno-2023\/","title":{"rendered":"GIORNALE RADIOPIU 20 LUGLIO 2023 DIRETTORE MIRKO MEZZACASA\u2026DA 40 ANNI 25 GIUGNO 1983-25 GIUGNO 2023"},"content":{"rendered":"<h2 style=\"text-align: left;\"><span style=\"color: #ff0000;\"><span style=\"vertical-align: inherit;\"><a class=\"dt-pswp-item\" href=\"https:\/\/www.radiopiu.net\/wordpress\/wp-content\/uploads\/2023\/04\/e0aad41d-951e-47b9-9fae-1a879a9bcb7e-1.jpg\" data-dt-img-description=\"\" data-large_image_width=\"1200\" data-large_image_height=\"1200\"><img loading=\"lazy\" decoding=\"async\" class=\"wp-image-333205 alignleft\" src=\"https:\/\/www.radiopiu.net\/wordpress\/wp-content\/uploads\/2023\/04\/e0aad41d-951e-47b9-9fae-1a879a9bcb7e-1-300x300.jpg\" alt=\"\" width=\"110\" height=\"110\" srcset=\"https:\/\/www.radiopiu.net\/wordpress\/wp-content\/uploads\/2023\/04\/e0aad41d-951e-47b9-9fae-1a879a9bcb7e-1-300x300.jpg 300w, https:\/\/www.radiopiu.net\/wordpress\/wp-content\/uploads\/2023\/04\/e0aad41d-951e-47b9-9fae-1a879a9bcb7e-1-1024x1024.jpg 1024w, https:\/\/www.radiopiu.net\/wordpress\/wp-content\/uploads\/2023\/04\/e0aad41d-951e-47b9-9fae-1a879a9bcb7e-1-150x150.jpg 150w, https:\/\/www.radiopiu.net\/wordpress\/wp-content\/uploads\/2023\/04\/e0aad41d-951e-47b9-9fae-1a879a9bcb7e-1-768x768.jpg 768w, https:\/\/www.radiopiu.net\/wordpress\/wp-content\/uploads\/2023\/04\/e0aad41d-951e-47b9-9fae-1a879a9bcb7e-1.jpg 1200w\" sizes=\"auto, (max-width: 110px) 100vw, 110px\" \/><\/a><\/span><\/span><\/h2>\n<h1 class=\"entry-title\">40esimo di RADIOPIU\u2026. LA VOCE DELL\u2019EMOZIONE<\/h1>\n<h2><span style=\"color: #ff0000;\">ISCRIVITI AL NOSTRO CANALE\u00a0\u00a0YOUTUBE PER SEGUIRE IN DIRETTA I PRINCIPALI PROGRAMMI DI RADIO PIU\u2019 E LE FUTURE DIRETTE IN ESTERNA. PER ISCRIVERTI\u00a0<a style=\"color: #ff0000;\" href=\"https:\/\/youtube.com\/@radiopiu1527\">CLICCA QUI\u00a0<\/a>E PREMI\u00a0 \u201cIscriviti\u201d\u00a0<\/span><\/h2>\n<p>&nbsp;<\/p>\n<p><strong>IL SITO DI RADIOPIU: IERI SUPERATE LE 400mila visualizzazioni in 24 ore<\/strong><\/p>\n<p><a class=\"dt-pswp-item\" href=\"https:\/\/www.radiopiu.net\/wordpress\/wp-content\/uploads\/2023\/07\/065c3bec-b0b9-424a-b444-cfaac83de62f.jpg\" data-dt-img-description=\"\" data-large_image_width=\"872\" data-large_image_height=\"331\"><img loading=\"lazy\" decoding=\"async\" class=\"aligncenter wp-image-344970 size-full\" src=\"https:\/\/www.radiopiu.net\/wordpress\/wp-content\/uploads\/2023\/07\/065c3bec-b0b9-424a-b444-cfaac83de62f.jpg\" alt=\"\" width=\"872\" height=\"331\" srcset=\"https:\/\/www.radiopiu.net\/wordpress\/wp-content\/uploads\/2023\/07\/065c3bec-b0b9-424a-b444-cfaac83de62f.jpg 872w, https:\/\/www.radiopiu.net\/wordpress\/wp-content\/uploads\/2023\/07\/065c3bec-b0b9-424a-b444-cfaac83de62f-300x114.jpg 300w, https:\/\/www.radiopiu.net\/wordpress\/wp-content\/uploads\/2023\/07\/065c3bec-b0b9-424a-b444-cfaac83de62f-768x292.jpg 768w\" sizes=\"auto, (max-width: 872px) 100vw, 872px\" \/><\/a><\/p>\n<p>&nbsp;<\/p>\n<p>&nbsp;<\/p>\n<hr \/>\n<p>&nbsp;<\/p>\n<h2 style=\"text-align: center;\"><span style=\"color: #ff0000;\">IL GIORNO DOPO LA TEMPESTA SI CONTANO I DANNI<\/span><\/h2>\n<blockquote>\n<h3>I DANNI DEL VENTO ALL&#8217;INGRESSO DELLA VALLE DI SAN LUCANO<\/h3>\n<\/blockquote>\n<p><strong>TAIBON<\/strong> Il vento forte di marted\u00ec non ha risparmiato la Valle di San Lucano. Le foto che pubblichiamo arrivano da Cristian Cagnati. Siamo sulla trada &#8220;La Roncada&#8221; in localit\u00e0 Ai Vanti, che dalla centrale porta verso le Peschiere. Qui sabato \u00e8 in programma la Corrivalle e quindi ci sar\u00e0 molto da lavorare per permettere agli organizzatori di correre la gara podistica.<\/p>\n\n\t\t\t<style type='text\/css'>\n\t\t\t\t#gallery-1 {\n\t\t\t\t\tmargin: auto;\n\t\t\t\t}\n\t\t\t\t#gallery-1 .gallery-item {\n\t\t\t\t\tfloat: left;\n\t\t\t\t\tmargin-top: 10px;\n\t\t\t\t\ttext-align: center;\n\t\t\t\t\twidth: 25%;\n\t\t\t\t}\n\t\t\t\t#gallery-1 img {\n\t\t\t\t\tborder: 2px solid #cfcfcf;\n\t\t\t\t}\n\t\t\t\t#gallery-1 .gallery-caption {\n\t\t\t\t\tmargin-left: 0;\n\t\t\t\t}\n\t\t\t\t\/* see gallery_shortcode() in wp-includes\/media.php *\/\n\t\t\t<\/style>\n\t\t<div id='gallery-1' class='dt-gallery-container gallery galleryid-344822 gallery-columns-4 gallery-size-thumbnail'><dl class='gallery-item'>\n\t\t\t\t<dt class='gallery-icon landscape'>\n\t\t\t\t\t<a class=\"rollover rollover-zoom dt-pswp-item\" title=\"5c50211d-a1df-43d8-8c27-0ba6f456de07\" data-dt-img-description=\"\" data-large_image_width=\"1599\" data-large_image_height=\"1200\"href='https:\/\/www.radiopiu.net\/wordpress\/wp-content\/uploads\/2023\/07\/5c50211d-a1df-43d8-8c27-0ba6f456de07.jpg'><img loading=\"lazy\" decoding=\"async\" width=\"150\" height=\"150\" src=\"https:\/\/www.radiopiu.net\/wordpress\/wp-content\/uploads\/2023\/07\/5c50211d-a1df-43d8-8c27-0ba6f456de07-150x150.jpg\" class=\"attachment-thumbnail size-thumbnail\" alt=\"\" \/><\/a>\n\t\t\t\t<\/dt><\/dl><dl class='gallery-item'>\n\t\t\t\t<dt class='gallery-icon landscape'>\n\t\t\t\t\t<a class=\"rollover rollover-zoom dt-pswp-item\" title=\"96345ff1-1aad-4a39-abc0-eccc24057499\" data-dt-img-description=\"\" data-large_image_width=\"1599\" data-large_image_height=\"1200\"href='https:\/\/www.radiopiu.net\/wordpress\/wp-content\/uploads\/2023\/07\/96345ff1-1aad-4a39-abc0-eccc24057499.jpg'><img loading=\"lazy\" decoding=\"async\" width=\"150\" height=\"150\" src=\"https:\/\/www.radiopiu.net\/wordpress\/wp-content\/uploads\/2023\/07\/96345ff1-1aad-4a39-abc0-eccc24057499-150x150.jpg\" class=\"attachment-thumbnail size-thumbnail\" alt=\"\" \/><\/a>\n\t\t\t\t<\/dt><\/dl><dl class='gallery-item'>\n\t\t\t\t<dt class='gallery-icon portrait'>\n\t\t\t\t\t<a class=\"rollover rollover-zoom dt-pswp-item\" title=\"cdee508c-400c-486a-9615-9a6f088a2781\" data-dt-img-description=\"\" data-large_image_width=\"1200\" data-large_image_height=\"1599\"href='https:\/\/www.radiopiu.net\/wordpress\/wp-content\/uploads\/2023\/07\/cdee508c-400c-486a-9615-9a6f088a2781.jpg'><img loading=\"lazy\" decoding=\"async\" width=\"150\" height=\"150\" src=\"https:\/\/www.radiopiu.net\/wordpress\/wp-content\/uploads\/2023\/07\/cdee508c-400c-486a-9615-9a6f088a2781-150x150.jpg\" class=\"attachment-thumbnail size-thumbnail\" alt=\"\" \/><\/a>\n\t\t\t\t<\/dt><\/dl><dl class='gallery-item'>\n\t\t\t\t<dt class='gallery-icon landscape'>\n\t\t\t\t\t<a class=\"rollover rollover-zoom dt-pswp-item\" title=\"95b21e93-0457-455a-a08a-db4949c6eb59\" data-dt-img-description=\"\" data-large_image_width=\"1599\" data-large_image_height=\"1200\"href='https:\/\/www.radiopiu.net\/wordpress\/wp-content\/uploads\/2023\/07\/95b21e93-0457-455a-a08a-db4949c6eb59.jpg'><img loading=\"lazy\" decoding=\"async\" width=\"150\" height=\"150\" src=\"https:\/\/www.radiopiu.net\/wordpress\/wp-content\/uploads\/2023\/07\/95b21e93-0457-455a-a08a-db4949c6eb59-150x150.jpg\" class=\"attachment-thumbnail size-thumbnail\" alt=\"\" \/><\/a>\n\t\t\t\t<\/dt><\/dl><br style=\"clear: both\" \/><dl class='gallery-item'>\n\t\t\t\t<dt class='gallery-icon landscape'>\n\t\t\t\t\t<a class=\"rollover rollover-zoom dt-pswp-item\" title=\"1ea9d8cb-69dc-4022-8a76-5c3e176caaba\" data-dt-img-description=\"\" data-large_image_width=\"1599\" data-large_image_height=\"1200\"href='https:\/\/www.radiopiu.net\/wordpress\/wp-content\/uploads\/2023\/07\/1ea9d8cb-69dc-4022-8a76-5c3e176caaba.jpg'><img loading=\"lazy\" decoding=\"async\" width=\"150\" height=\"150\" src=\"https:\/\/www.radiopiu.net\/wordpress\/wp-content\/uploads\/2023\/07\/1ea9d8cb-69dc-4022-8a76-5c3e176caaba-150x150.jpg\" class=\"attachment-thumbnail size-thumbnail\" alt=\"\" \/><\/a>\n\t\t\t\t<\/dt><\/dl><dl class='gallery-item'>\n\t\t\t\t<dt class='gallery-icon landscape'>\n\t\t\t\t\t<a class=\"rollover rollover-zoom dt-pswp-item\" title=\"81ba455c-1d3c-405c-90ea-6967746d5120\" data-dt-img-description=\"\" data-large_image_width=\"1599\" data-large_image_height=\"1200\"href='https:\/\/www.radiopiu.net\/wordpress\/wp-content\/uploads\/2023\/07\/81ba455c-1d3c-405c-90ea-6967746d5120.jpg'><img loading=\"lazy\" decoding=\"async\" width=\"150\" height=\"150\" src=\"https:\/\/www.radiopiu.net\/wordpress\/wp-content\/uploads\/2023\/07\/81ba455c-1d3c-405c-90ea-6967746d5120-150x150.jpg\" class=\"attachment-thumbnail size-thumbnail\" alt=\"\" \/><\/a>\n\t\t\t\t<\/dt><\/dl><dl class='gallery-item'>\n\t\t\t\t<dt class='gallery-icon portrait'>\n\t\t\t\t\t<a class=\"rollover rollover-zoom dt-pswp-item\" title=\"041aa7f2-336d-47e7-a096-7343fc185ce2\" data-dt-img-description=\"\" data-large_image_width=\"1500\" data-large_image_height=\"2000\"href='https:\/\/www.radiopiu.net\/wordpress\/wp-content\/uploads\/2023\/07\/041aa7f2-336d-47e7-a096-7343fc185ce2.jpg'><img loading=\"lazy\" decoding=\"async\" width=\"150\" height=\"150\" src=\"https:\/\/www.radiopiu.net\/wordpress\/wp-content\/uploads\/2023\/07\/041aa7f2-336d-47e7-a096-7343fc185ce2-150x150.jpg\" class=\"attachment-thumbnail size-thumbnail\" alt=\"\" \/><\/a>\n\t\t\t\t<\/dt><\/dl><dl class='gallery-item'>\n\t\t\t\t<dt class='gallery-icon portrait'>\n\t\t\t\t\t<a class=\"rollover rollover-zoom dt-pswp-item\" title=\"fbfefd6c-e668-4038-a983-dcdee723ed0e\" data-dt-img-description=\"\" data-large_image_width=\"1500\" data-large_image_height=\"2000\"href='https:\/\/www.radiopiu.net\/wordpress\/wp-content\/uploads\/2023\/07\/fbfefd6c-e668-4038-a983-dcdee723ed0e.jpg'><img loading=\"lazy\" decoding=\"async\" width=\"150\" height=\"150\" src=\"https:\/\/www.radiopiu.net\/wordpress\/wp-content\/uploads\/2023\/07\/fbfefd6c-e668-4038-a983-dcdee723ed0e-150x150.jpg\" class=\"attachment-thumbnail size-thumbnail\" alt=\"\" \/><\/a>\n\t\t\t\t<\/dt><\/dl><br style=\"clear: both\" \/>\n\t\t\t<\/div>\n\n<p>&nbsp;<\/p>\n<blockquote>\n<h3>LA PROTEZIONE CIVILE &#8220;SALVA&#8221; LA CORRINVALLE<\/h3>\n<\/blockquote>\n<p><strong><a class=\"dt-pswp-item\" href=\"https:\/\/www.radiopiu.net\/wordpress\/wp-content\/uploads\/2022\/04\/ANTIMO.jpg\" data-dt-img-description=\"\" data-large_image_width=\"148\" data-large_image_height=\"186\"><img loading=\"lazy\" decoding=\"async\" class=\"size-full wp-image-269196 alignleft\" src=\"https:\/\/www.radiopiu.net\/wordpress\/wp-content\/uploads\/2022\/04\/ANTIMO.jpg\" alt=\"\" width=\"148\" height=\"186\" \/><\/a>TAIBON<\/strong> Quando\u00a0 ieri mattina abbiamo ricevuto le prime foto dalla Valle di San Lucano\u00a0 (centralina-lago peschiere) con le secolari piante sradicate dal suolo il pensiero \u00e8 andato anche alla Corrinvalle, l&#8217;evento del Gruppo Sportivo di Taibon in programma nel fine settimana, il percorso corre proprio li&#8217; dove le piante si sono schiantate. Il rapido e professionale intervento di uomini e donne della protezione civile sollecitata dal Comune, ha risolto il problema. La zona liberata dalla piante, messa in sicurezza e quindi sabato sar\u00e0 Corrinvalle.<\/p>\n<p><strong>IL PRESIDENTE DEL GRUPPO SPORTIVO ANTIMO SAVARIS<\/strong><\/p>\n<audio class=\"wp-audio-shortcode\" id=\"audio-344822-1\" preload=\"none\" style=\"width: 100%;\" controls=\"controls\"><source type=\"audio\/mpeg\" src=\"https:\/\/www.radiopiu.net\/wordpress\/wp-content\/uploads\/2023\/07\/antimo2.mp3?_=1\" \/><a href=\"https:\/\/www.radiopiu.net\/wordpress\/wp-content\/uploads\/2023\/07\/antimo2.mp3\">https:\/\/www.radiopiu.net\/wordpress\/wp-content\/uploads\/2023\/07\/antimo2.mp3<\/a><\/audio>\n<p>&nbsp;<\/p>\n<hr \/>\n<p>&nbsp;<\/p>\n<blockquote>\n<h3>IN VALLE DEL BIOIS<\/h3>\n<\/blockquote>\n<p><strong>DI GIANNI SANTOMASO<\/strong><\/p>\n<div class=\"articlePlainText\"><a class=\"dt-pswp-item\" href=\"https:\/\/www.radiopiu.net\/wordpress\/wp-content\/uploads\/2023\/07\/361825792_178861391718297_6968613249732937175_n-1.jpg\" data-dt-img-description=\"\" data-large_image_width=\"2048\" data-large_image_height=\"1536\"><img loading=\"lazy\" decoding=\"async\" class=\"size-medium wp-image-344692 alignleft\" src=\"https:\/\/www.radiopiu.net\/wordpress\/wp-content\/uploads\/2023\/07\/361825792_178861391718297_6968613249732937175_n-1-300x225.jpg\" alt=\"\" width=\"300\" height=\"225\" srcset=\"https:\/\/www.radiopiu.net\/wordpress\/wp-content\/uploads\/2023\/07\/361825792_178861391718297_6968613249732937175_n-1-300x225.jpg 300w, https:\/\/www.radiopiu.net\/wordpress\/wp-content\/uploads\/2023\/07\/361825792_178861391718297_6968613249732937175_n-1-1024x768.jpg 1024w, https:\/\/www.radiopiu.net\/wordpress\/wp-content\/uploads\/2023\/07\/361825792_178861391718297_6968613249732937175_n-1-768x576.jpg 768w, https:\/\/www.radiopiu.net\/wordpress\/wp-content\/uploads\/2023\/07\/361825792_178861391718297_6968613249732937175_n-1-1536x1152.jpg 1536w, https:\/\/www.radiopiu.net\/wordpress\/wp-content\/uploads\/2023\/07\/361825792_178861391718297_6968613249732937175_n-1.jpg 2048w\" sizes=\"auto, (max-width: 300px) 100vw, 300px\" \/><\/a><strong>FALCADE<\/strong> Il maltempo di marted\u00ec pomeriggio ha provocato danni in varie parti della vallata agordina. A Vallada, lungo la strada silvo-pastorale che congiunge Cencenighe a Mulan, sono caduti ancora alberi e massi. \u00ab\u00c8 una strada su cui da dopo Vaia vige un&#8217;ordinanza di chiusura\u00bb, dice il sindaco Fabio Luchetta, \u00abnon \u00e8 pi\u00f9 stata aperta perch\u00e9 non abbiamo avuto i fondi per la messa in sicurezza\u00bb. A Falcade il vento ha scoperchiato un paio di tetti, un semaforo \u00e8 stato girato dal vento di 90 gradi. \u00abAlcuni alberi sono stati abbattuti appena sotto il bivio passo Valles-passo San Pellegrino\u00bb, dice il sindaco Mauro Salvaterra, \u00abtra specchi, cartelli stradali, sedie di plastica, gazebi, bagni chimici al campo di calcio \u00e8 vario il materiale spostato, divelto e distrutto. Le strade silvo-pastorali sono in sofferenza\u00bb<\/div>\n<p>&nbsp;<\/p>\n<p>&nbsp;<\/p>\n<hr \/>\n<blockquote>\n<h3><\/h3>\n<h3>ANCHE A VOLTAGO IL VENTO NON HA RISPARMIATO GLI ALBERI<\/h3>\n<\/blockquote>\n<p><strong>VOLTAGO<\/strong> La tempesta di marted\u00ec ha provocato danni anche a Voltago. A segnalarcelo \u00e8 Mario De Marco. Siamo in localit\u00e0 Val dei Gamber, all&#8217;ingresso del paese salendo da Agordo.<\/p>\n<blockquote>\n<h3 class=\"articlePlainTitle\">Schena: \u00abTagliate le piante pericolose\u00bb<\/h3>\n<\/blockquote>\n<p><strong>di GIANNI SANTOMASO<\/strong><\/p>\n<div class=\"articlePlainText\"><strong>VOLTAGO <\/strong>I cittadini vanno in Comune a chiedere che i privati taglino le piante che, cadendo, potrebbero arrecare danni a terzi. \u00c8 successo ieri mattina a Voltago, dove il sindaco Giuseppe Schena e gli uffici hanno ricevuto le richieste da parte di varie persone spaventate da quanto accaduto marted\u00ec pomeriggio. \u00abSono caduti alberi lungo la Sp347 e la Sp26 rimossi dai volontari della protezione civile e da alcuni cittadini\u00bb, spiega il sindaco voltaghese, \u00abaltre piante sono cadute sulla strada del Giro de la Gioa e su quella del Poi su cui stiamo facendo dei lavori. Aggiungiamo la caduta di un camino, l&#8217;asportazione di tegole e mantovane dal tetto di un&#8217;abitazione a Miana e la caduta di tegole da un fienile limitrofo alla Sp347 in localit\u00e0 Corone\u00bb. Danni per fortuna limitati, ma i pochi minuti di tempesta e vento forte hanno spinto i cittadini a recarsi in municipio. \u00abCi rivolgiamo ai proprietari di piante potenzialmente pericolose\u00bb, dice Schena, \u00absensibilizzandole al taglio di queste piante, a mettere da una parte i discorsi di principio e a pensare alla salute di tutti. Abbiamo capito che con la natura non si scherza pi\u00f9 e il rischio di questi eventi \u00e8 sempre pi\u00f9 frequente. Come Comune, se gli alberi arrivano su propriet\u00e0 pubblica, possiamo fare un&#8217;ordinanza di taglio, altrimenti la questione \u00e8 civilistica\u00bb.<\/div>\n<p>&nbsp;<\/p>\n<div style=\"width: 848px;\" class=\"wp-video\"><video class=\"wp-video-shortcode\" id=\"video-344822-1\" width=\"848\" height=\"480\" preload=\"metadata\" controls=\"controls\"><source type=\"video\/mp4\" src=\"https:\/\/www.radiopiu.net\/wordpress\/wp-content\/uploads\/2023\/07\/WhatsApp-Video-2023-07-19-at-08.36.29.mp4?_=1\" \/><a href=\"https:\/\/www.radiopiu.net\/wordpress\/wp-content\/uploads\/2023\/07\/WhatsApp-Video-2023-07-19-at-08.36.29.mp4\">https:\/\/www.radiopiu.net\/wordpress\/wp-content\/uploads\/2023\/07\/WhatsApp-Video-2023-07-19-at-08.36.29.mp4<\/a><\/video><\/div>\n<p>&nbsp;<\/p>\n\n\t\t\t<style type='text\/css'>\n\t\t\t\t#gallery-2 {\n\t\t\t\t\tmargin: auto;\n\t\t\t\t}\n\t\t\t\t#gallery-2 .gallery-item {\n\t\t\t\t\tfloat: left;\n\t\t\t\t\tmargin-top: 10px;\n\t\t\t\t\ttext-align: center;\n\t\t\t\t\twidth: 33%;\n\t\t\t\t}\n\t\t\t\t#gallery-2 img {\n\t\t\t\t\tborder: 2px solid #cfcfcf;\n\t\t\t\t}\n\t\t\t\t#gallery-2 .gallery-caption {\n\t\t\t\t\tmargin-left: 0;\n\t\t\t\t}\n\t\t\t\t\/* see gallery_shortcode() in wp-includes\/media.php *\/\n\t\t\t<\/style>\n\t\t<div id='gallery-2' class='dt-gallery-container gallery galleryid-344822 gallery-columns-3 gallery-size-medium'><dl class='gallery-item'>\n\t\t\t\t<dt class='gallery-icon landscape'>\n\t\t\t\t\t<a class=\"rollover rollover-zoom dt-pswp-item\" title=\"3bcff182-844f-4c54-b147-f4a3aa24c2c4\" data-dt-img-description=\"\" data-large_image_width=\"1600\" data-large_image_height=\"1105\"href='https:\/\/www.radiopiu.net\/wordpress\/wp-content\/uploads\/2023\/07\/3bcff182-844f-4c54-b147-f4a3aa24c2c4.jpg'><img loading=\"lazy\" decoding=\"async\" width=\"300\" height=\"207\" src=\"https:\/\/www.radiopiu.net\/wordpress\/wp-content\/uploads\/2023\/07\/3bcff182-844f-4c54-b147-f4a3aa24c2c4-300x207.jpg\" class=\"attachment-medium size-medium\" alt=\"\" srcset=\"https:\/\/www.radiopiu.net\/wordpress\/wp-content\/uploads\/2023\/07\/3bcff182-844f-4c54-b147-f4a3aa24c2c4-300x207.jpg 300w, https:\/\/www.radiopiu.net\/wordpress\/wp-content\/uploads\/2023\/07\/3bcff182-844f-4c54-b147-f4a3aa24c2c4-1024x707.jpg 1024w, https:\/\/www.radiopiu.net\/wordpress\/wp-content\/uploads\/2023\/07\/3bcff182-844f-4c54-b147-f4a3aa24c2c4-768x530.jpg 768w, https:\/\/www.radiopiu.net\/wordpress\/wp-content\/uploads\/2023\/07\/3bcff182-844f-4c54-b147-f4a3aa24c2c4-1536x1061.jpg 1536w, https:\/\/www.radiopiu.net\/wordpress\/wp-content\/uploads\/2023\/07\/3bcff182-844f-4c54-b147-f4a3aa24c2c4.jpg 1600w\" sizes=\"auto, (max-width: 300px) 100vw, 300px\" \/><\/a>\n\t\t\t\t<\/dt><\/dl><dl class='gallery-item'>\n\t\t\t\t<dt class='gallery-icon landscape'>\n\t\t\t\t\t<a class=\"rollover rollover-zoom dt-pswp-item\" title=\"7627ff56-8f5f-4b8b-8db8-12b0ba519dd2\" data-dt-img-description=\"\" data-large_image_width=\"1600\" data-large_image_height=\"1200\"href='https:\/\/www.radiopiu.net\/wordpress\/wp-content\/uploads\/2023\/07\/7627ff56-8f5f-4b8b-8db8-12b0ba519dd2.jpg'><img loading=\"lazy\" decoding=\"async\" width=\"300\" height=\"225\" src=\"https:\/\/www.radiopiu.net\/wordpress\/wp-content\/uploads\/2023\/07\/7627ff56-8f5f-4b8b-8db8-12b0ba519dd2-300x225.jpg\" class=\"attachment-medium size-medium\" alt=\"\" srcset=\"https:\/\/www.radiopiu.net\/wordpress\/wp-content\/uploads\/2023\/07\/7627ff56-8f5f-4b8b-8db8-12b0ba519dd2-300x225.jpg 300w, https:\/\/www.radiopiu.net\/wordpress\/wp-content\/uploads\/2023\/07\/7627ff56-8f5f-4b8b-8db8-12b0ba519dd2-1024x768.jpg 1024w, https:\/\/www.radiopiu.net\/wordpress\/wp-content\/uploads\/2023\/07\/7627ff56-8f5f-4b8b-8db8-12b0ba519dd2-768x576.jpg 768w, https:\/\/www.radiopiu.net\/wordpress\/wp-content\/uploads\/2023\/07\/7627ff56-8f5f-4b8b-8db8-12b0ba519dd2-1536x1152.jpg 1536w, https:\/\/www.radiopiu.net\/wordpress\/wp-content\/uploads\/2023\/07\/7627ff56-8f5f-4b8b-8db8-12b0ba519dd2.jpg 1600w\" sizes=\"auto, (max-width: 300px) 100vw, 300px\" \/><\/a>\n\t\t\t\t<\/dt><\/dl><dl class='gallery-item'>\n\t\t\t\t<dt class='gallery-icon landscape'>\n\t\t\t\t\t<a class=\"rollover rollover-zoom dt-pswp-item\" title=\"8dc344a6-1a7b-483c-b7d1-49b142468807\" data-dt-img-description=\"\" data-large_image_width=\"1600\" data-large_image_height=\"1200\"href='https:\/\/www.radiopiu.net\/wordpress\/wp-content\/uploads\/2023\/07\/8dc344a6-1a7b-483c-b7d1-49b142468807.jpg'><img loading=\"lazy\" decoding=\"async\" width=\"300\" height=\"225\" src=\"https:\/\/www.radiopiu.net\/wordpress\/wp-content\/uploads\/2023\/07\/8dc344a6-1a7b-483c-b7d1-49b142468807-300x225.jpg\" class=\"attachment-medium size-medium\" alt=\"\" srcset=\"https:\/\/www.radiopiu.net\/wordpress\/wp-content\/uploads\/2023\/07\/8dc344a6-1a7b-483c-b7d1-49b142468807-300x225.jpg 300w, https:\/\/www.radiopiu.net\/wordpress\/wp-content\/uploads\/2023\/07\/8dc344a6-1a7b-483c-b7d1-49b142468807-1024x768.jpg 1024w, https:\/\/www.radiopiu.net\/wordpress\/wp-content\/uploads\/2023\/07\/8dc344a6-1a7b-483c-b7d1-49b142468807-768x576.jpg 768w, https:\/\/www.radiopiu.net\/wordpress\/wp-content\/uploads\/2023\/07\/8dc344a6-1a7b-483c-b7d1-49b142468807-1536x1152.jpg 1536w, https:\/\/www.radiopiu.net\/wordpress\/wp-content\/uploads\/2023\/07\/8dc344a6-1a7b-483c-b7d1-49b142468807.jpg 1600w\" sizes=\"auto, (max-width: 300px) 100vw, 300px\" \/><\/a>\n\t\t\t\t<\/dt><\/dl><br style=\"clear: both\" \/>\n\t\t\t<\/div>\n\n<p>&nbsp;<\/p>\n<blockquote>\n<h3>I DANNI DEL VENTO A ROCCA PIETORE<\/h3>\n<\/blockquote>\n<p><strong>ROCCA PIETORE<\/strong> I forti danni del vento al parco giochi Pian De Le Riscie. Ce lo racconta il sindaco di Rocca Pietore Andrea De Bernardin. . A Rocca Pietore una pianta ha colpito un&#8217;auto, c&#8217;\u00e8 stato uno scoperchiamento di un tetto a Laste ed \u00e8 stata portata via la pensilina per l&#8217;attesa delle corriere a Digonera. \u2014<\/p>\n<div style=\"width: 848px;\" class=\"wp-video\"><video class=\"wp-video-shortcode\" id=\"video-344822-2\" width=\"848\" height=\"480\" preload=\"metadata\" controls=\"controls\"><source type=\"video\/mp4\" src=\"https:\/\/www.radiopiu.net\/wordpress\/wp-content\/uploads\/2023\/07\/WhatsApp-Video-2023-07-19-at-09.09.52.mp4?_=2\" \/><a href=\"https:\/\/www.radiopiu.net\/wordpress\/wp-content\/uploads\/2023\/07\/WhatsApp-Video-2023-07-19-at-09.09.52.mp4\">https:\/\/www.radiopiu.net\/wordpress\/wp-content\/uploads\/2023\/07\/WhatsApp-Video-2023-07-19-at-09.09.52.mp4<\/a><\/video><\/div>\n<p>&nbsp;<\/p>\n\n\t\t\t<style type='text\/css'>\n\t\t\t\t#gallery-3 {\n\t\t\t\t\tmargin: auto;\n\t\t\t\t}\n\t\t\t\t#gallery-3 .gallery-item {\n\t\t\t\t\tfloat: left;\n\t\t\t\t\tmargin-top: 10px;\n\t\t\t\t\ttext-align: center;\n\t\t\t\t\twidth: 20%;\n\t\t\t\t}\n\t\t\t\t#gallery-3 img {\n\t\t\t\t\tborder: 2px solid #cfcfcf;\n\t\t\t\t}\n\t\t\t\t#gallery-3 .gallery-caption {\n\t\t\t\t\tmargin-left: 0;\n\t\t\t\t}\n\t\t\t\t\/* see gallery_shortcode() in wp-includes\/media.php *\/\n\t\t\t<\/style>\n\t\t<div id='gallery-3' class='dt-gallery-container gallery galleryid-344822 gallery-columns-5 gallery-size-thumbnail'><dl class='gallery-item'>\n\t\t\t\t<dt class='gallery-icon landscape'>\n\t\t\t\t\t<a class=\"rollover rollover-zoom dt-pswp-item\" title=\"ed328d4b-4c11-49cc-b84d-d8508079a900\" data-dt-img-description=\"\" data-large_image_width=\"1600\" data-large_image_height=\"1200\"href='https:\/\/www.radiopiu.net\/wordpress\/wp-content\/uploads\/2023\/07\/ed328d4b-4c11-49cc-b84d-d8508079a900.jpg'><img loading=\"lazy\" decoding=\"async\" width=\"150\" height=\"150\" src=\"https:\/\/www.radiopiu.net\/wordpress\/wp-content\/uploads\/2023\/07\/ed328d4b-4c11-49cc-b84d-d8508079a900-150x150.jpg\" class=\"attachment-thumbnail size-thumbnail\" alt=\"\" \/><\/a>\n\t\t\t\t<\/dt><\/dl><dl class='gallery-item'>\n\t\t\t\t<dt class='gallery-icon landscape'>\n\t\t\t\t\t<a class=\"rollover rollover-zoom dt-pswp-item\" title=\"98aef618-6147-4e45-98c6-091ac5c7ab23\" data-dt-img-description=\"\" data-large_image_width=\"1600\" data-large_image_height=\"1200\"href='https:\/\/www.radiopiu.net\/wordpress\/wp-content\/uploads\/2023\/07\/98aef618-6147-4e45-98c6-091ac5c7ab23.jpg'><img loading=\"lazy\" decoding=\"async\" width=\"150\" height=\"150\" src=\"https:\/\/www.radiopiu.net\/wordpress\/wp-content\/uploads\/2023\/07\/98aef618-6147-4e45-98c6-091ac5c7ab23-150x150.jpg\" class=\"attachment-thumbnail size-thumbnail\" alt=\"\" \/><\/a>\n\t\t\t\t<\/dt><\/dl><dl class='gallery-item'>\n\t\t\t\t<dt class='gallery-icon landscape'>\n\t\t\t\t\t<a class=\"rollover rollover-zoom dt-pswp-item\" title=\"419e4d1d-03da-4809-b42a-30cb03ae5a2a\" data-dt-img-description=\"\" data-large_image_width=\"1600\" data-large_image_height=\"1200\"href='https:\/\/www.radiopiu.net\/wordpress\/wp-content\/uploads\/2023\/07\/419e4d1d-03da-4809-b42a-30cb03ae5a2a.jpg'><img loading=\"lazy\" decoding=\"async\" width=\"150\" height=\"150\" src=\"https:\/\/www.radiopiu.net\/wordpress\/wp-content\/uploads\/2023\/07\/419e4d1d-03da-4809-b42a-30cb03ae5a2a-150x150.jpg\" class=\"attachment-thumbnail size-thumbnail\" alt=\"\" \/><\/a>\n\t\t\t\t<\/dt><\/dl><dl class='gallery-item'>\n\t\t\t\t<dt class='gallery-icon landscape'>\n\t\t\t\t\t<a class=\"rollover rollover-zoom dt-pswp-item\" title=\"f002d506-2a4f-456d-b48b-349e8eb12f5e\" data-dt-img-description=\"\" data-large_image_width=\"1600\" data-large_image_height=\"1200\"href='https:\/\/www.radiopiu.net\/wordpress\/wp-content\/uploads\/2023\/07\/f002d506-2a4f-456d-b48b-349e8eb12f5e.jpg'><img loading=\"lazy\" decoding=\"async\" width=\"150\" height=\"150\" src=\"https:\/\/www.radiopiu.net\/wordpress\/wp-content\/uploads\/2023\/07\/f002d506-2a4f-456d-b48b-349e8eb12f5e-150x150.jpg\" class=\"attachment-thumbnail size-thumbnail\" alt=\"\" \/><\/a>\n\t\t\t\t<\/dt><\/dl><dl class='gallery-item'>\n\t\t\t\t<dt class='gallery-icon landscape'>\n\t\t\t\t\t<a class=\"rollover rollover-zoom dt-pswp-item\" title=\"07ee61c4-b969-47b5-9244-859d522bea8c\" data-dt-img-description=\"\" data-large_image_width=\"1600\" data-large_image_height=\"1200\"href='https:\/\/www.radiopiu.net\/wordpress\/wp-content\/uploads\/2023\/07\/07ee61c4-b969-47b5-9244-859d522bea8c.jpg'><img loading=\"lazy\" decoding=\"async\" width=\"150\" height=\"150\" src=\"https:\/\/www.radiopiu.net\/wordpress\/wp-content\/uploads\/2023\/07\/07ee61c4-b969-47b5-9244-859d522bea8c-150x150.jpg\" class=\"attachment-thumbnail size-thumbnail\" alt=\"\" \/><\/a>\n\t\t\t\t<\/dt><\/dl><br style=\"clear: both\" \/><dl class='gallery-item'>\n\t\t\t\t<dt class='gallery-icon landscape'>\n\t\t\t\t\t<a class=\"rollover rollover-zoom dt-pswp-item\" title=\"91287013-4377-4e2b-b099-ea6ea2094ad1\" data-dt-img-description=\"\" data-large_image_width=\"1600\" data-large_image_height=\"1200\"href='https:\/\/www.radiopiu.net\/wordpress\/wp-content\/uploads\/2023\/07\/91287013-4377-4e2b-b099-ea6ea2094ad1.jpg'><img loading=\"lazy\" decoding=\"async\" width=\"150\" height=\"150\" src=\"https:\/\/www.radiopiu.net\/wordpress\/wp-content\/uploads\/2023\/07\/91287013-4377-4e2b-b099-ea6ea2094ad1-150x150.jpg\" class=\"attachment-thumbnail size-thumbnail\" alt=\"\" \/><\/a>\n\t\t\t\t<\/dt><\/dl><dl class='gallery-item'>\n\t\t\t\t<dt class='gallery-icon landscape'>\n\t\t\t\t\t<a class=\"rollover rollover-zoom dt-pswp-item\" title=\"6a0a0c23-9439-4a67-95f3-4e6fe77ef026\" data-dt-img-description=\"\" data-large_image_width=\"1600\" data-large_image_height=\"1200\"href='https:\/\/www.radiopiu.net\/wordpress\/wp-content\/uploads\/2023\/07\/6a0a0c23-9439-4a67-95f3-4e6fe77ef026.jpg'><img loading=\"lazy\" decoding=\"async\" width=\"150\" height=\"150\" src=\"https:\/\/www.radiopiu.net\/wordpress\/wp-content\/uploads\/2023\/07\/6a0a0c23-9439-4a67-95f3-4e6fe77ef026-150x150.jpg\" class=\"attachment-thumbnail size-thumbnail\" alt=\"\" \/><\/a>\n\t\t\t\t<\/dt><\/dl><dl class='gallery-item'>\n\t\t\t\t<dt class='gallery-icon landscape'>\n\t\t\t\t\t<a class=\"rollover rollover-zoom dt-pswp-item\" title=\"f748f0ca-d969-41a4-9c00-1a5fc4f782c3\" data-dt-img-description=\"\" data-large_image_width=\"1600\" data-large_image_height=\"1200\"href='https:\/\/www.radiopiu.net\/wordpress\/wp-content\/uploads\/2023\/07\/f748f0ca-d969-41a4-9c00-1a5fc4f782c3.jpg'><img loading=\"lazy\" decoding=\"async\" width=\"150\" height=\"150\" src=\"https:\/\/www.radiopiu.net\/wordpress\/wp-content\/uploads\/2023\/07\/f748f0ca-d969-41a4-9c00-1a5fc4f782c3-150x150.jpg\" class=\"attachment-thumbnail size-thumbnail\" alt=\"\" \/><\/a>\n\t\t\t\t<\/dt><\/dl><dl class='gallery-item'>\n\t\t\t\t<dt class='gallery-icon landscape'>\n\t\t\t\t\t<a class=\"rollover rollover-zoom dt-pswp-item\" title=\"e953cb25-9e44-451b-b886-7011199185e0\" data-dt-img-description=\"\" data-large_image_width=\"1600\" data-large_image_height=\"1200\"href='https:\/\/www.radiopiu.net\/wordpress\/wp-content\/uploads\/2023\/07\/e953cb25-9e44-451b-b886-7011199185e0.jpg'><img loading=\"lazy\" decoding=\"async\" width=\"150\" height=\"150\" src=\"https:\/\/www.radiopiu.net\/wordpress\/wp-content\/uploads\/2023\/07\/e953cb25-9e44-451b-b886-7011199185e0-150x150.jpg\" class=\"attachment-thumbnail size-thumbnail\" alt=\"\" \/><\/a>\n\t\t\t\t<\/dt><\/dl><dl class='gallery-item'>\n\t\t\t\t<dt class='gallery-icon landscape'>\n\t\t\t\t\t<a class=\"rollover rollover-zoom dt-pswp-item\" title=\"6e49b04b-2e85-4da7-80be-306a2370480c\" data-dt-img-description=\"\" data-large_image_width=\"1600\" data-large_image_height=\"1200\"href='https:\/\/www.radiopiu.net\/wordpress\/wp-content\/uploads\/2023\/07\/6e49b04b-2e85-4da7-80be-306a2370480c.jpg'><img loading=\"lazy\" decoding=\"async\" width=\"150\" height=\"150\" src=\"https:\/\/www.radiopiu.net\/wordpress\/wp-content\/uploads\/2023\/07\/6e49b04b-2e85-4da7-80be-306a2370480c-150x150.jpg\" class=\"attachment-thumbnail size-thumbnail\" alt=\"\" \/><\/a>\n\t\t\t\t<\/dt><\/dl><br style=\"clear: both\" \/>\n\t\t\t<\/div>\n\n<p>&nbsp;<\/p>\n<p><strong>MALTEMPO NEL BELLUNESE, PI\u00d9 DI 100 INTERVENTI EFFETTUATI DAI VIGILI DEL FUOCO<\/strong><br \/>\nSono stati pi\u00f9 di 100 gli interventi dei vigili del fuoco per il maltempo che ha colpito dal tardo pomeriggio di marted\u00ec l\u2019Agordino il Cadore e il Comelico per la caduta di alberi, lo scoperchiamento di tetti e dissesti statici. I vigili del fuoco hanno operato con 200 operatori del comando di Belluno, delle sei sedi permanente dei 24 distaccamenti volontari e con il supporto di squadre regionali provenienti dai comandi di Treviso, Padova, Vicenza e Verona e l\u2019utilizzo di 7 autoscale. Aperti nella serata di marted\u00ec i COC (Centro operativo Comunale) a Santo Stefano Cadore e Calalzo. In corso questa mattina gli ultimi interventi per la messa in sicurezza delle coperture dei tetti e degli alberi pericolosi. A Calalzo un centinaio di ospiti della colonia sono stati spostati sempre nella stessa struttura per il danneggiamento del tetto.<\/p>\n<p>&nbsp;<\/p>\n<p>&nbsp;<\/p>\n<hr \/>\n<p>&nbsp;<\/p>\n<blockquote>\n<h3>FIRMATO LO STATO DI EMERGENZA REGIONALE DOPO LA BUFERA SULLE DOLOMITI<\/h3>\n<\/blockquote>\n<p><strong><a class=\"dt-pswp-item\" href=\"https:\/\/www.radiopiu.net\/wordpress\/wp-content\/uploads\/2022\/11\/ZAIA.jpg\" data-dt-img-description=\"\" data-large_image_width=\"1024\" data-large_image_height=\"761\"><img loading=\"lazy\" decoding=\"async\" class=\"size-medium wp-image-306973 alignleft\" src=\"https:\/\/www.radiopiu.net\/wordpress\/wp-content\/uploads\/2022\/11\/ZAIA-300x223.jpg\" alt=\"\" width=\"300\" height=\"223\" srcset=\"https:\/\/www.radiopiu.net\/wordpress\/wp-content\/uploads\/2022\/11\/ZAIA-300x223.jpg 300w, https:\/\/www.radiopiu.net\/wordpress\/wp-content\/uploads\/2022\/11\/ZAIA-768x571.jpg 768w, https:\/\/www.radiopiu.net\/wordpress\/wp-content\/uploads\/2022\/11\/ZAIA.jpg 1024w\" sizes=\"auto, (max-width: 300px) 100vw, 300px\" \/><\/a>VENEZIA <\/strong>Il Presidente della Regione Veneto Luca Zaia ha firmato la dichiarazione di Stato di Emergenza Regionale a seguito della fortissima fase di maltempo che ha colpito l\u2019area dolomitica veneta, provocando considerevoli danni. Zaia continua a tenersi in contatto con i Sindaci dei territori colpiti e con le squadre che stanno intervenendo, mentre \u00e8 in corso l\u2019attivit\u00e0 per la raccolta di segnalazioni dei danni. Il quadro, al momento, \u00e8 il seguente: a seguito del veloce transito di una linea temporalesca, sono state fortemente colpite da forti venti e grandine le aree del Comelico, Cadore ed alto Agordino.<span class=\"Apple-converted-space\">\u00a0 <\/span>Sono stati misurati valori della velocit\u00e0 del vento con raffiche di 129 km\/h a Cortina d&#8217;Ampezzo e superiori a 140 km\/h in quota. Da una prima ricognizione risulta che oltre una trentina di fabbricati hanno subito danni a causa dei forti venti: tra questi, circa una quindicina hanno subito lo scoperchiamento del tetto. A Santo Stefano di Cadore una decina di persone, a causa dei danni alle coperture, sono state evacuate. Molte alberature sono cadute a terra, in particolare nella zona orientale, interessando la viabilit\u00e0 statale, regionale, provinciale e locale (per tutta la notte si \u00e8 reso necessario chiudere la SP 6 di Danta di Cadore a causa degli alberi caduti &#8211; riaperta poco prima delle 8:00). Gli alberi schiantati hanno danneggiato numerosi autoveicoli (in corso la quantificazione) senza provocare fortunatamente feriti. A seguito dei temporali si sono verificate interruzioni di energia elettrica e delle telecomunicazioni in alcune aree, ma allo stato attuale sembra che la funzionalit\u00e0 sia stata ripristinata. Oltre 100 gli interventi dei vigili del fuoco permanenti e volontari, delle squadre dei volontari di protezione civile e degli operatori delle infrastrutture stradali, elettriche e di telecomunicazione, di Veneto Strade, oltre agli addetti comunali.<\/p>\n<p>&nbsp;<\/p>\n<p>&nbsp;<\/p>\n<hr \/>\n<p>&nbsp;<\/p>\n<blockquote>\n<h3>PER I DANNI BRUXELLES ATTINGA AL FONDO DI SOLIDARIETA&#8217;<\/h3>\n<\/blockquote>\n<p><strong><a class=\"dt-pswp-item\" href=\"https:\/\/www.radiopiu.net\/wordpress\/wp-content\/uploads\/2023\/07\/PHOTO-2022-11-18-11-55-07.jpg\" data-dt-img-description=\"\" data-large_image_width=\"2048\" data-large_image_height=\"1365\"><img loading=\"lazy\" decoding=\"async\" class=\" wp-image-344909 alignleft\" src=\"https:\/\/www.radiopiu.net\/wordpress\/wp-content\/uploads\/2023\/07\/PHOTO-2022-11-18-11-55-07-300x200.jpg\" alt=\"\" width=\"216\" height=\"144\" srcset=\"https:\/\/www.radiopiu.net\/wordpress\/wp-content\/uploads\/2023\/07\/PHOTO-2022-11-18-11-55-07-300x200.jpg 300w, https:\/\/www.radiopiu.net\/wordpress\/wp-content\/uploads\/2023\/07\/PHOTO-2022-11-18-11-55-07-1024x683.jpg 1024w, https:\/\/www.radiopiu.net\/wordpress\/wp-content\/uploads\/2023\/07\/PHOTO-2022-11-18-11-55-07-768x512.jpg 768w, https:\/\/www.radiopiu.net\/wordpress\/wp-content\/uploads\/2023\/07\/PHOTO-2022-11-18-11-55-07-1536x1024.jpg 1536w, https:\/\/www.radiopiu.net\/wordpress\/wp-content\/uploads\/2023\/07\/PHOTO-2022-11-18-11-55-07.jpg 2048w\" sizes=\"auto, (max-width: 216px) 100vw, 216px\" \/><\/a>BRUXELLES<\/strong> \u00abLa tromba d\u2019aria che ieri si \u00e8 abbattuta sulle montagne bellunesi ha danneggiato boschi e case. Ecco perch\u00e9 chieder\u00f2 a Bruxelles di attingere al Fondo di Solidariet\u00e0 europeo per fornire un aiuto economico a coloro che hanno subito i danni\u00bb.<br \/>\nDopo il maltempo che si \u00e8 abbattuto fra Agordino, Cadore e Comelico, Gianantonio Da Re, europarlamentare trevigiano della Lega e membro del gruppo Identit\u00e0 e Democrazia, ha gi\u00e0 presentato una interrogazione alla Commissione europea per ottenere le risorse utili a coprire i costi per il ripristino di ci\u00f2 che \u00e8 stato distrutto.<\/p>\n<p>&nbsp;<\/p>\n<p>&nbsp;<\/p>\n<hr \/>\n<p>&nbsp;<\/p>\n<blockquote>\n<h3>MALTEMPO E DEVASTAZIONI NELLA MONTAGNA VENETA, LA SOLIDARIETA&#8217; DELLA CISL A LAVORATORI, PENSIONATI, FAMIGLIE E IMPRESE CHE HANNO SUBITO DANNI<\/h3>\n<\/blockquote>\n<p><a class=\"dt-pswp-item\" href=\"https:\/\/www.radiopiu.net\/wordpress\/wp-content\/uploads\/2020\/11\/Massimiliano-Paglini-2020-min-scaled.jpg\" data-dt-img-description=\"MASSIMILIANO PAGLINI\" data-large_image_width=\"2560\" data-large_image_height=\"1920\"><img loading=\"lazy\" decoding=\"async\" class=\"wp-image-175135 alignleft\" src=\"https:\/\/www.radiopiu.net\/wordpress\/wp-content\/uploads\/2020\/11\/Massimiliano-Paglini-2020-min-300x225.jpg\" alt=\"\" width=\"163\" height=\"122\" srcset=\"https:\/\/www.radiopiu.net\/wordpress\/wp-content\/uploads\/2020\/11\/Massimiliano-Paglini-2020-min-300x225.jpg 300w, https:\/\/www.radiopiu.net\/wordpress\/wp-content\/uploads\/2020\/11\/Massimiliano-Paglini-2020-min-1024x768.jpg 1024w, https:\/\/www.radiopiu.net\/wordpress\/wp-content\/uploads\/2020\/11\/Massimiliano-Paglini-2020-min-768x576.jpg 768w, https:\/\/www.radiopiu.net\/wordpress\/wp-content\/uploads\/2020\/11\/Massimiliano-Paglini-2020-min-1536x1152.jpg 1536w, https:\/\/www.radiopiu.net\/wordpress\/wp-content\/uploads\/2020\/11\/Massimiliano-Paglini-2020-min-2048x1536.jpg 2048w\" sizes=\"auto, (max-width: 163px) 100vw, 163px\" \/><\/a><strong>BELLUNO <\/strong>\u201cImpensabile considerare una casualit\u00e0 l\u2019ennesima calamit\u00e0 naturale che ieri ha devastato ancora una volta la montagna bellunese, creando pesantissimi danni al suo territorio fragile e alla sua popolazione. Il cambiamento climatico \u00e8 sotto gli occhi di tutti: per questo chiediamo urgentemente lo stato di calamit\u00e0 per le zone colpite dal maltempo, ma anche un impegno comune per fermare la deriva climatica\u201d. Cos\u00ec Massimiliano Paglini, segretario generale Cisl Belluno Treviso.<br \/>\n<span style=\"color: #ff0000;\"><strong>AUDIO<\/strong><\/span><\/p>\n<audio class=\"wp-audio-shortcode\" id=\"audio-344822-2\" preload=\"none\" style=\"width: 100%;\" controls=\"controls\"><source type=\"audio\/mpeg\" src=\"https:\/\/www.radiopiu.net\/wordpress\/wp-content\/uploads\/2023\/07\/PAGLINI.mp3?_=2\" \/><a href=\"https:\/\/www.radiopiu.net\/wordpress\/wp-content\/uploads\/2023\/07\/PAGLINI.mp3\">https:\/\/www.radiopiu.net\/wordpress\/wp-content\/uploads\/2023\/07\/PAGLINI.mp3<\/a><\/audio>\n<p>&nbsp;<\/p>\n<hr \/>\n<p>&nbsp;<\/p>\n<blockquote>\n<h3><strong>MALTEMPO NEL BELLUNESE \u2013 BERTON: \u201cGRAZIE A VIGILI DEL FUOCO, PROTEZIONE CIVILE E OPERATORI.\u00a0<\/strong><\/h3>\n<\/blockquote>\n<p><strong> <a class=\"dt-pswp-item\" href=\"https:\/\/www.radiopiu.net\/wordpress\/wp-content\/uploads\/2020\/01\/Lorraine_Berton.jpg\" data-dt-img-description=\"\" data-large_image_width=\"767\" data-large_image_height=\"768\"><img loading=\"lazy\" decoding=\"async\" class=\" wp-image-112912 alignleft\" src=\"https:\/\/www.radiopiu.net\/wordpress\/wp-content\/uploads\/2020\/01\/Lorraine_Berton-300x300.jpg\" alt=\"\" width=\"186\" height=\"186\" srcset=\"https:\/\/www.radiopiu.net\/wordpress\/wp-content\/uploads\/2020\/01\/Lorraine_Berton-300x300.jpg 300w, https:\/\/www.radiopiu.net\/wordpress\/wp-content\/uploads\/2020\/01\/Lorraine_Berton-150x150.jpg 150w, https:\/\/www.radiopiu.net\/wordpress\/wp-content\/uploads\/2020\/01\/Lorraine_Berton.jpg 767w\" sizes=\"auto, (max-width: 186px) 100vw, 186px\" \/><\/a>BELLUNO\u00a0<\/strong><em> \u201cSono state ore drammatiche per il Bellunese e ancora una volta il nostro grazie deve andare agli operatori dell&#8217;emergenza: una macchina straordinaria che comprende vigili del fuoco, protezione civile, operatori e tanti volontari. Sono loro i custodi di questa montagna. Ora dobbiamo risollevarci come abbiamo sempre fatto; con Vaia &#8211; una ferita ancora aperta per il nostro territorio e le sue genti &#8211; abbiamo intrapreso un percorso di ricostruzione che ha funzionato. Si applichi quel modello<\/em>\u201d. Ad affermarlo \u00e8 Lorraine Berton, presidente di Confindustria Belluno Dolomiti <em>&#8220;Mi auguro che ogni livello istituzionale faccia la sua parte, Governo compreso. I ristori dovranno essere immediati, cos\u00ec come il ritorno alla normalit\u00e0. I mutamenti climatici caratterizzeranno sempre di pi\u00f9 il nostro modo di vivere e di fare impresa. Serve il coinvolgimento di tutti e l&#8217;utilizzo delle migliori tecnologie per prevenire o quanto meno ridurre i rischi. In una montagna gi\u00e0 caratterizzata da tante fragilit\u00e0 idrogeologiche il tema non \u00e8 pi\u00f9 rinviabile\u201d.<\/em><\/p>\n<p>&nbsp;<\/p>\n<p>&nbsp;<\/p>\n<hr \/>\n<p>&nbsp;<\/p>\n<blockquote>\n<h3>VENEZIA, DETENUTO DEL CARCERE DI BELLUNO TENTA LA FUGA DURANTE UDIENZA DAL TRIBUNALE E SI TUFFA NEL CANALE<\/h3>\n<\/blockquote>\n<p><strong><a class=\"dt-pswp-item\" href=\"https:\/\/www.radiopiu.net\/wordpress\/wp-content\/uploads\/2021\/07\/image-2.jpg\" data-dt-img-description=\"\" data-large_image_width=\"960\" data-large_image_height=\"540\"><img loading=\"lazy\" decoding=\"async\" class=\" wp-image-224354 alignleft\" src=\"https:\/\/www.radiopiu.net\/wordpress\/wp-content\/uploads\/2021\/07\/image-2-300x169.jpg\" alt=\"\" width=\"192\" height=\"108\" srcset=\"https:\/\/www.radiopiu.net\/wordpress\/wp-content\/uploads\/2021\/07\/image-2-300x169.jpg 300w, https:\/\/www.radiopiu.net\/wordpress\/wp-content\/uploads\/2021\/07\/image-2-768x432.jpg 768w, https:\/\/www.radiopiu.net\/wordpress\/wp-content\/uploads\/2021\/07\/image-2.jpg 960w\" sizes=\"auto, (max-width: 192px) 100vw, 192px\" \/><\/a>VENEZIA <\/strong>Grave episodio, ieri mattina, nei pressi della Cittadella della giustizia di Venezia, dove si \u00e8 assistito al tentativo di fuga di un detenuto, quasi in stile hollywoodiano. Un detenuto, l\u00ec per una udienza, ha tentato la fuga ma \u00e8 stato prontamente fermato dagli Agenti di Polizia Penitenziaria di servizio, che non hanno esitato a buttarsi nel canale per bloccarlo. Lo rende noto il Sindacato Autonomo Polizia Penitenziaria. <em>\u201cIeri mattina\u201d,<\/em>\u00a0spiega Giovanni Vona, segretario nazionale per il Triveneto del SAPPE,\u00a0<em>\u201cun detenuto di origine rumena, proveniente dal carcere di Belluno, doveva presenziare ad una udienza davanti al GIP di Venezia (cittadella della giustizia di Venezia). Con la scusa di andare in bagno, essendo senza manette perch\u00e9 era davanti al giudice, con un improvviso strattone riusciva a darsi alla fuga. Il soggetto pur di riuscire nel suo intento, non si \u00e8 fatto nessun problema e si \u00e8 tuffato nel canale. I colleghi della Polizia Penitenziaria, pur essendo numericamente sotto scorta, non si sono fatti scrupoli e si sono buttati anch&#8217;essi nel canale riuscendo a catturare l&#8217;evaso. Scena da film di trama hollywoodiana, ma per fortuna l\u2019uomo \u00e8 stato bloccato\u201d. \u201cIl SAPPE\u201d,<\/em>\u00a0conclude Vona,\u00a0<em>\u201caccusa ancora una volta l\u2019Amministrazione Penitenziaria di scarsa attenzione sulla problematica dei detenuti stranieri che sta rendendo il lavoro della Polizia Penitenziaria sempre pi\u00f9 difficile\u201d.<\/em><\/p>\n<p>&nbsp;<\/p>\n<p>&nbsp;<\/p>\n<hr \/>\n<p>&nbsp;<\/p>\n<blockquote>\n<h3>ESCURSIONISTI IN DIFFICOLTA&#8217; SULLA FERRATA ROGHEL<\/h3>\n<\/blockquote>\n<p><strong>COMELICO SUPERIORE<\/strong> Martedi sera, poco prima delle 23, le squadre del Soccorso alpino della Val Comelico e della Guardia di finanza di Auronzo sono partite in direzione dell&#8217;attacco della Ferrata Roghel, dove si trovava una coppia di escursionisti ungheresi in difficolt\u00e0. I due erano stati investiti dal maltempo nel tragitto e avevano trovato un riparo di fortuna per lasciare passare il forte temporale. Attardatisi, perso l&#8217;orientamento e un po&#8217; spaventati, arrivati all&#8217;uscita del tratto attrezzato, nel ripido canale che d\u00e0 verso il Comelico, avevano chiesto aiuto. Tredici soccorritori li hanno raggiunti a circa 2.400 metri di quota, la coppia era collaborativa, e li hanno accompagnati fino al Rifugio Berti, dove hanno passato la notte. L&#8217;intervento si \u00e8 concluso passate le due.<\/p>\n<p>&nbsp;<\/p>\n<hr \/>\n<p>&nbsp;<\/p>\n<blockquote>\n<h3>TORNA IL SOLE E UNA RAFFICA DI RICHIESTE DI AIUTO<\/h3>\n<\/blockquote>\n<p><em>NON CI RESTA CHE&#8230;SOCCORRERLI SOTTO LA PIOGGIA\u00a0<\/em><\/p>\n<p><img loading=\"lazy\" decoding=\"async\" class=\"alignleft\" src=\"https:\/\/www.radiopiu.net\/wordpress\/wp-content\/uploads\/2022\/08\/salt_20220815_165013_303.jpg\" width=\"280\" height=\"210\" \/>Dopo il temporale\u00a0 ieri mattina sono riprese le escursioni, incidenti e malori. Alle 10.30 alle Cascate di Fanes a Cortina soccorsa una\u00a0 72enne di Brindisi per un malore. Una turista straniera caduta di schiena mentre portava in braccio il figlio di un anno ha sbattuto la testa, illeso il bimbo, la donna ha pure rifiutato l&#8217;intervento dei soccorsi. Allo scoppio del temporale sono state numerose le richieste di aiuto. Alle 11.30 circa, una coppia, che scendeva con un bambino di un anno dal Rifugio Fodara Vedla verso Ra Stua, pur essendo vicina alla malga\u00a0 ha chiesto il supporto di una squadra.\u00a0 Una cordata sulla Via Dallago &#8211; Menardi, Ra Gusela, colta dalla pioggia al terzo tiro ha chiesto consigli alla Centrale. ed \u00e8 partita una squadra del Soccorso alpino. Passato il temporale, quando \u00e8 stato possibile l&#8217;intervento dell&#8217;elicottero di Bolzano, i rocciatori hanno fatto sapere che proseguivano la scalata. Alle 12.15 delle ragazze dirette al Rifugio Boz, che si trovavano sul Passo Alvis, colte dal maltempo hanno chiamato per sapere cosa potevano fare. Alle 12.20 sette persone impegnate lungo la Ferrata Tomaselli alla Cima Fanis Sud, prese dal temporale, hanno chiamato il 118 che dopo poco li ha ricontattati e i sette stavano scendendo incolumi. Stessa situazione qualche minuto dopo sulla Ferrata Strobel alla Punta Fiames, dove 3 diciannovenni si trovavano sotto la pioggia.\u00a0 Alle 12.30 un passante che scendeva da Misurina ad Auronzo ha avvisato di essersi imbattuto in 5 ciclisti spagnoli in difficolt\u00e0 per la pioggia, di averne caricati 3 in macchina, ma che altri due, padre e figlio, erano ancora per strada. Allertata la squadra del Soccorso alpino della Guardia di finanza di presidio sulle Tre Cime, non \u00e8 stato necessario il suo intervento in quanto i due si erano ricongiunti al resto della famiglia. Ricordiamo l&#8217;importanza di verificare sempre le previsioni del tempo prima di intraprendere qualsiasi attivit\u00e0 in montagna.<\/p>\n<p>&nbsp;<\/p>\n<hr \/>\n<p>&nbsp;<\/p>\n<blockquote>\n<h3 class=\"articlePlainTitle\">CADUTA IN BICI, BRACCIO FRATTURATO<\/h3>\n<\/blockquote>\n<div class=\"articlePlainText\"><strong>CORTINA<\/strong> \u00a0L&#8217;incidente ieri pomeriggio, in localit\u00e0 Cadin di Sotto, un 30enne tedesco ha perso il controllo della bici ed \u00e8 caduto. Soccorso in prima battuta dall&#8217;ambulanza del 118 il ferito \u00e8 stato poi portato a bordo dell&#8217;elicottero con destinazione Belluno. Il codice d&#8217;ingresso in Pronto soccorso era il 2, cio\u00e8 lesioni di media gravit\u00e0. Un politrauma e la frattura esposta di un braccio, che ha comportato il ricovero in Ortopedia.<\/div>\n<p>&nbsp;<\/p>\n<hr \/>\n<p>&nbsp;<\/p>\n<blockquote>\n<h3>ADDIO ALL&#8217;AMICO DEGLI ANIMALI<\/h3>\n<\/blockquote>\n<p><strong><a class=\"dt-pswp-item\" href=\"https:\/\/www.radiopiu.net\/wordpress\/wp-content\/uploads\/2023\/07\/Senza-nome-50.png\" data-dt-img-description=\"\" data-large_image_width=\"219\" data-large_image_height=\"257\"><img loading=\"lazy\" decoding=\"async\" class=\"wp-image-344957 alignleft\" src=\"https:\/\/www.radiopiu.net\/wordpress\/wp-content\/uploads\/2023\/07\/Senza-nome-50.png\" alt=\"\" width=\"107\" height=\"126\" \/><\/a>FELTRE\u00a0<\/strong> \u00c8 morto ieri all&#8217;et\u00e0 di sessant&#8217;anni Luca Pauletti, l&#8217;Ente Palio lo volle alla guida della commissione veterinaria l&#8217;anno seguente alla morte di due cavalli durante la corsa. Ed erano proprio i cavalli la sua grande passione.\u00a0 Imprenditore poliedrico, aveva aperto in provincia di Padova un&#8217;azienda per la consegna a domicilio di tutti i generi alimentari legati alle filiere della carne e del latte. Un&#8217;esperienza che si \u00e8 chiusa a causa della pandemia che tra l&#8217;altro lo colp\u00ec pesantemente. Da anni abitava a Sernaglia della Battaglia.Domani alle 10.30 nella chiesa di Villabruna saranno celebrati i funerali<\/p>\n<p>&nbsp;<\/p>\n<hr \/>\n<p>&nbsp;<\/p>\n<blockquote>\n<h3>CASA DI SOGGIORNO DI TAIBON, DIFFICOLTA&#8217; NEL PASSAGGIO AD ASCA. I SINDACI FANNO SQUADRA<\/h3>\n<\/blockquote>\n<p><strong>DI GIANNI SANTOMASO<\/strong><\/p>\n<audio class=\"wp-audio-shortcode\" id=\"audio-344822-3\" preload=\"none\" style=\"width: 100%;\" controls=\"controls\"><source type=\"audio\/mpeg\" src=\"https:\/\/www.radiopiu.net\/wordpress\/wp-content\/uploads\/2023\/07\/GIANNI-CASA-SOGGIORNO.mp3?_=3\" \/><a href=\"https:\/\/www.radiopiu.net\/wordpress\/wp-content\/uploads\/2023\/07\/GIANNI-CASA-SOGGIORNO.mp3\">https:\/\/www.radiopiu.net\/wordpress\/wp-content\/uploads\/2023\/07\/GIANNI-CASA-SOGGIORNO.mp3<\/a><\/audio>\n<div class=\"flex-1 overflow-hidden\">\n<div class=\"react-scroll-to-bottom--css-uazkh-79elbk h-full dark:bg-gray-800\">\n<div class=\"react-scroll-to-bottom--css-uazkh-1n7m0yu\">\n<div class=\"flex flex-col text-sm dark:bg-gray-800\">\n<div class=\"group w-full text-gray-800 dark:text-gray-100 border-b border-black\/10 dark:border-gray-900\/50 bg-gray-50 dark:bg-[#444654]\">\n<div class=\"flex p-4 gap-4 text-base md:gap-6 md:max-w-2xl lg:max-w-[38rem] xl:max-w-3xl md:py-6 lg:px-0 m-auto\">\n<div class=\"relative flex w-[calc(100%-50px)] flex-col gap-1 md:gap-3 lg:w-[calc(100%-115px)]\">\n<div class=\"flex flex-grow flex-col gap-3\">\n<div class=\"min-h-[20px] flex items-start overflow-x-auto whitespace-pre-wrap break-words flex-col gap-4\">\n<div class=\"markdown prose w-full break-words dark:prose-invert light\">\n<blockquote><p>&nbsp;<\/p><\/blockquote>\n<\/div>\n<\/div>\n<\/div>\n<\/div>\n<\/div>\n<\/div>\n<\/div>\n<\/div>\n<\/div>\n<\/div>\n<p><strong>IERI SERA LA DIRETTA DI RADIOPIU&#8217;, ASCOLTA L&#8217;INTERO DIBATTITO<\/strong><\/p>\n<blockquote class=\"wp-embedded-content\" data-secret=\"rrcYCkZKPA\"><p><a href=\"https:\/\/www.radiopiu.net\/wordpress\/il-consiglio-dellunione-montana-agordina-la-diretta-4\/\">IL CONSIGLIO DELL&#8217;UNIONE MONTANA AGORDINA, LA DIRETTA<\/a><\/p><\/blockquote>\n<p><iframe loading=\"lazy\" class=\"wp-embedded-content\" sandbox=\"allow-scripts\" security=\"restricted\" style=\"position: absolute; clip: rect(1px, 1px, 1px, 1px);\" title=\"&#8220;IL CONSIGLIO DELL&#8217;UNIONE MONTANA AGORDINA, LA DIRETTA&#8221; &#8212; Radio Pi\u00f9\" src=\"https:\/\/www.radiopiu.net\/wordpress\/il-consiglio-dellunione-montana-agordina-la-diretta-4\/embed\/#?secret=839KeURZhN#?secret=rrcYCkZKPA\" data-secret=\"rrcYCkZKPA\" width=\"600\" height=\"338\" frameborder=\"0\" marginwidth=\"0\" marginheight=\"0\" scrolling=\"no\"><\/iframe><\/p>\n<p>&nbsp;<\/p>\n<hr \/>\n<p>&nbsp;<\/p>\n<blockquote>\n<h3>I SERVIZI FORESTALI HANNO DATO IL VIA ALLA MESSA IN SICUREZZA DEL CORDEVOLE AD ARABBA<\/h3>\n<\/blockquote>\n<p><strong><a class=\"dt-pswp-item\" href=\"https:\/\/www.radiopiu.net\/wordpress\/wp-content\/uploads\/2023\/07\/lavori-Cordevole-scaled.jpg\" data-dt-img-description=\"\" data-large_image_width=\"2560\" data-large_image_height=\"1152\"><img loading=\"lazy\" decoding=\"async\" class=\" wp-image-343966 alignleft\" src=\"https:\/\/www.radiopiu.net\/wordpress\/wp-content\/uploads\/2023\/07\/lavori-Cordevole-300x135.jpg\" alt=\"\" width=\"216\" height=\"97\" srcset=\"https:\/\/www.radiopiu.net\/wordpress\/wp-content\/uploads\/2023\/07\/lavori-Cordevole-300x135.jpg 300w, https:\/\/www.radiopiu.net\/wordpress\/wp-content\/uploads\/2023\/07\/lavori-Cordevole-1024x461.jpg 1024w, https:\/\/www.radiopiu.net\/wordpress\/wp-content\/uploads\/2023\/07\/lavori-Cordevole-768x345.jpg 768w, https:\/\/www.radiopiu.net\/wordpress\/wp-content\/uploads\/2023\/07\/lavori-Cordevole-1536x691.jpg 1536w, https:\/\/www.radiopiu.net\/wordpress\/wp-content\/uploads\/2023\/07\/lavori-Cordevole-2048x921.jpg 2048w\" sizes=\"auto, (max-width: 216px) 100vw, 216px\" \/><\/a>LIVINALLONGO<\/strong><\/p>\n<p>di Lorenzo Soratroi<\/p>\n<audio class=\"wp-audio-shortcode\" id=\"audio-344822-4\" preload=\"none\" style=\"width: 100%;\" controls=\"controls\"><source type=\"audio\/mpeg\" src=\"https:\/\/www.radiopiu.net\/wordpress\/wp-content\/uploads\/2023\/07\/SORATROI-I-SERVIZI-FORESTALI-HA-DATO-IL-VIA-ALLA-MESSA-IN-SICUREZZA-DEL-CORDEVOLE-AD-ARABBA.mp3?_=4\" \/><a href=\"https:\/\/www.radiopiu.net\/wordpress\/wp-content\/uploads\/2023\/07\/SORATROI-I-SERVIZI-FORESTALI-HA-DATO-IL-VIA-ALLA-MESSA-IN-SICUREZZA-DEL-CORDEVOLE-AD-ARABBA.mp3\">https:\/\/www.radiopiu.net\/wordpress\/wp-content\/uploads\/2023\/07\/SORATROI-I-SERVIZI-FORESTALI-HA-DATO-IL-VIA-ALLA-MESSA-IN-SICUREZZA-DEL-CORDEVOLE-AD-ARABBA.mp3<\/a><\/audio>\n<p>&nbsp;<\/p>\n<p>&nbsp;<\/p>\n<p>&nbsp;<\/p>\n<hr \/>\n<blockquote>\n<div id=\"attachment_193172\" style=\"width: 322px\" class=\"wp-caption alignleft\"><a class=\"dt-pswp-item\" href=\"https:\/\/www.radiopiu.net\/wordpress\/wp-content\/uploads\/2021\/02\/71784bc3-f71e-47de-bda2-16363539ce3c.jpg\" data-dt-img-description=\"SILVANO SAVIO\" data-large_image_width=\"312\" data-large_image_height=\"341\"><img loading=\"lazy\" decoding=\"async\" aria-describedby=\"caption-attachment-193172\" class=\" wp-image-193172\" src=\"https:\/\/www.radiopiu.net\/wordpress\/wp-content\/uploads\/2021\/02\/71784bc3-f71e-47de-bda2-16363539ce3c-274x300.jpg\" alt=\"\" width=\"110\" height=\"120\" srcset=\"https:\/\/www.radiopiu.net\/wordpress\/wp-content\/uploads\/2021\/02\/71784bc3-f71e-47de-bda2-16363539ce3c-274x300.jpg 274w, https:\/\/www.radiopiu.net\/wordpress\/wp-content\/uploads\/2021\/02\/71784bc3-f71e-47de-bda2-16363539ce3c.jpg 312w\" sizes=\"auto, (max-width: 110px) 100vw, 110px\" \/><\/a><p id=\"caption-attachment-193172\" class=\"wp-caption-text\">SILVANO SAVIO<\/p><\/div>\n<h3>SAVIO ALL&#8217;ATTACCO, &#8220;NON TARTASSATE CHI INSTALLA PLATEATICI&#8221;.<\/h3>\n<\/blockquote>\n<p><strong>DI GIANNI SANTOMASO\u00a0<\/strong><\/p>\n<audio class=\"wp-audio-shortcode\" id=\"audio-344822-5\" preload=\"none\" style=\"width: 100%;\" controls=\"controls\"><source type=\"audio\/mpeg\" src=\"https:\/\/www.radiopiu.net\/wordpress\/wp-content\/uploads\/2023\/07\/PLATEATICI-GIANNI-SILVANO.mp3?_=5\" \/><a href=\"https:\/\/www.radiopiu.net\/wordpress\/wp-content\/uploads\/2023\/07\/PLATEATICI-GIANNI-SILVANO.mp3\">https:\/\/www.radiopiu.net\/wordpress\/wp-content\/uploads\/2023\/07\/PLATEATICI-GIANNI-SILVANO.mp3<\/a><\/audio>\n<p>&nbsp;<\/p>\n<p>&nbsp;<\/p>\n<hr \/>\n<p>&nbsp;<\/p>\n<blockquote>\n<h3>GRANDI MANOVRE, DEL GALLO NOMINATO COMANDANTE DEI VIGILI DEL FUOCO DI FERRARA<\/h3>\n<\/blockquote>\n<p><strong><a class=\"dt-pswp-item\" href=\"https:\/\/www.radiopiu.net\/wordpress\/wp-content\/uploads\/2023\/07\/6c57530c-6322-426f-854f-87a1efffa7cd.jpg\" data-dt-img-description=\"\" data-large_image_width=\"1228\" data-large_image_height=\"1600\"><img loading=\"lazy\" decoding=\"async\" class=\" wp-image-344929 alignright\" src=\"https:\/\/www.radiopiu.net\/wordpress\/wp-content\/uploads\/2023\/07\/6c57530c-6322-426f-854f-87a1efffa7cd-230x300.jpg\" alt=\"\" width=\"100\" height=\"130\" srcset=\"https:\/\/www.radiopiu.net\/wordpress\/wp-content\/uploads\/2023\/07\/6c57530c-6322-426f-854f-87a1efffa7cd-230x300.jpg 230w, https:\/\/www.radiopiu.net\/wordpress\/wp-content\/uploads\/2023\/07\/6c57530c-6322-426f-854f-87a1efffa7cd-786x1024.jpg 786w, https:\/\/www.radiopiu.net\/wordpress\/wp-content\/uploads\/2023\/07\/6c57530c-6322-426f-854f-87a1efffa7cd-768x1001.jpg 768w, https:\/\/www.radiopiu.net\/wordpress\/wp-content\/uploads\/2023\/07\/6c57530c-6322-426f-854f-87a1efffa7cd-1179x1536.jpg 1179w, https:\/\/www.radiopiu.net\/wordpress\/wp-content\/uploads\/2023\/07\/6c57530c-6322-426f-854f-87a1efffa7cd.jpg 1228w\" sizes=\"auto, (max-width: 100px) 100vw, 100px\" \/><\/a>BELLUNO\u00a0<\/strong> l\u2019attuale comandante, ing. Antonio del Gallo \u00e8 stato nominato comandante dei Vigili del fuoco di Ferrara, contestualmente sar\u00e0 reggente del comando bellunese fino alla nomina del nuovo dirigente. Padova: l\u2019ing. Giuseppe Lomoro, dirigente superiore, \u00e8 stato nominato comandante dei Vigili del fuoco della citt\u00e0 di Padova.\u00a0 l\u2019ing. Cristiano Cusin, dirigente superiore, \u00e8 stato nominato dirigente dell\u2019ufficio dell\u2019area per il soccorso pubblico, della colonna mobile regionale e dell\u2019antincendio boschivo della direzione Interregionale Veneto e Trentino Alto Adige. l\u2019ing. Enrico Porrovecchio, dirigente superiore \u00e8 stato nominato comandate dei vigili del fuoco della citt\u00e0 di Verona<\/p>\n<p>&nbsp;<\/p>\n<hr \/>\n<p>&nbsp;<\/p>\n<blockquote>\n<h2 style=\"text-align: left;\">BOTTE E VIOLENZE, LA CONDANNA A 7 ANNI DI CARCERE<\/h2>\n<h3>OGGI SUL CORRIERE DELLE ALPI<\/h3>\n<\/blockquote>\n<p><strong>DI GIGI SOSSO<\/strong><\/p>\n<p><strong><a class=\"dt-pswp-item\" href=\"https:\/\/www.radiopiu.net\/wordpress\/wp-content\/uploads\/2018\/08\/violenza-donne.jpg\" data-dt-img-description=\"\" data-large_image_width=\"1280\" data-large_image_height=\"765\"><img loading=\"lazy\" decoding=\"async\" class=\"wp-image-59277 alignleft\" src=\"https:\/\/www.radiopiu.net\/wordpress\/wp-content\/uploads\/2018\/08\/violenza-donne-300x179.jpg\" alt=\"\" width=\"235\" height=\"140\" srcset=\"https:\/\/www.radiopiu.net\/wordpress\/wp-content\/uploads\/2018\/08\/violenza-donne-300x179.jpg 300w, https:\/\/www.radiopiu.net\/wordpress\/wp-content\/uploads\/2018\/08\/violenza-donne-768x459.jpg 768w, https:\/\/www.radiopiu.net\/wordpress\/wp-content\/uploads\/2018\/08\/violenza-donne-1024x612.jpg 1024w, https:\/\/www.radiopiu.net\/wordpress\/wp-content\/uploads\/2018\/08\/violenza-donne.jpg 1280w\" sizes=\"auto, (max-width: 235px) 100vw, 235px\" \/><\/a>BELLUNO<\/strong> S.G. \u00e8 stato condannato a sette anni di reclusione per maltrattamenti in famiglia, lesioni, minacce e violenza sessuale contro sua moglie. I maltrattamenti sono durati per quattro anni, dal 2018 al 2022, durante i quali la donna \u00e8 stata oggetto di abusi verbali e fisici, tra cui violenza sessuale. Il tribunale ha ritenuto credibile e coerente il racconto della vittima e ha stabilito la condanna con un risarcimento danni di 30 mila euro. L&#8217;imputato ha anche ricevuto l&#8217;interdizione perpetua dai pubblici uffici e legali durante la pena. L&#8217;avvocato di parte civile aveva richiesto nove anni di condanna, ma il collegio ha concesso attenuanti generiche equivalenti alle aggravanti. L&#8217;imputato \u00e8 tornato nel carcere di Baldenich in attesa delle motivazioni per eventuali appelli.<\/p>\n<p>&nbsp;<\/p>\n<hr \/>\n<p>&nbsp;<\/p>\n<blockquote>\n<h3><a class=\"dt-pswp-item\" href=\"https:\/\/www.radiopiu.net\/wordpress\/wp-content\/uploads\/2023\/07\/98457ed9-e3d3-417f-babe-0f4a89c7ca23.jpg\" data-dt-img-description=\"\" data-large_image_width=\"1532\" data-large_image_height=\"2048\"><img loading=\"lazy\" decoding=\"async\" class=\" wp-image-344443 alignleft\" src=\"https:\/\/www.radiopiu.net\/wordpress\/wp-content\/uploads\/2023\/07\/98457ed9-e3d3-417f-babe-0f4a89c7ca23-224x300.jpg\" alt=\"\" width=\"79\" height=\"106\" srcset=\"https:\/\/www.radiopiu.net\/wordpress\/wp-content\/uploads\/2023\/07\/98457ed9-e3d3-417f-babe-0f4a89c7ca23-224x300.jpg 224w, https:\/\/www.radiopiu.net\/wordpress\/wp-content\/uploads\/2023\/07\/98457ed9-e3d3-417f-babe-0f4a89c7ca23-766x1024.jpg 766w, https:\/\/www.radiopiu.net\/wordpress\/wp-content\/uploads\/2023\/07\/98457ed9-e3d3-417f-babe-0f4a89c7ca23-768x1027.jpg 768w, https:\/\/www.radiopiu.net\/wordpress\/wp-content\/uploads\/2023\/07\/98457ed9-e3d3-417f-babe-0f4a89c7ca23-1149x1536.jpg 1149w, https:\/\/www.radiopiu.net\/wordpress\/wp-content\/uploads\/2023\/07\/98457ed9-e3d3-417f-babe-0f4a89c7ca23.jpg 1532w\" sizes=\"auto, (max-width: 79px) 100vw, 79px\" \/><\/a>SABATO STRADA CHIUSA PER GARA CICLISTICA non mancano le critiche, sar\u00e0 un fine settimana di mancati guadagni.<\/h3>\n<\/blockquote>\n<p><strong>SOSPIROLO<\/strong> Sabato dalle 8:45 alle 19 la SP 12 tra Sospirolo, Paderno, Dussano e Ponte Mas e la comunale tra Ponte Mas, Mis e Sospirolo sar\u00e0 chiusa al traffico per permettere una gara ciclistica. Sono possibili delle aperture temporanee.<\/p>\n<p>Una misura ritenuta esagerata da diversi sospirolesi, che non stanno mancando di sottolinearlo sia su Facebook e sia a voce. Alcune attivit\u00e0 commerciali hanno peraltro gi\u00e0 ipotizzato una giornata di chiusura, prevedendo un limitato incasso.\u00a0 Con tale interdizione, sar\u00e0 quasi impossibile pure raggiungere il lago del Mis e viene da domandarsi cosa accadr\u00e0 coi turisti provenienti da fuori provincia e ignari dei divieti. L&#8217;alternativa per raggiungere la Valle \u00e8 la strada da Gosaldo.<\/p>\n<p>&nbsp;<\/p>\n<p>&nbsp;<\/p>\n<hr \/>\n<blockquote>\n<h3><\/h3>\n<h3>CALDO, LA ULSS1 INCONTRA, GLI ESPERTI INFORMANO<\/h3>\n<p><a class=\"dt-pswp-item\" href=\"https:\/\/www.radiopiu.net\/wordpress\/wp-content\/uploads\/2022\/07\/CALDO.png\" data-dt-img-description=\"\" data-large_image_width=\"1618\" data-large_image_height=\"1020\"><img loading=\"lazy\" decoding=\"async\" class=\"wp-image-284864 alignleft\" src=\"https:\/\/www.radiopiu.net\/wordpress\/wp-content\/uploads\/2022\/07\/CALDO-300x189.png\" alt=\"\" width=\"183\" height=\"115\" srcset=\"https:\/\/www.radiopiu.net\/wordpress\/wp-content\/uploads\/2022\/07\/CALDO-300x189.png 300w, https:\/\/www.radiopiu.net\/wordpress\/wp-content\/uploads\/2022\/07\/CALDO-1024x646.png 1024w, https:\/\/www.radiopiu.net\/wordpress\/wp-content\/uploads\/2022\/07\/CALDO-768x484.png 768w, https:\/\/www.radiopiu.net\/wordpress\/wp-content\/uploads\/2022\/07\/CALDO-1536x968.png 1536w, https:\/\/www.radiopiu.net\/wordpress\/wp-content\/uploads\/2022\/07\/CALDO.png 1618w\" sizes=\"auto, (max-width: 183px) 100vw, 183px\" \/><\/a>numero regionale per l&#8217;emergenza caldo attivo h24 (800 535 535), fino all&#8217;avvio, nell&#8217;area dell&#8217;Ulss 1 Dolomiti, di un servizio di consulenza geriatrica telefonica attivo dal luned\u00ec al venerd\u00ec dalle 10 alle 11 e dalle 15 alle 16 fino al 31 agosto. Componendo lo 0437 516570, pazienti in difficolt\u00e0, ma anche medici di medicina generale, potranno interloquire con gli specialisti per chiedere consiglio. Per far fronte alle temperature elevate \u00e8 importante seguire una \u00abalimentazione leggera fatta di frutta e verdura principalmente, una buona idratazione, evitando l&#8217;esposizione al sole nelle ore pi\u00f9 calde cio\u00e8 dalle 12 alle 17, \u00bb, precisa il primario della Medicina di Agordo, Francesco Minniti.<\/p><\/blockquote>\n<p><a class=\"dt-pswp-item\" href=\"https:\/\/www.radiopiu.net\/wordpress\/wp-content\/uploads\/2023\/07\/WhatsApp-Image-2023-07-19-at-14.22.33.jpeg\" data-dt-img-description=\"\" data-large_image_width=\"1904\" data-large_image_height=\"882\"><img loading=\"lazy\" decoding=\"async\" class=\" wp-image-344892 alignleft\" src=\"https:\/\/www.radiopiu.net\/wordpress\/wp-content\/uploads\/2023\/07\/WhatsApp-Image-2023-07-19-at-14.22.33-300x139.jpeg\" alt=\"\" width=\"259\" height=\"120\" srcset=\"https:\/\/www.radiopiu.net\/wordpress\/wp-content\/uploads\/2023\/07\/WhatsApp-Image-2023-07-19-at-14.22.33-300x139.jpeg 300w, https:\/\/www.radiopiu.net\/wordpress\/wp-content\/uploads\/2023\/07\/WhatsApp-Image-2023-07-19-at-14.22.33-1024x474.jpeg 1024w, https:\/\/www.radiopiu.net\/wordpress\/wp-content\/uploads\/2023\/07\/WhatsApp-Image-2023-07-19-at-14.22.33-768x356.jpeg 768w, https:\/\/www.radiopiu.net\/wordpress\/wp-content\/uploads\/2023\/07\/WhatsApp-Image-2023-07-19-at-14.22.33-1536x712.jpeg 1536w, https:\/\/www.radiopiu.net\/wordpress\/wp-content\/uploads\/2023\/07\/WhatsApp-Image-2023-07-19-at-14.22.33.jpeg 1904w\" sizes=\"auto, (max-width: 259px) 100vw, 259px\" \/><\/a><strong>REDAZIONE<\/strong> Dai servizi attivati dalle centrali COT, a cosa fare in caso di colpo di calore, dall\u2019assunzione di molta acqua, anche senza avere sete, all\u2019alimentazione basata su cibi ricchi di acqua e sali minerali come frutta e verdura, all\u2019attivit\u00e0 fisica: i professionisti hanno portato, ciascuno per il proprio ambito, consigli pratici per il benessere in particolare di anziani e bambini col caldo. Attenzione \u00e8 stata posta, infine, anche ai luoghi di lavoro e al benessere degli animali domestici. Di questo hanno parlato gli esperti della Ulss presentando informazioni e indicazioni per il grande caldo. Sono intervenuti Debora Tormena &#8211; referente per la centrale COT, Giulio Trill\u00f2 &#8211; direttore SUEM, Gianfranco Conati &#8211; direttore della Geriatria di Belluno, Stefano Marzini &#8211; Coordinatore del Dipartimento Materno Infantile, Francesco Minniti &#8211; direttore della Medicina Agordo, Sandro Cinquetti &#8211; direttore del Dipartimento di Prevenzione ed Enrico Francione \u2013 dirigente medico del Servizio Veterinario Sanit\u00e0 Animale.<\/p>\n<p>&nbsp;<\/p>\n<p>&nbsp;<\/p>\n<hr \/>\n<p>&nbsp;<\/p>\n<blockquote>\n<h3>Centro antiviolenza a rischio, la consigliera di parit\u00e0 scrive alla Regione<\/h3>\n<\/blockquote>\n<p><strong> <a class=\"dt-pswp-item\" href=\"https:\/\/www.radiopiu.net\/wordpress\/wp-content\/uploads\/2023\/07\/18CA38DF-8408-4751-8219-0876698D16A0-scaled.jpeg\" data-dt-img-description=\"\" data-large_image_width=\"2560\" data-large_image_height=\"1920\"><img loading=\"lazy\" decoding=\"async\" class=\"size-medium wp-image-344895 alignleft\" src=\"https:\/\/www.radiopiu.net\/wordpress\/wp-content\/uploads\/2023\/07\/18CA38DF-8408-4751-8219-0876698D16A0-300x225.jpeg\" alt=\"\" width=\"300\" height=\"225\" srcset=\"https:\/\/www.radiopiu.net\/wordpress\/wp-content\/uploads\/2023\/07\/18CA38DF-8408-4751-8219-0876698D16A0-300x225.jpeg 300w, https:\/\/www.radiopiu.net\/wordpress\/wp-content\/uploads\/2023\/07\/18CA38DF-8408-4751-8219-0876698D16A0-1024x768.jpeg 1024w, https:\/\/www.radiopiu.net\/wordpress\/wp-content\/uploads\/2023\/07\/18CA38DF-8408-4751-8219-0876698D16A0-768x576.jpeg 768w, https:\/\/www.radiopiu.net\/wordpress\/wp-content\/uploads\/2023\/07\/18CA38DF-8408-4751-8219-0876698D16A0-1536x1152.jpeg 1536w, https:\/\/www.radiopiu.net\/wordpress\/wp-content\/uploads\/2023\/07\/18CA38DF-8408-4751-8219-0876698D16A0-2048x1536.jpeg 2048w\" sizes=\"auto, (max-width: 300px) 100vw, 300px\" \/><\/a>BELLUNO<\/strong> L\u2019unico Centro antiviolenza della provincia di Belluno \u00e8 a rischio. Un messaggio che la consigliera provinciale di parit\u00e0 ha recapitato a tutti i Comuni bellunesi, con una lettera e una concomitante richiesta di sottoscrizione, in modo da presentare unitariet\u00e0 territoriale nella richiesta alla Regione Veneto di derogare alla nuova Dgr relativa proprio al funzionamento dei Centri antiviolenza. Il nocciolo della questione \u00e8 l\u2019entrata in vigore dell\u2019intesa Stato-Regioni che ha dettato i nuovi requisiti minimi di un Centro antiviolenza per accedere ai fondi stanziati e al riconoscimento regionale. Requisiti minimi che mettono fortemente in difficolt\u00e0 l\u2019unico Centro antiviolenza bellunese, gestito dall\u2019Associazione Onlus Belluno Donna, che offre un servizio essenziale per il territorio. Da qui, la richiesta della consigliera di parit\u00e0 Flavia Monego di una deroga rispetto ai requisiti minimi per Belluno, poi\u00a0 insieme al presidente della Provincia Roberto Padrin, ha incontrato a Cortina l\u2019assessora regionale Manuela Lanzarin, e ha sottolineato tutti i nodi della questione. &#8220;L\u2019assessora Lanzarin ha compreso il problema e si \u00e8 detta disponibile ad aprire un tavolo di confronto per discutere una possibilit\u00e0 di deroga\u00bb spiega la consigliera di parit\u00e0 Flavia Monego. \u00abNon possiamo correre il rischio di perdere un servizio come quello oggi garantito da Belluno Donna\u00bb.<\/p>\n<p>&nbsp;<\/p>\n<p>&nbsp;<\/p>\n<hr \/>\n<p>&nbsp;<\/p>\n<blockquote>\n<h3>RESTYLING AL DEPURATORE DI MISURINA<\/h3>\n<\/blockquote>\n<p><strong>BELLUNO <\/strong>Sono partiti di recente i lavori di Bim Gsp per l\u2019adeguamento del depuratore di Misurina, in comune di Auronzo di Cadore. Il cantiere, che si concluder\u00e0 entro la fine dell\u2019estate, porter\u00e0 alla realizzazione del nuovo comparto di pretrattamento dei reflui. In testa all\u2019impianto, in particolare, verr\u00e0 costruito un manufatto che ospiter\u00e0 al suo interno una griglia a filtro coclea: questa assicurer\u00e0 una miglior pulizia delle acque di scarico provenienti dalla rete fognaria e l\u2019eliminazione dei materiali solidi pi\u00f9 grossolani (quali cotton-fioc, sabbie, olii), dannosi per il processo depurativo. Contestualmente, verranno installati nuovi quadri elettrici ed altre apparecchiature elettromeccaniche accessorie. I lavori, affidati all\u2019impresa Green Rock di San Nicol\u00f2 di Comelico, sono il primo step di un progetto molto pi\u00f9 ampio di ammodernamento dell\u2019impianto e che porter\u00e0, in autunno, ad un nuovo cantiere per la sostituzione del reattore biologico, comparto che garantisce la rimozione delle sostanze inquinanti biodegradabili presenti nell\u2019acqua proveniente dal pretrattamento.<\/p>\n\n\t\t\t<style type='text\/css'>\n\t\t\t\t#gallery-4 {\n\t\t\t\t\tmargin: auto;\n\t\t\t\t}\n\t\t\t\t#gallery-4 .gallery-item {\n\t\t\t\t\tfloat: left;\n\t\t\t\t\tmargin-top: 10px;\n\t\t\t\t\ttext-align: center;\n\t\t\t\t\twidth: 33%;\n\t\t\t\t}\n\t\t\t\t#gallery-4 img {\n\t\t\t\t\tborder: 2px solid #cfcfcf;\n\t\t\t\t}\n\t\t\t\t#gallery-4 .gallery-caption {\n\t\t\t\t\tmargin-left: 0;\n\t\t\t\t}\n\t\t\t\t\/* see gallery_shortcode() in wp-includes\/media.php *\/\n\t\t\t<\/style>\n\t\t<div id='gallery-4' class='dt-gallery-container gallery galleryid-344822 gallery-columns-3 gallery-size-thumbnail'><dl class='gallery-item'>\n\t\t\t\t<dt class='gallery-icon landscape'>\n\t\t\t\t\t<a class=\"rollover rollover-zoom dt-pswp-item\" title=\"1_la struttura dove verra\u0300 installata la nuova griglia a filtro coclea\" data-dt-img-description=\"\" data-large_image_width=\"896\" data-large_image_height=\"709\"href='https:\/\/www.radiopiu.net\/wordpress\/wp-content\/uploads\/2023\/07\/1_la-struttura-dove-verra-installata-la-nuova-griglia-a-filtro-coclea.jpg'><img loading=\"lazy\" decoding=\"async\" width=\"150\" height=\"150\" src=\"https:\/\/www.radiopiu.net\/wordpress\/wp-content\/uploads\/2023\/07\/1_la-struttura-dove-verra-installata-la-nuova-griglia-a-filtro-coclea-150x150.jpg\" class=\"attachment-thumbnail size-thumbnail\" alt=\"\" \/><\/a>\n\t\t\t\t<\/dt><\/dl><dl class='gallery-item'>\n\t\t\t\t<dt class='gallery-icon landscape'>\n\t\t\t\t\t<a class=\"rollover rollover-zoom dt-pswp-item\" title=\"2_la struttura dove verra\u0300 installata la nuova griglia a filtro coclea\" data-dt-img-description=\"\" data-large_image_width=\"945\" data-large_image_height=\"709\"href='https:\/\/www.radiopiu.net\/wordpress\/wp-content\/uploads\/2023\/07\/2_la-struttura-dove-verra-installata-la-nuova-griglia-a-filtro-coclea.jpg'><img loading=\"lazy\" decoding=\"async\" width=\"150\" height=\"150\" src=\"https:\/\/www.radiopiu.net\/wordpress\/wp-content\/uploads\/2023\/07\/2_la-struttura-dove-verra-installata-la-nuova-griglia-a-filtro-coclea-150x150.jpg\" class=\"attachment-thumbnail size-thumbnail\" alt=\"\" \/><\/a>\n\t\t\t\t<\/dt><\/dl><dl class='gallery-item'>\n\t\t\t\t<dt class='gallery-icon landscape'>\n\t\t\t\t\t<a class=\"rollover rollover-zoom dt-pswp-item\" title=\"3_la struttura dove verra\u0300 installata la nuova griglia a filtro coclea\" data-dt-img-description=\"\" data-large_image_width=\"936\" data-large_image_height=\"618\"href='https:\/\/www.radiopiu.net\/wordpress\/wp-content\/uploads\/2023\/07\/3_la-struttura-dove-verra-installata-la-nuova-griglia-a-filtro-coclea.jpg'><img loading=\"lazy\" decoding=\"async\" width=\"150\" height=\"150\" src=\"https:\/\/www.radiopiu.net\/wordpress\/wp-content\/uploads\/2023\/07\/3_la-struttura-dove-verra-installata-la-nuova-griglia-a-filtro-coclea-150x150.jpg\" class=\"attachment-thumbnail size-thumbnail\" alt=\"\" \/><\/a>\n\t\t\t\t<\/dt><\/dl><br style=\"clear: both\" \/>\n\t\t\t<\/div>\n\n<p>&nbsp;<\/p>\n<hr \/>\n<p>&nbsp;<\/p>\n<blockquote>\n<h3>IL PALIO DI FELTRE \u201cINVADE\u201d I SITI MUSEALI E STORICI DELLA CITTA&#8217;<\/h3>\n<\/blockquote>\n<p><strong><a class=\"dt-pswp-item\" href=\"https:\/\/www.radiopiu.net\/wordpress\/wp-content\/uploads\/2023\/07\/Feltre-Piazza-Maggiore.jpg\" data-dt-img-description=\"\" data-large_image_width=\"1595\" data-large_image_height=\"1054\"><img loading=\"lazy\" decoding=\"async\" class=\" wp-image-344857 alignleft\" src=\"https:\/\/www.radiopiu.net\/wordpress\/wp-content\/uploads\/2023\/07\/Feltre-Piazza-Maggiore-300x198.jpg\" alt=\"\" width=\"152\" height=\"100\" srcset=\"https:\/\/www.radiopiu.net\/wordpress\/wp-content\/uploads\/2023\/07\/Feltre-Piazza-Maggiore-300x198.jpg 300w, https:\/\/www.radiopiu.net\/wordpress\/wp-content\/uploads\/2023\/07\/Feltre-Piazza-Maggiore-1024x677.jpg 1024w, https:\/\/www.radiopiu.net\/wordpress\/wp-content\/uploads\/2023\/07\/Feltre-Piazza-Maggiore-768x508.jpg 768w, https:\/\/www.radiopiu.net\/wordpress\/wp-content\/uploads\/2023\/07\/Feltre-Piazza-Maggiore-1536x1015.jpg 1536w, https:\/\/www.radiopiu.net\/wordpress\/wp-content\/uploads\/2023\/07\/Feltre-Piazza-Maggiore.jpg 1595w\" sizes=\"auto, (max-width: 152px) 100vw, 152px\" \/><\/a>FELTRE <\/strong>Il Palio di Feltre, e non potrebbe essere altrimenti, \u201ccontamina\u201d l\u2019attivit\u00e0 dei siti museali, storici e turistici della citt\u00e0 in concomitanza con il weekend in cui si disputer\u00e0 la 44esima edizione della contesa per il drappo. Si inizia sabato 5 agosto con due appuntamenti. Alle 10.30 le Torri del Castello saranno il teatro de \u201cLa chiave incantata\u201d; in una mattinata di gioco e scoperta i giovani partecipanti ascolteranno dapprima fiabe e racconti nelle suggestive sale delle Torri e poi costruiranno il castello frutto della propria fantasia con pop-up e cartoncino. Nel pomeriggio, alle 17, appuntamento poi alla Galleria \u201cRizzarda\u201d, dove avr\u00e0 luogo una speciale visita guidata alla scoperta del ruolo degli animali nell\u2019arte, partendo proprio dal \u201cbestiario\u201d di Carlo Rizzarda, che popola le sale del palazzo di via Paradiso. Il Museo Civico Archeologico sar\u00e0 infine la location dell\u2019attivit\u00e0 proposta per domenica 6 agosto alle 10.30. Qui verr\u00e0 proposto un laboratorio interattivo dal titolo \u201cChe stoffa!\u201d, in cui i bambini, alla scoperta dei tessuti, potranno toccare con mano gli abiti antichi.<\/p>\n<p>&nbsp;<\/p>\n<p>&nbsp;<\/p>\n<hr \/>\n<p>&nbsp;<\/p>\n<blockquote>\n<h3>APPROVATO \u201cRESTART 2\u201d LA NUOVA INIZIATIVA COFINANZIATA DAL VENETO PER FAVORIRE IL REINSERIMENTO SOCIALE DELLE PERSONE IN ESECUZIONE PENALE<\/h3>\n<\/blockquote>\n<p><strong><a class=\"dt-pswp-item\" href=\"https:\/\/www.radiopiu.net\/wordpress\/wp-content\/uploads\/2021\/03\/ELENA-DONAZZAN.png\" data-dt-img-description=\"\" data-large_image_width=\"1266\" data-large_image_height=\"1146\"><img loading=\"lazy\" decoding=\"async\" class=\" wp-image-195881 alignleft\" src=\"https:\/\/www.radiopiu.net\/wordpress\/wp-content\/uploads\/2021\/03\/ELENA-DONAZZAN-300x272.png\" alt=\"\" width=\"131\" height=\"119\" srcset=\"https:\/\/www.radiopiu.net\/wordpress\/wp-content\/uploads\/2021\/03\/ELENA-DONAZZAN-300x272.png 300w, https:\/\/www.radiopiu.net\/wordpress\/wp-content\/uploads\/2021\/03\/ELENA-DONAZZAN-1024x927.png 1024w, https:\/\/www.radiopiu.net\/wordpress\/wp-content\/uploads\/2021\/03\/ELENA-DONAZZAN-768x695.png 768w, https:\/\/www.radiopiu.net\/wordpress\/wp-content\/uploads\/2021\/03\/ELENA-DONAZZAN.png 1266w\" sizes=\"auto, (max-width: 131px) 100vw, 131px\" \/><\/a>VENEZIA <\/strong>La Giunta Regionale, su proposta dell\u2019assessore al Lavoro, Elena Donazzan, ha approvato l\u2019avviso pubblico e la direttiva &#8220;ReStart 2 &#8211; Interventi per l&#8217;occupabilit\u00e0 e l&#8217;inclusione sociale attiva di persone in esecuzione penale&#8221;. I progetti sono cofinanziati dalla Cassa delle Ammende e dalla Regione del Veneto. La Direttiva rientra nelle \u201cMisure per l&#8217;Occupabilit\u00e0\u201d del Programma Regionale Triennale di interventi cofinanziati dalla Cassa delle ammende in favore delle persone in esecuzione penale, con uno stanziamento, per questo primo bando, di 600 mila euro. Ulteriori informazioni sono disponibili sul sito della Regione del Veneto.<\/p>\n<p>&nbsp;<\/p>\n<p>&nbsp;<\/p>\n<hr \/>\n<p>&nbsp;<\/p>\n<blockquote>\n<h3>NOVITA&#8217; E CONFERME A FAVORE DI PERSONE CON DISABILIT\u00c0 INTELLETTIVA E\/O RELAZIONALE<\/h3>\n<\/blockquote>\n<p><strong><a class=\"dt-pswp-item\" href=\"https:\/\/www.radiopiu.net\/wordpress\/wp-content\/uploads\/2023\/07\/Direttivo-Anffas-Belluno.jpg\" data-dt-img-description=\"\" data-large_image_width=\"2048\" data-large_image_height=\"1535\"><img loading=\"lazy\" decoding=\"async\" class=\" wp-image-344869 alignleft\" src=\"https:\/\/www.radiopiu.net\/wordpress\/wp-content\/uploads\/2023\/07\/Direttivo-Anffas-Belluno-300x225.jpg\" alt=\"\" width=\"183\" height=\"137\" srcset=\"https:\/\/www.radiopiu.net\/wordpress\/wp-content\/uploads\/2023\/07\/Direttivo-Anffas-Belluno-300x225.jpg 300w, https:\/\/www.radiopiu.net\/wordpress\/wp-content\/uploads\/2023\/07\/Direttivo-Anffas-Belluno-1024x768.jpg 1024w, https:\/\/www.radiopiu.net\/wordpress\/wp-content\/uploads\/2023\/07\/Direttivo-Anffas-Belluno-768x576.jpg 768w, https:\/\/www.radiopiu.net\/wordpress\/wp-content\/uploads\/2023\/07\/Direttivo-Anffas-Belluno-1536x1151.jpg 1536w, https:\/\/www.radiopiu.net\/wordpress\/wp-content\/uploads\/2023\/07\/Direttivo-Anffas-Belluno.jpg 2048w\" sizes=\"auto, (max-width: 183px) 100vw, 183px\" \/><\/a>BELLUNO <\/strong>Autonomie possibili per persone svantaggiate grazie ad Anffas Belluno Aps. Non solo: importanti novit\u00e0 sul fronte dell\u2019inclusivit\u00e0 segnano l\u2019estate dell&#8217;associazione dei familiari di persone con disabilit\u00e0 intellettiva e\/o relazionale attiva in provincia di Belluno dal 1969. Importante \u00e8 la ripartenza del progetto di semi-residenzialit\u00e0 \u201cProve di volo\u201d, prossimo al via: esso, sin dal 2007, offre la possibilit\u00e0 per le persone con disabilit\u00e0 intellettiva e\/o relazionale di occupare alcuni fine settimana in attivit\u00e0 ludiche, creative, culinarie e di interazione sociale per una prospettiva di autonomia nella vita quotidiana; si svolge nel quartiere di Cavarzano in un appartamento di propriet\u00e0 del Comune di Belluno. Inoltre, ha gi\u00e0 riaperto i battenti la \u201cCasa per ferie\u201d di Listolade, di propriet\u00e0 del Comune di Taibon Agordino, ristrutturata e resa agibile dagli Alpini di Agordo, Rivamonte e Taibon, e messa a disposizione dell\u2019Anffas a favore delle persone con disabilit\u00e0 e dei loro familiari. Dopo alcuni anni di stop forzato a causa dell\u2019emergenza pandemica, lo scorso 25 giugno una famiglia di San Don\u00e0 di Piave ha \u201crotto il ghiaccio\u201d mettendo piede nella struttura. L\u2019assegnazione alle famiglie viene fatta in base alle richieste pervenute dalle sezioni Anffas del Veneto, che segnalano i casi pi\u00f9 bisognosi. Sul fronte delle novit\u00e0, da qualche tempo Anffas Belluno Aps \u00e8 stata abilitata dall&#8217;Inps al rilascio della Carta europea per la disabilit\u00e0, documento che permette alle persone con disabilit\u00e0 di accedere a beni e servizi, pubblici o privati, gratuitamente o a tariffe agevolate (per info www.anffasbelluno.com, 0437 25775, anffasbl@virgilio.it).<\/p>\n<p>&nbsp;<\/p>\n<hr \/>\n<p>&nbsp;<\/p>\n<blockquote>\n<h3>Avviata collaborazione tra Museo Fulcis e Universit\u00e0 Lumi\u00e8re di Lione.<\/h3>\n<\/blockquote>\n<p><strong><a class=\"dt-pswp-item\" href=\"https:\/\/www.radiopiu.net\/wordpress\/wp-content\/uploads\/2023\/07\/Foto-notizia-stage-Universita-Lione.jpeg\" data-dt-img-description=\"\" data-large_image_width=\"1600\" data-large_image_height=\"1200\"><img loading=\"lazy\" decoding=\"async\" class=\" wp-image-344904 alignleft\" src=\"https:\/\/www.radiopiu.net\/wordpress\/wp-content\/uploads\/2023\/07\/Foto-notizia-stage-Universita-Lione-300x225.jpeg\" alt=\"\" width=\"255\" height=\"191\" srcset=\"https:\/\/www.radiopiu.net\/wordpress\/wp-content\/uploads\/2023\/07\/Foto-notizia-stage-Universita-Lione-300x225.jpeg 300w, https:\/\/www.radiopiu.net\/wordpress\/wp-content\/uploads\/2023\/07\/Foto-notizia-stage-Universita-Lione-1024x768.jpeg 1024w, https:\/\/www.radiopiu.net\/wordpress\/wp-content\/uploads\/2023\/07\/Foto-notizia-stage-Universita-Lione-768x576.jpeg 768w, https:\/\/www.radiopiu.net\/wordpress\/wp-content\/uploads\/2023\/07\/Foto-notizia-stage-Universita-Lione-1536x1152.jpeg 1536w, https:\/\/www.radiopiu.net\/wordpress\/wp-content\/uploads\/2023\/07\/Foto-notizia-stage-Universita-Lione.jpeg 1600w\" sizes=\"auto, (max-width: 255px) 100vw, 255px\" \/><\/a>BELLUNO <\/strong>Avviata collaborazione tra il Fulcis e l\u2019Universit\u00e0 Lumi\u00e8re di Lione, Francia: da qualche giorno ha iniziato il proprio tirocinio al Museo civico di Belluno una studentessa di Storia dell\u2019Arte. Il tirocinio avr\u00e0 una durata di 80 ore e si svolger\u00e0 nel periodo compreso tra il 17 luglio e il 31 agosto. \u201cE\u2019 l\u2019inizio di un legame importante, che intendiamo coltivare e potenziare, tra il nostro museo civico e un\u2019universit\u00e0 estera \u2013 commenta l\u2019assessore alla cultura, Raffaele Addamiano -, nella convinzione che sviluppare e diffondere cultura significhi anche intessere collaborazioni tra enti. Lione \u00e8 un centro grande, di risonanza internazionale, sono certo ne nasceranno occasioni di arricchimento e di reciproca pubblicit\u00e0. Un ringraziamento al conservatore dei musei civici di Belluno, Carlo Cavalli, che si \u00e8 reso disponibile a ricoprire il ruolo di tutor\u201d.<\/p>\n<p>&nbsp;<\/p>\n<hr \/>\n<p>&nbsp;<\/p>\n<blockquote>\n<h3>LE DIRETTE DI RADIOPIU, DA FALCADE<\/h3>\n<\/blockquote>\n<p>https:\/\/www.facebook.com\/marco.baghy.1\/videos\/297039579457231<\/p>\n<p>&nbsp;<\/p>\n<p>&nbsp;<\/p>\n<hr \/>\n<p>&nbsp;<\/p>\n<blockquote>\n<h3>LUNEDI A CANALE D&#8217;AGORDO IL BILANCIO<\/h3>\n<\/blockquote>\n<p><strong>CANALE D&#8217;AGORDO<\/strong> Lunedi alle 20 in sala Zando&#8217; si riunisce il consiglio comunale. All&#8217;ordine del giorno il bilancio di previsione e l&#8217;autorizzazione alla costituzione di garanzia<\/p>\n<p>&nbsp;<\/p>\n<blockquote>\n<h3>MARTEDI IL RICONOSCIMENTO DEI DEBITI FUORI BILANCIO<\/h3>\n<\/blockquote>\n<p><strong>ROCCA PIETORE<\/strong> Martedi alle 18.30 consiglio comunale, all&#8217;ordine del giorno il programma triennale delle opere pubbliche, variazioni al bilancio, riconoscimento debiti fuori bilancio, assestamento di bilancio, approvazione schema di concessione d&#8217;uso a titolo gratuito degli immobili destinati ad ecocentro all&#8217;unione montana;\u00a0 approvazione progetto ampliamento ecentro Le Pale. Approvazione bilancio Asca.<\/p>\n<p>&nbsp;<\/p>\n<hr \/>\n<p>&nbsp;<\/p>\n<blockquote>\n<h3>DOMENICA DI EVENTI A LIVINALLONGO, DALLA VERTICAL AL CONCERTO<\/h3>\n<\/blockquote>\n\n\t\t\t<style type='text\/css'>\n\t\t\t\t#gallery-5 {\n\t\t\t\t\tmargin: auto;\n\t\t\t\t}\n\t\t\t\t#gallery-5 .gallery-item {\n\t\t\t\t\tfloat: left;\n\t\t\t\t\tmargin-top: 10px;\n\t\t\t\t\ttext-align: center;\n\t\t\t\t\twidth: 50%;\n\t\t\t\t}\n\t\t\t\t#gallery-5 img {\n\t\t\t\t\tborder: 2px solid #cfcfcf;\n\t\t\t\t}\n\t\t\t\t#gallery-5 .gallery-caption {\n\t\t\t\t\tmargin-left: 0;\n\t\t\t\t}\n\t\t\t\t\/* see gallery_shortcode() in wp-includes\/media.php *\/\n\t\t\t<\/style>\n\t\t<div id='gallery-5' class='dt-gallery-container gallery galleryid-344822 gallery-columns-2 gallery-size-medium'><dl class='gallery-item'>\n\t\t\t\t<dt class='gallery-icon portrait'>\n\t\t\t\t\t<a class=\"rollover rollover-zoom dt-pswp-item\" title=\"358361591_6876636995722548_1205086625824668765_n\" data-dt-img-description=\"\" data-large_image_width=\"526\" data-large_image_height=\"774\"href='https:\/\/www.radiopiu.net\/wordpress\/wp-content\/uploads\/2023\/07\/358361591_6876636995722548_1205086625824668765_n.jpg'><img loading=\"lazy\" decoding=\"async\" width=\"204\" height=\"300\" src=\"https:\/\/www.radiopiu.net\/wordpress\/wp-content\/uploads\/2023\/07\/358361591_6876636995722548_1205086625824668765_n-204x300.jpg\" class=\"attachment-medium size-medium\" alt=\"\" srcset=\"https:\/\/www.radiopiu.net\/wordpress\/wp-content\/uploads\/2023\/07\/358361591_6876636995722548_1205086625824668765_n-204x300.jpg 204w, https:\/\/www.radiopiu.net\/wordpress\/wp-content\/uploads\/2023\/07\/358361591_6876636995722548_1205086625824668765_n.jpg 526w\" sizes=\"auto, (max-width: 204px) 100vw, 204px\" \/><\/a>\n\t\t\t\t<\/dt><\/dl><dl class='gallery-item'>\n\t\t\t\t<dt class='gallery-icon landscape'>\n\t\t\t\t\t<a class=\"rollover rollover-zoom dt-pswp-item\" title=\"349707048_6920586647994249_4457055423776803945_n\" data-dt-img-description=\"\" data-large_image_width=\"526\" data-large_image_height=\"517\"href='https:\/\/www.radiopiu.net\/wordpress\/wp-content\/uploads\/2023\/07\/349707048_6920586647994249_4457055423776803945_n.jpg'><img loading=\"lazy\" decoding=\"async\" width=\"300\" height=\"295\" src=\"https:\/\/www.radiopiu.net\/wordpress\/wp-content\/uploads\/2023\/07\/349707048_6920586647994249_4457055423776803945_n-300x295.jpg\" class=\"attachment-medium size-medium\" alt=\"\" srcset=\"https:\/\/www.radiopiu.net\/wordpress\/wp-content\/uploads\/2023\/07\/349707048_6920586647994249_4457055423776803945_n-300x295.jpg 300w, https:\/\/www.radiopiu.net\/wordpress\/wp-content\/uploads\/2023\/07\/349707048_6920586647994249_4457055423776803945_n.jpg 526w\" sizes=\"auto, (max-width: 300px) 100vw, 300px\" \/><\/a>\n\t\t\t\t<\/dt><\/dl><br style=\"clear: both\" \/>\n\t\t\t<\/div>\n\n<p>&nbsp;<\/p>\n<p>&nbsp;<\/p>\n<hr \/>\n<p>&nbsp;<\/p>\n<h2><span style=\"color: #ff0000;\">IERI ALLA RADIO<\/span><\/h2>\n<h2><a class=\"dt-pswp-item\" href=\"https:\/\/www.radiopiu.net\/wordpress\/wp-content\/uploads\/2023\/07\/CAF-CISL.png\" data-dt-img-description=\"\" data-large_image_width=\"1200\" data-large_image_height=\"630\"><img loading=\"lazy\" decoding=\"async\" class=\" wp-image-344831 alignleft\" src=\"https:\/\/www.radiopiu.net\/wordpress\/wp-content\/uploads\/2023\/07\/CAF-CISL-300x158.png\" alt=\"\" width=\"165\" height=\"87\" srcset=\"https:\/\/www.radiopiu.net\/wordpress\/wp-content\/uploads\/2023\/07\/CAF-CISL-300x158.png 300w, https:\/\/www.radiopiu.net\/wordpress\/wp-content\/uploads\/2023\/07\/CAF-CISL-1024x538.png 1024w, https:\/\/www.radiopiu.net\/wordpress\/wp-content\/uploads\/2023\/07\/CAF-CISL-768x403.png 768w, https:\/\/www.radiopiu.net\/wordpress\/wp-content\/uploads\/2023\/07\/CAF-CISL.png 1200w\" sizes=\"auto, (max-width: 165px) 100vw, 165px\" \/><\/a><span style=\"color: #339966;\">CISL E FEMCA CISL LA VOCE PER I LAVORATORI<\/span><\/h2>\n<p>19 LUGLIO 2023<\/p>\n<p><strong>PUNTATA 29, ANTONIO MIOTTO<\/strong><\/p>\n<audio class=\"wp-audio-shortcode\" id=\"audio-344822-6\" preload=\"none\" style=\"width: 100%;\" controls=\"controls\"><source type=\"audio\/mpeg\" src=\"https:\/\/www.radiopiu.net\/wordpress\/wp-content\/uploads\/2023\/07\/FEMCA-CISL-2.mp3?_=6\" \/><a href=\"https:\/\/www.radiopiu.net\/wordpress\/wp-content\/uploads\/2023\/07\/FEMCA-CISL-2.mp3\">https:\/\/www.radiopiu.net\/wordpress\/wp-content\/uploads\/2023\/07\/FEMCA-CISL-2.mp3<\/a><\/audio>\n<p>&nbsp;<\/p>\n<p><strong>LA RACCOLTA COMPLETA<\/strong><\/p>\n<blockquote class=\"wp-embedded-content\" data-secret=\"07bCYC5rMH\"><p><a href=\"https:\/\/www.radiopiu.net\/wordpress\/cisl-e-femca-cisl-la-vocef\/\">CISL E FEMCA CISL  LA VOCE PER I LAVORATORI<\/a><\/p><\/blockquote>\n<p><iframe loading=\"lazy\" class=\"wp-embedded-content\" sandbox=\"allow-scripts\" security=\"restricted\" style=\"position: absolute; clip: rect(1px, 1px, 1px, 1px);\" title=\"&#8220;CISL E FEMCA CISL  LA VOCE PER I LAVORATORI&#8221; &#8212; Radio Pi\u00f9\" src=\"https:\/\/www.radiopiu.net\/wordpress\/cisl-e-femca-cisl-la-vocef\/embed\/#?secret=oAdPeffxOn#?secret=07bCYC5rMH\" data-secret=\"07bCYC5rMH\" width=\"600\" height=\"338\" frameborder=\"0\" marginwidth=\"0\" marginheight=\"0\" scrolling=\"no\"><\/iframe><\/p>\n<p>&nbsp;<\/p>\n<hr \/>\n<p>&nbsp;<\/p>\n<p>&nbsp;<\/p>\n<p><strong>A BELLUNO IL 20-21 LUGLIO IL CONVEGNO PROMOSSO DA DIECI UNIVERSITA\u2019 ITALIANE, SPAGNOLE E DELLA SVIZZERA SU STORIA, DIRITTO E POLITICA NEI RAPPORTI ITALIA-SPAGNA<\/strong><\/p>\n<p><a class=\"dt-pswp-item\" href=\"https:\/\/www.radiopiu.net\/wordpress\/wp-content\/uploads\/2023\/07\/th-8.jpg\" data-dt-img-description=\"\" data-large_image_width=\"180\" data-large_image_height=\"180\"><img loading=\"lazy\" decoding=\"async\" class=\"size-full wp-image-344951 alignleft\" src=\"https:\/\/www.radiopiu.net\/wordpress\/wp-content\/uploads\/2023\/07\/th-8.jpg\" alt=\"\" width=\"180\" height=\"180\" srcset=\"https:\/\/www.radiopiu.net\/wordpress\/wp-content\/uploads\/2023\/07\/th-8.jpg 180w, https:\/\/www.radiopiu.net\/wordpress\/wp-content\/uploads\/2023\/07\/th-8-150x150.jpg 150w\" sizes=\"auto, (max-width: 180px) 100vw, 180px\" \/><\/a>Si apre gioved\u00ec 20 luglio alle ore 15 nell\u2019aula magna del Seminario gregoriano di Belluno il convegno sul tema \u201cItalia-Spagna: dialoghi comparati e multidisciplinari tra passato e presente\u201d patrocinato da cinque atenei italiani (Padova, Siena, Insubria, Vanvitelli e Unimarconi) e da quattro universit\u00e0 spagnole (Girona, Complutense di Madrid, Autonoma di Barcellona e delle Isole Baleari) e dalla Webster University di Ginevra. Diciotto le relazioni del convegno ideato dal comitato composto da Michelangelo De Don\u00e0 (Unimarconi, Alessandro Cupri della Bicocca di Milano, Alessandro Lalli del Ciels di Padova, Alberto e Claudio Mattia Serafin, rispettivamente Federico II di Napoli e Luiss di Roma. L&#8217;iniziativa \u00e8 patrocinata anche da altre prestigiose istituzioni come l&#8217;Istituto Cervantes e la Scuola Spagnola di Storia e Archeologia di Roma. Michelangelo De Don\u00e0 dell\u2019Unimarconi\u00a0 (foto) ricorda che \u201ccon questo convegno si torna finalmente in presenza e si parte con una forma itinerante che nelle prossime edizioni toccher\u00e0 anche citt\u00e0 italiane e straniere. \u00a0Il convegno proseguir\u00e0 anche nella giornata di venerd\u00ec 21 luglio dalle 9 alle 13 e dalle 15 alle 18.<\/p>\n<p>&nbsp;<\/p>\n<hr \/>\n<p>&nbsp;<\/p>\n<blockquote>\n<h2>DA DOMANI VIA ALLA SAGRA DEI PER<\/h2>\n<\/blockquote>\n<p><strong><span style=\"color: #ff0000;\">DIRETTA RADIO CON ALESSIO PICCOLI, LORENZO DE BARBA, SAMUELE CAPRARO<\/span><\/strong><\/p>\n<p><iframe loading=\"lazy\" title=\"SAGRA DEI PER 2023\" width=\"1200\" height=\"675\" src=\"https:\/\/www.youtube.com\/embed\/cf6JZ-pW24E?feature=oembed\" frameborder=\"0\" allow=\"accelerometer; autoplay; clipboard-write; encrypted-media; gyroscope; picture-in-picture; web-share\" allowfullscreen><\/iframe><\/p>\n<hr \/>\n<h2><strong><a class=\"dt-pswp-item\" href=\"https:\/\/www.radiopiu.net\/wordpress\/wp-content\/uploads\/2020\/05\/DOLOMITI-BEER.png\" data-dt-img-description=\"\" data-large_image_width=\"812\" data-large_image_height=\"450\"><img loading=\"lazy\" decoding=\"async\" class=\" wp-image-139660 alignleft\" src=\"https:\/\/www.radiopiu.net\/wordpress\/wp-content\/uploads\/2020\/05\/DOLOMITI-BEER-300x166.png\" alt=\"\" width=\"154\" height=\"85\" srcset=\"https:\/\/www.radiopiu.net\/wordpress\/wp-content\/uploads\/2020\/05\/DOLOMITI-BEER-300x166.png 300w, https:\/\/www.radiopiu.net\/wordpress\/wp-content\/uploads\/2020\/05\/DOLOMITI-BEER-768x426.png 768w, https:\/\/www.radiopiu.net\/wordpress\/wp-content\/uploads\/2020\/05\/DOLOMITI-BEER.png 812w\" sizes=\"auto, (max-width: 154px) 100vw, 154px\" \/><\/a><span style=\"color: #800080;\">DOLOMITI BEER &amp; WINE SHOP DA NAPI, UN POSTO UNICO<\/span><\/strong><\/h2>\n<p><strong>CON GIALUCA ROSSI DI DOLOMITI BEER &amp; WINE SHOP<\/strong><\/p>\n<audio class=\"wp-audio-shortcode\" id=\"audio-344822-7\" preload=\"none\" style=\"width: 100%;\" controls=\"controls\"><source type=\"audio\/mpeg\" src=\"https:\/\/www.radiopiu.net\/wordpress\/wp-content\/uploads\/2023\/07\/gianluca3.mp3?_=7\" \/><a href=\"https:\/\/www.radiopiu.net\/wordpress\/wp-content\/uploads\/2023\/07\/gianluca3.mp3\">https:\/\/www.radiopiu.net\/wordpress\/wp-content\/uploads\/2023\/07\/gianluca3.mp3<\/a><\/audio>\n<p>&nbsp;<\/p>\n<p>&nbsp;<\/p>\n<h2><strong><a class=\"dt-pswp-item\" href=\"https:\/\/www.radiopiu.net\/wordpress\/wp-content\/uploads\/2023\/07\/\u00a9EchidiAlessandroSogne-FOTO-GRUPPO-MASCHERAI-ALPINI-CANALE-25-LUGLIO.jpg\" data-dt-img-description=\"\" data-large_image_width=\"2000\" data-large_image_height=\"1333\"><img loading=\"lazy\" decoding=\"async\" class=\" wp-image-344836 alignleft\" src=\"https:\/\/www.radiopiu.net\/wordpress\/wp-content\/uploads\/2023\/07\/\u00a9EchidiAlessandroSogne-FOTO-GRUPPO-MASCHERAI-ALPINI-CANALE-25-LUGLIO-300x200.jpg\" alt=\"\" width=\"201\" height=\"134\" srcset=\"https:\/\/www.radiopiu.net\/wordpress\/wp-content\/uploads\/2023\/07\/\u00a9EchidiAlessandroSogne-FOTO-GRUPPO-MASCHERAI-ALPINI-CANALE-25-LUGLIO-300x200.jpg 300w, https:\/\/www.radiopiu.net\/wordpress\/wp-content\/uploads\/2023\/07\/\u00a9EchidiAlessandroSogne-FOTO-GRUPPO-MASCHERAI-ALPINI-CANALE-25-LUGLIO-1024x682.jpg 1024w, https:\/\/www.radiopiu.net\/wordpress\/wp-content\/uploads\/2023\/07\/\u00a9EchidiAlessandroSogne-FOTO-GRUPPO-MASCHERAI-ALPINI-CANALE-25-LUGLIO-768x512.jpg 768w, https:\/\/www.radiopiu.net\/wordpress\/wp-content\/uploads\/2023\/07\/\u00a9EchidiAlessandroSogne-FOTO-GRUPPO-MASCHERAI-ALPINI-CANALE-25-LUGLIO-1536x1024.jpg 1536w, https:\/\/www.radiopiu.net\/wordpress\/wp-content\/uploads\/2023\/07\/\u00a9EchidiAlessandroSogne-FOTO-GRUPPO-MASCHERAI-ALPINI-CANALE-25-LUGLIO.jpg 2000w\" sizes=\"auto, (max-width: 201px) 100vw, 201px\" \/><\/a><span style=\"color: #993300;\">SIMONE ONGARO E IL SECONDO SIMPOSIO DI SCULTURA DI MASCHERE SU LEGNO<\/span><\/strong><\/h2>\n<p><strong>di Mirko Mezzacasa<\/strong><\/p>\n<p>OSPITE: Simone Ongaro<\/p>\n<audio class=\"wp-audio-shortcode\" id=\"audio-344822-8\" preload=\"none\" style=\"width: 100%;\" controls=\"controls\"><source type=\"audio\/mpeg\" src=\"https:\/\/www.radiopiu.net\/wordpress\/wp-content\/uploads\/2023\/07\/SIMONE-ONGARO.mp3?_=8\" \/><a href=\"https:\/\/www.radiopiu.net\/wordpress\/wp-content\/uploads\/2023\/07\/SIMONE-ONGARO.mp3\">https:\/\/www.radiopiu.net\/wordpress\/wp-content\/uploads\/2023\/07\/SIMONE-ONGARO.mp3<\/a><\/audio>\n<p>&nbsp;<\/p>\n<hr \/>\n<p>&nbsp;<\/p>\n<blockquote>\n<h3>EVVIVA! E&#8217; TORNATA LA BANDA PATUF! DA VENERDI A TAIBON<\/h3>\n<\/blockquote>\n<p><strong>REDAZIONE\u00a0<\/strong> Lo racconta bene Vasco Rossi l&#8217;importanza del &#8220;vivere una favola&#8221;, come quella che ti fa vivere il circo Patuf, atteso nell&#8217;Agordino, estate dopo esate. Quest&#8217;anno fa tappa a Taibon, in riva al Tegnas, da venerdi al 30 luglio, nei giorni infrasettimanali lo spettacolo inizia alle 20.30, la domenica alle 18.<\/p>\n<p>Stamane, Lidia&#8230;\u00e8\u00a0 venuta a salutarci in radio e noi&#8230;a breve, andremo a trovare lei e tutti i suoi amici ed amiche a Taibon&#8230;<\/p>\n<p><a href=\"https:\/\/www.facebook.com\/profile.php?id=100063692523422&amp;sk=about\">CLICCA QUI FACEBOOK<\/a><\/p>\n<p><iframe loading=\"lazy\" title=\"YouCut 20230719 122524272\" width=\"1200\" height=\"675\" src=\"https:\/\/www.youtube.com\/embed\/hl4YfcrwLo0?feature=oembed\" frameborder=\"0\" allow=\"accelerometer; autoplay; clipboard-write; encrypted-media; gyroscope; picture-in-picture; web-share\" allowfullscreen><\/iframe><\/p>\n<p>&nbsp;<\/p>\n<p>&nbsp;<\/p>\n<hr \/>\n<p>&nbsp;<\/p>\n<blockquote>\n<h3>CONCERTI IN ALTA QUOTA CON &#8220;MELODIE NEL BOSCO, SUSSURRI TRA LE DOLOMITI&#8221;<\/h3>\n<\/blockquote>\n<p><strong><a class=\"dt-pswp-item\" href=\"https:\/\/www.radiopiu.net\/wordpress\/wp-content\/uploads\/2018\/07\/Pota-l_Orso_Bosco-degli-Artisti.png\" data-dt-img-description=\"\" data-large_image_width=\"750\" data-large_image_height=\"534\"><img loading=\"lazy\" decoding=\"async\" class=\" wp-image-55065 alignleft\" src=\"https:\/\/www.radiopiu.net\/wordpress\/wp-content\/uploads\/2018\/07\/Pota-l_Orso_Bosco-degli-Artisti-300x214.png\" alt=\"\" width=\"199\" height=\"142\" srcset=\"https:\/\/www.radiopiu.net\/wordpress\/wp-content\/uploads\/2018\/07\/Pota-l_Orso_Bosco-degli-Artisti-300x214.png 300w, https:\/\/www.radiopiu.net\/wordpress\/wp-content\/uploads\/2018\/07\/Pota-l_Orso_Bosco-degli-Artisti.png 750w\" sizes=\"auto, (max-width: 199px) 100vw, 199px\" \/><\/a>FALCADE<\/strong>\u00a0 &#8220;Melodie nel Bosco, sussurri tra le Dolomiti&#8221;. Si chiama cos\u00ec il festival che porter\u00e0 quattro concerti a 2.000 metri di altitudine per far incontrare musica e natura al cospetto di vette come Mulaz e Focobon.\u00a0 A fare da teatro sar\u00e0 il Bosco degli Artisti di Falcade, galleria d\u2019arte a cielo aperto che sorge in localit\u00e0 Le Buse, nella Ski Area San Pellegrino. Concerti in programma alle 10:30. Sabato 29 luglio si esibir\u00e0 il Coro Val Biois con intermezzo di Nina &amp; Nena duo. Sabato 12 agosto spazio a Fourback con un tributo ai Beatles. Sabato 26 agosto toccher\u00e0 a Emanuele Bastanzetti, da Bach a Kreisler &#8211; sinfonie di violino.<\/p>\n<p>&nbsp;<\/p>\n<p>&nbsp;<\/p>\n<hr \/>\n<p>&nbsp;<\/p>\n<blockquote>\n<h3>SAN LUCANO 2023, TRE GIORNI DI FESTA IN VALLE<\/h3>\n<\/blockquote>\n<p><strong><a class=\"dt-pswp-item\" href=\"https:\/\/www.radiopiu.net\/wordpress\/wp-content\/uploads\/2023\/07\/Senza-nome-43.png\" data-dt-img-description=\"\" data-large_image_width=\"121\" data-large_image_height=\"105\"><img loading=\"lazy\" decoding=\"async\" class=\"size-full wp-image-344598 alignleft\" src=\"https:\/\/www.radiopiu.net\/wordpress\/wp-content\/uploads\/2023\/07\/Senza-nome-43.png\" alt=\"\" width=\"121\" height=\"105\" \/><\/a> Silvano Ben &#8220;Piciol&#8221; Proloco Taibon Agordino\u00a0<\/strong><\/p>\n<p>di Mirko Mezzacasa<\/p>\n<audio class=\"wp-audio-shortcode\" id=\"audio-344822-9\" preload=\"none\" style=\"width: 100%;\" controls=\"controls\"><source type=\"audio\/mpeg\" src=\"https:\/\/www.radiopiu.net\/wordpress\/wp-content\/uploads\/2023\/07\/SILVANO-PROLOCO-TAIBON.mp3?_=9\" \/><a href=\"https:\/\/www.radiopiu.net\/wordpress\/wp-content\/uploads\/2023\/07\/SILVANO-PROLOCO-TAIBON.mp3\">https:\/\/www.radiopiu.net\/wordpress\/wp-content\/uploads\/2023\/07\/SILVANO-PROLOCO-TAIBON.mp3<\/a><\/audio>\n<p><strong>\u00a0<\/strong><\/p>\n<h3 style=\"text-align: center;\">COUNTRY MUSIC IN SAN LUGAN<\/h3>\n<p><strong>DI GIANNI SANTOMASO<\/strong><\/p>\n<audio class=\"wp-audio-shortcode\" id=\"audio-344822-10\" preload=\"none\" style=\"width: 100%;\" controls=\"controls\"><source type=\"audio\/mpeg\" src=\"https:\/\/www.radiopiu.net\/wordpress\/wp-content\/uploads\/2023\/07\/GIANNI-SAN-LUCANO.mp3?_=10\" \/><a href=\"https:\/\/www.radiopiu.net\/wordpress\/wp-content\/uploads\/2023\/07\/GIANNI-SAN-LUCANO.mp3\">https:\/\/www.radiopiu.net\/wordpress\/wp-content\/uploads\/2023\/07\/GIANNI-SAN-LUCANO.mp3<\/a><\/audio>\n<p>&nbsp;<\/p>\n<p><strong><a class=\"dt-pswp-item\" href=\"https:\/\/www.radiopiu.net\/wordpress\/wp-content\/uploads\/2023\/07\/Senza-nome-39.png\" data-dt-img-description=\"\" data-large_image_width=\"218\" data-large_image_height=\"161\"><img loading=\"lazy\" decoding=\"async\" class=\" wp-image-344502 alignleft\" src=\"https:\/\/www.radiopiu.net\/wordpress\/wp-content\/uploads\/2023\/07\/Senza-nome-39.png\" alt=\"\" width=\"136\" height=\"101\" \/><\/a>REDAZIONE<\/strong> Ritorna il country a Taibon, a trent&#8217;anni dai concerti dell&#8217;epopea country a Taibon. Venerdi alle 18 nell&#8217;ambito dei festeggiamenti per San Lucano, al tendone delle feste si esibir\u00e0 la Beer o&#8217;Clock. Pista coperta e ballo country e line dance. Di contorno: aperti saloon al chiosco, marshmallow per i pi\u00f9 piccoli, pastim, burger, patate fritte. <strong>LA BAND <\/strong>\u00a0toscana nasce nel 2012 da un\u2019idea di Gianni Gori, da sempre appassionato di musica country e delle sue sonorit\u00e0 tipiche.<\/p>\n<p>&nbsp;<\/p>\n<hr \/>\n<p>&nbsp;<\/p>\n<blockquote>\n<h3>DOMENICA CON IL CAI DI AGORDO AL CORNO NERO, GRUPPO LATEMAR<\/h3>\n<\/blockquote>\n<p><strong>AGORDO\u00a0<\/strong> Piacevole escursione ad anello che dalle praterie del Passo Oclini raggiunge la sommit\u00e0 del Corno Nero, monte che prende il nome dal colore delle sue rocce scure di quarzi porfirici e fa da contrasto al vicino Corno Bianco composto da Dolomia. Una salita senza grandi difficolt\u00e0, ma non banale con i suoi ripidi versanti e aeree creste erbose. Ampia la vista che si gode dalla cima. <strong>Info 380 6983040<\/strong><\/p>\n<p>&nbsp;<\/p>\n<hr \/>\n<p>&nbsp;<\/p>\n<blockquote>\n<h3>LA SAGRA DEI PER A BRIBANO DI SEDICO<\/h3>\n<\/blockquote>\n<p><strong>SEDICO<\/strong> Dal 21 al 30 luglio grande festa a Bribano di Sedico con la Sagra dei Per. Musica, Luna Park, cibo, sport, cultura e altro. Sabato 22 Radio Pi\u00f9 40 Live per festeggiare assieme i 40 anni di Radio Pi\u00f9.<\/p>\n<p><strong>IL PROGRAMMA (2 PAGINE)<\/strong><\/p>\n<a href=\"https:\/\/www.radiopiu.net\/wordpress\/wp-content\/uploads\/2023\/07\/FLYER-sagra-dei-per-2023-STAMPA.pdf\" class=\"pdfemb-viewer\" style=\"\" data-width=\"max\" data-height=\"max\" data-toolbar=\"top\" data-toolbar-fixed=\"on\">FLYER sagra dei per 2023 STAMPA<\/a>\n<p>&nbsp;<\/p>\n<hr \/>\n<p>&nbsp;<\/p>\n<blockquote>\n<h3>VIRTUAL PALIO<\/h3>\n<\/blockquote>\n<p><strong>FELTRE<\/strong> I quattro quartieri si sfidano ancora una volta coi propri avatar in una Feltre ricostruita in digitale su Counterstrike. Alberto Bidinot, che inizi\u00f2 a collaborare col Palio nel 2020, \u00e8 un fuori classe. Nell\u2019anno della pandemia, il primo Virtual Palio diede ai ragazzi evasioni ed emozioni paliesche, almeno in digitale.\u00a0 Per l\u2019edizione 2023 la mappa su Conterstrike, \u00e8 gi\u00e0 on line. I \u201c<em>Mi aspetto una gara sempre pi\u00f9 agguerrita, con i quartieri che migliorano di anno in anno. Noi non saremo da meno e ci faremo trovare pronti per riconquistare il titolo<\/em>\u201d, dichiara Gianluca Bortoluz, Capitano del Santo. Per Umanga Piaser, Capitano del quartiere Castello: <em>\u201cE\u2019 un gioco nuovo con dinamiche diverse, meno conosciuto dai giovani, ma a mio parere fantastico! Mi aspetto una sfida pi\u00f9 intensa e che vinca il migliore<\/em>\u201d.\u00a0 Al suo esordio il Capitano del Duomo, Giacomo Spada.<\/p>\n\n\t\t\t<style type='text\/css'>\n\t\t\t\t#gallery-6 {\n\t\t\t\t\tmargin: auto;\n\t\t\t\t}\n\t\t\t\t#gallery-6 .gallery-item {\n\t\t\t\t\tfloat: left;\n\t\t\t\t\tmargin-top: 10px;\n\t\t\t\t\ttext-align: center;\n\t\t\t\t\twidth: 25%;\n\t\t\t\t}\n\t\t\t\t#gallery-6 img {\n\t\t\t\t\tborder: 2px solid #cfcfcf;\n\t\t\t\t}\n\t\t\t\t#gallery-6 .gallery-caption {\n\t\t\t\t\tmargin-left: 0;\n\t\t\t\t}\n\t\t\t\t\/* see gallery_shortcode() in wp-includes\/media.php *\/\n\t\t\t<\/style>\n\t\t<div id='gallery-6' class='dt-gallery-container gallery galleryid-344822 gallery-columns-4 gallery-size-thumbnail'><dl class='gallery-item'>\n\t\t\t\t<dt class='gallery-icon portrait'>\n\t\t\t\t\t<a class=\"rollover rollover-zoom dt-pswp-item\" title=\"Simone Federici\" data-dt-img-description=\"\" data-large_image_width=\"1152\" data-large_image_height=\"2560\"href='https:\/\/www.radiopiu.net\/wordpress\/wp-content\/uploads\/2023\/07\/Simone-Federici-scaled.jpg'><img loading=\"lazy\" decoding=\"async\" width=\"150\" height=\"150\" src=\"https:\/\/www.radiopiu.net\/wordpress\/wp-content\/uploads\/2023\/07\/Simone-Federici-150x150.jpg\" class=\"attachment-thumbnail size-thumbnail\" alt=\"\" aria-describedby=\"gallery-6-344950\" \/><\/a>\n\t\t\t\t<\/dt>\n\t\t\t\t\t<dd class='wp-caption-text gallery-caption' id='gallery-6-344950'>\n\t\t\t\t\tSimone Federici\n\t\t\t\t\t<\/dd><\/dl><dl class='gallery-item'>\n\t\t\t\t<dt class='gallery-icon portrait'>\n\t\t\t\t\t<a class=\"rollover rollover-zoom dt-pswp-item\" title=\"Gianluca Bortoluz\" data-dt-img-description=\"\" data-large_image_width=\"1152\" data-large_image_height=\"2560\"href='https:\/\/www.radiopiu.net\/wordpress\/wp-content\/uploads\/2023\/07\/Gianluca-Bortoluz-scaled.jpg'><img loading=\"lazy\" decoding=\"async\" width=\"150\" height=\"150\" src=\"https:\/\/www.radiopiu.net\/wordpress\/wp-content\/uploads\/2023\/07\/Gianluca-Bortoluz-150x150.jpg\" class=\"attachment-thumbnail size-thumbnail\" alt=\"\" aria-describedby=\"gallery-6-344949\" \/><\/a>\n\t\t\t\t<\/dt>\n\t\t\t\t\t<dd class='wp-caption-text gallery-caption' id='gallery-6-344949'>\n\t\t\t\t\tGianluca Bortoluz\n\t\t\t\t\t<\/dd><\/dl><dl class='gallery-item'>\n\t\t\t\t<dt class='gallery-icon portrait'>\n\t\t\t\t\t<a class=\"rollover rollover-zoom dt-pswp-item\" title=\"Giacomo Spada\" data-dt-img-description=\"\" data-large_image_width=\"720\" data-large_image_height=\"1600\"href='https:\/\/www.radiopiu.net\/wordpress\/wp-content\/uploads\/2023\/07\/Giacomo-Spada.jpg'><img loading=\"lazy\" decoding=\"async\" width=\"150\" height=\"150\" src=\"https:\/\/www.radiopiu.net\/wordpress\/wp-content\/uploads\/2023\/07\/Giacomo-Spada-150x150.jpg\" class=\"attachment-thumbnail size-thumbnail\" alt=\"\" aria-describedby=\"gallery-6-344948\" \/><\/a>\n\t\t\t\t<\/dt>\n\t\t\t\t\t<dd class='wp-caption-text gallery-caption' id='gallery-6-344948'>\n\t\t\t\t\tGiacomo Spada\n\t\t\t\t\t<\/dd><\/dl><dl class='gallery-item'>\n\t\t\t\t<dt class='gallery-icon portrait'>\n\t\t\t\t\t<a class=\"rollover rollover-zoom dt-pswp-item\" title=\"Umanga Piaser-1\" data-dt-img-description=\"\" data-large_image_width=\"1152\" data-large_image_height=\"2560\"href='https:\/\/www.radiopiu.net\/wordpress\/wp-content\/uploads\/2023\/07\/Umanga-Piaser-1-scaled.jpg'><img loading=\"lazy\" decoding=\"async\" width=\"150\" height=\"150\" src=\"https:\/\/www.radiopiu.net\/wordpress\/wp-content\/uploads\/2023\/07\/Umanga-Piaser-1-150x150.jpg\" class=\"attachment-thumbnail size-thumbnail\" alt=\"\" aria-describedby=\"gallery-6-345050\" \/><\/a>\n\t\t\t\t<\/dt>\n\t\t\t\t\t<dd class='wp-caption-text gallery-caption' id='gallery-6-345050'>\n\t\t\t\t\tUmanga Piaser\n\t\t\t\t\t<\/dd><\/dl><br style=\"clear: both\" \/>\n\t\t\t<\/div>\n\n<p>&nbsp;<\/p>\n<p>&nbsp;<\/p>\n<hr \/>\n<blockquote>\n<h3>VI edizione del Festival internazionale di musica antica in Val di Zoldo<\/h3>\n<\/blockquote>\n<p><em> e per il quarto concerto di Luglio Jazz e dintorni, XXXIV edizione 2023 dei concerti in Villa e nelle Corti<\/em><\/p>\n<p><strong>Sabato alle 19<\/strong>:\u00a0 Stefano Rattini, organo in Chiesa a Pieve di Val di Zoldo &#8220;Arte e Musica tra Pelmo e Civetta&#8221; Ingresso libero<br \/>\n<strong>Domenica\u00a0 alle 17:30<\/strong> Overland nel del Chiostro Seminario Gregoriano Lollino, Belluno<br \/>\nLa storia del country-rock dai Byrds agli Eagles.<\/p>\n\n\t\t\t<style type='text\/css'>\n\t\t\t\t#gallery-7 {\n\t\t\t\t\tmargin: auto;\n\t\t\t\t}\n\t\t\t\t#gallery-7 .gallery-item {\n\t\t\t\t\tfloat: left;\n\t\t\t\t\tmargin-top: 10px;\n\t\t\t\t\ttext-align: center;\n\t\t\t\t\twidth: 50%;\n\t\t\t\t}\n\t\t\t\t#gallery-7 img {\n\t\t\t\t\tborder: 2px solid #cfcfcf;\n\t\t\t\t}\n\t\t\t\t#gallery-7 .gallery-caption {\n\t\t\t\t\tmargin-left: 0;\n\t\t\t\t}\n\t\t\t\t\/* see gallery_shortcode() in wp-includes\/media.php *\/\n\t\t\t<\/style>\n\t\t<div id='gallery-7' class='dt-gallery-container gallery galleryid-344822 gallery-columns-2 gallery-size-thumbnail'><dl class='gallery-item'>\n\t\t\t\t<dt class='gallery-icon portrait'>\n\t\t\t\t\t<a class=\"rollover rollover-zoom dt-pswp-item\" title=\"Arte e Musica_ Stefano_Rattini\" data-dt-img-description=\"\" data-large_image_width=\"1707\" data-large_image_height=\"2560\"href='https:\/\/www.radiopiu.net\/wordpress\/wp-content\/uploads\/2023\/07\/Arte-e-Musica_-Stefano_Rattini.jpg'><img loading=\"lazy\" decoding=\"async\" width=\"150\" height=\"150\" src=\"https:\/\/www.radiopiu.net\/wordpress\/wp-content\/uploads\/2023\/07\/Arte-e-Musica_-Stefano_Rattini-150x150.jpg\" class=\"attachment-thumbnail size-thumbnail\" alt=\"\" \/><\/a>\n\t\t\t\t<\/dt><\/dl><dl class='gallery-item'>\n\t\t\t\t<dt class='gallery-icon landscape'>\n\t\t\t\t\t<a class=\"rollover rollover-zoom dt-pswp-item\" title=\"Overland\" data-dt-img-description=\"\" data-large_image_width=\"1250\" data-large_image_height=\"832\"href='https:\/\/www.radiopiu.net\/wordpress\/wp-content\/uploads\/2023\/07\/Overland.jpg'><img loading=\"lazy\" decoding=\"async\" width=\"150\" height=\"150\" src=\"https:\/\/www.radiopiu.net\/wordpress\/wp-content\/uploads\/2023\/07\/Overland-150x150.jpg\" class=\"attachment-thumbnail size-thumbnail\" alt=\"\" \/><\/a>\n\t\t\t\t<\/dt><\/dl><br style=\"clear: both\" \/>\n\t\t\t<\/div>\n\n<p>&nbsp;<\/p>\n<hr \/>\n<p>&nbsp;<\/p>\n<blockquote>\n<h3><a class=\"dt-pswp-item\" href=\"https:\/\/www.radiopiu.net\/wordpress\/wp-content\/uploads\/2023\/07\/SCR-20230714-stid.png\" data-dt-img-description=\"\" data-large_image_width=\"1264\" data-large_image_height=\"944\"><img loading=\"lazy\" decoding=\"async\" class=\" wp-image-344140 alignleft\" src=\"https:\/\/www.radiopiu.net\/wordpress\/wp-content\/uploads\/2023\/07\/SCR-20230714-stid-300x224.png\" alt=\"\" width=\"212\" height=\"158\" srcset=\"https:\/\/www.radiopiu.net\/wordpress\/wp-content\/uploads\/2023\/07\/SCR-20230714-stid-300x224.png 300w, https:\/\/www.radiopiu.net\/wordpress\/wp-content\/uploads\/2023\/07\/SCR-20230714-stid-1024x765.png 1024w, https:\/\/www.radiopiu.net\/wordpress\/wp-content\/uploads\/2023\/07\/SCR-20230714-stid-768x574.png 768w, https:\/\/www.radiopiu.net\/wordpress\/wp-content\/uploads\/2023\/07\/SCR-20230714-stid.png 1264w\" sizes=\"auto, (max-width: 212px) 100vw, 212px\" \/><\/a>LA PASTASCIUTTA ANTIFASCISTA<\/h3>\n<\/blockquote>\n<p><strong>CESIOMAGGIORE<\/strong><\/p>\n<p>di Roberto Bona<\/p>\n<audio class=\"wp-audio-shortcode\" id=\"audio-344822-11\" preload=\"none\" style=\"width: 100%;\" controls=\"controls\"><source type=\"audio\/mpeg\" src=\"https:\/\/www.radiopiu.net\/wordpress\/wp-content\/uploads\/2023\/07\/BONA-PASTASCIUTTA-ANTIFASCISTA-25-LUGLIO.mp3?_=11\" \/><a href=\"https:\/\/www.radiopiu.net\/wordpress\/wp-content\/uploads\/2023\/07\/BONA-PASTASCIUTTA-ANTIFASCISTA-25-LUGLIO.mp3\">https:\/\/www.radiopiu.net\/wordpress\/wp-content\/uploads\/2023\/07\/BONA-PASTASCIUTTA-ANTIFASCISTA-25-LUGLIO.mp3<\/a><\/audio>\n<p>&nbsp;<\/p>\n<hr \/>\n<p>&nbsp;<\/p>\n<h2><span style=\"color: #ff0000;\">GLI APPUNTAMENTI DELLA SETTIMANA\u00a0<\/span><\/h2>\n<blockquote>\n<h3>ANDAR PER ERBE AL CASTELLO DI ANDRAZ<\/h3>\n<\/blockquote>\n<p><strong>LIVINALLONGO <\/strong>Oggi alle 9 al Castello di Andraz \u00e8 in programma un&#8217;escursione attorno al castello per conoscere le piante utili in cucina ed erboristeria<\/p>\n<p>&nbsp;<\/p>\n<blockquote>\n<h3>UNA SERATA CON ANSELMO CAGNATI<\/h3>\n<\/blockquote>\n<p><strong>FALCADE<\/strong> Oggi alle 21 alla Casa della Giovent\u00f9 di Caviola una serata con Anselmo Cagnati dal titolo &#8220;Tjikko, con i cani da slitta del grande nord&#8221;<\/p>\n<p>&nbsp;<\/p>\n<blockquote>\n<h3>CONCERTO D&#8217;ORGANO A MEL<\/h3>\n<\/blockquote>\n<p><strong>BELLUNO<\/strong> Torna per la sesta volta a Mel il Concerto d\u2019organo con il maestro Fiorenzo Mori. L\u2019atteso appuntamento organizzato all\u2019insegna della solidariet\u00e0, dall\u2019Auser provinciale e dal locale Circolo Auser \u201cIl Sole&#8221;. Appuntamento oggi nella chiesa arcipretale di Mel, in piazza Luciani, con inizio alle ore 20.30.<\/p>\n<p>&nbsp;<\/p>\n<blockquote>\n<h3>LA SANTA MESSA AL COL DE SAN LUGAN<\/h3>\n<\/blockquote>\n<p><strong>TAIBON<\/strong> Sabato 22 luglio alle 10:30 al Col De San Lugan in Valle di San Lucano verr\u00e0 celebrata la Santa Messa. Pranzo al sacco.<\/p>\n<p>&nbsp;<\/p>\n<blockquote>\n<h3>LA STUA, DOVE RINASCE LO STUDIO BALLIS<\/h3>\n<\/blockquote>\n<p>DI GIANNI SANTOMASO<\/p>\n<audio class=\"wp-audio-shortcode\" id=\"audio-344822-12\" preload=\"none\" style=\"width: 100%;\" controls=\"controls\"><source type=\"audio\/mpeg\" src=\"https:\/\/www.radiopiu.net\/wordpress\/wp-content\/uploads\/2023\/07\/GIANNI-BALLIS.mp3?_=12\" \/><a href=\"https:\/\/www.radiopiu.net\/wordpress\/wp-content\/uploads\/2023\/07\/GIANNI-BALLIS.mp3\">https:\/\/www.radiopiu.net\/wordpress\/wp-content\/uploads\/2023\/07\/GIANNI-BALLIS.mp3<\/a><\/audio>\n<p>&nbsp;<\/p>\n<p><strong>ALLEGHE<\/strong> Sabato 22 luglio alle 18 in Corso Venezia a Masare&#8217;, Laura Ballis con Vico Calabro&#8217; e Giovanni Sogne inaugura il nuovo studio d&#8217;arte &#8220;La Stua&#8221;, rinato dopo la tempesta Vaia dell&#8217;autunno 2018.<\/p>\n\n\t\t\t<style type='text\/css'>\n\t\t\t\t#gallery-8 {\n\t\t\t\t\tmargin: auto;\n\t\t\t\t}\n\t\t\t\t#gallery-8 .gallery-item {\n\t\t\t\t\tfloat: left;\n\t\t\t\t\tmargin-top: 10px;\n\t\t\t\t\ttext-align: center;\n\t\t\t\t\twidth: 50%;\n\t\t\t\t}\n\t\t\t\t#gallery-8 img {\n\t\t\t\t\tborder: 2px solid #cfcfcf;\n\t\t\t\t}\n\t\t\t\t#gallery-8 .gallery-caption {\n\t\t\t\t\tmargin-left: 0;\n\t\t\t\t}\n\t\t\t\t\/* see gallery_shortcode() in wp-includes\/media.php *\/\n\t\t\t<\/style>\n\t\t<div id='gallery-8' class='dt-gallery-container gallery galleryid-344822 gallery-columns-2 gallery-size-medium'><dl class='gallery-item'>\n\t\t\t\t<dt class='gallery-icon landscape'>\n\t\t\t\t\t<a class=\"rollover rollover-zoom dt-pswp-item\" title=\"prima\" data-dt-img-description=\"\" data-large_image_width=\"266\" data-large_image_height=\"162\"href='https:\/\/www.radiopiu.net\/wordpress\/wp-content\/uploads\/2023\/07\/prima.png'><img loading=\"lazy\" decoding=\"async\" width=\"266\" height=\"162\" src=\"https:\/\/www.radiopiu.net\/wordpress\/wp-content\/uploads\/2023\/07\/prima.png\" class=\"attachment-medium size-medium\" alt=\"\" aria-describedby=\"gallery-8-342762\" \/><\/a>\n\t\t\t\t<\/dt>\n\t\t\t\t\t<dd class='wp-caption-text gallery-caption' id='gallery-8-342762'>\n\t\t\t\t\tPOST VAIA\n\t\t\t\t\t<\/dd><\/dl><dl class='gallery-item'>\n\t\t\t\t<dt class='gallery-icon landscape'>\n\t\t\t\t\t<a class=\"rollover rollover-zoom dt-pswp-item\" title=\"oggi\" data-dt-img-description=\"\" data-large_image_width=\"273\" data-large_image_height=\"196\"href='https:\/\/www.radiopiu.net\/wordpress\/wp-content\/uploads\/2023\/07\/oggi.png'><img loading=\"lazy\" decoding=\"async\" width=\"273\" height=\"196\" src=\"https:\/\/www.radiopiu.net\/wordpress\/wp-content\/uploads\/2023\/07\/oggi.png\" class=\"attachment-medium size-medium\" alt=\"\" aria-describedby=\"gallery-8-342761\" \/><\/a>\n\t\t\t\t<\/dt>\n\t\t\t\t\t<dd class='wp-caption-text gallery-caption' id='gallery-8-342761'>\n\t\t\t\t\tOGGI\n\t\t\t\t\t<\/dd><\/dl><br style=\"clear: both\" \/>\n\t\t\t<\/div>\n\n<p>&nbsp;<\/p>\n<blockquote>\n<h3>LA TESI DI LAUREA DI MASSIMO CANDURA<\/h3>\n<\/blockquote>\n<p><strong>CANALE D&#8217;AGORDO<\/strong> Sabato alle 21 in Sala Lina Zand\u00f2 di Canale D&#8217;Agordo l&#8217;incontro con l&#8217;On. Massimo Candura che presentar\u00e0 la sua tesi di laurea dal titolo &#8220;La diplomazia del sorriso, la politica estera di Papa Luciani&#8221;<\/p>\n<blockquote>\n<h3><\/h3>\n<h3>L&#8217;ESTATE DEI MERCATINI AD AGORDO<\/h3>\n<\/blockquote>\n<p><strong>AGORDO<\/strong> Tornano i mercatini d&#8217;estate ad Agordo. Il primo appuntamento domenica 23 luglio dalle 6 alle 19 sul Broi di Agordo con il mercatino dell&#8217;antiquariato. Per informazioni 349 3984682<\/p>\n<p>&nbsp;<\/p>\n<blockquote>\n<h3>BEER FEST A FORCELLA AURINE<\/h3>\n<\/blockquote>\n<p><strong>GOSALDO <\/strong>Pomeriggio di festa a Forcella Aurine domenica con il Beer Fest in occasione della Sali E Scendi, terza tappa della Corri Poi<\/p>\n<p>&nbsp;<\/p>\n<blockquote>\n<h3>LE VISITE GUIDATE CON L&#8217;ASSOCIAZIONE CAMPEDEL<\/h3>\n<\/blockquote>\n<p><strong>BELLUNO<\/strong> A partire da domenica prossima e per tutti i pomeriggi domenicali fino al 3 settembre la chiesa di San Pietro, con i suoi chiostri e le sue cappelle, sar\u00e0 aperta ai visitatori dalle 15.30 alle 18.00. Si ripete cos\u00ec l&#8217;ormai classica iniziativa dell&#8217;associazione Campedel e del Seminario Gregoriano che propongono percorsi guidati tra i capolavori di pittura, scultura e architettura dell&#8217;omonimo complesso religioso del centro storico.<\/p>\n<p>&nbsp;<\/p>\n<h2><span style=\"color: #ff0000;\">PROSSIMAMENTE&#8230;\u00a0<\/span><\/h2>\n<blockquote>\n<h3>LA PASTASCIUTTA ANTIFASCISTA A BUSCHE<\/h3>\n<\/blockquote>\n<p><strong>CESIOMAGGIORE<\/strong> Sar\u00e0 Busche ad ospitare la pastasciutta antifascista 2023. Marted\u00ec 25 luglio a partire dalle 14:30 inizia la festa. Alle 15 lo spettacolo di burattini, alle 16 Fast Fashion con gli studenti di Rete Studenti Medi, a seguire il convegno dal titolo &#8220;Democratica, Artificiale e Intelligente?&#8221;. Alle 19:15 si pranza con la pastasciutta gratuita per tutti e musica con Sandro Del Luca e Nelson Salton. Organizzano SPI CGIL, Comune di Cesiomaggiore e Ulss 1 Dolomiti.<\/p>\n<p>&nbsp;<\/p>\n<blockquote>\n<h3>UN CHIACCHIERATA CON TONI CAPUOZZO<\/h3>\n<\/blockquote>\n<p><strong>FONZASO<\/strong> Mercoled\u00ec alle 20 al britot del Dolomiti Hub sar\u00e0 ospite il giornalista Mediaset Toni Capuozzo. Racconter\u00e0 la sua esperienza di inviato di guerra e di scrittore.<\/p>\n<p>&nbsp;<\/p>\n<blockquote>\n<h3>TALK CRISTIANO AD AGORDO<\/h3>\n<p><strong>L&#8217;INVITO DI CRISTINA<\/strong><\/p>\n<audio class=\"wp-audio-shortcode\" id=\"audio-344822-13\" preload=\"none\" style=\"width: 100%;\" controls=\"controls\"><source type=\"audio\/mpeg\" src=\"https:\/\/www.radiopiu.net\/wordpress\/wp-content\/uploads\/2023\/07\/CRISTINA.mp3?_=13\" \/><a href=\"https:\/\/www.radiopiu.net\/wordpress\/wp-content\/uploads\/2023\/07\/CRISTINA.mp3\">https:\/\/www.radiopiu.net\/wordpress\/wp-content\/uploads\/2023\/07\/CRISTINA.mp3<\/a><\/audio><\/blockquote>\n<p><strong>AGORDO<\/strong> Domenica 30 luglio alle 18 al Centro Parrocchiale di Agordo un incontro dal titolo &#8220;Talk Cristiano, il significato della crocifissione di Ges\u00f9 Cristo<\/p>\n<p>&nbsp;<\/p>\n<blockquote>\n<h3>IL CORSO DI CALLIGRAFIA IN VAL DI ZOLDO<\/h3>\n<\/blockquote>\n<p><strong>VAL DI ZOLDO<\/strong><\/p>\n<p>Tra le proposte estive della Val di Zoldo c\u2019\u00e8 anche il Corso di Calligrafia &#8211; \u00c8 bello scrivere \u2013 che sar\u00e0 tenuto\u00a0 dalla prof. Anna Schettin, docente di Calligrafia e Lettering, sabato 29 e domenica 30 luglio, a Pieve di Zoldo. Per informazioni telefonare al numero 333 358 7405.<\/p>\n<p>&nbsp;<\/p>\n<p>&nbsp;<\/p>\n<hr \/>\n<p>&nbsp;<\/p>\n<blockquote>\n<h3>APERITIVO ? MA MAI SENZA MUSICA<\/h3>\n<\/blockquote>\n<p><a class=\"dt-pswp-item\" href=\"https:\/\/www.radiopiu.net\/wordpress\/wp-content\/uploads\/2023\/07\/d86dbc06-7161-49d4-b544-90770e85269f.jpg\" data-dt-img-description=\"\" data-large_image_width=\"1448\" data-large_image_height=\"2048\"><img loading=\"lazy\" decoding=\"async\" class=\" wp-image-342766 alignleft\" src=\"https:\/\/www.radiopiu.net\/wordpress\/wp-content\/uploads\/2023\/07\/d86dbc06-7161-49d4-b544-90770e85269f-212x300.jpg\" alt=\"\" width=\"133\" height=\"189\" srcset=\"https:\/\/www.radiopiu.net\/wordpress\/wp-content\/uploads\/2023\/07\/d86dbc06-7161-49d4-b544-90770e85269f-212x300.jpg 212w, https:\/\/www.radiopiu.net\/wordpress\/wp-content\/uploads\/2023\/07\/d86dbc06-7161-49d4-b544-90770e85269f-724x1024.jpg 724w, https:\/\/www.radiopiu.net\/wordpress\/wp-content\/uploads\/2023\/07\/d86dbc06-7161-49d4-b544-90770e85269f-768x1086.jpg 768w, https:\/\/www.radiopiu.net\/wordpress\/wp-content\/uploads\/2023\/07\/d86dbc06-7161-49d4-b544-90770e85269f-1086x1536.jpg 1086w, https:\/\/www.radiopiu.net\/wordpress\/wp-content\/uploads\/2023\/07\/d86dbc06-7161-49d4-b544-90770e85269f.jpg 1448w\" sizes=\"auto, (max-width: 133px) 100vw, 133px\" \/><\/a>Dimentica la routine, concediti un momento di relax e divertimento con amici e familiari. L&#8217;aperitivo in musica all&#8217;Hotel Stella Alpina in piazza a Falcade \u00e8 l&#8217;occasione perfetta per socializzare e creare ricordi preziosi.Ogni venerd\u00ec di luglio ed agosto, l&#8217;Hotel Stella Alpina vi accoglie per una serata di puro divertimento, dalle 18 alle 21. I\u00a0venerdi di luglio ed agosto allo Stella alpina, appuntamento con la buona musica e le specialit\u00e0 che sapranno deliziarvi il palato. INFO 0437 599046. <a class=\"moz-txt-link-abbreviated\" href=\"http:\/\/WWW.HOTEL\">WWW.HOTEL<\/a> STELLA ALPINA . COM<br \/>\n<strong>DOMANI<\/strong> IL RITORNO DEI JPM, saranno serviti PANINI CON PORCHETTA E SALSA COLESLAW<\/p>\n<p><strong>VENERDI 28 LUGLIO<\/strong> GLI OROPURO IN CONCERTO e piatto misto di pesce<\/p>\n<p><strong>VENERDI 4 AGOSTO<\/strong> SMILE IN CONCERTO\u00a0 e tacos con pulled pork fatti in casa<\/p>\n<p>&nbsp;<\/p>\n<p>&nbsp;<\/p>\n<hr \/>\n<p>&nbsp;<\/p>\n<blockquote>\n<h3>APERTE LE VISITE ALLA CHIESA DI CELAT E ALLE LATTERIE DELLA VALLE DEL BIOIS<\/h3>\n<\/blockquote>\n\n\t\t\t<style type='text\/css'>\n\t\t\t\t#gallery-9 {\n\t\t\t\t\tmargin: auto;\n\t\t\t\t}\n\t\t\t\t#gallery-9 .gallery-item {\n\t\t\t\t\tfloat: left;\n\t\t\t\t\tmargin-top: 10px;\n\t\t\t\t\ttext-align: center;\n\t\t\t\t\twidth: 33%;\n\t\t\t\t}\n\t\t\t\t#gallery-9 img {\n\t\t\t\t\tborder: 2px solid #cfcfcf;\n\t\t\t\t}\n\t\t\t\t#gallery-9 .gallery-caption {\n\t\t\t\t\tmargin-left: 0;\n\t\t\t\t}\n\t\t\t\t\/* see gallery_shortcode() in wp-includes\/media.php *\/\n\t\t\t<\/style>\n\t\t<div id='gallery-9' class='dt-gallery-container gallery galleryid-344822 gallery-columns-3 gallery-size-thumbnail'><dl class='gallery-item'>\n\t\t\t\t<dt class='gallery-icon portrait'>\n\t\t\t\t\t<a class=\"rollover rollover-zoom dt-pswp-item\" title=\"Apertura chiesa di Celat\" data-dt-img-description=\"\" data-large_image_width=\"1240\" data-large_image_height=\"1754\"href='https:\/\/www.radiopiu.net\/wordpress\/wp-content\/uploads\/2023\/07\/Apertura-chiesa-di-Celat.jpg'><img loading=\"lazy\" decoding=\"async\" width=\"150\" height=\"150\" src=\"https:\/\/www.radiopiu.net\/wordpress\/wp-content\/uploads\/2023\/07\/Apertura-chiesa-di-Celat-150x150.jpg\" class=\"attachment-thumbnail size-thumbnail\" alt=\"\" \/><\/a>\n\t\t\t\t<\/dt><\/dl><dl class='gallery-item'>\n\t\t\t\t<dt class='gallery-icon landscape'>\n\t\t\t\t\t<a class=\"rollover rollover-zoom dt-pswp-item\" title=\"Pieghevole Latterie storiche Valle del Biois\" data-dt-img-description=\"\" data-large_image_width=\"1754\" data-large_image_height=\"1240\"href='https:\/\/www.radiopiu.net\/wordpress\/wp-content\/uploads\/2023\/07\/Pieghevole-Latterie-storiche-Valle-del-Biois.jpg'><img loading=\"lazy\" decoding=\"async\" width=\"150\" height=\"150\" src=\"https:\/\/www.radiopiu.net\/wordpress\/wp-content\/uploads\/2023\/07\/Pieghevole-Latterie-storiche-Valle-del-Biois-150x150.jpg\" class=\"attachment-thumbnail size-thumbnail\" alt=\"\" \/><\/a>\n\t\t\t\t<\/dt><\/dl><dl class='gallery-item'>\n\t\t\t\t<dt class='gallery-icon landscape'>\n\t\t\t\t\t<a class=\"rollover rollover-zoom dt-pswp-item\" title=\"Pieghevole Latterie storiche Valle del Biois 2\" data-dt-img-description=\"\" data-large_image_width=\"1754\" data-large_image_height=\"1240\"href='https:\/\/www.radiopiu.net\/wordpress\/wp-content\/uploads\/2023\/07\/Pieghevole-Latterie-storiche-Valle-del-Biois-2.jpg'><img loading=\"lazy\" decoding=\"async\" width=\"150\" height=\"150\" src=\"https:\/\/www.radiopiu.net\/wordpress\/wp-content\/uploads\/2023\/07\/Pieghevole-Latterie-storiche-Valle-del-Biois-2-150x150.jpg\" class=\"attachment-thumbnail size-thumbnail\" alt=\"\" \/><\/a>\n\t\t\t\t<\/dt><\/dl><br style=\"clear: both\" \/>\n\t\t\t<\/div>\n\n<p>&nbsp;<\/p>\n<p>&nbsp;<\/p>\n<p>&nbsp;<\/p>\n<hr \/>\n<p>&nbsp;<\/p>\n<h2><strong><a class=\"dt-pswp-item\" href=\"https:\/\/www.radiopiu.net\/wordpress\/wp-content\/uploads\/2019\/05\/LA-VALLE-EZIO-ZUANEL.jpeg\" data-dt-img-description=\"\" data-large_image_width=\"1600\" data-large_image_height=\"901\"><img loading=\"lazy\" decoding=\"async\" class=\" wp-image-86466 alignleft\" src=\"https:\/\/www.radiopiu.net\/wordpress\/wp-content\/uploads\/2019\/05\/LA-VALLE-EZIO-ZUANEL-300x169.jpeg\" alt=\"\" width=\"162\" height=\"91\" srcset=\"https:\/\/www.radiopiu.net\/wordpress\/wp-content\/uploads\/2019\/05\/LA-VALLE-EZIO-ZUANEL-300x169.jpeg 300w, https:\/\/www.radiopiu.net\/wordpress\/wp-content\/uploads\/2019\/05\/LA-VALLE-EZIO-ZUANEL-768x432.jpeg 768w, https:\/\/www.radiopiu.net\/wordpress\/wp-content\/uploads\/2019\/05\/LA-VALLE-EZIO-ZUANEL-1024x577.jpeg 1024w, https:\/\/www.radiopiu.net\/wordpress\/wp-content\/uploads\/2019\/05\/LA-VALLE-EZIO-ZUANEL.jpeg 1600w\" sizes=\"auto, (max-width: 162px) 100vw, 162px\" \/><\/a><\/strong><span style=\"color: #008080;\">LA RASSEGNA STAMPA DA L&#8217;AMICO DEL POPOLO<\/span><\/h2>\n<p><strong>DI GIANNI SANTOMASO<\/strong><\/p>\n<p>OSPITE: Ezio Zuanel, sindaco di La Valle Agordina<\/p>\n<audio class=\"wp-audio-shortcode\" id=\"audio-344822-14\" preload=\"none\" style=\"width: 100%;\" controls=\"controls\"><source type=\"audio\/mpeg\" src=\"https:\/\/www.radiopiu.net\/wordpress\/wp-content\/uploads\/2023\/07\/RASSEGNA-GIANNI-2.mp3?_=14\" \/><a href=\"https:\/\/www.radiopiu.net\/wordpress\/wp-content\/uploads\/2023\/07\/RASSEGNA-GIANNI-2.mp3\">https:\/\/www.radiopiu.net\/wordpress\/wp-content\/uploads\/2023\/07\/RASSEGNA-GIANNI-2.mp3<\/a><\/audio>\n<p>&nbsp;<\/p>\n<hr \/>\n<p>&nbsp;<\/p>\n<div dir=\"auto\">\n<div class=\"message spoilers-container\" dir=\"auto\">\n<div>\n<div class=\"b654a4as d2edcug0\">\n<div class=\"rq0escxv hkbzh7o3 jwdofwj8 n8tt0mok r8blr3vg hyh9befq\"><\/div>\n<\/div>\n<\/div>\n<\/div>\n<\/div>\n<div class=\"message spoilers-container\" dir=\"auto\">\n<div class=\"column\">\n<div class=\"message spoilers-container\" dir=\"auto\">\n<div class=\"column\">\n<blockquote class=\"wp-embedded-content\" data-secret=\"Eb0OoI3ToD\"><p><a href=\"https:\/\/www.radiopiu.net\/wordpress\/il-viaggio-in-terra-irlandese-con-claudia-lavventura-e-terminata\/\">IL VIAGGIO IN TERRA IRLANDESE con Claudia L&#8217;AVVENTURA E&#8217; TERMINATA<\/a><\/p><\/blockquote>\n<p><iframe loading=\"lazy\" class=\"wp-embedded-content\" sandbox=\"allow-scripts\" security=\"restricted\" style=\"position: absolute; clip: rect(1px, 1px, 1px, 1px);\" title=\"&#8220;IL VIAGGIO IN TERRA IRLANDESE con Claudia L&#8217;AVVENTURA E&#8217; TERMINATA&#8221; &#8212; Radio Pi\u00f9\" src=\"https:\/\/www.radiopiu.net\/wordpress\/il-viaggio-in-terra-irlandese-con-claudia-lavventura-e-terminata\/embed\/#?secret=jNOiqhPv1G#?secret=Eb0OoI3ToD\" data-secret=\"Eb0OoI3ToD\" width=\"600\" height=\"338\" frameborder=\"0\" marginwidth=\"0\" marginheight=\"0\" scrolling=\"no\"><\/iframe><\/p>\n<p>&nbsp;<\/p>\n<hr \/>\n<p>&nbsp;<\/p>\n<p><img loading=\"lazy\" decoding=\"async\" class=\"aligncenter wp-image-61954 size-full\" src=\"https:\/\/www.radiopiu.net\/wordpress\/wp-content\/uploads\/2018\/09\/viabilita.jpeg\" sizes=\"auto, (max-width: 800px) 100vw, 800px\" srcset=\"https:\/\/www.radiopiu.net\/wordpress\/wp-content\/uploads\/2018\/09\/viabilita.jpeg 800w, https:\/\/www.radiopiu.net\/wordpress\/wp-content\/uploads\/2018\/09\/viabilita-300x38.jpeg 300w, https:\/\/www.radiopiu.net\/wordpress\/wp-content\/uploads\/2018\/09\/viabilita-768x96.jpeg 768w\" alt=\"\" width=\"800\" height=\"100\" \/><\/p>\n<\/div>\n<\/div>\n<div class=\"message spoilers-container\" dir=\"auto\">\n<div class=\"column\">\n<p>&nbsp;<\/p>\n<\/div>\n<\/div>\n<\/div>\n<\/div>\n<blockquote class=\"wp-embedded-content\" data-secret=\"OGQ2nDa5WI\"><p><a href=\"https:\/\/www.radiopiu.net\/wordpress\/viabilita\/\">viabilita<\/a><\/p><\/blockquote>\n<p><iframe loading=\"lazy\" class=\"wp-embedded-content\" sandbox=\"allow-scripts\" security=\"restricted\" style=\"position: absolute; clip: rect(1px, 1px, 1px, 1px);\" title=\"&#8220;viabilita&#8221; &#8212; Radio Pi\u00f9\" src=\"https:\/\/www.radiopiu.net\/wordpress\/viabilita\/embed\/#?secret=3xqQDK1ZUa#?secret=OGQ2nDa5WI\" data-secret=\"OGQ2nDa5WI\" width=\"600\" height=\"338\" frameborder=\"0\" marginwidth=\"0\" marginheight=\"0\" scrolling=\"no\"><\/iframe><\/p>\n<div class=\"message spoilers-container\" dir=\"auto\">\n<div class=\"column\">\n<div class=\"message spoilers-container\" dir=\"auto\">\n<div class=\"column\">\n<div>\n<div dir=\"ltr\">\n<div class=\"gmail_quote\">\n<div dir=\"ltr\">\n<div><\/div>\n<div>\n<hr \/>\n<\/div>\n<div><a class=\"dt-pswp-item\" href=\"https:\/\/www.radiopiu.net\/wordpress\/wp-content\/uploads\/2023\/06\/07493af4-f8e1-4ce3-bb99-e0a40362939f.jpg\" data-dt-img-description=\"\" data-large_image_width=\"1417\" data-large_image_height=\"1481\"><img loading=\"lazy\" decoding=\"async\" class=\"wp-image-339869 aligncenter\" src=\"https:\/\/www.radiopiu.net\/wordpress\/wp-content\/uploads\/2023\/06\/07493af4-f8e1-4ce3-bb99-e0a40362939f-980x1024.jpg\" alt=\"\" width=\"382\" height=\"399\" srcset=\"https:\/\/www.radiopiu.net\/wordpress\/wp-content\/uploads\/2023\/06\/07493af4-f8e1-4ce3-bb99-e0a40362939f-980x1024.jpg 980w, https:\/\/www.radiopiu.net\/wordpress\/wp-content\/uploads\/2023\/06\/07493af4-f8e1-4ce3-bb99-e0a40362939f-287x300.jpg 287w, https:\/\/www.radiopiu.net\/wordpress\/wp-content\/uploads\/2023\/06\/07493af4-f8e1-4ce3-bb99-e0a40362939f-768x803.jpg 768w, https:\/\/www.radiopiu.net\/wordpress\/wp-content\/uploads\/2023\/06\/07493af4-f8e1-4ce3-bb99-e0a40362939f.jpg 1417w\" sizes=\"auto, (max-width: 382px) 100vw, 382px\" \/><\/a><\/div>\n<div><\/div>\n<\/div>\n<\/div>\n<\/div>\n<\/div>\n<hr \/>\n<p>&nbsp;<\/p>\n<p><a class=\"dt-pswp-item\" href=\"https:\/\/www.radiopiu.net\/wordpress\/wp-content\/uploads\/2018\/09\/WhatsApp-Image-2018-09-20-at-16.04.06.jpeg\" data-dt-img-description=\"\" data-large_image_width=\"800\" data-large_image_height=\"100\"><img loading=\"lazy\" decoding=\"async\" class=\"wp-image-61378 size-full aligncenter\" src=\"https:\/\/www.radiopiu.net\/wordpress\/wp-content\/uploads\/2018\/09\/WhatsApp-Image-2018-09-20-at-16.04.06.jpeg\" alt=\"\" width=\"800\" height=\"100\" srcset=\"https:\/\/www.radiopiu.net\/wordpress\/wp-content\/uploads\/2018\/09\/WhatsApp-Image-2018-09-20-at-16.04.06.jpeg 800w, https:\/\/www.radiopiu.net\/wordpress\/wp-content\/uploads\/2018\/09\/WhatsApp-Image-2018-09-20-at-16.04.06-300x38.jpeg 300w, https:\/\/www.radiopiu.net\/wordpress\/wp-content\/uploads\/2018\/09\/WhatsApp-Image-2018-09-20-at-16.04.06-768x96.jpeg 768w\" sizes=\"auto, (max-width: 800px) 100vw, 800px\" \/><\/a><\/p>\n<\/div>\n<\/div>\n<div class=\"message spoilers-container\" dir=\"auto\">\n<p>&nbsp;<\/p>\n<p><center><\/center><center><b>OGGI<\/b><\/center><b>Tempo atteso: <\/b>Tempo variabile, con nuvolosit\u00e0 irregolare alternata a schiarite anche ampie specie al mattino e maggior nuvolosit\u00e0 cumuliforme nel pomeriggio\/sera.<br \/>\n<b>Precipitazioni: <\/b>Nella notte possibili residui temporali su Prealpi (30-50%), in mattinata poco probabile qualche isolato temporale (10%). Dalle ore centrali e nel pomeriggio\/sera nuovo aumento della probabilit\u00e0 di rovesci e temporali sparsi (30-50%). Non esclusi locali fenomeni di forte intensit\u00e0 (grandine, forti raffiche di vento e forti rovesci).<br \/>\n<b>Temperature: <\/b>Temperature in generale lieve calo specie le massime.<\/p>\n<hr \/>\n<p><center><b>DOMANI<\/b><\/center><b>Tempo atteso: <\/b>Variabile a tratti instabile con annuvolamenti pi\u00f9 consistenti rispetto ai giorni precedenti e alcune schiarite.<br \/>\n<b>Precipitazioni: <\/b>Possibili rovesci o temporali sparsi sia durante la notte e poi tra pomeriggio e sera (40-60%). I fenomeni saranno pi\u00f9 probabili su Prealpi.<br \/>\n<b>Temperature: <\/b>Temperature in generale ulteriore lieve calo.<\/p>\n<hr \/>\n<p><center><b>SABATO<\/b><\/center>Fino al mattino instabile con molte nubi e probabili rovesci e temporali specie su Prealpi. Dal pomeriggio tendenza a miglioramento con schiarite via via pi\u00f9 ampie a partire da prealpi occidentali in estensione a tutta la montagna veneta fino a cielo sereno o poco nuvoloso in serata. Temperature in ulteriore generale calo.<\/p>\n<hr \/>\n<p><center><b>DOMENICA<\/b><\/center>Tempo un p\u00f2 pi\u00f9 stabile con ampie schiarite alternate a qualche annuvolamento specie nel pomeriggio. Molto bassa ma non del tutto esclusa la possibilit\u00e0 di un rovescio o temporale nel pomeriggio. Temperature minime in calo, massime in aumento.<\/p>\n<p>&nbsp;<\/p>\n<\/div>\n<div class=\"message spoilers-container\" dir=\"auto\">\n<hr \/>\n<p>&nbsp;<\/p>\n<p><a class=\"dt-pswp-item\" href=\"https:\/\/www.radiopiu.net\/wordpress\/wp-content\/uploads\/2018\/09\/sport.jpg\" data-dt-img-description=\"\" data-large_image_width=\"800\" data-large_image_height=\"100\"><img loading=\"lazy\" decoding=\"async\" class=\"aligncenter wp-image-60761 size-full\" src=\"https:\/\/www.radiopiu.net\/wordpress\/wp-content\/uploads\/2018\/09\/sport.jpg\" alt=\"\" width=\"800\" height=\"100\" srcset=\"https:\/\/www.radiopiu.net\/wordpress\/wp-content\/uploads\/2018\/09\/sport.jpg 800w, https:\/\/www.radiopiu.net\/wordpress\/wp-content\/uploads\/2018\/09\/sport-300x38.jpg 300w, https:\/\/www.radiopiu.net\/wordpress\/wp-content\/uploads\/2018\/09\/sport-768x96.jpg 768w\" sizes=\"auto, (max-width: 800px) 100vw, 800px\" \/><\/a><\/p>\n<\/div>\n<div class=\"message spoilers-container\" dir=\"auto\">\n<p>&nbsp;<\/p>\n<p><span style=\"color: #0000ff;\"><strong>\u00a0MOTORI<\/strong><\/span><\/p>\n<blockquote>\n<h3>MODELLO FRANGIVENTO, IL BOLIDE DI GIORGIO PIROLO APRE LE GARE IN NEVEGAL<\/h3>\n<\/blockquote>\n<\/div>\n<p><strong>BELLUNO<\/strong><\/p>\n<p><strong>DI ROBERTO BONA<\/strong><\/p>\n<audio class=\"wp-audio-shortcode\" id=\"audio-344822-15\" preload=\"none\" style=\"width: 100%;\" controls=\"controls\"><source type=\"audio\/mpeg\" src=\"https:\/\/www.radiopiu.net\/wordpress\/wp-content\/uploads\/2023\/07\/FrangiventoNevegal.mp3?_=15\" \/><a href=\"https:\/\/www.radiopiu.net\/wordpress\/wp-content\/uploads\/2023\/07\/FrangiventoNevegal.mp3\">https:\/\/www.radiopiu.net\/wordpress\/wp-content\/uploads\/2023\/07\/FrangiventoNevegal.mp3<\/a><\/audio>\n<p>&nbsp;<\/p>\n\n\t\t\t<style type='text\/css'>\n\t\t\t\t#gallery-10 {\n\t\t\t\t\tmargin: auto;\n\t\t\t\t}\n\t\t\t\t#gallery-10 .gallery-item {\n\t\t\t\t\tfloat: left;\n\t\t\t\t\tmargin-top: 10px;\n\t\t\t\t\ttext-align: center;\n\t\t\t\t\twidth: 33%;\n\t\t\t\t}\n\t\t\t\t#gallery-10 img {\n\t\t\t\t\tborder: 2px solid #cfcfcf;\n\t\t\t\t}\n\t\t\t\t#gallery-10 .gallery-caption {\n\t\t\t\t\tmargin-left: 0;\n\t\t\t\t}\n\t\t\t\t\/* see gallery_shortcode() in wp-includes\/media.php *\/\n\t\t\t<\/style>\n\t\t<div id='gallery-10' class='dt-gallery-container gallery galleryid-344822 gallery-columns-3 gallery-size-thumbnail'><dl class='gallery-item'>\n\t\t\t\t<dt class='gallery-icon portrait'>\n\t\t\t\t\t<a class=\"rollover rollover-zoom dt-pswp-item\" title=\"WhatsApp Image 2023-07-19 at 16.07.01 (3)\" data-dt-img-description=\"\" data-large_image_width=\"1179\" data-large_image_height=\"1249\"href='https:\/\/www.radiopiu.net\/wordpress\/wp-content\/uploads\/2023\/07\/WhatsApp-Image-2023-07-19-at-16.07.01-3.jpeg'><img loading=\"lazy\" decoding=\"async\" width=\"150\" height=\"150\" src=\"https:\/\/www.radiopiu.net\/wordpress\/wp-content\/uploads\/2023\/07\/WhatsApp-Image-2023-07-19-at-16.07.01-3-150x150.jpeg\" class=\"attachment-thumbnail size-thumbnail\" alt=\"\" \/><\/a>\n\t\t\t\t<\/dt><\/dl><dl class='gallery-item'>\n\t\t\t\t<dt class='gallery-icon landscape'>\n\t\t\t\t\t<a class=\"rollover rollover-zoom dt-pswp-item\" title=\"WhatsApp Image 2023-07-19 at 16.07.01\" data-dt-img-description=\"\" data-large_image_width=\"1440\" data-large_image_height=\"1440\"href='https:\/\/www.radiopiu.net\/wordpress\/wp-content\/uploads\/2023\/07\/WhatsApp-Image-2023-07-19-at-16.07.01.jpeg'><img loading=\"lazy\" decoding=\"async\" width=\"150\" height=\"150\" src=\"https:\/\/www.radiopiu.net\/wordpress\/wp-content\/uploads\/2023\/07\/WhatsApp-Image-2023-07-19-at-16.07.01-150x150.jpeg\" class=\"attachment-thumbnail size-thumbnail\" alt=\"\" srcset=\"https:\/\/www.radiopiu.net\/wordpress\/wp-content\/uploads\/2023\/07\/WhatsApp-Image-2023-07-19-at-16.07.01-150x150.jpeg 150w, https:\/\/www.radiopiu.net\/wordpress\/wp-content\/uploads\/2023\/07\/WhatsApp-Image-2023-07-19-at-16.07.01-300x300.jpeg 300w, https:\/\/www.radiopiu.net\/wordpress\/wp-content\/uploads\/2023\/07\/WhatsApp-Image-2023-07-19-at-16.07.01-1024x1024.jpeg 1024w, https:\/\/www.radiopiu.net\/wordpress\/wp-content\/uploads\/2023\/07\/WhatsApp-Image-2023-07-19-at-16.07.01-768x768.jpeg 768w, https:\/\/www.radiopiu.net\/wordpress\/wp-content\/uploads\/2023\/07\/WhatsApp-Image-2023-07-19-at-16.07.01.jpeg 1440w\" sizes=\"auto, (max-width: 150px) 100vw, 150px\" \/><\/a>\n\t\t\t\t<\/dt><\/dl><dl class='gallery-item'>\n\t\t\t\t<dt class='gallery-icon landscape'>\n\t\t\t\t\t<a class=\"rollover rollover-zoom dt-pswp-item\" title=\"WhatsApp Image 2023-07-19 at 16.07.01 (1)\" data-dt-img-description=\"\" data-large_image_width=\"849\" data-large_image_height=\"849\"href='https:\/\/www.radiopiu.net\/wordpress\/wp-content\/uploads\/2023\/07\/WhatsApp-Image-2023-07-19-at-16.07.01-1.jpeg'><img loading=\"lazy\" decoding=\"async\" width=\"150\" height=\"150\" src=\"https:\/\/www.radiopiu.net\/wordpress\/wp-content\/uploads\/2023\/07\/WhatsApp-Image-2023-07-19-at-16.07.01-1-150x150.jpeg\" class=\"attachment-thumbnail size-thumbnail\" alt=\"\" srcset=\"https:\/\/www.radiopiu.net\/wordpress\/wp-content\/uploads\/2023\/07\/WhatsApp-Image-2023-07-19-at-16.07.01-1-150x150.jpeg 150w, https:\/\/www.radiopiu.net\/wordpress\/wp-content\/uploads\/2023\/07\/WhatsApp-Image-2023-07-19-at-16.07.01-1-300x300.jpeg 300w, https:\/\/www.radiopiu.net\/wordpress\/wp-content\/uploads\/2023\/07\/WhatsApp-Image-2023-07-19-at-16.07.01-1-768x768.jpeg 768w, https:\/\/www.radiopiu.net\/wordpress\/wp-content\/uploads\/2023\/07\/WhatsApp-Image-2023-07-19-at-16.07.01-1.jpeg 849w\" sizes=\"auto, (max-width: 150px) 100vw, 150px\" \/><\/a>\n\t\t\t\t<\/dt><\/dl><br style=\"clear: both\" \/>\n\t\t\t<\/div>\n\n<p>&nbsp;<\/p>\n<div class=\"page-title-head hgroup\">\n<blockquote>\n<h3 class=\"entry-title\">MEZZACASA, UNA LEPRE DA INSEGUIRE NELLA SEAT IBIZA CUP<\/h3>\n<\/blockquote>\n<\/div>\n<div class=\"page-title-breadcrumbs\"><\/div>\n<p><strong><img loading=\"lazy\" decoding=\"async\" class=\"alignleft\" src=\"https:\/\/www.radiopiu.net\/wordpress\/wp-content\/uploads\/2023\/07\/WhatsApp-Image-2023-07-19-at-16.07.01-2.jpeg\" width=\"309\" height=\"206\" \/>AGORDO<\/strong><\/p>\n<p><strong>DI ROBERTO BONA<\/strong><\/p>\n<audio class=\"wp-audio-shortcode\" id=\"audio-344822-16\" preload=\"none\" style=\"width: 100%;\" controls=\"controls\"><source type=\"audio\/mpeg\" src=\"https:\/\/www.radiopiu.net\/wordpress\/wp-content\/uploads\/2023\/07\/DenisMezzacasaGubbio.mp3?_=16\" \/><a href=\"https:\/\/www.radiopiu.net\/wordpress\/wp-content\/uploads\/2023\/07\/DenisMezzacasaGubbio.mp3\">https:\/\/www.radiopiu.net\/wordpress\/wp-content\/uploads\/2023\/07\/DenisMezzacasaGubbio.mp3<\/a><\/audio>\n<p>&nbsp;<\/p>\n<p>&nbsp;<\/p>\n<div class=\"message spoilers-container\" dir=\"auto\">\n<p><span style=\"color: #0000ff;\"><strong>NUOTO<\/strong><\/span><\/p>\n<blockquote>\n<h3>UNDICI BELLUNESI AL VIA AI CAMPIONATI REGIONALI DI CATEGORIA<\/h3>\n<\/blockquote>\n<p><strong><a class=\"dt-pswp-item\" href=\"https:\/\/www.radiopiu.net\/wordpress\/wp-content\/uploads\/2023\/07\/Monestier_e_Nerviani.jpg\" data-dt-img-description=\"\" data-large_image_width=\"1599\" data-large_image_height=\"1098\"><img loading=\"lazy\" decoding=\"async\" class=\" wp-image-344838 alignleft\" src=\"https:\/\/www.radiopiu.net\/wordpress\/wp-content\/uploads\/2023\/07\/Monestier_e_Nerviani-300x206.jpg\" alt=\"\" width=\"170\" height=\"117\" srcset=\"https:\/\/www.radiopiu.net\/wordpress\/wp-content\/uploads\/2023\/07\/Monestier_e_Nerviani-300x206.jpg 300w, https:\/\/www.radiopiu.net\/wordpress\/wp-content\/uploads\/2023\/07\/Monestier_e_Nerviani-1024x703.jpg 1024w, https:\/\/www.radiopiu.net\/wordpress\/wp-content\/uploads\/2023\/07\/Monestier_e_Nerviani-768x527.jpg 768w, https:\/\/www.radiopiu.net\/wordpress\/wp-content\/uploads\/2023\/07\/Monestier_e_Nerviani-1536x1055.jpg 1536w, https:\/\/www.radiopiu.net\/wordpress\/wp-content\/uploads\/2023\/07\/Monestier_e_Nerviani.jpg 1599w\" sizes=\"auto, (max-width: 170px) 100vw, 170px\" \/><\/a>BELLUNO <\/strong>Ben 11 atleti della Sportivamente Belluno sono scesi in acqua al Centro federale di Verona, in occasione dei Campionati regionali di categoria, in vasca da 50 metri. Dopo la qualificazione ottenuta grazie ai tempi registrati in stagione, i ragazzi si sono ben difesi e migliorati in varie gare e distanze. Sugli scudi i giovani velocisti Alessandro Nerviani e Filippo Monestier: per Alessandro, classe 2009, ottimo secondo posto nei 50 stile, miglioramenti in tutte le gare affrontate e tempo limite raggiunto &#8211; grazie al 56\u201d04 nei 100 stile &#8211; per i Campionati italiani estivi a Roma. Filippo, nato nel 2007 e gi\u00e0 qualificato per Roma, ha conquistato invece due bronzi nella categoria Ragazzi, nei 50 e 100 stile. Belle le prove anche di Minerva Dall\u2019\u00d2 e Sofia Caldart, buona esperienza per la pi\u00f9 giovane della squadra Eleonora Bortot (2010) e conferme da parte degli altri atleti. La stagione \u00e8 quasi ai titoli di coda, dopo nove mesi di impegni agonistici per i nuotatori guidati dai tecnici Alberto Cassol e Giulia Bortot, soddisfatti della crescita generale del gruppo e dalle performance degli atleti. Gli ultimi appuntamenti in calendario riguardano il meeting regionale di chiusura, il 26 luglio, e gli Italiani a Roma, dall\u20191 al 3 agosto.<\/p>\n<p>&nbsp;<\/p>\n<p><span style=\"color: #0000ff;\"><strong>MOTORI<\/strong><\/span><\/p>\n<blockquote>\n<h3>LA COPPIA MATTIAZZO-BEN AL RALLY LANA DI BIELLA<\/h3>\n<\/blockquote>\n<p><strong><a class=\"dt-pswp-item\" href=\"https:\/\/www.radiopiu.net\/wordpress\/wp-content\/uploads\/2023\/07\/5c6df28d-7483-4434-a7f8-4f0a94260965.jpg\" data-dt-img-description=\"\" data-large_image_width=\"2048\" data-large_image_height=\"1365\"><img loading=\"lazy\" decoding=\"async\" class=\" wp-image-344855 alignleft\" src=\"https:\/\/www.radiopiu.net\/wordpress\/wp-content\/uploads\/2023\/07\/5c6df28d-7483-4434-a7f8-4f0a94260965-300x200.jpg\" alt=\"\" width=\"244\" height=\"162\" srcset=\"https:\/\/www.radiopiu.net\/wordpress\/wp-content\/uploads\/2023\/07\/5c6df28d-7483-4434-a7f8-4f0a94260965-300x200.jpg 300w, https:\/\/www.radiopiu.net\/wordpress\/wp-content\/uploads\/2023\/07\/5c6df28d-7483-4434-a7f8-4f0a94260965-1024x683.jpg 1024w, https:\/\/www.radiopiu.net\/wordpress\/wp-content\/uploads\/2023\/07\/5c6df28d-7483-4434-a7f8-4f0a94260965-768x512.jpg 768w, https:\/\/www.radiopiu.net\/wordpress\/wp-content\/uploads\/2023\/07\/5c6df28d-7483-4434-a7f8-4f0a94260965-1536x1024.jpg 1536w, https:\/\/www.radiopiu.net\/wordpress\/wp-content\/uploads\/2023\/07\/5c6df28d-7483-4434-a7f8-4f0a94260965.jpg 2048w\" sizes=\"auto, (max-width: 244px) 100vw, 244px\" \/><\/a><\/strong><\/p>\n<p><strong>REDAZIONE<\/strong> Nel fine settimana si corre il Rally Lana in provincia di Biella. Nella trasferta in terra piemontese anche una compagine bellunese. Parteciperanno alla corsa anche Massimo Mattiazzo e come navigatore David Ben. Saranno portacolori della Scuderia Michael. Gareggeranno con una Peugeot 206 RC Racing Start.<\/p>\n<p>&nbsp;<\/p>\n<p>&nbsp;<\/p>\n<p><span style=\"color: #0000ff;\"><strong>CORSA CAMPESTRE<\/strong><\/span><\/p>\n<blockquote>\n<blockquote>\n<h3><a class=\"dt-pswp-item\" href=\"https:\/\/www.radiopiu.net\/wordpress\/wp-content\/uploads\/2023\/07\/2577adbd-b306-46fc-a351-43adfac3f7e7-300x225-1.jpg\" data-dt-img-description=\"\" data-large_image_width=\"300\" data-large_image_height=\"225\"><img loading=\"lazy\" decoding=\"async\" class=\"wp-image-344607 alignleft\" src=\"https:\/\/www.radiopiu.net\/wordpress\/wp-content\/uploads\/2023\/07\/2577adbd-b306-46fc-a351-43adfac3f7e7-300x225-1.jpg\" alt=\"\" width=\"160\" height=\"120\" \/><\/a>10 SETTEMBRE, LA 16 COMUNI. PERCORSI DA PROVARE<\/h3>\n<\/blockquote>\n<p><strong>DI GIANNI SANTOMASO<\/strong><\/p>\n<audio class=\"wp-audio-shortcode\" id=\"audio-344822-17\" preload=\"none\" style=\"width: 100%;\" controls=\"controls\"><source type=\"audio\/mpeg\" src=\"https:\/\/www.radiopiu.net\/wordpress\/wp-content\/uploads\/2023\/07\/GIANNI-16-COMUNI.mp3?_=17\" \/><a href=\"https:\/\/www.radiopiu.net\/wordpress\/wp-content\/uploads\/2023\/07\/GIANNI-16-COMUNI.mp3\">https:\/\/www.radiopiu.net\/wordpress\/wp-content\/uploads\/2023\/07\/GIANNI-16-COMUNI.mp3<\/a><\/audio>\n<p>&nbsp;<\/p><\/blockquote>\n<blockquote>\n<h3 class=\"entry-title\">TORNA LA CORRINVALLE IN VALLE DI SAN LUCANO<\/h3>\n<\/blockquote>\n<p><strong class=\"photoswipe-wrapper\"><a class=\"dt-pswp-item pspw-wrap-ready\" href=\"https:\/\/www.radiopiu.net\/wordpress\/wp-content\/uploads\/2023\/07\/corrinvale.png\" data-dt-img-description=\"\" data-large_image_width=\"531\" data-large_image_height=\"413\"><img loading=\"lazy\" decoding=\"async\" class=\" wp-image-343629 alignleft\" src=\"https:\/\/www.radiopiu.net\/wordpress\/wp-content\/uploads\/2023\/07\/corrinvale-300x233.png\" sizes=\"auto, (max-width: 150px) 100vw, 150px\" srcset=\"https:\/\/www.radiopiu.net\/wordpress\/wp-content\/uploads\/2023\/07\/corrinvale-300x233.png 300w, https:\/\/www.radiopiu.net\/wordpress\/wp-content\/uploads\/2023\/07\/corrinvale.png 531w\" alt=\"\" width=\"150\" height=\"117\" \/><\/a>TAIBON<\/strong>\u00a0La Corrinvalle torna in valle di San Lucano. In occasione della Festa di San Lucano, i Gruppo sportivo Taibon organizza la corsa podistica non competitiva di 6 km con partenza dal Campo Sportivo di Taibon e arrivo al tendone della sagra dietro alla chiesetta in Valle di San Lucano. Gran finale con le premiazioni e pasta party. Iscrizioni in loco dalle 16:30 alle 17:15 comprensiva di gadget e buono pasto. Per l\u2019occasione \u00e8 in programma anche la MiniCorrinvalle, la gara dedicata ai pi\u00f9 giovani, nati dal 2012 in poi. Via alle 18:30 su un tracciato di 1,5 km su percorso ad anello. Iscrizioni al tendone dalle 17:45.<\/p>\n<p>&nbsp;<\/p>\n<h2><strong><a class=\"dt-pswp-item\" href=\"https:\/\/www.radiopiu.net\/wordpress\/wp-content\/uploads\/2023\/07\/aa5024c2-1438-4e37-9257-6a00c9e780d8.jpg\" data-dt-img-description=\"\" data-large_image_width=\"1024\" data-large_image_height=\"768\"><img loading=\"lazy\" decoding=\"async\" class=\" wp-image-344557 alignleft\" src=\"https:\/\/www.radiopiu.net\/wordpress\/wp-content\/uploads\/2023\/07\/aa5024c2-1438-4e37-9257-6a00c9e780d8-300x225.jpg\" alt=\"\" width=\"168\" height=\"126\" srcset=\"https:\/\/www.radiopiu.net\/wordpress\/wp-content\/uploads\/2023\/07\/aa5024c2-1438-4e37-9257-6a00c9e780d8-300x225.jpg 300w, https:\/\/www.radiopiu.net\/wordpress\/wp-content\/uploads\/2023\/07\/aa5024c2-1438-4e37-9257-6a00c9e780d8-768x576.jpg 768w, https:\/\/www.radiopiu.net\/wordpress\/wp-content\/uploads\/2023\/07\/aa5024c2-1438-4e37-9257-6a00c9e780d8.jpg 1024w\" sizes=\"auto, (max-width: 168px) 100vw, 168px\" \/><\/a><\/strong><span style=\"color: #99cc00;\">DOMENICA LA SALI E SCENDI A FORCELLA AURINE<\/span><\/h2>\n<p><strong>REDAZIONE<\/strong> Domenica la terza tappa della Corri Poi a Forcella Aurine con la Sali e Scendi. Ne abbiamo parlato con Morgan Gnech del Progetto Desma e con Michele Costantini organizzatore della corsa podistica.<\/p>\n<p><strong>L&#8217;INTERVISTA ALLA RADIO<\/strong><\/p>\n<audio class=\"wp-audio-shortcode\" id=\"audio-344822-18\" preload=\"none\" style=\"width: 100%;\" controls=\"controls\"><source type=\"audio\/mpeg\" src=\"https:\/\/www.radiopiu.net\/wordpress\/wp-content\/uploads\/2023\/07\/SALI-E-SCENDI-FORCELLA-AURINE-MORGAN-E-MICHELE.mp3?_=18\" \/><a href=\"https:\/\/www.radiopiu.net\/wordpress\/wp-content\/uploads\/2023\/07\/SALI-E-SCENDI-FORCELLA-AURINE-MORGAN-E-MICHELE.mp3\">https:\/\/www.radiopiu.net\/wordpress\/wp-content\/uploads\/2023\/07\/SALI-E-SCENDI-FORCELLA-AURINE-MORGAN-E-MICHELE.mp3<\/a><\/audio>\n<p>&nbsp;<\/p>\n<p>&nbsp;<\/p>\n<p>&nbsp;<\/p>\n<p>&nbsp;<\/p>\n<\/div>\n<\/div>\n<\/div>\n","protected":false},"excerpt":{"rendered":"<p>40esimo di RADIOPIU\u2026. LA VOCE DELL\u2019EMOZIONE ISCRIVITI AL NOSTRO CANALE\u00a0\u00a0YOUTUBE PER SEGUIRE IN DIRETTA I PRINCIPALI PROGRAMMI DI RADIO PIU\u2019 E LE FUTURE DIRETTE IN ESTERNA. PER ISCRIVERTI\u00a0CLICCA QUI\u00a0E PREMI\u00a0 \u201cIscriviti\u201d\u00a0 &nbsp; IL SITO DI RADIOPIU: IERI SUPERATE LE 400mila visualizzazioni in 24 ore &nbsp; &nbsp; &nbsp; IL GIORNO DOPO LA TEMPESTA SI CONTANO I&hellip;<\/p>\n","protected":false},"author":4,"featured_media":344850,"comment_status":"closed","ping_status":"closed","sticky":false,"template":"","format":"standard","meta":{"_monsterinsights_skip_tracking":false,"_monsterinsights_sitenote_active":false,"_monsterinsights_sitenote_note":"","_monsterinsights_sitenote_category":0,"footnotes":""},"categories":[51,86,49],"tags":[],"class_list":["post-344822","post","type-post","status-publish","format-standard","has-post-thumbnail","hentry","category-evidenza-top","category-gr","category-news-18","category-51","category-86","category-49","description-off"],"img_url":"https:\/\/www.radiopiu.net\/wordpress\/wp-content\/uploads\/2023\/07\/348620218_692540739584472_2535555348338093210_n.jpg","_links":{"self":[{"href":"https:\/\/www.radiopiu.net\/wordpress\/wp-json\/wp\/v2\/posts\/344822","targetHints":{"allow":["GET"]}}],"collection":[{"href":"https:\/\/www.radiopiu.net\/wordpress\/wp-json\/wp\/v2\/posts"}],"about":[{"href":"https:\/\/www.radiopiu.net\/wordpress\/wp-json\/wp\/v2\/types\/post"}],"author":[{"embeddable":true,"href":"https:\/\/www.radiopiu.net\/wordpress\/wp-json\/wp\/v2\/users\/4"}],"replies":[{"embeddable":true,"href":"https:\/\/www.radiopiu.net\/wordpress\/wp-json\/wp\/v2\/comments?post=344822"}],"version-history":[{"count":0,"href":"https:\/\/www.radiopiu.net\/wordpress\/wp-json\/wp\/v2\/posts\/344822\/revisions"}],"wp:featuredmedia":[{"embeddable":true,"href":"https:\/\/www.radiopiu.net\/wordpress\/wp-json\/wp\/v2\/media\/344850"}],"wp:attachment":[{"href":"https:\/\/www.radiopiu.net\/wordpress\/wp-json\/wp\/v2\/media?parent=344822"}],"wp:term":[{"taxonomy":"category","embeddable":true,"href":"https:\/\/www.radiopiu.net\/wordpress\/wp-json\/wp\/v2\/categories?post=344822"},{"taxonomy":"post_tag","embeddable":true,"href":"https:\/\/www.radiopiu.net\/wordpress\/wp-json\/wp\/v2\/tags?post=344822"}],"curies":[{"name":"wp","href":"https:\/\/api.w.org\/{rel}","templated":true}]}}