{"id":344863,"date":"2023-07-19T12:29:29","date_gmt":"2023-07-19T10:29:29","guid":{"rendered":"https:\/\/www.radiopiu.net\/wordpress\/?p=344863"},"modified":"2023-07-19T12:29:29","modified_gmt":"2023-07-19T10:29:29","slug":"venezia-detenuto-del-carcere-di-belluno-tenta-la-fuga-durante-udienza-dal-tribunale-e-si-tuffa-nel-canale","status":"publish","type":"post","link":"https:\/\/www.radiopiu.net\/wordpress\/venezia-detenuto-del-carcere-di-belluno-tenta-la-fuga-durante-udienza-dal-tribunale-e-si-tuffa-nel-canale\/","title":{"rendered":"VENEZIA, DETENUTO DEL CARCERE DI BELLUNO TENTA LA FUGA DURANTE UDIENZA DAL TRIBUNALE E SI TUFFA NEL CANALE"},"content":{"rendered":"<p><strong><a class=\"dt-pswp-item\" href=\"https:\/\/www.radiopiu.net\/wordpress\/wp-content\/uploads\/2021\/07\/image-2.jpg\" data-dt-img-description=\"\" data-large_image_width=\"960\" data-large_image_height=\"540\"><img loading=\"lazy\" decoding=\"async\" class=\" wp-image-224354 alignleft\" src=\"https:\/\/www.radiopiu.net\/wordpress\/wp-content\/uploads\/2021\/07\/image-2-300x169.jpg\" alt=\"\" width=\"192\" height=\"108\" srcset=\"https:\/\/www.radiopiu.net\/wordpress\/wp-content\/uploads\/2021\/07\/image-2-300x169.jpg 300w, https:\/\/www.radiopiu.net\/wordpress\/wp-content\/uploads\/2021\/07\/image-2-768x432.jpg 768w, https:\/\/www.radiopiu.net\/wordpress\/wp-content\/uploads\/2021\/07\/image-2.jpg 960w\" sizes=\"auto, (max-width: 192px) 100vw, 192px\" \/><\/a>VENEZIA <\/strong>Grave episodio, questa mattina, nei pressi della Cittadella della giustizia di Venezia, dove si \u00e8 assistito al tentativo di fuga di un detenuto, quasi in stile hollywoodiano. Un detenuto, l\u00ec per una udienza, ha tentato la fuga ma \u00e8 stato prontamente fermato dagli Agenti di Polizia Penitenziaria di servizio, che non hanno esitato a buttarsi nel canale per bloccarlo. Lo rende noto il Sindacato Autonomo Polizia Penitenziaria. <em>\u201cQuesta mattina\u201d,<\/em>\u00a0spiega Giovanni Vona, segretario nazionale per il Triveneto del SAPPE,\u00a0<em>\u201cun detenuto di origine rumena, proveniente dal carcere di Belluno, doveva presenziare ad una udienza davanti al GIP di Venezia (cittadella della giustizia di Venezia). Con la scusa di andare in bagno, essendo senza manette perch\u00e9 era davanti al giudice, con un improvviso strattone riusciva a darsi alla fuga. Il soggetto pur di riuscire nel suo intento, non si \u00e8 fatto nessun problema e si \u00e8 tuffato nel canale. I colleghi della Polizia Penitenziaria, pur essendo numericamente sotto scorta, non si sono fatti scrupoli e si sono buttati anch&#8217;essi nel canale riuscendo a catturare l&#8217;evaso. Scena da film di trama hollywoodiana, ma per fortuna l\u2019uomo \u00e8 stato bloccato\u201d. \u201cIl SAPPE\u201d,<\/em>\u00a0conclude Vona,\u00a0<em>\u201caccusa ancora una volta l\u2019Amministrazione Penitenziaria di scarsa attenzione sulla problematica dei detenuti stranieri che sta rendendo il lavoro della Polizia Penitenziaria sempre pi\u00f9 difficile\u201d.<\/em><\/p>\n<p>&nbsp;<\/p>\n<p>&nbsp;<\/p>\n<p>******<\/p>\n","protected":false},"excerpt":{"rendered":"<p>VENEZIA Grave episodio, questa mattina, nei pressi della Cittadella della giustizia di Venezia, dove si \u00e8 assistito al tentativo di fuga di un detenuto, quasi in stile hollywoodiano. Un detenuto, l\u00ec per una udienza, ha tentato la fuga ma \u00e8 stato prontamente fermato dagli Agenti di Polizia Penitenziaria di servizio, che non hanno esitato a&hellip;<\/p>\n","protected":false},"author":4,"featured_media":224354,"comment_status":"closed","ping_status":"closed","sticky":false,"template":"","format":"standard","meta":{"_monsterinsights_skip_tracking":false,"_monsterinsights_sitenote_active":false,"_monsterinsights_sitenote_note":"","_monsterinsights_sitenote_category":0,"footnotes":""},"categories":[51,49],"tags":[],"class_list":["post-344863","post","type-post","status-publish","format-standard","has-post-thumbnail","hentry","category-evidenza-top","category-news-18","category-51","category-49","description-off"],"img_url":"https:\/\/www.radiopiu.net\/wordpress\/wp-content\/uploads\/2021\/07\/image-2.jpg","_links":{"self":[{"href":"https:\/\/www.radiopiu.net\/wordpress\/wp-json\/wp\/v2\/posts\/344863","targetHints":{"allow":["GET"]}}],"collection":[{"href":"https:\/\/www.radiopiu.net\/wordpress\/wp-json\/wp\/v2\/posts"}],"about":[{"href":"https:\/\/www.radiopiu.net\/wordpress\/wp-json\/wp\/v2\/types\/post"}],"author":[{"embeddable":true,"href":"https:\/\/www.radiopiu.net\/wordpress\/wp-json\/wp\/v2\/users\/4"}],"replies":[{"embeddable":true,"href":"https:\/\/www.radiopiu.net\/wordpress\/wp-json\/wp\/v2\/comments?post=344863"}],"version-history":[{"count":0,"href":"https:\/\/www.radiopiu.net\/wordpress\/wp-json\/wp\/v2\/posts\/344863\/revisions"}],"wp:featuredmedia":[{"embeddable":true,"href":"https:\/\/www.radiopiu.net\/wordpress\/wp-json\/wp\/v2\/media\/224354"}],"wp:attachment":[{"href":"https:\/\/www.radiopiu.net\/wordpress\/wp-json\/wp\/v2\/media?parent=344863"}],"wp:term":[{"taxonomy":"category","embeddable":true,"href":"https:\/\/www.radiopiu.net\/wordpress\/wp-json\/wp\/v2\/categories?post=344863"},{"taxonomy":"post_tag","embeddable":true,"href":"https:\/\/www.radiopiu.net\/wordpress\/wp-json\/wp\/v2\/tags?post=344863"}],"curies":[{"name":"wp","href":"https:\/\/api.w.org\/{rel}","templated":true}]}}