{"id":344893,"date":"2023-07-20T05:40:59","date_gmt":"2023-07-20T03:40:59","guid":{"rendered":"https:\/\/www.radiopiu.net\/wordpress\/?p=344893"},"modified":"2023-07-20T05:59:47","modified_gmt":"2023-07-20T03:59:47","slug":"caldo-la-ulss1-incontra-gli-esperti-informano","status":"publish","type":"post","link":"https:\/\/www.radiopiu.net\/wordpress\/caldo-la-ulss1-incontra-gli-esperti-informano\/","title":{"rendered":"CALDO, LA ULSS1 INCONTRA, GLI ESPERTI INFORMANO"},"content":{"rendered":"<p><a class=\"dt-pswp-item\" href=\"https:\/\/www.radiopiu.net\/wordpress\/wp-content\/uploads\/2023\/07\/WhatsApp-Image-2023-07-19-at-14.22.33.jpeg\" data-dt-img-description=\"\" data-large_image_width=\"1904\" data-large_image_height=\"882\"><img loading=\"lazy\" decoding=\"async\" class=\" wp-image-344892 alignleft\" src=\"https:\/\/www.radiopiu.net\/wordpress\/wp-content\/uploads\/2023\/07\/WhatsApp-Image-2023-07-19-at-14.22.33-300x139.jpeg\" alt=\"\" width=\"259\" height=\"120\" srcset=\"https:\/\/www.radiopiu.net\/wordpress\/wp-content\/uploads\/2023\/07\/WhatsApp-Image-2023-07-19-at-14.22.33-300x139.jpeg 300w, https:\/\/www.radiopiu.net\/wordpress\/wp-content\/uploads\/2023\/07\/WhatsApp-Image-2023-07-19-at-14.22.33-1024x474.jpeg 1024w, https:\/\/www.radiopiu.net\/wordpress\/wp-content\/uploads\/2023\/07\/WhatsApp-Image-2023-07-19-at-14.22.33-768x356.jpeg 768w, https:\/\/www.radiopiu.net\/wordpress\/wp-content\/uploads\/2023\/07\/WhatsApp-Image-2023-07-19-at-14.22.33-1536x712.jpeg 1536w, https:\/\/www.radiopiu.net\/wordpress\/wp-content\/uploads\/2023\/07\/WhatsApp-Image-2023-07-19-at-14.22.33.jpeg 1904w\" sizes=\"auto, (max-width: 259px) 100vw, 259px\" \/><\/a><strong>REDAZIONE<\/strong> Dai servizi attivati dalle centrali COT, a cosa fare in caso di colpo di calore, dall\u2019assunzione di molta acqua, anche senza avere sete, all\u2019alimentazione basata su cibi ricchi di acqua e sali minerali come frutta e verdura, all\u2019attivit\u00e0 fisica: i professionisti hanno portato, ciascuno per il proprio ambito, consigli pratici per il benessere in particolare di anziani e bambini col caldo. Attenzione \u00e8 stata posta, infine, anche ai luoghi di lavoro e al benessere degli animali domestici. Di questo hanno parlato gli esperti della Ulss presentando informazioni e indicazioni per il grande caldo. Sono intervenuti Debora Tormena &#8211; referente per la centrale COT, Giulio Trill\u00f2 &#8211; direttore SUEM, Gianfranco Conati &#8211; direttore della Geriatria di Belluno, Stefano Marzini &#8211; Coordinatore del Dipartimento Materno Infantile, Francesco Minniti &#8211; direttore della Medicina Agordo, Sandro Cinquetti &#8211; direttore del Dipartimento di Prevenzione ed Enrico Francione \u2013 dirigente medico del Servizio Veterinario Sanit\u00e0 Animale.<\/p>\n<p><a class=\"dt-pswp-item\" href=\"https:\/\/www.radiopiu.net\/wordpress\/wp-content\/uploads\/2022\/07\/CALDO.png\" data-dt-img-description=\"\" data-large_image_width=\"1618\" data-large_image_height=\"1020\"><img loading=\"lazy\" decoding=\"async\" class=\"wp-image-284864 alignleft\" src=\"https:\/\/www.radiopiu.net\/wordpress\/wp-content\/uploads\/2022\/07\/CALDO-300x189.png\" alt=\"\" width=\"183\" height=\"115\" srcset=\"https:\/\/www.radiopiu.net\/wordpress\/wp-content\/uploads\/2022\/07\/CALDO-300x189.png 300w, https:\/\/www.radiopiu.net\/wordpress\/wp-content\/uploads\/2022\/07\/CALDO-1024x646.png 1024w, https:\/\/www.radiopiu.net\/wordpress\/wp-content\/uploads\/2022\/07\/CALDO-768x484.png 768w, https:\/\/www.radiopiu.net\/wordpress\/wp-content\/uploads\/2022\/07\/CALDO-1536x968.png 1536w, https:\/\/www.radiopiu.net\/wordpress\/wp-content\/uploads\/2022\/07\/CALDO.png 1618w\" sizes=\"auto, (max-width: 183px) 100vw, 183px\" \/><\/a>numero regionale per l&#8217;emergenza caldo attivo h24 (800 535 535), fino all&#8217;avvio, nell&#8217;area dell&#8217;Ulss 1 Dolomiti, di un servizio di consulenza geriatrica telefonica attivo dal luned\u00ec al venerd\u00ec dalle 10 alle 11 e dalle 15 alle 16 fino al 31 agosto. Componendo lo 0437 516570, pazienti in difficolt\u00e0, ma anche medici di medicina generale, potranno interloquire con gli specialisti per chiedere consiglio. Per far fronte alle temperature elevate \u00e8 importante seguire una \u00abalimentazione leggera fatta di frutta e verdura principalmente, una buona idratazione, evitando l&#8217;esposizione al sole nelle ore pi\u00f9 calde cio\u00e8 dalle 12 alle 17, \u00bb, precisa il primario della Medicina di Agordo, Francesco Minniti.<\/p>\n<p>&nbsp;<\/p>\n<p>&nbsp;<\/p>\n<hr \/>\n<p>&nbsp;<\/p>\n","protected":false},"excerpt":{"rendered":"<p>REDAZIONE Dai servizi attivati dalle centrali COT, a cosa fare in caso di colpo di calore, dall\u2019assunzione di molta acqua, anche senza avere sete, all\u2019alimentazione basata su cibi ricchi di acqua e sali minerali come frutta e verdura, all\u2019attivit\u00e0 fisica: i professionisti hanno portato, ciascuno per il proprio ambito, consigli pratici per il benessere in&hellip;<\/p>\n","protected":false},"author":4,"featured_media":344892,"comment_status":"closed","ping_status":"closed","sticky":false,"template":"","format":"standard","meta":{"_monsterinsights_skip_tracking":false,"_monsterinsights_sitenote_active":false,"_monsterinsights_sitenote_note":"","_monsterinsights_sitenote_category":0,"footnotes":""},"categories":[51,49],"tags":[],"class_list":["post-344893","post","type-post","status-publish","format-standard","has-post-thumbnail","hentry","category-evidenza-top","category-news-18","category-51","category-49","description-off"],"img_url":"https:\/\/www.radiopiu.net\/wordpress\/wp-content\/uploads\/2023\/07\/WhatsApp-Image-2023-07-19-at-14.22.33.jpeg","_links":{"self":[{"href":"https:\/\/www.radiopiu.net\/wordpress\/wp-json\/wp\/v2\/posts\/344893","targetHints":{"allow":["GET"]}}],"collection":[{"href":"https:\/\/www.radiopiu.net\/wordpress\/wp-json\/wp\/v2\/posts"}],"about":[{"href":"https:\/\/www.radiopiu.net\/wordpress\/wp-json\/wp\/v2\/types\/post"}],"author":[{"embeddable":true,"href":"https:\/\/www.radiopiu.net\/wordpress\/wp-json\/wp\/v2\/users\/4"}],"replies":[{"embeddable":true,"href":"https:\/\/www.radiopiu.net\/wordpress\/wp-json\/wp\/v2\/comments?post=344893"}],"version-history":[{"count":0,"href":"https:\/\/www.radiopiu.net\/wordpress\/wp-json\/wp\/v2\/posts\/344893\/revisions"}],"wp:featuredmedia":[{"embeddable":true,"href":"https:\/\/www.radiopiu.net\/wordpress\/wp-json\/wp\/v2\/media\/344892"}],"wp:attachment":[{"href":"https:\/\/www.radiopiu.net\/wordpress\/wp-json\/wp\/v2\/media?parent=344893"}],"wp:term":[{"taxonomy":"category","embeddable":true,"href":"https:\/\/www.radiopiu.net\/wordpress\/wp-json\/wp\/v2\/categories?post=344893"},{"taxonomy":"post_tag","embeddable":true,"href":"https:\/\/www.radiopiu.net\/wordpress\/wp-json\/wp\/v2\/tags?post=344893"}],"curies":[{"name":"wp","href":"https:\/\/api.w.org\/{rel}","templated":true}]}}