{"id":344905,"date":"2023-07-01T15:37:50","date_gmt":"2023-07-01T13:37:50","guid":{"rendered":"https:\/\/www.radiopiu.net\/wordpress\/?p=344905"},"modified":"2023-07-20T06:00:31","modified_gmt":"2023-07-20T04:00:31","slug":"unaltra-allerta-gialla-in-veneto","status":"publish","type":"post","link":"https:\/\/www.radiopiu.net\/wordpress\/unaltra-allerta-gialla-in-veneto\/","title":{"rendered":"UN&#8217;ALTRA ALLERTA GIALLA IN VENETO"},"content":{"rendered":"<p>&nbsp;<\/p>\n<p><img loading=\"lazy\" decoding=\"async\" class=\"alignleft\" src=\"https:\/\/www.radiopiu.net\/wordpress\/wp-content\/uploads\/2023\/05\/piogge-e-temporali-e1470404212667.jpg\" width=\"168\" height=\"104\" \/>Scatta in questi minuti una nuova allerta gialla per criticit\u00e0 idrogeologica e idraulica per forti temporali su tutto il territorio veneto, emessa dal Centro Funzionale Decentrato della Regione a partire dalle ore 15 di oggi e fino alle ore 10.00 di domani, gioved\u00ec.<\/p>\n<p>Le previsioni meteorologiche indicano infatti dal pomeriggio di oggi, e fino alle prime ore di domani, gioved\u00ec, una nuova fase di instabilit\u00e0 che favorir\u00e0 lo sviluppo di fenomeni convettivi con probabili rovesci e temporali sparsi, dapprima sulle zone montane\/pedemontane, e poi, dalla serata, anche su parte della pianura, specie centro-orientale.<\/p>\n<p>Saranno possibili temporali localmente intensi con forti rovesci, grandinate, forti raffiche di veneto.<\/p>\n<p>&nbsp;<\/p>\n<p>&nbsp;<\/p>\n<hr \/>\n<p>&nbsp;<\/p>\n","protected":false},"excerpt":{"rendered":"<p>&nbsp; Scatta in questi minuti una nuova allerta gialla per criticit\u00e0 idrogeologica e idraulica per forti temporali su tutto il territorio veneto, emessa dal Centro Funzionale Decentrato della Regione a partire dalle ore 15 di oggi e fino alle ore 10.00 di domani, gioved\u00ec. Le previsioni meteorologiche indicano infatti dal pomeriggio di oggi, e fino&hellip;<\/p>\n","protected":false},"author":4,"featured_media":336342,"comment_status":"closed","ping_status":"closed","sticky":false,"template":"","format":"standard","meta":{"_monsterinsights_skip_tracking":false,"_monsterinsights_sitenote_active":false,"_monsterinsights_sitenote_note":"","_monsterinsights_sitenote_category":0,"footnotes":""},"categories":[49],"tags":[],"class_list":["post-344905","post","type-post","status-publish","format-standard","has-post-thumbnail","hentry","category-news-18","category-49","description-off"],"img_url":"https:\/\/www.radiopiu.net\/wordpress\/wp-content\/uploads\/2023\/05\/piogge-e-temporali-e1470404212667.jpg","_links":{"self":[{"href":"https:\/\/www.radiopiu.net\/wordpress\/wp-json\/wp\/v2\/posts\/344905","targetHints":{"allow":["GET"]}}],"collection":[{"href":"https:\/\/www.radiopiu.net\/wordpress\/wp-json\/wp\/v2\/posts"}],"about":[{"href":"https:\/\/www.radiopiu.net\/wordpress\/wp-json\/wp\/v2\/types\/post"}],"author":[{"embeddable":true,"href":"https:\/\/www.radiopiu.net\/wordpress\/wp-json\/wp\/v2\/users\/4"}],"replies":[{"embeddable":true,"href":"https:\/\/www.radiopiu.net\/wordpress\/wp-json\/wp\/v2\/comments?post=344905"}],"version-history":[{"count":0,"href":"https:\/\/www.radiopiu.net\/wordpress\/wp-json\/wp\/v2\/posts\/344905\/revisions"}],"wp:featuredmedia":[{"embeddable":true,"href":"https:\/\/www.radiopiu.net\/wordpress\/wp-json\/wp\/v2\/media\/336342"}],"wp:attachment":[{"href":"https:\/\/www.radiopiu.net\/wordpress\/wp-json\/wp\/v2\/media?parent=344905"}],"wp:term":[{"taxonomy":"category","embeddable":true,"href":"https:\/\/www.radiopiu.net\/wordpress\/wp-json\/wp\/v2\/categories?post=344905"},{"taxonomy":"post_tag","embeddable":true,"href":"https:\/\/www.radiopiu.net\/wordpress\/wp-json\/wp\/v2\/tags?post=344905"}],"curies":[{"name":"wp","href":"https:\/\/api.w.org\/{rel}","templated":true}]}}