{"id":344960,"date":"2023-07-20T05:47:43","date_gmt":"2023-07-20T03:47:43","guid":{"rendered":"https:\/\/www.radiopiu.net\/wordpress\/?p=344960"},"modified":"2023-07-20T05:55:34","modified_gmt":"2023-07-20T03:55:34","slug":"chiusura-strade-impossibile-raggiungere-il-lago-del-mis-da-sospirolo","status":"publish","type":"post","link":"https:\/\/www.radiopiu.net\/wordpress\/chiusura-strade-impossibile-raggiungere-il-lago-del-mis-da-sospirolo\/","title":{"rendered":"CHIUSURA STRADE, IMPOSSIBILE RAGGIUNGERE IL LAGO DEL MIS DA SOSPIROLO"},"content":{"rendered":"<blockquote>\n<h3><a class=\"dt-pswp-item\" href=\"https:\/\/www.radiopiu.net\/wordpress\/wp-content\/uploads\/2023\/07\/98457ed9-e3d3-417f-babe-0f4a89c7ca23.jpg\" data-dt-img-description=\"\" data-large_image_width=\"1532\" data-large_image_height=\"2048\"><img loading=\"lazy\" decoding=\"async\" class=\" wp-image-344443 alignleft\" src=\"https:\/\/www.radiopiu.net\/wordpress\/wp-content\/uploads\/2023\/07\/98457ed9-e3d3-417f-babe-0f4a89c7ca23-224x300.jpg\" alt=\"\" width=\"79\" height=\"106\" srcset=\"https:\/\/www.radiopiu.net\/wordpress\/wp-content\/uploads\/2023\/07\/98457ed9-e3d3-417f-babe-0f4a89c7ca23-224x300.jpg 224w, https:\/\/www.radiopiu.net\/wordpress\/wp-content\/uploads\/2023\/07\/98457ed9-e3d3-417f-babe-0f4a89c7ca23-766x1024.jpg 766w, https:\/\/www.radiopiu.net\/wordpress\/wp-content\/uploads\/2023\/07\/98457ed9-e3d3-417f-babe-0f4a89c7ca23-768x1027.jpg 768w, https:\/\/www.radiopiu.net\/wordpress\/wp-content\/uploads\/2023\/07\/98457ed9-e3d3-417f-babe-0f4a89c7ca23-1149x1536.jpg 1149w, https:\/\/www.radiopiu.net\/wordpress\/wp-content\/uploads\/2023\/07\/98457ed9-e3d3-417f-babe-0f4a89c7ca23.jpg 1532w\" sizes=\"auto, (max-width: 79px) 100vw, 79px\" \/><\/a>SABATO STRADA CHIUSA PER GARA CICLISTICA non mancano le critiche, sar\u00e0 un fine settimana di mancati guadagni.<\/h3>\n<\/blockquote>\n<p><strong>SOSPIROLO<\/strong> Sabato dalle 8:45 alle 19 la SP 12 tra Sospirolo, Paderno, Dussano e Ponte Mas e la comunale tra Ponte Mas, Mis e Sospirolo sar\u00e0 chiusa al traffico per permettere una gara ciclistica. Sono possibili delle aperture temporanee.<\/p>\n<p>Una misura ritenuta esagerata da diversi sospirolesi, che non stanno mancando di sottolinearlo sia su Facebook e sia a voce. Alcune attivit\u00e0 commerciali hanno peraltro gi\u00e0 ipotizzato una giornata di chiusura, prevedendo un limitato incasso.\u00a0 Con tale interdizione, sar\u00e0 quasi impossibile pure raggiungere il lago del Mis e viene da domandarsi cosa accadr\u00e0 coi turisti provenienti da fuori provincia e ignari dei divieti. L&#8217;alternativa per raggiungere la Valle \u00e8 la strada da Gosaldo.<\/p>\n<p>&nbsp;<\/p>\n<p>&nbsp;<\/p>\n<hr \/>\n<p>&nbsp;<\/p>\n","protected":false},"excerpt":{"rendered":"<p>SABATO STRADA CHIUSA PER GARA CICLISTICA non mancano le critiche, sar\u00e0 un fine settimana di mancati guadagni. SOSPIROLO Sabato dalle 8:45 alle 19 la SP 12 tra Sospirolo, Paderno, Dussano e Ponte Mas e la comunale tra Ponte Mas, Mis e Sospirolo sar\u00e0 chiusa al traffico per permettere una gara ciclistica. Sono possibili delle aperture&hellip;<\/p>\n","protected":false},"author":4,"featured_media":283312,"comment_status":"closed","ping_status":"closed","sticky":false,"template":"","format":"standard","meta":{"_monsterinsights_skip_tracking":false,"_monsterinsights_sitenote_active":false,"_monsterinsights_sitenote_note":"","_monsterinsights_sitenote_category":0,"footnotes":""},"categories":[51,49],"tags":[],"class_list":["post-344960","post","type-post","status-publish","format-standard","has-post-thumbnail","hentry","category-evidenza-top","category-news-18","category-51","category-49","description-off"],"img_url":"https:\/\/www.radiopiu.net\/wordpress\/wp-content\/uploads\/2022\/06\/1381-2022_lagomis.jpg.jpeg","_links":{"self":[{"href":"https:\/\/www.radiopiu.net\/wordpress\/wp-json\/wp\/v2\/posts\/344960","targetHints":{"allow":["GET"]}}],"collection":[{"href":"https:\/\/www.radiopiu.net\/wordpress\/wp-json\/wp\/v2\/posts"}],"about":[{"href":"https:\/\/www.radiopiu.net\/wordpress\/wp-json\/wp\/v2\/types\/post"}],"author":[{"embeddable":true,"href":"https:\/\/www.radiopiu.net\/wordpress\/wp-json\/wp\/v2\/users\/4"}],"replies":[{"embeddable":true,"href":"https:\/\/www.radiopiu.net\/wordpress\/wp-json\/wp\/v2\/comments?post=344960"}],"version-history":[{"count":0,"href":"https:\/\/www.radiopiu.net\/wordpress\/wp-json\/wp\/v2\/posts\/344960\/revisions"}],"wp:featuredmedia":[{"embeddable":true,"href":"https:\/\/www.radiopiu.net\/wordpress\/wp-json\/wp\/v2\/media\/283312"}],"wp:attachment":[{"href":"https:\/\/www.radiopiu.net\/wordpress\/wp-json\/wp\/v2\/media?parent=344960"}],"wp:term":[{"taxonomy":"category","embeddable":true,"href":"https:\/\/www.radiopiu.net\/wordpress\/wp-json\/wp\/v2\/categories?post=344960"},{"taxonomy":"post_tag","embeddable":true,"href":"https:\/\/www.radiopiu.net\/wordpress\/wp-json\/wp\/v2\/tags?post=344960"}],"curies":[{"name":"wp","href":"https:\/\/api.w.org\/{rel}","templated":true}]}}