{"id":344976,"date":"2023-07-20T07:55:35","date_gmt":"2023-07-20T05:55:35","guid":{"rendered":"https:\/\/www.radiopiu.net\/wordpress\/?p=344976"},"modified":"2023-07-20T08:42:05","modified_gmt":"2023-07-20T06:42:05","slug":"dal-1983-la-rassegna-della-stampa-locale-di-mirko-mezzacasa-2","status":"publish","type":"post","link":"https:\/\/www.radiopiu.net\/wordpress\/dal-1983-la-rassegna-della-stampa-locale-di-mirko-mezzacasa-2\/","title":{"rendered":"DAL 1983, LA RASSEGNA DELLA STAMPA LOCALE di mirko mezzacasa"},"content":{"rendered":"<p>&nbsp;<\/p>\n<p><iframe loading=\"lazy\" title=\"RASSEGNA STAMPA LOCALE\" width=\"1200\" height=\"675\" src=\"https:\/\/www.youtube.com\/embed\/MCV_RvUam50?feature=oembed\" frameborder=\"0\" allow=\"accelerometer; autoplay; clipboard-write; encrypted-media; gyroscope; picture-in-picture; web-share\" allowfullscreen><\/iframe><\/p>\n<p>&nbsp;<\/p>\n<p>MILIONI di euro di danni, sono gli effetti dell&#8217;ultima ondata di maltempo. Zaia decreta lo stato di emergenza. Un milione e mezzo di danni li conta la sola Campolongo. Il Comelico \u00e8 la zona pi\u00f9 colpita dalla bomba d&#8217;acqua di due giorni fa. 170 gli interventi dei vigili del fuoco per scoperchiamento di tetti, caduta di piante, dissesti idrogeologici.<br \/>\nFALCADE Falcade il vento ha scoperchiato un paio di tetti, un semaforo \u00e8 stato girato dal vento di 90 gradi. \u00abAlcuni alberi sono stati abbattuti appena sotto il bivio passo Valles-passo San Pellegrino\u00bb, dice il sindaco Mauro Salvaterra, \u00abtra specchi, cartelli stradali, sedie di plastica, gazebi, bagni chimici al campo di calcio \u00e8 vario il materiale spostato, divelto e distrutto. Le strade silvo-pastorali sono in sofferenza\u00bb<br \/>\nROCCA PIETORE I forti danni del vento al parco giochi Pian De Le Riscie. Ce lo racconta il sindaco di Rocca Pietore Andrea De Bernardin. . A Rocca Pietore una pianta ha colpito un\u2019auto, c\u2019\u00e8 stato uno scoperchiamento di un tetto a Laste ed \u00e8 stata portata via la pensilina per l\u2019attesa delle corriere a Digonera. \u2014<br \/>\nTAIBON Comune e Protezione Civile in tempo di record liberano le strade ciclopedonali in Valle di San Lucano, tra la centralina e le Peschiere, interessate da schianti.<br \/>\nVENEZIA_BELLUNO Un detenuto del carcere di Baldenich, a processo a Venezia in Tribunale ha tentato la fuga, dopo aver chiesto di andare in bagno si \u00e8 tuffato nel canale per cercare la fuga, l&#8217;illegale libert\u00e0 \u00e8 durata poco, gli agenti non hanno esitato a buttarsi in acqua e bloccarlo.<br \/>\nCOMELICO SUPERIORE Martedi sera, poco prima delle 23, le squadre del Soccorso alpino della Val Comelico e della Guardia di finanza di Auronzo sono partite in direzione dell\u2019attacco della Ferrata Roghel, dove si trovava una coppia di escursionisti ungheresi in difficolt\u00e0. I due erano stati investiti dal maltempo nel tragitto e avevano trovato un riparo di fortuna per lasciare passare il forte temporale. Tredici soccorritori li hanno raggiunti a circa 2.400 metri di quota, la coppia era collaborativa, e li hanno accompagnati fino al Rifugio Berti, dove hanno passato la notte. L\u2019intervento si \u00e8 concluso passate le due.<br \/>\nTORNA IL SOLE E UNA RAFFICA DI RICHIESTE DI AIUTO IERI SOPRATTUTTO DURANTE IL TEMPORALE. CADE IN BICI A CORTINA, BRACCIO FRATTURATO.<br \/>\nFELTRE \u00c8 morto ieri all\u2019et\u00e0 di sessant\u2019anni Luca Pauletti, l\u2019Ente Palio lo volle alla guida della commissione veterinaria l\u2019anno seguente alla morte di due cavalli durante la corsa. Ed erano proprio i cavalli la sua grande passione.<br \/>\nI SERVIZI FORESTALI HANNO DATO IL VIA ALLA MESSA IN SICUREZZA DEL CORDEVOLE AD ARABBA<br \/>\nGRANDI MANOVRE, DEL GALLO NOMINATO COMANDANTE DEI VIGILI DEL FUOCO DI FERRARA<br \/>\nAPPROVATO \u201cRESTART 2\u201d LA NUOVA INIZIATIVA COFINANZIATA DAL VENETO PER FAVORIRE IL REINSERIMENTO SOCIALE DELLE PERSONE IN ESECUZIONE PENALE<br \/>\nA BELLUNO IL 20-21 LUGLIO IL CONVEGNO PROMOSSO DA DIECI UNIVERSITA\u2019 ITALIANE, SPAGNOLE E DELLA SVIZZERA SU STORIA, DIRITTO E POLITICA NEI RAPPORTI ITALIA-SPAGNA<br \/>\nLIVINALLONGO Oggi alle 9 al Castello di Andraz \u00e8 in programma un\u2019escursione attorno al castello per conoscere le piante utili in cucina ed erboristeria<br \/>\nFALCADE Oggi alle 21 alla Casa della Giovent\u00f9 di Caviola una serata con Anselmo Cagnati dal titolo \u201cTjikko, con i cani da slitta del grande nord\u201d<br \/>\nMOTORI MODELLO FRANGIVENTO, IL BOLIDE DI GIORGIO PIROLO APRE LE GARE IN NEVEGAL<br \/>\nMEZZACASA, UNA LEPRE DA INSEGUIRE NELLA SEAT IBIZA CUP<br \/>\nNUOTO UNDICI BELLUNESI AL VIA AI CAMPIONATI REGIONALI DI CATEGORIA<br \/>\nMOTORI LA COPPIA MATTIAZZO-BEN AL RALLY LANA DI BIELLA<br \/>\nCORSA CAMPESTRE 10 SETTEMBRE, LA 16 COMUNI. PERCORSI DA PROVARE<br \/>\nTORNA LA CORRINVALLE IN VALLE DI SAN LUCANO SABATO A TAIBON<br \/>\nDOMENICA LA SALI E SCENDI A FORCELLA AURINE<\/p>\n<p>&nbsp;<\/p>\n<p>&nbsp;<\/p>\n<p>&nbsp;<\/p>\n<p>&nbsp;<\/p>\n","protected":false},"excerpt":{"rendered":"<p>&nbsp; &nbsp; MILIONI di euro di danni, sono gli effetti dell&#8217;ultima ondata di maltempo. Zaia decreta lo stato di emergenza. Un milione e mezzo di danni li conta la sola Campolongo. Il Comelico \u00e8 la zona pi\u00f9 colpita dalla bomba d&#8217;acqua di due giorni fa. 170 gli interventi dei vigili del fuoco per scoperchiamento di&hellip;<\/p>\n","protected":false},"author":4,"featured_media":344977,"comment_status":"closed","ping_status":"closed","sticky":false,"template":"","format":"standard","meta":{"_monsterinsights_skip_tracking":false,"_monsterinsights_sitenote_active":false,"_monsterinsights_sitenote_note":"","_monsterinsights_sitenote_category":0,"footnotes":""},"categories":[104,49,142],"tags":[],"class_list":["post-344976","post","type-post","status-publish","format-standard","has-post-thumbnail","hentry","category-evidenza_3","category-news-18","category-rassegna-stampa","category-104","category-49","category-142","description-off"],"img_url":"https:\/\/www.radiopiu.net\/wordpress\/wp-content\/uploads\/2023\/07\/Senza-nome-51.png","_links":{"self":[{"href":"https:\/\/www.radiopiu.net\/wordpress\/wp-json\/wp\/v2\/posts\/344976","targetHints":{"allow":["GET"]}}],"collection":[{"href":"https:\/\/www.radiopiu.net\/wordpress\/wp-json\/wp\/v2\/posts"}],"about":[{"href":"https:\/\/www.radiopiu.net\/wordpress\/wp-json\/wp\/v2\/types\/post"}],"author":[{"embeddable":true,"href":"https:\/\/www.radiopiu.net\/wordpress\/wp-json\/wp\/v2\/users\/4"}],"replies":[{"embeddable":true,"href":"https:\/\/www.radiopiu.net\/wordpress\/wp-json\/wp\/v2\/comments?post=344976"}],"version-history":[{"count":0,"href":"https:\/\/www.radiopiu.net\/wordpress\/wp-json\/wp\/v2\/posts\/344976\/revisions"}],"wp:featuredmedia":[{"embeddable":true,"href":"https:\/\/www.radiopiu.net\/wordpress\/wp-json\/wp\/v2\/media\/344977"}],"wp:attachment":[{"href":"https:\/\/www.radiopiu.net\/wordpress\/wp-json\/wp\/v2\/media?parent=344976"}],"wp:term":[{"taxonomy":"category","embeddable":true,"href":"https:\/\/www.radiopiu.net\/wordpress\/wp-json\/wp\/v2\/categories?post=344976"},{"taxonomy":"post_tag","embeddable":true,"href":"https:\/\/www.radiopiu.net\/wordpress\/wp-json\/wp\/v2\/tags?post=344976"}],"curies":[{"name":"wp","href":"https:\/\/api.w.org\/{rel}","templated":true}]}}