{"id":344993,"date":"2023-07-20T09:38:16","date_gmt":"2023-07-20T07:38:16","guid":{"rendered":"https:\/\/www.radiopiu.net\/wordpress\/?p=344993"},"modified":"2023-07-20T09:38:16","modified_gmt":"2023-07-20T07:38:16","slug":"soccorse-due-escursioniste-nella-notte","status":"publish","type":"post","link":"https:\/\/www.radiopiu.net\/wordpress\/soccorse-due-escursioniste-nella-notte\/","title":{"rendered":"SOCCORSE DUE ESCURSIONISTE NELLA NOTTE"},"content":{"rendered":"<p><strong><a class=\"dt-pswp-item\" href=\"https:\/\/www.radiopiu.net\/wordpress\/wp-content\/uploads\/2023\/07\/Watermark_20230720_090944_710.jpg\" data-dt-img-description=\"\" data-large_image_width=\"2364\" data-large_image_height=\"1773\"><img loading=\"lazy\" decoding=\"async\" class=\" wp-image-344994 alignleft\" src=\"https:\/\/www.radiopiu.net\/wordpress\/wp-content\/uploads\/2023\/07\/Watermark_20230720_090944_710-300x225.jpg\" alt=\"\" width=\"191\" height=\"143\" srcset=\"https:\/\/www.radiopiu.net\/wordpress\/wp-content\/uploads\/2023\/07\/Watermark_20230720_090944_710-300x225.jpg 300w, https:\/\/www.radiopiu.net\/wordpress\/wp-content\/uploads\/2023\/07\/Watermark_20230720_090944_710-1024x768.jpg 1024w, https:\/\/www.radiopiu.net\/wordpress\/wp-content\/uploads\/2023\/07\/Watermark_20230720_090944_710-768x576.jpg 768w, https:\/\/www.radiopiu.net\/wordpress\/wp-content\/uploads\/2023\/07\/Watermark_20230720_090944_710-1536x1152.jpg 1536w, https:\/\/www.radiopiu.net\/wordpress\/wp-content\/uploads\/2023\/07\/Watermark_20230720_090944_710-2048x1536.jpg 2048w\" sizes=\"auto, (max-width: 191px) 100vw, 191px\" \/><\/a>SAN VITO DI CADORE<\/strong> Attorno alle 21 la Centrale del Suem \u00e8 stata contattata da una turista straniera, che diceva di trovarsi con un&#8217;amica lungo il sentiero 248 dopo aver fatto una ferrata, impossibilitate a proseguire per il buio. Verificato che su quell&#8217;itinerario non ci sono tratti attrezzati, dalle indicazioni il tecnico di centrale del Soccorso alpino ha capito dove fossero le due donne, una 58enne e una 63enne polacche, ovvero sul sentiero 241 della Croda Marcora, un percorso difficile e poco segnato, altamente impegnativo. Allertato il Soccorso alpino di San Vito di Cadore, nove soccorritori sono partiti con i mezzi per poi proseguire a piedi. Come suggerito dalla Centrale, le donne hanno fatto partire i segnali lampeggianti dalla propria frontale ed \u00e8 stato cos\u00ec possibile individuare il punto in cui erano ferme. La squadra \u00e8 quindi risalita per 400 metri di dislivello, le ha raggiunte a 1.630 metri di altitudine e assicurate alle corde, per poi accompagnarle durante la discesa. Il rientro \u00e8 stato molto lento in quanto le due escursioniste, in particolar modo una, erano sfinite dalla stanchezza. Partire dal Rifugio San Marco, avevano fatto la Ferrata Berti con l&#8217;intenzione di scendere a Dogana Vecchia. Arrivati a San Vito verso mezzanotte, i soccorritori hanno inoltre cercato una stanza d&#8217;albergo per le due turiste, che, nei loro piani, avrebbero dovuto pernottare a Son Forca a Cortina.<\/p>\n<p>&nbsp;<\/p>\n<p>&nbsp;<\/p>\n<p>*******<\/p>\n","protected":false},"excerpt":{"rendered":"<p>SAN VITO DI CADORE Attorno alle 21 la Centrale del Suem \u00e8 stata contattata da una turista straniera, che diceva di trovarsi con un&#8217;amica lungo il sentiero 248 dopo aver fatto una ferrata, impossibilitate a proseguire per il buio. Verificato che su quell&#8217;itinerario non ci sono tratti attrezzati, dalle indicazioni il tecnico di centrale del&hellip;<\/p>\n","protected":false},"author":4,"featured_media":344994,"comment_status":"closed","ping_status":"closed","sticky":false,"template":"","format":"standard","meta":{"_monsterinsights_skip_tracking":false,"_monsterinsights_sitenote_active":false,"_monsterinsights_sitenote_note":"","_monsterinsights_sitenote_category":0,"footnotes":""},"categories":[51,49],"tags":[],"class_list":["post-344993","post","type-post","status-publish","format-standard","has-post-thumbnail","hentry","category-evidenza-top","category-news-18","category-51","category-49","description-off"],"img_url":"https:\/\/www.radiopiu.net\/wordpress\/wp-content\/uploads\/2023\/07\/Watermark_20230720_090944_710.jpg","_links":{"self":[{"href":"https:\/\/www.radiopiu.net\/wordpress\/wp-json\/wp\/v2\/posts\/344993","targetHints":{"allow":["GET"]}}],"collection":[{"href":"https:\/\/www.radiopiu.net\/wordpress\/wp-json\/wp\/v2\/posts"}],"about":[{"href":"https:\/\/www.radiopiu.net\/wordpress\/wp-json\/wp\/v2\/types\/post"}],"author":[{"embeddable":true,"href":"https:\/\/www.radiopiu.net\/wordpress\/wp-json\/wp\/v2\/users\/4"}],"replies":[{"embeddable":true,"href":"https:\/\/www.radiopiu.net\/wordpress\/wp-json\/wp\/v2\/comments?post=344993"}],"version-history":[{"count":0,"href":"https:\/\/www.radiopiu.net\/wordpress\/wp-json\/wp\/v2\/posts\/344993\/revisions"}],"wp:featuredmedia":[{"embeddable":true,"href":"https:\/\/www.radiopiu.net\/wordpress\/wp-json\/wp\/v2\/media\/344994"}],"wp:attachment":[{"href":"https:\/\/www.radiopiu.net\/wordpress\/wp-json\/wp\/v2\/media?parent=344993"}],"wp:term":[{"taxonomy":"category","embeddable":true,"href":"https:\/\/www.radiopiu.net\/wordpress\/wp-json\/wp\/v2\/categories?post=344993"},{"taxonomy":"post_tag","embeddable":true,"href":"https:\/\/www.radiopiu.net\/wordpress\/wp-json\/wp\/v2\/tags?post=344993"}],"curies":[{"name":"wp","href":"https:\/\/api.w.org\/{rel}","templated":true}]}}