{"id":344996,"date":"2023-07-21T05:39:01","date_gmt":"2023-07-21T03:39:01","guid":{"rendered":"https:\/\/www.radiopiu.net\/wordpress\/?p=344996"},"modified":"2023-07-21T08:51:54","modified_gmt":"2023-07-21T06:51:54","slug":"giornale-radiopiu-21-luglio-2023-direttore-mirko-mezzacasada-40-anni-25-giugno-1983-25-giugno-2023","status":"publish","type":"post","link":"https:\/\/www.radiopiu.net\/wordpress\/giornale-radiopiu-21-luglio-2023-direttore-mirko-mezzacasada-40-anni-25-giugno-1983-25-giugno-2023\/","title":{"rendered":"GIORNALE RADIOPIU 21 LUGLIO 2023 DIRETTORE MIRKO MEZZACASA\u2026DA 40 ANNI 25 GIUGNO 1983-25 GIUGNO 2023"},"content":{"rendered":"<h2 style=\"text-align: left;\"><span style=\"color: #ff0000;\"><span style=\"vertical-align: inherit;\"><a class=\"dt-pswp-item\" href=\"https:\/\/www.radiopiu.net\/wordpress\/wp-content\/uploads\/2023\/04\/e0aad41d-951e-47b9-9fae-1a879a9bcb7e-1.jpg\" data-dt-img-description=\"\" data-large_image_width=\"1200\" data-large_image_height=\"1200\"><img loading=\"lazy\" decoding=\"async\" class=\"wp-image-333205 alignleft\" src=\"https:\/\/www.radiopiu.net\/wordpress\/wp-content\/uploads\/2023\/04\/e0aad41d-951e-47b9-9fae-1a879a9bcb7e-1-300x300.jpg\" alt=\"\" width=\"110\" height=\"110\" srcset=\"https:\/\/www.radiopiu.net\/wordpress\/wp-content\/uploads\/2023\/04\/e0aad41d-951e-47b9-9fae-1a879a9bcb7e-1-300x300.jpg 300w, https:\/\/www.radiopiu.net\/wordpress\/wp-content\/uploads\/2023\/04\/e0aad41d-951e-47b9-9fae-1a879a9bcb7e-1-1024x1024.jpg 1024w, https:\/\/www.radiopiu.net\/wordpress\/wp-content\/uploads\/2023\/04\/e0aad41d-951e-47b9-9fae-1a879a9bcb7e-1-150x150.jpg 150w, https:\/\/www.radiopiu.net\/wordpress\/wp-content\/uploads\/2023\/04\/e0aad41d-951e-47b9-9fae-1a879a9bcb7e-1-768x768.jpg 768w, https:\/\/www.radiopiu.net\/wordpress\/wp-content\/uploads\/2023\/04\/e0aad41d-951e-47b9-9fae-1a879a9bcb7e-1.jpg 1200w\" sizes=\"auto, (max-width: 110px) 100vw, 110px\" \/><\/a><\/span><\/span><\/h2>\n<h1 class=\"entry-title\">40esimo di RADIOPIU\u2026. LA VOCE DELL\u2019EMOZIONE<\/h1>\n<h2><span style=\"color: #ff0000;\">ISCRIVITI AL NOSTRO CANALE\u00a0\u00a0YOUTUBE PER SEGUIRE IN DIRETTA I PRINCIPALI PROGRAMMI DI RADIO PIU\u2019 E LE FUTURE DIRETTE IN ESTERNA. PER ISCRIVERTI\u00a0<a style=\"color: #ff0000;\" href=\"https:\/\/youtube.com\/@radiopiu1527\">CLICCA QUI\u00a0<\/a>E PREMI\u00a0 \u201cIscriviti\u201d<\/span><\/h2>\n<p><span style=\"color: #0000ff;\"><strong>LUNEDI\u00a0 dalle 9 a fine lavori potrebbe mancare l&#8217;acqua a GOSALDO nelle localit\u00e0 DOMADORE, FAUSTIN, TITELE, LONGHI, SARESIN, CIET, MARCHET, LA COSTA, MASOCH, PETTE, NAGAREI, CALDRAS, NADAI, MELE, ZAVAT, CARRERA, BEZZOI, NORI, CODA, PIOLE, STUER. <\/strong><\/span><\/p>\n<hr \/>\n<blockquote>\n<h3>La seconda eliambulanza dell&#8217;Ulss Equipaggio fornito da Dolomiti Emergency<\/h3>\n<\/blockquote>\n<div class=\"articlePlainText\">Falco 2, il secondo elicottero &#8220;estivo&#8221; dell&#8217;elisoccorso bellunese, si \u00e8 alzato dall&#8217;aeroporto Dell&#8217;Oro alle 12. 30 di ieri, giorno inaugurale del servizio che proseguir\u00e0 fino al 20 settembre.<\/div>\n<div>\n\n\t\t\t<style type='text\/css'>\n\t\t\t\t#gallery-1 {\n\t\t\t\t\tmargin: auto;\n\t\t\t\t}\n\t\t\t\t#gallery-1 .gallery-item {\n\t\t\t\t\tfloat: left;\n\t\t\t\t\tmargin-top: 10px;\n\t\t\t\t\ttext-align: center;\n\t\t\t\t\twidth: 50%;\n\t\t\t\t}\n\t\t\t\t#gallery-1 img {\n\t\t\t\t\tborder: 2px solid #cfcfcf;\n\t\t\t\t}\n\t\t\t\t#gallery-1 .gallery-caption {\n\t\t\t\t\tmargin-left: 0;\n\t\t\t\t}\n\t\t\t\t\/* see gallery_shortcode() in wp-includes\/media.php *\/\n\t\t\t<\/style>\n\t\t<div id='gallery-1' class='dt-gallery-container gallery galleryid-344996 gallery-columns-2 gallery-size-thumbnail'><dl class='gallery-item'>\n\t\t\t\t<dt class='gallery-icon landscape'>\n\t\t\t\t\t<a class=\"rollover rollover-zoom dt-pswp-item\" title=\"536ac07a-a78e-4c70-ae90-407319969a9f\" data-dt-img-description=\"\" data-large_image_width=\"1600\" data-large_image_height=\"1066\"href='https:\/\/www.radiopiu.net\/wordpress\/wp-content\/uploads\/2023\/07\/536ac07a-a78e-4c70-ae90-407319969a9f.jpg'><img loading=\"lazy\" decoding=\"async\" width=\"150\" height=\"150\" src=\"https:\/\/www.radiopiu.net\/wordpress\/wp-content\/uploads\/2023\/07\/536ac07a-a78e-4c70-ae90-407319969a9f-150x150.jpg\" class=\"attachment-thumbnail size-thumbnail\" alt=\"\" \/><\/a>\n\t\t\t\t<\/dt><\/dl><dl class='gallery-item'>\n\t\t\t\t<dt class='gallery-icon landscape'>\n\t\t\t\t\t<a class=\"rollover rollover-zoom dt-pswp-item\" title=\"84659f1e-9447-4dad-882e-c6b15a726f56\" data-dt-img-description=\"\" data-large_image_width=\"1600\" data-large_image_height=\"1066\"href='https:\/\/www.radiopiu.net\/wordpress\/wp-content\/uploads\/2023\/07\/84659f1e-9447-4dad-882e-c6b15a726f56.jpg'><img loading=\"lazy\" decoding=\"async\" width=\"150\" height=\"150\" src=\"https:\/\/www.radiopiu.net\/wordpress\/wp-content\/uploads\/2023\/07\/84659f1e-9447-4dad-882e-c6b15a726f56-150x150.jpg\" class=\"attachment-thumbnail size-thumbnail\" alt=\"\" \/><\/a>\n\t\t\t\t<\/dt><\/dl><br style=\"clear: both\" \/>\n\t\t\t<\/div>\n\n<\/div>\n<p>&nbsp;<\/p>\n<hr \/>\n<p>&nbsp;<\/p>\n<blockquote>\n<h3><a class=\"dt-pswp-item\" href=\"https:\/\/www.radiopiu.net\/wordpress\/wp-content\/uploads\/2023\/07\/378f61d0-01d0-4eda-b7b6-77185c76ca82.jpg\" data-dt-img-description=\"\" data-large_image_width=\"679\" data-large_image_height=\"552\"><img loading=\"lazy\" decoding=\"async\" class=\" wp-image-345091 alignleft\" src=\"https:\/\/www.radiopiu.net\/wordpress\/wp-content\/uploads\/2023\/07\/378f61d0-01d0-4eda-b7b6-77185c76ca82-300x244.jpg\" alt=\"\" width=\"193\" height=\"157\" srcset=\"https:\/\/www.radiopiu.net\/wordpress\/wp-content\/uploads\/2023\/07\/378f61d0-01d0-4eda-b7b6-77185c76ca82-300x244.jpg 300w, https:\/\/www.radiopiu.net\/wordpress\/wp-content\/uploads\/2023\/07\/378f61d0-01d0-4eda-b7b6-77185c76ca82.jpg 679w\" sizes=\"auto, (max-width: 193px) 100vw, 193px\" \/><\/a>203 AGORDINA, CHIUSURE A FASCE ORARIE<\/h3>\n<\/blockquote>\n<p><strong>SEDICO<\/strong> Riprendono i lavori sulla SR 203 Agordina in localit\u00e0 La Pissa. Dal 24 luglio al 4 agosto, esclusi sabati e domeniche, la strada verr\u00e0 chiusa a fasce orarie: dalle 8 alle 9:35, dalle 9:50 alle 11:10, Dalle 11:25 alle 12:20 e dalle 14:25 alle 15:55.<\/p>\n<p>&nbsp;<\/p>\n<p>&nbsp;<\/p>\n<hr \/>\n<p>&nbsp;<\/p>\n<blockquote>\n<h3>ACQUA INQUINATA A SAN TOMASO. &#8220;PURA&#8221; A ROCCA PIETORE<\/h3>\n<\/blockquote>\n<div class=\"moz-text-html\" lang=\"x-unicode\"><strong><img loading=\"lazy\" decoding=\"async\" class=\"alignleft\" src=\"https:\/\/www.radiopiu.net\/wordpress\/wp-content\/uploads\/2018\/08\/ACQUA.jpeg\" width=\"138\" height=\"83\" \/>SAN TOMASO AGORDINO<\/strong> nelle localit\u00e0 RONCH E CANACEDE l&#8217;acqua erogata dall&#8217;acquedotto non \u00e8 potabile e pu\u00f2 essere usata per scopi alimentari SOLO PREVIA bollitura. GSP ha, comunque, gi\u00e0 adottato le necessarie misure per la disinfezione dell&#8217;acqua presente nei serbatoi e nella rete idrica con l&#8217;aggiunta di cloro.<\/div>\n<div lang=\"x-unicode\"><strong>ROCCA PIETORE<\/strong>\u00a0 nelle localit\u00e0 VAL, DAGAI, DAVARE, LE COSTE e RONCH l&#8217;acqua erogata dall&#8217;acquedotto \u00e8 di nuovo potabile e pu\u00f2 essere usata, quindi, per scopi alimentari.<\/div>\n<p>&nbsp;<\/p>\n<p>&nbsp;<\/p>\n<hr \/>\n<p>&nbsp;<\/p>\n<blockquote>\n<h3 class=\"entry-title\"><strong style=\"font-size: 14px;\">BELLUNO<\/strong><span style=\"font-size: 14px; font-weight: normal;\"> Non solo interventi in montagna per il Suem. Infatti il personale del 118 \u00e8 intervenuto a Taibon alle 9.30\u00a0 e un&#8217;ora dopo a Santa Giustina per l&#8217;investimento di un pedone, un uomo di 74 anni di Santa Giustina ricoverato in ospedale con ferite di media gravit\u00e0.<\/span><\/h3>\n<\/blockquote>\n<blockquote>\n<h3>CENTAURO DI ROCCA PIETORE CONTRO IL GUARD RAIL<\/h3>\n<\/blockquote>\n<p><strong>TAIBON<\/strong> Alle 10 di\u00a0 ieri mattina il sinistro tra Taibon e Ronch de Bosc (regionale 203 agordina). I Carabinieri di Falcade stabiliranno come si \u00e8 sviluppato lo schianto,\u00a0 la moto ha cozzato contro il guard rail e la ruota anteriore \u00e8 volata via.\u00a0 Ad avere la peggio il centauro che &#8211; cosciente &#8211;\u00a0 una volta stabilizzato \u00e8 stato\u00a0 trasferito all&#8217;ospedale di Agordo dal personale del 118 del Pronto Soccorso. L&#8217;uomo, 49enne di Rocca Pietore \u00e8 stato trasportato all&#8217;ospedale di Agordo con ferite di media gravit\u00e0.<\/p>\n\n\t\t\t<style type='text\/css'>\n\t\t\t\t#gallery-2 {\n\t\t\t\t\tmargin: auto;\n\t\t\t\t}\n\t\t\t\t#gallery-2 .gallery-item {\n\t\t\t\t\tfloat: left;\n\t\t\t\t\tmargin-top: 10px;\n\t\t\t\t\ttext-align: center;\n\t\t\t\t\twidth: 50%;\n\t\t\t\t}\n\t\t\t\t#gallery-2 img {\n\t\t\t\t\tborder: 2px solid #cfcfcf;\n\t\t\t\t}\n\t\t\t\t#gallery-2 .gallery-caption {\n\t\t\t\t\tmargin-left: 0;\n\t\t\t\t}\n\t\t\t\t\/* see gallery_shortcode() in wp-includes\/media.php *\/\n\t\t\t<\/style>\n\t\t<div id='gallery-2' class='dt-gallery-container gallery galleryid-344996 gallery-columns-2 gallery-size-medium'><dl class='gallery-item'>\n\t\t\t\t<dt class='gallery-icon landscape'>\n\t\t\t\t\t<a class=\"rollover rollover-zoom dt-pswp-item\" title=\"b347b36a-7b0c-4ac5-a7bb-197a507e7f6c\" data-dt-img-description=\"\" data-large_image_width=\"2048\" data-large_image_height=\"1152\"href='https:\/\/www.radiopiu.net\/wordpress\/wp-content\/uploads\/2023\/07\/b347b36a-7b0c-4ac5-a7bb-197a507e7f6c.jpg'><img loading=\"lazy\" decoding=\"async\" width=\"300\" height=\"169\" src=\"https:\/\/www.radiopiu.net\/wordpress\/wp-content\/uploads\/2023\/07\/b347b36a-7b0c-4ac5-a7bb-197a507e7f6c-300x169.jpg\" class=\"attachment-medium size-medium\" alt=\"\" srcset=\"https:\/\/www.radiopiu.net\/wordpress\/wp-content\/uploads\/2023\/07\/b347b36a-7b0c-4ac5-a7bb-197a507e7f6c-300x169.jpg 300w, https:\/\/www.radiopiu.net\/wordpress\/wp-content\/uploads\/2023\/07\/b347b36a-7b0c-4ac5-a7bb-197a507e7f6c-1024x576.jpg 1024w, https:\/\/www.radiopiu.net\/wordpress\/wp-content\/uploads\/2023\/07\/b347b36a-7b0c-4ac5-a7bb-197a507e7f6c-768x432.jpg 768w, https:\/\/www.radiopiu.net\/wordpress\/wp-content\/uploads\/2023\/07\/b347b36a-7b0c-4ac5-a7bb-197a507e7f6c-1536x864.jpg 1536w, https:\/\/www.radiopiu.net\/wordpress\/wp-content\/uploads\/2023\/07\/b347b36a-7b0c-4ac5-a7bb-197a507e7f6c.jpg 2048w\" sizes=\"auto, (max-width: 300px) 100vw, 300px\" \/><\/a>\n\t\t\t\t<\/dt><\/dl><dl class='gallery-item'>\n\t\t\t\t<dt class='gallery-icon landscape'>\n\t\t\t\t\t<a class=\"rollover rollover-zoom dt-pswp-item\" title=\"fd88fc18-d832-4f83-b4dc-de6074346e75\" data-dt-img-description=\"\" data-large_image_width=\"2048\" data-large_image_height=\"1152\"href='https:\/\/www.radiopiu.net\/wordpress\/wp-content\/uploads\/2023\/07\/fd88fc18-d832-4f83-b4dc-de6074346e75.jpg'><img loading=\"lazy\" decoding=\"async\" width=\"300\" height=\"169\" src=\"https:\/\/www.radiopiu.net\/wordpress\/wp-content\/uploads\/2023\/07\/fd88fc18-d832-4f83-b4dc-de6074346e75-300x169.jpg\" class=\"attachment-medium size-medium\" alt=\"\" srcset=\"https:\/\/www.radiopiu.net\/wordpress\/wp-content\/uploads\/2023\/07\/fd88fc18-d832-4f83-b4dc-de6074346e75-300x169.jpg 300w, https:\/\/www.radiopiu.net\/wordpress\/wp-content\/uploads\/2023\/07\/fd88fc18-d832-4f83-b4dc-de6074346e75-1024x576.jpg 1024w, https:\/\/www.radiopiu.net\/wordpress\/wp-content\/uploads\/2023\/07\/fd88fc18-d832-4f83-b4dc-de6074346e75-768x432.jpg 768w, https:\/\/www.radiopiu.net\/wordpress\/wp-content\/uploads\/2023\/07\/fd88fc18-d832-4f83-b4dc-de6074346e75-1536x864.jpg 1536w, https:\/\/www.radiopiu.net\/wordpress\/wp-content\/uploads\/2023\/07\/fd88fc18-d832-4f83-b4dc-de6074346e75.jpg 2048w\" sizes=\"auto, (max-width: 300px) 100vw, 300px\" \/><\/a>\n\t\t\t\t<\/dt><\/dl><br style=\"clear: both\" \/><dl class='gallery-item'>\n\t\t\t\t<dt class='gallery-icon landscape'>\n\t\t\t\t\t<a class=\"rollover rollover-zoom dt-pswp-item\" title=\"4cdae9b5-65c4-4bc6-ae56-1f8d7278b625\" data-dt-img-description=\"\" data-large_image_width=\"2048\" data-large_image_height=\"1152\"href='https:\/\/www.radiopiu.net\/wordpress\/wp-content\/uploads\/2023\/07\/4cdae9b5-65c4-4bc6-ae56-1f8d7278b625.jpg'><img loading=\"lazy\" decoding=\"async\" width=\"300\" height=\"169\" src=\"https:\/\/www.radiopiu.net\/wordpress\/wp-content\/uploads\/2023\/07\/4cdae9b5-65c4-4bc6-ae56-1f8d7278b625-300x169.jpg\" class=\"attachment-medium size-medium\" alt=\"\" srcset=\"https:\/\/www.radiopiu.net\/wordpress\/wp-content\/uploads\/2023\/07\/4cdae9b5-65c4-4bc6-ae56-1f8d7278b625-300x169.jpg 300w, https:\/\/www.radiopiu.net\/wordpress\/wp-content\/uploads\/2023\/07\/4cdae9b5-65c4-4bc6-ae56-1f8d7278b625-1024x576.jpg 1024w, https:\/\/www.radiopiu.net\/wordpress\/wp-content\/uploads\/2023\/07\/4cdae9b5-65c4-4bc6-ae56-1f8d7278b625-768x432.jpg 768w, https:\/\/www.radiopiu.net\/wordpress\/wp-content\/uploads\/2023\/07\/4cdae9b5-65c4-4bc6-ae56-1f8d7278b625-1536x864.jpg 1536w, https:\/\/www.radiopiu.net\/wordpress\/wp-content\/uploads\/2023\/07\/4cdae9b5-65c4-4bc6-ae56-1f8d7278b625.jpg 2048w\" sizes=\"auto, (max-width: 300px) 100vw, 300px\" \/><\/a>\n\t\t\t\t<\/dt><\/dl><dl class='gallery-item'>\n\t\t\t\t<dt class='gallery-icon landscape'>\n\t\t\t\t\t<a class=\"rollover rollover-zoom dt-pswp-item\" title=\"85499616-97cc-42ec-8c27-f5cdd85917f8\" data-dt-img-description=\"\" data-large_image_width=\"2048\" data-large_image_height=\"1152\"href='https:\/\/www.radiopiu.net\/wordpress\/wp-content\/uploads\/2023\/07\/85499616-97cc-42ec-8c27-f5cdd85917f8.jpg'><img loading=\"lazy\" decoding=\"async\" width=\"300\" height=\"169\" src=\"https:\/\/www.radiopiu.net\/wordpress\/wp-content\/uploads\/2023\/07\/85499616-97cc-42ec-8c27-f5cdd85917f8-300x169.jpg\" class=\"attachment-medium size-medium\" alt=\"\" srcset=\"https:\/\/www.radiopiu.net\/wordpress\/wp-content\/uploads\/2023\/07\/85499616-97cc-42ec-8c27-f5cdd85917f8-300x169.jpg 300w, https:\/\/www.radiopiu.net\/wordpress\/wp-content\/uploads\/2023\/07\/85499616-97cc-42ec-8c27-f5cdd85917f8-1024x576.jpg 1024w, https:\/\/www.radiopiu.net\/wordpress\/wp-content\/uploads\/2023\/07\/85499616-97cc-42ec-8c27-f5cdd85917f8-768x432.jpg 768w, https:\/\/www.radiopiu.net\/wordpress\/wp-content\/uploads\/2023\/07\/85499616-97cc-42ec-8c27-f5cdd85917f8-1536x864.jpg 1536w, https:\/\/www.radiopiu.net\/wordpress\/wp-content\/uploads\/2023\/07\/85499616-97cc-42ec-8c27-f5cdd85917f8.jpg 2048w\" sizes=\"auto, (max-width: 300px) 100vw, 300px\" \/><\/a>\n\t\t\t\t<\/dt><\/dl><br style=\"clear: both\" \/>\n\t\t\t<\/div>\n\n<hr \/>\n<p><strong>\u00a0<\/strong><\/p>\n<blockquote>\n<h3>Investimento a Santa Giustina: 73enne finisce al pronto soccorso con ferite non gravi. Coinvolto un anziano alla guida.<\/h3>\n<\/blockquote>\n<p><strong>FELTRE<\/strong> Un uomo di 73 anni, residente a Santa Giustina, \u00e8 stato investito da un&#8217;utilitaria, riportando fortunatamente solo ferite lievi. L&#8217;incidente \u00e8 avvenuto ieri mattina e i carabinieri della stazione di Sedico stanno conducendo accertamenti per comprendere le dinamiche dell&#8217;accaduto. L&#8217;autista dell&#8217;utilitaria coinvolto nell&#8217;incidente \u00e8 un uomo di 92 anni, residente nella stessa zona. Sul posto \u00e8 intervenuta un&#8217;ambulanza dall&#8217;ospedale di Feltre, che ha preso in carico il paziente e lo ha trasportato al pronto soccorso del Santa Maria del Prato.<\/p>\n<p>&nbsp;<\/p>\n<hr \/>\n<p>&nbsp;<\/p>\n<blockquote>\n<h3>Allarmi di Furto in Val di Zoldo<\/h3>\n<\/blockquote>\n<p><strong>VAL DI ZOLDO<\/strong> Recentemente si sono verificati due episodi di tentativo di furto, uno riguardante un&#8217;auto nel parcheggio dietro al municipio di Forno e l&#8217;altro una effrazione al pian terreno di un&#8217;abitazione a Dont. Nonostante i danni causati siano stati solo fastidiosi e di scarso valore economico, l&#8217;evento ha scatenato un allarme nella comunit\u00e0. Il sindaco, Camillo De Pellegrin, ha esortato i cittadini a prestare maggiore attenzione alla sicurezza, specialmente in questa stagione di alta presenza turistica, poich\u00e9 attira anche l&#8217;interesse di possibili malintenzionati. L&#8217;amministrazione comunale ha prontamente informato le forze dell&#8217;ordine, che hanno aumentato i controlli e collaborato attivamente con la valle. Il pensiero principale \u00e8 rivolto alle persone anziane e a chi vive da solo, invitando tutti a segnalare tempestivamente alle forze dell&#8217;ordine eventuali situazioni sospette. Il sindaco preferisce essere prudente e invitare alla cautela piuttosto che rischiare spiacevoli situazioni in futuro.<\/p>\n<div class=\"flex-1 overflow-hidden\">\n<div class=\"react-scroll-to-bottom--css-jwdml-79elbk h-full dark:bg-gray-800\">\n<div class=\"react-scroll-to-bottom--css-jwdml-1n7m0yu\">\n<div class=\"flex flex-col text-sm dark:bg-gray-800\">\n<div class=\"group w-full text-gray-800 dark:text-gray-100 border-b border-black\/10 dark:border-gray-900\/50 bg-gray-50 dark:bg-[#444654]\">\n<div class=\"flex p-4 gap-4 text-base md:gap-6 md:max-w-2xl lg:max-w-[38rem] xl:max-w-3xl md:py-6 lg:px-0 m-auto\">\n<div class=\"relative flex w-[calc(100%-50px)] flex-col gap-1 md:gap-3 lg:w-[calc(100%-115px)]\">\n<div class=\"flex flex-grow flex-col gap-3\">\n<div class=\"min-h-[20px] flex items-start overflow-x-auto whitespace-pre-wrap break-words flex-col gap-4\">\n<div class=\"markdown prose w-full break-words dark:prose-invert light\">\n<p>&nbsp;<\/p>\n<hr \/>\n<p>&nbsp;<\/p>\n<blockquote>\n<h3>CASO DE VALIERE, MOULAY E&#8217; STATO PROSCIOLTO<\/h3>\n<\/blockquote>\n<p><strong>FALCADE<\/strong> Dopo 24 anni dall&#8217;omicidio di Federico De Valiere, avvenuto nella notte tra il 9 e 10 marzo 1999 a Falcade, \u00e8 stato pronunciato un verdetto di non doversi procedere a carico del presunto colpevole, Mohamed Aziz Moulay. Il gip Enrica Marson ha motivato la sentenza con la &#8220;mancata conoscenza del processo&#8221;. Nonostante ci\u00f2, la polizia giudiziaria continuer\u00e0 a cercare Moulay, poich\u00e9 la pena prevista per l&#8217;omicidio \u00e8 l&#8217;ergastolo. Nel caso in cui Moulay venisse rintracciato, il procedimento sarebbe riaperto e la sentenza revocata. Moulay, amico della vittima, era stato dichiarato latitante nel 2006. Nonostante l&#8217;assoluzione attuale, le autorit\u00e0 continuano a cercare Moulay.<\/p>\n<\/div>\n<\/div>\n<\/div>\n<\/div>\n<\/div>\n<\/div>\n<\/div>\n<\/div>\n<\/div>\n<\/div>\n<div class=\"absolute bottom-0 left-0 w-full border-t md:border-t-0 dark:border-white\/20 md:border-transparent md:dark:border-transparent md:bg-vert-light-gradient bg-white dark:bg-gray-800 md:!bg-transparent dark:md:bg-vert-dark-gradient pt-2 md:pl-2 md:w-[calc(100%-.5rem)]\">\n<form class=\"stretch mx-2 flex flex-row gap-3 last:mb-2 md:mx-4 md:last:mb-6 lg:mx-auto lg:max-w-2xl xl:max-w-3xl\">\n<div class=\"relative flex h-full flex-1 items-stretch md:flex-col\" role=\"presentation\">\n<div class=\"\">\n<div class=\"h-full flex ml-1 md:w-full md:m-auto md:mb-2 gap-0 md:gap-2 justify-center\"><\/div>\n<div>\n<hr \/>\n<\/div>\n<div>\n<div class=\"group w-full text-gray-800 dark:text-gray-100 border-b border-black\/10 dark:border-gray-900\/50 bg-gray-50 dark:bg-[#444654]\">\n<div class=\"flex p-4 gap-4 text-base md:gap-6 md:max-w-2xl lg:max-w-[38rem] xl:max-w-3xl md:py-6 lg:px-0 m-auto\">\n<div class=\"relative flex w-[calc(100%-50px)] flex-col gap-1 md:gap-3 lg:w-[calc(100%-115px)]\">\n<div class=\"flex flex-grow flex-col gap-3\">\n<div class=\"min-h-[20px] flex items-start overflow-x-auto whitespace-pre-wrap break-words flex-col gap-4\">\n<div class=\"markdown prose w-full break-words dark:prose-invert light\">\n<p>&nbsp;<\/p>\n<blockquote>\n<h3>Addio a Guido Zasio: figura di riferimento della Famiglia Feltrina e amante delle tradizioni locali.<\/h3>\n<\/blockquote>\n<\/div>\n<\/div>\n<\/div>\n<div class=\"flex justify-between lg:block\"><\/div>\n<\/div>\n<\/div>\n<\/div>\n<\/div>\n<\/div>\n<\/div>\n<\/form>\n<\/div>\n<p><strong><a class=\"dt-pswp-item\" href=\"https:\/\/www.radiopiu.net\/wordpress\/wp-content\/uploads\/2023\/07\/Senza-nome-53.png\" data-dt-img-description=\"\" data-large_image_width=\"223\" data-large_image_height=\"176\"><img loading=\"lazy\" decoding=\"async\" class=\" wp-image-345135 alignleft\" src=\"https:\/\/www.radiopiu.net\/wordpress\/wp-content\/uploads\/2023\/07\/Senza-nome-53.png\" alt=\"\" width=\"188\" height=\"148\" \/><\/a>FELTRE<\/strong> Guido Zasio, 86 anni, gi\u00e0 segretario e revisore dei conti della Famiglia Feltrina, \u00e8 deceduto. Era una figura di riferimento dell&#8217;associazione e un appassionato della sua citt\u00e0, del territorio e delle tradizioni. Amante della storia ecclesiale feltrina, era conosciuto per la sua gentilezza, equilibrio e intelligenza ironica. Era molto attivo nella parrocchia degli Angeli e condividiva l&#8217;attivismo nel movimento cattolico feltrino con l&#8217;amico Giovanni Perenzin. I funerali si terranno domani nella chiesa di Farra. Lascia i figli Alberto, Cristina e Marina. Eventuali offerte saranno devolute a Mano Amica.<\/p>\n<p>&nbsp;<\/p>\n<p>&nbsp;<\/p>\n<hr \/>\n<p>&nbsp;<\/p>\n<blockquote>\n<h3>VENETO, OLTRE 100 FERITI CON L&#8217;ULTIMA ONDATA DI MALTEMPO<\/h3>\n<\/blockquote>\n<p><strong><a class=\"dt-pswp-item\" href=\"https:\/\/www.radiopiu.net\/wordpress\/wp-content\/uploads\/2023\/07\/dd177e4f-62d2-47fe-b2bd-3b82b1ce6c7c.jpg\" data-dt-img-description=\"\" data-large_image_width=\"1280\" data-large_image_height=\"891\"><img loading=\"lazy\" decoding=\"async\" class=\" wp-image-344935 alignleft\" src=\"https:\/\/www.radiopiu.net\/wordpress\/wp-content\/uploads\/2023\/07\/dd177e4f-62d2-47fe-b2bd-3b82b1ce6c7c-300x209.jpg\" alt=\"\" width=\"247\" height=\"172\" srcset=\"https:\/\/www.radiopiu.net\/wordpress\/wp-content\/uploads\/2023\/07\/dd177e4f-62d2-47fe-b2bd-3b82b1ce6c7c-300x209.jpg 300w, https:\/\/www.radiopiu.net\/wordpress\/wp-content\/uploads\/2023\/07\/dd177e4f-62d2-47fe-b2bd-3b82b1ce6c7c-1024x713.jpg 1024w, https:\/\/www.radiopiu.net\/wordpress\/wp-content\/uploads\/2023\/07\/dd177e4f-62d2-47fe-b2bd-3b82b1ce6c7c-768x535.jpg 768w, https:\/\/www.radiopiu.net\/wordpress\/wp-content\/uploads\/2023\/07\/dd177e4f-62d2-47fe-b2bd-3b82b1ce6c7c.jpg 1280w\" sizes=\"auto, (max-width: 247px) 100vw, 247px\" \/><\/a>VENEZIA <\/strong>Sale a 110 il numero delle persone ferite con traumi determinati dalla grandine, da cadute e da rotture di vetri. Ringrazio ancora una volta i soccorritori ed i tecnici che sono intervenuti nell\u2019immediatezza degli eventi e che continuano in queste ore nelle opere di ripristino e censimento dei danni\u201d. Lo dice il Presidente della Regione Veneto, Luca Zaia, in costante contatto con la Protezione Civile, il Suem e tutti i volontari che in queste ore stanno prestando soccorso in seguito degli intensi eventi meteorologici che hanno interessato\u00a0 ampie porzioni del territorio regionale. Nello specifico sono stati rilevati 28 accessi complessivi in Pronto Soccorso in provincia di Venezia, 62 a Padova, 19 a Vicenza e 1 a Belluno.<\/p>\n<p><em>Seguiranno aggiornamenti nel corso della giornata<\/em><\/p>\n<p><strong>IL PRESIDENTE LUCA ZAIA<\/strong><\/p>\n<p><iframe loading=\"lazy\" title=\"IMG 2287\" width=\"1200\" height=\"675\" src=\"https:\/\/www.youtube.com\/embed\/49m9U3xfyFE?feature=oembed\" frameborder=\"0\" allow=\"accelerometer; autoplay; clipboard-write; encrypted-media; gyroscope; picture-in-picture; web-share\" allowfullscreen><\/iframe><\/p>\n<p>&nbsp;<\/p>\n<hr \/>\n<p>&nbsp;<\/p>\n<blockquote>\n<h3>GIORNI INTENSI ANCHE PER I POMPIERI DI SELVA DI CADORE<\/h3>\n<\/blockquote>\n<p><strong>SELVA DI CADORE<\/strong> I Pompieri Volontari di Selva di Cadore\u00a0 sono stati chiamati in seguito alla forte perturbazione , hanno operato con 3 squadre ,effettuando vari interventi di soccorso sul territorio comunale, per taglio piante che occupavano la sede stradale e bloccavano la circolazione e per scoperchiamento tetto.<\/p>\n\n\t\t\t<style type='text\/css'>\n\t\t\t\t#gallery-3 {\n\t\t\t\t\tmargin: auto;\n\t\t\t\t}\n\t\t\t\t#gallery-3 .gallery-item {\n\t\t\t\t\tfloat: left;\n\t\t\t\t\tmargin-top: 10px;\n\t\t\t\t\ttext-align: center;\n\t\t\t\t\twidth: 33%;\n\t\t\t\t}\n\t\t\t\t#gallery-3 img {\n\t\t\t\t\tborder: 2px solid #cfcfcf;\n\t\t\t\t}\n\t\t\t\t#gallery-3 .gallery-caption {\n\t\t\t\t\tmargin-left: 0;\n\t\t\t\t}\n\t\t\t\t\/* see gallery_shortcode() in wp-includes\/media.php *\/\n\t\t\t<\/style>\n\t\t<div id='gallery-3' class='dt-gallery-container gallery galleryid-344996 gallery-columns-3 gallery-size-thumbnail'><dl class='gallery-item'>\n\t\t\t\t<dt class='gallery-icon portrait'>\n\t\t\t\t\t<a class=\"rollover rollover-zoom dt-pswp-item\" title=\"361643781_10211351850867996_7198384010308404234_n\" data-dt-img-description=\"\" data-large_image_width=\"450\" data-large_image_height=\"600\"href='https:\/\/www.radiopiu.net\/wordpress\/wp-content\/uploads\/2023\/07\/361643781_10211351850867996_7198384010308404234_n.jpg'><img loading=\"lazy\" decoding=\"async\" width=\"150\" height=\"150\" src=\"https:\/\/www.radiopiu.net\/wordpress\/wp-content\/uploads\/2023\/07\/361643781_10211351850867996_7198384010308404234_n-150x150.jpg\" class=\"attachment-thumbnail size-thumbnail\" alt=\"\" \/><\/a>\n\t\t\t\t<\/dt><\/dl><dl class='gallery-item'>\n\t\t\t\t<dt class='gallery-icon portrait'>\n\t\t\t\t\t<a class=\"rollover rollover-zoom dt-pswp-item\" title=\"361835409_10211351851628015_3030617525944254162_n\" data-dt-img-description=\"\" data-large_image_width=\"450\" data-large_image_height=\"600\"href='https:\/\/www.radiopiu.net\/wordpress\/wp-content\/uploads\/2023\/07\/361835409_10211351851628015_3030617525944254162_n.jpg'><img loading=\"lazy\" decoding=\"async\" width=\"150\" height=\"150\" src=\"https:\/\/www.radiopiu.net\/wordpress\/wp-content\/uploads\/2023\/07\/361835409_10211351851628015_3030617525944254162_n-150x150.jpg\" class=\"attachment-thumbnail size-thumbnail\" alt=\"\" \/><\/a>\n\t\t\t\t<\/dt><\/dl><dl class='gallery-item'>\n\t\t\t\t<dt class='gallery-icon portrait'>\n\t\t\t\t\t<a class=\"rollover rollover-zoom dt-pswp-item\" title=\"361905815_10211351851908022_8620309152317428395_n\" data-dt-img-description=\"\" data-large_image_width=\"450\" data-large_image_height=\"600\"href='https:\/\/www.radiopiu.net\/wordpress\/wp-content\/uploads\/2023\/07\/361905815_10211351851908022_8620309152317428395_n.jpg'><img loading=\"lazy\" decoding=\"async\" width=\"150\" height=\"150\" src=\"https:\/\/www.radiopiu.net\/wordpress\/wp-content\/uploads\/2023\/07\/361905815_10211351851908022_8620309152317428395_n-150x150.jpg\" class=\"attachment-thumbnail size-thumbnail\" alt=\"\" \/><\/a>\n\t\t\t\t<\/dt><\/dl><br style=\"clear: both\" \/>\n\t\t\t<\/div>\n\n<p>&nbsp;<\/p>\n<blockquote>\n<h3>I POMPIERI DI CAPRILE NEL MOMENTO DELL&#8217;EMERGENZA<\/h3>\n<\/blockquote>\n<div class=\"x11i5rnm xat24cr x1mh8g0r x1vvkbs xtlvy1s x126k92a\">\n<div dir=\"auto\"><strong>CAPRILE DI ALLEGHE<\/strong> Allertati per numerosi interventi causati dal forte vento. Intervenuti con il Ranger e una squadra per alcuni tagli pianta che ostruivano la sede stradale nei pressi di Caracoi Cimai e a Laste. Un&#8217;altra squadra col l&#8217; A.P.S. si \u00e8 recata a Canale d&#8217;Agordo e a Falcade per la caduta di alcuni tetti. In intervento con i colleghi Permanenti di Agordo.<\/div>\n<div dir=\"auto\">\n\n\t\t\t<style type='text\/css'>\n\t\t\t\t#gallery-4 {\n\t\t\t\t\tmargin: auto;\n\t\t\t\t}\n\t\t\t\t#gallery-4 .gallery-item {\n\t\t\t\t\tfloat: left;\n\t\t\t\t\tmargin-top: 10px;\n\t\t\t\t\ttext-align: center;\n\t\t\t\t\twidth: 50%;\n\t\t\t\t}\n\t\t\t\t#gallery-4 img {\n\t\t\t\t\tborder: 2px solid #cfcfcf;\n\t\t\t\t}\n\t\t\t\t#gallery-4 .gallery-caption {\n\t\t\t\t\tmargin-left: 0;\n\t\t\t\t}\n\t\t\t\t\/* see gallery_shortcode() in wp-includes\/media.php *\/\n\t\t\t<\/style>\n\t\t<div id='gallery-4' class='dt-gallery-container gallery galleryid-344996 gallery-columns-2 gallery-size-thumbnail'><dl class='gallery-item'>\n\t\t\t\t<dt class='gallery-icon portrait'>\n\t\t\t\t\t<a class=\"rollover rollover-zoom dt-pswp-item\" title=\"361847783_668097552026898_6077786813125152641_n\" data-dt-img-description=\"\" data-large_image_width=\"450\" data-large_image_height=\"600\"href='https:\/\/www.radiopiu.net\/wordpress\/wp-content\/uploads\/2023\/07\/361847783_668097552026898_6077786813125152641_n.jpg'><img loading=\"lazy\" decoding=\"async\" width=\"150\" height=\"150\" src=\"https:\/\/www.radiopiu.net\/wordpress\/wp-content\/uploads\/2023\/07\/361847783_668097552026898_6077786813125152641_n-150x150.jpg\" class=\"attachment-thumbnail size-thumbnail\" alt=\"\" \/><\/a>\n\t\t\t\t<\/dt><\/dl><dl class='gallery-item'>\n\t\t\t\t<dt class='gallery-icon portrait'>\n\t\t\t\t\t<a class=\"rollover rollover-zoom dt-pswp-item\" title=\"361541539_668097495360237_2267362869388843600_n\" data-dt-img-description=\"\" data-large_image_width=\"450\" data-large_image_height=\"600\"href='https:\/\/www.radiopiu.net\/wordpress\/wp-content\/uploads\/2023\/07\/361541539_668097495360237_2267362869388843600_n.jpg'><img loading=\"lazy\" decoding=\"async\" width=\"150\" height=\"150\" src=\"https:\/\/www.radiopiu.net\/wordpress\/wp-content\/uploads\/2023\/07\/361541539_668097495360237_2267362869388843600_n-150x150.jpg\" class=\"attachment-thumbnail size-thumbnail\" alt=\"\" \/><\/a>\n\t\t\t\t<\/dt><\/dl><br style=\"clear: both\" \/>\n\t\t\t<\/div>\n\n<p>&nbsp;<\/p>\n<p>&nbsp;<\/p>\n<hr \/>\n<p><img loading=\"lazy\" decoding=\"async\" class=\"alignleft\" src=\"https:\/\/www.radiopiu.net\/wordpress\/wp-content\/uploads\/2023\/07\/51cfa70c-65f1-4a56-9997-ac07b9092fdd.jpg\" width=\"148\" height=\"197\" \/><\/p>\n<blockquote>\n<h3>IL PALO DELLA LUCE DIVENTA UNA TORCIA, BOTTO A VALLADA<\/h3>\n<\/blockquote>\n<p><strong>VALLADA<\/strong><\/p>\n<p><strong>DI GIANNI SANTOMASO<\/strong><\/p>\n<p>&nbsp;<\/p>\n<audio class=\"wp-audio-shortcode\" id=\"audio-344996-1\" preload=\"none\" style=\"width: 100%;\" controls=\"controls\"><source type=\"audio\/mpeg\" src=\"https:\/\/www.radiopiu.net\/wordpress\/wp-content\/uploads\/2023\/07\/VALLADA-GIANNI.mp3?_=1\" \/><a href=\"https:\/\/www.radiopiu.net\/wordpress\/wp-content\/uploads\/2023\/07\/VALLADA-GIANNI.mp3\">https:\/\/www.radiopiu.net\/wordpress\/wp-content\/uploads\/2023\/07\/VALLADA-GIANNI.mp3<\/a><\/audio>\n<p>&nbsp;<\/p>\n<p>&nbsp;<\/p>\n<\/div>\n<\/div>\n<hr \/>\n<p>&nbsp;<\/p>\n<blockquote>\n<h3>METEO. CONTINUA IL TEMPO INSTABILE, CON ROVESCI E TEMPORALI SPARSI<\/h3>\n<\/blockquote>\n<p><img loading=\"lazy\" decoding=\"async\" class=\"alignleft\" src=\"https:\/\/www.radiopiu.net\/wordpress\/wp-content\/uploads\/2022\/12\/emanuele-aloia-meteo-300x300.jpg\" width=\"130\" height=\"130\" \/><\/p>\n<p><strong>SULLE ZONE MONTANE E IN PIANURA. PREVISTA CRITICITA\u2019 IDROGEOLOGICA (ALLERTA GIALLA).<\/strong><\/p>\n<p><em>\u00a0<\/em>Il Centro Funzionale Decentrato della Protezione Civile della Regione del Veneto ha emesso un avviso in cui dichiara condizioni di instabilit\u00e0, soprattutto sulle zone montane e pedemontane, meno probabili ma non del tutto esclusi anche sulla pianura, specie in tarda serata e sui settori sud-occidentali. Oggi e fino alla sera di domani sono previste condizioni di tempo a tratti instabile con probabili rovesci e temporali sparsi e intermittenti. Saranno possibili locali fenomeni intensi (forti rovesci, locali grandinate e forti raffiche di vento). Si prevede criticit\u00e0 idrogeologica, stabilendo lo stato di Attenzione di Allerta Gialla<\/p>\n<p>&nbsp;<\/p>\n<p>&nbsp;<\/p>\n<hr \/>\n<p>&nbsp;<\/p>\n<blockquote>\n<h3>SOCCORSE DUE ESCURSIONISTE NELLA NOTTE SCORSA<\/h3>\n<\/blockquote>\n<p><strong><a class=\"dt-pswp-item\" href=\"https:\/\/www.radiopiu.net\/wordpress\/wp-content\/uploads\/2023\/07\/Watermark_20230720_090944_710.jpg\" data-dt-img-description=\"\" data-large_image_width=\"2364\" data-large_image_height=\"1773\"><img loading=\"lazy\" decoding=\"async\" class=\" wp-image-344994 alignleft\" src=\"https:\/\/www.radiopiu.net\/wordpress\/wp-content\/uploads\/2023\/07\/Watermark_20230720_090944_710-300x225.jpg\" alt=\"\" width=\"191\" height=\"143\" srcset=\"https:\/\/www.radiopiu.net\/wordpress\/wp-content\/uploads\/2023\/07\/Watermark_20230720_090944_710-300x225.jpg 300w, https:\/\/www.radiopiu.net\/wordpress\/wp-content\/uploads\/2023\/07\/Watermark_20230720_090944_710-1024x768.jpg 1024w, https:\/\/www.radiopiu.net\/wordpress\/wp-content\/uploads\/2023\/07\/Watermark_20230720_090944_710-768x576.jpg 768w, https:\/\/www.radiopiu.net\/wordpress\/wp-content\/uploads\/2023\/07\/Watermark_20230720_090944_710-1536x1152.jpg 1536w, https:\/\/www.radiopiu.net\/wordpress\/wp-content\/uploads\/2023\/07\/Watermark_20230720_090944_710-2048x1536.jpg 2048w\" sizes=\"auto, (max-width: 191px) 100vw, 191px\" \/><\/a>SAN VITO DI CADORE<\/strong> Attorno alle 21 di mercoled\u00ec la Centrale del Suem \u00e8 stata contattata da una turista straniera, che diceva di trovarsi con un&#8217;amica lungo il sentiero 248 dopo aver fatto una ferrata, impossibilitate a proseguire per il buio. Verificato che su quell&#8217;itinerario non ci sono tratti attrezzati, dalle indicazioni il tecnico di centrale del Soccorso alpino ha capito dove fossero le due donne, una 58enne e una 63enne polacche, ovvero sul sentiero 241 della Croda Marcora, un percorso difficile e poco segnato, altamente impegnativo. Il rientro a San Vito a mezzanotte \u00e8 stato molto lento in quanto le due escursioniste, in particolar modo una, erano sfinite dalla stanchezza.<\/p>\n<p><strong>CORTINA\u00a0 <\/strong>Sul terzo tiro della Via Giordano, un&#8217;alpinista 24enne di Savona \u00e8 caduta per una ventina di metri riportando un politrauma, \u00e8 stata eli-trasportata all&#8217;ospedale di Belluno.<\/p>\n<p><strong>CORTINA<\/strong> Prima missione Falco 2 al Rifugio Vandelli,\u00a0 un 79enne di Venezia, aveva accusato un dolore al torace \u00e8 stato\u00a0 accompagnato in ospedale.<\/p>\n<p><strong>BELLUNO<\/strong> Sul terzo tiro della Via Giordano sul Lagazuoi, un&#8217;alpinista 24enne di Savona, era caduta una ventina di metri riportando un sospetto politrauma. Recuperata con un verricello di 65 metri, la ragazza \u00e8 stata trasportata all&#8217;ospedale di Belluno.<\/p>\n<p>&nbsp;<\/p>\n<hr \/>\n<p>&nbsp;<\/p>\n<blockquote>\n<h3>Controversia sulla Croce del Monte Piz de Guda: Riflessione tra Ambientalisti e Soccorso Alpino&#8221;<\/h3>\n<\/blockquote>\n<p><a class=\"dt-pswp-item\" href=\"https:\/\/www.radiopiu.net\/wordpress\/wp-content\/uploads\/2023\/07\/Senza-nome-52.png\" data-dt-img-description=\"\" data-large_image_width=\"327\" data-large_image_height=\"220\"><img loading=\"lazy\" decoding=\"async\" class=\" wp-image-345131 alignleft\" src=\"https:\/\/www.radiopiu.net\/wordpress\/wp-content\/uploads\/2023\/07\/Senza-nome-52-300x202.png\" alt=\"\" width=\"250\" height=\"168\" srcset=\"https:\/\/www.radiopiu.net\/wordpress\/wp-content\/uploads\/2023\/07\/Senza-nome-52-300x202.png 300w, https:\/\/www.radiopiu.net\/wordpress\/wp-content\/uploads\/2023\/07\/Senza-nome-52.png 327w\" sizes=\"auto, (max-width: 250px) 100vw, 250px\" \/><\/a>\u00a0Il Soccorso Alpino della Val Pettorina ha proposto di ripristinare una croce sul Monte Piz de Guda in occasione del 60\u00b0 anniversario della stazione Cnsas della Val Pettorina. La croce originale, una piccola struttura in legno di 1,5 metri, era stata danneggiata nel tempo e caduta. Tuttavia, il progetto per una nuova croce pi\u00f9 grande (alta circa 4 metri) ha causato polemiche tra il Soccorso Alpino e gli ambientalisti di Mountain Wilderness. Gli ambientalisti hanno manifestato il loro disappunto riguardo alle dimensioni e all&#8217;impatto paesaggistico della nuova croce, sottolineando che in passato c&#8217;era una croce pi\u00f9 sobria e leggera. Hanno scritto al sindaco e alla Soprintendenza chiedendo spiegazioni riguardo all&#8217;autorizzazione del progetto. Gli ambientalisti ritengono che la nuova croce rappresenti un&#8217;imposizione e interferisca con la spiritualit\u00e0 e la libert\u00e0 di chi frequenta <a class=\"dt-pswp-item\" href=\"https:\/\/www.radiopiu.net\/wordpress\/wp-content\/uploads\/2023\/07\/th-9.jpg\" data-dt-img-description=\"\" data-large_image_width=\"124\" data-large_image_height=\"124\"><img loading=\"lazy\" decoding=\"async\" class=\"size-full wp-image-345133 alignright\" src=\"https:\/\/www.radiopiu.net\/wordpress\/wp-content\/uploads\/2023\/07\/th-9.jpg\" alt=\"\" width=\"124\" height=\"124\" \/><\/a>l&#8217;area.<\/p>\n<div class=\"flex-1 overflow-hidden\">\n<div class=\"react-scroll-to-bottom--css-ucqph-79elbk h-full dark:bg-gray-800\">\n<div class=\"react-scroll-to-bottom--css-ucqph-1n7m0yu\">\n<div class=\"flex flex-col text-sm dark:bg-gray-800\">\n<div class=\"group w-full text-gray-800 dark:text-gray-100 border-b border-black\/10 dark:border-gray-900\/50 bg-gray-50 dark:bg-[#444654]\">\n<div class=\"flex p-4 gap-4 text-base md:gap-6 md:max-w-2xl lg:max-w-[38rem] xl:max-w-3xl md:py-6 lg:px-0 m-auto\">\n<div class=\"relative flex w-[calc(100%-50px)] flex-col gap-1 md:gap-3 lg:w-[calc(100%-115px)]\">\n<div class=\"flex flex-grow flex-col gap-3\">\n<div class=\"min-h-[20px] flex items-start overflow-x-auto whitespace-pre-wrap break-words flex-col gap-4\">\n<div class=\"markdown prose w-full break-words dark:prose-invert light\">\n<p>Il capo della stazione del Soccorso Alpino, Alessandro Darman, ha spiegato che la croce vuole essere una semplice &#8220;memoria&#8221; della storia della comunit\u00e0, ma \u00e8 disposto a riconsiderare il progetto in accordo con la Soprintendenza e il sindaco. Mountain Wilderness ha sottolineato anche il potenziale impedimento della croce per gli elicotteri in caso di emergenza. La questione rimane aperta, ma il Soccorso Alpino \u00e8 disposto a trovare una soluzione che rispetti le preoccupazioni ambientali e consenta comunque la celebrazione della storia della comunit\u00e0.<\/p>\n<\/div>\n<\/div>\n<\/div>\n<div class=\"flex justify-between lg:block\">\n<div class=\"text-gray-400 flex self-end lg:self-center justify-center mt-2 gap-2 md:gap-3 lg:gap-1 lg:absolute lg:top-0 lg:translate-x-full lg:right-0 lg:mt-0 lg:pl-2 visible\"><\/div>\n<\/div>\n<\/div>\n<\/div>\n<\/div>\n<\/div>\n<p>&nbsp;<\/p>\n<\/div>\n<\/div>\n<\/div>\n<hr \/>\n<p>&nbsp;<\/p>\n<blockquote>\n<h3><strong>RIQUALIFICAZIONE ENERGETICA ALLA GAGGIA LANTE<\/strong><\/h3>\n<\/blockquote>\n<p><strong><a class=\"dt-pswp-item\" href=\"https:\/\/www.radiopiu.net\/wordpress\/wp-content\/uploads\/2019\/07\/Oscar-De-Pellegrin.jpg\" data-dt-img-description=\"\" data-large_image_width=\"2449\" data-large_image_height=\"1633\"><img loading=\"lazy\" decoding=\"async\" class=\" wp-image-93050 alignleft\" src=\"https:\/\/www.radiopiu.net\/wordpress\/wp-content\/uploads\/2019\/07\/Oscar-De-Pellegrin-300x200.jpg\" alt=\"\" width=\"167\" height=\"111\" srcset=\"https:\/\/www.radiopiu.net\/wordpress\/wp-content\/uploads\/2019\/07\/Oscar-De-Pellegrin-300x200.jpg 300w, https:\/\/www.radiopiu.net\/wordpress\/wp-content\/uploads\/2019\/07\/Oscar-De-Pellegrin-768x512.jpg 768w, https:\/\/www.radiopiu.net\/wordpress\/wp-content\/uploads\/2019\/07\/Oscar-De-Pellegrin-1024x683.jpg 1024w\" sizes=\"auto, (max-width: 167px) 100vw, 167px\" \/><\/a>BELLUNO <\/strong>Approvato in giunta il progetto tecnico esecutivo \u201cCasa di riposo di Cavarzano \u2013 Riqualificazione energetica con rinnovo del sistema di produzione del calore ed installazione di cogeneratore elettrico\u201d: sulle pensiline del parcheggio saranno installati un congruo numero di pannelli fotovoltaici. Dopo l\u2019intervento agli impianti sportivi di Fisterre, anche la Gaggia Lante sar\u00e0 coinvolta in una riqualificazione che porter\u00e0 a risparmi sui costi in bolletta grazie alla produzione di energia green. \u201cAbbiamo modificato il progetto rispetto all\u2019ipotesi iniziale \u2013 spiega il sindaco, Oscar De Pellegrin -, per andare nella direzione di un ulteriore efficientamento energetico con produzione di energia dal sole. Sar\u00e0 un progetto a cui ci rifaremo anche per i prossimi\u00a0 interventi\u201d. L\u2019intervento rientra nel Piano di rigenerazione urbana 2, poi confluito nel Pnnr. Era stato presentato nel 2021 dall\u2019amministrazione precedente e allora l\u2019ipotesi dello studio di fattibilit\u00e0 prevedeva un cogeneratore a metano.<\/p>\n<p>&nbsp;<\/p>\n<hr \/>\n<p>&nbsp;<\/p>\n<p>&nbsp;<\/p>\n<blockquote>\n<h3>BANDO RSA A SOVRAMONTE<\/h3>\n<\/blockquote>\n<p><a class=\"dt-pswp-item\" href=\"https:\/\/www.radiopiu.net\/wordpress\/wp-content\/uploads\/2023\/07\/644e821e-e9b8-4109-b0cd-2457425f7454.jpg\" data-dt-img-description=\"\" data-large_image_width=\"1447\" data-large_image_height=\"1468\"><img loading=\"lazy\" decoding=\"async\" class=\"wp-image-345126 alignleft\" src=\"https:\/\/www.radiopiu.net\/wordpress\/wp-content\/uploads\/2023\/07\/644e821e-e9b8-4109-b0cd-2457425f7454-296x300.jpg\" alt=\"\" width=\"167\" height=\"169\" srcset=\"https:\/\/www.radiopiu.net\/wordpress\/wp-content\/uploads\/2023\/07\/644e821e-e9b8-4109-b0cd-2457425f7454-296x300.jpg 296w, https:\/\/www.radiopiu.net\/wordpress\/wp-content\/uploads\/2023\/07\/644e821e-e9b8-4109-b0cd-2457425f7454-1009x1024.jpg 1009w, https:\/\/www.radiopiu.net\/wordpress\/wp-content\/uploads\/2023\/07\/644e821e-e9b8-4109-b0cd-2457425f7454-768x779.jpg 768w, https:\/\/www.radiopiu.net\/wordpress\/wp-content\/uploads\/2023\/07\/644e821e-e9b8-4109-b0cd-2457425f7454.jpg 1447w\" sizes=\"auto, (max-width: 167px) 100vw, 167px\" \/><\/a><\/p>\n<p>Si chiuder\u00e0 tra pochi giorni una pagina lunga vent&#8217;anni che ha interessato Sovramonte e l&#8217;intero Feltrino: sar\u00e0 infatti pubblicato a giorni il bando per la gestione della RSA di Sorriva di Sovramonte.<\/p>\n<p>&nbsp;<\/p>\n<p><strong>DI DANIELE DAL VIT\u00a0<\/strong><\/p>\n<audio class=\"wp-audio-shortcode\" id=\"audio-344996-2\" preload=\"none\" style=\"width: 100%;\" controls=\"controls\"><source type=\"audio\/mpeg\" src=\"https:\/\/www.radiopiu.net\/wordpress\/wp-content\/uploads\/2023\/07\/Radio-Piu-Servizio-Bando-RSA-Sovramonte.mp3?_=2\" \/><a href=\"https:\/\/www.radiopiu.net\/wordpress\/wp-content\/uploads\/2023\/07\/Radio-Piu-Servizio-Bando-RSA-Sovramonte.mp3\">https:\/\/www.radiopiu.net\/wordpress\/wp-content\/uploads\/2023\/07\/Radio-Piu-Servizio-Bando-RSA-Sovramonte.mp3<\/a><\/audio>\n<p>&nbsp;<\/p>\n<hr \/>\n<p>&nbsp;<\/p>\n<blockquote>\n<h3>AUMENTI PER I MEDICI E VIA AI NUOVI BANDI<\/h3>\n<\/blockquote>\n<p><a class=\"dt-pswp-item\" href=\"https:\/\/www.radiopiu.net\/wordpress\/wp-content\/uploads\/2023\/05\/DAL-BEN.jpg\" data-dt-img-description=\"\" data-large_image_width=\"277\" data-large_image_height=\"190\"><img loading=\"lazy\" decoding=\"async\" class=\"wp-image-336389 alignright\" src=\"https:\/\/www.radiopiu.net\/wordpress\/wp-content\/uploads\/2023\/05\/DAL-BEN.jpg\" alt=\"\" width=\"165\" height=\"113\" \/><\/a><br \/>\n<strong>BELLUNO<\/strong> Nei prossimi giorni \u00e8 prevista la pubblicazione dei bandi per\u00a0 23 posizioni, per un totale di 33 nuovi incarichi di direzione. <em>\u00abEsprimo soddisfazione per il raggiungimento di questa intesa che conclude una lunga trattativa sindacale, consentendo di migliorare il clima interno e valorizzare le professionalit\u00e0 presenti in azienda\u00bb<\/em>, commenta il Commissario dell&#8217;Ulss 1 Dolomiti Giuseppe Dal Ben.<\/p>\n<div class=\"flex-1 overflow-hidden\">\n<div class=\"react-scroll-to-bottom--css-gmzfx-79elbk h-full dark:bg-gray-800\">\n<div class=\"react-scroll-to-bottom--css-gmzfx-1n7m0yu\">\n<div class=\"flex flex-col text-sm dark:bg-gray-800\">\n<div class=\"group w-full text-gray-800 dark:text-gray-100 border-b border-black\/10 dark:border-gray-900\/50 bg-gray-50 dark:bg-[#444654]\">\n<div class=\"flex p-4 gap-4 text-base md:gap-6 md:max-w-2xl lg:max-w-[38rem] xl:max-w-3xl md:py-6 lg:px-0 m-auto\">\n<div class=\"relative flex w-[calc(100%-50px)] flex-col gap-1 md:gap-3 lg:w-[calc(100%-115px)]\">\n<div class=\"flex flex-grow flex-col gap-3\">\n<div class=\"min-h-[20px] flex items-start overflow-x-auto whitespace-pre-wrap break-words flex-col gap-4\">\n<div class=\"markdown prose w-full break-words dark:prose-invert light\">\n<p>Gli stipendi dei medici saranno adeguati utilizzando le risorse residue del fondo per la retribuzione degli incarichi. I neoassunti percepiranno un minimo di 5 mila euro all&#8217;anno, mentre i primari riceveranno un massimo di 32 mila euro l&#8217;anno lordi.<\/p>\n<\/div>\n<\/div>\n<\/div>\n<\/div>\n<\/div>\n<\/div>\n<\/div>\n<\/div>\n<\/div>\n<\/div>\n<div class=\"absolute bottom-0 left-0 w-full border-t md:border-t-0 dark:border-white\/20 md:border-transparent md:dark:border-transparent md:bg-vert-light-gradient bg-white dark:bg-gray-800 md:!bg-transparent dark:md:bg-vert-dark-gradient pt-2 md:pl-2 md:w-[calc(100%-.5rem)]\">\n<form class=\"stretch mx-2 flex flex-row gap-3 last:mb-2 md:mx-4 md:last:mb-6 lg:mx-auto lg:max-w-2xl xl:max-w-3xl\">\n<div class=\"relative flex h-full flex-1 items-stretch md:flex-col\" role=\"presentation\">\n<div class=\"\">\n<div class=\"h-full flex ml-1 md:w-full md:m-auto md:mb-2 gap-0 md:gap-2 justify-center\"><\/div>\n<\/div>\n<\/div>\n<\/form>\n<\/div>\n<p>&nbsp;<\/p>\n<p>&nbsp;<\/p>\n<hr \/>\n<p>&nbsp;<\/p>\n<blockquote>\n<h3>FALCO 2 OPERATIVO, IERI IL PRIMO INTERVENTO<\/h3>\n<\/blockquote>\n<p><strong>BELLUNO<\/strong> Falco 2, il secondo mezzo per l&#8217;elisoccorso in Ulss Dolomiti, operativo dalla base di Belluno presso l&#8217;aeroporto, ha effettuato il primo soccorso al rifugio Vandelli per un malore. Nel primo pomeriggio c&#8217;\u00e8 stato il &#8220;battesimo&#8221; ufficiale dell&#8217;operativit\u00e0 del secondo mezzo, nato da un lavoro di squadra tra la Regione Veneto, l&#8217;ulss Dolomiti, il Soccorso Alpino Dolomiti Bellunesi &#8211; CNSAS e Dolomiti Emergency, dopo la positiva esperienza dello scorso anno. Da gennaio ad oggi sono gi\u00e0 505 le missioni di elisoccorso effettuate in provincia di Belluno, di cui 418 da Falco.<\/p>\n\n\t\t\t<style type='text\/css'>\n\t\t\t\t#gallery-5 {\n\t\t\t\t\tmargin: auto;\n\t\t\t\t}\n\t\t\t\t#gallery-5 .gallery-item {\n\t\t\t\t\tfloat: left;\n\t\t\t\t\tmargin-top: 10px;\n\t\t\t\t\ttext-align: center;\n\t\t\t\t\twidth: 33%;\n\t\t\t\t}\n\t\t\t\t#gallery-5 img {\n\t\t\t\t\tborder: 2px solid #cfcfcf;\n\t\t\t\t}\n\t\t\t\t#gallery-5 .gallery-caption {\n\t\t\t\t\tmargin-left: 0;\n\t\t\t\t}\n\t\t\t\t\/* see gallery_shortcode() in wp-includes\/media.php *\/\n\t\t\t<\/style>\n\t\t<div id='gallery-5' class='dt-gallery-container gallery galleryid-344996 gallery-columns-3 gallery-size-thumbnail'><dl class='gallery-item'>\n\t\t\t\t<dt class='gallery-icon landscape'>\n\t\t\t\t\t<a class=\"rollover rollover-zoom dt-pswp-item\" title=\"falco 2\" data-dt-img-description=\"\" data-large_image_width=\"2048\" data-large_image_height=\"1536\"href='https:\/\/www.radiopiu.net\/wordpress\/wp-content\/uploads\/2023\/07\/falco-2.jpg'><img loading=\"lazy\" decoding=\"async\" width=\"150\" height=\"150\" src=\"https:\/\/www.radiopiu.net\/wordpress\/wp-content\/uploads\/2023\/07\/falco-2-150x150.jpg\" class=\"attachment-thumbnail size-thumbnail\" alt=\"\" \/><\/a>\n\t\t\t\t<\/dt><\/dl><dl class='gallery-item'>\n\t\t\t\t<dt class='gallery-icon landscape'>\n\t\t\t\t\t<a class=\"rollover rollover-zoom dt-pswp-item\" title=\"falco 2_mattina\" data-dt-img-description=\"\" data-large_image_width=\"2048\" data-large_image_height=\"1536\"href='https:\/\/www.radiopiu.net\/wordpress\/wp-content\/uploads\/2023\/07\/falco-2_mattina.jpg'><img loading=\"lazy\" decoding=\"async\" width=\"150\" height=\"150\" src=\"https:\/\/www.radiopiu.net\/wordpress\/wp-content\/uploads\/2023\/07\/falco-2_mattina-150x150.jpg\" class=\"attachment-thumbnail size-thumbnail\" alt=\"\" \/><\/a>\n\t\t\t\t<\/dt><\/dl><dl class='gallery-item'>\n\t\t\t\t<dt class='gallery-icon landscape'>\n\t\t\t\t\t<a class=\"rollover rollover-zoom dt-pswp-item\" title=\"falco 2_dal ben\" data-dt-img-description=\"\" data-large_image_width=\"2040\" data-large_image_height=\"1530\"href='https:\/\/www.radiopiu.net\/wordpress\/wp-content\/uploads\/2023\/07\/falco-2_dal-ben.jpg'><img loading=\"lazy\" decoding=\"async\" width=\"150\" height=\"150\" src=\"https:\/\/www.radiopiu.net\/wordpress\/wp-content\/uploads\/2023\/07\/falco-2_dal-ben-150x150.jpg\" class=\"attachment-thumbnail size-thumbnail\" alt=\"\" \/><\/a>\n\t\t\t\t<\/dt><\/dl><br style=\"clear: both\" \/>\n\t\t\t<\/div>\n\n<p>&nbsp;<\/p>\n<p>&nbsp;<\/p>\n<hr \/>\n<p>&nbsp;<\/p>\n<blockquote>\n<h3>BUON LAVORO A DIEGO CASON, PRESIDENTE ISEBREC<\/h3>\n<\/blockquote>\n<p><a class=\"dt-pswp-item\" href=\"https:\/\/www.radiopiu.net\/wordpress\/wp-content\/uploads\/2020\/05\/DIEGO-CASON.jpg\" data-dt-img-description=\"\" data-large_image_width=\"133\" data-large_image_height=\"150\"><img loading=\"lazy\" decoding=\"async\" class=\"size-full wp-image-136100 alignright\" src=\"https:\/\/www.radiopiu.net\/wordpress\/wp-content\/uploads\/2020\/05\/DIEGO-CASON.jpg\" alt=\"\" width=\"133\" height=\"150\" \/><\/a><br \/>\n<strong>BELLUNO<\/strong> L&#8217;Isbrec (Istituto storico della Resistenza e dell&#8217;et\u00e0 contemporanea) \u00e8 ora presieduto da Diego Cason dopo che Paola Salomon, alla guida per dieci anni, ha deciso di non proseguire nel suo impegno. Vice presidente \u00e8 Franca Cosmai, archivista e storica che vive a Padova, Adriana Lotto \u00e8 tesoriere e Enrico Bacchetti \u00e8 stato confermato direttore. I nuovi ingressi nel direttivo sono quelli di Claudio Agnoli, Fabio De Bastiani e Maurizio Reberschak.<\/p>\n<div class=\"articlePlainText\">Il Comune ha tagliato drasticamente il contributo concesso, da 5000 euro a 1500 euro, che non coprono le spese vive. E poi ci sono le quote degli associati, circa 160<\/div>\n<div><\/div>\n<hr \/>\n<p>&nbsp;<\/p>\n<blockquote>\n<h3>1923-2023, CENT&#8217;ANNI ALLA FOSINA, LA STORIA DELLA FAMIGLIA DE BIASIO<\/h3>\n<\/blockquote>\n<p><strong>ROCCA PIETORE<\/strong><\/p>\n<p><strong>DI GIANNI SANTOMASO<\/strong><\/p>\n<audio class=\"wp-audio-shortcode\" id=\"audio-344996-3\" preload=\"none\" style=\"width: 100%;\" controls=\"controls\"><source type=\"audio\/mpeg\" src=\"https:\/\/www.radiopiu.net\/wordpress\/wp-content\/uploads\/2023\/07\/LA-FOSINA-DE-BIASIO.mp3?_=3\" \/><a href=\"https:\/\/www.radiopiu.net\/wordpress\/wp-content\/uploads\/2023\/07\/LA-FOSINA-DE-BIASIO.mp3\">https:\/\/www.radiopiu.net\/wordpress\/wp-content\/uploads\/2023\/07\/LA-FOSINA-DE-BIASIO.mp3<\/a><\/audio>\n<p>&nbsp;<\/p>\n\n\t\t\t<style type='text\/css'>\n\t\t\t\t#gallery-6 {\n\t\t\t\t\tmargin: auto;\n\t\t\t\t}\n\t\t\t\t#gallery-6 .gallery-item {\n\t\t\t\t\tfloat: left;\n\t\t\t\t\tmargin-top: 10px;\n\t\t\t\t\ttext-align: center;\n\t\t\t\t\twidth: 50%;\n\t\t\t\t}\n\t\t\t\t#gallery-6 img {\n\t\t\t\t\tborder: 2px solid #cfcfcf;\n\t\t\t\t}\n\t\t\t\t#gallery-6 .gallery-caption {\n\t\t\t\t\tmargin-left: 0;\n\t\t\t\t}\n\t\t\t\t\/* see gallery_shortcode() in wp-includes\/media.php *\/\n\t\t\t<\/style>\n\t\t<div id='gallery-6' class='dt-gallery-container gallery galleryid-344996 gallery-columns-2 gallery-size-thumbnail'><dl class='gallery-item'>\n\t\t\t\t<dt class='gallery-icon landscape'>\n\t\t\t\t\t<a class=\"rollover rollover-zoom dt-pswp-item\" title=\"_MG_8308 copia\" data-dt-img-description=\"\" data-large_image_width=\"2560\" data-large_image_height=\"2003\"href='https:\/\/www.radiopiu.net\/wordpress\/wp-content\/uploads\/2023\/07\/MG_8308-copia-1-scaled.jpg'><img loading=\"lazy\" decoding=\"async\" width=\"150\" height=\"150\" src=\"https:\/\/www.radiopiu.net\/wordpress\/wp-content\/uploads\/2023\/07\/MG_8308-copia-1-150x150.jpg\" class=\"attachment-thumbnail size-thumbnail\" alt=\"\" \/><\/a>\n\t\t\t\t<\/dt><\/dl><dl class='gallery-item'>\n\t\t\t\t<dt class='gallery-icon portrait'>\n\t\t\t\t\t<a class=\"rollover rollover-zoom dt-pswp-item\" title=\"Artigianato Sottoguda (24)\" data-dt-img-description=\"\" data-large_image_width=\"2020\" data-large_image_height=\"2560\"href='https:\/\/www.radiopiu.net\/wordpress\/wp-content\/uploads\/2023\/07\/Artigianato-Sottoguda-24-1-scaled.jpg'><img loading=\"lazy\" decoding=\"async\" width=\"150\" height=\"150\" src=\"https:\/\/www.radiopiu.net\/wordpress\/wp-content\/uploads\/2023\/07\/Artigianato-Sottoguda-24-1-150x150.jpg\" class=\"attachment-thumbnail size-thumbnail\" alt=\"\" \/><\/a>\n\t\t\t\t<\/dt><\/dl><br style=\"clear: both\" \/><dl class='gallery-item'>\n\t\t\t\t<dt class='gallery-icon portrait'>\n\t\t\t\t\t<a class=\"rollover rollover-zoom dt-pswp-item\" title=\"gufo\" data-dt-img-description=\"\" data-large_image_width=\"1920\" data-large_image_height=\"2560\"href='https:\/\/www.radiopiu.net\/wordpress\/wp-content\/uploads\/2023\/07\/gufo-1-scaled.jpg'><img loading=\"lazy\" decoding=\"async\" width=\"150\" height=\"150\" src=\"https:\/\/www.radiopiu.net\/wordpress\/wp-content\/uploads\/2023\/07\/gufo-1-150x150.jpg\" class=\"attachment-thumbnail size-thumbnail\" alt=\"\" \/><\/a>\n\t\t\t\t<\/dt><\/dl><dl class='gallery-item'>\n\t\t\t\t<dt class='gallery-icon portrait'>\n\t\t\t\t\t<a class=\"rollover rollover-zoom dt-pswp-item\" title=\"_DSC1756\" data-dt-img-description=\"\" data-large_image_width=\"1944\" data-large_image_height=\"2560\"href='https:\/\/www.radiopiu.net\/wordpress\/wp-content\/uploads\/2023\/07\/DSC1756-1-scaled.jpg'><img loading=\"lazy\" decoding=\"async\" width=\"150\" height=\"150\" src=\"https:\/\/www.radiopiu.net\/wordpress\/wp-content\/uploads\/2023\/07\/DSC1756-1-150x150.jpg\" class=\"attachment-thumbnail size-thumbnail\" alt=\"\" \/><\/a>\n\t\t\t\t<\/dt><\/dl><br style=\"clear: both\" \/>\n\t\t\t<\/div>\n\n<p>&nbsp;<\/p>\n<hr \/>\n<p>&nbsp;<\/p>\n<blockquote>\n<h3>QUESTA SERA MARIO BRUNELLO AD AGORDO PER I 30 ANNI DI AGORDO MUSICA<\/h3>\n<\/blockquote>\n<p>&nbsp;<\/p>\n<p><strong>AGORDO<\/strong><\/p>\n<p><strong>\u00a0DI GIANNI SANTOMASO<\/strong><\/p>\n<audio class=\"wp-audio-shortcode\" id=\"audio-344996-4\" preload=\"none\" style=\"width: 100%;\" controls=\"controls\"><source type=\"audio\/mpeg\" src=\"https:\/\/www.radiopiu.net\/wordpress\/wp-content\/uploads\/2023\/07\/BRUNELLO-GIANNI.mp3?_=4\" \/><a href=\"https:\/\/www.radiopiu.net\/wordpress\/wp-content\/uploads\/2023\/07\/BRUNELLO-GIANNI.mp3\">https:\/\/www.radiopiu.net\/wordpress\/wp-content\/uploads\/2023\/07\/BRUNELLO-GIANNI.mp3<\/a><\/audio>\n<p>&nbsp;<\/p>\n<p><strong>DI ANDREA BERNARDI<\/strong><\/p>\n<audio class=\"wp-audio-shortcode\" id=\"audio-344996-5\" preload=\"none\" style=\"width: 100%;\" controls=\"controls\"><source type=\"audio\/mpeg\" src=\"https:\/\/www.radiopiu.net\/wordpress\/wp-content\/uploads\/2023\/07\/Intervista-x-Mario-Brunello.mp3?_=5\" \/><a href=\"https:\/\/www.radiopiu.net\/wordpress\/wp-content\/uploads\/2023\/07\/Intervista-x-Mario-Brunello.mp3\">https:\/\/www.radiopiu.net\/wordpress\/wp-content\/uploads\/2023\/07\/Intervista-x-Mario-Brunello.mp3<\/a><\/audio>\n<p>&nbsp;<\/p>\n<p><img loading=\"lazy\" decoding=\"async\" class=\"aligncenter\" src=\"https:\/\/www.radiopiu.net\/wordpress\/wp-content\/uploads\/2023\/07\/295298383_543509750892911_2828605200449242679_n.jpg\" width=\"279\" height=\"174\" \/><\/p>\n<p>&nbsp;<\/p>\n<hr \/>\n<p>&nbsp;<\/p>\n<blockquote>\n<h3><\/h3>\n<h3><a class=\"dt-pswp-item\" href=\"https:\/\/www.radiopiu.net\/wordpress\/wp-content\/uploads\/2022\/07\/Chiesa-di-San-Simon.jpg\" data-dt-img-description=\"\" data-large_image_width=\"945\" data-large_image_height=\"1417\"><img loading=\"lazy\" decoding=\"async\" class=\"wp-image-287232 alignleft\" src=\"https:\/\/www.radiopiu.net\/wordpress\/wp-content\/uploads\/2022\/07\/Chiesa-di-San-Simon-200x300.jpg\" alt=\"\" width=\"105\" height=\"158\" srcset=\"https:\/\/www.radiopiu.net\/wordpress\/wp-content\/uploads\/2022\/07\/Chiesa-di-San-Simon-200x300.jpg 200w, https:\/\/www.radiopiu.net\/wordpress\/wp-content\/uploads\/2022\/07\/Chiesa-di-San-Simon-683x1024.jpg 683w, https:\/\/www.radiopiu.net\/wordpress\/wp-content\/uploads\/2022\/07\/Chiesa-di-San-Simon-768x1152.jpg 768w, https:\/\/www.radiopiu.net\/wordpress\/wp-content\/uploads\/2022\/07\/Chiesa-di-San-Simon.jpg 945w\" sizes=\"auto, (max-width: 105px) 100vw, 105px\" \/><\/a>QUESTA SERA A\u00a0 SAN SIMON<\/h3>\n<\/blockquote>\n<p><strong>VALLADA<\/strong><\/p>\n<p><strong>DI GIANNI SANTOMASO<\/strong><\/p>\n<audio class=\"wp-audio-shortcode\" id=\"audio-344996-6\" preload=\"none\" style=\"width: 100%;\" controls=\"controls\"><source type=\"audio\/mpeg\" src=\"https:\/\/www.radiopiu.net\/wordpress\/wp-content\/uploads\/2023\/07\/QUESTSA-SERA-SAN-SIMON.mp3?_=6\" \/><a href=\"https:\/\/www.radiopiu.net\/wordpress\/wp-content\/uploads\/2023\/07\/QUESTSA-SERA-SAN-SIMON.mp3\">https:\/\/www.radiopiu.net\/wordpress\/wp-content\/uploads\/2023\/07\/QUESTSA-SERA-SAN-SIMON.mp3<\/a><\/audio>\n<p><strong>\u00a0<\/strong><\/p>\n<p>&nbsp;<\/p>\n<p>&nbsp;<\/p>\n<hr \/>\n<p>&nbsp;<\/p>\n<blockquote>\n<h3>DILLO A RADIO PIU&#8217;&#8230;I PARCHEGGI SELVAGGI IN VALCOZZENA<\/h3>\n<\/blockquote>\n<p><a class=\"dt-pswp-item\" href=\"https:\/\/www.radiopiu.net\/wordpress\/wp-content\/uploads\/2023\/07\/SCR-20230720-kxrs.jpeg\" data-dt-img-description=\"\" data-large_image_width=\"1450\" data-large_image_height=\"818\"><img loading=\"lazy\" decoding=\"async\" class=\" wp-image-345037 alignleft\" src=\"https:\/\/www.radiopiu.net\/wordpress\/wp-content\/uploads\/2023\/07\/SCR-20230720-kxrs-300x169.jpeg\" alt=\"\" width=\"217\" height=\"122\" srcset=\"https:\/\/www.radiopiu.net\/wordpress\/wp-content\/uploads\/2023\/07\/SCR-20230720-kxrs-300x169.jpeg 300w, https:\/\/www.radiopiu.net\/wordpress\/wp-content\/uploads\/2023\/07\/SCR-20230720-kxrs-1024x578.jpeg 1024w, https:\/\/www.radiopiu.net\/wordpress\/wp-content\/uploads\/2023\/07\/SCR-20230720-kxrs-768x433.jpeg 768w, https:\/\/www.radiopiu.net\/wordpress\/wp-content\/uploads\/2023\/07\/SCR-20230720-kxrs.jpeg 1450w\" sizes=\"auto, (max-width: 217px) 100vw, 217px\" \/><\/a>Riceviamo e pubblichiamo<\/p>\n<p><strong>AGORDO<\/strong> Non \u00e8 nemmeno mezzogiorno e ci sono autovetture ovunque. La zona camper \u00e8 incredibile, bell immagini per Agordo che vuole fare turismo, l&#8217;accesso a certe attivit\u00e0 \u00e8 praticamente impossibile. Per non parlare degli stop occupati dai veicoli. Voglio vedere cosa succeder\u00e0 a cambio turno alle due.<\/p>\n<p><strong>REAZIONI\u00a0<\/strong><\/p>\n<p>Un ascoltatore ci scrive: <em>&#8220;Con un parcheggio da quasi 700 posti chiuso, non c&#8217;era da aspettarsi molto di diverso. Ok che ci sono anche le navette e un buon numero di persone le usa ma non tutti possono prenderle.&#8221;<\/em><\/p>\n<p>Erminia: <em>&#8220;700 parcheggi in meno non giustifica quanto succede. Faccio notare che il <a class=\"dt-pswp-item\" href=\"https:\/\/www.radiopiu.net\/wordpress\/wp-content\/uploads\/2023\/07\/1689843966666-scaled.jpg\" data-dt-img-description=\"\" data-large_image_width=\"1928\" data-large_image_height=\"2560\"><img loading=\"lazy\" decoding=\"async\" class=\"size-medium wp-image-345047 alignleft\" src=\"https:\/\/www.radiopiu.net\/wordpress\/wp-content\/uploads\/2023\/07\/1689843966666-226x300.jpg\" alt=\"\" width=\"226\" height=\"300\" srcset=\"https:\/\/www.radiopiu.net\/wordpress\/wp-content\/uploads\/2023\/07\/1689843966666-226x300.jpg 226w, https:\/\/www.radiopiu.net\/wordpress\/wp-content\/uploads\/2023\/07\/1689843966666-771x1024.jpg 771w, https:\/\/www.radiopiu.net\/wordpress\/wp-content\/uploads\/2023\/07\/1689843966666-768x1020.jpg 768w, https:\/\/www.radiopiu.net\/wordpress\/wp-content\/uploads\/2023\/07\/1689843966666-1157x1536.jpg 1157w, https:\/\/www.radiopiu.net\/wordpress\/wp-content\/uploads\/2023\/07\/1689843966666-1542x2048.jpg 1542w, https:\/\/www.radiopiu.net\/wordpress\/wp-content\/uploads\/2023\/07\/1689843966666-scaled.jpg 1928w\" sizes=\"auto, (max-width: 226px) 100vw, 226px\" \/><\/a>maggior numero dei veicoli sono occupati da una sola persona e pensare di andare a lavorare con una vettura occupata da pi\u00f9 persone? E il pericolo causato da automobili che occupano gli stop. Poi il rispetto per le altre persone che vivono e lavorano in questa zona&#8221;.\u00a0\u00a0<\/em><\/p>\n<p>Alessandra in una lunga mail inviata al Comune lamenta l&#8217;occupazione dell&#8217;area camper <em>&#8220;Purtroppo ho trovato un parcheggio completamente pieno di macchine parcheggiate senza nemmeno lasciar libera la zona dove i camper potrebbero scaricare e utilizzare i servizi offerti&#8221;.<\/em> A chi suggerisce di usare l&#8217;area di Taibon la turista in camper risponde<\/p>\n<p>&nbsp;<\/p>\n<p>&nbsp;<\/p>\n<p>&nbsp;<\/p>\n<p>&nbsp;<\/p>\n<p>&nbsp;<\/p>\n<p>&nbsp;<\/p>\n<hr \/>\n<p>&nbsp;<\/p>\n<blockquote>\n<h3>RITORNA LA CGIL SUNIA A BELLUNO<\/h3>\n<\/blockquote>\n<p><strong>BELLUNO<\/strong> Il sindacato degli inquilini della CGIL di Belluno, il SUNIA, si \u00e8 ricostituito con l&#8217;obiettivo di migliorare la tutela delle fasce pi\u00f9 fragili della popolazione in tema di abitazioni. La mancanza di iniziative politiche e amministrative degli ultimi 20 anni ha portato a un&#8217;alta percentuale di abitazioni sfitte, sia pubbliche che private. La provincia di Belluno ha il pi\u00f9 alto tasso di abitazioni sfitte del Veneto, con il 98% delle case vuote. Il mercato delle case in affitto \u00e8 rigido, con una diminuzione del 7,4% negli ultimi 10 anni. Il SUNIA cercher\u00e0 di agire per favorire l&#8217;offerta abitativa e per assistere gli inquilini, soprattutto lavoratori e pensionati, nella politica di controllo dei costi e degli affitti.<\/p>\n<p>&nbsp;<\/p>\n<hr \/>\n<p>&nbsp;<\/p>\n<p>&nbsp;<\/p>\n<blockquote>\n<h3>Nasce il primo Cluster italiano del legno, plauso di Confartigianato Belluno<\/h3>\n<\/blockquote>\n<p><strong>BELLUNO\u00a0<\/strong> &#8220;Nella sfida al cambiamento climatico, come anche nella sostenibilit\u00e0 della montagna, boschi e foreste hanno un ruolo chiave. Un plauso quindi all\u2019iniziativa del Masaf, sottoscritta anche da Confartigianato, per la nascita del primo cluster italiano del legno\u201d. \u00c8 quanto afferma la Presidente di Confartigianato Imprese Belluno, Claudia Scarzanella, presente ieri a Roma insieme al Direttore Michele Basso all\u2019ufficializzazione del protocollo d\u2019intesa che ha dato avvio al primo cluster italiano del legno, firmato al Ministero dell\u2019Agricoltura, della Sovranit\u00e0 alimentare e delle Foreste. Il cluster consentir\u00e0 di rafforzare la filiera del legno, mettendo insieme il mondo della ricerca scientifica e della produzione, con l\u2019obiettivo di far crescere un sistema foresta sano, sostenibile.<\/p>\n<p>&nbsp;<\/p>\n<hr \/>\n<p>&nbsp;<\/p>\n<blockquote>\n<h3>CONSEGNATI DIPLOMI AI NUOVI PROFESSIONISTI DELL\u2019OCCHIALERIA<\/h3>\n<p><em>Sono 431 i giovani diplomati nell\u2019ultimo triennio,\u00a0 57 si sono specializzati nel mondo dell\u2019occhialeria di cui l\u2019Italia \u00e8 leader. Il finanziamento dedicato alla formazione nel settore occhialeria nell\u2019ultimo triennio \u00e8 stato pari a quasi 570mila euro, cofinanziati dalla Regione del Veneto.<\/em><\/p><\/blockquote>\n<p><strong>VENEZIA<\/strong> L&#8217;Assessore all&#8217;Istruzione, Formazione, Lavoro e Pari Opportunit\u00e0 della Regione del Veneto Elena Donazzan \u00e8 intervenuta a Longarone Fiere per la consegna dei diplomi ai 14 nuovi Eyewear Product Manager che hanno completato il ciclo di studi nel biennio 2021-2023. <em>\u201cL\u2019ITS che forma i responsabili della produzione di collezioni di occhiali sviluppa anche le competenze pi\u00f9 alte, incrementando le abilit\u00e0 dei lavoratori a beneficio ditutto il sistema\u201d,<\/em> ha aggiunto l\u2019Assessore Donazzan. \u201cLa filiera dell&#8217;occhialeria \u00e8 strategica, per questo la Regione del Veneto continua ad investire in questo progetto formativo che coinvolge anche le aziende del territorio, puntando sul capitale umano, fattore chiave per il successo delle produzioni italiane nel mondo\u201d.<\/p>\n<p>&nbsp;<\/p>\n<p>&nbsp;<\/p>\n<hr \/>\n<p>&nbsp;<\/p>\n<blockquote>\n<h3><a class=\"dt-pswp-item\" href=\"https:\/\/www.radiopiu.net\/wordpress\/wp-content\/uploads\/2023\/07\/356433666_775396647618475_5882499462473347133_n.jpg\" data-dt-img-description=\"\" data-large_image_width=\"509\" data-large_image_height=\"720\"><img loading=\"lazy\" decoding=\"async\" class=\"size-medium wp-image-345077 alignleft\" src=\"https:\/\/www.radiopiu.net\/wordpress\/wp-content\/uploads\/2023\/07\/356433666_775396647618475_5882499462473347133_n-212x300.jpg\" alt=\"\" width=\"212\" height=\"300\" srcset=\"https:\/\/www.radiopiu.net\/wordpress\/wp-content\/uploads\/2023\/07\/356433666_775396647618475_5882499462473347133_n-212x300.jpg 212w, https:\/\/www.radiopiu.net\/wordpress\/wp-content\/uploads\/2023\/07\/356433666_775396647618475_5882499462473347133_n.jpg 509w\" sizes=\"auto, (max-width: 212px) 100vw, 212px\" \/><\/a>GIORNATA DELLA PREVENZIONE DELL\u2019IPERTENSIONE ARTERIOSA NEI RIFUGI: APPUNTAMENTO AL DAL PIAZ<\/h3>\n<\/blockquote>\n<p><strong>BELLUNO <\/strong>Dopo l\u2019esperienza della scorsa settimana ai rifugi Forcella Zovo (Comelico) e Semenza (Col Nudo-Cavallo, Alpago), torna questa domenica 23 luglio 2023 la giornata della prevenzione dell\u2019ipertensione arteriosa nei rifugi al Rifugio Dal Piaz (Vette Feltrine). Dopo la perturbazione che aveva reso difficilmente praticabile il sentiero, il rifugio \u00e8 ora accessibile e gli operatori del Dipartimento di Prevenzione dell\u2019Ulss Dolomiti saranno a disposizione dalle 10.30 alle 15.00 per eseguire, su base volontaria, la misurazione della pressione arteriosa e della saturazione a favore degli escursionisti in arrivo,<\/p>\n<p>&nbsp;<\/p>\n<p>&nbsp;<\/p>\n<p>&nbsp;<\/p>\n<p>&nbsp;<\/p>\n<p>&nbsp;<\/p>\n<p>&nbsp;<\/p>\n<hr \/>\n<p>&nbsp;<\/p>\n<blockquote>\n<h3>UN&#8217;ESTATE DENSA DI ATTIVITA&#8217; PER GLI AMICI DEL NEVEGAL<\/h3>\n<\/blockquote>\n<p><strong><a class=\"dt-pswp-item\" href=\"https:\/\/www.radiopiu.net\/wordpress\/wp-content\/uploads\/2023\/07\/Amici-del-Nevegal.jpg\" data-dt-img-description=\"\" data-large_image_width=\"1600\" data-large_image_height=\"1200\"><img loading=\"lazy\" decoding=\"async\" class=\" wp-image-345043 alignleft\" src=\"https:\/\/www.radiopiu.net\/wordpress\/wp-content\/uploads\/2023\/07\/Amici-del-Nevegal-300x225.jpg\" alt=\"\" width=\"171\" height=\"128\" srcset=\"https:\/\/www.radiopiu.net\/wordpress\/wp-content\/uploads\/2023\/07\/Amici-del-Nevegal-300x225.jpg 300w, https:\/\/www.radiopiu.net\/wordpress\/wp-content\/uploads\/2023\/07\/Amici-del-Nevegal-1024x768.jpg 1024w, https:\/\/www.radiopiu.net\/wordpress\/wp-content\/uploads\/2023\/07\/Amici-del-Nevegal-768x576.jpg 768w, https:\/\/www.radiopiu.net\/wordpress\/wp-content\/uploads\/2023\/07\/Amici-del-Nevegal-1536x1152.jpg 1536w, https:\/\/www.radiopiu.net\/wordpress\/wp-content\/uploads\/2023\/07\/Amici-del-Nevegal.jpg 1600w\" sizes=\"auto, (max-width: 171px) 100vw, 171px\" \/><\/a>BELLUNO <\/strong>Un\u2019estate di grande fermento quella proposta dall\u2019Associazione \u201cAmici del Nevegal\u201d per valorizzare il Colle e i suoi suggestivi paesaggi. Si \u00e8 gi\u00e0 registrato il primo successo, in termini di partecipazione, con la \u201cCamminata sotto le stelle\u201d, con cena al rifugio Col Visentin, proposta lo scorso 15 luglio. L\u2019attivit\u00e0 \u00e8 appena iniziata e sono molte le iniziative in programma: domenica 30 luglio alle 9 \u00e8 prevista una passeggiata naturalistica ai Coi de Pera per ammirare panorami e alberi monumentali con la guida naturalistica-ambientale Anacleto Boranga. Vi sar\u00e0 spazio anche per il sociale e l\u2019associazionismo gioved\u00ec 3 agosto, quando si terr\u00e0, al Centro congressi \u201cLe Torri\u201d, un incontro sulla prevenzione dei tumori cutanei dal titolo &#8220;Ama la tua pelle&#8221;, nel quale relazioner\u00e0 la dermatologa e presidente della Lilt sezione di Belluno Pier Anna Dal Mas. Sabato 5 agosto si riprendono le camminate con &#8220;Sulle creste aspettando l&#8217;alba&#8221;, passeggiata in cresta per assistere in compagnia al sorgere del sole; \u00e8 prevista anche una colazione in quota. Anche gli approfondimenti culturali sono tra gli intenti dell\u2019associazione: luned\u00ec 7 agosto si terr\u00e0 la serata culturale &#8220;Sulle tracce di Belluno citt\u00e0 fortezza&#8221; al Centro \u201cLe Torri\u201d, per conoscere la storia della citt\u00e0 con relatore l\u2019architetto Mauro Vedana. Mercoled\u00ec 9 agosto, nello stesso luogo, spazio all\u2019intrattenimento con la serata teatrale-omaggio al grande maestro Gigi Proietti con Lino Pauletto e la sua compagnia. Venerd\u00ec 11, nella sala Hall del Centro, ci sar\u00e0 la consueta assemblea dei soci e simpatizzanti con la partecipazione di rappresentanti\u00a0 delle istituzioni per fare il punto della situazione sulle attivit\u00e0. Luned\u00ec 14 agosto si conclude con un evento ricreativo che consiste in una serata di ballo.<\/p>\n<p>&nbsp;<\/p>\n<p>&nbsp;<\/p>\n<hr \/>\n<p>&nbsp;<\/p>\n<blockquote>\n<h3>LUNEDI A CANALE D&#8217;AGORDO IL BILANCIO<\/h3>\n<\/blockquote>\n<p><strong>CANALE D&#8217;AGORDO<\/strong> Lunedi alle 20 in sala Zando&#8217; si riunisce il consiglio comunale. All&#8217;ordine del giorno il bilancio di previsione e l&#8217;autorizzazione alla costituzione di garanzia<\/p>\n<p>&nbsp;<\/p>\n<blockquote>\n<h3>MARTEDI IL RICONOSCIMENTO DEI DEBITI FUORI BILANCIO<\/h3>\n<\/blockquote>\n<p><strong>ROCCA PIETORE<\/strong> Martedi alle 18.30 consiglio comunale, all&#8217;ordine del giorno il programma triennale delle opere pubbliche, variazioni al bilancio, riconoscimento debiti fuori bilancio, assestamento di bilancio, approvazione schema di concessione d&#8217;uso a titolo gratuito degli immobili destinati ad ecocentro all&#8217;unione montana;\u00a0 approvazione progetto ampliamento ecentro Le Pale. Approvazione bilancio Asca.<\/p>\n<p>&nbsp;<\/p>\n<p>&nbsp;<\/p>\n<hr \/>\n<p>&nbsp;<\/p>\n<blockquote>\n<h3>DOMENICA DI EVENTI A LIVINALLONGO, DALLA VERTICAL AL CONCERTO<\/h3>\n<\/blockquote>\n\n\t\t\t<style type='text\/css'>\n\t\t\t\t#gallery-7 {\n\t\t\t\t\tmargin: auto;\n\t\t\t\t}\n\t\t\t\t#gallery-7 .gallery-item {\n\t\t\t\t\tfloat: left;\n\t\t\t\t\tmargin-top: 10px;\n\t\t\t\t\ttext-align: center;\n\t\t\t\t\twidth: 50%;\n\t\t\t\t}\n\t\t\t\t#gallery-7 img {\n\t\t\t\t\tborder: 2px solid #cfcfcf;\n\t\t\t\t}\n\t\t\t\t#gallery-7 .gallery-caption {\n\t\t\t\t\tmargin-left: 0;\n\t\t\t\t}\n\t\t\t\t\/* see gallery_shortcode() in wp-includes\/media.php *\/\n\t\t\t<\/style>\n\t\t<div id='gallery-7' class='dt-gallery-container gallery galleryid-344996 gallery-columns-2 gallery-size-medium'><dl class='gallery-item'>\n\t\t\t\t<dt class='gallery-icon portrait'>\n\t\t\t\t\t<a class=\"rollover rollover-zoom dt-pswp-item\" title=\"358361591_6876636995722548_1205086625824668765_n\" data-dt-img-description=\"\" data-large_image_width=\"526\" data-large_image_height=\"774\"href='https:\/\/www.radiopiu.net\/wordpress\/wp-content\/uploads\/2023\/07\/358361591_6876636995722548_1205086625824668765_n.jpg'><img loading=\"lazy\" decoding=\"async\" width=\"204\" height=\"300\" src=\"https:\/\/www.radiopiu.net\/wordpress\/wp-content\/uploads\/2023\/07\/358361591_6876636995722548_1205086625824668765_n-204x300.jpg\" class=\"attachment-medium size-medium\" alt=\"\" srcset=\"https:\/\/www.radiopiu.net\/wordpress\/wp-content\/uploads\/2023\/07\/358361591_6876636995722548_1205086625824668765_n-204x300.jpg 204w, https:\/\/www.radiopiu.net\/wordpress\/wp-content\/uploads\/2023\/07\/358361591_6876636995722548_1205086625824668765_n.jpg 526w\" sizes=\"auto, (max-width: 204px) 100vw, 204px\" \/><\/a>\n\t\t\t\t<\/dt><\/dl><dl class='gallery-item'>\n\t\t\t\t<dt class='gallery-icon landscape'>\n\t\t\t\t\t<a class=\"rollover rollover-zoom dt-pswp-item\" title=\"349707048_6920586647994249_4457055423776803945_n\" data-dt-img-description=\"\" data-large_image_width=\"526\" data-large_image_height=\"517\"href='https:\/\/www.radiopiu.net\/wordpress\/wp-content\/uploads\/2023\/07\/349707048_6920586647994249_4457055423776803945_n.jpg'><img loading=\"lazy\" decoding=\"async\" width=\"300\" height=\"295\" src=\"https:\/\/www.radiopiu.net\/wordpress\/wp-content\/uploads\/2023\/07\/349707048_6920586647994249_4457055423776803945_n-300x295.jpg\" class=\"attachment-medium size-medium\" alt=\"\" srcset=\"https:\/\/www.radiopiu.net\/wordpress\/wp-content\/uploads\/2023\/07\/349707048_6920586647994249_4457055423776803945_n-300x295.jpg 300w, https:\/\/www.radiopiu.net\/wordpress\/wp-content\/uploads\/2023\/07\/349707048_6920586647994249_4457055423776803945_n.jpg 526w\" sizes=\"auto, (max-width: 300px) 100vw, 300px\" \/><\/a>\n\t\t\t\t<\/dt><\/dl><br style=\"clear: both\" \/>\n\t\t\t<\/div>\n\n<p>&nbsp;<\/p>\n<p>&nbsp;<\/p>\n<hr \/>\n<p>&nbsp;<\/p>\n<h2><span style=\"color: #ff0000;\">IERI ALLA RADIO<\/span><\/h2>\n<h2><span style=\"color: #808000;\">SIMONE ONGARO E IL SECONDO SIMPOSIO DI SCULTURA DI MASCHERE SU LEGNO<\/span><\/h2>\n<p><strong><a class=\"dt-pswp-item\" href=\"https:\/\/www.radiopiu.net\/wordpress\/wp-content\/uploads\/2023\/07\/\u00a9EchidiAlessandroSogne-FOTO-GRUPPO-MASCHERAI-ALPINI-CANALE-25-LUGLIO.jpg\" data-dt-img-description=\"\" data-large_image_width=\"2000\" data-large_image_height=\"1333\"><img loading=\"lazy\" decoding=\"async\" class=\" wp-image-344836 alignleft\" src=\"https:\/\/www.radiopiu.net\/wordpress\/wp-content\/uploads\/2023\/07\/\u00a9EchidiAlessandroSogne-FOTO-GRUPPO-MASCHERAI-ALPINI-CANALE-25-LUGLIO-300x200.jpg\" alt=\"\" width=\"201\" height=\"134\" srcset=\"https:\/\/www.radiopiu.net\/wordpress\/wp-content\/uploads\/2023\/07\/\u00a9EchidiAlessandroSogne-FOTO-GRUPPO-MASCHERAI-ALPINI-CANALE-25-LUGLIO-300x200.jpg 300w, https:\/\/www.radiopiu.net\/wordpress\/wp-content\/uploads\/2023\/07\/\u00a9EchidiAlessandroSogne-FOTO-GRUPPO-MASCHERAI-ALPINI-CANALE-25-LUGLIO-1024x682.jpg 1024w, https:\/\/www.radiopiu.net\/wordpress\/wp-content\/uploads\/2023\/07\/\u00a9EchidiAlessandroSogne-FOTO-GRUPPO-MASCHERAI-ALPINI-CANALE-25-LUGLIO-768x512.jpg 768w, https:\/\/www.radiopiu.net\/wordpress\/wp-content\/uploads\/2023\/07\/\u00a9EchidiAlessandroSogne-FOTO-GRUPPO-MASCHERAI-ALPINI-CANALE-25-LUGLIO-1536x1024.jpg 1536w, https:\/\/www.radiopiu.net\/wordpress\/wp-content\/uploads\/2023\/07\/\u00a9EchidiAlessandroSogne-FOTO-GRUPPO-MASCHERAI-ALPINI-CANALE-25-LUGLIO.jpg 2000w\" sizes=\"auto, (max-width: 201px) 100vw, 201px\" \/><\/a>di Mirko Mezzacasa<\/strong><\/p>\n<p>OSPITE: Simone Ongaro<\/p>\n<audio class=\"wp-audio-shortcode\" id=\"audio-344996-7\" preload=\"none\" style=\"width: 100%;\" controls=\"controls\"><source type=\"audio\/mpeg\" src=\"https:\/\/www.radiopiu.net\/wordpress\/wp-content\/uploads\/2023\/07\/SIMONE-ONGARO.mp3?_=7\" \/><a href=\"https:\/\/www.radiopiu.net\/wordpress\/wp-content\/uploads\/2023\/07\/SIMONE-ONGARO.mp3\">https:\/\/www.radiopiu.net\/wordpress\/wp-content\/uploads\/2023\/07\/SIMONE-ONGARO.mp3<\/a><\/audio>\n<p>&nbsp;<\/p>\n<hr \/>\n<p>&nbsp;<\/p>\n<blockquote>\n<h2>DA OGGI VIA ALLA SAGRA DEI PER<\/h2>\n<\/blockquote>\n<p><strong><span style=\"color: #ff0000;\">DIRETTA RADIO CON ALESSIO PICCOLI, LORENZO DE BARBA, SAMUELE CAPRARO<\/span><\/strong><\/p>\n<p><iframe loading=\"lazy\" title=\"SAGRA DEI PER 2023\" width=\"1200\" height=\"675\" src=\"https:\/\/www.youtube.com\/embed\/cf6JZ-pW24E?feature=oembed\" frameborder=\"0\" allow=\"accelerometer; autoplay; clipboard-write; encrypted-media; gyroscope; picture-in-picture; web-share\" allowfullscreen><\/iframe><\/p>\n<p>&nbsp;<\/p>\n<blockquote>\n<h3>LA SAGRA DEI PER A BRIBANO DI SEDICO<\/h3>\n<\/blockquote>\n<p><strong>SEDICO<\/strong> Dal 21 al 30 luglio grande festa a Bribano di Sedico con la Sagra dei Per. Musica, Luna Park, cibo, sport, cultura e altro. Sabato 22 Radio Pi\u00f9 40 Live per festeggiare assieme i 40 anni di Radio Pi\u00f9.<\/p>\n<p><strong>IL PROGRAMMA (2 PAGINE)<\/strong><\/p>\n<a href=\"https:\/\/www.radiopiu.net\/wordpress\/wp-content\/uploads\/2023\/07\/FLYER-sagra-dei-per-2023-STAMPA.pdf\" class=\"pdfemb-viewer\" style=\"\" data-width=\"max\" data-height=\"max\" data-toolbar=\"top\" data-toolbar-fixed=\"on\">FLYER sagra dei per 2023 STAMPA<\/a>\n<p>&nbsp;<\/p>\n<hr \/>\n<p>&nbsp;<\/p>\n<blockquote>\n<h3>EVVIVA! E&#8217; TORNATA LA BANDA PATUF! DA VENERDI A TAIBON<\/h3>\n<\/blockquote>\n<p><strong>REDAZIONE\u00a0<\/strong> Lo racconta bene Vasco Rossi l&#8217;importanza del &#8220;vivere una favola&#8221;, come quella che ti fa vivere il circo Patuf, atteso nell&#8217;Agordino, estate dopo esate. Quest&#8217;anno fa tappa a Taibon, in riva al Tegnas, da venerdi al 30 luglio, nei giorni infrasettimanali lo spettacolo inizia alle 20.30, la domenica alle 18.<\/p>\n<p>Stamane, Lidia&#8230;\u00e8\u00a0 venuta a salutarci in radio e noi&#8230;a breve, andremo a trovare lei e tutti i suoi amici ed amiche a Taibon&#8230;<\/p>\n<p><a href=\"https:\/\/www.facebook.com\/profile.php?id=100063692523422&amp;sk=about\">CLICCA QUI FACEBOOK<\/a><\/p>\n<p><iframe loading=\"lazy\" title=\"YouCut 20230719 122524272\" width=\"1200\" height=\"675\" src=\"https:\/\/www.youtube.com\/embed\/hl4YfcrwLo0?feature=oembed\" frameborder=\"0\" allow=\"accelerometer; autoplay; clipboard-write; encrypted-media; gyroscope; picture-in-picture; web-share\" allowfullscreen><\/iframe><\/p>\n<p>&nbsp;<\/p>\n<p>&nbsp;<\/p>\n<hr \/>\n<p>&nbsp;<\/p>\n<blockquote>\n<h3>CONCERTI IN ALTA QUOTA CON &#8220;MELODIE NEL BOSCO, SUSSURRI TRA LE DOLOMITI&#8221;<\/h3>\n<\/blockquote>\n<p><strong><a class=\"dt-pswp-item\" href=\"https:\/\/www.radiopiu.net\/wordpress\/wp-content\/uploads\/2018\/07\/Pota-l_Orso_Bosco-degli-Artisti.png\" data-dt-img-description=\"\" data-large_image_width=\"750\" data-large_image_height=\"534\"><img loading=\"lazy\" decoding=\"async\" class=\" wp-image-55065 alignleft\" src=\"https:\/\/www.radiopiu.net\/wordpress\/wp-content\/uploads\/2018\/07\/Pota-l_Orso_Bosco-degli-Artisti-300x214.png\" alt=\"\" width=\"199\" height=\"142\" srcset=\"https:\/\/www.radiopiu.net\/wordpress\/wp-content\/uploads\/2018\/07\/Pota-l_Orso_Bosco-degli-Artisti-300x214.png 300w, https:\/\/www.radiopiu.net\/wordpress\/wp-content\/uploads\/2018\/07\/Pota-l_Orso_Bosco-degli-Artisti.png 750w\" sizes=\"auto, (max-width: 199px) 100vw, 199px\" \/><\/a>FALCADE<\/strong>\u00a0 &#8220;Melodie nel Bosco, sussurri tra le Dolomiti&#8221;. Si chiama cos\u00ec il festival che porter\u00e0 quattro concerti a 2.000 metri di altitudine per far incontrare musica e natura al cospetto di vette come Mulaz e Focobon.\u00a0 A fare da teatro sar\u00e0 il Bosco degli Artisti di Falcade, galleria d\u2019arte a cielo aperto che sorge in localit\u00e0 Le Buse, nella Ski Area San Pellegrino. Concerti in programma alle 10:30. Sabato 29 luglio si esibir\u00e0 il Coro Val Biois con intermezzo di Nina &amp; Nena duo. Sabato 12 agosto spazio a Fourback con un tributo ai Beatles. Sabato 26 agosto toccher\u00e0 a Emanuele Bastanzetti, da Bach a Kreisler &#8211; sinfonie di violino.<\/p>\n<p>&nbsp;<\/p>\n<p>&nbsp;<\/p>\n<hr \/>\n<p>&nbsp;<\/p>\n<blockquote>\n<h3>SAN LUCANO 2023, TRE GIORNI DI FESTA IN VALLE<\/h3>\n<\/blockquote>\n<p><strong><a class=\"dt-pswp-item\" href=\"https:\/\/www.radiopiu.net\/wordpress\/wp-content\/uploads\/2023\/07\/Senza-nome-43.png\" data-dt-img-description=\"\" data-large_image_width=\"121\" data-large_image_height=\"105\"><img loading=\"lazy\" decoding=\"async\" class=\"size-full wp-image-344598 alignleft\" src=\"https:\/\/www.radiopiu.net\/wordpress\/wp-content\/uploads\/2023\/07\/Senza-nome-43.png\" alt=\"\" width=\"121\" height=\"105\" \/><\/a> Silvano Ben &#8220;Piciol&#8221; Proloco Taibon Agordino\u00a0<\/strong><\/p>\n<p>di Mirko Mezzacasa<\/p>\n<audio class=\"wp-audio-shortcode\" id=\"audio-344996-8\" preload=\"none\" style=\"width: 100%;\" controls=\"controls\"><source type=\"audio\/mpeg\" src=\"https:\/\/www.radiopiu.net\/wordpress\/wp-content\/uploads\/2023\/07\/SILVANO-PROLOCO-TAIBON.mp3?_=8\" \/><a href=\"https:\/\/www.radiopiu.net\/wordpress\/wp-content\/uploads\/2023\/07\/SILVANO-PROLOCO-TAIBON.mp3\">https:\/\/www.radiopiu.net\/wordpress\/wp-content\/uploads\/2023\/07\/SILVANO-PROLOCO-TAIBON.mp3<\/a><\/audio>\n<p><strong>\u00a0<\/strong><\/p>\n<h3 style=\"text-align: center;\">COUNTRY MUSIC IN SAN LUGAN<\/h3>\n<p><strong>DI GIANNI SANTOMASO<\/strong><\/p>\n<audio class=\"wp-audio-shortcode\" id=\"audio-344996-9\" preload=\"none\" style=\"width: 100%;\" controls=\"controls\"><source type=\"audio\/mpeg\" src=\"https:\/\/www.radiopiu.net\/wordpress\/wp-content\/uploads\/2023\/07\/GIANNI-SAN-LUCANO.mp3?_=9\" \/><a href=\"https:\/\/www.radiopiu.net\/wordpress\/wp-content\/uploads\/2023\/07\/GIANNI-SAN-LUCANO.mp3\">https:\/\/www.radiopiu.net\/wordpress\/wp-content\/uploads\/2023\/07\/GIANNI-SAN-LUCANO.mp3<\/a><\/audio>\n<p>&nbsp;<\/p>\n<p><strong><a class=\"dt-pswp-item\" href=\"https:\/\/www.radiopiu.net\/wordpress\/wp-content\/uploads\/2023\/07\/Senza-nome-39.png\" data-dt-img-description=\"\" data-large_image_width=\"218\" data-large_image_height=\"161\"><img loading=\"lazy\" decoding=\"async\" class=\" wp-image-344502 alignleft\" src=\"https:\/\/www.radiopiu.net\/wordpress\/wp-content\/uploads\/2023\/07\/Senza-nome-39.png\" alt=\"\" width=\"136\" height=\"101\" \/><\/a>REDAZIONE<\/strong> Ritorna il country a Taibon, a trent&#8217;anni dai concerti dell&#8217;epopea country a Taibon. Questa sera alle 18 nell&#8217;ambito dei festeggiamenti per San Lucano, al tendone delle feste si esibir\u00e0 la Beer o&#8217;Clock. Pista coperta e ballo country e line dance. Di contorno: aperti saloon al chiosco, marshmallow per i pi\u00f9 piccoli, pastim, burger, patate fritte. <strong>LA BAND <\/strong>\u00a0toscana nasce nel 2012 da un\u2019idea di Gianni Gori, da sempre appassionato di musica country e delle sue sonorit\u00e0 tipiche.<\/p>\n<p>&nbsp;<\/p>\n<p>&nbsp;<\/p>\n<hr \/>\n<blockquote>\n<h3>VI edizione del Festival internazionale di musica antica in Val di Zoldo<\/h3>\n<\/blockquote>\n<p><em> e per il quarto concerto di Luglio Jazz e dintorni, XXXIV edizione 2023 dei concerti in Villa e nelle Corti<\/em><\/p>\n<p><strong>Sabato alle 19<\/strong>:\u00a0 Stefano Rattini, organo in Chiesa a Pieve di Val di Zoldo &#8220;Arte e Musica tra Pelmo e Civetta&#8221; Ingresso libero<br \/>\n<strong>Domenica\u00a0 alle 17:30<\/strong> Overland nel del Chiostro Seminario Gregoriano Lollino, Belluno<br \/>\nLa storia del country-rock dai Byrds agli Eagles.<\/p>\n\n\t\t\t<style type='text\/css'>\n\t\t\t\t#gallery-8 {\n\t\t\t\t\tmargin: auto;\n\t\t\t\t}\n\t\t\t\t#gallery-8 .gallery-item {\n\t\t\t\t\tfloat: left;\n\t\t\t\t\tmargin-top: 10px;\n\t\t\t\t\ttext-align: center;\n\t\t\t\t\twidth: 50%;\n\t\t\t\t}\n\t\t\t\t#gallery-8 img {\n\t\t\t\t\tborder: 2px solid #cfcfcf;\n\t\t\t\t}\n\t\t\t\t#gallery-8 .gallery-caption {\n\t\t\t\t\tmargin-left: 0;\n\t\t\t\t}\n\t\t\t\t\/* see gallery_shortcode() in wp-includes\/media.php *\/\n\t\t\t<\/style>\n\t\t<div id='gallery-8' class='dt-gallery-container gallery galleryid-344996 gallery-columns-2 gallery-size-thumbnail'><dl class='gallery-item'>\n\t\t\t\t<dt class='gallery-icon portrait'>\n\t\t\t\t\t<a class=\"rollover rollover-zoom dt-pswp-item\" title=\"Arte e Musica_ Stefano_Rattini\" data-dt-img-description=\"\" data-large_image_width=\"1707\" data-large_image_height=\"2560\"href='https:\/\/www.radiopiu.net\/wordpress\/wp-content\/uploads\/2023\/07\/Arte-e-Musica_-Stefano_Rattini.jpg'><img loading=\"lazy\" decoding=\"async\" width=\"150\" height=\"150\" src=\"https:\/\/www.radiopiu.net\/wordpress\/wp-content\/uploads\/2023\/07\/Arte-e-Musica_-Stefano_Rattini-150x150.jpg\" class=\"attachment-thumbnail size-thumbnail\" alt=\"\" \/><\/a>\n\t\t\t\t<\/dt><\/dl><dl class='gallery-item'>\n\t\t\t\t<dt class='gallery-icon landscape'>\n\t\t\t\t\t<a class=\"rollover rollover-zoom dt-pswp-item\" title=\"Overland\" data-dt-img-description=\"\" data-large_image_width=\"1250\" data-large_image_height=\"832\"href='https:\/\/www.radiopiu.net\/wordpress\/wp-content\/uploads\/2023\/07\/Overland.jpg'><img loading=\"lazy\" decoding=\"async\" width=\"150\" height=\"150\" src=\"https:\/\/www.radiopiu.net\/wordpress\/wp-content\/uploads\/2023\/07\/Overland-150x150.jpg\" class=\"attachment-thumbnail size-thumbnail\" alt=\"\" \/><\/a>\n\t\t\t\t<\/dt><\/dl><br style=\"clear: both\" \/>\n\t\t\t<\/div>\n\n<p>&nbsp;<\/p>\n<hr \/>\n<p>&nbsp;<\/p>\n<blockquote>\n<h3><a class=\"dt-pswp-item\" href=\"https:\/\/www.radiopiu.net\/wordpress\/wp-content\/uploads\/2023\/07\/SCR-20230714-stid.png\" data-dt-img-description=\"\" data-large_image_width=\"1264\" data-large_image_height=\"944\"><img loading=\"lazy\" decoding=\"async\" class=\" wp-image-344140 alignleft\" src=\"https:\/\/www.radiopiu.net\/wordpress\/wp-content\/uploads\/2023\/07\/SCR-20230714-stid-300x224.png\" alt=\"\" width=\"212\" height=\"158\" srcset=\"https:\/\/www.radiopiu.net\/wordpress\/wp-content\/uploads\/2023\/07\/SCR-20230714-stid-300x224.png 300w, https:\/\/www.radiopiu.net\/wordpress\/wp-content\/uploads\/2023\/07\/SCR-20230714-stid-1024x765.png 1024w, https:\/\/www.radiopiu.net\/wordpress\/wp-content\/uploads\/2023\/07\/SCR-20230714-stid-768x574.png 768w, https:\/\/www.radiopiu.net\/wordpress\/wp-content\/uploads\/2023\/07\/SCR-20230714-stid.png 1264w\" sizes=\"auto, (max-width: 212px) 100vw, 212px\" \/><\/a>LA PASTASCIUTTA ANTIFASCISTA<\/h3>\n<\/blockquote>\n<p><strong>CESIOMAGGIORE<\/strong><\/p>\n<p>di Roberto Bona<\/p>\n<audio class=\"wp-audio-shortcode\" id=\"audio-344996-10\" preload=\"none\" style=\"width: 100%;\" controls=\"controls\"><source type=\"audio\/mpeg\" src=\"https:\/\/www.radiopiu.net\/wordpress\/wp-content\/uploads\/2023\/07\/BONA-PASTASCIUTTA-ANTIFASCISTA-25-LUGLIO.mp3?_=10\" \/><a href=\"https:\/\/www.radiopiu.net\/wordpress\/wp-content\/uploads\/2023\/07\/BONA-PASTASCIUTTA-ANTIFASCISTA-25-LUGLIO.mp3\">https:\/\/www.radiopiu.net\/wordpress\/wp-content\/uploads\/2023\/07\/BONA-PASTASCIUTTA-ANTIFASCISTA-25-LUGLIO.mp3<\/a><\/audio>\n<p>&nbsp;<\/p>\n<hr \/>\n<p>&nbsp;<\/p>\n<h2><span style=\"color: #ff0000;\">GLI APPUNTAMENTI DELLA SETTIMANA\u00a0<\/span><\/h2>\n<blockquote>\n<h3>CONCERTO DI MUSICA ANTICA ALLA CHIESA DI SAN SIMON<\/h3>\n<\/blockquote>\n<p><strong>VALLADA <\/strong>Un luogo stupendo per una serata speciale: questa sera alle 21, la bellissima chiesa monumentale di San Simon di Vallada Agordina, collocata sul Colle Celent\u00f2ne, ospiter\u00e0 infatti un concerto di musica antica con protagonisti il Maestro e polistrumentista Mauro Occhionero e l&#8217;organista Luca Scandali. Un appuntamento che permetter\u00e0 quindi di unire la magia delle sette note alla bellezza di questo luogo dichiarato Monumento Nazionale Italiano dal lontano 1877 per la sua rilevanza storica e culturale, oltre che ovviamente religiosa.<\/p>\n<blockquote>\n<h3>LA SANTA MESSA AL COL DE SAN LUGAN<\/h3>\n<\/blockquote>\n<p><strong>TAIBON<\/strong> Domani alle 10:30 al Col De San Lugan in Valle di San Lucano verr\u00e0 celebrata la Santa Messa. Pranzo al sacco.<\/p>\n<p>&nbsp;<\/p>\n<blockquote>\n<h3>LA STUA, DOVE RINASCE LO STUDIO BALLIS<\/h3>\n<\/blockquote>\n<p><strong>ALLEGHE<\/strong> Domani alle 18 in Corso Venezia a Masare&#8217;, Laura Ballis con Vico Calabro&#8217; e Giovanni Sogne inaugura il nuovo studio d&#8217;arte &#8220;La Stua&#8221;, rinato dopo la tempesta Vaia dell&#8217;autunno 2018.<\/p>\n<p>&nbsp;<\/p>\n<blockquote>\n<h3>LA TESI DI LAUREA DI MASSIMO CANDURA<\/h3>\n<\/blockquote>\n<p><strong>CANALE D&#8217;AGORDO<\/strong> Domani alle 21 in Sala Lina Zand\u00f2 di Canale D&#8217;Agordo l&#8217;incontro con l&#8217;On. Massimo Candura che presentar\u00e0 la sua tesi di laurea dal titolo &#8220;La diplomazia del sorriso, la politica estera di Papa Luciani&#8221;<\/p>\n<blockquote>\n<h3><\/h3>\n<h3>L&#8217;ESTATE DEI MERCATINI AD AGORDO<\/h3>\n<\/blockquote>\n<p><strong>AGORDO<\/strong> Tornano i mercatini d&#8217;estate ad Agordo. Il primo appuntamento domenica 23 luglio dalle 6 alle 19 sul Broi di Agordo con il mercatino dell&#8217;antiquariato. Per informazioni 349 3984682<\/p>\n<p>&nbsp;<\/p>\n<blockquote>\n<h3>BEER FEST A FORCELLA AURINE<\/h3>\n<\/blockquote>\n<p><strong>GOSALDO <\/strong>Pomeriggio di festa a Forcella Aurine domenica con il Beer Fest in occasione della Sali E Scendi, terza tappa della Corri Poi<\/p>\n<p>&nbsp;<\/p>\n<blockquote>\n<h3>DOMANI AD AGORDO SERATA COVER<\/h3>\n<\/blockquote>\n<p><strong>AGORDO<\/strong> Domani sera al Bar delle Bocce, zona impianti sportivi (campi di tennis-piscina) Tributo a Vasco Rossi e Luciano Ligabue.<\/p>\n<blockquote>\n<h3><\/h3>\n<h3>LE VISITE GUIDATE CON L&#8217;ASSOCIAZIONE CAMPEDEL<\/h3>\n<\/blockquote>\n<p><strong>BELLUNO<\/strong> A partire da domenica prossima e per tutti i pomeriggi domenicali fino al 3 settembre la chiesa di San Pietro, con i suoi chiostri e le sue cappelle, sar\u00e0 aperta ai visitatori dalle 15.30 alle 18.00. Si ripete cos\u00ec l&#8217;ormai classica iniziativa dell&#8217;associazione Campedel e del Seminario Gregoriano che propongono percorsi guidati tra i capolavori di pittura, scultura e architettura dell&#8217;omonimo complesso religioso del centro storico.<\/p>\n<p>&nbsp;<\/p>\n<blockquote>\n<h3>DOMENICA CON IL CAI DI AGORDO AL CORNO NERO, GRUPPO LATEMAR<\/h3>\n<\/blockquote>\n<p><strong>AGORDO\u00a0<\/strong> Piacevole escursione ad anello che dalle praterie del Passo Oclini raggiunge la sommit\u00e0 del Corno Nero, monte che prende il nome dal colore delle sue rocce scure di quarzi porfirici e fa da contrasto al vicino Corno Bianco composto da Dolomia. Una salita senza grandi difficolt\u00e0, ma non banale con i suoi ripidi versanti e aeree creste erbose. Ampia la vista che si gode dalla cima. <strong>Info 380 6983040<\/strong><\/p>\n<p>&nbsp;<\/p>\n<h2><span style=\"color: #ff0000;\">PROSSIMAMENTE&#8230;\u00a0<\/span><\/h2>\n<blockquote>\n<h3>LA PASTASCIUTTA ANTIFASCISTA A BUSCHE<\/h3>\n<\/blockquote>\n<p><strong>CESIOMAGGIORE<\/strong> Sar\u00e0 Busche ad ospitare la pastasciutta antifascista 2023. Marted\u00ec 25 luglio a partire dalle 14:30 inizia la festa. Alle 15 lo spettacolo di burattini, alle 16 Fast Fashion con gli studenti di Rete Studenti Medi, a seguire il convegno dal titolo &#8220;Democratica, Artificiale e Intelligente?&#8221;. Alle 19:15 si pranza con la pastasciutta gratuita per tutti e musica con Sandro Del Luca e Nelson Salton. Organizzano SPI CGIL, Comune di Cesiomaggiore e Ulss 1 Dolomiti.<\/p>\n<p>&nbsp;<\/p>\n<blockquote>\n<h3>UN CHIACCHIERATA CON TONI CAPUOZZO<\/h3>\n<\/blockquote>\n<p><strong>FONZASO<\/strong> Mercoled\u00ec alle 20 al britot del Dolomiti Hub sar\u00e0 ospite il giornalista Mediaset Toni Capuozzo. Racconter\u00e0 la sua esperienza di inviato di guerra e di scrittore.<\/p>\n<p>&nbsp;<\/p>\n<p>&nbsp;<\/p>\n<p><strong>GIOVEDI A COLLE SANTA LUCIA IL SECONDO APPUNTAMENTO CON L&#8217;ASSOCIAZIONE TURISTICA COLLE SANTA LUCIA.\u00a0 MATTEO RIGHETTO DIALOGA CON ANNIBALE SALA, ANTROPOLOGO E CONOSCITORE DELLE ALPI.\u00a0<\/strong><\/p>\n<p><span style=\"color: #ff0000;\">LO SPOT ALLA RADIO<\/span><\/p>\n<audio class=\"wp-audio-shortcode\" id=\"audio-344996-11\" preload=\"none\" style=\"width: 100%;\" controls=\"controls\"><source type=\"audio\/mpeg\" src=\"https:\/\/www.radiopiu.net\/wordpress\/wp-content\/uploads\/2023\/07\/SECONDO-APPUNTAMENTO-COLLE.mp3?_=11\" \/><a href=\"https:\/\/www.radiopiu.net\/wordpress\/wp-content\/uploads\/2023\/07\/SECONDO-APPUNTAMENTO-COLLE.mp3\">https:\/\/www.radiopiu.net\/wordpress\/wp-content\/uploads\/2023\/07\/SECONDO-APPUNTAMENTO-COLLE.mp3<\/a><\/audio>\n<p>&nbsp;<\/p>\n<p>&nbsp;<\/p>\n<p>&nbsp;<\/p>\n<blockquote>\n<h3>TALK CRISTIANO AD AGORDO<\/h3>\n<p><strong>L&#8217;INVITO DI CRISTINA<\/strong><\/p>\n<audio class=\"wp-audio-shortcode\" id=\"audio-344996-12\" preload=\"none\" style=\"width: 100%;\" controls=\"controls\"><source type=\"audio\/mpeg\" src=\"https:\/\/www.radiopiu.net\/wordpress\/wp-content\/uploads\/2023\/07\/CRISTINA.mp3?_=12\" \/><a href=\"https:\/\/www.radiopiu.net\/wordpress\/wp-content\/uploads\/2023\/07\/CRISTINA.mp3\">https:\/\/www.radiopiu.net\/wordpress\/wp-content\/uploads\/2023\/07\/CRISTINA.mp3<\/a><\/audio><\/blockquote>\n<p><strong>AGORDO<\/strong> Domenica 30 luglio alle 18 al Centro Parrocchiale di Agordo un incontro dal titolo &#8220;Talk Cristiano, il significato della crocifissione di Ges\u00f9 Cristo<\/p>\n<p>&nbsp;<\/p>\n<blockquote>\n<h3>IL CORSO DI CALLIGRAFIA IN VAL DI ZOLDO<\/h3>\n<\/blockquote>\n<p><strong>VAL DI ZOLDO<\/strong><\/p>\n<p>Tra le proposte estive della Val di Zoldo c\u2019\u00e8 anche il Corso di Calligrafia &#8211; \u00c8 bello scrivere \u2013 che sar\u00e0 tenuto\u00a0 dalla prof. Anna Schettin, docente di Calligrafia e Lettering, sabato 29 e domenica 30 luglio, a Pieve di Zoldo. Per informazioni telefonare al numero 333 358 7405.<\/p>\n<p>&nbsp;<\/p>\n<p>&nbsp;<\/p>\n<hr \/>\n<p>&nbsp;<\/p>\n<blockquote>\n<h3>APERITIVO ? MA MAI SENZA MUSICA<\/h3>\n<\/blockquote>\n<p><a class=\"dt-pswp-item\" href=\"https:\/\/www.radiopiu.net\/wordpress\/wp-content\/uploads\/2023\/07\/d86dbc06-7161-49d4-b544-90770e85269f.jpg\" data-dt-img-description=\"\" data-large_image_width=\"1448\" data-large_image_height=\"2048\"><img loading=\"lazy\" decoding=\"async\" class=\" wp-image-342766 alignleft\" src=\"https:\/\/www.radiopiu.net\/wordpress\/wp-content\/uploads\/2023\/07\/d86dbc06-7161-49d4-b544-90770e85269f-212x300.jpg\" alt=\"\" width=\"133\" height=\"189\" srcset=\"https:\/\/www.radiopiu.net\/wordpress\/wp-content\/uploads\/2023\/07\/d86dbc06-7161-49d4-b544-90770e85269f-212x300.jpg 212w, https:\/\/www.radiopiu.net\/wordpress\/wp-content\/uploads\/2023\/07\/d86dbc06-7161-49d4-b544-90770e85269f-724x1024.jpg 724w, https:\/\/www.radiopiu.net\/wordpress\/wp-content\/uploads\/2023\/07\/d86dbc06-7161-49d4-b544-90770e85269f-768x1086.jpg 768w, https:\/\/www.radiopiu.net\/wordpress\/wp-content\/uploads\/2023\/07\/d86dbc06-7161-49d4-b544-90770e85269f-1086x1536.jpg 1086w, https:\/\/www.radiopiu.net\/wordpress\/wp-content\/uploads\/2023\/07\/d86dbc06-7161-49d4-b544-90770e85269f.jpg 1448w\" sizes=\"auto, (max-width: 133px) 100vw, 133px\" \/><\/a>Dimentica la routine, concediti un momento di relax e divertimento con amici e familiari. L&#8217;aperitivo in musica all&#8217;Hotel Stella Alpina in piazza a Falcade \u00e8 l&#8217;occasione perfetta per socializzare e creare ricordi preziosi.Ogni venerd\u00ec di luglio ed agosto, l&#8217;Hotel Stella Alpina vi accoglie per una serata di puro divertimento, dalle 18 alle 21. I\u00a0venerdi di luglio ed agosto allo Stella alpina, appuntamento con la buona musica e le specialit\u00e0 che sapranno deliziarvi il palato. INFO 0437 599046. <a class=\"moz-txt-link-abbreviated\" href=\"http:\/\/WWW.HOTEL\">WWW.HOTEL<\/a> STELLA ALPINA . COM<br \/>\n<strong>OGGI<\/strong> IL RITORNO DEI JPM, saranno serviti PANINI CON PORCHETTA E SALSA COLESLAW<\/p>\n<p><strong>VENERDI 28 LUGLIO<\/strong> GLI OROPURO IN CONCERTO e piatto misto di pesce<\/p>\n<p><strong>VENERDI 4 AGOSTO<\/strong> SMILE IN CONCERTO\u00a0 e tacos con pulled pork fatti in casa<\/p>\n<p>&nbsp;<\/p>\n<p>&nbsp;<\/p>\n<hr \/>\n<p>&nbsp;<\/p>\n<blockquote>\n<h3>APERTE LE VISITE ALLA CHIESA DI CELAT E ALLE LATTERIE DELLA VALLE DEL BIOIS<\/h3>\n<\/blockquote>\n\n\t\t\t<style type='text\/css'>\n\t\t\t\t#gallery-9 {\n\t\t\t\t\tmargin: auto;\n\t\t\t\t}\n\t\t\t\t#gallery-9 .gallery-item {\n\t\t\t\t\tfloat: left;\n\t\t\t\t\tmargin-top: 10px;\n\t\t\t\t\ttext-align: center;\n\t\t\t\t\twidth: 33%;\n\t\t\t\t}\n\t\t\t\t#gallery-9 img {\n\t\t\t\t\tborder: 2px solid #cfcfcf;\n\t\t\t\t}\n\t\t\t\t#gallery-9 .gallery-caption {\n\t\t\t\t\tmargin-left: 0;\n\t\t\t\t}\n\t\t\t\t\/* see gallery_shortcode() in wp-includes\/media.php *\/\n\t\t\t<\/style>\n\t\t<div id='gallery-9' class='dt-gallery-container gallery galleryid-344996 gallery-columns-3 gallery-size-thumbnail'><dl class='gallery-item'>\n\t\t\t\t<dt class='gallery-icon portrait'>\n\t\t\t\t\t<a class=\"rollover rollover-zoom dt-pswp-item\" title=\"Apertura chiesa di Celat\" data-dt-img-description=\"\" data-large_image_width=\"1240\" data-large_image_height=\"1754\"href='https:\/\/www.radiopiu.net\/wordpress\/wp-content\/uploads\/2023\/07\/Apertura-chiesa-di-Celat.jpg'><img loading=\"lazy\" decoding=\"async\" width=\"150\" height=\"150\" src=\"https:\/\/www.radiopiu.net\/wordpress\/wp-content\/uploads\/2023\/07\/Apertura-chiesa-di-Celat-150x150.jpg\" class=\"attachment-thumbnail size-thumbnail\" alt=\"\" \/><\/a>\n\t\t\t\t<\/dt><\/dl><dl class='gallery-item'>\n\t\t\t\t<dt class='gallery-icon landscape'>\n\t\t\t\t\t<a class=\"rollover rollover-zoom dt-pswp-item\" title=\"Pieghevole Latterie storiche Valle del Biois\" data-dt-img-description=\"\" data-large_image_width=\"1754\" data-large_image_height=\"1240\"href='https:\/\/www.radiopiu.net\/wordpress\/wp-content\/uploads\/2023\/07\/Pieghevole-Latterie-storiche-Valle-del-Biois.jpg'><img loading=\"lazy\" decoding=\"async\" width=\"150\" height=\"150\" src=\"https:\/\/www.radiopiu.net\/wordpress\/wp-content\/uploads\/2023\/07\/Pieghevole-Latterie-storiche-Valle-del-Biois-150x150.jpg\" class=\"attachment-thumbnail size-thumbnail\" alt=\"\" \/><\/a>\n\t\t\t\t<\/dt><\/dl><dl class='gallery-item'>\n\t\t\t\t<dt class='gallery-icon landscape'>\n\t\t\t\t\t<a class=\"rollover rollover-zoom dt-pswp-item\" title=\"Pieghevole Latterie storiche Valle del Biois 2\" data-dt-img-description=\"\" data-large_image_width=\"1754\" data-large_image_height=\"1240\"href='https:\/\/www.radiopiu.net\/wordpress\/wp-content\/uploads\/2023\/07\/Pieghevole-Latterie-storiche-Valle-del-Biois-2.jpg'><img loading=\"lazy\" decoding=\"async\" width=\"150\" height=\"150\" src=\"https:\/\/www.radiopiu.net\/wordpress\/wp-content\/uploads\/2023\/07\/Pieghevole-Latterie-storiche-Valle-del-Biois-2-150x150.jpg\" class=\"attachment-thumbnail size-thumbnail\" alt=\"\" \/><\/a>\n\t\t\t\t<\/dt><\/dl><br style=\"clear: both\" \/>\n\t\t\t<\/div>\n\n<p>&nbsp;<\/p>\n<p>&nbsp;<\/p>\n<div class=\"message spoilers-container\" dir=\"auto\">\n<div class=\"column\">\n<div class=\"message spoilers-container\" dir=\"auto\">\n<div class=\"column\">\n<hr \/>\n<p>&nbsp;<\/p>\n<p><img loading=\"lazy\" decoding=\"async\" class=\"aligncenter wp-image-61954 size-full\" src=\"https:\/\/www.radiopiu.net\/wordpress\/wp-content\/uploads\/2018\/09\/viabilita.jpeg\" sizes=\"auto, (max-width: 800px) 100vw, 800px\" srcset=\"https:\/\/www.radiopiu.net\/wordpress\/wp-content\/uploads\/2018\/09\/viabilita.jpeg 800w, https:\/\/www.radiopiu.net\/wordpress\/wp-content\/uploads\/2018\/09\/viabilita-300x38.jpeg 300w, https:\/\/www.radiopiu.net\/wordpress\/wp-content\/uploads\/2018\/09\/viabilita-768x96.jpeg 768w\" alt=\"\" width=\"800\" height=\"100\" \/><\/p>\n<\/div>\n<\/div>\n<div class=\"message spoilers-container\" dir=\"auto\">\n<div class=\"column\">\n<p>&nbsp;<\/p>\n<\/div>\n<\/div>\n<\/div>\n<\/div>\n<blockquote class=\"wp-embedded-content\" data-secret=\"WWLF3nyMCP\"><p><a href=\"https:\/\/www.radiopiu.net\/wordpress\/viabilita\/\">viabilita<\/a><\/p><\/blockquote>\n<p><iframe loading=\"lazy\" class=\"wp-embedded-content\" sandbox=\"allow-scripts\" security=\"restricted\" style=\"position: absolute; clip: rect(1px, 1px, 1px, 1px);\" title=\"&#8220;viabilita&#8221; &#8212; Radio Pi\u00f9\" src=\"https:\/\/www.radiopiu.net\/wordpress\/viabilita\/embed\/#?secret=qmHVTN8czv#?secret=WWLF3nyMCP\" data-secret=\"WWLF3nyMCP\" width=\"600\" height=\"338\" frameborder=\"0\" marginwidth=\"0\" marginheight=\"0\" scrolling=\"no\"><\/iframe><\/p>\n<div class=\"message spoilers-container\" dir=\"auto\">\n<div class=\"column\">\n<div class=\"message spoilers-container\" dir=\"auto\">\n<div class=\"column\">\n<div>\n<div dir=\"ltr\">\n<div class=\"gmail_quote\">\n<div dir=\"ltr\">\n<div><\/div>\n<div>\n<hr \/>\n<\/div>\n<div><a class=\"dt-pswp-item\" href=\"https:\/\/www.radiopiu.net\/wordpress\/wp-content\/uploads\/2023\/06\/07493af4-f8e1-4ce3-bb99-e0a40362939f.jpg\" data-dt-img-description=\"\" data-large_image_width=\"1417\" data-large_image_height=\"1481\"><img loading=\"lazy\" decoding=\"async\" class=\"wp-image-339869 aligncenter\" src=\"https:\/\/www.radiopiu.net\/wordpress\/wp-content\/uploads\/2023\/06\/07493af4-f8e1-4ce3-bb99-e0a40362939f-980x1024.jpg\" alt=\"\" width=\"382\" height=\"399\" srcset=\"https:\/\/www.radiopiu.net\/wordpress\/wp-content\/uploads\/2023\/06\/07493af4-f8e1-4ce3-bb99-e0a40362939f-980x1024.jpg 980w, https:\/\/www.radiopiu.net\/wordpress\/wp-content\/uploads\/2023\/06\/07493af4-f8e1-4ce3-bb99-e0a40362939f-287x300.jpg 287w, https:\/\/www.radiopiu.net\/wordpress\/wp-content\/uploads\/2023\/06\/07493af4-f8e1-4ce3-bb99-e0a40362939f-768x803.jpg 768w, https:\/\/www.radiopiu.net\/wordpress\/wp-content\/uploads\/2023\/06\/07493af4-f8e1-4ce3-bb99-e0a40362939f.jpg 1417w\" sizes=\"auto, (max-width: 382px) 100vw, 382px\" \/><\/a><\/div>\n<div><\/div>\n<\/div>\n<\/div>\n<\/div>\n<\/div>\n<hr \/>\n<p>&nbsp;<\/p>\n<p><a class=\"dt-pswp-item\" href=\"https:\/\/www.radiopiu.net\/wordpress\/wp-content\/uploads\/2018\/09\/WhatsApp-Image-2018-09-20-at-16.04.06.jpeg\" data-dt-img-description=\"\" data-large_image_width=\"800\" data-large_image_height=\"100\"><img loading=\"lazy\" decoding=\"async\" class=\"wp-image-61378 size-full aligncenter\" src=\"https:\/\/www.radiopiu.net\/wordpress\/wp-content\/uploads\/2018\/09\/WhatsApp-Image-2018-09-20-at-16.04.06.jpeg\" alt=\"\" width=\"800\" height=\"100\" srcset=\"https:\/\/www.radiopiu.net\/wordpress\/wp-content\/uploads\/2018\/09\/WhatsApp-Image-2018-09-20-at-16.04.06.jpeg 800w, https:\/\/www.radiopiu.net\/wordpress\/wp-content\/uploads\/2018\/09\/WhatsApp-Image-2018-09-20-at-16.04.06-300x38.jpeg 300w, https:\/\/www.radiopiu.net\/wordpress\/wp-content\/uploads\/2018\/09\/WhatsApp-Image-2018-09-20-at-16.04.06-768x96.jpeg 768w\" sizes=\"auto, (max-width: 800px) 100vw, 800px\" \/><\/a><\/p>\n<\/div>\n<\/div>\n<div class=\"message spoilers-container\" dir=\"auto\">\n<p>&nbsp;<\/p>\n<p><center><\/center><center><b>OGGI<\/b><\/center><b>Tempo atteso: <\/b>Variabile a tratti instabile con annuvolamenti pi\u00f9 consistenti rispetto ai giorni precedenti alternati ad alcune schiarite.<br \/>\n<b>Precipitazioni: <\/b>Gi\u00e0 dalla notte e per tutta la giornata, a fasi alterne, saranno possibili dei rovesci e temporali sparsi (60\/80%), un p\u00f2 pi\u00f9 probabili nella notte e fino al primo mattino e dalle ore centrali e nel pomeriggio\/sera. Non escluso ancora qualche fenomeno intenso specie sui settori Prealpini e pedemontani (grandine, forti raffiche di vento e forti rovesci).<br \/>\n<b>Temperature: <\/b>Temperature in generale ulteriore lieve calo.<\/p>\n<hr \/>\n<p><center><b>DOMANI<\/b><\/center><b>Tempo atteso: <\/b>Fino a met\u00e0 pomeriggio variabile a tratti instabile con cielo irregolarmente nuvoloso. Da met\u00e0 pomeriggio tendenza a schiarite via via pi\u00f9 ampie fino a poco nuvoloso in serata.<br \/>\n<b>Precipitazioni: <\/b>Fino a met\u00e0 pomeriggio, a tratti, probabili rovesci o isolati temporali (50-70 %) specie su Prealpi.<br \/>\n<b>Temperature: <\/b>Temperature in ulteriore generale calo<\/p>\n<hr \/>\n<p><center><b>DOMENICA<\/b><\/center>Tempo un p\u00f2 pi\u00f9 stabile con ampie schiarite alternate a qualche annuvolamento specie nel pomeriggio. Bassa ma non del tutto esclusa la possibilit\u00e0 di un rovescio nel pomeriggio. Temperature minime in calo, massime in aumento.<\/p>\n<hr \/>\n<p><center><b>LUNEDI<\/b><\/center>Al mattino poco nuvoloso poi generale aumento della nuvolosit\u00e0 dalle ore centrali e nel pomeriggio assieme alla probabilit\u00e0 di rovesci e temporali sparsi. Temperature stazionarie o in lieve aumento.<\/p>\n<p>&nbsp;<\/p>\n<\/div>\n<div class=\"message spoilers-container\" dir=\"auto\">\n<hr \/>\n<p>&nbsp;<\/p>\n<p><a class=\"dt-pswp-item\" href=\"https:\/\/www.radiopiu.net\/wordpress\/wp-content\/uploads\/2018\/09\/sport.jpg\" data-dt-img-description=\"\" data-large_image_width=\"800\" data-large_image_height=\"100\"><img loading=\"lazy\" decoding=\"async\" class=\"aligncenter wp-image-60761 size-full\" src=\"https:\/\/www.radiopiu.net\/wordpress\/wp-content\/uploads\/2018\/09\/sport.jpg\" alt=\"\" width=\"800\" height=\"100\" srcset=\"https:\/\/www.radiopiu.net\/wordpress\/wp-content\/uploads\/2018\/09\/sport.jpg 800w, https:\/\/www.radiopiu.net\/wordpress\/wp-content\/uploads\/2018\/09\/sport-300x38.jpg 300w, https:\/\/www.radiopiu.net\/wordpress\/wp-content\/uploads\/2018\/09\/sport-768x96.jpg 768w\" sizes=\"auto, (max-width: 800px) 100vw, 800px\" \/><\/a><\/p>\n<\/div>\n<div class=\"message spoilers-container\" dir=\"auto\">\n<p>&nbsp;<\/p>\n<blockquote>\n<h3>PRESENTATO IL GIRO DEL LAGO DI SANTA CROCE<\/h3>\n<\/blockquote>\n<p><strong>ALPAGO<\/strong>\u00a0 Il Giro del Lago di Santa Croce \u00e8 una manifestazione sportiva che si svolger\u00e0 il 20 agosto a Puos d&#8217;Alpago. Comprende una prova di ciclismo, podismo, handybike, roller e una camminata, senza classifiche poich\u00e9 promuove la solidariet\u00e0. L&#8217;iscrizione costa 8 euro, devoluti in beneficenza a organizzazioni di assistenza ai malati terminali oncologici, malati gravi e famiglie con malati di Alzheimer. Le iscrizioni saranno anticipate rispetto al passato, con la possibilit\u00e0 di aderire presso i negozi Decathlon e in loco a Puos d&#8217;Alpago. La maglietta di quest&#8217;anno \u00e8 disegnata dall&#8217;artista Laura Fongaro e porta il logo della Fondazione Vajont in occasione del 60\u00ba anniversario del disastro. Per maggiori dettagli, \u00e8 possibile consultare il sito <a href=\"http:\/\/www.2ruotealpago.it\/\" target=\"_new\" rel=\"noopener\">www.2ruotealpago.it<\/a>.<\/p>\n\n\t\t\t<style type='text\/css'>\n\t\t\t\t#gallery-10 {\n\t\t\t\t\tmargin: auto;\n\t\t\t\t}\n\t\t\t\t#gallery-10 .gallery-item {\n\t\t\t\t\tfloat: left;\n\t\t\t\t\tmargin-top: 10px;\n\t\t\t\t\ttext-align: center;\n\t\t\t\t\twidth: 33%;\n\t\t\t\t}\n\t\t\t\t#gallery-10 img {\n\t\t\t\t\tborder: 2px solid #cfcfcf;\n\t\t\t\t}\n\t\t\t\t#gallery-10 .gallery-caption {\n\t\t\t\t\tmargin-left: 0;\n\t\t\t\t}\n\t\t\t\t\/* see gallery_shortcode() in wp-includes\/media.php *\/\n\t\t\t<\/style>\n\t\t<div id='gallery-10' class='dt-gallery-container gallery galleryid-344996 gallery-columns-3 gallery-size-thumbnail'><dl class='gallery-item'>\n\t\t\t\t<dt class='gallery-icon landscape'>\n\t\t\t\t\t<a class=\"rollover rollover-zoom dt-pswp-item\" title=\"presentazione giro 20 luglio 2023 provincia bl\" data-dt-img-description=\"\" data-large_image_width=\"2040\" data-large_image_height=\"1360\"href='https:\/\/www.radiopiu.net\/wordpress\/wp-content\/uploads\/2023\/07\/presentazione-giro-20-luglio-2023-provincia-bl.jpeg'><img loading=\"lazy\" decoding=\"async\" width=\"150\" height=\"150\" src=\"https:\/\/www.radiopiu.net\/wordpress\/wp-content\/uploads\/2023\/07\/presentazione-giro-20-luglio-2023-provincia-bl-150x150.jpeg\" class=\"attachment-thumbnail size-thumbnail\" alt=\"\" \/><\/a>\n\t\t\t\t<\/dt><\/dl><dl class='gallery-item'>\n\t\t\t\t<dt class='gallery-icon landscape'>\n\t\t\t\t\t<a class=\"rollover rollover-zoom dt-pswp-item\" title=\"presentazione 20 luglio 2023\" data-dt-img-description=\"\" data-large_image_width=\"1600\" data-large_image_height=\"1200\"href='https:\/\/www.radiopiu.net\/wordpress\/wp-content\/uploads\/2023\/07\/presentazione-20-luglio-2023.jpeg'><img loading=\"lazy\" decoding=\"async\" width=\"150\" height=\"150\" src=\"https:\/\/www.radiopiu.net\/wordpress\/wp-content\/uploads\/2023\/07\/presentazione-20-luglio-2023-150x150.jpeg\" class=\"attachment-thumbnail size-thumbnail\" alt=\"\" \/><\/a>\n\t\t\t\t<\/dt><\/dl><dl class='gallery-item'>\n\t\t\t\t<dt class='gallery-icon portrait'>\n\t\t\t\t\t<a class=\"rollover rollover-zoom dt-pswp-item\" title=\"disegno maglietta giro lago 2023\" data-dt-img-description=\"\" data-large_image_width=\"1530\" data-large_image_height=\"2040\"href='https:\/\/www.radiopiu.net\/wordpress\/wp-content\/uploads\/2023\/07\/disegno-maglietta-giro-lago-2023.jpeg'><img loading=\"lazy\" decoding=\"async\" width=\"150\" height=\"150\" src=\"https:\/\/www.radiopiu.net\/wordpress\/wp-content\/uploads\/2023\/07\/disegno-maglietta-giro-lago-2023-150x150.jpeg\" class=\"attachment-thumbnail size-thumbnail\" alt=\"\" \/><\/a>\n\t\t\t\t<\/dt><\/dl><br style=\"clear: both\" \/>\n\t\t\t<\/div>\n\n<p>&nbsp;<\/p>\n<p><span style=\"color: #0000ff;\"><strong>MOTORI\u00a0<\/strong><\/span><\/p>\n<blockquote>\n<h3>VIA LIBERA ALLA 49ESIMA ALPE DEL NEVEGAL<\/h3>\n<\/blockquote>\n<p>BELLUNO<\/p>\n<p>DI ROBERTO BONA<\/p>\n<audio class=\"wp-audio-shortcode\" id=\"audio-344996-13\" preload=\"none\" style=\"width: 100%;\" controls=\"controls\"><source type=\"audio\/mpeg\" src=\"https:\/\/www.radiopiu.net\/wordpress\/wp-content\/uploads\/2023\/07\/AlpeSpettacoli-1.mp3?_=13\" \/><a href=\"https:\/\/www.radiopiu.net\/wordpress\/wp-content\/uploads\/2023\/07\/AlpeSpettacoli-1.mp3\">https:\/\/www.radiopiu.net\/wordpress\/wp-content\/uploads\/2023\/07\/AlpeSpettacoli-1.mp3<\/a><\/audio>\n<p>&nbsp;<\/p>\n\n\t\t\t<style type='text\/css'>\n\t\t\t\t#gallery-11 {\n\t\t\t\t\tmargin: auto;\n\t\t\t\t}\n\t\t\t\t#gallery-11 .gallery-item {\n\t\t\t\t\tfloat: left;\n\t\t\t\t\tmargin-top: 10px;\n\t\t\t\t\ttext-align: center;\n\t\t\t\t\twidth: 20%;\n\t\t\t\t}\n\t\t\t\t#gallery-11 img {\n\t\t\t\t\tborder: 2px solid #cfcfcf;\n\t\t\t\t}\n\t\t\t\t#gallery-11 .gallery-caption {\n\t\t\t\t\tmargin-left: 0;\n\t\t\t\t}\n\t\t\t\t\/* see gallery_shortcode() in wp-includes\/media.php *\/\n\t\t\t<\/style>\n\t\t<div id='gallery-11' class='dt-gallery-container gallery galleryid-344996 gallery-columns-5 gallery-size-thumbnail'><dl class='gallery-item'>\n\t\t\t\t<dt class='gallery-icon landscape'>\n\t\t\t\t\t<a class=\"rollover rollover-zoom dt-pswp-item\" title=\"794e548d-4477-4a50-a3db-1335a181c8a8\" data-dt-img-description=\"\" data-large_image_width=\"1100\" data-large_image_height=\"733\"href='https:\/\/www.radiopiu.net\/wordpress\/wp-content\/uploads\/2023\/07\/794e548d-4477-4a50-a3db-1335a181c8a8.jpg'><img loading=\"lazy\" decoding=\"async\" width=\"150\" height=\"150\" src=\"https:\/\/www.radiopiu.net\/wordpress\/wp-content\/uploads\/2023\/07\/794e548d-4477-4a50-a3db-1335a181c8a8-150x150.jpg\" class=\"attachment-thumbnail size-thumbnail\" alt=\"\" \/><\/a>\n\t\t\t\t<\/dt><\/dl><dl class='gallery-item'>\n\t\t\t\t<dt class='gallery-icon landscape'>\n\t\t\t\t\t<a class=\"rollover rollover-zoom dt-pswp-item\" title=\"6b99f83b-2307-4e0b-893e-ebe1a9dc46c8\" data-dt-img-description=\"\" data-large_image_width=\"1100\" data-large_image_height=\"733\"href='https:\/\/www.radiopiu.net\/wordpress\/wp-content\/uploads\/2023\/07\/6b99f83b-2307-4e0b-893e-ebe1a9dc46c8.jpg'><img loading=\"lazy\" decoding=\"async\" width=\"150\" height=\"150\" src=\"https:\/\/www.radiopiu.net\/wordpress\/wp-content\/uploads\/2023\/07\/6b99f83b-2307-4e0b-893e-ebe1a9dc46c8-150x150.jpg\" class=\"attachment-thumbnail size-thumbnail\" alt=\"\" \/><\/a>\n\t\t\t\t<\/dt><\/dl><dl class='gallery-item'>\n\t\t\t\t<dt class='gallery-icon landscape'>\n\t\t\t\t\t<a class=\"rollover rollover-zoom dt-pswp-item\" title=\"d4f1dbd0-80f4-4517-ad2d-7a36865f4076\" data-dt-img-description=\"\" data-large_image_width=\"1600\" data-large_image_height=\"900\"href='https:\/\/www.radiopiu.net\/wordpress\/wp-content\/uploads\/2023\/07\/d4f1dbd0-80f4-4517-ad2d-7a36865f4076.jpg'><img loading=\"lazy\" decoding=\"async\" width=\"150\" height=\"150\" src=\"https:\/\/www.radiopiu.net\/wordpress\/wp-content\/uploads\/2023\/07\/d4f1dbd0-80f4-4517-ad2d-7a36865f4076-150x150.jpg\" class=\"attachment-thumbnail size-thumbnail\" alt=\"\" \/><\/a>\n\t\t\t\t<\/dt><\/dl><dl class='gallery-item'>\n\t\t\t\t<dt class='gallery-icon landscape'>\n\t\t\t\t\t<a class=\"rollover rollover-zoom dt-pswp-item\" title=\"54dbfcdd-30fc-460b-8bc5-5aba0041ab4c\" data-dt-img-description=\"\" data-large_image_width=\"1600\" data-large_image_height=\"900\"href='https:\/\/www.radiopiu.net\/wordpress\/wp-content\/uploads\/2023\/07\/54dbfcdd-30fc-460b-8bc5-5aba0041ab4c.jpg'><img loading=\"lazy\" decoding=\"async\" width=\"150\" height=\"150\" src=\"https:\/\/www.radiopiu.net\/wordpress\/wp-content\/uploads\/2023\/07\/54dbfcdd-30fc-460b-8bc5-5aba0041ab4c-150x150.jpg\" class=\"attachment-thumbnail size-thumbnail\" alt=\"\" \/><\/a>\n\t\t\t\t<\/dt><\/dl><dl class='gallery-item'>\n\t\t\t\t<dt class='gallery-icon landscape'>\n\t\t\t\t\t<a class=\"rollover rollover-zoom dt-pswp-item\" title=\"82cf2255-1b59-4a00-ad38-c28fff52530d\" data-dt-img-description=\"\" data-large_image_width=\"1600\" data-large_image_height=\"900\"href='https:\/\/www.radiopiu.net\/wordpress\/wp-content\/uploads\/2023\/07\/82cf2255-1b59-4a00-ad38-c28fff52530d.jpg'><img loading=\"lazy\" decoding=\"async\" width=\"150\" height=\"150\" src=\"https:\/\/www.radiopiu.net\/wordpress\/wp-content\/uploads\/2023\/07\/82cf2255-1b59-4a00-ad38-c28fff52530d-150x150.jpg\" class=\"attachment-thumbnail size-thumbnail\" alt=\"\" \/><\/a>\n\t\t\t\t<\/dt><\/dl><br style=\"clear: both\" \/>\n\t\t\t<\/div>\n\n<p>&nbsp;<\/p>\n<p>&nbsp;<\/p>\n<p><span style=\"color: #0000ff;\"><strong>\u00a0CORSA IN MONTAGNA\u00a0<\/strong><\/span><\/p>\n<blockquote>\n<h3>LE CONFERME DEI BIG PER LA VERTICAL DI DOMENICA<\/h3>\n<\/blockquote>\n<p><strong><img loading=\"lazy\" decoding=\"async\" class=\"aligncenter\" src=\"https:\/\/www.radiopiu.net\/wordpress\/wp-content\/uploads\/2023\/07\/vertikal-col-de-lana.jpg\" width=\"339\" height=\"225\" \/><\/strong><\/p>\n<p>&nbsp;<\/p>\n<p><strong>LIVINALLONGO<\/strong><\/p>\n<p><strong>LORENZO SORATROI<\/strong><\/p>\n<audio class=\"wp-audio-shortcode\" id=\"audio-344996-14\" preload=\"none\" style=\"width: 100%;\" controls=\"controls\"><source type=\"audio\/mpeg\" src=\"https:\/\/www.radiopiu.net\/wordpress\/wp-content\/uploads\/2023\/07\/VERTICAL-I-BIG.mp3?_=14\" \/><a href=\"https:\/\/www.radiopiu.net\/wordpress\/wp-content\/uploads\/2023\/07\/VERTICAL-I-BIG.mp3\">https:\/\/www.radiopiu.net\/wordpress\/wp-content\/uploads\/2023\/07\/VERTICAL-I-BIG.mp3<\/a><\/audio>\n<p>&nbsp;<\/p>\n<hr \/>\n<blockquote>\n<blockquote>\n<h3><a class=\"dt-pswp-item\" href=\"https:\/\/www.radiopiu.net\/wordpress\/wp-content\/uploads\/2023\/07\/2577adbd-b306-46fc-a351-43adfac3f7e7-300x225-1.jpg\" data-dt-img-description=\"\" data-large_image_width=\"300\" data-large_image_height=\"225\"><img loading=\"lazy\" decoding=\"async\" class=\"wp-image-344607 alignleft\" src=\"https:\/\/www.radiopiu.net\/wordpress\/wp-content\/uploads\/2023\/07\/2577adbd-b306-46fc-a351-43adfac3f7e7-300x225-1.jpg\" alt=\"\" width=\"160\" height=\"120\" \/><\/a>10 SETTEMBRE, LA 16 COMUNI. PERCORSI DA PROVARE<\/h3>\n<\/blockquote>\n<p><strong>DI GIANNI SANTOMASO<\/strong><\/p>\n<audio class=\"wp-audio-shortcode\" id=\"audio-344996-15\" preload=\"none\" style=\"width: 100%;\" controls=\"controls\"><source type=\"audio\/mpeg\" src=\"https:\/\/www.radiopiu.net\/wordpress\/wp-content\/uploads\/2023\/07\/GIANNI-16-COMUNI.mp3?_=15\" \/><a href=\"https:\/\/www.radiopiu.net\/wordpress\/wp-content\/uploads\/2023\/07\/GIANNI-16-COMUNI.mp3\">https:\/\/www.radiopiu.net\/wordpress\/wp-content\/uploads\/2023\/07\/GIANNI-16-COMUNI.mp3<\/a><\/audio>\n<p>&nbsp;<\/p>\n<p>&nbsp;<\/p>\n<hr \/>\n<\/blockquote>\n<blockquote>\n<h3 class=\"entry-title\">TORNA LA CORRINVALLE IN VALLE DI SAN LUCANO<\/h3>\n<\/blockquote>\n<p><strong class=\"photoswipe-wrapper\"><a class=\"dt-pswp-item pspw-wrap-ready\" href=\"https:\/\/www.radiopiu.net\/wordpress\/wp-content\/uploads\/2023\/07\/corrinvale.png\" data-dt-img-description=\"\" data-large_image_width=\"531\" data-large_image_height=\"413\"><img loading=\"lazy\" decoding=\"async\" class=\" wp-image-343629 alignleft\" src=\"https:\/\/www.radiopiu.net\/wordpress\/wp-content\/uploads\/2023\/07\/corrinvale-300x233.png\" sizes=\"auto, (max-width: 150px) 100vw, 150px\" srcset=\"https:\/\/www.radiopiu.net\/wordpress\/wp-content\/uploads\/2023\/07\/corrinvale-300x233.png 300w, https:\/\/www.radiopiu.net\/wordpress\/wp-content\/uploads\/2023\/07\/corrinvale.png 531w\" alt=\"\" width=\"150\" height=\"117\" \/><\/a>TAIBON<\/strong>\u00a0La Corrinvalle torna in valle di San Lucano. In occasione della Festa di San Lucano, i Gruppo sportivo Taibon organizza la corsa podistica non competitiva di 6 km con partenza dal Campo Sportivo di Taibon e arrivo al tendone della sagra dietro alla chiesetta in Valle di San Lucano. Gran finale con le premiazioni e pasta party. Iscrizioni in loco dalle 16:30 alle 17:15 comprensiva di gadget e buono pasto. Per l\u2019occasione \u00e8 in programma anche la MiniCorrinvalle, la gara dedicata ai pi\u00f9 giovani, nati dal 2012 in poi. Via alle 18:30 su un tracciato di 1,5 km su percorso ad anello. Iscrizioni al tendone dalle 17:45.<\/p>\n<p>&nbsp;<\/p>\n<p>&nbsp;<\/p>\n<hr \/>\n<h2><strong><a class=\"dt-pswp-item\" href=\"https:\/\/www.radiopiu.net\/wordpress\/wp-content\/uploads\/2023\/07\/aa5024c2-1438-4e37-9257-6a00c9e780d8.jpg\" data-dt-img-description=\"\" data-large_image_width=\"1024\" data-large_image_height=\"768\"><img loading=\"lazy\" decoding=\"async\" class=\" wp-image-344557 alignleft\" src=\"https:\/\/www.radiopiu.net\/wordpress\/wp-content\/uploads\/2023\/07\/aa5024c2-1438-4e37-9257-6a00c9e780d8-300x225.jpg\" alt=\"\" width=\"168\" height=\"126\" srcset=\"https:\/\/www.radiopiu.net\/wordpress\/wp-content\/uploads\/2023\/07\/aa5024c2-1438-4e37-9257-6a00c9e780d8-300x225.jpg 300w, https:\/\/www.radiopiu.net\/wordpress\/wp-content\/uploads\/2023\/07\/aa5024c2-1438-4e37-9257-6a00c9e780d8-768x576.jpg 768w, https:\/\/www.radiopiu.net\/wordpress\/wp-content\/uploads\/2023\/07\/aa5024c2-1438-4e37-9257-6a00c9e780d8.jpg 1024w\" sizes=\"auto, (max-width: 168px) 100vw, 168px\" \/><\/a><\/strong><span style=\"color: #99cc00;\">DOMENICA LA SALI E SCENDI A FORCELLA AURINE<\/span><\/h2>\n<p><strong>REDAZIONE<\/strong> Domenica la terza tappa della Corri Poi a Forcella Aurine con la Sali e Scendi. Ne abbiamo parlato con Morgan Gnech del Progetto Desma e con Michele Costantini organizzatore della corsa podistica.<\/p>\n<p><strong>L&#8217;INTERVISTA ALLA RADIO<\/strong><\/p>\n<audio class=\"wp-audio-shortcode\" id=\"audio-344996-16\" preload=\"none\" style=\"width: 100%;\" controls=\"controls\"><source type=\"audio\/mpeg\" src=\"https:\/\/www.radiopiu.net\/wordpress\/wp-content\/uploads\/2023\/07\/SALI-E-SCENDI-FORCELLA-AURINE-MORGAN-E-MICHELE.mp3?_=16\" \/><a href=\"https:\/\/www.radiopiu.net\/wordpress\/wp-content\/uploads\/2023\/07\/SALI-E-SCENDI-FORCELLA-AURINE-MORGAN-E-MICHELE.mp3\">https:\/\/www.radiopiu.net\/wordpress\/wp-content\/uploads\/2023\/07\/SALI-E-SCENDI-FORCELLA-AURINE-MORGAN-E-MICHELE.mp3<\/a><\/audio>\n<p>&nbsp;<\/p>\n<hr \/>\n<blockquote>\n<h3>LA TRANSPELMO E&#8217; SOLD OUT<\/h3>\n<\/blockquote>\n<p><strong><a class=\"dt-pswp-item\" href=\"https:\/\/www.radiopiu.net\/wordpress\/wp-content\/uploads\/2021\/09\/transpelmo-2019.jpg\" data-dt-img-description=\"\" data-large_image_width=\"1900\" data-large_image_height=\"1267\"><img loading=\"lazy\" decoding=\"async\" class=\" wp-image-230612 alignleft\" src=\"https:\/\/www.radiopiu.net\/wordpress\/wp-content\/uploads\/2021\/09\/transpelmo-2019-300x200.jpg\" alt=\"\" width=\"161\" height=\"107\" srcset=\"https:\/\/www.radiopiu.net\/wordpress\/wp-content\/uploads\/2021\/09\/transpelmo-2019-300x200.jpg 300w, https:\/\/www.radiopiu.net\/wordpress\/wp-content\/uploads\/2021\/09\/transpelmo-2019-1024x683.jpg 1024w, https:\/\/www.radiopiu.net\/wordpress\/wp-content\/uploads\/2021\/09\/transpelmo-2019-768x512.jpg 768w, https:\/\/www.radiopiu.net\/wordpress\/wp-content\/uploads\/2021\/09\/transpelmo-2019-1536x1024.jpg 1536w, https:\/\/www.radiopiu.net\/wordpress\/wp-content\/uploads\/2021\/09\/transpelmo-2019.jpg 1900w\" sizes=\"auto, (max-width: 161px) 100vw, 161px\" \/><\/a>VAL DI ZOLDO <\/strong>\u00c8 di nuovo sold out per Transpelmo, la skyrace del Monte Pelmo in programma a P\u00e9col di Val di Zoldo (Dolomiti Bellunesi) domenica 3 settembre e valida quale finale italiana del circuito Golden Trail National Series by Salomon. Dopo che a inizio luglio erano stati acquistati tutti i 900 pettorali disponibili, il comitato organizzatore aveva messo a disposizione ulteriori 100 pettorali. Anche questi sono andati esauriti, nel giro di pochi giorni. A questo punto le iscrizioni sono chiuse definitivamente. Rimangono disponibili esclusivamente i pettorali ad invito (20) e quelli per i top runner. Questi ultimi, per poter partecipare a Transpelmo 2023, dovranno inoltrare una richiesta all\u2019indirizzo <a href=\"mailto:elite@transpelmo.com\">elite@transpelmo.com<\/a><\/p>\n<p>&nbsp;<\/p>\n<hr \/>\n<p><span style=\"color: #0000ff;\"><strong>PALLAVOLO<\/strong><\/span><\/p>\n<blockquote>\n<h3>ELIA FRACCARO PROMOSSO IN PRIMA SQUADRA DEL BELLUNO VOLLEY<\/h3>\n<\/blockquote>\n<p><strong><a class=\"dt-pswp-item\" href=\"https:\/\/www.radiopiu.net\/wordpress\/wp-content\/uploads\/2023\/07\/Fraccaro_secondo_libero.jpg\" data-dt-img-description=\"\" data-large_image_width=\"568\" data-large_image_height=\"810\"><img loading=\"lazy\" decoding=\"async\" class=\" wp-image-345000 alignleft\" src=\"https:\/\/www.radiopiu.net\/wordpress\/wp-content\/uploads\/2023\/07\/Fraccaro_secondo_libero-210x300.jpg\" alt=\"\" width=\"93\" height=\"133\" srcset=\"https:\/\/www.radiopiu.net\/wordpress\/wp-content\/uploads\/2023\/07\/Fraccaro_secondo_libero-210x300.jpg 210w, https:\/\/www.radiopiu.net\/wordpress\/wp-content\/uploads\/2023\/07\/Fraccaro_secondo_libero.jpg 568w\" sizes=\"auto, (max-width: 93px) 100vw, 93px\" \/><\/a>BELLUNO <\/strong>Coltivare con cura il vivaio nell\u2019intento di promuovere i ragazzi meritevoli in prima squadra. Una condivisibile filosofia di pensiero? Beh, nel caso del caso Belluno Volley \u00e8 anche una realt\u00e0 che trova riscontro nei fatti ed \u00e8 impastata di concretezza. Perch\u00e9, in vista della stagione 2023-2024, far\u00e0 parte della rosa di A3 un giovane cresciuto nella \u201ccantera\u201d dolomitica: Elia Fraccaro.<span class=\"gmail-Apple-converted-space\">\u00a0<\/span>Diciotto anni compiuti il 19 maggio scorso, Elia vestir\u00e0 la maglia di libero: \u00abMi gratifica il fatto che il lavoro svolto in passato sia servito come bagaglio per approdare in prima squadra. Peraltro, con il club della mia citt\u00e0: sono contento e pronto a impegnarmi in questa nuova avventura\u00bb. Fino alla scorsa primavera, Fraccaro calcava i parquet di serie D. Il passaggio in A3 rappresenta una sorpresa? Fino a un certo punto: \u00abGi\u00e0 l\u2019anno scorso ho avuto la possibilit\u00e0 di allenarmi e prendere parte a una trasferta insieme al gruppo dei grandi. E qualcuno, in quell\u2019occasione, mi aveva parlato di una simile eventualit\u00e0. Ma la conferma ufficiale \u00e8 un&#8217;emozione indescrivibile\u00bb.<span class=\"gmail-Apple-converted-space\">\u00a0<\/span><\/p>\n<p>&nbsp;<\/p>\n<p>&nbsp;<\/p>\n<\/div>\n<\/div>\n<\/div>\n","protected":false},"excerpt":{"rendered":"<p>40esimo di RADIOPIU\u2026. LA VOCE DELL\u2019EMOZIONE ISCRIVITI AL NOSTRO CANALE\u00a0\u00a0YOUTUBE PER SEGUIRE IN DIRETTA I PRINCIPALI PROGRAMMI DI RADIO PIU\u2019 E LE FUTURE DIRETTE IN ESTERNA. PER ISCRIVERTI\u00a0CLICCA QUI\u00a0E PREMI\u00a0 \u201cIscriviti\u201d LUNEDI\u00a0 dalle 9 a fine lavori potrebbe mancare l&#8217;acqua a GOSALDO nelle localit\u00e0 DOMADORE, FAUSTIN, TITELE, LONGHI, SARESIN, CIET, MARCHET, LA COSTA, MASOCH, PETTE,&hellip;<\/p>\n","protected":false},"author":4,"featured_media":345130,"comment_status":"closed","ping_status":"closed","sticky":false,"template":"","format":"standard","meta":{"_monsterinsights_skip_tracking":false,"_monsterinsights_sitenote_active":false,"_monsterinsights_sitenote_note":"","_monsterinsights_sitenote_category":0,"footnotes":""},"categories":[51,86,49],"tags":[],"class_list":["post-344996","post","type-post","status-publish","format-standard","has-post-thumbnail","hentry","category-evidenza-top","category-gr","category-news-18","category-51","category-86","category-49","description-off"],"img_url":"https:\/\/www.radiopiu.net\/wordpress\/wp-content\/uploads\/2023\/07\/536ac07a-a78e-4c70-ae90-407319969a9f.jpg","_links":{"self":[{"href":"https:\/\/www.radiopiu.net\/wordpress\/wp-json\/wp\/v2\/posts\/344996","targetHints":{"allow":["GET"]}}],"collection":[{"href":"https:\/\/www.radiopiu.net\/wordpress\/wp-json\/wp\/v2\/posts"}],"about":[{"href":"https:\/\/www.radiopiu.net\/wordpress\/wp-json\/wp\/v2\/types\/post"}],"author":[{"embeddable":true,"href":"https:\/\/www.radiopiu.net\/wordpress\/wp-json\/wp\/v2\/users\/4"}],"replies":[{"embeddable":true,"href":"https:\/\/www.radiopiu.net\/wordpress\/wp-json\/wp\/v2\/comments?post=344996"}],"version-history":[{"count":0,"href":"https:\/\/www.radiopiu.net\/wordpress\/wp-json\/wp\/v2\/posts\/344996\/revisions"}],"wp:featuredmedia":[{"embeddable":true,"href":"https:\/\/www.radiopiu.net\/wordpress\/wp-json\/wp\/v2\/media\/345130"}],"wp:attachment":[{"href":"https:\/\/www.radiopiu.net\/wordpress\/wp-json\/wp\/v2\/media?parent=344996"}],"wp:term":[{"taxonomy":"category","embeddable":true,"href":"https:\/\/www.radiopiu.net\/wordpress\/wp-json\/wp\/v2\/categories?post=344996"},{"taxonomy":"post_tag","embeddable":true,"href":"https:\/\/www.radiopiu.net\/wordpress\/wp-json\/wp\/v2\/tags?post=344996"}],"curies":[{"name":"wp","href":"https:\/\/api.w.org\/{rel}","templated":true}]}}